{"id":20901,"date":"2020-02-17T21:14:06","date_gmt":"2020-02-18T00:14:06","guid":{"rendered":"http:\/\/webdelmaestrocmf.com\/portal\/?p=20901"},"modified":"2020-02-18T10:10:42","modified_gmt":"2020-02-18T13:10:42","slug":"diez-rasgos-delatan-al-maltratador-psicologico","status":"publish","type":"post","link":"https:\/\/webdelmaestrocmf.com\/portal\/diez-rasgos-delatan-al-maltratador-psicologico\/","title":{"rendered":"Rasgos que delatan al maltratador psicol\u00f3gico"},"content":{"rendered":"<h5 style=\"text-align: justify;\">Existe un tipo de violencia sorda, muda, invisible en la que se hace sufrir a la v\u00edctima mediante la culpabilizaci\u00f3n o desvalorizaci\u00f3n aprovechando el cari\u00f1o que \u00e9sta siente hacia su agresor: el maltrato psicol\u00f3gico.<\/h5>\n<h5 style=\"text-align: justify;\">Desafortunadamente, el maltrato es una fen\u00f3meno que puede ocurrir en las relaciones interpersonales, ya sea de pareja, familiar o entre compa\u00f1eros de la escuela (<strong><span style=\"text-decoration: underline;\"><a href=\"http:\/\/bit.ly\/2lKXdym\" target=\"_blank\" rel=\"noopener noreferrer\">bullying<\/a><\/span><\/strong>) o de trabajo (<strong><span style=\"text-decoration: underline;\"><a href=\"http:\/\/webdelmaestrocmf.com\/portal\/sabes-que-es-el-mobbing\/\" target=\"_blank\" rel=\"noopener noreferrer\">mobbing<\/a><\/span><\/strong>).<\/h5>\n<p><!--more--><\/p>\n<p style=\"text-align: justify;\">Compartimos con fines educativos &#8211; pastorales la publicaci\u00f3n de <strong>Jennifer Delgado Su\u00e1rez <\/strong>para el <strong>Blog Rinc\u00f3n de la Psicolog\u00eda<\/strong> en donde resalta\u00a0<strong>10 rasgos que delatan al maltratador psicol\u00f3gico.\u00a0<\/strong>Este material puede ser de mucha ayuda para identificar a personas con este perfil (alumnos, padres o colegas) y poder ayudarlos\u00a0.<\/p>\n<h2 class=\"post-title entry-title\" style=\"text-align: left;\">Perfil del maltratador psicol\u00f3gico: 10 rasgos que le delatan<\/h2>\n<p style=\"text-align: justify;\">Nadie est\u00e1 exento del maltrato psicol\u00f3gico. Cualquier persona puede encajar dentro del perfil del maltratador psicol\u00f3gico ya que no se recurre a la violencia f\u00edsica sino al maltrato emocional.<\/p>\n<p style=\"text-align: justify;\">Al tratarse de una forma de violencia m\u00e1s sutil, que normalmente proviene de las personas m\u00e1s cercanas, como la pareja, un familiar o los amigos, es m\u00e1s dif\u00edcil de detectar y frenar. Por eso podemos vernos enredados en sus redes sin apenas darnos cuenta.<\/p>\n<h5><b>\u00bfQu\u00e9 es el maltrato psicol\u00f3gico y cu\u00e1les son sus secuelas?<\/b><\/h5>\n<p style=\"text-align: justify;\">El maltrato psicol\u00f3gico es un patr\u00f3n regular de ofensas verbales, amenazas, intimidaci\u00f3n y cr\u00edticas constantes, as\u00ed como t\u00e1cticas m\u00e1s sutiles de intimidaci\u00f3n, verg\u00fcenza y manipulaci\u00f3n.<\/p>\n<p style=\"text-align: justify;\">El maltratador psicol\u00f3gico recurre a estas t\u00e1cticas para controlar y dominar a su v\u00edctima. El problema es que, si bien el abuso emocional no deja heridas visibles como el maltrato f\u00edsico, sus huellas no son menos dolorosas.<\/p>\n<p><img loading=\"lazy\" decoding=\"async\" class=\"alignnone size-full wp-image-44429\" src=\"https:\/\/webdelmaestrocmf.com\/portal\/wp-content\/uploads\/2017\/07\/1-3.jpeg\" alt=\"\" width=\"900\" height=\"900\" srcset=\"https:\/\/webdelmaestrocmf.com\/portal\/wp-content\/uploads\/2017\/07\/1-3.jpeg 900w, https:\/\/webdelmaestrocmf.com\/portal\/wp-content\/uploads\/2017\/07\/1-3-300x300.jpeg 300w, https:\/\/webdelmaestrocmf.com\/portal\/wp-content\/uploads\/2017\/07\/1-3-150x150.jpeg 150w, https:\/\/webdelmaestrocmf.com\/portal\/wp-content\/uploads\/2017\/07\/1-3-768x768.jpeg 768w, https:\/\/webdelmaestrocmf.com\/portal\/wp-content\/uploads\/2017\/07\/1-3-80x80.jpeg 80w, https:\/\/webdelmaestrocmf.com\/portal\/wp-content\/uploads\/2017\/07\/1-3-110x110.jpeg 110w, https:\/\/webdelmaestrocmf.com\/portal\/wp-content\/uploads\/2017\/07\/1-3-200x200.jpeg 200w, https:\/\/webdelmaestrocmf.com\/portal\/wp-content\/uploads\/2017\/07\/1-3-380x380.jpeg 380w, https:\/\/webdelmaestrocmf.com\/portal\/wp-content\/uploads\/2017\/07\/1-3-255x255.jpeg 255w, https:\/\/webdelmaestrocmf.com\/portal\/wp-content\/uploads\/2017\/07\/1-3-550x550.jpeg 550w, https:\/\/webdelmaestrocmf.com\/portal\/wp-content\/uploads\/2017\/07\/1-3-800x800.jpeg 800w\" sizes=\"auto, (max-width: 900px) 100vw, 900px\" \/><\/p>\n<p style=\"text-align: justify;\">En un estudio realizado en las universidades de McGill, Minnesota y Rochester se analizaron a 2.300 ni\u00f1os con edades comprendidas entre los 5 y 13 a\u00f1os, a quienes les dieron seguimiento durante un periodo de casi 30 a\u00f1os. Los investigadores descubrieron que el maltrato psicol\u00f3gico dejaba huellas tan profundas como la violencia f\u00edsica. Los ni\u00f1os que hab\u00edan sido v\u00edctimas del maltrato emocional presentaban los mismos problemas psicol\u00f3gicos que los peque\u00f1os que hab\u00edan recibido castigos f\u00edsicos.<\/p>\n<p style=\"text-align: justify;\">Otra investigaci\u00f3n realizada en la\u00a0<i>Charit\u00e9 University Medicine Berlin,<\/i>\u00a0llevada a cabo en 51 mujeres con edades comprendidas entre los 18 y 45 a\u00f1os, desvel\u00f3 que el abuso f\u00edsico y el maltrato psicol\u00f3gico dejan huellas diferentes en el cerebro.<\/p>\n<p style=\"text-align: justify;\">El maltrato emocional deja cicatrices en las regiones asociadas con la comprensi\u00f3n y el control de las emociones, as\u00ed como en las \u00e1reas vinculadas con el reconocimiento y la respuesta a los sentimientos de los dem\u00e1s. Son \u00e1reas de la corteza prefrontal y el l\u00f3bulo temporal medial que normalmente se activan cuando se les pide a las personas que piensen en s\u00ed mismas o reflexionen sobre sus emociones<\/p>\n<p style=\"text-align: justify;\">Estas zonas del cerebro se vuelven m\u00e1s finas, lo cual se debe a que, para poder lidiar con las abrumadoras experiencias de angustia, el cerebro altera los patrones de se\u00f1alizaci\u00f3n de las \u00e1reas involucradas, reduciendo su nivel de conectividad. En otras palabras, es como si fuera desconectando paulatinamente esas zonas del cerebro.<\/p>\n<p style=\"text-align: justify;\">Como resultado de ese adelgazamiento de la corteza cerebral, las v\u00edctimas del maltrato psicol\u00f3gico son m\u00e1s propensas a padecer depresi\u00f3n, tener cambios bruscos de humor y mostrar respuestas emocionales m\u00e1s extremas. Estas personas van perdiendo la capacidad para reflexionar sobre s\u00ed mismas y encontrar la manera m\u00e1s adecuada de hacerle frente a las emociones. Esto las sume en una espiral negativa que las deja a\u00fan m\u00e1s vulnerables ante el maltrato psicol\u00f3gico.<\/p>\n<h5 style=\"text-align: justify;\"><b>\u00bfC\u00faal es el perfil del maltratador psicol\u00f3gico?<\/b><\/h5>\n<p style=\"text-align: justify;\">En el imaginario popular se ha asociado la imagen del maltratador psicol\u00f3gico con la del hombre debido a que este normalmente incurre en comportamientos m\u00e1s violentos. Sin embargo, es importante tener en cuenta que dado que el maltrato emocional no es f\u00edsico sino que implica una jerarqu\u00eda de poder y una relaci\u00f3n de sumisi\u00f3n emocional, las mujeres tambi\u00e9n pueden asumir el rol de acosadoras. De hecho, los principales rasgos del perfil del maltratador psicol\u00f3gico no var\u00edan seg\u00fan el g\u00e9nero.<\/p>\n<h5 style=\"text-align: justify;\"><b>1. Son intolerantes<\/b><\/h5>\n<p style=\"text-align: justify;\">El maltratador psicol\u00f3gico suele ser una persona r\u00edgida e intolerante, que no respeta las opiniones y decisiones de los dem\u00e1s. Normalmente se trata de una persona llena de prejuicios y estereotipos que suele reaccionar de manera agresiva cuando algo no corresponde con sus planes y expectativas.<\/p>\n<h5 style=\"text-align: justify;\"><b>2. Son muy autoritarios y controladores<\/b><\/h5>\n<p style=\"text-align: justify;\">Uno de los problemas del maltratador psicol\u00f3gico es que piensa que solo su manera de pensar y hacer las cosas es la correcta, por lo que los dem\u00e1s deben someterse a su voluntad. Si no le obedecen se enfada, aunque no tenga raz\u00f3n. Obviamente, esta persona no est\u00e1 abierta al di\u00e1logo porque cree que solo existe una verdad: la suya. Todo lo que no encaje en su manera de ver el mundo simplemente est\u00e1 mal. Como resultado, intentar\u00e1 controlar a todos, llegando a provocar una asfixia emocional.<\/p>\n<p><a href=\"http:\/\/webdelmaestrocmf.com\/portal\/wp-content\/uploads\/2017\/07\/Maltrato-psicol\u00f3gico2.jpg\"><img loading=\"lazy\" decoding=\"async\" class=\"aligncenter wp-image-20895\" src=\"http:\/\/webdelmaestrocmf.com\/portal\/wp-content\/uploads\/2017\/07\/Maltrato-psicol\u00f3gico2.jpg\" alt=\"\" width=\"917\" height=\"435\" \/><\/a><\/p>\n<h5 style=\"text-align: justify;\"><b>3. Tienen un pensamiento de \u201ctodo o nada\u201d<\/b><\/h5>\n<p style=\"text-align: justify;\">Los maltratadores psicol\u00f3gicos suelen ver la vida en blanco y negro, no contemplan los colores y ni siquiera aceptan que existen tonalidades de grises. Para ellos no hay t\u00e9rminos medios, las cosas est\u00e1n bien o mal, lo cual les lleva a desarrollar un pensamiento extremadamente r\u00edgido que dificulta sus relaciones con los dem\u00e1s y les conduce a continuos enfrentamientos.<\/p>\n<h5 style=\"text-align: justify;\"><b>4. Son especialistas en la manipulaci\u00f3n emocional<\/b><\/h5>\n<p style=\"text-align: justify;\">Estas personas recurren al\u00a0chantaje emocional\u00a0para manipular a sus v\u00edctimas y obtener lo que desean. Pueden fingir que est\u00e1n enfermas si con ello sacan alg\u00fan provecho pero tambi\u00e9n pueden culpabilizar al otro o incluso generar miedo. Su objetivo es desestabilizar a la v\u00edctima desde el punto de vista emocional, para presentarse luego como su \u00fanica tabla de salvaci\u00f3n, de manera que esta termina en sus manos pr\u00e1cticamente sin darse cuenta.<\/p>\n<h5 style=\"text-align: justify;\"><b>5. Son encantadores, al menos al inicio<\/b><\/h5>\n<p style=\"text-align: justify;\">Es muy dif\u00edcil descubrir el perfil de un maltratador psicol\u00f3gico porque al principio esta persona se muestra encantadora y detallista. Sabe muy bien como ocultar su verdadero \u201cyo\u201d, hasta que su v\u00edctima gana confianza y le muestra sus debilidades emocionales. Entonces pondr\u00e1 en marcha su comportamiento destructivo y controlador.<\/p>\n<h5 style=\"text-align: justify;\"><b>6. Son muy cr\u00edticos pero muy poco autocr\u00edticos<\/b><\/h5>\n<p style=\"text-align: justify;\">Dado que el maltratador psicol\u00f3gico es una persona muy r\u00edgida, no encaja bien las cr\u00edticas. Asume cualquier cosa como un ataque personal, por lo que reaccionar\u00e1 defendi\u00e9ndose. Suele ser hipersensible y se ofende con facilidad. Sin embargo, no duda en criticar a los dem\u00e1s, y a menudo utiliza cr\u00edticas destructivas ya que su objetivo no es ayudar a crecer al otro sino hacer que se sienta mal para poder someterlo. Tambi\u00e9n es usual que pague sus errores, las cr\u00edticas recibidas o un mal d\u00eda con los dem\u00e1s, descargando su frustraci\u00f3n en los otros, que se convierten en su saco de boxeo.<\/p>\n<p><a href=\"http:\/\/webdelmaestrocmf.com\/portal\/wp-content\/uploads\/2017\/07\/Maltrato-psicol\u00f3gico.jpg\"><img loading=\"lazy\" decoding=\"async\" class=\"aligncenter wp-image-20894\" src=\"http:\/\/webdelmaestrocmf.com\/portal\/wp-content\/uploads\/2017\/07\/Maltrato-psicol\u00f3gico.jpg\" alt=\"\" width=\"913\" height=\"433\" \/><\/a><\/p>\n<h5 style=\"text-align: justify;\"><b>7. Sufren labilidad emocional<\/b><\/h5>\n<p style=\"text-align: justify;\">El maltratador psicol\u00f3gico no se caracteriza precisamente por su gran autoconocimiento, por lo que reacciona emocionalmente de manera muy intensa. Podr\u00edamos catalogarlo como un\u00a0analfabeto emocional\u00a0ya que tiene un escaso conocimiento y control sobre sus emociones. El problema es que quienes est\u00e1n a su lado viven en una cuerda floja ya que esta persona puede pasar r\u00e1pidamente de estar de buen humor y mostrarse agradable a sentirse irritado y profundamente enfadado. No saber qu\u00e9 se puede esperar genera una enorme incertidumbre y ansiedad en quienes le rodean.<\/p>\n<h5 style=\"text-align: justify;\"><b>8. Tienen una baja autoestima<\/b><\/h5>\n<p style=\"text-align: justify;\">El maltratador psicol\u00f3gico brinda una imagen de fuerza pero en realidad la utiliza para esconder su baja autoestima. Esta persona somete a los dem\u00e1s para sentirse importante pero a menudo su comportamiento agresivo o manipulador es solo una fachada para esconder una profunda inseguridad. Esa es la verdadera raz\u00f3n por la cual reaccionan tan mal cuando le critican o se\u00f1alan un error que ha cometido.<\/p>\n<h5 style=\"text-align: justify;\"><b>9. Son insensibles<\/b><\/h5>\n<p style=\"text-align: justify;\">Estas personas no suelen ser muy emp\u00e1ticas, no se ponen en el lugar de la v\u00edctima sino que asumen una visi\u00f3n egoc\u00e9ntrica y hasta ego\u00edsta de la situaci\u00f3n en la que solo les interesa salir ganadores. Esa insensibilidad es lo que les permite manipular y causar da\u00f1o a los dem\u00e1s sin sentirse culpables.<\/p>\n<h5 style=\"text-align: justify;\"><b>10. Hacen falsas promesas<\/b><\/h5>\n<p style=\"text-align: justify;\">Cuando el maltratador psicol\u00f3gico se da cuenta de que puede perder el control sobre su v\u00edctima, no tendr\u00e1 reparos en hacer falsas promesas. Es com\u00fan que prometa que cambiar\u00e1 su comportamiento pero nunca lo hace, simplemente porque no se lo propone de verdad. Esta persona no tiene reparos en mentir para alcanzar sus objetivos y no est\u00e1 dispuesta a cambiar su forma de ser para contentar a los dem\u00e1s o facilitarles la vida.<\/p>\n<h5><b>Los trastornos de personalidad m\u00e1s comunes en los maltratadores psicol\u00f3gicos<\/b><\/h5>\n<p style=\"text-align: justify;\">Existen algunos trastornos de personalidad o personalidades acentuadas estrechamente vinculados con el maltrato psicol\u00f3gico.<\/p>\n<ul>\n<li style=\"text-align: justify;\"><b>Trastorno de la personalidad narcisista.\u00a0<\/b>La persona tiene una percepci\u00f3n exagerada y grandiosa de s\u00ed misma, cree que merece la admiraci\u00f3n de los dem\u00e1s. Tiende a exagerar sus propios logros y piensa que tiene todos los derechos pero ning\u00fan deber. A menudo se comporta de manera arrogante y carece de empat\u00eda.<\/li>\n<li style=\"text-align: justify;\"><b>Trastorno de la personalidad antisocial.<\/b>\u00a0Esta persona muestra un patr\u00f3n de desprecio por los derechos de los dem\u00e1s y las reglas de la sociedad. No tiene reparos en mentir, recurrir a la violencia, traspasar las normas y las leyes y lo hace sin experimentar ning\u00fan tipo de remordimiento.<\/li>\n<li style=\"text-align: justify;\"><b>Trastorno de personalidad l\u00edmite.<\/b>\u00a0Esta persona suele involucrarse en relaciones intensas e inestables, sobre todo debido a sus constantes cambios de humor. El problema es que tiene un escaso control sobre sus impulsos, por lo que puede hacerse mucho da\u00f1o y da\u00f1ar a los dem\u00e1s. Es probable que se sienta vac\u00eda, se enoje con facilidad o desarrolle un perfil psicol\u00f3gico relacional marcado por la paranoia.<\/li>\n<\/ul>\n<h5><b>\u00bfLos maltratadores psicol\u00f3gicos son conscientes del da\u00f1o que causan?<\/b><\/h5>\n<p style=\"text-align: justify;\">Los maltratadores emocionales no siempre son plenamente conscientes del da\u00f1o que hacen a sus v\u00edctimas. En algunos casos estas personas adoptan esta forma de relacionarse porque es la \u00fanica que conocen, porque no poseen las herramientas psicol\u00f3gicas que necesitan para relacionarse de manera m\u00e1s asertiva. De hecho, es probable que durante su infancia hayan sido v\u00edctimas ellos mismos del maltrato emocional.<\/p>\n<p style=\"text-align: justify;\">Otros maltratadores s\u00ed son conscientes de los da\u00f1os que provocan, pero simplemente no les importa porque carecen de empat\u00eda y piensan que el fin justifica los medios. Estos maltratadores son a\u00fan m\u00e1s peligrosos puesto que normalmente no tienen l\u00edmites con tal de alcanzar sus objetivos.<\/p>\n<p style=\"text-align: justify;\">En cualquier caso, ya sea el maltratador consciente o no, la v\u00edctima debe tener claro que no es su culpa y que no debe soportar esa situaci\u00f3n. El maltrato psicol\u00f3gico tambi\u00e9n es violencia.<\/p>\n<h5 style=\"text-align: justify;\"><strong>Fuentes:<\/strong><\/h5>\n<ul>\n<li style=\"text-align: justify;\">Vachon, D. et. Al. (2015) Assessment of the Harmful Psychiatric and Behavioral Effects of Different Forms of Child Maltreatment.\u00a0<i>JAMA Psychiatry<\/i>; 72(11): 1135-1142.<\/li>\n<li style=\"text-align: justify;\">Heim, C. M. et. Al. (2013) Decreased cortical representation of genital somatosensory field after childhood sexual abuse.\u00a0<i>Am J Psychiatry<\/i>; 170(6): 616-623.<\/li>\n<\/ul>\n<p><strong>Este contenido ha sido publicado originalmente por Rinc\u00f3n de la Psicolog\u00eda en la siguiente direcci\u00f3n:\u00a0<a href=\"http:\/\/rinconpsicologia.com\" target=\"_blank\" rel=\"noopener noreferrer\">rinconpsicologia.com<\/a><\/strong><\/p>\n\t\t<div class=\"pk-inline-posts\">\n\t\t\t\n\t\t\t<div class=\"pk-inline-posts-container pk-inline-posts-template-list\"\n\t\t\t\tdata-columns=\"1\">\n\t\t\t\t\t\t<article id=\"post-118197\" class=\"post-118197 post type-post status-publish format-standard has-post-thumbnail category-bienestar-familiar category-pedagogia category-violencia tag-convivencia-escolar tag-crianza tag-educacion-emocional-2 tag-estudiantes tag-familia tag-intervencion tag-prevencion tag-rol-docente tag-salud-mental tag-violencia-escolar cs-entry cs-video-wrap\">\n\t\t\t<div class=\"pk-post-outer\">\n\n\t\t\t\t\t\t\t\t<div class=\"pk-post-inner\">\n\t\t\t\t\t<div class=\"entry-thumbnail\">\n\t\t\t\t\t\t<div class=\"pk-overlay pk-overlay-ratio pk-ratio-landscape\">\n\t\t\t\t\t\t\t<div class=\"pk-overlay-background\">\n\t\t\t\t\t\t\t\t<a href=\"https:\/\/webdelmaestrocmf.com\/portal\/tu-hijo-normaliza-la-violencia-y-habla-de-venganza-senales-que-pueden-escalar-y-como-actuar-a-tiempo\/\" class=\"pk-overlay-link\">\n\t\t\t\t\t\t\t\t\t<img loading=\"lazy\" decoding=\"async\" width=\"300\" height=\"225\" src=\"https:\/\/webdelmaestrocmf.com\/portal\/wp-content\/uploads\/2026\/04\/1AA-Banner-1-portada-imagen-10-1-copia-3-6-300x225.webp\" class=\"attachment-pk-thumbnail size-pk-thumbnail wp-post-image\" alt=\"\" \/>\t\t\t\t\t\t\t\t<\/a>\n\t\t\t\t\t\t\t<\/div>\n\t\t\t\t\t\t<\/div>\n\t\t\t\t\t<\/div>\n\t\t\t\t<\/div>\n\t\t\t\t\n\t\t\t\t<div class=\"pk-post-inner\">\n\t\t\t\t\t<header>\n\t\t\t\t\t\t<h3 class=\"pk-title\"><a href=\"https:\/\/webdelmaestrocmf.com\/portal\/tu-hijo-normaliza-la-violencia-y-habla-de-venganza-senales-que-pueden-escalar-y-como-actuar-a-tiempo\/\" rel=\"bookmark\">\u00bfTu hijo normaliza la violencia y habla de venganza? Estas son las se\u00f1ales que pueden escalar y c\u00f3mo actuar a tiempo<\/a><\/h3>\t\t\t\t\t<\/header><!-- .entry-header -->\n\t\t\t\t<\/div><!-- .post-inner -->\n\n\t\t\t<\/div><!-- .post-outer -->\n\t\t<\/article>\n\t\t\t\t<\/div>\n\t\t<\/div>\n\t\t\n","protected":false},"excerpt":{"rendered":"Existe un tipo de violencia sorda, muda, invisible en la que se hace sufrir a la v\u00edctima mediante&hellip;","protected":false},"author":1,"featured_media":44431,"comment_status":"open","ping_status":"open","sticky":false,"template":"","format":"standard","meta":{"csco_display_header_overlay":false,"csco_singular_sidebar":"default","csco_page_header_type":"default","csco_page_load_nextpost":"default","csco_post_video_location":[],"csco_post_video_location_hash":"","csco_post_video_url":"","csco_post_video_bg_start_time":0,"csco_post_video_bg_end_time":0,"csco_post_video_bg_volume":false,"_jetpack_memberships_contains_paid_content":false,"footnotes":""},"categories":[567,735,587],"tags":[2475,2546,2547,2545],"class_list":{"0":"post-20901","1":"post","2":"type-post","3":"status-publish","4":"format-standard","5":"has-post-thumbnail","7":"category-picologia","8":"category-pedagogia","9":"category-violencia","10":"tag-diez","11":"tag-maltratador","12":"tag-psicologico","13":"tag-rasgos","14":"cs-entry","15":"cs-video-wrap"},"yoast_head":"<!-- This site is optimized with the Yoast SEO plugin v27.5 - https:\/\/yoast.com\/product\/yoast-seo-wordpress\/ -->\n<title>Rasgos que delatan al maltratador psicol\u00f3gico<\/title>\n<meta name=\"description\" content=\"Desafortunadamente, el maltrato es una fen\u00f3meno que puede ocurrir en las relaciones interpersonales, ya sea de pareja, familiar...\" \/>\n<meta name=\"robots\" content=\"index, follow, max-snippet:-1, max-image-preview:large, max-video-preview:-1\" \/>\n<link rel=\"canonical\" href=\"https:\/\/webdelmaestrocmf.com\/portal\/diez-rasgos-delatan-al-maltratador-psicologico\/\" \/>\n<meta property=\"og:locale\" content=\"es_ES\" \/>\n<meta property=\"og:type\" content=\"article\" \/>\n<meta property=\"og:title\" content=\"Rasgos que delatan al maltratador psicol\u00f3gico\" \/>\n<meta property=\"og:description\" content=\"Desafortunadamente, el maltrato es una fen\u00f3meno que puede ocurrir en las relaciones interpersonales, ya sea de pareja, familiar...\" \/>\n<meta property=\"og:url\" content=\"https:\/\/webdelmaestrocmf.com\/portal\/diez-rasgos-delatan-al-maltratador-psicologico\/\" \/>\n<meta property=\"og:site_name\" content=\"Web del Maestro CMF\" \/>\n<meta property=\"article:publisher\" content=\"https:\/\/www.facebook.com\/WebdelMaestroCMF\/\" \/>\n<meta property=\"article:author\" content=\"https:\/\/www.facebook.com\/WebdelMaestroCMF\/\" \/>\n<meta property=\"article:published_time\" content=\"2020-02-18T00:14:06+00:00\" \/>\n<meta property=\"article:modified_time\" content=\"2020-02-18T13:10:42+00:00\" \/>\n<meta property=\"og:image\" content=\"https:\/\/i0.wp.com\/webdelmaestrocmf.com\/portal\/wp-content\/uploads\/2020\/02\/1-40.jpg?fit=1100%2C680&ssl=1\" \/>\n\t<meta property=\"og:image:width\" content=\"1100\" \/>\n\t<meta property=\"og:image:height\" content=\"680\" \/>\n\t<meta property=\"og:image:type\" content=\"image\/jpeg\" \/>\n<meta name=\"author\" content=\"Web del Maestro CMF\" \/>\n<meta name=\"twitter:card\" content=\"summary_large_image\" \/>\n<meta name=\"twitter:creator\" content=\"@cmf_w\" \/>\n<meta name=\"twitter:site\" content=\"@cmf_w\" \/>\n<script type=\"application\/ld+json\" class=\"yoast-schema-graph\">{\"@context\":\"https:\\\/\\\/schema.org\",\"@graph\":[{\"@type\":\"ScholarlyArticle\",\"@id\":\"https:\\\/\\\/webdelmaestrocmf.com\\\/portal\\\/diez-rasgos-delatan-al-maltratador-psicologico\\\/#article\",\"isPartOf\":{\"@id\":\"https:\\\/\\\/webdelmaestrocmf.com\\\/portal\\\/diez-rasgos-delatan-al-maltratador-psicologico\\\/\"},\"author\":{\"name\":\"Web del Maestro CMF\",\"@id\":\"https:\\\/\\\/webdelmaestrocmf.com\\\/portal\\\/#\\\/schema\\\/person\\\/1072a2ed7bd960df8ef99a551fa35dc5\"},\"headline\":\"Rasgos que delatan al maltratador psicol\u00f3gico\",\"datePublished\":\"2020-02-18T00:14:06+00:00\",\"dateModified\":\"2020-02-18T13:10:42+00:00\",\"mainEntityOfPage\":{\"@id\":\"https:\\\/\\\/webdelmaestrocmf.com\\\/portal\\\/diez-rasgos-delatan-al-maltratador-psicologico\\\/\"},\"wordCount\":1961,\"commentCount\":0,\"publisher\":{\"@id\":\"https:\\\/\\\/webdelmaestrocmf.com\\\/portal\\\/#organization\"},\"image\":{\"@id\":\"https:\\\/\\\/webdelmaestrocmf.com\\\/portal\\\/diez-rasgos-delatan-al-maltratador-psicologico\\\/#primaryimage\"},\"thumbnailUrl\":\"https:\\\/\\\/webdelmaestrocmf.com\\\/portal\\\/wp-content\\\/uploads\\\/2020\\\/02\\\/1-40.jpg\",\"keywords\":[\"DIEZ\",\"MALTRATADOR\",\"PSICOL\u00d3GICO\",\"RASGOS\"],\"articleSection\":[\"Psicolog\u00eda\",\"Recursos\",\"violencia\"],\"inLanguage\":\"es\",\"potentialAction\":[{\"@type\":\"CommentAction\",\"name\":\"Comment\",\"target\":[\"https:\\\/\\\/webdelmaestrocmf.com\\\/portal\\\/diez-rasgos-delatan-al-maltratador-psicologico\\\/#respond\"]}]},{\"@type\":\"WebPage\",\"@id\":\"https:\\\/\\\/webdelmaestrocmf.com\\\/portal\\\/diez-rasgos-delatan-al-maltratador-psicologico\\\/\",\"url\":\"https:\\\/\\\/webdelmaestrocmf.com\\\/portal\\\/diez-rasgos-delatan-al-maltratador-psicologico\\\/\",\"name\":\"Rasgos que delatan al maltratador psicol\u00f3gico\",\"isPartOf\":{\"@id\":\"https:\\\/\\\/webdelmaestrocmf.com\\\/portal\\\/#website\"},\"primaryImageOfPage\":{\"@id\":\"https:\\\/\\\/webdelmaestrocmf.com\\\/portal\\\/diez-rasgos-delatan-al-maltratador-psicologico\\\/#primaryimage\"},\"image\":{\"@id\":\"https:\\\/\\\/webdelmaestrocmf.com\\\/portal\\\/diez-rasgos-delatan-al-maltratador-psicologico\\\/#primaryimage\"},\"thumbnailUrl\":\"https:\\\/\\\/webdelmaestrocmf.com\\\/portal\\\/wp-content\\\/uploads\\\/2020\\\/02\\\/1-40.jpg\",\"datePublished\":\"2020-02-18T00:14:06+00:00\",\"dateModified\":\"2020-02-18T13:10:42+00:00\",\"description\":\"Desafortunadamente, el maltrato es una fen\u00f3meno que puede ocurrir en las relaciones interpersonales, ya sea de pareja, familiar...\",\"breadcrumb\":{\"@id\":\"https:\\\/\\\/webdelmaestrocmf.com\\\/portal\\\/diez-rasgos-delatan-al-maltratador-psicologico\\\/#breadcrumb\"},\"inLanguage\":\"es\",\"potentialAction\":[{\"@type\":\"ReadAction\",\"target\":[\"https:\\\/\\\/webdelmaestrocmf.com\\\/portal\\\/diez-rasgos-delatan-al-maltratador-psicologico\\\/\"]}]},{\"@type\":\"ImageObject\",\"inLanguage\":\"es\",\"@id\":\"https:\\\/\\\/webdelmaestrocmf.com\\\/portal\\\/diez-rasgos-delatan-al-maltratador-psicologico\\\/#primaryimage\",\"url\":\"https:\\\/\\\/webdelmaestrocmf.com\\\/portal\\\/wp-content\\\/uploads\\\/2020\\\/02\\\/1-40.jpg\",\"contentUrl\":\"https:\\\/\\\/webdelmaestrocmf.com\\\/portal\\\/wp-content\\\/uploads\\\/2020\\\/02\\\/1-40.jpg\",\"width\":1100,\"height\":680},{\"@type\":\"BreadcrumbList\",\"@id\":\"https:\\\/\\\/webdelmaestrocmf.com\\\/portal\\\/diez-rasgos-delatan-al-maltratador-psicologico\\\/#breadcrumb\",\"itemListElement\":[{\"@type\":\"ListItem\",\"position\":1,\"name\":\"Portada\",\"item\":\"https:\\\/\\\/webdelmaestrocmf.com\\\/portal\\\/\"},{\"@type\":\"ListItem\",\"position\":2,\"name\":\"Recursos\",\"item\":\"https:\\\/\\\/webdelmaestrocmf.com\\\/portal\\\/category\\\/pedagogia\\\/\"},{\"@type\":\"ListItem\",\"position\":3,\"name\":\"Rasgos que delatan al maltratador psicol\u00f3gico\"}]},{\"@type\":\"WebSite\",\"@id\":\"https:\\\/\\\/webdelmaestrocmf.com\\\/portal\\\/#website\",\"url\":\"https:\\\/\\\/webdelmaestrocmf.com\\\/portal\\\/\",\"name\":\"Web del Maestro CMF\",\"description\":\"Maestros al servicio de la educaci\u00f3n\",\"publisher\":{\"@id\":\"https:\\\/\\\/webdelmaestrocmf.com\\\/portal\\\/#organization\"},\"alternateName\":\"WMCMF\",\"potentialAction\":[{\"@type\":\"SearchAction\",\"target\":{\"@type\":\"EntryPoint\",\"urlTemplate\":\"https:\\\/\\\/webdelmaestrocmf.com\\\/portal\\\/?s={search_term_string}\"},\"query-input\":{\"@type\":\"PropertyValueSpecification\",\"valueRequired\":true,\"valueName\":\"search_term_string\"}}],\"inLanguage\":\"es\"},{\"@type\":\"Organization\",\"@id\":\"https:\\\/\\\/webdelmaestrocmf.com\\\/portal\\\/#organization\",\"name\":\"Web del Maestro CMF\",\"alternateName\":\"WMCMF\",\"url\":\"https:\\\/\\\/webdelmaestrocmf.com\\\/portal\\\/\",\"logo\":{\"@type\":\"ImageObject\",\"inLanguage\":\"es\",\"@id\":\"https:\\\/\\\/webdelmaestrocmf.com\\\/portal\\\/#\\\/schema\\\/logo\\\/image\\\/\",\"url\":\"https:\\\/\\\/webdelmaestrocmf.com\\\/portal\\\/wp-content\\\/uploads\\\/2023\\\/01\\\/logo-wmcmf-2.png\",\"contentUrl\":\"https:\\\/\\\/webdelmaestrocmf.com\\\/portal\\\/wp-content\\\/uploads\\\/2023\\\/01\\\/logo-wmcmf-2.png\",\"width\":200,\"height\":60,\"caption\":\"Web del Maestro CMF\"},\"image\":{\"@id\":\"https:\\\/\\\/webdelmaestrocmf.com\\\/portal\\\/#\\\/schema\\\/logo\\\/image\\\/\"},\"sameAs\":[\"https:\\\/\\\/www.facebook.com\\\/WebdelMaestroCMF\\\/\",\"https:\\\/\\\/x.com\\\/cmf_w\",\"https:\\\/\\\/www.pinterest.com\\\/WMCMF\\\/\",\"https:\\\/\\\/www.linkedin.com\\\/company\\\/web-del-maestro-cmf\\\/\",\"https:\\\/\\\/www.instagram.com\\\/wmcmf\\\/\",\"https:\\\/\\\/www.youtube.com\\\/channel\\\/UCDPSvjbdodE5sHnC3OxutHw\",\"https:\\\/\\\/mastodon.social\\\/@wmcmf\",\"https:\\\/\\\/www.tiktok.com\\\/@webdelmaestrocmf\"]},{\"@type\":\"Person\",\"@id\":\"https:\\\/\\\/webdelmaestrocmf.com\\\/portal\\\/#\\\/schema\\\/person\\\/1072a2ed7bd960df8ef99a551fa35dc5\",\"name\":\"Web del Maestro CMF\",\"image\":{\"@type\":\"ImageObject\",\"inLanguage\":\"es\",\"@id\":\"https:\\\/\\\/secure.gravatar.com\\\/avatar\\\/23291dd5b5ae1077dcff3dbb04c3e02bd28403fa75af6d8787d5e97c5bbbe30b?s=96&d=mm&r=g\",\"url\":\"https:\\\/\\\/secure.gravatar.com\\\/avatar\\\/23291dd5b5ae1077dcff3dbb04c3e02bd28403fa75af6d8787d5e97c5bbbe30b?s=96&d=mm&r=g\",\"contentUrl\":\"https:\\\/\\\/secure.gravatar.com\\\/avatar\\\/23291dd5b5ae1077dcff3dbb04c3e02bd28403fa75af6d8787d5e97c5bbbe30b?s=96&d=mm&r=g\",\"caption\":\"Web del Maestro CMF\"},\"description\":\"Esta Web se cre\u00f3 sin fines de lucro, con fines educativos, cient\u00edficos y acad\u00e9micos, para personas que tengan dificultades y\\\/o inconvenientes en visualizar el material original. El objetivo es entregar recursos, compartir experiencias y materiales que ayuden a los padres de familia, maestros y estudiantes en su actualizaci\u00f3n y formaci\u00f3n permanente, en bien de la Educaci\u00f3n.\",\"sameAs\":[\"http:\\\/\\\/webdelmaestrocmf.com\\\/portal\",\"https:\\\/\\\/www.facebook.com\\\/WebdelMaestroCMF\\\/\",\"https:\\\/\\\/www.instagram.com\\\/wmcmf\\\/\",\"https:\\\/\\\/cl.linkedin.com\\\/company\\\/web-del-maestro-cmf\",\"https:\\\/\\\/www.pinterest.com\\\/WMCMF\\\/publicaciones\\\/\",\"https:\\\/\\\/x.com\\\/cmf_w\",\"https:\\\/\\\/www.youtube.com\\\/@WMCMF\"]}]}<\/script>\n<!-- \/ Yoast SEO plugin. -->","yoast_head_json":{"title":"Rasgos que delatan al maltratador psicol\u00f3gico","description":"Desafortunadamente, el maltrato es una fen\u00f3meno que puede ocurrir en las relaciones interpersonales, ya sea de pareja, familiar...","robots":{"index":"index","follow":"follow","max-snippet":"max-snippet:-1","max-image-preview":"max-image-preview:large","max-video-preview":"max-video-preview:-1"},"canonical":"https:\/\/webdelmaestrocmf.com\/portal\/diez-rasgos-delatan-al-maltratador-psicologico\/","og_locale":"es_ES","og_type":"article","og_title":"Rasgos que delatan al maltratador psicol\u00f3gico","og_description":"Desafortunadamente, el maltrato es una fen\u00f3meno que puede ocurrir en las relaciones interpersonales, ya sea de pareja, familiar...","og_url":"https:\/\/webdelmaestrocmf.com\/portal\/diez-rasgos-delatan-al-maltratador-psicologico\/","og_site_name":"Web del Maestro CMF","article_publisher":"https:\/\/www.facebook.com\/WebdelMaestroCMF\/","article_author":"https:\/\/www.facebook.com\/WebdelMaestroCMF\/","article_published_time":"2020-02-18T00:14:06+00:00","article_modified_time":"2020-02-18T13:10:42+00:00","og_image":[{"width":1100,"height":680,"url":"https:\/\/i0.wp.com\/webdelmaestrocmf.com\/portal\/wp-content\/uploads\/2020\/02\/1-40.jpg?fit=1100%2C680&ssl=1","type":"image\/jpeg"}],"author":"Web del Maestro CMF","twitter_card":"summary_large_image","twitter_creator":"@cmf_w","twitter_site":"@cmf_w","schema":{"@context":"https:\/\/schema.org","@graph":[{"@type":"ScholarlyArticle","@id":"https:\/\/webdelmaestrocmf.com\/portal\/diez-rasgos-delatan-al-maltratador-psicologico\/#article","isPartOf":{"@id":"https:\/\/webdelmaestrocmf.com\/portal\/diez-rasgos-delatan-al-maltratador-psicologico\/"},"author":{"name":"Web del Maestro CMF","@id":"https:\/\/webdelmaestrocmf.com\/portal\/#\/schema\/person\/1072a2ed7bd960df8ef99a551fa35dc5"},"headline":"Rasgos que delatan al maltratador psicol\u00f3gico","datePublished":"2020-02-18T00:14:06+00:00","dateModified":"2020-02-18T13:10:42+00:00","mainEntityOfPage":{"@id":"https:\/\/webdelmaestrocmf.com\/portal\/diez-rasgos-delatan-al-maltratador-psicologico\/"},"wordCount":1961,"commentCount":0,"publisher":{"@id":"https:\/\/webdelmaestrocmf.com\/portal\/#organization"},"image":{"@id":"https:\/\/webdelmaestrocmf.com\/portal\/diez-rasgos-delatan-al-maltratador-psicologico\/#primaryimage"},"thumbnailUrl":"https:\/\/webdelmaestrocmf.com\/portal\/wp-content\/uploads\/2020\/02\/1-40.jpg","keywords":["DIEZ","MALTRATADOR","PSICOL\u00d3GICO","RASGOS"],"articleSection":["Psicolog\u00eda","Recursos","violencia"],"inLanguage":"es","potentialAction":[{"@type":"CommentAction","name":"Comment","target":["https:\/\/webdelmaestrocmf.com\/portal\/diez-rasgos-delatan-al-maltratador-psicologico\/#respond"]}]},{"@type":"WebPage","@id":"https:\/\/webdelmaestrocmf.com\/portal\/diez-rasgos-delatan-al-maltratador-psicologico\/","url":"https:\/\/webdelmaestrocmf.com\/portal\/diez-rasgos-delatan-al-maltratador-psicologico\/","name":"Rasgos que delatan al maltratador psicol\u00f3gico","isPartOf":{"@id":"https:\/\/webdelmaestrocmf.com\/portal\/#website"},"primaryImageOfPage":{"@id":"https:\/\/webdelmaestrocmf.com\/portal\/diez-rasgos-delatan-al-maltratador-psicologico\/#primaryimage"},"image":{"@id":"https:\/\/webdelmaestrocmf.com\/portal\/diez-rasgos-delatan-al-maltratador-psicologico\/#primaryimage"},"thumbnailUrl":"https:\/\/webdelmaestrocmf.com\/portal\/wp-content\/uploads\/2020\/02\/1-40.jpg","datePublished":"2020-02-18T00:14:06+00:00","dateModified":"2020-02-18T13:10:42+00:00","description":"Desafortunadamente, el maltrato es una fen\u00f3meno que puede ocurrir en las relaciones interpersonales, ya sea de pareja, familiar...","breadcrumb":{"@id":"https:\/\/webdelmaestrocmf.com\/portal\/diez-rasgos-delatan-al-maltratador-psicologico\/#breadcrumb"},"inLanguage":"es","potentialAction":[{"@type":"ReadAction","target":["https:\/\/webdelmaestrocmf.com\/portal\/diez-rasgos-delatan-al-maltratador-psicologico\/"]}]},{"@type":"ImageObject","inLanguage":"es","@id":"https:\/\/webdelmaestrocmf.com\/portal\/diez-rasgos-delatan-al-maltratador-psicologico\/#primaryimage","url":"https:\/\/webdelmaestrocmf.com\/portal\/wp-content\/uploads\/2020\/02\/1-40.jpg","contentUrl":"https:\/\/webdelmaestrocmf.com\/portal\/wp-content\/uploads\/2020\/02\/1-40.jpg","width":1100,"height":680},{"@type":"BreadcrumbList","@id":"https:\/\/webdelmaestrocmf.com\/portal\/diez-rasgos-delatan-al-maltratador-psicologico\/#breadcrumb","itemListElement":[{"@type":"ListItem","position":1,"name":"Portada","item":"https:\/\/webdelmaestrocmf.com\/portal\/"},{"@type":"ListItem","position":2,"name":"Recursos","item":"https:\/\/webdelmaestrocmf.com\/portal\/category\/pedagogia\/"},{"@type":"ListItem","position":3,"name":"Rasgos que delatan al maltratador psicol\u00f3gico"}]},{"@type":"WebSite","@id":"https:\/\/webdelmaestrocmf.com\/portal\/#website","url":"https:\/\/webdelmaestrocmf.com\/portal\/","name":"Web del Maestro CMF","description":"Maestros al servicio de la educaci\u00f3n","publisher":{"@id":"https:\/\/webdelmaestrocmf.com\/portal\/#organization"},"alternateName":"WMCMF","potentialAction":[{"@type":"SearchAction","target":{"@type":"EntryPoint","urlTemplate":"https:\/\/webdelmaestrocmf.com\/portal\/?s={search_term_string}"},"query-input":{"@type":"PropertyValueSpecification","valueRequired":true,"valueName":"search_term_string"}}],"inLanguage":"es"},{"@type":"Organization","@id":"https:\/\/webdelmaestrocmf.com\/portal\/#organization","name":"Web del Maestro CMF","alternateName":"WMCMF","url":"https:\/\/webdelmaestrocmf.com\/portal\/","logo":{"@type":"ImageObject","inLanguage":"es","@id":"https:\/\/webdelmaestrocmf.com\/portal\/#\/schema\/logo\/image\/","url":"https:\/\/webdelmaestrocmf.com\/portal\/wp-content\/uploads\/2023\/01\/logo-wmcmf-2.png","contentUrl":"https:\/\/webdelmaestrocmf.com\/portal\/wp-content\/uploads\/2023\/01\/logo-wmcmf-2.png","width":200,"height":60,"caption":"Web del Maestro CMF"},"image":{"@id":"https:\/\/webdelmaestrocmf.com\/portal\/#\/schema\/logo\/image\/"},"sameAs":["https:\/\/www.facebook.com\/WebdelMaestroCMF\/","https:\/\/x.com\/cmf_w","https:\/\/www.pinterest.com\/WMCMF\/","https:\/\/www.linkedin.com\/company\/web-del-maestro-cmf\/","https:\/\/www.instagram.com\/wmcmf\/","https:\/\/www.youtube.com\/channel\/UCDPSvjbdodE5sHnC3OxutHw","https:\/\/mastodon.social\/@wmcmf","https:\/\/www.tiktok.com\/@webdelmaestrocmf"]},{"@type":"Person","@id":"https:\/\/webdelmaestrocmf.com\/portal\/#\/schema\/person\/1072a2ed7bd960df8ef99a551fa35dc5","name":"Web del Maestro CMF","image":{"@type":"ImageObject","inLanguage":"es","@id":"https:\/\/secure.gravatar.com\/avatar\/23291dd5b5ae1077dcff3dbb04c3e02bd28403fa75af6d8787d5e97c5bbbe30b?s=96&d=mm&r=g","url":"https:\/\/secure.gravatar.com\/avatar\/23291dd5b5ae1077dcff3dbb04c3e02bd28403fa75af6d8787d5e97c5bbbe30b?s=96&d=mm&r=g","contentUrl":"https:\/\/secure.gravatar.com\/avatar\/23291dd5b5ae1077dcff3dbb04c3e02bd28403fa75af6d8787d5e97c5bbbe30b?s=96&d=mm&r=g","caption":"Web del Maestro CMF"},"description":"Esta Web se cre\u00f3 sin fines de lucro, con fines educativos, cient\u00edficos y acad\u00e9micos, para personas que tengan dificultades y\/o inconvenientes en visualizar el material original. El objetivo es entregar recursos, compartir experiencias y materiales que ayuden a los padres de familia, maestros y estudiantes en su actualizaci\u00f3n y formaci\u00f3n permanente, en bien de la Educaci\u00f3n.","sameAs":["http:\/\/webdelmaestrocmf.com\/portal","https:\/\/www.facebook.com\/WebdelMaestroCMF\/","https:\/\/www.instagram.com\/wmcmf\/","https:\/\/cl.linkedin.com\/company\/web-del-maestro-cmf","https:\/\/www.pinterest.com\/WMCMF\/publicaciones\/","https:\/\/x.com\/cmf_w","https:\/\/www.youtube.com\/@WMCMF"]}]}},"jetpack_featured_media_url":"https:\/\/webdelmaestrocmf.com\/portal\/wp-content\/uploads\/2020\/02\/1-40.jpg","jetpack_sharing_enabled":true,"jetpack-related-posts":[{"id":9891,"url":"https:\/\/webdelmaestrocmf.com\/portal\/los-docentes-tambien-son-maltratados-por-alumnos\/","url_meta":{"origin":20901,"position":0},"title":"Los docentes tambi\u00e9n somos maltratados por alumnos y sus familiares","author":"Web del Maestro CMF","date":"14 septiembre, 2025","format":false,"excerpt":"Alumnos, profesores y la delicada balanza del respeto mutuo","rel":"","context":"En \u00abEstr\u00e9s\u00bb","block_context":{"text":"Estr\u00e9s","link":"https:\/\/webdelmaestrocmf.com\/portal\/category\/pedagogia\/estres\/"},"img":{"alt_text":"","src":"https:\/\/i0.wp.com\/webdelmaestrocmf.com\/portal\/wp-content\/uploads\/2020\/12\/1A-Banner-1-portada-imagen-10-1-2025-02-28T112842.625.jpg?resize=350%2C200&ssl=1","width":350,"height":200,"srcset":"https:\/\/i0.wp.com\/webdelmaestrocmf.com\/portal\/wp-content\/uploads\/2020\/12\/1A-Banner-1-portada-imagen-10-1-2025-02-28T112842.625.jpg?resize=350%2C200&ssl=1 1x, https:\/\/i0.wp.com\/webdelmaestrocmf.com\/portal\/wp-content\/uploads\/2020\/12\/1A-Banner-1-portada-imagen-10-1-2025-02-28T112842.625.jpg?resize=525%2C300&ssl=1 1.5x, https:\/\/i0.wp.com\/webdelmaestrocmf.com\/portal\/wp-content\/uploads\/2020\/12\/1A-Banner-1-portada-imagen-10-1-2025-02-28T112842.625.jpg?resize=700%2C400&ssl=1 2x"},"classes":[]},{"id":115292,"url":"https:\/\/webdelmaestrocmf.com\/portal\/docentes-en-la-mira-denuncia-por-maltrato-psicologico-reabre-debate-sobre-limites-entre-disciplina-y-abuso-en-aulas-de-la-paz\/","url_meta":{"origin":20901,"position":1},"title":"Docentes en la mira: denuncia por \u201cmaltrato psicol\u00f3gico\u201d reabre debate sobre l\u00edmites entre disciplina y abuso en aulas de La Paz","author":"Web del Maestro CMF","date":"12 febrero, 2026","format":false,"excerpt":"Denuncia contra maestra en La Paz reabre debate sobre l\u00edmites entre disciplina educativa y presunto maltrato psicol\u00f3gico escolar.","rel":"","context":"En \u00abNoticias Internacionales\u00bb","block_context":{"text":"Noticias Internacionales","link":"https:\/\/webdelmaestrocmf.com\/portal\/category\/noticias-internacionales\/"},"img":{"alt_text":"","src":"https:\/\/i0.wp.com\/webdelmaestrocmf.com\/portal\/wp-content\/uploads\/2026\/02\/1A-Banner-1-portada-imagen-10-1-copia-9-1.webp?resize=350%2C200&ssl=1","width":350,"height":200,"srcset":"https:\/\/i0.wp.com\/webdelmaestrocmf.com\/portal\/wp-content\/uploads\/2026\/02\/1A-Banner-1-portada-imagen-10-1-copia-9-1.webp?resize=350%2C200&ssl=1 1x, https:\/\/i0.wp.com\/webdelmaestrocmf.com\/portal\/wp-content\/uploads\/2026\/02\/1A-Banner-1-portada-imagen-10-1-copia-9-1.webp?resize=525%2C300&ssl=1 1.5x, https:\/\/i0.wp.com\/webdelmaestrocmf.com\/portal\/wp-content\/uploads\/2026\/02\/1A-Banner-1-portada-imagen-10-1-copia-9-1.webp?resize=700%2C400&ssl=1 2x"},"classes":[]},{"id":54569,"url":"https:\/\/webdelmaestrocmf.com\/portal\/los-docentes-tambien-son-maltratados-fisica-verbal-y-ahora-de-forma-virtualmente-por-sus-alumnos-incluso-por-padres-de-familia\/","url_meta":{"origin":20901,"position":2},"title":"Los docentes tambi\u00e9n son maltratados f\u00edsica y verbalmente por sus alumnos, e incluso por padres de familia","author":"Web del Maestro CMF","date":"14 marzo, 2026","format":false,"excerpt":"El maltrato verbal y f\u00edsico hacia los docentes, proveniente de estudiantes y padres, es una realidad creciente que afecta su salud emocional, debilita su autoridad y deteriora el clima educativo.","rel":"","context":"En \u00abNoticias Internacionales\u00bb","block_context":{"text":"Noticias Internacionales","link":"https:\/\/webdelmaestrocmf.com\/portal\/category\/noticias-internacionales\/"},"img":{"alt_text":"","src":"https:\/\/i0.wp.com\/webdelmaestrocmf.com\/portal\/wp-content\/uploads\/2020\/11\/1A-Banner-1-portada-imagen-10-1-40.jpg?resize=350%2C200&ssl=1","width":350,"height":200,"srcset":"https:\/\/i0.wp.com\/webdelmaestrocmf.com\/portal\/wp-content\/uploads\/2020\/11\/1A-Banner-1-portada-imagen-10-1-40.jpg?resize=350%2C200&ssl=1 1x, https:\/\/i0.wp.com\/webdelmaestrocmf.com\/portal\/wp-content\/uploads\/2020\/11\/1A-Banner-1-portada-imagen-10-1-40.jpg?resize=525%2C300&ssl=1 1.5x, https:\/\/i0.wp.com\/webdelmaestrocmf.com\/portal\/wp-content\/uploads\/2020\/11\/1A-Banner-1-portada-imagen-10-1-40.jpg?resize=700%2C400&ssl=1 2x"},"classes":[]},{"id":44394,"url":"https:\/\/webdelmaestrocmf.com\/portal\/jorge-barudy-las-neuronas-espejo-se-recuperan-en-ambientes-amorosos-donde-fluye-la-empatia\/","url_meta":{"origin":20901,"position":3},"title":"Jorge Barudy: Las neuronas espejo se recuperan en ambientes amorosos, donde fluye la empat\u00eda","author":"Web del Maestro CMF","date":"22 noviembre, 2024","format":false,"excerpt":"El Neuropsiquiatra chileno formado en B\u00e9lgica, residente en Espa\u00f1a y especialista en psiquiatr\u00eda infantil y familiar, Jorge Barudy es entrevistado por el psic\u00f3logo Jos\u00e9 Luis Gonzalo Marrod\u00e1n, para el Blog Buenos Tratos, por ABC (Espa\u00f1a) y por el periodista David Noriega para EL DIARIO (Espa\u00f1a), sobre temas que, como docentes,\u2026","rel":"","context":"En \u00abEntrevistas\u00bb","block_context":{"text":"Entrevistas","link":"https:\/\/webdelmaestrocmf.com\/portal\/category\/noticias\/entrevistas\/"},"img":{"alt_text":"","src":"https:\/\/i0.wp.com\/webdelmaestrocmf.com\/portal\/wp-content\/uploads\/2020\/07\/1-23.jpg?resize=350%2C200&ssl=1","width":350,"height":200,"srcset":"https:\/\/i0.wp.com\/webdelmaestrocmf.com\/portal\/wp-content\/uploads\/2020\/07\/1-23.jpg?resize=350%2C200&ssl=1 1x, https:\/\/i0.wp.com\/webdelmaestrocmf.com\/portal\/wp-content\/uploads\/2020\/07\/1-23.jpg?resize=525%2C300&ssl=1 1.5x, https:\/\/i0.wp.com\/webdelmaestrocmf.com\/portal\/wp-content\/uploads\/2020\/07\/1-23.jpg?resize=700%2C400&ssl=1 2x"},"classes":[]},{"id":77597,"url":"https:\/\/webdelmaestrocmf.com\/portal\/dia-mundial-de-la-toma-de-conciencia-del-abuso-y-maltrato-en-la-vejez\/","url_meta":{"origin":20901,"position":4},"title":"D\u00eda mundial de la toma de conciencia del abuso y maltrato en la vejez","author":"Web del Maestro CMF","date":"15 junio, 2022","format":false,"excerpt":"El 15 de junio la Asamblea General de las Naciones Unidas, en el a\u00f1o 2006, lo instituy\u00f3 como el D\u00eda Mundial de Toma de Conciencia del Abuso y Maltrato en la Vejez, y que este a\u00f1o coincide con el primer a\u00f1o de la \u201cD\u00e9cada de las Naciones Unidas para el\u2026","rel":"","context":"En \u00abYo opino - WMCMF\u00bb","block_context":{"text":"Yo opino - WMCMF","link":"https:\/\/webdelmaestrocmf.com\/portal\/category\/jamb\/"},"img":{"alt_text":"","src":"https:\/\/i0.wp.com\/webdelmaestrocmf.com\/portal\/wp-content\/uploads\/2022\/06\/1-44.jpg?resize=350%2C200&ssl=1","width":350,"height":200,"srcset":"https:\/\/i0.wp.com\/webdelmaestrocmf.com\/portal\/wp-content\/uploads\/2022\/06\/1-44.jpg?resize=350%2C200&ssl=1 1x, https:\/\/i0.wp.com\/webdelmaestrocmf.com\/portal\/wp-content\/uploads\/2022\/06\/1-44.jpg?resize=525%2C300&ssl=1 1.5x, https:\/\/i0.wp.com\/webdelmaestrocmf.com\/portal\/wp-content\/uploads\/2022\/06\/1-44.jpg?resize=700%2C400&ssl=1 2x, https:\/\/i0.wp.com\/webdelmaestrocmf.com\/portal\/wp-content\/uploads\/2022\/06\/1-44.jpg?resize=1050%2C600&ssl=1 3x"},"classes":[]},{"id":88222,"url":"https:\/\/webdelmaestrocmf.com\/portal\/el-maltrato-puede-ser-hereditario-consejos-para-romper-el-ciclo-de-padres-a-hijos\/","url_meta":{"origin":20901,"position":5},"title":"El maltrato puede ser hereditario: Consejos para romper el ciclo de padres a hijos","author":"Web del Maestro CMF","date":"30 abril, 2023","format":false,"excerpt":"Hace no mucho tiempo estaba aceptada\u00a0la violencia f\u00edsica como forma de educaci\u00f3n. Aceptada y aprobada por muchos padres y profesores. Hace menos tiempo, se rechaz\u00f3 de manera radical. Pero sigue habiendo\u00a0otros tipos de agresi\u00f3n como forma de disciplina,\u00a0como el ataque verbal. Eso sin contar con los que todav\u00eda piensan que\u2026","rel":"","context":"En \u00abPadres\u00bb","block_context":{"text":"Padres","link":"https:\/\/webdelmaestrocmf.com\/portal\/category\/pedagogia\/padres\/"},"img":{"alt_text":"","src":"https:\/\/i0.wp.com\/webdelmaestrocmf.com\/portal\/wp-content\/uploads\/2023\/04\/A12B3C4D-42.jpg?resize=350%2C200&ssl=1","width":350,"height":200,"srcset":"https:\/\/i0.wp.com\/webdelmaestrocmf.com\/portal\/wp-content\/uploads\/2023\/04\/A12B3C4D-42.jpg?resize=350%2C200&ssl=1 1x, https:\/\/i0.wp.com\/webdelmaestrocmf.com\/portal\/wp-content\/uploads\/2023\/04\/A12B3C4D-42.jpg?resize=525%2C300&ssl=1 1.5x, https:\/\/i0.wp.com\/webdelmaestrocmf.com\/portal\/wp-content\/uploads\/2023\/04\/A12B3C4D-42.jpg?resize=700%2C400&ssl=1 2x"},"classes":[]}],"_links":{"self":[{"href":"https:\/\/webdelmaestrocmf.com\/portal\/wp-json\/wp\/v2\/posts\/20901","targetHints":{"allow":["GET"]}}],"collection":[{"href":"https:\/\/webdelmaestrocmf.com\/portal\/wp-json\/wp\/v2\/posts"}],"about":[{"href":"https:\/\/webdelmaestrocmf.com\/portal\/wp-json\/wp\/v2\/types\/post"}],"author":[{"embeddable":true,"href":"https:\/\/webdelmaestrocmf.com\/portal\/wp-json\/wp\/v2\/users\/1"}],"replies":[{"embeddable":true,"href":"https:\/\/webdelmaestrocmf.com\/portal\/wp-json\/wp\/v2\/comments?post=20901"}],"version-history":[{"count":0,"href":"https:\/\/webdelmaestrocmf.com\/portal\/wp-json\/wp\/v2\/posts\/20901\/revisions"}],"wp:featuredmedia":[{"embeddable":true,"href":"https:\/\/webdelmaestrocmf.com\/portal\/wp-json\/wp\/v2\/media\/44431"}],"wp:attachment":[{"href":"https:\/\/webdelmaestrocmf.com\/portal\/wp-json\/wp\/v2\/media?parent=20901"}],"wp:term":[{"taxonomy":"category","embeddable":true,"href":"https:\/\/webdelmaestrocmf.com\/portal\/wp-json\/wp\/v2\/categories?post=20901"},{"taxonomy":"post_tag","embeddable":true,"href":"https:\/\/webdelmaestrocmf.com\/portal\/wp-json\/wp\/v2\/tags?post=20901"}],"curies":[{"name":"wp","href":"https:\/\/api.w.org\/{rel}","templated":true}]}}