{"id":20567,"date":"2022-06-26T22:33:28","date_gmt":"2022-06-27T02:33:28","guid":{"rendered":"http:\/\/webdelmaestrocmf.com\/portal\/?p=20567"},"modified":"2022-08-22T10:30:24","modified_gmt":"2022-08-22T14:30:24","slug":"los-profesores-estan-trabajando-demasiado-no-se-sienten-bien-lo-hacen","status":"publish","type":"post","link":"https:\/\/webdelmaestrocmf.com\/portal\/los-profesores-estan-trabajando-demasiado-no-se-sienten-bien-lo-hacen\/","title":{"rendered":"Alison Peacock: Los profesores est\u00e1n trabajando demasiado y no se sienten bien con lo que hacen"},"content":{"rendered":"<h5 class=\"entry-title text-center\" style=\"text-align: justify;\"><strong>Alison Peacock<\/strong> comenz\u00f3 su carrera profesional como profesora de Secundaria, trabaj\u00f3 en los Centros de Profesores Hertfordshire antes de entrar en la escuela primaria donde permanece en la actualidad.<\/h5>\n<h5 class=\"entry-title text-center\" style=\"text-align: justify;\">En 2003 fue nombrada directora de la escuela de Wroxham, centro de Primaria en donde tuvo lugar la investigaci\u00f3n que ha dado lugar a esta obra. A partir de su incorporaci\u00f3n esta escuela pas\u00f3 en diez meses de una situaci\u00f3n de \u201cmedidas especiales\u201d a ser calificada por Ofsted como \u00abexcelente\u00bb durante dos a\u00f1os y medio. Posteriormente, en las siguiente inspecci\u00f3n en los a\u00f1os 2009 y 2013 se consider\u00f3 \u00abexcepcional\u00bb en todas las categor\u00edas.<\/h5>\n<p><!--more--><\/p>\n<p style=\"text-align: justify;\">Compartimos la entrevista con fines educativos &#8211; pastorales de la directora del\u00a0<strong>Chartered College of Teaching<\/strong>\u00a0para el Blog de<strong> Educaci\u00f3n y TIC \u00abTICHING\u00bb<\/strong>\u00a0en donde menciona que\u00a0\u00a0los profesores est\u00e1n trabajando demasiado y no se sienten bien con lo que hacen.<\/p>\n<h5><strong>Alison Peacock: \u201cLa confianza es clave para un buen ambiente de aprendizaje\u201d<\/strong><\/h5>\n<h5>Ha afirmado que se convirti\u00f3 en profesora porque de peque\u00f1a no le gustaba ir al colegio. \u00bfPor qu\u00e9 cree que muchos ni\u00f1os no quieren ir a la escuela?<\/h5>\n<p style=\"text-align: justify;\">Puede parecer como una m\u00e1quina, ya que es muy impersonal y no te sientes escuchada; al menos as\u00ed es como yo la viv\u00eda de peque\u00f1a. Sent\u00eda que en la escuela nadie me conoc\u00eda tal y como era realmente. Pero el colegio puede ser una comunidad maravillosa donde aprender y madurar. Quer\u00eda formar parte de una escuela que fuera \u00fatil y ayudara a los estudiantes, por este motivo me hice profesora.<\/p>\n<h5>Usted particip\u00f3 en el proyecto de investigaci\u00f3n\u00a0Aprendiendo sin l\u00edmites. \u00bfEn qu\u00e9 consist\u00eda?<\/h5>\n<p style=\"text-align: justify;\">En demasiadas ocasiones los profesores juzgan las capacidades de sus estudiantes y les influencian, inconscientemente, en sus logros. El proyecto\u00a0Aprendiendo sin l\u00edmites\u00a0intentaba alentar a los profesores a resistir la tentaci\u00f3n de juzgar las capacidades de sus alumnos y a dejar la puerta abierta para que les sorprendan. Hacer juicios sobre los dem\u00e1s forma parte de nuestra cultura, pero se ha convertido en un verdadero problema educativo.<\/p>\n<p><a href=\"https:\/\/webdelmaestrocmf.com\/portal\/wp-content\/uploads\/2019\/07\/1a-1.jpg\"><img loading=\"lazy\" decoding=\"async\" class=\"alignnone size-full wp-image-77967\" src=\"https:\/\/webdelmaestrocmf.com\/portal\/wp-content\/uploads\/2019\/07\/1a-1.jpg\" alt=\"\" width=\"900\" height=\"556\" srcset=\"https:\/\/webdelmaestrocmf.com\/portal\/wp-content\/uploads\/2019\/07\/1a-1.jpg 900w, https:\/\/webdelmaestrocmf.com\/portal\/wp-content\/uploads\/2019\/07\/1a-1-300x185.jpg 300w, https:\/\/webdelmaestrocmf.com\/portal\/wp-content\/uploads\/2019\/07\/1a-1-768x474.jpg 768w, https:\/\/webdelmaestrocmf.com\/portal\/wp-content\/uploads\/2019\/07\/1a-1-110x68.jpg 110w, https:\/\/webdelmaestrocmf.com\/portal\/wp-content\/uploads\/2019\/07\/1a-1-200x124.jpg 200w, https:\/\/webdelmaestrocmf.com\/portal\/wp-content\/uploads\/2019\/07\/1a-1-380x235.jpg 380w, https:\/\/webdelmaestrocmf.com\/portal\/wp-content\/uploads\/2019\/07\/1a-1-255x158.jpg 255w, https:\/\/webdelmaestrocmf.com\/portal\/wp-content\/uploads\/2019\/07\/1a-1-550x340.jpg 550w, https:\/\/webdelmaestrocmf.com\/portal\/wp-content\/uploads\/2019\/07\/1a-1-800x494.jpg 800w\" sizes=\"auto, (max-width: 900px) 100vw, 900px\" \/><\/a><\/p>\n<h5>\u00bfC\u00f3mo se puede revertir esta situaci\u00f3n?<\/h5>\n<p style=\"text-align: justify;\">Nuestra funci\u00f3n como docentes es la de ofrecer las m\u00e1ximas oportunidades para que los estudiantes alcancen sus objetivos y aumenten sus aspiraciones. Debemos intentar no influenciarlos, ya que pueden acabar estanc\u00e1ndose y rendir por debajo de sus capacidades, simplemente porque pensamos que no podr\u00e1n llegar m\u00e1s lejos. Para evitar influenciar sus logros, es importante no agruparles en funci\u00f3n de lo que pensamos que cada estudiante puede dar de s\u00ed.<\/p>\n<h5>\u00bfCu\u00e1l es el problema de agrupar los estudiantes seg\u00fan sus habilidades?<\/h5>\n<p style=\"text-align: justify;\">Uno de los problemas es que, incluso si pensamos que les estamos agrupando por habilidades, a menudo nos equivocamos porque el aprendizaje no es lineal. Adem\u00e1s, cuando intentamos agrupar a los estudiantes seg\u00fan sus posibilidades ante un examen, de manera no intencionada, acabamos marcando unos l\u00edmites que provocar\u00e1n que \u00fanicamente lleguen hasta donde nosotros esperamos.<\/p>\n<h5>\u00bfQu\u00e9 opini\u00f3n tienen los alumnos al respecto?<\/h5>\n<p style=\"text-align: justify;\">\u00a1A los ni\u00f1os les encanta que no les agrupen por habilidades! Les gusta que les faciliten un plan de estudios que sea desafiante y emocionante, y que se les d\u00e9 la oportunidad de demostrar sus capacidades. Gracias al proyecto\u00a0Aprendiendo sin l\u00edmites\u00a0he podido hablar con muchos alumnos que me han confirmado que les atrae la idea de retarse a ellos mismos y que, a pesar de que nadie es igual, les satisface que todos tengan las mismas oportunidades de demostrar hasta d\u00f3nde pueden llegar.<\/p>\n<h5>De forma pr\u00e1ctica, \u00bfc\u00f3mo pueden los profesores evitar poner l\u00edmites a sus estudiantes?<\/h5>\n<p style=\"text-align: justify;\">Mediante tareas de aprendizaje con las que los alumnos tengan el mismo punto de partida, pero que sean progresivamente m\u00e1s complejas y no existan l\u00edmites de lo que puedan llegar a conseguir. Por ejemplo, en una asignatura como comprensi\u00f3n escrita, lo que se puede hacer es dar a todos los estudiantes los mismos est\u00edmulos para escribir. Algunos ser\u00e1n capaces de redactar cuatro p\u00e1ginas y otros s\u00f3lo unas pocas l\u00edneas, pero a todos se les habr\u00e1 dado la misma oportunidad.<\/p>\n<h5>Y, \u00bfen asignaturas como matem\u00e1ticas?<\/h5>\n<p style=\"text-align: justify;\">Se les puede proporcionar tareas de resoluci\u00f3n de problemas abiertos, ya que es m\u00e1s enriquecedor hacer ejercicios con un final abierto para que expandan su pensamiento, que tener que ce\u00f1irse a una \u00a0hoja de trabajo con 10 ejercicios cerrados. Tambi\u00e9n se pueden hacer ejercicios con distintas dificultades, para que los estudiantes escojan los que m\u00e1s les convengan y no tengan que detenerse en ejercicios que sean demasiado f\u00e1ciles para ellos. En definitiva, se trata de buscar tareas que no sean limitantes en su naturaleza.<\/p>\n<h5>Usted no es partidaria de poner notas al trabajo de los alumnos. Entonces, \u00bfc\u00f3mo se eval\u00faa el progreso de los estudiantes?<\/h5>\n<p style=\"text-align: justify;\">En la escuela que dirig\u00eda, The Wroxham School, no les d\u00e1bamos notas, pero en las clases hab\u00eda un constante\u00a0feedback. Con este m\u00e9todo los estudiantes se centraban en c\u00f3mo pod\u00edan mejorar y no en obtener mejores notas que sus compa\u00f1eros. A menudo las notas se convierten en una clasificaci\u00f3n de los alumnos y, desde mi punto de vista, debemos centrarnos en nosotros mismos, sin compararnos con los dem\u00e1s.<\/p>\n<h5>Tampoco es partidaria de etiquetar a los estudiantes y a los profesores. \u00bfCu\u00e1l es el impacto que provoca \u201cponer etiquetas\u201d?<\/h5>\n<p style=\"text-align: justify;\">Cuando una persona se dice a s\u00ed misma, \u201cyo no soy buena en deporte\u201d, posiblemente ya se habr\u00e1 rendido antes de intentar superarse. Vivimos en una cultura donde constantemente nos definimos en funci\u00f3n de lo que sabemos o no hacer. El problema es que si no tenemos cuidado, las etiquetas se perpet\u00faan hasta el punto en que se hace imposible librarnos de ellas.<\/p>\n<h5>\u00bfCree que se deber\u00edan llevar a cabo una educaci\u00f3n emocional para evitar las \u201cetiquetas\u201d?<\/h5>\n<p style=\"text-align: justify;\">La resiliencia y el bienestar emocional son fundamentales para combatir la categorizaci\u00f3n, clasificaci\u00f3n y separaci\u00f3n de personas por la imposici\u00f3n de \u201cetiquetas\u201d. No podemos ignorar el estado emocional de los estudiantes, ya que, por ejemplo, debemos tener en cuenta que cuando est\u00e1n cansados, con hambre o decepcionados, no se encuentran en una buena posici\u00f3n para el aprendizaje. Hay que fomentar su bienestar emocional para evitar que los problemas de salud mental se incrementen, tal y como est\u00e1 sucediendo de forma alarmante en Inglaterra.<\/p>\n<h5>\u00bfA qu\u00e9 se debe?<\/h5>\n<p style=\"text-align: justify;\">Los ni\u00f1os y j\u00f3venes de nuestro pa\u00eds son muy infelices, y este hecho est\u00e1 relacionado con la cultura de compararnos constantemente con los dem\u00e1s, ya sea en Facebook, Snapchat o mediante las notas que recibimos en clase. Como docentes debemos conseguir que los ni\u00f1os y j\u00f3venes sean capaces de valorarse por ellos mismos. Los profesores no debemos convertirnos en terapeutas, pero si hay estudiantes que muestran angustia, tenemos que apoyarlos y ayudarlos para facilitarles las condiciones adecuadas para el aprendizaje.<\/p>\n<h5>Seg\u00fan su opini\u00f3n, \u00bfcu\u00e1l es el rol actual de los docentes?<\/h5>\n<p style=\"text-align: justify;\">Esencialmente, el rol de los docentes es el de habilitar las mejores condiciones para provocar el aprendizaje. Como sociedad, tendemos a exigir al profesor un papel que va mucho m\u00e1s all\u00e1 de \u00a0su aut\u00e9ntica funci\u00f3n. No es positivo que los profesores acaben sinti\u00e9ndose responsables de todo lo que sucede a los estudiantes. Ellos est\u00e1n en la primera l\u00ednea preocupados por sus alumnos, pero en la mayor\u00eda de ocasiones no saben c\u00f3mo pueden ayudarles, lo que les provoca situaciones muy estresantes.<\/p>\n<h5>Usted afirma que los valores principales en una clase son la confianza, la co-agencia y la inclusi\u00f3n. \u00bfPor qu\u00e9 son importantes?<\/h5>\n<p style=\"text-align: justify;\">La confianza es primordial para un buen ambiente de aprendizaje. Los estudiantes deben poder confiar en el profesor, saber que les guiar\u00e1 y les proporcionar\u00e1 experiencias positivas. Tambi\u00e9n es muy importante para los estudiantes que el profesor conf\u00ede en ellos. Si alguien con autoridad nos deposita su confianza, nos sentiremos mejor con nosotros mismos y habr\u00e1 m\u00e1s posibilidades de que alcancemos las expectativas que han depositado en nosotros.<\/p>\n<h5>Y la co-agencia, \u00bfqu\u00e9 significa?<\/h5>\n<p style=\"text-align: justify;\">Es la sensaci\u00f3n de tener voz, de que tu opini\u00f3n importa y es escuchada por los dem\u00e1s. No significa que siempre tengas raz\u00f3n, pero ayuda a sentirte involucrado. La co-agencia hace referencia al trabajo conjunto entre profesores y alumnos. Potencia que todos los integrantes de una clase sean part\u00edcipes y no s\u00f3lo sea el profesor quien, de forma independiente, tome todas las decisiones. Es esa energ\u00eda colectiva de trabajar conjuntamente para conseguir mejores resultados.<\/p>\n<h5>Finalmente, h\u00e1blenos de la inclusi\u00f3n.<\/h5>\n<p style=\"text-align: justify;\">Fomentar la inclusi\u00f3n es muy importante. \u00bfEn qu\u00e9 sociedad nos convertimos si nos dejamos guiar por la mayor\u00eda y aceptamos que est\u00e1 bien marginar a algunas personas? Cuando en el aula enfocamos una clase para la mayor\u00eda y no tenemos en cuenta a los estudiantes que no siguen al mismo ritmo, estamos ense\u00f1ando impl\u00edcitamente a nuestros alumnos que podemos relegar a ciertas personas.<\/p>\n<h5>Usted es la directora del\u00a0Chartered College of Teaching. \u00bfEn qu\u00e9 consiste este organismo y cu\u00e1les son sus principales objetivos?<\/h5>\n<p style=\"text-align: justify;\">Es un organismo profesional para profesores de todo el mundo creado en enero de 2017, \u00a1os pod\u00e9is apuntar! Sus principales objetivos son los de proporcionar un aprendizaje y dar voz a los profesionales de la educaci\u00f3n, tender puentes entre la teor\u00eda de las investigaciones y la pr\u00e1ctica en las escuelas, facilitar oportunidades a los profesores para que conecten entre ellos y para que aprendan unos de otros. Asimismo, tambi\u00e9n perseguimos fomentar la ambici\u00f3n y minimizar su preocupaci\u00f3n por ser juzgados.<\/p>\n<h5>\u00bfA qu\u00e9 se refiere con esta preocupaci\u00f3n?<\/h5>\n<p style=\"text-align: justify;\">Los docentes est\u00e1n abandonando la profesi\u00f3n porque est\u00e1n desmoralizados y tienen un exceso de trabajo. Creo que la raz\u00f3n por la que tienen m\u00e1s trabajo del que pueden asumir es debido a que no se sienten valorados, lo que les provoca la necesidad de trabajar cada vez m\u00e1s. Los profesores deben tener mayor confianza en las tareas que hacen y no sentir que alguien les est\u00e1 controlando constantemente para que trabajen m\u00e1s.<\/p>\n<h5>Actualmente, \u00bfeste el principal problema de los docentes?<\/h5>\n<p style=\"text-align: justify;\">S\u00ed, creo que, al menos en Inglaterra, los profesores est\u00e1n trabajando demasiado y no se sienten bien con lo que hacen. Es importante que vuelvan a disfrutar para que puedan proporcionar mejores experiencias a sus estudiantes. Desde el\u00a0Chartered College\u00a0queremos redescubrir el deleite por nuestra profesi\u00f3n, valorar sus \u00e9xitos, sentirnos muy orgullosos de lo que hacen y ayudarles a no culpabilizarse por lo que no pueden alcanzar.<\/p>\n<h5>\u00bfQu\u00e9 acciones llevan a cabo desde el\u00a0Chartered College\u00a0para que los docentes se sientan valorados?<\/h5>\n<p style=\"text-align: justify;\">Estamos trabajando en proporcionarles oportunidades para seguir aprendiendo nuevas formas de ense\u00f1ar y de evaluar, y contribuimos a que tengan tiempo para pensar en lo que est\u00e1n haciendo en sus clases. Tambi\u00e9n fomentamos que sigan mejorando sus conocimientos did\u00e1cticos para que puedan ganar confianza en sus clases. Desgraciadamente, esta es una \u00e1rea en la que no se invierte tanto como se deber\u00eda, pero si queremos mejorar la educaci\u00f3n, debemos asegurarnos que nuestros profesores est\u00e1n valorados y apoyados.<\/p>\n<p><strong class=\"last-child first-child\"><span class=\"last-child first-child\">Este contenido ha sido publicado originalmente por El Blog de Educaci\u00f3n y TIC \u00abTICHING\u00bb en la siguiente direcci\u00f3n:\u00a0<a href=\"http:\/\/blog.tiching.com\/alison-peacock-la-confianza-clave-buen-ambiente-aprendizaje\/\" target=\"_blank\" rel=\"noopener\">blog.tiching.com<\/a><\/span><\/strong><\/p>\n\t\t<div class=\"pk-inline-posts\">\n\t\t\t\n\t\t\t<div class=\"pk-inline-posts-container pk-inline-posts-template-list\"\n\t\t\t\tdata-columns=\"1\">\n\t\t\t\t\t\t<article id=\"post-37424\" class=\"post-37424 post type-post status-publish format-standard has-post-thumbnail category-entrevistas category-noticias tag-desarrollo tag-heckman tag-james tag-leer tag-ninos cs-entry cs-video-wrap\">\n\t\t\t<div class=\"pk-post-outer\">\n\n\t\t\t\t\t\t\t\t<div class=\"pk-post-inner\">\n\t\t\t\t\t<div class=\"entry-thumbnail\">\n\t\t\t\t\t\t<div class=\"pk-overlay pk-overlay-ratio pk-ratio-landscape\">\n\t\t\t\t\t\t\t<div class=\"pk-overlay-background\">\n\t\t\t\t\t\t\t\t<a href=\"https:\/\/webdelmaestrocmf.com\/portal\/james-heckman-leerles-a-los-ninos-tiene-un-impacto-enorme-en-su-desarrollo\/\" class=\"pk-overlay-link\">\n\t\t\t\t\t\t\t\t\t<img loading=\"lazy\" decoding=\"async\" width=\"300\" height=\"225\" src=\"https:\/\/webdelmaestrocmf.com\/portal\/wp-content\/uploads\/2023\/01\/1AA-Banner-1-portada-imagen-10-1-copia-3-300x225.webp\" class=\"attachment-pk-thumbnail size-pk-thumbnail wp-post-image\" alt=\"\" \/>\t\t\t\t\t\t\t\t<\/a>\n\t\t\t\t\t\t\t<\/div>\n\t\t\t\t\t\t<\/div>\n\t\t\t\t\t<\/div>\n\t\t\t\t<\/div>\n\t\t\t\t\n\t\t\t\t<div class=\"pk-post-inner\">\n\t\t\t\t\t<header>\n\t\t\t\t\t\t<h3 class=\"pk-title\"><a href=\"https:\/\/webdelmaestrocmf.com\/portal\/james-heckman-leerles-a-los-ninos-tiene-un-impacto-enorme-en-su-desarrollo\/\" rel=\"bookmark\">James Heckman: Leerles a los ni\u00f1os tiene un impacto enorme en su desarrollo<\/a><\/h3>\t\t\t\t\t<\/header><!-- .entry-header -->\n\t\t\t\t<\/div><!-- .post-inner -->\n\n\t\t\t<\/div><!-- .post-outer -->\n\t\t<\/article>\n\t\t\t\t<\/div>\n\t\t<\/div>\n\t\t\n","protected":false},"excerpt":{"rendered":"Alison Peacock comenz\u00f3 su carrera profesional como profesora de Secundaria, trabaj\u00f3 en los Centros de Profesores Hertfordshire antes&hellip;","protected":false},"author":1,"featured_media":77968,"comment_status":"open","ping_status":"open","sticky":false,"template":"","format":"standard","meta":{"csco_display_header_overlay":false,"csco_singular_sidebar":"disabled","csco_page_header_type":"standard","csco_page_load_nextpost":"default","csco_post_video_location":[],"csco_post_video_location_hash":"","csco_post_video_url":"","csco_post_video_bg_start_time":0,"csco_post_video_bg_end_time":0,"csco_post_video_bg_volume":false,"_jetpack_memberships_contains_paid_content":false,"footnotes":""},"categories":[48,47],"tags":[2490,1779,1778,1824,2492,62,2491],"class_list":{"0":"post-20567","1":"post","2":"type-post","3":"status-publish","4":"format-standard","5":"has-post-thumbnail","7":"category-entrevistas","8":"category-noticias","9":"tag-alison-peacock","10":"tag-ambiente","11":"tag-buen","12":"tag-confianza","13":"tag-demasiado","14":"tag-profesores","15":"tag-trabajando","16":"cs-entry","17":"cs-video-wrap"},"yoast_head":"<!-- This site is optimized with the Yoast SEO plugin v27.5 - https:\/\/yoast.com\/product\/yoast-seo-wordpress\/ -->\n<title>Alison Peacock: Los profesores est\u00e1n trabajando demasiado y no se sienten bien con lo que hacen<\/title>\n<meta name=\"description\" content=\"Es importante que vuelvan a disfrutar para que puedan proporcionar mejores experiencias a sus estudiantes. Queremos redescubrir el...\" \/>\n<meta name=\"robots\" content=\"index, follow, max-snippet:-1, max-image-preview:large, max-video-preview:-1\" \/>\n<link rel=\"canonical\" href=\"https:\/\/webdelmaestrocmf.com\/portal\/los-profesores-estan-trabajando-demasiado-no-se-sienten-bien-lo-hacen\/\" \/>\n<meta property=\"og:locale\" content=\"es_ES\" \/>\n<meta property=\"og:type\" content=\"article\" \/>\n<meta property=\"og:title\" content=\"Alison Peacock: Los profesores est\u00e1n trabajando demasiado y no se sienten bien con lo que hacen\" \/>\n<meta property=\"og:description\" content=\"Es importante que vuelvan a disfrutar para que puedan proporcionar mejores experiencias a sus estudiantes. Queremos redescubrir el...\" \/>\n<meta property=\"og:url\" content=\"https:\/\/webdelmaestrocmf.com\/portal\/los-profesores-estan-trabajando-demasiado-no-se-sienten-bien-lo-hacen\/\" \/>\n<meta property=\"og:site_name\" content=\"Web del Maestro CMF\" \/>\n<meta property=\"article:publisher\" content=\"https:\/\/www.facebook.com\/WebdelMaestroCMF\/\" \/>\n<meta property=\"article:author\" content=\"https:\/\/www.facebook.com\/WebdelMaestroCMF\/\" \/>\n<meta property=\"article:published_time\" content=\"2022-06-27T02:33:28+00:00\" \/>\n<meta property=\"article:modified_time\" content=\"2022-08-22T14:30:24+00:00\" \/>\n<meta property=\"og:image\" content=\"https:\/\/i0.wp.com\/webdelmaestrocmf.com\/portal\/wp-content\/uploads\/2019\/07\/2a-1.jpg?fit=900%2C556&ssl=1\" \/>\n\t<meta property=\"og:image:width\" content=\"900\" \/>\n\t<meta property=\"og:image:height\" content=\"556\" \/>\n\t<meta property=\"og:image:type\" content=\"image\/jpeg\" \/>\n<meta name=\"author\" content=\"Web del Maestro CMF\" \/>\n<meta name=\"twitter:card\" content=\"summary_large_image\" \/>\n<meta name=\"twitter:creator\" content=\"@cmf_w\" \/>\n<meta name=\"twitter:site\" content=\"@cmf_w\" \/>\n<script type=\"application\/ld+json\" class=\"yoast-schema-graph\">{\"@context\":\"https:\\\/\\\/schema.org\",\"@graph\":[{\"@type\":\"ScholarlyArticle\",\"@id\":\"https:\\\/\\\/webdelmaestrocmf.com\\\/portal\\\/los-profesores-estan-trabajando-demasiado-no-se-sienten-bien-lo-hacen\\\/#article\",\"isPartOf\":{\"@id\":\"https:\\\/\\\/webdelmaestrocmf.com\\\/portal\\\/los-profesores-estan-trabajando-demasiado-no-se-sienten-bien-lo-hacen\\\/\"},\"author\":{\"name\":\"Web del Maestro CMF\",\"@id\":\"https:\\\/\\\/webdelmaestrocmf.com\\\/portal\\\/#\\\/schema\\\/person\\\/1072a2ed7bd960df8ef99a551fa35dc5\"},\"headline\":\"Alison Peacock: Los profesores est\u00e1n trabajando demasiado y no se sienten bien con lo que hacen\",\"datePublished\":\"2022-06-27T02:33:28+00:00\",\"dateModified\":\"2022-08-22T14:30:24+00:00\",\"mainEntityOfPage\":{\"@id\":\"https:\\\/\\\/webdelmaestrocmf.com\\\/portal\\\/los-profesores-estan-trabajando-demasiado-no-se-sienten-bien-lo-hacen\\\/\"},\"wordCount\":1955,\"commentCount\":0,\"publisher\":{\"@id\":\"https:\\\/\\\/webdelmaestrocmf.com\\\/portal\\\/#organization\"},\"image\":{\"@id\":\"https:\\\/\\\/webdelmaestrocmf.com\\\/portal\\\/los-profesores-estan-trabajando-demasiado-no-se-sienten-bien-lo-hacen\\\/#primaryimage\"},\"thumbnailUrl\":\"https:\\\/\\\/webdelmaestrocmf.com\\\/portal\\\/wp-content\\\/uploads\\\/2019\\\/07\\\/2a-1.jpg\",\"keywords\":[\"Alison Peacock\",\"AMBIENTE\",\"BUEN\",\"CONFIANZA\",\"DEMASIADO\",\"profesores\",\"TRABAJANDO\"],\"articleSection\":[\"Entrevistas\",\"Noticias\"],\"inLanguage\":\"es\",\"potentialAction\":[{\"@type\":\"CommentAction\",\"name\":\"Comment\",\"target\":[\"https:\\\/\\\/webdelmaestrocmf.com\\\/portal\\\/los-profesores-estan-trabajando-demasiado-no-se-sienten-bien-lo-hacen\\\/#respond\"]}]},{\"@type\":\"WebPage\",\"@id\":\"https:\\\/\\\/webdelmaestrocmf.com\\\/portal\\\/los-profesores-estan-trabajando-demasiado-no-se-sienten-bien-lo-hacen\\\/\",\"url\":\"https:\\\/\\\/webdelmaestrocmf.com\\\/portal\\\/los-profesores-estan-trabajando-demasiado-no-se-sienten-bien-lo-hacen\\\/\",\"name\":\"Alison Peacock: Los profesores est\u00e1n trabajando demasiado y no se sienten bien con lo que hacen\",\"isPartOf\":{\"@id\":\"https:\\\/\\\/webdelmaestrocmf.com\\\/portal\\\/#website\"},\"primaryImageOfPage\":{\"@id\":\"https:\\\/\\\/webdelmaestrocmf.com\\\/portal\\\/los-profesores-estan-trabajando-demasiado-no-se-sienten-bien-lo-hacen\\\/#primaryimage\"},\"image\":{\"@id\":\"https:\\\/\\\/webdelmaestrocmf.com\\\/portal\\\/los-profesores-estan-trabajando-demasiado-no-se-sienten-bien-lo-hacen\\\/#primaryimage\"},\"thumbnailUrl\":\"https:\\\/\\\/webdelmaestrocmf.com\\\/portal\\\/wp-content\\\/uploads\\\/2019\\\/07\\\/2a-1.jpg\",\"datePublished\":\"2022-06-27T02:33:28+00:00\",\"dateModified\":\"2022-08-22T14:30:24+00:00\",\"description\":\"Es importante que vuelvan a disfrutar para que puedan proporcionar mejores experiencias a sus estudiantes. Queremos redescubrir el...\",\"breadcrumb\":{\"@id\":\"https:\\\/\\\/webdelmaestrocmf.com\\\/portal\\\/los-profesores-estan-trabajando-demasiado-no-se-sienten-bien-lo-hacen\\\/#breadcrumb\"},\"inLanguage\":\"es\",\"potentialAction\":[{\"@type\":\"ReadAction\",\"target\":[\"https:\\\/\\\/webdelmaestrocmf.com\\\/portal\\\/los-profesores-estan-trabajando-demasiado-no-se-sienten-bien-lo-hacen\\\/\"]}]},{\"@type\":\"ImageObject\",\"inLanguage\":\"es\",\"@id\":\"https:\\\/\\\/webdelmaestrocmf.com\\\/portal\\\/los-profesores-estan-trabajando-demasiado-no-se-sienten-bien-lo-hacen\\\/#primaryimage\",\"url\":\"https:\\\/\\\/webdelmaestrocmf.com\\\/portal\\\/wp-content\\\/uploads\\\/2019\\\/07\\\/2a-1.jpg\",\"contentUrl\":\"https:\\\/\\\/webdelmaestrocmf.com\\\/portal\\\/wp-content\\\/uploads\\\/2019\\\/07\\\/2a-1.jpg\",\"width\":900,\"height\":556},{\"@type\":\"BreadcrumbList\",\"@id\":\"https:\\\/\\\/webdelmaestrocmf.com\\\/portal\\\/los-profesores-estan-trabajando-demasiado-no-se-sienten-bien-lo-hacen\\\/#breadcrumb\",\"itemListElement\":[{\"@type\":\"ListItem\",\"position\":1,\"name\":\"Portada\",\"item\":\"https:\\\/\\\/webdelmaestrocmf.com\\\/portal\\\/\"},{\"@type\":\"ListItem\",\"position\":2,\"name\":\"Noticias\",\"item\":\"https:\\\/\\\/webdelmaestrocmf.com\\\/portal\\\/category\\\/noticias\\\/\"},{\"@type\":\"ListItem\",\"position\":3,\"name\":\"Alison Peacock: Los profesores est\u00e1n trabajando demasiado y no se sienten bien con lo que hacen\"}]},{\"@type\":\"WebSite\",\"@id\":\"https:\\\/\\\/webdelmaestrocmf.com\\\/portal\\\/#website\",\"url\":\"https:\\\/\\\/webdelmaestrocmf.com\\\/portal\\\/\",\"name\":\"Web del Maestro CMF\",\"description\":\"Maestros al servicio de la educaci\u00f3n\",\"publisher\":{\"@id\":\"https:\\\/\\\/webdelmaestrocmf.com\\\/portal\\\/#organization\"},\"alternateName\":\"WMCMF\",\"potentialAction\":[{\"@type\":\"SearchAction\",\"target\":{\"@type\":\"EntryPoint\",\"urlTemplate\":\"https:\\\/\\\/webdelmaestrocmf.com\\\/portal\\\/?s={search_term_string}\"},\"query-input\":{\"@type\":\"PropertyValueSpecification\",\"valueRequired\":true,\"valueName\":\"search_term_string\"}}],\"inLanguage\":\"es\"},{\"@type\":\"Organization\",\"@id\":\"https:\\\/\\\/webdelmaestrocmf.com\\\/portal\\\/#organization\",\"name\":\"Web del Maestro CMF\",\"alternateName\":\"WMCMF\",\"url\":\"https:\\\/\\\/webdelmaestrocmf.com\\\/portal\\\/\",\"logo\":{\"@type\":\"ImageObject\",\"inLanguage\":\"es\",\"@id\":\"https:\\\/\\\/webdelmaestrocmf.com\\\/portal\\\/#\\\/schema\\\/logo\\\/image\\\/\",\"url\":\"https:\\\/\\\/webdelmaestrocmf.com\\\/portal\\\/wp-content\\\/uploads\\\/2023\\\/01\\\/logo-wmcmf-2.png\",\"contentUrl\":\"https:\\\/\\\/webdelmaestrocmf.com\\\/portal\\\/wp-content\\\/uploads\\\/2023\\\/01\\\/logo-wmcmf-2.png\",\"width\":200,\"height\":60,\"caption\":\"Web del Maestro CMF\"},\"image\":{\"@id\":\"https:\\\/\\\/webdelmaestrocmf.com\\\/portal\\\/#\\\/schema\\\/logo\\\/image\\\/\"},\"sameAs\":[\"https:\\\/\\\/www.facebook.com\\\/WebdelMaestroCMF\\\/\",\"https:\\\/\\\/x.com\\\/cmf_w\",\"https:\\\/\\\/www.pinterest.com\\\/WMCMF\\\/\",\"https:\\\/\\\/www.linkedin.com\\\/company\\\/web-del-maestro-cmf\\\/\",\"https:\\\/\\\/www.instagram.com\\\/wmcmf\\\/\",\"https:\\\/\\\/www.youtube.com\\\/channel\\\/UCDPSvjbdodE5sHnC3OxutHw\",\"https:\\\/\\\/mastodon.social\\\/@wmcmf\",\"https:\\\/\\\/www.tiktok.com\\\/@webdelmaestrocmf\"]},{\"@type\":\"Person\",\"@id\":\"https:\\\/\\\/webdelmaestrocmf.com\\\/portal\\\/#\\\/schema\\\/person\\\/1072a2ed7bd960df8ef99a551fa35dc5\",\"name\":\"Web del Maestro CMF\",\"image\":{\"@type\":\"ImageObject\",\"inLanguage\":\"es\",\"@id\":\"https:\\\/\\\/secure.gravatar.com\\\/avatar\\\/23291dd5b5ae1077dcff3dbb04c3e02bd28403fa75af6d8787d5e97c5bbbe30b?s=96&d=mm&r=g\",\"url\":\"https:\\\/\\\/secure.gravatar.com\\\/avatar\\\/23291dd5b5ae1077dcff3dbb04c3e02bd28403fa75af6d8787d5e97c5bbbe30b?s=96&d=mm&r=g\",\"contentUrl\":\"https:\\\/\\\/secure.gravatar.com\\\/avatar\\\/23291dd5b5ae1077dcff3dbb04c3e02bd28403fa75af6d8787d5e97c5bbbe30b?s=96&d=mm&r=g\",\"caption\":\"Web del Maestro CMF\"},\"description\":\"Esta Web se cre\u00f3 sin fines de lucro, con fines educativos, cient\u00edficos y acad\u00e9micos, para personas que tengan dificultades y\\\/o inconvenientes en visualizar el material original. El objetivo es entregar recursos, compartir experiencias y materiales que ayuden a los padres de familia, maestros y estudiantes en su actualizaci\u00f3n y formaci\u00f3n permanente, en bien de la Educaci\u00f3n.\",\"sameAs\":[\"http:\\\/\\\/webdelmaestrocmf.com\\\/portal\",\"https:\\\/\\\/www.facebook.com\\\/WebdelMaestroCMF\\\/\",\"https:\\\/\\\/www.instagram.com\\\/wmcmf\\\/\",\"https:\\\/\\\/cl.linkedin.com\\\/company\\\/web-del-maestro-cmf\",\"https:\\\/\\\/www.pinterest.com\\\/WMCMF\\\/publicaciones\\\/\",\"https:\\\/\\\/x.com\\\/cmf_w\",\"https:\\\/\\\/www.youtube.com\\\/@WMCMF\"]}]}<\/script>\n<!-- \/ Yoast SEO plugin. -->","yoast_head_json":{"title":"Alison Peacock: Los profesores est\u00e1n trabajando demasiado y no se sienten bien con lo que hacen","description":"Es importante que vuelvan a disfrutar para que puedan proporcionar mejores experiencias a sus estudiantes. Queremos redescubrir el...","robots":{"index":"index","follow":"follow","max-snippet":"max-snippet:-1","max-image-preview":"max-image-preview:large","max-video-preview":"max-video-preview:-1"},"canonical":"https:\/\/webdelmaestrocmf.com\/portal\/los-profesores-estan-trabajando-demasiado-no-se-sienten-bien-lo-hacen\/","og_locale":"es_ES","og_type":"article","og_title":"Alison Peacock: Los profesores est\u00e1n trabajando demasiado y no se sienten bien con lo que hacen","og_description":"Es importante que vuelvan a disfrutar para que puedan proporcionar mejores experiencias a sus estudiantes. Queremos redescubrir el...","og_url":"https:\/\/webdelmaestrocmf.com\/portal\/los-profesores-estan-trabajando-demasiado-no-se-sienten-bien-lo-hacen\/","og_site_name":"Web del Maestro CMF","article_publisher":"https:\/\/www.facebook.com\/WebdelMaestroCMF\/","article_author":"https:\/\/www.facebook.com\/WebdelMaestroCMF\/","article_published_time":"2022-06-27T02:33:28+00:00","article_modified_time":"2022-08-22T14:30:24+00:00","og_image":[{"width":900,"height":556,"url":"https:\/\/i0.wp.com\/webdelmaestrocmf.com\/portal\/wp-content\/uploads\/2019\/07\/2a-1.jpg?fit=900%2C556&ssl=1","type":"image\/jpeg"}],"author":"Web del Maestro CMF","twitter_card":"summary_large_image","twitter_creator":"@cmf_w","twitter_site":"@cmf_w","schema":{"@context":"https:\/\/schema.org","@graph":[{"@type":"ScholarlyArticle","@id":"https:\/\/webdelmaestrocmf.com\/portal\/los-profesores-estan-trabajando-demasiado-no-se-sienten-bien-lo-hacen\/#article","isPartOf":{"@id":"https:\/\/webdelmaestrocmf.com\/portal\/los-profesores-estan-trabajando-demasiado-no-se-sienten-bien-lo-hacen\/"},"author":{"name":"Web del Maestro CMF","@id":"https:\/\/webdelmaestrocmf.com\/portal\/#\/schema\/person\/1072a2ed7bd960df8ef99a551fa35dc5"},"headline":"Alison Peacock: Los profesores est\u00e1n trabajando demasiado y no se sienten bien con lo que hacen","datePublished":"2022-06-27T02:33:28+00:00","dateModified":"2022-08-22T14:30:24+00:00","mainEntityOfPage":{"@id":"https:\/\/webdelmaestrocmf.com\/portal\/los-profesores-estan-trabajando-demasiado-no-se-sienten-bien-lo-hacen\/"},"wordCount":1955,"commentCount":0,"publisher":{"@id":"https:\/\/webdelmaestrocmf.com\/portal\/#organization"},"image":{"@id":"https:\/\/webdelmaestrocmf.com\/portal\/los-profesores-estan-trabajando-demasiado-no-se-sienten-bien-lo-hacen\/#primaryimage"},"thumbnailUrl":"https:\/\/webdelmaestrocmf.com\/portal\/wp-content\/uploads\/2019\/07\/2a-1.jpg","keywords":["Alison Peacock","AMBIENTE","BUEN","CONFIANZA","DEMASIADO","profesores","TRABAJANDO"],"articleSection":["Entrevistas","Noticias"],"inLanguage":"es","potentialAction":[{"@type":"CommentAction","name":"Comment","target":["https:\/\/webdelmaestrocmf.com\/portal\/los-profesores-estan-trabajando-demasiado-no-se-sienten-bien-lo-hacen\/#respond"]}]},{"@type":"WebPage","@id":"https:\/\/webdelmaestrocmf.com\/portal\/los-profesores-estan-trabajando-demasiado-no-se-sienten-bien-lo-hacen\/","url":"https:\/\/webdelmaestrocmf.com\/portal\/los-profesores-estan-trabajando-demasiado-no-se-sienten-bien-lo-hacen\/","name":"Alison Peacock: Los profesores est\u00e1n trabajando demasiado y no se sienten bien con lo que hacen","isPartOf":{"@id":"https:\/\/webdelmaestrocmf.com\/portal\/#website"},"primaryImageOfPage":{"@id":"https:\/\/webdelmaestrocmf.com\/portal\/los-profesores-estan-trabajando-demasiado-no-se-sienten-bien-lo-hacen\/#primaryimage"},"image":{"@id":"https:\/\/webdelmaestrocmf.com\/portal\/los-profesores-estan-trabajando-demasiado-no-se-sienten-bien-lo-hacen\/#primaryimage"},"thumbnailUrl":"https:\/\/webdelmaestrocmf.com\/portal\/wp-content\/uploads\/2019\/07\/2a-1.jpg","datePublished":"2022-06-27T02:33:28+00:00","dateModified":"2022-08-22T14:30:24+00:00","description":"Es importante que vuelvan a disfrutar para que puedan proporcionar mejores experiencias a sus estudiantes. Queremos redescubrir el...","breadcrumb":{"@id":"https:\/\/webdelmaestrocmf.com\/portal\/los-profesores-estan-trabajando-demasiado-no-se-sienten-bien-lo-hacen\/#breadcrumb"},"inLanguage":"es","potentialAction":[{"@type":"ReadAction","target":["https:\/\/webdelmaestrocmf.com\/portal\/los-profesores-estan-trabajando-demasiado-no-se-sienten-bien-lo-hacen\/"]}]},{"@type":"ImageObject","inLanguage":"es","@id":"https:\/\/webdelmaestrocmf.com\/portal\/los-profesores-estan-trabajando-demasiado-no-se-sienten-bien-lo-hacen\/#primaryimage","url":"https:\/\/webdelmaestrocmf.com\/portal\/wp-content\/uploads\/2019\/07\/2a-1.jpg","contentUrl":"https:\/\/webdelmaestrocmf.com\/portal\/wp-content\/uploads\/2019\/07\/2a-1.jpg","width":900,"height":556},{"@type":"BreadcrumbList","@id":"https:\/\/webdelmaestrocmf.com\/portal\/los-profesores-estan-trabajando-demasiado-no-se-sienten-bien-lo-hacen\/#breadcrumb","itemListElement":[{"@type":"ListItem","position":1,"name":"Portada","item":"https:\/\/webdelmaestrocmf.com\/portal\/"},{"@type":"ListItem","position":2,"name":"Noticias","item":"https:\/\/webdelmaestrocmf.com\/portal\/category\/noticias\/"},{"@type":"ListItem","position":3,"name":"Alison Peacock: Los profesores est\u00e1n trabajando demasiado y no se sienten bien con lo que hacen"}]},{"@type":"WebSite","@id":"https:\/\/webdelmaestrocmf.com\/portal\/#website","url":"https:\/\/webdelmaestrocmf.com\/portal\/","name":"Web del Maestro CMF","description":"Maestros al servicio de la educaci\u00f3n","publisher":{"@id":"https:\/\/webdelmaestrocmf.com\/portal\/#organization"},"alternateName":"WMCMF","potentialAction":[{"@type":"SearchAction","target":{"@type":"EntryPoint","urlTemplate":"https:\/\/webdelmaestrocmf.com\/portal\/?s={search_term_string}"},"query-input":{"@type":"PropertyValueSpecification","valueRequired":true,"valueName":"search_term_string"}}],"inLanguage":"es"},{"@type":"Organization","@id":"https:\/\/webdelmaestrocmf.com\/portal\/#organization","name":"Web del Maestro CMF","alternateName":"WMCMF","url":"https:\/\/webdelmaestrocmf.com\/portal\/","logo":{"@type":"ImageObject","inLanguage":"es","@id":"https:\/\/webdelmaestrocmf.com\/portal\/#\/schema\/logo\/image\/","url":"https:\/\/webdelmaestrocmf.com\/portal\/wp-content\/uploads\/2023\/01\/logo-wmcmf-2.png","contentUrl":"https:\/\/webdelmaestrocmf.com\/portal\/wp-content\/uploads\/2023\/01\/logo-wmcmf-2.png","width":200,"height":60,"caption":"Web del Maestro CMF"},"image":{"@id":"https:\/\/webdelmaestrocmf.com\/portal\/#\/schema\/logo\/image\/"},"sameAs":["https:\/\/www.facebook.com\/WebdelMaestroCMF\/","https:\/\/x.com\/cmf_w","https:\/\/www.pinterest.com\/WMCMF\/","https:\/\/www.linkedin.com\/company\/web-del-maestro-cmf\/","https:\/\/www.instagram.com\/wmcmf\/","https:\/\/www.youtube.com\/channel\/UCDPSvjbdodE5sHnC3OxutHw","https:\/\/mastodon.social\/@wmcmf","https:\/\/www.tiktok.com\/@webdelmaestrocmf"]},{"@type":"Person","@id":"https:\/\/webdelmaestrocmf.com\/portal\/#\/schema\/person\/1072a2ed7bd960df8ef99a551fa35dc5","name":"Web del Maestro CMF","image":{"@type":"ImageObject","inLanguage":"es","@id":"https:\/\/secure.gravatar.com\/avatar\/23291dd5b5ae1077dcff3dbb04c3e02bd28403fa75af6d8787d5e97c5bbbe30b?s=96&d=mm&r=g","url":"https:\/\/secure.gravatar.com\/avatar\/23291dd5b5ae1077dcff3dbb04c3e02bd28403fa75af6d8787d5e97c5bbbe30b?s=96&d=mm&r=g","contentUrl":"https:\/\/secure.gravatar.com\/avatar\/23291dd5b5ae1077dcff3dbb04c3e02bd28403fa75af6d8787d5e97c5bbbe30b?s=96&d=mm&r=g","caption":"Web del Maestro CMF"},"description":"Esta Web se cre\u00f3 sin fines de lucro, con fines educativos, cient\u00edficos y acad\u00e9micos, para personas que tengan dificultades y\/o inconvenientes en visualizar el material original. El objetivo es entregar recursos, compartir experiencias y materiales que ayuden a los padres de familia, maestros y estudiantes en su actualizaci\u00f3n y formaci\u00f3n permanente, en bien de la Educaci\u00f3n.","sameAs":["http:\/\/webdelmaestrocmf.com\/portal","https:\/\/www.facebook.com\/WebdelMaestroCMF\/","https:\/\/www.instagram.com\/wmcmf\/","https:\/\/cl.linkedin.com\/company\/web-del-maestro-cmf","https:\/\/www.pinterest.com\/WMCMF\/publicaciones\/","https:\/\/x.com\/cmf_w","https:\/\/www.youtube.com\/@WMCMF"]}]}},"jetpack_featured_media_url":"https:\/\/webdelmaestrocmf.com\/portal\/wp-content\/uploads\/2019\/07\/2a-1.jpg","jetpack_sharing_enabled":true,"jetpack-related-posts":[{"id":72023,"url":"https:\/\/webdelmaestrocmf.com\/portal\/los-ninos-como-pequenos-cientificos-van-por-ahi-intentando-dar-sentido-al-mundo-que-los-rodea\/","url_meta":{"origin":20567,"position":0},"title":"Los ni\u00f1os como peque\u00f1os cient\u00edficos, van por ah\u00ed intentando dar sentido al mundo que los rodea","author":"Web del Maestro CMF","date":"14 diciembre, 2021","format":"video","excerpt":"Alison Gopnik (Filadelfia, USA,1955) es una profesora licenciada en psicolog\u00eda y profesora afiliada de filosof\u00eda en la Universidad de California, Berkeley (USA). Es conocida por su trabajo en las \u00e1reas de desarrollo cognitivo y del lenguaje, especializ\u00e1ndose en el efecto del lenguaje en el pensamiento, el desarrollo de una teor\u00eda\u2026","rel":"","context":"En \u00abCharlas\u00bb","block_context":{"text":"Charlas","link":"https:\/\/webdelmaestrocmf.com\/portal\/category\/charlas\/"},"img":{"alt_text":"","src":"https:\/\/i0.wp.com\/webdelmaestrocmf.com\/portal\/wp-content\/uploads\/2021\/12\/1-24.jpg?resize=350%2C200&ssl=1","width":350,"height":200,"srcset":"https:\/\/i0.wp.com\/webdelmaestrocmf.com\/portal\/wp-content\/uploads\/2021\/12\/1-24.jpg?resize=350%2C200&ssl=1 1x, https:\/\/i0.wp.com\/webdelmaestrocmf.com\/portal\/wp-content\/uploads\/2021\/12\/1-24.jpg?resize=525%2C300&ssl=1 1.5x, https:\/\/i0.wp.com\/webdelmaestrocmf.com\/portal\/wp-content\/uploads\/2021\/12\/1-24.jpg?resize=700%2C400&ssl=1 2x, https:\/\/i0.wp.com\/webdelmaestrocmf.com\/portal\/wp-content\/uploads\/2021\/12\/1-24.jpg?resize=1050%2C600&ssl=1 3x"},"classes":[]},{"id":54681,"url":"https:\/\/webdelmaestrocmf.com\/portal\/alfredo-hernando-el-profesorado-durante-estos-meses-de-confinamiento-se-ha-formado-mas-y-ha-trabajado-mas\/","url_meta":{"origin":20567,"position":1},"title":"Alfredo Hernando: Propuestas de metodolog\u00edas de aprendizaje y modos de enfrentar el cambio educativo.","author":"Web del Maestro CMF","date":"17 noviembre, 2020","format":false,"excerpt":"El educador e investigador espa\u00f1ol Alfredo Hernando Calvo, ha obtenido\u00a0 un Certificado de Aptitud Pedag\u00f3gica y Profesor especialista en la ense\u00f1anza del espa\u00f1ol como lengua extranjera por la Universidad Complutense (Madrid) Universidad Complutense de Madrid, Especialista en tecnolog\u00edas de la informaci\u00f3n y la comunicaci\u00f3n. Herramientas para el profesorado por la\u2026","rel":"","context":"En \u00abEntrevistas\u00bb","block_context":{"text":"Entrevistas","link":"https:\/\/webdelmaestrocmf.com\/portal\/category\/noticias\/entrevistas\/"},"img":{"alt_text":"","src":"https:\/\/i0.wp.com\/webdelmaestrocmf.com\/portal\/wp-content\/uploads\/2020\/11\/2-copia-4.jpg?resize=350%2C200&ssl=1","width":350,"height":200,"srcset":"https:\/\/i0.wp.com\/webdelmaestrocmf.com\/portal\/wp-content\/uploads\/2020\/11\/2-copia-4.jpg?resize=350%2C200&ssl=1 1x, https:\/\/i0.wp.com\/webdelmaestrocmf.com\/portal\/wp-content\/uploads\/2020\/11\/2-copia-4.jpg?resize=525%2C300&ssl=1 1.5x, https:\/\/i0.wp.com\/webdelmaestrocmf.com\/portal\/wp-content\/uploads\/2020\/11\/2-copia-4.jpg?resize=700%2C400&ssl=1 2x, https:\/\/i0.wp.com\/webdelmaestrocmf.com\/portal\/wp-content\/uploads\/2020\/11\/2-copia-4.jpg?resize=1050%2C600&ssl=1 3x"},"classes":[]},{"id":67217,"url":"https:\/\/webdelmaestrocmf.com\/portal\/fernando-perez-lo-principal-es-querer-al-alumno-la-premisa-de-un-profesor-normalista\/","url_meta":{"origin":20567,"position":2},"title":"Fernando P\u00e9rez: \u201cLo principal es querer al alumno\u201d, la premisa de un profesor normalista","author":"Web del Maestro CMF","date":"28 agosto, 2021","format":false,"excerpt":"Fernando P\u00e9rez tiene 67 a\u00f1os y desde 2015 es el director del Colegio Grace School. Ah\u00ed es el \u00fanico profesor nomalista. En una entrevista exclusiva con Elige Educar nos cuenta lo que significa para \u00e9l haber sido parte de la Escuela Normal Superior Jos\u00e9 Abelardo N\u00fa\u00f1ez, la primera instituci\u00f3n formadora\u2026","rel":"","context":"En \u00abEntrevistas\u00bb","block_context":{"text":"Entrevistas","link":"https:\/\/webdelmaestrocmf.com\/portal\/category\/noticias\/entrevistas\/"},"img":{"alt_text":"","src":"https:\/\/i0.wp.com\/webdelmaestrocmf.com\/portal\/wp-content\/uploads\/2021\/08\/1-DESKTOP-DLIPULV.jpg?resize=350%2C200&ssl=1","width":350,"height":200,"srcset":"https:\/\/i0.wp.com\/webdelmaestrocmf.com\/portal\/wp-content\/uploads\/2021\/08\/1-DESKTOP-DLIPULV.jpg?resize=350%2C200&ssl=1 1x, https:\/\/i0.wp.com\/webdelmaestrocmf.com\/portal\/wp-content\/uploads\/2021\/08\/1-DESKTOP-DLIPULV.jpg?resize=525%2C300&ssl=1 1.5x, https:\/\/i0.wp.com\/webdelmaestrocmf.com\/portal\/wp-content\/uploads\/2021\/08\/1-DESKTOP-DLIPULV.jpg?resize=700%2C400&ssl=1 2x, https:\/\/i0.wp.com\/webdelmaestrocmf.com\/portal\/wp-content\/uploads\/2021\/08\/1-DESKTOP-DLIPULV.jpg?resize=1050%2C600&ssl=1 3x"},"classes":[]},{"id":75249,"url":"https:\/\/webdelmaestrocmf.com\/portal\/mira-la-palabra-con-a-una-conmovedora-serie-que-muestra-como-inicia-el-autismo-en-los-ninos-y-como-pueden-sobrellevarlo-con-ayuda-de-sus-padres\/","url_meta":{"origin":20567,"position":3},"title":"\u00abLa palabra con A\u00bb, una conmovedora serie que muestra como inicia el Autismo en los ni\u00f1os y c\u00f3mo pueden sobrellevarlo con ayuda de sus padres","author":"Web del Maestro CMF","date":"13 mayo, 2022","format":false,"excerpt":"La historia de una familia brit\u00e1nica que con el paso del tiempo descubre que el hijo menor es autista es el concepto original de The A Word, una serie de la BBC que estuvo inspirada en el trama israel\u00ed Yellow Peppers y que HBOMax la tiene en su cartelera en\u2026","rel":"","context":"En \u00abPel\u00edculas\u00bb","block_context":{"text":"Pel\u00edculas","link":"https:\/\/webdelmaestrocmf.com\/portal\/category\/pedagogia\/peliculas\/"},"img":{"alt_text":"","src":"https:\/\/i0.wp.com\/webdelmaestrocmf.com\/portal\/wp-content\/uploads\/2022\/03\/1ss-14.jpg?resize=350%2C200&ssl=1","width":350,"height":200,"srcset":"https:\/\/i0.wp.com\/webdelmaestrocmf.com\/portal\/wp-content\/uploads\/2022\/03\/1ss-14.jpg?resize=350%2C200&ssl=1 1x, https:\/\/i0.wp.com\/webdelmaestrocmf.com\/portal\/wp-content\/uploads\/2022\/03\/1ss-14.jpg?resize=525%2C300&ssl=1 1.5x, https:\/\/i0.wp.com\/webdelmaestrocmf.com\/portal\/wp-content\/uploads\/2022\/03\/1ss-14.jpg?resize=700%2C400&ssl=1 2x, https:\/\/i0.wp.com\/webdelmaestrocmf.com\/portal\/wp-content\/uploads\/2022\/03\/1ss-14.jpg?resize=1050%2C600&ssl=1 3x"},"classes":[]},{"id":61842,"url":"https:\/\/webdelmaestrocmf.com\/portal\/francesc-imbernon-munoz-tiene-que-haber-un-cambio-de-organizacion-de-estructura-de-curriculo-y-del-profesorado-y-de-su-formacion\/","url_meta":{"origin":20567,"position":4},"title":"Francesc Imbernon Mu\u00f1oz: Tiene que haber un cambio de organizaci\u00f3n, de estructura, de curr\u00edculo y del profesorado y de su formaci\u00f3n","author":"Web del Maestro CMF","date":"16 abril, 2021","format":false,"excerpt":"El profesor Francesc Imbern\u00f3n Mu\u00f1oz (1952) es Doctor en Filosof\u00eda y Ciencias de la Educaci\u00f3n, investigador y catedr\u00e1tico de Did\u00e1ctica y Organizaci\u00f3n Educativa; director del Observatorio Internacional de la Profesi\u00f3n Docente de la Universidad de Barcelona (Espa\u00f1a) y director de Calidad de Investigaci\u00f3n e Innovaci\u00f3n (FODIP). \u201cHa impartido muchos cursos\u2026","rel":"","context":"En \u00abEntrevistas\u00bb","block_context":{"text":"Entrevistas","link":"https:\/\/webdelmaestrocmf.com\/portal\/category\/noticias\/entrevistas\/"},"img":{"alt_text":"","src":"https:\/\/i0.wp.com\/webdelmaestrocmf.com\/portal\/wp-content\/uploads\/2021\/04\/2-copia.jpg?resize=350%2C200&ssl=1","width":350,"height":200,"srcset":"https:\/\/i0.wp.com\/webdelmaestrocmf.com\/portal\/wp-content\/uploads\/2021\/04\/2-copia.jpg?resize=350%2C200&ssl=1 1x, https:\/\/i0.wp.com\/webdelmaestrocmf.com\/portal\/wp-content\/uploads\/2021\/04\/2-copia.jpg?resize=525%2C300&ssl=1 1.5x, https:\/\/i0.wp.com\/webdelmaestrocmf.com\/portal\/wp-content\/uploads\/2021\/04\/2-copia.jpg?resize=700%2C400&ssl=1 2x, https:\/\/i0.wp.com\/webdelmaestrocmf.com\/portal\/wp-content\/uploads\/2021\/04\/2-copia.jpg?resize=1050%2C600&ssl=1 3x"},"classes":[]},{"id":30849,"url":"https:\/\/webdelmaestrocmf.com\/portal\/se-calcula-que-se-ha-triplicado-el-trabajo-burocratico-del-profesor\/","url_meta":{"origin":20567,"position":5},"title":"Se calcula que se ha triplicado el trabajo burocr\u00e1tico del profesor","author":"Web del Maestro CMF","date":"29 agosto, 2018","format":false,"excerpt":"El Profesor Mat\u00edas M\u00e9ndez de nacionalidad espa\u00f1ola, formado en la Universidad Cat\u00f3lica San Antonio de Murcia (Espa\u00f1a), sostiene que \u201cse nos llena la boca de que nuestra crisis es una crisis de valores y no s\u00f3lo nos quedamos at\u00f3nitos ante esta realidad, sino que la fomentamos\u201d. Afirma tambi\u00e9n que el\u2026","rel":"","context":"En \u00abEntrevistas\u00bb","block_context":{"text":"Entrevistas","link":"https:\/\/webdelmaestrocmf.com\/portal\/category\/noticias\/entrevistas\/"},"img":{"alt_text":"","src":"https:\/\/i0.wp.com\/webdelmaestrocmf.com\/portal\/wp-content\/uploads\/2018\/08\/2-22.jpg?resize=350%2C200&ssl=1","width":350,"height":200,"srcset":"https:\/\/i0.wp.com\/webdelmaestrocmf.com\/portal\/wp-content\/uploads\/2018\/08\/2-22.jpg?resize=350%2C200&ssl=1 1x, https:\/\/i0.wp.com\/webdelmaestrocmf.com\/portal\/wp-content\/uploads\/2018\/08\/2-22.jpg?resize=525%2C300&ssl=1 1.5x, https:\/\/i0.wp.com\/webdelmaestrocmf.com\/portal\/wp-content\/uploads\/2018\/08\/2-22.jpg?resize=700%2C400&ssl=1 2x, https:\/\/i0.wp.com\/webdelmaestrocmf.com\/portal\/wp-content\/uploads\/2018\/08\/2-22.jpg?resize=1050%2C600&ssl=1 3x"},"classes":[]}],"_links":{"self":[{"href":"https:\/\/webdelmaestrocmf.com\/portal\/wp-json\/wp\/v2\/posts\/20567","targetHints":{"allow":["GET"]}}],"collection":[{"href":"https:\/\/webdelmaestrocmf.com\/portal\/wp-json\/wp\/v2\/posts"}],"about":[{"href":"https:\/\/webdelmaestrocmf.com\/portal\/wp-json\/wp\/v2\/types\/post"}],"author":[{"embeddable":true,"href":"https:\/\/webdelmaestrocmf.com\/portal\/wp-json\/wp\/v2\/users\/1"}],"replies":[{"embeddable":true,"href":"https:\/\/webdelmaestrocmf.com\/portal\/wp-json\/wp\/v2\/comments?post=20567"}],"version-history":[{"count":0,"href":"https:\/\/webdelmaestrocmf.com\/portal\/wp-json\/wp\/v2\/posts\/20567\/revisions"}],"wp:featuredmedia":[{"embeddable":true,"href":"https:\/\/webdelmaestrocmf.com\/portal\/wp-json\/wp\/v2\/media\/77968"}],"wp:attachment":[{"href":"https:\/\/webdelmaestrocmf.com\/portal\/wp-json\/wp\/v2\/media?parent=20567"}],"wp:term":[{"taxonomy":"category","embeddable":true,"href":"https:\/\/webdelmaestrocmf.com\/portal\/wp-json\/wp\/v2\/categories?post=20567"},{"taxonomy":"post_tag","embeddable":true,"href":"https:\/\/webdelmaestrocmf.com\/portal\/wp-json\/wp\/v2\/tags?post=20567"}],"curies":[{"name":"wp","href":"https:\/\/api.w.org\/{rel}","templated":true}]}}