{"id":20540,"date":"2017-07-18T16:02:16","date_gmt":"2017-07-18T20:02:16","guid":{"rendered":"http:\/\/webdelmaestrocmf.com\/portal\/?p=20540"},"modified":"2021-10-23T20:24:28","modified_gmt":"2021-10-23T23:24:28","slug":"otra-lectura-la-teoria-del-aprendizaje-ivan-pavlov","status":"publish","type":"post","link":"https:\/\/webdelmaestrocmf.com\/portal\/otra-lectura-la-teoria-del-aprendizaje-ivan-pavlov\/","title":{"rendered":"Otra lectura de la teor\u00eda del aprendizaje de Iv\u00e1n Pavlov"},"content":{"rendered":"<h5 style=\"text-align: justify;\">El Fisi\u00f3logo y psic\u00f3logo ruso Iv\u00e1n Petr\u00f3vich Pavlov \u00a0(1849-1936), sostuvo que el <strong>condicionamiento cl\u00e1sico<\/strong> <strong>es un tipo de aprendizaje<\/strong> y comportamiento \u201cque\u00a0 consiste en <strong>ajustar un est\u00edmulo natural<\/strong> con su respuesta natural y <strong>conectarlo<\/strong> con un segundo est\u00edmulo <strong>para generar una respuesta<\/strong> que no se da naturalmente\u201d, as\u00ed por ejemplo <strong>el profesor<\/strong> \u201ccondiciona a los alumnos del sal\u00f3n de clases, dici\u00e9ndoles que si no entran despu\u00e9s que son\u00f3 el timbre (<strong>est\u00edmulo condicionado<\/strong>), perder\u00e1n un punto en su calificaci\u00f3n, por lo tanto los condiciona a que entren temprano (<strong>respuesta condicionada<\/strong>)\u201d (SOMOS PEDAGOG\u00cdA).<\/h5>\n<p><!--more--><\/p>\n<p style=\"text-align: justify;\">Como educadores, debemos profundizar (ahora con nuestra experiencia) nuestro conocimiento sobre el aporte a la educaci\u00f3n de Pavlov, y releer su propuesta: \u201c<strong>el que aprende<\/strong> s\u00f3lo tiene que <strong>concentrarse<\/strong> en metas claras y es capaz de responder con rapidez, cuando se le presenta una situaci\u00f3n relacionada con lo que a su alrededor pueda acontecer o sencillamente establecido en las <strong>metas del aprendizaje<\/strong>, por lo que la adquisici\u00f3n de destrezas y habilidades, en el razonamiento y en la adquisici\u00f3n de conceptos, son base esenciales en el <strong>desarrollo y evoluci\u00f3n pedag\u00f3gica y educativa del alumno<\/strong>, donde el est\u00edmulo le sigue a una respuesta, considerando el entorno como un conjunto de est\u00edmulos respuesta\u201d (\u201cAportes a nivel educativo de las siguientes teorias: Vigostky, Freud, Pavlov, Piaget. Skinner y Bandura\u201d, por Mery Escobar, Katherine Parada y Rubi Velasco).<\/p>\n<p style=\"text-align: justify;\">La BBC Mundo, en su Serie \u00abScience Stories\u00bb, ha publicado un art\u00edculo sobre la personalidad de Pavlov, su ambiente social, su situaci\u00f3n frente a la Revoluci\u00f3n\u00a0 Rusa, sus investigaciones cient\u00edficas, su cuidado por la precisi\u00f3n que debe tener la ciencia, el c\u00f3mo cualquier cambio del entorno hac\u00eda que las asociaciones aprendidas se debilitaran, y c\u00f3mo es \u201casociado con los tipos m\u00e1s vulgares de conductismo -en los que la gente trata de entrenar a otros d\u00e1ndoles premios o castigos-, cuando toda su investigaci\u00f3n mostr\u00f3 que <strong>el cerebro es mucho m\u00e1s sutil y complejo<\/strong> que eso\u201d.<\/p>\n<p style=\"text-align: justify;\">Nos puede ser muy \u00fatil, para nuestra actualizaci\u00f3n, conocer que existe una nueva lectura de su teor\u00eda, porque <strong>tradujeron mal<\/strong> una palabra en ruso que significa <strong>condicional, como condicionado<\/strong>, seg\u00fan Victoria Donovan, historiadora cultural de la Rusia Sovi\u00e9tica que se especializa en memoria hist\u00f3rica. De manera que lo que Pavlov dijo, era que la respuesta de los perros era <strong>condicional<\/strong>, es decir, depend\u00eda de lo que lo rodeaba, en vez <strong>de condicionado, como un reflejo<\/strong>. Se presenta hoy una nueva propuesta para saber que si lo que se aprende es la conexi\u00f3n entre los dos est\u00edmulos.<\/p>\n<p style=\"text-align: justify;\">Si est\u00e1 interesado en el tema, y\/o desea actualizar su conocimiento sobre la teor\u00eda del aprendizaje de Iv\u00e1n Pavlov, le recomendamos la lectura del art\u00edculo <a href=\"http:\/\/www.bbc.com\/mundo\/noticias-40408816\" target=\"_blank\" rel=\"noopener\"><strong>\u00bfY SI NO TODO LO QUE CREES SABER SOBRE PAVLOV Y SUS REFLEJOS CONDICIONADOS ES CIERTO?<\/strong><\/a><\/p>\n<p style=\"text-align: right;\"><strong>REDACCI\u00d3N WEB DEL MAESTRO CMF<\/strong><\/p>\n\t\t<div class=\"pk-inline-posts\">\n\t\t\t\n\t\t\t<div class=\"pk-inline-posts-container pk-inline-posts-template-list\"\n\t\t\t\tdata-columns=\"1\">\n\t\t\t\t\t\t<article id=\"post-118333\" class=\"post-118333 post type-post status-publish format-standard has-post-thumbnail category-jamb tag-apego tag-crianza tag-docentes tag-educacion tag-escuela tag-familia tag-infancia tag-responsabilidad tag-vinculo cs-entry cs-video-wrap\">\n\t\t\t<div class=\"pk-post-outer\">\n\n\t\t\t\t\t\t\t\t<div class=\"pk-post-inner\">\n\t\t\t\t\t<div class=\"entry-thumbnail\">\n\t\t\t\t\t\t<div class=\"pk-overlay pk-overlay-ratio pk-ratio-landscape\">\n\t\t\t\t\t\t\t<div class=\"pk-overlay-background\">\n\t\t\t\t\t\t\t\t<a href=\"https:\/\/webdelmaestrocmf.com\/portal\/el-sistema-nos-rompe-a-todos-y-a-los-ninos-primero\/\" class=\"pk-overlay-link\">\n\t\t\t\t\t\t\t\t\t<img loading=\"lazy\" decoding=\"async\" width=\"300\" height=\"225\" src=\"https:\/\/webdelmaestrocmf.com\/portal\/wp-content\/uploads\/2026\/04\/1AA-Banner-1-portada-imagen-10-1-copia-2-300x225.jpg\" class=\"attachment-pk-thumbnail size-pk-thumbnail wp-post-image\" alt=\"\" \/>\t\t\t\t\t\t\t\t<\/a>\n\t\t\t\t\t\t\t<\/div>\n\t\t\t\t\t\t<\/div>\n\t\t\t\t\t<\/div>\n\t\t\t\t<\/div>\n\t\t\t\t\n\t\t\t\t<div class=\"pk-post-inner\">\n\t\t\t\t\t<header>\n\t\t\t\t\t\t<h3 class=\"pk-title\"><a href=\"https:\/\/webdelmaestrocmf.com\/portal\/el-sistema-nos-rompe-a-todos-y-a-los-ninos-primero\/\" rel=\"bookmark\">El sistema nos rompe a todos\u2026 y a los ni\u00f1os primero<\/a><\/h3>\t\t\t\t\t<\/header><!-- .entry-header -->\n\t\t\t\t<\/div><!-- .post-inner -->\n\n\t\t\t<\/div><!-- .post-outer -->\n\t\t<\/article>\n\t\t\t\t<\/div>\n\t\t<\/div>\n\t\t\n","protected":false},"excerpt":{"rendered":"El Fisi\u00f3logo y psic\u00f3logo ruso Iv\u00e1n Petr\u00f3vich Pavlov \u00a0(1849-1936), sostuvo que el condicionamiento cl\u00e1sico es un tipo de&hellip;","protected":false},"author":2,"featured_media":69780,"comment_status":"open","ping_status":"open","sticky":false,"template":"","format":"standard","meta":{"csco_display_header_overlay":false,"csco_singular_sidebar":"default","csco_page_header_type":"default","csco_page_load_nextpost":"default","csco_post_video_location":[],"csco_post_video_location_hash":"","csco_post_video_url":"","csco_post_video_bg_start_time":0,"csco_post_video_bg_end_time":0,"csco_post_video_bg_volume":false,"_jetpack_memberships_contains_paid_content":false,"footnotes":""},"categories":[61],"tags":[77,2488,2487,2432,2485,2486,665],"class_list":{"0":"post-20540","1":"post","2":"type-post","3":"status-publish","4":"format-standard","5":"has-post-thumbnail","7":"category-jamb","8":"tag-aprendizaje","9":"tag-concentrar","10":"tag-condicionados","11":"tag-estimulos","12":"tag-ivan-pavlov","13":"tag-reflejos","14":"tag-teoria","15":"cs-entry","16":"cs-video-wrap"},"yoast_head":"<!-- This site is optimized with the Yoast SEO plugin v27.5 - https:\/\/yoast.com\/product\/yoast-seo-wordpress\/ -->\n<title>Otra lectura de la teor\u00eda del aprendizaje de Iv\u00e1n Pavlov<\/title>\n<meta name=\"description\" content=\"Como educadores, debemos profundizar (ahora con nuestra experiencia) nuestro conocimiento sobre el aporte a la educaci\u00f3n de Pavlov...\" \/>\n<meta name=\"robots\" content=\"index, follow, max-snippet:-1, max-image-preview:large, max-video-preview:-1\" \/>\n<link rel=\"canonical\" href=\"https:\/\/webdelmaestrocmf.com\/portal\/otra-lectura-la-teoria-del-aprendizaje-ivan-pavlov\/\" \/>\n<meta property=\"og:locale\" content=\"es_ES\" \/>\n<meta property=\"og:type\" content=\"article\" \/>\n<meta property=\"og:title\" content=\"Otra lectura de la teor\u00eda del aprendizaje de Iv\u00e1n Pavlov\" \/>\n<meta property=\"og:description\" content=\"Como educadores, debemos profundizar (ahora con nuestra experiencia) nuestro conocimiento sobre el aporte a la educaci\u00f3n de Pavlov...\" \/>\n<meta property=\"og:url\" content=\"https:\/\/webdelmaestrocmf.com\/portal\/otra-lectura-la-teoria-del-aprendizaje-ivan-pavlov\/\" \/>\n<meta property=\"og:site_name\" content=\"Web del Maestro CMF\" \/>\n<meta property=\"article:publisher\" content=\"https:\/\/www.facebook.com\/WebdelMaestroCMF\/\" \/>\n<meta property=\"article:author\" content=\"https:\/\/www.facebook.com\/WebdelMaestroCMF\/\" \/>\n<meta property=\"article:published_time\" content=\"2017-07-18T20:02:16+00:00\" \/>\n<meta property=\"article:modified_time\" content=\"2021-10-23T23:24:28+00:00\" \/>\n<meta property=\"og:image\" content=\"https:\/\/i0.wp.com\/webdelmaestrocmf.com\/portal\/wp-content\/uploads\/2017\/07\/a2-3.jpg?fit=1100%2C680&ssl=1\" \/>\n\t<meta property=\"og:image:width\" content=\"1100\" \/>\n\t<meta property=\"og:image:height\" content=\"680\" \/>\n\t<meta property=\"og:image:type\" content=\"image\/jpeg\" \/>\n<meta name=\"author\" content=\"Web del Maestro CMF\" \/>\n<meta name=\"twitter:card\" content=\"summary_large_image\" \/>\n<meta name=\"twitter:creator\" content=\"@cmf_w\" \/>\n<meta name=\"twitter:site\" content=\"@cmf_w\" \/>\n<script type=\"application\/ld+json\" class=\"yoast-schema-graph\">{\"@context\":\"https:\\\/\\\/schema.org\",\"@graph\":[{\"@type\":\"ScholarlyArticle\",\"@id\":\"https:\\\/\\\/webdelmaestrocmf.com\\\/portal\\\/otra-lectura-la-teoria-del-aprendizaje-ivan-pavlov\\\/#article\",\"isPartOf\":{\"@id\":\"https:\\\/\\\/webdelmaestrocmf.com\\\/portal\\\/otra-lectura-la-teoria-del-aprendizaje-ivan-pavlov\\\/\"},\"author\":{\"name\":\"Web del Maestro CMF\",\"@id\":\"https:\\\/\\\/webdelmaestrocmf.com\\\/portal\\\/#\\\/schema\\\/person\\\/ebc57e23d318c9c4270c6f41367015b5\"},\"headline\":\"Otra lectura de la teor\u00eda del aprendizaje de Iv\u00e1n Pavlov\",\"datePublished\":\"2017-07-18T20:02:16+00:00\",\"dateModified\":\"2021-10-23T23:24:28+00:00\",\"mainEntityOfPage\":{\"@id\":\"https:\\\/\\\/webdelmaestrocmf.com\\\/portal\\\/otra-lectura-la-teoria-del-aprendizaje-ivan-pavlov\\\/\"},\"wordCount\":522,\"commentCount\":0,\"publisher\":{\"@id\":\"https:\\\/\\\/webdelmaestrocmf.com\\\/portal\\\/#organization\"},\"image\":{\"@id\":\"https:\\\/\\\/webdelmaestrocmf.com\\\/portal\\\/otra-lectura-la-teoria-del-aprendizaje-ivan-pavlov\\\/#primaryimage\"},\"thumbnailUrl\":\"https:\\\/\\\/webdelmaestrocmf.com\\\/portal\\\/wp-content\\\/uploads\\\/2017\\\/07\\\/a2-3.jpg\",\"keywords\":[\"aprendizaje\",\"concentrar\",\"condicionados\",\"est\u00edmulos\",\"IV\u00c1N PAVLOV\",\"reflejos\",\"TEOR\u00cdA\"],\"articleSection\":[\"Yo opino - WMCMF\"],\"inLanguage\":\"es\",\"potentialAction\":[{\"@type\":\"CommentAction\",\"name\":\"Comment\",\"target\":[\"https:\\\/\\\/webdelmaestrocmf.com\\\/portal\\\/otra-lectura-la-teoria-del-aprendizaje-ivan-pavlov\\\/#respond\"]}]},{\"@type\":\"WebPage\",\"@id\":\"https:\\\/\\\/webdelmaestrocmf.com\\\/portal\\\/otra-lectura-la-teoria-del-aprendizaje-ivan-pavlov\\\/\",\"url\":\"https:\\\/\\\/webdelmaestrocmf.com\\\/portal\\\/otra-lectura-la-teoria-del-aprendizaje-ivan-pavlov\\\/\",\"name\":\"Otra lectura de la teor\u00eda del aprendizaje de Iv\u00e1n Pavlov\",\"isPartOf\":{\"@id\":\"https:\\\/\\\/webdelmaestrocmf.com\\\/portal\\\/#website\"},\"primaryImageOfPage\":{\"@id\":\"https:\\\/\\\/webdelmaestrocmf.com\\\/portal\\\/otra-lectura-la-teoria-del-aprendizaje-ivan-pavlov\\\/#primaryimage\"},\"image\":{\"@id\":\"https:\\\/\\\/webdelmaestrocmf.com\\\/portal\\\/otra-lectura-la-teoria-del-aprendizaje-ivan-pavlov\\\/#primaryimage\"},\"thumbnailUrl\":\"https:\\\/\\\/webdelmaestrocmf.com\\\/portal\\\/wp-content\\\/uploads\\\/2017\\\/07\\\/a2-3.jpg\",\"datePublished\":\"2017-07-18T20:02:16+00:00\",\"dateModified\":\"2021-10-23T23:24:28+00:00\",\"description\":\"Como educadores, debemos profundizar (ahora con nuestra experiencia) nuestro conocimiento sobre el aporte a la educaci\u00f3n de Pavlov...\",\"breadcrumb\":{\"@id\":\"https:\\\/\\\/webdelmaestrocmf.com\\\/portal\\\/otra-lectura-la-teoria-del-aprendizaje-ivan-pavlov\\\/#breadcrumb\"},\"inLanguage\":\"es\",\"potentialAction\":[{\"@type\":\"ReadAction\",\"target\":[\"https:\\\/\\\/webdelmaestrocmf.com\\\/portal\\\/otra-lectura-la-teoria-del-aprendizaje-ivan-pavlov\\\/\"]}]},{\"@type\":\"ImageObject\",\"inLanguage\":\"es\",\"@id\":\"https:\\\/\\\/webdelmaestrocmf.com\\\/portal\\\/otra-lectura-la-teoria-del-aprendizaje-ivan-pavlov\\\/#primaryimage\",\"url\":\"https:\\\/\\\/webdelmaestrocmf.com\\\/portal\\\/wp-content\\\/uploads\\\/2017\\\/07\\\/a2-3.jpg\",\"contentUrl\":\"https:\\\/\\\/webdelmaestrocmf.com\\\/portal\\\/wp-content\\\/uploads\\\/2017\\\/07\\\/a2-3.jpg\",\"width\":1100,\"height\":680},{\"@type\":\"BreadcrumbList\",\"@id\":\"https:\\\/\\\/webdelmaestrocmf.com\\\/portal\\\/otra-lectura-la-teoria-del-aprendizaje-ivan-pavlov\\\/#breadcrumb\",\"itemListElement\":[{\"@type\":\"ListItem\",\"position\":1,\"name\":\"Portada\",\"item\":\"https:\\\/\\\/webdelmaestrocmf.com\\\/portal\\\/\"},{\"@type\":\"ListItem\",\"position\":2,\"name\":\"Yo opino - WMCMF\",\"item\":\"https:\\\/\\\/webdelmaestrocmf.com\\\/portal\\\/category\\\/jamb\\\/\"},{\"@type\":\"ListItem\",\"position\":3,\"name\":\"Otra lectura de la teor\u00eda del aprendizaje de Iv\u00e1n Pavlov\"}]},{\"@type\":\"WebSite\",\"@id\":\"https:\\\/\\\/webdelmaestrocmf.com\\\/portal\\\/#website\",\"url\":\"https:\\\/\\\/webdelmaestrocmf.com\\\/portal\\\/\",\"name\":\"Web del Maestro CMF\",\"description\":\"Maestros al servicio de la educaci\u00f3n\",\"publisher\":{\"@id\":\"https:\\\/\\\/webdelmaestrocmf.com\\\/portal\\\/#organization\"},\"alternateName\":\"WMCMF\",\"potentialAction\":[{\"@type\":\"SearchAction\",\"target\":{\"@type\":\"EntryPoint\",\"urlTemplate\":\"https:\\\/\\\/webdelmaestrocmf.com\\\/portal\\\/?s={search_term_string}\"},\"query-input\":{\"@type\":\"PropertyValueSpecification\",\"valueRequired\":true,\"valueName\":\"search_term_string\"}}],\"inLanguage\":\"es\"},{\"@type\":\"Organization\",\"@id\":\"https:\\\/\\\/webdelmaestrocmf.com\\\/portal\\\/#organization\",\"name\":\"Web del Maestro CMF\",\"alternateName\":\"WMCMF\",\"url\":\"https:\\\/\\\/webdelmaestrocmf.com\\\/portal\\\/\",\"logo\":{\"@type\":\"ImageObject\",\"inLanguage\":\"es\",\"@id\":\"https:\\\/\\\/webdelmaestrocmf.com\\\/portal\\\/#\\\/schema\\\/logo\\\/image\\\/\",\"url\":\"https:\\\/\\\/webdelmaestrocmf.com\\\/portal\\\/wp-content\\\/uploads\\\/2023\\\/01\\\/logo-wmcmf-2.png\",\"contentUrl\":\"https:\\\/\\\/webdelmaestrocmf.com\\\/portal\\\/wp-content\\\/uploads\\\/2023\\\/01\\\/logo-wmcmf-2.png\",\"width\":200,\"height\":60,\"caption\":\"Web del Maestro CMF\"},\"image\":{\"@id\":\"https:\\\/\\\/webdelmaestrocmf.com\\\/portal\\\/#\\\/schema\\\/logo\\\/image\\\/\"},\"sameAs\":[\"https:\\\/\\\/www.facebook.com\\\/WebdelMaestroCMF\\\/\",\"https:\\\/\\\/x.com\\\/cmf_w\",\"https:\\\/\\\/www.pinterest.com\\\/WMCMF\\\/\",\"https:\\\/\\\/www.linkedin.com\\\/company\\\/web-del-maestro-cmf\\\/\",\"https:\\\/\\\/www.instagram.com\\\/wmcmf\\\/\",\"https:\\\/\\\/www.youtube.com\\\/channel\\\/UCDPSvjbdodE5sHnC3OxutHw\",\"https:\\\/\\\/mastodon.social\\\/@wmcmf\",\"https:\\\/\\\/www.tiktok.com\\\/@webdelmaestrocmf\"]},{\"@type\":\"Person\",\"@id\":\"https:\\\/\\\/webdelmaestrocmf.com\\\/portal\\\/#\\\/schema\\\/person\\\/ebc57e23d318c9c4270c6f41367015b5\",\"name\":\"Web del Maestro CMF\",\"image\":{\"@type\":\"ImageObject\",\"inLanguage\":\"es\",\"@id\":\"https:\\\/\\\/secure.gravatar.com\\\/avatar\\\/718b2df46e711f63dc8c16a160d16cc0104e961fe3c231eaaed2426975fc5e2d?s=96&d=mm&r=g\",\"url\":\"https:\\\/\\\/secure.gravatar.com\\\/avatar\\\/718b2df46e711f63dc8c16a160d16cc0104e961fe3c231eaaed2426975fc5e2d?s=96&d=mm&r=g\",\"contentUrl\":\"https:\\\/\\\/secure.gravatar.com\\\/avatar\\\/718b2df46e711f63dc8c16a160d16cc0104e961fe3c231eaaed2426975fc5e2d?s=96&d=mm&r=g\",\"caption\":\"Web del Maestro CMF\"},\"description\":\"Esta Web se cre\u00f3 sin fines de lucro, con fines educativos, cient\u00edficos y acad\u00e9micos, para personas que tengan dificultades y\\\/o inconvenientes en visualizar el material original. El objetivo es entregar recursos, compartir experiencias y materiales que ayuden a los padres de familia, maestros y estudiantes en su actualizaci\u00f3n y formaci\u00f3n permanente, en bien de la Educaci\u00f3n.\",\"sameAs\":[\"http:\\\/\\\/webdelmaestrocmf.com\\\/portal\",\"https:\\\/\\\/www.facebook.com\\\/WebdelMaestroCMF\\\/\",\"https:\\\/\\\/www.instagram.com\\\/wmcmf\\\/\",\"https:\\\/\\\/cl.linkedin.com\\\/company\\\/web-del-maestro-cmf\",\"https:\\\/\\\/www.pinterest.com\\\/WMCMF\\\/publicaciones\\\/\",\"https:\\\/\\\/x.com\\\/cmf_w\",\"https:\\\/\\\/www.youtube.com\\\/@WMCMF\"]}]}<\/script>\n<!-- \/ Yoast SEO plugin. -->","yoast_head_json":{"title":"Otra lectura de la teor\u00eda del aprendizaje de Iv\u00e1n Pavlov","description":"Como educadores, debemos profundizar (ahora con nuestra experiencia) nuestro conocimiento sobre el aporte a la educaci\u00f3n de Pavlov...","robots":{"index":"index","follow":"follow","max-snippet":"max-snippet:-1","max-image-preview":"max-image-preview:large","max-video-preview":"max-video-preview:-1"},"canonical":"https:\/\/webdelmaestrocmf.com\/portal\/otra-lectura-la-teoria-del-aprendizaje-ivan-pavlov\/","og_locale":"es_ES","og_type":"article","og_title":"Otra lectura de la teor\u00eda del aprendizaje de Iv\u00e1n Pavlov","og_description":"Como educadores, debemos profundizar (ahora con nuestra experiencia) nuestro conocimiento sobre el aporte a la educaci\u00f3n de Pavlov...","og_url":"https:\/\/webdelmaestrocmf.com\/portal\/otra-lectura-la-teoria-del-aprendizaje-ivan-pavlov\/","og_site_name":"Web del Maestro CMF","article_publisher":"https:\/\/www.facebook.com\/WebdelMaestroCMF\/","article_author":"https:\/\/www.facebook.com\/WebdelMaestroCMF\/","article_published_time":"2017-07-18T20:02:16+00:00","article_modified_time":"2021-10-23T23:24:28+00:00","og_image":[{"width":1100,"height":680,"url":"https:\/\/i0.wp.com\/webdelmaestrocmf.com\/portal\/wp-content\/uploads\/2017\/07\/a2-3.jpg?fit=1100%2C680&ssl=1","type":"image\/jpeg"}],"author":"Web del Maestro CMF","twitter_card":"summary_large_image","twitter_creator":"@cmf_w","twitter_site":"@cmf_w","schema":{"@context":"https:\/\/schema.org","@graph":[{"@type":"ScholarlyArticle","@id":"https:\/\/webdelmaestrocmf.com\/portal\/otra-lectura-la-teoria-del-aprendizaje-ivan-pavlov\/#article","isPartOf":{"@id":"https:\/\/webdelmaestrocmf.com\/portal\/otra-lectura-la-teoria-del-aprendizaje-ivan-pavlov\/"},"author":{"name":"Web del Maestro CMF","@id":"https:\/\/webdelmaestrocmf.com\/portal\/#\/schema\/person\/ebc57e23d318c9c4270c6f41367015b5"},"headline":"Otra lectura de la teor\u00eda del aprendizaje de Iv\u00e1n Pavlov","datePublished":"2017-07-18T20:02:16+00:00","dateModified":"2021-10-23T23:24:28+00:00","mainEntityOfPage":{"@id":"https:\/\/webdelmaestrocmf.com\/portal\/otra-lectura-la-teoria-del-aprendizaje-ivan-pavlov\/"},"wordCount":522,"commentCount":0,"publisher":{"@id":"https:\/\/webdelmaestrocmf.com\/portal\/#organization"},"image":{"@id":"https:\/\/webdelmaestrocmf.com\/portal\/otra-lectura-la-teoria-del-aprendizaje-ivan-pavlov\/#primaryimage"},"thumbnailUrl":"https:\/\/webdelmaestrocmf.com\/portal\/wp-content\/uploads\/2017\/07\/a2-3.jpg","keywords":["aprendizaje","concentrar","condicionados","est\u00edmulos","IV\u00c1N PAVLOV","reflejos","TEOR\u00cdA"],"articleSection":["Yo opino - WMCMF"],"inLanguage":"es","potentialAction":[{"@type":"CommentAction","name":"Comment","target":["https:\/\/webdelmaestrocmf.com\/portal\/otra-lectura-la-teoria-del-aprendizaje-ivan-pavlov\/#respond"]}]},{"@type":"WebPage","@id":"https:\/\/webdelmaestrocmf.com\/portal\/otra-lectura-la-teoria-del-aprendizaje-ivan-pavlov\/","url":"https:\/\/webdelmaestrocmf.com\/portal\/otra-lectura-la-teoria-del-aprendizaje-ivan-pavlov\/","name":"Otra lectura de la teor\u00eda del aprendizaje de Iv\u00e1n Pavlov","isPartOf":{"@id":"https:\/\/webdelmaestrocmf.com\/portal\/#website"},"primaryImageOfPage":{"@id":"https:\/\/webdelmaestrocmf.com\/portal\/otra-lectura-la-teoria-del-aprendizaje-ivan-pavlov\/#primaryimage"},"image":{"@id":"https:\/\/webdelmaestrocmf.com\/portal\/otra-lectura-la-teoria-del-aprendizaje-ivan-pavlov\/#primaryimage"},"thumbnailUrl":"https:\/\/webdelmaestrocmf.com\/portal\/wp-content\/uploads\/2017\/07\/a2-3.jpg","datePublished":"2017-07-18T20:02:16+00:00","dateModified":"2021-10-23T23:24:28+00:00","description":"Como educadores, debemos profundizar (ahora con nuestra experiencia) nuestro conocimiento sobre el aporte a la educaci\u00f3n de Pavlov...","breadcrumb":{"@id":"https:\/\/webdelmaestrocmf.com\/portal\/otra-lectura-la-teoria-del-aprendizaje-ivan-pavlov\/#breadcrumb"},"inLanguage":"es","potentialAction":[{"@type":"ReadAction","target":["https:\/\/webdelmaestrocmf.com\/portal\/otra-lectura-la-teoria-del-aprendizaje-ivan-pavlov\/"]}]},{"@type":"ImageObject","inLanguage":"es","@id":"https:\/\/webdelmaestrocmf.com\/portal\/otra-lectura-la-teoria-del-aprendizaje-ivan-pavlov\/#primaryimage","url":"https:\/\/webdelmaestrocmf.com\/portal\/wp-content\/uploads\/2017\/07\/a2-3.jpg","contentUrl":"https:\/\/webdelmaestrocmf.com\/portal\/wp-content\/uploads\/2017\/07\/a2-3.jpg","width":1100,"height":680},{"@type":"BreadcrumbList","@id":"https:\/\/webdelmaestrocmf.com\/portal\/otra-lectura-la-teoria-del-aprendizaje-ivan-pavlov\/#breadcrumb","itemListElement":[{"@type":"ListItem","position":1,"name":"Portada","item":"https:\/\/webdelmaestrocmf.com\/portal\/"},{"@type":"ListItem","position":2,"name":"Yo opino - WMCMF","item":"https:\/\/webdelmaestrocmf.com\/portal\/category\/jamb\/"},{"@type":"ListItem","position":3,"name":"Otra lectura de la teor\u00eda del aprendizaje de Iv\u00e1n Pavlov"}]},{"@type":"WebSite","@id":"https:\/\/webdelmaestrocmf.com\/portal\/#website","url":"https:\/\/webdelmaestrocmf.com\/portal\/","name":"Web del Maestro CMF","description":"Maestros al servicio de la educaci\u00f3n","publisher":{"@id":"https:\/\/webdelmaestrocmf.com\/portal\/#organization"},"alternateName":"WMCMF","potentialAction":[{"@type":"SearchAction","target":{"@type":"EntryPoint","urlTemplate":"https:\/\/webdelmaestrocmf.com\/portal\/?s={search_term_string}"},"query-input":{"@type":"PropertyValueSpecification","valueRequired":true,"valueName":"search_term_string"}}],"inLanguage":"es"},{"@type":"Organization","@id":"https:\/\/webdelmaestrocmf.com\/portal\/#organization","name":"Web del Maestro CMF","alternateName":"WMCMF","url":"https:\/\/webdelmaestrocmf.com\/portal\/","logo":{"@type":"ImageObject","inLanguage":"es","@id":"https:\/\/webdelmaestrocmf.com\/portal\/#\/schema\/logo\/image\/","url":"https:\/\/webdelmaestrocmf.com\/portal\/wp-content\/uploads\/2023\/01\/logo-wmcmf-2.png","contentUrl":"https:\/\/webdelmaestrocmf.com\/portal\/wp-content\/uploads\/2023\/01\/logo-wmcmf-2.png","width":200,"height":60,"caption":"Web del Maestro CMF"},"image":{"@id":"https:\/\/webdelmaestrocmf.com\/portal\/#\/schema\/logo\/image\/"},"sameAs":["https:\/\/www.facebook.com\/WebdelMaestroCMF\/","https:\/\/x.com\/cmf_w","https:\/\/www.pinterest.com\/WMCMF\/","https:\/\/www.linkedin.com\/company\/web-del-maestro-cmf\/","https:\/\/www.instagram.com\/wmcmf\/","https:\/\/www.youtube.com\/channel\/UCDPSvjbdodE5sHnC3OxutHw","https:\/\/mastodon.social\/@wmcmf","https:\/\/www.tiktok.com\/@webdelmaestrocmf"]},{"@type":"Person","@id":"https:\/\/webdelmaestrocmf.com\/portal\/#\/schema\/person\/ebc57e23d318c9c4270c6f41367015b5","name":"Web del Maestro CMF","image":{"@type":"ImageObject","inLanguage":"es","@id":"https:\/\/secure.gravatar.com\/avatar\/718b2df46e711f63dc8c16a160d16cc0104e961fe3c231eaaed2426975fc5e2d?s=96&d=mm&r=g","url":"https:\/\/secure.gravatar.com\/avatar\/718b2df46e711f63dc8c16a160d16cc0104e961fe3c231eaaed2426975fc5e2d?s=96&d=mm&r=g","contentUrl":"https:\/\/secure.gravatar.com\/avatar\/718b2df46e711f63dc8c16a160d16cc0104e961fe3c231eaaed2426975fc5e2d?s=96&d=mm&r=g","caption":"Web del Maestro CMF"},"description":"Esta Web se cre\u00f3 sin fines de lucro, con fines educativos, cient\u00edficos y acad\u00e9micos, para personas que tengan dificultades y\/o inconvenientes en visualizar el material original. El objetivo es entregar recursos, compartir experiencias y materiales que ayuden a los padres de familia, maestros y estudiantes en su actualizaci\u00f3n y formaci\u00f3n permanente, en bien de la Educaci\u00f3n.","sameAs":["http:\/\/webdelmaestrocmf.com\/portal","https:\/\/www.facebook.com\/WebdelMaestroCMF\/","https:\/\/www.instagram.com\/wmcmf\/","https:\/\/cl.linkedin.com\/company\/web-del-maestro-cmf","https:\/\/www.pinterest.com\/WMCMF\/publicaciones\/","https:\/\/x.com\/cmf_w","https:\/\/www.youtube.com\/@WMCMF"]}]}},"jetpack_featured_media_url":"https:\/\/webdelmaestrocmf.com\/portal\/wp-content\/uploads\/2017\/07\/a2-3.jpg","jetpack_sharing_enabled":true,"jetpack-related-posts":[{"id":98471,"url":"https:\/\/webdelmaestrocmf.com\/portal\/como-funciona-el-conductismo-en-la-educacion\/","url_meta":{"origin":20540,"position":0},"title":"\u00bfC\u00f3mo funciona el conductismo en la educaci\u00f3n?","author":"Web del Maestro CMF","date":"24 octubre, 2023","format":false,"excerpt":"El conductismo es una corriente psicol\u00f3gica que se centra en el estudio de la conducta observable, es decir, en lo que las personas hacen. Para los conductistas, el aprendizaje es un cambio en la conducta que se produce como consecuencia de la experiencia. El conductivismo, ha dejado una profunda huella\u2026","rel":"","context":"En \u00abconductismo\u00bb","block_context":{"text":"conductismo","link":"https:\/\/webdelmaestrocmf.com\/portal\/category\/pedagogia\/conductismo\/"},"img":{"alt_text":"","src":"https:\/\/i0.wp.com\/webdelmaestrocmf.com\/portal\/wp-content\/uploads\/2023\/10\/1A-Banner-1-portada-imagen-10-1-5.jpg?resize=350%2C200&ssl=1","width":350,"height":200,"srcset":"https:\/\/i0.wp.com\/webdelmaestrocmf.com\/portal\/wp-content\/uploads\/2023\/10\/1A-Banner-1-portada-imagen-10-1-5.jpg?resize=350%2C200&ssl=1 1x, https:\/\/i0.wp.com\/webdelmaestrocmf.com\/portal\/wp-content\/uploads\/2023\/10\/1A-Banner-1-portada-imagen-10-1-5.jpg?resize=525%2C300&ssl=1 1.5x, https:\/\/i0.wp.com\/webdelmaestrocmf.com\/portal\/wp-content\/uploads\/2023\/10\/1A-Banner-1-portada-imagen-10-1-5.jpg?resize=700%2C400&ssl=1 2x"},"classes":[]},{"id":79500,"url":"https:\/\/webdelmaestrocmf.com\/portal\/teorias-conductistas-del-aprendizaje\/","url_meta":{"origin":20540,"position":1},"title":"Teor\u00edas conductistas del aprendizaje","author":"Web del Maestro CMF","date":"16 agosto, 2022","format":false,"excerpt":"El conductismo surge de una teor\u00eda psicol\u00f3gica y posteriormente se adapta su uso en la educaci\u00f3n esta es la primera teor\u00eda que viene influir fuertemente la forma de c\u00f3mo se entiende el aprendizaje humano. Estudia la conducta humana que es observable y que es basada en est\u00edmulos externos y en\u2026","rel":"","context":"En \u00abDocentes\u00bb","block_context":{"text":"Docentes","link":"https:\/\/webdelmaestrocmf.com\/portal\/category\/pedagogia\/docentes\/"},"img":{"alt_text":"aprendizaje","src":"https:\/\/i0.wp.com\/webdelmaestrocmf.com\/portal\/wp-content\/uploads\/2022\/08\/1-47.jpg?resize=350%2C200&ssl=1","width":350,"height":200,"srcset":"https:\/\/i0.wp.com\/webdelmaestrocmf.com\/portal\/wp-content\/uploads\/2022\/08\/1-47.jpg?resize=350%2C200&ssl=1 1x, https:\/\/i0.wp.com\/webdelmaestrocmf.com\/portal\/wp-content\/uploads\/2022\/08\/1-47.jpg?resize=525%2C300&ssl=1 1.5x, https:\/\/i0.wp.com\/webdelmaestrocmf.com\/portal\/wp-content\/uploads\/2022\/08\/1-47.jpg?resize=700%2C400&ssl=1 2x"},"classes":[]},{"id":17205,"url":"https:\/\/webdelmaestrocmf.com\/portal\/cuadro-resumen-todas-las-teorias-del-aprendizaje-recomendado\/","url_meta":{"origin":20540,"position":2},"title":"Cuadro resumen de todas las teor\u00edas del aprendizaje","author":"Web del Maestro CMF","date":"16 marzo, 2020","format":false,"excerpt":"El estudio del aprendizaje ha sido un tema central en la psicolog\u00eda y la educaci\u00f3n durante d\u00e9cadas. Comprender c\u00f3mo las personas adquieren nuevos conocimientos, habilidades y comportamientos es fundamental para mejorar los procesos de ense\u00f1anza y maximizar el potencial de desarrollo humano. A lo largo del tiempo, se han propuesto\u2026","rel":"","context":"En \u00abDescargas Manuales PDF\u00bb","block_context":{"text":"Descargas Manuales PDF","link":"https:\/\/webdelmaestrocmf.com\/portal\/category\/pedagogia\/descargas-manuales-pdf\/"},"img":{"alt_text":"teor\u00edas del aprendizaje","src":"https:\/\/i0.wp.com\/webdelmaestrocmf.com\/portal\/wp-content\/uploads\/2020\/03\/1QfER-1.jpg?resize=350%2C200&ssl=1","width":350,"height":200,"srcset":"https:\/\/i0.wp.com\/webdelmaestrocmf.com\/portal\/wp-content\/uploads\/2020\/03\/1QfER-1.jpg?resize=350%2C200&ssl=1 1x, https:\/\/i0.wp.com\/webdelmaestrocmf.com\/portal\/wp-content\/uploads\/2020\/03\/1QfER-1.jpg?resize=525%2C300&ssl=1 1.5x, https:\/\/i0.wp.com\/webdelmaestrocmf.com\/portal\/wp-content\/uploads\/2020\/03\/1QfER-1.jpg?resize=700%2C400&ssl=1 2x, https:\/\/i0.wp.com\/webdelmaestrocmf.com\/portal\/wp-content\/uploads\/2020\/03\/1QfER-1.jpg?resize=1050%2C600&ssl=1 3x"},"classes":[]},{"id":16976,"url":"https:\/\/webdelmaestrocmf.com\/portal\/sintesis-de-teorias-de-aprendizaje-pdf-piaget-vigotsky-kohlberg-y-goleman\/","url_meta":{"origin":20540,"position":3},"title":"S\u00edntesis de las teor\u00edas de aprendizaje (Piaget, Vigotsky, Kohlberg y Goleman)","author":"Web del Maestro CMF","date":"31 julio, 2024","format":false,"excerpt":"Existe diversidad de teor\u00edas psicol\u00f3gicas sobre el aprendizaje cuyas discrepancias no est\u00e1n clarificadas en la pr\u00e1ctica educativa. Como se\u00f1ala Estes (1982), en la mayor\u00eda de las ocasiones se trata de aplicar las teor\u00edas del aprendizaje a la situaci\u00f3n, dando muy escasa atenci\u00f3n a la interpretaci\u00f3n del fen\u00f3meno del aprendizaje escolar.\u2026","rel":"","context":"En \u00abDescargas Manuales PDF\u00bb","block_context":{"text":"Descargas Manuales PDF","link":"https:\/\/webdelmaestrocmf.com\/portal\/category\/pedagogia\/descargas-manuales-pdf\/"},"img":{"alt_text":"","src":"https:\/\/i0.wp.com\/webdelmaestrocmf.com\/portal\/wp-content\/uploads\/2019\/08\/Banner-1-portada-imagen-10-1-2-1.jpg?resize=350%2C200&ssl=1","width":350,"height":200,"srcset":"https:\/\/i0.wp.com\/webdelmaestrocmf.com\/portal\/wp-content\/uploads\/2019\/08\/Banner-1-portada-imagen-10-1-2-1.jpg?resize=350%2C200&ssl=1 1x, https:\/\/i0.wp.com\/webdelmaestrocmf.com\/portal\/wp-content\/uploads\/2019\/08\/Banner-1-portada-imagen-10-1-2-1.jpg?resize=525%2C300&ssl=1 1.5x, https:\/\/i0.wp.com\/webdelmaestrocmf.com\/portal\/wp-content\/uploads\/2019\/08\/Banner-1-portada-imagen-10-1-2-1.jpg?resize=700%2C400&ssl=1 2x"},"classes":[]},{"id":112252,"url":"https:\/\/webdelmaestrocmf.com\/portal\/diez-figuras-que-transformaron-el-aprendizaje\/","url_meta":{"origin":20540,"position":4},"title":"Diez figuras que transformaron el aprendizaje","author":"Web del Maestro CMF","date":"22 septiembre, 2025","format":false,"excerpt":"Diez pioneros transformaron la educaci\u00f3n con teor\u00edas sobre desarrollo, conducta, memoria, apego e inclusi\u00f3n, bases actuales para docentes y psicopedagogos.","rel":"","context":"En \u00abRecursos\u00bb","block_context":{"text":"Recursos","link":"https:\/\/webdelmaestrocmf.com\/portal\/category\/pedagogia\/"},"img":{"alt_text":"","src":"https:\/\/i0.wp.com\/webdelmaestrocmf.com\/portal\/wp-content\/uploads\/2025\/09\/1A-Banner-1-portada-imagen-10-1-copia-3-1.webp?resize=350%2C200&ssl=1","width":350,"height":200,"srcset":"https:\/\/i0.wp.com\/webdelmaestrocmf.com\/portal\/wp-content\/uploads\/2025\/09\/1A-Banner-1-portada-imagen-10-1-copia-3-1.webp?resize=350%2C200&ssl=1 1x, https:\/\/i0.wp.com\/webdelmaestrocmf.com\/portal\/wp-content\/uploads\/2025\/09\/1A-Banner-1-portada-imagen-10-1-copia-3-1.webp?resize=525%2C300&ssl=1 1.5x, https:\/\/i0.wp.com\/webdelmaestrocmf.com\/portal\/wp-content\/uploads\/2025\/09\/1A-Banner-1-portada-imagen-10-1-copia-3-1.webp?resize=700%2C400&ssl=1 2x"},"classes":[]},{"id":85201,"url":"https:\/\/webdelmaestrocmf.com\/portal\/tipos-de-aprendizaje-cuales-son-y-como-trabajarlos-con-programas-educativos\/","url_meta":{"origin":20540,"position":5},"title":"Tipos de aprendizaje: cu\u00e1les son y c\u00f3mo trabajarlos con programas educativos","author":"Web del Maestro CMF","date":"4 marzo, 2023","format":false,"excerpt":"Descubre en el siguiente art\u00edculo los trece tipos de aprendizaje que existen y c\u00f3mo trabajarlos en el aula con programas educativos. \u00bfSe puede aprender sin estudiar?\u00a0Aunque, no lo creas, la respuesta es s\u00ed. Puede que lo primero que te venga a la mente al pensar en educaci\u00f3n sean libros, pero\u2026","rel":"","context":"En \u00abAprendizaje\u00bb","block_context":{"text":"Aprendizaje","link":"https:\/\/webdelmaestrocmf.com\/portal\/category\/pedagogia\/aprendizaje\/"},"img":{"alt_text":"","src":"https:\/\/i0.wp.com\/webdelmaestrocmf.com\/portal\/wp-content\/uploads\/2023\/03\/Banner-Facebook-2023-5.jpg?resize=350%2C200&ssl=1","width":350,"height":200,"srcset":"https:\/\/i0.wp.com\/webdelmaestrocmf.com\/portal\/wp-content\/uploads\/2023\/03\/Banner-Facebook-2023-5.jpg?resize=350%2C200&ssl=1 1x, https:\/\/i0.wp.com\/webdelmaestrocmf.com\/portal\/wp-content\/uploads\/2023\/03\/Banner-Facebook-2023-5.jpg?resize=525%2C300&ssl=1 1.5x, https:\/\/i0.wp.com\/webdelmaestrocmf.com\/portal\/wp-content\/uploads\/2023\/03\/Banner-Facebook-2023-5.jpg?resize=700%2C400&ssl=1 2x"},"classes":[]}],"_links":{"self":[{"href":"https:\/\/webdelmaestrocmf.com\/portal\/wp-json\/wp\/v2\/posts\/20540","targetHints":{"allow":["GET"]}}],"collection":[{"href":"https:\/\/webdelmaestrocmf.com\/portal\/wp-json\/wp\/v2\/posts"}],"about":[{"href":"https:\/\/webdelmaestrocmf.com\/portal\/wp-json\/wp\/v2\/types\/post"}],"author":[{"embeddable":true,"href":"https:\/\/webdelmaestrocmf.com\/portal\/wp-json\/wp\/v2\/users\/2"}],"replies":[{"embeddable":true,"href":"https:\/\/webdelmaestrocmf.com\/portal\/wp-json\/wp\/v2\/comments?post=20540"}],"version-history":[{"count":0,"href":"https:\/\/webdelmaestrocmf.com\/portal\/wp-json\/wp\/v2\/posts\/20540\/revisions"}],"wp:featuredmedia":[{"embeddable":true,"href":"https:\/\/webdelmaestrocmf.com\/portal\/wp-json\/wp\/v2\/media\/69780"}],"wp:attachment":[{"href":"https:\/\/webdelmaestrocmf.com\/portal\/wp-json\/wp\/v2\/media?parent=20540"}],"wp:term":[{"taxonomy":"category","embeddable":true,"href":"https:\/\/webdelmaestrocmf.com\/portal\/wp-json\/wp\/v2\/categories?post=20540"},{"taxonomy":"post_tag","embeddable":true,"href":"https:\/\/webdelmaestrocmf.com\/portal\/wp-json\/wp\/v2\/tags?post=20540"}],"curies":[{"name":"wp","href":"https:\/\/api.w.org\/{rel}","templated":true}]}}