{"id":20474,"date":"2017-07-12T20:15:47","date_gmt":"2017-07-13T00:15:47","guid":{"rendered":"http:\/\/webdelmaestrocmf.com\/portal\/?p=20474"},"modified":"2021-10-23T20:26:03","modified_gmt":"2021-10-23T23:26:03","slug":"jornada-escolar-continua-partida-la-mas-pedagogica-usted-opina","status":"publish","type":"post","link":"https:\/\/webdelmaestrocmf.com\/portal\/jornada-escolar-continua-partida-la-mas-pedagogica-usted-opina\/","title":{"rendered":"Jornada escolar continua o partida \u00bfcu\u00e1l es la m\u00e1s pedag\u00f3gica? \u00bfusted, qu\u00e9 opina?"},"content":{"rendered":"<h5 style=\"text-align: justify;\">Como profesor \u00bfse ha preguntado porqu\u00e9 en su centro educativo tiene ese horario y esa jornada escolar? \u00bfha intervenido Usted en la opci\u00f3n del horario escolar dentro de su jornada laboral?&#8230; bueno, mucho tambi\u00e9n depender\u00e1 de si su instituci\u00f3n educativa es p\u00fablica o privada, de su ubicaci\u00f3n geogr\u00e1fica o zonal, pero lo que s\u00ed se puede decir es que \u201cla \u00fanica verdad absoluta que hay sobre la conveniencia de implantar en los centros escolares la jornada continua o la partida es\u2026 \u00a1que no hay ninguna verdad absoluta!\u201d, sostiene el profesor Enrique Peidro, en su art\u00edculo <span style=\"color: #870000;\"><a href=\"http:\/\/www.tipografialamoderna.com\/a_fondo\/un-debate-interminable-cual-es-la-mejor-jornada-escolar\/\" target=\"_blank\" rel=\"noopener\"><strong>UN DEBATE INTERMINABLE: \u00bfCU\u00c1L ES LA MEJOR JORNADA ESCOLAR?<\/strong><\/a>,<\/span> y que le recomendamos su lectura.<\/h5>\n<p><!--more--><\/p>\n<p style=\"text-align: justify;\">Tambi\u00e9n sabemos que respecto a la <strong>jornada escolar continua<\/strong> (con salida a casa despu\u00e9s de las dos o tres de la tarde) o <strong>jornada escolar partida<\/strong> (en la que se hace una parada para comer y los ni\u00f1os vuelven despu\u00e9s a clase), las opiniones est\u00e1n divididas. \u201cEs, sin duda, uno de los <strong>temas m\u00e1s controvertidos<\/strong> entre los miembros de la comunidad educativa y, <strong>enfrenta<\/strong>, en ocasiones, a los trabajadores de la educaci\u00f3n con las familias. Los primeros suelen abogar por la <strong>jornada continua<\/strong>, mientras que los segundos defienden la <strong>jornada partida<\/strong>, y alegan que les permite conciliar mejor la vida profesional con la familiar\u201d (Blog AUCA).<\/p>\n<p style=\"text-align: justify;\">La jornada continua, ha obligado a trasladar las clases de la tarde a la ma\u00f1ana, posponiendo la comida, y <strong>naci\u00f3 no como una propuesta pedag\u00f3gica<\/strong>, sino por la <strong>falta de centros educativos<\/strong>, que exigi\u00f3 el tener varios turnos. Y a pesar que con los a\u00f1os, muchos pa\u00edses ya han logrado superar la escasez de colegios, la jornada continua <strong>lleg\u00f3 para quedarse<\/strong>. Y se sigue manteniendo, en algunos pa\u00edses, a pesar que algunos pediatras opinan que <strong>no es saludable<\/strong> que los estudiantes almuercen por la tarde, pues muchos se levantan casi de madrugada, y \u201cla f\u00edsica no falla y la intuici\u00f3n tampoco. Los ni\u00f1os <strong>necesitan los recreos<\/strong> \u2014desconectar\u2014 para volver a recuperar la atenci\u00f3n. Se cansan m\u00e1s con la jornada continua y <strong>aprenden menos<\/strong>, seg\u00fan los escasos datos que existen sobre rendimiento escolar\u201d, sostiene Juan Jos\u00e9 Ganuza, catedr\u00e1tico de la Universidad Pompeu Fabra (Barcelona, Espa\u00f1a) \u00bfPorqu\u00e9 se impone entonces la jornada continua?<\/p>\n<p style=\"text-align: justify;\">En la toma de decisiones sobre las jornadas escolares, parece que <strong>las autoridades educativas, casi siempre est\u00e1n ausentes<\/strong>, no se publican estudios, no se hacen evaluaciones, o si se hacen, no se dan a conocer; existe una enorme la <strong>improvisaci\u00f3n y desinformaci\u00f3n<\/strong> del porqu\u00e9 de la duraci\u00f3n de las jornadas escolares. A algunos padres les viene mejor recoger por la tarde a sus hijos, otros piensan que no se alimentan bien en la escuela, o pueden ahorrar si comen en casa; incluso algunos profesores difunden las virtudes homeop\u00e1ticas de la jornada continua, y todos los profesores tienen que \u201cponer en una balanza sus intereses laborales y el bienestar de los ni\u00f1os\u201d. Parece ser que es un <strong>experimento fallido<\/strong>, aun cuando se vieron las situaciones econ\u00f3micas de las familias, y no funcion\u00f3, pero se mantiene, y <strong>no parece ser cuestionado<\/strong> en muchos pa\u00edses.<\/p>\n<p style=\"text-align: justify;\">Puede Usted ampliar sobre este tema, en <a href=\"https:\/\/elpais.com\/elpais\/2017\/06\/29\/opinion\/1498753090_596127.html\" target=\"_blank\" rel=\"noopener\"><strong>UN POL\u00c9MICO HORARIO ESCOLAR<\/strong><\/a><strong>\u00a0<\/strong>y en este otro interesante art\u00edculo <a href=\"https:\/\/www.auca.es\/debate-la-jornada-continua-mejor-horario-los-alumnos\/\" target=\"_blank\" rel=\"noopener\"><strong>EL DEBATE DE LA JORNADA CONTINUA ESCOLAR: \u00bfCU\u00c1L ES EL MEJOR HORARIO PARA LOS ALUMNOS?<\/strong><\/a>.<\/p>\n<p style=\"text-align: justify;\">Quiz\u00e1 convenga encontrar respuestas socializadas a:<\/p>\n<p>&nbsp;<\/p>\n<ul>\n<li style=\"text-align: justify;\">\u00bfInfluye en el rendimiento escolar la jornada que se lleve?<\/li>\n<li style=\"text-align: justify;\">\u00bfCu\u00e1l favorece m\u00e1s la concentraci\u00f3n y el aprendizaje?<\/li>\n<li style=\"text-align: justify;\">\u00bfCu\u00e1l permite disponer de m\u00e1s tiempo libre para actividades extraescolares, hacer deberes, jugar o estar con la familia?<\/li>\n<li style=\"text-align: justify;\">\u00bfLos maestros pueden dedicar la tarde a atender a las familias y a su formaci\u00f3n?<\/li>\n<li style=\"text-align: justify;\">\u00bfCu\u00e1l de las jornadas provoca menor atenci\u00f3n en las clases?<\/li>\n<li style=\"text-align: justify;\">\u00bfDebe primar las razones econ\u00f3micas sobre las pedag\u00f3gicas?<\/li>\n<li style=\"text-align: justify;\">\u00bfSe tiene en cuenta las opiniones nutricionales de los estudiantes y de los profesores?<\/li>\n<li style=\"text-align: justify;\">\u00bfCu\u00e1l favorece m\u00e1s la vida familiar y laboral?, entre otros v\u00e1lidos cuestionamientos, que <strong>no deben marginar a ning\u00fan agente<\/strong> educativo.<\/li>\n<\/ul>\n<p style=\"text-align: right;\"><strong>REDACCI\u00d3N WEB DEL MAESTRO CMF<\/strong><\/p>\n\t\t<div class=\"pk-inline-posts\">\n\t\t\t\n\t\t\t<div class=\"pk-inline-posts-container pk-inline-posts-template-list\"\n\t\t\t\tdata-columns=\"1\">\n\t\t\t\t\t\t<article id=\"post-118333\" class=\"post-118333 post type-post status-publish format-standard has-post-thumbnail category-jamb tag-apego tag-crianza tag-docentes tag-educacion tag-escuela tag-familia tag-infancia tag-responsabilidad tag-vinculo cs-entry cs-video-wrap\">\n\t\t\t<div class=\"pk-post-outer\">\n\n\t\t\t\t\t\t\t\t<div class=\"pk-post-inner\">\n\t\t\t\t\t<div class=\"entry-thumbnail\">\n\t\t\t\t\t\t<div class=\"pk-overlay pk-overlay-ratio pk-ratio-landscape\">\n\t\t\t\t\t\t\t<div class=\"pk-overlay-background\">\n\t\t\t\t\t\t\t\t<a href=\"https:\/\/webdelmaestrocmf.com\/portal\/el-sistema-nos-rompe-a-todos-y-a-los-ninos-primero\/\" class=\"pk-overlay-link\">\n\t\t\t\t\t\t\t\t\t<img loading=\"lazy\" decoding=\"async\" width=\"300\" height=\"225\" src=\"https:\/\/webdelmaestrocmf.com\/portal\/wp-content\/uploads\/2026\/04\/1AA-Banner-1-portada-imagen-10-1-copia-2-300x225.jpg\" class=\"attachment-pk-thumbnail size-pk-thumbnail wp-post-image\" alt=\"\" \/>\t\t\t\t\t\t\t\t<\/a>\n\t\t\t\t\t\t\t<\/div>\n\t\t\t\t\t\t<\/div>\n\t\t\t\t\t<\/div>\n\t\t\t\t<\/div>\n\t\t\t\t\n\t\t\t\t<div class=\"pk-post-inner\">\n\t\t\t\t\t<header>\n\t\t\t\t\t\t<h3 class=\"pk-title\"><a href=\"https:\/\/webdelmaestrocmf.com\/portal\/el-sistema-nos-rompe-a-todos-y-a-los-ninos-primero\/\" rel=\"bookmark\">El sistema nos rompe a todos\u2026 y a los ni\u00f1os primero<\/a><\/h3>\t\t\t\t\t<\/header><!-- .entry-header -->\n\t\t\t\t<\/div><!-- .post-inner -->\n\n\t\t\t<\/div><!-- .post-outer -->\n\t\t<\/article>\n\t\t\t\t<\/div>\n\t\t<\/div>\n\t\t\n","protected":false},"excerpt":{"rendered":"Como profesor \u00bfse ha preguntado porqu\u00e9 en su centro educativo tiene ese horario y esa jornada escolar? \u00bfha&hellip;","protected":false},"author":2,"featured_media":69783,"comment_status":"open","ping_status":"open","sticky":false,"template":"","format":"standard","meta":{"csco_display_header_overlay":false,"csco_singular_sidebar":"default","csco_page_header_type":"default","csco_page_load_nextpost":"default","csco_post_video_location":[],"csco_post_video_location_hash":"","csco_post_video_url":"","csco_post_video_bg_start_time":0,"csco_post_video_bg_end_time":0,"csco_post_video_bg_volume":false,"_jetpack_memberships_contains_paid_content":false,"footnotes":""},"categories":[61],"tags":[2478,2481,58,608,2480,2482,2461,1719,2479],"class_list":{"0":"post-20474","1":"post","2":"type-post","3":"status-publish","4":"format-standard","5":"has-post-thumbnail","7":"category-jamb","8":"tag-continua","9":"tag-debate","10":"tag-docentes","11":"tag-escolar","12":"tag-horario","13":"tag-interminable","14":"tag-jornada","15":"tag-mejor","16":"tag-partida","17":"cs-entry","18":"cs-video-wrap"},"yoast_head":"<!-- This site is optimized with the Yoast SEO plugin v27.5 - https:\/\/yoast.com\/product\/yoast-seo-wordpress\/ -->\n<title>Jornada escolar continua o partida \u00bfcu\u00e1l es la m\u00e1s pedag\u00f3gica? \u00bfusted, qu\u00e9 opina?<\/title>\n<meta name=\"description\" content=\"Un debate interminable: \u00bfCu\u00e1l es la mejor jornada escolar? El tema estrella del momento el que m\u00e1s debates acalorados suscita...\" \/>\n<meta name=\"robots\" content=\"index, follow, max-snippet:-1, max-image-preview:large, max-video-preview:-1\" \/>\n<link rel=\"canonical\" href=\"https:\/\/webdelmaestrocmf.com\/portal\/jornada-escolar-continua-partida-la-mas-pedagogica-usted-opina\/\" \/>\n<meta property=\"og:locale\" content=\"es_ES\" \/>\n<meta property=\"og:type\" content=\"article\" \/>\n<meta property=\"og:title\" content=\"Jornada escolar continua o partida \u00bfcu\u00e1l es la m\u00e1s pedag\u00f3gica? \u00bfusted, qu\u00e9 opina?\" \/>\n<meta property=\"og:description\" content=\"Un debate interminable: \u00bfCu\u00e1l es la mejor jornada escolar? El tema estrella del momento el que m\u00e1s debates acalorados suscita...\" \/>\n<meta property=\"og:url\" content=\"https:\/\/webdelmaestrocmf.com\/portal\/jornada-escolar-continua-partida-la-mas-pedagogica-usted-opina\/\" \/>\n<meta property=\"og:site_name\" content=\"Web del Maestro CMF\" \/>\n<meta property=\"article:publisher\" content=\"https:\/\/www.facebook.com\/WebdelMaestroCMF\/\" \/>\n<meta property=\"article:author\" content=\"https:\/\/www.facebook.com\/WebdelMaestroCMF\/\" \/>\n<meta property=\"article:published_time\" content=\"2017-07-13T00:15:47+00:00\" \/>\n<meta property=\"article:modified_time\" content=\"2021-10-23T23:26:03+00:00\" \/>\n<meta property=\"og:image\" content=\"https:\/\/i0.wp.com\/webdelmaestrocmf.com\/portal\/wp-content\/uploads\/2017\/07\/a2-4.jpg?fit=1100%2C680&ssl=1\" \/>\n\t<meta property=\"og:image:width\" content=\"1100\" \/>\n\t<meta property=\"og:image:height\" content=\"680\" \/>\n\t<meta property=\"og:image:type\" content=\"image\/jpeg\" \/>\n<meta name=\"author\" content=\"Web del Maestro CMF\" \/>\n<meta name=\"twitter:card\" content=\"summary_large_image\" \/>\n<meta name=\"twitter:creator\" content=\"@cmf_w\" \/>\n<meta name=\"twitter:site\" content=\"@cmf_w\" \/>\n<script type=\"application\/ld+json\" class=\"yoast-schema-graph\">{\"@context\":\"https:\\\/\\\/schema.org\",\"@graph\":[{\"@type\":\"ScholarlyArticle\",\"@id\":\"https:\\\/\\\/webdelmaestrocmf.com\\\/portal\\\/jornada-escolar-continua-partida-la-mas-pedagogica-usted-opina\\\/#article\",\"isPartOf\":{\"@id\":\"https:\\\/\\\/webdelmaestrocmf.com\\\/portal\\\/jornada-escolar-continua-partida-la-mas-pedagogica-usted-opina\\\/\"},\"author\":{\"name\":\"Web del Maestro CMF\",\"@id\":\"https:\\\/\\\/webdelmaestrocmf.com\\\/portal\\\/#\\\/schema\\\/person\\\/ebc57e23d318c9c4270c6f41367015b5\"},\"headline\":\"Jornada escolar continua o partida \u00bfcu\u00e1l es la m\u00e1s pedag\u00f3gica? \u00bfusted, qu\u00e9 opina?\",\"datePublished\":\"2017-07-13T00:15:47+00:00\",\"dateModified\":\"2021-10-23T23:26:03+00:00\",\"mainEntityOfPage\":{\"@id\":\"https:\\\/\\\/webdelmaestrocmf.com\\\/portal\\\/jornada-escolar-continua-partida-la-mas-pedagogica-usted-opina\\\/\"},\"wordCount\":728,\"commentCount\":0,\"publisher\":{\"@id\":\"https:\\\/\\\/webdelmaestrocmf.com\\\/portal\\\/#organization\"},\"image\":{\"@id\":\"https:\\\/\\\/webdelmaestrocmf.com\\\/portal\\\/jornada-escolar-continua-partida-la-mas-pedagogica-usted-opina\\\/#primaryimage\"},\"thumbnailUrl\":\"https:\\\/\\\/webdelmaestrocmf.com\\\/portal\\\/wp-content\\\/uploads\\\/2017\\\/07\\\/a2-4.jpg\",\"keywords\":[\"CONTINUA\",\"DEBATE\",\"DOCENTES\",\"ESCOLAR\",\"HORARIO\",\"INTERMINABLE\",\"JORNADA\",\"MEJOR\",\"PARTIDA\"],\"articleSection\":[\"Yo opino - WMCMF\"],\"inLanguage\":\"es\",\"potentialAction\":[{\"@type\":\"CommentAction\",\"name\":\"Comment\",\"target\":[\"https:\\\/\\\/webdelmaestrocmf.com\\\/portal\\\/jornada-escolar-continua-partida-la-mas-pedagogica-usted-opina\\\/#respond\"]}]},{\"@type\":\"WebPage\",\"@id\":\"https:\\\/\\\/webdelmaestrocmf.com\\\/portal\\\/jornada-escolar-continua-partida-la-mas-pedagogica-usted-opina\\\/\",\"url\":\"https:\\\/\\\/webdelmaestrocmf.com\\\/portal\\\/jornada-escolar-continua-partida-la-mas-pedagogica-usted-opina\\\/\",\"name\":\"Jornada escolar continua o partida \u00bfcu\u00e1l es la m\u00e1s pedag\u00f3gica? \u00bfusted, qu\u00e9 opina?\",\"isPartOf\":{\"@id\":\"https:\\\/\\\/webdelmaestrocmf.com\\\/portal\\\/#website\"},\"primaryImageOfPage\":{\"@id\":\"https:\\\/\\\/webdelmaestrocmf.com\\\/portal\\\/jornada-escolar-continua-partida-la-mas-pedagogica-usted-opina\\\/#primaryimage\"},\"image\":{\"@id\":\"https:\\\/\\\/webdelmaestrocmf.com\\\/portal\\\/jornada-escolar-continua-partida-la-mas-pedagogica-usted-opina\\\/#primaryimage\"},\"thumbnailUrl\":\"https:\\\/\\\/webdelmaestrocmf.com\\\/portal\\\/wp-content\\\/uploads\\\/2017\\\/07\\\/a2-4.jpg\",\"datePublished\":\"2017-07-13T00:15:47+00:00\",\"dateModified\":\"2021-10-23T23:26:03+00:00\",\"description\":\"Un debate interminable: \u00bfCu\u00e1l es la mejor jornada escolar? El tema estrella del momento el que m\u00e1s debates acalorados suscita...\",\"breadcrumb\":{\"@id\":\"https:\\\/\\\/webdelmaestrocmf.com\\\/portal\\\/jornada-escolar-continua-partida-la-mas-pedagogica-usted-opina\\\/#breadcrumb\"},\"inLanguage\":\"es\",\"potentialAction\":[{\"@type\":\"ReadAction\",\"target\":[\"https:\\\/\\\/webdelmaestrocmf.com\\\/portal\\\/jornada-escolar-continua-partida-la-mas-pedagogica-usted-opina\\\/\"]}]},{\"@type\":\"ImageObject\",\"inLanguage\":\"es\",\"@id\":\"https:\\\/\\\/webdelmaestrocmf.com\\\/portal\\\/jornada-escolar-continua-partida-la-mas-pedagogica-usted-opina\\\/#primaryimage\",\"url\":\"https:\\\/\\\/webdelmaestrocmf.com\\\/portal\\\/wp-content\\\/uploads\\\/2017\\\/07\\\/a2-4.jpg\",\"contentUrl\":\"https:\\\/\\\/webdelmaestrocmf.com\\\/portal\\\/wp-content\\\/uploads\\\/2017\\\/07\\\/a2-4.jpg\",\"width\":1100,\"height\":680},{\"@type\":\"BreadcrumbList\",\"@id\":\"https:\\\/\\\/webdelmaestrocmf.com\\\/portal\\\/jornada-escolar-continua-partida-la-mas-pedagogica-usted-opina\\\/#breadcrumb\",\"itemListElement\":[{\"@type\":\"ListItem\",\"position\":1,\"name\":\"Portada\",\"item\":\"https:\\\/\\\/webdelmaestrocmf.com\\\/portal\\\/\"},{\"@type\":\"ListItem\",\"position\":2,\"name\":\"Yo opino - WMCMF\",\"item\":\"https:\\\/\\\/webdelmaestrocmf.com\\\/portal\\\/category\\\/jamb\\\/\"},{\"@type\":\"ListItem\",\"position\":3,\"name\":\"Jornada escolar continua o partida \u00bfcu\u00e1l es la m\u00e1s pedag\u00f3gica? \u00bfusted, qu\u00e9 opina?\"}]},{\"@type\":\"WebSite\",\"@id\":\"https:\\\/\\\/webdelmaestrocmf.com\\\/portal\\\/#website\",\"url\":\"https:\\\/\\\/webdelmaestrocmf.com\\\/portal\\\/\",\"name\":\"Web del Maestro CMF\",\"description\":\"Maestros al servicio de la educaci\u00f3n\",\"publisher\":{\"@id\":\"https:\\\/\\\/webdelmaestrocmf.com\\\/portal\\\/#organization\"},\"alternateName\":\"WMCMF\",\"potentialAction\":[{\"@type\":\"SearchAction\",\"target\":{\"@type\":\"EntryPoint\",\"urlTemplate\":\"https:\\\/\\\/webdelmaestrocmf.com\\\/portal\\\/?s={search_term_string}\"},\"query-input\":{\"@type\":\"PropertyValueSpecification\",\"valueRequired\":true,\"valueName\":\"search_term_string\"}}],\"inLanguage\":\"es\"},{\"@type\":\"Organization\",\"@id\":\"https:\\\/\\\/webdelmaestrocmf.com\\\/portal\\\/#organization\",\"name\":\"Web del Maestro CMF\",\"alternateName\":\"WMCMF\",\"url\":\"https:\\\/\\\/webdelmaestrocmf.com\\\/portal\\\/\",\"logo\":{\"@type\":\"ImageObject\",\"inLanguage\":\"es\",\"@id\":\"https:\\\/\\\/webdelmaestrocmf.com\\\/portal\\\/#\\\/schema\\\/logo\\\/image\\\/\",\"url\":\"https:\\\/\\\/webdelmaestrocmf.com\\\/portal\\\/wp-content\\\/uploads\\\/2023\\\/01\\\/logo-wmcmf-2.png\",\"contentUrl\":\"https:\\\/\\\/webdelmaestrocmf.com\\\/portal\\\/wp-content\\\/uploads\\\/2023\\\/01\\\/logo-wmcmf-2.png\",\"width\":200,\"height\":60,\"caption\":\"Web del Maestro CMF\"},\"image\":{\"@id\":\"https:\\\/\\\/webdelmaestrocmf.com\\\/portal\\\/#\\\/schema\\\/logo\\\/image\\\/\"},\"sameAs\":[\"https:\\\/\\\/www.facebook.com\\\/WebdelMaestroCMF\\\/\",\"https:\\\/\\\/x.com\\\/cmf_w\",\"https:\\\/\\\/www.pinterest.com\\\/WMCMF\\\/\",\"https:\\\/\\\/www.linkedin.com\\\/company\\\/web-del-maestro-cmf\\\/\",\"https:\\\/\\\/www.instagram.com\\\/wmcmf\\\/\",\"https:\\\/\\\/www.youtube.com\\\/channel\\\/UCDPSvjbdodE5sHnC3OxutHw\",\"https:\\\/\\\/mastodon.social\\\/@wmcmf\",\"https:\\\/\\\/www.tiktok.com\\\/@webdelmaestrocmf\"]},{\"@type\":\"Person\",\"@id\":\"https:\\\/\\\/webdelmaestrocmf.com\\\/portal\\\/#\\\/schema\\\/person\\\/ebc57e23d318c9c4270c6f41367015b5\",\"name\":\"Web del Maestro CMF\",\"image\":{\"@type\":\"ImageObject\",\"inLanguage\":\"es\",\"@id\":\"https:\\\/\\\/secure.gravatar.com\\\/avatar\\\/718b2df46e711f63dc8c16a160d16cc0104e961fe3c231eaaed2426975fc5e2d?s=96&d=mm&r=g\",\"url\":\"https:\\\/\\\/secure.gravatar.com\\\/avatar\\\/718b2df46e711f63dc8c16a160d16cc0104e961fe3c231eaaed2426975fc5e2d?s=96&d=mm&r=g\",\"contentUrl\":\"https:\\\/\\\/secure.gravatar.com\\\/avatar\\\/718b2df46e711f63dc8c16a160d16cc0104e961fe3c231eaaed2426975fc5e2d?s=96&d=mm&r=g\",\"caption\":\"Web del Maestro CMF\"},\"description\":\"Esta Web se cre\u00f3 sin fines de lucro, con fines educativos, cient\u00edficos y acad\u00e9micos, para personas que tengan dificultades y\\\/o inconvenientes en visualizar el material original. El objetivo es entregar recursos, compartir experiencias y materiales que ayuden a los padres de familia, maestros y estudiantes en su actualizaci\u00f3n y formaci\u00f3n permanente, en bien de la Educaci\u00f3n.\",\"sameAs\":[\"http:\\\/\\\/webdelmaestrocmf.com\\\/portal\",\"https:\\\/\\\/www.facebook.com\\\/WebdelMaestroCMF\\\/\",\"https:\\\/\\\/www.instagram.com\\\/wmcmf\\\/\",\"https:\\\/\\\/cl.linkedin.com\\\/company\\\/web-del-maestro-cmf\",\"https:\\\/\\\/www.pinterest.com\\\/WMCMF\\\/publicaciones\\\/\",\"https:\\\/\\\/x.com\\\/cmf_w\",\"https:\\\/\\\/www.youtube.com\\\/@WMCMF\"]}]}<\/script>\n<!-- \/ Yoast SEO plugin. -->","yoast_head_json":{"title":"Jornada escolar continua o partida \u00bfcu\u00e1l es la m\u00e1s pedag\u00f3gica? \u00bfusted, qu\u00e9 opina?","description":"Un debate interminable: \u00bfCu\u00e1l es la mejor jornada escolar? El tema estrella del momento el que m\u00e1s debates acalorados suscita...","robots":{"index":"index","follow":"follow","max-snippet":"max-snippet:-1","max-image-preview":"max-image-preview:large","max-video-preview":"max-video-preview:-1"},"canonical":"https:\/\/webdelmaestrocmf.com\/portal\/jornada-escolar-continua-partida-la-mas-pedagogica-usted-opina\/","og_locale":"es_ES","og_type":"article","og_title":"Jornada escolar continua o partida \u00bfcu\u00e1l es la m\u00e1s pedag\u00f3gica? \u00bfusted, qu\u00e9 opina?","og_description":"Un debate interminable: \u00bfCu\u00e1l es la mejor jornada escolar? El tema estrella del momento el que m\u00e1s debates acalorados suscita...","og_url":"https:\/\/webdelmaestrocmf.com\/portal\/jornada-escolar-continua-partida-la-mas-pedagogica-usted-opina\/","og_site_name":"Web del Maestro CMF","article_publisher":"https:\/\/www.facebook.com\/WebdelMaestroCMF\/","article_author":"https:\/\/www.facebook.com\/WebdelMaestroCMF\/","article_published_time":"2017-07-13T00:15:47+00:00","article_modified_time":"2021-10-23T23:26:03+00:00","og_image":[{"width":1100,"height":680,"url":"https:\/\/i0.wp.com\/webdelmaestrocmf.com\/portal\/wp-content\/uploads\/2017\/07\/a2-4.jpg?fit=1100%2C680&ssl=1","type":"image\/jpeg"}],"author":"Web del Maestro CMF","twitter_card":"summary_large_image","twitter_creator":"@cmf_w","twitter_site":"@cmf_w","schema":{"@context":"https:\/\/schema.org","@graph":[{"@type":"ScholarlyArticle","@id":"https:\/\/webdelmaestrocmf.com\/portal\/jornada-escolar-continua-partida-la-mas-pedagogica-usted-opina\/#article","isPartOf":{"@id":"https:\/\/webdelmaestrocmf.com\/portal\/jornada-escolar-continua-partida-la-mas-pedagogica-usted-opina\/"},"author":{"name":"Web del Maestro CMF","@id":"https:\/\/webdelmaestrocmf.com\/portal\/#\/schema\/person\/ebc57e23d318c9c4270c6f41367015b5"},"headline":"Jornada escolar continua o partida \u00bfcu\u00e1l es la m\u00e1s pedag\u00f3gica? \u00bfusted, qu\u00e9 opina?","datePublished":"2017-07-13T00:15:47+00:00","dateModified":"2021-10-23T23:26:03+00:00","mainEntityOfPage":{"@id":"https:\/\/webdelmaestrocmf.com\/portal\/jornada-escolar-continua-partida-la-mas-pedagogica-usted-opina\/"},"wordCount":728,"commentCount":0,"publisher":{"@id":"https:\/\/webdelmaestrocmf.com\/portal\/#organization"},"image":{"@id":"https:\/\/webdelmaestrocmf.com\/portal\/jornada-escolar-continua-partida-la-mas-pedagogica-usted-opina\/#primaryimage"},"thumbnailUrl":"https:\/\/webdelmaestrocmf.com\/portal\/wp-content\/uploads\/2017\/07\/a2-4.jpg","keywords":["CONTINUA","DEBATE","DOCENTES","ESCOLAR","HORARIO","INTERMINABLE","JORNADA","MEJOR","PARTIDA"],"articleSection":["Yo opino - WMCMF"],"inLanguage":"es","potentialAction":[{"@type":"CommentAction","name":"Comment","target":["https:\/\/webdelmaestrocmf.com\/portal\/jornada-escolar-continua-partida-la-mas-pedagogica-usted-opina\/#respond"]}]},{"@type":"WebPage","@id":"https:\/\/webdelmaestrocmf.com\/portal\/jornada-escolar-continua-partida-la-mas-pedagogica-usted-opina\/","url":"https:\/\/webdelmaestrocmf.com\/portal\/jornada-escolar-continua-partida-la-mas-pedagogica-usted-opina\/","name":"Jornada escolar continua o partida \u00bfcu\u00e1l es la m\u00e1s pedag\u00f3gica? \u00bfusted, qu\u00e9 opina?","isPartOf":{"@id":"https:\/\/webdelmaestrocmf.com\/portal\/#website"},"primaryImageOfPage":{"@id":"https:\/\/webdelmaestrocmf.com\/portal\/jornada-escolar-continua-partida-la-mas-pedagogica-usted-opina\/#primaryimage"},"image":{"@id":"https:\/\/webdelmaestrocmf.com\/portal\/jornada-escolar-continua-partida-la-mas-pedagogica-usted-opina\/#primaryimage"},"thumbnailUrl":"https:\/\/webdelmaestrocmf.com\/portal\/wp-content\/uploads\/2017\/07\/a2-4.jpg","datePublished":"2017-07-13T00:15:47+00:00","dateModified":"2021-10-23T23:26:03+00:00","description":"Un debate interminable: \u00bfCu\u00e1l es la mejor jornada escolar? El tema estrella del momento el que m\u00e1s debates acalorados suscita...","breadcrumb":{"@id":"https:\/\/webdelmaestrocmf.com\/portal\/jornada-escolar-continua-partida-la-mas-pedagogica-usted-opina\/#breadcrumb"},"inLanguage":"es","potentialAction":[{"@type":"ReadAction","target":["https:\/\/webdelmaestrocmf.com\/portal\/jornada-escolar-continua-partida-la-mas-pedagogica-usted-opina\/"]}]},{"@type":"ImageObject","inLanguage":"es","@id":"https:\/\/webdelmaestrocmf.com\/portal\/jornada-escolar-continua-partida-la-mas-pedagogica-usted-opina\/#primaryimage","url":"https:\/\/webdelmaestrocmf.com\/portal\/wp-content\/uploads\/2017\/07\/a2-4.jpg","contentUrl":"https:\/\/webdelmaestrocmf.com\/portal\/wp-content\/uploads\/2017\/07\/a2-4.jpg","width":1100,"height":680},{"@type":"BreadcrumbList","@id":"https:\/\/webdelmaestrocmf.com\/portal\/jornada-escolar-continua-partida-la-mas-pedagogica-usted-opina\/#breadcrumb","itemListElement":[{"@type":"ListItem","position":1,"name":"Portada","item":"https:\/\/webdelmaestrocmf.com\/portal\/"},{"@type":"ListItem","position":2,"name":"Yo opino - WMCMF","item":"https:\/\/webdelmaestrocmf.com\/portal\/category\/jamb\/"},{"@type":"ListItem","position":3,"name":"Jornada escolar continua o partida \u00bfcu\u00e1l es la m\u00e1s pedag\u00f3gica? \u00bfusted, qu\u00e9 opina?"}]},{"@type":"WebSite","@id":"https:\/\/webdelmaestrocmf.com\/portal\/#website","url":"https:\/\/webdelmaestrocmf.com\/portal\/","name":"Web del Maestro CMF","description":"Maestros al servicio de la educaci\u00f3n","publisher":{"@id":"https:\/\/webdelmaestrocmf.com\/portal\/#organization"},"alternateName":"WMCMF","potentialAction":[{"@type":"SearchAction","target":{"@type":"EntryPoint","urlTemplate":"https:\/\/webdelmaestrocmf.com\/portal\/?s={search_term_string}"},"query-input":{"@type":"PropertyValueSpecification","valueRequired":true,"valueName":"search_term_string"}}],"inLanguage":"es"},{"@type":"Organization","@id":"https:\/\/webdelmaestrocmf.com\/portal\/#organization","name":"Web del Maestro CMF","alternateName":"WMCMF","url":"https:\/\/webdelmaestrocmf.com\/portal\/","logo":{"@type":"ImageObject","inLanguage":"es","@id":"https:\/\/webdelmaestrocmf.com\/portal\/#\/schema\/logo\/image\/","url":"https:\/\/webdelmaestrocmf.com\/portal\/wp-content\/uploads\/2023\/01\/logo-wmcmf-2.png","contentUrl":"https:\/\/webdelmaestrocmf.com\/portal\/wp-content\/uploads\/2023\/01\/logo-wmcmf-2.png","width":200,"height":60,"caption":"Web del Maestro CMF"},"image":{"@id":"https:\/\/webdelmaestrocmf.com\/portal\/#\/schema\/logo\/image\/"},"sameAs":["https:\/\/www.facebook.com\/WebdelMaestroCMF\/","https:\/\/x.com\/cmf_w","https:\/\/www.pinterest.com\/WMCMF\/","https:\/\/www.linkedin.com\/company\/web-del-maestro-cmf\/","https:\/\/www.instagram.com\/wmcmf\/","https:\/\/www.youtube.com\/channel\/UCDPSvjbdodE5sHnC3OxutHw","https:\/\/mastodon.social\/@wmcmf","https:\/\/www.tiktok.com\/@webdelmaestrocmf"]},{"@type":"Person","@id":"https:\/\/webdelmaestrocmf.com\/portal\/#\/schema\/person\/ebc57e23d318c9c4270c6f41367015b5","name":"Web del Maestro CMF","image":{"@type":"ImageObject","inLanguage":"es","@id":"https:\/\/secure.gravatar.com\/avatar\/718b2df46e711f63dc8c16a160d16cc0104e961fe3c231eaaed2426975fc5e2d?s=96&d=mm&r=g","url":"https:\/\/secure.gravatar.com\/avatar\/718b2df46e711f63dc8c16a160d16cc0104e961fe3c231eaaed2426975fc5e2d?s=96&d=mm&r=g","contentUrl":"https:\/\/secure.gravatar.com\/avatar\/718b2df46e711f63dc8c16a160d16cc0104e961fe3c231eaaed2426975fc5e2d?s=96&d=mm&r=g","caption":"Web del Maestro CMF"},"description":"Esta Web se cre\u00f3 sin fines de lucro, con fines educativos, cient\u00edficos y acad\u00e9micos, para personas que tengan dificultades y\/o inconvenientes en visualizar el material original. El objetivo es entregar recursos, compartir experiencias y materiales que ayuden a los padres de familia, maestros y estudiantes en su actualizaci\u00f3n y formaci\u00f3n permanente, en bien de la Educaci\u00f3n.","sameAs":["http:\/\/webdelmaestrocmf.com\/portal","https:\/\/www.facebook.com\/WebdelMaestroCMF\/","https:\/\/www.instagram.com\/wmcmf\/","https:\/\/cl.linkedin.com\/company\/web-del-maestro-cmf","https:\/\/www.pinterest.com\/WMCMF\/publicaciones\/","https:\/\/x.com\/cmf_w","https:\/\/www.youtube.com\/@WMCMF"]}]}},"jetpack_featured_media_url":"https:\/\/webdelmaestrocmf.com\/portal\/wp-content\/uploads\/2017\/07\/a2-4.jpg","jetpack_sharing_enabled":true,"jetpack-related-posts":[{"id":113889,"url":"https:\/\/webdelmaestrocmf.com\/portal\/familias-piden-reducir-las-vacaciones-de-verano-y-que-la-jornada-escolar-sea-mas-corta\/","url_meta":{"origin":20474,"position":0},"title":"Familias piden reducir las vacaciones de verano y que la jornada escolar sea m\u00e1s corta","author":"Web del Maestro CMF","date":"9 diciembre, 2025","format":false,"excerpt":"Un debate creciente cuestiona c\u00f3mo se organiza el tiempo escolar y qu\u00e9 efectos reales tiene en el aprendizaje y la salud emocional.","rel":"","context":"En \u00abNoticias Internacionales\u00bb","block_context":{"text":"Noticias Internacionales","link":"https:\/\/webdelmaestrocmf.com\/portal\/category\/noticias-internacionales\/"},"img":{"alt_text":"","src":"https:\/\/i0.wp.com\/webdelmaestrocmf.com\/portal\/wp-content\/uploads\/2025\/12\/1A-Banner-1-portada-imagen-10-1-copia-1-4.webp?resize=350%2C200&ssl=1","width":350,"height":200,"srcset":"https:\/\/i0.wp.com\/webdelmaestrocmf.com\/portal\/wp-content\/uploads\/2025\/12\/1A-Banner-1-portada-imagen-10-1-copia-1-4.webp?resize=350%2C200&ssl=1 1x, https:\/\/i0.wp.com\/webdelmaestrocmf.com\/portal\/wp-content\/uploads\/2025\/12\/1A-Banner-1-portada-imagen-10-1-copia-1-4.webp?resize=525%2C300&ssl=1 1.5x, https:\/\/i0.wp.com\/webdelmaestrocmf.com\/portal\/wp-content\/uploads\/2025\/12\/1A-Banner-1-portada-imagen-10-1-copia-1-4.webp?resize=700%2C400&ssl=1 2x"},"classes":[]},{"id":112210,"url":"https:\/\/webdelmaestrocmf.com\/portal\/director-recibio-una-brutal-paliza-por-parte-de-alumnos-de-su-plantel-reabre-el-debate-sobre-la-violencia-escolar-en-mexico\/","url_meta":{"origin":20474,"position":1},"title":"Director recibi\u00f3 una brutal paliza por parte de alumnos de su plantel, reabre el debate sobre la violencia escolar en M\u00e9xico","author":"Web del Maestro CMF","date":"18 septiembre, 2025","format":false,"excerpt":"Estudiantes del Cetis 78 golpearon brutalmente a su director durante una protesta, reabriendo el debate sobre violencia escolar en M\u00e9xico.","rel":"","context":"En \u00abNoticias Internacionales\u00bb","block_context":{"text":"Noticias Internacionales","link":"https:\/\/webdelmaestrocmf.com\/portal\/category\/noticias-internacionales\/"},"img":{"alt_text":"","src":"https:\/\/i0.wp.com\/webdelmaestrocmf.com\/portal\/wp-content\/uploads\/2025\/09\/1A-Banner-1-portada-imagen-10-1-copia-1-1.webp?resize=350%2C200&ssl=1","width":350,"height":200,"srcset":"https:\/\/i0.wp.com\/webdelmaestrocmf.com\/portal\/wp-content\/uploads\/2025\/09\/1A-Banner-1-portada-imagen-10-1-copia-1-1.webp?resize=350%2C200&ssl=1 1x, https:\/\/i0.wp.com\/webdelmaestrocmf.com\/portal\/wp-content\/uploads\/2025\/09\/1A-Banner-1-portada-imagen-10-1-copia-1-1.webp?resize=525%2C300&ssl=1 1.5x, https:\/\/i0.wp.com\/webdelmaestrocmf.com\/portal\/wp-content\/uploads\/2025\/09\/1A-Banner-1-portada-imagen-10-1-copia-1-1.webp?resize=700%2C400&ssl=1 2x"},"classes":[]},{"id":108302,"url":"https:\/\/webdelmaestrocmf.com\/portal\/convivencia-colegial-ha-mejorado-tras-prohibicion-del-uso-de-celular\/","url_meta":{"origin":20474,"position":2},"title":"Convivencia colegial ha mejorado tras prohibici\u00f3n del uso de celular","author":"Web del Maestro CMF","date":"9 marzo, 2025","format":false,"excerpt":"El Global Education Monitoring Report, de la Unesco, alerta que los ni\u00f1os tardan 20 minutos en volver a concentrarse si se distraen con el tel\u00e9fono. Muchas administraciones p\u00fablicas inciden en que la convivencia escolar ha mejorado. La prohibici\u00f3n de los tel\u00e9fonos celulares en los centros educativos ha llegado a todas\u2026","rel":"","context":"En \u00abNoticias Internacionales\u00bb","block_context":{"text":"Noticias Internacionales","link":"https:\/\/webdelmaestrocmf.com\/portal\/category\/noticias-internacionales\/"},"img":{"alt_text":"","src":"https:\/\/i0.wp.com\/webdelmaestrocmf.com\/portal\/wp-content\/uploads\/2025\/03\/1A-Banner-1-portada-imagen-10-1-2025-03-09T184137.443.jpg?resize=350%2C200&ssl=1","width":350,"height":200,"srcset":"https:\/\/i0.wp.com\/webdelmaestrocmf.com\/portal\/wp-content\/uploads\/2025\/03\/1A-Banner-1-portada-imagen-10-1-2025-03-09T184137.443.jpg?resize=350%2C200&ssl=1 1x, https:\/\/i0.wp.com\/webdelmaestrocmf.com\/portal\/wp-content\/uploads\/2025\/03\/1A-Banner-1-portada-imagen-10-1-2025-03-09T184137.443.jpg?resize=525%2C300&ssl=1 1.5x, https:\/\/i0.wp.com\/webdelmaestrocmf.com\/portal\/wp-content\/uploads\/2025\/03\/1A-Banner-1-portada-imagen-10-1-2025-03-09T184137.443.jpg?resize=700%2C400&ssl=1 2x"},"classes":[]},{"id":45334,"url":"https:\/\/webdelmaestrocmf.com\/portal\/sergio-martinic-en-america-latina-las-jornadas-laborales-de-los-profesores-contemplan-muy-pocas-horas-de-tiempo-no-lectivo\/","url_meta":{"origin":20474,"position":3},"title":"Sergio Martinic: En Am\u00e9rica Latina las jornadas laborales de los profesores contemplan muy pocas horas de tiempo no lectivo","author":"Web del Maestro CMF","date":"11 marzo, 2020","format":false,"excerpt":"El Profesor Sergio Martinic Valencia, de nacionalidad chilena, es Doctor en Sociolog\u00eda, \u00a0Master en Ciencias Sociales y Antrop\u00f3logo, ha dirigido su trabajo profesional hacia los estudios de pol\u00edticas educativas, pr\u00e1cticas docentes y formaci\u00f3n de profesores. Se ha especializado en el estudio de la cultura en la organizaci\u00f3n y sistema educativo,\u2026","rel":"","context":"En \u00abEntrevistas\u00bb","block_context":{"text":"Entrevistas","link":"https:\/\/webdelmaestrocmf.com\/portal\/category\/noticias\/entrevistas\/"},"img":{"alt_text":"","src":"https:\/\/i0.wp.com\/webdelmaestrocmf.com\/portal\/wp-content\/uploads\/2020\/03\/2c-17.webp?resize=350%2C200&ssl=1","width":350,"height":200,"srcset":"https:\/\/i0.wp.com\/webdelmaestrocmf.com\/portal\/wp-content\/uploads\/2020\/03\/2c-17.webp?resize=350%2C200&ssl=1 1x, https:\/\/i0.wp.com\/webdelmaestrocmf.com\/portal\/wp-content\/uploads\/2020\/03\/2c-17.webp?resize=525%2C300&ssl=1 1.5x, https:\/\/i0.wp.com\/webdelmaestrocmf.com\/portal\/wp-content\/uploads\/2020\/03\/2c-17.webp?resize=700%2C400&ssl=1 2x, https:\/\/i0.wp.com\/webdelmaestrocmf.com\/portal\/wp-content\/uploads\/2020\/03\/2c-17.webp?resize=1050%2C600&ssl=1 3x"},"classes":[]},{"id":114686,"url":"https:\/\/webdelmaestrocmf.com\/portal\/profesora-denuncia-grave-episodio-de-violencia-por-parte-de-una-alumna-tras-conflicto-por-uso-del-celular-en-aula\/","url_meta":{"origin":20474,"position":4},"title":"Profesora denuncia grave episodio de violencia por parte de una alumna tras conflicto por uso del celular en aula","author":"Web del Maestro CMF","date":"10 enero, 2026","format":false,"excerpt":"Una profesora fue agredida tras exigir guardar el celular, evidenciando violencia escolar, crisis de autoridad docente y falta de protecci\u00f3n.","rel":"","context":"En \u00abNoticias Internacionales\u00bb","block_context":{"text":"Noticias Internacionales","link":"https:\/\/webdelmaestrocmf.com\/portal\/category\/noticias-internacionales\/"},"img":{"alt_text":"","src":"https:\/\/i0.wp.com\/webdelmaestrocmf.com\/portal\/wp-content\/uploads\/2026\/01\/1A-Banner-1-portada-imagen-10-1-copia-2-4.webp?resize=350%2C200&ssl=1","width":350,"height":200,"srcset":"https:\/\/i0.wp.com\/webdelmaestrocmf.com\/portal\/wp-content\/uploads\/2026\/01\/1A-Banner-1-portada-imagen-10-1-copia-2-4.webp?resize=350%2C200&ssl=1 1x, https:\/\/i0.wp.com\/webdelmaestrocmf.com\/portal\/wp-content\/uploads\/2026\/01\/1A-Banner-1-portada-imagen-10-1-copia-2-4.webp?resize=525%2C300&ssl=1 1.5x, https:\/\/i0.wp.com\/webdelmaestrocmf.com\/portal\/wp-content\/uploads\/2026\/01\/1A-Banner-1-portada-imagen-10-1-copia-2-4.webp?resize=700%2C400&ssl=1 2x"},"classes":[]},{"id":114433,"url":"https:\/\/webdelmaestrocmf.com\/portal\/mexico-propone-prohibir-celulares-y-dispositivos-moviles-en-escuelas-de-educacion-basica\/","url_meta":{"origin":20474,"position":5},"title":"M\u00e9xico propone prohibir celulares y dispositivos m\u00f3viles en escuelas de educaci\u00f3n b\u00e1sica","author":"Web del Maestro CMF","date":"2 enero, 2026","format":false,"excerpt":"M\u00e9xico analiza prohibir celulares en escuelas de educaci\u00f3n b\u00e1sica para mejorar atenci\u00f3n, convivencia y aprendizaje, manteniendo tecnolog\u00eda como apoyo educativo.","rel":"","context":"En \u00abNoticias Internacionales\u00bb","block_context":{"text":"Noticias Internacionales","link":"https:\/\/webdelmaestrocmf.com\/portal\/category\/noticias-internacionales\/"},"img":{"alt_text":"","src":"https:\/\/i0.wp.com\/webdelmaestrocmf.com\/portal\/wp-content\/uploads\/2026\/01\/1.webp?resize=350%2C200&ssl=1","width":350,"height":200,"srcset":"https:\/\/i0.wp.com\/webdelmaestrocmf.com\/portal\/wp-content\/uploads\/2026\/01\/1.webp?resize=350%2C200&ssl=1 1x, https:\/\/i0.wp.com\/webdelmaestrocmf.com\/portal\/wp-content\/uploads\/2026\/01\/1.webp?resize=525%2C300&ssl=1 1.5x, https:\/\/i0.wp.com\/webdelmaestrocmf.com\/portal\/wp-content\/uploads\/2026\/01\/1.webp?resize=700%2C400&ssl=1 2x"},"classes":[]}],"_links":{"self":[{"href":"https:\/\/webdelmaestrocmf.com\/portal\/wp-json\/wp\/v2\/posts\/20474","targetHints":{"allow":["GET"]}}],"collection":[{"href":"https:\/\/webdelmaestrocmf.com\/portal\/wp-json\/wp\/v2\/posts"}],"about":[{"href":"https:\/\/webdelmaestrocmf.com\/portal\/wp-json\/wp\/v2\/types\/post"}],"author":[{"embeddable":true,"href":"https:\/\/webdelmaestrocmf.com\/portal\/wp-json\/wp\/v2\/users\/2"}],"replies":[{"embeddable":true,"href":"https:\/\/webdelmaestrocmf.com\/portal\/wp-json\/wp\/v2\/comments?post=20474"}],"version-history":[{"count":0,"href":"https:\/\/webdelmaestrocmf.com\/portal\/wp-json\/wp\/v2\/posts\/20474\/revisions"}],"wp:featuredmedia":[{"embeddable":true,"href":"https:\/\/webdelmaestrocmf.com\/portal\/wp-json\/wp\/v2\/media\/69783"}],"wp:attachment":[{"href":"https:\/\/webdelmaestrocmf.com\/portal\/wp-json\/wp\/v2\/media?parent=20474"}],"wp:term":[{"taxonomy":"category","embeddable":true,"href":"https:\/\/webdelmaestrocmf.com\/portal\/wp-json\/wp\/v2\/categories?post=20474"},{"taxonomy":"post_tag","embeddable":true,"href":"https:\/\/webdelmaestrocmf.com\/portal\/wp-json\/wp\/v2\/tags?post=20474"}],"curies":[{"name":"wp","href":"https:\/\/api.w.org\/{rel}","templated":true}]}}