{"id":20357,"date":"2019-09-12T01:05:05","date_gmt":"2019-09-12T04:05:05","guid":{"rendered":"http:\/\/webdelmaestrocmf.com\/portal\/?p=20357"},"modified":"2021-06-17T20:52:49","modified_gmt":"2021-06-18T00:52:49","slug":"teoria-del-aprendizaje-de-ivan-pavlov","status":"publish","type":"post","link":"https:\/\/webdelmaestrocmf.com\/portal\/teoria-del-aprendizaje-de-ivan-pavlov\/","title":{"rendered":"Elsa Punset: Los profesores ense\u00f1an y contagian emociones a los ni\u00f1os"},"content":{"rendered":"<h5 style=\"text-align: justify;\">Ense\u00f1amos a los ni\u00f1os a leer, escribir o vestirse, pero \u00bfqu\u00e9 hay de sus emociones? <strong>Educar las emociones<\/strong> puede convertirse en la <strong>llave de libertad<\/strong> para las personas, opina Elsa Punset, Licenciada en Filosof\u00eda y Letras y Magister en Humanidades (Universidad de Oxford), periodista por la Universidad Aut\u00f3noma de Madrid y Magister en Educaci\u00f3n Secundaria (Universidad Camilo Jos\u00e9 Cela), quien es entrevistada por Ana Rodrigo, para la Agencia EFE (Madrid), y de cuya publicaci\u00f3n hemos tomado tres preguntas y respuestas que consideramos nos pueden aportar un conocimiento m\u00e1s cercano a lo que es la inteligencia social, ya propuesta por Daniel Goleman.<\/h5>\n<p><!--more--><\/p>\n<p style=\"text-align: justify;\">Ella afirma que es importante ense\u00f1ar a los ni\u00f1os a <strong>superar el miedo<\/strong> con un \u00abplan antimiedo\u00bb; a ser (de s\u00ed mismo) su mejor amigo y <strong>compararse menos<\/strong> con los dem\u00e1s; saber que del entorno social <strong>se recibe afecto<\/strong>; que la tristeza es una reacci\u00f3n normal ante las p\u00e9rdidas y las decepciones; que los <strong>estados emocionales son pasajeros<\/strong>, y que <strong>la serenidad<\/strong> se puede entrenar y fortalecer f\u00edsicamente en el cerebro.<\/p>\n<p><a href=\"https:\/\/webdelmaestrocmf.com\/portal\/wp-content\/uploads\/2018\/04\/1-27.jpg\"><img loading=\"lazy\" decoding=\"async\" class=\"alignnone size-full wp-image-40252\" src=\"https:\/\/webdelmaestrocmf.com\/portal\/wp-content\/uploads\/2018\/04\/1-27.jpg\" alt=\"\" width=\"1100\" height=\"680\" srcset=\"https:\/\/webdelmaestrocmf.com\/portal\/wp-content\/uploads\/2018\/04\/1-27.jpg 1100w, https:\/\/webdelmaestrocmf.com\/portal\/wp-content\/uploads\/2018\/04\/1-27-300x185.jpg 300w, https:\/\/webdelmaestrocmf.com\/portal\/wp-content\/uploads\/2018\/04\/1-27-768x475.jpg 768w, https:\/\/webdelmaestrocmf.com\/portal\/wp-content\/uploads\/2018\/04\/1-27-1024x633.jpg 1024w, https:\/\/webdelmaestrocmf.com\/portal\/wp-content\/uploads\/2018\/04\/1-27-110x68.jpg 110w, https:\/\/webdelmaestrocmf.com\/portal\/wp-content\/uploads\/2018\/04\/1-27-200x124.jpg 200w, https:\/\/webdelmaestrocmf.com\/portal\/wp-content\/uploads\/2018\/04\/1-27-380x235.jpg 380w, https:\/\/webdelmaestrocmf.com\/portal\/wp-content\/uploads\/2018\/04\/1-27-255x158.jpg 255w, https:\/\/webdelmaestrocmf.com\/portal\/wp-content\/uploads\/2018\/04\/1-27-550x340.jpg 550w, https:\/\/webdelmaestrocmf.com\/portal\/wp-content\/uploads\/2018\/04\/1-27-800x495.jpg 800w\" sizes=\"auto, (max-width: 1100px) 100vw, 1100px\" \/><\/a><\/p>\n<p style=\"text-align: justify;\">De hecho, en su libro \u201cInteligencia Social\u201d, Daniel Goleman sostiene que \u201clas personas <strong>que nos rodean<\/strong> tienen la capacidad de moldear y definir nuestros <strong>estados de \u00e1nimo<\/strong> y <strong>nuestra biolog\u00eda<\/strong>, al tiempo que nosotros ejercemos una <strong>influencia an\u00e1loga<\/strong> en ellos. Esa comprensi\u00f3n profunda del <strong>influjo que las relaciones tienen en nuestra vida y en la de los dem\u00e1s<\/strong> da origen a lo que puede llamarse la <strong>\u201cinteligencia social\u201d,<\/strong> cuyo <strong>desarrollo exige<\/strong>, a un mismo tiempo, conocer la forma en que funcionan las relaciones y comportarse adecuadamente en ellas\u201d (Leaders Summaries), y mucho m\u00e1s a los educadores: padres de familia y profesores.<\/p>\n<p style=\"text-align: justify;\">\u201cUna persona socialmente h\u00e1bil podr\u00eda, como lo hace un luchador de jiu-jitsu, reconocer las energ\u00edas emocionales hostiles y orientarlas para que se tornen positivas\u201d, por lo que <strong>si educamos<\/strong> a nuestros hijos y\/o estudiantes a <strong>comprender y transformar la manera de relacionarse, comunicarse y trabajar en equipo<\/strong> con el resto del mundo, les ayudaremos a filtrar y sacar lo positivo de la informaci\u00f3n que les llega por todas partes y a <strong>desarrollar sus habilidades sociales<\/strong> que facilitar\u00e1n el camino para encontrar su lugar en el mundo. Elsa Punset nos invita a descubrir las apasionantes <strong>claves de nuestra inteligencia social<\/strong>, porque las emociones nos influyen y muchas veces nos gobiernan, por lo que aprender a manejarlas ayuda a mejorar nuestras relaciones con los dem\u00e1s y a superar el estr\u00e9s e incluso a tener mejor salud.<\/p>\n<p style=\"text-align: justify;\">Algunas veces tenemos <strong>problemas de salud mental<\/strong>, muchos de ellos de origen emocional causadas por emociones incomprendidas y reprimidas que nos da\u00f1an en cuerpo y mente. \u201cPero esto tiene f\u00e1cil soluci\u00f3n: ayudar a las personas, <strong>desde la infancia, a comprender y gestionar sus emociones<\/strong>. \u00a1Es una gran llave de libertad que estamos descubriendo!\u201d<\/p>\n<h5><strong>\u00bfC\u00d3MO SE PUEDEN EDUCAR [LAS EMOCIONES]?<\/strong><\/h5>\n<p><strong>ELSA PUNSET<\/strong>: Las emociones siempre se \u00abeducan\u00bb, la diferencia es que <strong>pueden educarse por s\u00ed solas<\/strong>, para bien o para mal, o bien puedes incidir conscientemente en el capital emocional del ni\u00f1o, ayud\u00e1ndole a comprender, transformar y regular sus emociones.<\/p>\n<p style=\"text-align: justify;\">Si no hacemos nada para educarlas conscientemente, nuestras emociones <strong>se consolidan en la infancia<\/strong> como una reacci\u00f3n instintiva al entorno y a la familia. Como dice Florest\u00e1n -un personaje del cuento-, la gaviota gu\u00eda de emociones de los Atrevidos, \u00ab\u00bfdebemos aprender a ser due\u00f1os, y no esclavos, de nuestras emociones?, \u00a1porque no existe un desaf\u00edo m\u00e1s grande que mejorarse a uno mismo!\u00bb<\/p>\n<p><img loading=\"lazy\" decoding=\"async\" class=\"alignnone size-full wp-image-40255\" src=\"https:\/\/webdelmaestrocmf.com\/portal\/wp-content\/uploads\/2018\/04\/1-28.jpg\" alt=\"\" width=\"900\" height=\"632\" srcset=\"https:\/\/webdelmaestrocmf.com\/portal\/wp-content\/uploads\/2018\/04\/1-28.jpg 900w, https:\/\/webdelmaestrocmf.com\/portal\/wp-content\/uploads\/2018\/04\/1-28-300x211.jpg 300w, https:\/\/webdelmaestrocmf.com\/portal\/wp-content\/uploads\/2018\/04\/1-28-768x539.jpg 768w, https:\/\/webdelmaestrocmf.com\/portal\/wp-content\/uploads\/2018\/04\/1-28-110x77.jpg 110w, https:\/\/webdelmaestrocmf.com\/portal\/wp-content\/uploads\/2018\/04\/1-28-200x140.jpg 200w, https:\/\/webdelmaestrocmf.com\/portal\/wp-content\/uploads\/2018\/04\/1-28-380x267.jpg 380w, https:\/\/webdelmaestrocmf.com\/portal\/wp-content\/uploads\/2018\/04\/1-28-255x179.jpg 255w, https:\/\/webdelmaestrocmf.com\/portal\/wp-content\/uploads\/2018\/04\/1-28-550x386.jpg 550w, https:\/\/webdelmaestrocmf.com\/portal\/wp-content\/uploads\/2018\/04\/1-28-800x562.jpg 800w\" sizes=\"auto, (max-width: 900px) 100vw, 900px\" \/><\/p>\n<h5><strong>\u00bfCU\u00c1L ES LA EDAD M\u00c1S ADECUADA PARA COMENZAR CON ESTE APRENDIZAJE O JUEGO DE LAS EMOCIONES?<\/strong><\/h5>\n<p style=\"text-align: justify;\"><strong>ELSA PUNSET<\/strong>: Cuanto antes lo hagamos de forma consciente, mejor. De hecho, desde que nacemos ya somos sensibles a las emociones de nuestros padres y reaccionamos a ellas. <strong>En los primeros a\u00f1os de vida<\/strong>, a los m\u00e1s peque\u00f1os les cuesta distinguir entre ellos mismos y sus emociones y por eso act\u00faan de forma tan emocional. <strong>No saben a\u00fan gestionarlas<\/strong>.<\/p>\n<p style=\"text-align: justify;\">Los padres ense\u00f1amos instintivamente a nuestros hijos peque\u00f1os a comprender y nombrar sus emociones, decimos a los ni\u00f1os peque\u00f1os, por ejemplo, \u00abTienes sue\u00f1o, \u00bfverdad? Te voy a mecer as\u00ed, despacio, y te vas a relajar y a dormir\u00bb. Poco a poco, si los padres les ayudan, <strong>los ni\u00f1os aprenden a poner nombre a sus emociones y a autorregularlas<\/strong>, es decir, a calmarlas por su cuenta, sin tanta ayuda de los padres.<\/p>\n<h5><strong>\u00bfPODR\u00cdA ACONSEJARNOS TRUCOS DE ORIENTACI\u00d3N, PERO PARA LOS PROFESORES?<\/strong><\/h5>\n<p style=\"text-align: justify;\"><strong>ELSA PUNSET<\/strong>: Despu\u00e9s de los padres, los estudios muestran que <strong>los profesores pueden tener un impacto enorme en la vida de los ni\u00f1os<\/strong>. Los profesores ense\u00f1an y contagian emociones a los ni\u00f1os en la medida en la que son modelos: los ni\u00f1os <strong>se fijan en c\u00f3mo resuelven conflictos<\/strong>, en si les muestran respeto y confianza o en si el aula es segura en lo f\u00edsico y lo emocional.<\/p>\n<p style=\"text-align: justify;\">Los ni\u00f1os aprenden imitando a los adultos que los rodean. \u201cPor ello, los estudios muestran que <strong>los ni\u00f1os que tienen padres y madres emocionalmente inteligentes<\/strong> tienen mejor salud, mejor rendimiento acad\u00e9mico, mejores relaciones con los dem\u00e1s y menos problemas de comportamiento\u201d.<\/p>\n<p style=\"text-align: justify;\">Les recomendamos leer los libros \u201cEl Mundo En Tus Manos\u201d y \u201cUna Mochila Para El Universo\u201d, as\u00ed como, ver el art\u00edculo completo, fuente de nuestra publicaci\u00f3n, en <a href=\"https:\/\/www.efe.com\/efe\/espana\/entrevistas\/elsa-punset-educar-las-emociones-es-una-llave-de-libertad-para-personas\/10012-2749364\" target=\"_blank\" rel=\"noopener noreferrer\">ELSA PUNSET: EDUCAR LAS EMOCIONES, ES UNA LLAVE DE LIBERTAD PARA LAS PERSONAS.<\/a><\/p>\n<p style=\"text-align: right;\"><strong>REDACCI\u00d3N WEB DEL MAESTRO CMF<\/strong><\/p>\n\t\t<div class=\"pk-inline-posts\">\n\t\t\t\n\t\t\t<div class=\"pk-inline-posts-container pk-inline-posts-template-list\"\n\t\t\t\tdata-columns=\"1\">\n\t\t\t\t\t\t<article id=\"post-23619\" class=\"post-23619 post type-post status-publish format-standard has-post-thumbnail category-educacion-noticias category-noticias tag-aprender tag-interes tag-jose-antonio-marina tag-motivacion tag-motivar tag-nino tag-personalidad tag-secretos tag-tarea cs-entry cs-video-wrap\">\n\t\t\t<div class=\"pk-post-outer\">\n\n\t\t\t\t\t\t\t\t<div class=\"pk-post-inner\">\n\t\t\t\t\t<div class=\"entry-thumbnail\">\n\t\t\t\t\t\t<div class=\"pk-overlay pk-overlay-ratio pk-ratio-landscape\">\n\t\t\t\t\t\t\t<div class=\"pk-overlay-background\">\n\t\t\t\t\t\t\t\t<a href=\"https:\/\/webdelmaestrocmf.com\/portal\/motivar-al-nino-sienta-interes-aprender\/\" class=\"pk-overlay-link\">\n\t\t\t\t\t\t\t\t\t<img loading=\"lazy\" decoding=\"async\" width=\"300\" height=\"225\" src=\"https:\/\/webdelmaestrocmf.com\/portal\/wp-content\/uploads\/2020\/12\/1A-Banner-1-portada-imagen-10-1-copia-300x225.webp\" class=\"attachment-pk-thumbnail size-pk-thumbnail wp-post-image\" alt=\"\" \/>\t\t\t\t\t\t\t\t<\/a>\n\t\t\t\t\t\t\t<\/div>\n\t\t\t\t\t\t<\/div>\n\t\t\t\t\t<\/div>\n\t\t\t\t<\/div>\n\t\t\t\t\n\t\t\t\t<div class=\"pk-post-inner\">\n\t\t\t\t\t<header>\n\t\t\t\t\t\t<h3 class=\"pk-title\"><a href=\"https:\/\/webdelmaestrocmf.com\/portal\/motivar-al-nino-sienta-interes-aprender\/\" rel=\"bookmark\">Jos\u00e9 Antonio Marina: \u00bfC\u00f3mo motivar al ni\u00f1o para que sienta inter\u00e9s por aprender?<\/a><\/h3>\t\t\t\t\t<\/header><!-- .entry-header -->\n\t\t\t\t<\/div><!-- .post-inner -->\n\n\t\t\t<\/div><!-- .post-outer -->\n\t\t<\/article>\n\t\t\t\t<\/div>\n\t\t<\/div>\n\t\t\n","protected":false},"excerpt":{"rendered":"Ense\u00f1amos a los ni\u00f1os a leer, escribir o vestirse, pero \u00bfqu\u00e9 hay de sus emociones? Educar las emociones&hellip;","protected":false},"author":2,"featured_media":40254,"comment_status":"open","ping_status":"open","sticky":false,"template":"","format":"standard","meta":{"csco_display_header_overlay":false,"csco_singular_sidebar":"disabled","csco_page_header_type":"standard","csco_page_load_nextpost":"default","csco_post_video_location":[],"csco_post_video_location_hash":"","csco_post_video_url":"","csco_post_video_bg_start_time":0,"csco_post_video_bg_end_time":0,"csco_post_video_bg_volume":false,"_jetpack_memberships_contains_paid_content":false,"footnotes":""},"categories":[705,47],"tags":[2457,276,378,297,62],"class_list":{"0":"post-20357","1":"post","2":"type-post","3":"status-publish","4":"format-standard","5":"has-post-thumbnail","7":"category-educacion-noticias","8":"category-noticias","9":"tag-contagian","10":"tag-emociones","11":"tag-ensenan","12":"tag-ninos","13":"tag-profesores","14":"cs-entry","15":"cs-video-wrap"},"yoast_head":"<!-- This site is optimized with the Yoast SEO plugin v27.5 - https:\/\/yoast.com\/product\/yoast-seo-wordpress\/ -->\n<title>Los profesores ense\u00f1an y contagian emociones a los ni\u00f1os<\/title>\n<meta name=\"description\" content=\"Los profesores ense\u00f1an y contagian emociones a los ni\u00f1os en la medida en la que son modelos: los ni\u00f1os se fijan en c\u00f3mo resuelven...\" \/>\n<meta name=\"robots\" content=\"index, follow, max-snippet:-1, max-image-preview:large, max-video-preview:-1\" \/>\n<link rel=\"canonical\" href=\"https:\/\/webdelmaestrocmf.com\/portal\/teoria-del-aprendizaje-de-ivan-pavlov\/\" \/>\n<meta property=\"og:locale\" content=\"es_ES\" \/>\n<meta property=\"og:type\" content=\"article\" \/>\n<meta property=\"og:title\" content=\"Los profesores ense\u00f1an y contagian emociones a los ni\u00f1os\" \/>\n<meta property=\"og:description\" content=\"Los profesores ense\u00f1an y contagian emociones a los ni\u00f1os en la medida en la que son modelos: los ni\u00f1os se fijan en c\u00f3mo resuelven...\" \/>\n<meta property=\"og:url\" content=\"https:\/\/webdelmaestrocmf.com\/portal\/teoria-del-aprendizaje-de-ivan-pavlov\/\" \/>\n<meta property=\"og:site_name\" content=\"Web del Maestro CMF\" \/>\n<meta property=\"article:publisher\" content=\"https:\/\/www.facebook.com\/WebdelMaestroCMF\/\" \/>\n<meta property=\"article:author\" content=\"https:\/\/www.facebook.com\/WebdelMaestroCMF\/\" \/>\n<meta property=\"article:published_time\" content=\"2019-09-12T04:05:05+00:00\" \/>\n<meta property=\"article:modified_time\" content=\"2021-06-18T00:52:49+00:00\" \/>\n<meta property=\"og:image\" content=\"https:\/\/i0.wp.com\/webdelmaestrocmf.com\/portal\/wp-content\/uploads\/2018\/04\/2-2.jpg?fit=1100%2C680&ssl=1\" \/>\n\t<meta property=\"og:image:width\" content=\"1100\" \/>\n\t<meta property=\"og:image:height\" content=\"680\" \/>\n\t<meta property=\"og:image:type\" content=\"image\/jpeg\" \/>\n<meta name=\"author\" content=\"Web del Maestro CMF\" \/>\n<meta name=\"twitter:card\" content=\"summary_large_image\" \/>\n<meta name=\"twitter:creator\" content=\"@cmf_w\" \/>\n<meta name=\"twitter:site\" content=\"@cmf_w\" \/>\n<script type=\"application\/ld+json\" class=\"yoast-schema-graph\">{\"@context\":\"https:\\\/\\\/schema.org\",\"@graph\":[{\"@type\":\"ScholarlyArticle\",\"@id\":\"https:\\\/\\\/webdelmaestrocmf.com\\\/portal\\\/teoria-del-aprendizaje-de-ivan-pavlov\\\/#article\",\"isPartOf\":{\"@id\":\"https:\\\/\\\/webdelmaestrocmf.com\\\/portal\\\/teoria-del-aprendizaje-de-ivan-pavlov\\\/\"},\"author\":{\"name\":\"Web del Maestro CMF\",\"@id\":\"https:\\\/\\\/webdelmaestrocmf.com\\\/portal\\\/#\\\/schema\\\/person\\\/ebc57e23d318c9c4270c6f41367015b5\"},\"headline\":\"Elsa Punset: Los profesores ense\u00f1an y contagian emociones a los ni\u00f1os\",\"datePublished\":\"2019-09-12T04:05:05+00:00\",\"dateModified\":\"2021-06-18T00:52:49+00:00\",\"mainEntityOfPage\":{\"@id\":\"https:\\\/\\\/webdelmaestrocmf.com\\\/portal\\\/teoria-del-aprendizaje-de-ivan-pavlov\\\/\"},\"wordCount\":959,\"commentCount\":0,\"publisher\":{\"@id\":\"https:\\\/\\\/webdelmaestrocmf.com\\\/portal\\\/#organization\"},\"image\":{\"@id\":\"https:\\\/\\\/webdelmaestrocmf.com\\\/portal\\\/teoria-del-aprendizaje-de-ivan-pavlov\\\/#primaryimage\"},\"thumbnailUrl\":\"https:\\\/\\\/webdelmaestrocmf.com\\\/portal\\\/wp-content\\\/uploads\\\/2018\\\/04\\\/2-2.jpg\",\"keywords\":[\"CONTAGIAN\",\"EMOCIONES\",\"ENSE\u00d1AN\",\"Ni\u00f1os\",\"profesores\"],\"articleSection\":[\"Educaci\u00f3n\",\"Noticias\"],\"inLanguage\":\"es\",\"potentialAction\":[{\"@type\":\"CommentAction\",\"name\":\"Comment\",\"target\":[\"https:\\\/\\\/webdelmaestrocmf.com\\\/portal\\\/teoria-del-aprendizaje-de-ivan-pavlov\\\/#respond\"]}]},{\"@type\":\"WebPage\",\"@id\":\"https:\\\/\\\/webdelmaestrocmf.com\\\/portal\\\/teoria-del-aprendizaje-de-ivan-pavlov\\\/\",\"url\":\"https:\\\/\\\/webdelmaestrocmf.com\\\/portal\\\/teoria-del-aprendizaje-de-ivan-pavlov\\\/\",\"name\":\"Los profesores ense\u00f1an y contagian emociones a los ni\u00f1os\",\"isPartOf\":{\"@id\":\"https:\\\/\\\/webdelmaestrocmf.com\\\/portal\\\/#website\"},\"primaryImageOfPage\":{\"@id\":\"https:\\\/\\\/webdelmaestrocmf.com\\\/portal\\\/teoria-del-aprendizaje-de-ivan-pavlov\\\/#primaryimage\"},\"image\":{\"@id\":\"https:\\\/\\\/webdelmaestrocmf.com\\\/portal\\\/teoria-del-aprendizaje-de-ivan-pavlov\\\/#primaryimage\"},\"thumbnailUrl\":\"https:\\\/\\\/webdelmaestrocmf.com\\\/portal\\\/wp-content\\\/uploads\\\/2018\\\/04\\\/2-2.jpg\",\"datePublished\":\"2019-09-12T04:05:05+00:00\",\"dateModified\":\"2021-06-18T00:52:49+00:00\",\"description\":\"Los profesores ense\u00f1an y contagian emociones a los ni\u00f1os en la medida en la que son modelos: los ni\u00f1os se fijan en c\u00f3mo resuelven...\",\"breadcrumb\":{\"@id\":\"https:\\\/\\\/webdelmaestrocmf.com\\\/portal\\\/teoria-del-aprendizaje-de-ivan-pavlov\\\/#breadcrumb\"},\"inLanguage\":\"es\",\"potentialAction\":[{\"@type\":\"ReadAction\",\"target\":[\"https:\\\/\\\/webdelmaestrocmf.com\\\/portal\\\/teoria-del-aprendizaje-de-ivan-pavlov\\\/\"]}]},{\"@type\":\"ImageObject\",\"inLanguage\":\"es\",\"@id\":\"https:\\\/\\\/webdelmaestrocmf.com\\\/portal\\\/teoria-del-aprendizaje-de-ivan-pavlov\\\/#primaryimage\",\"url\":\"https:\\\/\\\/webdelmaestrocmf.com\\\/portal\\\/wp-content\\\/uploads\\\/2018\\\/04\\\/2-2.jpg\",\"contentUrl\":\"https:\\\/\\\/webdelmaestrocmf.com\\\/portal\\\/wp-content\\\/uploads\\\/2018\\\/04\\\/2-2.jpg\",\"width\":1100,\"height\":680},{\"@type\":\"BreadcrumbList\",\"@id\":\"https:\\\/\\\/webdelmaestrocmf.com\\\/portal\\\/teoria-del-aprendizaje-de-ivan-pavlov\\\/#breadcrumb\",\"itemListElement\":[{\"@type\":\"ListItem\",\"position\":1,\"name\":\"Portada\",\"item\":\"https:\\\/\\\/webdelmaestrocmf.com\\\/portal\\\/\"},{\"@type\":\"ListItem\",\"position\":2,\"name\":\"Noticias\",\"item\":\"https:\\\/\\\/webdelmaestrocmf.com\\\/portal\\\/category\\\/noticias\\\/\"},{\"@type\":\"ListItem\",\"position\":3,\"name\":\"Elsa Punset: Los profesores ense\u00f1an y contagian emociones a los ni\u00f1os\"}]},{\"@type\":\"WebSite\",\"@id\":\"https:\\\/\\\/webdelmaestrocmf.com\\\/portal\\\/#website\",\"url\":\"https:\\\/\\\/webdelmaestrocmf.com\\\/portal\\\/\",\"name\":\"Web del Maestro CMF\",\"description\":\"Maestros al servicio de la educaci\u00f3n\",\"publisher\":{\"@id\":\"https:\\\/\\\/webdelmaestrocmf.com\\\/portal\\\/#organization\"},\"alternateName\":\"WMCMF\",\"potentialAction\":[{\"@type\":\"SearchAction\",\"target\":{\"@type\":\"EntryPoint\",\"urlTemplate\":\"https:\\\/\\\/webdelmaestrocmf.com\\\/portal\\\/?s={search_term_string}\"},\"query-input\":{\"@type\":\"PropertyValueSpecification\",\"valueRequired\":true,\"valueName\":\"search_term_string\"}}],\"inLanguage\":\"es\"},{\"@type\":\"Organization\",\"@id\":\"https:\\\/\\\/webdelmaestrocmf.com\\\/portal\\\/#organization\",\"name\":\"Web del Maestro CMF\",\"alternateName\":\"WMCMF\",\"url\":\"https:\\\/\\\/webdelmaestrocmf.com\\\/portal\\\/\",\"logo\":{\"@type\":\"ImageObject\",\"inLanguage\":\"es\",\"@id\":\"https:\\\/\\\/webdelmaestrocmf.com\\\/portal\\\/#\\\/schema\\\/logo\\\/image\\\/\",\"url\":\"https:\\\/\\\/webdelmaestrocmf.com\\\/portal\\\/wp-content\\\/uploads\\\/2023\\\/01\\\/logo-wmcmf-2.png\",\"contentUrl\":\"https:\\\/\\\/webdelmaestrocmf.com\\\/portal\\\/wp-content\\\/uploads\\\/2023\\\/01\\\/logo-wmcmf-2.png\",\"width\":200,\"height\":60,\"caption\":\"Web del Maestro CMF\"},\"image\":{\"@id\":\"https:\\\/\\\/webdelmaestrocmf.com\\\/portal\\\/#\\\/schema\\\/logo\\\/image\\\/\"},\"sameAs\":[\"https:\\\/\\\/www.facebook.com\\\/WebdelMaestroCMF\\\/\",\"https:\\\/\\\/x.com\\\/cmf_w\",\"https:\\\/\\\/www.pinterest.com\\\/WMCMF\\\/\",\"https:\\\/\\\/www.linkedin.com\\\/company\\\/web-del-maestro-cmf\\\/\",\"https:\\\/\\\/www.instagram.com\\\/wmcmf\\\/\",\"https:\\\/\\\/www.youtube.com\\\/channel\\\/UCDPSvjbdodE5sHnC3OxutHw\",\"https:\\\/\\\/mastodon.social\\\/@wmcmf\",\"https:\\\/\\\/www.tiktok.com\\\/@webdelmaestrocmf\"]},{\"@type\":\"Person\",\"@id\":\"https:\\\/\\\/webdelmaestrocmf.com\\\/portal\\\/#\\\/schema\\\/person\\\/ebc57e23d318c9c4270c6f41367015b5\",\"name\":\"Web del Maestro CMF\",\"image\":{\"@type\":\"ImageObject\",\"inLanguage\":\"es\",\"@id\":\"https:\\\/\\\/secure.gravatar.com\\\/avatar\\\/718b2df46e711f63dc8c16a160d16cc0104e961fe3c231eaaed2426975fc5e2d?s=96&d=mm&r=g\",\"url\":\"https:\\\/\\\/secure.gravatar.com\\\/avatar\\\/718b2df46e711f63dc8c16a160d16cc0104e961fe3c231eaaed2426975fc5e2d?s=96&d=mm&r=g\",\"contentUrl\":\"https:\\\/\\\/secure.gravatar.com\\\/avatar\\\/718b2df46e711f63dc8c16a160d16cc0104e961fe3c231eaaed2426975fc5e2d?s=96&d=mm&r=g\",\"caption\":\"Web del Maestro CMF\"},\"description\":\"Esta Web se cre\u00f3 sin fines de lucro, con fines educativos, cient\u00edficos y acad\u00e9micos, para personas que tengan dificultades y\\\/o inconvenientes en visualizar el material original. El objetivo es entregar recursos, compartir experiencias y materiales que ayuden a los padres de familia, maestros y estudiantes en su actualizaci\u00f3n y formaci\u00f3n permanente, en bien de la Educaci\u00f3n.\",\"sameAs\":[\"http:\\\/\\\/webdelmaestrocmf.com\\\/portal\",\"https:\\\/\\\/www.facebook.com\\\/WebdelMaestroCMF\\\/\",\"https:\\\/\\\/www.instagram.com\\\/wmcmf\\\/\",\"https:\\\/\\\/cl.linkedin.com\\\/company\\\/web-del-maestro-cmf\",\"https:\\\/\\\/www.pinterest.com\\\/WMCMF\\\/publicaciones\\\/\",\"https:\\\/\\\/x.com\\\/cmf_w\",\"https:\\\/\\\/www.youtube.com\\\/@WMCMF\"]}]}<\/script>\n<!-- \/ Yoast SEO plugin. -->","yoast_head_json":{"title":"Los profesores ense\u00f1an y contagian emociones a los ni\u00f1os","description":"Los profesores ense\u00f1an y contagian emociones a los ni\u00f1os en la medida en la que son modelos: los ni\u00f1os se fijan en c\u00f3mo resuelven...","robots":{"index":"index","follow":"follow","max-snippet":"max-snippet:-1","max-image-preview":"max-image-preview:large","max-video-preview":"max-video-preview:-1"},"canonical":"https:\/\/webdelmaestrocmf.com\/portal\/teoria-del-aprendizaje-de-ivan-pavlov\/","og_locale":"es_ES","og_type":"article","og_title":"Los profesores ense\u00f1an y contagian emociones a los ni\u00f1os","og_description":"Los profesores ense\u00f1an y contagian emociones a los ni\u00f1os en la medida en la que son modelos: los ni\u00f1os se fijan en c\u00f3mo resuelven...","og_url":"https:\/\/webdelmaestrocmf.com\/portal\/teoria-del-aprendizaje-de-ivan-pavlov\/","og_site_name":"Web del Maestro CMF","article_publisher":"https:\/\/www.facebook.com\/WebdelMaestroCMF\/","article_author":"https:\/\/www.facebook.com\/WebdelMaestroCMF\/","article_published_time":"2019-09-12T04:05:05+00:00","article_modified_time":"2021-06-18T00:52:49+00:00","og_image":[{"width":1100,"height":680,"url":"https:\/\/i0.wp.com\/webdelmaestrocmf.com\/portal\/wp-content\/uploads\/2018\/04\/2-2.jpg?fit=1100%2C680&ssl=1","type":"image\/jpeg"}],"author":"Web del Maestro CMF","twitter_card":"summary_large_image","twitter_creator":"@cmf_w","twitter_site":"@cmf_w","schema":{"@context":"https:\/\/schema.org","@graph":[{"@type":"ScholarlyArticle","@id":"https:\/\/webdelmaestrocmf.com\/portal\/teoria-del-aprendizaje-de-ivan-pavlov\/#article","isPartOf":{"@id":"https:\/\/webdelmaestrocmf.com\/portal\/teoria-del-aprendizaje-de-ivan-pavlov\/"},"author":{"name":"Web del Maestro CMF","@id":"https:\/\/webdelmaestrocmf.com\/portal\/#\/schema\/person\/ebc57e23d318c9c4270c6f41367015b5"},"headline":"Elsa Punset: Los profesores ense\u00f1an y contagian emociones a los ni\u00f1os","datePublished":"2019-09-12T04:05:05+00:00","dateModified":"2021-06-18T00:52:49+00:00","mainEntityOfPage":{"@id":"https:\/\/webdelmaestrocmf.com\/portal\/teoria-del-aprendizaje-de-ivan-pavlov\/"},"wordCount":959,"commentCount":0,"publisher":{"@id":"https:\/\/webdelmaestrocmf.com\/portal\/#organization"},"image":{"@id":"https:\/\/webdelmaestrocmf.com\/portal\/teoria-del-aprendizaje-de-ivan-pavlov\/#primaryimage"},"thumbnailUrl":"https:\/\/webdelmaestrocmf.com\/portal\/wp-content\/uploads\/2018\/04\/2-2.jpg","keywords":["CONTAGIAN","EMOCIONES","ENSE\u00d1AN","Ni\u00f1os","profesores"],"articleSection":["Educaci\u00f3n","Noticias"],"inLanguage":"es","potentialAction":[{"@type":"CommentAction","name":"Comment","target":["https:\/\/webdelmaestrocmf.com\/portal\/teoria-del-aprendizaje-de-ivan-pavlov\/#respond"]}]},{"@type":"WebPage","@id":"https:\/\/webdelmaestrocmf.com\/portal\/teoria-del-aprendizaje-de-ivan-pavlov\/","url":"https:\/\/webdelmaestrocmf.com\/portal\/teoria-del-aprendizaje-de-ivan-pavlov\/","name":"Los profesores ense\u00f1an y contagian emociones a los ni\u00f1os","isPartOf":{"@id":"https:\/\/webdelmaestrocmf.com\/portal\/#website"},"primaryImageOfPage":{"@id":"https:\/\/webdelmaestrocmf.com\/portal\/teoria-del-aprendizaje-de-ivan-pavlov\/#primaryimage"},"image":{"@id":"https:\/\/webdelmaestrocmf.com\/portal\/teoria-del-aprendizaje-de-ivan-pavlov\/#primaryimage"},"thumbnailUrl":"https:\/\/webdelmaestrocmf.com\/portal\/wp-content\/uploads\/2018\/04\/2-2.jpg","datePublished":"2019-09-12T04:05:05+00:00","dateModified":"2021-06-18T00:52:49+00:00","description":"Los profesores ense\u00f1an y contagian emociones a los ni\u00f1os en la medida en la que son modelos: los ni\u00f1os se fijan en c\u00f3mo resuelven...","breadcrumb":{"@id":"https:\/\/webdelmaestrocmf.com\/portal\/teoria-del-aprendizaje-de-ivan-pavlov\/#breadcrumb"},"inLanguage":"es","potentialAction":[{"@type":"ReadAction","target":["https:\/\/webdelmaestrocmf.com\/portal\/teoria-del-aprendizaje-de-ivan-pavlov\/"]}]},{"@type":"ImageObject","inLanguage":"es","@id":"https:\/\/webdelmaestrocmf.com\/portal\/teoria-del-aprendizaje-de-ivan-pavlov\/#primaryimage","url":"https:\/\/webdelmaestrocmf.com\/portal\/wp-content\/uploads\/2018\/04\/2-2.jpg","contentUrl":"https:\/\/webdelmaestrocmf.com\/portal\/wp-content\/uploads\/2018\/04\/2-2.jpg","width":1100,"height":680},{"@type":"BreadcrumbList","@id":"https:\/\/webdelmaestrocmf.com\/portal\/teoria-del-aprendizaje-de-ivan-pavlov\/#breadcrumb","itemListElement":[{"@type":"ListItem","position":1,"name":"Portada","item":"https:\/\/webdelmaestrocmf.com\/portal\/"},{"@type":"ListItem","position":2,"name":"Noticias","item":"https:\/\/webdelmaestrocmf.com\/portal\/category\/noticias\/"},{"@type":"ListItem","position":3,"name":"Elsa Punset: Los profesores ense\u00f1an y contagian emociones a los ni\u00f1os"}]},{"@type":"WebSite","@id":"https:\/\/webdelmaestrocmf.com\/portal\/#website","url":"https:\/\/webdelmaestrocmf.com\/portal\/","name":"Web del Maestro CMF","description":"Maestros al servicio de la educaci\u00f3n","publisher":{"@id":"https:\/\/webdelmaestrocmf.com\/portal\/#organization"},"alternateName":"WMCMF","potentialAction":[{"@type":"SearchAction","target":{"@type":"EntryPoint","urlTemplate":"https:\/\/webdelmaestrocmf.com\/portal\/?s={search_term_string}"},"query-input":{"@type":"PropertyValueSpecification","valueRequired":true,"valueName":"search_term_string"}}],"inLanguage":"es"},{"@type":"Organization","@id":"https:\/\/webdelmaestrocmf.com\/portal\/#organization","name":"Web del Maestro CMF","alternateName":"WMCMF","url":"https:\/\/webdelmaestrocmf.com\/portal\/","logo":{"@type":"ImageObject","inLanguage":"es","@id":"https:\/\/webdelmaestrocmf.com\/portal\/#\/schema\/logo\/image\/","url":"https:\/\/webdelmaestrocmf.com\/portal\/wp-content\/uploads\/2023\/01\/logo-wmcmf-2.png","contentUrl":"https:\/\/webdelmaestrocmf.com\/portal\/wp-content\/uploads\/2023\/01\/logo-wmcmf-2.png","width":200,"height":60,"caption":"Web del Maestro CMF"},"image":{"@id":"https:\/\/webdelmaestrocmf.com\/portal\/#\/schema\/logo\/image\/"},"sameAs":["https:\/\/www.facebook.com\/WebdelMaestroCMF\/","https:\/\/x.com\/cmf_w","https:\/\/www.pinterest.com\/WMCMF\/","https:\/\/www.linkedin.com\/company\/web-del-maestro-cmf\/","https:\/\/www.instagram.com\/wmcmf\/","https:\/\/www.youtube.com\/channel\/UCDPSvjbdodE5sHnC3OxutHw","https:\/\/mastodon.social\/@wmcmf","https:\/\/www.tiktok.com\/@webdelmaestrocmf"]},{"@type":"Person","@id":"https:\/\/webdelmaestrocmf.com\/portal\/#\/schema\/person\/ebc57e23d318c9c4270c6f41367015b5","name":"Web del Maestro CMF","image":{"@type":"ImageObject","inLanguage":"es","@id":"https:\/\/secure.gravatar.com\/avatar\/718b2df46e711f63dc8c16a160d16cc0104e961fe3c231eaaed2426975fc5e2d?s=96&d=mm&r=g","url":"https:\/\/secure.gravatar.com\/avatar\/718b2df46e711f63dc8c16a160d16cc0104e961fe3c231eaaed2426975fc5e2d?s=96&d=mm&r=g","contentUrl":"https:\/\/secure.gravatar.com\/avatar\/718b2df46e711f63dc8c16a160d16cc0104e961fe3c231eaaed2426975fc5e2d?s=96&d=mm&r=g","caption":"Web del Maestro CMF"},"description":"Esta Web se cre\u00f3 sin fines de lucro, con fines educativos, cient\u00edficos y acad\u00e9micos, para personas que tengan dificultades y\/o inconvenientes en visualizar el material original. El objetivo es entregar recursos, compartir experiencias y materiales que ayuden a los padres de familia, maestros y estudiantes en su actualizaci\u00f3n y formaci\u00f3n permanente, en bien de la Educaci\u00f3n.","sameAs":["http:\/\/webdelmaestrocmf.com\/portal","https:\/\/www.facebook.com\/WebdelMaestroCMF\/","https:\/\/www.instagram.com\/wmcmf\/","https:\/\/cl.linkedin.com\/company\/web-del-maestro-cmf","https:\/\/www.pinterest.com\/WMCMF\/publicaciones\/","https:\/\/x.com\/cmf_w","https:\/\/www.youtube.com\/@WMCMF"]}]}},"jetpack_featured_media_url":"https:\/\/webdelmaestrocmf.com\/portal\/wp-content\/uploads\/2018\/04\/2-2.jpg","jetpack_sharing_enabled":true,"jetpack-related-posts":[{"id":31296,"url":"https:\/\/webdelmaestrocmf.com\/portal\/en-las-escuelas-podemos-ensenar-a-los-ninos-autocontrol-optimismo-alegria-serenidad\/","url_meta":{"origin":20357,"position":0},"title":"Elsa Punset: En las escuelas podemos ense\u00f1ar a los ni\u00f1os autocontrol, optimismo, alegr\u00eda, serenidad, \u2026","author":"Web del Maestro CMF","date":"1 julio, 2022","format":"video","excerpt":"En la escuela podemos ense\u00f1ar emociones como el autocontrol y la alegr\u00eda, fundamentales para aprender mejor y vivir con bienestar.","rel":"","context":"En \u00abCharlas\u00bb","block_context":{"text":"Charlas","link":"https:\/\/webdelmaestrocmf.com\/portal\/category\/charlas\/"},"img":{"alt_text":"","src":"https:\/\/i0.wp.com\/webdelmaestrocmf.com\/portal\/wp-content\/uploads\/2022\/07\/1A-Banner-1-portada-imagen-10-1-copia-6.webp?resize=350%2C200&ssl=1","width":350,"height":200,"srcset":"https:\/\/i0.wp.com\/webdelmaestrocmf.com\/portal\/wp-content\/uploads\/2022\/07\/1A-Banner-1-portada-imagen-10-1-copia-6.webp?resize=350%2C200&ssl=1 1x, https:\/\/i0.wp.com\/webdelmaestrocmf.com\/portal\/wp-content\/uploads\/2022\/07\/1A-Banner-1-portada-imagen-10-1-copia-6.webp?resize=525%2C300&ssl=1 1.5x, https:\/\/i0.wp.com\/webdelmaestrocmf.com\/portal\/wp-content\/uploads\/2022\/07\/1A-Banner-1-portada-imagen-10-1-copia-6.webp?resize=700%2C400&ssl=1 2x"},"classes":[]},{"id":54582,"url":"https:\/\/webdelmaestrocmf.com\/portal\/el-acoso-invisible-que-muchas-chicas-sufren-es-un-obstaculo-para-la-igualdad-de-genero\/","url_meta":{"origin":20357,"position":1},"title":"El acoso invisible que muchas chicas sufren, es un obst\u00e1culo para la igualdad de g\u00e9nero","author":"Web del Maestro CMF","date":"14 noviembre, 2020","format":"video","excerpt":"Elsa Punset, nacida en Londres (1964), vivi\u00f3 entre lugares tan distantes como Hait\u00ed, Estados Unidos y Madrid. En esta \u00faltima se licenci\u00f3 en Periodismo (Universidad Aut\u00f3noma de Madrid) con M\u00e1ster en Educaci\u00f3n Secundaria por la Universidad Camilo Jos\u00e9 Cela. Es tambi\u00e9n licenciada en Filosof\u00eda y Letras, con M\u00e1ster en Humanidades\u2026","rel":"","context":"En \u00abAdolescente\u00bb","block_context":{"text":"Adolescente","link":"https:\/\/webdelmaestrocmf.com\/portal\/category\/adolescente\/"},"img":{"alt_text":"","src":"https:\/\/i0.wp.com\/webdelmaestrocmf.com\/portal\/wp-content\/uploads\/2020\/11\/1-copia-46.jpg?resize=350%2C200&ssl=1","width":350,"height":200,"srcset":"https:\/\/i0.wp.com\/webdelmaestrocmf.com\/portal\/wp-content\/uploads\/2020\/11\/1-copia-46.jpg?resize=350%2C200&ssl=1 1x, https:\/\/i0.wp.com\/webdelmaestrocmf.com\/portal\/wp-content\/uploads\/2020\/11\/1-copia-46.jpg?resize=525%2C300&ssl=1 1.5x, https:\/\/i0.wp.com\/webdelmaestrocmf.com\/portal\/wp-content\/uploads\/2020\/11\/1-copia-46.jpg?resize=700%2C400&ssl=1 2x, https:\/\/i0.wp.com\/webdelmaestrocmf.com\/portal\/wp-content\/uploads\/2020\/11\/1-copia-46.jpg?resize=1050%2C600&ssl=1 3x"},"classes":[]},{"id":52204,"url":"https:\/\/webdelmaestrocmf.com\/portal\/a-veces-pensamos-que-la-gente-mas-antipatica-es-mas-inteligente\/","url_meta":{"origin":20357,"position":2},"title":"A veces pensamos que la gente m\u00e1s antip\u00e1tica es m\u00e1s inteligente","author":"Web del Maestro CMF","date":"27 septiembre, 2020","format":"video","excerpt":"Elsa Punset (Londres, 1964), creci\u00f3 en Hait\u00ed, Estados Unidos y Madrid. Es licenciada en Filosof\u00eda y Letras, M\u00e1ster en Humanidades por la Universidad de Oxford y en Periodismo por la Universidad Aut\u00f3noma de Madrid. Es M\u00e1ster en Educaci\u00f3n Secundaria por la Universidad Camilo Jos\u00e9 Cela de Madrid. Es directora de\u2026","rel":"","context":"En \u00abAdolescente\u00bb","block_context":{"text":"Adolescente","link":"https:\/\/webdelmaestrocmf.com\/portal\/category\/adolescente\/"},"img":{"alt_text":"","src":"https:\/\/i0.wp.com\/webdelmaestrocmf.com\/portal\/wp-content\/uploads\/2020\/09\/1-copia-107.jpg?resize=350%2C200&ssl=1","width":350,"height":200,"srcset":"https:\/\/i0.wp.com\/webdelmaestrocmf.com\/portal\/wp-content\/uploads\/2020\/09\/1-copia-107.jpg?resize=350%2C200&ssl=1 1x, https:\/\/i0.wp.com\/webdelmaestrocmf.com\/portal\/wp-content\/uploads\/2020\/09\/1-copia-107.jpg?resize=525%2C300&ssl=1 1.5x, https:\/\/i0.wp.com\/webdelmaestrocmf.com\/portal\/wp-content\/uploads\/2020\/09\/1-copia-107.jpg?resize=700%2C400&ssl=1 2x, https:\/\/i0.wp.com\/webdelmaestrocmf.com\/portal\/wp-content\/uploads\/2020\/09\/1-copia-107.jpg?resize=1050%2C600&ssl=1 3x"},"classes":[]},{"id":41918,"url":"https:\/\/webdelmaestrocmf.com\/portal\/el-aprendizaje-esta-unido-al-humor-el-trabajo-en-equipo-el-juego-la-relajacion-la-musica-y-el-espacio-natural\/","url_meta":{"origin":20357,"position":3},"title":"El aprendizaje est\u00e1 unido al humor, al trabajo en equipo, al juego, la relajaci\u00f3n, la m\u00fasica y al espacio natural","author":"Web del Maestro CMF","date":"13 julio, 2025","format":false,"excerpt":"\"Los profesores ense\u00f1an y contagian emociones a los ni\u00f1os en la medida en la que son modelos: los ni\u00f1os se fijan en c\u00f3mo resuelven conflictos, en si les muestran respeto y confianza o en si el aula es segura en lo f\u00edsico y lo emocional.\"","rel":"","context":"En \u00abYo opino - WMCMF\u00bb","block_context":{"text":"Yo opino - WMCMF","link":"https:\/\/webdelmaestrocmf.com\/portal\/category\/jamb\/"},"img":{"alt_text":"","src":"https:\/\/i0.wp.com\/webdelmaestrocmf.com\/portal\/wp-content\/uploads\/2025\/02\/1A-Banner-1-portada-imagen-10-1-copia-46.webp?resize=350%2C200&ssl=1","width":350,"height":200,"srcset":"https:\/\/i0.wp.com\/webdelmaestrocmf.com\/portal\/wp-content\/uploads\/2025\/02\/1A-Banner-1-portada-imagen-10-1-copia-46.webp?resize=350%2C200&ssl=1 1x, https:\/\/i0.wp.com\/webdelmaestrocmf.com\/portal\/wp-content\/uploads\/2025\/02\/1A-Banner-1-portada-imagen-10-1-copia-46.webp?resize=525%2C300&ssl=1 1.5x, https:\/\/i0.wp.com\/webdelmaestrocmf.com\/portal\/wp-content\/uploads\/2025\/02\/1A-Banner-1-portada-imagen-10-1-copia-46.webp?resize=700%2C400&ssl=1 2x"},"classes":[]},{"id":38215,"url":"https:\/\/webdelmaestrocmf.com\/portal\/el-frasco-de-la-felicidad-una-gran-idea-para-desarrollar-el-pensamiento-positivo-en-los-ninos\/","url_meta":{"origin":20357,"position":4},"title":"El frasco de la felicidad para desarrollar el pensamiento positivo en ni\u00f1os","author":"Web del Maestro CMF","date":"15 julio, 2019","format":false,"excerpt":"Curiosamente, una de las frases m\u00e1s bonitas y recurrentes de la genial reina del suspense\u00a0Agatha Christie\u00a0nada tiene que ver con el misterio. La escritora consideraba que \u201cuna de las cosas m\u00e1s afortunadas que te pueden suceder en la vida es tener una infancia feliz\u201d. Por eso hoy vamos a ver\u2026","rel":"","context":"En \u00abEducaci\u00f3n y Familia\u00bb","block_context":{"text":"Educaci\u00f3n y Familia","link":"https:\/\/webdelmaestrocmf.com\/portal\/category\/pedagogia\/educacion-y-familia\/"},"img":{"alt_text":"","src":"https:\/\/i0.wp.com\/webdelmaestrocmf.com\/portal\/wp-content\/uploads\/2019\/07\/1-88.jpg?resize=350%2C200&ssl=1","width":350,"height":200,"srcset":"https:\/\/i0.wp.com\/webdelmaestrocmf.com\/portal\/wp-content\/uploads\/2019\/07\/1-88.jpg?resize=350%2C200&ssl=1 1x, https:\/\/i0.wp.com\/webdelmaestrocmf.com\/portal\/wp-content\/uploads\/2019\/07\/1-88.jpg?resize=525%2C300&ssl=1 1.5x, https:\/\/i0.wp.com\/webdelmaestrocmf.com\/portal\/wp-content\/uploads\/2019\/07\/1-88.jpg?resize=700%2C400&ssl=1 2x, https:\/\/i0.wp.com\/webdelmaestrocmf.com\/portal\/wp-content\/uploads\/2019\/07\/1-88.jpg?resize=1050%2C600&ssl=1 3x"},"classes":[]},{"id":118365,"url":"https:\/\/webdelmaestrocmf.com\/portal\/descarga-la-secuencia-de-aprendizaje-semana-loca-del-dia-del-nino-para-desarrollar-creatividad-emociones-e-identidad-en-el-aula\/","url_meta":{"origin":20357,"position":5},"title":"Descarga la Secuencia de aprendizaje: \u00abSemana loca del D\u00eda del Ni\u00f1o\u00bb para desarrollar creatividad, emociones e identidad en el aula","author":"Web del Maestro CMF","date":"27 abril, 2026","format":false,"excerpt":"Secuencia de aprendizaje para el D\u00eda del Ni\u00f1o que promueve creatividad, identidad y emociones mediante actividades l\u00fadicas, organizadas por d\u00edas, con evaluaci\u00f3n formativa e inclusi\u00f3n, facilitando experiencias significativas en el aula.","rel":"","context":"En \u00abDescarga\u00bb","block_context":{"text":"Descarga","link":"https:\/\/webdelmaestrocmf.com\/portal\/category\/descarga\/"},"img":{"alt_text":"","src":"https:\/\/i0.wp.com\/webdelmaestrocmf.com\/portal\/wp-content\/uploads\/2026\/04\/1AA-Banner-1-portada-imagen-10-1-copia-37.webp?resize=350%2C200&ssl=1","width":350,"height":200,"srcset":"https:\/\/i0.wp.com\/webdelmaestrocmf.com\/portal\/wp-content\/uploads\/2026\/04\/1AA-Banner-1-portada-imagen-10-1-copia-37.webp?resize=350%2C200&ssl=1 1x, https:\/\/i0.wp.com\/webdelmaestrocmf.com\/portal\/wp-content\/uploads\/2026\/04\/1AA-Banner-1-portada-imagen-10-1-copia-37.webp?resize=525%2C300&ssl=1 1.5x, https:\/\/i0.wp.com\/webdelmaestrocmf.com\/portal\/wp-content\/uploads\/2026\/04\/1AA-Banner-1-portada-imagen-10-1-copia-37.webp?resize=700%2C400&ssl=1 2x, https:\/\/i0.wp.com\/webdelmaestrocmf.com\/portal\/wp-content\/uploads\/2026\/04\/1AA-Banner-1-portada-imagen-10-1-copia-37.webp?resize=1050%2C600&ssl=1 3x"},"classes":[]}],"_links":{"self":[{"href":"https:\/\/webdelmaestrocmf.com\/portal\/wp-json\/wp\/v2\/posts\/20357","targetHints":{"allow":["GET"]}}],"collection":[{"href":"https:\/\/webdelmaestrocmf.com\/portal\/wp-json\/wp\/v2\/posts"}],"about":[{"href":"https:\/\/webdelmaestrocmf.com\/portal\/wp-json\/wp\/v2\/types\/post"}],"author":[{"embeddable":true,"href":"https:\/\/webdelmaestrocmf.com\/portal\/wp-json\/wp\/v2\/users\/2"}],"replies":[{"embeddable":true,"href":"https:\/\/webdelmaestrocmf.com\/portal\/wp-json\/wp\/v2\/comments?post=20357"}],"version-history":[{"count":0,"href":"https:\/\/webdelmaestrocmf.com\/portal\/wp-json\/wp\/v2\/posts\/20357\/revisions"}],"wp:featuredmedia":[{"embeddable":true,"href":"https:\/\/webdelmaestrocmf.com\/portal\/wp-json\/wp\/v2\/media\/40254"}],"wp:attachment":[{"href":"https:\/\/webdelmaestrocmf.com\/portal\/wp-json\/wp\/v2\/media?parent=20357"}],"wp:term":[{"taxonomy":"category","embeddable":true,"href":"https:\/\/webdelmaestrocmf.com\/portal\/wp-json\/wp\/v2\/categories?post=20357"},{"taxonomy":"post_tag","embeddable":true,"href":"https:\/\/webdelmaestrocmf.com\/portal\/wp-json\/wp\/v2\/tags?post=20357"}],"curies":[{"name":"wp","href":"https:\/\/api.w.org\/{rel}","templated":true}]}}