{"id":20343,"date":"2017-07-08T14:36:33","date_gmt":"2017-07-08T18:36:33","guid":{"rendered":"http:\/\/webdelmaestrocmf.com\/portal\/?p=20343"},"modified":"2021-10-23T20:29:03","modified_gmt":"2021-10-23T23:29:03","slug":"la-g20-los-veinte-paises-manejan-90-la-economia-mundial","status":"publish","type":"post","link":"https:\/\/webdelmaestrocmf.com\/portal\/la-g20-los-veinte-paises-manejan-90-la-economia-mundial\/","title":{"rendered":"La G20: a los veinte pa\u00edses que manejan el 90% de la econom\u00eda mundial"},"content":{"rendered":"<h5 style=\"text-align: justify;\"><strong>La G20 <\/strong>es un grupo integrado por los <strong>20 pa\u00edses m\u00e1s ricos del mundo<\/strong>, que representan el 85% [(90%] de la econom\u00eda mundial. Es un <strong>espacio de cooperaci\u00f3n y consultas<\/strong> entre los pa\u00edses en temas relacionados con el <strong>sistema financiero internacional<\/strong>. Adem\u00e1s, estudia, revisa y promueve discusiones sobre temas relacionados con los <strong>pa\u00edses industrializados y las econom\u00edas emergentes.<\/strong><\/h5>\n<p><!--more--><\/p>\n<h5 style=\"text-align: justify;\">La reuni\u00f3n del G20 2017 (7 y 8 de julio), en Hamburgo (Alemania), eligi\u00f3 como tema: \u00abForjar un mundo interconectado\u00bb, y lo conforman de Argentina, Australia, Brasil, Canad\u00e1, China, Francia, Alemania, India, Indonesia, Italia, Jap\u00f3n, M\u00e9xico, Rep\u00fablica de Corea, Rusia, Arabia Saudita, Sud\u00e1frica, Turqu\u00eda, el Reino Unido, los Estados Unidos y la Uni\u00f3n Europea (UE) (cf. rpp.pe y Consejo de la Uni\u00f3n Europea).<\/h5>\n<p style=\"text-align: justify;\">Movido por la <strong>Doctrina Social de la Iglesia Cat\u00f3lica<\/strong>, el Papa Francisco, recordando su Exhortaci\u00f3n Apost\u00f3lica \u201cLa Alegr\u00eda del Evangelio\u201d, plantea a la Cumbre del G20, una contribuci\u00f3n a la <strong>reflexi\u00f3n para sus conversaciones y para evaluar sus resultados<\/strong>, los siguientes principios:<\/p>\n<h5 style=\"text-align: justify;\">1. EL TIEMPO ES SUPERIOR AL ESPACIO.<\/h5>\n<p style=\"text-align: justify;\">La gravedad, la complejidad y la interconexi\u00f3n de los problemas del mundo son tales que <strong>no hay soluciones inmediatas y completamente satisfactorias<\/strong>. Por desgracia, el drama de la migraci\u00f3n, inseparable de la pobreza y exacerbado por las guerras, es una prueba. Es posible, en cambio, poner en marcha procesos capaces de ofrecer <strong>soluciones progresivas y no traum\u00e1ticas<\/strong> y de llegar, en relativamente poco tiempo a una libre circulaci\u00f3n y a la estabilidad de las personas que sean beneficiosas para todos. Sin embargo, esta <strong>tensi\u00f3n entre el espacio y el tiempo, entre el l\u00edmite y la plenitud<\/strong>, requiere un movimiento exactamente opuesto en la conciencia de los gobernantes y los poderosos.<\/p>\n<p style=\"text-align: justify;\">Una soluci\u00f3n eficaz, extendida necesariamente en el tiempo, s\u00f3lo ser\u00e1 posible si el objetivo final del proceso est\u00e1 claramente presente en su planificaci\u00f3n. En los corazones y las mentes de los gobernantes y en cada una de las fases de aplicaci\u00f3n de las medidas pol\u00edticas es necesario <strong>dar prioridad a los pobres, los refugiados, los que sufren, los desplazados y excluidos<\/strong>, independientemente de su naci\u00f3n, raza, religi\u00f3n o cultura, y rechazar los conflictos armados.<\/p>\n<p style=\"text-align: justify;\">[\u2026] El compromiso de <strong>afrontar urgentemente estas situaciones<\/strong> y proporcionar apoyo inmediato a esas poblaciones ser\u00e1 un signo de la seriedad y sinceridad del compromiso para <strong>reformar la econom\u00eda mundial<\/strong> y una garant\u00eda de su buen desarrollo.<\/p>\n<h5 style=\"text-align: justify;\">2. LA UNIDAD PREVALECE SOBRE EL CONFLICTO.<\/h5>\n<p style=\"text-align: justify;\">La historia de la humanidad, incluso en la actualidad, presenta un vasto panorama de conflictos actuales o potenciales. <strong>La guerra, sin embargo, nunca es una soluci\u00f3n<\/strong>. [\u2026] me siento obligado a pedir al mundo que <strong>ponga fin a todas estas masacres in\u00fatiles<\/strong>. El objetivo del G-20 y de otras reuniones anuales similares es resolver pac\u00edficamente las diferencias econ\u00f3micas y encontrar reglas financieras y comerciales comunes que permitan el desarrollo integral de todos, para cumplir la Agenda 2030 y los Objetivos de Desarrollo Sostenible (Ver Comunicado del G-20 en Hangzhou). Sin embargo, esto no ser\u00e1 posible si todas las partes no comprometen a <strong>reducir sustancialmente<\/strong> los niveles de conflicto, a <strong>detener <\/strong>la carrera de armamentos y a <strong>abstenerse de involucrarse<\/strong> directa o indirectamente en los conflictos, as\u00ed como si no se acepta discutir con sinceridad y transparencia de todas las divergencias. <strong>Es una contradicci\u00f3n tr\u00e1gica e incoherente <\/strong>la unidad aparente en los foros comunes con fines econ\u00f3micos o sociales y la persistencia deseada o aceptada de <strong>enfrentamientos b\u00e9licos<\/strong>.<\/p>\n<h5 style=\"text-align: justify;\">3. LA REALIDAD ES M\u00c1S IMPORTANTE QUE LA IDEA.<\/h5>\n<p style=\"text-align: justify;\">Las tr\u00e1gicas ideolog\u00edas de la primera mitad del siglo XX han sido sustituidas por las <strong>nuevas ideolog\u00edas de la autonom\u00eda absoluto de los mercados y de la especulaci\u00f3n financiera<\/strong> (cf. EG, 56). Dejan un doloroso rastro de <strong>exclusi\u00f3n y de descarte<\/strong>, e incluso de muerte. En los \u00e9xitos pol\u00edticos y econ\u00f3micos que, sin embargo, no han faltado en el siglo pasado, se encuentra siempre un pragmatismo sano y prudente, guiado por el primado del ser humano y por la b\u00fasqueda para integrar y coordinar realidades diferentes y a veces contrastantes, a partir del respeto de cada uno de los ciudadanos, individuales. En ese sentido rezo para que la Cumbre de Hamburgo est\u00e9 iluminada por el ejemplo de los l\u00edderes europeos y mundiales que siempre han favorecido el di\u00e1logo y la b\u00fasqueda de soluciones comunes: Schuman, De Gasperi, Adenauer, Monnet y muchos otros.<\/p>\n<h5 style=\"text-align: justify;\">4. EL TODO ES SUPERIOR A LA PARTE.<\/h5>\n<p style=\"text-align: justify;\">Los problemas deben ser resueltos en concreto y prestando la debida atenci\u00f3n a sus peculiaridades, pero <strong>las soluciones<\/strong>, para ser duraderas, no pueden dejar de tener una visi\u00f3n m\u00e1s amplia y considerar <strong>las repercusiones<\/strong> en todos los pa\u00edses y todos sus ciudadanos, adem\u00e1s de respetar sus opiniones y pareceres. Me gustar\u00eda repetir la advertencia de que Benedicto XVI dirigi\u00f3 al G-20 en Londres en 2009. Aunque es razonable que las cumbres del G-20 se limiten al reducido n\u00famero de pa\u00edses que <strong>representan el 90% de la producci\u00f3n mundial de bienes y servicios<\/strong>, esta misma situaci\u00f3n debe mover a sus participantes a una reflexi\u00f3n profunda. <strong>Aquellos -Estados \u2013 y personas \u2013 cuya voz tiene menos fuerza en la escena pol\u00edtica mundial son precisamente los que m\u00e1s sufren<\/strong> los efectos perniciosos de las crisis econ\u00f3micas de las que tienen poca o ninguna responsabilidad. Al mismo tiempo, esta gran mayor\u00eda que en t\u00e9rminos econ\u00f3micos representa s\u00f3lo el 10% del total, es la parte de la humanidad que tendr\u00eda el mayor potencial para contribuir al progreso de todos. Por lo tanto es necesario tener siempre como punto de referencia a las Naciones Unidas, los programas y las organizaciones asociadas y los organismos regionales, respetando y honrando los tratados internacionales y seguir promoviendo el multilateralismo, para que <strong>las soluciones sean verdaderamente universales y duraderas<\/strong>, en beneficio de todos (cf. Benedicto XVI, Carta al Hon. Gordon Brown, 30 de marzo, 2009)<\/p>\n<p style=\"text-align: justify;\"><strong>Como profesores, \u00bfqu\u00e9 conocemos y qu\u00e9 conocen nuestros estudiantes sobre la G20? \u00bfConocen cu\u00e1les son los pa\u00edses que manejan el 90% de la econom\u00eda mundial? \u00bfEst\u00e1 el suyo?<\/strong><\/p>\n<p style=\"text-align: right;\"><strong>REDACCI\u00d3N WEB DEL MAESTRO CMF\u00a0<\/strong><br \/>\n<strong>FUENTE:<a href=\"https:\/\/es.zenit.org\" target=\"_blank\" rel=\"noopener\">\u00a0ZENITH<\/a>, El mundo visto desde Roma<\/strong><\/p>\n\t\t<div class=\"pk-inline-posts\">\n\t\t\t\n\t\t\t<div class=\"pk-inline-posts-container pk-inline-posts-template-list\"\n\t\t\t\tdata-columns=\"1\">\n\t\t\t\t\t\t<article id=\"post-17756\" class=\"post-17756 post type-post status-publish format-standard has-post-thumbnail category-jamb tag-dia tag-dia-del-trabajo tag-jorge-bergoglio tag-maestros tag-trabajo cs-entry cs-video-wrap\">\n\t\t\t<div class=\"pk-post-outer\">\n\n\t\t\t\t\t\t\t\t<div class=\"pk-post-inner\">\n\t\t\t\t\t<div class=\"entry-thumbnail\">\n\t\t\t\t\t\t<div class=\"pk-overlay pk-overlay-ratio pk-ratio-landscape\">\n\t\t\t\t\t\t\t<div class=\"pk-overlay-background\">\n\t\t\t\t\t\t\t\t<a href=\"https:\/\/webdelmaestrocmf.com\/portal\/dia-del-trabajo-maestros-gracias-lo-hacen\/\" class=\"pk-overlay-link\">\n\t\t\t\t\t\t\t\t\t<img loading=\"lazy\" decoding=\"async\" width=\"300\" height=\"225\" src=\"https:\/\/webdelmaestrocmf.com\/portal\/wp-content\/uploads\/2023\/05\/Banner-1-portada-imagen-10-1-55-300x225.jpg\" class=\"attachment-pk-thumbnail size-pk-thumbnail wp-post-image\" alt=\"d\u00eda del trabajo\" \/>\t\t\t\t\t\t\t\t<\/a>\n\t\t\t\t\t\t\t<\/div>\n\t\t\t\t\t\t<\/div>\n\t\t\t\t\t<\/div>\n\t\t\t\t<\/div>\n\t\t\t\t\n\t\t\t\t<div class=\"pk-post-inner\">\n\t\t\t\t\t<header>\n\t\t\t\t\t\t<h3 class=\"pk-title\"><a href=\"https:\/\/webdelmaestrocmf.com\/portal\/dia-del-trabajo-maestros-gracias-lo-hacen\/\" rel=\"bookmark\">D\u00eda Internacional de los Trabajadores: Maestros, \u00a1gracias por lo que hacen!<\/a><\/h3>\t\t\t\t\t<\/header><!-- .entry-header -->\n\t\t\t\t<\/div><!-- .post-inner -->\n\n\t\t\t<\/div><!-- .post-outer -->\n\t\t<\/article>\n\t\t\t\t<\/div>\n\t\t<\/div>\n\t\t\n","protected":false},"excerpt":{"rendered":"La G20 es un grupo integrado por los 20 pa\u00edses m\u00e1s ricos del mundo, que representan el 85%&hellip;","protected":false},"author":2,"featured_media":69786,"comment_status":"open","ping_status":"open","sticky":false,"template":"","format":"standard","meta":{"csco_display_header_overlay":false,"csco_singular_sidebar":"default","csco_page_header_type":"default","csco_page_load_nextpost":"default","csco_post_video_location":[],"csco_post_video_location_hash":"","csco_post_video_url":"","csco_post_video_bg_start_time":0,"csco_post_video_bg_end_time":0,"csco_post_video_bg_volume":false,"_jetpack_memberships_contains_paid_content":false,"footnotes":""},"categories":[61],"tags":[2456,2452,55,2451,2454,2453,1996,1571,218,2455],"class_list":{"0":"post-20343","1":"post","2":"type-post","3":"status-publish","4":"format-standard","5":"has-post-thumbnail","7":"category-jamb","8":"tag-alemania","9":"tag-economia","10":"tag-educacion","11":"tag-g20","12":"tag-g20-2017","13":"tag-hamburgo","14":"tag-mundial","15":"tag-paises","16":"tag-papa-francisco","17":"tag-reunion-del-g20-2017","18":"cs-entry","19":"cs-video-wrap"},"yoast_head":"<!-- This site is optimized with the Yoast SEO plugin v27.5 - https:\/\/yoast.com\/product\/yoast-seo-wordpress\/ -->\n<title>La G20: a los veinte pa\u00edses que manejan el 90% de la econom\u00eda mundial<\/title>\n<meta name=\"description\" content=\"Como profesores, \u00bfqu\u00e9 conocemos y qu\u00e9 conocen nuestros estudiantes sobre la G20? \u00bfConocen cu\u00e1les son los pa\u00edses que manejan...\" \/>\n<meta name=\"robots\" content=\"index, follow, max-snippet:-1, max-image-preview:large, max-video-preview:-1\" \/>\n<link rel=\"canonical\" href=\"https:\/\/webdelmaestrocmf.com\/portal\/la-g20-los-veinte-paises-manejan-90-la-economia-mundial\/\" \/>\n<meta property=\"og:locale\" content=\"es_ES\" \/>\n<meta property=\"og:type\" content=\"article\" \/>\n<meta property=\"og:title\" content=\"La G20: a los veinte pa\u00edses que manejan el 90% de la econom\u00eda mundial\" \/>\n<meta property=\"og:description\" content=\"Como profesores, \u00bfqu\u00e9 conocemos y qu\u00e9 conocen nuestros estudiantes sobre la G20? \u00bfConocen cu\u00e1les son los pa\u00edses que manejan...\" \/>\n<meta property=\"og:url\" content=\"https:\/\/webdelmaestrocmf.com\/portal\/la-g20-los-veinte-paises-manejan-90-la-economia-mundial\/\" \/>\n<meta property=\"og:site_name\" content=\"Web del Maestro CMF\" \/>\n<meta property=\"article:publisher\" content=\"https:\/\/www.facebook.com\/WebdelMaestroCMF\/\" \/>\n<meta property=\"article:author\" content=\"https:\/\/www.facebook.com\/WebdelMaestroCMF\/\" \/>\n<meta property=\"article:published_time\" content=\"2017-07-08T18:36:33+00:00\" \/>\n<meta property=\"article:modified_time\" content=\"2021-10-23T23:29:03+00:00\" \/>\n<meta property=\"og:image\" content=\"https:\/\/i0.wp.com\/webdelmaestrocmf.com\/portal\/wp-content\/uploads\/2017\/07\/a2-5.jpg?fit=1100%2C680&ssl=1\" \/>\n\t<meta property=\"og:image:width\" content=\"1100\" \/>\n\t<meta property=\"og:image:height\" content=\"680\" \/>\n\t<meta property=\"og:image:type\" content=\"image\/jpeg\" \/>\n<meta name=\"author\" content=\"Web del Maestro CMF\" \/>\n<meta name=\"twitter:card\" content=\"summary_large_image\" \/>\n<meta name=\"twitter:creator\" content=\"@cmf_w\" \/>\n<meta name=\"twitter:site\" content=\"@cmf_w\" \/>\n<script type=\"application\/ld+json\" class=\"yoast-schema-graph\">{\"@context\":\"https:\\\/\\\/schema.org\",\"@graph\":[{\"@type\":\"ScholarlyArticle\",\"@id\":\"https:\\\/\\\/webdelmaestrocmf.com\\\/portal\\\/la-g20-los-veinte-paises-manejan-90-la-economia-mundial\\\/#article\",\"isPartOf\":{\"@id\":\"https:\\\/\\\/webdelmaestrocmf.com\\\/portal\\\/la-g20-los-veinte-paises-manejan-90-la-economia-mundial\\\/\"},\"author\":{\"name\":\"Web del Maestro CMF\",\"@id\":\"https:\\\/\\\/webdelmaestrocmf.com\\\/portal\\\/#\\\/schema\\\/person\\\/ebc57e23d318c9c4270c6f41367015b5\"},\"headline\":\"La G20: a los veinte pa\u00edses que manejan el 90% de la econom\u00eda mundial\",\"datePublished\":\"2017-07-08T18:36:33+00:00\",\"dateModified\":\"2021-10-23T23:29:03+00:00\",\"mainEntityOfPage\":{\"@id\":\"https:\\\/\\\/webdelmaestrocmf.com\\\/portal\\\/la-g20-los-veinte-paises-manejan-90-la-economia-mundial\\\/\"},\"wordCount\":1076,\"commentCount\":1,\"publisher\":{\"@id\":\"https:\\\/\\\/webdelmaestrocmf.com\\\/portal\\\/#organization\"},\"image\":{\"@id\":\"https:\\\/\\\/webdelmaestrocmf.com\\\/portal\\\/la-g20-los-veinte-paises-manejan-90-la-economia-mundial\\\/#primaryimage\"},\"thumbnailUrl\":\"https:\\\/\\\/webdelmaestrocmf.com\\\/portal\\\/wp-content\\\/uploads\\\/2017\\\/07\\\/a2-5.jpg\",\"keywords\":[\"Alemania\",\"ECONOM\u00cdA\",\"EDUCACI\u00d3N\",\"G20\",\"G20 2017\",\"Hamburgo\",\"MUNDIAL\",\"pa\u00edses\",\"Papa Francisco\",\"reuni\u00f3n del G20 2017\"],\"articleSection\":[\"Yo opino - WMCMF\"],\"inLanguage\":\"es\",\"potentialAction\":[{\"@type\":\"CommentAction\",\"name\":\"Comment\",\"target\":[\"https:\\\/\\\/webdelmaestrocmf.com\\\/portal\\\/la-g20-los-veinte-paises-manejan-90-la-economia-mundial\\\/#respond\"]}]},{\"@type\":\"WebPage\",\"@id\":\"https:\\\/\\\/webdelmaestrocmf.com\\\/portal\\\/la-g20-los-veinte-paises-manejan-90-la-economia-mundial\\\/\",\"url\":\"https:\\\/\\\/webdelmaestrocmf.com\\\/portal\\\/la-g20-los-veinte-paises-manejan-90-la-economia-mundial\\\/\",\"name\":\"La G20: a los veinte pa\u00edses que manejan el 90% de la econom\u00eda mundial\",\"isPartOf\":{\"@id\":\"https:\\\/\\\/webdelmaestrocmf.com\\\/portal\\\/#website\"},\"primaryImageOfPage\":{\"@id\":\"https:\\\/\\\/webdelmaestrocmf.com\\\/portal\\\/la-g20-los-veinte-paises-manejan-90-la-economia-mundial\\\/#primaryimage\"},\"image\":{\"@id\":\"https:\\\/\\\/webdelmaestrocmf.com\\\/portal\\\/la-g20-los-veinte-paises-manejan-90-la-economia-mundial\\\/#primaryimage\"},\"thumbnailUrl\":\"https:\\\/\\\/webdelmaestrocmf.com\\\/portal\\\/wp-content\\\/uploads\\\/2017\\\/07\\\/a2-5.jpg\",\"datePublished\":\"2017-07-08T18:36:33+00:00\",\"dateModified\":\"2021-10-23T23:29:03+00:00\",\"description\":\"Como profesores, \u00bfqu\u00e9 conocemos y qu\u00e9 conocen nuestros estudiantes sobre la G20? \u00bfConocen cu\u00e1les son los pa\u00edses que manejan...\",\"breadcrumb\":{\"@id\":\"https:\\\/\\\/webdelmaestrocmf.com\\\/portal\\\/la-g20-los-veinte-paises-manejan-90-la-economia-mundial\\\/#breadcrumb\"},\"inLanguage\":\"es\",\"potentialAction\":[{\"@type\":\"ReadAction\",\"target\":[\"https:\\\/\\\/webdelmaestrocmf.com\\\/portal\\\/la-g20-los-veinte-paises-manejan-90-la-economia-mundial\\\/\"]}]},{\"@type\":\"ImageObject\",\"inLanguage\":\"es\",\"@id\":\"https:\\\/\\\/webdelmaestrocmf.com\\\/portal\\\/la-g20-los-veinte-paises-manejan-90-la-economia-mundial\\\/#primaryimage\",\"url\":\"https:\\\/\\\/webdelmaestrocmf.com\\\/portal\\\/wp-content\\\/uploads\\\/2017\\\/07\\\/a2-5.jpg\",\"contentUrl\":\"https:\\\/\\\/webdelmaestrocmf.com\\\/portal\\\/wp-content\\\/uploads\\\/2017\\\/07\\\/a2-5.jpg\",\"width\":1100,\"height\":680},{\"@type\":\"BreadcrumbList\",\"@id\":\"https:\\\/\\\/webdelmaestrocmf.com\\\/portal\\\/la-g20-los-veinte-paises-manejan-90-la-economia-mundial\\\/#breadcrumb\",\"itemListElement\":[{\"@type\":\"ListItem\",\"position\":1,\"name\":\"Portada\",\"item\":\"https:\\\/\\\/webdelmaestrocmf.com\\\/portal\\\/\"},{\"@type\":\"ListItem\",\"position\":2,\"name\":\"Yo opino - WMCMF\",\"item\":\"https:\\\/\\\/webdelmaestrocmf.com\\\/portal\\\/category\\\/jamb\\\/\"},{\"@type\":\"ListItem\",\"position\":3,\"name\":\"La G20: a los veinte pa\u00edses que manejan el 90% de la econom\u00eda mundial\"}]},{\"@type\":\"WebSite\",\"@id\":\"https:\\\/\\\/webdelmaestrocmf.com\\\/portal\\\/#website\",\"url\":\"https:\\\/\\\/webdelmaestrocmf.com\\\/portal\\\/\",\"name\":\"Web del Maestro CMF\",\"description\":\"Maestros al servicio de la educaci\u00f3n\",\"publisher\":{\"@id\":\"https:\\\/\\\/webdelmaestrocmf.com\\\/portal\\\/#organization\"},\"alternateName\":\"WMCMF\",\"potentialAction\":[{\"@type\":\"SearchAction\",\"target\":{\"@type\":\"EntryPoint\",\"urlTemplate\":\"https:\\\/\\\/webdelmaestrocmf.com\\\/portal\\\/?s={search_term_string}\"},\"query-input\":{\"@type\":\"PropertyValueSpecification\",\"valueRequired\":true,\"valueName\":\"search_term_string\"}}],\"inLanguage\":\"es\"},{\"@type\":\"Organization\",\"@id\":\"https:\\\/\\\/webdelmaestrocmf.com\\\/portal\\\/#organization\",\"name\":\"Web del Maestro CMF\",\"alternateName\":\"WMCMF\",\"url\":\"https:\\\/\\\/webdelmaestrocmf.com\\\/portal\\\/\",\"logo\":{\"@type\":\"ImageObject\",\"inLanguage\":\"es\",\"@id\":\"https:\\\/\\\/webdelmaestrocmf.com\\\/portal\\\/#\\\/schema\\\/logo\\\/image\\\/\",\"url\":\"https:\\\/\\\/webdelmaestrocmf.com\\\/portal\\\/wp-content\\\/uploads\\\/2023\\\/01\\\/logo-wmcmf-2.png\",\"contentUrl\":\"https:\\\/\\\/webdelmaestrocmf.com\\\/portal\\\/wp-content\\\/uploads\\\/2023\\\/01\\\/logo-wmcmf-2.png\",\"width\":200,\"height\":60,\"caption\":\"Web del Maestro CMF\"},\"image\":{\"@id\":\"https:\\\/\\\/webdelmaestrocmf.com\\\/portal\\\/#\\\/schema\\\/logo\\\/image\\\/\"},\"sameAs\":[\"https:\\\/\\\/www.facebook.com\\\/WebdelMaestroCMF\\\/\",\"https:\\\/\\\/x.com\\\/cmf_w\",\"https:\\\/\\\/www.pinterest.com\\\/WMCMF\\\/\",\"https:\\\/\\\/www.linkedin.com\\\/company\\\/web-del-maestro-cmf\\\/\",\"https:\\\/\\\/www.instagram.com\\\/wmcmf\\\/\",\"https:\\\/\\\/www.youtube.com\\\/channel\\\/UCDPSvjbdodE5sHnC3OxutHw\",\"https:\\\/\\\/mastodon.social\\\/@wmcmf\",\"https:\\\/\\\/www.tiktok.com\\\/@webdelmaestrocmf\"]},{\"@type\":\"Person\",\"@id\":\"https:\\\/\\\/webdelmaestrocmf.com\\\/portal\\\/#\\\/schema\\\/person\\\/ebc57e23d318c9c4270c6f41367015b5\",\"name\":\"Web del Maestro CMF\",\"image\":{\"@type\":\"ImageObject\",\"inLanguage\":\"es\",\"@id\":\"https:\\\/\\\/secure.gravatar.com\\\/avatar\\\/718b2df46e711f63dc8c16a160d16cc0104e961fe3c231eaaed2426975fc5e2d?s=96&d=mm&r=g\",\"url\":\"https:\\\/\\\/secure.gravatar.com\\\/avatar\\\/718b2df46e711f63dc8c16a160d16cc0104e961fe3c231eaaed2426975fc5e2d?s=96&d=mm&r=g\",\"contentUrl\":\"https:\\\/\\\/secure.gravatar.com\\\/avatar\\\/718b2df46e711f63dc8c16a160d16cc0104e961fe3c231eaaed2426975fc5e2d?s=96&d=mm&r=g\",\"caption\":\"Web del Maestro CMF\"},\"description\":\"Esta Web se cre\u00f3 sin fines de lucro, con fines educativos, cient\u00edficos y acad\u00e9micos, para personas que tengan dificultades y\\\/o inconvenientes en visualizar el material original. El objetivo es entregar recursos, compartir experiencias y materiales que ayuden a los padres de familia, maestros y estudiantes en su actualizaci\u00f3n y formaci\u00f3n permanente, en bien de la Educaci\u00f3n.\",\"sameAs\":[\"http:\\\/\\\/webdelmaestrocmf.com\\\/portal\",\"https:\\\/\\\/www.facebook.com\\\/WebdelMaestroCMF\\\/\",\"https:\\\/\\\/www.instagram.com\\\/wmcmf\\\/\",\"https:\\\/\\\/cl.linkedin.com\\\/company\\\/web-del-maestro-cmf\",\"https:\\\/\\\/www.pinterest.com\\\/WMCMF\\\/publicaciones\\\/\",\"https:\\\/\\\/x.com\\\/cmf_w\",\"https:\\\/\\\/www.youtube.com\\\/@WMCMF\"]}]}<\/script>\n<!-- \/ Yoast SEO plugin. -->","yoast_head_json":{"title":"La G20: a los veinte pa\u00edses que manejan el 90% de la econom\u00eda mundial","description":"Como profesores, \u00bfqu\u00e9 conocemos y qu\u00e9 conocen nuestros estudiantes sobre la G20? \u00bfConocen cu\u00e1les son los pa\u00edses que manejan...","robots":{"index":"index","follow":"follow","max-snippet":"max-snippet:-1","max-image-preview":"max-image-preview:large","max-video-preview":"max-video-preview:-1"},"canonical":"https:\/\/webdelmaestrocmf.com\/portal\/la-g20-los-veinte-paises-manejan-90-la-economia-mundial\/","og_locale":"es_ES","og_type":"article","og_title":"La G20: a los veinte pa\u00edses que manejan el 90% de la econom\u00eda mundial","og_description":"Como profesores, \u00bfqu\u00e9 conocemos y qu\u00e9 conocen nuestros estudiantes sobre la G20? \u00bfConocen cu\u00e1les son los pa\u00edses que manejan...","og_url":"https:\/\/webdelmaestrocmf.com\/portal\/la-g20-los-veinte-paises-manejan-90-la-economia-mundial\/","og_site_name":"Web del Maestro CMF","article_publisher":"https:\/\/www.facebook.com\/WebdelMaestroCMF\/","article_author":"https:\/\/www.facebook.com\/WebdelMaestroCMF\/","article_published_time":"2017-07-08T18:36:33+00:00","article_modified_time":"2021-10-23T23:29:03+00:00","og_image":[{"width":1100,"height":680,"url":"https:\/\/i0.wp.com\/webdelmaestrocmf.com\/portal\/wp-content\/uploads\/2017\/07\/a2-5.jpg?fit=1100%2C680&ssl=1","type":"image\/jpeg"}],"author":"Web del Maestro CMF","twitter_card":"summary_large_image","twitter_creator":"@cmf_w","twitter_site":"@cmf_w","schema":{"@context":"https:\/\/schema.org","@graph":[{"@type":"ScholarlyArticle","@id":"https:\/\/webdelmaestrocmf.com\/portal\/la-g20-los-veinte-paises-manejan-90-la-economia-mundial\/#article","isPartOf":{"@id":"https:\/\/webdelmaestrocmf.com\/portal\/la-g20-los-veinte-paises-manejan-90-la-economia-mundial\/"},"author":{"name":"Web del Maestro CMF","@id":"https:\/\/webdelmaestrocmf.com\/portal\/#\/schema\/person\/ebc57e23d318c9c4270c6f41367015b5"},"headline":"La G20: a los veinte pa\u00edses que manejan el 90% de la econom\u00eda mundial","datePublished":"2017-07-08T18:36:33+00:00","dateModified":"2021-10-23T23:29:03+00:00","mainEntityOfPage":{"@id":"https:\/\/webdelmaestrocmf.com\/portal\/la-g20-los-veinte-paises-manejan-90-la-economia-mundial\/"},"wordCount":1076,"commentCount":1,"publisher":{"@id":"https:\/\/webdelmaestrocmf.com\/portal\/#organization"},"image":{"@id":"https:\/\/webdelmaestrocmf.com\/portal\/la-g20-los-veinte-paises-manejan-90-la-economia-mundial\/#primaryimage"},"thumbnailUrl":"https:\/\/webdelmaestrocmf.com\/portal\/wp-content\/uploads\/2017\/07\/a2-5.jpg","keywords":["Alemania","ECONOM\u00cdA","EDUCACI\u00d3N","G20","G20 2017","Hamburgo","MUNDIAL","pa\u00edses","Papa Francisco","reuni\u00f3n del G20 2017"],"articleSection":["Yo opino - WMCMF"],"inLanguage":"es","potentialAction":[{"@type":"CommentAction","name":"Comment","target":["https:\/\/webdelmaestrocmf.com\/portal\/la-g20-los-veinte-paises-manejan-90-la-economia-mundial\/#respond"]}]},{"@type":"WebPage","@id":"https:\/\/webdelmaestrocmf.com\/portal\/la-g20-los-veinte-paises-manejan-90-la-economia-mundial\/","url":"https:\/\/webdelmaestrocmf.com\/portal\/la-g20-los-veinte-paises-manejan-90-la-economia-mundial\/","name":"La G20: a los veinte pa\u00edses que manejan el 90% de la econom\u00eda mundial","isPartOf":{"@id":"https:\/\/webdelmaestrocmf.com\/portal\/#website"},"primaryImageOfPage":{"@id":"https:\/\/webdelmaestrocmf.com\/portal\/la-g20-los-veinte-paises-manejan-90-la-economia-mundial\/#primaryimage"},"image":{"@id":"https:\/\/webdelmaestrocmf.com\/portal\/la-g20-los-veinte-paises-manejan-90-la-economia-mundial\/#primaryimage"},"thumbnailUrl":"https:\/\/webdelmaestrocmf.com\/portal\/wp-content\/uploads\/2017\/07\/a2-5.jpg","datePublished":"2017-07-08T18:36:33+00:00","dateModified":"2021-10-23T23:29:03+00:00","description":"Como profesores, \u00bfqu\u00e9 conocemos y qu\u00e9 conocen nuestros estudiantes sobre la G20? \u00bfConocen cu\u00e1les son los pa\u00edses que manejan...","breadcrumb":{"@id":"https:\/\/webdelmaestrocmf.com\/portal\/la-g20-los-veinte-paises-manejan-90-la-economia-mundial\/#breadcrumb"},"inLanguage":"es","potentialAction":[{"@type":"ReadAction","target":["https:\/\/webdelmaestrocmf.com\/portal\/la-g20-los-veinte-paises-manejan-90-la-economia-mundial\/"]}]},{"@type":"ImageObject","inLanguage":"es","@id":"https:\/\/webdelmaestrocmf.com\/portal\/la-g20-los-veinte-paises-manejan-90-la-economia-mundial\/#primaryimage","url":"https:\/\/webdelmaestrocmf.com\/portal\/wp-content\/uploads\/2017\/07\/a2-5.jpg","contentUrl":"https:\/\/webdelmaestrocmf.com\/portal\/wp-content\/uploads\/2017\/07\/a2-5.jpg","width":1100,"height":680},{"@type":"BreadcrumbList","@id":"https:\/\/webdelmaestrocmf.com\/portal\/la-g20-los-veinte-paises-manejan-90-la-economia-mundial\/#breadcrumb","itemListElement":[{"@type":"ListItem","position":1,"name":"Portada","item":"https:\/\/webdelmaestrocmf.com\/portal\/"},{"@type":"ListItem","position":2,"name":"Yo opino - WMCMF","item":"https:\/\/webdelmaestrocmf.com\/portal\/category\/jamb\/"},{"@type":"ListItem","position":3,"name":"La G20: a los veinte pa\u00edses que manejan el 90% de la econom\u00eda mundial"}]},{"@type":"WebSite","@id":"https:\/\/webdelmaestrocmf.com\/portal\/#website","url":"https:\/\/webdelmaestrocmf.com\/portal\/","name":"Web del Maestro CMF","description":"Maestros al servicio de la educaci\u00f3n","publisher":{"@id":"https:\/\/webdelmaestrocmf.com\/portal\/#organization"},"alternateName":"WMCMF","potentialAction":[{"@type":"SearchAction","target":{"@type":"EntryPoint","urlTemplate":"https:\/\/webdelmaestrocmf.com\/portal\/?s={search_term_string}"},"query-input":{"@type":"PropertyValueSpecification","valueRequired":true,"valueName":"search_term_string"}}],"inLanguage":"es"},{"@type":"Organization","@id":"https:\/\/webdelmaestrocmf.com\/portal\/#organization","name":"Web del Maestro CMF","alternateName":"WMCMF","url":"https:\/\/webdelmaestrocmf.com\/portal\/","logo":{"@type":"ImageObject","inLanguage":"es","@id":"https:\/\/webdelmaestrocmf.com\/portal\/#\/schema\/logo\/image\/","url":"https:\/\/webdelmaestrocmf.com\/portal\/wp-content\/uploads\/2023\/01\/logo-wmcmf-2.png","contentUrl":"https:\/\/webdelmaestrocmf.com\/portal\/wp-content\/uploads\/2023\/01\/logo-wmcmf-2.png","width":200,"height":60,"caption":"Web del Maestro CMF"},"image":{"@id":"https:\/\/webdelmaestrocmf.com\/portal\/#\/schema\/logo\/image\/"},"sameAs":["https:\/\/www.facebook.com\/WebdelMaestroCMF\/","https:\/\/x.com\/cmf_w","https:\/\/www.pinterest.com\/WMCMF\/","https:\/\/www.linkedin.com\/company\/web-del-maestro-cmf\/","https:\/\/www.instagram.com\/wmcmf\/","https:\/\/www.youtube.com\/channel\/UCDPSvjbdodE5sHnC3OxutHw","https:\/\/mastodon.social\/@wmcmf","https:\/\/www.tiktok.com\/@webdelmaestrocmf"]},{"@type":"Person","@id":"https:\/\/webdelmaestrocmf.com\/portal\/#\/schema\/person\/ebc57e23d318c9c4270c6f41367015b5","name":"Web del Maestro CMF","image":{"@type":"ImageObject","inLanguage":"es","@id":"https:\/\/secure.gravatar.com\/avatar\/718b2df46e711f63dc8c16a160d16cc0104e961fe3c231eaaed2426975fc5e2d?s=96&d=mm&r=g","url":"https:\/\/secure.gravatar.com\/avatar\/718b2df46e711f63dc8c16a160d16cc0104e961fe3c231eaaed2426975fc5e2d?s=96&d=mm&r=g","contentUrl":"https:\/\/secure.gravatar.com\/avatar\/718b2df46e711f63dc8c16a160d16cc0104e961fe3c231eaaed2426975fc5e2d?s=96&d=mm&r=g","caption":"Web del Maestro CMF"},"description":"Esta Web se cre\u00f3 sin fines de lucro, con fines educativos, cient\u00edficos y acad\u00e9micos, para personas que tengan dificultades y\/o inconvenientes en visualizar el material original. El objetivo es entregar recursos, compartir experiencias y materiales que ayuden a los padres de familia, maestros y estudiantes en su actualizaci\u00f3n y formaci\u00f3n permanente, en bien de la Educaci\u00f3n.","sameAs":["http:\/\/webdelmaestrocmf.com\/portal","https:\/\/www.facebook.com\/WebdelMaestroCMF\/","https:\/\/www.instagram.com\/wmcmf\/","https:\/\/cl.linkedin.com\/company\/web-del-maestro-cmf","https:\/\/www.pinterest.com\/WMCMF\/publicaciones\/","https:\/\/x.com\/cmf_w","https:\/\/www.youtube.com\/@WMCMF"]}]}},"jetpack_featured_media_url":"https:\/\/webdelmaestrocmf.com\/portal\/wp-content\/uploads\/2017\/07\/a2-5.jpg","jetpack_sharing_enabled":true,"jetpack-related-posts":[{"id":113637,"url":"https:\/\/webdelmaestrocmf.com\/portal\/secuestran-a-mas-de-200-estudiantes-y-docentes-en-nigeria\/","url_meta":{"origin":20343,"position":0},"title":"Secuestran a m\u00e1s de 200 estudiantes y docentes en Nigeria","author":"Web del Maestro CMF","date":"25 noviembre, 2025","format":false,"excerpt":"Nigeria enfrenta una nueva ola de secuestros masivos: m\u00e1s de 300 estudiantes y docentes raptados en la escuela St. Mary","rel":"","context":"En \u00abNoticias Internacionales\u00bb","block_context":{"text":"Noticias Internacionales","link":"https:\/\/webdelmaestrocmf.com\/portal\/category\/noticias-internacionales\/"},"img":{"alt_text":"","src":"https:\/\/i0.wp.com\/webdelmaestrocmf.com\/portal\/wp-content\/uploads\/2025\/11\/1A-Banner-1-portada-imagen-10-1-copia-2-4.webp?resize=350%2C200&ssl=1","width":350,"height":200,"srcset":"https:\/\/i0.wp.com\/webdelmaestrocmf.com\/portal\/wp-content\/uploads\/2025\/11\/1A-Banner-1-portada-imagen-10-1-copia-2-4.webp?resize=350%2C200&ssl=1 1x, https:\/\/i0.wp.com\/webdelmaestrocmf.com\/portal\/wp-content\/uploads\/2025\/11\/1A-Banner-1-portada-imagen-10-1-copia-2-4.webp?resize=525%2C300&ssl=1 1.5x, https:\/\/i0.wp.com\/webdelmaestrocmf.com\/portal\/wp-content\/uploads\/2025\/11\/1A-Banner-1-portada-imagen-10-1-copia-2-4.webp?resize=700%2C400&ssl=1 2x"},"classes":[]},{"id":112285,"url":"https:\/\/webdelmaestrocmf.com\/portal\/las-principales-ideologias-politicas-y-economicas-y-su-impacto-en-la-educacion\/","url_meta":{"origin":20343,"position":1},"title":"Las principales ideolog\u00edas pol\u00edticas y econ\u00f3micas y su impacto en la educaci\u00f3n","author":"Web del Maestro CMF","date":"24 septiembre, 2025","format":false,"excerpt":"Comprender ideolog\u00edas pol\u00edticas y econ\u00f3micas permite analizar historia, actualidad e impacto en la educaci\u00f3n, diferenciando sistemas y evitando confusiones comunes.","rel":"","context":"En \u00abHistoria\u00bb","block_context":{"text":"Historia","link":"https:\/\/webdelmaestrocmf.com\/portal\/category\/pedagogia\/historia\/"},"img":{"alt_text":"","src":"https:\/\/i0.wp.com\/webdelmaestrocmf.com\/portal\/wp-content\/uploads\/2025\/09\/1A-Banner-1-portada-imagen-10-1-copia-2-2.webp?resize=350%2C200&ssl=1","width":350,"height":200,"srcset":"https:\/\/i0.wp.com\/webdelmaestrocmf.com\/portal\/wp-content\/uploads\/2025\/09\/1A-Banner-1-portada-imagen-10-1-copia-2-2.webp?resize=350%2C200&ssl=1 1x, https:\/\/i0.wp.com\/webdelmaestrocmf.com\/portal\/wp-content\/uploads\/2025\/09\/1A-Banner-1-portada-imagen-10-1-copia-2-2.webp?resize=525%2C300&ssl=1 1.5x, https:\/\/i0.wp.com\/webdelmaestrocmf.com\/portal\/wp-content\/uploads\/2025\/09\/1A-Banner-1-portada-imagen-10-1-copia-2-2.webp?resize=700%2C400&ssl=1 2x"},"classes":[]},{"id":49663,"url":"https:\/\/webdelmaestrocmf.com\/portal\/david-auris-pedagogia-del-desaprendizaje-en-tiempos-de-coronavirus\/","url_meta":{"origin":20343,"position":2},"title":"[David Auris] Pedagog\u00eda del desaprendizaje en tiempos de coronavirus","author":"Web del Maestro CMF","date":"2 agosto, 2020","format":false,"excerpt":"No solo eres t\u00fa, somos todos. Cobijado bajo la t\u00fanica de la esperanza que ma\u00f1ana las estrellas volver\u00e1n a brillar m\u00e1s intensamente, escribo desde mi trinchera pedag\u00f3gica. \u00a0Habr\u00e1 en la historia de la humanidad un antes, esta sugestiva experiencia del cual hoy reflexiono y un post coronavirus que transformar\u00e1 profundamente\u2026","rel":"","context":"En \u00abZ-Colaborador-David-Auris\u00bb","block_context":{"text":"Z-Colaborador-David-Auris","link":"https:\/\/webdelmaestrocmf.com\/portal\/category\/colaborador\/z-colaborador-david-auris\/"},"img":{"alt_text":"","src":"https:\/\/i0.wp.com\/webdelmaestrocmf.com\/portal\/wp-content\/uploads\/2020\/08\/1-4.jpg?resize=350%2C200&ssl=1","width":350,"height":200,"srcset":"https:\/\/i0.wp.com\/webdelmaestrocmf.com\/portal\/wp-content\/uploads\/2020\/08\/1-4.jpg?resize=350%2C200&ssl=1 1x, https:\/\/i0.wp.com\/webdelmaestrocmf.com\/portal\/wp-content\/uploads\/2020\/08\/1-4.jpg?resize=525%2C300&ssl=1 1.5x, https:\/\/i0.wp.com\/webdelmaestrocmf.com\/portal\/wp-content\/uploads\/2020\/08\/1-4.jpg?resize=700%2C400&ssl=1 2x, https:\/\/i0.wp.com\/webdelmaestrocmf.com\/portal\/wp-content\/uploads\/2020\/08\/1-4.jpg?resize=1050%2C600&ssl=1 3x"},"classes":[]},{"id":36475,"url":"https:\/\/webdelmaestrocmf.com\/portal\/las-10-megatendencias-que-afectaran-la-ensenanza-en-el-mundo\/","url_meta":{"origin":20343,"position":3},"title":"Las 10 megatendencias que afectar\u00e1n la ense\u00f1anza en el mundo","author":"Web del Maestro CMF","date":"5 mayo, 2019","format":false,"excerpt":"El Director de Educaci\u00f3n y Habilidades, y Asesor Especial sobre Pol\u00edticas Educativas del Secretario General de la Organizaci\u00f3n para la Cooperaci\u00f3n y el Desarrollo Econ\u00f3micos (OCDE) en Par\u00eds, Andreas Schleicher (1964, Hamburgo, Alemania), tambi\u00e9n \u201ccoordinador de PISA (Programa Internacional para la Evaluaci\u00f3n de Estudiantes); explica cu\u00e1les son las grandes interrogantes\u2026","rel":"","context":"En \u00abYo opino - WMCMF\u00bb","block_context":{"text":"Yo opino - WMCMF","link":"https:\/\/webdelmaestrocmf.com\/portal\/category\/jamb\/"},"img":{"alt_text":"","src":"https:\/\/i0.wp.com\/webdelmaestrocmf.com\/portal\/wp-content\/uploads\/2019\/05\/1-133.jpg?resize=350%2C200&ssl=1","width":350,"height":200,"srcset":"https:\/\/i0.wp.com\/webdelmaestrocmf.com\/portal\/wp-content\/uploads\/2019\/05\/1-133.jpg?resize=350%2C200&ssl=1 1x, https:\/\/i0.wp.com\/webdelmaestrocmf.com\/portal\/wp-content\/uploads\/2019\/05\/1-133.jpg?resize=525%2C300&ssl=1 1.5x, https:\/\/i0.wp.com\/webdelmaestrocmf.com\/portal\/wp-content\/uploads\/2019\/05\/1-133.jpg?resize=700%2C400&ssl=1 2x, https:\/\/i0.wp.com\/webdelmaestrocmf.com\/portal\/wp-content\/uploads\/2019\/05\/1-133.jpg?resize=1050%2C600&ssl=1 3x"},"classes":[]},{"id":15378,"url":"https:\/\/webdelmaestrocmf.com\/portal\/argentina-colombia-chile-podrian-las-nuevas-superestrellas-la-educacion-mundo\/","url_meta":{"origin":20343,"position":4},"title":"ESTOS PA\u00cdSES PODR\u00cdAN SER LAS NUEVAS SUPERESTRELLAS DE LA EDUCACI\u00d3N","author":"Web del Maestro CMF","date":"28 febrero, 2017","format":false,"excerpt":"El an\u00e1lisis de la Educaci\u00f3n Superior, va tomando un mayor inter\u00e9s que en el pasado. \u201cSu reto debe ser la transformaci\u00f3n y el\u00a0cambio, para ofrecer a sus usuarios no solo la posibilidad de formarlos en un \u00e1rea espec\u00edfica del saber, sino la posibilidad de adquirir las\u00a0competencias\u00a0y requerimientos esenciales que les\u2026","rel":"","context":"En \u00abSin categor\u00eda\u00bb","block_context":{"text":"Sin categor\u00eda","link":"https:\/\/webdelmaestrocmf.com\/portal\/category\/sin-categoria-es\/"},"img":{"alt_text":"","src":"https:\/\/i0.wp.com\/webdelmaestrocmf.com\/portal\/wp-content\/uploads\/2017\/02\/S%C3%BAper-estrellas-dela-educaci%C3%B3n.jpg?resize=350%2C200&ssl=1","width":350,"height":200,"srcset":"https:\/\/i0.wp.com\/webdelmaestrocmf.com\/portal\/wp-content\/uploads\/2017\/02\/S%C3%BAper-estrellas-dela-educaci%C3%B3n.jpg?resize=350%2C200&ssl=1 1x, https:\/\/i0.wp.com\/webdelmaestrocmf.com\/portal\/wp-content\/uploads\/2017\/02\/S%C3%BAper-estrellas-dela-educaci%C3%B3n.jpg?resize=525%2C300&ssl=1 1.5x, https:\/\/i0.wp.com\/webdelmaestrocmf.com\/portal\/wp-content\/uploads\/2017\/02\/S%C3%BAper-estrellas-dela-educaci%C3%B3n.jpg?resize=700%2C400&ssl=1 2x"},"classes":[]},{"id":118222,"url":"https:\/\/webdelmaestrocmf.com\/portal\/trump-ordena-disparar-a-matar-a-los-barcos-que-minen-ormuz-y-dice-que-iran-no-sabe-quien-es-su-lider\/","url_meta":{"origin":20343,"position":5},"title":"Trump ordena \u201cdisparar a matar\u201d a los barcos que minen Ormuz y dice que Ir\u00e1n no sabe \u201cqui\u00e9n es su l\u00edder\u201d","author":"Web del Maestro CMF","date":"23 abril, 2026","format":false,"excerpt":"La escalada geopol\u00edtica en Ormuz revela tensiones que impactan la econom\u00eda mundial, evidenciando la fragilidad de las negociaciones y la urgencia de formar ciudadanos cr\u00edticos capaces de comprender estos conflictos.","rel":"","context":"En \u00abNoticias Internacionales\u00bb","block_context":{"text":"Noticias Internacionales","link":"https:\/\/webdelmaestrocmf.com\/portal\/category\/noticias-internacionales\/"},"img":{"alt_text":"","src":"https:\/\/i0.wp.com\/webdelmaestrocmf.com\/portal\/wp-content\/uploads\/2026\/04\/1AA-Banner-1-portada-imagen-10-1-copia-6-3.webp?resize=350%2C200&ssl=1","width":350,"height":200,"srcset":"https:\/\/i0.wp.com\/webdelmaestrocmf.com\/portal\/wp-content\/uploads\/2026\/04\/1AA-Banner-1-portada-imagen-10-1-copia-6-3.webp?resize=350%2C200&ssl=1 1x, https:\/\/i0.wp.com\/webdelmaestrocmf.com\/portal\/wp-content\/uploads\/2026\/04\/1AA-Banner-1-portada-imagen-10-1-copia-6-3.webp?resize=525%2C300&ssl=1 1.5x, https:\/\/i0.wp.com\/webdelmaestrocmf.com\/portal\/wp-content\/uploads\/2026\/04\/1AA-Banner-1-portada-imagen-10-1-copia-6-3.webp?resize=700%2C400&ssl=1 2x, https:\/\/i0.wp.com\/webdelmaestrocmf.com\/portal\/wp-content\/uploads\/2026\/04\/1AA-Banner-1-portada-imagen-10-1-copia-6-3.webp?resize=1050%2C600&ssl=1 3x"},"classes":[]}],"_links":{"self":[{"href":"https:\/\/webdelmaestrocmf.com\/portal\/wp-json\/wp\/v2\/posts\/20343","targetHints":{"allow":["GET"]}}],"collection":[{"href":"https:\/\/webdelmaestrocmf.com\/portal\/wp-json\/wp\/v2\/posts"}],"about":[{"href":"https:\/\/webdelmaestrocmf.com\/portal\/wp-json\/wp\/v2\/types\/post"}],"author":[{"embeddable":true,"href":"https:\/\/webdelmaestrocmf.com\/portal\/wp-json\/wp\/v2\/users\/2"}],"replies":[{"embeddable":true,"href":"https:\/\/webdelmaestrocmf.com\/portal\/wp-json\/wp\/v2\/comments?post=20343"}],"version-history":[{"count":0,"href":"https:\/\/webdelmaestrocmf.com\/portal\/wp-json\/wp\/v2\/posts\/20343\/revisions"}],"wp:featuredmedia":[{"embeddable":true,"href":"https:\/\/webdelmaestrocmf.com\/portal\/wp-json\/wp\/v2\/media\/69786"}],"wp:attachment":[{"href":"https:\/\/webdelmaestrocmf.com\/portal\/wp-json\/wp\/v2\/media?parent=20343"}],"wp:term":[{"taxonomy":"category","embeddable":true,"href":"https:\/\/webdelmaestrocmf.com\/portal\/wp-json\/wp\/v2\/categories?post=20343"},{"taxonomy":"post_tag","embeddable":true,"href":"https:\/\/webdelmaestrocmf.com\/portal\/wp-json\/wp\/v2\/tags?post=20343"}],"curies":[{"name":"wp","href":"https:\/\/api.w.org\/{rel}","templated":true}]}}