{"id":20256,"date":"2021-10-13T21:00:12","date_gmt":"2021-10-14T00:00:12","guid":{"rendered":"http:\/\/webdelmaestrocmf.com\/portal\/?p=20256"},"modified":"2023-10-27T01:07:32","modified_gmt":"2023-10-27T04:07:32","slug":"actividades-desarrollar-las-inteligencias-multiples-aula-hogar","status":"publish","type":"post","link":"https:\/\/webdelmaestrocmf.com\/portal\/actividades-desarrollar-las-inteligencias-multiples-aula-hogar\/","title":{"rendered":"Actividades para desarrollar las inteligencias m\u00faltiples en el aula"},"content":{"rendered":"<p style=\"text-align: justify;\"><strong>La aplicaci\u00f3n de la teor\u00eda de las inteligencias m\u00faltiples en el \u00e1mbito escolar se basa en que, al existir diversas inteligencias, deben utilizarse tambi\u00e9n estrategias educativas diferentes y personalizadas para ense\u00f1ar, seg\u00fan el tipo de inteligencia que predomine en el alumno o atendiendo a cu\u00e1l se quiera trabajar: verbal, visual-espacial, cin\u00e9tica-corporal, l\u00f3gico-matem\u00e1tica, musical, intrapersonal, interpersonal y naturalista.<\/strong><\/p>\n<p><!--more--><\/p>\n<p style=\"text-align: justify;\">Si est\u00e1s pensando en poner en pr\u00e1ctica esta conocida teor\u00eda de Howard Gardner con tus alumnos el pr\u00f3ximo curso, te damos algunos consejos, ejemplos y recursos para que sepas c\u00f3mo trabajar las inteligencias m\u00faltiples en el aula y te animes a dar los primeros pasos.<\/p>\n<p>Art\u00edculo relacionado: <a href=\"https:\/\/webdelmaestrocmf.com\/portal\/como-aplicar-la-teoria-de-las-inteligencias-multiples-en-el-aula\/\" target=\"_top\" rel=\"noopener\">C\u00f3mo aplicar la teor\u00eda de las Inteligencias M\u00faltiples en el aula<\/a><\/p>\n<p style=\"text-align: justify;\">Compartimos la siguiente publicaci\u00f3n de <strong>Orientaci\u00f3n And\u00fajar<\/strong> con fines educativos &#8211; pastorales, esperamos que el siguiente material sea de utilidad en la escuela como en el hogar.<\/p>\n<h4 class=\"entry-title\">186 actividades para desarrollar las inteligencias m\u00faltiples<\/h4>\n<p style=\"text-align: justify;\">Si bien nuestros alumnos tienen ocho formas distintas de aprender, sugerimos que tambi\u00e9n, por l\u00f3gica, haya ocho formas distintas de ense\u00f1ar. \u00bfNo? La relidad es que el maestro prepara su clase de una manera con actividades did\u00e1cticas \u00fanicas, por ejemplo, planea que los alumnos (todos) participar\u00e1n en un debate, porque \u00e9l quiere que discutan un tema y quiere conocer sus opiniones. \u00bfQu\u00e9 har\u00e1 el alumno con inteligencia predominantemente cinest\u00e9sico-corporal? Desde luego que va a participar, pero su modo de apropiarse o de acercarse a la realidad es otra.<\/p>\n<p style=\"text-align: justify;\">Por ello creemos que bien vale la p\u00e8na diversificar las estrategias, es decir planear como para varios tipos de alumnos que tienen diferentes formas de aprender. Tal vez convenga incluir en la clase una actividad que tenga que ver con la expresi\u00f3n corporal (y esto no implica apartarse del tema o del objetivo) o tal vez una actividad al aire libre para los que tienen un estilo naturalista. Se trata pues de preparar y llevar a cabo una clase para todos los alumnos, para todas las formas de aprender.<\/p>\n<p><img loading=\"lazy\" decoding=\"async\" class=\"alignnone wp-image-69241 size-large\" src=\"https:\/\/webdelmaestrocmf.com\/portal\/wp-content\/uploads\/2019\/12\/1-12-1024x476.png\" alt=\" Actividades inteligencias m\u00faltiples\" width=\"1024\" height=\"476\" srcset=\"https:\/\/webdelmaestrocmf.com\/portal\/wp-content\/uploads\/2019\/12\/1-12-1024x476.png 1024w, https:\/\/webdelmaestrocmf.com\/portal\/wp-content\/uploads\/2019\/12\/1-12-300x140.png 300w, https:\/\/webdelmaestrocmf.com\/portal\/wp-content\/uploads\/2019\/12\/1-12-768x357.png 768w, https:\/\/webdelmaestrocmf.com\/portal\/wp-content\/uploads\/2019\/12\/1-12-110x51.png 110w, https:\/\/webdelmaestrocmf.com\/portal\/wp-content\/uploads\/2019\/12\/1-12-200x93.png 200w, https:\/\/webdelmaestrocmf.com\/portal\/wp-content\/uploads\/2019\/12\/1-12-380x177.png 380w, https:\/\/webdelmaestrocmf.com\/portal\/wp-content\/uploads\/2019\/12\/1-12-255x119.png 255w, https:\/\/webdelmaestrocmf.com\/portal\/wp-content\/uploads\/2019\/12\/1-12-550x256.png 550w, https:\/\/webdelmaestrocmf.com\/portal\/wp-content\/uploads\/2019\/12\/1-12-800x372.png 800w, https:\/\/webdelmaestrocmf.com\/portal\/wp-content\/uploads\/2019\/12\/1-12-1160x540.png 1160w, https:\/\/webdelmaestrocmf.com\/portal\/wp-content\/uploads\/2019\/12\/1-12.png 1337w\" sizes=\"auto, (max-width: 1024px) 100vw, 1024px\" \/><\/p>\n<h4><strong>Materiales sobre inteligencias m\u00faltiples<\/strong><\/h4>\n<ol>\n<li><a href=\"http:\/\/www.orientacionandujar.es\/wp-content\/uploads\/2016\/05\/Las-Inteligencias-M%C3%BAltiples-en-el-aula-de-Educaci%C3%B3n-Infantil.pdf\" target=\"_blank\" rel=\"noopener noreferrer\">Las Inteligencias M\u00faltiples en el aula de Educaci\u00f3n Infantil<\/a><\/li>\n<li><a href=\"http:\/\/www.orientacionandujar.es\/wp-content\/uploads\/2016\/04\/REGISTRO-PARA-EVALUAR-LAS-INTELIGENCIAS-MULTIPLES.pdf\" target=\"_blank\" rel=\"noopener noreferrer\">REGISTRO PARA EVALUAR LAS INTELIGENCIAS MULTIPLES<\/a><\/li>\n<li><a href=\"http:\/\/www.orientacionandujar.es\/wp-content\/uploads\/2016\/04\/Material_Inteligencias_Multiples.pdf\" target=\"_blank\" rel=\"noopener noreferrer\">Material_Inteligencias_Multiples<\/a><\/li>\n<li><a href=\"http:\/\/www.orientacionandujar.es\/wp-content\/uploads\/2016\/03\/Calendario-de-inteligencias-multiples-mes-abril-matematica.pdf\" target=\"_blank\" rel=\"noopener noreferrer\">Calendario-de-inteligencias-multiples-mes-abril-matematica<\/a><\/li>\n<li><a href=\"http:\/\/www.orientacionandujar.es\/wp-content\/uploads\/2016\/02\/C%C3%B3mo-desarrollar-las-inteligencias-m%C3%BAltiples.pdf\" target=\"_blank\" rel=\"attachment wp-att-44154 noopener noreferrer\">C\u00f3mo desarrollar las inteligencias m\u00faltiples<\/a><\/li>\n<li><a href=\"http:\/\/www.orientacionandujar.es\/wp-content\/uploads\/2016\/02\/Calendario-de-inteligencias-multiples-mes-marzo-linguistica.pdf\" target=\"_blank\" rel=\"noopener noreferrer\">Calendario de inteligencias multiples mes marzo linguistica<\/a><\/li>\n<li><a href=\"http:\/\/www.orientacionandujar.es\/wp-content\/uploads\/2016\/02\/Calendario-de-inteligencias-multiples-marzo-linguistica-1.pdf\" target=\"_blank\" rel=\"attachment wp-att-44013 noopener noreferrer\">Calendario de inteligencias multiples marzo linguistica<\/a><\/li>\n<li><a href=\"http:\/\/www.orientacionandujar.es\/wp-content\/uploads\/2015\/12\/Calendario-de-inteligenncias-multiples-enero.pdf\" target=\"_blank\" rel=\"attachment wp-att-42597 noopener noreferrer\">Calendario de inteligenncias multiples enero<\/a><\/li>\n<li><a href=\"http:\/\/www.orientacionandujar.es\/wp-content\/uploads\/2015\/10\/Ebook_Teoria_Inteligencias_Multiples.pdf\" target=\"_blank\" rel=\"attachment wp-att-40899 noopener noreferrer\">Ebook_Teoria_Inteligencias_Multiples<\/a><\/li>\n<li><a href=\"http:\/\/www.orientacionandujar.es\/wp-content\/uploads\/2015\/10\/TEST-DE-INTELIGENCIAS-M%C3%9ALTIPLES-PARA-ADULTOS-.pdf\" target=\"_blank\" rel=\"attachment wp-att-41618 noopener noreferrer\">TEST DE INTELIGENCIAS M\u00daLTIPLES PARA ADULTOS<\/a><\/li>\n<li><a href=\"https:\/\/www.orientacionandujar.es\/wp-content\/uploads\/2016\/02\/C%C3%B3mo-desarrollar-las-inteligencias-m%C3%BAltiples.pdf\" target=\"_blank\" rel=\"noopener\">C\u00f3mo desarrollar las inteligencias m\u00faltiples<\/a><\/li>\n<\/ol>\n<p><strong>Este contenido ha sido publicado originalmente por Orientaci\u00f3n And\u00fajar en la\u00a0siguiente direcci\u00f3n:\u00a0<a href=\"http:\/\/orientacionandujar.es\" target=\"_blank\" rel=\"noopener noreferrer\">orientacionandujar.es<\/a><\/strong><\/p>\n<p><strong>ENLACE DE LECTURA:<\/strong><\/p>\n<p style=\"text-align: center;\">DESCARGA: <a href=\"http:\/\/www.orientacionandujar.es\/wp-content\/uploads\/2016\/05\/186-Actividades-para-desarrollar-las-inteligencias-multiples.pdf\" target=\"_blank\" rel=\"noopener noreferrer\">186 ACTIVIDADES PARA DESARROLLAR LAS INTELIGENCIAS M\u00daLTIPLES<\/a><\/p>\n\t\t<div class=\"pk-inline-posts\">\n\t\t\t\n\t\t\t<div class=\"pk-inline-posts-container pk-inline-posts-template-list\"\n\t\t\t\tdata-columns=\"1\">\n\t\t\t\t\t\t<article id=\"post-31801\" class=\"post-31801 post type-post status-publish format-standard has-post-thumbnail category-inteligencias-multiples category-pedagogia tag-aula tag-estrategias-clave tag-guia-para-docentes tag-inteligencias tag-inteligencias-multiples tag-inteligencias-multiples-en-el-aula tag-multiples cs-entry cs-video-wrap\">\n\t\t\t<div class=\"pk-post-outer\">\n\n\t\t\t\t\t\t\t\t<div class=\"pk-post-inner\">\n\t\t\t\t\t<div class=\"entry-thumbnail\">\n\t\t\t\t\t\t<div class=\"pk-overlay pk-overlay-ratio pk-ratio-landscape\">\n\t\t\t\t\t\t\t<div class=\"pk-overlay-background\">\n\t\t\t\t\t\t\t\t<a href=\"https:\/\/webdelmaestrocmf.com\/portal\/guia-para-docentes-las-inteligencias-multiples-en-el-aula\/\" class=\"pk-overlay-link\">\n\t\t\t\t\t\t\t\t\t<img loading=\"lazy\" decoding=\"async\" width=\"300\" height=\"225\" src=\"https:\/\/webdelmaestrocmf.com\/portal\/wp-content\/uploads\/2020\/11\/Banner-1-portada-imagen-10-1-15-300x225.jpg\" class=\"attachment-pk-thumbnail size-pk-thumbnail wp-post-image\" alt=\"inteligencias m\u00faltiples\" \/>\t\t\t\t\t\t\t\t<\/a>\n\t\t\t\t\t\t\t<\/div>\n\t\t\t\t\t\t<\/div>\n\t\t\t\t\t<\/div>\n\t\t\t\t<\/div>\n\t\t\t\t\n\t\t\t\t<div class=\"pk-post-inner\">\n\t\t\t\t\t<header>\n\t\t\t\t\t\t<h3 class=\"pk-title\"><a href=\"https:\/\/webdelmaestrocmf.com\/portal\/guia-para-docentes-las-inteligencias-multiples-en-el-aula\/\" rel=\"bookmark\">Gu\u00eda para docentes sobre las inteligencias m\u00faltiples en el aula<\/a><\/h3>\t\t\t\t\t<\/header><!-- .entry-header -->\n\t\t\t\t<\/div><!-- .post-inner -->\n\n\t\t\t<\/div><!-- .post-outer -->\n\t\t<\/article>\n\t\t\t<article id=\"post-74079\" class=\"post-74079 post type-post status-publish format-standard has-post-thumbnail category-neurociencia category-pedagogia tag-clave tag-educativo tag-modelo tag-neuroeducacion tag-nuevo cs-entry cs-video-wrap\">\n\t\t\t<div class=\"pk-post-outer\">\n\n\t\t\t\t\t\t\t\t<div class=\"pk-post-inner\">\n\t\t\t\t\t<div class=\"entry-thumbnail\">\n\t\t\t\t\t\t<div class=\"pk-overlay pk-overlay-ratio pk-ratio-landscape\">\n\t\t\t\t\t\t\t<div class=\"pk-overlay-background\">\n\t\t\t\t\t\t\t\t<a href=\"https:\/\/webdelmaestrocmf.com\/portal\/es-la-neuroeducacion-la-clave-de-un-nuevo-modelo-educativo\/\" class=\"pk-overlay-link\">\n\t\t\t\t\t\t\t\t\t<img loading=\"lazy\" decoding=\"async\" width=\"300\" height=\"225\" src=\"https:\/\/webdelmaestrocmf.com\/portal\/wp-content\/uploads\/2022\/02\/1AA-Banner-1-portada-imagen-10-1-copia-1-300x225.webp\" class=\"attachment-pk-thumbnail size-pk-thumbnail wp-post-image\" alt=\"\" \/>\t\t\t\t\t\t\t\t<\/a>\n\t\t\t\t\t\t\t<\/div>\n\t\t\t\t\t\t<\/div>\n\t\t\t\t\t<\/div>\n\t\t\t\t<\/div>\n\t\t\t\t\n\t\t\t\t<div class=\"pk-post-inner\">\n\t\t\t\t\t<header>\n\t\t\t\t\t\t<h3 class=\"pk-title\"><a href=\"https:\/\/webdelmaestrocmf.com\/portal\/es-la-neuroeducacion-la-clave-de-un-nuevo-modelo-educativo\/\" rel=\"bookmark\">\u00bfEs la neuroeducaci\u00f3n la clave de un nuevo modelo educativo?<\/a><\/h3>\t\t\t\t\t<\/header><!-- .entry-header -->\n\t\t\t\t<\/div><!-- .post-inner -->\n\n\t\t\t<\/div><!-- .post-outer -->\n\t\t<\/article>\n\t\t\t<article id=\"post-16013\" class=\"post-16013 post type-post status-publish format-standard has-post-thumbnail category-visitadas category-picologia category-pedagogia category-violencia tag-clase tag-conductas tag-desafiantes tag-estudiante tag-normas cs-entry cs-video-wrap\">\n\t\t\t<div class=\"pk-post-outer\">\n\n\t\t\t\t\t\t\t\t<div class=\"pk-post-inner\">\n\t\t\t\t\t<div class=\"entry-thumbnail\">\n\t\t\t\t\t\t<div class=\"pk-overlay pk-overlay-ratio pk-ratio-landscape\">\n\t\t\t\t\t\t\t<div class=\"pk-overlay-background\">\n\t\t\t\t\t\t\t\t<a href=\"https:\/\/webdelmaestrocmf.com\/portal\/sistemas-ayudan-ante-conductas-desafiantes-aula\/\" class=\"pk-overlay-link\">\n\t\t\t\t\t\t\t\t\t<img loading=\"lazy\" decoding=\"async\" width=\"300\" height=\"225\" src=\"https:\/\/webdelmaestrocmf.com\/portal\/wp-content\/uploads\/2022\/07\/Banner-1-portada-imagen-10-1-21-300x225.jpg\" class=\"attachment-pk-thumbnail size-pk-thumbnail wp-post-image\" alt=\"\" \/>\t\t\t\t\t\t\t\t<\/a>\n\t\t\t\t\t\t\t<\/div>\n\t\t\t\t\t\t<\/div>\n\t\t\t\t\t<\/div>\n\t\t\t\t<\/div>\n\t\t\t\t\n\t\t\t\t<div class=\"pk-post-inner\">\n\t\t\t\t\t<header>\n\t\t\t\t\t\t<h3 class=\"pk-title\"><a href=\"https:\/\/webdelmaestrocmf.com\/portal\/sistemas-ayudan-ante-conductas-desafiantes-aula\/\" rel=\"bookmark\">Sistemas que ayudan ante conductas desafiantes en el aula: descarga el libro \u201cAn\u00e1lisis funcional de la conducta\u201d<\/a><\/h3>\t\t\t\t\t<\/header><!-- .entry-header -->\n\t\t\t\t<\/div><!-- .post-inner -->\n\n\t\t\t<\/div><!-- .post-outer -->\n\t\t<\/article>\n\t\t\t\t<\/div>\n\t\t<\/div>\n\t\t\n","protected":false},"excerpt":{"rendered":"La aplicaci\u00f3n de la teor\u00eda de las inteligencias m\u00faltiples en el \u00e1mbito escolar se basa en que, al&hellip;","protected":false},"author":1,"featured_media":69245,"comment_status":"open","ping_status":"open","sticky":false,"template":"","format":"standard","meta":{"csco_display_header_overlay":false,"csco_singular_sidebar":"default","csco_page_header_type":"default","csco_page_load_nextpost":"default","csco_post_video_location":[],"csco_post_video_location_hash":"","csco_post_video_url":"","csco_post_video_bg_start_time":0,"csco_post_video_bg_end_time":0,"csco_post_video_bg_volume":false,"_jetpack_memberships_contains_paid_content":false,"footnotes":""},"categories":[612,139,1249,735],"tags":[1070,596,1091,995,996],"class_list":{"0":"post-20256","1":"post","2":"type-post","3":"status-publish","4":"format-standard","5":"has-post-thumbnail","7":"category-inteligencias-multiples","8":"category-visitadas","9":"category-neurociencia","10":"category-pedagogia","11":"tag-actividades","12":"tag-aula","13":"tag-hogar","14":"tag-inteligencias","15":"tag-multiples","16":"cs-entry","17":"cs-video-wrap"},"yoast_head":"<!-- This site is optimized with the Yoast SEO plugin v27.5 - https:\/\/yoast.com\/product\/yoast-seo-wordpress\/ -->\n<title>Actividades para desarrollar las inteligencias m\u00faltiples en el aula<\/title>\n<meta name=\"description\" content=\"La aplicaci\u00f3n de la teor\u00eda de las inteligencias m\u00faltiples en el \u00e1mbito escolar se basa en que, al existir diversas inteligencias, deben...\" \/>\n<meta name=\"robots\" content=\"index, follow, max-snippet:-1, max-image-preview:large, max-video-preview:-1\" \/>\n<link rel=\"canonical\" href=\"https:\/\/webdelmaestrocmf.com\/portal\/actividades-desarrollar-las-inteligencias-multiples-aula-hogar\/\" \/>\n<meta property=\"og:locale\" content=\"es_ES\" \/>\n<meta property=\"og:type\" content=\"article\" \/>\n<meta property=\"og:title\" content=\"Actividades para desarrollar las inteligencias m\u00faltiples en el aula\" \/>\n<meta property=\"og:description\" content=\"La aplicaci\u00f3n de la teor\u00eda de las inteligencias m\u00faltiples en el \u00e1mbito escolar se basa en que, al existir diversas inteligencias, deben...\" \/>\n<meta property=\"og:url\" content=\"https:\/\/webdelmaestrocmf.com\/portal\/actividades-desarrollar-las-inteligencias-multiples-aula-hogar\/\" \/>\n<meta property=\"og:site_name\" content=\"Web del Maestro CMF\" \/>\n<meta property=\"article:publisher\" content=\"https:\/\/www.facebook.com\/WebdelMaestroCMF\/\" \/>\n<meta property=\"article:author\" content=\"https:\/\/www.facebook.com\/WebdelMaestroCMF\/\" \/>\n<meta property=\"article:published_time\" content=\"2021-10-14T00:00:12+00:00\" \/>\n<meta property=\"article:modified_time\" content=\"2023-10-27T04:07:32+00:00\" \/>\n<meta property=\"og:image\" content=\"https:\/\/webdelmaestrocmf.com\/portal\/wp-content\/uploads\/2019\/12\/1-104.jpg\" \/>\n\t<meta property=\"og:image:width\" content=\"1100\" \/>\n\t<meta property=\"og:image:height\" content=\"680\" \/>\n\t<meta property=\"og:image:type\" content=\"image\/jpeg\" \/>\n<meta name=\"author\" content=\"Web del Maestro CMF\" \/>\n<meta name=\"twitter:card\" content=\"summary_large_image\" \/>\n<meta name=\"twitter:creator\" content=\"@cmf_w\" \/>\n<meta name=\"twitter:site\" content=\"@cmf_w\" \/>\n<script type=\"application\/ld+json\" class=\"yoast-schema-graph\">{\"@context\":\"https:\\\/\\\/schema.org\",\"@graph\":[{\"@type\":\"ScholarlyArticle\",\"@id\":\"https:\\\/\\\/webdelmaestrocmf.com\\\/portal\\\/actividades-desarrollar-las-inteligencias-multiples-aula-hogar\\\/#article\",\"isPartOf\":{\"@id\":\"https:\\\/\\\/webdelmaestrocmf.com\\\/portal\\\/actividades-desarrollar-las-inteligencias-multiples-aula-hogar\\\/\"},\"author\":{\"name\":\"Web del Maestro CMF\",\"@id\":\"https:\\\/\\\/webdelmaestrocmf.com\\\/portal\\\/#\\\/schema\\\/person\\\/1072a2ed7bd960df8ef99a551fa35dc5\"},\"headline\":\"Actividades para desarrollar las inteligencias m\u00faltiples en el aula\",\"datePublished\":\"2021-10-14T00:00:12+00:00\",\"dateModified\":\"2023-10-27T04:07:32+00:00\",\"mainEntityOfPage\":{\"@id\":\"https:\\\/\\\/webdelmaestrocmf.com\\\/portal\\\/actividades-desarrollar-las-inteligencias-multiples-aula-hogar\\\/\"},\"wordCount\":468,\"commentCount\":0,\"publisher\":{\"@id\":\"https:\\\/\\\/webdelmaestrocmf.com\\\/portal\\\/#organization\"},\"image\":{\"@id\":\"https:\\\/\\\/webdelmaestrocmf.com\\\/portal\\\/actividades-desarrollar-las-inteligencias-multiples-aula-hogar\\\/#primaryimage\"},\"thumbnailUrl\":\"https:\\\/\\\/webdelmaestrocmf.com\\\/portal\\\/wp-content\\\/uploads\\\/2019\\\/12\\\/1-104.jpg\",\"keywords\":[\"actividades\",\"aula\",\"HOGAR\",\"INTELIGENCIAS\",\"M\u00daLTIPLES\"],\"articleSection\":[\"Inteligencias m\u00faltiples\",\"Las m\u00e1s vistas\",\"Neurociencia\",\"Recursos\"],\"inLanguage\":\"es\",\"potentialAction\":[{\"@type\":\"CommentAction\",\"name\":\"Comment\",\"target\":[\"https:\\\/\\\/webdelmaestrocmf.com\\\/portal\\\/actividades-desarrollar-las-inteligencias-multiples-aula-hogar\\\/#respond\"]}]},{\"@type\":\"WebPage\",\"@id\":\"https:\\\/\\\/webdelmaestrocmf.com\\\/portal\\\/actividades-desarrollar-las-inteligencias-multiples-aula-hogar\\\/\",\"url\":\"https:\\\/\\\/webdelmaestrocmf.com\\\/portal\\\/actividades-desarrollar-las-inteligencias-multiples-aula-hogar\\\/\",\"name\":\"Actividades para desarrollar las inteligencias m\u00faltiples en el aula\",\"isPartOf\":{\"@id\":\"https:\\\/\\\/webdelmaestrocmf.com\\\/portal\\\/#website\"},\"primaryImageOfPage\":{\"@id\":\"https:\\\/\\\/webdelmaestrocmf.com\\\/portal\\\/actividades-desarrollar-las-inteligencias-multiples-aula-hogar\\\/#primaryimage\"},\"image\":{\"@id\":\"https:\\\/\\\/webdelmaestrocmf.com\\\/portal\\\/actividades-desarrollar-las-inteligencias-multiples-aula-hogar\\\/#primaryimage\"},\"thumbnailUrl\":\"https:\\\/\\\/webdelmaestrocmf.com\\\/portal\\\/wp-content\\\/uploads\\\/2019\\\/12\\\/1-104.jpg\",\"datePublished\":\"2021-10-14T00:00:12+00:00\",\"dateModified\":\"2023-10-27T04:07:32+00:00\",\"description\":\"La aplicaci\u00f3n de la teor\u00eda de las inteligencias m\u00faltiples en el \u00e1mbito escolar se basa en que, al existir diversas inteligencias, deben...\",\"breadcrumb\":{\"@id\":\"https:\\\/\\\/webdelmaestrocmf.com\\\/portal\\\/actividades-desarrollar-las-inteligencias-multiples-aula-hogar\\\/#breadcrumb\"},\"inLanguage\":\"es\",\"potentialAction\":[{\"@type\":\"ReadAction\",\"target\":[\"https:\\\/\\\/webdelmaestrocmf.com\\\/portal\\\/actividades-desarrollar-las-inteligencias-multiples-aula-hogar\\\/\"]}]},{\"@type\":\"ImageObject\",\"inLanguage\":\"es\",\"@id\":\"https:\\\/\\\/webdelmaestrocmf.com\\\/portal\\\/actividades-desarrollar-las-inteligencias-multiples-aula-hogar\\\/#primaryimage\",\"url\":\"https:\\\/\\\/webdelmaestrocmf.com\\\/portal\\\/wp-content\\\/uploads\\\/2019\\\/12\\\/1-104.jpg\",\"contentUrl\":\"https:\\\/\\\/webdelmaestrocmf.com\\\/portal\\\/wp-content\\\/uploads\\\/2019\\\/12\\\/1-104.jpg\",\"width\":1100,\"height\":680,\"caption\":\"Actividades inteligencias m\u00faltiples\"},{\"@type\":\"BreadcrumbList\",\"@id\":\"https:\\\/\\\/webdelmaestrocmf.com\\\/portal\\\/actividades-desarrollar-las-inteligencias-multiples-aula-hogar\\\/#breadcrumb\",\"itemListElement\":[{\"@type\":\"ListItem\",\"position\":1,\"name\":\"Portada\",\"item\":\"https:\\\/\\\/webdelmaestrocmf.com\\\/portal\\\/\"},{\"@type\":\"ListItem\",\"position\":2,\"name\":\"Recursos\",\"item\":\"https:\\\/\\\/webdelmaestrocmf.com\\\/portal\\\/category\\\/pedagogia\\\/\"},{\"@type\":\"ListItem\",\"position\":3,\"name\":\"Actividades para desarrollar las inteligencias m\u00faltiples en el aula\"}]},{\"@type\":\"WebSite\",\"@id\":\"https:\\\/\\\/webdelmaestrocmf.com\\\/portal\\\/#website\",\"url\":\"https:\\\/\\\/webdelmaestrocmf.com\\\/portal\\\/\",\"name\":\"Web del Maestro CMF\",\"description\":\"Maestros al servicio de la educaci\u00f3n\",\"publisher\":{\"@id\":\"https:\\\/\\\/webdelmaestrocmf.com\\\/portal\\\/#organization\"},\"alternateName\":\"WMCMF\",\"potentialAction\":[{\"@type\":\"SearchAction\",\"target\":{\"@type\":\"EntryPoint\",\"urlTemplate\":\"https:\\\/\\\/webdelmaestrocmf.com\\\/portal\\\/?s={search_term_string}\"},\"query-input\":{\"@type\":\"PropertyValueSpecification\",\"valueRequired\":true,\"valueName\":\"search_term_string\"}}],\"inLanguage\":\"es\"},{\"@type\":\"Organization\",\"@id\":\"https:\\\/\\\/webdelmaestrocmf.com\\\/portal\\\/#organization\",\"name\":\"Web del Maestro CMF\",\"alternateName\":\"WMCMF\",\"url\":\"https:\\\/\\\/webdelmaestrocmf.com\\\/portal\\\/\",\"logo\":{\"@type\":\"ImageObject\",\"inLanguage\":\"es\",\"@id\":\"https:\\\/\\\/webdelmaestrocmf.com\\\/portal\\\/#\\\/schema\\\/logo\\\/image\\\/\",\"url\":\"https:\\\/\\\/webdelmaestrocmf.com\\\/portal\\\/wp-content\\\/uploads\\\/2023\\\/01\\\/logo-wmcmf-2.png\",\"contentUrl\":\"https:\\\/\\\/webdelmaestrocmf.com\\\/portal\\\/wp-content\\\/uploads\\\/2023\\\/01\\\/logo-wmcmf-2.png\",\"width\":200,\"height\":60,\"caption\":\"Web del Maestro CMF\"},\"image\":{\"@id\":\"https:\\\/\\\/webdelmaestrocmf.com\\\/portal\\\/#\\\/schema\\\/logo\\\/image\\\/\"},\"sameAs\":[\"https:\\\/\\\/www.facebook.com\\\/WebdelMaestroCMF\\\/\",\"https:\\\/\\\/x.com\\\/cmf_w\",\"https:\\\/\\\/www.pinterest.com\\\/WMCMF\\\/\",\"https:\\\/\\\/www.linkedin.com\\\/company\\\/web-del-maestro-cmf\\\/\",\"https:\\\/\\\/www.instagram.com\\\/wmcmf\\\/\",\"https:\\\/\\\/www.youtube.com\\\/channel\\\/UCDPSvjbdodE5sHnC3OxutHw\",\"https:\\\/\\\/mastodon.social\\\/@wmcmf\",\"https:\\\/\\\/www.tiktok.com\\\/@webdelmaestrocmf\"]},{\"@type\":\"Person\",\"@id\":\"https:\\\/\\\/webdelmaestrocmf.com\\\/portal\\\/#\\\/schema\\\/person\\\/1072a2ed7bd960df8ef99a551fa35dc5\",\"name\":\"Web del Maestro CMF\",\"image\":{\"@type\":\"ImageObject\",\"inLanguage\":\"es\",\"@id\":\"https:\\\/\\\/secure.gravatar.com\\\/avatar\\\/23291dd5b5ae1077dcff3dbb04c3e02bd28403fa75af6d8787d5e97c5bbbe30b?s=96&d=mm&r=g\",\"url\":\"https:\\\/\\\/secure.gravatar.com\\\/avatar\\\/23291dd5b5ae1077dcff3dbb04c3e02bd28403fa75af6d8787d5e97c5bbbe30b?s=96&d=mm&r=g\",\"contentUrl\":\"https:\\\/\\\/secure.gravatar.com\\\/avatar\\\/23291dd5b5ae1077dcff3dbb04c3e02bd28403fa75af6d8787d5e97c5bbbe30b?s=96&d=mm&r=g\",\"caption\":\"Web del Maestro CMF\"},\"description\":\"Esta Web se cre\u00f3 sin fines de lucro, con fines educativos, cient\u00edficos y acad\u00e9micos, para personas que tengan dificultades y\\\/o inconvenientes en visualizar el material original. El objetivo es entregar recursos, compartir experiencias y materiales que ayuden a los padres de familia, maestros y estudiantes en su actualizaci\u00f3n y formaci\u00f3n permanente, en bien de la Educaci\u00f3n.\",\"sameAs\":[\"http:\\\/\\\/webdelmaestrocmf.com\\\/portal\",\"https:\\\/\\\/www.facebook.com\\\/WebdelMaestroCMF\\\/\",\"https:\\\/\\\/www.instagram.com\\\/wmcmf\\\/\",\"https:\\\/\\\/cl.linkedin.com\\\/company\\\/web-del-maestro-cmf\",\"https:\\\/\\\/www.pinterest.com\\\/WMCMF\\\/publicaciones\\\/\",\"https:\\\/\\\/x.com\\\/cmf_w\",\"https:\\\/\\\/www.youtube.com\\\/@WMCMF\"]}]}<\/script>\n<!-- \/ Yoast SEO plugin. -->","yoast_head_json":{"title":"Actividades para desarrollar las inteligencias m\u00faltiples en el aula","description":"La aplicaci\u00f3n de la teor\u00eda de las inteligencias m\u00faltiples en el \u00e1mbito escolar se basa en que, al existir diversas inteligencias, deben...","robots":{"index":"index","follow":"follow","max-snippet":"max-snippet:-1","max-image-preview":"max-image-preview:large","max-video-preview":"max-video-preview:-1"},"canonical":"https:\/\/webdelmaestrocmf.com\/portal\/actividades-desarrollar-las-inteligencias-multiples-aula-hogar\/","og_locale":"es_ES","og_type":"article","og_title":"Actividades para desarrollar las inteligencias m\u00faltiples en el aula","og_description":"La aplicaci\u00f3n de la teor\u00eda de las inteligencias m\u00faltiples en el \u00e1mbito escolar se basa en que, al existir diversas inteligencias, deben...","og_url":"https:\/\/webdelmaestrocmf.com\/portal\/actividades-desarrollar-las-inteligencias-multiples-aula-hogar\/","og_site_name":"Web del Maestro CMF","article_publisher":"https:\/\/www.facebook.com\/WebdelMaestroCMF\/","article_author":"https:\/\/www.facebook.com\/WebdelMaestroCMF\/","article_published_time":"2021-10-14T00:00:12+00:00","article_modified_time":"2023-10-27T04:07:32+00:00","og_image":[{"width":1100,"height":680,"url":"https:\/\/webdelmaestrocmf.com\/portal\/wp-content\/uploads\/2019\/12\/1-104.jpg","type":"image\/jpeg"}],"author":"Web del Maestro CMF","twitter_card":"summary_large_image","twitter_creator":"@cmf_w","twitter_site":"@cmf_w","schema":{"@context":"https:\/\/schema.org","@graph":[{"@type":"ScholarlyArticle","@id":"https:\/\/webdelmaestrocmf.com\/portal\/actividades-desarrollar-las-inteligencias-multiples-aula-hogar\/#article","isPartOf":{"@id":"https:\/\/webdelmaestrocmf.com\/portal\/actividades-desarrollar-las-inteligencias-multiples-aula-hogar\/"},"author":{"name":"Web del Maestro CMF","@id":"https:\/\/webdelmaestrocmf.com\/portal\/#\/schema\/person\/1072a2ed7bd960df8ef99a551fa35dc5"},"headline":"Actividades para desarrollar las inteligencias m\u00faltiples en el aula","datePublished":"2021-10-14T00:00:12+00:00","dateModified":"2023-10-27T04:07:32+00:00","mainEntityOfPage":{"@id":"https:\/\/webdelmaestrocmf.com\/portal\/actividades-desarrollar-las-inteligencias-multiples-aula-hogar\/"},"wordCount":468,"commentCount":0,"publisher":{"@id":"https:\/\/webdelmaestrocmf.com\/portal\/#organization"},"image":{"@id":"https:\/\/webdelmaestrocmf.com\/portal\/actividades-desarrollar-las-inteligencias-multiples-aula-hogar\/#primaryimage"},"thumbnailUrl":"https:\/\/webdelmaestrocmf.com\/portal\/wp-content\/uploads\/2019\/12\/1-104.jpg","keywords":["actividades","aula","HOGAR","INTELIGENCIAS","M\u00daLTIPLES"],"articleSection":["Inteligencias m\u00faltiples","Las m\u00e1s vistas","Neurociencia","Recursos"],"inLanguage":"es","potentialAction":[{"@type":"CommentAction","name":"Comment","target":["https:\/\/webdelmaestrocmf.com\/portal\/actividades-desarrollar-las-inteligencias-multiples-aula-hogar\/#respond"]}]},{"@type":"WebPage","@id":"https:\/\/webdelmaestrocmf.com\/portal\/actividades-desarrollar-las-inteligencias-multiples-aula-hogar\/","url":"https:\/\/webdelmaestrocmf.com\/portal\/actividades-desarrollar-las-inteligencias-multiples-aula-hogar\/","name":"Actividades para desarrollar las inteligencias m\u00faltiples en el aula","isPartOf":{"@id":"https:\/\/webdelmaestrocmf.com\/portal\/#website"},"primaryImageOfPage":{"@id":"https:\/\/webdelmaestrocmf.com\/portal\/actividades-desarrollar-las-inteligencias-multiples-aula-hogar\/#primaryimage"},"image":{"@id":"https:\/\/webdelmaestrocmf.com\/portal\/actividades-desarrollar-las-inteligencias-multiples-aula-hogar\/#primaryimage"},"thumbnailUrl":"https:\/\/webdelmaestrocmf.com\/portal\/wp-content\/uploads\/2019\/12\/1-104.jpg","datePublished":"2021-10-14T00:00:12+00:00","dateModified":"2023-10-27T04:07:32+00:00","description":"La aplicaci\u00f3n de la teor\u00eda de las inteligencias m\u00faltiples en el \u00e1mbito escolar se basa en que, al existir diversas inteligencias, deben...","breadcrumb":{"@id":"https:\/\/webdelmaestrocmf.com\/portal\/actividades-desarrollar-las-inteligencias-multiples-aula-hogar\/#breadcrumb"},"inLanguage":"es","potentialAction":[{"@type":"ReadAction","target":["https:\/\/webdelmaestrocmf.com\/portal\/actividades-desarrollar-las-inteligencias-multiples-aula-hogar\/"]}]},{"@type":"ImageObject","inLanguage":"es","@id":"https:\/\/webdelmaestrocmf.com\/portal\/actividades-desarrollar-las-inteligencias-multiples-aula-hogar\/#primaryimage","url":"https:\/\/webdelmaestrocmf.com\/portal\/wp-content\/uploads\/2019\/12\/1-104.jpg","contentUrl":"https:\/\/webdelmaestrocmf.com\/portal\/wp-content\/uploads\/2019\/12\/1-104.jpg","width":1100,"height":680,"caption":"Actividades inteligencias m\u00faltiples"},{"@type":"BreadcrumbList","@id":"https:\/\/webdelmaestrocmf.com\/portal\/actividades-desarrollar-las-inteligencias-multiples-aula-hogar\/#breadcrumb","itemListElement":[{"@type":"ListItem","position":1,"name":"Portada","item":"https:\/\/webdelmaestrocmf.com\/portal\/"},{"@type":"ListItem","position":2,"name":"Recursos","item":"https:\/\/webdelmaestrocmf.com\/portal\/category\/pedagogia\/"},{"@type":"ListItem","position":3,"name":"Actividades para desarrollar las inteligencias m\u00faltiples en el aula"}]},{"@type":"WebSite","@id":"https:\/\/webdelmaestrocmf.com\/portal\/#website","url":"https:\/\/webdelmaestrocmf.com\/portal\/","name":"Web del Maestro CMF","description":"Maestros al servicio de la educaci\u00f3n","publisher":{"@id":"https:\/\/webdelmaestrocmf.com\/portal\/#organization"},"alternateName":"WMCMF","potentialAction":[{"@type":"SearchAction","target":{"@type":"EntryPoint","urlTemplate":"https:\/\/webdelmaestrocmf.com\/portal\/?s={search_term_string}"},"query-input":{"@type":"PropertyValueSpecification","valueRequired":true,"valueName":"search_term_string"}}],"inLanguage":"es"},{"@type":"Organization","@id":"https:\/\/webdelmaestrocmf.com\/portal\/#organization","name":"Web del Maestro CMF","alternateName":"WMCMF","url":"https:\/\/webdelmaestrocmf.com\/portal\/","logo":{"@type":"ImageObject","inLanguage":"es","@id":"https:\/\/webdelmaestrocmf.com\/portal\/#\/schema\/logo\/image\/","url":"https:\/\/webdelmaestrocmf.com\/portal\/wp-content\/uploads\/2023\/01\/logo-wmcmf-2.png","contentUrl":"https:\/\/webdelmaestrocmf.com\/portal\/wp-content\/uploads\/2023\/01\/logo-wmcmf-2.png","width":200,"height":60,"caption":"Web del Maestro CMF"},"image":{"@id":"https:\/\/webdelmaestrocmf.com\/portal\/#\/schema\/logo\/image\/"},"sameAs":["https:\/\/www.facebook.com\/WebdelMaestroCMF\/","https:\/\/x.com\/cmf_w","https:\/\/www.pinterest.com\/WMCMF\/","https:\/\/www.linkedin.com\/company\/web-del-maestro-cmf\/","https:\/\/www.instagram.com\/wmcmf\/","https:\/\/www.youtube.com\/channel\/UCDPSvjbdodE5sHnC3OxutHw","https:\/\/mastodon.social\/@wmcmf","https:\/\/www.tiktok.com\/@webdelmaestrocmf"]},{"@type":"Person","@id":"https:\/\/webdelmaestrocmf.com\/portal\/#\/schema\/person\/1072a2ed7bd960df8ef99a551fa35dc5","name":"Web del Maestro CMF","image":{"@type":"ImageObject","inLanguage":"es","@id":"https:\/\/secure.gravatar.com\/avatar\/23291dd5b5ae1077dcff3dbb04c3e02bd28403fa75af6d8787d5e97c5bbbe30b?s=96&d=mm&r=g","url":"https:\/\/secure.gravatar.com\/avatar\/23291dd5b5ae1077dcff3dbb04c3e02bd28403fa75af6d8787d5e97c5bbbe30b?s=96&d=mm&r=g","contentUrl":"https:\/\/secure.gravatar.com\/avatar\/23291dd5b5ae1077dcff3dbb04c3e02bd28403fa75af6d8787d5e97c5bbbe30b?s=96&d=mm&r=g","caption":"Web del Maestro CMF"},"description":"Esta Web se cre\u00f3 sin fines de lucro, con fines educativos, cient\u00edficos y acad\u00e9micos, para personas que tengan dificultades y\/o inconvenientes en visualizar el material original. El objetivo es entregar recursos, compartir experiencias y materiales que ayuden a los padres de familia, maestros y estudiantes en su actualizaci\u00f3n y formaci\u00f3n permanente, en bien de la Educaci\u00f3n.","sameAs":["http:\/\/webdelmaestrocmf.com\/portal","https:\/\/www.facebook.com\/WebdelMaestroCMF\/","https:\/\/www.instagram.com\/wmcmf\/","https:\/\/cl.linkedin.com\/company\/web-del-maestro-cmf","https:\/\/www.pinterest.com\/WMCMF\/publicaciones\/","https:\/\/x.com\/cmf_w","https:\/\/www.youtube.com\/@WMCMF"]}]}},"jetpack_featured_media_url":"https:\/\/webdelmaestrocmf.com\/portal\/wp-content\/uploads\/2019\/12\/1-104.jpg","jetpack_sharing_enabled":true,"jetpack-related-posts":[{"id":8823,"url":"https:\/\/webdelmaestrocmf.com\/portal\/como-aplicar-la-teoria-de-las-inteligencias-multiples-en-el-aula\/","url_meta":{"origin":20256,"position":0},"title":"C\u00f3mo aplicar la teor\u00eda de las inteligencias m\u00faltiples en el aula","author":"Web del Maestro CMF","date":"24 mayo, 2024","format":false,"excerpt":"La educaci\u00f3n es un viaje hacia el conocimiento y el desarrollo personal. En este viaje, cada estudiante es \u00fanico, con talentos y habilidades que merecen ser cultivados. La Teor\u00eda de las Inteligencias M\u00faltiples, propuesta por Howard Gardner, ofrece una perspectiva revolucionaria sobre la diversidad de las capacidades humanas. En este\u2026","rel":"","context":"En \u00abInteligencias m\u00faltiples\u00bb","block_context":{"text":"Inteligencias m\u00faltiples","link":"https:\/\/webdelmaestrocmf.com\/portal\/category\/pedagogia\/inteligencias-multiples\/"},"img":{"alt_text":"Inteligencias M\u00faltiples","src":"https:\/\/i0.wp.com\/webdelmaestrocmf.com\/portal\/wp-content\/uploads\/2023\/11\/Banner-1-portada-imagen-10-1-2024-05-24T125226.951.jpg?resize=350%2C200&ssl=1","width":350,"height":200,"srcset":"https:\/\/i0.wp.com\/webdelmaestrocmf.com\/portal\/wp-content\/uploads\/2023\/11\/Banner-1-portada-imagen-10-1-2024-05-24T125226.951.jpg?resize=350%2C200&ssl=1 1x, https:\/\/i0.wp.com\/webdelmaestrocmf.com\/portal\/wp-content\/uploads\/2023\/11\/Banner-1-portada-imagen-10-1-2024-05-24T125226.951.jpg?resize=525%2C300&ssl=1 1.5x, https:\/\/i0.wp.com\/webdelmaestrocmf.com\/portal\/wp-content\/uploads\/2023\/11\/Banner-1-portada-imagen-10-1-2024-05-24T125226.951.jpg?resize=700%2C400&ssl=1 2x"},"classes":[]},{"id":31801,"url":"https:\/\/webdelmaestrocmf.com\/portal\/guia-para-docentes-las-inteligencias-multiples-en-el-aula\/","url_meta":{"origin":20256,"position":1},"title":"Gu\u00eda para docentes sobre las inteligencias m\u00faltiples en el aula","author":"Web del Maestro CMF","date":"5h ago","format":false,"excerpt":"La teor\u00eda de las inteligencias m\u00faltiples redefine la educaci\u00f3n al reconocer diversas habilidades en los estudiantes, permitiendo personalizar la ense\u00f1anza, fomentar la inclusi\u00f3n y potenciar el desarrollo integral en el aula.","rel":"","context":"En \u00abInteligencias m\u00faltiples\u00bb","block_context":{"text":"Inteligencias m\u00faltiples","link":"https:\/\/webdelmaestrocmf.com\/portal\/category\/pedagogia\/inteligencias-multiples\/"},"img":{"alt_text":"inteligencias m\u00faltiples","src":"https:\/\/i0.wp.com\/webdelmaestrocmf.com\/portal\/wp-content\/uploads\/2020\/11\/Banner-1-portada-imagen-10-1-15.jpg?resize=350%2C200&ssl=1","width":350,"height":200,"srcset":"https:\/\/i0.wp.com\/webdelmaestrocmf.com\/portal\/wp-content\/uploads\/2020\/11\/Banner-1-portada-imagen-10-1-15.jpg?resize=350%2C200&ssl=1 1x, https:\/\/i0.wp.com\/webdelmaestrocmf.com\/portal\/wp-content\/uploads\/2020\/11\/Banner-1-portada-imagen-10-1-15.jpg?resize=525%2C300&ssl=1 1.5x, https:\/\/i0.wp.com\/webdelmaestrocmf.com\/portal\/wp-content\/uploads\/2020\/11\/Banner-1-portada-imagen-10-1-15.jpg?resize=700%2C400&ssl=1 2x"},"classes":[]},{"id":86288,"url":"https:\/\/webdelmaestrocmf.com\/portal\/inteligencias-multiples-para-el-aula-de-howard-gardner-y-thomas-armstrong\/","url_meta":{"origin":20256,"position":2},"title":"Inteligencias m\u00faltiples: H. Gardner, T. Armstrong y D. Goleman","author":"Web del Maestro CMF","date":"5 mayo, 2024","format":false,"excerpt":"En este art\u00edculo, exploraremos con detenimiento la teor\u00eda de las inteligencias m\u00faltiples, un resumen de su historia y las contribuciones de Howard Gardner. Tambi\u00e9n examinaremos las ocho tipos de inteligencias seg\u00fan su propuesta, su aplicaci\u00f3n en el aula, las aportaciones de otros expertos como Thomas Armstrong y Daniel Goleman, tambi\u00e9n\u2026","rel":"","context":"En \u00abInteligencias m\u00faltiples\u00bb","block_context":{"text":"Inteligencias m\u00faltiples","link":"https:\/\/webdelmaestrocmf.com\/portal\/category\/pedagogia\/inteligencias-multiples\/"},"img":{"alt_text":"","src":"https:\/\/i0.wp.com\/webdelmaestrocmf.com\/portal\/wp-content\/uploads\/2023\/11\/Banner-1-portada-imagen-10-1-13.jpg?resize=350%2C200&ssl=1","width":350,"height":200,"srcset":"https:\/\/i0.wp.com\/webdelmaestrocmf.com\/portal\/wp-content\/uploads\/2023\/11\/Banner-1-portada-imagen-10-1-13.jpg?resize=350%2C200&ssl=1 1x, https:\/\/i0.wp.com\/webdelmaestrocmf.com\/portal\/wp-content\/uploads\/2023\/11\/Banner-1-portada-imagen-10-1-13.jpg?resize=525%2C300&ssl=1 1.5x, https:\/\/i0.wp.com\/webdelmaestrocmf.com\/portal\/wp-content\/uploads\/2023\/11\/Banner-1-portada-imagen-10-1-13.jpg?resize=700%2C400&ssl=1 2x"},"classes":[]},{"id":18422,"url":"https:\/\/webdelmaestrocmf.com\/portal\/manual-186-actividades-desarrollar-las-inteligencias-multiples\/","url_meta":{"origin":20256,"position":3},"title":"200 actividades para desarrollar las Inteligencias M\u00faltiples","author":"Web del Maestro CMF","date":"12 marzo, 2024","format":false,"excerpt":"El concepto de Inteligencias M\u00faltiples, propuesto por el psic\u00f3logo Howard Gardner, ha revolucionado la forma en que entendemos la inteligencia humana. En lugar de considerarla como una habilidad unitaria, Gardner postula que existen diversas formas de inteligencia, cada una con sus propias capacidades y potencialidades. En este contexto, explorar y\u2026","rel":"","context":"En \u00abActividades\u00bb","block_context":{"text":"Actividades","link":"https:\/\/webdelmaestrocmf.com\/portal\/category\/pedagogia\/actividades\/"},"img":{"alt_text":"","src":"https:\/\/i0.wp.com\/webdelmaestrocmf.com\/portal\/wp-content\/uploads\/2019\/09\/Banner-1-portada-imagen-10-1-9.jpg?resize=350%2C200&ssl=1","width":350,"height":200,"srcset":"https:\/\/i0.wp.com\/webdelmaestrocmf.com\/portal\/wp-content\/uploads\/2019\/09\/Banner-1-portada-imagen-10-1-9.jpg?resize=350%2C200&ssl=1 1x, https:\/\/i0.wp.com\/webdelmaestrocmf.com\/portal\/wp-content\/uploads\/2019\/09\/Banner-1-portada-imagen-10-1-9.jpg?resize=525%2C300&ssl=1 1.5x, https:\/\/i0.wp.com\/webdelmaestrocmf.com\/portal\/wp-content\/uploads\/2019\/09\/Banner-1-portada-imagen-10-1-9.jpg?resize=700%2C400&ssl=1 2x"},"classes":[]},{"id":20556,"url":"https:\/\/webdelmaestrocmf.com\/portal\/12-desafios-implantar-las-inteligencias-multiples-infografia\/","url_meta":{"origin":20256,"position":4},"title":"12 desaf\u00edos para implementar las inteligencias m\u00faltiples","author":"Web del Maestro CMF","date":"21 marzo, 2022","format":false,"excerpt":"La\u00a0teor\u00eda de las inteligencias m\u00faltiples de\u00a0Howard Gardner\u00a0propone que existen\u00a0diferentes tipos inteligencias que est\u00e1n presentes en todas las personas, siendo una de ellas\u00a0la que sobresale o predomina. Antes de esta teor\u00eda se pensaba\u00a0en la inteligencia como una entidad \u00fanica, relacionada b\u00e1sicamente con la capacidad para resolver problemas y que puede \u201cmedirse\u201d\u2026","rel":"","context":"En \u00abInteligencias m\u00faltiples\u00bb","block_context":{"text":"Inteligencias m\u00faltiples","link":"https:\/\/webdelmaestrocmf.com\/portal\/category\/pedagogia\/inteligencias-multiples\/"},"img":{"alt_text":"","src":"https:\/\/i0.wp.com\/webdelmaestrocmf.com\/portal\/wp-content\/uploads\/2022\/03\/1-44.jpg?resize=350%2C200&ssl=1","width":350,"height":200,"srcset":"https:\/\/i0.wp.com\/webdelmaestrocmf.com\/portal\/wp-content\/uploads\/2022\/03\/1-44.jpg?resize=350%2C200&ssl=1 1x, https:\/\/i0.wp.com\/webdelmaestrocmf.com\/portal\/wp-content\/uploads\/2022\/03\/1-44.jpg?resize=525%2C300&ssl=1 1.5x, https:\/\/i0.wp.com\/webdelmaestrocmf.com\/portal\/wp-content\/uploads\/2022\/03\/1-44.jpg?resize=700%2C400&ssl=1 2x, https:\/\/i0.wp.com\/webdelmaestrocmf.com\/portal\/wp-content\/uploads\/2022\/03\/1-44.jpg?resize=1050%2C600&ssl=1 3x"},"classes":[]},{"id":21199,"url":"https:\/\/webdelmaestrocmf.com\/portal\/introduccion-a-las-inteligencias-multiples\/","url_meta":{"origin":20256,"position":5},"title":"Introducci\u00f3n a las inteligencias m\u00faltiples","author":"Web del Maestro CMF","date":"20 marzo, 2022","format":false,"excerpt":"Howard Gardner propuso que la vida humana requiere del desarrollo de varios tipos de inteligencia, sin entrar en contradicci\u00f3n con la definici\u00f3n cient\u00edfica de la inteligencia, como la \u00abcapacidad de solucionar problemas o elaborar bienes valiosos\u00bb (Psicolog\u00eda y Mente). \u201cSe percat\u00f3 de que las personas no ten\u00edan una inteligencia global\u2026","rel":"","context":"En \u00abInteligencias m\u00faltiples\u00bb","block_context":{"text":"Inteligencias m\u00faltiples","link":"https:\/\/webdelmaestrocmf.com\/portal\/category\/pedagogia\/inteligencias-multiples\/"},"img":{"alt_text":"","src":"https:\/\/i0.wp.com\/webdelmaestrocmf.com\/portal\/wp-content\/uploads\/2018\/08\/1-187.jpg?resize=350%2C200&ssl=1","width":350,"height":200,"srcset":"https:\/\/i0.wp.com\/webdelmaestrocmf.com\/portal\/wp-content\/uploads\/2018\/08\/1-187.jpg?resize=350%2C200&ssl=1 1x, https:\/\/i0.wp.com\/webdelmaestrocmf.com\/portal\/wp-content\/uploads\/2018\/08\/1-187.jpg?resize=525%2C300&ssl=1 1.5x, https:\/\/i0.wp.com\/webdelmaestrocmf.com\/portal\/wp-content\/uploads\/2018\/08\/1-187.jpg?resize=700%2C400&ssl=1 2x, https:\/\/i0.wp.com\/webdelmaestrocmf.com\/portal\/wp-content\/uploads\/2018\/08\/1-187.jpg?resize=1050%2C600&ssl=1 3x"},"classes":[]}],"_links":{"self":[{"href":"https:\/\/webdelmaestrocmf.com\/portal\/wp-json\/wp\/v2\/posts\/20256","targetHints":{"allow":["GET"]}}],"collection":[{"href":"https:\/\/webdelmaestrocmf.com\/portal\/wp-json\/wp\/v2\/posts"}],"about":[{"href":"https:\/\/webdelmaestrocmf.com\/portal\/wp-json\/wp\/v2\/types\/post"}],"author":[{"embeddable":true,"href":"https:\/\/webdelmaestrocmf.com\/portal\/wp-json\/wp\/v2\/users\/1"}],"replies":[{"embeddable":true,"href":"https:\/\/webdelmaestrocmf.com\/portal\/wp-json\/wp\/v2\/comments?post=20256"}],"version-history":[{"count":0,"href":"https:\/\/webdelmaestrocmf.com\/portal\/wp-json\/wp\/v2\/posts\/20256\/revisions"}],"wp:featuredmedia":[{"embeddable":true,"href":"https:\/\/webdelmaestrocmf.com\/portal\/wp-json\/wp\/v2\/media\/69245"}],"wp:attachment":[{"href":"https:\/\/webdelmaestrocmf.com\/portal\/wp-json\/wp\/v2\/media?parent=20256"}],"wp:term":[{"taxonomy":"category","embeddable":true,"href":"https:\/\/webdelmaestrocmf.com\/portal\/wp-json\/wp\/v2\/categories?post=20256"},{"taxonomy":"post_tag","embeddable":true,"href":"https:\/\/webdelmaestrocmf.com\/portal\/wp-json\/wp\/v2\/tags?post=20256"}],"curies":[{"name":"wp","href":"https:\/\/api.w.org\/{rel}","templated":true}]}}