{"id":20237,"date":"2024-01-31T21:00:22","date_gmt":"2024-02-01T00:00:22","guid":{"rendered":"http:\/\/webdelmaestrocmf.com\/portal\/?p=20237"},"modified":"2026-03-05T12:11:18","modified_gmt":"2026-03-05T15:11:18","slug":"educar-requiere-maximo-paciencia-empatia-creatividad","status":"publish","type":"post","link":"https:\/\/webdelmaestrocmf.com\/portal\/educar-requiere-maximo-paciencia-empatia-creatividad\/","title":{"rendered":"Educar requiere un m\u00e1ximo de paciencia, empat\u00eda, creatividad y amor por lo que haces"},"content":{"rendered":"<p style=\"text-align: justify;\"><strong>El comportamiento humano ha sido objeto de atenta consideraci\u00f3n y estudio por parte de fil\u00f3sofos, pedagogos y psic\u00f3logos desde los tiempos antiguos, pero los m\u00e1s interesados en conocer y gestionar adecuadamente los \u201cmalos comportamientos\u201d siempre ser\u00e1n los educadores: padres de familia y profesores.<\/strong><\/p>\n<p><!--more--><\/p>\n<p style=\"text-align: justify;\">Resolver los conflictos, como consecuencia de malos comportamientos, debe partir del presupuesto que <strong>las conductas siempre estar\u00e1n en un proceso de ajuste<\/strong>, y que dura toda la vida.<\/p>\n<p style=\"text-align: justify;\">Cuando el educador busca el <strong>c\u00f3mo resolver un conflicto de comportamiento<\/strong>, puede quedarse (como los padres de familia) en encontrar la manera m\u00e1s adecuada, \u201csin ver ir m\u00e1s all\u00e1 y tratar de entender <strong>por qu\u00e9 se provoc\u00f3<\/strong> y <strong>qu\u00e9 est\u00e1 detr\u00e1s<\/strong> de un mal comportamiento\u201d.<\/p>\n<p style=\"text-align: justify;\">El art\u00edculo de Olga Carmona, publicado El Pa\u00eds (Espa\u00f1a), nos exhorta a trabajar en dos direcciones paralelamente: <strong>la intervenci\u00f3n y la reflexi\u00f3n. <\/strong>Y se nos propone algunas habilidades a tener en cuenta:<\/p>\n<ul>\n<li style=\"text-align: justify;\">Pedir cuente lo ocurrido y <strong>escuchar<\/strong> sin corregirle, sin juzgarle.<\/li>\n<li style=\"text-align: justify;\">Si no es capaz de hacerlo (por edad, por falta de recursos ling\u00fc\u00edsticos, etc.), ayudarle a la <strong>reconstrucci\u00f3n<\/strong> de lo que ocurri\u00f3, con un lenguaje calmado.<\/li>\n<li style=\"text-align: justify;\">Identificar la emoci\u00f3n que le llev\u00f3 a hacerlo y <strong>lo que sinti\u00f3<\/strong> despu\u00e9s de haberlo hecho\u201d.<\/li>\n<li style=\"text-align: justify;\">Reconocer la emoci\u00f3n y darle <strong>importancia proporcionada<\/strong>.<\/li>\n<li style=\"text-align: justify;\">Explicar c\u00f3mo nos <strong>sentimos nosotros<\/strong> frente a su mal comportamiento.<\/li>\n<li style=\"text-align: justify;\">Ayudarle a que <strong>se haga cargo<\/strong> de sus emociones.<\/li>\n<li style=\"text-align: justify;\">Ense\u00f1arle la importancia de la <strong>empat\u00eda<\/strong> con ejemplos que le conecten con una emoci\u00f3n parecida.<\/li>\n<li style=\"text-align: justify;\">Usar recursos de <strong>creatividad<\/strong>.<\/li>\n<li style=\"text-align: justify;\">Estar <strong>vigilantes, atentos<\/strong>, y ser capaces de adelantarse a la situaci\u00f3n, para prevenir un conflicto.<\/li>\n<li style=\"text-align: justify;\">Enunciar frases en <strong>positivo<\/strong>.<\/li>\n<li style=\"text-align: justify;\">Tener conciencia que el aprender, es un <strong>proceso<\/strong> que requiere paciencia y depender\u00e1 de cada persona.<\/li>\n<li style=\"text-align: justify;\">Reconocer <strong>el esfuerzo<\/strong> cada intento. Volver a empezar, dar una <strong>nueva oportunidad<\/strong>, desde lo aprendido.<\/li>\n<li style=\"text-align: justify;\">El <strong>sentido del humor<\/strong> es un maravilloso comod\u00edn a la hora de educar.<\/li>\n<li style=\"text-align: justify;\">Solo aprendemos aquello que est\u00e1 asociado a una emoci\u00f3n. Entonces, tratemos de <strong>hacerlo en positivo<\/strong>.<\/li>\n<li style=\"text-align: justify;\">Confiar, confiar, confiar\u2026 enviar mensajes emocionales de creer que <strong>ser\u00e1 capaz de cambiar<\/strong> y de hacerlo mejor.<\/li>\n<li style=\"text-align: justify;\">Necesita tu <strong>mirada <\/strong><\/li>\n<li style=\"text-align: justify;\">Recordarle lo hablado o <strong>volver a hablarlo<\/strong> las veces que hagan falta.<\/li>\n<li style=\"text-align: justify;\">Es esencial tambi\u00e9n tomar conciencia de que esto <strong>no es una carrera de fondo<\/strong>.<\/li>\n<li style=\"text-align: justify;\">Estamos ense\u00f1ando comunicaci\u00f3n emocional, estrategias de aprendizaje vital, recursos para preservar y construir la autoestima, poner los <strong>andamiajes del adulto feliz y pleno<\/strong> que pretendemos sea alg\u00fan d\u00eda.<\/li>\n<\/ul>\n<p><img loading=\"lazy\" decoding=\"async\" class=\"alignnone size-full wp-image-103297\" src=\"https:\/\/webdelmaestrocmf.com\/portal\/wp-content\/uploads\/2020\/02\/Banner-1-portada-imagen-11-negro-2.jpg\" alt=\"\" width=\"1024\" height=\"1024\" srcset=\"https:\/\/webdelmaestrocmf.com\/portal\/wp-content\/uploads\/2020\/02\/Banner-1-portada-imagen-11-negro-2.jpg 1024w, https:\/\/webdelmaestrocmf.com\/portal\/wp-content\/uploads\/2020\/02\/Banner-1-portada-imagen-11-negro-2-300x300.jpg 300w, https:\/\/webdelmaestrocmf.com\/portal\/wp-content\/uploads\/2020\/02\/Banner-1-portada-imagen-11-negro-2-150x150.jpg 150w, https:\/\/webdelmaestrocmf.com\/portal\/wp-content\/uploads\/2020\/02\/Banner-1-portada-imagen-11-negro-2-768x768.jpg 768w, https:\/\/webdelmaestrocmf.com\/portal\/wp-content\/uploads\/2020\/02\/Banner-1-portada-imagen-11-negro-2-80x80.jpg 80w, https:\/\/webdelmaestrocmf.com\/portal\/wp-content\/uploads\/2020\/02\/Banner-1-portada-imagen-11-negro-2-110x110.jpg 110w, https:\/\/webdelmaestrocmf.com\/portal\/wp-content\/uploads\/2020\/02\/Banner-1-portada-imagen-11-negro-2-380x380.jpg 380w, https:\/\/webdelmaestrocmf.com\/portal\/wp-content\/uploads\/2020\/02\/Banner-1-portada-imagen-11-negro-2-550x550.jpg 550w, https:\/\/webdelmaestrocmf.com\/portal\/wp-content\/uploads\/2020\/02\/Banner-1-portada-imagen-11-negro-2-800x800.jpg 800w\" sizes=\"auto, (max-width: 1024px) 100vw, 1024px\" \/><\/p>\n<p style=\"text-align: justify;\">Todas estas pautas, y otras que encontremos en nuestra experiencia docente, nos ayudar\u00e1n a \u201cconectarnos con la situaci\u00f3n objetiva y <strong>valorar con suficiente distancia<\/strong> lo que de verdad ocurri\u00f3 y hasta qu\u00e9 punto era tan importante\u201d, y as\u00ed poder <strong>intervenir como educadores<\/strong>, no como parte del problema. Este es un interesante recurso para trabajar con los padres de familia que \u201cson educadores 24 horas al d\u00eda, siete d\u00edas a la semana\u201d, y con los cuales debemos mantener una <strong>comunicaci\u00f3n cercana, cordial y sincera<\/strong>; nosotros, los profesores, que somos una de las personas que m\u00e1s tiempo durante el d\u00eda estamos con sus hijos.<\/p>\n<p style=\"text-align: justify;\">\u00bfC\u00f3mo lograr un estado de \u00e1nimo sereno y con ganas de construir, frente a un mal comportamiento? \u00bfQu\u00e9 puede ense\u00f1ar la educaci\u00f3n emocional sobre el mal uso de la libertad y la alteraci\u00f3n de la convivencia pac\u00edfica? \u00bfQu\u00e9 opina Usted sobre estas pautas propuestas por Olga Carmona?<\/p>\n<p style=\"text-align: justify;\">Le recomendamos completar e incrementar estas consideraciones leyendo <span style=\"text-decoration: underline; color: #aa0000;\"><strong><a href=\"https:\/\/elpais.com\/elpais\/2017\/06\/20\/mamas_papas\/1497957957_337985.html\" target=\"_blank\" rel=\"noopener noreferrer\">EL SENTIDO DEL HUMOR ES UN COMOD\u00cdN FANT\u00c1STICO A LA HORA DE EDUCAR.<\/a><\/strong><\/span><\/p>\n<h2 class=\"wp-block-heading\" style=\"text-align: left;\"><strong>El arte de educar<\/strong><\/h2>\n<p style=\"text-align: justify;\">La\u00a0<span id=\"ezoic-pub-ad-placeholder-195\"><\/span><span id=\"div-gpt-ad-ignisnatura_org-banner-1-0\"><\/span>educaci\u00f3n\u00a0es una de las mayores necesidades, lujos y prioridad del ser humano, incluso desde tiempos antiguos. Dado que a trav\u00e9s de las ense\u00f1anzas y el conocimiento se logra generar un cambio real en la poblaci\u00f3n y lentamente en la sociedad.<span id=\"ezoic-pub-ad-placeholder-138\"><\/span><\/p>\n<p style=\"text-align: justify;\">Esto ocurre debido a que los maestros son la profesi\u00f3n con mayor importancia dentro de las sociedades del mundo. Ya que a trav\u00e9s de ella, se logra educar e identificar los problemas morales, \u00e9ticos, filos\u00f3ficos, f\u00edsicos, monetarios que existen en el mundo actual.<\/p>\n<p style=\"text-align: justify;\">Con el objetivo de informar y dar a conocer las diferentes realidades que las personas alrededor del mundo experimentan. Al tiempo que incentivan, motivan y favorecen la b\u00fasqueda de soluciones y de nuevas alternativas de parte de sus estudiantes.<span id=\"ezoic-pub-ad-placeholder-134\"><\/span><\/p>\n<p style=\"text-align: justify;\">Esta ardua labor no solo busca transmitir el conocimiento, sino que busca siempre dejar un cambio moral y emocional en los alumnos. Al explicar mediante los ejemplos y convirti\u00e9ndose asimismo en un ejemplo viviente, del cual su estudiantes pueden tomar referencias para su futuro.<span id=\"ezoic-pub-ad-placeholder-197\"><\/span><\/p>\n<p style=\"text-align: justify;\">De ah\u00ed la importancia de la educaci\u00f3n y de los maestros para la humanidad, ya que son las personas encargadas de educar y formar a las nuevas generaciones. Son seres llenos de conocimiento, an\u00e9cdotas, memorias, recuerdos y vivencias, que sirven como reflexi\u00f3n y referencia para los m\u00e1s j\u00f3venes.<\/p>\n<p style=\"text-align: justify;\">Sin duda una labor, que en muchos pa\u00edses no se recompensa en base a su valor real, pero que nadie puede negar su importancia para la sociedad y para el ser humano.<\/p>\n<p style=\"text-align: right;\"><strong>REDACCI\u00d3N WEB DEL MAESTRO CMF<\/strong><\/p>\n<p style=\"text-align: center;\">Recomendamos a la Comunidad Educativa Digital tener en cuenta que, el enlace y\/o la carpeta en donde est\u00e1n alojados los libros, recursos y\/o materiales, no es administrado por la Web del Maestro CMF, pueda ser que en cuesti\u00f3n de d\u00edas (o seg\u00fan el tiempo transcurrido desde su publicaci\u00f3n), los enlaces no funcionen y el material ya no se encuentre disponible. Gracias por su comprensi\u00f3n.<\/p>\n<p style=\"text-align: center;\">ENLACE DE LECTURA: <a href=\"https:\/\/mega.nz\/folder\/ui4QBC4I#owafacitQdaUbiUJ1XQ5QQ\" target=\"_blank\" rel=\"noopener\">GU\u00cdA PARA PROMOVER LA EMPAT\u00cdA Y LA INCLUSI\u00d3N<\/a><\/p>\n\t\t<div class=\"pk-inline-posts\">\n\t\t\t\n\t\t\t<div class=\"pk-inline-posts-container pk-inline-posts-template-list\"\n\t\t\t\tdata-columns=\"1\">\n\t\t\t\t\t\t<article id=\"post-118333\" class=\"post-118333 post type-post status-publish format-standard has-post-thumbnail category-jamb tag-apego tag-crianza tag-docentes tag-educacion tag-escuela tag-familia tag-infancia tag-responsabilidad tag-vinculo cs-entry cs-video-wrap\">\n\t\t\t<div class=\"pk-post-outer\">\n\n\t\t\t\t\t\t\t\t<div class=\"pk-post-inner\">\n\t\t\t\t\t<div class=\"entry-thumbnail\">\n\t\t\t\t\t\t<div class=\"pk-overlay pk-overlay-ratio pk-ratio-landscape\">\n\t\t\t\t\t\t\t<div class=\"pk-overlay-background\">\n\t\t\t\t\t\t\t\t<a href=\"https:\/\/webdelmaestrocmf.com\/portal\/el-sistema-nos-rompe-a-todos-y-a-los-ninos-primero\/\" class=\"pk-overlay-link\">\n\t\t\t\t\t\t\t\t\t<img loading=\"lazy\" decoding=\"async\" width=\"300\" height=\"225\" src=\"https:\/\/webdelmaestrocmf.com\/portal\/wp-content\/uploads\/2026\/04\/1AA-Banner-1-portada-imagen-10-1-copia-2-300x225.jpg\" class=\"attachment-pk-thumbnail size-pk-thumbnail wp-post-image\" alt=\"\" \/>\t\t\t\t\t\t\t\t<\/a>\n\t\t\t\t\t\t\t<\/div>\n\t\t\t\t\t\t<\/div>\n\t\t\t\t\t<\/div>\n\t\t\t\t<\/div>\n\t\t\t\t\n\t\t\t\t<div class=\"pk-post-inner\">\n\t\t\t\t\t<header>\n\t\t\t\t\t\t<h3 class=\"pk-title\"><a href=\"https:\/\/webdelmaestrocmf.com\/portal\/el-sistema-nos-rompe-a-todos-y-a-los-ninos-primero\/\" rel=\"bookmark\">El sistema nos rompe a todos\u2026 y a los ni\u00f1os primero<\/a><\/h3>\t\t\t\t\t<\/header><!-- .entry-header -->\n\t\t\t\t<\/div><!-- .post-inner -->\n\n\t\t\t<\/div><!-- .post-outer -->\n\t\t<\/article>\n\t\t\t<article id=\"post-118324\" class=\"post-118324 post type-post status-publish format-standard has-post-thumbnail category-jamb tag-administracion-educativa tag-calidad-educativa tag-comunidad-educativa tag-direccion-escolar tag-educacion-digital tag-gestion-escolar tag-innovacion-educativa tag-liderazgo-educativo tag-mejora-continua tag-planificacion-educativa cs-entry cs-video-wrap\">\n\t\t\t<div class=\"pk-post-outer\">\n\n\t\t\t\t\t\t\t\t<div class=\"pk-post-inner\">\n\t\t\t\t\t<div class=\"entry-thumbnail\">\n\t\t\t\t\t\t<div class=\"pk-overlay pk-overlay-ratio pk-ratio-landscape\">\n\t\t\t\t\t\t\t<div class=\"pk-overlay-background\">\n\t\t\t\t\t\t\t\t<a href=\"https:\/\/webdelmaestrocmf.com\/portal\/la-administracion-educativa-el-pilar-silencioso-que-sostiene-la-escuela-administrar-o-gestionar-una-comunidad-educativa-es-lo-mismo\/\" class=\"pk-overlay-link\">\n\t\t\t\t\t\t\t\t\t<img loading=\"lazy\" decoding=\"async\" width=\"300\" height=\"225\" src=\"https:\/\/webdelmaestrocmf.com\/portal\/wp-content\/uploads\/2026\/04\/1AA-Banner-1-portada-imagen-10-1-copia-6-4-300x225.webp\" class=\"attachment-pk-thumbnail size-pk-thumbnail wp-post-image\" alt=\"\" \/>\t\t\t\t\t\t\t\t<\/a>\n\t\t\t\t\t\t\t<\/div>\n\t\t\t\t\t\t<\/div>\n\t\t\t\t\t<\/div>\n\t\t\t\t<\/div>\n\t\t\t\t\n\t\t\t\t<div class=\"pk-post-inner\">\n\t\t\t\t\t<header>\n\t\t\t\t\t\t<h3 class=\"pk-title\"><a href=\"https:\/\/webdelmaestrocmf.com\/portal\/la-administracion-educativa-el-pilar-silencioso-que-sostiene-la-escuela-administrar-o-gestionar-una-comunidad-educativa-es-lo-mismo\/\" rel=\"bookmark\">La administraci\u00f3n educativa: el pilar silencioso que sostiene la escuela. \u00bfAdministrar o gestionar una comunidad educativa es lo mismo?<\/a><\/h3>\t\t\t\t\t<\/header><!-- .entry-header -->\n\t\t\t\t<\/div><!-- .post-inner -->\n\n\t\t\t<\/div><!-- .post-outer -->\n\t\t<\/article>\n\t\t\t<article id=\"post-118319\" class=\"post-118319 post type-post status-publish format-standard has-post-thumbnail category-jamb tag-bienestar-docente tag-clima-escolar tag-convivencia-escolar tag-cultura-escolar tag-direccion-escolar tag-empatia tag-gestion-escolar tag-gestion-institucional tag-laura-lewin tag-liderazgo-educativo tag-trabajo-en-equipo cs-entry cs-video-wrap\">\n\t\t\t<div class=\"pk-post-outer\">\n\n\t\t\t\t\t\t\t\t<div class=\"pk-post-inner\">\n\t\t\t\t\t<div class=\"entry-thumbnail\">\n\t\t\t\t\t\t<div class=\"pk-overlay pk-overlay-ratio pk-ratio-landscape\">\n\t\t\t\t\t\t\t<div class=\"pk-overlay-background\">\n\t\t\t\t\t\t\t\t<a href=\"https:\/\/webdelmaestrocmf.com\/portal\/el-liderazgo-directivo-entre-la-firmeza-institucional-y-la-humanidad\/\" class=\"pk-overlay-link\">\n\t\t\t\t\t\t\t\t\t<img loading=\"lazy\" decoding=\"async\" width=\"300\" height=\"225\" src=\"https:\/\/webdelmaestrocmf.com\/portal\/wp-content\/uploads\/2026\/04\/1AA-Banner-1-portada-imagen-10-1-copia-5-5-300x225.webp\" class=\"attachment-pk-thumbnail size-pk-thumbnail wp-post-image\" alt=\"\" \/>\t\t\t\t\t\t\t\t<\/a>\n\t\t\t\t\t\t\t<\/div>\n\t\t\t\t\t\t<\/div>\n\t\t\t\t\t<\/div>\n\t\t\t\t<\/div>\n\t\t\t\t\n\t\t\t\t<div class=\"pk-post-inner\">\n\t\t\t\t\t<header>\n\t\t\t\t\t\t<h3 class=\"pk-title\"><a href=\"https:\/\/webdelmaestrocmf.com\/portal\/el-liderazgo-directivo-entre-la-firmeza-institucional-y-la-humanidad\/\" rel=\"bookmark\">El liderazgo directivo: entre la firmeza institucional y la humanidad<\/a><\/h3>\t\t\t\t\t<\/header><!-- .entry-header -->\n\t\t\t\t<\/div><!-- .post-inner -->\n\n\t\t\t<\/div><!-- .post-outer -->\n\t\t<\/article>\n\t\t\t\t<\/div>\n\t\t<\/div>\n\t\t\n","protected":false},"excerpt":{"rendered":"El comportamiento humano ha sido objeto de atenta consideraci\u00f3n y estudio por parte de fil\u00f3sofos, pedagogos y psic\u00f3logos&hellip;","protected":false},"author":2,"featured_media":103298,"comment_status":"open","ping_status":"open","sticky":false,"template":"","format":"standard","meta":{"csco_display_header_overlay":false,"csco_singular_sidebar":"default","csco_page_header_type":"default","csco_page_load_nextpost":"default","csco_post_video_location":[],"csco_post_video_location_hash":"","csco_post_video_url":"","csco_post_video_bg_start_time":0,"csco_post_video_bg_end_time":0,"csco_post_video_bg_volume":false,"_jetpack_memberships_contains_paid_content":false,"footnotes":""},"categories":[61],"tags":[73,236,607,2435,2434],"class_list":{"0":"post-20237","1":"post","2":"type-post","3":"status-publish","4":"format-standard","5":"has-post-thumbnail","7":"category-jamb","8":"tag-creatividad","9":"tag-educar","10":"tag-empatia","11":"tag-maximo-de-paciencia","12":"tag-requiere","13":"cs-entry","14":"cs-video-wrap"},"yoast_head":"<!-- This site is optimized with the Yoast SEO plugin v27.5 - https:\/\/yoast.com\/product\/yoast-seo-wordpress\/ -->\n<title>Educar requiere un m\u00e1ximo de paciencia, empat\u00eda, creatividad y amor por lo que haces<\/title>\n<meta name=\"description\" content=\"El comportamiento humano ha sido objeto de atenta consideraci\u00f3n y estudio por parte de fil\u00f3sofos, pedagogos y psic\u00f3logos...\" \/>\n<meta name=\"robots\" content=\"index, follow, max-snippet:-1, max-image-preview:large, max-video-preview:-1\" \/>\n<link rel=\"canonical\" href=\"https:\/\/webdelmaestrocmf.com\/portal\/educar-requiere-maximo-paciencia-empatia-creatividad\/\" \/>\n<meta property=\"og:locale\" content=\"es_ES\" \/>\n<meta property=\"og:type\" content=\"article\" \/>\n<meta property=\"og:title\" content=\"Educar requiere un m\u00e1ximo de paciencia, empat\u00eda, creatividad y amor por lo que haces\" \/>\n<meta property=\"og:description\" content=\"El comportamiento humano ha sido objeto de atenta consideraci\u00f3n y estudio por parte de fil\u00f3sofos, pedagogos y psic\u00f3logos...\" \/>\n<meta property=\"og:url\" content=\"https:\/\/webdelmaestrocmf.com\/portal\/educar-requiere-maximo-paciencia-empatia-creatividad\/\" \/>\n<meta property=\"og:site_name\" content=\"Web del Maestro CMF\" \/>\n<meta property=\"article:publisher\" content=\"https:\/\/www.facebook.com\/WebdelMaestroCMF\/\" \/>\n<meta property=\"article:author\" content=\"https:\/\/www.facebook.com\/WebdelMaestroCMF\/\" \/>\n<meta property=\"article:published_time\" content=\"2024-02-01T00:00:22+00:00\" \/>\n<meta property=\"article:modified_time\" content=\"2026-03-05T15:11:18+00:00\" \/>\n<meta property=\"og:image\" content=\"https:\/\/webdelmaestrocmf.com\/portal\/wp-content\/uploads\/2020\/02\/Banner-1-portada-imagen-10-1-3.jpg\" \/>\n\t<meta property=\"og:image:width\" content=\"1024\" \/>\n\t<meta property=\"og:image:height\" content=\"1024\" \/>\n\t<meta property=\"og:image:type\" content=\"image\/jpeg\" \/>\n<meta name=\"author\" content=\"Web del Maestro CMF\" \/>\n<meta name=\"twitter:card\" content=\"summary_large_image\" \/>\n<meta name=\"twitter:creator\" content=\"@cmf_w\" \/>\n<meta name=\"twitter:site\" content=\"@cmf_w\" \/>\n<script type=\"application\/ld+json\" class=\"yoast-schema-graph\">{\"@context\":\"https:\\\/\\\/schema.org\",\"@graph\":[{\"@type\":\"ScholarlyArticle\",\"@id\":\"https:\\\/\\\/webdelmaestrocmf.com\\\/portal\\\/educar-requiere-maximo-paciencia-empatia-creatividad\\\/#article\",\"isPartOf\":{\"@id\":\"https:\\\/\\\/webdelmaestrocmf.com\\\/portal\\\/educar-requiere-maximo-paciencia-empatia-creatividad\\\/\"},\"author\":{\"name\":\"Web del Maestro CMF\",\"@id\":\"https:\\\/\\\/webdelmaestrocmf.com\\\/portal\\\/#\\\/schema\\\/person\\\/ebc57e23d318c9c4270c6f41367015b5\"},\"headline\":\"Educar requiere un m\u00e1ximo de paciencia, empat\u00eda, creatividad y amor por lo que haces\",\"datePublished\":\"2024-02-01T00:00:22+00:00\",\"dateModified\":\"2026-03-05T15:11:18+00:00\",\"mainEntityOfPage\":{\"@id\":\"https:\\\/\\\/webdelmaestrocmf.com\\\/portal\\\/educar-requiere-maximo-paciencia-empatia-creatividad\\\/\"},\"wordCount\":991,\"commentCount\":2,\"publisher\":{\"@id\":\"https:\\\/\\\/webdelmaestrocmf.com\\\/portal\\\/#organization\"},\"image\":{\"@id\":\"https:\\\/\\\/webdelmaestrocmf.com\\\/portal\\\/educar-requiere-maximo-paciencia-empatia-creatividad\\\/#primaryimage\"},\"thumbnailUrl\":\"https:\\\/\\\/webdelmaestrocmf.com\\\/portal\\\/wp-content\\\/uploads\\\/2020\\\/02\\\/Banner-1-portada-imagen-10-1-3.jpg\",\"keywords\":[\"creatividad\",\"educar\",\"EMPAT\u00cdA\",\"M\u00c1XIMO DE PACIENCIA\",\"REQUIERE\"],\"articleSection\":[\"Yo opino - WMCMF\"],\"inLanguage\":\"es\",\"potentialAction\":[{\"@type\":\"CommentAction\",\"name\":\"Comment\",\"target\":[\"https:\\\/\\\/webdelmaestrocmf.com\\\/portal\\\/educar-requiere-maximo-paciencia-empatia-creatividad\\\/#respond\"]}]},{\"@type\":\"WebPage\",\"@id\":\"https:\\\/\\\/webdelmaestrocmf.com\\\/portal\\\/educar-requiere-maximo-paciencia-empatia-creatividad\\\/\",\"url\":\"https:\\\/\\\/webdelmaestrocmf.com\\\/portal\\\/educar-requiere-maximo-paciencia-empatia-creatividad\\\/\",\"name\":\"Educar requiere un m\u00e1ximo de paciencia, empat\u00eda, creatividad y amor por lo que haces\",\"isPartOf\":{\"@id\":\"https:\\\/\\\/webdelmaestrocmf.com\\\/portal\\\/#website\"},\"primaryImageOfPage\":{\"@id\":\"https:\\\/\\\/webdelmaestrocmf.com\\\/portal\\\/educar-requiere-maximo-paciencia-empatia-creatividad\\\/#primaryimage\"},\"image\":{\"@id\":\"https:\\\/\\\/webdelmaestrocmf.com\\\/portal\\\/educar-requiere-maximo-paciencia-empatia-creatividad\\\/#primaryimage\"},\"thumbnailUrl\":\"https:\\\/\\\/webdelmaestrocmf.com\\\/portal\\\/wp-content\\\/uploads\\\/2020\\\/02\\\/Banner-1-portada-imagen-10-1-3.jpg\",\"datePublished\":\"2024-02-01T00:00:22+00:00\",\"dateModified\":\"2026-03-05T15:11:18+00:00\",\"description\":\"El comportamiento humano ha sido objeto de atenta consideraci\u00f3n y estudio por parte de fil\u00f3sofos, pedagogos y psic\u00f3logos...\",\"breadcrumb\":{\"@id\":\"https:\\\/\\\/webdelmaestrocmf.com\\\/portal\\\/educar-requiere-maximo-paciencia-empatia-creatividad\\\/#breadcrumb\"},\"inLanguage\":\"es\",\"potentialAction\":[{\"@type\":\"ReadAction\",\"target\":[\"https:\\\/\\\/webdelmaestrocmf.com\\\/portal\\\/educar-requiere-maximo-paciencia-empatia-creatividad\\\/\"]}]},{\"@type\":\"ImageObject\",\"inLanguage\":\"es\",\"@id\":\"https:\\\/\\\/webdelmaestrocmf.com\\\/portal\\\/educar-requiere-maximo-paciencia-empatia-creatividad\\\/#primaryimage\",\"url\":\"https:\\\/\\\/webdelmaestrocmf.com\\\/portal\\\/wp-content\\\/uploads\\\/2020\\\/02\\\/Banner-1-portada-imagen-10-1-3.jpg\",\"contentUrl\":\"https:\\\/\\\/webdelmaestrocmf.com\\\/portal\\\/wp-content\\\/uploads\\\/2020\\\/02\\\/Banner-1-portada-imagen-10-1-3.jpg\",\"width\":1024,\"height\":1024,\"caption\":\"Educar requiere\"},{\"@type\":\"BreadcrumbList\",\"@id\":\"https:\\\/\\\/webdelmaestrocmf.com\\\/portal\\\/educar-requiere-maximo-paciencia-empatia-creatividad\\\/#breadcrumb\",\"itemListElement\":[{\"@type\":\"ListItem\",\"position\":1,\"name\":\"Portada\",\"item\":\"https:\\\/\\\/webdelmaestrocmf.com\\\/portal\\\/\"},{\"@type\":\"ListItem\",\"position\":2,\"name\":\"Yo opino - WMCMF\",\"item\":\"https:\\\/\\\/webdelmaestrocmf.com\\\/portal\\\/category\\\/jamb\\\/\"},{\"@type\":\"ListItem\",\"position\":3,\"name\":\"Educar requiere un m\u00e1ximo de paciencia, empat\u00eda, creatividad y amor por lo que haces\"}]},{\"@type\":\"WebSite\",\"@id\":\"https:\\\/\\\/webdelmaestrocmf.com\\\/portal\\\/#website\",\"url\":\"https:\\\/\\\/webdelmaestrocmf.com\\\/portal\\\/\",\"name\":\"Web del Maestro CMF\",\"description\":\"Maestros al servicio de la educaci\u00f3n\",\"publisher\":{\"@id\":\"https:\\\/\\\/webdelmaestrocmf.com\\\/portal\\\/#organization\"},\"alternateName\":\"WMCMF\",\"potentialAction\":[{\"@type\":\"SearchAction\",\"target\":{\"@type\":\"EntryPoint\",\"urlTemplate\":\"https:\\\/\\\/webdelmaestrocmf.com\\\/portal\\\/?s={search_term_string}\"},\"query-input\":{\"@type\":\"PropertyValueSpecification\",\"valueRequired\":true,\"valueName\":\"search_term_string\"}}],\"inLanguage\":\"es\"},{\"@type\":\"Organization\",\"@id\":\"https:\\\/\\\/webdelmaestrocmf.com\\\/portal\\\/#organization\",\"name\":\"Web del Maestro CMF\",\"alternateName\":\"WMCMF\",\"url\":\"https:\\\/\\\/webdelmaestrocmf.com\\\/portal\\\/\",\"logo\":{\"@type\":\"ImageObject\",\"inLanguage\":\"es\",\"@id\":\"https:\\\/\\\/webdelmaestrocmf.com\\\/portal\\\/#\\\/schema\\\/logo\\\/image\\\/\",\"url\":\"https:\\\/\\\/webdelmaestrocmf.com\\\/portal\\\/wp-content\\\/uploads\\\/2023\\\/01\\\/logo-wmcmf-2.png\",\"contentUrl\":\"https:\\\/\\\/webdelmaestrocmf.com\\\/portal\\\/wp-content\\\/uploads\\\/2023\\\/01\\\/logo-wmcmf-2.png\",\"width\":200,\"height\":60,\"caption\":\"Web del Maestro CMF\"},\"image\":{\"@id\":\"https:\\\/\\\/webdelmaestrocmf.com\\\/portal\\\/#\\\/schema\\\/logo\\\/image\\\/\"},\"sameAs\":[\"https:\\\/\\\/www.facebook.com\\\/WebdelMaestroCMF\\\/\",\"https:\\\/\\\/x.com\\\/cmf_w\",\"https:\\\/\\\/www.pinterest.com\\\/WMCMF\\\/\",\"https:\\\/\\\/www.linkedin.com\\\/company\\\/web-del-maestro-cmf\\\/\",\"https:\\\/\\\/www.instagram.com\\\/wmcmf\\\/\",\"https:\\\/\\\/www.youtube.com\\\/channel\\\/UCDPSvjbdodE5sHnC3OxutHw\",\"https:\\\/\\\/mastodon.social\\\/@wmcmf\",\"https:\\\/\\\/www.tiktok.com\\\/@webdelmaestrocmf\"]},{\"@type\":\"Person\",\"@id\":\"https:\\\/\\\/webdelmaestrocmf.com\\\/portal\\\/#\\\/schema\\\/person\\\/ebc57e23d318c9c4270c6f41367015b5\",\"name\":\"Web del Maestro CMF\",\"image\":{\"@type\":\"ImageObject\",\"inLanguage\":\"es\",\"@id\":\"https:\\\/\\\/secure.gravatar.com\\\/avatar\\\/718b2df46e711f63dc8c16a160d16cc0104e961fe3c231eaaed2426975fc5e2d?s=96&d=mm&r=g\",\"url\":\"https:\\\/\\\/secure.gravatar.com\\\/avatar\\\/718b2df46e711f63dc8c16a160d16cc0104e961fe3c231eaaed2426975fc5e2d?s=96&d=mm&r=g\",\"contentUrl\":\"https:\\\/\\\/secure.gravatar.com\\\/avatar\\\/718b2df46e711f63dc8c16a160d16cc0104e961fe3c231eaaed2426975fc5e2d?s=96&d=mm&r=g\",\"caption\":\"Web del Maestro CMF\"},\"description\":\"Esta Web se cre\u00f3 sin fines de lucro, con fines educativos, cient\u00edficos y acad\u00e9micos, para personas que tengan dificultades y\\\/o inconvenientes en visualizar el material original. El objetivo es entregar recursos, compartir experiencias y materiales que ayuden a los padres de familia, maestros y estudiantes en su actualizaci\u00f3n y formaci\u00f3n permanente, en bien de la Educaci\u00f3n.\",\"sameAs\":[\"http:\\\/\\\/webdelmaestrocmf.com\\\/portal\",\"https:\\\/\\\/www.facebook.com\\\/WebdelMaestroCMF\\\/\",\"https:\\\/\\\/www.instagram.com\\\/wmcmf\\\/\",\"https:\\\/\\\/cl.linkedin.com\\\/company\\\/web-del-maestro-cmf\",\"https:\\\/\\\/www.pinterest.com\\\/WMCMF\\\/publicaciones\\\/\",\"https:\\\/\\\/x.com\\\/cmf_w\",\"https:\\\/\\\/www.youtube.com\\\/@WMCMF\"]}]}<\/script>\n<!-- \/ Yoast SEO plugin. -->","yoast_head_json":{"title":"Educar requiere un m\u00e1ximo de paciencia, empat\u00eda, creatividad y amor por lo que haces","description":"El comportamiento humano ha sido objeto de atenta consideraci\u00f3n y estudio por parte de fil\u00f3sofos, pedagogos y psic\u00f3logos...","robots":{"index":"index","follow":"follow","max-snippet":"max-snippet:-1","max-image-preview":"max-image-preview:large","max-video-preview":"max-video-preview:-1"},"canonical":"https:\/\/webdelmaestrocmf.com\/portal\/educar-requiere-maximo-paciencia-empatia-creatividad\/","og_locale":"es_ES","og_type":"article","og_title":"Educar requiere un m\u00e1ximo de paciencia, empat\u00eda, creatividad y amor por lo que haces","og_description":"El comportamiento humano ha sido objeto de atenta consideraci\u00f3n y estudio por parte de fil\u00f3sofos, pedagogos y psic\u00f3logos...","og_url":"https:\/\/webdelmaestrocmf.com\/portal\/educar-requiere-maximo-paciencia-empatia-creatividad\/","og_site_name":"Web del Maestro CMF","article_publisher":"https:\/\/www.facebook.com\/WebdelMaestroCMF\/","article_author":"https:\/\/www.facebook.com\/WebdelMaestroCMF\/","article_published_time":"2024-02-01T00:00:22+00:00","article_modified_time":"2026-03-05T15:11:18+00:00","og_image":[{"width":1024,"height":1024,"url":"https:\/\/webdelmaestrocmf.com\/portal\/wp-content\/uploads\/2020\/02\/Banner-1-portada-imagen-10-1-3.jpg","type":"image\/jpeg"}],"author":"Web del Maestro CMF","twitter_card":"summary_large_image","twitter_creator":"@cmf_w","twitter_site":"@cmf_w","schema":{"@context":"https:\/\/schema.org","@graph":[{"@type":"ScholarlyArticle","@id":"https:\/\/webdelmaestrocmf.com\/portal\/educar-requiere-maximo-paciencia-empatia-creatividad\/#article","isPartOf":{"@id":"https:\/\/webdelmaestrocmf.com\/portal\/educar-requiere-maximo-paciencia-empatia-creatividad\/"},"author":{"name":"Web del Maestro CMF","@id":"https:\/\/webdelmaestrocmf.com\/portal\/#\/schema\/person\/ebc57e23d318c9c4270c6f41367015b5"},"headline":"Educar requiere un m\u00e1ximo de paciencia, empat\u00eda, creatividad y amor por lo que haces","datePublished":"2024-02-01T00:00:22+00:00","dateModified":"2026-03-05T15:11:18+00:00","mainEntityOfPage":{"@id":"https:\/\/webdelmaestrocmf.com\/portal\/educar-requiere-maximo-paciencia-empatia-creatividad\/"},"wordCount":991,"commentCount":2,"publisher":{"@id":"https:\/\/webdelmaestrocmf.com\/portal\/#organization"},"image":{"@id":"https:\/\/webdelmaestrocmf.com\/portal\/educar-requiere-maximo-paciencia-empatia-creatividad\/#primaryimage"},"thumbnailUrl":"https:\/\/webdelmaestrocmf.com\/portal\/wp-content\/uploads\/2020\/02\/Banner-1-portada-imagen-10-1-3.jpg","keywords":["creatividad","educar","EMPAT\u00cdA","M\u00c1XIMO DE PACIENCIA","REQUIERE"],"articleSection":["Yo opino - WMCMF"],"inLanguage":"es","potentialAction":[{"@type":"CommentAction","name":"Comment","target":["https:\/\/webdelmaestrocmf.com\/portal\/educar-requiere-maximo-paciencia-empatia-creatividad\/#respond"]}]},{"@type":"WebPage","@id":"https:\/\/webdelmaestrocmf.com\/portal\/educar-requiere-maximo-paciencia-empatia-creatividad\/","url":"https:\/\/webdelmaestrocmf.com\/portal\/educar-requiere-maximo-paciencia-empatia-creatividad\/","name":"Educar requiere un m\u00e1ximo de paciencia, empat\u00eda, creatividad y amor por lo que haces","isPartOf":{"@id":"https:\/\/webdelmaestrocmf.com\/portal\/#website"},"primaryImageOfPage":{"@id":"https:\/\/webdelmaestrocmf.com\/portal\/educar-requiere-maximo-paciencia-empatia-creatividad\/#primaryimage"},"image":{"@id":"https:\/\/webdelmaestrocmf.com\/portal\/educar-requiere-maximo-paciencia-empatia-creatividad\/#primaryimage"},"thumbnailUrl":"https:\/\/webdelmaestrocmf.com\/portal\/wp-content\/uploads\/2020\/02\/Banner-1-portada-imagen-10-1-3.jpg","datePublished":"2024-02-01T00:00:22+00:00","dateModified":"2026-03-05T15:11:18+00:00","description":"El comportamiento humano ha sido objeto de atenta consideraci\u00f3n y estudio por parte de fil\u00f3sofos, pedagogos y psic\u00f3logos...","breadcrumb":{"@id":"https:\/\/webdelmaestrocmf.com\/portal\/educar-requiere-maximo-paciencia-empatia-creatividad\/#breadcrumb"},"inLanguage":"es","potentialAction":[{"@type":"ReadAction","target":["https:\/\/webdelmaestrocmf.com\/portal\/educar-requiere-maximo-paciencia-empatia-creatividad\/"]}]},{"@type":"ImageObject","inLanguage":"es","@id":"https:\/\/webdelmaestrocmf.com\/portal\/educar-requiere-maximo-paciencia-empatia-creatividad\/#primaryimage","url":"https:\/\/webdelmaestrocmf.com\/portal\/wp-content\/uploads\/2020\/02\/Banner-1-portada-imagen-10-1-3.jpg","contentUrl":"https:\/\/webdelmaestrocmf.com\/portal\/wp-content\/uploads\/2020\/02\/Banner-1-portada-imagen-10-1-3.jpg","width":1024,"height":1024,"caption":"Educar requiere"},{"@type":"BreadcrumbList","@id":"https:\/\/webdelmaestrocmf.com\/portal\/educar-requiere-maximo-paciencia-empatia-creatividad\/#breadcrumb","itemListElement":[{"@type":"ListItem","position":1,"name":"Portada","item":"https:\/\/webdelmaestrocmf.com\/portal\/"},{"@type":"ListItem","position":2,"name":"Yo opino - WMCMF","item":"https:\/\/webdelmaestrocmf.com\/portal\/category\/jamb\/"},{"@type":"ListItem","position":3,"name":"Educar requiere un m\u00e1ximo de paciencia, empat\u00eda, creatividad y amor por lo que haces"}]},{"@type":"WebSite","@id":"https:\/\/webdelmaestrocmf.com\/portal\/#website","url":"https:\/\/webdelmaestrocmf.com\/portal\/","name":"Web del Maestro CMF","description":"Maestros al servicio de la educaci\u00f3n","publisher":{"@id":"https:\/\/webdelmaestrocmf.com\/portal\/#organization"},"alternateName":"WMCMF","potentialAction":[{"@type":"SearchAction","target":{"@type":"EntryPoint","urlTemplate":"https:\/\/webdelmaestrocmf.com\/portal\/?s={search_term_string}"},"query-input":{"@type":"PropertyValueSpecification","valueRequired":true,"valueName":"search_term_string"}}],"inLanguage":"es"},{"@type":"Organization","@id":"https:\/\/webdelmaestrocmf.com\/portal\/#organization","name":"Web del Maestro CMF","alternateName":"WMCMF","url":"https:\/\/webdelmaestrocmf.com\/portal\/","logo":{"@type":"ImageObject","inLanguage":"es","@id":"https:\/\/webdelmaestrocmf.com\/portal\/#\/schema\/logo\/image\/","url":"https:\/\/webdelmaestrocmf.com\/portal\/wp-content\/uploads\/2023\/01\/logo-wmcmf-2.png","contentUrl":"https:\/\/webdelmaestrocmf.com\/portal\/wp-content\/uploads\/2023\/01\/logo-wmcmf-2.png","width":200,"height":60,"caption":"Web del Maestro CMF"},"image":{"@id":"https:\/\/webdelmaestrocmf.com\/portal\/#\/schema\/logo\/image\/"},"sameAs":["https:\/\/www.facebook.com\/WebdelMaestroCMF\/","https:\/\/x.com\/cmf_w","https:\/\/www.pinterest.com\/WMCMF\/","https:\/\/www.linkedin.com\/company\/web-del-maestro-cmf\/","https:\/\/www.instagram.com\/wmcmf\/","https:\/\/www.youtube.com\/channel\/UCDPSvjbdodE5sHnC3OxutHw","https:\/\/mastodon.social\/@wmcmf","https:\/\/www.tiktok.com\/@webdelmaestrocmf"]},{"@type":"Person","@id":"https:\/\/webdelmaestrocmf.com\/portal\/#\/schema\/person\/ebc57e23d318c9c4270c6f41367015b5","name":"Web del Maestro CMF","image":{"@type":"ImageObject","inLanguage":"es","@id":"https:\/\/secure.gravatar.com\/avatar\/718b2df46e711f63dc8c16a160d16cc0104e961fe3c231eaaed2426975fc5e2d?s=96&d=mm&r=g","url":"https:\/\/secure.gravatar.com\/avatar\/718b2df46e711f63dc8c16a160d16cc0104e961fe3c231eaaed2426975fc5e2d?s=96&d=mm&r=g","contentUrl":"https:\/\/secure.gravatar.com\/avatar\/718b2df46e711f63dc8c16a160d16cc0104e961fe3c231eaaed2426975fc5e2d?s=96&d=mm&r=g","caption":"Web del Maestro CMF"},"description":"Esta Web se cre\u00f3 sin fines de lucro, con fines educativos, cient\u00edficos y acad\u00e9micos, para personas que tengan dificultades y\/o inconvenientes en visualizar el material original. El objetivo es entregar recursos, compartir experiencias y materiales que ayuden a los padres de familia, maestros y estudiantes en su actualizaci\u00f3n y formaci\u00f3n permanente, en bien de la Educaci\u00f3n.","sameAs":["http:\/\/webdelmaestrocmf.com\/portal","https:\/\/www.facebook.com\/WebdelMaestroCMF\/","https:\/\/www.instagram.com\/wmcmf\/","https:\/\/cl.linkedin.com\/company\/web-del-maestro-cmf","https:\/\/www.pinterest.com\/WMCMF\/publicaciones\/","https:\/\/x.com\/cmf_w","https:\/\/www.youtube.com\/@WMCMF"]}]}},"jetpack_featured_media_url":"https:\/\/webdelmaestrocmf.com\/portal\/wp-content\/uploads\/2020\/02\/Banner-1-portada-imagen-10-1-3.jpg","jetpack_sharing_enabled":true,"jetpack-related-posts":[{"id":97057,"url":"https:\/\/webdelmaestrocmf.com\/portal\/libros-sobre-educacion-positiva-para-docentes-recursos-para-una-ensenanza-efectiva-y-afectiva\/","url_meta":{"origin":20237,"position":0},"title":"Solo para docentes que leen: Libros sobre Educaci\u00f3n Positiva, recursos para una ense\u00f1anza efectiva y afectiva","author":"Web del Maestro CMF","date":"9 octubre, 2023","format":false,"excerpt":"La Educaci\u00f3n Positiva, tambi\u00e9n conocida como Disciplina Positiva, es un enfoque educativo que se centra en el desarrollo de habilidades sociales y emocionales en los estudiantes, promoviendo un ambiente de aprendizaje respetuoso, colaborativo y afectivo. Su objetivo principal es ayudar a los estudiantes a desarrollar habilidades para la vida, como\u2026","rel":"","context":"En \u00abDescargas Manuales PDF\u00bb","block_context":{"text":"Descargas Manuales PDF","link":"https:\/\/webdelmaestrocmf.com\/portal\/category\/pedagogia\/descargas-manuales-pdf\/"},"img":{"alt_text":"Educaci\u00f3n Positiva","src":"https:\/\/i0.wp.com\/webdelmaestrocmf.com\/portal\/wp-content\/uploads\/2023\/10\/A12B3C4D-29.jpg?resize=350%2C200&ssl=1","width":350,"height":200,"srcset":"https:\/\/i0.wp.com\/webdelmaestrocmf.com\/portal\/wp-content\/uploads\/2023\/10\/A12B3C4D-29.jpg?resize=350%2C200&ssl=1 1x, https:\/\/i0.wp.com\/webdelmaestrocmf.com\/portal\/wp-content\/uploads\/2023\/10\/A12B3C4D-29.jpg?resize=525%2C300&ssl=1 1.5x, https:\/\/i0.wp.com\/webdelmaestrocmf.com\/portal\/wp-content\/uploads\/2023\/10\/A12B3C4D-29.jpg?resize=700%2C400&ssl=1 2x"},"classes":[]},{"id":101537,"url":"https:\/\/webdelmaestrocmf.com\/portal\/maestro-renuncia-en-pleno-viaje-por-mal-comportamiento-se-sus-alumnos\/","url_meta":{"origin":20237,"position":1},"title":"Maestro renuncia en pleno viaje por mal comportamiento se sus alumnos","author":"Web del Maestro CMF","date":"8 diciembre, 2023","format":false,"excerpt":"A mediados de noviembre, 48 estudiantes de tercer a\u00f1o de un colegio en Punta Arenas (Chile) emprendieron una gira de estudios de un mes por Alemania. Sin embargo, la experiencia no result\u00f3 positiva para todos. Un profesor de ingl\u00e9s, tambi\u00e9n jefe de curso, renunci\u00f3 durante el viaje, enviando una carta\u2026","rel":"","context":"En \u00abRecursos\u00bb","block_context":{"text":"Recursos","link":"https:\/\/webdelmaestrocmf.com\/portal\/category\/pedagogia\/"},"img":{"alt_text":"renuncia","src":"https:\/\/i0.wp.com\/webdelmaestrocmf.com\/portal\/wp-content\/uploads\/2023\/12\/A12B3C4D-6-1.jpg?resize=350%2C200&ssl=1","width":350,"height":200,"srcset":"https:\/\/i0.wp.com\/webdelmaestrocmf.com\/portal\/wp-content\/uploads\/2023\/12\/A12B3C4D-6-1.jpg?resize=350%2C200&ssl=1 1x, https:\/\/i0.wp.com\/webdelmaestrocmf.com\/portal\/wp-content\/uploads\/2023\/12\/A12B3C4D-6-1.jpg?resize=525%2C300&ssl=1 1.5x, https:\/\/i0.wp.com\/webdelmaestrocmf.com\/portal\/wp-content\/uploads\/2023\/12\/A12B3C4D-6-1.jpg?resize=700%2C400&ssl=1 2x"},"classes":[]},{"id":16115,"url":"https:\/\/webdelmaestrocmf.com\/portal\/6-causas-y-8-consejos-para-evitar-que-nuestro-hijo-agreda-a-otros-ninos\/","url_meta":{"origin":20237,"position":2},"title":"Seis causas y ocho consejos para evitar que nuestro hijo agreda a otros ni\u00f1os","author":"Web del Maestro CMF","date":"24 febrero, 2023","format":false,"excerpt":"No hay como evitar las peleas entre los ni\u00f1os, ya que son una manera de interactuar en una etapa de sus vidas. Pero todo tiene l\u00edmites y como padres tenemos un rol importante. \u00bfDe qu\u00e9 manera debi\u00e9semos reaccionar? Estas muestras de agresividad ir\u00e1n desapareciendo a medida que\u00a0aprenda a hablar. Pero,\u2026","rel":"","context":"En \u00abRecursos\u00bb","block_context":{"text":"Recursos","link":"https:\/\/webdelmaestrocmf.com\/portal\/category\/pedagogia\/"},"img":{"alt_text":"","src":"https:\/\/i0.wp.com\/webdelmaestrocmf.com\/portal\/wp-content\/uploads\/2018\/09\/1ABCd.jpg?resize=350%2C200&ssl=1","width":350,"height":200,"srcset":"https:\/\/i0.wp.com\/webdelmaestrocmf.com\/portal\/wp-content\/uploads\/2018\/09\/1ABCd.jpg?resize=350%2C200&ssl=1 1x, https:\/\/i0.wp.com\/webdelmaestrocmf.com\/portal\/wp-content\/uploads\/2018\/09\/1ABCd.jpg?resize=525%2C300&ssl=1 1.5x, https:\/\/i0.wp.com\/webdelmaestrocmf.com\/portal\/wp-content\/uploads\/2018\/09\/1ABCd.jpg?resize=700%2C400&ssl=1 2x"},"classes":[]},{"id":86920,"url":"https:\/\/webdelmaestrocmf.com\/portal\/claves-para-lidiar-con-alumnos-que-insultan-y-golpean\/","url_meta":{"origin":20237,"position":3},"title":"Claves para lidiar con alumnos que insultan y golpean","author":"Web del Maestro CMF","date":"28 abril, 2024","format":false,"excerpt":"Muchos de nosotros hemos tenido la experiencia de atender en nuestro Centro a personas de trato dif\u00edcil. En ocasiones pueden ser padres o alumnos que traen una queja motivada contra la instituci\u00f3n, y que manifiestan con irritaci\u00f3n y malas formas hacia el profesor. En otros casos, son alumnos que pierden\u2026","rel":"","context":"En \u00abRecursos\u00bb","block_context":{"text":"Recursos","link":"https:\/\/webdelmaestrocmf.com\/portal\/category\/pedagogia\/"},"img":{"alt_text":"","src":"https:\/\/i0.wp.com\/webdelmaestrocmf.com\/portal\/wp-content\/uploads\/2023\/04\/Banner-1-portada-imagen-10-1-46.jpg?resize=350%2C200&ssl=1","width":350,"height":200,"srcset":"https:\/\/i0.wp.com\/webdelmaestrocmf.com\/portal\/wp-content\/uploads\/2023\/04\/Banner-1-portada-imagen-10-1-46.jpg?resize=350%2C200&ssl=1 1x, https:\/\/i0.wp.com\/webdelmaestrocmf.com\/portal\/wp-content\/uploads\/2023\/04\/Banner-1-portada-imagen-10-1-46.jpg?resize=525%2C300&ssl=1 1.5x, https:\/\/i0.wp.com\/webdelmaestrocmf.com\/portal\/wp-content\/uploads\/2023\/04\/Banner-1-portada-imagen-10-1-46.jpg?resize=700%2C400&ssl=1 2x"},"classes":[]},{"id":80823,"url":"https:\/\/webdelmaestrocmf.com\/portal\/las-8-cualidades-de-un-buen-maestro-de-primaria\/","url_meta":{"origin":20237,"position":4},"title":"Las cualidades de un maestro de inicial, primaria y secundaria","author":"Web del Maestro CMF","date":"7 octubre, 2022","format":false,"excerpt":"La ense\u00f1anza es una de las profesiones m\u00e1s importantes y gratificantes en la sociedad, ya que moldea el futuro de las generaciones venideras. Los maestros desempe\u00f1an un papel fundamental en la formaci\u00f3n de la mente y el car\u00e1cter de los estudiantes, y sus cualidades y habilidades son esenciales para lograr\u2026","rel":"","context":"En \u00abDocentes\u00bb","block_context":{"text":"Docentes","link":"https:\/\/webdelmaestrocmf.com\/portal\/category\/pedagogia\/docentes\/"},"img":{"alt_text":"cualidades","src":"https:\/\/i0.wp.com\/webdelmaestrocmf.com\/portal\/wp-content\/uploads\/2022\/10\/1a-11.jpg?resize=350%2C200&ssl=1","width":350,"height":200,"srcset":"https:\/\/i0.wp.com\/webdelmaestrocmf.com\/portal\/wp-content\/uploads\/2022\/10\/1a-11.jpg?resize=350%2C200&ssl=1 1x, https:\/\/i0.wp.com\/webdelmaestrocmf.com\/portal\/wp-content\/uploads\/2022\/10\/1a-11.jpg?resize=525%2C300&ssl=1 1.5x, https:\/\/i0.wp.com\/webdelmaestrocmf.com\/portal\/wp-content\/uploads\/2022\/10\/1a-11.jpg?resize=700%2C400&ssl=1 2x"},"classes":[]},{"id":20960,"url":"https:\/\/webdelmaestrocmf.com\/portal\/cinco-propuestas-eduques-emocionalmente-alumno-hijo\/","url_meta":{"origin":20237,"position":5},"title":"Propuestas para que eduques emocionalmente","author":"Web del Maestro CMF","date":"9 marzo, 2021","format":false,"excerpt":"Cuando nos nombran el aprendizaje, solemos pensar en los conocimientos. Pero tan importante o m\u00e1s es el aprendizaje social y emocional, que adem\u00e1s de estar introduci\u00e9ndose en las aulas debe, sobre todo y en primer lugar, trabajarse en casa. Para ello, te damos cinco claves y los recursos adecuados para\u2026","rel":"","context":"En \u00abInteligencia Emocional\u00bb","block_context":{"text":"Inteligencia Emocional","link":"https:\/\/webdelmaestrocmf.com\/portal\/category\/pedagogia\/inteligencia-emocional-educacion-y-familia\/"},"img":{"alt_text":"","src":"https:\/\/i0.wp.com\/webdelmaestrocmf.com\/portal\/wp-content\/uploads\/2019\/06\/1-78.jpg?resize=350%2C200&ssl=1","width":350,"height":200,"srcset":"https:\/\/i0.wp.com\/webdelmaestrocmf.com\/portal\/wp-content\/uploads\/2019\/06\/1-78.jpg?resize=350%2C200&ssl=1 1x, https:\/\/i0.wp.com\/webdelmaestrocmf.com\/portal\/wp-content\/uploads\/2019\/06\/1-78.jpg?resize=525%2C300&ssl=1 1.5x, https:\/\/i0.wp.com\/webdelmaestrocmf.com\/portal\/wp-content\/uploads\/2019\/06\/1-78.jpg?resize=700%2C400&ssl=1 2x, https:\/\/i0.wp.com\/webdelmaestrocmf.com\/portal\/wp-content\/uploads\/2019\/06\/1-78.jpg?resize=1050%2C600&ssl=1 3x"},"classes":[]}],"_links":{"self":[{"href":"https:\/\/webdelmaestrocmf.com\/portal\/wp-json\/wp\/v2\/posts\/20237","targetHints":{"allow":["GET"]}}],"collection":[{"href":"https:\/\/webdelmaestrocmf.com\/portal\/wp-json\/wp\/v2\/posts"}],"about":[{"href":"https:\/\/webdelmaestrocmf.com\/portal\/wp-json\/wp\/v2\/types\/post"}],"author":[{"embeddable":true,"href":"https:\/\/webdelmaestrocmf.com\/portal\/wp-json\/wp\/v2\/users\/2"}],"replies":[{"embeddable":true,"href":"https:\/\/webdelmaestrocmf.com\/portal\/wp-json\/wp\/v2\/comments?post=20237"}],"version-history":[{"count":1,"href":"https:\/\/webdelmaestrocmf.com\/portal\/wp-json\/wp\/v2\/posts\/20237\/revisions"}],"predecessor-version":[{"id":115716,"href":"https:\/\/webdelmaestrocmf.com\/portal\/wp-json\/wp\/v2\/posts\/20237\/revisions\/115716"}],"wp:featuredmedia":[{"embeddable":true,"href":"https:\/\/webdelmaestrocmf.com\/portal\/wp-json\/wp\/v2\/media\/103298"}],"wp:attachment":[{"href":"https:\/\/webdelmaestrocmf.com\/portal\/wp-json\/wp\/v2\/media?parent=20237"}],"wp:term":[{"taxonomy":"category","embeddable":true,"href":"https:\/\/webdelmaestrocmf.com\/portal\/wp-json\/wp\/v2\/categories?post=20237"},{"taxonomy":"post_tag","embeddable":true,"href":"https:\/\/webdelmaestrocmf.com\/portal\/wp-json\/wp\/v2\/tags?post=20237"}],"curies":[{"name":"wp","href":"https:\/\/api.w.org\/{rel}","templated":true}]}}