{"id":20044,"date":"2017-06-28T13:55:46","date_gmt":"2017-06-28T17:55:46","guid":{"rendered":"http:\/\/webdelmaestrocmf.com\/portal\/?p=20044"},"modified":"2021-10-23T20:36:50","modified_gmt":"2021-10-23T23:36:50","slug":"las-reformas-educativas-consideran-uso-los-telefonos-inteligentes-herramienta-pedagogica","status":"publish","type":"post","link":"https:\/\/webdelmaestrocmf.com\/portal\/las-reformas-educativas-consideran-uso-los-telefonos-inteligentes-herramienta-pedagogica\/","title":{"rendered":"Las reformas educativas \u00bfConsideran el uso de los tel\u00e9fonos inteligentes como herramienta pedag\u00f3gica?"},"content":{"rendered":"<h5 style=\"text-align: justify;\">Desde que vimos el uso, cada vez m\u00e1s ordinario y frecuente de <strong>los celulares<\/strong> en las escuelas, se escucharon opiniones diversas: \u201ces un <strong>medio de comunicaci\u00f3n de moda<\/strong>\u201d (sin otro uso), dec\u00edan unos; otros advirtieron sobre un distractor con peligro para <strong>la salud<\/strong> y otros un <strong>aparato de algunos afortunados<\/strong>. Han paso muchos a\u00f1os de esas opiniones, incluso cuando se trat\u00f3 de <strong>regular su uso <\/strong>o <strong>prohibir llevarlo<\/strong> al centro educativo (bajo pena de decomiso); pero parece que hasta hoy sigue las opiniones siguen repartidas.<\/h5>\n<p><!--more--><\/p>\n<h5 style=\"text-align: justify;\">No ha dejado de discutirse <strong>si ingresan o no en el sal\u00f3n de clases<\/strong> (o deben estar apagados), con todas las complicaciones de poner <strong>normas, l\u00edmites y reglamentos<\/strong>. Adem\u00e1s, con los a\u00f1os, los novedosos tel\u00e9fonos m\u00f3viles o de comunicaci\u00f3n personal, <strong>grandes y dif\u00edciles de llevar<\/strong> en el bolsillo (pesaban -al inicio- m\u00e1s de medio kilo y med\u00edan m\u00e1s de 23 cm de largo), se han transformado (por ahora) en aparatos de menos de 150 gramos, <strong>delgados, muy f\u00e1ciles de llevar<\/strong>, sus precios son cada vez m\u00e1s bajos en el mercado, y los empezaron a llamar <strong>\u201csmartphones\u201d <\/strong>(por el uso ordinario en ingl\u00e9s<strong>)<\/strong> desde 1997.<\/h5>\n<p style=\"text-align: justify;\">Su difusi\u00f3n es exponencial y llegan a ser tantos o m\u00e1s que una poblaci\u00f3n, y con dep\u00f3sitos p\u00fablicos para los \u201cdescartados\u201d. Ante esta realidad \u00bf<strong>qu\u00e9 dicen las reformas educativas<\/strong>?, o mejor \u00bfse considera <strong>este nuevo invento de comunicaci\u00f3n<\/strong> social y cultural, como un <strong>medio masivo de informaci\u00f3n<\/strong>? Es interesante conocer la opini\u00f3n de Paola Bruno, y qu\u00e9 hacen en las escuelas de USA, Finlandia, Jap\u00f3n y Francia, por ello recomendamos la lectura de <span style=\"text-decoration: underline;\"><strong><a href=\"http:\/\/www.mendozapost.com\/nota\/25077-escuela-2016-celulares-en-el-aula-si-o-no\/\" target=\"_blank\" rel=\"noopener noreferrer\">ESCUELA 2016: CELULARES EN EL AULA, \u00bfS\u00cd O NO?<\/a><\/strong><\/span><\/p>\n<p style=\"text-align: justify;\">Fuera de las escuelas, el uso masivo de los smartphones se est\u00e1 dando en todo mundo, incluso hay \u201cpa\u00edses que instalan <strong>se\u00f1ales luminosas en el suelo<\/strong> para evitar los <strong>atropellos<\/strong> y las <strong>ca\u00eddas<\/strong> a los andenes de los usuarios de m\u00f3viles que andan mirando hacia la pantallita\u201d. Javier Salas afirma que se est\u00e1 <strong>ejercitando menos la memoria<\/strong>, que los j\u00f3venes est\u00e1n perdiendo atenci\u00f3n; <strong>que se pierde el sentido de orientaci\u00f3n<\/strong> porque se va de un lugar a otros guiados por Google Maps, que ya son muchos los que llevan el <strong>aparato a la cama<\/strong> y, con sus luces, <strong>torturamos al cerebro<\/strong> perjudicando el ciclo natural del sue\u00f1o. Es una realidad que dentro de las escuelas, tambi\u00e9n suenan los celulares, de los estudiantes y de los profesores y unos cuantos <strong>dejan la clase y atienden<\/strong> (en el aula o salen y hablan) \u2026, como nos dijo anteriormente Paola Bruno. Pero, m\u00e1s all\u00e1 de estos <strong>innegables escenarios<\/strong>, \u00bfhemos sido <strong>secuestrados y dominados<\/strong> por el smartphone? \u00bfSon solo <strong>problemas personales<\/strong> puntuales o nos est\u00e1n afectando como sociedad? \u00bfCu\u00e1nto de esto <strong>redunda en nuestros planes educativos<\/strong>? \u00bfTenemos en cuenta la presencia del smartphone <strong>en la vida<\/strong> de nuestros profesores y estudiantes? Estos son algunos cuestionamientos sobre el \u201ctel\u00e9fono inteligente\u201d, que est\u00e1n muy bien expuestos en el art\u00edculo de Joseba Elola: <strong><span style=\"text-decoration: underline;\"><a href=\"http:\/\/elpais.com\/elpais\/2017\/06\/23\/ciencia\/1498217993_075316.html\" target=\"_blank\" rel=\"noopener noreferrer\">EL SMARTPHONE, ESA ARMA DE DISTRACCI\u00d3N MASIVA;<\/a><\/span>\u00a0<\/strong>Javier Salas, cuyo art\u00edculo nombramos m\u00e1s adelante, tambi\u00e9n afirma que \u201c<strong>cada nueva tecnolog\u00eda<\/strong>, desde la imprenta hasta la televisi\u00f3n, <strong>ha generado un rechazo<\/strong> <strong>previo, <\/strong>que tiende a considerar [como] un trastorno el <strong>cambio de h\u00e1bitos<\/strong> que genera\u201d.\u00a0 \u201c\u00bfQui\u00e9n se cree que aquellos ladrillos pudieran crear adicci\u00f3n? Hasta <strong>S\u00f3crates consideraba la escritura un h\u00e1bito malsano<\/strong> porque debilitaba la memoria y el pensamiento. <strong>El Quijote <\/strong>se re\u00eda de los trastornos que pod\u00eda provocar <strong>el exceso de lectura<\/strong>, del mismo modo que la <strong>serie brit\u00e1nica<\/strong> Black Mirror nos advierte de <strong>las distop\u00edas<\/strong> [<em>concepto que se utiliza como <strong>contracara del de utop\u00eda<\/strong> porque denomina a aquel <strong>mundo imaginario,<\/strong> que normalmente se crea para la literatura o para el s\u00e9ptimo arte, y que se caracteriza por ser <strong>desagradable, no deseable de vivir<\/strong><\/em>, DEFINICI\u00d3N ABC], que podr\u00edan estar descarg\u00e1ndose desde nuestros dispositivos. Pero tambi\u00e9n es cierto que, a lo largo de la historia, <strong>muy pocas veces hemos estado tan apegados a un objeto\u201d<\/strong>. Se propag\u00f3 <strong>el miedo de la adicci\u00f3n a los m\u00f3viles<\/strong> (incluso en estudios cient\u00edficos), y m\u00e1s cuando aparecieron <strong>\u201clos virus<\/strong>\u201d.<\/p>\n<p style=\"text-align: justify;\">Es \u00fatil tambi\u00e9n saber sobre el <strong>s\u00edndrome de abstinencia<\/strong>, que pasa con tantos \u201cvicios\u201d, incluida la ludopat\u00eda, pues \u201cvarios estudios han analizado c\u00f3mo respondemos a <strong>la privaci\u00f3n del m\u00f3vil<\/strong>: cuando se nos encomienda una tarea y el m\u00f3vil est\u00e1 recibiendo notificaciones sin que podamos consultarlas; somos incapaces de concentrarnos en condiciones por culpa de la <strong>ansiedad <\/strong>que nos provoca, e incluso se han descrito s\u00edntomas de hiperactividad. Es normal, dado que el 90% <strong>no nos separamos del dispositivo<\/strong> m\u00e1s de un metro en todo el d\u00eda\u201d. <strong><a href=\"http:\/\/elpaissemanal.elpais.com\/documentos\/enganchados-movil\/\" target=\"_blank\" rel=\"noopener noreferrer\">Cf PHONO SAPIENS, ENGANCHADOS AL M\u00d3VIL.<\/a><\/strong><\/p>\n<p style=\"text-align: justify;\"><strong>El<\/strong> <strong>fin de la educaci\u00f3n<\/strong> debe ser muy claro, antes de someter a los ni\u00f1os y j\u00f3venes a <strong>cualquier tipo de sistema educativo<\/strong>, porque los ni\u00f1os es el tesoro m\u00e1s grande que tiene un pa\u00eds, hay que cuidarlos (afirman los finlandeses), y con ellos no se experimenta (Papa Francisco); de aqu\u00ed se desprende la exigencia de <strong>saber si esa nueva ley, reforma o programa educativos<\/strong>, tienen en cuenta la existencia y el uso de los smartphones como <strong>recurso pedag\u00f3gico<\/strong> en todo proceso educativo de ense\u00f1anza &#8211; aprendizaje. Sabemos que la demanda de tel\u00e9fonos inteligentes <strong>con aplicaciones<\/strong> similares a las de computadoras de escritorio, [tabletas] y laptops, tambi\u00e9n reproducen videos, permiten navegar por Internet, comunicarse a trav\u00e9s de textos, audios, videos, y datos, el compartir archivos, el trabajar en grupo,\u2026 caracter\u00edsticas que <strong>han colocado a los smartphones en la mesa de debate<\/strong>, discuti\u00e9ndose si debe incorporarse el uso de estos para fines pedag\u00f3gicos; seg\u00fan H\u00e9ctor Godoy, en su art\u00edculo <a href=\"http:\/\/escuela-en-casa.com\/edu\/uso-de-telefonos-inteligentes-en-la-educacion\/\" target=\"_blank\" rel=\"noopener noreferrer\"><strong>USO DE TEL\u00c9FONOS INTELIGENTES EN LA EDUCACI\u00d3N,<\/strong><\/a><strong>\u00a0<\/strong>poniendo (por lo menos) en entredicho la teor\u00eda que defiende el \u201c<strong>restringir el uso<\/strong> de estos dispositivos en la din\u00e1mica educativa\u201d, que conlleva al error de \u201c<strong>desperdiciar una valiosa oportunidad<\/strong>, pues, de todas formas, los ni\u00f1os y j\u00f3venes ya est\u00e1n us\u00e1ndolos y en muchos casos solo para desperdiciar potencial y tiempo\u201d.<\/p>\n<p style=\"text-align: justify;\">\u00bfEs el \u201ctel\u00e9fono m\u00f3vil inteligente\u201d o smartphone una inesperad\u00edsima <strong>puerta al conocimiento, y a la informaci\u00f3n<\/strong>? \u00bfEs el smartphone s\u00f3lo un nuevo aparato de comunicaci\u00f3n o de <strong>esparcimiento masivo<\/strong> en la calle, en los parques, en las pausas del estudio o del trabajo, en el transporte, mientras se ingieren alimentos, \u2026\u00a0 <strong>conectado a un aud\u00edfono<\/strong> inal\u00e1mbrico? \u00bfSomos ya, una generaci\u00f3n de seres humanos que hemos inventado un \u201d<strong>ap\u00e9ndice artificial<\/strong>\u201d a nuestro organismo?, \u00bfQu\u00e9 tan\u00a0 <strong>dependientes<\/strong> y sol\u00edcitos est\u00e1n o estamos al tel\u00e9fono inteligente? \u00bfCu\u00e1ntos en nuestra escuela lo tienen y\/o lo usan? \u00bfNos sorprendemos al ver c\u00f3mo algunos est\u00e1n <strong>tan atentos<\/strong> (m\u00e1s que las alarmas de emergencias) a su vibraci\u00f3n, silbido, parpadeo o ligero sonido para <strong>reaccionar<\/strong> \u201ca la velocidad de la luz\u201d? \u00bfCu\u00e1ntos aprovechan en el centro educativo aquellos cortos lapsos de los <strong>recesos o intermedios<\/strong> para echar una mirada a su smartphone?<\/p>\n<p style=\"text-align: justify;\">Los <strong>Planes y Programas<\/strong> que Usted aplica en su pa\u00eds, <strong>\u00bfconsideran el uso de smartphones?<\/strong> \u00bfHa recibido Usted una <strong>capacitaci\u00f3n y\/o actualizaci\u00f3n<\/strong> de los \u00faltimos modelos de las herramientas digitales y\/o de los smartphones, antes de iniciar el a\u00f1o acad\u00e9mico? \u00bfConsidera su pa\u00eds la realidad social \u2013 cultural de sus comunidades, respecto a la <strong>posesi\u00f3n, uso o no tenencia<\/strong> de smartphones? \u00bfEs <strong>indiferente o neutral<\/strong>, en la educaci\u00f3n, la existencia de los smartphones? \u00bfEstamos obligados, <strong>como educadores<\/strong>, a buscarle un sentido?<\/p>\n<p style=\"text-align: right;\"><strong>REDACCI\u00d3N WEB DEL MAESTRO CMF<\/strong><\/p>\n\t\t<div class=\"pk-inline-posts\">\n\t\t\t\n\t\t\t<div class=\"pk-inline-posts-container pk-inline-posts-template-list\"\n\t\t\t\tdata-columns=\"1\">\n\t\t\t\t\t\t<article id=\"post-120744\" class=\"post-120744 post type-post status-publish format-standard has-post-thumbnail category-jamb tag-docencia tag-educacion-2 tag-escuela tag-familia tag-formacion-integral tag-humanismo tag-inteligencia-artificial tag-pensamiento-critico-2 tag-tecnologia-educativa-2 tag-vocacion-docente cs-entry cs-video-wrap\">\n\t\t\t<div class=\"pk-post-outer\">\n\n\t\t\t\t\t\t\t\t<div class=\"pk-post-inner\">\n\t\t\t\t\t<div class=\"entry-thumbnail\">\n\t\t\t\t\t\t<div class=\"pk-overlay pk-overlay-ratio pk-ratio-landscape\">\n\t\t\t\t\t\t\t<div class=\"pk-overlay-background\">\n\t\t\t\t\t\t\t\t<a href=\"https:\/\/webdelmaestrocmf.com\/portal\/gracias-maestro-por-dar-rostro-humano-a-la-educacion-en-la-era-digital\/\" class=\"pk-overlay-link\">\n\t\t\t\t\t\t\t\t\t<img loading=\"lazy\" decoding=\"async\" width=\"300\" height=\"225\" src=\"https:\/\/webdelmaestrocmf.com\/portal\/wp-content\/uploads\/2026\/07\/1AA-Banner-1-portada-imagen-10-1-copia-16-300x225.webp\" class=\"attachment-pk-thumbnail size-pk-thumbnail wp-post-image\" alt=\"\" \/>\t\t\t\t\t\t\t\t<\/a>\n\t\t\t\t\t\t\t<\/div>\n\t\t\t\t\t\t<\/div>\n\t\t\t\t\t<\/div>\n\t\t\t\t<\/div>\n\t\t\t\t\n\t\t\t\t<div class=\"pk-post-inner\">\n\t\t\t\t\t<header>\n\t\t\t\t\t\t<h3 class=\"pk-title\"><a href=\"https:\/\/webdelmaestrocmf.com\/portal\/gracias-maestro-por-dar-rostro-humano-a-la-educacion-en-la-era-digital\/\" rel=\"bookmark\">Gracias maestro, por dar rostro humano a la educaci\u00f3n en la era digital<\/a><\/h3>\t\t\t\t\t<\/header><!-- .entry-header -->\n\t\t\t\t<\/div><!-- .post-inner -->\n\n\t\t\t<\/div><!-- .post-outer -->\n\t\t<\/article>\n\t\t\t\t<\/div>\n\t\t<\/div>\n\t\t\n","protected":false},"excerpt":{"rendered":"Desde que vimos el uso, cada vez m\u00e1s ordinario y frecuente de los celulares en las escuelas, se&hellip;","protected":false},"author":2,"featured_media":69791,"comment_status":"open","ping_status":"open","sticky":false,"template":"","format":"standard","meta":{"_jetpack_newsletter_access":"","_jetpack_dont_email_post_to_subs":false,"_jetpack_newsletter_tier_id":0,"_jetpack_memberships_contains_paywalled_content":false,"csco_display_header_overlay":false,"csco_singular_sidebar":"default","csco_page_header_type":"default","csco_page_load_nextpost":"default","csco_post_video_location":[],"csco_post_video_location_hash":"","csco_post_video_url":"","csco_post_video_bg_start_time":0,"csco_post_video_bg_end_time":0,"csco_post_video_bg_volume":false,"_jetpack_feature_clip_id":0,"_jetpack_memberships_contains_paid_content":false,"footnotes":"","jetpack_post_was_ever_published":false},"categories":[61],"tags":[2403,2317,2405,1917,2402,2404],"class_list":["post-20044","post","type-post","status-publish","format-standard","has-post-thumbnail","category-jamb","tag-consideran","tag-herramienta","tag-inteligentes","tag-pedagogica","tag-reformas-educativas","tag-telefonos","cs-entry","cs-video-wrap"],"yoast_head":"<!-- This site is optimized with the Yoast SEO plugin v28.1 - https:\/\/yoast.com\/product\/yoast-seo-wordpress\/ -->\n<title>Las reformas educativas \u00bfconsideran el uso de los tel\u00e9fonos inteligentes como herramienta pedag\u00f3gica?<\/title>\n<meta name=\"description\" content=\"Desde que vimos el uso, cada vez m\u00e1s ordinario y frecuente de los celulares en las escuelas, se escucharon opiniones diversas...\" \/>\n<meta name=\"robots\" content=\"index, follow, max-snippet:-1, max-image-preview:large, max-video-preview:-1\" \/>\n<link rel=\"canonical\" href=\"https:\/\/webdelmaestrocmf.com\/portal\/las-reformas-educativas-consideran-uso-los-telefonos-inteligentes-herramienta-pedagogica\/\" \/>\n<meta property=\"og:locale\" content=\"es_ES\" \/>\n<meta property=\"og:type\" content=\"article\" \/>\n<meta property=\"og:title\" content=\"Las reformas educativas \u00bfconsideran el uso de los tel\u00e9fonos inteligentes como herramienta pedag\u00f3gica?\" \/>\n<meta property=\"og:description\" content=\"Desde que vimos el uso, cada vez m\u00e1s ordinario y frecuente de los celulares en las escuelas, se escucharon opiniones diversas...\" \/>\n<meta property=\"og:url\" content=\"https:\/\/webdelmaestrocmf.com\/portal\/las-reformas-educativas-consideran-uso-los-telefonos-inteligentes-herramienta-pedagogica\/\" \/>\n<meta property=\"og:site_name\" content=\"Web del Maestro CMF\" \/>\n<meta property=\"article:publisher\" content=\"https:\/\/www.facebook.com\/WebdelMaestroCMF\/\" \/>\n<meta property=\"article:author\" content=\"https:\/\/www.facebook.com\/WebdelMaestroCMF\/\" \/>\n<meta property=\"article:published_time\" content=\"2017-06-28T17:55:46+00:00\" \/>\n<meta property=\"article:modified_time\" content=\"2021-10-23T23:36:50+00:00\" \/>\n<meta property=\"og:image\" content=\"https:\/\/i0.wp.com\/webdelmaestrocmf.com\/portal\/wp-content\/uploads\/2017\/06\/a2.jpg?fit=1100%2C680&ssl=1\" \/>\n\t<meta property=\"og:image:width\" content=\"1100\" \/>\n\t<meta property=\"og:image:height\" content=\"680\" \/>\n\t<meta property=\"og:image:type\" content=\"image\/jpeg\" \/>\n<meta name=\"author\" content=\"Web del Maestro CMF\" \/>\n<meta name=\"twitter:card\" content=\"summary_large_image\" \/>\n<meta name=\"twitter:creator\" content=\"@cmf_w\" \/>\n<meta name=\"twitter:site\" content=\"@cmf_w\" \/>\n<script type=\"application\/ld+json\" class=\"yoast-schema-graph\">{\"@context\":\"https:\\\/\\\/schema.org\",\"@graph\":[{\"@type\":\"ScholarlyArticle\",\"@id\":\"https:\\\/\\\/webdelmaestrocmf.com\\\/portal\\\/las-reformas-educativas-consideran-uso-los-telefonos-inteligentes-herramienta-pedagogica\\\/#article\",\"isPartOf\":{\"@id\":\"https:\\\/\\\/webdelmaestrocmf.com\\\/portal\\\/las-reformas-educativas-consideran-uso-los-telefonos-inteligentes-herramienta-pedagogica\\\/\"},\"author\":{\"name\":\"Web del Maestro CMF\",\"@id\":\"https:\\\/\\\/webdelmaestrocmf.com\\\/portal\\\/#\\\/schema\\\/person\\\/ebc57e23d318c9c4270c6f41367015b5\"},\"headline\":\"Las reformas educativas \u00bfConsideran el uso de los tel\u00e9fonos inteligentes como herramienta pedag\u00f3gica?\",\"datePublished\":\"2017-06-28T17:55:46+00:00\",\"dateModified\":\"2021-10-23T23:36:50+00:00\",\"mainEntityOfPage\":{\"@id\":\"https:\\\/\\\/webdelmaestrocmf.com\\\/portal\\\/las-reformas-educativas-consideran-uso-los-telefonos-inteligentes-herramienta-pedagogica\\\/\"},\"wordCount\":1353,\"commentCount\":0,\"publisher\":{\"@id\":\"https:\\\/\\\/webdelmaestrocmf.com\\\/portal\\\/#organization\"},\"image\":{\"@id\":\"https:\\\/\\\/webdelmaestrocmf.com\\\/portal\\\/las-reformas-educativas-consideran-uso-los-telefonos-inteligentes-herramienta-pedagogica\\\/#primaryimage\"},\"thumbnailUrl\":\"https:\\\/\\\/webdelmaestrocmf.com\\\/portal\\\/wp-content\\\/uploads\\\/2017\\\/06\\\/a2.jpg\",\"keywords\":[\"CONSIDERAN\",\"HERRAMIENTA\",\"INTELIGENTES\",\"PEDAG\u00d3GICA\",\"REFORMAS EDUCATIVAS\",\"TEL\u00c9FONOS\"],\"articleSection\":[\"Yo opino - WMCMF\"],\"inLanguage\":\"es\",\"potentialAction\":[{\"@type\":\"CommentAction\",\"name\":\"Comment\",\"target\":[\"https:\\\/\\\/webdelmaestrocmf.com\\\/portal\\\/las-reformas-educativas-consideran-uso-los-telefonos-inteligentes-herramienta-pedagogica\\\/#respond\"]}]},{\"@type\":\"WebPage\",\"@id\":\"https:\\\/\\\/webdelmaestrocmf.com\\\/portal\\\/las-reformas-educativas-consideran-uso-los-telefonos-inteligentes-herramienta-pedagogica\\\/\",\"url\":\"https:\\\/\\\/webdelmaestrocmf.com\\\/portal\\\/las-reformas-educativas-consideran-uso-los-telefonos-inteligentes-herramienta-pedagogica\\\/\",\"name\":\"Las reformas educativas \u00bfconsideran el uso de los tel\u00e9fonos inteligentes como herramienta pedag\u00f3gica?\",\"isPartOf\":{\"@id\":\"https:\\\/\\\/webdelmaestrocmf.com\\\/portal\\\/#website\"},\"primaryImageOfPage\":{\"@id\":\"https:\\\/\\\/webdelmaestrocmf.com\\\/portal\\\/las-reformas-educativas-consideran-uso-los-telefonos-inteligentes-herramienta-pedagogica\\\/#primaryimage\"},\"image\":{\"@id\":\"https:\\\/\\\/webdelmaestrocmf.com\\\/portal\\\/las-reformas-educativas-consideran-uso-los-telefonos-inteligentes-herramienta-pedagogica\\\/#primaryimage\"},\"thumbnailUrl\":\"https:\\\/\\\/webdelmaestrocmf.com\\\/portal\\\/wp-content\\\/uploads\\\/2017\\\/06\\\/a2.jpg\",\"datePublished\":\"2017-06-28T17:55:46+00:00\",\"dateModified\":\"2021-10-23T23:36:50+00:00\",\"description\":\"Desde que vimos el uso, cada vez m\u00e1s ordinario y frecuente de los celulares en las escuelas, se escucharon opiniones diversas...\",\"breadcrumb\":{\"@id\":\"https:\\\/\\\/webdelmaestrocmf.com\\\/portal\\\/las-reformas-educativas-consideran-uso-los-telefonos-inteligentes-herramienta-pedagogica\\\/#breadcrumb\"},\"inLanguage\":\"es\",\"potentialAction\":[{\"@type\":\"ReadAction\",\"target\":[\"https:\\\/\\\/webdelmaestrocmf.com\\\/portal\\\/las-reformas-educativas-consideran-uso-los-telefonos-inteligentes-herramienta-pedagogica\\\/\"]}]},{\"@type\":\"ImageObject\",\"inLanguage\":\"es\",\"@id\":\"https:\\\/\\\/webdelmaestrocmf.com\\\/portal\\\/las-reformas-educativas-consideran-uso-los-telefonos-inteligentes-herramienta-pedagogica\\\/#primaryimage\",\"url\":\"https:\\\/\\\/webdelmaestrocmf.com\\\/portal\\\/wp-content\\\/uploads\\\/2017\\\/06\\\/a2.jpg\",\"contentUrl\":\"https:\\\/\\\/webdelmaestrocmf.com\\\/portal\\\/wp-content\\\/uploads\\\/2017\\\/06\\\/a2.jpg\",\"width\":1100,\"height\":680},{\"@type\":\"BreadcrumbList\",\"@id\":\"https:\\\/\\\/webdelmaestrocmf.com\\\/portal\\\/las-reformas-educativas-consideran-uso-los-telefonos-inteligentes-herramienta-pedagogica\\\/#breadcrumb\",\"itemListElement\":[{\"@type\":\"ListItem\",\"position\":1,\"name\":\"Portada\",\"item\":\"https:\\\/\\\/webdelmaestrocmf.com\\\/portal\\\/\"},{\"@type\":\"ListItem\",\"position\":2,\"name\":\"Yo opino - WMCMF\",\"item\":\"https:\\\/\\\/webdelmaestrocmf.com\\\/portal\\\/category\\\/jamb\\\/\"},{\"@type\":\"ListItem\",\"position\":3,\"name\":\"Las reformas educativas \u00bfConsideran el uso de los tel\u00e9fonos inteligentes como herramienta pedag\u00f3gica?\"}]},{\"@type\":\"WebSite\",\"@id\":\"https:\\\/\\\/webdelmaestrocmf.com\\\/portal\\\/#website\",\"url\":\"https:\\\/\\\/webdelmaestrocmf.com\\\/portal\\\/\",\"name\":\"Web del Maestro CMF\",\"description\":\"Maestros al servicio de la educaci\u00f3n\",\"publisher\":{\"@id\":\"https:\\\/\\\/webdelmaestrocmf.com\\\/portal\\\/#organization\"},\"alternateName\":\"WMCMF\",\"potentialAction\":[{\"@type\":\"SearchAction\",\"target\":{\"@type\":\"EntryPoint\",\"urlTemplate\":\"https:\\\/\\\/webdelmaestrocmf.com\\\/portal\\\/?s={search_term_string}\"},\"query-input\":{\"@type\":\"PropertyValueSpecification\",\"valueRequired\":true,\"valueName\":\"search_term_string\"}}],\"inLanguage\":\"es\"},{\"@type\":\"Organization\",\"@id\":\"https:\\\/\\\/webdelmaestrocmf.com\\\/portal\\\/#organization\",\"name\":\"Web del Maestro CMF\",\"alternateName\":\"WMCMF\",\"url\":\"https:\\\/\\\/webdelmaestrocmf.com\\\/portal\\\/\",\"logo\":{\"@type\":\"ImageObject\",\"inLanguage\":\"es\",\"@id\":\"https:\\\/\\\/webdelmaestrocmf.com\\\/portal\\\/#\\\/schema\\\/logo\\\/image\\\/\",\"url\":\"https:\\\/\\\/webdelmaestrocmf.com\\\/portal\\\/wp-content\\\/uploads\\\/2023\\\/01\\\/logo-wmcmf-2.png\",\"contentUrl\":\"https:\\\/\\\/webdelmaestrocmf.com\\\/portal\\\/wp-content\\\/uploads\\\/2023\\\/01\\\/logo-wmcmf-2.png\",\"width\":200,\"height\":60,\"caption\":\"Web del Maestro CMF\"},\"image\":{\"@id\":\"https:\\\/\\\/webdelmaestrocmf.com\\\/portal\\\/#\\\/schema\\\/logo\\\/image\\\/\"},\"sameAs\":[\"https:\\\/\\\/www.facebook.com\\\/WebdelMaestroCMF\\\/\",\"https:\\\/\\\/x.com\\\/cmf_w\",\"https:\\\/\\\/www.pinterest.com\\\/WMCMF\\\/\",\"https:\\\/\\\/www.linkedin.com\\\/company\\\/web-del-maestro-cmf\\\/\",\"https:\\\/\\\/www.instagram.com\\\/wmcmf\\\/\",\"https:\\\/\\\/www.youtube.com\\\/channel\\\/UCDPSvjbdodE5sHnC3OxutHw\",\"https:\\\/\\\/mastodon.social\\\/@wmcmf\",\"https:\\\/\\\/www.tiktok.com\\\/@webdelmaestrocmf\"]},{\"@type\":\"Person\",\"@id\":\"https:\\\/\\\/webdelmaestrocmf.com\\\/portal\\\/#\\\/schema\\\/person\\\/ebc57e23d318c9c4270c6f41367015b5\",\"name\":\"Web del Maestro CMF\",\"image\":{\"@type\":\"ImageObject\",\"inLanguage\":\"es\",\"@id\":\"https:\\\/\\\/secure.gravatar.com\\\/avatar\\\/718b2df46e711f63dc8c16a160d16cc0104e961fe3c231eaaed2426975fc5e2d?s=96&d=mm&r=g\",\"url\":\"https:\\\/\\\/secure.gravatar.com\\\/avatar\\\/718b2df46e711f63dc8c16a160d16cc0104e961fe3c231eaaed2426975fc5e2d?s=96&d=mm&r=g\",\"contentUrl\":\"https:\\\/\\\/secure.gravatar.com\\\/avatar\\\/718b2df46e711f63dc8c16a160d16cc0104e961fe3c231eaaed2426975fc5e2d?s=96&d=mm&r=g\",\"caption\":\"Web del Maestro CMF\"},\"description\":\"Esta Web se cre\u00f3 sin fines de lucro, con fines educativos, cient\u00edficos y acad\u00e9micos, para personas que tengan dificultades y\\\/o inconvenientes en visualizar el material original. El objetivo es entregar recursos, compartir experiencias y materiales que ayuden a los padres de familia, maestros y estudiantes en su actualizaci\u00f3n y formaci\u00f3n permanente, en bien de la Educaci\u00f3n.\",\"sameAs\":[\"http:\\\/\\\/webdelmaestrocmf.com\\\/portal\",\"https:\\\/\\\/www.facebook.com\\\/WebdelMaestroCMF\\\/\",\"https:\\\/\\\/www.instagram.com\\\/wmcmf\\\/\",\"https:\\\/\\\/cl.linkedin.com\\\/company\\\/web-del-maestro-cmf\",\"https:\\\/\\\/www.pinterest.com\\\/WMCMF\\\/publicaciones\\\/\",\"https:\\\/\\\/x.com\\\/cmf_w\",\"https:\\\/\\\/www.youtube.com\\\/@WMCMF\"]}]}<\/script>\n<!-- \/ Yoast SEO plugin. -->","yoast_head_json":{"title":"Las reformas educativas \u00bfconsideran el uso de los tel\u00e9fonos inteligentes como herramienta pedag\u00f3gica?","description":"Desde que vimos el uso, cada vez m\u00e1s ordinario y frecuente de los celulares en las escuelas, se escucharon opiniones diversas...","robots":{"index":"index","follow":"follow","max-snippet":"max-snippet:-1","max-image-preview":"max-image-preview:large","max-video-preview":"max-video-preview:-1"},"canonical":"https:\/\/webdelmaestrocmf.com\/portal\/las-reformas-educativas-consideran-uso-los-telefonos-inteligentes-herramienta-pedagogica\/","og_locale":"es_ES","og_type":"article","og_title":"Las reformas educativas \u00bfconsideran el uso de los tel\u00e9fonos inteligentes como herramienta pedag\u00f3gica?","og_description":"Desde que vimos el uso, cada vez m\u00e1s ordinario y frecuente de los celulares en las escuelas, se escucharon opiniones diversas...","og_url":"https:\/\/webdelmaestrocmf.com\/portal\/las-reformas-educativas-consideran-uso-los-telefonos-inteligentes-herramienta-pedagogica\/","og_site_name":"Web del Maestro CMF","article_publisher":"https:\/\/www.facebook.com\/WebdelMaestroCMF\/","article_author":"https:\/\/www.facebook.com\/WebdelMaestroCMF\/","article_published_time":"2017-06-28T17:55:46+00:00","article_modified_time":"2021-10-23T23:36:50+00:00","og_image":[{"width":1100,"height":680,"url":"https:\/\/i0.wp.com\/webdelmaestrocmf.com\/portal\/wp-content\/uploads\/2017\/06\/a2.jpg?fit=1100%2C680&ssl=1","type":"image\/jpeg"}],"author":"Web del Maestro CMF","twitter_card":"summary_large_image","twitter_creator":"@cmf_w","twitter_site":"@cmf_w","schema":{"@context":"https:\/\/schema.org","@graph":[{"@type":"ScholarlyArticle","@id":"https:\/\/webdelmaestrocmf.com\/portal\/las-reformas-educativas-consideran-uso-los-telefonos-inteligentes-herramienta-pedagogica\/#article","isPartOf":{"@id":"https:\/\/webdelmaestrocmf.com\/portal\/las-reformas-educativas-consideran-uso-los-telefonos-inteligentes-herramienta-pedagogica\/"},"author":{"name":"Web del Maestro CMF","@id":"https:\/\/webdelmaestrocmf.com\/portal\/#\/schema\/person\/ebc57e23d318c9c4270c6f41367015b5"},"headline":"Las reformas educativas \u00bfConsideran el uso de los tel\u00e9fonos inteligentes como herramienta pedag\u00f3gica?","datePublished":"2017-06-28T17:55:46+00:00","dateModified":"2021-10-23T23:36:50+00:00","mainEntityOfPage":{"@id":"https:\/\/webdelmaestrocmf.com\/portal\/las-reformas-educativas-consideran-uso-los-telefonos-inteligentes-herramienta-pedagogica\/"},"wordCount":1353,"commentCount":0,"publisher":{"@id":"https:\/\/webdelmaestrocmf.com\/portal\/#organization"},"image":{"@id":"https:\/\/webdelmaestrocmf.com\/portal\/las-reformas-educativas-consideran-uso-los-telefonos-inteligentes-herramienta-pedagogica\/#primaryimage"},"thumbnailUrl":"https:\/\/webdelmaestrocmf.com\/portal\/wp-content\/uploads\/2017\/06\/a2.jpg","keywords":["CONSIDERAN","HERRAMIENTA","INTELIGENTES","PEDAG\u00d3GICA","REFORMAS EDUCATIVAS","TEL\u00c9FONOS"],"articleSection":["Yo opino - WMCMF"],"inLanguage":"es","potentialAction":[{"@type":"CommentAction","name":"Comment","target":["https:\/\/webdelmaestrocmf.com\/portal\/las-reformas-educativas-consideran-uso-los-telefonos-inteligentes-herramienta-pedagogica\/#respond"]}]},{"@type":"WebPage","@id":"https:\/\/webdelmaestrocmf.com\/portal\/las-reformas-educativas-consideran-uso-los-telefonos-inteligentes-herramienta-pedagogica\/","url":"https:\/\/webdelmaestrocmf.com\/portal\/las-reformas-educativas-consideran-uso-los-telefonos-inteligentes-herramienta-pedagogica\/","name":"Las reformas educativas \u00bfconsideran el uso de los tel\u00e9fonos inteligentes como herramienta pedag\u00f3gica?","isPartOf":{"@id":"https:\/\/webdelmaestrocmf.com\/portal\/#website"},"primaryImageOfPage":{"@id":"https:\/\/webdelmaestrocmf.com\/portal\/las-reformas-educativas-consideran-uso-los-telefonos-inteligentes-herramienta-pedagogica\/#primaryimage"},"image":{"@id":"https:\/\/webdelmaestrocmf.com\/portal\/las-reformas-educativas-consideran-uso-los-telefonos-inteligentes-herramienta-pedagogica\/#primaryimage"},"thumbnailUrl":"https:\/\/webdelmaestrocmf.com\/portal\/wp-content\/uploads\/2017\/06\/a2.jpg","datePublished":"2017-06-28T17:55:46+00:00","dateModified":"2021-10-23T23:36:50+00:00","description":"Desde que vimos el uso, cada vez m\u00e1s ordinario y frecuente de los celulares en las escuelas, se escucharon opiniones diversas...","breadcrumb":{"@id":"https:\/\/webdelmaestrocmf.com\/portal\/las-reformas-educativas-consideran-uso-los-telefonos-inteligentes-herramienta-pedagogica\/#breadcrumb"},"inLanguage":"es","potentialAction":[{"@type":"ReadAction","target":["https:\/\/webdelmaestrocmf.com\/portal\/las-reformas-educativas-consideran-uso-los-telefonos-inteligentes-herramienta-pedagogica\/"]}]},{"@type":"ImageObject","inLanguage":"es","@id":"https:\/\/webdelmaestrocmf.com\/portal\/las-reformas-educativas-consideran-uso-los-telefonos-inteligentes-herramienta-pedagogica\/#primaryimage","url":"https:\/\/webdelmaestrocmf.com\/portal\/wp-content\/uploads\/2017\/06\/a2.jpg","contentUrl":"https:\/\/webdelmaestrocmf.com\/portal\/wp-content\/uploads\/2017\/06\/a2.jpg","width":1100,"height":680},{"@type":"BreadcrumbList","@id":"https:\/\/webdelmaestrocmf.com\/portal\/las-reformas-educativas-consideran-uso-los-telefonos-inteligentes-herramienta-pedagogica\/#breadcrumb","itemListElement":[{"@type":"ListItem","position":1,"name":"Portada","item":"https:\/\/webdelmaestrocmf.com\/portal\/"},{"@type":"ListItem","position":2,"name":"Yo opino - WMCMF","item":"https:\/\/webdelmaestrocmf.com\/portal\/category\/jamb\/"},{"@type":"ListItem","position":3,"name":"Las reformas educativas \u00bfConsideran el uso de los tel\u00e9fonos inteligentes como herramienta pedag\u00f3gica?"}]},{"@type":"WebSite","@id":"https:\/\/webdelmaestrocmf.com\/portal\/#website","url":"https:\/\/webdelmaestrocmf.com\/portal\/","name":"Web del Maestro CMF","description":"Maestros al servicio de la educaci\u00f3n","publisher":{"@id":"https:\/\/webdelmaestrocmf.com\/portal\/#organization"},"alternateName":"WMCMF","potentialAction":[{"@type":"SearchAction","target":{"@type":"EntryPoint","urlTemplate":"https:\/\/webdelmaestrocmf.com\/portal\/?s={search_term_string}"},"query-input":{"@type":"PropertyValueSpecification","valueRequired":true,"valueName":"search_term_string"}}],"inLanguage":"es"},{"@type":"Organization","@id":"https:\/\/webdelmaestrocmf.com\/portal\/#organization","name":"Web del Maestro CMF","alternateName":"WMCMF","url":"https:\/\/webdelmaestrocmf.com\/portal\/","logo":{"@type":"ImageObject","inLanguage":"es","@id":"https:\/\/webdelmaestrocmf.com\/portal\/#\/schema\/logo\/image\/","url":"https:\/\/webdelmaestrocmf.com\/portal\/wp-content\/uploads\/2023\/01\/logo-wmcmf-2.png","contentUrl":"https:\/\/webdelmaestrocmf.com\/portal\/wp-content\/uploads\/2023\/01\/logo-wmcmf-2.png","width":200,"height":60,"caption":"Web del Maestro CMF"},"image":{"@id":"https:\/\/webdelmaestrocmf.com\/portal\/#\/schema\/logo\/image\/"},"sameAs":["https:\/\/www.facebook.com\/WebdelMaestroCMF\/","https:\/\/x.com\/cmf_w","https:\/\/www.pinterest.com\/WMCMF\/","https:\/\/www.linkedin.com\/company\/web-del-maestro-cmf\/","https:\/\/www.instagram.com\/wmcmf\/","https:\/\/www.youtube.com\/channel\/UCDPSvjbdodE5sHnC3OxutHw","https:\/\/mastodon.social\/@wmcmf","https:\/\/www.tiktok.com\/@webdelmaestrocmf"]},{"@type":"Person","@id":"https:\/\/webdelmaestrocmf.com\/portal\/#\/schema\/person\/ebc57e23d318c9c4270c6f41367015b5","name":"Web del Maestro CMF","image":{"@type":"ImageObject","inLanguage":"es","@id":"https:\/\/secure.gravatar.com\/avatar\/718b2df46e711f63dc8c16a160d16cc0104e961fe3c231eaaed2426975fc5e2d?s=96&d=mm&r=g","url":"https:\/\/secure.gravatar.com\/avatar\/718b2df46e711f63dc8c16a160d16cc0104e961fe3c231eaaed2426975fc5e2d?s=96&d=mm&r=g","contentUrl":"https:\/\/secure.gravatar.com\/avatar\/718b2df46e711f63dc8c16a160d16cc0104e961fe3c231eaaed2426975fc5e2d?s=96&d=mm&r=g","caption":"Web del Maestro CMF"},"description":"Esta Web se cre\u00f3 sin fines de lucro, con fines educativos, cient\u00edficos y acad\u00e9micos, para personas que tengan dificultades y\/o inconvenientes en visualizar el material original. El objetivo es entregar recursos, compartir experiencias y materiales que ayuden a los padres de familia, maestros y estudiantes en su actualizaci\u00f3n y formaci\u00f3n permanente, en bien de la Educaci\u00f3n.","sameAs":["http:\/\/webdelmaestrocmf.com\/portal","https:\/\/www.facebook.com\/WebdelMaestroCMF\/","https:\/\/www.instagram.com\/wmcmf\/","https:\/\/cl.linkedin.com\/company\/web-del-maestro-cmf","https:\/\/www.pinterest.com\/WMCMF\/publicaciones\/","https:\/\/x.com\/cmf_w","https:\/\/www.youtube.com\/@WMCMF"]}]}},"jetpack_featured_media_url":"https:\/\/webdelmaestrocmf.com\/portal\/wp-content\/uploads\/2017\/06\/a2.jpg","jetpack_sharing_enabled":true,"jetpack-related-posts":[{"id":115101,"url":"https:\/\/webdelmaestrocmf.com\/portal\/bukele-y-musk-anuncian-el-uso-de-ia-grok-en-escuelas-publicas-de-el-salvador-promesas-interrogantes-y-advertencias\/","url_meta":{"origin":20044,"position":0},"title":"Bukele y Musk anuncian el uso de IA Grok en escuelas p\u00fablicas de El Salvador: promesas, interrogantes y advertencias","author":"Web del Maestro CMF","date":"3 febrero, 2026","format":false,"excerpt":"El uso de IA en escuelas promete personalizaci\u00f3n, pero genera dudas por falta de transparencia, control y fiabilidad de contenidos.","rel":"","context":"En \u00abSin categor\u00eda\u00bb","block_context":{"text":"Sin categor\u00eda","link":"https:\/\/webdelmaestrocmf.com\/portal\/category\/sin-categoria-es\/"},"img":{"alt_text":"","src":"https:\/\/i0.wp.com\/webdelmaestrocmf.com\/portal\/wp-content\/uploads\/2026\/02\/1A-Banner-1-portada-imagen-10-1-copia-2-1.webp?resize=350%2C200&ssl=1","width":350,"height":200,"srcset":"https:\/\/i0.wp.com\/webdelmaestrocmf.com\/portal\/wp-content\/uploads\/2026\/02\/1A-Banner-1-portada-imagen-10-1-copia-2-1.webp?resize=350%2C200&ssl=1 1x, https:\/\/i0.wp.com\/webdelmaestrocmf.com\/portal\/wp-content\/uploads\/2026\/02\/1A-Banner-1-portada-imagen-10-1-copia-2-1.webp?resize=525%2C300&ssl=1 1.5x, https:\/\/i0.wp.com\/webdelmaestrocmf.com\/portal\/wp-content\/uploads\/2026\/02\/1A-Banner-1-portada-imagen-10-1-copia-2-1.webp?resize=700%2C400&ssl=1 2x"},"classes":[]},{"id":26177,"url":"https:\/\/webdelmaestrocmf.com\/portal\/francia-se-prohibe-uso-celulares-moviles-los-colegios\/","url_meta":{"origin":20044,"position":1},"title":"En Francia se proh\u00edbe el uso de celulares o m\u00f3viles en los colegios","author":"Web del Maestro CMF","date":"1 febrero, 2018","format":false,"excerpt":"A partir del a\u00f1o lectivo 2018 los estudiantes franceses podr\u00e1n llevar sus tel\u00e9fonos inteligentes o m\u00f3viles a sus centros educativos, pero no deber\u00e1n hacer uso de ellos hasta que termine la jornada lectiva. El anuncio de \u201csalud p\u00fablica\u201d, del Ministro de Educaci\u00f3n de Francia, Jean Michel Blanquier, es que sean\u2026","rel":"","context":"En \u00abYo opino - WMCMF\u00bb","block_context":{"text":"Yo opino - WMCMF","link":"https:\/\/webdelmaestrocmf.com\/portal\/category\/jamb\/"},"img":{"alt_text":"","src":"https:\/\/i0.wp.com\/webdelmaestrocmf.com\/portal\/wp-content\/uploads\/2018\/02\/1-56.jpg?resize=350%2C200&ssl=1","width":350,"height":200,"srcset":"https:\/\/i0.wp.com\/webdelmaestrocmf.com\/portal\/wp-content\/uploads\/2018\/02\/1-56.jpg?resize=350%2C200&ssl=1 1x, https:\/\/i0.wp.com\/webdelmaestrocmf.com\/portal\/wp-content\/uploads\/2018\/02\/1-56.jpg?resize=525%2C300&ssl=1 1.5x, https:\/\/i0.wp.com\/webdelmaestrocmf.com\/portal\/wp-content\/uploads\/2018\/02\/1-56.jpg?resize=700%2C400&ssl=1 2x, https:\/\/i0.wp.com\/webdelmaestrocmf.com\/portal\/wp-content\/uploads\/2018\/02\/1-56.jpg?resize=1050%2C600&ssl=1 3x"},"classes":[]},{"id":109196,"url":"https:\/\/webdelmaestrocmf.com\/portal\/neil-selwyn-no-prohiban-el-uso-del-movil-o-celular-en-el-cole-prohiban-el-abuso\/","url_meta":{"origin":20044,"position":2},"title":"Neil Selwyn: No proh\u00edban el uso del m\u00f3vil o celular en el cole, proh\u00edban el abuso","author":"Web del Maestro CMF","date":"6 junio, 2025","format":false,"excerpt":"\u00bfEs el tel\u00e9fono m\u00f3vil un enemigo en las aulas? \u00bfO puede ser un aliado educativo si se gestiona adecuadamente? Estas preguntas centraron la conversaci\u00f3n que sostuvo el periodista Luis Amiguet, de La Vanguardia, con Neil Selwyn, catedr\u00e1tico de Educaci\u00f3n de la Universidad de Monash, Melbourne, quien lleva m\u00e1s de 25\u2026","rel":"","context":"En \u00abEntrevistas\u00bb","block_context":{"text":"Entrevistas","link":"https:\/\/webdelmaestrocmf.com\/portal\/category\/noticias\/entrevistas\/"},"img":{"alt_text":"","src":"https:\/\/i0.wp.com\/webdelmaestrocmf.com\/portal\/wp-content\/uploads\/2025\/06\/1A-Banner-1-portada-imagen-10-1-15.jpg?resize=350%2C200&ssl=1","width":350,"height":200,"srcset":"https:\/\/i0.wp.com\/webdelmaestrocmf.com\/portal\/wp-content\/uploads\/2025\/06\/1A-Banner-1-portada-imagen-10-1-15.jpg?resize=350%2C200&ssl=1 1x, https:\/\/i0.wp.com\/webdelmaestrocmf.com\/portal\/wp-content\/uploads\/2025\/06\/1A-Banner-1-portada-imagen-10-1-15.jpg?resize=525%2C300&ssl=1 1.5x, https:\/\/i0.wp.com\/webdelmaestrocmf.com\/portal\/wp-content\/uploads\/2025\/06\/1A-Banner-1-portada-imagen-10-1-15.jpg?resize=700%2C400&ssl=1 2x"},"classes":[]},{"id":107726,"url":"https:\/\/webdelmaestrocmf.com\/portal\/docencia-en-la-era-de-la-inteligencia-artificial-descarga-el-manual-para-docentes\/","url_meta":{"origin":20044,"position":3},"title":"Docencia en la era de la inteligencia artificial: descarga los tres manuales de inteligencia artificial para docentes con herramientas educativas","author":"Web del Maestro CMF","date":"16 abril, 2026","format":false,"excerpt":"Explora c\u00f3mo la inteligencia artificial (IA) est\u00e1 transformando la educaci\u00f3n, ofreciendo herramientas para mejorar la ense\u00f1anza, evaluaci\u00f3n y aprendizaje.","rel":"","context":"En \u00abDescarga\u00bb","block_context":{"text":"Descarga","link":"https:\/\/webdelmaestrocmf.com\/portal\/category\/descarga\/"},"img":{"alt_text":"","src":"https:\/\/i0.wp.com\/webdelmaestrocmf.com\/portal\/wp-content\/uploads\/2026\/03\/1AA-Banner-1-portada-imagen-10-1-copia-22-2.webp?resize=350%2C200&ssl=1","width":350,"height":200,"srcset":"https:\/\/i0.wp.com\/webdelmaestrocmf.com\/portal\/wp-content\/uploads\/2026\/03\/1AA-Banner-1-portada-imagen-10-1-copia-22-2.webp?resize=350%2C200&ssl=1 1x, https:\/\/i0.wp.com\/webdelmaestrocmf.com\/portal\/wp-content\/uploads\/2026\/03\/1AA-Banner-1-portada-imagen-10-1-copia-22-2.webp?resize=525%2C300&ssl=1 1.5x, https:\/\/i0.wp.com\/webdelmaestrocmf.com\/portal\/wp-content\/uploads\/2026\/03\/1AA-Banner-1-portada-imagen-10-1-copia-22-2.webp?resize=700%2C400&ssl=1 2x, https:\/\/i0.wp.com\/webdelmaestrocmf.com\/portal\/wp-content\/uploads\/2026\/03\/1AA-Banner-1-portada-imagen-10-1-copia-22-2.webp?resize=1050%2C600&ssl=1 3x"},"classes":[]},{"id":21499,"url":"https:\/\/webdelmaestrocmf.com\/portal\/incorporar-o-no-incorporar-el-telefono-inteligente-en-las-aulas\/","url_meta":{"origin":20044,"position":4},"title":"Incorporar o no incorporar el tel\u00e9fono inteligente en las aulas","author":"Web del Maestro CMF","date":"24 agosto, 2017","format":false,"excerpt":"El uso del tel\u00e9fono m\u00f3vil inteligente, smartphone o celulares \u201cconstruido sobre una plataforma inform\u00e1tica m\u00f3vil, con mayor capacidad de almacenar datos y realizar actividades, semejante a la de una minicomputadora, y con una mayor conectividad que un tel\u00e9fono m\u00f3vil convencional\u201d (Wikipedia), es cada vez m\u00e1s usado por los ni\u00f1os y\u2026","rel":"","context":"En \u00abYo opino - WMCMF\u00bb","block_context":{"text":"Yo opino - WMCMF","link":"https:\/\/webdelmaestrocmf.com\/portal\/category\/jamb\/"},"img":{"alt_text":"","src":"https:\/\/i0.wp.com\/webdelmaestrocmf.com\/portal\/wp-content\/uploads\/2017\/08\/1-3.jpg?resize=350%2C200&ssl=1","width":350,"height":200,"srcset":"https:\/\/i0.wp.com\/webdelmaestrocmf.com\/portal\/wp-content\/uploads\/2017\/08\/1-3.jpg?resize=350%2C200&ssl=1 1x, https:\/\/i0.wp.com\/webdelmaestrocmf.com\/portal\/wp-content\/uploads\/2017\/08\/1-3.jpg?resize=525%2C300&ssl=1 1.5x, https:\/\/i0.wp.com\/webdelmaestrocmf.com\/portal\/wp-content\/uploads\/2017\/08\/1-3.jpg?resize=700%2C400&ssl=1 2x, https:\/\/i0.wp.com\/webdelmaestrocmf.com\/portal\/wp-content\/uploads\/2017\/08\/1-3.jpg?resize=1050%2C600&ssl=1 3x"},"classes":[]},{"id":115617,"url":"https:\/\/webdelmaestrocmf.com\/portal\/la-adopcion-de-inteligencia-artificial-en-el-sector-educativo-brechas-desafios-y-oportunidades\/","url_meta":{"origin":20044,"position":5},"title":"La adopci\u00f3n de la inteligencia artificial en la educaci\u00f3n: brechas, desaf\u00edos y oportunidades. Descargue la gu\u00eda de buenas pr\u00e1cticas para docentes y las herramientas de IA para potenciar la educaci\u00f3n","author":"Web del Maestro CMF","date":"1 marzo, 2026","format":false,"excerpt":"TALIS 2024 revela baja adopci\u00f3n de IA docente en Espa\u00f1a, marcada por edad y limitada por brechas digitales.","rel":"","context":"En \u00abNoticias Internacionales\u00bb","block_context":{"text":"Noticias Internacionales","link":"https:\/\/webdelmaestrocmf.com\/portal\/category\/noticias-internacionales\/"},"img":{"alt_text":"","src":"https:\/\/i0.wp.com\/webdelmaestrocmf.com\/portal\/wp-content\/uploads\/2026\/03\/1A-Banner-1-portada-imagen-10-1-copia.jpg?resize=350%2C200&ssl=1","width":350,"height":200,"srcset":"https:\/\/i0.wp.com\/webdelmaestrocmf.com\/portal\/wp-content\/uploads\/2026\/03\/1A-Banner-1-portada-imagen-10-1-copia.jpg?resize=350%2C200&ssl=1 1x, https:\/\/i0.wp.com\/webdelmaestrocmf.com\/portal\/wp-content\/uploads\/2026\/03\/1A-Banner-1-portada-imagen-10-1-copia.jpg?resize=525%2C300&ssl=1 1.5x, https:\/\/i0.wp.com\/webdelmaestrocmf.com\/portal\/wp-content\/uploads\/2026\/03\/1A-Banner-1-portada-imagen-10-1-copia.jpg?resize=700%2C400&ssl=1 2x"},"classes":[]}],"_links":{"self":[{"href":"https:\/\/webdelmaestrocmf.com\/portal\/wp-json\/wp\/v2\/posts\/20044","targetHints":{"allow":["GET"]}}],"collection":[{"href":"https:\/\/webdelmaestrocmf.com\/portal\/wp-json\/wp\/v2\/posts"}],"about":[{"href":"https:\/\/webdelmaestrocmf.com\/portal\/wp-json\/wp\/v2\/types\/post"}],"author":[{"embeddable":true,"href":"https:\/\/webdelmaestrocmf.com\/portal\/wp-json\/wp\/v2\/users\/2"}],"replies":[{"embeddable":true,"href":"https:\/\/webdelmaestrocmf.com\/portal\/wp-json\/wp\/v2\/comments?post=20044"}],"version-history":[{"count":0,"href":"https:\/\/webdelmaestrocmf.com\/portal\/wp-json\/wp\/v2\/posts\/20044\/revisions"}],"wp:featuredmedia":[{"embeddable":true,"href":"https:\/\/webdelmaestrocmf.com\/portal\/wp-json\/wp\/v2\/media\/69791"}],"wp:attachment":[{"href":"https:\/\/webdelmaestrocmf.com\/portal\/wp-json\/wp\/v2\/media?parent=20044"}],"wp:term":[{"taxonomy":"category","embeddable":true,"href":"https:\/\/webdelmaestrocmf.com\/portal\/wp-json\/wp\/v2\/categories?post=20044"},{"taxonomy":"post_tag","embeddable":true,"href":"https:\/\/webdelmaestrocmf.com\/portal\/wp-json\/wp\/v2\/tags?post=20044"}],"curies":[{"name":"wp","href":"https:\/\/api.w.org\/{rel}","templated":true}]}}