{"id":19890,"date":"2020-03-01T00:20:14","date_gmt":"2020-03-01T03:20:14","guid":{"rendered":"http:\/\/webdelmaestrocmf.com\/portal\/?p=19890"},"modified":"2023-11-21T14:09:25","modified_gmt":"2023-11-21T17:09:25","slug":"nueve-pilares-una-transformacion-los-metodos-aprendizaje","status":"publish","type":"post","link":"https:\/\/webdelmaestrocmf.com\/portal\/nueve-pilares-una-transformacion-los-metodos-aprendizaje\/","title":{"rendered":"Pilares para una transformaci\u00f3n en los m\u00e9todos de aprendizaje"},"content":{"rendered":"<p style=\"text-align: justify;\">Un estudio de once colegios, entre p\u00fablicos y privados, de lugares y contextos socioecon\u00f3micos diversos de la geograf\u00eda espa\u00f1ola, ha servido a Ainara Zubillaga, directora de educaci\u00f3n de la Fundaci\u00f3n COTEC (organizaci\u00f3n privada que promueve la innovaci\u00f3n como motor de desarrollo econ\u00f3mico y social), manifestar <strong>la necesidad de una transformaci\u00f3n en los m\u00e9todos de aprendizaje, innovando las t\u00e9cnicas de ense\u00f1anza<\/strong>; \u201cpara que, adem\u00e1s de los conocimientos acad\u00e9micos, [\u2026] incluya tambi\u00e9n otras aptitudes m\u00e1s transversales como la creatividad, el esp\u00edritu cr\u00edtico, la \u00e9tica&#8230;\u201d.<\/p>\n<p><!--more--><\/p>\n<p style=\"text-align: justify;\">Sostiene adem\u00e1s que <strong>el nuevo modelo educativo debe involucrar a todos<\/strong>, porque \u201csomos las personas las que integramos el sistema y las que podemos hacer que cambie\u201d. Aunque admite que este cambio \u201cse cocina a fuego lento\u201d y se puede tardar en ver los resultados.<\/p>\n<p><img loading=\"lazy\" decoding=\"async\" class=\"alignnone size-full wp-image-44921\" src=\"https:\/\/webdelmaestrocmf.com\/portal\/wp-content\/uploads\/2019\/07\/1-102.jpg\" alt=\"\" width=\"2048\" height=\"1536\" srcset=\"https:\/\/webdelmaestrocmf.com\/portal\/wp-content\/uploads\/2019\/07\/1-102.jpg 2048w, https:\/\/webdelmaestrocmf.com\/portal\/wp-content\/uploads\/2019\/07\/1-102-300x225.jpg 300w, https:\/\/webdelmaestrocmf.com\/portal\/wp-content\/uploads\/2019\/07\/1-102-1024x768.jpg 1024w, https:\/\/webdelmaestrocmf.com\/portal\/wp-content\/uploads\/2019\/07\/1-102-768x576.jpg 768w, https:\/\/webdelmaestrocmf.com\/portal\/wp-content\/uploads\/2019\/07\/1-102-1536x1152.jpg 1536w, https:\/\/webdelmaestrocmf.com\/portal\/wp-content\/uploads\/2019\/07\/1-102-110x83.jpg 110w, https:\/\/webdelmaestrocmf.com\/portal\/wp-content\/uploads\/2019\/07\/1-102-200x150.jpg 200w, https:\/\/webdelmaestrocmf.com\/portal\/wp-content\/uploads\/2019\/07\/1-102-380x285.jpg 380w, https:\/\/webdelmaestrocmf.com\/portal\/wp-content\/uploads\/2019\/07\/1-102-255x191.jpg 255w, https:\/\/webdelmaestrocmf.com\/portal\/wp-content\/uploads\/2019\/07\/1-102-550x413.jpg 550w, https:\/\/webdelmaestrocmf.com\/portal\/wp-content\/uploads\/2019\/07\/1-102-800x600.jpg 800w, https:\/\/webdelmaestrocmf.com\/portal\/wp-content\/uploads\/2019\/07\/1-102-1160x870.jpg 1160w\" sizes=\"auto, (max-width: 2048px) 100vw, 2048px\" \/><\/p>\n<p style=\"text-align: justify;\">El suplemento Cinco D\u00edas de El Pa\u00eds (Espa\u00f1a), publica un art\u00edculo de Ana Mu\u00f1oz Vita, que recomendamos leer en el enlace al final de esta nota, en el cual se explica las <strong>nueve acciones comunes<\/strong> de esos 11 centros educativos espa\u00f1oles \u201cque persiguen una idea m\u00e1s amplia de \u00e9xito escolar\u201d; y que quiz\u00e1 algunas de ellas ya las conocemos, o las estamos aplicando en otras latitudes y en situaciones socio econ\u00f3micas diferentes. Este art\u00edculo, podr\u00eda sernos \u00fatil para conocer<\/p>\n<p style=\"text-align: justify;\">El informe <strong><em>\u201c<a href=\"https:\/\/www.esic.edu\/pdf\/pwc_informe_educacion.pdf\" target=\"_blank\" rel=\"noopener noreferrer\">\u00bfPara qu\u00e9 educamos? Estudio sobre las bases de un marco amplio de \u00e9xito escolar<\/a>\u201d,<\/em><\/strong> propone tener en cuenta nueve pilares, \u201cadem\u00e1s de los conocimientos acad\u00e9micos, [que] incluya tambi\u00e9n otras aptitudes m\u00e1s transversales como la creatividad, el esp\u00edritu cr\u00edtico, la \u00e9tica&#8230;\u201d:<\/p>\n<ol style=\"text-align: justify;\">\n<li>Desplazar el foco del profesor al alumno.<\/li>\n<li>El trabajo en equipo, para fomentar las habilidades sociales y c\u00edvicas.<\/li>\n<li>El aprendizaje basado en proyectos.<\/li>\n<li>Mayor importancia al rol del tutor.<\/li>\n<li>La inclusi\u00f3n y atenci\u00f3n a la diversidad.<\/li>\n<li>La participaci\u00f3n y comunicaci\u00f3n de las familias con el centro educativo.<\/li>\n<li>La valoraci\u00f3n de otras competencias, adem\u00e1s de la evaluaci\u00f3n acad\u00e9mica.<\/li>\n<li>La evaluaci\u00f3n es para que los estudiantes tengan el control sobre su evoluci\u00f3n y mejora.<\/li>\n<li>La autoevaluaci\u00f3n y la evaluaci\u00f3n entre iguales.<\/li>\n<\/ol>\n<p style=\"text-align: justify;\">\u00bfConocemos alguna de estas pr\u00e1cticas innovadoras? \u00bfCu\u00e1les de estas experiencias ya conocemos y\/o estamos aplicando en nuestra escuela? \u00bfNos sirve alguna de ellas?<\/p>\n<p style=\"text-align: right;\"><strong>REDACCI\u00d3N WEB DEL MAESTRO CMF<br \/>\n<\/strong><\/p>\n<p style=\"text-align: center;\">Recomendamos a la Comunidad Educativa Digital tener en cuenta que, el enlace y\/o la carpeta en donde est\u00e1n alojados los libros, recursos y\/o materiales, no es administrado por la Web del Maestro CMF, pueda ser que en cuesti\u00f3n de d\u00edas (o seg\u00fan el tiempo transcurrido desde su publicaci\u00f3n), los enlaces no funcionen y el material ya no se encuentre disponible. Gracias por su comprensi\u00f3n.<\/p>\n<h3>ENLACE DE LECTURA:<\/h3>\n<p style=\"text-align: center;\">\u00a1Comparte y as\u00ed m\u00e1s docentes utilizar\u00e1n estos recursos\u00a0gratis! Muchas gracias.<\/p>\n<p style=\"text-align: center;\"><a href=\"https:\/\/www.esic.edu\/pdf\/pwc_informe_educacion.pdf\">\u00bfPARA QU\u00c9 EDUCAMOS? ESTUDIO SOBRE LAS BASES DE UN MARCO AMPLIO DE \u00c9XITO ESCOLAR<\/a><\/p>\n\t\t<div class=\"pk-inline-posts\">\n\t\t\t\n\t\t\t<div class=\"pk-inline-posts-container pk-inline-posts-template-list\"\n\t\t\t\tdata-columns=\"1\">\n\t\t\t\t\t\t<article id=\"post-17756\" class=\"post-17756 post type-post status-publish format-standard has-post-thumbnail category-jamb tag-dia tag-dia-del-trabajo tag-jorge-bergoglio tag-maestros tag-trabajo cs-entry cs-video-wrap\">\n\t\t\t<div class=\"pk-post-outer\">\n\n\t\t\t\t\t\t\t\t<div class=\"pk-post-inner\">\n\t\t\t\t\t<div class=\"entry-thumbnail\">\n\t\t\t\t\t\t<div class=\"pk-overlay pk-overlay-ratio pk-ratio-landscape\">\n\t\t\t\t\t\t\t<div class=\"pk-overlay-background\">\n\t\t\t\t\t\t\t\t<a href=\"https:\/\/webdelmaestrocmf.com\/portal\/dia-del-trabajo-maestros-gracias-lo-hacen\/\" class=\"pk-overlay-link\">\n\t\t\t\t\t\t\t\t\t<img loading=\"lazy\" decoding=\"async\" width=\"300\" height=\"225\" src=\"https:\/\/webdelmaestrocmf.com\/portal\/wp-content\/uploads\/2023\/05\/Banner-1-portada-imagen-10-1-55-300x225.jpg\" class=\"attachment-pk-thumbnail size-pk-thumbnail wp-post-image\" alt=\"d\u00eda del trabajo\" \/>\t\t\t\t\t\t\t\t<\/a>\n\t\t\t\t\t\t\t<\/div>\n\t\t\t\t\t\t<\/div>\n\t\t\t\t\t<\/div>\n\t\t\t\t<\/div>\n\t\t\t\t\n\t\t\t\t<div class=\"pk-post-inner\">\n\t\t\t\t\t<header>\n\t\t\t\t\t\t<h3 class=\"pk-title\"><a href=\"https:\/\/webdelmaestrocmf.com\/portal\/dia-del-trabajo-maestros-gracias-lo-hacen\/\" rel=\"bookmark\">D\u00eda Internacional de los Trabajadores: Maestros, \u00a1gracias por lo que hacen!<\/a><\/h3>\t\t\t\t\t<\/header><!-- .entry-header -->\n\t\t\t\t<\/div><!-- .post-inner -->\n\n\t\t\t<\/div><!-- .post-outer -->\n\t\t<\/article>\n\t\t\t<article id=\"post-118333\" class=\"post-118333 post type-post status-publish format-standard has-post-thumbnail category-jamb tag-apego tag-crianza tag-docentes tag-educacion tag-escuela tag-familia tag-infancia tag-responsabilidad tag-vinculo cs-entry cs-video-wrap\">\n\t\t\t<div class=\"pk-post-outer\">\n\n\t\t\t\t\t\t\t\t<div class=\"pk-post-inner\">\n\t\t\t\t\t<div class=\"entry-thumbnail\">\n\t\t\t\t\t\t<div class=\"pk-overlay pk-overlay-ratio pk-ratio-landscape\">\n\t\t\t\t\t\t\t<div class=\"pk-overlay-background\">\n\t\t\t\t\t\t\t\t<a href=\"https:\/\/webdelmaestrocmf.com\/portal\/el-sistema-nos-rompe-a-todos-y-a-los-ninos-primero\/\" class=\"pk-overlay-link\">\n\t\t\t\t\t\t\t\t\t<img loading=\"lazy\" decoding=\"async\" width=\"300\" height=\"225\" src=\"https:\/\/webdelmaestrocmf.com\/portal\/wp-content\/uploads\/2026\/04\/1AA-Banner-1-portada-imagen-10-1-copia-2-300x225.jpg\" class=\"attachment-pk-thumbnail size-pk-thumbnail wp-post-image\" alt=\"\" \/>\t\t\t\t\t\t\t\t<\/a>\n\t\t\t\t\t\t\t<\/div>\n\t\t\t\t\t\t<\/div>\n\t\t\t\t\t<\/div>\n\t\t\t\t<\/div>\n\t\t\t\t\n\t\t\t\t<div class=\"pk-post-inner\">\n\t\t\t\t\t<header>\n\t\t\t\t\t\t<h3 class=\"pk-title\"><a href=\"https:\/\/webdelmaestrocmf.com\/portal\/el-sistema-nos-rompe-a-todos-y-a-los-ninos-primero\/\" rel=\"bookmark\">El sistema nos rompe a todos\u2026 y a los ni\u00f1os primero<\/a><\/h3>\t\t\t\t\t<\/header><!-- .entry-header -->\n\t\t\t\t<\/div><!-- .post-inner -->\n\n\t\t\t<\/div><!-- .post-outer -->\n\t\t<\/article>\n\t\t\t<article id=\"post-118324\" class=\"post-118324 post type-post status-publish format-standard has-post-thumbnail category-jamb tag-administracion-educativa tag-calidad-educativa tag-comunidad-educativa tag-direccion-escolar tag-educacion-digital tag-gestion-escolar tag-innovacion-educativa tag-liderazgo-educativo tag-mejora-continua tag-planificacion-educativa cs-entry cs-video-wrap\">\n\t\t\t<div class=\"pk-post-outer\">\n\n\t\t\t\t\t\t\t\t<div class=\"pk-post-inner\">\n\t\t\t\t\t<div class=\"entry-thumbnail\">\n\t\t\t\t\t\t<div class=\"pk-overlay pk-overlay-ratio pk-ratio-landscape\">\n\t\t\t\t\t\t\t<div class=\"pk-overlay-background\">\n\t\t\t\t\t\t\t\t<a href=\"https:\/\/webdelmaestrocmf.com\/portal\/la-administracion-educativa-el-pilar-silencioso-que-sostiene-la-escuela-administrar-o-gestionar-una-comunidad-educativa-es-lo-mismo\/\" class=\"pk-overlay-link\">\n\t\t\t\t\t\t\t\t\t<img loading=\"lazy\" decoding=\"async\" width=\"300\" height=\"225\" src=\"https:\/\/webdelmaestrocmf.com\/portal\/wp-content\/uploads\/2026\/04\/1AA-Banner-1-portada-imagen-10-1-copia-6-4-300x225.webp\" class=\"attachment-pk-thumbnail size-pk-thumbnail wp-post-image\" alt=\"\" \/>\t\t\t\t\t\t\t\t<\/a>\n\t\t\t\t\t\t\t<\/div>\n\t\t\t\t\t\t<\/div>\n\t\t\t\t\t<\/div>\n\t\t\t\t<\/div>\n\t\t\t\t\n\t\t\t\t<div class=\"pk-post-inner\">\n\t\t\t\t\t<header>\n\t\t\t\t\t\t<h3 class=\"pk-title\"><a href=\"https:\/\/webdelmaestrocmf.com\/portal\/la-administracion-educativa-el-pilar-silencioso-que-sostiene-la-escuela-administrar-o-gestionar-una-comunidad-educativa-es-lo-mismo\/\" rel=\"bookmark\">La administraci\u00f3n educativa: el pilar silencioso que sostiene la escuela. \u00bfAdministrar o gestionar una comunidad educativa es lo mismo?<\/a><\/h3>\t\t\t\t\t<\/header><!-- .entry-header -->\n\t\t\t\t<\/div><!-- .post-inner -->\n\n\t\t\t<\/div><!-- .post-outer -->\n\t\t<\/article>\n\t\t\t\t<\/div>\n\t\t<\/div>\n\t\t\n","protected":false},"excerpt":{"rendered":"Un estudio de once colegios, entre p\u00fablicos y privados, de lugares y contextos socioecon\u00f3micos diversos de la geograf\u00eda&hellip;","protected":false},"author":2,"featured_media":44923,"comment_status":"open","ping_status":"open","sticky":false,"template":"","format":"standard","meta":{"csco_display_header_overlay":false,"csco_singular_sidebar":"default","csco_page_header_type":"default","csco_page_load_nextpost":"default","csco_post_video_location":[],"csco_post_video_location_hash":"","csco_post_video_url":"","csco_post_video_bg_start_time":0,"csco_post_video_bg_end_time":0,"csco_post_video_bg_volume":false,"_jetpack_memberships_contains_paid_content":false,"footnotes":""},"categories":[61],"tags":[2370,2368,1989,2369],"class_list":{"0":"post-19890","1":"post","2":"type-post","3":"status-publish","4":"format-standard","5":"has-post-thumbnail","7":"category-jamb","8":"tag-metodos-de-aprendizaje","9":"tag-nueve","10":"tag-pilares","11":"tag-transformacion","12":"cs-entry","13":"cs-video-wrap"},"yoast_head":"<!-- This site is optimized with the Yoast SEO plugin v27.5 - https:\/\/yoast.com\/product\/yoast-seo-wordpress\/ -->\n<title>Pilares para una transformaci\u00f3n en los m\u00e9todos de aprendizaje<\/title>\n<meta name=\"description\" content=\"Un estudio de once colegios, entre p\u00fablicos y privados, de lugares y contextos socioecon\u00f3micos diversos de la geograf\u00eda...\" \/>\n<meta name=\"robots\" content=\"index, follow, max-snippet:-1, max-image-preview:large, max-video-preview:-1\" \/>\n<link rel=\"canonical\" href=\"https:\/\/webdelmaestrocmf.com\/portal\/nueve-pilares-una-transformacion-los-metodos-aprendizaje\/\" \/>\n<meta property=\"og:locale\" content=\"es_ES\" \/>\n<meta property=\"og:type\" content=\"article\" \/>\n<meta property=\"og:title\" content=\"Pilares para una transformaci\u00f3n en los m\u00e9todos de aprendizaje\" \/>\n<meta property=\"og:description\" content=\"Un estudio de once colegios, entre p\u00fablicos y privados, de lugares y contextos socioecon\u00f3micos diversos de la geograf\u00eda...\" \/>\n<meta property=\"og:url\" content=\"https:\/\/webdelmaestrocmf.com\/portal\/nueve-pilares-una-transformacion-los-metodos-aprendizaje\/\" \/>\n<meta property=\"og:site_name\" content=\"Web del Maestro CMF\" \/>\n<meta property=\"article:publisher\" content=\"https:\/\/www.facebook.com\/WebdelMaestroCMF\/\" \/>\n<meta property=\"article:author\" content=\"https:\/\/www.facebook.com\/WebdelMaestroCMF\/\" \/>\n<meta property=\"article:published_time\" content=\"2020-03-01T03:20:14+00:00\" \/>\n<meta property=\"article:modified_time\" content=\"2023-11-21T17:09:25+00:00\" \/>\n<meta property=\"og:image\" content=\"https:\/\/webdelmaestrocmf.com\/portal\/wp-content\/uploads\/2019\/07\/1-104.jpg\" \/>\n\t<meta property=\"og:image:width\" content=\"1100\" \/>\n\t<meta property=\"og:image:height\" content=\"680\" \/>\n\t<meta property=\"og:image:type\" content=\"image\/jpeg\" \/>\n<meta name=\"author\" content=\"Web del Maestro CMF\" \/>\n<meta name=\"twitter:card\" content=\"summary_large_image\" \/>\n<meta name=\"twitter:creator\" content=\"@cmf_w\" \/>\n<meta name=\"twitter:site\" content=\"@cmf_w\" \/>\n<script type=\"application\/ld+json\" class=\"yoast-schema-graph\">{\"@context\":\"https:\\\/\\\/schema.org\",\"@graph\":[{\"@type\":\"ScholarlyArticle\",\"@id\":\"https:\\\/\\\/webdelmaestrocmf.com\\\/portal\\\/nueve-pilares-una-transformacion-los-metodos-aprendizaje\\\/#article\",\"isPartOf\":{\"@id\":\"https:\\\/\\\/webdelmaestrocmf.com\\\/portal\\\/nueve-pilares-una-transformacion-los-metodos-aprendizaje\\\/\"},\"author\":{\"name\":\"Web del Maestro CMF\",\"@id\":\"https:\\\/\\\/webdelmaestrocmf.com\\\/portal\\\/#\\\/schema\\\/person\\\/ebc57e23d318c9c4270c6f41367015b5\"},\"headline\":\"Pilares para una transformaci\u00f3n en los m\u00e9todos de aprendizaje\",\"datePublished\":\"2020-03-01T03:20:14+00:00\",\"dateModified\":\"2023-11-21T17:09:25+00:00\",\"mainEntityOfPage\":{\"@id\":\"https:\\\/\\\/webdelmaestrocmf.com\\\/portal\\\/nueve-pilares-una-transformacion-los-metodos-aprendizaje\\\/\"},\"wordCount\":522,\"commentCount\":0,\"publisher\":{\"@id\":\"https:\\\/\\\/webdelmaestrocmf.com\\\/portal\\\/#organization\"},\"image\":{\"@id\":\"https:\\\/\\\/webdelmaestrocmf.com\\\/portal\\\/nueve-pilares-una-transformacion-los-metodos-aprendizaje\\\/#primaryimage\"},\"thumbnailUrl\":\"https:\\\/\\\/webdelmaestrocmf.com\\\/portal\\\/wp-content\\\/uploads\\\/2019\\\/07\\\/1-104.jpg\",\"keywords\":[\"M\u00c9TODOS DE APRENDIZAJE\",\"NUEVE\",\"PILARES\",\"TRANSFORMACI\u00d3N\"],\"articleSection\":[\"Yo opino - WMCMF\"],\"inLanguage\":\"es\",\"potentialAction\":[{\"@type\":\"CommentAction\",\"name\":\"Comment\",\"target\":[\"https:\\\/\\\/webdelmaestrocmf.com\\\/portal\\\/nueve-pilares-una-transformacion-los-metodos-aprendizaje\\\/#respond\"]}]},{\"@type\":\"WebPage\",\"@id\":\"https:\\\/\\\/webdelmaestrocmf.com\\\/portal\\\/nueve-pilares-una-transformacion-los-metodos-aprendizaje\\\/\",\"url\":\"https:\\\/\\\/webdelmaestrocmf.com\\\/portal\\\/nueve-pilares-una-transformacion-los-metodos-aprendizaje\\\/\",\"name\":\"Pilares para una transformaci\u00f3n en los m\u00e9todos de aprendizaje\",\"isPartOf\":{\"@id\":\"https:\\\/\\\/webdelmaestrocmf.com\\\/portal\\\/#website\"},\"primaryImageOfPage\":{\"@id\":\"https:\\\/\\\/webdelmaestrocmf.com\\\/portal\\\/nueve-pilares-una-transformacion-los-metodos-aprendizaje\\\/#primaryimage\"},\"image\":{\"@id\":\"https:\\\/\\\/webdelmaestrocmf.com\\\/portal\\\/nueve-pilares-una-transformacion-los-metodos-aprendizaje\\\/#primaryimage\"},\"thumbnailUrl\":\"https:\\\/\\\/webdelmaestrocmf.com\\\/portal\\\/wp-content\\\/uploads\\\/2019\\\/07\\\/1-104.jpg\",\"datePublished\":\"2020-03-01T03:20:14+00:00\",\"dateModified\":\"2023-11-21T17:09:25+00:00\",\"description\":\"Un estudio de once colegios, entre p\u00fablicos y privados, de lugares y contextos socioecon\u00f3micos diversos de la geograf\u00eda...\",\"breadcrumb\":{\"@id\":\"https:\\\/\\\/webdelmaestrocmf.com\\\/portal\\\/nueve-pilares-una-transformacion-los-metodos-aprendizaje\\\/#breadcrumb\"},\"inLanguage\":\"es\",\"potentialAction\":[{\"@type\":\"ReadAction\",\"target\":[\"https:\\\/\\\/webdelmaestrocmf.com\\\/portal\\\/nueve-pilares-una-transformacion-los-metodos-aprendizaje\\\/\"]}]},{\"@type\":\"ImageObject\",\"inLanguage\":\"es\",\"@id\":\"https:\\\/\\\/webdelmaestrocmf.com\\\/portal\\\/nueve-pilares-una-transformacion-los-metodos-aprendizaje\\\/#primaryimage\",\"url\":\"https:\\\/\\\/webdelmaestrocmf.com\\\/portal\\\/wp-content\\\/uploads\\\/2019\\\/07\\\/1-104.jpg\",\"contentUrl\":\"https:\\\/\\\/webdelmaestrocmf.com\\\/portal\\\/wp-content\\\/uploads\\\/2019\\\/07\\\/1-104.jpg\",\"width\":1100,\"height\":680},{\"@type\":\"BreadcrumbList\",\"@id\":\"https:\\\/\\\/webdelmaestrocmf.com\\\/portal\\\/nueve-pilares-una-transformacion-los-metodos-aprendizaje\\\/#breadcrumb\",\"itemListElement\":[{\"@type\":\"ListItem\",\"position\":1,\"name\":\"Portada\",\"item\":\"https:\\\/\\\/webdelmaestrocmf.com\\\/portal\\\/\"},{\"@type\":\"ListItem\",\"position\":2,\"name\":\"Yo opino - WMCMF\",\"item\":\"https:\\\/\\\/webdelmaestrocmf.com\\\/portal\\\/category\\\/jamb\\\/\"},{\"@type\":\"ListItem\",\"position\":3,\"name\":\"Pilares para una transformaci\u00f3n en los m\u00e9todos de aprendizaje\"}]},{\"@type\":\"WebSite\",\"@id\":\"https:\\\/\\\/webdelmaestrocmf.com\\\/portal\\\/#website\",\"url\":\"https:\\\/\\\/webdelmaestrocmf.com\\\/portal\\\/\",\"name\":\"Web del Maestro CMF\",\"description\":\"Maestros al servicio de la educaci\u00f3n\",\"publisher\":{\"@id\":\"https:\\\/\\\/webdelmaestrocmf.com\\\/portal\\\/#organization\"},\"alternateName\":\"WMCMF\",\"potentialAction\":[{\"@type\":\"SearchAction\",\"target\":{\"@type\":\"EntryPoint\",\"urlTemplate\":\"https:\\\/\\\/webdelmaestrocmf.com\\\/portal\\\/?s={search_term_string}\"},\"query-input\":{\"@type\":\"PropertyValueSpecification\",\"valueRequired\":true,\"valueName\":\"search_term_string\"}}],\"inLanguage\":\"es\"},{\"@type\":\"Organization\",\"@id\":\"https:\\\/\\\/webdelmaestrocmf.com\\\/portal\\\/#organization\",\"name\":\"Web del Maestro CMF\",\"alternateName\":\"WMCMF\",\"url\":\"https:\\\/\\\/webdelmaestrocmf.com\\\/portal\\\/\",\"logo\":{\"@type\":\"ImageObject\",\"inLanguage\":\"es\",\"@id\":\"https:\\\/\\\/webdelmaestrocmf.com\\\/portal\\\/#\\\/schema\\\/logo\\\/image\\\/\",\"url\":\"https:\\\/\\\/webdelmaestrocmf.com\\\/portal\\\/wp-content\\\/uploads\\\/2023\\\/01\\\/logo-wmcmf-2.png\",\"contentUrl\":\"https:\\\/\\\/webdelmaestrocmf.com\\\/portal\\\/wp-content\\\/uploads\\\/2023\\\/01\\\/logo-wmcmf-2.png\",\"width\":200,\"height\":60,\"caption\":\"Web del Maestro CMF\"},\"image\":{\"@id\":\"https:\\\/\\\/webdelmaestrocmf.com\\\/portal\\\/#\\\/schema\\\/logo\\\/image\\\/\"},\"sameAs\":[\"https:\\\/\\\/www.facebook.com\\\/WebdelMaestroCMF\\\/\",\"https:\\\/\\\/x.com\\\/cmf_w\",\"https:\\\/\\\/www.pinterest.com\\\/WMCMF\\\/\",\"https:\\\/\\\/www.linkedin.com\\\/company\\\/web-del-maestro-cmf\\\/\",\"https:\\\/\\\/www.instagram.com\\\/wmcmf\\\/\",\"https:\\\/\\\/www.youtube.com\\\/channel\\\/UCDPSvjbdodE5sHnC3OxutHw\",\"https:\\\/\\\/mastodon.social\\\/@wmcmf\",\"https:\\\/\\\/www.tiktok.com\\\/@webdelmaestrocmf\"]},{\"@type\":\"Person\",\"@id\":\"https:\\\/\\\/webdelmaestrocmf.com\\\/portal\\\/#\\\/schema\\\/person\\\/ebc57e23d318c9c4270c6f41367015b5\",\"name\":\"Web del Maestro CMF\",\"image\":{\"@type\":\"ImageObject\",\"inLanguage\":\"es\",\"@id\":\"https:\\\/\\\/secure.gravatar.com\\\/avatar\\\/718b2df46e711f63dc8c16a160d16cc0104e961fe3c231eaaed2426975fc5e2d?s=96&d=mm&r=g\",\"url\":\"https:\\\/\\\/secure.gravatar.com\\\/avatar\\\/718b2df46e711f63dc8c16a160d16cc0104e961fe3c231eaaed2426975fc5e2d?s=96&d=mm&r=g\",\"contentUrl\":\"https:\\\/\\\/secure.gravatar.com\\\/avatar\\\/718b2df46e711f63dc8c16a160d16cc0104e961fe3c231eaaed2426975fc5e2d?s=96&d=mm&r=g\",\"caption\":\"Web del Maestro CMF\"},\"description\":\"Esta Web se cre\u00f3 sin fines de lucro, con fines educativos, cient\u00edficos y acad\u00e9micos, para personas que tengan dificultades y\\\/o inconvenientes en visualizar el material original. El objetivo es entregar recursos, compartir experiencias y materiales que ayuden a los padres de familia, maestros y estudiantes en su actualizaci\u00f3n y formaci\u00f3n permanente, en bien de la Educaci\u00f3n.\",\"sameAs\":[\"http:\\\/\\\/webdelmaestrocmf.com\\\/portal\",\"https:\\\/\\\/www.facebook.com\\\/WebdelMaestroCMF\\\/\",\"https:\\\/\\\/www.instagram.com\\\/wmcmf\\\/\",\"https:\\\/\\\/cl.linkedin.com\\\/company\\\/web-del-maestro-cmf\",\"https:\\\/\\\/www.pinterest.com\\\/WMCMF\\\/publicaciones\\\/\",\"https:\\\/\\\/x.com\\\/cmf_w\",\"https:\\\/\\\/www.youtube.com\\\/@WMCMF\"]}]}<\/script>\n<!-- \/ Yoast SEO plugin. -->","yoast_head_json":{"title":"Pilares para una transformaci\u00f3n en los m\u00e9todos de aprendizaje","description":"Un estudio de once colegios, entre p\u00fablicos y privados, de lugares y contextos socioecon\u00f3micos diversos de la geograf\u00eda...","robots":{"index":"index","follow":"follow","max-snippet":"max-snippet:-1","max-image-preview":"max-image-preview:large","max-video-preview":"max-video-preview:-1"},"canonical":"https:\/\/webdelmaestrocmf.com\/portal\/nueve-pilares-una-transformacion-los-metodos-aprendizaje\/","og_locale":"es_ES","og_type":"article","og_title":"Pilares para una transformaci\u00f3n en los m\u00e9todos de aprendizaje","og_description":"Un estudio de once colegios, entre p\u00fablicos y privados, de lugares y contextos socioecon\u00f3micos diversos de la geograf\u00eda...","og_url":"https:\/\/webdelmaestrocmf.com\/portal\/nueve-pilares-una-transformacion-los-metodos-aprendizaje\/","og_site_name":"Web del Maestro CMF","article_publisher":"https:\/\/www.facebook.com\/WebdelMaestroCMF\/","article_author":"https:\/\/www.facebook.com\/WebdelMaestroCMF\/","article_published_time":"2020-03-01T03:20:14+00:00","article_modified_time":"2023-11-21T17:09:25+00:00","og_image":[{"width":1100,"height":680,"url":"https:\/\/webdelmaestrocmf.com\/portal\/wp-content\/uploads\/2019\/07\/1-104.jpg","type":"image\/jpeg"}],"author":"Web del Maestro CMF","twitter_card":"summary_large_image","twitter_creator":"@cmf_w","twitter_site":"@cmf_w","schema":{"@context":"https:\/\/schema.org","@graph":[{"@type":"ScholarlyArticle","@id":"https:\/\/webdelmaestrocmf.com\/portal\/nueve-pilares-una-transformacion-los-metodos-aprendizaje\/#article","isPartOf":{"@id":"https:\/\/webdelmaestrocmf.com\/portal\/nueve-pilares-una-transformacion-los-metodos-aprendizaje\/"},"author":{"name":"Web del Maestro CMF","@id":"https:\/\/webdelmaestrocmf.com\/portal\/#\/schema\/person\/ebc57e23d318c9c4270c6f41367015b5"},"headline":"Pilares para una transformaci\u00f3n en los m\u00e9todos de aprendizaje","datePublished":"2020-03-01T03:20:14+00:00","dateModified":"2023-11-21T17:09:25+00:00","mainEntityOfPage":{"@id":"https:\/\/webdelmaestrocmf.com\/portal\/nueve-pilares-una-transformacion-los-metodos-aprendizaje\/"},"wordCount":522,"commentCount":0,"publisher":{"@id":"https:\/\/webdelmaestrocmf.com\/portal\/#organization"},"image":{"@id":"https:\/\/webdelmaestrocmf.com\/portal\/nueve-pilares-una-transformacion-los-metodos-aprendizaje\/#primaryimage"},"thumbnailUrl":"https:\/\/webdelmaestrocmf.com\/portal\/wp-content\/uploads\/2019\/07\/1-104.jpg","keywords":["M\u00c9TODOS DE APRENDIZAJE","NUEVE","PILARES","TRANSFORMACI\u00d3N"],"articleSection":["Yo opino - WMCMF"],"inLanguage":"es","potentialAction":[{"@type":"CommentAction","name":"Comment","target":["https:\/\/webdelmaestrocmf.com\/portal\/nueve-pilares-una-transformacion-los-metodos-aprendizaje\/#respond"]}]},{"@type":"WebPage","@id":"https:\/\/webdelmaestrocmf.com\/portal\/nueve-pilares-una-transformacion-los-metodos-aprendizaje\/","url":"https:\/\/webdelmaestrocmf.com\/portal\/nueve-pilares-una-transformacion-los-metodos-aprendizaje\/","name":"Pilares para una transformaci\u00f3n en los m\u00e9todos de aprendizaje","isPartOf":{"@id":"https:\/\/webdelmaestrocmf.com\/portal\/#website"},"primaryImageOfPage":{"@id":"https:\/\/webdelmaestrocmf.com\/portal\/nueve-pilares-una-transformacion-los-metodos-aprendizaje\/#primaryimage"},"image":{"@id":"https:\/\/webdelmaestrocmf.com\/portal\/nueve-pilares-una-transformacion-los-metodos-aprendizaje\/#primaryimage"},"thumbnailUrl":"https:\/\/webdelmaestrocmf.com\/portal\/wp-content\/uploads\/2019\/07\/1-104.jpg","datePublished":"2020-03-01T03:20:14+00:00","dateModified":"2023-11-21T17:09:25+00:00","description":"Un estudio de once colegios, entre p\u00fablicos y privados, de lugares y contextos socioecon\u00f3micos diversos de la geograf\u00eda...","breadcrumb":{"@id":"https:\/\/webdelmaestrocmf.com\/portal\/nueve-pilares-una-transformacion-los-metodos-aprendizaje\/#breadcrumb"},"inLanguage":"es","potentialAction":[{"@type":"ReadAction","target":["https:\/\/webdelmaestrocmf.com\/portal\/nueve-pilares-una-transformacion-los-metodos-aprendizaje\/"]}]},{"@type":"ImageObject","inLanguage":"es","@id":"https:\/\/webdelmaestrocmf.com\/portal\/nueve-pilares-una-transformacion-los-metodos-aprendizaje\/#primaryimage","url":"https:\/\/webdelmaestrocmf.com\/portal\/wp-content\/uploads\/2019\/07\/1-104.jpg","contentUrl":"https:\/\/webdelmaestrocmf.com\/portal\/wp-content\/uploads\/2019\/07\/1-104.jpg","width":1100,"height":680},{"@type":"BreadcrumbList","@id":"https:\/\/webdelmaestrocmf.com\/portal\/nueve-pilares-una-transformacion-los-metodos-aprendizaje\/#breadcrumb","itemListElement":[{"@type":"ListItem","position":1,"name":"Portada","item":"https:\/\/webdelmaestrocmf.com\/portal\/"},{"@type":"ListItem","position":2,"name":"Yo opino - WMCMF","item":"https:\/\/webdelmaestrocmf.com\/portal\/category\/jamb\/"},{"@type":"ListItem","position":3,"name":"Pilares para una transformaci\u00f3n en los m\u00e9todos de aprendizaje"}]},{"@type":"WebSite","@id":"https:\/\/webdelmaestrocmf.com\/portal\/#website","url":"https:\/\/webdelmaestrocmf.com\/portal\/","name":"Web del Maestro CMF","description":"Maestros al servicio de la educaci\u00f3n","publisher":{"@id":"https:\/\/webdelmaestrocmf.com\/portal\/#organization"},"alternateName":"WMCMF","potentialAction":[{"@type":"SearchAction","target":{"@type":"EntryPoint","urlTemplate":"https:\/\/webdelmaestrocmf.com\/portal\/?s={search_term_string}"},"query-input":{"@type":"PropertyValueSpecification","valueRequired":true,"valueName":"search_term_string"}}],"inLanguage":"es"},{"@type":"Organization","@id":"https:\/\/webdelmaestrocmf.com\/portal\/#organization","name":"Web del Maestro CMF","alternateName":"WMCMF","url":"https:\/\/webdelmaestrocmf.com\/portal\/","logo":{"@type":"ImageObject","inLanguage":"es","@id":"https:\/\/webdelmaestrocmf.com\/portal\/#\/schema\/logo\/image\/","url":"https:\/\/webdelmaestrocmf.com\/portal\/wp-content\/uploads\/2023\/01\/logo-wmcmf-2.png","contentUrl":"https:\/\/webdelmaestrocmf.com\/portal\/wp-content\/uploads\/2023\/01\/logo-wmcmf-2.png","width":200,"height":60,"caption":"Web del Maestro CMF"},"image":{"@id":"https:\/\/webdelmaestrocmf.com\/portal\/#\/schema\/logo\/image\/"},"sameAs":["https:\/\/www.facebook.com\/WebdelMaestroCMF\/","https:\/\/x.com\/cmf_w","https:\/\/www.pinterest.com\/WMCMF\/","https:\/\/www.linkedin.com\/company\/web-del-maestro-cmf\/","https:\/\/www.instagram.com\/wmcmf\/","https:\/\/www.youtube.com\/channel\/UCDPSvjbdodE5sHnC3OxutHw","https:\/\/mastodon.social\/@wmcmf","https:\/\/www.tiktok.com\/@webdelmaestrocmf"]},{"@type":"Person","@id":"https:\/\/webdelmaestrocmf.com\/portal\/#\/schema\/person\/ebc57e23d318c9c4270c6f41367015b5","name":"Web del Maestro CMF","image":{"@type":"ImageObject","inLanguage":"es","@id":"https:\/\/secure.gravatar.com\/avatar\/718b2df46e711f63dc8c16a160d16cc0104e961fe3c231eaaed2426975fc5e2d?s=96&d=mm&r=g","url":"https:\/\/secure.gravatar.com\/avatar\/718b2df46e711f63dc8c16a160d16cc0104e961fe3c231eaaed2426975fc5e2d?s=96&d=mm&r=g","contentUrl":"https:\/\/secure.gravatar.com\/avatar\/718b2df46e711f63dc8c16a160d16cc0104e961fe3c231eaaed2426975fc5e2d?s=96&d=mm&r=g","caption":"Web del Maestro CMF"},"description":"Esta Web se cre\u00f3 sin fines de lucro, con fines educativos, cient\u00edficos y acad\u00e9micos, para personas que tengan dificultades y\/o inconvenientes en visualizar el material original. El objetivo es entregar recursos, compartir experiencias y materiales que ayuden a los padres de familia, maestros y estudiantes en su actualizaci\u00f3n y formaci\u00f3n permanente, en bien de la Educaci\u00f3n.","sameAs":["http:\/\/webdelmaestrocmf.com\/portal","https:\/\/www.facebook.com\/WebdelMaestroCMF\/","https:\/\/www.instagram.com\/wmcmf\/","https:\/\/cl.linkedin.com\/company\/web-del-maestro-cmf","https:\/\/www.pinterest.com\/WMCMF\/publicaciones\/","https:\/\/x.com\/cmf_w","https:\/\/www.youtube.com\/@WMCMF"]}]}},"jetpack_featured_media_url":"https:\/\/webdelmaestrocmf.com\/portal\/wp-content\/uploads\/2019\/07\/1-104.jpg","jetpack_sharing_enabled":true,"jetpack-related-posts":[{"id":106838,"url":"https:\/\/webdelmaestrocmf.com\/portal\/transformacion-de-la-actividad-docente-desde-1989-2024\/","url_meta":{"origin":19890,"position":0},"title":"Transformaci\u00f3n de la actividad docente desde 1989 &#8211; 2024","author":"Web del Maestro CMF","date":"5 noviembre, 2024","format":false,"excerpt":"Hace 35 a\u00f1os, muchos \u00e9ramos 35 a\u00f1os m\u00e1s j\u00f3venes y las aulas eran muy distintas. Los docentes usaban pizarras, y los m\u00e1s innovadores recurr\u00edan a los \"acetatos\" con rotuladores de colores para dar vida a las transparencias. Los m\u00e9dicos y cient\u00edficos hac\u00edan presentaciones con diapositivas en retroproyectores, y en las\u2026","rel":"","context":"En \u00abDocentes\u00bb","block_context":{"text":"Docentes","link":"https:\/\/webdelmaestrocmf.com\/portal\/category\/pedagogia\/docentes\/"},"img":{"alt_text":"","src":"https:\/\/i0.wp.com\/webdelmaestrocmf.com\/portal\/wp-content\/uploads\/2024\/11\/Banner-1-portada-imagen-10-1-25.jpg?resize=350%2C200&ssl=1","width":350,"height":200,"srcset":"https:\/\/i0.wp.com\/webdelmaestrocmf.com\/portal\/wp-content\/uploads\/2024\/11\/Banner-1-portada-imagen-10-1-25.jpg?resize=350%2C200&ssl=1 1x, https:\/\/i0.wp.com\/webdelmaestrocmf.com\/portal\/wp-content\/uploads\/2024\/11\/Banner-1-portada-imagen-10-1-25.jpg?resize=525%2C300&ssl=1 1.5x, https:\/\/i0.wp.com\/webdelmaestrocmf.com\/portal\/wp-content\/uploads\/2024\/11\/Banner-1-portada-imagen-10-1-25.jpg?resize=700%2C400&ssl=1 2x"},"classes":[]},{"id":90531,"url":"https:\/\/webdelmaestrocmf.com\/portal\/libros-para-el-maestro-de-la-nueva-escuela-mexicana\/","url_meta":{"origin":19890,"position":1},"title":"Libros para el maestro de la Nueva Escuela Mexicana","author":"Web del Maestro CMF","date":"14 julio, 2023","format":false,"excerpt":"La nueva escuela mexicana es una propuesta de transformaci\u00f3n educativa implementada en M\u00e9xico con el objetivo de mejorar la calidad y equidad en la educaci\u00f3n. Como parte de esta iniciativa, se han desarrollado una serie de materiales y recursos para apoyar a los maestros en su labor docente, entre ellos\u2026","rel":"","context":"En \u00abDescargas Manuales PDF\u00bb","block_context":{"text":"Descargas Manuales PDF","link":"https:\/\/webdelmaestrocmf.com\/portal\/category\/pedagogia\/descargas-manuales-pdf\/"},"img":{"alt_text":"","src":"https:\/\/i0.wp.com\/webdelmaestrocmf.com\/portal\/wp-content\/uploads\/2023\/07\/A12B3C4D-2023-07-14T114942.426.jpg?resize=350%2C200&ssl=1","width":350,"height":200,"srcset":"https:\/\/i0.wp.com\/webdelmaestrocmf.com\/portal\/wp-content\/uploads\/2023\/07\/A12B3C4D-2023-07-14T114942.426.jpg?resize=350%2C200&ssl=1 1x, https:\/\/i0.wp.com\/webdelmaestrocmf.com\/portal\/wp-content\/uploads\/2023\/07\/A12B3C4D-2023-07-14T114942.426.jpg?resize=525%2C300&ssl=1 1.5x, https:\/\/i0.wp.com\/webdelmaestrocmf.com\/portal\/wp-content\/uploads\/2023\/07\/A12B3C4D-2023-07-14T114942.426.jpg?resize=700%2C400&ssl=1 2x"},"classes":[]},{"id":18260,"url":"https:\/\/webdelmaestrocmf.com\/portal\/el-cambio-de-modelo-educativo-es-una-propuesta-que-nace-en-la-escuela-publica\/","url_meta":{"origin":19890,"position":2},"title":"EL CAMBIO DE MODELO EDUCATIVO ES UNA PROPUESTA QUE NACE EN LA ESCUELA P\u00daBLICA","author":"Web del Maestro CMF","date":"13 septiembre, 2018","format":false,"excerpt":"Hace 12 a\u00f1os,\u00a0Virolai\u00a0arranc\u00f3 la que ser\u00eda una profunda evoluci\u00f3n de su modelo educativo. Cuando el conocimiento \u201clectivo\u201d apenas se cuestionaba, la instituci\u00f3n propuso una revoluci\u00f3n que situ\u00f3 al alumno en el centro y plante\u00f3 a los maestros el reto de renovar sus metodolog\u00edas para decidir que la mayor ense\u00f1anza ser\u00eda\u2026","rel":"","context":"En \u00abSin categor\u00eda\u00bb","block_context":{"text":"Sin categor\u00eda","link":"https:\/\/webdelmaestrocmf.com\/portal\/category\/sin-categoria-es\/"},"img":{"alt_text":"","src":"https:\/\/i0.wp.com\/webdelmaestrocmf.com\/portal\/wp-content\/uploads\/2017\/05\/1-43.jpg?resize=350%2C200&ssl=1","width":350,"height":200,"srcset":"https:\/\/i0.wp.com\/webdelmaestrocmf.com\/portal\/wp-content\/uploads\/2017\/05\/1-43.jpg?resize=350%2C200&ssl=1 1x, https:\/\/i0.wp.com\/webdelmaestrocmf.com\/portal\/wp-content\/uploads\/2017\/05\/1-43.jpg?resize=525%2C300&ssl=1 1.5x, https:\/\/i0.wp.com\/webdelmaestrocmf.com\/portal\/wp-content\/uploads\/2017\/05\/1-43.jpg?resize=700%2C400&ssl=1 2x, https:\/\/i0.wp.com\/webdelmaestrocmf.com\/portal\/wp-content\/uploads\/2017\/05\/1-43.jpg?resize=1050%2C600&ssl=1 3x"},"classes":[]},{"id":101755,"url":"https:\/\/webdelmaestrocmf.com\/portal\/que-es-el-aprendizaje-experiencial\/","url_meta":{"origin":19890,"position":3},"title":"Qu\u00e9 es el Aprendizaje Experiencial","author":"Web del Maestro CMF","date":"18 diciembre, 2023","format":false,"excerpt":"El aprendizaje experiencial, tambi\u00e9n conocido como x-learning, es un fascinante m\u00e9todo educativo que lleva a los estudiantes m\u00e1s all\u00e1 de los confines de las aulas tradicionales. En este enfoque, el conocimiento no es solo transmitido, sino que se crea a trav\u00e9s de la inmersi\u00f3n activa en situaciones del mundo real.\u2026","rel":"","context":"En \u00abAprendizaje\u00bb","block_context":{"text":"Aprendizaje","link":"https:\/\/webdelmaestrocmf.com\/portal\/category\/pedagogia\/aprendizaje\/"},"img":{"alt_text":"","src":"https:\/\/i0.wp.com\/webdelmaestrocmf.com\/portal\/wp-content\/uploads\/2023\/12\/Banner-1-portada-imagen-10-1-57.jpg?resize=350%2C200&ssl=1","width":350,"height":200,"srcset":"https:\/\/i0.wp.com\/webdelmaestrocmf.com\/portal\/wp-content\/uploads\/2023\/12\/Banner-1-portada-imagen-10-1-57.jpg?resize=350%2C200&ssl=1 1x, https:\/\/i0.wp.com\/webdelmaestrocmf.com\/portal\/wp-content\/uploads\/2023\/12\/Banner-1-portada-imagen-10-1-57.jpg?resize=525%2C300&ssl=1 1.5x, https:\/\/i0.wp.com\/webdelmaestrocmf.com\/portal\/wp-content\/uploads\/2023\/12\/Banner-1-portada-imagen-10-1-57.jpg?resize=700%2C400&ssl=1 2x"},"classes":[]},{"id":107119,"url":"https:\/\/webdelmaestrocmf.com\/portal\/las-practicas-positivas-y-negativas-de-los-docentes-segun-piaget\/","url_meta":{"origin":19890,"position":4},"title":"Las pr\u00e1cticas positivas y negativas de los docentes seg\u00fan Piaget","author":"Web del Maestro CMF","date":"10 diciembre, 2024","format":false,"excerpt":"La educaci\u00f3n tradicional ha estado marcada por pr\u00e1cticas r\u00edgidas que a menudo limitan el desarrollo del pensamiento cr\u00edtico y creativo en los estudiantes. Jean Piaget desarroll\u00f3 la Teor\u00eda del Desarrollo Cognitivo, una de las aportaciones m\u00e1s importantes en el campo de la psicolog\u00eda y la educaci\u00f3n. Esta teor\u00eda se centra\u2026","rel":"","context":"En \u00abMetodolog\u00edas\u00bb","block_context":{"text":"Metodolog\u00edas","link":"https:\/\/webdelmaestrocmf.com\/portal\/category\/pedagogia\/metodologias\/"},"img":{"alt_text":"","src":"https:\/\/i0.wp.com\/webdelmaestrocmf.com\/portal\/wp-content\/uploads\/2024\/12\/Banner-1-portada-imagen-10-1-13.jpg?resize=350%2C200&ssl=1","width":350,"height":200,"srcset":"https:\/\/i0.wp.com\/webdelmaestrocmf.com\/portal\/wp-content\/uploads\/2024\/12\/Banner-1-portada-imagen-10-1-13.jpg?resize=350%2C200&ssl=1 1x, https:\/\/i0.wp.com\/webdelmaestrocmf.com\/portal\/wp-content\/uploads\/2024\/12\/Banner-1-portada-imagen-10-1-13.jpg?resize=525%2C300&ssl=1 1.5x, https:\/\/i0.wp.com\/webdelmaestrocmf.com\/portal\/wp-content\/uploads\/2024\/12\/Banner-1-portada-imagen-10-1-13.jpg?resize=700%2C400&ssl=1 2x"},"classes":[]},{"id":85898,"url":"https:\/\/webdelmaestrocmf.com\/portal\/comparativa-entre-abretos-abproyectos-y-abproblemas\/","url_meta":{"origin":19890,"position":5},"title":"Comparativa entre Aprendizaje Basado en Retos, Aprendizaje Basado en Proyectos y Aprendizaje Basado en Problemas","author":"Web del Maestro CMF","date":"24 abril, 2023","format":false,"excerpt":"En el \u00e1mbito educativo, la realizaci\u00f3n de una comparativa entre el Aprendizaje Basado en Retos, el Aprendizaje Basado en Proyectos y el Aprendizaje Basado en Problemas se presenta como un ejercicio esclarecedor para analizar las diferencias y similitudes entre estos enfoques pedag\u00f3gicos. Cada uno de estos m\u00e9todos comparte el prop\u00f3sito\u2026","rel":"","context":"En \u00abAprendizaje basado en problemas\u00bb","block_context":{"text":"Aprendizaje basado en problemas","link":"https:\/\/webdelmaestrocmf.com\/portal\/category\/pedagogia\/aprendizaje-basado-en-problemas\/"},"img":{"alt_text":"comparativa","src":"https:\/\/i0.wp.com\/webdelmaestrocmf.com\/portal\/wp-content\/uploads\/2023\/03\/A12B3C4D-22.jpg?resize=350%2C200&ssl=1","width":350,"height":200,"srcset":"https:\/\/i0.wp.com\/webdelmaestrocmf.com\/portal\/wp-content\/uploads\/2023\/03\/A12B3C4D-22.jpg?resize=350%2C200&ssl=1 1x, https:\/\/i0.wp.com\/webdelmaestrocmf.com\/portal\/wp-content\/uploads\/2023\/03\/A12B3C4D-22.jpg?resize=525%2C300&ssl=1 1.5x, https:\/\/i0.wp.com\/webdelmaestrocmf.com\/portal\/wp-content\/uploads\/2023\/03\/A12B3C4D-22.jpg?resize=700%2C400&ssl=1 2x"},"classes":[]}],"_links":{"self":[{"href":"https:\/\/webdelmaestrocmf.com\/portal\/wp-json\/wp\/v2\/posts\/19890","targetHints":{"allow":["GET"]}}],"collection":[{"href":"https:\/\/webdelmaestrocmf.com\/portal\/wp-json\/wp\/v2\/posts"}],"about":[{"href":"https:\/\/webdelmaestrocmf.com\/portal\/wp-json\/wp\/v2\/types\/post"}],"author":[{"embeddable":true,"href":"https:\/\/webdelmaestrocmf.com\/portal\/wp-json\/wp\/v2\/users\/2"}],"replies":[{"embeddable":true,"href":"https:\/\/webdelmaestrocmf.com\/portal\/wp-json\/wp\/v2\/comments?post=19890"}],"version-history":[{"count":0,"href":"https:\/\/webdelmaestrocmf.com\/portal\/wp-json\/wp\/v2\/posts\/19890\/revisions"}],"wp:featuredmedia":[{"embeddable":true,"href":"https:\/\/webdelmaestrocmf.com\/portal\/wp-json\/wp\/v2\/media\/44923"}],"wp:attachment":[{"href":"https:\/\/webdelmaestrocmf.com\/portal\/wp-json\/wp\/v2\/media?parent=19890"}],"wp:term":[{"taxonomy":"category","embeddable":true,"href":"https:\/\/webdelmaestrocmf.com\/portal\/wp-json\/wp\/v2\/categories?post=19890"},{"taxonomy":"post_tag","embeddable":true,"href":"https:\/\/webdelmaestrocmf.com\/portal\/wp-json\/wp\/v2\/tags?post=19890"}],"curies":[{"name":"wp","href":"https:\/\/api.w.org\/{rel}","templated":true}]}}