{"id":19772,"date":"2017-06-20T13:15:35","date_gmt":"2017-06-20T17:15:35","guid":{"rendered":"http:\/\/webdelmaestrocmf.com\/portal\/?p=19772"},"modified":"2021-10-23T17:06:04","modified_gmt":"2021-10-23T20:06:04","slug":"profesor-baila-desarrolla-la-clases-matematica-pizarron","status":"publish","type":"post","link":"https:\/\/webdelmaestrocmf.com\/portal\/profesor-baila-desarrolla-la-clases-matematica-pizarron\/","title":{"rendered":"PROFESOR BAILA MIENTRAS DESARROLLA LA CLASES DE MATEM\u00c1TICA EN EL PIZARR\u00d3N"},"content":{"rendered":"<h3 style=\"text-align: justify;\">Uno de los <strong>aparatos electr\u00f3nicos<\/strong> que hoy m\u00e1s usan los estudiantes, (o est\u00e1n en v\u00edas de usar) es el celular, m\u00f3vil, tel\u00e9fono inteligente, smarthphone, \u2026 y van con ellos a todas partes, incluidos <strong>los tiempos de convivencia familiar y de descanso<\/strong>.<\/h3>\n<p style=\"text-align: justify;\">\u00bfQu\u00e9 hacer cuando los traen a la escuela? Algunas autoridades orden que \u201cno los traigan a la escuela\u201d (o en \u201cmensaje oculto\u201d: \u201cesc\u00f3ndalos bien para que no se los encuentre\u201d); sin embargo, (siendo realistas) se ha hecho un complemento de comunicaci\u00f3n, entretenimiento, relajaci\u00f3n, etc. del ser humano de hoy.<\/p>\n<p><!--more--><\/p>\n<p style=\"text-align: justify;\"><strong>\u00bfPor qu\u00e9 no ense\u00f1ar a usarlos como recursos para el aprendizaje?<\/strong> Parece que mucho depender\u00e1 de la creatividad y la capacidad innovadora del profesor, siempre que no encuentre \u201csuperiores\u201d contrarios a descubrir nuevos itinerarios educativos.<\/p>\n<p><iframe loading=\"lazy\" src=\"https:\/\/www.youtube.com\/embed\/y3yrPDF2khk\" width=\"900\" height=\"400\" frameborder=\"0\" allowfullscreen=\"allowfullscreen\"><\/iframe><\/p>\n<p style=\"text-align: justify;\">Aprovechando los actuales instrumentos tecnol\u00f3gicos de informaci\u00f3n y comunicaci\u00f3n, el profesor argentino de Matem\u00e1tica y Geograf\u00eda, Marcos Delle Piane, tuvo una \u201cinspiraci\u00f3n\u201d que la puso en pr\u00e1ctica. Para unos fue \u201cuna falta de respeto al tradicional sistema educativo\u201d, para otros el entregar \u201cel celular a un alumno, <strong>con el Playlist abierto<\/strong>, para que, durante la resoluci\u00f3n de los problemas matem\u00e1ticos, los acompa\u00f1e un tema\u201d; hizo el proceso de aprendizaje \u201cm\u00e1s divertido\u201d.<\/p>\n<p style=\"text-align: justify;\">Otros art\u00edculos relacionados que recomendamos son: <span style=\"text-decoration: underline;\"><a href=\"http:\/\/webdelmaestrocmf.com\/portal\/pablo-ferreiro-si-no-te-diviertes-ensenando-dedicate-a-otra-cosa\/\" target=\"_blank\" rel=\"noopener\"><strong>SI NO TE DIVIERTES ENSE\u00d1ANDO DED\u00cdCATE A OTRA COSA<\/strong><\/a><\/span>, y <span style=\"text-decoration: underline;\"><a href=\"http:\/\/webdelmaestrocmf.com\/portal\/profesor-peruano-se-disfraza-personajes-ensenar-historia-alumnos\/\" target=\"_blank\" rel=\"noopener\"><strong>PROFESOR SE DISFRAZA DE PERSONAJES PARA ENSENAR HISTORIA A SUS ALUMNOS<\/strong><\/a><\/span>.<\/p>\n<p><a href=\"http:\/\/webdelmaestrocmf.com\/portal\/wp-content\/uploads\/2017\/06\/r1mCBMgmZ_930x525.jpg\"><img loading=\"lazy\" decoding=\"async\" class=\"aligncenter size-full wp-image-19777\" src=\"http:\/\/webdelmaestrocmf.com\/portal\/wp-content\/uploads\/2017\/06\/r1mCBMgmZ_930x525.jpg\" alt=\"\" width=\"930\" height=\"525\" srcset=\"https:\/\/webdelmaestrocmf.com\/portal\/wp-content\/uploads\/2017\/06\/r1mCBMgmZ_930x525.jpg 930w, https:\/\/webdelmaestrocmf.com\/portal\/wp-content\/uploads\/2017\/06\/r1mCBMgmZ_930x525-300x169.jpg 300w, https:\/\/webdelmaestrocmf.com\/portal\/wp-content\/uploads\/2017\/06\/r1mCBMgmZ_930x525-768x434.jpg 768w, https:\/\/webdelmaestrocmf.com\/portal\/wp-content\/uploads\/2017\/06\/r1mCBMgmZ_930x525-280x158.jpg 280w\" sizes=\"auto, (max-width: 930px) 100vw, 930px\" \/><\/a><\/p>\n<p style=\"text-align: justify;\">Compartimos el art\u00edculo de Claudio Andrade\u00a0<a href=\"https:\/\/www.clarin.com\/sociedad\/historia-maestro-revoluciono-redes-bailando-despacito_0_rku3iVZQb.html\" target=\"_blank\" rel=\"noopener\"><span style=\"text-decoration: underline;\">EL M\u00c9TODO DEL MAESTRO QUE REVOLUCION\u00d3 LAS REDES BAILANDO \u00abDESPACITO<\/span>\u00ab<\/a>, que publica el Diario Clar\u00edn (Buenos Aires \u2013 Argentina), con fines \u00fanicamente educativos \u2013 pastorales, para conocer la experiencia del profesor Marcos, quien se entusiasma, planifica y <strong>logra unas clases que le est\u00e1n reportando mejores resultados que con sus m\u00e9todos anteriores<\/strong>. Les recomendamos conocer esta experiencia (incluido un video) para quienes est\u00e9n interesados o simplemente conocer; a lo mejor pronto nos podr\u00e1n compartir un nuevo itinerario pedag\u00f3gico, porque <strong>educar es una pasi\u00f3n que se renueva<\/strong>.<\/p>\n<p style=\"text-align: right;\"><strong>REDACCI\u00d3N WEB DEL MAESTRO CMF\u00a0<\/strong><\/p>\n<p style=\"text-align: right;\"><strong>FUENTE:\u00a0CLAR\u00cdN (Buenos Aires, Argentina) <a href=\"http:\/\/www.clarin.com\/\" target=\"_blank\" rel=\"noopener\">www.clarin.com<\/a><\/strong><\/p>\n","protected":false},"excerpt":{"rendered":"Uno de los aparatos electr\u00f3nicos que hoy m\u00e1s usan los estudiantes, (o est\u00e1n en v\u00edas de usar) es&hellip;","protected":false},"author":2,"featured_media":19776,"comment_status":"open","ping_status":"open","sticky":false,"template":"","format":"standard","meta":{"csco_display_header_overlay":false,"csco_singular_sidebar":"default","csco_page_header_type":"default","csco_page_load_nextpost":"default","csco_post_video_location":[],"csco_post_video_location_hash":"","csco_post_video_url":"","csco_post_video_bg_start_time":0,"csco_post_video_bg_end_time":0,"csco_post_video_bg_volume":false,"_jetpack_memberships_contains_paid_content":false,"footnotes":""},"categories":[6894],"tags":[2354,370,2355,342],"class_list":{"0":"post-19772","1":"post","2":"type-post","3":"status-publish","4":"format-standard","5":"has-post-thumbnail","7":"category-sin-categoria-es","8":"tag-baila","9":"tag-matematica","10":"tag-pizarron","11":"tag-profesor","12":"cs-entry","13":"cs-video-wrap"},"yoast_head":"<!-- This site is optimized with the Yoast SEO plugin v27.5 - https:\/\/yoast.com\/product\/yoast-seo-wordpress\/ -->\n<title>PROFESOR BAILA MIENTRAS DESARROLLA LA CLASES DE MATEM\u00c1TICA EN EL PIZARR\u00d3N - 2026<\/title>\n<meta name=\"description\" content=\"Aprovechando los actuales instrumentos tecnol\u00f3gicos de informaci\u00f3n y comunicaci\u00f3n, el profesor argentino de Matem\u00e1tica y Geograf\u00eda...\" \/>\n<meta name=\"robots\" content=\"index, follow, max-snippet:-1, max-image-preview:large, max-video-preview:-1\" \/>\n<link rel=\"canonical\" href=\"https:\/\/webdelmaestrocmf.com\/portal\/profesor-baila-desarrolla-la-clases-matematica-pizarron\/\" \/>\n<meta property=\"og:locale\" content=\"es_ES\" \/>\n<meta property=\"og:type\" content=\"article\" \/>\n<meta property=\"og:title\" content=\"PROFESOR BAILA MIENTRAS DESARROLLA LA CLASES DE MATEM\u00c1TICA EN EL PIZARR\u00d3N - 2026\" \/>\n<meta property=\"og:description\" content=\"Aprovechando los actuales instrumentos tecnol\u00f3gicos de informaci\u00f3n y comunicaci\u00f3n, el profesor argentino de Matem\u00e1tica y Geograf\u00eda...\" \/>\n<meta property=\"og:url\" content=\"https:\/\/webdelmaestrocmf.com\/portal\/profesor-baila-desarrolla-la-clases-matematica-pizarron\/\" \/>\n<meta property=\"og:site_name\" content=\"Web del Maestro CMF\" \/>\n<meta property=\"article:publisher\" content=\"https:\/\/www.facebook.com\/WebdelMaestroCMF\/\" \/>\n<meta property=\"article:author\" content=\"https:\/\/www.facebook.com\/WebdelMaestroCMF\/\" \/>\n<meta property=\"article:published_time\" content=\"2017-06-20T17:15:35+00:00\" \/>\n<meta property=\"article:modified_time\" content=\"2021-10-23T20:06:04+00:00\" \/>\n<meta property=\"og:image\" content=\"https:\/\/i0.wp.com\/webdelmaestrocmf.com\/portal\/wp-content\/uploads\/2017\/06\/Profesor-Matem\u00e1tica-1.jpg?fit=855%2C405&ssl=1\" \/>\n\t<meta property=\"og:image:width\" content=\"855\" \/>\n\t<meta property=\"og:image:height\" content=\"405\" \/>\n\t<meta property=\"og:image:type\" content=\"image\/jpeg\" \/>\n<meta name=\"author\" content=\"Web del Maestro CMF\" \/>\n<meta name=\"twitter:card\" content=\"summary_large_image\" \/>\n<meta name=\"twitter:creator\" content=\"@cmf_w\" \/>\n<meta name=\"twitter:site\" content=\"@cmf_w\" \/>\n<script type=\"application\/ld+json\" class=\"yoast-schema-graph\">{\"@context\":\"https:\\\/\\\/schema.org\",\"@graph\":[{\"@type\":\"ScholarlyArticle\",\"@id\":\"https:\\\/\\\/webdelmaestrocmf.com\\\/portal\\\/profesor-baila-desarrolla-la-clases-matematica-pizarron\\\/#article\",\"isPartOf\":{\"@id\":\"https:\\\/\\\/webdelmaestrocmf.com\\\/portal\\\/profesor-baila-desarrolla-la-clases-matematica-pizarron\\\/\"},\"author\":{\"name\":\"Web del Maestro CMF\",\"@id\":\"https:\\\/\\\/webdelmaestrocmf.com\\\/portal\\\/#\\\/schema\\\/person\\\/ebc57e23d318c9c4270c6f41367015b5\"},\"headline\":\"PROFESOR BAILA MIENTRAS DESARROLLA LA CLASES DE MATEM\u00c1TICA EN EL PIZARR\u00d3N\",\"datePublished\":\"2017-06-20T17:15:35+00:00\",\"dateModified\":\"2021-10-23T20:06:04+00:00\",\"mainEntityOfPage\":{\"@id\":\"https:\\\/\\\/webdelmaestrocmf.com\\\/portal\\\/profesor-baila-desarrolla-la-clases-matematica-pizarron\\\/\"},\"wordCount\":372,\"commentCount\":0,\"publisher\":{\"@id\":\"https:\\\/\\\/webdelmaestrocmf.com\\\/portal\\\/#organization\"},\"image\":{\"@id\":\"https:\\\/\\\/webdelmaestrocmf.com\\\/portal\\\/profesor-baila-desarrolla-la-clases-matematica-pizarron\\\/#primaryimage\"},\"thumbnailUrl\":\"https:\\\/\\\/webdelmaestrocmf.com\\\/portal\\\/wp-content\\\/uploads\\\/2017\\\/06\\\/Profesor-Matem\u00e1tica-1.jpg\",\"keywords\":[\"BAILA\",\"MATEM\u00c1TICA\",\"PIZARR\u00d3N\",\"profesor\"],\"inLanguage\":\"es\",\"potentialAction\":[{\"@type\":\"CommentAction\",\"name\":\"Comment\",\"target\":[\"https:\\\/\\\/webdelmaestrocmf.com\\\/portal\\\/profesor-baila-desarrolla-la-clases-matematica-pizarron\\\/#respond\"]}]},{\"@type\":\"WebPage\",\"@id\":\"https:\\\/\\\/webdelmaestrocmf.com\\\/portal\\\/profesor-baila-desarrolla-la-clases-matematica-pizarron\\\/\",\"url\":\"https:\\\/\\\/webdelmaestrocmf.com\\\/portal\\\/profesor-baila-desarrolla-la-clases-matematica-pizarron\\\/\",\"name\":\"PROFESOR BAILA MIENTRAS DESARROLLA LA CLASES DE MATEM\u00c1TICA EN EL PIZARR\u00d3N - 2026\",\"isPartOf\":{\"@id\":\"https:\\\/\\\/webdelmaestrocmf.com\\\/portal\\\/#website\"},\"primaryImageOfPage\":{\"@id\":\"https:\\\/\\\/webdelmaestrocmf.com\\\/portal\\\/profesor-baila-desarrolla-la-clases-matematica-pizarron\\\/#primaryimage\"},\"image\":{\"@id\":\"https:\\\/\\\/webdelmaestrocmf.com\\\/portal\\\/profesor-baila-desarrolla-la-clases-matematica-pizarron\\\/#primaryimage\"},\"thumbnailUrl\":\"https:\\\/\\\/webdelmaestrocmf.com\\\/portal\\\/wp-content\\\/uploads\\\/2017\\\/06\\\/Profesor-Matem\u00e1tica-1.jpg\",\"datePublished\":\"2017-06-20T17:15:35+00:00\",\"dateModified\":\"2021-10-23T20:06:04+00:00\",\"description\":\"Aprovechando los actuales instrumentos tecnol\u00f3gicos de informaci\u00f3n y comunicaci\u00f3n, el profesor argentino de Matem\u00e1tica y Geograf\u00eda...\",\"breadcrumb\":{\"@id\":\"https:\\\/\\\/webdelmaestrocmf.com\\\/portal\\\/profesor-baila-desarrolla-la-clases-matematica-pizarron\\\/#breadcrumb\"},\"inLanguage\":\"es\",\"potentialAction\":[{\"@type\":\"ReadAction\",\"target\":[\"https:\\\/\\\/webdelmaestrocmf.com\\\/portal\\\/profesor-baila-desarrolla-la-clases-matematica-pizarron\\\/\"]}]},{\"@type\":\"ImageObject\",\"inLanguage\":\"es\",\"@id\":\"https:\\\/\\\/webdelmaestrocmf.com\\\/portal\\\/profesor-baila-desarrolla-la-clases-matematica-pizarron\\\/#primaryimage\",\"url\":\"https:\\\/\\\/webdelmaestrocmf.com\\\/portal\\\/wp-content\\\/uploads\\\/2017\\\/06\\\/Profesor-Matem\u00e1tica-1.jpg\",\"contentUrl\":\"https:\\\/\\\/webdelmaestrocmf.com\\\/portal\\\/wp-content\\\/uploads\\\/2017\\\/06\\\/Profesor-Matem\u00e1tica-1.jpg\",\"width\":855,\"height\":405},{\"@type\":\"BreadcrumbList\",\"@id\":\"https:\\\/\\\/webdelmaestrocmf.com\\\/portal\\\/profesor-baila-desarrolla-la-clases-matematica-pizarron\\\/#breadcrumb\",\"itemListElement\":[{\"@type\":\"ListItem\",\"position\":1,\"name\":\"Portada\",\"item\":\"https:\\\/\\\/webdelmaestrocmf.com\\\/portal\\\/\"},{\"@type\":\"ListItem\",\"position\":2,\"name\":\"Noticias\",\"item\":\"https:\\\/\\\/webdelmaestrocmf.com\\\/portal\\\/category\\\/noticias\\\/\"},{\"@type\":\"ListItem\",\"position\":3,\"name\":\"PROFESOR BAILA MIENTRAS DESARROLLA LA CLASES DE MATEM\u00c1TICA EN EL PIZARR\u00d3N\"}]},{\"@type\":\"WebSite\",\"@id\":\"https:\\\/\\\/webdelmaestrocmf.com\\\/portal\\\/#website\",\"url\":\"https:\\\/\\\/webdelmaestrocmf.com\\\/portal\\\/\",\"name\":\"Web del Maestro CMF\",\"description\":\"Maestros al servicio de la educaci\u00f3n\",\"publisher\":{\"@id\":\"https:\\\/\\\/webdelmaestrocmf.com\\\/portal\\\/#organization\"},\"alternateName\":\"WMCMF\",\"potentialAction\":[{\"@type\":\"SearchAction\",\"target\":{\"@type\":\"EntryPoint\",\"urlTemplate\":\"https:\\\/\\\/webdelmaestrocmf.com\\\/portal\\\/?s={search_term_string}\"},\"query-input\":{\"@type\":\"PropertyValueSpecification\",\"valueRequired\":true,\"valueName\":\"search_term_string\"}}],\"inLanguage\":\"es\"},{\"@type\":\"Organization\",\"@id\":\"https:\\\/\\\/webdelmaestrocmf.com\\\/portal\\\/#organization\",\"name\":\"Web del Maestro CMF\",\"alternateName\":\"WMCMF\",\"url\":\"https:\\\/\\\/webdelmaestrocmf.com\\\/portal\\\/\",\"logo\":{\"@type\":\"ImageObject\",\"inLanguage\":\"es\",\"@id\":\"https:\\\/\\\/webdelmaestrocmf.com\\\/portal\\\/#\\\/schema\\\/logo\\\/image\\\/\",\"url\":\"https:\\\/\\\/webdelmaestrocmf.com\\\/portal\\\/wp-content\\\/uploads\\\/2023\\\/01\\\/logo-wmcmf-2.png\",\"contentUrl\":\"https:\\\/\\\/webdelmaestrocmf.com\\\/portal\\\/wp-content\\\/uploads\\\/2023\\\/01\\\/logo-wmcmf-2.png\",\"width\":200,\"height\":60,\"caption\":\"Web del Maestro CMF\"},\"image\":{\"@id\":\"https:\\\/\\\/webdelmaestrocmf.com\\\/portal\\\/#\\\/schema\\\/logo\\\/image\\\/\"},\"sameAs\":[\"https:\\\/\\\/www.facebook.com\\\/WebdelMaestroCMF\\\/\",\"https:\\\/\\\/x.com\\\/cmf_w\",\"https:\\\/\\\/www.pinterest.com\\\/WMCMF\\\/\",\"https:\\\/\\\/www.linkedin.com\\\/company\\\/web-del-maestro-cmf\\\/\",\"https:\\\/\\\/www.instagram.com\\\/wmcmf\\\/\",\"https:\\\/\\\/www.youtube.com\\\/channel\\\/UCDPSvjbdodE5sHnC3OxutHw\",\"https:\\\/\\\/mastodon.social\\\/@wmcmf\",\"https:\\\/\\\/www.tiktok.com\\\/@webdelmaestrocmf\"]},{\"@type\":\"Person\",\"@id\":\"https:\\\/\\\/webdelmaestrocmf.com\\\/portal\\\/#\\\/schema\\\/person\\\/ebc57e23d318c9c4270c6f41367015b5\",\"name\":\"Web del Maestro CMF\",\"image\":{\"@type\":\"ImageObject\",\"inLanguage\":\"es\",\"@id\":\"https:\\\/\\\/secure.gravatar.com\\\/avatar\\\/718b2df46e711f63dc8c16a160d16cc0104e961fe3c231eaaed2426975fc5e2d?s=96&d=mm&r=g\",\"url\":\"https:\\\/\\\/secure.gravatar.com\\\/avatar\\\/718b2df46e711f63dc8c16a160d16cc0104e961fe3c231eaaed2426975fc5e2d?s=96&d=mm&r=g\",\"contentUrl\":\"https:\\\/\\\/secure.gravatar.com\\\/avatar\\\/718b2df46e711f63dc8c16a160d16cc0104e961fe3c231eaaed2426975fc5e2d?s=96&d=mm&r=g\",\"caption\":\"Web del Maestro CMF\"},\"description\":\"Esta Web se cre\u00f3 sin fines de lucro, con fines educativos, cient\u00edficos y acad\u00e9micos, para personas que tengan dificultades y\\\/o inconvenientes en visualizar el material original. El objetivo es entregar recursos, compartir experiencias y materiales que ayuden a los padres de familia, maestros y estudiantes en su actualizaci\u00f3n y formaci\u00f3n permanente, en bien de la Educaci\u00f3n.\",\"sameAs\":[\"http:\\\/\\\/webdelmaestrocmf.com\\\/portal\",\"https:\\\/\\\/www.facebook.com\\\/WebdelMaestroCMF\\\/\",\"https:\\\/\\\/www.instagram.com\\\/wmcmf\\\/\",\"https:\\\/\\\/cl.linkedin.com\\\/company\\\/web-del-maestro-cmf\",\"https:\\\/\\\/www.pinterest.com\\\/WMCMF\\\/publicaciones\\\/\",\"https:\\\/\\\/x.com\\\/cmf_w\",\"https:\\\/\\\/www.youtube.com\\\/@WMCMF\"]}]}<\/script>\n<!-- \/ Yoast SEO plugin. -->","yoast_head_json":{"title":"PROFESOR BAILA MIENTRAS DESARROLLA LA CLASES DE MATEM\u00c1TICA EN EL PIZARR\u00d3N - 2026","description":"Aprovechando los actuales instrumentos tecnol\u00f3gicos de informaci\u00f3n y comunicaci\u00f3n, el profesor argentino de Matem\u00e1tica y Geograf\u00eda...","robots":{"index":"index","follow":"follow","max-snippet":"max-snippet:-1","max-image-preview":"max-image-preview:large","max-video-preview":"max-video-preview:-1"},"canonical":"https:\/\/webdelmaestrocmf.com\/portal\/profesor-baila-desarrolla-la-clases-matematica-pizarron\/","og_locale":"es_ES","og_type":"article","og_title":"PROFESOR BAILA MIENTRAS DESARROLLA LA CLASES DE MATEM\u00c1TICA EN EL PIZARR\u00d3N - 2026","og_description":"Aprovechando los actuales instrumentos tecnol\u00f3gicos de informaci\u00f3n y comunicaci\u00f3n, el profesor argentino de Matem\u00e1tica y Geograf\u00eda...","og_url":"https:\/\/webdelmaestrocmf.com\/portal\/profesor-baila-desarrolla-la-clases-matematica-pizarron\/","og_site_name":"Web del Maestro CMF","article_publisher":"https:\/\/www.facebook.com\/WebdelMaestroCMF\/","article_author":"https:\/\/www.facebook.com\/WebdelMaestroCMF\/","article_published_time":"2017-06-20T17:15:35+00:00","article_modified_time":"2021-10-23T20:06:04+00:00","og_image":[{"width":855,"height":405,"url":"https:\/\/i0.wp.com\/webdelmaestrocmf.com\/portal\/wp-content\/uploads\/2017\/06\/Profesor-Matem\u00e1tica-1.jpg?fit=855%2C405&ssl=1","type":"image\/jpeg"}],"author":"Web del Maestro CMF","twitter_card":"summary_large_image","twitter_creator":"@cmf_w","twitter_site":"@cmf_w","schema":{"@context":"https:\/\/schema.org","@graph":[{"@type":"ScholarlyArticle","@id":"https:\/\/webdelmaestrocmf.com\/portal\/profesor-baila-desarrolla-la-clases-matematica-pizarron\/#article","isPartOf":{"@id":"https:\/\/webdelmaestrocmf.com\/portal\/profesor-baila-desarrolla-la-clases-matematica-pizarron\/"},"author":{"name":"Web del Maestro CMF","@id":"https:\/\/webdelmaestrocmf.com\/portal\/#\/schema\/person\/ebc57e23d318c9c4270c6f41367015b5"},"headline":"PROFESOR BAILA MIENTRAS DESARROLLA LA CLASES DE MATEM\u00c1TICA EN EL PIZARR\u00d3N","datePublished":"2017-06-20T17:15:35+00:00","dateModified":"2021-10-23T20:06:04+00:00","mainEntityOfPage":{"@id":"https:\/\/webdelmaestrocmf.com\/portal\/profesor-baila-desarrolla-la-clases-matematica-pizarron\/"},"wordCount":372,"commentCount":0,"publisher":{"@id":"https:\/\/webdelmaestrocmf.com\/portal\/#organization"},"image":{"@id":"https:\/\/webdelmaestrocmf.com\/portal\/profesor-baila-desarrolla-la-clases-matematica-pizarron\/#primaryimage"},"thumbnailUrl":"https:\/\/webdelmaestrocmf.com\/portal\/wp-content\/uploads\/2017\/06\/Profesor-Matem\u00e1tica-1.jpg","keywords":["BAILA","MATEM\u00c1TICA","PIZARR\u00d3N","profesor"],"inLanguage":"es","potentialAction":[{"@type":"CommentAction","name":"Comment","target":["https:\/\/webdelmaestrocmf.com\/portal\/profesor-baila-desarrolla-la-clases-matematica-pizarron\/#respond"]}]},{"@type":"WebPage","@id":"https:\/\/webdelmaestrocmf.com\/portal\/profesor-baila-desarrolla-la-clases-matematica-pizarron\/","url":"https:\/\/webdelmaestrocmf.com\/portal\/profesor-baila-desarrolla-la-clases-matematica-pizarron\/","name":"PROFESOR BAILA MIENTRAS DESARROLLA LA CLASES DE MATEM\u00c1TICA EN EL PIZARR\u00d3N - 2026","isPartOf":{"@id":"https:\/\/webdelmaestrocmf.com\/portal\/#website"},"primaryImageOfPage":{"@id":"https:\/\/webdelmaestrocmf.com\/portal\/profesor-baila-desarrolla-la-clases-matematica-pizarron\/#primaryimage"},"image":{"@id":"https:\/\/webdelmaestrocmf.com\/portal\/profesor-baila-desarrolla-la-clases-matematica-pizarron\/#primaryimage"},"thumbnailUrl":"https:\/\/webdelmaestrocmf.com\/portal\/wp-content\/uploads\/2017\/06\/Profesor-Matem\u00e1tica-1.jpg","datePublished":"2017-06-20T17:15:35+00:00","dateModified":"2021-10-23T20:06:04+00:00","description":"Aprovechando los actuales instrumentos tecnol\u00f3gicos de informaci\u00f3n y comunicaci\u00f3n, el profesor argentino de Matem\u00e1tica y Geograf\u00eda...","breadcrumb":{"@id":"https:\/\/webdelmaestrocmf.com\/portal\/profesor-baila-desarrolla-la-clases-matematica-pizarron\/#breadcrumb"},"inLanguage":"es","potentialAction":[{"@type":"ReadAction","target":["https:\/\/webdelmaestrocmf.com\/portal\/profesor-baila-desarrolla-la-clases-matematica-pizarron\/"]}]},{"@type":"ImageObject","inLanguage":"es","@id":"https:\/\/webdelmaestrocmf.com\/portal\/profesor-baila-desarrolla-la-clases-matematica-pizarron\/#primaryimage","url":"https:\/\/webdelmaestrocmf.com\/portal\/wp-content\/uploads\/2017\/06\/Profesor-Matem\u00e1tica-1.jpg","contentUrl":"https:\/\/webdelmaestrocmf.com\/portal\/wp-content\/uploads\/2017\/06\/Profesor-Matem\u00e1tica-1.jpg","width":855,"height":405},{"@type":"BreadcrumbList","@id":"https:\/\/webdelmaestrocmf.com\/portal\/profesor-baila-desarrolla-la-clases-matematica-pizarron\/#breadcrumb","itemListElement":[{"@type":"ListItem","position":1,"name":"Portada","item":"https:\/\/webdelmaestrocmf.com\/portal\/"},{"@type":"ListItem","position":2,"name":"Noticias","item":"https:\/\/webdelmaestrocmf.com\/portal\/category\/noticias\/"},{"@type":"ListItem","position":3,"name":"PROFESOR BAILA MIENTRAS DESARROLLA LA CLASES DE MATEM\u00c1TICA EN EL PIZARR\u00d3N"}]},{"@type":"WebSite","@id":"https:\/\/webdelmaestrocmf.com\/portal\/#website","url":"https:\/\/webdelmaestrocmf.com\/portal\/","name":"Web del Maestro CMF","description":"Maestros al servicio de la educaci\u00f3n","publisher":{"@id":"https:\/\/webdelmaestrocmf.com\/portal\/#organization"},"alternateName":"WMCMF","potentialAction":[{"@type":"SearchAction","target":{"@type":"EntryPoint","urlTemplate":"https:\/\/webdelmaestrocmf.com\/portal\/?s={search_term_string}"},"query-input":{"@type":"PropertyValueSpecification","valueRequired":true,"valueName":"search_term_string"}}],"inLanguage":"es"},{"@type":"Organization","@id":"https:\/\/webdelmaestrocmf.com\/portal\/#organization","name":"Web del Maestro CMF","alternateName":"WMCMF","url":"https:\/\/webdelmaestrocmf.com\/portal\/","logo":{"@type":"ImageObject","inLanguage":"es","@id":"https:\/\/webdelmaestrocmf.com\/portal\/#\/schema\/logo\/image\/","url":"https:\/\/webdelmaestrocmf.com\/portal\/wp-content\/uploads\/2023\/01\/logo-wmcmf-2.png","contentUrl":"https:\/\/webdelmaestrocmf.com\/portal\/wp-content\/uploads\/2023\/01\/logo-wmcmf-2.png","width":200,"height":60,"caption":"Web del Maestro CMF"},"image":{"@id":"https:\/\/webdelmaestrocmf.com\/portal\/#\/schema\/logo\/image\/"},"sameAs":["https:\/\/www.facebook.com\/WebdelMaestroCMF\/","https:\/\/x.com\/cmf_w","https:\/\/www.pinterest.com\/WMCMF\/","https:\/\/www.linkedin.com\/company\/web-del-maestro-cmf\/","https:\/\/www.instagram.com\/wmcmf\/","https:\/\/www.youtube.com\/channel\/UCDPSvjbdodE5sHnC3OxutHw","https:\/\/mastodon.social\/@wmcmf","https:\/\/www.tiktok.com\/@webdelmaestrocmf"]},{"@type":"Person","@id":"https:\/\/webdelmaestrocmf.com\/portal\/#\/schema\/person\/ebc57e23d318c9c4270c6f41367015b5","name":"Web del Maestro CMF","image":{"@type":"ImageObject","inLanguage":"es","@id":"https:\/\/secure.gravatar.com\/avatar\/718b2df46e711f63dc8c16a160d16cc0104e961fe3c231eaaed2426975fc5e2d?s=96&d=mm&r=g","url":"https:\/\/secure.gravatar.com\/avatar\/718b2df46e711f63dc8c16a160d16cc0104e961fe3c231eaaed2426975fc5e2d?s=96&d=mm&r=g","contentUrl":"https:\/\/secure.gravatar.com\/avatar\/718b2df46e711f63dc8c16a160d16cc0104e961fe3c231eaaed2426975fc5e2d?s=96&d=mm&r=g","caption":"Web del Maestro CMF"},"description":"Esta Web se cre\u00f3 sin fines de lucro, con fines educativos, cient\u00edficos y acad\u00e9micos, para personas que tengan dificultades y\/o inconvenientes en visualizar el material original. El objetivo es entregar recursos, compartir experiencias y materiales que ayuden a los padres de familia, maestros y estudiantes en su actualizaci\u00f3n y formaci\u00f3n permanente, en bien de la Educaci\u00f3n.","sameAs":["http:\/\/webdelmaestrocmf.com\/portal","https:\/\/www.facebook.com\/WebdelMaestroCMF\/","https:\/\/www.instagram.com\/wmcmf\/","https:\/\/cl.linkedin.com\/company\/web-del-maestro-cmf","https:\/\/www.pinterest.com\/WMCMF\/publicaciones\/","https:\/\/x.com\/cmf_w","https:\/\/www.youtube.com\/@WMCMF"]}]}},"jetpack_featured_media_url":"https:\/\/webdelmaestrocmf.com\/portal\/wp-content\/uploads\/2017\/06\/Profesor-Matem\u00e1tica-1.jpg","jetpack_sharing_enabled":true,"jetpack-related-posts":[{"id":112978,"url":"https:\/\/webdelmaestrocmf.com\/portal\/la-vocacion-no-basta-el-bienestar-docente-necesita-condiciones-reales\/","url_meta":{"origin":19772,"position":0},"title":"La vocaci\u00f3n no basta: el bienestar docente necesita condiciones reales","author":"Web del Maestro CMF","date":"31 octubre, 2025","format":false,"excerpt":"El bienestar docente no depende solo de la vocaci\u00f3n, sino de contar con buenas condiciones de trabajo y apoyo real.","rel":"","context":"En \u00abYo opino - WMCMF\u00bb","block_context":{"text":"Yo opino - WMCMF","link":"https:\/\/webdelmaestrocmf.com\/portal\/category\/jamb\/"},"img":{"alt_text":"","src":"https:\/\/i0.wp.com\/webdelmaestrocmf.com\/portal\/wp-content\/uploads\/2025\/10\/vdfv.webp?resize=350%2C200&ssl=1","width":350,"height":200,"srcset":"https:\/\/i0.wp.com\/webdelmaestrocmf.com\/portal\/wp-content\/uploads\/2025\/10\/vdfv.webp?resize=350%2C200&ssl=1 1x, https:\/\/i0.wp.com\/webdelmaestrocmf.com\/portal\/wp-content\/uploads\/2025\/10\/vdfv.webp?resize=525%2C300&ssl=1 1.5x, https:\/\/i0.wp.com\/webdelmaestrocmf.com\/portal\/wp-content\/uploads\/2025\/10\/vdfv.webp?resize=700%2C400&ssl=1 2x"},"classes":[]},{"id":108354,"url":"https:\/\/webdelmaestrocmf.com\/portal\/todos-los-maestros-son-heroes-pero-los-maestros-rurales-ellos-son-superheroes\/","url_meta":{"origin":19772,"position":1},"title":"Todos los maestros son h\u00e9roes, pero los maestros rurales, ellos, son superh\u00e9roes","author":"Web del Maestro CMF","date":"13 marzo, 2025","format":false,"excerpt":"Cada maestro enfrenta desaf\u00edos enormes: largas jornadas, exigencias burocr\u00e1ticas, presi\u00f3n acad\u00e9mica y la necesidad de innovar constantemente. Sin embargo, hay un grupo que lleva el peso m\u00e1s pesado y, a menudo, es el menos reconocido: los docentes rurales. Un docente rural es aquel que trabaja en zonas alejadas de centros\u2026","rel":"","context":"En \u00abDocentes\u00bb","block_context":{"text":"Docentes","link":"https:\/\/webdelmaestrocmf.com\/portal\/category\/pedagogia\/docentes\/"},"img":{"alt_text":"","src":"https:\/\/i0.wp.com\/webdelmaestrocmf.com\/portal\/wp-content\/uploads\/2025\/03\/1A-Banner-1-portada-imagen-10-1-1-2.jpg?resize=350%2C200&ssl=1","width":350,"height":200,"srcset":"https:\/\/i0.wp.com\/webdelmaestrocmf.com\/portal\/wp-content\/uploads\/2025\/03\/1A-Banner-1-portada-imagen-10-1-1-2.jpg?resize=350%2C200&ssl=1 1x, https:\/\/i0.wp.com\/webdelmaestrocmf.com\/portal\/wp-content\/uploads\/2025\/03\/1A-Banner-1-portada-imagen-10-1-1-2.jpg?resize=525%2C300&ssl=1 1.5x, https:\/\/i0.wp.com\/webdelmaestrocmf.com\/portal\/wp-content\/uploads\/2025\/03\/1A-Banner-1-portada-imagen-10-1-1-2.jpg?resize=700%2C400&ssl=1 2x"},"classes":[]},{"id":34741,"url":"https:\/\/webdelmaestrocmf.com\/portal\/que-hacer-frente-a-una-crisis-del-modelo-clasico-de-escuela\/","url_meta":{"origin":19772,"position":2},"title":"No podemos insistir con un modelo que no funciona, que no creen en ella los directivos, docentes, ni alumnos","author":"Web del Maestro CMF","date":"8 septiembre, 2019","format":false,"excerpt":"La crisis de la escuela en el Siglo XXI, \u201cque hace agua por todas partes\u201d, es el tema de un art\u00edculo publicado en el portal de INFOBAE, diario digital argentino de actualidad, y que compartimos con fines \u00fanicamente educativos \u2013 pastorales, por su importancia, actualidad y por las opiniones de\u2026","rel":"","context":"En \u00abYo opino - WMCMF\u00bb","block_context":{"text":"Yo opino - WMCMF","link":"https:\/\/webdelmaestrocmf.com\/portal\/category\/jamb\/"},"img":{"alt_text":"","src":"https:\/\/i0.wp.com\/webdelmaestrocmf.com\/portal\/wp-content\/uploads\/2019\/09\/1-129.jpg?resize=350%2C200&ssl=1","width":350,"height":200,"srcset":"https:\/\/i0.wp.com\/webdelmaestrocmf.com\/portal\/wp-content\/uploads\/2019\/09\/1-129.jpg?resize=350%2C200&ssl=1 1x, https:\/\/i0.wp.com\/webdelmaestrocmf.com\/portal\/wp-content\/uploads\/2019\/09\/1-129.jpg?resize=525%2C300&ssl=1 1.5x, https:\/\/i0.wp.com\/webdelmaestrocmf.com\/portal\/wp-content\/uploads\/2019\/09\/1-129.jpg?resize=700%2C400&ssl=1 2x, https:\/\/i0.wp.com\/webdelmaestrocmf.com\/portal\/wp-content\/uploads\/2019\/09\/1-129.jpg?resize=1050%2C600&ssl=1 3x"},"classes":[]},{"id":112186,"url":"https:\/\/webdelmaestrocmf.com\/portal\/el-portero-de-escuela-que-a-los-51-anos-se-convirtio-en-profesor-de-historia\/","url_meta":{"origin":19772,"position":3},"title":"El portero de escuela que, a los 51 a\u00f1os, se convirti\u00f3 en profesor de Historia","author":"Web del Maestro CMF","date":"17 septiembre, 2025","format":false,"excerpt":"Sebasti\u00e1n V\u00e1zquez fue portero en una escuela de Pilar durante 23 a\u00f1os, y hasta hace un mes. En ese lapso, termin\u00f3 el secundario y la universidad, mientras trabajaba. Ahora da clases en cinco colegios.","rel":"","context":"En \u00abNoticias Internacionales\u00bb","block_context":{"text":"Noticias Internacionales","link":"https:\/\/webdelmaestrocmf.com\/portal\/category\/noticias-internacionales\/"},"img":{"alt_text":"","src":"https:\/\/i0.wp.com\/webdelmaestrocmf.com\/portal\/wp-content\/uploads\/2025\/09\/1A-Banner-1-portada-imagen-10-1-copia-2025-09-17T131615.949.webp?resize=350%2C200&ssl=1","width":350,"height":200,"srcset":"https:\/\/i0.wp.com\/webdelmaestrocmf.com\/portal\/wp-content\/uploads\/2025\/09\/1A-Banner-1-portada-imagen-10-1-copia-2025-09-17T131615.949.webp?resize=350%2C200&ssl=1 1x, https:\/\/i0.wp.com\/webdelmaestrocmf.com\/portal\/wp-content\/uploads\/2025\/09\/1A-Banner-1-portada-imagen-10-1-copia-2025-09-17T131615.949.webp?resize=525%2C300&ssl=1 1.5x, https:\/\/i0.wp.com\/webdelmaestrocmf.com\/portal\/wp-content\/uploads\/2025\/09\/1A-Banner-1-portada-imagen-10-1-copia-2025-09-17T131615.949.webp?resize=700%2C400&ssl=1 2x"},"classes":[]},{"id":76508,"url":"https:\/\/webdelmaestrocmf.com\/portal\/hadi-partovi-las-escuelas-deberian-estar-ensenando-creatividad-colaboracion-resolucion-de-problemas-gestion-de-proyectos-estas-son-las-habilidades-que-las-personas-necesitan-en-sus-puestos-de-t\/","url_meta":{"origin":19772,"position":4},"title":"Hadi Partovi: Las escuelas deber\u00edan estar ense\u00f1ando creatividad, colaboraci\u00f3n, resoluci\u00f3n de problemas, gesti\u00f3n de proyectos&#8230; Estas son las habilidades que las personas necesitan en sus puestos de trabajo, y aun as\u00ed, el curr\u00edculum no las ense\u00f1a","author":"Web del Maestro CMF","date":"17 junio, 2025","format":false,"excerpt":"El inversor y empresario, Hadi Partovi,\u00a0es el cofundador de Code.org, una ONG que ya ense\u00f1a a programar a uno de cada tres estudiantes estadounidenses y que aspira a repetir ese objetivo en Europa. Empezando por Espa\u00f1a. De la misma manera que no es necesario ser electricista para entender c\u00f3mo funciona\u2026","rel":"","context":"En \u00abEntrevistas\u00bb","block_context":{"text":"Entrevistas","link":"https:\/\/webdelmaestrocmf.com\/portal\/category\/noticias\/entrevistas\/"},"img":{"alt_text":"","src":"https:\/\/i0.wp.com\/webdelmaestrocmf.com\/portal\/wp-content\/uploads\/2022\/10\/A12B3C4D-2.jpg?resize=350%2C200&ssl=1","width":350,"height":200,"srcset":"https:\/\/i0.wp.com\/webdelmaestrocmf.com\/portal\/wp-content\/uploads\/2022\/10\/A12B3C4D-2.jpg?resize=350%2C200&ssl=1 1x, https:\/\/i0.wp.com\/webdelmaestrocmf.com\/portal\/wp-content\/uploads\/2022\/10\/A12B3C4D-2.jpg?resize=525%2C300&ssl=1 1.5x, https:\/\/i0.wp.com\/webdelmaestrocmf.com\/portal\/wp-content\/uploads\/2022\/10\/A12B3C4D-2.jpg?resize=700%2C400&ssl=1 2x"},"classes":[]},{"id":21109,"url":"https:\/\/webdelmaestrocmf.com\/portal\/los-discursos-demagogicos-manipuladores-no-aportan-educadores-quehacer-pedagogico\/","url_meta":{"origin":19772,"position":5},"title":"Los discursos demag\u00f3gicos y manipuladores no aportan a educadores en su quehacer pedag\u00f3gico.","author":"Web del Maestro CMF","date":"5 agosto, 2017","format":false,"excerpt":"El nuevo pizarr\u00f3n del siglo XXI: el cerebro de los alumnos","rel":"","context":"En \u00abNoticias\u00bb","block_context":{"text":"Noticias","link":"https:\/\/webdelmaestrocmf.com\/portal\/category\/pedagogia\/noticias-pedagogia\/"},"img":{"alt_text":"","src":"https:\/\/i0.wp.com\/webdelmaestrocmf.com\/portal\/wp-content\/uploads\/2017\/08\/1A-Banner-1-portada-imagen-10-1-copia-5.jpg?resize=350%2C200&ssl=1","width":350,"height":200,"srcset":"https:\/\/i0.wp.com\/webdelmaestrocmf.com\/portal\/wp-content\/uploads\/2017\/08\/1A-Banner-1-portada-imagen-10-1-copia-5.jpg?resize=350%2C200&ssl=1 1x, https:\/\/i0.wp.com\/webdelmaestrocmf.com\/portal\/wp-content\/uploads\/2017\/08\/1A-Banner-1-portada-imagen-10-1-copia-5.jpg?resize=525%2C300&ssl=1 1.5x, https:\/\/i0.wp.com\/webdelmaestrocmf.com\/portal\/wp-content\/uploads\/2017\/08\/1A-Banner-1-portada-imagen-10-1-copia-5.jpg?resize=700%2C400&ssl=1 2x"},"classes":[]}],"_links":{"self":[{"href":"https:\/\/webdelmaestrocmf.com\/portal\/wp-json\/wp\/v2\/posts\/19772","targetHints":{"allow":["GET"]}}],"collection":[{"href":"https:\/\/webdelmaestrocmf.com\/portal\/wp-json\/wp\/v2\/posts"}],"about":[{"href":"https:\/\/webdelmaestrocmf.com\/portal\/wp-json\/wp\/v2\/types\/post"}],"author":[{"embeddable":true,"href":"https:\/\/webdelmaestrocmf.com\/portal\/wp-json\/wp\/v2\/users\/2"}],"replies":[{"embeddable":true,"href":"https:\/\/webdelmaestrocmf.com\/portal\/wp-json\/wp\/v2\/comments?post=19772"}],"version-history":[{"count":0,"href":"https:\/\/webdelmaestrocmf.com\/portal\/wp-json\/wp\/v2\/posts\/19772\/revisions"}],"wp:featuredmedia":[{"embeddable":true,"href":"https:\/\/webdelmaestrocmf.com\/portal\/wp-json\/wp\/v2\/media\/19776"}],"wp:attachment":[{"href":"https:\/\/webdelmaestrocmf.com\/portal\/wp-json\/wp\/v2\/media?parent=19772"}],"wp:term":[{"taxonomy":"category","embeddable":true,"href":"https:\/\/webdelmaestrocmf.com\/portal\/wp-json\/wp\/v2\/categories?post=19772"},{"taxonomy":"post_tag","embeddable":true,"href":"https:\/\/webdelmaestrocmf.com\/portal\/wp-json\/wp\/v2\/tags?post=19772"}],"curies":[{"name":"wp","href":"https:\/\/api.w.org\/{rel}","templated":true}]}}