{"id":19607,"date":"2020-03-12T11:44:16","date_gmt":"2020-03-12T14:44:16","guid":{"rendered":"http:\/\/webdelmaestrocmf.com\/portal\/?p=19607"},"modified":"2020-12-30T22:23:03","modified_gmt":"2020-12-31T01:23:03","slug":"comunicacion-a-los-usuarios-de-la-web-del-maestro-cmf","status":"publish","type":"post","link":"https:\/\/webdelmaestrocmf.com\/portal\/comunicacion-a-los-usuarios-de-la-web-del-maestro-cmf\/","title":{"rendered":"Comunicado de la Web del Maestro CMF &#8211; Uso de las redes sociales"},"content":{"rendered":"<h5 style=\"text-align: justify;\">Nuestro saludo y agradecimiento, porque el Esp\u00edritu ha estado grande con\u00a0nosotros y estamos alegres (cf Sal 126), al ver c\u00f3mo cada d\u00eda somos una comunidad m\u00e1s numerosa de hombres y mujeres que creemos que vale la pena ser educador(a), y que conociendo y aprovechando las redes y las nuevas tecnolog\u00edas de comunicaci\u00f3n, es posible encontrarnos y acompa\u00f1arnos para vivir con mayor inter\u00e9s e ilusi\u00f3n esta hermosa vocaci\u00f3n que\u00a0\u201crequiere dotes especiales de alma y de coraz\u00f3n, una preparaci\u00f3n diligent\u00edsima y una facilidad constante para renovarse y adaptarse\u201d (GE 05).<\/h5>\n<p><!--more--><\/p>\n<p style=\"text-align: justify;\">Consideramos que quienes seguimos o ingresan a la Web del Maestro CMF, sabemos que nuestra comunidad ha establecido y aceptado (desde su creaci\u00f3n) que la pluralidad y la diversidad es una riqueza para la inclusi\u00f3n social y para el bien de la educaci\u00f3n en las redes, que demanda una actitud permanente de humildad, de respeto, de escucha, de solicitud, de tolerancia y de di\u00e1logo. \u201cFrente a un individualismo invasor que hace humanamente pobres y culturalmente est\u00e9riles, es necesario humanizar la educaci\u00f3n\u201d (Papa Francisco 09\/02\/2017). Estamos llamados a ser mejores, por convicci\u00f3n, por vocaci\u00f3n, y porque somos referentes para nuestros ni\u00f1os y j\u00f3venes; conforme lo dijimos desde el inicio: \u00abCada vez que entremos aqu\u00ed sabremos que estamos abriendo una puerta para la formaci\u00f3n y capacitaci\u00f3n personal, y que estamos construyendo puentes con los dem\u00e1s, y derribando los muros\u201d (18\/12\/2015).<\/p>\n<p style=\"text-align: justify;\">Con estas premisas, nos vemos en la fraternal obligaci\u00f3n de recordar que, al expresar nuestra opini\u00f3n, en los diferentes canales de nuestra Web, estamos en la imperiosa obligaci\u00f3n de usar el vocabulario correcto, expresar el juicio reflexivo y honesto y demostrar la tolerancia debida; pues todo error gramatical, todo exabrupto y toda expresi\u00f3n agresiva, violenta e irresponsable, son contrarios a la aut\u00e9ntica misi\u00f3n educativa. \u201cPara ello es de suma importancia conocer qu\u00e9 responsabilidades tenemos en la vida social. Porque lo que realicemos o dejemos de hacer redundar\u00e1 en beneficio o en perjuicio de nuestra propia vocaci\u00f3n y de la calidad de vida de otros\u201d (Claret Contigo, 15\/06).<\/p>\n<p style=\"text-align: justify;\">Hemos crecido como comunidad educativa digital, y \u201cmensajes leemos, pero corazones no sabemos\u201d, y hay enunciados que nos rehusamos a creer que sean de educadores, no s\u00f3lo por los errores de ortograf\u00eda y redacci\u00f3n impropios, sino tambi\u00e9n cargados de toxicidad. Somos conscientes de los beneficios y de las limitaciones que tiene la comunicaci\u00f3n en el ciberespacio, y por eso, y en bien de nuestro objetivo de apoyar la formaci\u00f3n permanente y revalorar la tarea docente, procederemos a eliminar (cuando lo juzguemos necesario, oportuno y eficaz), todo mensaje incorrecto, ya sea porque exterioriza un desafortunado enunciado, o porque usa un vocabulario que transgrede la aut\u00e9ntica libertad de expresi\u00f3n. En caso de gravedad, excluiremos de nuestra comunidad al infractor.<\/p>\n<p style=\"text-align: justify;\">Con el afecto, el respeto y mi m\u00e1s sincera admiraci\u00f3n, les animo a que cuidemos el tesoro de nuestra vocaci\u00f3n docente que \u201cllevamos en recipientes de barro\u201d (2 Cor 4,7), sobre todo en esos momentos en que la tormenta arrecia fuerte, las crisis parecen apocal\u00edpticas y el horizonte se oscurece; con estas palabras de la Madre Teresa, maestra de escuela: \u201clo m\u00e1s importante no es lo que damos, sino el amor que ponemos al dar\u201d.<\/p>\n<p style=\"text-align: right;\"><strong>WEB DEL MAESTRO CMF\u00a0<\/strong><\/p>\n\t\t<div class=\"pk-inline-posts\">\n\t\t\t\n\t\t\t<div class=\"pk-inline-posts-container pk-inline-posts-template-list\"\n\t\t\t\tdata-columns=\"1\">\n\t\t\t\t\t\t<article id=\"post-75470\" class=\"post-75470 post type-post status-publish format-standard has-post-thumbnail category-cmf tag-comunicado tag-redes tag-seguidores tag-sociales tag-uso cs-entry cs-video-wrap\">\n\t\t\t<div class=\"pk-post-outer\">\n\n\t\t\t\t\t\t\t\t<div class=\"pk-post-inner\">\n\t\t\t\t\t<div class=\"entry-thumbnail\">\n\t\t\t\t\t\t<div class=\"pk-overlay pk-overlay-ratio pk-ratio-landscape\">\n\t\t\t\t\t\t\t<div class=\"pk-overlay-background\">\n\t\t\t\t\t\t\t\t<a href=\"https:\/\/webdelmaestrocmf.com\/portal\/comunicado-para-los-seguidores-de-la-web-del-maestro-cmf-sobre-el-buen-uso-de-las-redes-sociales\/\" class=\"pk-overlay-link\">\n\t\t\t\t\t\t\t\t\t<img loading=\"lazy\" decoding=\"async\" width=\"300\" height=\"225\" src=\"https:\/\/webdelmaestrocmf.com\/portal\/wp-content\/uploads\/2020\/10\/1jpg-copia-300x225.jpg\" class=\"attachment-pk-thumbnail size-pk-thumbnail wp-post-image\" alt=\"\" srcset=\"https:\/\/webdelmaestrocmf.com\/portal\/wp-content\/uploads\/2020\/10\/1jpg-copia-300x225.jpg 300w, https:\/\/webdelmaestrocmf.com\/portal\/wp-content\/uploads\/2020\/10\/1jpg-copia-600x450.jpg 600w\" sizes=\"auto, (max-width: 300px) 100vw, 300px\" \/>\t\t\t\t\t\t\t\t<\/a>\n\t\t\t\t\t\t\t<\/div>\n\t\t\t\t\t\t<\/div>\n\t\t\t\t\t<\/div>\n\t\t\t\t<\/div>\n\t\t\t\t\n\t\t\t\t<div class=\"pk-post-inner\">\n\t\t\t\t\t<header>\n\t\t\t\t\t\t<h3 class=\"pk-title\"><a href=\"https:\/\/webdelmaestrocmf.com\/portal\/comunicado-para-los-seguidores-de-la-web-del-maestro-cmf-sobre-el-buen-uso-de-las-redes-sociales\/\" rel=\"bookmark\">Comunicado para los seguidores de la Web del Maestro CMF sobre el buen uso de las redes sociales<\/a><\/h3>\t\t\t\t\t<\/header><!-- .entry-header -->\n\t\t\t\t<\/div><!-- .post-inner -->\n\n\t\t\t<\/div><!-- .post-outer -->\n\t\t<\/article>\n\t\t\t\t<\/div>\n\t\t<\/div>\n\t\t\n","protected":false},"excerpt":{"rendered":"Nuestro saludo y agradecimiento, porque el Esp\u00edritu ha estado grande con\u00a0nosotros y estamos alegres (cf Sal 126), al&hellip;","protected":false},"author":2,"featured_media":56700,"comment_status":"open","ping_status":"open","sticky":false,"template":"","format":"standard","meta":{"_jetpack_newsletter_access":"","_jetpack_dont_email_post_to_subs":false,"_jetpack_newsletter_tier_id":0,"_jetpack_memberships_contains_paywalled_content":false,"csco_display_header_overlay":false,"csco_singular_sidebar":"default","csco_page_header_type":"default","csco_page_load_nextpost":"default","csco_post_video_location":[],"csco_post_video_location_hash":"","csco_post_video_url":"","csco_post_video_bg_start_time":0,"csco_post_video_bg_end_time":0,"csco_post_video_bg_volume":false,"_jetpack_feature_clip_id":0,"_jetpack_memberships_contains_paid_content":false,"footnotes":"","jetpack_post_was_ever_published":false},"categories":[3691],"tags":[2373,2343,2147,226,876,877,2372,2371],"class_list":["post-19607","post","type-post","status-publish","format-standard","has-post-thumbnail","category-cmf","tag-comentarios","tag-comunicado","tag-convivencia","tag-facebook","tag-redes","tag-sociales","tag-uso","tag-web-del-maestro","cs-entry","cs-video-wrap"],"yoast_head":"<!-- This site is optimized with the Yoast SEO plugin v28.1 - https:\/\/yoast.com\/product\/yoast-seo-wordpress\/ -->\n<title>Comunicado de la Web del Maestro CMF - Uso de las redes sociales<\/title>\n<meta name=\"description\" content=\"Nuestro saludo y agradecimiento, porque el Esp\u00edritu ha estado grande con\u00a0nosotros y estamos alegres (cf Sal 126), al ver c\u00f3mo cada d\u00eda...\" \/>\n<meta name=\"robots\" content=\"index, follow, max-snippet:-1, max-image-preview:large, max-video-preview:-1\" \/>\n<link rel=\"canonical\" href=\"https:\/\/webdelmaestrocmf.com\/portal\/comunicacion-a-los-usuarios-de-la-web-del-maestro-cmf\/\" \/>\n<meta property=\"og:locale\" content=\"es_ES\" \/>\n<meta property=\"og:type\" content=\"article\" \/>\n<meta property=\"og:title\" content=\"Comunicado de la Web del Maestro CMF - Uso de las redes sociales\" \/>\n<meta property=\"og:description\" content=\"Nuestro saludo y agradecimiento, porque el Esp\u00edritu ha estado grande con\u00a0nosotros y estamos alegres (cf Sal 126), al ver c\u00f3mo cada d\u00eda...\" \/>\n<meta property=\"og:url\" content=\"https:\/\/webdelmaestrocmf.com\/portal\/comunicacion-a-los-usuarios-de-la-web-del-maestro-cmf\/\" \/>\n<meta property=\"og:site_name\" content=\"Web del Maestro CMF\" \/>\n<meta property=\"article:publisher\" content=\"https:\/\/www.facebook.com\/WebdelMaestroCMF\/\" \/>\n<meta property=\"article:author\" content=\"https:\/\/www.facebook.com\/WebdelMaestroCMF\/\" \/>\n<meta property=\"article:published_time\" content=\"2020-03-12T14:44:16+00:00\" \/>\n<meta property=\"article:modified_time\" content=\"2020-12-31T01:23:03+00:00\" \/>\n<meta property=\"og:image\" content=\"https:\/\/i0.wp.com\/webdelmaestrocmf.com\/portal\/wp-content\/uploads\/2020\/03\/1-copia-4.jpg?fit=1100%2C680&ssl=1\" \/>\n\t<meta property=\"og:image:width\" content=\"1100\" \/>\n\t<meta property=\"og:image:height\" content=\"680\" \/>\n\t<meta property=\"og:image:type\" content=\"image\/jpeg\" \/>\n<meta name=\"author\" content=\"Web del Maestro CMF\" \/>\n<meta name=\"twitter:card\" content=\"summary_large_image\" \/>\n<meta name=\"twitter:creator\" content=\"@cmf_w\" \/>\n<meta name=\"twitter:site\" content=\"@cmf_w\" \/>\n<script type=\"application\/ld+json\" class=\"yoast-schema-graph\">{\"@context\":\"https:\\\/\\\/schema.org\",\"@graph\":[{\"@type\":\"ScholarlyArticle\",\"@id\":\"https:\\\/\\\/webdelmaestrocmf.com\\\/portal\\\/comunicacion-a-los-usuarios-de-la-web-del-maestro-cmf\\\/#article\",\"isPartOf\":{\"@id\":\"https:\\\/\\\/webdelmaestrocmf.com\\\/portal\\\/comunicacion-a-los-usuarios-de-la-web-del-maestro-cmf\\\/\"},\"author\":{\"name\":\"Web del Maestro CMF\",\"@id\":\"https:\\\/\\\/webdelmaestrocmf.com\\\/portal\\\/#\\\/schema\\\/person\\\/ebc57e23d318c9c4270c6f41367015b5\"},\"headline\":\"Comunicado de la Web del Maestro CMF &#8211; Uso de las redes sociales\",\"datePublished\":\"2020-03-12T14:44:16+00:00\",\"dateModified\":\"2020-12-31T01:23:03+00:00\",\"mainEntityOfPage\":{\"@id\":\"https:\\\/\\\/webdelmaestrocmf.com\\\/portal\\\/comunicacion-a-los-usuarios-de-la-web-del-maestro-cmf\\\/\"},\"wordCount\":586,\"commentCount\":3,\"publisher\":{\"@id\":\"https:\\\/\\\/webdelmaestrocmf.com\\\/portal\\\/#organization\"},\"image\":{\"@id\":\"https:\\\/\\\/webdelmaestrocmf.com\\\/portal\\\/comunicacion-a-los-usuarios-de-la-web-del-maestro-cmf\\\/#primaryimage\"},\"thumbnailUrl\":\"https:\\\/\\\/webdelmaestrocmf.com\\\/portal\\\/wp-content\\\/uploads\\\/2020\\\/03\\\/1-copia-4.jpg\",\"keywords\":[\"COMENTARIOS\",\"COMUNICADO\",\"CONVIVENCIA\",\"Facebook\",\"REDES\",\"SOCIALES\",\"USO\",\"WEB DEL MAESTRO\"],\"articleSection\":[\"Comunicados\"],\"inLanguage\":\"es\",\"potentialAction\":[{\"@type\":\"CommentAction\",\"name\":\"Comment\",\"target\":[\"https:\\\/\\\/webdelmaestrocmf.com\\\/portal\\\/comunicacion-a-los-usuarios-de-la-web-del-maestro-cmf\\\/#respond\"]}]},{\"@type\":\"WebPage\",\"@id\":\"https:\\\/\\\/webdelmaestrocmf.com\\\/portal\\\/comunicacion-a-los-usuarios-de-la-web-del-maestro-cmf\\\/\",\"url\":\"https:\\\/\\\/webdelmaestrocmf.com\\\/portal\\\/comunicacion-a-los-usuarios-de-la-web-del-maestro-cmf\\\/\",\"name\":\"Comunicado de la Web del Maestro CMF - Uso de las redes sociales\",\"isPartOf\":{\"@id\":\"https:\\\/\\\/webdelmaestrocmf.com\\\/portal\\\/#website\"},\"primaryImageOfPage\":{\"@id\":\"https:\\\/\\\/webdelmaestrocmf.com\\\/portal\\\/comunicacion-a-los-usuarios-de-la-web-del-maestro-cmf\\\/#primaryimage\"},\"image\":{\"@id\":\"https:\\\/\\\/webdelmaestrocmf.com\\\/portal\\\/comunicacion-a-los-usuarios-de-la-web-del-maestro-cmf\\\/#primaryimage\"},\"thumbnailUrl\":\"https:\\\/\\\/webdelmaestrocmf.com\\\/portal\\\/wp-content\\\/uploads\\\/2020\\\/03\\\/1-copia-4.jpg\",\"datePublished\":\"2020-03-12T14:44:16+00:00\",\"dateModified\":\"2020-12-31T01:23:03+00:00\",\"description\":\"Nuestro saludo y agradecimiento, porque el Esp\u00edritu ha estado grande con\u00a0nosotros y estamos alegres (cf Sal 126), al ver c\u00f3mo cada d\u00eda...\",\"breadcrumb\":{\"@id\":\"https:\\\/\\\/webdelmaestrocmf.com\\\/portal\\\/comunicacion-a-los-usuarios-de-la-web-del-maestro-cmf\\\/#breadcrumb\"},\"inLanguage\":\"es\",\"potentialAction\":[{\"@type\":\"ReadAction\",\"target\":[\"https:\\\/\\\/webdelmaestrocmf.com\\\/portal\\\/comunicacion-a-los-usuarios-de-la-web-del-maestro-cmf\\\/\"]}]},{\"@type\":\"ImageObject\",\"inLanguage\":\"es\",\"@id\":\"https:\\\/\\\/webdelmaestrocmf.com\\\/portal\\\/comunicacion-a-los-usuarios-de-la-web-del-maestro-cmf\\\/#primaryimage\",\"url\":\"https:\\\/\\\/webdelmaestrocmf.com\\\/portal\\\/wp-content\\\/uploads\\\/2020\\\/03\\\/1-copia-4.jpg\",\"contentUrl\":\"https:\\\/\\\/webdelmaestrocmf.com\\\/portal\\\/wp-content\\\/uploads\\\/2020\\\/03\\\/1-copia-4.jpg\",\"width\":1100,\"height\":680},{\"@type\":\"BreadcrumbList\",\"@id\":\"https:\\\/\\\/webdelmaestrocmf.com\\\/portal\\\/comunicacion-a-los-usuarios-de-la-web-del-maestro-cmf\\\/#breadcrumb\",\"itemListElement\":[{\"@type\":\"ListItem\",\"position\":1,\"name\":\"Portada\",\"item\":\"https:\\\/\\\/webdelmaestrocmf.com\\\/portal\\\/\"},{\"@type\":\"ListItem\",\"position\":2,\"name\":\"Comunicados\",\"item\":\"https:\\\/\\\/webdelmaestrocmf.com\\\/portal\\\/category\\\/cmf\\\/\"},{\"@type\":\"ListItem\",\"position\":3,\"name\":\"Comunicado de la Web del Maestro CMF &#8211; Uso de las redes sociales\"}]},{\"@type\":\"WebSite\",\"@id\":\"https:\\\/\\\/webdelmaestrocmf.com\\\/portal\\\/#website\",\"url\":\"https:\\\/\\\/webdelmaestrocmf.com\\\/portal\\\/\",\"name\":\"Web del Maestro CMF\",\"description\":\"Maestros al servicio de la educaci\u00f3n\",\"publisher\":{\"@id\":\"https:\\\/\\\/webdelmaestrocmf.com\\\/portal\\\/#organization\"},\"alternateName\":\"WMCMF\",\"potentialAction\":[{\"@type\":\"SearchAction\",\"target\":{\"@type\":\"EntryPoint\",\"urlTemplate\":\"https:\\\/\\\/webdelmaestrocmf.com\\\/portal\\\/?s={search_term_string}\"},\"query-input\":{\"@type\":\"PropertyValueSpecification\",\"valueRequired\":true,\"valueName\":\"search_term_string\"}}],\"inLanguage\":\"es\"},{\"@type\":\"Organization\",\"@id\":\"https:\\\/\\\/webdelmaestrocmf.com\\\/portal\\\/#organization\",\"name\":\"Web del Maestro CMF\",\"alternateName\":\"WMCMF\",\"url\":\"https:\\\/\\\/webdelmaestrocmf.com\\\/portal\\\/\",\"logo\":{\"@type\":\"ImageObject\",\"inLanguage\":\"es\",\"@id\":\"https:\\\/\\\/webdelmaestrocmf.com\\\/portal\\\/#\\\/schema\\\/logo\\\/image\\\/\",\"url\":\"https:\\\/\\\/webdelmaestrocmf.com\\\/portal\\\/wp-content\\\/uploads\\\/2023\\\/01\\\/logo-wmcmf-2.png\",\"contentUrl\":\"https:\\\/\\\/webdelmaestrocmf.com\\\/portal\\\/wp-content\\\/uploads\\\/2023\\\/01\\\/logo-wmcmf-2.png\",\"width\":200,\"height\":60,\"caption\":\"Web del Maestro CMF\"},\"image\":{\"@id\":\"https:\\\/\\\/webdelmaestrocmf.com\\\/portal\\\/#\\\/schema\\\/logo\\\/image\\\/\"},\"sameAs\":[\"https:\\\/\\\/www.facebook.com\\\/WebdelMaestroCMF\\\/\",\"https:\\\/\\\/x.com\\\/cmf_w\",\"https:\\\/\\\/www.pinterest.com\\\/WMCMF\\\/\",\"https:\\\/\\\/www.linkedin.com\\\/company\\\/web-del-maestro-cmf\\\/\",\"https:\\\/\\\/www.instagram.com\\\/wmcmf\\\/\",\"https:\\\/\\\/www.youtube.com\\\/channel\\\/UCDPSvjbdodE5sHnC3OxutHw\",\"https:\\\/\\\/mastodon.social\\\/@wmcmf\",\"https:\\\/\\\/www.tiktok.com\\\/@webdelmaestrocmf\"]},{\"@type\":\"Person\",\"@id\":\"https:\\\/\\\/webdelmaestrocmf.com\\\/portal\\\/#\\\/schema\\\/person\\\/ebc57e23d318c9c4270c6f41367015b5\",\"name\":\"Web del Maestro CMF\",\"image\":{\"@type\":\"ImageObject\",\"inLanguage\":\"es\",\"@id\":\"https:\\\/\\\/secure.gravatar.com\\\/avatar\\\/718b2df46e711f63dc8c16a160d16cc0104e961fe3c231eaaed2426975fc5e2d?s=96&d=mm&r=g\",\"url\":\"https:\\\/\\\/secure.gravatar.com\\\/avatar\\\/718b2df46e711f63dc8c16a160d16cc0104e961fe3c231eaaed2426975fc5e2d?s=96&d=mm&r=g\",\"contentUrl\":\"https:\\\/\\\/secure.gravatar.com\\\/avatar\\\/718b2df46e711f63dc8c16a160d16cc0104e961fe3c231eaaed2426975fc5e2d?s=96&d=mm&r=g\",\"caption\":\"Web del Maestro CMF\"},\"description\":\"Esta Web se cre\u00f3 sin fines de lucro, con fines educativos, cient\u00edficos y acad\u00e9micos, para personas que tengan dificultades y\\\/o inconvenientes en visualizar el material original. El objetivo es entregar recursos, compartir experiencias y materiales que ayuden a los padres de familia, maestros y estudiantes en su actualizaci\u00f3n y formaci\u00f3n permanente, en bien de la Educaci\u00f3n.\",\"sameAs\":[\"http:\\\/\\\/webdelmaestrocmf.com\\\/portal\",\"https:\\\/\\\/www.facebook.com\\\/WebdelMaestroCMF\\\/\",\"https:\\\/\\\/www.instagram.com\\\/wmcmf\\\/\",\"https:\\\/\\\/cl.linkedin.com\\\/company\\\/web-del-maestro-cmf\",\"https:\\\/\\\/www.pinterest.com\\\/WMCMF\\\/publicaciones\\\/\",\"https:\\\/\\\/x.com\\\/cmf_w\",\"https:\\\/\\\/www.youtube.com\\\/@WMCMF\"]}]}<\/script>\n<!-- \/ Yoast SEO plugin. -->","yoast_head_json":{"title":"Comunicado de la Web del Maestro CMF - Uso de las redes sociales","description":"Nuestro saludo y agradecimiento, porque el Esp\u00edritu ha estado grande con\u00a0nosotros y estamos alegres (cf Sal 126), al ver c\u00f3mo cada d\u00eda...","robots":{"index":"index","follow":"follow","max-snippet":"max-snippet:-1","max-image-preview":"max-image-preview:large","max-video-preview":"max-video-preview:-1"},"canonical":"https:\/\/webdelmaestrocmf.com\/portal\/comunicacion-a-los-usuarios-de-la-web-del-maestro-cmf\/","og_locale":"es_ES","og_type":"article","og_title":"Comunicado de la Web del Maestro CMF - Uso de las redes sociales","og_description":"Nuestro saludo y agradecimiento, porque el Esp\u00edritu ha estado grande con\u00a0nosotros y estamos alegres (cf Sal 126), al ver c\u00f3mo cada d\u00eda...","og_url":"https:\/\/webdelmaestrocmf.com\/portal\/comunicacion-a-los-usuarios-de-la-web-del-maestro-cmf\/","og_site_name":"Web del Maestro CMF","article_publisher":"https:\/\/www.facebook.com\/WebdelMaestroCMF\/","article_author":"https:\/\/www.facebook.com\/WebdelMaestroCMF\/","article_published_time":"2020-03-12T14:44:16+00:00","article_modified_time":"2020-12-31T01:23:03+00:00","og_image":[{"width":1100,"height":680,"url":"https:\/\/i0.wp.com\/webdelmaestrocmf.com\/portal\/wp-content\/uploads\/2020\/03\/1-copia-4.jpg?fit=1100%2C680&ssl=1","type":"image\/jpeg"}],"author":"Web del Maestro CMF","twitter_card":"summary_large_image","twitter_creator":"@cmf_w","twitter_site":"@cmf_w","schema":{"@context":"https:\/\/schema.org","@graph":[{"@type":"ScholarlyArticle","@id":"https:\/\/webdelmaestrocmf.com\/portal\/comunicacion-a-los-usuarios-de-la-web-del-maestro-cmf\/#article","isPartOf":{"@id":"https:\/\/webdelmaestrocmf.com\/portal\/comunicacion-a-los-usuarios-de-la-web-del-maestro-cmf\/"},"author":{"name":"Web del Maestro CMF","@id":"https:\/\/webdelmaestrocmf.com\/portal\/#\/schema\/person\/ebc57e23d318c9c4270c6f41367015b5"},"headline":"Comunicado de la Web del Maestro CMF &#8211; Uso de las redes sociales","datePublished":"2020-03-12T14:44:16+00:00","dateModified":"2020-12-31T01:23:03+00:00","mainEntityOfPage":{"@id":"https:\/\/webdelmaestrocmf.com\/portal\/comunicacion-a-los-usuarios-de-la-web-del-maestro-cmf\/"},"wordCount":586,"commentCount":3,"publisher":{"@id":"https:\/\/webdelmaestrocmf.com\/portal\/#organization"},"image":{"@id":"https:\/\/webdelmaestrocmf.com\/portal\/comunicacion-a-los-usuarios-de-la-web-del-maestro-cmf\/#primaryimage"},"thumbnailUrl":"https:\/\/webdelmaestrocmf.com\/portal\/wp-content\/uploads\/2020\/03\/1-copia-4.jpg","keywords":["COMENTARIOS","COMUNICADO","CONVIVENCIA","Facebook","REDES","SOCIALES","USO","WEB DEL MAESTRO"],"articleSection":["Comunicados"],"inLanguage":"es","potentialAction":[{"@type":"CommentAction","name":"Comment","target":["https:\/\/webdelmaestrocmf.com\/portal\/comunicacion-a-los-usuarios-de-la-web-del-maestro-cmf\/#respond"]}]},{"@type":"WebPage","@id":"https:\/\/webdelmaestrocmf.com\/portal\/comunicacion-a-los-usuarios-de-la-web-del-maestro-cmf\/","url":"https:\/\/webdelmaestrocmf.com\/portal\/comunicacion-a-los-usuarios-de-la-web-del-maestro-cmf\/","name":"Comunicado de la Web del Maestro CMF - Uso de las redes sociales","isPartOf":{"@id":"https:\/\/webdelmaestrocmf.com\/portal\/#website"},"primaryImageOfPage":{"@id":"https:\/\/webdelmaestrocmf.com\/portal\/comunicacion-a-los-usuarios-de-la-web-del-maestro-cmf\/#primaryimage"},"image":{"@id":"https:\/\/webdelmaestrocmf.com\/portal\/comunicacion-a-los-usuarios-de-la-web-del-maestro-cmf\/#primaryimage"},"thumbnailUrl":"https:\/\/webdelmaestrocmf.com\/portal\/wp-content\/uploads\/2020\/03\/1-copia-4.jpg","datePublished":"2020-03-12T14:44:16+00:00","dateModified":"2020-12-31T01:23:03+00:00","description":"Nuestro saludo y agradecimiento, porque el Esp\u00edritu ha estado grande con\u00a0nosotros y estamos alegres (cf Sal 126), al ver c\u00f3mo cada d\u00eda...","breadcrumb":{"@id":"https:\/\/webdelmaestrocmf.com\/portal\/comunicacion-a-los-usuarios-de-la-web-del-maestro-cmf\/#breadcrumb"},"inLanguage":"es","potentialAction":[{"@type":"ReadAction","target":["https:\/\/webdelmaestrocmf.com\/portal\/comunicacion-a-los-usuarios-de-la-web-del-maestro-cmf\/"]}]},{"@type":"ImageObject","inLanguage":"es","@id":"https:\/\/webdelmaestrocmf.com\/portal\/comunicacion-a-los-usuarios-de-la-web-del-maestro-cmf\/#primaryimage","url":"https:\/\/webdelmaestrocmf.com\/portal\/wp-content\/uploads\/2020\/03\/1-copia-4.jpg","contentUrl":"https:\/\/webdelmaestrocmf.com\/portal\/wp-content\/uploads\/2020\/03\/1-copia-4.jpg","width":1100,"height":680},{"@type":"BreadcrumbList","@id":"https:\/\/webdelmaestrocmf.com\/portal\/comunicacion-a-los-usuarios-de-la-web-del-maestro-cmf\/#breadcrumb","itemListElement":[{"@type":"ListItem","position":1,"name":"Portada","item":"https:\/\/webdelmaestrocmf.com\/portal\/"},{"@type":"ListItem","position":2,"name":"Comunicados","item":"https:\/\/webdelmaestrocmf.com\/portal\/category\/cmf\/"},{"@type":"ListItem","position":3,"name":"Comunicado de la Web del Maestro CMF &#8211; Uso de las redes sociales"}]},{"@type":"WebSite","@id":"https:\/\/webdelmaestrocmf.com\/portal\/#website","url":"https:\/\/webdelmaestrocmf.com\/portal\/","name":"Web del Maestro CMF","description":"Maestros al servicio de la educaci\u00f3n","publisher":{"@id":"https:\/\/webdelmaestrocmf.com\/portal\/#organization"},"alternateName":"WMCMF","potentialAction":[{"@type":"SearchAction","target":{"@type":"EntryPoint","urlTemplate":"https:\/\/webdelmaestrocmf.com\/portal\/?s={search_term_string}"},"query-input":{"@type":"PropertyValueSpecification","valueRequired":true,"valueName":"search_term_string"}}],"inLanguage":"es"},{"@type":"Organization","@id":"https:\/\/webdelmaestrocmf.com\/portal\/#organization","name":"Web del Maestro CMF","alternateName":"WMCMF","url":"https:\/\/webdelmaestrocmf.com\/portal\/","logo":{"@type":"ImageObject","inLanguage":"es","@id":"https:\/\/webdelmaestrocmf.com\/portal\/#\/schema\/logo\/image\/","url":"https:\/\/webdelmaestrocmf.com\/portal\/wp-content\/uploads\/2023\/01\/logo-wmcmf-2.png","contentUrl":"https:\/\/webdelmaestrocmf.com\/portal\/wp-content\/uploads\/2023\/01\/logo-wmcmf-2.png","width":200,"height":60,"caption":"Web del Maestro CMF"},"image":{"@id":"https:\/\/webdelmaestrocmf.com\/portal\/#\/schema\/logo\/image\/"},"sameAs":["https:\/\/www.facebook.com\/WebdelMaestroCMF\/","https:\/\/x.com\/cmf_w","https:\/\/www.pinterest.com\/WMCMF\/","https:\/\/www.linkedin.com\/company\/web-del-maestro-cmf\/","https:\/\/www.instagram.com\/wmcmf\/","https:\/\/www.youtube.com\/channel\/UCDPSvjbdodE5sHnC3OxutHw","https:\/\/mastodon.social\/@wmcmf","https:\/\/www.tiktok.com\/@webdelmaestrocmf"]},{"@type":"Person","@id":"https:\/\/webdelmaestrocmf.com\/portal\/#\/schema\/person\/ebc57e23d318c9c4270c6f41367015b5","name":"Web del Maestro CMF","image":{"@type":"ImageObject","inLanguage":"es","@id":"https:\/\/secure.gravatar.com\/avatar\/718b2df46e711f63dc8c16a160d16cc0104e961fe3c231eaaed2426975fc5e2d?s=96&d=mm&r=g","url":"https:\/\/secure.gravatar.com\/avatar\/718b2df46e711f63dc8c16a160d16cc0104e961fe3c231eaaed2426975fc5e2d?s=96&d=mm&r=g","contentUrl":"https:\/\/secure.gravatar.com\/avatar\/718b2df46e711f63dc8c16a160d16cc0104e961fe3c231eaaed2426975fc5e2d?s=96&d=mm&r=g","caption":"Web del Maestro CMF"},"description":"Esta Web se cre\u00f3 sin fines de lucro, con fines educativos, cient\u00edficos y acad\u00e9micos, para personas que tengan dificultades y\/o inconvenientes en visualizar el material original. El objetivo es entregar recursos, compartir experiencias y materiales que ayuden a los padres de familia, maestros y estudiantes en su actualizaci\u00f3n y formaci\u00f3n permanente, en bien de la Educaci\u00f3n.","sameAs":["http:\/\/webdelmaestrocmf.com\/portal","https:\/\/www.facebook.com\/WebdelMaestroCMF\/","https:\/\/www.instagram.com\/wmcmf\/","https:\/\/cl.linkedin.com\/company\/web-del-maestro-cmf","https:\/\/www.pinterest.com\/WMCMF\/publicaciones\/","https:\/\/x.com\/cmf_w","https:\/\/www.youtube.com\/@WMCMF"]}]}},"jetpack_featured_media_url":"https:\/\/webdelmaestrocmf.com\/portal\/wp-content\/uploads\/2020\/03\/1-copia-4.jpg","jetpack_sharing_enabled":true,"jetpack-related-posts":[{"id":111824,"url":"https:\/\/webdelmaestrocmf.com\/portal\/docente-jala-la-oreja-a-un-estudiante-en-plena-clase-y-genera-debate-en-redes-que-te-pasa-a-mi-respetame\/","url_meta":{"origin":19607,"position":0},"title":"Docente jala la oreja a un estudiante en plena clase y genera debate en redes: \u00bfQu\u00e9 te pasa? \u00a1A m\u00ed, resp\u00e9tame!","author":"Web del Maestro CMF","date":"8 agosto, 2025","format":false,"excerpt":"Una docente en Salta fue grabada jalando la oreja a un estudiante, generando debate sobre los l\u00edmites de la autoridad en el aula.","rel":"","context":"En \u00abNoticias Internacionales\u00bb","block_context":{"text":"Noticias Internacionales","link":"https:\/\/webdelmaestrocmf.com\/portal\/category\/noticias-internacionales\/"},"img":{"alt_text":"","src":"https:\/\/i0.wp.com\/webdelmaestrocmf.com\/portal\/wp-content\/uploads\/2025\/08\/1A-Banner-1-portada-imagen-10-1-copia-2025-08-08T165948.629.webp?resize=350%2C200&ssl=1","width":350,"height":200,"srcset":"https:\/\/i0.wp.com\/webdelmaestrocmf.com\/portal\/wp-content\/uploads\/2025\/08\/1A-Banner-1-portada-imagen-10-1-copia-2025-08-08T165948.629.webp?resize=350%2C200&ssl=1 1x, https:\/\/i0.wp.com\/webdelmaestrocmf.com\/portal\/wp-content\/uploads\/2025\/08\/1A-Banner-1-portada-imagen-10-1-copia-2025-08-08T165948.629.webp?resize=525%2C300&ssl=1 1.5x, https:\/\/i0.wp.com\/webdelmaestrocmf.com\/portal\/wp-content\/uploads\/2025\/08\/1A-Banner-1-portada-imagen-10-1-copia-2025-08-08T165948.629.webp?resize=700%2C400&ssl=1 2x"},"classes":[]},{"id":114881,"url":"https:\/\/webdelmaestrocmf.com\/portal\/destituyeron-a-maestra-de-kinder-por-hacer-broma-pesada-a-una-nina\/","url_meta":{"origin":19607,"position":1},"title":"Destituyeron a maestra de k\u00ednder por hacer \u201cbroma pesada\u201d a una ni\u00f1a","author":"Web del Maestro CMF","date":"19 enero, 2026","format":false,"excerpt":"Lo que fue presentado como una \u201cbroma\u201d expuso a una ni\u00f1a al rid\u00edculo, vulner\u00f3 su integridad y convirti\u00f3 el aula en un espect\u00e1culo para redes sociales.","rel":"","context":"En \u00abNoticias Internacionales\u00bb","block_context":{"text":"Noticias Internacionales","link":"https:\/\/webdelmaestrocmf.com\/portal\/category\/noticias-internacionales\/"},"img":{"alt_text":"","src":"https:\/\/i0.wp.com\/webdelmaestrocmf.com\/portal\/wp-content\/uploads\/2026\/01\/1A-Banner-1-portada-imagen-10-1-copia-2-8.webp?resize=350%2C200&ssl=1","width":350,"height":200,"srcset":"https:\/\/i0.wp.com\/webdelmaestrocmf.com\/portal\/wp-content\/uploads\/2026\/01\/1A-Banner-1-portada-imagen-10-1-copia-2-8.webp?resize=350%2C200&ssl=1 1x, https:\/\/i0.wp.com\/webdelmaestrocmf.com\/portal\/wp-content\/uploads\/2026\/01\/1A-Banner-1-portada-imagen-10-1-copia-2-8.webp?resize=525%2C300&ssl=1 1.5x, https:\/\/i0.wp.com\/webdelmaestrocmf.com\/portal\/wp-content\/uploads\/2026\/01\/1A-Banner-1-portada-imagen-10-1-copia-2-8.webp?resize=700%2C400&ssl=1 2x"},"classes":[]},{"id":115342,"url":"https:\/\/webdelmaestrocmf.com\/portal\/un-estudio-cientifico-pionero-en-espana-confirma-el-impacto-de-las-redes-sociales-en-la-ansiedad-adolescente\/","url_meta":{"origin":19607,"position":2},"title":"Un estudio cient\u00edfico pionero en Espa\u00f1a confirma el impacto de las redes sociales en la ansiedad adolescente","author":"Web del Maestro CMF","date":"14 febrero, 2026","format":false,"excerpt":"El estudio revela que el 76,5% de las adolescentes sufre ansiedad por las redes sociales y el 98,5% de los adolescentes se siente \u201cperdido\u201d sin internet.","rel":"","context":"En \u00abNoticias Internacionales\u00bb","block_context":{"text":"Noticias Internacionales","link":"https:\/\/webdelmaestrocmf.com\/portal\/category\/noticias-internacionales\/"},"img":{"alt_text":"","src":"https:\/\/i0.wp.com\/webdelmaestrocmf.com\/portal\/wp-content\/uploads\/2026\/02\/1A-Banner-1-portada-imagen-10-1-copia-13.webp?resize=350%2C200&ssl=1","width":350,"height":200,"srcset":"https:\/\/i0.wp.com\/webdelmaestrocmf.com\/portal\/wp-content\/uploads\/2026\/02\/1A-Banner-1-portada-imagen-10-1-copia-13.webp?resize=350%2C200&ssl=1 1x, https:\/\/i0.wp.com\/webdelmaestrocmf.com\/portal\/wp-content\/uploads\/2026\/02\/1A-Banner-1-portada-imagen-10-1-copia-13.webp?resize=525%2C300&ssl=1 1.5x, https:\/\/i0.wp.com\/webdelmaestrocmf.com\/portal\/wp-content\/uploads\/2026\/02\/1A-Banner-1-portada-imagen-10-1-copia-13.webp?resize=700%2C400&ssl=1 2x"},"classes":[]},{"id":75470,"url":"https:\/\/webdelmaestrocmf.com\/portal\/comunicado-para-los-seguidores-de-la-web-del-maestro-cmf-sobre-el-buen-uso-de-las-redes-sociales\/","url_meta":{"origin":19607,"position":3},"title":"Comunicado para los seguidores de la Web del Maestro CMF sobre el buen uso de las redes sociales","author":"Web del Maestro CMF","date":"13 marzo, 2022","format":false,"excerpt":"Con las nuevas herramientas tecnol\u00f3gicas de la comunicaci\u00f3n e informaci\u00f3n, necesitamos maestros que busquen invertir la mayor parte del tiempo que les queda fuera de las aulas y de sus responsabilidades familiares, para seguir capacit\u00e1ndose, aprendiendo e investigando, con un pensamiento cr\u00edtico enriquecido con el m\u00e9todo dialogal que presupone la\u2026","rel":"","context":"En \u00abComunicados\u00bb","block_context":{"text":"Comunicados","link":"https:\/\/webdelmaestrocmf.com\/portal\/category\/cmf\/"},"img":{"alt_text":"","src":"https:\/\/i0.wp.com\/webdelmaestrocmf.com\/portal\/wp-content\/uploads\/2020\/10\/1jpg-copia.jpg?resize=350%2C200&ssl=1","width":350,"height":200,"srcset":"https:\/\/i0.wp.com\/webdelmaestrocmf.com\/portal\/wp-content\/uploads\/2020\/10\/1jpg-copia.jpg?resize=350%2C200&ssl=1 1x, https:\/\/i0.wp.com\/webdelmaestrocmf.com\/portal\/wp-content\/uploads\/2020\/10\/1jpg-copia.jpg?resize=525%2C300&ssl=1 1.5x, https:\/\/i0.wp.com\/webdelmaestrocmf.com\/portal\/wp-content\/uploads\/2020\/10\/1jpg-copia.jpg?resize=700%2C400&ssl=1 2x, https:\/\/i0.wp.com\/webdelmaestrocmf.com\/portal\/wp-content\/uploads\/2020\/10\/1jpg-copia.jpg?resize=1050%2C600&ssl=1 3x"},"classes":[]},{"id":10185,"url":"https:\/\/webdelmaestrocmf.com\/portal\/impacto-de-las-redes-sociales-en-la-educacion\/","url_meta":{"origin":19607,"position":4},"title":"Impacto de las redes sociales en la educaci\u00f3n","author":"Web del Maestro CMF","date":"3 noviembre, 2016","format":false,"excerpt":"El crecimiento de las redes sociales es tan grande, que se estima que en la actualidad m\u00e1s del 60% de las personas mayores de 16 a\u00f1os tienen su perfil en alguna de las plataformas sociales, como Facebook, LinkedIn, u otras. En pocos a\u00f1os, las redes sociales han llegado a tener\u2026","rel":"","context":"En \u00abRedes Sociales\u00bb","block_context":{"text":"Redes Sociales","link":"https:\/\/webdelmaestrocmf.com\/portal\/category\/tecnologia\/redes-sociales\/"},"img":{"alt_text":"","src":"https:\/\/i0.wp.com\/webdelmaestrocmf.com\/portal\/wp-content\/uploads\/2016\/11\/1-3.jpg?resize=350%2C200&ssl=1","width":350,"height":200,"srcset":"https:\/\/i0.wp.com\/webdelmaestrocmf.com\/portal\/wp-content\/uploads\/2016\/11\/1-3.jpg?resize=350%2C200&ssl=1 1x, https:\/\/i0.wp.com\/webdelmaestrocmf.com\/portal\/wp-content\/uploads\/2016\/11\/1-3.jpg?resize=525%2C300&ssl=1 1.5x, https:\/\/i0.wp.com\/webdelmaestrocmf.com\/portal\/wp-content\/uploads\/2016\/11\/1-3.jpg?resize=700%2C400&ssl=1 2x"},"classes":[]},{"id":49542,"url":"https:\/\/webdelmaestrocmf.com\/portal\/comunicado-de-la-web-del-maestro-cmf-orientaciones-sobre-el-uso-de-los-comentarios-dentro-de-la-comunidad-educativa-digital\/","url_meta":{"origin":19607,"position":5},"title":"Comunicado de la Web del Maestro CMF: Orientaciones sobre el uso de los comentarios dentro de la Comunidad Educativa Digital","author":"Web del Maestro CMF","date":"28 julio, 2020","format":false,"excerpt":"Muy buen d\u00eda, les agradecemos y felicitamos por seguir con voluntad y perseverancia su formaci\u00f3n permanente, a trav\u00e9s de la Web del Maestro CMF, sobre todo en estos momentos tan dif\u00edciles en que, los profesores, junto a los padres de familia, tienen el desaf\u00edo de ser los constructores de nuevos\u2026","rel":"","context":"En \u00abComunicados\u00bb","block_context":{"text":"Comunicados","link":"https:\/\/webdelmaestrocmf.com\/portal\/category\/cmf\/"},"img":{"alt_text":"","src":"https:\/\/i0.wp.com\/webdelmaestrocmf.com\/portal\/wp-content\/uploads\/2020\/07\/2-copia-6.jpg?resize=350%2C200&ssl=1","width":350,"height":200,"srcset":"https:\/\/i0.wp.com\/webdelmaestrocmf.com\/portal\/wp-content\/uploads\/2020\/07\/2-copia-6.jpg?resize=350%2C200&ssl=1 1x, https:\/\/i0.wp.com\/webdelmaestrocmf.com\/portal\/wp-content\/uploads\/2020\/07\/2-copia-6.jpg?resize=525%2C300&ssl=1 1.5x, https:\/\/i0.wp.com\/webdelmaestrocmf.com\/portal\/wp-content\/uploads\/2020\/07\/2-copia-6.jpg?resize=700%2C400&ssl=1 2x, https:\/\/i0.wp.com\/webdelmaestrocmf.com\/portal\/wp-content\/uploads\/2020\/07\/2-copia-6.jpg?resize=1050%2C600&ssl=1 3x"},"classes":[]}],"_links":{"self":[{"href":"https:\/\/webdelmaestrocmf.com\/portal\/wp-json\/wp\/v2\/posts\/19607","targetHints":{"allow":["GET"]}}],"collection":[{"href":"https:\/\/webdelmaestrocmf.com\/portal\/wp-json\/wp\/v2\/posts"}],"about":[{"href":"https:\/\/webdelmaestrocmf.com\/portal\/wp-json\/wp\/v2\/types\/post"}],"author":[{"embeddable":true,"href":"https:\/\/webdelmaestrocmf.com\/portal\/wp-json\/wp\/v2\/users\/2"}],"replies":[{"embeddable":true,"href":"https:\/\/webdelmaestrocmf.com\/portal\/wp-json\/wp\/v2\/comments?post=19607"}],"version-history":[{"count":0,"href":"https:\/\/webdelmaestrocmf.com\/portal\/wp-json\/wp\/v2\/posts\/19607\/revisions"}],"wp:featuredmedia":[{"embeddable":true,"href":"https:\/\/webdelmaestrocmf.com\/portal\/wp-json\/wp\/v2\/media\/56700"}],"wp:attachment":[{"href":"https:\/\/webdelmaestrocmf.com\/portal\/wp-json\/wp\/v2\/media?parent=19607"}],"wp:term":[{"taxonomy":"category","embeddable":true,"href":"https:\/\/webdelmaestrocmf.com\/portal\/wp-json\/wp\/v2\/categories?post=19607"},{"taxonomy":"post_tag","embeddable":true,"href":"https:\/\/webdelmaestrocmf.com\/portal\/wp-json\/wp\/v2\/tags?post=19607"}],"curies":[{"name":"wp","href":"https:\/\/api.w.org\/{rel}","templated":true}]}}