{"id":19589,"date":"2023-07-05T19:00:58","date_gmt":"2023-07-05T23:00:58","guid":{"rendered":"http:\/\/webdelmaestrocmf.com\/portal\/?p=19589"},"modified":"2023-07-05T20:40:22","modified_gmt":"2023-07-06T00:40:22","slug":"hoy-los-sordos-no-parecen-solo-los-ninos-sino-los-adultos","status":"publish","type":"post","link":"https:\/\/webdelmaestrocmf.com\/portal\/hoy-los-sordos-no-parecen-solo-los-ninos-sino-los-adultos\/","title":{"rendered":"Hoy los sordos no parecen ser solo los ni\u00f1os sino los adultos"},"content":{"rendered":"<h5 style=\"text-align: justify;\">Diariamente recibimos en el aula y nos relacionamos con ni\u00f1os de diferentes hogares y formas diferentes de convivencia familiar. \u201cEl maestro necesita <strong>conocer a sus alumnos,<\/strong> <strong>si desea que la ense\u00f1anza sea efectiva<\/strong> y debe comenzar con el alumno donde \u00e9l se halle. Quiere decir que cuanto m\u00e1s sepa de \u00e9l m\u00e1s podr\u00e1 dirigirlo en el proceso de aprendizaje\u201d (CONOZCA, \u00c1lvaro Serna M.). Y por esto <strong>nos permitimos invitar a los padres de familia y profesores<\/strong> la lectura del art\u00edculo: \u201c\u00a1Ahora los \u201csordos\u201d son los padres&#8230; no los hijos!\u201d de la profesora colombiana \u00c1ngela Marulanda G\u00f3mez.<\/h5>\n<p><!--more--><\/p>\n<p style=\"text-align: justify;\">El Papa Francisco nos dijo que: \u201cLa vida se ha vuelto taca\u00f1a con <strong>el tiempo para hablar, reflexionar, discutir<\/strong>. Muchos padres se ven \u201csecuestrados\u201d por el trabajo y otras preocupaciones, molestos por las nuevas exigencias de los hijos y por la complejidad de la vida actual, y se encuentran como <strong>paralizados por el temor a equivocarse<\/strong>.<\/p>\n<p style=\"text-align: justify;\">El problema, sin embargo, no est\u00e1 s\u00f3lo en hablar (\u2026) M\u00e1s bien pregunt\u00e9monos: <strong>\u00bfIntentamos comprender \u201cd\u00f3nde\u201d est\u00e1n los hijos realmente en su camino?<\/strong> \u00bfD\u00f3nde est\u00e1 realmente su alma, lo sabemos? Y, sobre todo, \u00bfqueremos saberlo? \u00bfEstamos convencidos de que ellos, en realidad, no esperan otra cosa?\u201d (20 de mayo de 2015).<\/p>\n<p style=\"text-align: justify;\">Saber \u201cd\u00f3nde\u201d est\u00e1 el coraz\u00f3n y los sue\u00f1os de los hijos, es una tarea no f\u00e1cil para los padres. Sabemos que <strong>los ni\u00f1os y adolescentes son curiosos y desean hacer las cosas a su manera<\/strong>. Pero la presi\u00f3n para adaptarse a un medio ambiente permisivo y sin l\u00edmites, podr\u00eda dificultarles el hecho de <strong>resistirse a la moda del alcohol y\/o las drogas,<\/strong> si parece que todo el mundo lo est\u00e1 probando (cf Medline Plus).<\/p>\n<p style=\"text-align: justify;\">La irrupci\u00f3n de los medios de comunicaci\u00f3n, parece ser un muro para el di\u00e1logo, disminuido o desterrado por el uso del smartphone; el escuchar m\u00fasica con aud\u00edfonos a un alto volumen o el entretenerse en las conversaciones por Internet, comunic\u00e1ndose por Messenger, el WhatsApp, Snapchat, \u2026 con personas, incluso desconocidas, ignorando lo que sucede alrededor, ignorando a la familia (cf Claudia Magdalena Vald\u00e9s Castro). Agr\u00e9guese a estos la falta vigilancia o filtros a las p\u00e1ginas a la cual acceden. La ballena azul, gossiping, el sexting, el abecedario del diablo, \u2026 \u00bfQu\u00e9 sabemos los padres de familia y maestros sobre estos nuevos peligros?<\/p>\n<p style=\"text-align: justify;\">La soci\u00f3loga \u00c1ngela Marulanda, especialista en el fortalecimiento social, moral y emocional de los ni\u00f1os y de la familia, escribe para El Colombiano (Bogot\u00e1), un art\u00edculo que es una larga lista de interrogantes para los padres de familia, y que compartimos con fines \u00fanicamente educativos \u2013 pastorales.<\/p>\n<p style=\"text-align: justify;\">Ella afirma: \u201cA diferencia del pasado cuando primero se pagaban las cosas y luego se disfrutaba de ellas, hoy vivimos bajo la misma filosof\u00eda del sistema de cr\u00e9dito: gozando ahora y pagando luego. Lo que a veces se nos olvida es que tarde o temprano hay que pagar\u2026 \u00a1y con intereses!\u201d. Adem\u00e1s, no olvidemos que los padres y los maestros son (en muchas ocasiones) modelos de conducta para los hijos y estudiantes, en el uso de las tecnolog\u00edas.<\/p>\n<p style=\"text-align: justify;\">De estas preguntas \u00bfQu\u00e9 temas, sobre la realidad de vida de nuestros estudiantes, se nos sugieren repasar? \u00bfCu\u00e1ntas pueden ser \u00fatiles para dialogar y reflexionar con nuestros padres de familia? \u00bfEs un exceso de interrogantes?<\/p>\n<p style=\"text-align: right;\"><strong>REDACCI\u00d3N WEB DEL MAESTRO CMF<br \/>\n<\/strong><strong>Fuente: \u00a0El Colombiano, <a href=\"http:\/\/www.elcolombiano.com\/\" target=\"_blank\" rel=\"noopener\">elcolombiano.com<\/a><\/strong><\/p>\n\t\t<div class=\"pk-inline-posts\">\n\t\t\t\n\t\t\t<div class=\"pk-inline-posts-container pk-inline-posts-template-list\"\n\t\t\t\tdata-columns=\"1\">\n\t\t\t\t\t\t<article id=\"post-114355\" class=\"post-114355 post type-post status-publish format-standard has-post-thumbnail category-docentes category-noticias-pedagogia category-pedagogia tag-derechos-del-nino tag-docentes-en-redes-sociales tag-educacion-responsable tag-etica-docente tag-legislacion-educativa tag-privacidad-infantil tag-profesores-influencers tag-proteccion-de-datos tag-uso-de-imagen cs-entry cs-video-wrap\">\n\t\t\t<div class=\"pk-post-outer\">\n\n\t\t\t\t\t\t\t\t<div class=\"pk-post-inner\">\n\t\t\t\t\t<div class=\"entry-thumbnail\">\n\t\t\t\t\t\t<div class=\"pk-overlay pk-overlay-ratio pk-ratio-landscape\">\n\t\t\t\t\t\t\t<div class=\"pk-overlay-background\">\n\t\t\t\t\t\t\t\t<a href=\"https:\/\/webdelmaestrocmf.com\/portal\/atencion-profesores-tiktokers-por-que-no-pueden-usar-imagenes-fotos-de-sus-estudiantes-en-redes-sociales-personales\/\" class=\"pk-overlay-link\">\n\t\t\t\t\t\t\t\t\t<img loading=\"lazy\" decoding=\"async\" width=\"300\" height=\"225\" src=\"https:\/\/webdelmaestrocmf.com\/portal\/wp-content\/uploads\/2025\/12\/1A-Banner-1-portada-imagen-10-1-copia-1-18-300x225.webp\" class=\"attachment-pk-thumbnail size-pk-thumbnail wp-post-image\" alt=\"\" \/>\t\t\t\t\t\t\t\t<\/a>\n\t\t\t\t\t\t\t<\/div>\n\t\t\t\t\t\t<\/div>\n\t\t\t\t\t<\/div>\n\t\t\t\t<\/div>\n\t\t\t\t\n\t\t\t\t<div class=\"pk-post-inner\">\n\t\t\t\t\t<header>\n\t\t\t\t\t\t<h3 class=\"pk-title\"><a href=\"https:\/\/webdelmaestrocmf.com\/portal\/atencion-profesores-tiktokers-por-que-no-pueden-usar-imagenes-fotos-de-sus-estudiantes-en-redes-sociales-personales\/\" rel=\"bookmark\">Atenci\u00f3n, profesores tiktokers: por qu\u00e9 no pueden usar im\u00e1genes (fotos) de sus estudiantes en redes sociales personales<\/a><\/h3>\t\t\t\t\t<\/header><!-- .entry-header -->\n\t\t\t\t<\/div><!-- .post-inner -->\n\n\t\t\t<\/div><!-- .post-outer -->\n\t\t<\/article>\n\t\t\t\t<\/div>\n\t\t<\/div>\n\t\t\n","protected":false},"excerpt":{"rendered":"Diariamente recibimos en el aula y nos relacionamos con ni\u00f1os de diferentes hogares y formas diferentes de convivencia&hellip;","protected":false},"author":2,"featured_media":90437,"comment_status":"open","ping_status":"open","sticky":false,"template":"","format":"standard","meta":{"csco_display_header_overlay":false,"csco_singular_sidebar":"default","csco_page_header_type":"default","csco_page_load_nextpost":"default","csco_post_video_location":[],"csco_post_video_location_hash":"","csco_post_video_url":"","csco_post_video_bg_start_time":0,"csco_post_video_bg_end_time":0,"csco_post_video_bg_volume":false,"_jetpack_memberships_contains_paid_content":false,"footnotes":""},"categories":[5375,735],"tags":[2342,2340,55,297,2341],"class_list":{"0":"post-19589","1":"post","2":"type-post","3":"status-publish","4":"format-standard","5":"has-post-thumbnail","7":"category-noticias-pedagogia","8":"category-pedagogia","9":"tag-adultos-sordos","10":"tag-angela-marulanda-gomez","11":"tag-educacion","12":"tag-ninos","13":"tag-padres-sordos","14":"cs-entry","15":"cs-video-wrap"},"yoast_head":"<!-- This site is optimized with the Yoast SEO plugin v27.5 - https:\/\/yoast.com\/product\/yoast-seo-wordpress\/ -->\n<title>Hoy los sordos no parecen ser solo los ni\u00f1os sino los adultos - 2026<\/title>\n<meta name=\"description\" content=\"Diariamente recibimos en el aula y nos relacionamos con ni\u00f1os de diferentes hogares y formas diferentes de convivencia familiar.\" \/>\n<meta name=\"robots\" content=\"index, follow, max-snippet:-1, max-image-preview:large, max-video-preview:-1\" \/>\n<link rel=\"canonical\" href=\"https:\/\/webdelmaestrocmf.com\/portal\/hoy-los-sordos-no-parecen-solo-los-ninos-sino-los-adultos\/\" \/>\n<meta property=\"og:locale\" content=\"es_ES\" \/>\n<meta property=\"og:type\" content=\"article\" \/>\n<meta property=\"og:title\" content=\"Hoy los sordos no parecen ser solo los ni\u00f1os sino los adultos - 2026\" \/>\n<meta property=\"og:description\" content=\"Diariamente recibimos en el aula y nos relacionamos con ni\u00f1os de diferentes hogares y formas diferentes de convivencia familiar.\" \/>\n<meta property=\"og:url\" content=\"https:\/\/webdelmaestrocmf.com\/portal\/hoy-los-sordos-no-parecen-solo-los-ninos-sino-los-adultos\/\" \/>\n<meta property=\"og:site_name\" content=\"Web del Maestro CMF\" \/>\n<meta property=\"article:publisher\" content=\"https:\/\/www.facebook.com\/WebdelMaestroCMF\/\" \/>\n<meta property=\"article:author\" content=\"https:\/\/www.facebook.com\/WebdelMaestroCMF\/\" \/>\n<meta property=\"article:published_time\" content=\"2023-07-05T23:00:58+00:00\" \/>\n<meta property=\"article:modified_time\" content=\"2023-07-06T00:40:22+00:00\" \/>\n<meta property=\"og:image\" content=\"https:\/\/i0.wp.com\/webdelmaestrocmf.com\/portal\/wp-content\/uploads\/2017\/06\/A12B3C4D-25.jpg?fit=900%2C556&ssl=1\" \/>\n\t<meta property=\"og:image:width\" content=\"900\" \/>\n\t<meta property=\"og:image:height\" content=\"556\" \/>\n\t<meta property=\"og:image:type\" content=\"image\/jpeg\" \/>\n<meta name=\"author\" content=\"Web del Maestro CMF\" \/>\n<meta name=\"twitter:card\" content=\"summary_large_image\" \/>\n<meta name=\"twitter:creator\" content=\"@cmf_w\" \/>\n<meta name=\"twitter:site\" content=\"@cmf_w\" \/>\n<script type=\"application\/ld+json\" class=\"yoast-schema-graph\">{\"@context\":\"https:\\\/\\\/schema.org\",\"@graph\":[{\"@type\":\"ScholarlyArticle\",\"@id\":\"https:\\\/\\\/webdelmaestrocmf.com\\\/portal\\\/hoy-los-sordos-no-parecen-solo-los-ninos-sino-los-adultos\\\/#article\",\"isPartOf\":{\"@id\":\"https:\\\/\\\/webdelmaestrocmf.com\\\/portal\\\/hoy-los-sordos-no-parecen-solo-los-ninos-sino-los-adultos\\\/\"},\"author\":{\"name\":\"Web del Maestro CMF\",\"@id\":\"https:\\\/\\\/webdelmaestrocmf.com\\\/portal\\\/#\\\/schema\\\/person\\\/ebc57e23d318c9c4270c6f41367015b5\"},\"headline\":\"Hoy los sordos no parecen ser solo los ni\u00f1os sino los adultos\",\"datePublished\":\"2023-07-05T23:00:58+00:00\",\"dateModified\":\"2023-07-06T00:40:22+00:00\",\"mainEntityOfPage\":{\"@id\":\"https:\\\/\\\/webdelmaestrocmf.com\\\/portal\\\/hoy-los-sordos-no-parecen-solo-los-ninos-sino-los-adultos\\\/\"},\"wordCount\":598,\"commentCount\":0,\"publisher\":{\"@id\":\"https:\\\/\\\/webdelmaestrocmf.com\\\/portal\\\/#organization\"},\"image\":{\"@id\":\"https:\\\/\\\/webdelmaestrocmf.com\\\/portal\\\/hoy-los-sordos-no-parecen-solo-los-ninos-sino-los-adultos\\\/#primaryimage\"},\"thumbnailUrl\":\"https:\\\/\\\/webdelmaestrocmf.com\\\/portal\\\/wp-content\\\/uploads\\\/2017\\\/06\\\/A12B3C4D-25.jpg\",\"keywords\":[\"ADULTOS SORDOS\",\"\u00c1ngela Marulanda G\u00f3mez\",\"EDUCACI\u00d3N\",\"Ni\u00f1os\",\"PADRES SORDOS\"],\"articleSection\":[\"Noticias\",\"Recursos\"],\"inLanguage\":\"es\",\"potentialAction\":[{\"@type\":\"CommentAction\",\"name\":\"Comment\",\"target\":[\"https:\\\/\\\/webdelmaestrocmf.com\\\/portal\\\/hoy-los-sordos-no-parecen-solo-los-ninos-sino-los-adultos\\\/#respond\"]}]},{\"@type\":\"WebPage\",\"@id\":\"https:\\\/\\\/webdelmaestrocmf.com\\\/portal\\\/hoy-los-sordos-no-parecen-solo-los-ninos-sino-los-adultos\\\/\",\"url\":\"https:\\\/\\\/webdelmaestrocmf.com\\\/portal\\\/hoy-los-sordos-no-parecen-solo-los-ninos-sino-los-adultos\\\/\",\"name\":\"Hoy los sordos no parecen ser solo los ni\u00f1os sino los adultos - 2026\",\"isPartOf\":{\"@id\":\"https:\\\/\\\/webdelmaestrocmf.com\\\/portal\\\/#website\"},\"primaryImageOfPage\":{\"@id\":\"https:\\\/\\\/webdelmaestrocmf.com\\\/portal\\\/hoy-los-sordos-no-parecen-solo-los-ninos-sino-los-adultos\\\/#primaryimage\"},\"image\":{\"@id\":\"https:\\\/\\\/webdelmaestrocmf.com\\\/portal\\\/hoy-los-sordos-no-parecen-solo-los-ninos-sino-los-adultos\\\/#primaryimage\"},\"thumbnailUrl\":\"https:\\\/\\\/webdelmaestrocmf.com\\\/portal\\\/wp-content\\\/uploads\\\/2017\\\/06\\\/A12B3C4D-25.jpg\",\"datePublished\":\"2023-07-05T23:00:58+00:00\",\"dateModified\":\"2023-07-06T00:40:22+00:00\",\"description\":\"Diariamente recibimos en el aula y nos relacionamos con ni\u00f1os de diferentes hogares y formas diferentes de convivencia familiar.\",\"breadcrumb\":{\"@id\":\"https:\\\/\\\/webdelmaestrocmf.com\\\/portal\\\/hoy-los-sordos-no-parecen-solo-los-ninos-sino-los-adultos\\\/#breadcrumb\"},\"inLanguage\":\"es\",\"potentialAction\":[{\"@type\":\"ReadAction\",\"target\":[\"https:\\\/\\\/webdelmaestrocmf.com\\\/portal\\\/hoy-los-sordos-no-parecen-solo-los-ninos-sino-los-adultos\\\/\"]}]},{\"@type\":\"ImageObject\",\"inLanguage\":\"es\",\"@id\":\"https:\\\/\\\/webdelmaestrocmf.com\\\/portal\\\/hoy-los-sordos-no-parecen-solo-los-ninos-sino-los-adultos\\\/#primaryimage\",\"url\":\"https:\\\/\\\/webdelmaestrocmf.com\\\/portal\\\/wp-content\\\/uploads\\\/2017\\\/06\\\/A12B3C4D-25.jpg\",\"contentUrl\":\"https:\\\/\\\/webdelmaestrocmf.com\\\/portal\\\/wp-content\\\/uploads\\\/2017\\\/06\\\/A12B3C4D-25.jpg\",\"width\":900,\"height\":556},{\"@type\":\"BreadcrumbList\",\"@id\":\"https:\\\/\\\/webdelmaestrocmf.com\\\/portal\\\/hoy-los-sordos-no-parecen-solo-los-ninos-sino-los-adultos\\\/#breadcrumb\",\"itemListElement\":[{\"@type\":\"ListItem\",\"position\":1,\"name\":\"Portada\",\"item\":\"https:\\\/\\\/webdelmaestrocmf.com\\\/portal\\\/\"},{\"@type\":\"ListItem\",\"position\":2,\"name\":\"Recursos\",\"item\":\"https:\\\/\\\/webdelmaestrocmf.com\\\/portal\\\/category\\\/pedagogia\\\/\"},{\"@type\":\"ListItem\",\"position\":3,\"name\":\"Hoy los sordos no parecen ser solo los ni\u00f1os sino los adultos\"}]},{\"@type\":\"WebSite\",\"@id\":\"https:\\\/\\\/webdelmaestrocmf.com\\\/portal\\\/#website\",\"url\":\"https:\\\/\\\/webdelmaestrocmf.com\\\/portal\\\/\",\"name\":\"Web del Maestro CMF\",\"description\":\"Maestros al servicio de la educaci\u00f3n\",\"publisher\":{\"@id\":\"https:\\\/\\\/webdelmaestrocmf.com\\\/portal\\\/#organization\"},\"alternateName\":\"WMCMF\",\"potentialAction\":[{\"@type\":\"SearchAction\",\"target\":{\"@type\":\"EntryPoint\",\"urlTemplate\":\"https:\\\/\\\/webdelmaestrocmf.com\\\/portal\\\/?s={search_term_string}\"},\"query-input\":{\"@type\":\"PropertyValueSpecification\",\"valueRequired\":true,\"valueName\":\"search_term_string\"}}],\"inLanguage\":\"es\"},{\"@type\":\"Organization\",\"@id\":\"https:\\\/\\\/webdelmaestrocmf.com\\\/portal\\\/#organization\",\"name\":\"Web del Maestro CMF\",\"alternateName\":\"WMCMF\",\"url\":\"https:\\\/\\\/webdelmaestrocmf.com\\\/portal\\\/\",\"logo\":{\"@type\":\"ImageObject\",\"inLanguage\":\"es\",\"@id\":\"https:\\\/\\\/webdelmaestrocmf.com\\\/portal\\\/#\\\/schema\\\/logo\\\/image\\\/\",\"url\":\"https:\\\/\\\/webdelmaestrocmf.com\\\/portal\\\/wp-content\\\/uploads\\\/2023\\\/01\\\/logo-wmcmf-2.png\",\"contentUrl\":\"https:\\\/\\\/webdelmaestrocmf.com\\\/portal\\\/wp-content\\\/uploads\\\/2023\\\/01\\\/logo-wmcmf-2.png\",\"width\":200,\"height\":60,\"caption\":\"Web del Maestro CMF\"},\"image\":{\"@id\":\"https:\\\/\\\/webdelmaestrocmf.com\\\/portal\\\/#\\\/schema\\\/logo\\\/image\\\/\"},\"sameAs\":[\"https:\\\/\\\/www.facebook.com\\\/WebdelMaestroCMF\\\/\",\"https:\\\/\\\/x.com\\\/cmf_w\",\"https:\\\/\\\/www.pinterest.com\\\/WMCMF\\\/\",\"https:\\\/\\\/www.linkedin.com\\\/company\\\/web-del-maestro-cmf\\\/\",\"https:\\\/\\\/www.instagram.com\\\/wmcmf\\\/\",\"https:\\\/\\\/www.youtube.com\\\/channel\\\/UCDPSvjbdodE5sHnC3OxutHw\",\"https:\\\/\\\/mastodon.social\\\/@wmcmf\",\"https:\\\/\\\/www.tiktok.com\\\/@webdelmaestrocmf\"]},{\"@type\":\"Person\",\"@id\":\"https:\\\/\\\/webdelmaestrocmf.com\\\/portal\\\/#\\\/schema\\\/person\\\/ebc57e23d318c9c4270c6f41367015b5\",\"name\":\"Web del Maestro CMF\",\"image\":{\"@type\":\"ImageObject\",\"inLanguage\":\"es\",\"@id\":\"https:\\\/\\\/secure.gravatar.com\\\/avatar\\\/718b2df46e711f63dc8c16a160d16cc0104e961fe3c231eaaed2426975fc5e2d?s=96&d=mm&r=g\",\"url\":\"https:\\\/\\\/secure.gravatar.com\\\/avatar\\\/718b2df46e711f63dc8c16a160d16cc0104e961fe3c231eaaed2426975fc5e2d?s=96&d=mm&r=g\",\"contentUrl\":\"https:\\\/\\\/secure.gravatar.com\\\/avatar\\\/718b2df46e711f63dc8c16a160d16cc0104e961fe3c231eaaed2426975fc5e2d?s=96&d=mm&r=g\",\"caption\":\"Web del Maestro CMF\"},\"description\":\"Esta Web se cre\u00f3 sin fines de lucro, con fines educativos, cient\u00edficos y acad\u00e9micos, para personas que tengan dificultades y\\\/o inconvenientes en visualizar el material original. El objetivo es entregar recursos, compartir experiencias y materiales que ayuden a los padres de familia, maestros y estudiantes en su actualizaci\u00f3n y formaci\u00f3n permanente, en bien de la Educaci\u00f3n.\",\"sameAs\":[\"http:\\\/\\\/webdelmaestrocmf.com\\\/portal\",\"https:\\\/\\\/www.facebook.com\\\/WebdelMaestroCMF\\\/\",\"https:\\\/\\\/www.instagram.com\\\/wmcmf\\\/\",\"https:\\\/\\\/cl.linkedin.com\\\/company\\\/web-del-maestro-cmf\",\"https:\\\/\\\/www.pinterest.com\\\/WMCMF\\\/publicaciones\\\/\",\"https:\\\/\\\/x.com\\\/cmf_w\",\"https:\\\/\\\/www.youtube.com\\\/@WMCMF\"]}]}<\/script>\n<!-- \/ Yoast SEO plugin. -->","yoast_head_json":{"title":"Hoy los sordos no parecen ser solo los ni\u00f1os sino los adultos - 2026","description":"Diariamente recibimos en el aula y nos relacionamos con ni\u00f1os de diferentes hogares y formas diferentes de convivencia familiar.","robots":{"index":"index","follow":"follow","max-snippet":"max-snippet:-1","max-image-preview":"max-image-preview:large","max-video-preview":"max-video-preview:-1"},"canonical":"https:\/\/webdelmaestrocmf.com\/portal\/hoy-los-sordos-no-parecen-solo-los-ninos-sino-los-adultos\/","og_locale":"es_ES","og_type":"article","og_title":"Hoy los sordos no parecen ser solo los ni\u00f1os sino los adultos - 2026","og_description":"Diariamente recibimos en el aula y nos relacionamos con ni\u00f1os de diferentes hogares y formas diferentes de convivencia familiar.","og_url":"https:\/\/webdelmaestrocmf.com\/portal\/hoy-los-sordos-no-parecen-solo-los-ninos-sino-los-adultos\/","og_site_name":"Web del Maestro CMF","article_publisher":"https:\/\/www.facebook.com\/WebdelMaestroCMF\/","article_author":"https:\/\/www.facebook.com\/WebdelMaestroCMF\/","article_published_time":"2023-07-05T23:00:58+00:00","article_modified_time":"2023-07-06T00:40:22+00:00","og_image":[{"width":900,"height":556,"url":"https:\/\/i0.wp.com\/webdelmaestrocmf.com\/portal\/wp-content\/uploads\/2017\/06\/A12B3C4D-25.jpg?fit=900%2C556&ssl=1","type":"image\/jpeg"}],"author":"Web del Maestro CMF","twitter_card":"summary_large_image","twitter_creator":"@cmf_w","twitter_site":"@cmf_w","schema":{"@context":"https:\/\/schema.org","@graph":[{"@type":"ScholarlyArticle","@id":"https:\/\/webdelmaestrocmf.com\/portal\/hoy-los-sordos-no-parecen-solo-los-ninos-sino-los-adultos\/#article","isPartOf":{"@id":"https:\/\/webdelmaestrocmf.com\/portal\/hoy-los-sordos-no-parecen-solo-los-ninos-sino-los-adultos\/"},"author":{"name":"Web del Maestro CMF","@id":"https:\/\/webdelmaestrocmf.com\/portal\/#\/schema\/person\/ebc57e23d318c9c4270c6f41367015b5"},"headline":"Hoy los sordos no parecen ser solo los ni\u00f1os sino los adultos","datePublished":"2023-07-05T23:00:58+00:00","dateModified":"2023-07-06T00:40:22+00:00","mainEntityOfPage":{"@id":"https:\/\/webdelmaestrocmf.com\/portal\/hoy-los-sordos-no-parecen-solo-los-ninos-sino-los-adultos\/"},"wordCount":598,"commentCount":0,"publisher":{"@id":"https:\/\/webdelmaestrocmf.com\/portal\/#organization"},"image":{"@id":"https:\/\/webdelmaestrocmf.com\/portal\/hoy-los-sordos-no-parecen-solo-los-ninos-sino-los-adultos\/#primaryimage"},"thumbnailUrl":"https:\/\/webdelmaestrocmf.com\/portal\/wp-content\/uploads\/2017\/06\/A12B3C4D-25.jpg","keywords":["ADULTOS SORDOS","\u00c1ngela Marulanda G\u00f3mez","EDUCACI\u00d3N","Ni\u00f1os","PADRES SORDOS"],"articleSection":["Noticias","Recursos"],"inLanguage":"es","potentialAction":[{"@type":"CommentAction","name":"Comment","target":["https:\/\/webdelmaestrocmf.com\/portal\/hoy-los-sordos-no-parecen-solo-los-ninos-sino-los-adultos\/#respond"]}]},{"@type":"WebPage","@id":"https:\/\/webdelmaestrocmf.com\/portal\/hoy-los-sordos-no-parecen-solo-los-ninos-sino-los-adultos\/","url":"https:\/\/webdelmaestrocmf.com\/portal\/hoy-los-sordos-no-parecen-solo-los-ninos-sino-los-adultos\/","name":"Hoy los sordos no parecen ser solo los ni\u00f1os sino los adultos - 2026","isPartOf":{"@id":"https:\/\/webdelmaestrocmf.com\/portal\/#website"},"primaryImageOfPage":{"@id":"https:\/\/webdelmaestrocmf.com\/portal\/hoy-los-sordos-no-parecen-solo-los-ninos-sino-los-adultos\/#primaryimage"},"image":{"@id":"https:\/\/webdelmaestrocmf.com\/portal\/hoy-los-sordos-no-parecen-solo-los-ninos-sino-los-adultos\/#primaryimage"},"thumbnailUrl":"https:\/\/webdelmaestrocmf.com\/portal\/wp-content\/uploads\/2017\/06\/A12B3C4D-25.jpg","datePublished":"2023-07-05T23:00:58+00:00","dateModified":"2023-07-06T00:40:22+00:00","description":"Diariamente recibimos en el aula y nos relacionamos con ni\u00f1os de diferentes hogares y formas diferentes de convivencia familiar.","breadcrumb":{"@id":"https:\/\/webdelmaestrocmf.com\/portal\/hoy-los-sordos-no-parecen-solo-los-ninos-sino-los-adultos\/#breadcrumb"},"inLanguage":"es","potentialAction":[{"@type":"ReadAction","target":["https:\/\/webdelmaestrocmf.com\/portal\/hoy-los-sordos-no-parecen-solo-los-ninos-sino-los-adultos\/"]}]},{"@type":"ImageObject","inLanguage":"es","@id":"https:\/\/webdelmaestrocmf.com\/portal\/hoy-los-sordos-no-parecen-solo-los-ninos-sino-los-adultos\/#primaryimage","url":"https:\/\/webdelmaestrocmf.com\/portal\/wp-content\/uploads\/2017\/06\/A12B3C4D-25.jpg","contentUrl":"https:\/\/webdelmaestrocmf.com\/portal\/wp-content\/uploads\/2017\/06\/A12B3C4D-25.jpg","width":900,"height":556},{"@type":"BreadcrumbList","@id":"https:\/\/webdelmaestrocmf.com\/portal\/hoy-los-sordos-no-parecen-solo-los-ninos-sino-los-adultos\/#breadcrumb","itemListElement":[{"@type":"ListItem","position":1,"name":"Portada","item":"https:\/\/webdelmaestrocmf.com\/portal\/"},{"@type":"ListItem","position":2,"name":"Recursos","item":"https:\/\/webdelmaestrocmf.com\/portal\/category\/pedagogia\/"},{"@type":"ListItem","position":3,"name":"Hoy los sordos no parecen ser solo los ni\u00f1os sino los adultos"}]},{"@type":"WebSite","@id":"https:\/\/webdelmaestrocmf.com\/portal\/#website","url":"https:\/\/webdelmaestrocmf.com\/portal\/","name":"Web del Maestro CMF","description":"Maestros al servicio de la educaci\u00f3n","publisher":{"@id":"https:\/\/webdelmaestrocmf.com\/portal\/#organization"},"alternateName":"WMCMF","potentialAction":[{"@type":"SearchAction","target":{"@type":"EntryPoint","urlTemplate":"https:\/\/webdelmaestrocmf.com\/portal\/?s={search_term_string}"},"query-input":{"@type":"PropertyValueSpecification","valueRequired":true,"valueName":"search_term_string"}}],"inLanguage":"es"},{"@type":"Organization","@id":"https:\/\/webdelmaestrocmf.com\/portal\/#organization","name":"Web del Maestro CMF","alternateName":"WMCMF","url":"https:\/\/webdelmaestrocmf.com\/portal\/","logo":{"@type":"ImageObject","inLanguage":"es","@id":"https:\/\/webdelmaestrocmf.com\/portal\/#\/schema\/logo\/image\/","url":"https:\/\/webdelmaestrocmf.com\/portal\/wp-content\/uploads\/2023\/01\/logo-wmcmf-2.png","contentUrl":"https:\/\/webdelmaestrocmf.com\/portal\/wp-content\/uploads\/2023\/01\/logo-wmcmf-2.png","width":200,"height":60,"caption":"Web del Maestro CMF"},"image":{"@id":"https:\/\/webdelmaestrocmf.com\/portal\/#\/schema\/logo\/image\/"},"sameAs":["https:\/\/www.facebook.com\/WebdelMaestroCMF\/","https:\/\/x.com\/cmf_w","https:\/\/www.pinterest.com\/WMCMF\/","https:\/\/www.linkedin.com\/company\/web-del-maestro-cmf\/","https:\/\/www.instagram.com\/wmcmf\/","https:\/\/www.youtube.com\/channel\/UCDPSvjbdodE5sHnC3OxutHw","https:\/\/mastodon.social\/@wmcmf","https:\/\/www.tiktok.com\/@webdelmaestrocmf"]},{"@type":"Person","@id":"https:\/\/webdelmaestrocmf.com\/portal\/#\/schema\/person\/ebc57e23d318c9c4270c6f41367015b5","name":"Web del Maestro CMF","image":{"@type":"ImageObject","inLanguage":"es","@id":"https:\/\/secure.gravatar.com\/avatar\/718b2df46e711f63dc8c16a160d16cc0104e961fe3c231eaaed2426975fc5e2d?s=96&d=mm&r=g","url":"https:\/\/secure.gravatar.com\/avatar\/718b2df46e711f63dc8c16a160d16cc0104e961fe3c231eaaed2426975fc5e2d?s=96&d=mm&r=g","contentUrl":"https:\/\/secure.gravatar.com\/avatar\/718b2df46e711f63dc8c16a160d16cc0104e961fe3c231eaaed2426975fc5e2d?s=96&d=mm&r=g","caption":"Web del Maestro CMF"},"description":"Esta Web se cre\u00f3 sin fines de lucro, con fines educativos, cient\u00edficos y acad\u00e9micos, para personas que tengan dificultades y\/o inconvenientes en visualizar el material original. El objetivo es entregar recursos, compartir experiencias y materiales que ayuden a los padres de familia, maestros y estudiantes en su actualizaci\u00f3n y formaci\u00f3n permanente, en bien de la Educaci\u00f3n.","sameAs":["http:\/\/webdelmaestrocmf.com\/portal","https:\/\/www.facebook.com\/WebdelMaestroCMF\/","https:\/\/www.instagram.com\/wmcmf\/","https:\/\/cl.linkedin.com\/company\/web-del-maestro-cmf","https:\/\/www.pinterest.com\/WMCMF\/publicaciones\/","https:\/\/x.com\/cmf_w","https:\/\/www.youtube.com\/@WMCMF"]}]}},"jetpack_featured_media_url":"https:\/\/webdelmaestrocmf.com\/portal\/wp-content\/uploads\/2017\/06\/A12B3C4D-25.jpg","jetpack_sharing_enabled":true,"jetpack-related-posts":[{"id":113767,"url":"https:\/\/webdelmaestrocmf.com\/portal\/pilar-sordo-quien-dijo-que-los-padres-deben-ser-amigos-de-sus-hijos-el-dano-silencioso-de-una-idea-mal-entendida\/","url_meta":{"origin":19589,"position":0},"title":"Pilar Sordo: \u00bfQui\u00e9n dijo que los padres deben ser amigos de sus hijos? El da\u00f1o silencioso de una idea mal entendida","author":"Web del Maestro CMF","date":"2 diciembre, 2025","format":false,"excerpt":"Pilar Sordo es una reconocida psic\u00f3loga, escritora e investigadora chilena, con m\u00e1s de dos d\u00e9cadas de trayectoria en estudios sobre familia, educaci\u00f3n, v\u00ednculos afectivos y conducta social. Sus libros \u2014como Viva la diferencia, No quiero envejecer y O\u00eddos sordos\u2014 han sido best sellers en Am\u00e9rica Latina, y sus conferencias convocan\u2026","rel":"","context":"En \u00abCharlas\u00bb","block_context":{"text":"Charlas","link":"https:\/\/webdelmaestrocmf.com\/portal\/category\/charlas\/"},"img":{"alt_text":"","src":"https:\/\/i0.wp.com\/webdelmaestrocmf.com\/portal\/wp-content\/uploads\/2025\/12\/1A-Banner-1-portada-imagen-10-1-copia.webp?resize=350%2C200&ssl=1","width":350,"height":200,"srcset":"https:\/\/i0.wp.com\/webdelmaestrocmf.com\/portal\/wp-content\/uploads\/2025\/12\/1A-Banner-1-portada-imagen-10-1-copia.webp?resize=350%2C200&ssl=1 1x, https:\/\/i0.wp.com\/webdelmaestrocmf.com\/portal\/wp-content\/uploads\/2025\/12\/1A-Banner-1-portada-imagen-10-1-copia.webp?resize=525%2C300&ssl=1 1.5x, https:\/\/i0.wp.com\/webdelmaestrocmf.com\/portal\/wp-content\/uploads\/2025\/12\/1A-Banner-1-portada-imagen-10-1-copia.webp?resize=700%2C400&ssl=1 2x"},"classes":[]},{"id":16985,"url":"https:\/\/webdelmaestrocmf.com\/portal\/las-personas-mas-felices-las-valoran-lo-tienen\/","url_meta":{"origin":19589,"position":1},"title":"LAS PERSONAS M\u00c1S FELICES SON LAS QUE VALORAN LO QUE TIENEN","author":"Web del Maestro CMF","date":"12 abril, 2017","format":false,"excerpt":"La soci\u00f3loga colombiana \u00c1ngela Marulanda G\u00f3mez, educadora familiar, conferencista, consultora en temas relacionados con la formaci\u00f3n de los hijos, madre de cuatro hijos, es columnista y conferencista. Estudi\u00f3 en La Salle University (USA), y realiz\u00f3 estudios de sociolog\u00eda en la Universidad Javeriana (Colombia). Ella opina que: \u201cM\u00e1s valioso que todos\u2026","rel":"","context":"En \u00abSin categor\u00eda\u00bb","block_context":{"text":"Sin categor\u00eda","link":"https:\/\/webdelmaestrocmf.com\/portal\/category\/sin-categoria-es\/"},"img":{"alt_text":"","src":"https:\/\/i0.wp.com\/webdelmaestrocmf.com\/portal\/wp-content\/uploads\/2017\/04\/Angela-Marulanda.jpg?resize=350%2C200&ssl=1","width":350,"height":200,"srcset":"https:\/\/i0.wp.com\/webdelmaestrocmf.com\/portal\/wp-content\/uploads\/2017\/04\/Angela-Marulanda.jpg?resize=350%2C200&ssl=1 1x, https:\/\/i0.wp.com\/webdelmaestrocmf.com\/portal\/wp-content\/uploads\/2017\/04\/Angela-Marulanda.jpg?resize=525%2C300&ssl=1 1.5x, https:\/\/i0.wp.com\/webdelmaestrocmf.com\/portal\/wp-content\/uploads\/2017\/04\/Angela-Marulanda.jpg?resize=700%2C400&ssl=1 2x"},"classes":[]},{"id":66118,"url":"https:\/\/webdelmaestrocmf.com\/portal\/tamara-un-emotivo-corto-de-una-nina-sorda-que-refleja-la-importancia-de-creer-en-ellos\/","url_meta":{"origin":19589,"position":2},"title":"Tamara, una ni\u00f1a sorda que destaca la importancia de creer en s\u00ed misma","author":"Web del Maestro CMF","date":"11 noviembre, 2023","format":false,"excerpt":"Tamara, una peque\u00f1a ni\u00f1a sorda, nos sumerge en un emotivo mundo de ballet a trav\u00e9s de un corto filmado por Jason Marino. Su historia, llena de emoci\u00f3n y determinaci\u00f3n, refleja la importancia de creer en los ni\u00f1os y potenciar sus habilidades. En el coraz\u00f3n de esta conmovedora historia est\u00e1 Tamara,\u2026","rel":"","context":"En \u00abPel\u00edculas\u00bb","block_context":{"text":"Pel\u00edculas","link":"https:\/\/webdelmaestrocmf.com\/portal\/category\/pedagogia\/peliculas\/"},"img":{"alt_text":"ni\u00f1a sorda","src":"https:\/\/i0.wp.com\/webdelmaestrocmf.com\/portal\/wp-content\/uploads\/2021\/08\/1-18.jpg?resize=350%2C200&ssl=1","width":350,"height":200,"srcset":"https:\/\/i0.wp.com\/webdelmaestrocmf.com\/portal\/wp-content\/uploads\/2021\/08\/1-18.jpg?resize=350%2C200&ssl=1 1x, https:\/\/i0.wp.com\/webdelmaestrocmf.com\/portal\/wp-content\/uploads\/2021\/08\/1-18.jpg?resize=525%2C300&ssl=1 1.5x, https:\/\/i0.wp.com\/webdelmaestrocmf.com\/portal\/wp-content\/uploads\/2021\/08\/1-18.jpg?resize=700%2C400&ssl=1 2x, https:\/\/i0.wp.com\/webdelmaestrocmf.com\/portal\/wp-content\/uploads\/2021\/08\/1-18.jpg?resize=1050%2C600&ssl=1 3x"},"classes":[]},{"id":27511,"url":"https:\/\/webdelmaestrocmf.com\/portal\/el-mayor-premio-para-un-nino-y-para-una-nina-es-la-atencion-de-sus-padres\/","url_meta":{"origin":19589,"position":3},"title":"Silvia \u00c1lava Sordo: Los deberes escolares siempre son responsabilidad de los estudiantes, nunca de los padres","author":"Web del Maestro CMF","date":"7 noviembre, 2023","format":"video","excerpt":"Silvia \u00c1lava Sordo, naci\u00f3 en Valladolid, Espa\u00f1a, es licenciada en psicolog\u00eda por la Universidad Aut\u00f3noma de Madrid. Es especialista en Psicolog\u00eda Cl\u00ednica y de la Salud y en Psicolog\u00eda Educativa. Ella afirma que \u201ces fundamental, que tanto los padres como los profesores trabajen en el equipo. El objetivo de la\u2026","rel":"","context":"En \u00abCharlas\u00bb","block_context":{"text":"Charlas","link":"https:\/\/webdelmaestrocmf.com\/portal\/category\/charlas\/"},"img":{"alt_text":"Silvia \u00c1lava Sordo","src":"https:\/\/i0.wp.com\/webdelmaestrocmf.com\/portal\/wp-content\/uploads\/2022\/09\/A12B3C4D-16.jpg?resize=350%2C200&ssl=1","width":350,"height":200,"srcset":"https:\/\/i0.wp.com\/webdelmaestrocmf.com\/portal\/wp-content\/uploads\/2022\/09\/A12B3C4D-16.jpg?resize=350%2C200&ssl=1 1x, https:\/\/i0.wp.com\/webdelmaestrocmf.com\/portal\/wp-content\/uploads\/2022\/09\/A12B3C4D-16.jpg?resize=525%2C300&ssl=1 1.5x, https:\/\/i0.wp.com\/webdelmaestrocmf.com\/portal\/wp-content\/uploads\/2022\/09\/A12B3C4D-16.jpg?resize=700%2C400&ssl=1 2x"},"classes":[]},{"id":27151,"url":"https:\/\/webdelmaestrocmf.com\/portal\/un-pacto-por-la-educacion-en-equipo-para-padres-y-profesores\/","url_meta":{"origin":19589,"position":4},"title":"Un pacto por la educaci\u00f3n en equipo para padres y profesores","author":"Web del Maestro CMF","date":"7 diciembre, 2019","format":"video","excerpt":"La licenciada en psic\u00f3loga y experta en inteligencias m\u00faltiples y emocionales, Bego\u00f1a Ibarrola, particip\u00f3 en el encuentro \u201cPacto por la Educaci\u00f3n en Equipo\u201d (Madrid, Espa\u00f1a 04\/2017) organizada por \u201cGestionando Hijos\u201d y la editorial SM, y lo hizo afirmando que \u201cla educaci\u00f3n en valores nos anima a caminar juntos a padres,\u2026","rel":"","context":"En \u00abVideo I\u00bb","block_context":{"text":"Video I","link":"https:\/\/webdelmaestrocmf.com\/portal\/category\/video\/"},"img":{"alt_text":"","src":"https:\/\/i0.wp.com\/webdelmaestrocmf.com\/portal\/wp-content\/uploads\/2018\/04\/1-32.jpg?resize=350%2C200&ssl=1","width":350,"height":200,"srcset":"https:\/\/i0.wp.com\/webdelmaestrocmf.com\/portal\/wp-content\/uploads\/2018\/04\/1-32.jpg?resize=350%2C200&ssl=1 1x, https:\/\/i0.wp.com\/webdelmaestrocmf.com\/portal\/wp-content\/uploads\/2018\/04\/1-32.jpg?resize=525%2C300&ssl=1 1.5x, https:\/\/i0.wp.com\/webdelmaestrocmf.com\/portal\/wp-content\/uploads\/2018\/04\/1-32.jpg?resize=700%2C400&ssl=1 2x, https:\/\/i0.wp.com\/webdelmaestrocmf.com\/portal\/wp-content\/uploads\/2018\/04\/1-32.jpg?resize=1050%2C600&ssl=1 3x"},"classes":[]},{"id":108627,"url":"https:\/\/webdelmaestrocmf.com\/portal\/justicia-o-castigo-un-conflicto-entre-familia-y-colegio-reabre-el-debate-sobre-los-limites-de-la-disciplina-escolar\/","url_meta":{"origin":19589,"position":5},"title":"Castigan a alumna con limpiar el colegio por contestar mal a un profesor y sus padres estallan","author":"Web del Maestro CMF","date":"3 abril, 2025","format":false,"excerpt":"Una menor fue expulsada de su colegio luego de que sus padres se negaran a que cumpliera un castigo impuesto por responder mal a un profesor.","rel":"","context":"En \u00abNoticias Internacionales\u00bb","block_context":{"text":"Noticias Internacionales","link":"https:\/\/webdelmaestrocmf.com\/portal\/category\/noticias-internacionales\/"},"img":{"alt_text":"","src":"https:\/\/i0.wp.com\/webdelmaestrocmf.com\/portal\/wp-content\/uploads\/2025\/04\/1-1.jpg?resize=350%2C200&ssl=1","width":350,"height":200,"srcset":"https:\/\/i0.wp.com\/webdelmaestrocmf.com\/portal\/wp-content\/uploads\/2025\/04\/1-1.jpg?resize=350%2C200&ssl=1 1x, https:\/\/i0.wp.com\/webdelmaestrocmf.com\/portal\/wp-content\/uploads\/2025\/04\/1-1.jpg?resize=525%2C300&ssl=1 1.5x, https:\/\/i0.wp.com\/webdelmaestrocmf.com\/portal\/wp-content\/uploads\/2025\/04\/1-1.jpg?resize=700%2C400&ssl=1 2x, https:\/\/i0.wp.com\/webdelmaestrocmf.com\/portal\/wp-content\/uploads\/2025\/04\/1-1.jpg?resize=1050%2C600&ssl=1 3x"},"classes":[]}],"_links":{"self":[{"href":"https:\/\/webdelmaestrocmf.com\/portal\/wp-json\/wp\/v2\/posts\/19589","targetHints":{"allow":["GET"]}}],"collection":[{"href":"https:\/\/webdelmaestrocmf.com\/portal\/wp-json\/wp\/v2\/posts"}],"about":[{"href":"https:\/\/webdelmaestrocmf.com\/portal\/wp-json\/wp\/v2\/types\/post"}],"author":[{"embeddable":true,"href":"https:\/\/webdelmaestrocmf.com\/portal\/wp-json\/wp\/v2\/users\/2"}],"replies":[{"embeddable":true,"href":"https:\/\/webdelmaestrocmf.com\/portal\/wp-json\/wp\/v2\/comments?post=19589"}],"version-history":[{"count":0,"href":"https:\/\/webdelmaestrocmf.com\/portal\/wp-json\/wp\/v2\/posts\/19589\/revisions"}],"wp:featuredmedia":[{"embeddable":true,"href":"https:\/\/webdelmaestrocmf.com\/portal\/wp-json\/wp\/v2\/media\/90437"}],"wp:attachment":[{"href":"https:\/\/webdelmaestrocmf.com\/portal\/wp-json\/wp\/v2\/media?parent=19589"}],"wp:term":[{"taxonomy":"category","embeddable":true,"href":"https:\/\/webdelmaestrocmf.com\/portal\/wp-json\/wp\/v2\/categories?post=19589"},{"taxonomy":"post_tag","embeddable":true,"href":"https:\/\/webdelmaestrocmf.com\/portal\/wp-json\/wp\/v2\/tags?post=19589"}],"curies":[{"name":"wp","href":"https:\/\/api.w.org\/{rel}","templated":true}]}}