{"id":19569,"date":"2024-01-23T22:00:14","date_gmt":"2024-01-24T01:00:14","guid":{"rendered":"http:\/\/webdelmaestrocmf.com\/portal\/?p=19569"},"modified":"2024-01-23T22:04:40","modified_gmt":"2024-01-24T01:04:40","slug":"11-quejas-sin-sentido-de-algunos-padres-de-familia-a-profesores","status":"publish","type":"post","link":"https:\/\/webdelmaestrocmf.com\/portal\/11-quejas-sin-sentido-de-algunos-padres-de-familia-a-profesores\/","title":{"rendered":"Quejas sin sentido de algunos padres de familia a profesores"},"content":{"rendered":"<p style=\"text-align: justify;\" data-sourcepos=\"1:1-1:353\"><strong>Los padres de familia tienen un papel fundamental en la educaci\u00f3n de sus hijos, y es importante que se comuniquen con los profesores para mantener un di\u00e1logo abierto y constructivo. Sin embargo, a veces los padres pueden quejarse de los profesores por cosas que no tienen sentido, o que son simplemente una expresi\u00f3n de su propia frustraci\u00f3n o ansiedad.<\/strong><!--more--><\/p>\n<p style=\"text-align: justify;\" data-sourcepos=\"3:1-3:83\">Algunas de las quejas m\u00e1s comunes y sin sentido de los padres a los profesores son:<\/p>\n<ul style=\"text-align: justify;\" data-sourcepos=\"5:1-9:0\">\n<li data-sourcepos=\"5:1-5:371\"><strong>Que el profesor es demasiado estricto o exigente.<\/strong>\u00a0Los padres quieren que sus hijos sean exitosos, pero a veces pueden confundir el rigor con la falta de empat\u00eda. Es importante que los padres entiendan que los profesores tienen el deber de preparar a los estudiantes para el \u00e9xito acad\u00e9mico y profesional, y que esto a veces requiere exigirles esfuerzo y dedicaci\u00f3n.<\/li>\n<li data-sourcepos=\"6:1-6:289\"><strong>Que el profesor no dedica suficiente tiempo a sus hijos.<\/strong>\u00a0Los profesores tienen muchos alumnos, y es imposible que puedan dedicarles la misma atenci\u00f3n a todos. Sin embargo, los padres deben entender que los profesores est\u00e1n trabajando duro para ayudar a sus hijos a aprender y crecer.<\/li>\n<li data-sourcepos=\"7:1-7:380\"><strong>Que el profesor no est\u00e1 ense\u00f1ando el contenido de manera correcta.<\/strong>\u00a0Los padres pueden tener sus propias opiniones sobre c\u00f3mo debe ense\u00f1arse el contenido, pero es importante que respeten la experiencia y el conocimiento de los profesores. Si los padres tienen alguna inquietud sobre la ense\u00f1anza del contenido, deben hablar con el profesor de manera respetuosa y constructiva.<\/li>\n<li data-sourcepos=\"8:1-9:0\"><strong>Que el profesor no est\u00e1 siendo justo con su hijo.<\/strong>\u00a0Los padres pueden sentir que su hijo est\u00e1 siendo tratado injustamente por el profesor, pero es importante que antes de quejarse, hablen con su hijo para entender su versi\u00f3n de los hechos. Tambi\u00e9n es importante que los padres recuerden que los profesores son humanos, y que como tales, pueden cometer errores.<\/li>\n<\/ul>\n<p><img loading=\"lazy\" decoding=\"async\" class=\"alignnone size-full wp-image-103020\" src=\"https:\/\/webdelmaestrocmf.com\/portal\/wp-content\/uploads\/2021\/12\/Banner-1-portada-imagen-10-26.jpg\" alt=\"\" width=\"1024\" height=\"1024\" srcset=\"https:\/\/webdelmaestrocmf.com\/portal\/wp-content\/uploads\/2021\/12\/Banner-1-portada-imagen-10-26.jpg 1024w, https:\/\/webdelmaestrocmf.com\/portal\/wp-content\/uploads\/2021\/12\/Banner-1-portada-imagen-10-26-300x300.jpg 300w, https:\/\/webdelmaestrocmf.com\/portal\/wp-content\/uploads\/2021\/12\/Banner-1-portada-imagen-10-26-150x150.jpg 150w, https:\/\/webdelmaestrocmf.com\/portal\/wp-content\/uploads\/2021\/12\/Banner-1-portada-imagen-10-26-768x768.jpg 768w, https:\/\/webdelmaestrocmf.com\/portal\/wp-content\/uploads\/2021\/12\/Banner-1-portada-imagen-10-26-80x80.jpg 80w, https:\/\/webdelmaestrocmf.com\/portal\/wp-content\/uploads\/2021\/12\/Banner-1-portada-imagen-10-26-110x110.jpg 110w, https:\/\/webdelmaestrocmf.com\/portal\/wp-content\/uploads\/2021\/12\/Banner-1-portada-imagen-10-26-380x380.jpg 380w, https:\/\/webdelmaestrocmf.com\/portal\/wp-content\/uploads\/2021\/12\/Banner-1-portada-imagen-10-26-550x550.jpg 550w, https:\/\/webdelmaestrocmf.com\/portal\/wp-content\/uploads\/2021\/12\/Banner-1-portada-imagen-10-26-800x800.jpg 800w\" sizes=\"auto, (max-width: 1024px) 100vw, 1024px\" \/><\/p>\n<p style=\"text-align: justify;\">Otras comentarios son:<\/p>\n<ul style=\"text-align: justify;\">\n<li><strong>Que el profesor no les ense\u00f1a a sus hijos a ser \u00abexitosos\u00bb en la vida.<\/strong>\u00a0Los padres tienen la responsabilidad de ense\u00f1ar a sus hijos a ser exitosos, no los profesores. Los profesores pueden proporcionarles a los estudiantes las herramientas y el conocimiento que necesitan para tener \u00e9xito, pero los padres son los que deben inculcarles los valores y la \u00e9tica de trabajo que necesitan para alcanzar sus metas.<\/li>\n<li><strong>Que el profesor no est\u00e1 \u00abmotivando\u00bb a sus hijos.<\/strong>\u00a0La motivaci\u00f3n es una responsabilidad personal. Los profesores pueden crear un ambiente de aprendizaje positivo y desafiante, pero es responsabilidad de los estudiantes motivarse a s\u00ed mismos.<\/li>\n<li><strong>Que el profesor no est\u00e1 \u00abpreparando\u00bb a sus hijos para la universidad.<\/strong>\u00a0Los profesores tienen la responsabilidad de ense\u00f1ar a los estudiantes los conceptos b\u00e1sicos que necesitan para tener \u00e9xito en la universidad, pero es responsabilidad de los padres ayudar a sus hijos a prepararse para la universidad.<\/li>\n<li><strong>Que el profesor no est\u00e1 \u00abpreparando\u00bb a sus hijos para el mundo laboral.<\/strong>\u00a0Los profesores pueden ense\u00f1ar a los estudiantes habilidades que ser\u00e1n \u00fatiles en el mundo laboral, pero es responsabilidad de los padres ayudar a sus hijos a desarrollar las habilidades blandas que necesitan para tener \u00e9xito en el trabajo.<\/li>\n<li><strong>Que el profesor no est\u00e1 \u00abpreparando\u00bb a sus hijos para la vida adulta.<\/strong>\u00a0Los profesores pueden ense\u00f1ar a los estudiantes sobre el mundo que los rodea, pero es responsabilidad de los padres ayudar a sus hijos a desarrollar las habilidades que necesitan para ser ciudadanos responsables.<\/li>\n<\/ul>\n<p style=\"text-align: justify;\" data-sourcepos=\"10:1-10:307\">Es importante que los padres y los profesores trabajen juntos para crear un ambiente de aprendizaje positivo para los estudiantes. Cuando los padres y los profesores se comunican de manera abierta y respetuosa, pueden resolver cualquier problema que surja y trabajar juntos para el \u00e9xito de los estudiantes.<\/p>\n<p style=\"text-align: justify;\" data-sourcepos=\"12:1-12:93\">Aqu\u00ed hay algunos consejos para los padres para evitar quejarse sin sentido de los profesores:<\/p>\n<ul data-sourcepos=\"14:1-16:187\">\n<li style=\"text-align: justify;\" data-sourcepos=\"14:1-14:223\"><strong>T\u00f3mese el tiempo para entender la situaci\u00f3n.<\/strong>\u00a0Antes de quejarse, hable con su hijo para entender su versi\u00f3n de los hechos. Tambi\u00e9n puede hablar con otros padres de familia para ver si han tenido experiencias similares.<\/li>\n<li style=\"text-align: justify;\" data-sourcepos=\"15:1-15:195\"><strong>Sea respetuoso.<\/strong>\u00a0Incluso si no est\u00e1 de acuerdo con el profesor, es importante tratarlo con respeto. Recuerde que el profesor es un profesional que est\u00e1 trabajando duro para ayudar a su hijo.<\/li>\n<li style=\"text-align: justify;\" data-sourcepos=\"16:1-16:187\"><strong>Ofrezca soluciones.<\/strong>\u00a0No solo se queje del problema, ofrezca soluciones para resolverlo. Esto mostrar\u00e1 al profesor que est\u00e1 comprometido a trabajar juntos para encontrar una soluci\u00f3n.<\/li>\n<\/ul>\n\t\t<div class=\"pk-inline-posts\">\n\t\t\t\n\t\t\t<div class=\"pk-inline-posts-container pk-inline-posts-template-list\"\n\t\t\t\tdata-columns=\"1\">\n\t\t\t\t\t\t<article id=\"post-20592\" class=\"post-20592 post type-post status-publish format-standard has-post-thumbnail category-descarga category-descargas-manuales-pdf category-estres category-pedagogia tag-docentes tag-educadores tag-guia tag-mindfulness tag-practica cs-entry cs-video-wrap\">\n\t\t\t<div class=\"pk-post-outer\">\n\n\t\t\t\t\t\t\t\t<div class=\"pk-post-inner\">\n\t\t\t\t\t<div class=\"entry-thumbnail\">\n\t\t\t\t\t\t<div class=\"pk-overlay pk-overlay-ratio pk-ratio-landscape\">\n\t\t\t\t\t\t\t<div class=\"pk-overlay-background\">\n\t\t\t\t\t\t\t\t<a href=\"https:\/\/webdelmaestrocmf.com\/portal\/mindfulness-guia-practica-docentes-educadores\/\" class=\"pk-overlay-link\">\n\t\t\t\t\t\t\t\t\t<img loading=\"lazy\" decoding=\"async\" width=\"300\" height=\"225\" src=\"https:\/\/webdelmaestrocmf.com\/portal\/wp-content\/uploads\/2020\/03\/1AA-Banner-1-portada-imagen-10-1-copia-4-300x225.webp\" class=\"attachment-pk-thumbnail size-pk-thumbnail wp-post-image\" alt=\"\" \/>\t\t\t\t\t\t\t\t<\/a>\n\t\t\t\t\t\t\t<\/div>\n\t\t\t\t\t\t<\/div>\n\t\t\t\t\t<\/div>\n\t\t\t\t<\/div>\n\t\t\t\t\n\t\t\t\t<div class=\"pk-post-inner\">\n\t\t\t\t\t<header>\n\t\t\t\t\t\t<h3 class=\"pk-title\"><a href=\"https:\/\/webdelmaestrocmf.com\/portal\/mindfulness-guia-practica-docentes-educadores\/\" rel=\"bookmark\">Mindfulness: Gu\u00eda pr\u00e1ctica para docentes y educadores<\/a><\/h3>\t\t\t\t\t<\/header><!-- .entry-header -->\n\t\t\t\t<\/div><!-- .post-inner -->\n\n\t\t\t<\/div><!-- .post-outer -->\n\t\t<\/article>\n\t\t\t<article id=\"post-118197\" class=\"post-118197 post type-post status-publish format-standard has-post-thumbnail category-bienestar-familiar category-pedagogia category-violencia tag-convivencia-escolar tag-crianza tag-educacion-emocional-2 tag-estudiantes tag-familia tag-intervencion tag-prevencion tag-rol-docente tag-salud-mental tag-violencia-escolar cs-entry cs-video-wrap\">\n\t\t\t<div class=\"pk-post-outer\">\n\n\t\t\t\t\t\t\t\t<div class=\"pk-post-inner\">\n\t\t\t\t\t<div class=\"entry-thumbnail\">\n\t\t\t\t\t\t<div class=\"pk-overlay pk-overlay-ratio pk-ratio-landscape\">\n\t\t\t\t\t\t\t<div class=\"pk-overlay-background\">\n\t\t\t\t\t\t\t\t<a href=\"https:\/\/webdelmaestrocmf.com\/portal\/tu-hijo-normaliza-la-violencia-y-habla-de-venganza-senales-que-pueden-escalar-y-como-actuar-a-tiempo\/\" class=\"pk-overlay-link\">\n\t\t\t\t\t\t\t\t\t<img loading=\"lazy\" decoding=\"async\" width=\"300\" height=\"225\" src=\"https:\/\/webdelmaestrocmf.com\/portal\/wp-content\/uploads\/2026\/04\/1AA-Banner-1-portada-imagen-10-1-copia-3-6-300x225.webp\" class=\"attachment-pk-thumbnail size-pk-thumbnail wp-post-image\" alt=\"\" \/>\t\t\t\t\t\t\t\t<\/a>\n\t\t\t\t\t\t\t<\/div>\n\t\t\t\t\t\t<\/div>\n\t\t\t\t\t<\/div>\n\t\t\t\t<\/div>\n\t\t\t\t\n\t\t\t\t<div class=\"pk-post-inner\">\n\t\t\t\t\t<header>\n\t\t\t\t\t\t<h3 class=\"pk-title\"><a href=\"https:\/\/webdelmaestrocmf.com\/portal\/tu-hijo-normaliza-la-violencia-y-habla-de-venganza-senales-que-pueden-escalar-y-como-actuar-a-tiempo\/\" rel=\"bookmark\">\u00bfTu hijo normaliza la violencia y habla de venganza? Estas son las se\u00f1ales que pueden escalar y c\u00f3mo actuar a tiempo<\/a><\/h3>\t\t\t\t\t<\/header><!-- .entry-header -->\n\t\t\t\t<\/div><!-- .post-inner -->\n\n\t\t\t<\/div><!-- .post-outer -->\n\t\t<\/article>\n\t\t\t<article id=\"post-16013\" class=\"post-16013 post type-post status-publish format-standard has-post-thumbnail category-visitadas category-picologia category-pedagogia category-violencia tag-clase tag-conductas tag-desafiantes tag-estudiante tag-normas cs-entry cs-video-wrap\">\n\t\t\t<div class=\"pk-post-outer\">\n\n\t\t\t\t\t\t\t\t<div class=\"pk-post-inner\">\n\t\t\t\t\t<div class=\"entry-thumbnail\">\n\t\t\t\t\t\t<div class=\"pk-overlay pk-overlay-ratio pk-ratio-landscape\">\n\t\t\t\t\t\t\t<div class=\"pk-overlay-background\">\n\t\t\t\t\t\t\t\t<a href=\"https:\/\/webdelmaestrocmf.com\/portal\/sistemas-ayudan-ante-conductas-desafiantes-aula\/\" class=\"pk-overlay-link\">\n\t\t\t\t\t\t\t\t\t<img loading=\"lazy\" decoding=\"async\" width=\"300\" height=\"225\" src=\"https:\/\/webdelmaestrocmf.com\/portal\/wp-content\/uploads\/2022\/07\/Banner-1-portada-imagen-10-1-21-300x225.jpg\" class=\"attachment-pk-thumbnail size-pk-thumbnail wp-post-image\" alt=\"\" \/>\t\t\t\t\t\t\t\t<\/a>\n\t\t\t\t\t\t\t<\/div>\n\t\t\t\t\t\t<\/div>\n\t\t\t\t\t<\/div>\n\t\t\t\t<\/div>\n\t\t\t\t\n\t\t\t\t<div class=\"pk-post-inner\">\n\t\t\t\t\t<header>\n\t\t\t\t\t\t<h3 class=\"pk-title\"><a href=\"https:\/\/webdelmaestrocmf.com\/portal\/sistemas-ayudan-ante-conductas-desafiantes-aula\/\" rel=\"bookmark\">Sistemas que ayudan ante conductas desafiantes en el aula: descarga el libro \u201cAn\u00e1lisis funcional de la conducta\u201d<\/a><\/h3>\t\t\t\t\t<\/header><!-- .entry-header -->\n\t\t\t\t<\/div><!-- .post-inner -->\n\n\t\t\t<\/div><!-- .post-outer -->\n\t\t<\/article>\n\t\t\t\t<\/div>\n\t\t<\/div>\n\t\t\n","protected":false},"excerpt":{"rendered":"Los padres de familia tienen un papel fundamental en la educaci\u00f3n de sus hijos, y es importante que&hellip;","protected":false},"author":1,"featured_media":103020,"comment_status":"open","ping_status":"open","sticky":false,"template":"","format":"standard","meta":{"csco_display_header_overlay":false,"csco_singular_sidebar":"default","csco_page_header_type":"default","csco_page_load_nextpost":"default","csco_post_video_location":[],"csco_post_video_location_hash":"","csco_post_video_url":"","csco_post_video_bg_start_time":0,"csco_post_video_bg_end_time":0,"csco_post_video_bg_volume":false,"_jetpack_memberships_contains_paid_content":false,"footnotes":""},"categories":[1626,735,587],"tags":[52,445,342,2338,2339],"class_list":{"0":"post-19569","1":"post","2":"type-post","3":"status-publish","4":"format-standard","5":"has-post-thumbnail","7":"category-estres","8":"category-pedagogia","9":"category-violencia","10":"tag-docente","11":"tag-padres-de-familia","12":"tag-profesor","13":"tag-quejas","14":"tag-sin-sentido","15":"cs-entry","16":"cs-video-wrap"},"yoast_head":"<!-- This site is optimized with the Yoast SEO plugin v27.5 - https:\/\/yoast.com\/product\/yoast-seo-wordpress\/ -->\n<title>Quejas sin sentido de algunos padres de familia a profesores<\/title>\n<meta name=\"description\" content=\"Los padres de familia tienen un papel fundamental en la educaci\u00f3n de sus hijos, y es importante que se comuniquen con los profesores...\" \/>\n<meta name=\"robots\" content=\"index, follow, max-snippet:-1, max-image-preview:large, max-video-preview:-1\" \/>\n<link rel=\"canonical\" href=\"https:\/\/webdelmaestrocmf.com\/portal\/11-quejas-sin-sentido-de-algunos-padres-de-familia-a-profesores\/\" \/>\n<meta property=\"og:locale\" content=\"es_ES\" \/>\n<meta property=\"og:type\" content=\"article\" \/>\n<meta property=\"og:title\" content=\"Quejas sin sentido de algunos padres de familia a profesores\" \/>\n<meta property=\"og:description\" content=\"Los padres de familia tienen un papel fundamental en la educaci\u00f3n de sus hijos, y es importante que se comuniquen con los profesores...\" \/>\n<meta property=\"og:url\" content=\"https:\/\/webdelmaestrocmf.com\/portal\/11-quejas-sin-sentido-de-algunos-padres-de-familia-a-profesores\/\" \/>\n<meta property=\"og:site_name\" content=\"Web del Maestro CMF\" \/>\n<meta property=\"article:publisher\" content=\"https:\/\/www.facebook.com\/WebdelMaestroCMF\/\" \/>\n<meta property=\"article:author\" content=\"https:\/\/www.facebook.com\/WebdelMaestroCMF\/\" \/>\n<meta property=\"article:published_time\" content=\"2024-01-24T01:00:14+00:00\" \/>\n<meta property=\"article:modified_time\" content=\"2024-01-24T01:04:40+00:00\" \/>\n<meta property=\"og:image\" content=\"https:\/\/webdelmaestrocmf.com\/portal\/wp-content\/uploads\/2021\/12\/Banner-1-portada-imagen-10-26.jpg\" \/>\n\t<meta property=\"og:image:width\" content=\"1024\" \/>\n\t<meta property=\"og:image:height\" content=\"1024\" \/>\n\t<meta property=\"og:image:type\" content=\"image\/jpeg\" \/>\n<meta name=\"author\" content=\"Web del Maestro CMF\" \/>\n<meta name=\"twitter:card\" content=\"summary_large_image\" \/>\n<meta name=\"twitter:creator\" content=\"@cmf_w\" \/>\n<meta name=\"twitter:site\" content=\"@cmf_w\" \/>\n<script type=\"application\/ld+json\" class=\"yoast-schema-graph\">{\"@context\":\"https:\\\/\\\/schema.org\",\"@graph\":[{\"@type\":\"ScholarlyArticle\",\"@id\":\"https:\\\/\\\/webdelmaestrocmf.com\\\/portal\\\/11-quejas-sin-sentido-de-algunos-padres-de-familia-a-profesores\\\/#article\",\"isPartOf\":{\"@id\":\"https:\\\/\\\/webdelmaestrocmf.com\\\/portal\\\/11-quejas-sin-sentido-de-algunos-padres-de-familia-a-profesores\\\/\"},\"author\":{\"name\":\"Web del Maestro CMF\",\"@id\":\"https:\\\/\\\/webdelmaestrocmf.com\\\/portal\\\/#\\\/schema\\\/person\\\/1072a2ed7bd960df8ef99a551fa35dc5\"},\"headline\":\"Quejas sin sentido de algunos padres de familia a profesores\",\"datePublished\":\"2024-01-24T01:00:14+00:00\",\"dateModified\":\"2024-01-24T01:04:40+00:00\",\"mainEntityOfPage\":{\"@id\":\"https:\\\/\\\/webdelmaestrocmf.com\\\/portal\\\/11-quejas-sin-sentido-de-algunos-padres-de-familia-a-profesores\\\/\"},\"wordCount\":754,\"commentCount\":4,\"publisher\":{\"@id\":\"https:\\\/\\\/webdelmaestrocmf.com\\\/portal\\\/#organization\"},\"image\":{\"@id\":\"https:\\\/\\\/webdelmaestrocmf.com\\\/portal\\\/11-quejas-sin-sentido-de-algunos-padres-de-familia-a-profesores\\\/#primaryimage\"},\"thumbnailUrl\":\"https:\\\/\\\/webdelmaestrocmf.com\\\/portal\\\/wp-content\\\/uploads\\\/2021\\\/12\\\/Banner-1-portada-imagen-10-26.jpg\",\"keywords\":[\"DOCENTE\",\"Padres de Familia\",\"profesor\",\"QUEJAS\",\"SIN SENTIDO\"],\"articleSection\":[\"Estr\u00e9s\",\"Recursos\",\"violencia\"],\"inLanguage\":\"es\",\"potentialAction\":[{\"@type\":\"CommentAction\",\"name\":\"Comment\",\"target\":[\"https:\\\/\\\/webdelmaestrocmf.com\\\/portal\\\/11-quejas-sin-sentido-de-algunos-padres-de-familia-a-profesores\\\/#respond\"]}]},{\"@type\":\"WebPage\",\"@id\":\"https:\\\/\\\/webdelmaestrocmf.com\\\/portal\\\/11-quejas-sin-sentido-de-algunos-padres-de-familia-a-profesores\\\/\",\"url\":\"https:\\\/\\\/webdelmaestrocmf.com\\\/portal\\\/11-quejas-sin-sentido-de-algunos-padres-de-familia-a-profesores\\\/\",\"name\":\"Quejas sin sentido de algunos padres de familia a profesores\",\"isPartOf\":{\"@id\":\"https:\\\/\\\/webdelmaestrocmf.com\\\/portal\\\/#website\"},\"primaryImageOfPage\":{\"@id\":\"https:\\\/\\\/webdelmaestrocmf.com\\\/portal\\\/11-quejas-sin-sentido-de-algunos-padres-de-familia-a-profesores\\\/#primaryimage\"},\"image\":{\"@id\":\"https:\\\/\\\/webdelmaestrocmf.com\\\/portal\\\/11-quejas-sin-sentido-de-algunos-padres-de-familia-a-profesores\\\/#primaryimage\"},\"thumbnailUrl\":\"https:\\\/\\\/webdelmaestrocmf.com\\\/portal\\\/wp-content\\\/uploads\\\/2021\\\/12\\\/Banner-1-portada-imagen-10-26.jpg\",\"datePublished\":\"2024-01-24T01:00:14+00:00\",\"dateModified\":\"2024-01-24T01:04:40+00:00\",\"description\":\"Los padres de familia tienen un papel fundamental en la educaci\u00f3n de sus hijos, y es importante que se comuniquen con los profesores...\",\"breadcrumb\":{\"@id\":\"https:\\\/\\\/webdelmaestrocmf.com\\\/portal\\\/11-quejas-sin-sentido-de-algunos-padres-de-familia-a-profesores\\\/#breadcrumb\"},\"inLanguage\":\"es\",\"potentialAction\":[{\"@type\":\"ReadAction\",\"target\":[\"https:\\\/\\\/webdelmaestrocmf.com\\\/portal\\\/11-quejas-sin-sentido-de-algunos-padres-de-familia-a-profesores\\\/\"]}]},{\"@type\":\"ImageObject\",\"inLanguage\":\"es\",\"@id\":\"https:\\\/\\\/webdelmaestrocmf.com\\\/portal\\\/11-quejas-sin-sentido-de-algunos-padres-de-familia-a-profesores\\\/#primaryimage\",\"url\":\"https:\\\/\\\/webdelmaestrocmf.com\\\/portal\\\/wp-content\\\/uploads\\\/2021\\\/12\\\/Banner-1-portada-imagen-10-26.jpg\",\"contentUrl\":\"https:\\\/\\\/webdelmaestrocmf.com\\\/portal\\\/wp-content\\\/uploads\\\/2021\\\/12\\\/Banner-1-portada-imagen-10-26.jpg\",\"width\":1024,\"height\":1024},{\"@type\":\"BreadcrumbList\",\"@id\":\"https:\\\/\\\/webdelmaestrocmf.com\\\/portal\\\/11-quejas-sin-sentido-de-algunos-padres-de-familia-a-profesores\\\/#breadcrumb\",\"itemListElement\":[{\"@type\":\"ListItem\",\"position\":1,\"name\":\"Portada\",\"item\":\"https:\\\/\\\/webdelmaestrocmf.com\\\/portal\\\/\"},{\"@type\":\"ListItem\",\"position\":2,\"name\":\"Recursos\",\"item\":\"https:\\\/\\\/webdelmaestrocmf.com\\\/portal\\\/category\\\/pedagogia\\\/\"},{\"@type\":\"ListItem\",\"position\":3,\"name\":\"Quejas sin sentido de algunos padres de familia a profesores\"}]},{\"@type\":\"WebSite\",\"@id\":\"https:\\\/\\\/webdelmaestrocmf.com\\\/portal\\\/#website\",\"url\":\"https:\\\/\\\/webdelmaestrocmf.com\\\/portal\\\/\",\"name\":\"Web del Maestro CMF\",\"description\":\"Maestros al servicio de la educaci\u00f3n\",\"publisher\":{\"@id\":\"https:\\\/\\\/webdelmaestrocmf.com\\\/portal\\\/#organization\"},\"alternateName\":\"WMCMF\",\"potentialAction\":[{\"@type\":\"SearchAction\",\"target\":{\"@type\":\"EntryPoint\",\"urlTemplate\":\"https:\\\/\\\/webdelmaestrocmf.com\\\/portal\\\/?s={search_term_string}\"},\"query-input\":{\"@type\":\"PropertyValueSpecification\",\"valueRequired\":true,\"valueName\":\"search_term_string\"}}],\"inLanguage\":\"es\"},{\"@type\":\"Organization\",\"@id\":\"https:\\\/\\\/webdelmaestrocmf.com\\\/portal\\\/#organization\",\"name\":\"Web del Maestro CMF\",\"alternateName\":\"WMCMF\",\"url\":\"https:\\\/\\\/webdelmaestrocmf.com\\\/portal\\\/\",\"logo\":{\"@type\":\"ImageObject\",\"inLanguage\":\"es\",\"@id\":\"https:\\\/\\\/webdelmaestrocmf.com\\\/portal\\\/#\\\/schema\\\/logo\\\/image\\\/\",\"url\":\"https:\\\/\\\/webdelmaestrocmf.com\\\/portal\\\/wp-content\\\/uploads\\\/2023\\\/01\\\/logo-wmcmf-2.png\",\"contentUrl\":\"https:\\\/\\\/webdelmaestrocmf.com\\\/portal\\\/wp-content\\\/uploads\\\/2023\\\/01\\\/logo-wmcmf-2.png\",\"width\":200,\"height\":60,\"caption\":\"Web del Maestro CMF\"},\"image\":{\"@id\":\"https:\\\/\\\/webdelmaestrocmf.com\\\/portal\\\/#\\\/schema\\\/logo\\\/image\\\/\"},\"sameAs\":[\"https:\\\/\\\/www.facebook.com\\\/WebdelMaestroCMF\\\/\",\"https:\\\/\\\/x.com\\\/cmf_w\",\"https:\\\/\\\/www.pinterest.com\\\/WMCMF\\\/\",\"https:\\\/\\\/www.linkedin.com\\\/company\\\/web-del-maestro-cmf\\\/\",\"https:\\\/\\\/www.instagram.com\\\/wmcmf\\\/\",\"https:\\\/\\\/www.youtube.com\\\/channel\\\/UCDPSvjbdodE5sHnC3OxutHw\",\"https:\\\/\\\/mastodon.social\\\/@wmcmf\",\"https:\\\/\\\/www.tiktok.com\\\/@webdelmaestrocmf\"]},{\"@type\":\"Person\",\"@id\":\"https:\\\/\\\/webdelmaestrocmf.com\\\/portal\\\/#\\\/schema\\\/person\\\/1072a2ed7bd960df8ef99a551fa35dc5\",\"name\":\"Web del Maestro CMF\",\"image\":{\"@type\":\"ImageObject\",\"inLanguage\":\"es\",\"@id\":\"https:\\\/\\\/secure.gravatar.com\\\/avatar\\\/23291dd5b5ae1077dcff3dbb04c3e02bd28403fa75af6d8787d5e97c5bbbe30b?s=96&d=mm&r=g\",\"url\":\"https:\\\/\\\/secure.gravatar.com\\\/avatar\\\/23291dd5b5ae1077dcff3dbb04c3e02bd28403fa75af6d8787d5e97c5bbbe30b?s=96&d=mm&r=g\",\"contentUrl\":\"https:\\\/\\\/secure.gravatar.com\\\/avatar\\\/23291dd5b5ae1077dcff3dbb04c3e02bd28403fa75af6d8787d5e97c5bbbe30b?s=96&d=mm&r=g\",\"caption\":\"Web del Maestro CMF\"},\"description\":\"Esta Web se cre\u00f3 sin fines de lucro, con fines educativos, cient\u00edficos y acad\u00e9micos, para personas que tengan dificultades y\\\/o inconvenientes en visualizar el material original. El objetivo es entregar recursos, compartir experiencias y materiales que ayuden a los padres de familia, maestros y estudiantes en su actualizaci\u00f3n y formaci\u00f3n permanente, en bien de la Educaci\u00f3n.\",\"sameAs\":[\"http:\\\/\\\/webdelmaestrocmf.com\\\/portal\",\"https:\\\/\\\/www.facebook.com\\\/WebdelMaestroCMF\\\/\",\"https:\\\/\\\/www.instagram.com\\\/wmcmf\\\/\",\"https:\\\/\\\/cl.linkedin.com\\\/company\\\/web-del-maestro-cmf\",\"https:\\\/\\\/www.pinterest.com\\\/WMCMF\\\/publicaciones\\\/\",\"https:\\\/\\\/x.com\\\/cmf_w\",\"https:\\\/\\\/www.youtube.com\\\/@WMCMF\"]}]}<\/script>\n<!-- \/ Yoast SEO plugin. -->","yoast_head_json":{"title":"Quejas sin sentido de algunos padres de familia a profesores","description":"Los padres de familia tienen un papel fundamental en la educaci\u00f3n de sus hijos, y es importante que se comuniquen con los profesores...","robots":{"index":"index","follow":"follow","max-snippet":"max-snippet:-1","max-image-preview":"max-image-preview:large","max-video-preview":"max-video-preview:-1"},"canonical":"https:\/\/webdelmaestrocmf.com\/portal\/11-quejas-sin-sentido-de-algunos-padres-de-familia-a-profesores\/","og_locale":"es_ES","og_type":"article","og_title":"Quejas sin sentido de algunos padres de familia a profesores","og_description":"Los padres de familia tienen un papel fundamental en la educaci\u00f3n de sus hijos, y es importante que se comuniquen con los profesores...","og_url":"https:\/\/webdelmaestrocmf.com\/portal\/11-quejas-sin-sentido-de-algunos-padres-de-familia-a-profesores\/","og_site_name":"Web del Maestro CMF","article_publisher":"https:\/\/www.facebook.com\/WebdelMaestroCMF\/","article_author":"https:\/\/www.facebook.com\/WebdelMaestroCMF\/","article_published_time":"2024-01-24T01:00:14+00:00","article_modified_time":"2024-01-24T01:04:40+00:00","og_image":[{"width":1024,"height":1024,"url":"https:\/\/webdelmaestrocmf.com\/portal\/wp-content\/uploads\/2021\/12\/Banner-1-portada-imagen-10-26.jpg","type":"image\/jpeg"}],"author":"Web del Maestro CMF","twitter_card":"summary_large_image","twitter_creator":"@cmf_w","twitter_site":"@cmf_w","schema":{"@context":"https:\/\/schema.org","@graph":[{"@type":"ScholarlyArticle","@id":"https:\/\/webdelmaestrocmf.com\/portal\/11-quejas-sin-sentido-de-algunos-padres-de-familia-a-profesores\/#article","isPartOf":{"@id":"https:\/\/webdelmaestrocmf.com\/portal\/11-quejas-sin-sentido-de-algunos-padres-de-familia-a-profesores\/"},"author":{"name":"Web del Maestro CMF","@id":"https:\/\/webdelmaestrocmf.com\/portal\/#\/schema\/person\/1072a2ed7bd960df8ef99a551fa35dc5"},"headline":"Quejas sin sentido de algunos padres de familia a profesores","datePublished":"2024-01-24T01:00:14+00:00","dateModified":"2024-01-24T01:04:40+00:00","mainEntityOfPage":{"@id":"https:\/\/webdelmaestrocmf.com\/portal\/11-quejas-sin-sentido-de-algunos-padres-de-familia-a-profesores\/"},"wordCount":754,"commentCount":4,"publisher":{"@id":"https:\/\/webdelmaestrocmf.com\/portal\/#organization"},"image":{"@id":"https:\/\/webdelmaestrocmf.com\/portal\/11-quejas-sin-sentido-de-algunos-padres-de-familia-a-profesores\/#primaryimage"},"thumbnailUrl":"https:\/\/webdelmaestrocmf.com\/portal\/wp-content\/uploads\/2021\/12\/Banner-1-portada-imagen-10-26.jpg","keywords":["DOCENTE","Padres de Familia","profesor","QUEJAS","SIN SENTIDO"],"articleSection":["Estr\u00e9s","Recursos","violencia"],"inLanguage":"es","potentialAction":[{"@type":"CommentAction","name":"Comment","target":["https:\/\/webdelmaestrocmf.com\/portal\/11-quejas-sin-sentido-de-algunos-padres-de-familia-a-profesores\/#respond"]}]},{"@type":"WebPage","@id":"https:\/\/webdelmaestrocmf.com\/portal\/11-quejas-sin-sentido-de-algunos-padres-de-familia-a-profesores\/","url":"https:\/\/webdelmaestrocmf.com\/portal\/11-quejas-sin-sentido-de-algunos-padres-de-familia-a-profesores\/","name":"Quejas sin sentido de algunos padres de familia a profesores","isPartOf":{"@id":"https:\/\/webdelmaestrocmf.com\/portal\/#website"},"primaryImageOfPage":{"@id":"https:\/\/webdelmaestrocmf.com\/portal\/11-quejas-sin-sentido-de-algunos-padres-de-familia-a-profesores\/#primaryimage"},"image":{"@id":"https:\/\/webdelmaestrocmf.com\/portal\/11-quejas-sin-sentido-de-algunos-padres-de-familia-a-profesores\/#primaryimage"},"thumbnailUrl":"https:\/\/webdelmaestrocmf.com\/portal\/wp-content\/uploads\/2021\/12\/Banner-1-portada-imagen-10-26.jpg","datePublished":"2024-01-24T01:00:14+00:00","dateModified":"2024-01-24T01:04:40+00:00","description":"Los padres de familia tienen un papel fundamental en la educaci\u00f3n de sus hijos, y es importante que se comuniquen con los profesores...","breadcrumb":{"@id":"https:\/\/webdelmaestrocmf.com\/portal\/11-quejas-sin-sentido-de-algunos-padres-de-familia-a-profesores\/#breadcrumb"},"inLanguage":"es","potentialAction":[{"@type":"ReadAction","target":["https:\/\/webdelmaestrocmf.com\/portal\/11-quejas-sin-sentido-de-algunos-padres-de-familia-a-profesores\/"]}]},{"@type":"ImageObject","inLanguage":"es","@id":"https:\/\/webdelmaestrocmf.com\/portal\/11-quejas-sin-sentido-de-algunos-padres-de-familia-a-profesores\/#primaryimage","url":"https:\/\/webdelmaestrocmf.com\/portal\/wp-content\/uploads\/2021\/12\/Banner-1-portada-imagen-10-26.jpg","contentUrl":"https:\/\/webdelmaestrocmf.com\/portal\/wp-content\/uploads\/2021\/12\/Banner-1-portada-imagen-10-26.jpg","width":1024,"height":1024},{"@type":"BreadcrumbList","@id":"https:\/\/webdelmaestrocmf.com\/portal\/11-quejas-sin-sentido-de-algunos-padres-de-familia-a-profesores\/#breadcrumb","itemListElement":[{"@type":"ListItem","position":1,"name":"Portada","item":"https:\/\/webdelmaestrocmf.com\/portal\/"},{"@type":"ListItem","position":2,"name":"Recursos","item":"https:\/\/webdelmaestrocmf.com\/portal\/category\/pedagogia\/"},{"@type":"ListItem","position":3,"name":"Quejas sin sentido de algunos padres de familia a profesores"}]},{"@type":"WebSite","@id":"https:\/\/webdelmaestrocmf.com\/portal\/#website","url":"https:\/\/webdelmaestrocmf.com\/portal\/","name":"Web del Maestro CMF","description":"Maestros al servicio de la educaci\u00f3n","publisher":{"@id":"https:\/\/webdelmaestrocmf.com\/portal\/#organization"},"alternateName":"WMCMF","potentialAction":[{"@type":"SearchAction","target":{"@type":"EntryPoint","urlTemplate":"https:\/\/webdelmaestrocmf.com\/portal\/?s={search_term_string}"},"query-input":{"@type":"PropertyValueSpecification","valueRequired":true,"valueName":"search_term_string"}}],"inLanguage":"es"},{"@type":"Organization","@id":"https:\/\/webdelmaestrocmf.com\/portal\/#organization","name":"Web del Maestro CMF","alternateName":"WMCMF","url":"https:\/\/webdelmaestrocmf.com\/portal\/","logo":{"@type":"ImageObject","inLanguage":"es","@id":"https:\/\/webdelmaestrocmf.com\/portal\/#\/schema\/logo\/image\/","url":"https:\/\/webdelmaestrocmf.com\/portal\/wp-content\/uploads\/2023\/01\/logo-wmcmf-2.png","contentUrl":"https:\/\/webdelmaestrocmf.com\/portal\/wp-content\/uploads\/2023\/01\/logo-wmcmf-2.png","width":200,"height":60,"caption":"Web del Maestro CMF"},"image":{"@id":"https:\/\/webdelmaestrocmf.com\/portal\/#\/schema\/logo\/image\/"},"sameAs":["https:\/\/www.facebook.com\/WebdelMaestroCMF\/","https:\/\/x.com\/cmf_w","https:\/\/www.pinterest.com\/WMCMF\/","https:\/\/www.linkedin.com\/company\/web-del-maestro-cmf\/","https:\/\/www.instagram.com\/wmcmf\/","https:\/\/www.youtube.com\/channel\/UCDPSvjbdodE5sHnC3OxutHw","https:\/\/mastodon.social\/@wmcmf","https:\/\/www.tiktok.com\/@webdelmaestrocmf"]},{"@type":"Person","@id":"https:\/\/webdelmaestrocmf.com\/portal\/#\/schema\/person\/1072a2ed7bd960df8ef99a551fa35dc5","name":"Web del Maestro CMF","image":{"@type":"ImageObject","inLanguage":"es","@id":"https:\/\/secure.gravatar.com\/avatar\/23291dd5b5ae1077dcff3dbb04c3e02bd28403fa75af6d8787d5e97c5bbbe30b?s=96&d=mm&r=g","url":"https:\/\/secure.gravatar.com\/avatar\/23291dd5b5ae1077dcff3dbb04c3e02bd28403fa75af6d8787d5e97c5bbbe30b?s=96&d=mm&r=g","contentUrl":"https:\/\/secure.gravatar.com\/avatar\/23291dd5b5ae1077dcff3dbb04c3e02bd28403fa75af6d8787d5e97c5bbbe30b?s=96&d=mm&r=g","caption":"Web del Maestro CMF"},"description":"Esta Web se cre\u00f3 sin fines de lucro, con fines educativos, cient\u00edficos y acad\u00e9micos, para personas que tengan dificultades y\/o inconvenientes en visualizar el material original. El objetivo es entregar recursos, compartir experiencias y materiales que ayuden a los padres de familia, maestros y estudiantes en su actualizaci\u00f3n y formaci\u00f3n permanente, en bien de la Educaci\u00f3n.","sameAs":["http:\/\/webdelmaestrocmf.com\/portal","https:\/\/www.facebook.com\/WebdelMaestroCMF\/","https:\/\/www.instagram.com\/wmcmf\/","https:\/\/cl.linkedin.com\/company\/web-del-maestro-cmf","https:\/\/www.pinterest.com\/WMCMF\/publicaciones\/","https:\/\/x.com\/cmf_w","https:\/\/www.youtube.com\/@WMCMF"]}]}},"jetpack_featured_media_url":"https:\/\/webdelmaestrocmf.com\/portal\/wp-content\/uploads\/2021\/12\/Banner-1-portada-imagen-10-26.jpg","jetpack_sharing_enabled":true,"jetpack-related-posts":[{"id":108856,"url":"https:\/\/webdelmaestrocmf.com\/portal\/haganles-usar-desodorante-la-advertencia-de-una-profesora-que-reabrio-un-viejo-debate-entre-padres-y-educadores\/","url_meta":{"origin":19569,"position":0},"title":"\u201cH\u00e1ganles usar desodorante\u201d: la advertencia de una profesora que reabri\u00f3 un viejo debate entre padres y educadores","author":"Web del Maestro CMF","date":"8 abril, 2026","format":false,"excerpt":"Profesora es criticada por pedir a las familias algo b\u00e1sico de higiene: c\u00f3rtenles las u\u00f1as, laven sus sudaderas, h\u00e1ganles usar desodorante, los otros ni\u00f1os lo notan y es repugnante.","rel":"","context":"En \u00abNoticias Internacionales\u00bb","block_context":{"text":"Noticias Internacionales","link":"https:\/\/webdelmaestrocmf.com\/portal\/category\/noticias-internacionales\/"},"img":{"alt_text":"","src":"https:\/\/i0.wp.com\/webdelmaestrocmf.com\/portal\/wp-content\/uploads\/2026\/04\/1AA-Banner-1-portada-imagen-10-1-copia-6.webp?resize=350%2C200&ssl=1","width":350,"height":200,"srcset":"https:\/\/i0.wp.com\/webdelmaestrocmf.com\/portal\/wp-content\/uploads\/2026\/04\/1AA-Banner-1-portada-imagen-10-1-copia-6.webp?resize=350%2C200&ssl=1 1x, https:\/\/i0.wp.com\/webdelmaestrocmf.com\/portal\/wp-content\/uploads\/2026\/04\/1AA-Banner-1-portada-imagen-10-1-copia-6.webp?resize=525%2C300&ssl=1 1.5x, https:\/\/i0.wp.com\/webdelmaestrocmf.com\/portal\/wp-content\/uploads\/2026\/04\/1AA-Banner-1-portada-imagen-10-1-copia-6.webp?resize=700%2C400&ssl=1 2x, https:\/\/i0.wp.com\/webdelmaestrocmf.com\/portal\/wp-content\/uploads\/2026\/04\/1AA-Banner-1-portada-imagen-10-1-copia-6.webp?resize=1050%2C600&ssl=1 3x"},"classes":[]},{"id":32314,"url":"https:\/\/webdelmaestrocmf.com\/portal\/tipos-de-padres-que-existen-en-la-escuela-y-sin-darse-cuenta-se-convierten-en-una-pesadilla\/","url_meta":{"origin":19569,"position":1},"title":"Padres t\u00f3xicos: \u00bfCu\u00e1les son los tipos de padres que existen en la escuela?","author":"Web del Maestro CMF","date":"14 abril, 2021","format":false,"excerpt":"Estudios han indicado que los ni\u00f1os cuyos padres o cualquier otro adulto, comparte actividades educativas con ellos, tienden a ser mejor en la escuela. Algunos beneficios que se han identificado y que miden el grado de involucramiento de los padres en la educaci\u00f3n, incluyen: Calificaciones\/ notas altas en las pruebas\u2026","rel":"","context":"En \u00abBienestar Familiar\u00bb","block_context":{"text":"Bienestar Familiar","link":"https:\/\/webdelmaestrocmf.com\/portal\/category\/pedagogia\/bienestar-familiar\/"},"img":{"alt_text":"","src":"https:\/\/i0.wp.com\/webdelmaestrocmf.com\/portal\/wp-content\/uploads\/2019\/09\/1-124.jpg?resize=350%2C200&ssl=1","width":350,"height":200,"srcset":"https:\/\/i0.wp.com\/webdelmaestrocmf.com\/portal\/wp-content\/uploads\/2019\/09\/1-124.jpg?resize=350%2C200&ssl=1 1x, https:\/\/i0.wp.com\/webdelmaestrocmf.com\/portal\/wp-content\/uploads\/2019\/09\/1-124.jpg?resize=525%2C300&ssl=1 1.5x, https:\/\/i0.wp.com\/webdelmaestrocmf.com\/portal\/wp-content\/uploads\/2019\/09\/1-124.jpg?resize=700%2C400&ssl=1 2x, https:\/\/i0.wp.com\/webdelmaestrocmf.com\/portal\/wp-content\/uploads\/2019\/09\/1-124.jpg?resize=1050%2C600&ssl=1 3x"},"classes":[]},{"id":15506,"url":"https:\/\/webdelmaestrocmf.com\/portal\/el-conflicto-con-los-padres-de-familia-por-el-bajo-rendimiento-escolar\/","url_meta":{"origin":19569,"position":2},"title":"[Heriberto Prieto] El conflicto con los padres de familia por el bajo rendimiento escolar","author":"Web del Maestro CMF","date":"2 marzo, 2017","format":false,"excerpt":"El conflicto con los padres de familia ante los resultados del bajo rendimiento escolar es una de las causantes del desinter\u00e9s de los alumnos por mejorar su aprovechamiento y desempe\u00f1o escolar. Al t\u00e9rmino de cada periodo de evaluaci\u00f3n educativa, se evidencian momentos de mucha inquietud por parte de los padres\u2026","rel":"","context":"En \u00abZ-Colaborador-Heriberto-Prieto\u00bb","block_context":{"text":"Z-Colaborador-Heriberto-Prieto","link":"https:\/\/webdelmaestrocmf.com\/portal\/category\/colaborador\/z-colaborador-heriberto-prieto\/"},"img":{"alt_text":"","src":"https:\/\/i0.wp.com\/webdelmaestrocmf.com\/portal\/wp-content\/uploads\/2023\/06\/A12B3C4D-1.jpg?resize=350%2C200&ssl=1","width":350,"height":200,"srcset":"https:\/\/i0.wp.com\/webdelmaestrocmf.com\/portal\/wp-content\/uploads\/2023\/06\/A12B3C4D-1.jpg?resize=350%2C200&ssl=1 1x, https:\/\/i0.wp.com\/webdelmaestrocmf.com\/portal\/wp-content\/uploads\/2023\/06\/A12B3C4D-1.jpg?resize=525%2C300&ssl=1 1.5x, https:\/\/i0.wp.com\/webdelmaestrocmf.com\/portal\/wp-content\/uploads\/2023\/06\/A12B3C4D-1.jpg?resize=700%2C400&ssl=1 2x"},"classes":[]},{"id":108730,"url":"https:\/\/webdelmaestrocmf.com\/portal\/hay-familias-que-consideran-que-hay-sanciones-desmedidas-poco-pedagogicas-o-incluso-humillantes\/","url_meta":{"origin":19569,"position":3},"title":"Hay familias que consideran que hay sanciones desmedidas, poco pedag\u00f3gicas o incluso humillantes","author":"Web del Maestro CMF","date":"11 abril, 2025","format":false,"excerpt":"Hace unos d\u00edas, el director de Secundaria de un colegio concertado de Madrid, y a la saz\u00f3n profesor de Historia y Lengua, se quejaba de la actitud de algunos padres ante determinados castigos que impon\u00edan a sus v\u00e1stagos en clase. Lo hac\u00eda as\u00ed en una red social: \"Cada a\u00f1o me\u2026","rel":"","context":"En \u00abNoticias Internacionales\u00bb","block_context":{"text":"Noticias Internacionales","link":"https:\/\/webdelmaestrocmf.com\/portal\/category\/noticias-internacionales\/"},"img":{"alt_text":"","src":"https:\/\/i0.wp.com\/webdelmaestrocmf.com\/portal\/wp-content\/uploads\/2025\/04\/1A-Banner-1-portada-imagen-10-1-4.jpg?resize=350%2C200&ssl=1","width":350,"height":200,"srcset":"https:\/\/i0.wp.com\/webdelmaestrocmf.com\/portal\/wp-content\/uploads\/2025\/04\/1A-Banner-1-portada-imagen-10-1-4.jpg?resize=350%2C200&ssl=1 1x, https:\/\/i0.wp.com\/webdelmaestrocmf.com\/portal\/wp-content\/uploads\/2025\/04\/1A-Banner-1-portada-imagen-10-1-4.jpg?resize=525%2C300&ssl=1 1.5x, https:\/\/i0.wp.com\/webdelmaestrocmf.com\/portal\/wp-content\/uploads\/2025\/04\/1A-Banner-1-portada-imagen-10-1-4.jpg?resize=700%2C400&ssl=1 2x"},"classes":[]},{"id":13242,"url":"https:\/\/webdelmaestrocmf.com\/portal\/importancia-del-buen-clima-educativo-padres-hacen-colegios-espacios-caoticos\/","url_meta":{"origin":19569,"position":4},"title":"Clima educativo: padres que hacen de colegios espacios ca\u00f3ticos","author":"Web del Maestro CMF","date":"20 julio, 2022","format":false,"excerpt":"La comunicaci\u00f3n entre los padres de familia y los profesores, no puede quedarse en que \u201ces un pacto roto\u201d, sino en buscar por todos los medios reparar \u201clos puentes\u201d de entendimiento y colaboraci\u00f3n. El especialista en educaci\u00f3n Le\u00f3n Trahtemberg, propone \u201cestablecer pol\u00edticas y normas claras para que haya una comunicaci\u00f3n\u2026","rel":"","context":"En \u00abPedagog\u00eda\u00bb","block_context":{"text":"Pedagog\u00eda","link":"https:\/\/webdelmaestrocmf.com\/portal\/category\/pedagogia\/educacion-pedagogia\/"},"img":{"alt_text":"","src":"https:\/\/i0.wp.com\/webdelmaestrocmf.com\/portal\/wp-content\/uploads\/2017\/06\/1C.jpg?resize=350%2C200&ssl=1","width":350,"height":200,"srcset":"https:\/\/i0.wp.com\/webdelmaestrocmf.com\/portal\/wp-content\/uploads\/2017\/06\/1C.jpg?resize=350%2C200&ssl=1 1x, https:\/\/i0.wp.com\/webdelmaestrocmf.com\/portal\/wp-content\/uploads\/2017\/06\/1C.jpg?resize=525%2C300&ssl=1 1.5x, https:\/\/i0.wp.com\/webdelmaestrocmf.com\/portal\/wp-content\/uploads\/2017\/06\/1C.jpg?resize=700%2C400&ssl=1 2x"},"classes":[]},{"id":16559,"url":"https:\/\/webdelmaestrocmf.com\/portal\/siempre-recomendable-hablar-primero-profesor-5-consejos\/","url_meta":{"origin":19569,"position":5},"title":"C\u00f3mo mantener una buena relaci\u00f3n Padre \u2013 Maestro","author":"Web del Maestro CMF","date":"12 noviembre, 2023","format":false,"excerpt":"Los tiempos han cambiado, y la educaci\u00f3n de nuestros hijos requiere m\u00e1s que nunca una s\u00f3lida relaci\u00f3n entre padres y profesores. Dos mundos diferentes que, al complementarse, acompa\u00f1an y mejoran el proceso de aprendizaje de cada ni\u00f1o. La participaci\u00f3n activa de los padres en la vida escolar de sus hijos\u2026","rel":"","context":"En \u00abEducaci\u00f3n y Familia\u00bb","block_context":{"text":"Educaci\u00f3n y Familia","link":"https:\/\/webdelmaestrocmf.com\/portal\/category\/pedagogia\/educacion-y-familia\/"},"img":{"alt_text":"buena relaci\u00f3n","src":"https:\/\/i0.wp.com\/webdelmaestrocmf.com\/portal\/wp-content\/uploads\/2017\/11\/1-copia.jpg?resize=350%2C200&ssl=1","width":350,"height":200,"srcset":"https:\/\/i0.wp.com\/webdelmaestrocmf.com\/portal\/wp-content\/uploads\/2017\/11\/1-copia.jpg?resize=350%2C200&ssl=1 1x, https:\/\/i0.wp.com\/webdelmaestrocmf.com\/portal\/wp-content\/uploads\/2017\/11\/1-copia.jpg?resize=525%2C300&ssl=1 1.5x, https:\/\/i0.wp.com\/webdelmaestrocmf.com\/portal\/wp-content\/uploads\/2017\/11\/1-copia.jpg?resize=700%2C400&ssl=1 2x, https:\/\/i0.wp.com\/webdelmaestrocmf.com\/portal\/wp-content\/uploads\/2017\/11\/1-copia.jpg?resize=1050%2C600&ssl=1 3x"},"classes":[]}],"_links":{"self":[{"href":"https:\/\/webdelmaestrocmf.com\/portal\/wp-json\/wp\/v2\/posts\/19569","targetHints":{"allow":["GET"]}}],"collection":[{"href":"https:\/\/webdelmaestrocmf.com\/portal\/wp-json\/wp\/v2\/posts"}],"about":[{"href":"https:\/\/webdelmaestrocmf.com\/portal\/wp-json\/wp\/v2\/types\/post"}],"author":[{"embeddable":true,"href":"https:\/\/webdelmaestrocmf.com\/portal\/wp-json\/wp\/v2\/users\/1"}],"replies":[{"embeddable":true,"href":"https:\/\/webdelmaestrocmf.com\/portal\/wp-json\/wp\/v2\/comments?post=19569"}],"version-history":[{"count":0,"href":"https:\/\/webdelmaestrocmf.com\/portal\/wp-json\/wp\/v2\/posts\/19569\/revisions"}],"wp:featuredmedia":[{"embeddable":true,"href":"https:\/\/webdelmaestrocmf.com\/portal\/wp-json\/wp\/v2\/media\/103020"}],"wp:attachment":[{"href":"https:\/\/webdelmaestrocmf.com\/portal\/wp-json\/wp\/v2\/media?parent=19569"}],"wp:term":[{"taxonomy":"category","embeddable":true,"href":"https:\/\/webdelmaestrocmf.com\/portal\/wp-json\/wp\/v2\/categories?post=19569"},{"taxonomy":"post_tag","embeddable":true,"href":"https:\/\/webdelmaestrocmf.com\/portal\/wp-json\/wp\/v2\/tags?post=19569"}],"curies":[{"name":"wp","href":"https:\/\/api.w.org\/{rel}","templated":true}]}}