{"id":19407,"date":"2017-06-13T23:31:43","date_gmt":"2017-06-14T03:31:43","guid":{"rendered":"http:\/\/webdelmaestrocmf.com\/portal\/?p=19407"},"modified":"2021-10-23T20:45:03","modified_gmt":"2021-10-23T23:45:03","slug":"afganistan-faltan-profesores-los-ninos-no-van-la-escuela-la-guerra","status":"publish","type":"post","link":"https:\/\/webdelmaestrocmf.com\/portal\/afganistan-faltan-profesores-los-ninos-no-van-la-escuela-la-guerra\/","title":{"rendered":"En Afganist\u00e1n faltan profesores y los ni\u00f1os no van a la escuela por la guerra"},"content":{"rendered":"<h5 style=\"text-align: justify;\">Algunos estudiantes no van a la escuela, ordinariamente, por problemas de salud, familiares, etc., y en contadas ocasiones por problemas sociales ajenos al mundo escolar: huelgas, protestas, desastres climatol\u00f3gicos, \u2026; que afectan el proceso de sus estudios.<\/h5>\n<p><!--more--><\/p>\n<h5 style=\"text-align: justify;\">La BBC Mundo public\u00f3 hace unos d\u00edas: \u201c<strong>Emilia no fue a clase<\/strong> este mi\u00e9rcoles, pero entreg\u00f3 por internet un cuestionario para la asignatura de Historia de Venezuela. La joven de 15 a\u00f1os no estudia a distancia, pero casi. En el mes de abril s\u00f3lo ha pisado su elitista escuela de Caracas en tres ocasiones.<\/h5>\n<p style=\"text-align: justify;\">Y no por las vacaciones de Semana Santa, sino <strong>por las protestas<\/strong> tanto de la oposici\u00f3n como del gobierno que desde hace casi un mes agitan la capital y toda Venezuela\u201d (Daniel Garc\u00eda Marco). UNICEF afirma que \u201c<strong>M\u00e1s de<\/strong> <strong>25 millones de ni\u00f1os<\/strong> con edades comprendidas entre los seis y los quince a\u00f1os <strong>no van a la escuela por la guerra y los conflictos<\/strong> que se viven en 22 pa\u00edses del mundo, seg\u00fan ha denunciado el Fondo de Naciones Unidas para la Infancia\u201d (LA INFORMACI\u00d3N, 25\/04\/2017). \u201cLos ni\u00f1os y las ni\u00f1as de Colombia que acuden a colegios p\u00fablicos <strong>llevan m\u00e1s de un mes sin ir a clase<\/strong>\u201d (El Pa\u00eds).<\/p>\n<p style=\"text-align: justify;\"><strong>Afganist\u00e1n<\/strong> quiz\u00e1 est\u00e1 muy lejos de muchos de nosotros, en alguna parte del mundo, o<strong> no est\u00e1 en el horizonte de nuestra atenci\u00f3n, o es dif\u00edcilmente ubicable en los mapas de nuestros libros, o <\/strong>globo terr\u00e1queo de la escuela; o m\u00e1s lejos todav\u00eda de nuestra conciencia de \u201caldea global\u201d. Pero vale la pena saber que <strong>es un pa\u00eds sin salida al mar<\/strong>, ubicado en el coraz\u00f3n de Asia; que <strong>sufre por la pobreza y la corrupci\u00f3n<\/strong>, que es <strong>el pa\u00eds m\u00e1s peligroso<\/strong> donde pueda vivir una mujer; y que tiene <strong>dificultades significativas en la educaci\u00f3n<\/strong>, debido a la falta de financiaci\u00f3n; s\u00f3lo tiene unas 9,500 escuelas (la mayor\u00eda inseguras), <strong>padece la falta de profesores<\/strong> y sobrelleva algunas reglas culturales, que hace que algunos padres no dejen a sus hijas ir a clases con un hombre (cf Wkipedia). Tambi\u00e9n ser\u00eda bueno conocer un poco \u00e9l, porque all\u00ed <strong>viven ni\u00f1os y j\u00f3venes, como nuestros hijos y como nuestros estudiantes,<\/strong> con falta de profesores; con carencias y dificultades, igual o peor que las nuestras, y tienen esperanza e ideales.<\/p>\n<p style=\"text-align: justify;\">Nos permitimos aproximarnos (un poco) a <strong>la realidad educativa afgana<\/strong>, por el <strong>testimonio de cinco ni\u00f1os y j\u00f3venes<\/strong>, a trav\u00e9s de la publicaci\u00f3n de El New York Times, en un reportaje elaborado con la colaboraron de Fahim Abed, Mujib Mashal y Zahra Nader desde Kabul; Taimoor Shah desde Kandahar; Nahim Rahim desde Kunduz; y Khalid Alokozay desde Jalalabad; y que compartimos con fines \u00fanicamente educativos \u2013 pastorales, porque frases como \u201ctambi\u00e9n <strong>quiero ir a la escuela<\/strong>, pero no va a suceder\u201d, \u201c<strong>estoy preocupado<\/strong> por mi futuro y mi educaci\u00f3n\u201d, \u201ccuando <strong>veo a los ni\u00f1os que van a la escuela<\/strong>, siento que yo tambi\u00e9n deber\u00eda ir\u201d, \u201c<strong>no voy a la escuela porque no tenemos dinero<\/strong> para pagar los gastos escolares\u201d y\u00a0 \u201csi no voy a la escuela, <strong>no ser\u00e9 nada en el futuro<\/strong>\u201d; nos pueden ayudar a reflexionar, entre nosotros y con nuestros estudiantes, para <strong>valorar lo que tenemos, <\/strong>sentir la responsabilidad de <strong>\u00a0mejorar lo que debe mejorarse y no claudicar en la lucha<\/strong> que asumimos para <strong>no perder lo andado<\/strong>; para creer con <strong>optimismo <\/strong>que si sembramos hoy, en el coraz\u00f3n de nuestros ni\u00f1os y j\u00f3venes la importancia de su formaci\u00f3n integral, pronto <strong>se invertir\u00e1 m\u00e1s en la educaci\u00f3n que en la compra de armas<\/strong>, y al fin nuestra sociedad volver\u00e1 a<strong> (re)valorar la trascedente tarea del docente<\/strong>.<\/p>\n<p style=\"text-align: justify;\">Los testimonios de Bakhti, Imamuddin], Raqibullah, Zahid y Llina, nos acercan a estos ni\u00f1os afganos, que forman parte de los que no podr\u00e1n recibir educaci\u00f3n por el aumento de la violencia y la pobreza; y que nos cuentan, con su inocencia y sus dudas, qu\u00e9 piensan sobre ese \u201cno poder ir a clases\u201d.<\/p>\n<h5>Lina, de 12 a\u00f1os, es de la provincia de Kapisa, en el noreste de Afganist\u00e1n; sin embargo, hace siete a\u00f1os sus familiares fueron desplazados debido a los enfrentamientos. Ella vive en un campo de refugiados en Kabul. Fue a la escuela durante tres a\u00f1os antes de que la sacaran.<\/h5>\n<p style=\"text-align: justify;\">Me gustaba mucho ir a la escuela, pero no tenemos suficiente dinero para comprar cuadernos y otros \u00fatiles. Nuestros parientes est\u00e1n enojados con nosotros por dejar la escuela, pero sin cuadernos no era posible estudiar ni hacer tarea.<\/p>\n<p style=\"text-align: justify;\">Si no voy a la escuela, no ser\u00e9 nada en el futuro; si voy a la escuela, puedo convertirme en doctora. Quiero ser doctora.<\/p>\n<p style=\"text-align: justify;\">Aqu\u00ed vivimos en tiendas de campa\u00f1a, tenemos dos. Yo duermo con mis cinco hermanos y hermanas en una, y mi padre, mi madre y dos hermanas peque\u00f1as duermen en la otra.<\/p>\n<p style=\"text-align: justify;\">Desayunamos las sobras de la cena del d\u00eda anterior, si quedan. Si no, comemos pan y t\u00e9. Despu\u00e9s de desayunar, traigo agua del pozo que est\u00e1 a una hora de camino a pie. Conseguir agua potable para nuestra casa es mi responsabilidad; traigo agua en una carretilla, en estos peque\u00f1os barriles, dos o tres veces al d\u00eda. Tambi\u00e9n recolecto peque\u00f1os pedazos de madera y pl\u00e1stico para quemarlos y calentar nuestra casa.<\/p>\n<h5 style=\"text-align: justify;\">Zahid, de ocho a\u00f1os, es de Srukh Rod, un distrito al este de la provincia Nangarhar. \u00c9l y sus hermanos ayudan a su padre a recolectar restos de metal en Jalalabad, una ciudad cercana.<\/h5>\n<p style=\"text-align: justify;\">Toda mi familia duerme en un cuarto que rentamos por 25 d\u00f3lares mensuales. Despu\u00e9s de levantarme, me lavo la cara y desayuno t\u00e9 y pan; despu\u00e9s tomo mi costal y me voy al mercado.<\/p>\n<p style=\"text-align: justify;\">Durante el d\u00eda, recojo restos de metal, madera y papel. A la hora del almuerzo, espero frente a una panader\u00eda donde el panadero o alguien m\u00e1s me obsequia un trozo de pan que comparto con mi amigo o mi primo.<\/p>\n<p style=\"text-align: justify;\">Vendemos lo que recolectamos durante el d\u00eda por 20 centavos, despu\u00e9s llevo el dinero a casa y compramos t\u00e9, az\u00facar o algo m\u00e1s. Lo m\u00e1ximo que gano en un d\u00eda son 50 centavos.<\/p>\n<p style=\"text-align: justify;\">No voy a la escuela porque no tenemos dinero para pagar los gastos escolares. Los 20 centavos que gano son para comprar az\u00facar y t\u00e9.<\/p>\n<p style=\"text-align: justify;\">Mis parientes y amigos van a la escuela, y cuando los veo me dan ganas de ir y estudiar. Si vas a la escuela, tendr\u00e1s un buen futuro. Si no vas, no.<\/p>\n<h5>Raqibullah, de 12 a\u00f1os, es de un pueblo a las afueras de Tirin Kot, una ciudad en la provincia Oruzgan, al sur de Afganist\u00e1n. Su padre muri\u00f3 hace a\u00f1o y medio tras el estallido de un aparato explosivo improvisado. Despu\u00e9s, Raqibullah se mud\u00f3 a Tirin Kot.<\/h5>\n<p style=\"text-align: justify;\">Cuando estaba en el pueblo, iba a la escuela, pero ya no hay escuelas all\u00e1. Solo estudi\u00e9 hasta cuarto a\u00f1o, pero puedo leer y escribir.<\/p>\n<p style=\"text-align: justify;\">Ahora vendo dulces en un carrito para alimentar a mis hermanos. Tengo tres hermanos y tres hermanas y todos vivimos juntos. Mi hermano mayor tiene 14 a\u00f1os y la m\u00e1s joven de nuestra familia es mi hermana de 4 a\u00f1os. Mi hermano mayor tambi\u00e9n trabaja conmigo.<\/p>\n<p style=\"text-align: justify;\">Si mi padre estuviera vivo, no tendr\u00eda que pasar el d\u00eda en el mercado.<\/p>\n<p style=\"text-align: justify;\">Mis primos a\u00fan viven en el pueblo donde ya no hay escuela; pero aqu\u00ed los ni\u00f1os del barrio van a escuelas privadas y p\u00fablicas. Cuando veo a los ni\u00f1os que van a la escuela, siento que yo tambi\u00e9n deber\u00eda ir. Sin embargo, tengo que ganar dinero para poder alimentar a mi familia y pagar la renta.<\/p>\n<h5>Bakhti, de 13 a\u00f1os, es de la ciudad norte\u00f1a de Mazar-i-Sharif. Su madre muri\u00f3 de hepatitis B hace tres a\u00f1os. Su padre, que trabaja como jornalero en Ir\u00e1n, la dej\u00f3 a ella y a sus hermanos peque\u00f1os con su t\u00edo en Kabul.<\/h5>\n<p style=\"text-align: justify;\">Me levanto a las seis de la ma\u00f1ana. Despu\u00e9s de desayunar, hago los quehaceres de la casa: limpiar, barrer dentro y fuera, lavar los platos. Si una alfombra est\u00e1 en proceso, entonces tengo que ayudar a tejerla.<\/p>\n<p style=\"text-align: justify;\">Por cada alfombra, gano m\u00e1s o menos 80 centavos de propina. El resto del dinero va para los gastos de la casa. La \u00faltima vez que me dieron los 80 centavos me compr\u00e9 un peine y medias para mis hermanos.<\/p>\n<p style=\"text-align: justify;\">Cuando viv\u00eda en Mazar, estudi\u00e9 hasta el cuarto a\u00f1o. Cuando nos mudamos a Kabul, fui a la escuela por casi tres meses, pero lo dej\u00e9. Las clases no eran como las que tomaba en Mazar. Los estudiantes no se portaban bien, eran muy violentos. Me apodaron la \u201cni\u00f1a rara\u201d.<\/p>\n<p style=\"text-align: justify;\">Tambi\u00e9n dej\u00e9 de ir porque mis dos hermanos se quedaban solos. Tengo miedo de que se pierdan, as\u00ed que tengo que quedarme y cuidarlos. Si mi madre estuviera con nosotros, yo estudiar\u00eda; pero ya no puedo.<\/p>\n<p style=\"text-align: justify;\">Mis primos van a la escuela. Los que van a la escuela se ven bien. Tambi\u00e9n quiero ir a la escuela, pero no va a suceder.<\/p>\n<h5>Imamuddin, de 15 a\u00f1os, es del distrito Charchino en la provincia Oruzgan. Despu\u00e9s de intensas peleas en el distrito, que ahora es controlado por los talibanes, su padre se llev\u00f3 a la mitad de la familia a Tirin Kot.<\/h5>\n<p style=\"text-align: justify;\">Estudi\u00e9 hasta quinto a\u00f1o en nuestro distrito, pero las escuelas cerraron hace un a\u00f1o por los enfrentamientos, y ahora los talibanes controlan nuestro pueblo. Hab\u00eda peleas todos los d\u00edas, ni siquiera pod\u00edamos salir de casa.<\/p>\n<p style=\"text-align: justify;\">Mi madre y mis cinco hermanas a\u00fan est\u00e1n en el distrito; estamos tratando de traerlas lo antes posible. Vivimos en una casa rentada de tres cuartos y pagamos de renta m\u00e1s o menos 60 d\u00f3lares al mes.<\/p>\n<p style=\"text-align: justify;\">Mi padre, mis dos hermanos y yo compartimos un cuarto. Es invierno y para calentar un solo cuarto se necesita mucha madera.<\/p>\n<p style=\"text-align: justify;\">Mi vida aqu\u00ed es dif\u00edcil porque no hago nada. Estoy muy aburrido. Me alegro cuando anochece porque finalmente puedo dormir.<\/p>\n<p style=\"text-align: justify;\">De verdad quiero convertirme en doctor y ayudar a la gente. Le he pedido a mi padre que me mande a clases de ingl\u00e9s en Tirin Kot, pero no le alcanza para pagar las cuotas. Estudio con mis libros viejos de la escuela, pero ya he completado cada libro varias veces.<\/p>\n<p style=\"text-align: justify;\">Quiz\u00e1 comience a trabajar o nos mudemos a otra provincia donde podamos encontrar una mejor vida. Estoy preocupado por mi futuro y mi educaci\u00f3n. La vida era buena en el distrito: ten\u00edamos tierra y orqu\u00eddeas, escuelas y compa\u00f1eros de clase\u2026 pero aqu\u00ed no conocemos a nadie. Los enfrentamientos nos han quitado todo.<\/p>\n<p style=\"text-align: justify;\">\u00bfQu\u00e9 opini\u00f3n le merecen estos testimonios? \u00bfCree que podemos usarlos como recursos para una reflexi\u00f3n con nuestros estudiantes? \u00bfValoramos objetivamente nuestra realidad, o siempre vemos \u201cmedio vaso vac\u00edo\u201d?<\/p>\n<p style=\"text-align: justify;\"><strong><a href=\"https:\/\/www.nytimes.com\/es\/2017\/03\/28\/ninos-afganos-privados-de-educacion-hablan-de-sus-miedos-mas-profundos\/?rref=collection%2Fsectioncollection%2Findex\" target=\"_blank\" rel=\"noopener noreferrer\">PUEDE LEER EL ART\u00cdCULO COMPLETO: <em>LOS NI\u00d1OS AFGANOS PRIVADOS DE EDUCACI\u00d3N HABLAN DE SUS MIEDOS M\u00c1S PROFUNDOS<\/em><\/a><\/strong><\/p>\n<p style=\"text-align: right;\"><strong>REDACCI\u00d3N WEB DEL MAESTRO CMF<br \/>\n<\/strong><strong>FUENTE:\u00a0<a href=\"http:\/\/www.nytimes.com\" target=\"_blank\" rel=\"noopener noreferrer\">THE NEW YORK TIMES<\/a><\/strong><\/p>\n\t\t<div class=\"pk-inline-posts\">\n\t\t\t\n\t\t\t<div class=\"pk-inline-posts-container pk-inline-posts-template-list\"\n\t\t\t\tdata-columns=\"1\">\n\t\t\t\t\t\t<article id=\"post-118333\" class=\"post-118333 post type-post status-publish format-standard has-post-thumbnail category-jamb tag-apego tag-crianza tag-docentes tag-educacion tag-escuela tag-familia tag-infancia tag-responsabilidad tag-vinculo cs-entry cs-video-wrap\">\n\t\t\t<div class=\"pk-post-outer\">\n\n\t\t\t\t\t\t\t\t<div class=\"pk-post-inner\">\n\t\t\t\t\t<div class=\"entry-thumbnail\">\n\t\t\t\t\t\t<div class=\"pk-overlay pk-overlay-ratio pk-ratio-landscape\">\n\t\t\t\t\t\t\t<div class=\"pk-overlay-background\">\n\t\t\t\t\t\t\t\t<a href=\"https:\/\/webdelmaestrocmf.com\/portal\/el-sistema-nos-rompe-a-todos-y-a-los-ninos-primero\/\" class=\"pk-overlay-link\">\n\t\t\t\t\t\t\t\t\t<img loading=\"lazy\" decoding=\"async\" width=\"300\" height=\"225\" src=\"https:\/\/webdelmaestrocmf.com\/portal\/wp-content\/uploads\/2026\/04\/1AA-Banner-1-portada-imagen-10-1-copia-2-300x225.jpg\" class=\"attachment-pk-thumbnail size-pk-thumbnail wp-post-image\" alt=\"\" \/>\t\t\t\t\t\t\t\t<\/a>\n\t\t\t\t\t\t\t<\/div>\n\t\t\t\t\t\t<\/div>\n\t\t\t\t\t<\/div>\n\t\t\t\t<\/div>\n\t\t\t\t\n\t\t\t\t<div class=\"pk-post-inner\">\n\t\t\t\t\t<header>\n\t\t\t\t\t\t<h3 class=\"pk-title\"><a href=\"https:\/\/webdelmaestrocmf.com\/portal\/el-sistema-nos-rompe-a-todos-y-a-los-ninos-primero\/\" rel=\"bookmark\">El sistema nos rompe a todos\u2026 y a los ni\u00f1os primero<\/a><\/h3>\t\t\t\t\t<\/header><!-- .entry-header -->\n\t\t\t\t<\/div><!-- .post-inner -->\n\n\t\t\t<\/div><!-- .post-outer -->\n\t\t<\/article>\n\t\t\t\t<\/div>\n\t\t<\/div>\n\t\t\n","protected":false},"excerpt":{"rendered":"Algunos estudiantes no van a la escuela, ordinariamente, por problemas de salud, familiares, etc., y en contadas ocasiones&hellip;","protected":false},"author":2,"featured_media":69797,"comment_status":"open","ping_status":"open","sticky":false,"template":"","format":"standard","meta":{"csco_display_header_overlay":false,"csco_singular_sidebar":"default","csco_page_header_type":"default","csco_page_load_nextpost":"default","csco_post_video_location":[],"csco_post_video_location_hash":"","csco_post_video_url":"","csco_post_video_bg_start_time":0,"csco_post_video_bg_end_time":0,"csco_post_video_bg_volume":false,"_jetpack_memberships_contains_paid_content":false,"footnotes":""},"categories":[61],"tags":[2324,228,993,297,62],"class_list":{"0":"post-19407","1":"post","2":"type-post","3":"status-publish","4":"format-standard","5":"has-post-thumbnail","7":"category-jamb","8":"tag-afganistan","9":"tag-escuela","10":"tag-guerra","11":"tag-ninos","12":"tag-profesores","13":"cs-entry","14":"cs-video-wrap"},"yoast_head":"<!-- This site is optimized with the Yoast SEO plugin v27.5 - https:\/\/yoast.com\/product\/yoast-seo-wordpress\/ -->\n<title>En Afganist\u00e1n faltan profesores y los ni\u00f1os no van a la escuela por la guerra<\/title>\n<meta name=\"description\" content=\"Algunos estudiantes no van a la escuela, ordinariamente, por problemas de salud, familiares, etc., y en contadas ocasiones por problemas...\" \/>\n<meta name=\"robots\" content=\"index, follow, max-snippet:-1, max-image-preview:large, max-video-preview:-1\" \/>\n<link rel=\"canonical\" href=\"https:\/\/webdelmaestrocmf.com\/portal\/afganistan-faltan-profesores-los-ninos-no-van-la-escuela-la-guerra\/\" \/>\n<meta property=\"og:locale\" content=\"es_ES\" \/>\n<meta property=\"og:type\" content=\"article\" \/>\n<meta property=\"og:title\" content=\"En Afganist\u00e1n faltan profesores y los ni\u00f1os no van a la escuela por la guerra\" \/>\n<meta property=\"og:description\" content=\"Algunos estudiantes no van a la escuela, ordinariamente, por problemas de salud, familiares, etc., y en contadas ocasiones por problemas...\" \/>\n<meta property=\"og:url\" content=\"https:\/\/webdelmaestrocmf.com\/portal\/afganistan-faltan-profesores-los-ninos-no-van-la-escuela-la-guerra\/\" \/>\n<meta property=\"og:site_name\" content=\"Web del Maestro CMF\" \/>\n<meta property=\"article:publisher\" content=\"https:\/\/www.facebook.com\/WebdelMaestroCMF\/\" \/>\n<meta property=\"article:author\" content=\"https:\/\/www.facebook.com\/WebdelMaestroCMF\/\" \/>\n<meta property=\"article:published_time\" content=\"2017-06-14T03:31:43+00:00\" \/>\n<meta property=\"article:modified_time\" content=\"2021-10-23T23:45:03+00:00\" \/>\n<meta property=\"og:image\" content=\"https:\/\/i0.wp.com\/webdelmaestrocmf.com\/portal\/wp-content\/uploads\/2017\/06\/a2-2.jpg?fit=1100%2C680&ssl=1\" \/>\n\t<meta property=\"og:image:width\" content=\"1100\" \/>\n\t<meta property=\"og:image:height\" content=\"680\" \/>\n\t<meta property=\"og:image:type\" content=\"image\/jpeg\" \/>\n<meta name=\"author\" content=\"Web del Maestro CMF\" \/>\n<meta name=\"twitter:card\" content=\"summary_large_image\" \/>\n<meta name=\"twitter:creator\" content=\"@cmf_w\" \/>\n<meta name=\"twitter:site\" content=\"@cmf_w\" \/>\n<script type=\"application\/ld+json\" class=\"yoast-schema-graph\">{\"@context\":\"https:\\\/\\\/schema.org\",\"@graph\":[{\"@type\":\"ScholarlyArticle\",\"@id\":\"https:\\\/\\\/webdelmaestrocmf.com\\\/portal\\\/afganistan-faltan-profesores-los-ninos-no-van-la-escuela-la-guerra\\\/#article\",\"isPartOf\":{\"@id\":\"https:\\\/\\\/webdelmaestrocmf.com\\\/portal\\\/afganistan-faltan-profesores-los-ninos-no-van-la-escuela-la-guerra\\\/\"},\"author\":{\"name\":\"Web del Maestro CMF\",\"@id\":\"https:\\\/\\\/webdelmaestrocmf.com\\\/portal\\\/#\\\/schema\\\/person\\\/ebc57e23d318c9c4270c6f41367015b5\"},\"headline\":\"En Afganist\u00e1n faltan profesores y los ni\u00f1os no van a la escuela por la guerra\",\"datePublished\":\"2017-06-14T03:31:43+00:00\",\"dateModified\":\"2021-10-23T23:45:03+00:00\",\"mainEntityOfPage\":{\"@id\":\"https:\\\/\\\/webdelmaestrocmf.com\\\/portal\\\/afganistan-faltan-profesores-los-ninos-no-van-la-escuela-la-guerra\\\/\"},\"wordCount\":1927,\"commentCount\":0,\"publisher\":{\"@id\":\"https:\\\/\\\/webdelmaestrocmf.com\\\/portal\\\/#organization\"},\"image\":{\"@id\":\"https:\\\/\\\/webdelmaestrocmf.com\\\/portal\\\/afganistan-faltan-profesores-los-ninos-no-van-la-escuela-la-guerra\\\/#primaryimage\"},\"thumbnailUrl\":\"https:\\\/\\\/webdelmaestrocmf.com\\\/portal\\\/wp-content\\\/uploads\\\/2017\\\/06\\\/a2-2.jpg\",\"keywords\":[\"AFGANIST\u00c1N\",\"escuela\",\"GUERRA\",\"Ni\u00f1os\",\"profesores\"],\"articleSection\":[\"Yo opino - WMCMF\"],\"inLanguage\":\"es\",\"potentialAction\":[{\"@type\":\"CommentAction\",\"name\":\"Comment\",\"target\":[\"https:\\\/\\\/webdelmaestrocmf.com\\\/portal\\\/afganistan-faltan-profesores-los-ninos-no-van-la-escuela-la-guerra\\\/#respond\"]}]},{\"@type\":\"WebPage\",\"@id\":\"https:\\\/\\\/webdelmaestrocmf.com\\\/portal\\\/afganistan-faltan-profesores-los-ninos-no-van-la-escuela-la-guerra\\\/\",\"url\":\"https:\\\/\\\/webdelmaestrocmf.com\\\/portal\\\/afganistan-faltan-profesores-los-ninos-no-van-la-escuela-la-guerra\\\/\",\"name\":\"En Afganist\u00e1n faltan profesores y los ni\u00f1os no van a la escuela por la guerra\",\"isPartOf\":{\"@id\":\"https:\\\/\\\/webdelmaestrocmf.com\\\/portal\\\/#website\"},\"primaryImageOfPage\":{\"@id\":\"https:\\\/\\\/webdelmaestrocmf.com\\\/portal\\\/afganistan-faltan-profesores-los-ninos-no-van-la-escuela-la-guerra\\\/#primaryimage\"},\"image\":{\"@id\":\"https:\\\/\\\/webdelmaestrocmf.com\\\/portal\\\/afganistan-faltan-profesores-los-ninos-no-van-la-escuela-la-guerra\\\/#primaryimage\"},\"thumbnailUrl\":\"https:\\\/\\\/webdelmaestrocmf.com\\\/portal\\\/wp-content\\\/uploads\\\/2017\\\/06\\\/a2-2.jpg\",\"datePublished\":\"2017-06-14T03:31:43+00:00\",\"dateModified\":\"2021-10-23T23:45:03+00:00\",\"description\":\"Algunos estudiantes no van a la escuela, ordinariamente, por problemas de salud, familiares, etc., y en contadas ocasiones por problemas...\",\"breadcrumb\":{\"@id\":\"https:\\\/\\\/webdelmaestrocmf.com\\\/portal\\\/afganistan-faltan-profesores-los-ninos-no-van-la-escuela-la-guerra\\\/#breadcrumb\"},\"inLanguage\":\"es\",\"potentialAction\":[{\"@type\":\"ReadAction\",\"target\":[\"https:\\\/\\\/webdelmaestrocmf.com\\\/portal\\\/afganistan-faltan-profesores-los-ninos-no-van-la-escuela-la-guerra\\\/\"]}]},{\"@type\":\"ImageObject\",\"inLanguage\":\"es\",\"@id\":\"https:\\\/\\\/webdelmaestrocmf.com\\\/portal\\\/afganistan-faltan-profesores-los-ninos-no-van-la-escuela-la-guerra\\\/#primaryimage\",\"url\":\"https:\\\/\\\/webdelmaestrocmf.com\\\/portal\\\/wp-content\\\/uploads\\\/2017\\\/06\\\/a2-2.jpg\",\"contentUrl\":\"https:\\\/\\\/webdelmaestrocmf.com\\\/portal\\\/wp-content\\\/uploads\\\/2017\\\/06\\\/a2-2.jpg\",\"width\":1100,\"height\":680},{\"@type\":\"BreadcrumbList\",\"@id\":\"https:\\\/\\\/webdelmaestrocmf.com\\\/portal\\\/afganistan-faltan-profesores-los-ninos-no-van-la-escuela-la-guerra\\\/#breadcrumb\",\"itemListElement\":[{\"@type\":\"ListItem\",\"position\":1,\"name\":\"Portada\",\"item\":\"https:\\\/\\\/webdelmaestrocmf.com\\\/portal\\\/\"},{\"@type\":\"ListItem\",\"position\":2,\"name\":\"Yo opino - WMCMF\",\"item\":\"https:\\\/\\\/webdelmaestrocmf.com\\\/portal\\\/category\\\/jamb\\\/\"},{\"@type\":\"ListItem\",\"position\":3,\"name\":\"En Afganist\u00e1n faltan profesores y los ni\u00f1os no van a la escuela por la guerra\"}]},{\"@type\":\"WebSite\",\"@id\":\"https:\\\/\\\/webdelmaestrocmf.com\\\/portal\\\/#website\",\"url\":\"https:\\\/\\\/webdelmaestrocmf.com\\\/portal\\\/\",\"name\":\"Web del Maestro CMF\",\"description\":\"Maestros al servicio de la educaci\u00f3n\",\"publisher\":{\"@id\":\"https:\\\/\\\/webdelmaestrocmf.com\\\/portal\\\/#organization\"},\"alternateName\":\"WMCMF\",\"potentialAction\":[{\"@type\":\"SearchAction\",\"target\":{\"@type\":\"EntryPoint\",\"urlTemplate\":\"https:\\\/\\\/webdelmaestrocmf.com\\\/portal\\\/?s={search_term_string}\"},\"query-input\":{\"@type\":\"PropertyValueSpecification\",\"valueRequired\":true,\"valueName\":\"search_term_string\"}}],\"inLanguage\":\"es\"},{\"@type\":\"Organization\",\"@id\":\"https:\\\/\\\/webdelmaestrocmf.com\\\/portal\\\/#organization\",\"name\":\"Web del Maestro CMF\",\"alternateName\":\"WMCMF\",\"url\":\"https:\\\/\\\/webdelmaestrocmf.com\\\/portal\\\/\",\"logo\":{\"@type\":\"ImageObject\",\"inLanguage\":\"es\",\"@id\":\"https:\\\/\\\/webdelmaestrocmf.com\\\/portal\\\/#\\\/schema\\\/logo\\\/image\\\/\",\"url\":\"https:\\\/\\\/webdelmaestrocmf.com\\\/portal\\\/wp-content\\\/uploads\\\/2023\\\/01\\\/logo-wmcmf-2.png\",\"contentUrl\":\"https:\\\/\\\/webdelmaestrocmf.com\\\/portal\\\/wp-content\\\/uploads\\\/2023\\\/01\\\/logo-wmcmf-2.png\",\"width\":200,\"height\":60,\"caption\":\"Web del Maestro CMF\"},\"image\":{\"@id\":\"https:\\\/\\\/webdelmaestrocmf.com\\\/portal\\\/#\\\/schema\\\/logo\\\/image\\\/\"},\"sameAs\":[\"https:\\\/\\\/www.facebook.com\\\/WebdelMaestroCMF\\\/\",\"https:\\\/\\\/x.com\\\/cmf_w\",\"https:\\\/\\\/www.pinterest.com\\\/WMCMF\\\/\",\"https:\\\/\\\/www.linkedin.com\\\/company\\\/web-del-maestro-cmf\\\/\",\"https:\\\/\\\/www.instagram.com\\\/wmcmf\\\/\",\"https:\\\/\\\/www.youtube.com\\\/channel\\\/UCDPSvjbdodE5sHnC3OxutHw\",\"https:\\\/\\\/mastodon.social\\\/@wmcmf\",\"https:\\\/\\\/www.tiktok.com\\\/@webdelmaestrocmf\"]},{\"@type\":\"Person\",\"@id\":\"https:\\\/\\\/webdelmaestrocmf.com\\\/portal\\\/#\\\/schema\\\/person\\\/ebc57e23d318c9c4270c6f41367015b5\",\"name\":\"Web del Maestro CMF\",\"image\":{\"@type\":\"ImageObject\",\"inLanguage\":\"es\",\"@id\":\"https:\\\/\\\/secure.gravatar.com\\\/avatar\\\/718b2df46e711f63dc8c16a160d16cc0104e961fe3c231eaaed2426975fc5e2d?s=96&d=mm&r=g\",\"url\":\"https:\\\/\\\/secure.gravatar.com\\\/avatar\\\/718b2df46e711f63dc8c16a160d16cc0104e961fe3c231eaaed2426975fc5e2d?s=96&d=mm&r=g\",\"contentUrl\":\"https:\\\/\\\/secure.gravatar.com\\\/avatar\\\/718b2df46e711f63dc8c16a160d16cc0104e961fe3c231eaaed2426975fc5e2d?s=96&d=mm&r=g\",\"caption\":\"Web del Maestro CMF\"},\"description\":\"Esta Web se cre\u00f3 sin fines de lucro, con fines educativos, cient\u00edficos y acad\u00e9micos, para personas que tengan dificultades y\\\/o inconvenientes en visualizar el material original. El objetivo es entregar recursos, compartir experiencias y materiales que ayuden a los padres de familia, maestros y estudiantes en su actualizaci\u00f3n y formaci\u00f3n permanente, en bien de la Educaci\u00f3n.\",\"sameAs\":[\"http:\\\/\\\/webdelmaestrocmf.com\\\/portal\",\"https:\\\/\\\/www.facebook.com\\\/WebdelMaestroCMF\\\/\",\"https:\\\/\\\/www.instagram.com\\\/wmcmf\\\/\",\"https:\\\/\\\/cl.linkedin.com\\\/company\\\/web-del-maestro-cmf\",\"https:\\\/\\\/www.pinterest.com\\\/WMCMF\\\/publicaciones\\\/\",\"https:\\\/\\\/x.com\\\/cmf_w\",\"https:\\\/\\\/www.youtube.com\\\/@WMCMF\"]}]}<\/script>\n<!-- \/ Yoast SEO plugin. -->","yoast_head_json":{"title":"En Afganist\u00e1n faltan profesores y los ni\u00f1os no van a la escuela por la guerra","description":"Algunos estudiantes no van a la escuela, ordinariamente, por problemas de salud, familiares, etc., y en contadas ocasiones por problemas...","robots":{"index":"index","follow":"follow","max-snippet":"max-snippet:-1","max-image-preview":"max-image-preview:large","max-video-preview":"max-video-preview:-1"},"canonical":"https:\/\/webdelmaestrocmf.com\/portal\/afganistan-faltan-profesores-los-ninos-no-van-la-escuela-la-guerra\/","og_locale":"es_ES","og_type":"article","og_title":"En Afganist\u00e1n faltan profesores y los ni\u00f1os no van a la escuela por la guerra","og_description":"Algunos estudiantes no van a la escuela, ordinariamente, por problemas de salud, familiares, etc., y en contadas ocasiones por problemas...","og_url":"https:\/\/webdelmaestrocmf.com\/portal\/afganistan-faltan-profesores-los-ninos-no-van-la-escuela-la-guerra\/","og_site_name":"Web del Maestro CMF","article_publisher":"https:\/\/www.facebook.com\/WebdelMaestroCMF\/","article_author":"https:\/\/www.facebook.com\/WebdelMaestroCMF\/","article_published_time":"2017-06-14T03:31:43+00:00","article_modified_time":"2021-10-23T23:45:03+00:00","og_image":[{"width":1100,"height":680,"url":"https:\/\/i0.wp.com\/webdelmaestrocmf.com\/portal\/wp-content\/uploads\/2017\/06\/a2-2.jpg?fit=1100%2C680&ssl=1","type":"image\/jpeg"}],"author":"Web del Maestro CMF","twitter_card":"summary_large_image","twitter_creator":"@cmf_w","twitter_site":"@cmf_w","schema":{"@context":"https:\/\/schema.org","@graph":[{"@type":"ScholarlyArticle","@id":"https:\/\/webdelmaestrocmf.com\/portal\/afganistan-faltan-profesores-los-ninos-no-van-la-escuela-la-guerra\/#article","isPartOf":{"@id":"https:\/\/webdelmaestrocmf.com\/portal\/afganistan-faltan-profesores-los-ninos-no-van-la-escuela-la-guerra\/"},"author":{"name":"Web del Maestro CMF","@id":"https:\/\/webdelmaestrocmf.com\/portal\/#\/schema\/person\/ebc57e23d318c9c4270c6f41367015b5"},"headline":"En Afganist\u00e1n faltan profesores y los ni\u00f1os no van a la escuela por la guerra","datePublished":"2017-06-14T03:31:43+00:00","dateModified":"2021-10-23T23:45:03+00:00","mainEntityOfPage":{"@id":"https:\/\/webdelmaestrocmf.com\/portal\/afganistan-faltan-profesores-los-ninos-no-van-la-escuela-la-guerra\/"},"wordCount":1927,"commentCount":0,"publisher":{"@id":"https:\/\/webdelmaestrocmf.com\/portal\/#organization"},"image":{"@id":"https:\/\/webdelmaestrocmf.com\/portal\/afganistan-faltan-profesores-los-ninos-no-van-la-escuela-la-guerra\/#primaryimage"},"thumbnailUrl":"https:\/\/webdelmaestrocmf.com\/portal\/wp-content\/uploads\/2017\/06\/a2-2.jpg","keywords":["AFGANIST\u00c1N","escuela","GUERRA","Ni\u00f1os","profesores"],"articleSection":["Yo opino - WMCMF"],"inLanguage":"es","potentialAction":[{"@type":"CommentAction","name":"Comment","target":["https:\/\/webdelmaestrocmf.com\/portal\/afganistan-faltan-profesores-los-ninos-no-van-la-escuela-la-guerra\/#respond"]}]},{"@type":"WebPage","@id":"https:\/\/webdelmaestrocmf.com\/portal\/afganistan-faltan-profesores-los-ninos-no-van-la-escuela-la-guerra\/","url":"https:\/\/webdelmaestrocmf.com\/portal\/afganistan-faltan-profesores-los-ninos-no-van-la-escuela-la-guerra\/","name":"En Afganist\u00e1n faltan profesores y los ni\u00f1os no van a la escuela por la guerra","isPartOf":{"@id":"https:\/\/webdelmaestrocmf.com\/portal\/#website"},"primaryImageOfPage":{"@id":"https:\/\/webdelmaestrocmf.com\/portal\/afganistan-faltan-profesores-los-ninos-no-van-la-escuela-la-guerra\/#primaryimage"},"image":{"@id":"https:\/\/webdelmaestrocmf.com\/portal\/afganistan-faltan-profesores-los-ninos-no-van-la-escuela-la-guerra\/#primaryimage"},"thumbnailUrl":"https:\/\/webdelmaestrocmf.com\/portal\/wp-content\/uploads\/2017\/06\/a2-2.jpg","datePublished":"2017-06-14T03:31:43+00:00","dateModified":"2021-10-23T23:45:03+00:00","description":"Algunos estudiantes no van a la escuela, ordinariamente, por problemas de salud, familiares, etc., y en contadas ocasiones por problemas...","breadcrumb":{"@id":"https:\/\/webdelmaestrocmf.com\/portal\/afganistan-faltan-profesores-los-ninos-no-van-la-escuela-la-guerra\/#breadcrumb"},"inLanguage":"es","potentialAction":[{"@type":"ReadAction","target":["https:\/\/webdelmaestrocmf.com\/portal\/afganistan-faltan-profesores-los-ninos-no-van-la-escuela-la-guerra\/"]}]},{"@type":"ImageObject","inLanguage":"es","@id":"https:\/\/webdelmaestrocmf.com\/portal\/afganistan-faltan-profesores-los-ninos-no-van-la-escuela-la-guerra\/#primaryimage","url":"https:\/\/webdelmaestrocmf.com\/portal\/wp-content\/uploads\/2017\/06\/a2-2.jpg","contentUrl":"https:\/\/webdelmaestrocmf.com\/portal\/wp-content\/uploads\/2017\/06\/a2-2.jpg","width":1100,"height":680},{"@type":"BreadcrumbList","@id":"https:\/\/webdelmaestrocmf.com\/portal\/afganistan-faltan-profesores-los-ninos-no-van-la-escuela-la-guerra\/#breadcrumb","itemListElement":[{"@type":"ListItem","position":1,"name":"Portada","item":"https:\/\/webdelmaestrocmf.com\/portal\/"},{"@type":"ListItem","position":2,"name":"Yo opino - WMCMF","item":"https:\/\/webdelmaestrocmf.com\/portal\/category\/jamb\/"},{"@type":"ListItem","position":3,"name":"En Afganist\u00e1n faltan profesores y los ni\u00f1os no van a la escuela por la guerra"}]},{"@type":"WebSite","@id":"https:\/\/webdelmaestrocmf.com\/portal\/#website","url":"https:\/\/webdelmaestrocmf.com\/portal\/","name":"Web del Maestro CMF","description":"Maestros al servicio de la educaci\u00f3n","publisher":{"@id":"https:\/\/webdelmaestrocmf.com\/portal\/#organization"},"alternateName":"WMCMF","potentialAction":[{"@type":"SearchAction","target":{"@type":"EntryPoint","urlTemplate":"https:\/\/webdelmaestrocmf.com\/portal\/?s={search_term_string}"},"query-input":{"@type":"PropertyValueSpecification","valueRequired":true,"valueName":"search_term_string"}}],"inLanguage":"es"},{"@type":"Organization","@id":"https:\/\/webdelmaestrocmf.com\/portal\/#organization","name":"Web del Maestro CMF","alternateName":"WMCMF","url":"https:\/\/webdelmaestrocmf.com\/portal\/","logo":{"@type":"ImageObject","inLanguage":"es","@id":"https:\/\/webdelmaestrocmf.com\/portal\/#\/schema\/logo\/image\/","url":"https:\/\/webdelmaestrocmf.com\/portal\/wp-content\/uploads\/2023\/01\/logo-wmcmf-2.png","contentUrl":"https:\/\/webdelmaestrocmf.com\/portal\/wp-content\/uploads\/2023\/01\/logo-wmcmf-2.png","width":200,"height":60,"caption":"Web del Maestro CMF"},"image":{"@id":"https:\/\/webdelmaestrocmf.com\/portal\/#\/schema\/logo\/image\/"},"sameAs":["https:\/\/www.facebook.com\/WebdelMaestroCMF\/","https:\/\/x.com\/cmf_w","https:\/\/www.pinterest.com\/WMCMF\/","https:\/\/www.linkedin.com\/company\/web-del-maestro-cmf\/","https:\/\/www.instagram.com\/wmcmf\/","https:\/\/www.youtube.com\/channel\/UCDPSvjbdodE5sHnC3OxutHw","https:\/\/mastodon.social\/@wmcmf","https:\/\/www.tiktok.com\/@webdelmaestrocmf"]},{"@type":"Person","@id":"https:\/\/webdelmaestrocmf.com\/portal\/#\/schema\/person\/ebc57e23d318c9c4270c6f41367015b5","name":"Web del Maestro CMF","image":{"@type":"ImageObject","inLanguage":"es","@id":"https:\/\/secure.gravatar.com\/avatar\/718b2df46e711f63dc8c16a160d16cc0104e961fe3c231eaaed2426975fc5e2d?s=96&d=mm&r=g","url":"https:\/\/secure.gravatar.com\/avatar\/718b2df46e711f63dc8c16a160d16cc0104e961fe3c231eaaed2426975fc5e2d?s=96&d=mm&r=g","contentUrl":"https:\/\/secure.gravatar.com\/avatar\/718b2df46e711f63dc8c16a160d16cc0104e961fe3c231eaaed2426975fc5e2d?s=96&d=mm&r=g","caption":"Web del Maestro CMF"},"description":"Esta Web se cre\u00f3 sin fines de lucro, con fines educativos, cient\u00edficos y acad\u00e9micos, para personas que tengan dificultades y\/o inconvenientes en visualizar el material original. El objetivo es entregar recursos, compartir experiencias y materiales que ayuden a los padres de familia, maestros y estudiantes en su actualizaci\u00f3n y formaci\u00f3n permanente, en bien de la Educaci\u00f3n.","sameAs":["http:\/\/webdelmaestrocmf.com\/portal","https:\/\/www.facebook.com\/WebdelMaestroCMF\/","https:\/\/www.instagram.com\/wmcmf\/","https:\/\/cl.linkedin.com\/company\/web-del-maestro-cmf","https:\/\/www.pinterest.com\/WMCMF\/publicaciones\/","https:\/\/x.com\/cmf_w","https:\/\/www.youtube.com\/@WMCMF"]}]}},"jetpack_featured_media_url":"https:\/\/webdelmaestrocmf.com\/portal\/wp-content\/uploads\/2017\/06\/a2-2.jpg","jetpack_sharing_enabled":true,"jetpack-related-posts":[{"id":25987,"url":"https:\/\/webdelmaestrocmf.com\/portal\/de-que-sirve-el-profesor-y-umberto-eco-respondio-respondio\/","url_meta":{"origin":19407,"position":0},"title":"Umberto Eco: \u00bfDe qu\u00e9 sirve el profesor?","author":"Web del Maestro CMF","date":"12 noviembre, 2024","format":false,"excerpt":"El escritor, cr\u00edtico literario y profesor de semi\u00f3tica Umberto Eco naci\u00f3 el 5 de enero de 1932 en Alessandria, una localidad cercana a Tur\u00edn (Italia). Era hijo de Giovanna Bisio y del contable Giulio Eco. Fallece el19 de febrero de 2016. Tras terminar sus estudios secundarios, Eco se traslad\u00f3 a\u2026","rel":"","context":"En \u00abEntrevistas\u00bb","block_context":{"text":"Entrevistas","link":"https:\/\/webdelmaestrocmf.com\/portal\/category\/noticias\/entrevistas\/"},"img":{"alt_text":"","src":"https:\/\/i0.wp.com\/webdelmaestrocmf.com\/portal\/wp-content\/uploads\/2018\/01\/Banner-1-portada-imagen-10-1-3.jpg?resize=350%2C200&ssl=1","width":350,"height":200,"srcset":"https:\/\/i0.wp.com\/webdelmaestrocmf.com\/portal\/wp-content\/uploads\/2018\/01\/Banner-1-portada-imagen-10-1-3.jpg?resize=350%2C200&ssl=1 1x, https:\/\/i0.wp.com\/webdelmaestrocmf.com\/portal\/wp-content\/uploads\/2018\/01\/Banner-1-portada-imagen-10-1-3.jpg?resize=525%2C300&ssl=1 1.5x, https:\/\/i0.wp.com\/webdelmaestrocmf.com\/portal\/wp-content\/uploads\/2018\/01\/Banner-1-portada-imagen-10-1-3.jpg?resize=700%2C400&ssl=1 2x"},"classes":[]},{"id":33383,"url":"https:\/\/webdelmaestrocmf.com\/portal\/libro-gratuito-gigantes-de-la-educacion-soluciones-innovadoras-para-mejorar-la-educacion-video-audio-y-pdf\/","url_meta":{"origin":19407,"position":1},"title":"Libro gratuito: Gigantes de la educaci\u00f3n. Soluciones innovadoras para mejorar la educaci\u00f3n (Video\/ Audio y PDF)","author":"Web del Maestro CMF","date":"27 noviembre, 2018","format":false,"excerpt":"El libro GIGANTES DE LA EDUCACI\u00d3N. LO QUE NO DICEN LOS RANKINGS, escrito por Lola Garci\u0301a-Ajofri\u0301n, periodista espa\u00f1ola licenciada por la Universidad Complutense de Madrid y especializada en el campo de la educaci\u00f3n en el \u00e1mbito internacional, nos comparte experiencias educativas de diversas partes del mundo, (USA, Afganist\u00e1n, Corea del\u2026","rel":"","context":"En \u00abLibros\u00bb","block_context":{"text":"Libros","link":"https:\/\/webdelmaestrocmf.com\/portal\/category\/pedagogia\/libros\/"},"img":{"alt_text":"","src":"https:\/\/i0.wp.com\/webdelmaestrocmf.com\/portal\/wp-content\/uploads\/2018\/11\/1-118.jpg?resize=350%2C200&ssl=1","width":350,"height":200,"srcset":"https:\/\/i0.wp.com\/webdelmaestrocmf.com\/portal\/wp-content\/uploads\/2018\/11\/1-118.jpg?resize=350%2C200&ssl=1 1x, https:\/\/i0.wp.com\/webdelmaestrocmf.com\/portal\/wp-content\/uploads\/2018\/11\/1-118.jpg?resize=525%2C300&ssl=1 1.5x, https:\/\/i0.wp.com\/webdelmaestrocmf.com\/portal\/wp-content\/uploads\/2018\/11\/1-118.jpg?resize=700%2C400&ssl=1 2x, https:\/\/i0.wp.com\/webdelmaestrocmf.com\/portal\/wp-content\/uploads\/2018\/11\/1-118.jpg?resize=1050%2C600&ssl=1 3x"},"classes":[]},{"id":18281,"url":"https:\/\/webdelmaestrocmf.com\/portal\/la-idea-no-todos-hagan-lo-uno-pueda-escoger-aprender\/","url_meta":{"origin":19407,"position":2},"title":"LA IDEA ES QUE NO TODOS HAGAN LO MISMO, QUE CADA UNO PUEDA ESCOGER QU\u00c9 APRENDER","author":"Web del Maestro CMF","date":"14 mayo, 2017","format":false,"excerpt":"Este mes en la revista REDES para la ciencia entrevisto a Roger Schank, un personaje divertido y bonach\u00f3n, con el que hab\u00e9 de educaci\u00f3n emocional. Nos pasamos media vida memorizando cosas que poco despue\u0301s somos incapaces de recordar. Para Roger C. Schank eso es una pe\u0301rdida de tiempo y de\u2026","rel":"","context":"En \u00abSin categor\u00eda\u00bb","block_context":{"text":"Sin categor\u00eda","link":"https:\/\/webdelmaestrocmf.com\/portal\/category\/sin-categoria-es\/"},"img":{"alt_text":"","src":"https:\/\/i0.wp.com\/webdelmaestrocmf.com\/portal\/wp-content\/uploads\/2017\/05\/Roger-Schank-2.jpg?resize=350%2C200&ssl=1","width":350,"height":200,"srcset":"https:\/\/i0.wp.com\/webdelmaestrocmf.com\/portal\/wp-content\/uploads\/2017\/05\/Roger-Schank-2.jpg?resize=350%2C200&ssl=1 1x, https:\/\/i0.wp.com\/webdelmaestrocmf.com\/portal\/wp-content\/uploads\/2017\/05\/Roger-Schank-2.jpg?resize=525%2C300&ssl=1 1.5x, https:\/\/i0.wp.com\/webdelmaestrocmf.com\/portal\/wp-content\/uploads\/2017\/05\/Roger-Schank-2.jpg?resize=700%2C400&ssl=1 2x"},"classes":[]},{"id":30932,"url":"https:\/\/webdelmaestrocmf.com\/portal\/todas-las-piedras-que-los-padres-tiran-sobre-el-tejado-de-la-escuela-caen-sobre-las-cabezas-de-sus-hijos\/","url_meta":{"origin":19407,"position":3},"title":"Miguel Santos: Todas las piedras que los padres tiran sobre el tejado de la escuela, caen sobre las cabezas de sus hijos","author":"Web del Maestro CMF","date":"17 mayo, 2019","format":false,"excerpt":"Miguel \u00c1ngel Santos Guerra revela una verdad inc\u00f3moda pero necesaria. La educaci\u00f3n no es responsabilidad exclusiva del docente, sino un proyecto compartido donde la coherencia entre hogar y aula resulta clave para el aprendizaje y la formaci\u00f3n integral.","rel":"","context":"En \u00abEntrevistas\u00bb","block_context":{"text":"Entrevistas","link":"https:\/\/webdelmaestrocmf.com\/portal\/category\/noticias\/entrevistas\/"},"img":{"alt_text":"","src":"https:\/\/i0.wp.com\/webdelmaestrocmf.com\/portal\/wp-content\/uploads\/2019\/05\/1AA-Banner-1-portada-imagen-10-1-copia-1.webp?resize=350%2C200&ssl=1","width":350,"height":200,"srcset":"https:\/\/i0.wp.com\/webdelmaestrocmf.com\/portal\/wp-content\/uploads\/2019\/05\/1AA-Banner-1-portada-imagen-10-1-copia-1.webp?resize=350%2C200&ssl=1 1x, https:\/\/i0.wp.com\/webdelmaestrocmf.com\/portal\/wp-content\/uploads\/2019\/05\/1AA-Banner-1-portada-imagen-10-1-copia-1.webp?resize=525%2C300&ssl=1 1.5x, https:\/\/i0.wp.com\/webdelmaestrocmf.com\/portal\/wp-content\/uploads\/2019\/05\/1AA-Banner-1-portada-imagen-10-1-copia-1.webp?resize=700%2C400&ssl=1 2x, https:\/\/i0.wp.com\/webdelmaestrocmf.com\/portal\/wp-content\/uploads\/2019\/05\/1AA-Banner-1-portada-imagen-10-1-copia-1.webp?resize=1050%2C600&ssl=1 3x"},"classes":[]},{"id":52330,"url":"https:\/\/webdelmaestrocmf.com\/portal\/salman-khan-el-trabajo-individual-con-cada-estudiante-es-lo-mejor-pero-cada-chico-tiene-un-nivel-distinto\/","url_meta":{"origin":19407,"position":4},"title":"Salman Khan: El trabajo individual con cada estudiante es lo mejor, pero cada chico tiene un nivel distinto","author":"Web del Maestro CMF","date":"1 octubre, 2020","format":false,"excerpt":"El profesor Salman Amin Khan (New Orleans, USA, 1976) estudi\u00f3 matem\u00e1ticas, ingenier\u00eda electr\u00f3nica y ciencias de la computaci\u00f3n, en el Instituto Tecnol\u00f3gico de Massachusetts (USA), donde obtuvo la licenciatura y una maestr\u00eda. Tambi\u00e9n posee una maestr\u00eda en administraci\u00f3n de empresas en la Universidad de Harvard (USA). Y es el creador\u2026","rel":"","context":"En \u00abEntrevistas\u00bb","block_context":{"text":"Entrevistas","link":"https:\/\/webdelmaestrocmf.com\/portal\/category\/noticias\/entrevistas\/"},"img":{"alt_text":"","src":"https:\/\/i0.wp.com\/webdelmaestrocmf.com\/portal\/wp-content\/uploads\/2020\/10\/2-copia.jpg?resize=350%2C200&ssl=1","width":350,"height":200,"srcset":"https:\/\/i0.wp.com\/webdelmaestrocmf.com\/portal\/wp-content\/uploads\/2020\/10\/2-copia.jpg?resize=350%2C200&ssl=1 1x, https:\/\/i0.wp.com\/webdelmaestrocmf.com\/portal\/wp-content\/uploads\/2020\/10\/2-copia.jpg?resize=525%2C300&ssl=1 1.5x, https:\/\/i0.wp.com\/webdelmaestrocmf.com\/portal\/wp-content\/uploads\/2020\/10\/2-copia.jpg?resize=700%2C400&ssl=1 2x, https:\/\/i0.wp.com\/webdelmaestrocmf.com\/portal\/wp-content\/uploads\/2020\/10\/2-copia.jpg?resize=1050%2C600&ssl=1 3x"},"classes":[]},{"id":88485,"url":"https:\/\/webdelmaestrocmf.com\/portal\/un-estudiante-de-13-anos-mata-a-tiros-a-ocho-alumnos-y-un-vigilante-en-un-colegio-de-serbia\/","url_meta":{"origin":19407,"position":5},"title":"Un estudiante de 13 a\u00f1os mata a tiros a ocho alumnos y un vigilante en un colegio de Serbia","author":"Web del Maestro CMF","date":"4 mayo, 2023","format":false,"excerpt":"Primero dispar\u00f3 contra el vigilante del colegio, que intent\u00f3 interponerse en su camino. Una vez muerto, dispar\u00f3 a tres ni\u00f1as en un pasillo del centro escolar. Luego abri\u00f3 fuego contra su profesora y contra los compa\u00f1eros de su clase. En total, en esta jornada tr\u00e1gica en Belgrado, capital de Serbia,\u2026","rel":"","context":"En \u00abNoticias\u00bb","block_context":{"text":"Noticias","link":"https:\/\/webdelmaestrocmf.com\/portal\/category\/pedagogia\/noticias-pedagogia\/"},"img":{"alt_text":"","src":"https:\/\/i0.wp.com\/webdelmaestrocmf.com\/portal\/wp-content\/uploads\/2021\/02\/luto.jpg?resize=350%2C200&ssl=1","width":350,"height":200,"srcset":"https:\/\/i0.wp.com\/webdelmaestrocmf.com\/portal\/wp-content\/uploads\/2021\/02\/luto.jpg?resize=350%2C200&ssl=1 1x, https:\/\/i0.wp.com\/webdelmaestrocmf.com\/portal\/wp-content\/uploads\/2021\/02\/luto.jpg?resize=525%2C300&ssl=1 1.5x, https:\/\/i0.wp.com\/webdelmaestrocmf.com\/portal\/wp-content\/uploads\/2021\/02\/luto.jpg?resize=700%2C400&ssl=1 2x, https:\/\/i0.wp.com\/webdelmaestrocmf.com\/portal\/wp-content\/uploads\/2021\/02\/luto.jpg?resize=1050%2C600&ssl=1 3x"},"classes":[]}],"_links":{"self":[{"href":"https:\/\/webdelmaestrocmf.com\/portal\/wp-json\/wp\/v2\/posts\/19407","targetHints":{"allow":["GET"]}}],"collection":[{"href":"https:\/\/webdelmaestrocmf.com\/portal\/wp-json\/wp\/v2\/posts"}],"about":[{"href":"https:\/\/webdelmaestrocmf.com\/portal\/wp-json\/wp\/v2\/types\/post"}],"author":[{"embeddable":true,"href":"https:\/\/webdelmaestrocmf.com\/portal\/wp-json\/wp\/v2\/users\/2"}],"replies":[{"embeddable":true,"href":"https:\/\/webdelmaestrocmf.com\/portal\/wp-json\/wp\/v2\/comments?post=19407"}],"version-history":[{"count":0,"href":"https:\/\/webdelmaestrocmf.com\/portal\/wp-json\/wp\/v2\/posts\/19407\/revisions"}],"wp:featuredmedia":[{"embeddable":true,"href":"https:\/\/webdelmaestrocmf.com\/portal\/wp-json\/wp\/v2\/media\/69797"}],"wp:attachment":[{"href":"https:\/\/webdelmaestrocmf.com\/portal\/wp-json\/wp\/v2\/media?parent=19407"}],"wp:term":[{"taxonomy":"category","embeddable":true,"href":"https:\/\/webdelmaestrocmf.com\/portal\/wp-json\/wp\/v2\/categories?post=19407"},{"taxonomy":"post_tag","embeddable":true,"href":"https:\/\/webdelmaestrocmf.com\/portal\/wp-json\/wp\/v2\/tags?post=19407"}],"curies":[{"name":"wp","href":"https:\/\/api.w.org\/{rel}","templated":true}]}}