{"id":19369,"date":"2024-01-19T11:00:48","date_gmt":"2024-01-19T14:00:48","guid":{"rendered":"http:\/\/webdelmaestrocmf.com\/portal\/?p=19369"},"modified":"2024-01-19T11:21:43","modified_gmt":"2024-01-19T14:21:43","slug":"educacion-basada-competencias","status":"publish","type":"post","link":"https:\/\/webdelmaestrocmf.com\/portal\/educacion-basada-competencias\/","title":{"rendered":"Libro de Educaci\u00f3n Basada en Competencias (EBC)"},"content":{"rendered":"<p style=\"text-align: justify;\"><strong>La Educaci\u00f3n Basada en Competencias (EBC) es un enfoque educativo que se centra en el desarrollo de competencias espec\u00edficas en los estudiantes en lugar de simplemente transmitir conocimientos te\u00f3ricos. Las competencias son habilidades pr\u00e1cticas, conocimientos aplicables y capacidades que los estudiantes adquieren a lo largo de su educaci\u00f3n y que les permiten enfrentar situaciones del mundo real de manera efectiva.<\/strong><!--more--><\/p>\n<p style=\"text-align: justify;\">Actualmente existe un gran desfase entre lo que el mercado laboral demanda de un egresado y lo que la educaci\u00f3n tradicional est\u00e1 proporcionando. El t\u00e9rmino competencias empez\u00f3 a ser utilizado en el \u00e1mbito laboral sin embargo, en a\u00f1os recientes este concepto ha tomado mayor relevancia dentro del \u00e1mbito educativo debido a su gran potencial para transformar y hacer m\u00e1s eficiente el proceso de aprendizaje.<\/p>\n<p>Art\u00edculo relacionado: <a href=\"https:\/\/webdelmaestrocmf.com\/portal\/14-tendencias-educativas-guias-descargables\/\" target=\"_top\" rel=\"noopener\">14 tendencias educativas \u2013 Gu\u00edas descargables<\/a><\/p>\n<p style=\"text-align: justify;\">La <strong>Educaci\u00f3n Basada en Competencias (EBC)<\/strong>, a diferencia del modelo tradicional, no se basa en el sistema de cr\u00e9ditos por horas para la obtenci\u00f3n de grados o certificaciones, sino que se trata de un enfoque m\u00e1s hol\u00edstico de la educaci\u00f3n. En esta edici\u00f3n analizamos esta tendencia que amenaza con abatir la hora cr\u00e9dito y la educaci\u00f3n tal y como la conocemos.<\/p>\n<p>En esta edici\u00f3n podr\u00e1s encontrar:<\/p>\n<ul>\n<li>\u00bfC\u00f3mo funciona la educaci\u00f3n basada en competencias?<\/li>\n<li>Rol del profesor en la EBC.<\/li>\n<li>Casos relevantes.<\/li>\n<li>\u00bfHacia d\u00f3nde se dirige esta tendencia?<\/li>\n<li>Desaf\u00edos.<\/li>\n<li>Acciones recomendadas para docentes y l\u00edderes acad\u00e9micos.<\/li>\n<\/ul>\n<p>Compartimos la publicaci\u00f3n del blog<strong> REPORTES EDU TRENDS<\/strong>\u00a0con fines \u00fanicamente educativos &#8211; pastorales y esperamos que puedan aprovechar el material pedag\u00f3gico.<\/p>\n<h2 style=\"text-align: left;\"><strong>Educaci\u00f3n Basada\u00a0en Competencias (EBC)<\/strong><\/h2>\n<p style=\"text-align: justify;\">Es un modelo educativo centrado en el estudiante, se enfoca en el desarrollo de competencias en los estudiantes y en la demostraci\u00f3n de su dominio. El resultado de aprendizaje es lo central y el tiempo\u00a0para lograrlo es variable.<\/p>\n<p style=\"text-align: justify;\">El t\u00e9rmino competencias se ha utilizado desde 1970 en el \u00e1mbito laboral, asoci\u00e1ndolo generalmente al desarrollo de las habilidades que requiere un profesionista para desempe\u00f1ar un trabajo. Sin embargo, fue hasta 1980 que el t\u00e9rmino empez\u00f3 a ser utilizado en el \u00e1mbito de la educaci\u00f3n, y a partir de 1990, se comenz\u00f3 a elaborar modelos para implementar competencias en diferentes niveles educativos, hasta abarcar todos los niveles. En a\u00f1os recientes este concepto ha tomado mayor\u00a0relevancia dentro del \u00e1mbito educativo, por su gran potencial para transformar y hacer m\u00e1s eficiente el proceso de aprendizaje.<\/p>\n<p><img loading=\"lazy\" decoding=\"async\" class=\"alignnone size-full wp-image-102796\" src=\"https:\/\/webdelmaestrocmf.com\/portal\/wp-content\/uploads\/2019\/12\/Banner-1-portada-imagen-10-33.jpg\" alt=\"\" width=\"1024\" height=\"1024\" srcset=\"https:\/\/webdelmaestrocmf.com\/portal\/wp-content\/uploads\/2019\/12\/Banner-1-portada-imagen-10-33.jpg 1024w, https:\/\/webdelmaestrocmf.com\/portal\/wp-content\/uploads\/2019\/12\/Banner-1-portada-imagen-10-33-300x300.jpg 300w, https:\/\/webdelmaestrocmf.com\/portal\/wp-content\/uploads\/2019\/12\/Banner-1-portada-imagen-10-33-150x150.jpg 150w, https:\/\/webdelmaestrocmf.com\/portal\/wp-content\/uploads\/2019\/12\/Banner-1-portada-imagen-10-33-768x768.jpg 768w, https:\/\/webdelmaestrocmf.com\/portal\/wp-content\/uploads\/2019\/12\/Banner-1-portada-imagen-10-33-80x80.jpg 80w, https:\/\/webdelmaestrocmf.com\/portal\/wp-content\/uploads\/2019\/12\/Banner-1-portada-imagen-10-33-110x110.jpg 110w, https:\/\/webdelmaestrocmf.com\/portal\/wp-content\/uploads\/2019\/12\/Banner-1-portada-imagen-10-33-380x380.jpg 380w, https:\/\/webdelmaestrocmf.com\/portal\/wp-content\/uploads\/2019\/12\/Banner-1-portada-imagen-10-33-550x550.jpg 550w, https:\/\/webdelmaestrocmf.com\/portal\/wp-content\/uploads\/2019\/12\/Banner-1-portada-imagen-10-33-800x800.jpg 800w\" sizes=\"auto, (max-width: 1024px) 100vw, 1024px\" \/><\/p>\n<p>Art\u00edculo relacionado: <a href=\"https:\/\/webdelmaestrocmf.com\/portal\/estos-son-los-modelos-de-aprendizaje-mas-destacados-cual-le-gustaria-aplicar\/\" target=\"_blank\" rel=\"noopener\">Estos son los modelos de aprendizaje m\u00e1s destacados \u00bfCu\u00e1l le gustar\u00eda aplicar?<\/a><\/p>\n<h2 style=\"text-align: left;\"><strong>Beneficios de la EBC<\/strong><\/h2>\n<h3 style=\"padding-left: 40px; text-align: left;\"><strong>1 . Enfoque en las necesidades de la sociedad y el mundo laboral<\/strong><\/h3>\n<p style=\"text-align: justify; padding-left: 40px;\">El modelo de EBC se concentra en conectar la formaci\u00f3n y el aprendizaje del estudiante con el mundo laboral para responder a las demandas de la sociedad en permanente transformaci\u00f3n, as\u00ed como tambi\u00e9n responder a las necesidades del sector productivo (Tuning, 2007).<\/p>\n<h3 style=\"padding-left: 40px; text-align: left;\"><strong>2. Reconocimiento de aprendizajes previos<\/strong><\/h3>\n<p style=\"text-align: justify; padding-left: 40px;\">Los programas educativos basados en competencias en su mayor\u00eda permiten a los alumnos utilizar conocimiento previo adquirido fuera de un sal\u00f3n de clases, con el fin de acelerar su proceso educativo\u00a0(Degree Prospects, 2015). Esto permite a los estudiantes seleccionar las \u00e1reas en las cu\u00e1les necesitan mejorar sin necesidad de seguir un programa riguroso.<\/p>\n<h3 style=\"padding-left: 40px; text-align: left;\"><strong>3. Flexibilidad y accesibilidad<\/strong><\/h3>\n<p style=\"text-align: justify; padding-left: 40px;\">El modelo EBC se enfoca en el aprendizaje y no en el tiempo invertido para completar cr\u00e9ditos; por lo que\u00a0los estudiantes no tienen que seguir programas acad\u00e9micos r\u00edgidos en contenido, ni tampoco en periodos\u00a0de tiempo predefinidos como semestres, trimestres, etc. (Degree Prospects, 2015). Tambi\u00e9n ofrece un\u00a0camino m\u00e1s eficiente y potencialmente m\u00e1s barato para la obtenci\u00f3n de grados acad\u00e9micos, nuevas competencias y mayor empleabilidad (Blot en PR, N., 2014c; Everhart, 2014e).<\/p>\n<h3 style=\"padding-left: 40px; text-align: left;\"><strong>4. Autogesti\u00f3n del aprendizaje<\/strong><\/h3>\n<p style=\"text-align: justify; padding-left: 40px;\">El modelo EBC permite mejorar la capacidad de los estudiantes para reconocer, gestionar y construir continuamente sus propias competencias (Everhart, 2014e). Tambi\u00e9n permite a los estudiantes evaluar y mejorar su desempe\u00f1o, interpretar situaciones, resolver problemas y realizar acciones innovadoras. (Tuning, 2007).<\/p>\n<h3 style=\"padding-left: 40px; text-align: left;\"><strong>5. Transparencia en las capacidades de los egresados<\/strong><\/h3>\n<p style=\"text-align: justify; padding-left: 40px;\">El modelo EBC permite comunicar eficazmente lo que los estudiantes saben y pueden hacer (Klein-Collins, 2012). Esto proporciona a los empleadores una mayor comprensi\u00f3n de los resultados de aprendizaje de los estudiantes (Everhart, 2014e). El modelo utiliza mecanismos de evaluaci\u00f3n que demuestra el logro de las competencias y asume que el aprendizaje se adquiere simplemente porque el estudiante tom\u00f3 un cierto n\u00famero y serie de cursos.<\/p>\n<h3 style=\"padding-left: 40px; text-align: left;\"><strong>6. Formaci\u00f3n integral y transversal<\/strong><\/h3>\n<p style=\"text-align: justify; padding-left: 40px;\">La EBC busca preparar a los estudiantes de manera integral desarrollando competencias que ser\u00e1n \u00fatiles en un contexto general como el acceso al empleo y el ejercicio de una ciudadan\u00eda responsable; a trav\u00e9s de\u00a0competencias como: pensamiento l\u00f3gico, autoaprendizaje, manejo de la comunicaci\u00f3n verbal y el lenguaje, la creatividad, la empat\u00eda, as\u00ed como tambi\u00e9n una conducta \u00e9tica (Tuning, 2007).<\/p>\n<h3 style=\"padding-left: 40px; text-align: left;\"><strong>7. Desarrollo de nuevas competencias docentes<\/strong><\/h3>\n<p style=\"text-align: justify; padding-left: 40px;\">La EBC impulsa el continuo desarrollo pedag\u00f3gico y profesional de la planta docente (Tuning, 2007). Un elemento esencial es la redefinici\u00f3n y la expansi\u00f3n del rol de los profesores en el aprendizaje de los\u00a0estudiantes (Anderson, 2013). La adopci\u00f3n de este modelo en una instituci\u00f3n, crear\u00eda una nueva generaci\u00f3n de profesores preparados para destacar en ambientes de aprendizaje donde los estudiantes se involucran\u00a0en el desarrollo de competencias de aprendizaje m\u00e1s profundas (Cator, Schneider y Vander Ark, 2014).<\/p>\n<p><img loading=\"lazy\" decoding=\"async\" class=\"alignnone size-full wp-image-102798\" src=\"https:\/\/webdelmaestrocmf.com\/portal\/wp-content\/uploads\/2019\/12\/Banner-1-portada-imagen-11-1.jpg\" alt=\"Educaci\u00f3n Basada en Competencias EBC\" width=\"1024\" height=\"1024\" srcset=\"https:\/\/webdelmaestrocmf.com\/portal\/wp-content\/uploads\/2019\/12\/Banner-1-portada-imagen-11-1.jpg 1024w, https:\/\/webdelmaestrocmf.com\/portal\/wp-content\/uploads\/2019\/12\/Banner-1-portada-imagen-11-1-300x300.jpg 300w, https:\/\/webdelmaestrocmf.com\/portal\/wp-content\/uploads\/2019\/12\/Banner-1-portada-imagen-11-1-150x150.jpg 150w, https:\/\/webdelmaestrocmf.com\/portal\/wp-content\/uploads\/2019\/12\/Banner-1-portada-imagen-11-1-768x768.jpg 768w, https:\/\/webdelmaestrocmf.com\/portal\/wp-content\/uploads\/2019\/12\/Banner-1-portada-imagen-11-1-80x80.jpg 80w, https:\/\/webdelmaestrocmf.com\/portal\/wp-content\/uploads\/2019\/12\/Banner-1-portada-imagen-11-1-110x110.jpg 110w, https:\/\/webdelmaestrocmf.com\/portal\/wp-content\/uploads\/2019\/12\/Banner-1-portada-imagen-11-1-380x380.jpg 380w, https:\/\/webdelmaestrocmf.com\/portal\/wp-content\/uploads\/2019\/12\/Banner-1-portada-imagen-11-1-550x550.jpg 550w, https:\/\/webdelmaestrocmf.com\/portal\/wp-content\/uploads\/2019\/12\/Banner-1-portada-imagen-11-1-800x800.jpg 800w\" sizes=\"auto, (max-width: 1024px) 100vw, 1024px\" \/><\/p>\n<p>Art\u00edculo relacionado: <a href=\"https:\/\/webdelmaestrocmf.com\/portal\/las-habilidades-necesarias-para-ser-competente-en-el-siglo-xxi\/\" target=\"_blank\" rel=\"noopener\">Las habilidades necesarias para ser competente en el siglo XXI<\/a><\/p>\n<p><strong>Este contenido ha sido publicado originalmente por Reportes Edu Trends en el siguiente direcci\u00f3n:\u00a0<a href=\"http:\/\/observatorio.itesm.mx\/\" target=\"_blank\" rel=\"noopener noreferrer\">observatorio.itesm.mx<\/a><\/strong><\/p>\n<p style=\"text-align: center;\">Recomendamos a la Comunidad Educativa Digital tener en cuenta que, el enlace y\/o la carpeta en donde est\u00e1n alojados los libros, recursos y\/o materiales, no es administrado por la Web del Maestro CMF, pueda ser que en cuesti\u00f3n de d\u00edas (o seg\u00fan el tiempo transcurrido desde su publicaci\u00f3n), los enlaces no funcionen y el material ya no se encuentre disponible. Gracias por su comprensi\u00f3n.<\/p>\n<p style=\"text-align: center;\"><strong>ENLACE DE LECTURA:<\/strong> <a href=\"https:\/\/drive.google.com\/open?id=0B09ALcQG8dKvNFpJNGVjdHdiNjQ\" target=\"_blank\" rel=\"nofollow noopener noreferrer\">LIBRO EDUCACI\u00d3N BASADO EN COMPETENCIAS<\/a> |\u00a0<a href=\"http:\/\/memoriascimted.com\/wp-content\/uploads\/2017\/01\/Libro-CIEBC2018.pdf\" target=\"_blank\" rel=\"nofollow noopener noreferrer\">EDUCACI\u00d3N POR COMPETENCIAS<\/a><\/p>\n\t\t<div class=\"pk-inline-posts\">\n\t\t\t\n\t\t\t<div class=\"pk-inline-posts-container pk-inline-posts-template-list\"\n\t\t\t\tdata-columns=\"1\">\n\t\t\t\t\t\t<article id=\"post-118051\" class=\"post-118051 post type-post status-publish format-standard has-post-thumbnail category-lectoescritura category-leer category-libros category-pedagogia tag-aula tag-comprension-lectora tag-creatividad tag-dia-del-libro tag-docentes tag-fichas-educativas tag-lectura tag-manualidades tag-material-didactico tag-recursos-educativos cs-entry cs-video-wrap\">\n\t\t\t<div class=\"pk-post-outer\">\n\n\t\t\t\t\t\t\t\t<div class=\"pk-post-inner\">\n\t\t\t\t\t<div class=\"entry-thumbnail\">\n\t\t\t\t\t\t<div class=\"pk-overlay pk-overlay-ratio pk-ratio-landscape\">\n\t\t\t\t\t\t\t<div class=\"pk-overlay-background\">\n\t\t\t\t\t\t\t\t<a href=\"https:\/\/webdelmaestrocmf.com\/portal\/dia-del-libro-23-de-abril-descarga-las-actividades-recursos-fichas-manualidades-y-materiales-motivadores-para-transformar-la-lectura-en-el-aula\/\" class=\"pk-overlay-link\">\n\t\t\t\t\t\t\t\t\t<img loading=\"lazy\" decoding=\"async\" width=\"300\" height=\"225\" src=\"https:\/\/webdelmaestrocmf.com\/portal\/wp-content\/uploads\/2026\/04\/1AA-Banner-1-portada-imagen-10-1-copia-23-300x225.webp\" class=\"attachment-pk-thumbnail size-pk-thumbnail wp-post-image\" alt=\"\" \/>\t\t\t\t\t\t\t\t<\/a>\n\t\t\t\t\t\t\t<\/div>\n\t\t\t\t\t\t<\/div>\n\t\t\t\t\t<\/div>\n\t\t\t\t<\/div>\n\t\t\t\t\n\t\t\t\t<div class=\"pk-post-inner\">\n\t\t\t\t\t<header>\n\t\t\t\t\t\t<h3 class=\"pk-title\"><a href=\"https:\/\/webdelmaestrocmf.com\/portal\/dia-del-libro-23-de-abril-descarga-las-actividades-recursos-fichas-manualidades-y-materiales-motivadores-para-transformar-la-lectura-en-el-aula\/\" rel=\"bookmark\">D\u00eda del Libro (23 de abril): Descarga las actividades, recursos, fichas, manualidades, materiales y pulseras motivadores para transformar la lectura en el aula<\/a><\/h3>\t\t\t\t\t<\/header><!-- .entry-header -->\n\t\t\t\t<\/div><!-- .post-inner -->\n\n\t\t\t<\/div><!-- .post-outer -->\n\t\t<\/article>\n\t\t\t<article id=\"post-118127\" class=\"post-118127 post type-post status-publish format-standard has-post-thumbnail category-descarga category-libros category-pedagogia tag-aula tag-docentes tag-educacion-2 tag-evaluacion-2 tag-formacion-docente tag-innovacion-2 tag-inteligencia-artificial tag-planificacion-3 tag-recursos-educativos tag-tecnologia-educativa-2 cs-entry cs-video-wrap\">\n\t\t\t<div class=\"pk-post-outer\">\n\n\t\t\t\t\t\t\t\t<div class=\"pk-post-inner\">\n\t\t\t\t\t<div class=\"entry-thumbnail\">\n\t\t\t\t\t\t<div class=\"pk-overlay pk-overlay-ratio pk-ratio-landscape\">\n\t\t\t\t\t\t\t<div class=\"pk-overlay-background\">\n\t\t\t\t\t\t\t\t<a href=\"https:\/\/webdelmaestrocmf.com\/portal\/guia-completa-de-claude-que-es-esta-guia-y-por-que-es-relevante-para-los-docentes\/\" class=\"pk-overlay-link\">\n\t\t\t\t\t\t\t\t\t<img loading=\"lazy\" decoding=\"async\" width=\"300\" height=\"225\" src=\"https:\/\/webdelmaestrocmf.com\/portal\/wp-content\/uploads\/2026\/04\/1AA-Banner-1-portada-imagen-10-1-copia-32-300x225.webp\" class=\"attachment-pk-thumbnail size-pk-thumbnail wp-post-image\" alt=\"\" \/>\t\t\t\t\t\t\t\t<\/a>\n\t\t\t\t\t\t\t<\/div>\n\t\t\t\t\t\t<\/div>\n\t\t\t\t\t<\/div>\n\t\t\t\t<\/div>\n\t\t\t\t\n\t\t\t\t<div class=\"pk-post-inner\">\n\t\t\t\t\t<header>\n\t\t\t\t\t\t<h3 class=\"pk-title\"><a href=\"https:\/\/webdelmaestrocmf.com\/portal\/guia-completa-de-claude-que-es-esta-guia-y-por-que-es-relevante-para-los-docentes\/\" rel=\"bookmark\">Descarga la gu\u00eda completa de Claude en PDF: \u00bfQu\u00e9 es esta gu\u00eda y por qu\u00e9 es relevante para los docentes?<\/a><\/h3>\t\t\t\t\t<\/header><!-- .entry-header -->\n\t\t\t\t<\/div><!-- .post-inner -->\n\n\t\t\t<\/div><!-- .post-outer -->\n\t\t<\/article>\n\t\t\t<article id=\"post-98052\" class=\"post-98052 post type-post status-publish format-standard has-post-thumbnail category-educacion-emocional category-libros category-pedagogia tag-aula tag-beneficios-de-la-educacion-emocional tag-como-ensenar-educacion-emocional tag-educacion-emocional tag-educacion-emocional-en-el-aula tag-educacion-emocional-en-primaria tag-secundaria cs-entry cs-video-wrap\">\n\t\t\t<div class=\"pk-post-outer\">\n\n\t\t\t\t\t\t\t\t<div class=\"pk-post-inner\">\n\t\t\t\t\t<div class=\"entry-thumbnail\">\n\t\t\t\t\t\t<div class=\"pk-overlay pk-overlay-ratio pk-ratio-landscape\">\n\t\t\t\t\t\t\t<div class=\"pk-overlay-background\">\n\t\t\t\t\t\t\t\t<a href=\"https:\/\/webdelmaestrocmf.com\/portal\/educacion-emocional-por-que-es-importante-y-como-implementarla-en-primaria-y-secundaria\/\" class=\"pk-overlay-link\">\n\t\t\t\t\t\t\t\t\t<img loading=\"lazy\" decoding=\"async\" width=\"300\" height=\"225\" src=\"https:\/\/webdelmaestrocmf.com\/portal\/wp-content\/uploads\/2026\/03\/1AA-Banner-1-portada-imagen-10-1-copia-1-6-300x225.webp\" class=\"attachment-pk-thumbnail size-pk-thumbnail wp-post-image\" alt=\"\" \/>\t\t\t\t\t\t\t\t<\/a>\n\t\t\t\t\t\t\t<\/div>\n\t\t\t\t\t\t<\/div>\n\t\t\t\t\t<\/div>\n\t\t\t\t<\/div>\n\t\t\t\t\n\t\t\t\t<div class=\"pk-post-inner\">\n\t\t\t\t\t<header>\n\t\t\t\t\t\t<h3 class=\"pk-title\"><a href=\"https:\/\/webdelmaestrocmf.com\/portal\/educacion-emocional-por-que-es-importante-y-como-implementarla-en-primaria-y-secundaria\/\" rel=\"bookmark\">Educaci\u00f3n emocional: descarga el cuaderno de regulaci\u00f3n emocional para primaria, herramientas pr\u00e1cticas para secundaria y una gu\u00eda completa para el docente<\/a><\/h3>\t\t\t\t\t<\/header><!-- .entry-header -->\n\t\t\t\t<\/div><!-- .post-inner -->\n\n\t\t\t<\/div><!-- .post-outer -->\n\t\t<\/article>\n\t\t\t\t<\/div>\n\t\t<\/div>\n\t\t\n","protected":false},"excerpt":{"rendered":"La Educaci\u00f3n Basada en Competencias (EBC) es un enfoque educativo que se centra en el desarrollo de competencias&hellip;","protected":false},"author":1,"featured_media":102796,"comment_status":"open","ping_status":"open","sticky":false,"template":"","format":"standard","meta":{"csco_display_header_overlay":false,"csco_singular_sidebar":"default","csco_page_header_type":"default","csco_page_load_nextpost":"default","csco_post_video_location":[],"csco_post_video_location_hash":"","csco_post_video_url":"","csco_post_video_bg_start_time":0,"csco_post_video_bg_end_time":0,"csco_post_video_bg_volume":false,"_jetpack_memberships_contains_paid_content":false,"footnotes":""},"categories":[2268,139,504,735],"tags":[2319,82,22075,55,1760],"class_list":{"0":"post-19369","1":"post","2":"type-post","3":"status-publish","4":"format-standard","5":"has-post-thumbnail","7":"category-aprendizaje-competencias","8":"category-visitadas","9":"category-libros","10":"category-pedagogia","11":"tag-basada","12":"tag-competencias","13":"tag-ebc","14":"tag-educacion","15":"tag-libro","16":"cs-entry","17":"cs-video-wrap"},"yoast_head":"<!-- This site is optimized with the Yoast SEO plugin v27.5 - https:\/\/yoast.com\/product\/yoast-seo-wordpress\/ -->\n<title>Libro de Educaci\u00f3n Basada en Competencias (EBC)<\/title>\n<meta name=\"description\" content=\"La Educaci\u00f3n Basada en Competencias (EBC) es un enfoque educativo que se centra en el desarrollo de competencias espec\u00edficas...\" \/>\n<meta name=\"robots\" content=\"index, follow, max-snippet:-1, max-image-preview:large, max-video-preview:-1\" \/>\n<link rel=\"canonical\" href=\"https:\/\/webdelmaestrocmf.com\/portal\/educacion-basada-competencias\/\" \/>\n<meta property=\"og:locale\" content=\"es_ES\" \/>\n<meta property=\"og:type\" content=\"article\" \/>\n<meta property=\"og:title\" content=\"Libro de Educaci\u00f3n Basada en Competencias (EBC)\" \/>\n<meta property=\"og:description\" content=\"La Educaci\u00f3n Basada en Competencias (EBC) es un enfoque educativo que se centra en el desarrollo de competencias espec\u00edficas...\" \/>\n<meta property=\"og:url\" content=\"https:\/\/webdelmaestrocmf.com\/portal\/educacion-basada-competencias\/\" \/>\n<meta property=\"og:site_name\" content=\"Web del Maestro CMF\" \/>\n<meta property=\"article:publisher\" content=\"https:\/\/www.facebook.com\/WebdelMaestroCMF\/\" \/>\n<meta property=\"article:author\" content=\"https:\/\/www.facebook.com\/WebdelMaestroCMF\/\" \/>\n<meta property=\"article:published_time\" content=\"2024-01-19T14:00:48+00:00\" \/>\n<meta property=\"article:modified_time\" content=\"2024-01-19T14:21:43+00:00\" \/>\n<meta property=\"og:image\" content=\"https:\/\/webdelmaestrocmf.com\/portal\/wp-content\/uploads\/2019\/12\/Banner-1-portada-imagen-10-33.jpg\" \/>\n\t<meta property=\"og:image:width\" content=\"1024\" \/>\n\t<meta property=\"og:image:height\" content=\"1024\" \/>\n\t<meta property=\"og:image:type\" content=\"image\/jpeg\" \/>\n<meta name=\"author\" content=\"Web del Maestro CMF\" \/>\n<meta name=\"twitter:card\" content=\"summary_large_image\" \/>\n<meta name=\"twitter:creator\" content=\"@cmf_w\" \/>\n<meta name=\"twitter:site\" content=\"@cmf_w\" \/>\n<script type=\"application\/ld+json\" class=\"yoast-schema-graph\">{\"@context\":\"https:\\\/\\\/schema.org\",\"@graph\":[{\"@type\":\"ScholarlyArticle\",\"@id\":\"https:\\\/\\\/webdelmaestrocmf.com\\\/portal\\\/educacion-basada-competencias\\\/#article\",\"isPartOf\":{\"@id\":\"https:\\\/\\\/webdelmaestrocmf.com\\\/portal\\\/educacion-basada-competencias\\\/\"},\"author\":{\"name\":\"Web del Maestro CMF\",\"@id\":\"https:\\\/\\\/webdelmaestrocmf.com\\\/portal\\\/#\\\/schema\\\/person\\\/1072a2ed7bd960df8ef99a551fa35dc5\"},\"headline\":\"Libro de Educaci\u00f3n Basada en Competencias (EBC)\",\"datePublished\":\"2024-01-19T14:00:48+00:00\",\"dateModified\":\"2024-01-19T14:21:43+00:00\",\"mainEntityOfPage\":{\"@id\":\"https:\\\/\\\/webdelmaestrocmf.com\\\/portal\\\/educacion-basada-competencias\\\/\"},\"wordCount\":1047,\"commentCount\":1,\"publisher\":{\"@id\":\"https:\\\/\\\/webdelmaestrocmf.com\\\/portal\\\/#organization\"},\"image\":{\"@id\":\"https:\\\/\\\/webdelmaestrocmf.com\\\/portal\\\/educacion-basada-competencias\\\/#primaryimage\"},\"thumbnailUrl\":\"https:\\\/\\\/webdelmaestrocmf.com\\\/portal\\\/wp-content\\\/uploads\\\/2019\\\/12\\\/Banner-1-portada-imagen-10-33.jpg\",\"keywords\":[\"BASADA\",\"competencias\",\"EBC\",\"EDUCACI\u00d3N\",\"LIBRO\"],\"articleSection\":[\"Aprendizaje competencias\",\"Las m\u00e1s vistas\",\"Libros\",\"Recursos\"],\"inLanguage\":\"es\",\"potentialAction\":[{\"@type\":\"CommentAction\",\"name\":\"Comment\",\"target\":[\"https:\\\/\\\/webdelmaestrocmf.com\\\/portal\\\/educacion-basada-competencias\\\/#respond\"]}]},{\"@type\":\"WebPage\",\"@id\":\"https:\\\/\\\/webdelmaestrocmf.com\\\/portal\\\/educacion-basada-competencias\\\/\",\"url\":\"https:\\\/\\\/webdelmaestrocmf.com\\\/portal\\\/educacion-basada-competencias\\\/\",\"name\":\"Libro de Educaci\u00f3n Basada en Competencias (EBC)\",\"isPartOf\":{\"@id\":\"https:\\\/\\\/webdelmaestrocmf.com\\\/portal\\\/#website\"},\"primaryImageOfPage\":{\"@id\":\"https:\\\/\\\/webdelmaestrocmf.com\\\/portal\\\/educacion-basada-competencias\\\/#primaryimage\"},\"image\":{\"@id\":\"https:\\\/\\\/webdelmaestrocmf.com\\\/portal\\\/educacion-basada-competencias\\\/#primaryimage\"},\"thumbnailUrl\":\"https:\\\/\\\/webdelmaestrocmf.com\\\/portal\\\/wp-content\\\/uploads\\\/2019\\\/12\\\/Banner-1-portada-imagen-10-33.jpg\",\"datePublished\":\"2024-01-19T14:00:48+00:00\",\"dateModified\":\"2024-01-19T14:21:43+00:00\",\"description\":\"La Educaci\u00f3n Basada en Competencias (EBC) es un enfoque educativo que se centra en el desarrollo de competencias espec\u00edficas...\",\"breadcrumb\":{\"@id\":\"https:\\\/\\\/webdelmaestrocmf.com\\\/portal\\\/educacion-basada-competencias\\\/#breadcrumb\"},\"inLanguage\":\"es\",\"potentialAction\":[{\"@type\":\"ReadAction\",\"target\":[\"https:\\\/\\\/webdelmaestrocmf.com\\\/portal\\\/educacion-basada-competencias\\\/\"]}]},{\"@type\":\"ImageObject\",\"inLanguage\":\"es\",\"@id\":\"https:\\\/\\\/webdelmaestrocmf.com\\\/portal\\\/educacion-basada-competencias\\\/#primaryimage\",\"url\":\"https:\\\/\\\/webdelmaestrocmf.com\\\/portal\\\/wp-content\\\/uploads\\\/2019\\\/12\\\/Banner-1-portada-imagen-10-33.jpg\",\"contentUrl\":\"https:\\\/\\\/webdelmaestrocmf.com\\\/portal\\\/wp-content\\\/uploads\\\/2019\\\/12\\\/Banner-1-portada-imagen-10-33.jpg\",\"width\":1024,\"height\":1024,\"caption\":\"Educaci\u00f3n Basada en Competencias EBC\"},{\"@type\":\"BreadcrumbList\",\"@id\":\"https:\\\/\\\/webdelmaestrocmf.com\\\/portal\\\/educacion-basada-competencias\\\/#breadcrumb\",\"itemListElement\":[{\"@type\":\"ListItem\",\"position\":1,\"name\":\"Portada\",\"item\":\"https:\\\/\\\/webdelmaestrocmf.com\\\/portal\\\/\"},{\"@type\":\"ListItem\",\"position\":2,\"name\":\"Recursos\",\"item\":\"https:\\\/\\\/webdelmaestrocmf.com\\\/portal\\\/category\\\/pedagogia\\\/\"},{\"@type\":\"ListItem\",\"position\":3,\"name\":\"Libros\",\"item\":\"https:\\\/\\\/webdelmaestrocmf.com\\\/portal\\\/category\\\/pedagogia\\\/libros\\\/\"},{\"@type\":\"ListItem\",\"position\":4,\"name\":\"Libro de Educaci\u00f3n Basada en Competencias (EBC)\"}]},{\"@type\":\"WebSite\",\"@id\":\"https:\\\/\\\/webdelmaestrocmf.com\\\/portal\\\/#website\",\"url\":\"https:\\\/\\\/webdelmaestrocmf.com\\\/portal\\\/\",\"name\":\"Web del Maestro CMF\",\"description\":\"Maestros al servicio de la educaci\u00f3n\",\"publisher\":{\"@id\":\"https:\\\/\\\/webdelmaestrocmf.com\\\/portal\\\/#organization\"},\"alternateName\":\"WMCMF\",\"potentialAction\":[{\"@type\":\"SearchAction\",\"target\":{\"@type\":\"EntryPoint\",\"urlTemplate\":\"https:\\\/\\\/webdelmaestrocmf.com\\\/portal\\\/?s={search_term_string}\"},\"query-input\":{\"@type\":\"PropertyValueSpecification\",\"valueRequired\":true,\"valueName\":\"search_term_string\"}}],\"inLanguage\":\"es\"},{\"@type\":\"Organization\",\"@id\":\"https:\\\/\\\/webdelmaestrocmf.com\\\/portal\\\/#organization\",\"name\":\"Web del Maestro CMF\",\"alternateName\":\"WMCMF\",\"url\":\"https:\\\/\\\/webdelmaestrocmf.com\\\/portal\\\/\",\"logo\":{\"@type\":\"ImageObject\",\"inLanguage\":\"es\",\"@id\":\"https:\\\/\\\/webdelmaestrocmf.com\\\/portal\\\/#\\\/schema\\\/logo\\\/image\\\/\",\"url\":\"https:\\\/\\\/webdelmaestrocmf.com\\\/portal\\\/wp-content\\\/uploads\\\/2023\\\/01\\\/logo-wmcmf-2.png\",\"contentUrl\":\"https:\\\/\\\/webdelmaestrocmf.com\\\/portal\\\/wp-content\\\/uploads\\\/2023\\\/01\\\/logo-wmcmf-2.png\",\"width\":200,\"height\":60,\"caption\":\"Web del Maestro CMF\"},\"image\":{\"@id\":\"https:\\\/\\\/webdelmaestrocmf.com\\\/portal\\\/#\\\/schema\\\/logo\\\/image\\\/\"},\"sameAs\":[\"https:\\\/\\\/www.facebook.com\\\/WebdelMaestroCMF\\\/\",\"https:\\\/\\\/x.com\\\/cmf_w\",\"https:\\\/\\\/www.pinterest.com\\\/WMCMF\\\/\",\"https:\\\/\\\/www.linkedin.com\\\/company\\\/web-del-maestro-cmf\\\/\",\"https:\\\/\\\/www.instagram.com\\\/wmcmf\\\/\",\"https:\\\/\\\/www.youtube.com\\\/channel\\\/UCDPSvjbdodE5sHnC3OxutHw\",\"https:\\\/\\\/mastodon.social\\\/@wmcmf\",\"https:\\\/\\\/www.tiktok.com\\\/@webdelmaestrocmf\"]},{\"@type\":\"Person\",\"@id\":\"https:\\\/\\\/webdelmaestrocmf.com\\\/portal\\\/#\\\/schema\\\/person\\\/1072a2ed7bd960df8ef99a551fa35dc5\",\"name\":\"Web del Maestro CMF\",\"image\":{\"@type\":\"ImageObject\",\"inLanguage\":\"es\",\"@id\":\"https:\\\/\\\/secure.gravatar.com\\\/avatar\\\/23291dd5b5ae1077dcff3dbb04c3e02bd28403fa75af6d8787d5e97c5bbbe30b?s=96&d=mm&r=g\",\"url\":\"https:\\\/\\\/secure.gravatar.com\\\/avatar\\\/23291dd5b5ae1077dcff3dbb04c3e02bd28403fa75af6d8787d5e97c5bbbe30b?s=96&d=mm&r=g\",\"contentUrl\":\"https:\\\/\\\/secure.gravatar.com\\\/avatar\\\/23291dd5b5ae1077dcff3dbb04c3e02bd28403fa75af6d8787d5e97c5bbbe30b?s=96&d=mm&r=g\",\"caption\":\"Web del Maestro CMF\"},\"description\":\"Esta Web se cre\u00f3 sin fines de lucro, con fines educativos, cient\u00edficos y acad\u00e9micos, para personas que tengan dificultades y\\\/o inconvenientes en visualizar el material original. El objetivo es entregar recursos, compartir experiencias y materiales que ayuden a los padres de familia, maestros y estudiantes en su actualizaci\u00f3n y formaci\u00f3n permanente, en bien de la Educaci\u00f3n.\",\"sameAs\":[\"http:\\\/\\\/webdelmaestrocmf.com\\\/portal\",\"https:\\\/\\\/www.facebook.com\\\/WebdelMaestroCMF\\\/\",\"https:\\\/\\\/www.instagram.com\\\/wmcmf\\\/\",\"https:\\\/\\\/cl.linkedin.com\\\/company\\\/web-del-maestro-cmf\",\"https:\\\/\\\/www.pinterest.com\\\/WMCMF\\\/publicaciones\\\/\",\"https:\\\/\\\/x.com\\\/cmf_w\",\"https:\\\/\\\/www.youtube.com\\\/@WMCMF\"]}]}<\/script>\n<!-- \/ Yoast SEO plugin. -->","yoast_head_json":{"title":"Libro de Educaci\u00f3n Basada en Competencias (EBC)","description":"La Educaci\u00f3n Basada en Competencias (EBC) es un enfoque educativo que se centra en el desarrollo de competencias espec\u00edficas...","robots":{"index":"index","follow":"follow","max-snippet":"max-snippet:-1","max-image-preview":"max-image-preview:large","max-video-preview":"max-video-preview:-1"},"canonical":"https:\/\/webdelmaestrocmf.com\/portal\/educacion-basada-competencias\/","og_locale":"es_ES","og_type":"article","og_title":"Libro de Educaci\u00f3n Basada en Competencias (EBC)","og_description":"La Educaci\u00f3n Basada en Competencias (EBC) es un enfoque educativo que se centra en el desarrollo de competencias espec\u00edficas...","og_url":"https:\/\/webdelmaestrocmf.com\/portal\/educacion-basada-competencias\/","og_site_name":"Web del Maestro CMF","article_publisher":"https:\/\/www.facebook.com\/WebdelMaestroCMF\/","article_author":"https:\/\/www.facebook.com\/WebdelMaestroCMF\/","article_published_time":"2024-01-19T14:00:48+00:00","article_modified_time":"2024-01-19T14:21:43+00:00","og_image":[{"width":1024,"height":1024,"url":"https:\/\/webdelmaestrocmf.com\/portal\/wp-content\/uploads\/2019\/12\/Banner-1-portada-imagen-10-33.jpg","type":"image\/jpeg"}],"author":"Web del Maestro CMF","twitter_card":"summary_large_image","twitter_creator":"@cmf_w","twitter_site":"@cmf_w","schema":{"@context":"https:\/\/schema.org","@graph":[{"@type":"ScholarlyArticle","@id":"https:\/\/webdelmaestrocmf.com\/portal\/educacion-basada-competencias\/#article","isPartOf":{"@id":"https:\/\/webdelmaestrocmf.com\/portal\/educacion-basada-competencias\/"},"author":{"name":"Web del Maestro CMF","@id":"https:\/\/webdelmaestrocmf.com\/portal\/#\/schema\/person\/1072a2ed7bd960df8ef99a551fa35dc5"},"headline":"Libro de Educaci\u00f3n Basada en Competencias (EBC)","datePublished":"2024-01-19T14:00:48+00:00","dateModified":"2024-01-19T14:21:43+00:00","mainEntityOfPage":{"@id":"https:\/\/webdelmaestrocmf.com\/portal\/educacion-basada-competencias\/"},"wordCount":1047,"commentCount":1,"publisher":{"@id":"https:\/\/webdelmaestrocmf.com\/portal\/#organization"},"image":{"@id":"https:\/\/webdelmaestrocmf.com\/portal\/educacion-basada-competencias\/#primaryimage"},"thumbnailUrl":"https:\/\/webdelmaestrocmf.com\/portal\/wp-content\/uploads\/2019\/12\/Banner-1-portada-imagen-10-33.jpg","keywords":["BASADA","competencias","EBC","EDUCACI\u00d3N","LIBRO"],"articleSection":["Aprendizaje competencias","Las m\u00e1s vistas","Libros","Recursos"],"inLanguage":"es","potentialAction":[{"@type":"CommentAction","name":"Comment","target":["https:\/\/webdelmaestrocmf.com\/portal\/educacion-basada-competencias\/#respond"]}]},{"@type":"WebPage","@id":"https:\/\/webdelmaestrocmf.com\/portal\/educacion-basada-competencias\/","url":"https:\/\/webdelmaestrocmf.com\/portal\/educacion-basada-competencias\/","name":"Libro de Educaci\u00f3n Basada en Competencias (EBC)","isPartOf":{"@id":"https:\/\/webdelmaestrocmf.com\/portal\/#website"},"primaryImageOfPage":{"@id":"https:\/\/webdelmaestrocmf.com\/portal\/educacion-basada-competencias\/#primaryimage"},"image":{"@id":"https:\/\/webdelmaestrocmf.com\/portal\/educacion-basada-competencias\/#primaryimage"},"thumbnailUrl":"https:\/\/webdelmaestrocmf.com\/portal\/wp-content\/uploads\/2019\/12\/Banner-1-portada-imagen-10-33.jpg","datePublished":"2024-01-19T14:00:48+00:00","dateModified":"2024-01-19T14:21:43+00:00","description":"La Educaci\u00f3n Basada en Competencias (EBC) es un enfoque educativo que se centra en el desarrollo de competencias espec\u00edficas...","breadcrumb":{"@id":"https:\/\/webdelmaestrocmf.com\/portal\/educacion-basada-competencias\/#breadcrumb"},"inLanguage":"es","potentialAction":[{"@type":"ReadAction","target":["https:\/\/webdelmaestrocmf.com\/portal\/educacion-basada-competencias\/"]}]},{"@type":"ImageObject","inLanguage":"es","@id":"https:\/\/webdelmaestrocmf.com\/portal\/educacion-basada-competencias\/#primaryimage","url":"https:\/\/webdelmaestrocmf.com\/portal\/wp-content\/uploads\/2019\/12\/Banner-1-portada-imagen-10-33.jpg","contentUrl":"https:\/\/webdelmaestrocmf.com\/portal\/wp-content\/uploads\/2019\/12\/Banner-1-portada-imagen-10-33.jpg","width":1024,"height":1024,"caption":"Educaci\u00f3n Basada en Competencias EBC"},{"@type":"BreadcrumbList","@id":"https:\/\/webdelmaestrocmf.com\/portal\/educacion-basada-competencias\/#breadcrumb","itemListElement":[{"@type":"ListItem","position":1,"name":"Portada","item":"https:\/\/webdelmaestrocmf.com\/portal\/"},{"@type":"ListItem","position":2,"name":"Recursos","item":"https:\/\/webdelmaestrocmf.com\/portal\/category\/pedagogia\/"},{"@type":"ListItem","position":3,"name":"Libros","item":"https:\/\/webdelmaestrocmf.com\/portal\/category\/pedagogia\/libros\/"},{"@type":"ListItem","position":4,"name":"Libro de Educaci\u00f3n Basada en Competencias (EBC)"}]},{"@type":"WebSite","@id":"https:\/\/webdelmaestrocmf.com\/portal\/#website","url":"https:\/\/webdelmaestrocmf.com\/portal\/","name":"Web del Maestro CMF","description":"Maestros al servicio de la educaci\u00f3n","publisher":{"@id":"https:\/\/webdelmaestrocmf.com\/portal\/#organization"},"alternateName":"WMCMF","potentialAction":[{"@type":"SearchAction","target":{"@type":"EntryPoint","urlTemplate":"https:\/\/webdelmaestrocmf.com\/portal\/?s={search_term_string}"},"query-input":{"@type":"PropertyValueSpecification","valueRequired":true,"valueName":"search_term_string"}}],"inLanguage":"es"},{"@type":"Organization","@id":"https:\/\/webdelmaestrocmf.com\/portal\/#organization","name":"Web del Maestro CMF","alternateName":"WMCMF","url":"https:\/\/webdelmaestrocmf.com\/portal\/","logo":{"@type":"ImageObject","inLanguage":"es","@id":"https:\/\/webdelmaestrocmf.com\/portal\/#\/schema\/logo\/image\/","url":"https:\/\/webdelmaestrocmf.com\/portal\/wp-content\/uploads\/2023\/01\/logo-wmcmf-2.png","contentUrl":"https:\/\/webdelmaestrocmf.com\/portal\/wp-content\/uploads\/2023\/01\/logo-wmcmf-2.png","width":200,"height":60,"caption":"Web del Maestro CMF"},"image":{"@id":"https:\/\/webdelmaestrocmf.com\/portal\/#\/schema\/logo\/image\/"},"sameAs":["https:\/\/www.facebook.com\/WebdelMaestroCMF\/","https:\/\/x.com\/cmf_w","https:\/\/www.pinterest.com\/WMCMF\/","https:\/\/www.linkedin.com\/company\/web-del-maestro-cmf\/","https:\/\/www.instagram.com\/wmcmf\/","https:\/\/www.youtube.com\/channel\/UCDPSvjbdodE5sHnC3OxutHw","https:\/\/mastodon.social\/@wmcmf","https:\/\/www.tiktok.com\/@webdelmaestrocmf"]},{"@type":"Person","@id":"https:\/\/webdelmaestrocmf.com\/portal\/#\/schema\/person\/1072a2ed7bd960df8ef99a551fa35dc5","name":"Web del Maestro CMF","image":{"@type":"ImageObject","inLanguage":"es","@id":"https:\/\/secure.gravatar.com\/avatar\/23291dd5b5ae1077dcff3dbb04c3e02bd28403fa75af6d8787d5e97c5bbbe30b?s=96&d=mm&r=g","url":"https:\/\/secure.gravatar.com\/avatar\/23291dd5b5ae1077dcff3dbb04c3e02bd28403fa75af6d8787d5e97c5bbbe30b?s=96&d=mm&r=g","contentUrl":"https:\/\/secure.gravatar.com\/avatar\/23291dd5b5ae1077dcff3dbb04c3e02bd28403fa75af6d8787d5e97c5bbbe30b?s=96&d=mm&r=g","caption":"Web del Maestro CMF"},"description":"Esta Web se cre\u00f3 sin fines de lucro, con fines educativos, cient\u00edficos y acad\u00e9micos, para personas que tengan dificultades y\/o inconvenientes en visualizar el material original. El objetivo es entregar recursos, compartir experiencias y materiales que ayuden a los padres de familia, maestros y estudiantes en su actualizaci\u00f3n y formaci\u00f3n permanente, en bien de la Educaci\u00f3n.","sameAs":["http:\/\/webdelmaestrocmf.com\/portal","https:\/\/www.facebook.com\/WebdelMaestroCMF\/","https:\/\/www.instagram.com\/wmcmf\/","https:\/\/cl.linkedin.com\/company\/web-del-maestro-cmf","https:\/\/www.pinterest.com\/WMCMF\/publicaciones\/","https:\/\/x.com\/cmf_w","https:\/\/www.youtube.com\/@WMCMF"]}]}},"jetpack_featured_media_url":"https:\/\/webdelmaestrocmf.com\/portal\/wp-content\/uploads\/2019\/12\/Banner-1-portada-imagen-10-33.jpg","jetpack_sharing_enabled":true,"jetpack-related-posts":[{"id":42736,"url":"https:\/\/webdelmaestrocmf.com\/portal\/14-tendencias-educativas-guias-descargables\/","url_meta":{"origin":19369,"position":0},"title":"14 tendencias educativas &#8211; Gu\u00edas descargables","author":"Web del Maestro CMF","date":"2 febrero, 2020","format":false,"excerpt":"Si frecuentas las redes sociales y los blogs de educaci\u00f3n, probablemente habr\u00e1s notado el\u00a0creciente n\u00famero de tendencias educativas existentes, cada una de ellas proclam\u00e1ndose como la definitiva y m\u00e1s moderna de todas. Sin embargo, es dif\u00edcil\u00a0distinguir el grano de la paja, especialmente teniendo en cuenta que muchas de ellas conservan\u2026","rel":"","context":"En \u00abAprendizaje actvio\u00bb","block_context":{"text":"Aprendizaje actvio","link":"https:\/\/webdelmaestrocmf.com\/portal\/category\/pedagogia\/aprendizaje-actvio\/"},"img":{"alt_text":"","src":"https:\/\/i0.wp.com\/webdelmaestrocmf.com\/portal\/wp-content\/uploads\/2020\/02\/1-4.jpg?resize=350%2C200&ssl=1","width":350,"height":200,"srcset":"https:\/\/i0.wp.com\/webdelmaestrocmf.com\/portal\/wp-content\/uploads\/2020\/02\/1-4.jpg?resize=350%2C200&ssl=1 1x, https:\/\/i0.wp.com\/webdelmaestrocmf.com\/portal\/wp-content\/uploads\/2020\/02\/1-4.jpg?resize=525%2C300&ssl=1 1.5x, https:\/\/i0.wp.com\/webdelmaestrocmf.com\/portal\/wp-content\/uploads\/2020\/02\/1-4.jpg?resize=700%2C400&ssl=1 2x, https:\/\/i0.wp.com\/webdelmaestrocmf.com\/portal\/wp-content\/uploads\/2020\/02\/1-4.jpg?resize=1050%2C600&ssl=1 3x"},"classes":[]},{"id":102686,"url":"https:\/\/webdelmaestrocmf.com\/portal\/que-es-ensenar-por-competencias-en-la-educacion-basica\/","url_meta":{"origin":19369,"position":1},"title":"\u00bfQu\u00e9 es ense\u00f1ar por competencias en la Educaci\u00f3n B\u00e1sica?","author":"Web del Maestro CMF","date":"16 enero, 2024","format":false,"excerpt":"Ense\u00f1ar por competencias en la Educaci\u00f3n B\u00e1sica es un enfoque pedag\u00f3gico que busca que los estudiantes desarrollen las capacidades necesarias para enfrentar los desaf\u00edos de la vida cotidiana, tanto en el \u00e1mbito personal como profesional. Este enfoque se basa en la idea de que el aprendizaje debe ser significativo para\u2026","rel":"","context":"En \u00abCompetencias\u00bb","block_context":{"text":"Competencias","link":"https:\/\/webdelmaestrocmf.com\/portal\/category\/pedagogia\/competencias\/"},"img":{"alt_text":"","src":"https:\/\/i0.wp.com\/webdelmaestrocmf.com\/portal\/wp-content\/uploads\/2024\/01\/Banner-1-portada-imagen-10-5.jpg?resize=350%2C200&ssl=1","width":350,"height":200,"srcset":"https:\/\/i0.wp.com\/webdelmaestrocmf.com\/portal\/wp-content\/uploads\/2024\/01\/Banner-1-portada-imagen-10-5.jpg?resize=350%2C200&ssl=1 1x, https:\/\/i0.wp.com\/webdelmaestrocmf.com\/portal\/wp-content\/uploads\/2024\/01\/Banner-1-portada-imagen-10-5.jpg?resize=525%2C300&ssl=1 1.5x, https:\/\/i0.wp.com\/webdelmaestrocmf.com\/portal\/wp-content\/uploads\/2024\/01\/Banner-1-portada-imagen-10-5.jpg?resize=700%2C400&ssl=1 2x"},"classes":[]},{"id":113522,"url":"https:\/\/webdelmaestrocmf.com\/portal\/la-escuela-del-siglo-xx-ya-murio-estas-son-las-competencias-que-un-docente-debe-dominar-hoy-competencias-digitales-emocionales-y-ambientales-o-el-alumno-queda-atras\/","url_meta":{"origin":19369,"position":2},"title":"La escuela del Siglo XX ya muri\u00f3. Estas son las competencias que un docente debe dominar hoy: competencias digitales, emocionales y ambientales\u2026 o el alumno queda atr\u00e1s","author":"Web del Maestro CMF","date":"17 noviembre, 2025","format":false,"excerpt":"La educaci\u00f3n cambi\u00f3: sin competencias digitales, emocionales y ambientales, el docente se queda atr\u00e1s\u2026 y arrastra al estudiante al rezago inevitable.","rel":"","context":"En \u00abCompetencias\u00bb","block_context":{"text":"Competencias","link":"https:\/\/webdelmaestrocmf.com\/portal\/category\/pedagogia\/competencias\/"},"img":{"alt_text":"","src":"https:\/\/i0.wp.com\/webdelmaestrocmf.com\/portal\/wp-content\/uploads\/2025\/11\/1A-Banner-1-portada-imagen-10-1-copia-7-1.webp?resize=350%2C200&ssl=1","width":350,"height":200,"srcset":"https:\/\/i0.wp.com\/webdelmaestrocmf.com\/portal\/wp-content\/uploads\/2025\/11\/1A-Banner-1-portada-imagen-10-1-copia-7-1.webp?resize=350%2C200&ssl=1 1x, https:\/\/i0.wp.com\/webdelmaestrocmf.com\/portal\/wp-content\/uploads\/2025\/11\/1A-Banner-1-portada-imagen-10-1-copia-7-1.webp?resize=525%2C300&ssl=1 1.5x, https:\/\/i0.wp.com\/webdelmaestrocmf.com\/portal\/wp-content\/uploads\/2025\/11\/1A-Banner-1-portada-imagen-10-1-copia-7-1.webp?resize=700%2C400&ssl=1 2x"},"classes":[]},{"id":113472,"url":"https:\/\/webdelmaestrocmf.com\/portal\/la-unesco-reune-a-ministros-de-educacion-para-definir-las-competencias-del-futuro\/","url_meta":{"origin":19369,"position":3},"title":"La UNESCO re\u00fane a ministros de Educaci\u00f3n para definir las competencias del futuro","author":"Web del Maestro CMF","date":"13 enero, 2026","format":false,"excerpt":"La UNESCO fija competencias digitales, verdes, cr\u00edticas y socioemocionales, mientras otras a\u00fan se definen seg\u00fan cambios tecnol\u00f3gicos, sociales y ambientales.","rel":"","context":"En \u00abNoticias Internacionales\u00bb","block_context":{"text":"Noticias Internacionales","link":"https:\/\/webdelmaestrocmf.com\/portal\/category\/noticias-internacionales\/"},"img":{"alt_text":"","src":"https:\/\/i0.wp.com\/webdelmaestrocmf.com\/portal\/wp-content\/uploads\/2025\/11\/1AA-Banner-1-portada-imagen-10-1-copia-1.jpg?resize=350%2C200&ssl=1","width":350,"height":200,"srcset":"https:\/\/i0.wp.com\/webdelmaestrocmf.com\/portal\/wp-content\/uploads\/2025\/11\/1AA-Banner-1-portada-imagen-10-1-copia-1.jpg?resize=350%2C200&ssl=1 1x, https:\/\/i0.wp.com\/webdelmaestrocmf.com\/portal\/wp-content\/uploads\/2025\/11\/1AA-Banner-1-portada-imagen-10-1-copia-1.jpg?resize=525%2C300&ssl=1 1.5x, https:\/\/i0.wp.com\/webdelmaestrocmf.com\/portal\/wp-content\/uploads\/2025\/11\/1AA-Banner-1-portada-imagen-10-1-copia-1.jpg?resize=700%2C400&ssl=1 2x, https:\/\/i0.wp.com\/webdelmaestrocmf.com\/portal\/wp-content\/uploads\/2025\/11\/1AA-Banner-1-portada-imagen-10-1-copia-1.jpg?resize=1050%2C600&ssl=1 3x"},"classes":[]},{"id":71305,"url":"https:\/\/webdelmaestrocmf.com\/portal\/retos-de-un-profesor-en-el-modelo-educativo-basado-en-competencias\/","url_meta":{"origin":19369,"position":4},"title":"Retos de un profesor en el modelo educativo basado en competencias","author":"Web del Maestro CMF","date":"3 noviembre, 2022","format":false,"excerpt":"\u201cEl \u00e9xito de cualquier modelo educativo radica en la convicci\u00f3n y la claridad que tienen los profesores respecto a la operaci\u00f3n de ese modelo curricular\u201d. \u00bfQu\u00e9 nos hace pensar que necesitamos un nuevo modelo curricular para desarrollar competencias? La respuesta a esta pregunta es relativamente sencilla de responder, pero es\u2026","rel":"","context":"En \u00abCompetencias\u00bb","block_context":{"text":"Competencias","link":"https:\/\/webdelmaestrocmf.com\/portal\/category\/pedagogia\/competencias\/"},"img":{"alt_text":"","src":"https:\/\/i0.wp.com\/webdelmaestrocmf.com\/portal\/wp-content\/uploads\/2021\/11\/1QfER-7.jpg?resize=350%2C200&ssl=1","width":350,"height":200,"srcset":"https:\/\/i0.wp.com\/webdelmaestrocmf.com\/portal\/wp-content\/uploads\/2021\/11\/1QfER-7.jpg?resize=350%2C200&ssl=1 1x, https:\/\/i0.wp.com\/webdelmaestrocmf.com\/portal\/wp-content\/uploads\/2021\/11\/1QfER-7.jpg?resize=525%2C300&ssl=1 1.5x, https:\/\/i0.wp.com\/webdelmaestrocmf.com\/portal\/wp-content\/uploads\/2021\/11\/1QfER-7.jpg?resize=700%2C400&ssl=1 2x, https:\/\/i0.wp.com\/webdelmaestrocmf.com\/portal\/wp-content\/uploads\/2021\/11\/1QfER-7.jpg?resize=1050%2C600&ssl=1 3x"},"classes":[]},{"id":116530,"url":"https:\/\/webdelmaestrocmf.com\/portal\/javier-valle-el-profesorado-se-siente-abandonado-ante-el-cambio-educativo-competencial\/","url_meta":{"origin":19369,"position":5},"title":"Javier Valle: El profesorado se siente abandonado ante el cambio educativo competencial","author":"Web del Maestro CMF","date":"16 marzo, 2026","format":false,"excerpt":"[...] no se le ha acompa\u00f1ado con formaci\u00f3n y recursos. Con digitalizaci\u00f3n de las aulas, materiales did\u00e1cticos competenciales\u2026","rel":"","context":"En \u00abEntrevistas\u00bb","block_context":{"text":"Entrevistas","link":"https:\/\/webdelmaestrocmf.com\/portal\/category\/noticias\/entrevistas\/"},"img":{"alt_text":"","src":"https:\/\/i0.wp.com\/webdelmaestrocmf.com\/portal\/wp-content\/uploads\/2026\/03\/1AA-Banner-1-portada-imagen-10-1-copia-6.webp?resize=350%2C200&ssl=1","width":350,"height":200,"srcset":"https:\/\/i0.wp.com\/webdelmaestrocmf.com\/portal\/wp-content\/uploads\/2026\/03\/1AA-Banner-1-portada-imagen-10-1-copia-6.webp?resize=350%2C200&ssl=1 1x, https:\/\/i0.wp.com\/webdelmaestrocmf.com\/portal\/wp-content\/uploads\/2026\/03\/1AA-Banner-1-portada-imagen-10-1-copia-6.webp?resize=525%2C300&ssl=1 1.5x, https:\/\/i0.wp.com\/webdelmaestrocmf.com\/portal\/wp-content\/uploads\/2026\/03\/1AA-Banner-1-portada-imagen-10-1-copia-6.webp?resize=700%2C400&ssl=1 2x, https:\/\/i0.wp.com\/webdelmaestrocmf.com\/portal\/wp-content\/uploads\/2026\/03\/1AA-Banner-1-portada-imagen-10-1-copia-6.webp?resize=1050%2C600&ssl=1 3x"},"classes":[]}],"_links":{"self":[{"href":"https:\/\/webdelmaestrocmf.com\/portal\/wp-json\/wp\/v2\/posts\/19369","targetHints":{"allow":["GET"]}}],"collection":[{"href":"https:\/\/webdelmaestrocmf.com\/portal\/wp-json\/wp\/v2\/posts"}],"about":[{"href":"https:\/\/webdelmaestrocmf.com\/portal\/wp-json\/wp\/v2\/types\/post"}],"author":[{"embeddable":true,"href":"https:\/\/webdelmaestrocmf.com\/portal\/wp-json\/wp\/v2\/users\/1"}],"replies":[{"embeddable":true,"href":"https:\/\/webdelmaestrocmf.com\/portal\/wp-json\/wp\/v2\/comments?post=19369"}],"version-history":[{"count":0,"href":"https:\/\/webdelmaestrocmf.com\/portal\/wp-json\/wp\/v2\/posts\/19369\/revisions"}],"wp:featuredmedia":[{"embeddable":true,"href":"https:\/\/webdelmaestrocmf.com\/portal\/wp-json\/wp\/v2\/media\/102796"}],"wp:attachment":[{"href":"https:\/\/webdelmaestrocmf.com\/portal\/wp-json\/wp\/v2\/media?parent=19369"}],"wp:term":[{"taxonomy":"category","embeddable":true,"href":"https:\/\/webdelmaestrocmf.com\/portal\/wp-json\/wp\/v2\/categories?post=19369"},{"taxonomy":"post_tag","embeddable":true,"href":"https:\/\/webdelmaestrocmf.com\/portal\/wp-json\/wp\/v2\/tags?post=19369"}],"curies":[{"name":"wp","href":"https:\/\/api.w.org\/{rel}","templated":true}]}}