{"id":19061,"date":"2017-06-03T20:53:45","date_gmt":"2017-06-04T00:53:45","guid":{"rendered":"http:\/\/webdelmaestrocmf.com\/portal\/?p=19061"},"modified":"2025-07-30T20:53:19","modified_gmt":"2025-07-31T00:53:19","slug":"dra-carmela-aspillaga-pais-educa-no-engendra-masa","status":"publish","type":"post","link":"https:\/\/webdelmaestrocmf.com\/portal\/dra-carmela-aspillaga-pais-educa-no-engendra-masa\/","title":{"rendered":"Carmela Asp\u00edllaga: \u201cUn pa\u00eds que educa, no engendra masa\u201d"},"content":{"rendered":"<p style=\"text-align: justify;\">Exdecana de la Facultad de Ciencias Educaci\u00f3n, tuvo en sus manos la tarea de iniciar esta Facultad, que este fin de semana celebra sus 25 a\u00f1os de labor formando los docentes que necesita el pa\u00eds. Carmela Asp\u00edllaga Pazos es doctora en Educaci\u00f3n y Comunicaci\u00f3n por la Universidad de Navarra, exdecana de la <strong><a href=\"https:\/\/www.udep.edu.pe\/educacion\/\">Facultad de Ciencias Educaci\u00f3n\u00a0<\/a><\/strong>de la Universidad de Piura.<!--more--><\/p>\n<p style=\"text-align: justify;\">Tuvo en sus manos la gran tarea de iniciar esta Facultad que hoy celebra sus 25 a\u00f1os. Nos habla sobre la misi\u00f3n y visi\u00f3n que se tuvo, lo que debe primar en Educaci\u00f3n y lo que hace falta para formar personas y no\u00a0hombres masa.<\/p>\n<p style=\"text-align: justify;\">De entrada aclara que, como la UDEP, esta Facultad\u00a0 naci\u00f3 al calor de las ense\u00f1anzas de <strong>San Josemar\u00eda<\/strong>, su primer Gran Canciller y Fundador y del <strong>Opus Dei<\/strong>. <strong>\u201cNo hay otra Facultad con m\u00e1s potencia en cuanto a jugarse por el pa\u00eds. Hoy en d\u00eda, la educaci\u00f3n es prioridad uno a nivel mundial, con justificad\u00edsimas razones de los gobiernos, de entidades, de instituciones, de la familia, de todos\u201d.<\/strong><\/p>\n<h2 style=\"text-align: left;\"><strong>\u00bfCon qu\u00e9 fin se cre\u00f3 la Facultad de Ciencias de la Educaci\u00f3n de la UDEP?<\/strong><\/h2>\n<p style=\"text-align: justify;\">Su objetivo es la formaci\u00f3n integral de la persona y de docentes capaces de elevar el nivel cultural de un pa\u00eds, dot\u00e1ndolos no s\u00f3lo de conocimientos tecnol\u00f3gicos, cient\u00edficos, etc., sino fundamentalmente atendiendo a su formaci\u00f3n human\u00edstica.<\/p>\n<p style=\"text-align: justify;\">El hombre culto es rocoso, tiene muchos recursos para vivir la vida, muchos enfoques interesantes y positivos. La Facultad ha sido extremadamente fina y cuidadosa en la formaci\u00f3n cultural que proporciona.<\/p>\n<h2 style=\"text-align: left;\"><strong>\u00bfHay alg\u00fan prerrequisito para lograr una buena formaci\u00f3n en el docente?<\/strong><\/h2>\n<p style=\"text-align: justify;\">Que sean muy buenos estudiantes, con talento, con vocaci\u00f3n (ese ser\u00eda el prerrequisito), para que a trav\u00e9s de la docencia puedan dar fiel cumplimiento a la tarea profunda de educar. Un pa\u00eds que educa no engendra masa porque forma seres humanos libres y responsables, que toman sus propias decisiones proyect\u00e1ndose desde los principios en que asientan su vida. Hombre masa, en cambio, es aquel a quien le piensan sus pensamientos, le opinan sus opiniones y le viven su vida.<\/p>\n<p><a href=\"https:\/\/webdelmaestrocmf.com\/portal\/wp-content\/uploads\/2017\/06\/1a.jpg\"><img loading=\"lazy\" decoding=\"async\" class=\"alignnone size-full wp-image-77998\" src=\"https:\/\/webdelmaestrocmf.com\/portal\/wp-content\/uploads\/2017\/06\/1a.jpg\" alt=\"\" width=\"900\" height=\"556\" srcset=\"https:\/\/webdelmaestrocmf.com\/portal\/wp-content\/uploads\/2017\/06\/1a.jpg 900w, https:\/\/webdelmaestrocmf.com\/portal\/wp-content\/uploads\/2017\/06\/1a-300x185.jpg 300w, https:\/\/webdelmaestrocmf.com\/portal\/wp-content\/uploads\/2017\/06\/1a-768x474.jpg 768w, https:\/\/webdelmaestrocmf.com\/portal\/wp-content\/uploads\/2017\/06\/1a-110x68.jpg 110w, https:\/\/webdelmaestrocmf.com\/portal\/wp-content\/uploads\/2017\/06\/1a-200x124.jpg 200w, https:\/\/webdelmaestrocmf.com\/portal\/wp-content\/uploads\/2017\/06\/1a-380x235.jpg 380w, https:\/\/webdelmaestrocmf.com\/portal\/wp-content\/uploads\/2017\/06\/1a-255x158.jpg 255w, https:\/\/webdelmaestrocmf.com\/portal\/wp-content\/uploads\/2017\/06\/1a-550x340.jpg 550w, https:\/\/webdelmaestrocmf.com\/portal\/wp-content\/uploads\/2017\/06\/1a-800x494.jpg 800w\" sizes=\"auto, (max-width: 900px) 100vw, 900px\" \/><\/a><\/p>\n<h2 style=\"text-align: left;\"><strong>\u00bfQu\u00e9 ha dado a Piura, al pa\u00eds, esta Facultad en estos primeros 25 a\u00f1os?<\/strong><\/h2>\n<p style=\"text-align: justify;\">Profesores con una formaci\u00f3n human\u00edstica bien dise\u00f1ada y sabiamente impartida, que les da una visi\u00f3n integral de la realidad, en vez de la visi\u00f3n fragmentada que transmite una formaci\u00f3n ecl\u00e9ctica.\u00a0 Sin un proyecto educativo claro y bien definido no podr\u00eda implantarse esa visi\u00f3n integral.<\/p>\n<p style=\"text-align: justify;\">As\u00ed las cosas, o se da esa formaci\u00f3n o se queda la persona mermada en sus posibilidades de realizarse como tal.\u00a0 De alguna manera va agostando sus horizontes hasta quedarse empobrecida.\u00a0 Vienen a cuento las palabras del poeta: <strong>Luz del alma, luz divina\/ fuego, antorcha, estrella, sol\/ un hombre a tientas camina\/ lleva a la espalda un farol. No es que no haya luz,\u00a0 camina a tientas porque se ha echado el farol a la espalda.<\/strong><\/p>\n<h2 style=\"text-align: left;\"><strong>Y en cuanto a formaci\u00f3n y capacitaci\u00f3n de maestros en la regi\u00f3n y el pa\u00eds\u2026<\/strong><\/h2>\n<p style=\"text-align: justify;\">La Universidad de Piura ha venido trabajando en el Ministerio de Educaci\u00f3n y por encargo de este, a trav\u00e9s de concursos ganados por m\u00e9ritos propios. Han pasado por sus aulas en estos 25 a\u00f1os miles de maestros.\u00a0 Mucho antes de que se creara, la Facultad tuvo la preocupaci\u00f3n de atender a los profesores y de aceptar el participar en estos concursos para asumir la tarea conjunta con el MINEDU.\u00a0 Entre los logros, adem\u00e1s de la formaci\u00f3n, est\u00e1 todo el material did\u00e1ctico \u2013libros, m\u00f3dulos, software, etc.- necesario para esta tarea, elaborados por profesores de la Facultad.<\/p>\n<h2 style=\"text-align: left;\"><strong>\u00bfQu\u00e9 recuerdos guarda de su \u00e9poca como la primera directora del Programa de Ciencias de la Educaci\u00f3n (a\u00fan no hab\u00eda Decanato)?<\/strong><\/h2>\n<p style=\"text-align: justify;\">Tuve muchas alegr\u00edas con mis alumnos; he tenido colaboradores extraordinarios en la Facultad, algunos de ellos a\u00fan est\u00e1n all\u00ed: el Dr. Pablo P\u00e9rez, Maricarmen Barreto, Flor Hau Yon, Violeta Zambrano, por mencionar algunos; y desde hace varios a\u00f1os hay profesores que fueron mis alumnos.\u00a0 Me alegro cuando me los encuentro en tan diversos lugares del pa\u00eds, haciendo gala de ese entusiasmo y de la seguridad de saber a lo que van.\u00a0 Pienso que salen de la Facultad con una br\u00fajula muy clara.<\/p>\n<h2 style=\"text-align: left;\"><strong>Las Humanidades en la Educaci\u00f3n<\/strong><\/h2>\n<p style=\"text-align: left;\">En este mundo de innovaciones y cambios cient\u00edficos y tecnol\u00f3gicos, \u00bfqu\u00e9 debe primar en la Educaci\u00f3n?<\/p>\n<p style=\"text-align: justify;\">El protagonismo debe ser de los estudios human\u00edsticos. Tocan las preguntas eternas, las cuestiones ineludibles: el sentido de la vida, su fin, su origen, su destino y su valor. Concentrarse en la especializaci\u00f3n profesional, en detrimento de esas cuestiones, supone perder lo que nos distingue de las m\u00e1quinas y de las bestias de carga.<\/p>\n<p style=\"text-align: justify;\">Las humanidades buscan ser m\u00e1s y no tener m\u00e1s, usar de las facultades humanas para lo que se ordenan: la verdad y el bien.\u00a0 Son asignaturas que ampl\u00edan los horizontes y evitan que la perspectiva sea estrecha o superficial. Son estudios que afinan el coraz\u00f3n del estudiante, le dan \u00a0la capacidad de captar los matices de la vida, de distinguir lo arm\u00f3nico y lo sublime de lo mediocre, de apreciar m\u00e1s cosas y de ser m\u00e1s feliz,\u00a0 porque puede acceder a una gama m\u00e1s amplia de valores.<\/p>\n<p style=\"text-align: justify;\">El Dr. Polo daba un ejemplo muy bonito al decir que la tarea de educar se equipara a la de ver un pajarito encogido, peque\u00f1ito y mojado y decirle: \u00a1Mira, tienes un bultito\u00a0 ah\u00ed a la derecha y lo puedes abrir, despli\u00e9galo, m\u00e1s, mucho m\u00e1s! \u00a1<strong>Totalmente! \u00bfVes? \u00a1Es un ala!\u00a0 Y ese otro bultito al lado izquierdo igual. \u00a1\u00c1brelo! Es otra ala.\u00a0 Tienes dos alas: el intelecto y la voluntad libre. \u00a0Ahora\u2026 \u00a1\u00e9chate a volar!<\/strong><\/p>\n<p style=\"text-align: justify;\">Esto es educar: poner a la gente en condiciones de desplegar totalmente estas dos alas del esp\u00edritu humano, junto a todos los conocimientos que se adquieran, y echarse a volar.\u00a0 Suelo decir, por eso, que educar es hacer al hombre cada vez m\u00e1s capaz de libertad, es decir de elegir, porque le da la real gana,\u00a0 el bien verdadero. Eso s\u00ed que es volar alto, cara al sol, y no conformarse con vuelos de ave de corral.<\/p>\n<p style=\"text-align: justify;\"><strong>Este contenido ha sido publicado originalmente por Universidad de Piura en el siguiente direcci\u00f3n: <a href=\"http:\/\/udep.edu.pe\/\" target=\"_blank\" rel=\"noopener noreferrer\">udep.edu.pe<\/a>\u00a0| Por: Julio Talledo<\/strong><\/p>\n\t\t<div class=\"pk-inline-posts\">\n\t\t\t\n\t\t\t<div class=\"pk-inline-posts-container pk-inline-posts-template-list\"\n\t\t\t\tdata-columns=\"1\">\n\t\t\t\t\t\t<article id=\"post-118510\" class=\"post-118510 post type-post status-publish format-standard has-post-thumbnail category-entrevistas category-noticias tag-aprendizaje tag-aula tag-docentes tag-educacion-2 tag-estudiantes tag-filosofia-2 tag-formacion-2 tag-inteligencia tag-jose-antonio-marina tag-pedagogia-2 tag-pensamiento-critico-2 cs-entry cs-video-wrap\">\n\t\t\t<div class=\"pk-post-outer\">\n\n\t\t\t\t\t\t\t\t<div class=\"pk-post-inner\">\n\t\t\t\t\t<div class=\"entry-thumbnail\">\n\t\t\t\t\t\t<div class=\"pk-overlay pk-overlay-ratio pk-ratio-landscape\">\n\t\t\t\t\t\t\t<div class=\"pk-overlay-background\">\n\t\t\t\t\t\t\t\t<a href=\"https:\/\/webdelmaestrocmf.com\/portal\/jose-antonio-marina-si-no-teneis-pensamiento-critico-o-si-no-hay-pensamiento-critico-la-manipulacion-va-a-ser-muy-sencilla\/\" class=\"pk-overlay-link\">\n\t\t\t\t\t\t\t\t\t<img loading=\"lazy\" decoding=\"async\" width=\"300\" height=\"225\" src=\"https:\/\/webdelmaestrocmf.com\/portal\/wp-content\/uploads\/2026\/04\/1AA-Banner-1-portada-imagen-10-1-copia-5-6-300x225.webp\" class=\"attachment-pk-thumbnail size-pk-thumbnail wp-post-image\" alt=\"\" \/>\t\t\t\t\t\t\t\t<\/a>\n\t\t\t\t\t\t\t<\/div>\n\t\t\t\t\t\t<\/div>\n\t\t\t\t\t<\/div>\n\t\t\t\t<\/div>\n\t\t\t\t\n\t\t\t\t<div class=\"pk-post-inner\">\n\t\t\t\t\t<header>\n\t\t\t\t\t\t<h3 class=\"pk-title\"><a href=\"https:\/\/webdelmaestrocmf.com\/portal\/jose-antonio-marina-si-no-teneis-pensamiento-critico-o-si-no-hay-pensamiento-critico-la-manipulacion-va-a-ser-muy-sencilla\/\" rel=\"bookmark\">Jos\u00e9 Antonio Marina: Si no ten\u00e9is pensamiento cr\u00edtico, o si no hay pensamiento cr\u00edtico, la manipulaci\u00f3n va a ser muy sencilla<\/a><\/h3>\t\t\t\t\t<\/header><!-- .entry-header -->\n\t\t\t\t<\/div><!-- .post-inner -->\n\n\t\t\t<\/div><!-- .post-outer -->\n\t\t<\/article>\n\t\t\t<article id=\"post-113504\" class=\"post-113504 post type-post status-publish format-standard has-post-thumbnail category-entrevistas category-noticias tag-alumno tag-begona-ibarrola-2 tag-desmotivado tag-vago cs-entry cs-video-wrap\">\n\t\t\t<div class=\"pk-post-outer\">\n\n\t\t\t\t\t\t\t\t<div class=\"pk-post-inner\">\n\t\t\t\t\t<div class=\"entry-thumbnail\">\n\t\t\t\t\t\t<div class=\"pk-overlay pk-overlay-ratio pk-ratio-landscape\">\n\t\t\t\t\t\t\t<div class=\"pk-overlay-background\">\n\t\t\t\t\t\t\t\t<a href=\"https:\/\/webdelmaestrocmf.com\/portal\/begona-ibarrola-debemos-distinguir-entre-un-alumno-verdaderamente-vago-y-uno-que-esta-desmotivado-porque-anticipa-el-fracaso\/\" class=\"pk-overlay-link\">\n\t\t\t\t\t\t\t\t\t<img loading=\"lazy\" decoding=\"async\" width=\"300\" height=\"225\" src=\"https:\/\/webdelmaestrocmf.com\/portal\/wp-content\/uploads\/2025\/11\/1AA-Banner-1-portada-imagen-10-1-copia-3-300x225.webp\" class=\"attachment-pk-thumbnail size-pk-thumbnail wp-post-image\" alt=\"\" \/>\t\t\t\t\t\t\t\t<\/a>\n\t\t\t\t\t\t\t<\/div>\n\t\t\t\t\t\t<\/div>\n\t\t\t\t\t<\/div>\n\t\t\t\t<\/div>\n\t\t\t\t\n\t\t\t\t<div class=\"pk-post-inner\">\n\t\t\t\t\t<header>\n\t\t\t\t\t\t<h3 class=\"pk-title\"><a href=\"https:\/\/webdelmaestrocmf.com\/portal\/begona-ibarrola-debemos-distinguir-entre-un-alumno-verdaderamente-vago-y-uno-que-esta-desmotivado-porque-anticipa-el-fracaso\/\" rel=\"bookmark\">Bego\u00f1a Ibarrola: Debemos distinguir entre un alumno verdaderamente vago y uno que est\u00e1 desmotivado porque anticipa el fracaso<\/a><\/h3>\t\t\t\t\t<\/header><!-- .entry-header -->\n\t\t\t\t<\/div><!-- .post-inner -->\n\n\t\t\t<\/div><!-- .post-outer -->\n\t\t<\/article>\n\t\t\t<article id=\"post-118480\" class=\"post-118480 post type-post status-publish format-standard has-post-thumbnail category-entrevistas category-noticias tag-aprendizaje tag-autonomia-3 tag-desarrollo tag-docentes tag-educacion-2 tag-ensenanza-2 tag-escuela tag-infancia tag-juego tag-pedagogia-2 cs-entry cs-video-wrap\">\n\t\t\t<div class=\"pk-post-outer\">\n\n\t\t\t\t\t\t\t\t<div class=\"pk-post-inner\">\n\t\t\t\t\t<div class=\"entry-thumbnail\">\n\t\t\t\t\t\t<div class=\"pk-overlay pk-overlay-ratio pk-ratio-landscape\">\n\t\t\t\t\t\t\t<div class=\"pk-overlay-background\">\n\t\t\t\t\t\t\t\t<a href=\"https:\/\/webdelmaestrocmf.com\/portal\/francesco-tonucci-hoy-la-escuela-esta-asumiendo-un-error-fatal-que-es-hacer-mas-un-papel-de-ninera-que-de-estructura-educativa\/\" class=\"pk-overlay-link\">\n\t\t\t\t\t\t\t\t\t<img loading=\"lazy\" decoding=\"async\" width=\"300\" height=\"225\" src=\"https:\/\/webdelmaestrocmf.com\/portal\/wp-content\/uploads\/2026\/04\/1AA-Banner-1-portada-imagen-10-1-copia-2-9-300x225.webp\" class=\"attachment-pk-thumbnail size-pk-thumbnail wp-post-image\" alt=\"\" \/>\t\t\t\t\t\t\t\t<\/a>\n\t\t\t\t\t\t\t<\/div>\n\t\t\t\t\t\t<\/div>\n\t\t\t\t\t<\/div>\n\t\t\t\t<\/div>\n\t\t\t\t\n\t\t\t\t<div class=\"pk-post-inner\">\n\t\t\t\t\t<header>\n\t\t\t\t\t\t<h3 class=\"pk-title\"><a href=\"https:\/\/webdelmaestrocmf.com\/portal\/francesco-tonucci-hoy-la-escuela-esta-asumiendo-un-error-fatal-que-es-hacer-mas-un-papel-de-ninera-que-de-estructura-educativa\/\" rel=\"bookmark\">Francesco Tonucci: Hoy la escuela est\u00e1 asumiendo un error fatal que es hacer m\u00e1s un papel de ni\u00f1era que de estructura educativa<\/a><\/h3>\t\t\t\t\t<\/header><!-- .entry-header -->\n\t\t\t\t<\/div><!-- .post-inner -->\n\n\t\t\t<\/div><!-- .post-outer -->\n\t\t<\/article>\n\t\t\t\t<\/div>\n\t\t<\/div>\n\t\t\n","protected":false},"excerpt":{"rendered":"El hombre masa es aquel a quien le piensan sus pensamientos, le opinan sus opiniones y le viven su vida.","protected":false},"author":1,"featured_media":107325,"comment_status":"open","ping_status":"open","sticky":false,"template":"","format":"standard","meta":{"csco_display_header_overlay":false,"csco_singular_sidebar":"disabled","csco_page_header_type":"large","csco_page_load_nextpost":"default","csco_post_video_location":[],"csco_post_video_location_hash":"","csco_post_video_url":"","csco_post_video_bg_start_time":0,"csco_post_video_bg_end_time":0,"csco_post_video_bg_volume":false,"_jetpack_memberships_contains_paid_content":false,"footnotes":""},"categories":[48,47],"tags":[2277,1837,2279,2280,2278],"class_list":{"0":"post-19061","1":"post","2":"type-post","3":"status-publish","4":"format-standard","5":"has-post-thumbnail","7":"category-entrevistas","8":"category-noticias","9":"tag-carmela-aspillaga","10":"tag-educa","11":"tag-engendra","12":"tag-masa","13":"tag-pais","14":"cs-entry","15":"cs-video-wrap"},"yoast_head":"<!-- This site is optimized with the Yoast SEO plugin v27.5 - https:\/\/yoast.com\/product\/yoast-seo-wordpress\/ -->\n<title>Carmela Asp\u00edllaga: \u201cUn pa\u00eds que educa, no engendra masa\u201d<\/title>\n<meta name=\"description\" content=\"Un pa\u00eds que educa no engendra masa porque forma seres humanos libres y responsables, que toman sus propias decisiones proyect\u00e1ndose...\" \/>\n<meta name=\"robots\" content=\"index, follow, max-snippet:-1, max-image-preview:large, max-video-preview:-1\" \/>\n<link rel=\"canonical\" href=\"https:\/\/webdelmaestrocmf.com\/portal\/dra-carmela-aspillaga-pais-educa-no-engendra-masa\/\" \/>\n<meta property=\"og:locale\" content=\"es_ES\" \/>\n<meta property=\"og:type\" content=\"article\" \/>\n<meta property=\"og:title\" content=\"Carmela Asp\u00edllaga: \u201cUn pa\u00eds que educa, no engendra masa\u201d\" \/>\n<meta property=\"og:description\" content=\"Un pa\u00eds que educa no engendra masa porque forma seres humanos libres y responsables, que toman sus propias decisiones proyect\u00e1ndose...\" \/>\n<meta property=\"og:url\" content=\"https:\/\/webdelmaestrocmf.com\/portal\/dra-carmela-aspillaga-pais-educa-no-engendra-masa\/\" \/>\n<meta property=\"og:site_name\" content=\"Web del Maestro CMF\" \/>\n<meta property=\"article:publisher\" content=\"https:\/\/www.facebook.com\/WebdelMaestroCMF\/\" \/>\n<meta property=\"article:author\" content=\"https:\/\/www.facebook.com\/WebdelMaestroCMF\/\" \/>\n<meta property=\"article:published_time\" content=\"2017-06-04T00:53:45+00:00\" \/>\n<meta property=\"article:modified_time\" content=\"2025-07-31T00:53:19+00:00\" \/>\n<meta property=\"og:image\" content=\"https:\/\/webdelmaestrocmf.com\/portal\/wp-content\/uploads\/2017\/06\/1A-Banner-1-portada-imagen-10-1.jpg\" \/>\n\t<meta property=\"og:image:width\" content=\"1024\" \/>\n\t<meta property=\"og:image:height\" content=\"1024\" \/>\n\t<meta property=\"og:image:type\" content=\"image\/jpeg\" \/>\n<meta name=\"author\" content=\"Web del Maestro CMF\" \/>\n<meta name=\"twitter:card\" content=\"summary_large_image\" \/>\n<meta name=\"twitter:creator\" content=\"@cmf_w\" \/>\n<meta name=\"twitter:site\" content=\"@cmf_w\" \/>\n<script type=\"application\/ld+json\" class=\"yoast-schema-graph\">{\"@context\":\"https:\\\/\\\/schema.org\",\"@graph\":[{\"@type\":\"ScholarlyArticle\",\"@id\":\"https:\\\/\\\/webdelmaestrocmf.com\\\/portal\\\/dra-carmela-aspillaga-pais-educa-no-engendra-masa\\\/#article\",\"isPartOf\":{\"@id\":\"https:\\\/\\\/webdelmaestrocmf.com\\\/portal\\\/dra-carmela-aspillaga-pais-educa-no-engendra-masa\\\/\"},\"author\":{\"name\":\"Web del Maestro CMF\",\"@id\":\"https:\\\/\\\/webdelmaestrocmf.com\\\/portal\\\/#\\\/schema\\\/person\\\/1072a2ed7bd960df8ef99a551fa35dc5\"},\"headline\":\"Carmela Asp\u00edllaga: \u201cUn pa\u00eds que educa, no engendra masa\u201d\",\"datePublished\":\"2017-06-04T00:53:45+00:00\",\"dateModified\":\"2025-07-31T00:53:19+00:00\",\"mainEntityOfPage\":{\"@id\":\"https:\\\/\\\/webdelmaestrocmf.com\\\/portal\\\/dra-carmela-aspillaga-pais-educa-no-engendra-masa\\\/\"},\"wordCount\":1130,\"commentCount\":0,\"publisher\":{\"@id\":\"https:\\\/\\\/webdelmaestrocmf.com\\\/portal\\\/#organization\"},\"image\":{\"@id\":\"https:\\\/\\\/webdelmaestrocmf.com\\\/portal\\\/dra-carmela-aspillaga-pais-educa-no-engendra-masa\\\/#primaryimage\"},\"thumbnailUrl\":\"https:\\\/\\\/webdelmaestrocmf.com\\\/portal\\\/wp-content\\\/uploads\\\/2017\\\/06\\\/1A-Banner-1-portada-imagen-10-1.jpg\",\"keywords\":[\"CARMELA ASP\u00cdLLAGA\",\"EDUCA\",\"ENGENDRA\",\"MASA\",\"PA\u00cdS\"],\"articleSection\":[\"Entrevistas\",\"Noticias\"],\"inLanguage\":\"es\",\"potentialAction\":[{\"@type\":\"CommentAction\",\"name\":\"Comment\",\"target\":[\"https:\\\/\\\/webdelmaestrocmf.com\\\/portal\\\/dra-carmela-aspillaga-pais-educa-no-engendra-masa\\\/#respond\"]}]},{\"@type\":\"WebPage\",\"@id\":\"https:\\\/\\\/webdelmaestrocmf.com\\\/portal\\\/dra-carmela-aspillaga-pais-educa-no-engendra-masa\\\/\",\"url\":\"https:\\\/\\\/webdelmaestrocmf.com\\\/portal\\\/dra-carmela-aspillaga-pais-educa-no-engendra-masa\\\/\",\"name\":\"Carmela Asp\u00edllaga: \u201cUn pa\u00eds que educa, no engendra masa\u201d\",\"isPartOf\":{\"@id\":\"https:\\\/\\\/webdelmaestrocmf.com\\\/portal\\\/#website\"},\"primaryImageOfPage\":{\"@id\":\"https:\\\/\\\/webdelmaestrocmf.com\\\/portal\\\/dra-carmela-aspillaga-pais-educa-no-engendra-masa\\\/#primaryimage\"},\"image\":{\"@id\":\"https:\\\/\\\/webdelmaestrocmf.com\\\/portal\\\/dra-carmela-aspillaga-pais-educa-no-engendra-masa\\\/#primaryimage\"},\"thumbnailUrl\":\"https:\\\/\\\/webdelmaestrocmf.com\\\/portal\\\/wp-content\\\/uploads\\\/2017\\\/06\\\/1A-Banner-1-portada-imagen-10-1.jpg\",\"datePublished\":\"2017-06-04T00:53:45+00:00\",\"dateModified\":\"2025-07-31T00:53:19+00:00\",\"description\":\"Un pa\u00eds que educa no engendra masa porque forma seres humanos libres y responsables, que toman sus propias decisiones proyect\u00e1ndose...\",\"breadcrumb\":{\"@id\":\"https:\\\/\\\/webdelmaestrocmf.com\\\/portal\\\/dra-carmela-aspillaga-pais-educa-no-engendra-masa\\\/#breadcrumb\"},\"inLanguage\":\"es\",\"potentialAction\":[{\"@type\":\"ReadAction\",\"target\":[\"https:\\\/\\\/webdelmaestrocmf.com\\\/portal\\\/dra-carmela-aspillaga-pais-educa-no-engendra-masa\\\/\"]}]},{\"@type\":\"ImageObject\",\"inLanguage\":\"es\",\"@id\":\"https:\\\/\\\/webdelmaestrocmf.com\\\/portal\\\/dra-carmela-aspillaga-pais-educa-no-engendra-masa\\\/#primaryimage\",\"url\":\"https:\\\/\\\/webdelmaestrocmf.com\\\/portal\\\/wp-content\\\/uploads\\\/2017\\\/06\\\/1A-Banner-1-portada-imagen-10-1.jpg\",\"contentUrl\":\"https:\\\/\\\/webdelmaestrocmf.com\\\/portal\\\/wp-content\\\/uploads\\\/2017\\\/06\\\/1A-Banner-1-portada-imagen-10-1.jpg\",\"width\":1024,\"height\":1024},{\"@type\":\"BreadcrumbList\",\"@id\":\"https:\\\/\\\/webdelmaestrocmf.com\\\/portal\\\/dra-carmela-aspillaga-pais-educa-no-engendra-masa\\\/#breadcrumb\",\"itemListElement\":[{\"@type\":\"ListItem\",\"position\":1,\"name\":\"Portada\",\"item\":\"https:\\\/\\\/webdelmaestrocmf.com\\\/portal\\\/\"},{\"@type\":\"ListItem\",\"position\":2,\"name\":\"Noticias\",\"item\":\"https:\\\/\\\/webdelmaestrocmf.com\\\/portal\\\/category\\\/noticias\\\/\"},{\"@type\":\"ListItem\",\"position\":3,\"name\":\"Carmela Asp\u00edllaga: \u201cUn pa\u00eds que educa, no engendra masa\u201d\"}]},{\"@type\":\"WebSite\",\"@id\":\"https:\\\/\\\/webdelmaestrocmf.com\\\/portal\\\/#website\",\"url\":\"https:\\\/\\\/webdelmaestrocmf.com\\\/portal\\\/\",\"name\":\"Web del Maestro CMF\",\"description\":\"Maestros al servicio de la educaci\u00f3n\",\"publisher\":{\"@id\":\"https:\\\/\\\/webdelmaestrocmf.com\\\/portal\\\/#organization\"},\"alternateName\":\"WMCMF\",\"potentialAction\":[{\"@type\":\"SearchAction\",\"target\":{\"@type\":\"EntryPoint\",\"urlTemplate\":\"https:\\\/\\\/webdelmaestrocmf.com\\\/portal\\\/?s={search_term_string}\"},\"query-input\":{\"@type\":\"PropertyValueSpecification\",\"valueRequired\":true,\"valueName\":\"search_term_string\"}}],\"inLanguage\":\"es\"},{\"@type\":\"Organization\",\"@id\":\"https:\\\/\\\/webdelmaestrocmf.com\\\/portal\\\/#organization\",\"name\":\"Web del Maestro CMF\",\"alternateName\":\"WMCMF\",\"url\":\"https:\\\/\\\/webdelmaestrocmf.com\\\/portal\\\/\",\"logo\":{\"@type\":\"ImageObject\",\"inLanguage\":\"es\",\"@id\":\"https:\\\/\\\/webdelmaestrocmf.com\\\/portal\\\/#\\\/schema\\\/logo\\\/image\\\/\",\"url\":\"https:\\\/\\\/webdelmaestrocmf.com\\\/portal\\\/wp-content\\\/uploads\\\/2023\\\/01\\\/logo-wmcmf-2.png\",\"contentUrl\":\"https:\\\/\\\/webdelmaestrocmf.com\\\/portal\\\/wp-content\\\/uploads\\\/2023\\\/01\\\/logo-wmcmf-2.png\",\"width\":200,\"height\":60,\"caption\":\"Web del Maestro CMF\"},\"image\":{\"@id\":\"https:\\\/\\\/webdelmaestrocmf.com\\\/portal\\\/#\\\/schema\\\/logo\\\/image\\\/\"},\"sameAs\":[\"https:\\\/\\\/www.facebook.com\\\/WebdelMaestroCMF\\\/\",\"https:\\\/\\\/x.com\\\/cmf_w\",\"https:\\\/\\\/www.pinterest.com\\\/WMCMF\\\/\",\"https:\\\/\\\/www.linkedin.com\\\/company\\\/web-del-maestro-cmf\\\/\",\"https:\\\/\\\/www.instagram.com\\\/wmcmf\\\/\",\"https:\\\/\\\/www.youtube.com\\\/channel\\\/UCDPSvjbdodE5sHnC3OxutHw\",\"https:\\\/\\\/mastodon.social\\\/@wmcmf\",\"https:\\\/\\\/www.tiktok.com\\\/@webdelmaestrocmf\"]},{\"@type\":\"Person\",\"@id\":\"https:\\\/\\\/webdelmaestrocmf.com\\\/portal\\\/#\\\/schema\\\/person\\\/1072a2ed7bd960df8ef99a551fa35dc5\",\"name\":\"Web del Maestro CMF\",\"image\":{\"@type\":\"ImageObject\",\"inLanguage\":\"es\",\"@id\":\"https:\\\/\\\/secure.gravatar.com\\\/avatar\\\/23291dd5b5ae1077dcff3dbb04c3e02bd28403fa75af6d8787d5e97c5bbbe30b?s=96&d=mm&r=g\",\"url\":\"https:\\\/\\\/secure.gravatar.com\\\/avatar\\\/23291dd5b5ae1077dcff3dbb04c3e02bd28403fa75af6d8787d5e97c5bbbe30b?s=96&d=mm&r=g\",\"contentUrl\":\"https:\\\/\\\/secure.gravatar.com\\\/avatar\\\/23291dd5b5ae1077dcff3dbb04c3e02bd28403fa75af6d8787d5e97c5bbbe30b?s=96&d=mm&r=g\",\"caption\":\"Web del Maestro CMF\"},\"description\":\"Esta Web se cre\u00f3 sin fines de lucro, con fines educativos, cient\u00edficos y acad\u00e9micos, para personas que tengan dificultades y\\\/o inconvenientes en visualizar el material original. El objetivo es entregar recursos, compartir experiencias y materiales que ayuden a los padres de familia, maestros y estudiantes en su actualizaci\u00f3n y formaci\u00f3n permanente, en bien de la Educaci\u00f3n.\",\"sameAs\":[\"http:\\\/\\\/webdelmaestrocmf.com\\\/portal\",\"https:\\\/\\\/www.facebook.com\\\/WebdelMaestroCMF\\\/\",\"https:\\\/\\\/www.instagram.com\\\/wmcmf\\\/\",\"https:\\\/\\\/cl.linkedin.com\\\/company\\\/web-del-maestro-cmf\",\"https:\\\/\\\/www.pinterest.com\\\/WMCMF\\\/publicaciones\\\/\",\"https:\\\/\\\/x.com\\\/cmf_w\",\"https:\\\/\\\/www.youtube.com\\\/@WMCMF\"]}]}<\/script>\n<!-- \/ Yoast SEO plugin. -->","yoast_head_json":{"title":"Carmela Asp\u00edllaga: \u201cUn pa\u00eds que educa, no engendra masa\u201d","description":"Un pa\u00eds que educa no engendra masa porque forma seres humanos libres y responsables, que toman sus propias decisiones proyect\u00e1ndose...","robots":{"index":"index","follow":"follow","max-snippet":"max-snippet:-1","max-image-preview":"max-image-preview:large","max-video-preview":"max-video-preview:-1"},"canonical":"https:\/\/webdelmaestrocmf.com\/portal\/dra-carmela-aspillaga-pais-educa-no-engendra-masa\/","og_locale":"es_ES","og_type":"article","og_title":"Carmela Asp\u00edllaga: \u201cUn pa\u00eds que educa, no engendra masa\u201d","og_description":"Un pa\u00eds que educa no engendra masa porque forma seres humanos libres y responsables, que toman sus propias decisiones proyect\u00e1ndose...","og_url":"https:\/\/webdelmaestrocmf.com\/portal\/dra-carmela-aspillaga-pais-educa-no-engendra-masa\/","og_site_name":"Web del Maestro CMF","article_publisher":"https:\/\/www.facebook.com\/WebdelMaestroCMF\/","article_author":"https:\/\/www.facebook.com\/WebdelMaestroCMF\/","article_published_time":"2017-06-04T00:53:45+00:00","article_modified_time":"2025-07-31T00:53:19+00:00","og_image":[{"width":1024,"height":1024,"url":"https:\/\/webdelmaestrocmf.com\/portal\/wp-content\/uploads\/2017\/06\/1A-Banner-1-portada-imagen-10-1.jpg","type":"image\/jpeg"}],"author":"Web del Maestro CMF","twitter_card":"summary_large_image","twitter_creator":"@cmf_w","twitter_site":"@cmf_w","schema":{"@context":"https:\/\/schema.org","@graph":[{"@type":"ScholarlyArticle","@id":"https:\/\/webdelmaestrocmf.com\/portal\/dra-carmela-aspillaga-pais-educa-no-engendra-masa\/#article","isPartOf":{"@id":"https:\/\/webdelmaestrocmf.com\/portal\/dra-carmela-aspillaga-pais-educa-no-engendra-masa\/"},"author":{"name":"Web del Maestro CMF","@id":"https:\/\/webdelmaestrocmf.com\/portal\/#\/schema\/person\/1072a2ed7bd960df8ef99a551fa35dc5"},"headline":"Carmela Asp\u00edllaga: \u201cUn pa\u00eds que educa, no engendra masa\u201d","datePublished":"2017-06-04T00:53:45+00:00","dateModified":"2025-07-31T00:53:19+00:00","mainEntityOfPage":{"@id":"https:\/\/webdelmaestrocmf.com\/portal\/dra-carmela-aspillaga-pais-educa-no-engendra-masa\/"},"wordCount":1130,"commentCount":0,"publisher":{"@id":"https:\/\/webdelmaestrocmf.com\/portal\/#organization"},"image":{"@id":"https:\/\/webdelmaestrocmf.com\/portal\/dra-carmela-aspillaga-pais-educa-no-engendra-masa\/#primaryimage"},"thumbnailUrl":"https:\/\/webdelmaestrocmf.com\/portal\/wp-content\/uploads\/2017\/06\/1A-Banner-1-portada-imagen-10-1.jpg","keywords":["CARMELA ASP\u00cdLLAGA","EDUCA","ENGENDRA","MASA","PA\u00cdS"],"articleSection":["Entrevistas","Noticias"],"inLanguage":"es","potentialAction":[{"@type":"CommentAction","name":"Comment","target":["https:\/\/webdelmaestrocmf.com\/portal\/dra-carmela-aspillaga-pais-educa-no-engendra-masa\/#respond"]}]},{"@type":"WebPage","@id":"https:\/\/webdelmaestrocmf.com\/portal\/dra-carmela-aspillaga-pais-educa-no-engendra-masa\/","url":"https:\/\/webdelmaestrocmf.com\/portal\/dra-carmela-aspillaga-pais-educa-no-engendra-masa\/","name":"Carmela Asp\u00edllaga: \u201cUn pa\u00eds que educa, no engendra masa\u201d","isPartOf":{"@id":"https:\/\/webdelmaestrocmf.com\/portal\/#website"},"primaryImageOfPage":{"@id":"https:\/\/webdelmaestrocmf.com\/portal\/dra-carmela-aspillaga-pais-educa-no-engendra-masa\/#primaryimage"},"image":{"@id":"https:\/\/webdelmaestrocmf.com\/portal\/dra-carmela-aspillaga-pais-educa-no-engendra-masa\/#primaryimage"},"thumbnailUrl":"https:\/\/webdelmaestrocmf.com\/portal\/wp-content\/uploads\/2017\/06\/1A-Banner-1-portada-imagen-10-1.jpg","datePublished":"2017-06-04T00:53:45+00:00","dateModified":"2025-07-31T00:53:19+00:00","description":"Un pa\u00eds que educa no engendra masa porque forma seres humanos libres y responsables, que toman sus propias decisiones proyect\u00e1ndose...","breadcrumb":{"@id":"https:\/\/webdelmaestrocmf.com\/portal\/dra-carmela-aspillaga-pais-educa-no-engendra-masa\/#breadcrumb"},"inLanguage":"es","potentialAction":[{"@type":"ReadAction","target":["https:\/\/webdelmaestrocmf.com\/portal\/dra-carmela-aspillaga-pais-educa-no-engendra-masa\/"]}]},{"@type":"ImageObject","inLanguage":"es","@id":"https:\/\/webdelmaestrocmf.com\/portal\/dra-carmela-aspillaga-pais-educa-no-engendra-masa\/#primaryimage","url":"https:\/\/webdelmaestrocmf.com\/portal\/wp-content\/uploads\/2017\/06\/1A-Banner-1-portada-imagen-10-1.jpg","contentUrl":"https:\/\/webdelmaestrocmf.com\/portal\/wp-content\/uploads\/2017\/06\/1A-Banner-1-portada-imagen-10-1.jpg","width":1024,"height":1024},{"@type":"BreadcrumbList","@id":"https:\/\/webdelmaestrocmf.com\/portal\/dra-carmela-aspillaga-pais-educa-no-engendra-masa\/#breadcrumb","itemListElement":[{"@type":"ListItem","position":1,"name":"Portada","item":"https:\/\/webdelmaestrocmf.com\/portal\/"},{"@type":"ListItem","position":2,"name":"Noticias","item":"https:\/\/webdelmaestrocmf.com\/portal\/category\/noticias\/"},{"@type":"ListItem","position":3,"name":"Carmela Asp\u00edllaga: \u201cUn pa\u00eds que educa, no engendra masa\u201d"}]},{"@type":"WebSite","@id":"https:\/\/webdelmaestrocmf.com\/portal\/#website","url":"https:\/\/webdelmaestrocmf.com\/portal\/","name":"Web del Maestro CMF","description":"Maestros al servicio de la educaci\u00f3n","publisher":{"@id":"https:\/\/webdelmaestrocmf.com\/portal\/#organization"},"alternateName":"WMCMF","potentialAction":[{"@type":"SearchAction","target":{"@type":"EntryPoint","urlTemplate":"https:\/\/webdelmaestrocmf.com\/portal\/?s={search_term_string}"},"query-input":{"@type":"PropertyValueSpecification","valueRequired":true,"valueName":"search_term_string"}}],"inLanguage":"es"},{"@type":"Organization","@id":"https:\/\/webdelmaestrocmf.com\/portal\/#organization","name":"Web del Maestro CMF","alternateName":"WMCMF","url":"https:\/\/webdelmaestrocmf.com\/portal\/","logo":{"@type":"ImageObject","inLanguage":"es","@id":"https:\/\/webdelmaestrocmf.com\/portal\/#\/schema\/logo\/image\/","url":"https:\/\/webdelmaestrocmf.com\/portal\/wp-content\/uploads\/2023\/01\/logo-wmcmf-2.png","contentUrl":"https:\/\/webdelmaestrocmf.com\/portal\/wp-content\/uploads\/2023\/01\/logo-wmcmf-2.png","width":200,"height":60,"caption":"Web del Maestro CMF"},"image":{"@id":"https:\/\/webdelmaestrocmf.com\/portal\/#\/schema\/logo\/image\/"},"sameAs":["https:\/\/www.facebook.com\/WebdelMaestroCMF\/","https:\/\/x.com\/cmf_w","https:\/\/www.pinterest.com\/WMCMF\/","https:\/\/www.linkedin.com\/company\/web-del-maestro-cmf\/","https:\/\/www.instagram.com\/wmcmf\/","https:\/\/www.youtube.com\/channel\/UCDPSvjbdodE5sHnC3OxutHw","https:\/\/mastodon.social\/@wmcmf","https:\/\/www.tiktok.com\/@webdelmaestrocmf"]},{"@type":"Person","@id":"https:\/\/webdelmaestrocmf.com\/portal\/#\/schema\/person\/1072a2ed7bd960df8ef99a551fa35dc5","name":"Web del Maestro CMF","image":{"@type":"ImageObject","inLanguage":"es","@id":"https:\/\/secure.gravatar.com\/avatar\/23291dd5b5ae1077dcff3dbb04c3e02bd28403fa75af6d8787d5e97c5bbbe30b?s=96&d=mm&r=g","url":"https:\/\/secure.gravatar.com\/avatar\/23291dd5b5ae1077dcff3dbb04c3e02bd28403fa75af6d8787d5e97c5bbbe30b?s=96&d=mm&r=g","contentUrl":"https:\/\/secure.gravatar.com\/avatar\/23291dd5b5ae1077dcff3dbb04c3e02bd28403fa75af6d8787d5e97c5bbbe30b?s=96&d=mm&r=g","caption":"Web del Maestro CMF"},"description":"Esta Web se cre\u00f3 sin fines de lucro, con fines educativos, cient\u00edficos y acad\u00e9micos, para personas que tengan dificultades y\/o inconvenientes en visualizar el material original. El objetivo es entregar recursos, compartir experiencias y materiales que ayuden a los padres de familia, maestros y estudiantes en su actualizaci\u00f3n y formaci\u00f3n permanente, en bien de la Educaci\u00f3n.","sameAs":["http:\/\/webdelmaestrocmf.com\/portal","https:\/\/www.facebook.com\/WebdelMaestroCMF\/","https:\/\/www.instagram.com\/wmcmf\/","https:\/\/cl.linkedin.com\/company\/web-del-maestro-cmf","https:\/\/www.pinterest.com\/WMCMF\/publicaciones\/","https:\/\/x.com\/cmf_w","https:\/\/www.youtube.com\/@WMCMF"]}]}},"jetpack_featured_media_url":"https:\/\/webdelmaestrocmf.com\/portal\/wp-content\/uploads\/2017\/06\/1A-Banner-1-portada-imagen-10-1.jpg","jetpack_sharing_enabled":true,"jetpack-related-posts":[{"id":19307,"url":"https:\/\/webdelmaestrocmf.com\/portal\/la-calidad-de-los-docentes-define-el-exito-o-el-fracaso-escolar\/","url_meta":{"origin":19061,"position":0},"title":"Flor Hau: La calidad de los docentes define el \u00e9xito o el fracaso escolar","author":"Web del Maestro CMF","date":"5 mayo, 2024","format":false,"excerpt":"La calidad educativa depende directamente de la formaci\u00f3n docente, la vocaci\u00f3n y la evaluaci\u00f3n continua. Sin inversi\u00f3n suficiente ni pol\u00edticas claras, los estudiantes son los m\u00e1s afectados en su aprendizaje.","rel":"","context":"En \u00abEntrevistas\u00bb","block_context":{"text":"Entrevistas","link":"https:\/\/webdelmaestrocmf.com\/portal\/category\/noticias\/entrevistas\/"},"img":{"alt_text":"","src":"https:\/\/i0.wp.com\/webdelmaestrocmf.com\/portal\/wp-content\/uploads\/2024\/05\/1-6.jpg?resize=350%2C200&ssl=1","width":350,"height":200,"srcset":"https:\/\/i0.wp.com\/webdelmaestrocmf.com\/portal\/wp-content\/uploads\/2024\/05\/1-6.jpg?resize=350%2C200&ssl=1 1x, https:\/\/i0.wp.com\/webdelmaestrocmf.com\/portal\/wp-content\/uploads\/2024\/05\/1-6.jpg?resize=525%2C300&ssl=1 1.5x, https:\/\/i0.wp.com\/webdelmaestrocmf.com\/portal\/wp-content\/uploads\/2024\/05\/1-6.jpg?resize=700%2C400&ssl=1 2x, https:\/\/i0.wp.com\/webdelmaestrocmf.com\/portal\/wp-content\/uploads\/2024\/05\/1-6.jpg?resize=1050%2C600&ssl=1 3x"},"classes":[]},{"id":15738,"url":"https:\/\/webdelmaestrocmf.com\/portal\/apoyo-madre-joven-paralisis-cerebral-se-gradua-licenciado\/","url_meta":{"origin":19061,"position":1},"title":"Gracias a su madre, joven con par\u00e1lisis cerebral, se grad\u00faa de licenciado","author":"Web del Maestro CMF","date":"8 marzo, 2017","format":false,"excerpt":"La Universidad Aut\u00f3noma de M\u00e9xico ha otorgado la licenciatura en Ciencias Pol\u00edticas y Administraci\u00f3n P\u00fablica con menci\u00f3n honor\u00edfica, a Mat\u00edas Alan\u00eds \u00c1lvarez, quien padece encefalopat\u00eda atetoide (par\u00e1lisis cerebral), dentro de su programa de inclusi\u00f3n acad\u00e9mica para alumnos especiales. \u201cLa encefalopat\u00eda atetoide impide a Mat\u00edas controlar sus movimientos, adem\u00e1s de que\u2026","rel":"","context":"En \u00abNoticias\u00bb","block_context":{"text":"Noticias","link":"https:\/\/webdelmaestrocmf.com\/portal\/category\/pedagogia\/noticias-pedagogia\/"},"img":{"alt_text":"","src":"https:\/\/i0.wp.com\/webdelmaestrocmf.com\/portal\/wp-content\/uploads\/2017\/03\/A12B3C4D-27.jpg?resize=350%2C200&ssl=1","width":350,"height":200,"srcset":"https:\/\/i0.wp.com\/webdelmaestrocmf.com\/portal\/wp-content\/uploads\/2017\/03\/A12B3C4D-27.jpg?resize=350%2C200&ssl=1 1x, https:\/\/i0.wp.com\/webdelmaestrocmf.com\/portal\/wp-content\/uploads\/2017\/03\/A12B3C4D-27.jpg?resize=525%2C300&ssl=1 1.5x, https:\/\/i0.wp.com\/webdelmaestrocmf.com\/portal\/wp-content\/uploads\/2017\/03\/A12B3C4D-27.jpg?resize=700%2C400&ssl=1 2x"},"classes":[]},{"id":62521,"url":"https:\/\/webdelmaestrocmf.com\/portal\/reinventate-18-consejos-para-mantener-la-motivacion-del-estudiante-en-el-aula-virtual\/","url_meta":{"origin":19061,"position":2},"title":"Reinv\u00e9ntate: 18 consejos para mantener la motivaci\u00f3n del estudiante en el aula","author":"Web del Maestro CMF","date":"2 junio, 2024","format":false,"excerpt":"El Profesor argentino Hern\u00e1n Aldana estudi\u00f3 Licenciatura en Ciencias Biol\u00f3gicas en la Facultad de Ciencias Exactas y Naturales y obtuvo su Doctorado en Ciencias Biol\u00f3gicas, en la Universidad de Buenos Aires (Argentina). Desde el a\u00f1o 2008 hasta el 2018 fue Decano de la Facultad de Ciencias Exactas y Naturales y\u2026","rel":"","context":"En \u00abYo opino - WMCMF\u00bb","block_context":{"text":"Yo opino - WMCMF","link":"https:\/\/webdelmaestrocmf.com\/portal\/category\/jamb\/"},"img":{"alt_text":"","src":"https:\/\/i0.wp.com\/webdelmaestrocmf.com\/portal\/wp-content\/uploads\/2021\/05\/Banner-1-portada-imagen-10-1-2024-06-02T105604.369.jpg?resize=350%2C200&ssl=1","width":350,"height":200,"srcset":"https:\/\/i0.wp.com\/webdelmaestrocmf.com\/portal\/wp-content\/uploads\/2021\/05\/Banner-1-portada-imagen-10-1-2024-06-02T105604.369.jpg?resize=350%2C200&ssl=1 1x, https:\/\/i0.wp.com\/webdelmaestrocmf.com\/portal\/wp-content\/uploads\/2021\/05\/Banner-1-portada-imagen-10-1-2024-06-02T105604.369.jpg?resize=525%2C300&ssl=1 1.5x, https:\/\/i0.wp.com\/webdelmaestrocmf.com\/portal\/wp-content\/uploads\/2021\/05\/Banner-1-portada-imagen-10-1-2024-06-02T105604.369.jpg?resize=700%2C400&ssl=1 2x"},"classes":[]},{"id":20668,"url":"https:\/\/webdelmaestrocmf.com\/portal\/educacion-patito-feo\/","url_meta":{"origin":19061,"position":3},"title":"Educaci\u00f3n, \u00bfel patito feo? La gran incomprendida del mundo profesional","author":"Web del Maestro CMF","date":"22 julio, 2017","format":false,"excerpt":"Olga Belletich Ru\u00edz\u00a0es profesora del Departamento de Psicolog\u00eda y Pedagog\u00eda en la Facultad de Ciencias Humanas y Sociales, impartiendo docencia en los grados de Maestro en educaci\u00f3n Infantil, Maestro de Educaci\u00f3n Primaria, Trabajo Social y Sociolog\u00eda Aplicada,\u00a0 as\u00ed como en\u00a0 m\u00e1steres de Formaci\u00f3n de Profesorado de Educaci\u00f3n Secundaria. Es doctora\u00a0\u2026","rel":"","context":"En \u00abSin categor\u00eda\u00bb","block_context":{"text":"Sin categor\u00eda","link":"https:\/\/webdelmaestrocmf.com\/portal\/category\/sin-categoria-es\/"},"img":{"alt_text":"","src":"https:\/\/i0.wp.com\/webdelmaestrocmf.com\/portal\/wp-content\/uploads\/2017\/07\/34945720744_7b484010af_b.jpg?resize=350%2C200&ssl=1","width":350,"height":200,"srcset":"https:\/\/i0.wp.com\/webdelmaestrocmf.com\/portal\/wp-content\/uploads\/2017\/07\/34945720744_7b484010af_b.jpg?resize=350%2C200&ssl=1 1x, https:\/\/i0.wp.com\/webdelmaestrocmf.com\/portal\/wp-content\/uploads\/2017\/07\/34945720744_7b484010af_b.jpg?resize=525%2C300&ssl=1 1.5x, https:\/\/i0.wp.com\/webdelmaestrocmf.com\/portal\/wp-content\/uploads\/2017\/07\/34945720744_7b484010af_b.jpg?resize=700%2C400&ssl=1 2x"},"classes":[]},{"id":19719,"url":"https:\/\/webdelmaestrocmf.com\/portal\/conseguir-una-educacion-humanizadora\/","url_meta":{"origin":19061,"position":4},"title":"Pablo P\u00e9rez S\u00e1nchez: Hay que conseguir una educaci\u00f3n humanizadora","author":"Web del Maestro CMF","date":"7 junio, 2018","format":false,"excerpt":"Compartimos con fines educativos - pastorales la publicaci\u00f3n de la Universidad de Piura en donde Elena Belletich realiza la siguiente nota sobre la presentaci\u00f3n de los dos primeros vol\u00famenes de \"Una teor\u00eda educativa\" del Dr. Pablo P\u00e9rez S\u00e1nchez, motivado por recuperar los fines de la educaci\u00f3n, el papel del profesor\u2026","rel":"","context":"En \u00abEntrevistas\u00bb","block_context":{"text":"Entrevistas","link":"https:\/\/webdelmaestrocmf.com\/portal\/category\/noticias\/entrevistas\/"},"img":{"alt_text":"","src":"https:\/\/i0.wp.com\/webdelmaestrocmf.com\/portal\/wp-content\/uploads\/2018\/06\/1AA-Banner-1-portada-imagen-10-1-copia-5.webp?resize=350%2C200&ssl=1","width":350,"height":200,"srcset":"https:\/\/i0.wp.com\/webdelmaestrocmf.com\/portal\/wp-content\/uploads\/2018\/06\/1AA-Banner-1-portada-imagen-10-1-copia-5.webp?resize=350%2C200&ssl=1 1x, https:\/\/i0.wp.com\/webdelmaestrocmf.com\/portal\/wp-content\/uploads\/2018\/06\/1AA-Banner-1-portada-imagen-10-1-copia-5.webp?resize=525%2C300&ssl=1 1.5x, https:\/\/i0.wp.com\/webdelmaestrocmf.com\/portal\/wp-content\/uploads\/2018\/06\/1AA-Banner-1-portada-imagen-10-1-copia-5.webp?resize=700%2C400&ssl=1 2x, https:\/\/i0.wp.com\/webdelmaestrocmf.com\/portal\/wp-content\/uploads\/2018\/06\/1AA-Banner-1-portada-imagen-10-1-copia-5.webp?resize=1050%2C600&ssl=1 3x"},"classes":[]},{"id":38171,"url":"https:\/\/webdelmaestrocmf.com\/portal\/claudio-naranjo-in-memoriam-pensamientos-sobre-la-educacion\/","url_meta":{"origin":19061,"position":5},"title":"Claudio Naranjo [In memoriam]: Pensamientos sobre la educaci\u00f3n","author":"Web del Maestro CMF","date":"14 julio, 2019","format":false,"excerpt":"Claudio Benjam\u00edn Naranjo Cohen naci\u00f3 el 24 de noviembre de 1932 en Valpara\u00edso, Chile. Creci\u00f3 en un ambiente musical, asisti\u00f3 al colegio en Valpara\u00edso y posteriormente en Santiago, y se gradu\u00f3 como Doctor en Medicina en 1959. Despu\u00e9s de un comienzo muy temprano con el piano, estudi\u00f3 composici\u00f3n musical, pero\u2026","rel":"","context":"En \u00abEntrevistas\u00bb","block_context":{"text":"Entrevistas","link":"https:\/\/webdelmaestrocmf.com\/portal\/category\/noticias\/entrevistas\/"},"img":{"alt_text":"","src":"https:\/\/i0.wp.com\/webdelmaestrocmf.com\/portal\/wp-content\/uploads\/2019\/07\/1-24.jpg?resize=350%2C200&ssl=1","width":350,"height":200,"srcset":"https:\/\/i0.wp.com\/webdelmaestrocmf.com\/portal\/wp-content\/uploads\/2019\/07\/1-24.jpg?resize=350%2C200&ssl=1 1x, https:\/\/i0.wp.com\/webdelmaestrocmf.com\/portal\/wp-content\/uploads\/2019\/07\/1-24.jpg?resize=525%2C300&ssl=1 1.5x, https:\/\/i0.wp.com\/webdelmaestrocmf.com\/portal\/wp-content\/uploads\/2019\/07\/1-24.jpg?resize=700%2C400&ssl=1 2x, https:\/\/i0.wp.com\/webdelmaestrocmf.com\/portal\/wp-content\/uploads\/2019\/07\/1-24.jpg?resize=1050%2C600&ssl=1 3x"},"classes":[]}],"_links":{"self":[{"href":"https:\/\/webdelmaestrocmf.com\/portal\/wp-json\/wp\/v2\/posts\/19061","targetHints":{"allow":["GET"]}}],"collection":[{"href":"https:\/\/webdelmaestrocmf.com\/portal\/wp-json\/wp\/v2\/posts"}],"about":[{"href":"https:\/\/webdelmaestrocmf.com\/portal\/wp-json\/wp\/v2\/types\/post"}],"author":[{"embeddable":true,"href":"https:\/\/webdelmaestrocmf.com\/portal\/wp-json\/wp\/v2\/users\/1"}],"replies":[{"embeddable":true,"href":"https:\/\/webdelmaestrocmf.com\/portal\/wp-json\/wp\/v2\/comments?post=19061"}],"version-history":[{"count":1,"href":"https:\/\/webdelmaestrocmf.com\/portal\/wp-json\/wp\/v2\/posts\/19061\/revisions"}],"predecessor-version":[{"id":111630,"href":"https:\/\/webdelmaestrocmf.com\/portal\/wp-json\/wp\/v2\/posts\/19061\/revisions\/111630"}],"wp:featuredmedia":[{"embeddable":true,"href":"https:\/\/webdelmaestrocmf.com\/portal\/wp-json\/wp\/v2\/media\/107325"}],"wp:attachment":[{"href":"https:\/\/webdelmaestrocmf.com\/portal\/wp-json\/wp\/v2\/media?parent=19061"}],"wp:term":[{"taxonomy":"category","embeddable":true,"href":"https:\/\/webdelmaestrocmf.com\/portal\/wp-json\/wp\/v2\/categories?post=19061"},{"taxonomy":"post_tag","embeddable":true,"href":"https:\/\/webdelmaestrocmf.com\/portal\/wp-json\/wp\/v2\/tags?post=19061"}],"curies":[{"name":"wp","href":"https:\/\/api.w.org\/{rel}","templated":true}]}}