{"id":18779,"date":"2017-05-28T19:15:05","date_gmt":"2017-05-28T23:15:05","guid":{"rendered":"http:\/\/webdelmaestrocmf.com\/portal\/?p=18779"},"modified":"2023-04-03T10:31:46","modified_gmt":"2023-04-03T14:31:46","slug":"docente-la-literatura-sirve-multiplicar-nuestra-alma","status":"publish","type":"post","link":"https:\/\/webdelmaestrocmf.com\/portal\/docente-la-literatura-sirve-multiplicar-nuestra-alma\/","title":{"rendered":"Maestro, la literatura sirve para multiplicar nuestra alma"},"content":{"rendered":"<h5 style=\"text-align: justify;\">Para Fernando Savater la educaci\u00f3n es lo que lucha contra esa fatalidad que hace que el pobre siempre tenga que tener hijos pobres y que el ignorante siempre tenga que tener hijos ignorantes.<\/h5>\n<p><!--more--><\/p>\n<h5 style=\"text-align: justify;\">Compartimos con fines \u00fanicamente educativos &#8211; pastorales la siguiente entrada que ha sido publicada en <strong>La Jornada Aguas Calientes<\/strong> sobre la ponencia de <strong>Fernando Savater<\/strong> llamada <strong>\u201cLa literatura como alegr\u00eda y salvaci\u00f3n en el arte de educar\u201d<\/strong><\/h5>\n<h5 class=\"story-title\"><strong>Cuanto m\u00e1s inculta una persona, m\u00e1s dinero necesita para los fines de semana: Savater<\/strong><\/h5>\n<p style=\"text-align: justify;\">La educaci\u00f3n capacita a los seres humanos para intervenir en la vida pol\u00edtica de un pa\u00eds, sostuvo Fernando Savater. Durante la conferencia magistral <strong>\u201cLa literatura como alegr\u00eda y salvaci\u00f3n en el arte de educar\u201d,<\/strong> que el escritor de origen espa\u00f1ol dict\u00f3 en la Universidad Aut\u00f3noma de Aguascalientes, dijo que la democracia convierte en pol\u00edticos a todos los ciudadanos y por eso es importante educarlos.<\/p>\n<p style=\"text-align: justify;\">En el sal\u00f3n de usos m\u00faltiples, declar\u00f3 que educar es formar seres humanos completos, porque dicho acto busca perpetuar lo que considera verdaderamente humano: <strong>\u201cNos hacemos humanos unos a otros, repartimos humanidad a nuestro alrededor y la recibimos de los dem\u00e1s\u201d.<\/strong><\/p>\n<p style=\"text-align: justify;\">Recalc\u00f3 que la ciudadan\u00eda no es definida por la tierra o los componentes naturales, sino que se transmite por el estado de derecho, la constituci\u00f3n democr\u00e1tica y las leyes de un pa\u00eds.<\/p>\n<p style=\"text-align: justify;\">La democracia obliga a educar como si cada ciudadano fuera a ser gobernante, por lo que consider\u00f3 que no debe restringirse s\u00f3lo a los sectores que pueden pagarla, pues esto representa una amenaza para la sociedad: <strong>\u201cLa educaci\u00f3n es lo que lucha contra esa fatalidad que hace que el pobre siempre tenga que tener hijos pobres y que el ignorante siempre tenga que tener hijos ignorantes\u201d.<\/strong><\/p>\n<p style=\"text-align: justify;\">Agreg\u00f3 que la humanidad est\u00e1 unida por las semejanzas que trascienden a los rasgos individualistas que mandatan las tradiciones. Por eso se congratul\u00f3 de que la Universidad Aut\u00f3noma de Aguascalientes se permitiera el acogimiento de j\u00f3venes sirios, a resguardo de los problemas b\u00e9licos que sufre su pa\u00eds.<\/p>\n<p style=\"text-align: justify;\">Para Savater, aunque la vida del ser humano sea delimitada por las decisiones que \u00e9ste asume a lo largo de su vida<strong> \u201cla literatura sirve para multiplicar nuestra alma\u201d<\/strong> al desplegar posibilidades para escapar de la estrechez y aventurarse en perspectivas distintos a las que se han elegido.<\/p>\n<p style=\"text-align: justify;\"><strong>\u201cLa persona que sabe leer, que se aficiona a la alegr\u00eda de la lectura, tiene unos goces extraordinarios y adem\u00e1s a muy poco precio. El mundo est\u00e1 lleno de diversiones caras. Cuanto m\u00e1s inculta es una persona, m\u00e1s dinero necesita para pasar los fines de semana, porque como no fabrica nada, no produce nada, todo lo tiene que comprar. Mientras que una persona con un cierto nivel de cultura, con la conversaci\u00f3n, un libro o una m\u00fasica puede pasar el tiempo de una manera enriquecedora, la riqueza que nos dan los libros es una riqueza real m\u00e1s duradera y limpia que las que se tienen.\u201d<\/strong><\/p>\n<p style=\"text-align: justify;\">El fil\u00f3sofo tambi\u00e9n destac\u00f3 el papel de las humanidades <strong>-literatura, filosof\u00eda, historia-<\/strong> que si bien son en apariencia menos rentables que las ciencias aplicadas, permiten a los estudiosos reconocer el para qu\u00e9 de sus esfuerzos y as\u00ed evitar estancarse en la minucia cotidiana.<\/p>\n<p style=\"text-align: justify;\">Cuestionado por los espectadores acerca del papel de las nuevas tecnolog\u00edas, anot\u00f3 que los nuevos soportes para la lectura, como <i>smartphone<\/i>s y <i>tablets<\/i>, son de gran apoyo para esta actividad, siempre y cuando estos instrumentos no se transformen en un fin mismo.<\/p>\n<p style=\"text-align: justify;\">Adem\u00e1s se dijo partidario de la literatura de entretenimiento, toda vez que <strong>\u201cel verbo leer no soporta la voz imperativa\u201d.<\/strong><\/p>\n<p style=\"text-align: justify;\">Entre los presentes en la ponencia estuvieron el rector de la instituci\u00f3n, Mario Andrade Cervantes; el ex rector y profesor em\u00e9rito, Alfonso P\u00e9rez Romo; el decano del Centro de Ciencias Sociales y Humanidades, Daniel Eudave Mu\u00f1oz y el decano del Centro de las Artes y la Cultura, Jos\u00e9 Luis Garc\u00eda Ruvalcaba.<\/p>\n<p style=\"text-align: justify;\">Fernando Fern\u00e1ndez-Savater Mart\u00edn ha dedicado su trayectoria a la reflexi\u00f3n sobre la \u00e9tica. Entre sus m\u00e1s reconocidas obras se encuentran <i>\u00c9tica para Amador<\/i>, <i>El contenido de la felicidad,<\/i> <i>La m\u00fasica de las letras<\/i> y <i>Aqu\u00ed viven leones<\/i>.<\/p>\n<p style=\"text-align: left;\"><strong class=\"last-child first-child\"><span class=\"last-child first-child\">Este contenido ha sido publicado originalmente por<strong>La Jornada Aguas Calietes<\/strong> en la siguiente direcci\u00f3n:\u00a0<a href=\"http:\/\/lja.mx\" target=\"_blank\" rel=\"noopener noreferrer\">lja.mx<\/a><\/span><\/strong><\/p>\n\t\t<div class=\"pk-inline-posts\">\n\t\t\t\n\t\t\t<div class=\"pk-inline-posts-container pk-inline-posts-template-list\"\n\t\t\t\tdata-columns=\"1\">\n\t\t\t\t\t\t<article id=\"post-118051\" class=\"post-118051 post type-post status-publish format-standard has-post-thumbnail category-lectoescritura category-leer category-libros category-pedagogia tag-aula tag-comprension-lectora tag-creatividad tag-dia-del-libro tag-docentes tag-fichas-educativas tag-lectura tag-manualidades tag-material-didactico tag-recursos-educativos cs-entry cs-video-wrap\">\n\t\t\t<div class=\"pk-post-outer\">\n\n\t\t\t\t\t\t\t\t<div class=\"pk-post-inner\">\n\t\t\t\t\t<div class=\"entry-thumbnail\">\n\t\t\t\t\t\t<div class=\"pk-overlay pk-overlay-ratio pk-ratio-landscape\">\n\t\t\t\t\t\t\t<div class=\"pk-overlay-background\">\n\t\t\t\t\t\t\t\t<a href=\"https:\/\/webdelmaestrocmf.com\/portal\/dia-del-libro-23-de-abril-descarga-las-actividades-recursos-fichas-manualidades-y-materiales-motivadores-para-transformar-la-lectura-en-el-aula\/\" class=\"pk-overlay-link\">\n\t\t\t\t\t\t\t\t\t<img loading=\"lazy\" decoding=\"async\" width=\"300\" height=\"225\" src=\"https:\/\/webdelmaestrocmf.com\/portal\/wp-content\/uploads\/2026\/04\/1AA-Banner-1-portada-imagen-10-1-copia-23-300x225.webp\" class=\"attachment-pk-thumbnail size-pk-thumbnail wp-post-image\" alt=\"\" \/>\t\t\t\t\t\t\t\t<\/a>\n\t\t\t\t\t\t\t<\/div>\n\t\t\t\t\t\t<\/div>\n\t\t\t\t\t<\/div>\n\t\t\t\t<\/div>\n\t\t\t\t\n\t\t\t\t<div class=\"pk-post-inner\">\n\t\t\t\t\t<header>\n\t\t\t\t\t\t<h3 class=\"pk-title\"><a href=\"https:\/\/webdelmaestrocmf.com\/portal\/dia-del-libro-23-de-abril-descarga-las-actividades-recursos-fichas-manualidades-y-materiales-motivadores-para-transformar-la-lectura-en-el-aula\/\" rel=\"bookmark\">D\u00eda del Libro (23 de abril): Descarga las actividades, recursos, fichas, manualidades, materiales y pulseras motivadores para transformar la lectura en el aula<\/a><\/h3>\t\t\t\t\t<\/header><!-- .entry-header -->\n\t\t\t\t<\/div><!-- .post-inner -->\n\n\t\t\t<\/div><!-- .post-outer -->\n\t\t<\/article>\n\t\t\t\t<\/div>\n\t\t<\/div>\n\t\t\n","protected":false},"excerpt":{"rendered":"Para Fernando Savater la educaci\u00f3n es lo que lucha contra esa fatalidad que hace que el pobre siempre&hellip;","protected":false},"author":1,"featured_media":85416,"comment_status":"open","ping_status":"open","sticky":false,"template":"","format":"standard","meta":{"csco_display_header_overlay":false,"csco_singular_sidebar":"default","csco_page_header_type":"default","csco_page_load_nextpost":"default","csco_post_video_location":[],"csco_post_video_location_hash":"","csco_post_video_url":"","csco_post_video_bg_start_time":0,"csco_post_video_bg_end_time":0,"csco_post_video_bg_volume":false,"_jetpack_memberships_contains_paid_content":false,"footnotes":""},"categories":[3058,735],"tags":[2249,54,2248,1254],"class_list":{"0":"post-18779","1":"post","2":"type-post","3":"status-publish","4":"format-standard","5":"has-post-thumbnail","7":"category-leer","8":"category-pedagogia","9":"tag-alma","10":"tag-fernando-savater","11":"tag-literatura","12":"tag-multiplicar","13":"cs-entry","14":"cs-video-wrap"},"yoast_head":"<!-- This site is optimized with the Yoast SEO plugin v27.5 - https:\/\/yoast.com\/product\/yoast-seo-wordpress\/ -->\n<title>Maestro, la literatura sirve para multiplicar nuestra alma<\/title>\n<meta name=\"description\" content=\"Para Fernando Savater la educaci\u00f3n es lo que lucha contra esa fatalidad que hace que el pobre siempre tenga que tener hijos pobres y que...\" \/>\n<meta name=\"robots\" content=\"index, follow, max-snippet:-1, max-image-preview:large, max-video-preview:-1\" \/>\n<link rel=\"canonical\" href=\"https:\/\/webdelmaestrocmf.com\/portal\/docente-la-literatura-sirve-multiplicar-nuestra-alma\/\" \/>\n<meta property=\"og:locale\" content=\"es_ES\" \/>\n<meta property=\"og:type\" content=\"article\" \/>\n<meta property=\"og:title\" content=\"Maestro, la literatura sirve para multiplicar nuestra alma\" \/>\n<meta property=\"og:description\" content=\"Para Fernando Savater la educaci\u00f3n es lo que lucha contra esa fatalidad que hace que el pobre siempre tenga que tener hijos pobres y que...\" \/>\n<meta property=\"og:url\" content=\"https:\/\/webdelmaestrocmf.com\/portal\/docente-la-literatura-sirve-multiplicar-nuestra-alma\/\" \/>\n<meta property=\"og:site_name\" content=\"Web del Maestro CMF\" \/>\n<meta property=\"article:publisher\" content=\"https:\/\/www.facebook.com\/WebdelMaestroCMF\/\" \/>\n<meta property=\"article:author\" content=\"https:\/\/www.facebook.com\/WebdelMaestroCMF\/\" \/>\n<meta property=\"article:published_time\" content=\"2017-05-28T23:15:05+00:00\" \/>\n<meta property=\"article:modified_time\" content=\"2023-04-03T14:31:46+00:00\" \/>\n<meta property=\"og:image\" content=\"https:\/\/i0.wp.com\/webdelmaestrocmf.com\/portal\/wp-content\/uploads\/2017\/05\/Banner-Facebook-2023-9.jpg?fit=900%2C556&ssl=1\" \/>\n\t<meta property=\"og:image:width\" content=\"900\" \/>\n\t<meta property=\"og:image:height\" content=\"556\" \/>\n\t<meta property=\"og:image:type\" content=\"image\/jpeg\" \/>\n<meta name=\"author\" content=\"Web del Maestro CMF\" \/>\n<meta name=\"twitter:card\" content=\"summary_large_image\" \/>\n<meta name=\"twitter:creator\" content=\"@cmf_w\" \/>\n<meta name=\"twitter:site\" content=\"@cmf_w\" \/>\n<script type=\"application\/ld+json\" class=\"yoast-schema-graph\">{\"@context\":\"https:\\\/\\\/schema.org\",\"@graph\":[{\"@type\":\"ScholarlyArticle\",\"@id\":\"https:\\\/\\\/webdelmaestrocmf.com\\\/portal\\\/docente-la-literatura-sirve-multiplicar-nuestra-alma\\\/#article\",\"isPartOf\":{\"@id\":\"https:\\\/\\\/webdelmaestrocmf.com\\\/portal\\\/docente-la-literatura-sirve-multiplicar-nuestra-alma\\\/\"},\"author\":{\"name\":\"Web del Maestro CMF\",\"@id\":\"https:\\\/\\\/webdelmaestrocmf.com\\\/portal\\\/#\\\/schema\\\/person\\\/1072a2ed7bd960df8ef99a551fa35dc5\"},\"headline\":\"Maestro, la literatura sirve para multiplicar nuestra alma\",\"datePublished\":\"2017-05-28T23:15:05+00:00\",\"dateModified\":\"2023-04-03T14:31:46+00:00\",\"mainEntityOfPage\":{\"@id\":\"https:\\\/\\\/webdelmaestrocmf.com\\\/portal\\\/docente-la-literatura-sirve-multiplicar-nuestra-alma\\\/\"},\"wordCount\":755,\"commentCount\":1,\"publisher\":{\"@id\":\"https:\\\/\\\/webdelmaestrocmf.com\\\/portal\\\/#organization\"},\"image\":{\"@id\":\"https:\\\/\\\/webdelmaestrocmf.com\\\/portal\\\/docente-la-literatura-sirve-multiplicar-nuestra-alma\\\/#primaryimage\"},\"thumbnailUrl\":\"https:\\\/\\\/webdelmaestrocmf.com\\\/portal\\\/wp-content\\\/uploads\\\/2017\\\/05\\\/Banner-Facebook-2023-9.jpg\",\"keywords\":[\"ALMA\",\"FERNANDO SAVATER\",\"LITERATURA\",\"Multiplicar\"],\"articleSection\":[\"Leer\",\"Recursos\"],\"inLanguage\":\"es\",\"potentialAction\":[{\"@type\":\"CommentAction\",\"name\":\"Comment\",\"target\":[\"https:\\\/\\\/webdelmaestrocmf.com\\\/portal\\\/docente-la-literatura-sirve-multiplicar-nuestra-alma\\\/#respond\"]}]},{\"@type\":\"WebPage\",\"@id\":\"https:\\\/\\\/webdelmaestrocmf.com\\\/portal\\\/docente-la-literatura-sirve-multiplicar-nuestra-alma\\\/\",\"url\":\"https:\\\/\\\/webdelmaestrocmf.com\\\/portal\\\/docente-la-literatura-sirve-multiplicar-nuestra-alma\\\/\",\"name\":\"Maestro, la literatura sirve para multiplicar nuestra alma\",\"isPartOf\":{\"@id\":\"https:\\\/\\\/webdelmaestrocmf.com\\\/portal\\\/#website\"},\"primaryImageOfPage\":{\"@id\":\"https:\\\/\\\/webdelmaestrocmf.com\\\/portal\\\/docente-la-literatura-sirve-multiplicar-nuestra-alma\\\/#primaryimage\"},\"image\":{\"@id\":\"https:\\\/\\\/webdelmaestrocmf.com\\\/portal\\\/docente-la-literatura-sirve-multiplicar-nuestra-alma\\\/#primaryimage\"},\"thumbnailUrl\":\"https:\\\/\\\/webdelmaestrocmf.com\\\/portal\\\/wp-content\\\/uploads\\\/2017\\\/05\\\/Banner-Facebook-2023-9.jpg\",\"datePublished\":\"2017-05-28T23:15:05+00:00\",\"dateModified\":\"2023-04-03T14:31:46+00:00\",\"description\":\"Para Fernando Savater la educaci\u00f3n es lo que lucha contra esa fatalidad que hace que el pobre siempre tenga que tener hijos pobres y que...\",\"breadcrumb\":{\"@id\":\"https:\\\/\\\/webdelmaestrocmf.com\\\/portal\\\/docente-la-literatura-sirve-multiplicar-nuestra-alma\\\/#breadcrumb\"},\"inLanguage\":\"es\",\"potentialAction\":[{\"@type\":\"ReadAction\",\"target\":[\"https:\\\/\\\/webdelmaestrocmf.com\\\/portal\\\/docente-la-literatura-sirve-multiplicar-nuestra-alma\\\/\"]}]},{\"@type\":\"ImageObject\",\"inLanguage\":\"es\",\"@id\":\"https:\\\/\\\/webdelmaestrocmf.com\\\/portal\\\/docente-la-literatura-sirve-multiplicar-nuestra-alma\\\/#primaryimage\",\"url\":\"https:\\\/\\\/webdelmaestrocmf.com\\\/portal\\\/wp-content\\\/uploads\\\/2017\\\/05\\\/Banner-Facebook-2023-9.jpg\",\"contentUrl\":\"https:\\\/\\\/webdelmaestrocmf.com\\\/portal\\\/wp-content\\\/uploads\\\/2017\\\/05\\\/Banner-Facebook-2023-9.jpg\",\"width\":900,\"height\":556},{\"@type\":\"BreadcrumbList\",\"@id\":\"https:\\\/\\\/webdelmaestrocmf.com\\\/portal\\\/docente-la-literatura-sirve-multiplicar-nuestra-alma\\\/#breadcrumb\",\"itemListElement\":[{\"@type\":\"ListItem\",\"position\":1,\"name\":\"Portada\",\"item\":\"https:\\\/\\\/webdelmaestrocmf.com\\\/portal\\\/\"},{\"@type\":\"ListItem\",\"position\":2,\"name\":\"Recursos\",\"item\":\"https:\\\/\\\/webdelmaestrocmf.com\\\/portal\\\/category\\\/pedagogia\\\/\"},{\"@type\":\"ListItem\",\"position\":3,\"name\":\"Maestro, la literatura sirve para multiplicar nuestra alma\"}]},{\"@type\":\"WebSite\",\"@id\":\"https:\\\/\\\/webdelmaestrocmf.com\\\/portal\\\/#website\",\"url\":\"https:\\\/\\\/webdelmaestrocmf.com\\\/portal\\\/\",\"name\":\"Web del Maestro CMF\",\"description\":\"Maestros al servicio de la educaci\u00f3n\",\"publisher\":{\"@id\":\"https:\\\/\\\/webdelmaestrocmf.com\\\/portal\\\/#organization\"},\"alternateName\":\"WMCMF\",\"potentialAction\":[{\"@type\":\"SearchAction\",\"target\":{\"@type\":\"EntryPoint\",\"urlTemplate\":\"https:\\\/\\\/webdelmaestrocmf.com\\\/portal\\\/?s={search_term_string}\"},\"query-input\":{\"@type\":\"PropertyValueSpecification\",\"valueRequired\":true,\"valueName\":\"search_term_string\"}}],\"inLanguage\":\"es\"},{\"@type\":\"Organization\",\"@id\":\"https:\\\/\\\/webdelmaestrocmf.com\\\/portal\\\/#organization\",\"name\":\"Web del Maestro CMF\",\"alternateName\":\"WMCMF\",\"url\":\"https:\\\/\\\/webdelmaestrocmf.com\\\/portal\\\/\",\"logo\":{\"@type\":\"ImageObject\",\"inLanguage\":\"es\",\"@id\":\"https:\\\/\\\/webdelmaestrocmf.com\\\/portal\\\/#\\\/schema\\\/logo\\\/image\\\/\",\"url\":\"https:\\\/\\\/webdelmaestrocmf.com\\\/portal\\\/wp-content\\\/uploads\\\/2023\\\/01\\\/logo-wmcmf-2.png\",\"contentUrl\":\"https:\\\/\\\/webdelmaestrocmf.com\\\/portal\\\/wp-content\\\/uploads\\\/2023\\\/01\\\/logo-wmcmf-2.png\",\"width\":200,\"height\":60,\"caption\":\"Web del Maestro CMF\"},\"image\":{\"@id\":\"https:\\\/\\\/webdelmaestrocmf.com\\\/portal\\\/#\\\/schema\\\/logo\\\/image\\\/\"},\"sameAs\":[\"https:\\\/\\\/www.facebook.com\\\/WebdelMaestroCMF\\\/\",\"https:\\\/\\\/x.com\\\/cmf_w\",\"https:\\\/\\\/www.pinterest.com\\\/WMCMF\\\/\",\"https:\\\/\\\/www.linkedin.com\\\/company\\\/web-del-maestro-cmf\\\/\",\"https:\\\/\\\/www.instagram.com\\\/wmcmf\\\/\",\"https:\\\/\\\/www.youtube.com\\\/channel\\\/UCDPSvjbdodE5sHnC3OxutHw\",\"https:\\\/\\\/mastodon.social\\\/@wmcmf\",\"https:\\\/\\\/www.tiktok.com\\\/@webdelmaestrocmf\"]},{\"@type\":\"Person\",\"@id\":\"https:\\\/\\\/webdelmaestrocmf.com\\\/portal\\\/#\\\/schema\\\/person\\\/1072a2ed7bd960df8ef99a551fa35dc5\",\"name\":\"Web del Maestro CMF\",\"image\":{\"@type\":\"ImageObject\",\"inLanguage\":\"es\",\"@id\":\"https:\\\/\\\/secure.gravatar.com\\\/avatar\\\/23291dd5b5ae1077dcff3dbb04c3e02bd28403fa75af6d8787d5e97c5bbbe30b?s=96&d=mm&r=g\",\"url\":\"https:\\\/\\\/secure.gravatar.com\\\/avatar\\\/23291dd5b5ae1077dcff3dbb04c3e02bd28403fa75af6d8787d5e97c5bbbe30b?s=96&d=mm&r=g\",\"contentUrl\":\"https:\\\/\\\/secure.gravatar.com\\\/avatar\\\/23291dd5b5ae1077dcff3dbb04c3e02bd28403fa75af6d8787d5e97c5bbbe30b?s=96&d=mm&r=g\",\"caption\":\"Web del Maestro CMF\"},\"description\":\"Esta Web se cre\u00f3 sin fines de lucro, con fines educativos, cient\u00edficos y acad\u00e9micos, para personas que tengan dificultades y\\\/o inconvenientes en visualizar el material original. El objetivo es entregar recursos, compartir experiencias y materiales que ayuden a los padres de familia, maestros y estudiantes en su actualizaci\u00f3n y formaci\u00f3n permanente, en bien de la Educaci\u00f3n.\",\"sameAs\":[\"http:\\\/\\\/webdelmaestrocmf.com\\\/portal\",\"https:\\\/\\\/www.facebook.com\\\/WebdelMaestroCMF\\\/\",\"https:\\\/\\\/www.instagram.com\\\/wmcmf\\\/\",\"https:\\\/\\\/cl.linkedin.com\\\/company\\\/web-del-maestro-cmf\",\"https:\\\/\\\/www.pinterest.com\\\/WMCMF\\\/publicaciones\\\/\",\"https:\\\/\\\/x.com\\\/cmf_w\",\"https:\\\/\\\/www.youtube.com\\\/@WMCMF\"]}]}<\/script>\n<!-- \/ Yoast SEO plugin. -->","yoast_head_json":{"title":"Maestro, la literatura sirve para multiplicar nuestra alma","description":"Para Fernando Savater la educaci\u00f3n es lo que lucha contra esa fatalidad que hace que el pobre siempre tenga que tener hijos pobres y que...","robots":{"index":"index","follow":"follow","max-snippet":"max-snippet:-1","max-image-preview":"max-image-preview:large","max-video-preview":"max-video-preview:-1"},"canonical":"https:\/\/webdelmaestrocmf.com\/portal\/docente-la-literatura-sirve-multiplicar-nuestra-alma\/","og_locale":"es_ES","og_type":"article","og_title":"Maestro, la literatura sirve para multiplicar nuestra alma","og_description":"Para Fernando Savater la educaci\u00f3n es lo que lucha contra esa fatalidad que hace que el pobre siempre tenga que tener hijos pobres y que...","og_url":"https:\/\/webdelmaestrocmf.com\/portal\/docente-la-literatura-sirve-multiplicar-nuestra-alma\/","og_site_name":"Web del Maestro CMF","article_publisher":"https:\/\/www.facebook.com\/WebdelMaestroCMF\/","article_author":"https:\/\/www.facebook.com\/WebdelMaestroCMF\/","article_published_time":"2017-05-28T23:15:05+00:00","article_modified_time":"2023-04-03T14:31:46+00:00","og_image":[{"width":900,"height":556,"url":"https:\/\/i0.wp.com\/webdelmaestrocmf.com\/portal\/wp-content\/uploads\/2017\/05\/Banner-Facebook-2023-9.jpg?fit=900%2C556&ssl=1","type":"image\/jpeg"}],"author":"Web del Maestro CMF","twitter_card":"summary_large_image","twitter_creator":"@cmf_w","twitter_site":"@cmf_w","schema":{"@context":"https:\/\/schema.org","@graph":[{"@type":"ScholarlyArticle","@id":"https:\/\/webdelmaestrocmf.com\/portal\/docente-la-literatura-sirve-multiplicar-nuestra-alma\/#article","isPartOf":{"@id":"https:\/\/webdelmaestrocmf.com\/portal\/docente-la-literatura-sirve-multiplicar-nuestra-alma\/"},"author":{"name":"Web del Maestro CMF","@id":"https:\/\/webdelmaestrocmf.com\/portal\/#\/schema\/person\/1072a2ed7bd960df8ef99a551fa35dc5"},"headline":"Maestro, la literatura sirve para multiplicar nuestra alma","datePublished":"2017-05-28T23:15:05+00:00","dateModified":"2023-04-03T14:31:46+00:00","mainEntityOfPage":{"@id":"https:\/\/webdelmaestrocmf.com\/portal\/docente-la-literatura-sirve-multiplicar-nuestra-alma\/"},"wordCount":755,"commentCount":1,"publisher":{"@id":"https:\/\/webdelmaestrocmf.com\/portal\/#organization"},"image":{"@id":"https:\/\/webdelmaestrocmf.com\/portal\/docente-la-literatura-sirve-multiplicar-nuestra-alma\/#primaryimage"},"thumbnailUrl":"https:\/\/webdelmaestrocmf.com\/portal\/wp-content\/uploads\/2017\/05\/Banner-Facebook-2023-9.jpg","keywords":["ALMA","FERNANDO SAVATER","LITERATURA","Multiplicar"],"articleSection":["Leer","Recursos"],"inLanguage":"es","potentialAction":[{"@type":"CommentAction","name":"Comment","target":["https:\/\/webdelmaestrocmf.com\/portal\/docente-la-literatura-sirve-multiplicar-nuestra-alma\/#respond"]}]},{"@type":"WebPage","@id":"https:\/\/webdelmaestrocmf.com\/portal\/docente-la-literatura-sirve-multiplicar-nuestra-alma\/","url":"https:\/\/webdelmaestrocmf.com\/portal\/docente-la-literatura-sirve-multiplicar-nuestra-alma\/","name":"Maestro, la literatura sirve para multiplicar nuestra alma","isPartOf":{"@id":"https:\/\/webdelmaestrocmf.com\/portal\/#website"},"primaryImageOfPage":{"@id":"https:\/\/webdelmaestrocmf.com\/portal\/docente-la-literatura-sirve-multiplicar-nuestra-alma\/#primaryimage"},"image":{"@id":"https:\/\/webdelmaestrocmf.com\/portal\/docente-la-literatura-sirve-multiplicar-nuestra-alma\/#primaryimage"},"thumbnailUrl":"https:\/\/webdelmaestrocmf.com\/portal\/wp-content\/uploads\/2017\/05\/Banner-Facebook-2023-9.jpg","datePublished":"2017-05-28T23:15:05+00:00","dateModified":"2023-04-03T14:31:46+00:00","description":"Para Fernando Savater la educaci\u00f3n es lo que lucha contra esa fatalidad que hace que el pobre siempre tenga que tener hijos pobres y que...","breadcrumb":{"@id":"https:\/\/webdelmaestrocmf.com\/portal\/docente-la-literatura-sirve-multiplicar-nuestra-alma\/#breadcrumb"},"inLanguage":"es","potentialAction":[{"@type":"ReadAction","target":["https:\/\/webdelmaestrocmf.com\/portal\/docente-la-literatura-sirve-multiplicar-nuestra-alma\/"]}]},{"@type":"ImageObject","inLanguage":"es","@id":"https:\/\/webdelmaestrocmf.com\/portal\/docente-la-literatura-sirve-multiplicar-nuestra-alma\/#primaryimage","url":"https:\/\/webdelmaestrocmf.com\/portal\/wp-content\/uploads\/2017\/05\/Banner-Facebook-2023-9.jpg","contentUrl":"https:\/\/webdelmaestrocmf.com\/portal\/wp-content\/uploads\/2017\/05\/Banner-Facebook-2023-9.jpg","width":900,"height":556},{"@type":"BreadcrumbList","@id":"https:\/\/webdelmaestrocmf.com\/portal\/docente-la-literatura-sirve-multiplicar-nuestra-alma\/#breadcrumb","itemListElement":[{"@type":"ListItem","position":1,"name":"Portada","item":"https:\/\/webdelmaestrocmf.com\/portal\/"},{"@type":"ListItem","position":2,"name":"Recursos","item":"https:\/\/webdelmaestrocmf.com\/portal\/category\/pedagogia\/"},{"@type":"ListItem","position":3,"name":"Maestro, la literatura sirve para multiplicar nuestra alma"}]},{"@type":"WebSite","@id":"https:\/\/webdelmaestrocmf.com\/portal\/#website","url":"https:\/\/webdelmaestrocmf.com\/portal\/","name":"Web del Maestro CMF","description":"Maestros al servicio de la educaci\u00f3n","publisher":{"@id":"https:\/\/webdelmaestrocmf.com\/portal\/#organization"},"alternateName":"WMCMF","potentialAction":[{"@type":"SearchAction","target":{"@type":"EntryPoint","urlTemplate":"https:\/\/webdelmaestrocmf.com\/portal\/?s={search_term_string}"},"query-input":{"@type":"PropertyValueSpecification","valueRequired":true,"valueName":"search_term_string"}}],"inLanguage":"es"},{"@type":"Organization","@id":"https:\/\/webdelmaestrocmf.com\/portal\/#organization","name":"Web del Maestro CMF","alternateName":"WMCMF","url":"https:\/\/webdelmaestrocmf.com\/portal\/","logo":{"@type":"ImageObject","inLanguage":"es","@id":"https:\/\/webdelmaestrocmf.com\/portal\/#\/schema\/logo\/image\/","url":"https:\/\/webdelmaestrocmf.com\/portal\/wp-content\/uploads\/2023\/01\/logo-wmcmf-2.png","contentUrl":"https:\/\/webdelmaestrocmf.com\/portal\/wp-content\/uploads\/2023\/01\/logo-wmcmf-2.png","width":200,"height":60,"caption":"Web del Maestro CMF"},"image":{"@id":"https:\/\/webdelmaestrocmf.com\/portal\/#\/schema\/logo\/image\/"},"sameAs":["https:\/\/www.facebook.com\/WebdelMaestroCMF\/","https:\/\/x.com\/cmf_w","https:\/\/www.pinterest.com\/WMCMF\/","https:\/\/www.linkedin.com\/company\/web-del-maestro-cmf\/","https:\/\/www.instagram.com\/wmcmf\/","https:\/\/www.youtube.com\/channel\/UCDPSvjbdodE5sHnC3OxutHw","https:\/\/mastodon.social\/@wmcmf","https:\/\/www.tiktok.com\/@webdelmaestrocmf"]},{"@type":"Person","@id":"https:\/\/webdelmaestrocmf.com\/portal\/#\/schema\/person\/1072a2ed7bd960df8ef99a551fa35dc5","name":"Web del Maestro CMF","image":{"@type":"ImageObject","inLanguage":"es","@id":"https:\/\/secure.gravatar.com\/avatar\/23291dd5b5ae1077dcff3dbb04c3e02bd28403fa75af6d8787d5e97c5bbbe30b?s=96&d=mm&r=g","url":"https:\/\/secure.gravatar.com\/avatar\/23291dd5b5ae1077dcff3dbb04c3e02bd28403fa75af6d8787d5e97c5bbbe30b?s=96&d=mm&r=g","contentUrl":"https:\/\/secure.gravatar.com\/avatar\/23291dd5b5ae1077dcff3dbb04c3e02bd28403fa75af6d8787d5e97c5bbbe30b?s=96&d=mm&r=g","caption":"Web del Maestro CMF"},"description":"Esta Web se cre\u00f3 sin fines de lucro, con fines educativos, cient\u00edficos y acad\u00e9micos, para personas que tengan dificultades y\/o inconvenientes en visualizar el material original. El objetivo es entregar recursos, compartir experiencias y materiales que ayuden a los padres de familia, maestros y estudiantes en su actualizaci\u00f3n y formaci\u00f3n permanente, en bien de la Educaci\u00f3n.","sameAs":["http:\/\/webdelmaestrocmf.com\/portal","https:\/\/www.facebook.com\/WebdelMaestroCMF\/","https:\/\/www.instagram.com\/wmcmf\/","https:\/\/cl.linkedin.com\/company\/web-del-maestro-cmf","https:\/\/www.pinterest.com\/WMCMF\/publicaciones\/","https:\/\/x.com\/cmf_w","https:\/\/www.youtube.com\/@WMCMF"]}]}},"jetpack_featured_media_url":"https:\/\/webdelmaestrocmf.com\/portal\/wp-content\/uploads\/2017\/05\/Banner-Facebook-2023-9.jpg","jetpack_sharing_enabled":true,"jetpack-related-posts":[{"id":72703,"url":"https:\/\/webdelmaestrocmf.com\/portal\/fernando-savater-si-el-profesor-esta-inspirado-la-filosofia-se-puede-convertir-en-la-mejor-asignatura\/","url_meta":{"origin":18779,"position":0},"title":"Fernando Savater: Si el profesor est\u00e1 inspirado, la filosof\u00eda se puede convertir en la mejor asignatura","author":"Web del Maestro CMF","date":"4 enero, 2022","format":false,"excerpt":"El profesor de Filosof\u00eda y escritor espa\u00f1ol, Fernando Fern\u00e1ndez-Savater Mart\u00edn (1947), estudi\u00f3 de Filosof\u00eda y Letras en Madrid en la Universidad Complutense de Madrid, y fue incorporado como profesor de Historia de la Filosof\u00eda en la Facultad de Ciencias Pol\u00edticas en la Universidad Aut\u00f3noma de Madrid, de la que fue\u2026","rel":"","context":"En \u00abEntrevistas\u00bb","block_context":{"text":"Entrevistas","link":"https:\/\/webdelmaestrocmf.com\/portal\/category\/noticias\/entrevistas\/"},"img":{"alt_text":"","src":"https:\/\/i0.wp.com\/webdelmaestrocmf.com\/portal\/wp-content\/uploads\/2022\/01\/1-11.jpeg?resize=350%2C200&ssl=1","width":350,"height":200,"srcset":"https:\/\/i0.wp.com\/webdelmaestrocmf.com\/portal\/wp-content\/uploads\/2022\/01\/1-11.jpeg?resize=350%2C200&ssl=1 1x, https:\/\/i0.wp.com\/webdelmaestrocmf.com\/portal\/wp-content\/uploads\/2022\/01\/1-11.jpeg?resize=525%2C300&ssl=1 1.5x, https:\/\/i0.wp.com\/webdelmaestrocmf.com\/portal\/wp-content\/uploads\/2022\/01\/1-11.jpeg?resize=700%2C400&ssl=1 2x, https:\/\/i0.wp.com\/webdelmaestrocmf.com\/portal\/wp-content\/uploads\/2022\/01\/1-11.jpeg?resize=1050%2C600&ssl=1 3x"},"classes":[]},{"id":23973,"url":"https:\/\/webdelmaestrocmf.com\/portal\/los-sabios-malos-profesores-no-entienden-la-ignorancia-los-demas\/","url_meta":{"origin":18779,"position":1},"title":"Fernando Savater: Los sabios son malos profesores porque no entienden la ignorancia de los dem\u00e1s","author":"Web del Maestro CMF","date":"28 diciembre, 2023","format":false,"excerpt":"Yo comprendo muy bien lo que no comprenden los dem\u00e1s.","rel":"","context":"En \u00abEntrevistas\u00bb","block_context":{"text":"Entrevistas","link":"https:\/\/webdelmaestrocmf.com\/portal\/category\/noticias\/entrevistas\/"},"img":{"alt_text":"","src":"https:\/\/i0.wp.com\/webdelmaestrocmf.com\/portal\/wp-content\/uploads\/2017\/12\/1-11.jpeg?resize=350%2C200&ssl=1","width":350,"height":200,"srcset":"https:\/\/i0.wp.com\/webdelmaestrocmf.com\/portal\/wp-content\/uploads\/2017\/12\/1-11.jpeg?resize=350%2C200&ssl=1 1x, https:\/\/i0.wp.com\/webdelmaestrocmf.com\/portal\/wp-content\/uploads\/2017\/12\/1-11.jpeg?resize=525%2C300&ssl=1 1.5x, https:\/\/i0.wp.com\/webdelmaestrocmf.com\/portal\/wp-content\/uploads\/2017\/12\/1-11.jpeg?resize=700%2C400&ssl=1 2x, https:\/\/i0.wp.com\/webdelmaestrocmf.com\/portal\/wp-content\/uploads\/2017\/12\/1-11.jpeg?resize=1050%2C600&ssl=1 3x"},"classes":[]},{"id":26432,"url":"https:\/\/webdelmaestrocmf.com\/portal\/25-frases-de-fernando-savater-para-reflexionar-sobre-la-educacion-la-filosofia-y-los-valores\/","url_meta":{"origin":18779,"position":2},"title":"25 frases de Fernando Savater, para reflexionar sobre la educaci\u00f3n, la filosof\u00eda y los valores","author":"Web del Maestro CMF","date":"18 mayo, 2019","format":false,"excerpt":"Para quienes estamos en el mundo de la educaci\u00f3n ya sea por ser padres de familia y\/o profesores, habremos escuchado sobre la necesidad de una \u201ceducaci\u00f3n en valores\u201d para evitar las \u201ccrisis de valores\u201d y no caer en el \u201crelativismo moral\u201d exagerado. \u201cSi todo vale o si nadie puede establecer\u2026","rel":"","context":"En \u00abEntrevistas\u00bb","block_context":{"text":"Entrevistas","link":"https:\/\/webdelmaestrocmf.com\/portal\/category\/noticias\/entrevistas\/"},"img":{"alt_text":"","src":"https:\/\/i0.wp.com\/webdelmaestrocmf.com\/portal\/wp-content\/uploads\/2018\/02\/3-3.jpg?resize=350%2C200&ssl=1","width":350,"height":200,"srcset":"https:\/\/i0.wp.com\/webdelmaestrocmf.com\/portal\/wp-content\/uploads\/2018\/02\/3-3.jpg?resize=350%2C200&ssl=1 1x, https:\/\/i0.wp.com\/webdelmaestrocmf.com\/portal\/wp-content\/uploads\/2018\/02\/3-3.jpg?resize=525%2C300&ssl=1 1.5x, https:\/\/i0.wp.com\/webdelmaestrocmf.com\/portal\/wp-content\/uploads\/2018\/02\/3-3.jpg?resize=700%2C400&ssl=1 2x, https:\/\/i0.wp.com\/webdelmaestrocmf.com\/portal\/wp-content\/uploads\/2018\/02\/3-3.jpg?resize=1050%2C600&ssl=1 3x"},"classes":[]},{"id":47127,"url":"https:\/\/webdelmaestrocmf.com\/portal\/fernando-savater-la-educacion-es-un-servicio-caro-complejo-y-que-genera-todo-tipo-de-dificultades-en-muchos-paises\/","url_meta":{"origin":18779,"position":3},"title":"Fernando Savater: La educaci\u00f3n es un servicio caro, complejo y que genera todo tipo de dificultades en muchos pa\u00edses","author":"Web del Maestro CMF","date":"4 abril, 2021","format":false,"excerpt":"La revista la Revista Ethic de la Fundaci\u00f3n BBVA, ha publicado en su ciclo Reflexiones en mitad de la crisis, una entrevista de su fundador y editor Pablo Bl\u00e1zquez al fil\u00f3sofo espa\u00f1ol Fernando Savater, de la cual compartimos (partes escogidas por nosotros) por motivos \u00fanicamente educativos y formaci\u00f3n permanente que\u2026","rel":"","context":"En \u00abEntrevistas\u00bb","block_context":{"text":"Entrevistas","link":"https:\/\/webdelmaestrocmf.com\/portal\/category\/noticias\/entrevistas\/"},"img":{"alt_text":"","src":"https:\/\/i0.wp.com\/webdelmaestrocmf.com\/portal\/wp-content\/uploads\/2021\/04\/1-copia-3.jpg?resize=350%2C200&ssl=1","width":350,"height":200,"srcset":"https:\/\/i0.wp.com\/webdelmaestrocmf.com\/portal\/wp-content\/uploads\/2021\/04\/1-copia-3.jpg?resize=350%2C200&ssl=1 1x, https:\/\/i0.wp.com\/webdelmaestrocmf.com\/portal\/wp-content\/uploads\/2021\/04\/1-copia-3.jpg?resize=525%2C300&ssl=1 1.5x, https:\/\/i0.wp.com\/webdelmaestrocmf.com\/portal\/wp-content\/uploads\/2021\/04\/1-copia-3.jpg?resize=700%2C400&ssl=1 2x, https:\/\/i0.wp.com\/webdelmaestrocmf.com\/portal\/wp-content\/uploads\/2021\/04\/1-copia-3.jpg?resize=1050%2C600&ssl=1 3x"},"classes":[]},{"id":110840,"url":"https:\/\/webdelmaestrocmf.com\/portal\/fernando-savater-si-en-clase-solo-leen-cinco-cuida-de-esos-cinco-no-te-empenes-en-los-40-que-no-leen\/","url_meta":{"origin":18779,"position":4},"title":"Fernando Savater: Si en clase s\u00f3lo leen cinco, cuida de esos cinco, no te empe\u00f1es en los 40 que no leen","author":"Web del Maestro CMF","date":"3 julio, 2025","format":false,"excerpt":"La lectura es la actividad fundamental de mi vida. Es la \u00fanica que me da placer sin ning\u00fan esfuerzo, y creo que ese placer se contagia: no se puede ense\u00f1ar, se transmite","rel":"","context":"En \u00abEntrevistas\u00bb","block_context":{"text":"Entrevistas","link":"https:\/\/webdelmaestrocmf.com\/portal\/category\/noticias\/entrevistas\/"},"img":{"alt_text":"","src":"https:\/\/i0.wp.com\/webdelmaestrocmf.com\/portal\/wp-content\/uploads\/2025\/07\/1A-Banner-1-portada-imagen-10-1-copia-24.webp?resize=350%2C200&ssl=1","width":350,"height":200,"srcset":"https:\/\/i0.wp.com\/webdelmaestrocmf.com\/portal\/wp-content\/uploads\/2025\/07\/1A-Banner-1-portada-imagen-10-1-copia-24.webp?resize=350%2C200&ssl=1 1x, https:\/\/i0.wp.com\/webdelmaestrocmf.com\/portal\/wp-content\/uploads\/2025\/07\/1A-Banner-1-portada-imagen-10-1-copia-24.webp?resize=525%2C300&ssl=1 1.5x, https:\/\/i0.wp.com\/webdelmaestrocmf.com\/portal\/wp-content\/uploads\/2025\/07\/1A-Banner-1-portada-imagen-10-1-copia-24.webp?resize=700%2C400&ssl=1 2x"},"classes":[]},{"id":50090,"url":"https:\/\/webdelmaestrocmf.com\/portal\/fernando-savater-que-la-pandemia-nos-haga-mas-solidarios-agradecidos-y-cientificos\/","url_meta":{"origin":18779,"position":5},"title":"Fernando Savater: Que la pandemia nos haga m\u00e1s solidarios, agradecidos y cient\u00edficos","author":"Web del Maestro CMF","date":"16 agosto, 2020","format":false,"excerpt":"El escritor y fil\u00f3sofo Fernando Savater realiz\u00f3 unas reflexiones sobre las prioridades y enmiendas que debemos realizar despu\u00e9s de la emergencia. Ser solidarios y cient\u00edficos, entender que somos fr\u00e1giles, valorar las cosas sencillas, y disfrutar m\u00e1s la vida y quejarnos menos, fueron algunas de las reflexiones que desarroll\u00f3 el fil\u00f3sofo\u2026","rel":"","context":"En \u00abEntrevistas\u00bb","block_context":{"text":"Entrevistas","link":"https:\/\/webdelmaestrocmf.com\/portal\/category\/noticias\/entrevistas\/"},"img":{"alt_text":"","src":"https:\/\/i0.wp.com\/webdelmaestrocmf.com\/portal\/wp-content\/uploads\/2020\/08\/2-copia-1.jpg?resize=350%2C200&ssl=1","width":350,"height":200,"srcset":"https:\/\/i0.wp.com\/webdelmaestrocmf.com\/portal\/wp-content\/uploads\/2020\/08\/2-copia-1.jpg?resize=350%2C200&ssl=1 1x, https:\/\/i0.wp.com\/webdelmaestrocmf.com\/portal\/wp-content\/uploads\/2020\/08\/2-copia-1.jpg?resize=525%2C300&ssl=1 1.5x, https:\/\/i0.wp.com\/webdelmaestrocmf.com\/portal\/wp-content\/uploads\/2020\/08\/2-copia-1.jpg?resize=700%2C400&ssl=1 2x, https:\/\/i0.wp.com\/webdelmaestrocmf.com\/portal\/wp-content\/uploads\/2020\/08\/2-copia-1.jpg?resize=1050%2C600&ssl=1 3x"},"classes":[]}],"_links":{"self":[{"href":"https:\/\/webdelmaestrocmf.com\/portal\/wp-json\/wp\/v2\/posts\/18779","targetHints":{"allow":["GET"]}}],"collection":[{"href":"https:\/\/webdelmaestrocmf.com\/portal\/wp-json\/wp\/v2\/posts"}],"about":[{"href":"https:\/\/webdelmaestrocmf.com\/portal\/wp-json\/wp\/v2\/types\/post"}],"author":[{"embeddable":true,"href":"https:\/\/webdelmaestrocmf.com\/portal\/wp-json\/wp\/v2\/users\/1"}],"replies":[{"embeddable":true,"href":"https:\/\/webdelmaestrocmf.com\/portal\/wp-json\/wp\/v2\/comments?post=18779"}],"version-history":[{"count":0,"href":"https:\/\/webdelmaestrocmf.com\/portal\/wp-json\/wp\/v2\/posts\/18779\/revisions"}],"wp:featuredmedia":[{"embeddable":true,"href":"https:\/\/webdelmaestrocmf.com\/portal\/wp-json\/wp\/v2\/media\/85416"}],"wp:attachment":[{"href":"https:\/\/webdelmaestrocmf.com\/portal\/wp-json\/wp\/v2\/media?parent=18779"}],"wp:term":[{"taxonomy":"category","embeddable":true,"href":"https:\/\/webdelmaestrocmf.com\/portal\/wp-json\/wp\/v2\/categories?post=18779"},{"taxonomy":"post_tag","embeddable":true,"href":"https:\/\/webdelmaestrocmf.com\/portal\/wp-json\/wp\/v2\/tags?post=18779"}],"curies":[{"name":"wp","href":"https:\/\/api.w.org\/{rel}","templated":true}]}}