{"id":18669,"date":"2020-07-24T12:37:04","date_gmt":"2020-07-24T16:37:04","guid":{"rendered":"http:\/\/webdelmaestrocmf.com\/portal\/?p=18669"},"modified":"2023-10-04T23:42:13","modified_gmt":"2023-10-05T02:42:13","slug":"descarga-los-libros-pedagogia-waldorf","status":"publish","type":"post","link":"https:\/\/webdelmaestrocmf.com\/portal\/descarga-los-libros-pedagogia-waldorf\/","title":{"rendered":"Los mejores libros de la Pedagog\u00eda Waldorf"},"content":{"rendered":"<p style=\"text-align: justify;\"><strong>En estos \u00faltimos a\u00f1os han adquirido gran popularidad aquellos tipos de pedagog\u00eda que se han alejado de lo convencional, dando paso a nuevos paradigmas implicados en el proceso de ense\u00f1anza-aprendizaje conocidos como\u00a0pedagog\u00eda alternativa. Ejemplos de ello, pueden ser el M\u00e9todo\u00a0Montessori, las escuelas democr\u00e1ticas,\u00a0el Aprendizaje Basado en Problemas (ABP),\u00a0\u00a0o la pedagog\u00eda Waldorf. \u00bfQu\u00e9 es la pedagog\u00eda Waldorf?\u00a0En este art\u00edculo vamos a centrarnos en este modelo educativos que ha ido ganando peso con el tiempo.<\/strong><\/p>\n<p><!--more--><\/p>\n<h5 style=\"text-align: left;\">Pero, \u00bfQu\u00e9 es la pedagog\u00eda Waldorf y en qu\u00e9 consiste exactamente este sistema educativo?<\/h5>\n<p style=\"text-align: justify;\">Aunque este tipo de pedagog\u00eda alternativa nos suene como algo muy novedoso, lo cierto es que, se empez\u00f3 a idear justo tras la finalizaci\u00f3n de la Primera Guerra Mundial (1919), por el doctor en Filosof\u00eda y Letras austriaco\u00a0<a href=\"https:\/\/es.wikipedia.org\/wiki\/Rudolf_Steiner\" target=\"_blank\" rel=\"noopener noreferrer\"><strong>Rudolf Steiner<\/strong><\/a>, por encargo del Propietario de la tabacalera Waldorf-Astoria Cigarrette Company en Stuttgart Emil Molt, para que organizase una escuela libre para los hijos de sus trabajadores.<\/p>\n<p style=\"text-align: justify;\">Este m\u00e9todo se basa en la realizaci\u00f3n de\u00a0<strong>din\u00e1micas<\/strong>\u00a0que fomentan el\u00a0<strong>aprendizaje cooperativo<\/strong>\u00a0e individualizado en donde los alumnos y alumnas pasan a ser sujetos activos de su propio aprendizaje. La integraci\u00f3n y la participaci\u00f3n total de las familias, adaptaci\u00f3n al alumno seg\u00fan su proceso madurativo, son algunas de las claves de este m\u00e9todo, a diferencia de la homogenizaci\u00f3n y estandarizaci\u00f3n, a excepci\u00f3n de los alumnos con alg\u00fan tipo de\u00a0trastorno de aprendizaje,\u00a0del sistema educativo tradicional.<\/p>\n<p style=\"text-align: justify;\">Otro de los\u00a0 principios de este m\u00e9todo es que\u00a0<strong>no hay ex\u00e1menes<\/strong>, material did\u00e1ctico externo, como los libros de texto,\u00a0<strong>ni deberes<\/strong>, si no que el material se dise\u00f1a por el propio centro bajo el amparo de un<\/p>\n<p><img loading=\"lazy\" decoding=\"async\" class=\"alignnone size-full wp-image-53633\" src=\"https:\/\/webdelmaestrocmf.com\/portal\/wp-content\/uploads\/2018\/07\/1-169.jpg\" alt=\"\" width=\"908\" height=\"720\" srcset=\"https:\/\/webdelmaestrocmf.com\/portal\/wp-content\/uploads\/2018\/07\/1-169.jpg 908w, https:\/\/webdelmaestrocmf.com\/portal\/wp-content\/uploads\/2018\/07\/1-169-300x238.jpg 300w, https:\/\/webdelmaestrocmf.com\/portal\/wp-content\/uploads\/2018\/07\/1-169-768x609.jpg 768w, https:\/\/webdelmaestrocmf.com\/portal\/wp-content\/uploads\/2018\/07\/1-169-110x87.jpg 110w, https:\/\/webdelmaestrocmf.com\/portal\/wp-content\/uploads\/2018\/07\/1-169-200x159.jpg 200w, https:\/\/webdelmaestrocmf.com\/portal\/wp-content\/uploads\/2018\/07\/1-169-380x301.jpg 380w, https:\/\/webdelmaestrocmf.com\/portal\/wp-content\/uploads\/2018\/07\/1-169-255x202.jpg 255w, https:\/\/webdelmaestrocmf.com\/portal\/wp-content\/uploads\/2018\/07\/1-169-550x436.jpg 550w, https:\/\/webdelmaestrocmf.com\/portal\/wp-content\/uploads\/2018\/07\/1-169-800x634.jpg 800w, https:\/\/webdelmaestrocmf.com\/portal\/wp-content\/uploads\/2018\/07\/1-169-220x174.jpg 220w, https:\/\/webdelmaestrocmf.com\/portal\/wp-content\/uploads\/2018\/07\/1-169-400x317.jpg 400w, https:\/\/webdelmaestrocmf.com\/portal\/wp-content\/uploads\/2018\/07\/1-169-760x603.jpg 760w, https:\/\/webdelmaestrocmf.com\/portal\/wp-content\/uploads\/2018\/07\/1-169-510x404.jpg 510w, https:\/\/webdelmaestrocmf.com\/portal\/wp-content\/uploads\/2018\/07\/1-169-600x476.jpg 600w\" sizes=\"auto, (max-width: 908px) 100vw, 908px\" \/><\/p>\n<p style=\"text-align: justify;\">curr\u00edculo oficial, pero adaptado a los ritmos de aprendizaje de cada alumno, ya que se construye en torno a una perspectiva trasversal y hol\u00edstica fomentando la creatividad y el esp\u00edritu cr\u00edtico.<\/p>\n<p style=\"text-align: justify;\">En cuanto a sus contenidos llama la atenci\u00f3n, la importancia que se da a las\u00a0<strong>competencias art\u00edsticas<\/strong>, ya que, adem\u00e1s de las materias que se imparten dentro del curr\u00edculum oficial, como teatro, pintura o danza hay que a\u00f1adir los trabajos y talleres de artesan\u00eda. Adem\u00e1s se empieza\u00a0<strong>impartir idiomas<\/strong>, sobretodo ingl\u00e9s y alem\u00e1n desde\u00a0<strong>edades muy tempranas.<\/strong><\/p>\n<h5 style=\"text-align: left;\">\u00bfCu\u00e1les son las etapas educativas en la Pedagog\u00eda Waldorf?<\/h5>\n<p style=\"text-align: justify;\">La pedagog\u00eda alternativa Waldorf se imparte desde edades muy tempranas, concretamente desde los 0 hasta los 21 a\u00f1os y dividas en tres etapas: Jard\u00edn de infancia, Edad escolar y edad joven y adulta.<\/p>\n<ul style=\"text-align: justify;\">\n<li><strong>Primera Etapa, Jard\u00edn de Infancia (de 0 a 7 a\u00f1os)<\/strong><\/li>\n<\/ul>\n<p style=\"text-align: justify;\">Se centra en el desarrollo de la psicomotricidad fina y gruesa, la habilidad visoespacial y conocimiento del entorno f\u00edsico que les rodea. Para conseguir esto, las escuelas Waldorf, crean ambientes que dan cabida a la\u00a0gamificaci\u00f3n, a la cocina y a diversos talleres.<\/p>\n<ul style=\"text-align: justify;\">\n<li><strong>Segunda Etapa, edad escolar (de 7 a 14 a\u00f1os)<\/strong><\/li>\n<\/ul>\n<p style=\"text-align: justify;\">Esta fase gira entorno a la creatividad y la imaginaci\u00f3n. El docente debe de impartir las \u00e1reas de matem\u00e1ticas, idiomas o conocimiento del medio a trav\u00e9s de juegos o invenci\u00f3n de historias que fomenten la creatividad.<\/p>\n<ul style=\"text-align: justify;\">\n<li><strong>Tercera Etapa, edad joven y adulta (de 14 a 21 a\u00f1os)<\/strong><\/li>\n<\/ul>\n<p style=\"text-align: justify;\">Aqu\u00ed se trata de cimentar su personalidad y se motiva \u00a0el esp\u00edritu cr\u00edtico. En esta etapa, los educadores deben de motivar a los alumnos para que emitan<strong>\u00a0juicios de valor<\/strong>\u00a0sobre el mundo que los rodea.<\/p>\n<p style=\"text-align: justify;\">En definitiva esta es otra de las muchas alternativas a la ense\u00f1anza tradicional\u00a0 que podemos encontrar, aunque hay un largo camino por recorrer, ya que, lo ideal ser\u00eda ir introduciendo de forma progresiva\u00a0 estas metodolog\u00edas en la escuela p\u00fablica para sea accesible para todos.<\/p>\n<h5>Lectura de los libros<\/h5>\n<p style=\"text-align: justify;\">Los siguientes libros que compartimos \u00fanicamente con motivos educativos y de formaci\u00f3n docente, pertenecen a la obra de Rudolf Steiner en espa\u00f1ol, son los que no tienen protecci\u00f3n a los derechos de la editorial y se pueden descargar gratuitamente.<\/p>\n<p style=\"text-align: justify;\">Comparte con tus amigos que puedan necesitar material reenviando la pagina a google, facebook o twitter mas abajo los links, muchas personas necesitan ayuda para poder estudiar viven en lugares donde no tienen acceso a las librerias o no disponen de recursos suficientes.<\/p>\n<p style=\"text-align: justify;\"><strong class=\"last-child first-child\"><span class=\"last-child first-child\">Este contenido ha sido publicado originalmente por Waldorf en casa para Iberoam\u00e9rica en la siguiente direcci\u00f3n: <a href=\"http:\/\/waldorfhomescholl.wordpress.com\" target=\"_blank\" rel=\"noopener noreferrer\">waldorfhomescholl.wordpress.com<\/a><\/span><\/strong><\/p>\n<p style=\"text-align: center;\">Recomendamos a la Comunidad Educativa Digital tener en cuenta que, el enlace y\/o la carpeta en donde est\u00e1n alojados los libros, recursos y\/o materiales, no es administrado por la Web del Maestro CMF, pueda ser que en cuesti\u00f3n de d\u00edas (o seg\u00fan el tiempo transcurrido desde su publicaci\u00f3n), los enlaces no funcionen y el material ya no se encuentre disponible. Gracias por su comprensi\u00f3n.<\/p>\n<p style=\"text-align: justify;\"><strong>ENLACE DE LECTURA:<\/strong><\/p>\n<p style=\"text-align: center;\">\u00a1Comparte y as\u00ed m\u00e1s docentes utilizar\u00e1n estos recursos\u00a0gratis! Muchas gracias.<\/p>\n<p style=\"text-align: center;\">LECTURA 1: <a href=\"https:\/\/drive.google.com\/folderview?id=0B32okTodxEF3UzJtTlhha2xBalk&amp;usp=sharing\" target=\"_blank\" rel=\"noopener noreferrer\">ESPACIO DE DESCARGAR MATERIAL DE ESTUDIO PEDAGOG\u00cdA WALDORF<\/a><br \/>\nLECTURA 2: <a href=\"https:\/\/mega.nz\/folder\/6qxUUQZa#pBZbqbDCF410P6BpoRo7HA\" target=\"_blank\" rel=\"noopener noreferrer\">PEDAGOG\u00cdA WALDORF<\/a><span style=\"color: #000000;\"><br \/>\n<\/span><\/p>\n\t\t<div class=\"pk-inline-posts\">\n\t\t\t\n\t\t\t<div class=\"pk-inline-posts-container pk-inline-posts-template-list\"\n\t\t\t\tdata-columns=\"1\">\n\t\t\t\t\t\t<article id=\"post-118538\" class=\"post-118538 post type-post status-publish format-standard has-post-thumbnail category-descargas-manuales-pdf category-pedagogia category-tea tag-aprendizaje tag-aula tag-crisis-educativa tag-docentes tag-educacion-3 tag-escuela tag-pedagogia-3 tag-reflexion-docente-2 tag-rol-docente tag-sistema-educativo cs-entry cs-video-wrap\">\n\t\t\t<div class=\"pk-post-outer\">\n\n\t\t\t\t\t\t\t\t<div class=\"pk-post-inner\">\n\t\t\t\t\t<div class=\"entry-thumbnail\">\n\t\t\t\t\t\t<div class=\"pk-overlay pk-overlay-ratio pk-ratio-landscape\">\n\t\t\t\t\t\t\t<div class=\"pk-overlay-background\">\n\t\t\t\t\t\t\t\t<a href=\"https:\/\/webdelmaestrocmf.com\/portal\/nuevo-recurso-clave-para-el-aula-descarga-una-lista-de-control-para-la-deteccion-inicial-del-tea-trastorno-del-espectro-autista\/\" class=\"pk-overlay-link\">\n\t\t\t\t\t\t\t\t\t<img loading=\"lazy\" decoding=\"async\" width=\"300\" height=\"225\" src=\"https:\/\/webdelmaestrocmf.com\/portal\/wp-content\/uploads\/2026\/05\/1AA-Banner-1-portada-imagen-10-1-copia-1-300x225.webp\" class=\"attachment-pk-thumbnail size-pk-thumbnail wp-post-image\" alt=\"\" \/>\t\t\t\t\t\t\t\t<\/a>\n\t\t\t\t\t\t\t<\/div>\n\t\t\t\t\t\t<\/div>\n\t\t\t\t\t<\/div>\n\t\t\t\t<\/div>\n\t\t\t\t\n\t\t\t\t<div class=\"pk-post-inner\">\n\t\t\t\t\t<header>\n\t\t\t\t\t\t<h3 class=\"pk-title\"><a href=\"https:\/\/webdelmaestrocmf.com\/portal\/nuevo-recurso-clave-para-el-aula-descarga-una-lista-de-control-para-la-deteccion-inicial-del-tea-trastorno-del-espectro-autista\/\" rel=\"bookmark\">Nuevo recurso clave para el aula: descarga una lista de control para la detecci\u00f3n inicial del TEA (Trastorno del Espectro Autista)<\/a><\/h3>\t\t\t\t\t<\/header><!-- .entry-header -->\n\t\t\t\t<\/div><!-- .post-inner -->\n\n\t\t\t<\/div><!-- .post-outer -->\n\t\t<\/article>\n\t\t\t<article id=\"post-101267\" class=\"post-101267 post type-post status-publish format-standard has-post-thumbnail category-calculo category-descargas-manuales-pdf category-pedagogia tag-calculo tag-desarrollar tag-guia tag-mental tag-ninos cs-entry cs-video-wrap\">\n\t\t\t<div class=\"pk-post-outer\">\n\n\t\t\t\t\t\t\t\t<div class=\"pk-post-inner\">\n\t\t\t\t\t<div class=\"entry-thumbnail\">\n\t\t\t\t\t\t<div class=\"pk-overlay pk-overlay-ratio pk-ratio-landscape\">\n\t\t\t\t\t\t\t<div class=\"pk-overlay-background\">\n\t\t\t\t\t\t\t\t<a href=\"https:\/\/webdelmaestrocmf.com\/portal\/guia-para-desarrollar-el-calculo-mental-en-ninos\/\" class=\"pk-overlay-link\">\n\t\t\t\t\t\t\t\t\t<img loading=\"lazy\" decoding=\"async\" width=\"300\" height=\"225\" src=\"https:\/\/webdelmaestrocmf.com\/portal\/wp-content\/uploads\/2023\/11\/1AA-Banner-1-portada-imagen-10-1-copia-1-300x225.webp\" class=\"attachment-pk-thumbnail size-pk-thumbnail wp-post-image\" alt=\"\" \/>\t\t\t\t\t\t\t\t<\/a>\n\t\t\t\t\t\t\t<\/div>\n\t\t\t\t\t\t<\/div>\n\t\t\t\t\t<\/div>\n\t\t\t\t<\/div>\n\t\t\t\t\n\t\t\t\t<div class=\"pk-post-inner\">\n\t\t\t\t\t<header>\n\t\t\t\t\t\t<h3 class=\"pk-title\"><a href=\"https:\/\/webdelmaestrocmf.com\/portal\/guia-para-desarrollar-el-calculo-mental-en-ninos\/\" rel=\"bookmark\">Gu\u00eda pr\u00e1ctica para desarrollar el c\u00e1lculo mental en ni\u00f1os: descarga los tres cuadernillos de c\u00e1lculo mental<\/a><\/h3>\t\t\t\t\t<\/header><!-- .entry-header -->\n\t\t\t\t<\/div><!-- .post-inner -->\n\n\t\t\t<\/div><!-- .post-outer -->\n\t\t<\/article>\n\t\t\t<article id=\"post-95551\" class=\"post-95551 post type-post status-publish format-standard has-post-thumbnail category-deficit-de-atencion category-descargas-manuales-pdf category-pedagogia tag-actividades-al-aire-libre tag-actividades-en-casa tag-actividades-escolares tag-ambiente-de-aprendizaje tag-atencion tag-atencion-plena tag-comprension-lectora tag-concentracion tag-desarrollo-cognitivo tag-educacion tag-ejercicios-de-atencion tag-ejercicios-de-respiracion tag-estrategias-educativas tag-habilidades-de-atencio tag-herramientas-visuales tag-juegos-de-atencion tag-juegos-de-mesa tag-lectura-conjunta tag-limitar-tiempo-de-pantalla tag-mindfulness tag-ninos-distraidos tag-organizacion tag-pausas-activas tag-rompecabezas tag-rutinas tag-tareas-domesticas tag-tdah tag-tecnicas-de-concentracion tag-tiempo-de-silencio cs-entry cs-video-wrap\">\n\t\t\t<div class=\"pk-post-outer\">\n\n\t\t\t\t\t\t\t\t<div class=\"pk-post-inner\">\n\t\t\t\t\t<div class=\"entry-thumbnail\">\n\t\t\t\t\t\t<div class=\"pk-overlay pk-overlay-ratio pk-ratio-landscape\">\n\t\t\t\t\t\t\t<div class=\"pk-overlay-background\">\n\t\t\t\t\t\t\t\t<a href=\"https:\/\/webdelmaestrocmf.com\/portal\/como-educar-a-ninos-distraidos-o-despistados-que-se-puede-hacer-en-clase\/\" class=\"pk-overlay-link\">\n\t\t\t\t\t\t\t\t\t<img loading=\"lazy\" decoding=\"async\" width=\"300\" height=\"225\" src=\"https:\/\/webdelmaestrocmf.com\/portal\/wp-content\/uploads\/2023\/09\/1A-Banner-1-portada-imagen-10-1-copia-1-300x225.jpg\" class=\"attachment-pk-thumbnail size-pk-thumbnail wp-post-image\" alt=\"\" \/>\t\t\t\t\t\t\t\t<\/a>\n\t\t\t\t\t\t\t<\/div>\n\t\t\t\t\t\t<\/div>\n\t\t\t\t\t<\/div>\n\t\t\t\t<\/div>\n\t\t\t\t\n\t\t\t\t<div class=\"pk-post-inner\">\n\t\t\t\t\t<header>\n\t\t\t\t\t\t<h3 class=\"pk-title\"><a href=\"https:\/\/webdelmaestrocmf.com\/portal\/como-educar-a-ninos-distraidos-o-despistados-que-se-puede-hacer-en-clase\/\" rel=\"bookmark\">C\u00f3mo educar a ni\u00f1os distra\u00eddos o despistados. \u00bfQu\u00e9 se puede hacer en clase? Descarga las 80 actividades para trabajar la atenci\u00f3n en clases<\/a><\/h3>\t\t\t\t\t<\/header><!-- .entry-header -->\n\t\t\t\t<\/div><!-- .post-inner -->\n\n\t\t\t<\/div><!-- .post-outer -->\n\t\t<\/article>\n\t\t\t\t<\/div>\n\t\t<\/div>\n\t\t\n","protected":false},"excerpt":{"rendered":"En estos \u00faltimos a\u00f1os han adquirido gran popularidad aquellos tipos de pedagog\u00eda que se han alejado de lo&hellip;","protected":false},"author":1,"featured_media":53634,"comment_status":"open","ping_status":"open","sticky":false,"template":"","format":"standard","meta":{"csco_display_header_overlay":false,"csco_singular_sidebar":"default","csco_page_header_type":"default","csco_page_load_nextpost":"default","csco_post_video_location":[],"csco_post_video_location_hash":"","csco_post_video_url":"","csco_post_video_bg_start_time":0,"csco_post_video_bg_end_time":0,"csco_post_video_bg_volume":false,"_jetpack_memberships_contains_paid_content":false,"footnotes":""},"categories":[2004,504,735],"tags":[629,1589,2235],"class_list":{"0":"post-18669","1":"post","2":"type-post","3":"status-publish","4":"format-standard","5":"has-post-thumbnail","7":"category-descargas-manuales-pdf","8":"category-libros","9":"category-pedagogia","10":"tag-libros","11":"tag-pedagogia","12":"tag-waldorf","13":"cs-entry","14":"cs-video-wrap"},"yoast_head":"<!-- This site is optimized with the Yoast SEO plugin v27.5 - https:\/\/yoast.com\/product\/yoast-seo-wordpress\/ -->\n<title>Los mejores libros de la Pedagog\u00eda Waldorf<\/title>\n<meta name=\"description\" content=\"Estos libros pertenecen a la obra de Rudolf Steiner en espa\u00f1ol, son los que no tienen protecci\u00f3n a los derechos de la editorial y se...\" \/>\n<meta name=\"robots\" content=\"index, follow, max-snippet:-1, max-image-preview:large, max-video-preview:-1\" \/>\n<link rel=\"canonical\" href=\"https:\/\/webdelmaestrocmf.com\/portal\/descarga-los-libros-pedagogia-waldorf\/\" \/>\n<meta property=\"og:locale\" content=\"es_ES\" \/>\n<meta property=\"og:type\" content=\"article\" \/>\n<meta property=\"og:title\" content=\"Los mejores libros de la Pedagog\u00eda Waldorf\" \/>\n<meta property=\"og:description\" content=\"Estos libros pertenecen a la obra de Rudolf Steiner en espa\u00f1ol, son los que no tienen protecci\u00f3n a los derechos de la editorial y se...\" \/>\n<meta property=\"og:url\" content=\"https:\/\/webdelmaestrocmf.com\/portal\/descarga-los-libros-pedagogia-waldorf\/\" \/>\n<meta property=\"og:site_name\" content=\"Web del Maestro CMF\" \/>\n<meta property=\"article:publisher\" content=\"https:\/\/www.facebook.com\/WebdelMaestroCMF\/\" \/>\n<meta property=\"article:author\" content=\"https:\/\/www.facebook.com\/WebdelMaestroCMF\/\" \/>\n<meta property=\"article:published_time\" content=\"2020-07-24T16:37:04+00:00\" \/>\n<meta property=\"article:modified_time\" content=\"2023-10-05T02:42:13+00:00\" \/>\n<meta property=\"og:image\" content=\"https:\/\/i0.wp.com\/webdelmaestrocmf.com\/portal\/wp-content\/uploads\/2018\/07\/1-copia.jpg?fit=1100%2C680&ssl=1\" \/>\n\t<meta property=\"og:image:width\" content=\"1100\" \/>\n\t<meta property=\"og:image:height\" content=\"680\" \/>\n\t<meta property=\"og:image:type\" content=\"image\/jpeg\" \/>\n<meta name=\"author\" content=\"Web del Maestro CMF\" \/>\n<meta name=\"twitter:card\" content=\"summary_large_image\" \/>\n<meta name=\"twitter:creator\" content=\"@cmf_w\" \/>\n<meta name=\"twitter:site\" content=\"@cmf_w\" \/>\n<script type=\"application\/ld+json\" class=\"yoast-schema-graph\">{\"@context\":\"https:\\\/\\\/schema.org\",\"@graph\":[{\"@type\":\"ScholarlyArticle\",\"@id\":\"https:\\\/\\\/webdelmaestrocmf.com\\\/portal\\\/descarga-los-libros-pedagogia-waldorf\\\/#article\",\"isPartOf\":{\"@id\":\"https:\\\/\\\/webdelmaestrocmf.com\\\/portal\\\/descarga-los-libros-pedagogia-waldorf\\\/\"},\"author\":{\"name\":\"Web del Maestro CMF\",\"@id\":\"https:\\\/\\\/webdelmaestrocmf.com\\\/portal\\\/#\\\/schema\\\/person\\\/1072a2ed7bd960df8ef99a551fa35dc5\"},\"headline\":\"Los mejores libros de la Pedagog\u00eda Waldorf\",\"datePublished\":\"2020-07-24T16:37:04+00:00\",\"dateModified\":\"2023-10-05T02:42:13+00:00\",\"mainEntityOfPage\":{\"@id\":\"https:\\\/\\\/webdelmaestrocmf.com\\\/portal\\\/descarga-los-libros-pedagogia-waldorf\\\/\"},\"wordCount\":870,\"commentCount\":2,\"publisher\":{\"@id\":\"https:\\\/\\\/webdelmaestrocmf.com\\\/portal\\\/#organization\"},\"image\":{\"@id\":\"https:\\\/\\\/webdelmaestrocmf.com\\\/portal\\\/descarga-los-libros-pedagogia-waldorf\\\/#primaryimage\"},\"thumbnailUrl\":\"https:\\\/\\\/webdelmaestrocmf.com\\\/portal\\\/wp-content\\\/uploads\\\/2018\\\/07\\\/1-copia.jpg\",\"keywords\":[\"Libros\",\"PEDAGOG\u00cdA\",\"WALDORF\"],\"articleSection\":[\"Descargas Manuales PDF\",\"Libros\",\"Recursos\"],\"inLanguage\":\"es\",\"potentialAction\":[{\"@type\":\"CommentAction\",\"name\":\"Comment\",\"target\":[\"https:\\\/\\\/webdelmaestrocmf.com\\\/portal\\\/descarga-los-libros-pedagogia-waldorf\\\/#respond\"]}]},{\"@type\":\"WebPage\",\"@id\":\"https:\\\/\\\/webdelmaestrocmf.com\\\/portal\\\/descarga-los-libros-pedagogia-waldorf\\\/\",\"url\":\"https:\\\/\\\/webdelmaestrocmf.com\\\/portal\\\/descarga-los-libros-pedagogia-waldorf\\\/\",\"name\":\"Los mejores libros de la Pedagog\u00eda Waldorf\",\"isPartOf\":{\"@id\":\"https:\\\/\\\/webdelmaestrocmf.com\\\/portal\\\/#website\"},\"primaryImageOfPage\":{\"@id\":\"https:\\\/\\\/webdelmaestrocmf.com\\\/portal\\\/descarga-los-libros-pedagogia-waldorf\\\/#primaryimage\"},\"image\":{\"@id\":\"https:\\\/\\\/webdelmaestrocmf.com\\\/portal\\\/descarga-los-libros-pedagogia-waldorf\\\/#primaryimage\"},\"thumbnailUrl\":\"https:\\\/\\\/webdelmaestrocmf.com\\\/portal\\\/wp-content\\\/uploads\\\/2018\\\/07\\\/1-copia.jpg\",\"datePublished\":\"2020-07-24T16:37:04+00:00\",\"dateModified\":\"2023-10-05T02:42:13+00:00\",\"description\":\"Estos libros pertenecen a la obra de Rudolf Steiner en espa\u00f1ol, son los que no tienen protecci\u00f3n a los derechos de la editorial y se...\",\"breadcrumb\":{\"@id\":\"https:\\\/\\\/webdelmaestrocmf.com\\\/portal\\\/descarga-los-libros-pedagogia-waldorf\\\/#breadcrumb\"},\"inLanguage\":\"es\",\"potentialAction\":[{\"@type\":\"ReadAction\",\"target\":[\"https:\\\/\\\/webdelmaestrocmf.com\\\/portal\\\/descarga-los-libros-pedagogia-waldorf\\\/\"]}]},{\"@type\":\"ImageObject\",\"inLanguage\":\"es\",\"@id\":\"https:\\\/\\\/webdelmaestrocmf.com\\\/portal\\\/descarga-los-libros-pedagogia-waldorf\\\/#primaryimage\",\"url\":\"https:\\\/\\\/webdelmaestrocmf.com\\\/portal\\\/wp-content\\\/uploads\\\/2018\\\/07\\\/1-copia.jpg\",\"contentUrl\":\"https:\\\/\\\/webdelmaestrocmf.com\\\/portal\\\/wp-content\\\/uploads\\\/2018\\\/07\\\/1-copia.jpg\",\"width\":1100,\"height\":680},{\"@type\":\"BreadcrumbList\",\"@id\":\"https:\\\/\\\/webdelmaestrocmf.com\\\/portal\\\/descarga-los-libros-pedagogia-waldorf\\\/#breadcrumb\",\"itemListElement\":[{\"@type\":\"ListItem\",\"position\":1,\"name\":\"Portada\",\"item\":\"https:\\\/\\\/webdelmaestrocmf.com\\\/portal\\\/\"},{\"@type\":\"ListItem\",\"position\":2,\"name\":\"Recursos\",\"item\":\"https:\\\/\\\/webdelmaestrocmf.com\\\/portal\\\/category\\\/pedagogia\\\/\"},{\"@type\":\"ListItem\",\"position\":3,\"name\":\"Los mejores libros de la Pedagog\u00eda Waldorf\"}]},{\"@type\":\"WebSite\",\"@id\":\"https:\\\/\\\/webdelmaestrocmf.com\\\/portal\\\/#website\",\"url\":\"https:\\\/\\\/webdelmaestrocmf.com\\\/portal\\\/\",\"name\":\"Web del Maestro CMF\",\"description\":\"Maestros al servicio de la educaci\u00f3n\",\"publisher\":{\"@id\":\"https:\\\/\\\/webdelmaestrocmf.com\\\/portal\\\/#organization\"},\"alternateName\":\"WMCMF\",\"potentialAction\":[{\"@type\":\"SearchAction\",\"target\":{\"@type\":\"EntryPoint\",\"urlTemplate\":\"https:\\\/\\\/webdelmaestrocmf.com\\\/portal\\\/?s={search_term_string}\"},\"query-input\":{\"@type\":\"PropertyValueSpecification\",\"valueRequired\":true,\"valueName\":\"search_term_string\"}}],\"inLanguage\":\"es\"},{\"@type\":\"Organization\",\"@id\":\"https:\\\/\\\/webdelmaestrocmf.com\\\/portal\\\/#organization\",\"name\":\"Web del Maestro CMF\",\"alternateName\":\"WMCMF\",\"url\":\"https:\\\/\\\/webdelmaestrocmf.com\\\/portal\\\/\",\"logo\":{\"@type\":\"ImageObject\",\"inLanguage\":\"es\",\"@id\":\"https:\\\/\\\/webdelmaestrocmf.com\\\/portal\\\/#\\\/schema\\\/logo\\\/image\\\/\",\"url\":\"https:\\\/\\\/webdelmaestrocmf.com\\\/portal\\\/wp-content\\\/uploads\\\/2023\\\/01\\\/logo-wmcmf-2.png\",\"contentUrl\":\"https:\\\/\\\/webdelmaestrocmf.com\\\/portal\\\/wp-content\\\/uploads\\\/2023\\\/01\\\/logo-wmcmf-2.png\",\"width\":200,\"height\":60,\"caption\":\"Web del Maestro CMF\"},\"image\":{\"@id\":\"https:\\\/\\\/webdelmaestrocmf.com\\\/portal\\\/#\\\/schema\\\/logo\\\/image\\\/\"},\"sameAs\":[\"https:\\\/\\\/www.facebook.com\\\/WebdelMaestroCMF\\\/\",\"https:\\\/\\\/x.com\\\/cmf_w\",\"https:\\\/\\\/www.pinterest.com\\\/WMCMF\\\/\",\"https:\\\/\\\/www.linkedin.com\\\/company\\\/web-del-maestro-cmf\\\/\",\"https:\\\/\\\/www.instagram.com\\\/wmcmf\\\/\",\"https:\\\/\\\/www.youtube.com\\\/channel\\\/UCDPSvjbdodE5sHnC3OxutHw\",\"https:\\\/\\\/mastodon.social\\\/@wmcmf\",\"https:\\\/\\\/www.tiktok.com\\\/@webdelmaestrocmf\"]},{\"@type\":\"Person\",\"@id\":\"https:\\\/\\\/webdelmaestrocmf.com\\\/portal\\\/#\\\/schema\\\/person\\\/1072a2ed7bd960df8ef99a551fa35dc5\",\"name\":\"Web del Maestro CMF\",\"image\":{\"@type\":\"ImageObject\",\"inLanguage\":\"es\",\"@id\":\"https:\\\/\\\/secure.gravatar.com\\\/avatar\\\/23291dd5b5ae1077dcff3dbb04c3e02bd28403fa75af6d8787d5e97c5bbbe30b?s=96&d=mm&r=g\",\"url\":\"https:\\\/\\\/secure.gravatar.com\\\/avatar\\\/23291dd5b5ae1077dcff3dbb04c3e02bd28403fa75af6d8787d5e97c5bbbe30b?s=96&d=mm&r=g\",\"contentUrl\":\"https:\\\/\\\/secure.gravatar.com\\\/avatar\\\/23291dd5b5ae1077dcff3dbb04c3e02bd28403fa75af6d8787d5e97c5bbbe30b?s=96&d=mm&r=g\",\"caption\":\"Web del Maestro CMF\"},\"description\":\"Esta Web se cre\u00f3 sin fines de lucro, con fines educativos, cient\u00edficos y acad\u00e9micos, para personas que tengan dificultades y\\\/o inconvenientes en visualizar el material original. El objetivo es entregar recursos, compartir experiencias y materiales que ayuden a los padres de familia, maestros y estudiantes en su actualizaci\u00f3n y formaci\u00f3n permanente, en bien de la Educaci\u00f3n.\",\"sameAs\":[\"http:\\\/\\\/webdelmaestrocmf.com\\\/portal\",\"https:\\\/\\\/www.facebook.com\\\/WebdelMaestroCMF\\\/\",\"https:\\\/\\\/www.instagram.com\\\/wmcmf\\\/\",\"https:\\\/\\\/cl.linkedin.com\\\/company\\\/web-del-maestro-cmf\",\"https:\\\/\\\/www.pinterest.com\\\/WMCMF\\\/publicaciones\\\/\",\"https:\\\/\\\/x.com\\\/cmf_w\",\"https:\\\/\\\/www.youtube.com\\\/@WMCMF\"]}]}<\/script>\n<!-- \/ Yoast SEO plugin. -->","yoast_head_json":{"title":"Los mejores libros de la Pedagog\u00eda Waldorf","description":"Estos libros pertenecen a la obra de Rudolf Steiner en espa\u00f1ol, son los que no tienen protecci\u00f3n a los derechos de la editorial y se...","robots":{"index":"index","follow":"follow","max-snippet":"max-snippet:-1","max-image-preview":"max-image-preview:large","max-video-preview":"max-video-preview:-1"},"canonical":"https:\/\/webdelmaestrocmf.com\/portal\/descarga-los-libros-pedagogia-waldorf\/","og_locale":"es_ES","og_type":"article","og_title":"Los mejores libros de la Pedagog\u00eda Waldorf","og_description":"Estos libros pertenecen a la obra de Rudolf Steiner en espa\u00f1ol, son los que no tienen protecci\u00f3n a los derechos de la editorial y se...","og_url":"https:\/\/webdelmaestrocmf.com\/portal\/descarga-los-libros-pedagogia-waldorf\/","og_site_name":"Web del Maestro CMF","article_publisher":"https:\/\/www.facebook.com\/WebdelMaestroCMF\/","article_author":"https:\/\/www.facebook.com\/WebdelMaestroCMF\/","article_published_time":"2020-07-24T16:37:04+00:00","article_modified_time":"2023-10-05T02:42:13+00:00","og_image":[{"width":1100,"height":680,"url":"https:\/\/i0.wp.com\/webdelmaestrocmf.com\/portal\/wp-content\/uploads\/2018\/07\/1-copia.jpg?fit=1100%2C680&ssl=1","type":"image\/jpeg"}],"author":"Web del Maestro CMF","twitter_card":"summary_large_image","twitter_creator":"@cmf_w","twitter_site":"@cmf_w","schema":{"@context":"https:\/\/schema.org","@graph":[{"@type":"ScholarlyArticle","@id":"https:\/\/webdelmaestrocmf.com\/portal\/descarga-los-libros-pedagogia-waldorf\/#article","isPartOf":{"@id":"https:\/\/webdelmaestrocmf.com\/portal\/descarga-los-libros-pedagogia-waldorf\/"},"author":{"name":"Web del Maestro CMF","@id":"https:\/\/webdelmaestrocmf.com\/portal\/#\/schema\/person\/1072a2ed7bd960df8ef99a551fa35dc5"},"headline":"Los mejores libros de la Pedagog\u00eda Waldorf","datePublished":"2020-07-24T16:37:04+00:00","dateModified":"2023-10-05T02:42:13+00:00","mainEntityOfPage":{"@id":"https:\/\/webdelmaestrocmf.com\/portal\/descarga-los-libros-pedagogia-waldorf\/"},"wordCount":870,"commentCount":2,"publisher":{"@id":"https:\/\/webdelmaestrocmf.com\/portal\/#organization"},"image":{"@id":"https:\/\/webdelmaestrocmf.com\/portal\/descarga-los-libros-pedagogia-waldorf\/#primaryimage"},"thumbnailUrl":"https:\/\/webdelmaestrocmf.com\/portal\/wp-content\/uploads\/2018\/07\/1-copia.jpg","keywords":["Libros","PEDAGOG\u00cdA","WALDORF"],"articleSection":["Descargas Manuales PDF","Libros","Recursos"],"inLanguage":"es","potentialAction":[{"@type":"CommentAction","name":"Comment","target":["https:\/\/webdelmaestrocmf.com\/portal\/descarga-los-libros-pedagogia-waldorf\/#respond"]}]},{"@type":"WebPage","@id":"https:\/\/webdelmaestrocmf.com\/portal\/descarga-los-libros-pedagogia-waldorf\/","url":"https:\/\/webdelmaestrocmf.com\/portal\/descarga-los-libros-pedagogia-waldorf\/","name":"Los mejores libros de la Pedagog\u00eda Waldorf","isPartOf":{"@id":"https:\/\/webdelmaestrocmf.com\/portal\/#website"},"primaryImageOfPage":{"@id":"https:\/\/webdelmaestrocmf.com\/portal\/descarga-los-libros-pedagogia-waldorf\/#primaryimage"},"image":{"@id":"https:\/\/webdelmaestrocmf.com\/portal\/descarga-los-libros-pedagogia-waldorf\/#primaryimage"},"thumbnailUrl":"https:\/\/webdelmaestrocmf.com\/portal\/wp-content\/uploads\/2018\/07\/1-copia.jpg","datePublished":"2020-07-24T16:37:04+00:00","dateModified":"2023-10-05T02:42:13+00:00","description":"Estos libros pertenecen a la obra de Rudolf Steiner en espa\u00f1ol, son los que no tienen protecci\u00f3n a los derechos de la editorial y se...","breadcrumb":{"@id":"https:\/\/webdelmaestrocmf.com\/portal\/descarga-los-libros-pedagogia-waldorf\/#breadcrumb"},"inLanguage":"es","potentialAction":[{"@type":"ReadAction","target":["https:\/\/webdelmaestrocmf.com\/portal\/descarga-los-libros-pedagogia-waldorf\/"]}]},{"@type":"ImageObject","inLanguage":"es","@id":"https:\/\/webdelmaestrocmf.com\/portal\/descarga-los-libros-pedagogia-waldorf\/#primaryimage","url":"https:\/\/webdelmaestrocmf.com\/portal\/wp-content\/uploads\/2018\/07\/1-copia.jpg","contentUrl":"https:\/\/webdelmaestrocmf.com\/portal\/wp-content\/uploads\/2018\/07\/1-copia.jpg","width":1100,"height":680},{"@type":"BreadcrumbList","@id":"https:\/\/webdelmaestrocmf.com\/portal\/descarga-los-libros-pedagogia-waldorf\/#breadcrumb","itemListElement":[{"@type":"ListItem","position":1,"name":"Portada","item":"https:\/\/webdelmaestrocmf.com\/portal\/"},{"@type":"ListItem","position":2,"name":"Recursos","item":"https:\/\/webdelmaestrocmf.com\/portal\/category\/pedagogia\/"},{"@type":"ListItem","position":3,"name":"Los mejores libros de la Pedagog\u00eda Waldorf"}]},{"@type":"WebSite","@id":"https:\/\/webdelmaestrocmf.com\/portal\/#website","url":"https:\/\/webdelmaestrocmf.com\/portal\/","name":"Web del Maestro CMF","description":"Maestros al servicio de la educaci\u00f3n","publisher":{"@id":"https:\/\/webdelmaestrocmf.com\/portal\/#organization"},"alternateName":"WMCMF","potentialAction":[{"@type":"SearchAction","target":{"@type":"EntryPoint","urlTemplate":"https:\/\/webdelmaestrocmf.com\/portal\/?s={search_term_string}"},"query-input":{"@type":"PropertyValueSpecification","valueRequired":true,"valueName":"search_term_string"}}],"inLanguage":"es"},{"@type":"Organization","@id":"https:\/\/webdelmaestrocmf.com\/portal\/#organization","name":"Web del Maestro CMF","alternateName":"WMCMF","url":"https:\/\/webdelmaestrocmf.com\/portal\/","logo":{"@type":"ImageObject","inLanguage":"es","@id":"https:\/\/webdelmaestrocmf.com\/portal\/#\/schema\/logo\/image\/","url":"https:\/\/webdelmaestrocmf.com\/portal\/wp-content\/uploads\/2023\/01\/logo-wmcmf-2.png","contentUrl":"https:\/\/webdelmaestrocmf.com\/portal\/wp-content\/uploads\/2023\/01\/logo-wmcmf-2.png","width":200,"height":60,"caption":"Web del Maestro CMF"},"image":{"@id":"https:\/\/webdelmaestrocmf.com\/portal\/#\/schema\/logo\/image\/"},"sameAs":["https:\/\/www.facebook.com\/WebdelMaestroCMF\/","https:\/\/x.com\/cmf_w","https:\/\/www.pinterest.com\/WMCMF\/","https:\/\/www.linkedin.com\/company\/web-del-maestro-cmf\/","https:\/\/www.instagram.com\/wmcmf\/","https:\/\/www.youtube.com\/channel\/UCDPSvjbdodE5sHnC3OxutHw","https:\/\/mastodon.social\/@wmcmf","https:\/\/www.tiktok.com\/@webdelmaestrocmf"]},{"@type":"Person","@id":"https:\/\/webdelmaestrocmf.com\/portal\/#\/schema\/person\/1072a2ed7bd960df8ef99a551fa35dc5","name":"Web del Maestro CMF","image":{"@type":"ImageObject","inLanguage":"es","@id":"https:\/\/secure.gravatar.com\/avatar\/23291dd5b5ae1077dcff3dbb04c3e02bd28403fa75af6d8787d5e97c5bbbe30b?s=96&d=mm&r=g","url":"https:\/\/secure.gravatar.com\/avatar\/23291dd5b5ae1077dcff3dbb04c3e02bd28403fa75af6d8787d5e97c5bbbe30b?s=96&d=mm&r=g","contentUrl":"https:\/\/secure.gravatar.com\/avatar\/23291dd5b5ae1077dcff3dbb04c3e02bd28403fa75af6d8787d5e97c5bbbe30b?s=96&d=mm&r=g","caption":"Web del Maestro CMF"},"description":"Esta Web se cre\u00f3 sin fines de lucro, con fines educativos, cient\u00edficos y acad\u00e9micos, para personas que tengan dificultades y\/o inconvenientes en visualizar el material original. El objetivo es entregar recursos, compartir experiencias y materiales que ayuden a los padres de familia, maestros y estudiantes en su actualizaci\u00f3n y formaci\u00f3n permanente, en bien de la Educaci\u00f3n.","sameAs":["http:\/\/webdelmaestrocmf.com\/portal","https:\/\/www.facebook.com\/WebdelMaestroCMF\/","https:\/\/www.instagram.com\/wmcmf\/","https:\/\/cl.linkedin.com\/company\/web-del-maestro-cmf","https:\/\/www.pinterest.com\/WMCMF\/publicaciones\/","https:\/\/x.com\/cmf_w","https:\/\/www.youtube.com\/@WMCMF"]}]}},"jetpack_featured_media_url":"https:\/\/webdelmaestrocmf.com\/portal\/wp-content\/uploads\/2018\/07\/1-copia.jpg","jetpack_sharing_enabled":true,"jetpack-related-posts":[{"id":24081,"url":"https:\/\/webdelmaestrocmf.com\/portal\/pedagogias-alternativas-montessori-doman-waldorf\/","url_meta":{"origin":18669,"position":0},"title":"Pedagogias alternativas: Montessori, Doman y Waldorf","author":"Web del Maestro CMF","date":"6 diciembre, 2019","format":false,"excerpt":"No hace falta decir que nuestro sistema educativo est\u00e1 en el centro de mira pues todos sabemos de los malos resultados de los alumnos en las pruebas estandarizadas, de las elevadas tasas de fracaso escolar, etc\u2026 as\u00ed que hace tiempo que se habla de la necesidad de cambio y hay\u2026","rel":"","context":"En \u00abPedagog\u00eda\u00bb","block_context":{"text":"Pedagog\u00eda","link":"https:\/\/webdelmaestrocmf.com\/portal\/category\/pedagogia\/educacion-pedagogia\/"},"img":{"alt_text":"","src":"https:\/\/i0.wp.com\/webdelmaestrocmf.com\/portal\/wp-content\/uploads\/2017\/12\/1-1.jpg?resize=350%2C200&ssl=1","width":350,"height":200,"srcset":"https:\/\/i0.wp.com\/webdelmaestrocmf.com\/portal\/wp-content\/uploads\/2017\/12\/1-1.jpg?resize=350%2C200&ssl=1 1x, https:\/\/i0.wp.com\/webdelmaestrocmf.com\/portal\/wp-content\/uploads\/2017\/12\/1-1.jpg?resize=525%2C300&ssl=1 1.5x, https:\/\/i0.wp.com\/webdelmaestrocmf.com\/portal\/wp-content\/uploads\/2017\/12\/1-1.jpg?resize=700%2C400&ssl=1 2x, https:\/\/i0.wp.com\/webdelmaestrocmf.com\/portal\/wp-content\/uploads\/2017\/12\/1-1.jpg?resize=1050%2C600&ssl=1 3x"},"classes":[]},{"id":31910,"url":"https:\/\/webdelmaestrocmf.com\/portal\/el-acto-pedagogico-tiene-que-estar-unido-a-la-alegria-a-la-percepcion-mutua-al-sentimiento\/","url_meta":{"origin":18669,"position":1},"title":"Antonio Malag\u00f3n: El acto pedag\u00f3gico tiene que estar unido a la alegr\u00eda, a la percepci\u00f3n mutua, al sentimiento\u2026","author":"Web del Maestro CMF","date":"21 diciembre, 2020","format":false,"excerpt":"El a\u00f1o 2019, se cumplir\u00e1n cien a\u00f1os de la creaci\u00f3n de la primera Escuela Waldorf en Stuttgart (Alemania), para responder a la petici\u00f3n que le hicieron los obreros de la f\u00e1brica de cigarros Waldorf. Hab\u00eda terminado la Primera Guerra Mundial y Alemania necesitaba reconstruirse casi totalmente. Los hijos de los\u2026","rel":"","context":"En \u00abEntrevistas\u00bb","block_context":{"text":"Entrevistas","link":"https:\/\/webdelmaestrocmf.com\/portal\/category\/noticias\/entrevistas\/"},"img":{"alt_text":"","src":"https:\/\/i0.wp.com\/webdelmaestrocmf.com\/portal\/wp-content\/uploads\/2018\/09\/2-copia.jpg?resize=350%2C200&ssl=1","width":350,"height":200,"srcset":"https:\/\/i0.wp.com\/webdelmaestrocmf.com\/portal\/wp-content\/uploads\/2018\/09\/2-copia.jpg?resize=350%2C200&ssl=1 1x, https:\/\/i0.wp.com\/webdelmaestrocmf.com\/portal\/wp-content\/uploads\/2018\/09\/2-copia.jpg?resize=525%2C300&ssl=1 1.5x, https:\/\/i0.wp.com\/webdelmaestrocmf.com\/portal\/wp-content\/uploads\/2018\/09\/2-copia.jpg?resize=700%2C400&ssl=1 2x, https:\/\/i0.wp.com\/webdelmaestrocmf.com\/portal\/wp-content\/uploads\/2018\/09\/2-copia.jpg?resize=1050%2C600&ssl=1 3x"},"classes":[]},{"id":26936,"url":"https:\/\/webdelmaestrocmf.com\/portal\/diferencias-entre-los-metodos-pedagogicos-alternativos-montessori-waldorf-reggio-emilia-y-pikler\/","url_meta":{"origin":18669,"position":2},"title":"Diferencias entre los m\u00e9todos pedag\u00f3gicos alternativos: Montessori, Waldorf, Reggio Emilia y Pikler","author":"Web del Maestro CMF","date":"16 marzo, 2021","format":false,"excerpt":"Existen m\u00e9todos de ense\u00f1anza alternativa\u00a0Montessori, Waldorf, Reggio Emilia Y Pikler\u00a0que, a diferencia del sistema educativo convencional, proporcionan a los ni\u00f1os herramientas para ser m\u00e1s autodidactas. Se conocen como m\u00e9todos de ense\u00f1anza alternativa a aquellos que difieren del\u00a0sistema educativo\u00a0convencional, aunque no son una novedad, ya que llevan d\u00e9cadas funcionando. Existen colegios\u2026","rel":"","context":"En \u00abDocentes\u00bb","block_context":{"text":"Docentes","link":"https:\/\/webdelmaestrocmf.com\/portal\/category\/pedagogia\/docentes\/"},"img":{"alt_text":"","src":"https:\/\/i0.wp.com\/webdelmaestrocmf.com\/portal\/wp-content\/uploads\/2019\/03\/1-5.jpeg?resize=350%2C200&ssl=1","width":350,"height":200,"srcset":"https:\/\/i0.wp.com\/webdelmaestrocmf.com\/portal\/wp-content\/uploads\/2019\/03\/1-5.jpeg?resize=350%2C200&ssl=1 1x, https:\/\/i0.wp.com\/webdelmaestrocmf.com\/portal\/wp-content\/uploads\/2019\/03\/1-5.jpeg?resize=525%2C300&ssl=1 1.5x, https:\/\/i0.wp.com\/webdelmaestrocmf.com\/portal\/wp-content\/uploads\/2019\/03\/1-5.jpeg?resize=700%2C400&ssl=1 2x, https:\/\/i0.wp.com\/webdelmaestrocmf.com\/portal\/wp-content\/uploads\/2019\/03\/1-5.jpeg?resize=1050%2C600&ssl=1 3x"},"classes":[]},{"id":88768,"url":"https:\/\/webdelmaestrocmf.com\/portal\/aprendizaje-alternativo-ejemplos-y-estrategias-para-desarrollar-competencias\/","url_meta":{"origin":18669,"position":3},"title":"Aprendizaje Alternativo: Ejemplos y Estrategias para desarrollar competencias","author":"Web del Maestro CMF","date":"9 mayo, 2023","format":false,"excerpt":"El Aprendizaje Alternativo tiene sus ra\u00edces en las teor\u00edas de la educaci\u00f3n progresista que surgieron a finales del siglo XIX y principios del siglo XX, que cuestionaban la educaci\u00f3n tradicional y propugnaban por enfoques m\u00e1s flexibles y adaptativos. Uno de los principales exponentes de la educaci\u00f3n progresista fue el pedagogo\u2026","rel":"","context":"En \u00abAprendizaje Alternativo\u00bb","block_context":{"text":"Aprendizaje Alternativo","link":"https:\/\/webdelmaestrocmf.com\/portal\/category\/pedagogia\/aprendizaje-alternativo\/"},"img":{"alt_text":"","src":"https:\/\/i0.wp.com\/webdelmaestrocmf.com\/portal\/wp-content\/uploads\/2023\/05\/A12B3C4D-71.jpg?resize=350%2C200&ssl=1","width":350,"height":200,"srcset":"https:\/\/i0.wp.com\/webdelmaestrocmf.com\/portal\/wp-content\/uploads\/2023\/05\/A12B3C4D-71.jpg?resize=350%2C200&ssl=1 1x, https:\/\/i0.wp.com\/webdelmaestrocmf.com\/portal\/wp-content\/uploads\/2023\/05\/A12B3C4D-71.jpg?resize=525%2C300&ssl=1 1.5x, https:\/\/i0.wp.com\/webdelmaestrocmf.com\/portal\/wp-content\/uploads\/2023\/05\/A12B3C4D-71.jpg?resize=700%2C400&ssl=1 2x"},"classes":[]},{"id":12909,"url":"https:\/\/webdelmaestrocmf.com\/portal\/christopher-clouder-ridiculo-atosigar-los-ninos-examenes-notas\/","url_meta":{"origin":18669,"position":4},"title":"Christopher Clouder: Es rid\u00edculo atosigar a los ni\u00f1os con ex\u00e1menes y notas","author":"Web del Maestro CMF","date":"4 febrero, 2019","format":false,"excerpt":"El portal 'Cinco D\u00edas' hizo p\u00fablica una entrevista a Christopher Clouder quien sostiene que en las escuelas Waldorf los alumnos son quienes marcan los ritmos, aprenden a leer pasados los seis a\u00f1os, no tienen ex\u00e1menes y reciben una s\u00f3lida formaci\u00f3n musical y art\u00edstica. Su rendimiento acad\u00e9mico cuando se incorporan a\u2026","rel":"","context":"En \u00abEntrevistas\u00bb","block_context":{"text":"Entrevistas","link":"https:\/\/webdelmaestrocmf.com\/portal\/category\/noticias\/entrevistas\/"},"img":{"alt_text":"","src":"https:\/\/i0.wp.com\/webdelmaestrocmf.com\/portal\/wp-content\/uploads\/2018\/02\/2-4.jpg?resize=350%2C200&ssl=1","width":350,"height":200,"srcset":"https:\/\/i0.wp.com\/webdelmaestrocmf.com\/portal\/wp-content\/uploads\/2018\/02\/2-4.jpg?resize=350%2C200&ssl=1 1x, https:\/\/i0.wp.com\/webdelmaestrocmf.com\/portal\/wp-content\/uploads\/2018\/02\/2-4.jpg?resize=525%2C300&ssl=1 1.5x, https:\/\/i0.wp.com\/webdelmaestrocmf.com\/portal\/wp-content\/uploads\/2018\/02\/2-4.jpg?resize=700%2C400&ssl=1 2x, https:\/\/i0.wp.com\/webdelmaestrocmf.com\/portal\/wp-content\/uploads\/2018\/02\/2-4.jpg?resize=1050%2C600&ssl=1 3x"},"classes":[]},{"id":107233,"url":"https:\/\/webdelmaestrocmf.com\/portal\/tipos-de-pedagogias-modernas-relevancia-y-el-rol-del-docente-moderno\/","url_meta":{"origin":18669,"position":5},"title":"Tipos de pedagog\u00edas, relevancia y el rol del docente moderno","author":"Web del Maestro CMF","date":"26 diciembre, 2024","format":false,"excerpt":"La pedagog\u00eda es la ciencia social que investiga y estudia las t\u00e9cnicas centradas en la educaci\u00f3n y la ense\u00f1anza. El objetivo principal de esta disciplina es optimizar y sistematizar m\u00e9todos educativos para mejorarlos, desarrollar el potencial humano y facilitar la trasmisi\u00f3n de conocimientos, valores, cultura o tradiciones. Su aplicaci\u00f3n es\u2026","rel":"","context":"En \u00abPedagog\u00eda\u00bb","block_context":{"text":"Pedagog\u00eda","link":"https:\/\/webdelmaestrocmf.com\/portal\/category\/pedagogia\/pedagogia-pedagogia\/"},"img":{"alt_text":"","src":"https:\/\/i0.wp.com\/webdelmaestrocmf.com\/portal\/wp-content\/uploads\/2024\/12\/Banner-1-portada-imagen-10-1-36.jpg?resize=350%2C200&ssl=1","width":350,"height":200,"srcset":"https:\/\/i0.wp.com\/webdelmaestrocmf.com\/portal\/wp-content\/uploads\/2024\/12\/Banner-1-portada-imagen-10-1-36.jpg?resize=350%2C200&ssl=1 1x, https:\/\/i0.wp.com\/webdelmaestrocmf.com\/portal\/wp-content\/uploads\/2024\/12\/Banner-1-portada-imagen-10-1-36.jpg?resize=525%2C300&ssl=1 1.5x, https:\/\/i0.wp.com\/webdelmaestrocmf.com\/portal\/wp-content\/uploads\/2024\/12\/Banner-1-portada-imagen-10-1-36.jpg?resize=700%2C400&ssl=1 2x"},"classes":[]}],"_links":{"self":[{"href":"https:\/\/webdelmaestrocmf.com\/portal\/wp-json\/wp\/v2\/posts\/18669","targetHints":{"allow":["GET"]}}],"collection":[{"href":"https:\/\/webdelmaestrocmf.com\/portal\/wp-json\/wp\/v2\/posts"}],"about":[{"href":"https:\/\/webdelmaestrocmf.com\/portal\/wp-json\/wp\/v2\/types\/post"}],"author":[{"embeddable":true,"href":"https:\/\/webdelmaestrocmf.com\/portal\/wp-json\/wp\/v2\/users\/1"}],"replies":[{"embeddable":true,"href":"https:\/\/webdelmaestrocmf.com\/portal\/wp-json\/wp\/v2\/comments?post=18669"}],"version-history":[{"count":0,"href":"https:\/\/webdelmaestrocmf.com\/portal\/wp-json\/wp\/v2\/posts\/18669\/revisions"}],"wp:featuredmedia":[{"embeddable":true,"href":"https:\/\/webdelmaestrocmf.com\/portal\/wp-json\/wp\/v2\/media\/53634"}],"wp:attachment":[{"href":"https:\/\/webdelmaestrocmf.com\/portal\/wp-json\/wp\/v2\/media?parent=18669"}],"wp:term":[{"taxonomy":"category","embeddable":true,"href":"https:\/\/webdelmaestrocmf.com\/portal\/wp-json\/wp\/v2\/categories?post=18669"},{"taxonomy":"post_tag","embeddable":true,"href":"https:\/\/webdelmaestrocmf.com\/portal\/wp-json\/wp\/v2\/tags?post=18669"}],"curies":[{"name":"wp","href":"https:\/\/api.w.org\/{rel}","templated":true}]}}