{"id":18659,"date":"2017-05-25T18:01:20","date_gmt":"2017-05-25T22:01:20","guid":{"rendered":"http:\/\/webdelmaestrocmf.com\/portal\/?p=18659"},"modified":"2023-06-17T11:24:14","modified_gmt":"2023-06-17T15:24:14","slug":"balotario-sobre-preguntas-de-cultura-pedagogica","status":"publish","type":"post","link":"https:\/\/webdelmaestrocmf.com\/portal\/balotario-sobre-preguntas-de-cultura-pedagogica\/","title":{"rendered":"Balotario sobre preguntas de cultura pedag\u00f3gica"},"content":{"rendered":"<h5 style=\"text-align: justify;\">La evaluaci\u00f3n es un proceso permanente de comunicaci\u00f3n y reflexi\u00f3n sobre los procesos y resultados del aprendizaje, y este espacio busca contribuir con los docentes y su preparaci\u00f3n pedag\u00f3gica. <span style=\"font-family: -apple-system, BlinkMacSystemFont, 'Segoe UI', Roboto, 'Helvetica Neue', Arial, 'Noto Sans', sans-serif, 'Apple Color Emoji', 'Segoe UI Emoji', 'Segoe UI Symbol', 'Noto Color Emoji';\">Esperamos que los siguientes Balotarios de preguntas pedag\u00f3gicas sean de ayuda.<\/span><\/h5>\n<p><!--more--><\/p>\n<h5 style=\"text-align: justify;\">La cultura pedag\u00f3gica es un campo de conocimiento esencial para aquellos que se dedican a la educaci\u00f3n y la formaci\u00f3n de personas. Comprender los fundamentos, las teor\u00edas y las pr\u00e1cticas pedag\u00f3gicas es crucial para desarrollar un enfoque educativo efectivo y promover el aprendizaje significativo.<\/h5>\n<p style=\"text-align: justify;\">Un balotario sobre preguntas de cultura pedag\u00f3gica se presenta como una valiosa herramienta de estudio y evaluaci\u00f3n que busca profundizar en los aspectos clave de la pedagog\u00eda y su influencia en la educaci\u00f3n. A trav\u00e9s de una serie de preguntas cuidadosamente seleccionadas, este recurso ofrece la oportunidad de explorar y afianzar los conocimientos relacionados con la teor\u00eda y la pr\u00e1ctica educativa.<\/p>\n<p style=\"text-align: justify;\">Ya sea que te encuentres en proceso de formaci\u00f3n como docente, te prepares para un examen en el \u00e1mbito de la pedagog\u00eda o simplemente desees enriquecer tu comprensi\u00f3n de la educaci\u00f3n, este balotario te invita a sumergirte en un viaje de reflexi\u00f3n y aprendizaje. A trav\u00e9s de las preguntas planteadas, podr\u00e1s evaluar tu nivel de conocimiento y descubrir \u00e1reas en las que puedas necesitar fortalecer tu comprensi\u00f3n.<\/p>\n<p style=\"text-align: justify;\">La cultura pedag\u00f3gica abarca diversos aspectos, como las teor\u00edas del aprendizaje, las estrategias de ense\u00f1anza, el desarrollo del curr\u00edculo, la evaluaci\u00f3n educativa y las tendencias pedag\u00f3gicas emergentes. Al explorar estas preguntas, podr\u00e1s adquirir una visi\u00f3n m\u00e1s amplia y profunda de la pedagog\u00eda, as\u00ed como analizar cr\u00edticamente diferentes enfoques y conceptos.<\/p>\n<p style=\"text-align: justify;\">Adem\u00e1s, este balotario sobre preguntas de cultura pedag\u00f3gica puede servir como punto de partida para la generaci\u00f3n de discusiones en el aula, en grupos de estudio o en comunidades educativas. Las preguntas pueden estimular el di\u00e1logo, el intercambio de ideas y la reflexi\u00f3n conjunta sobre los desaf\u00edos y las posibilidades de la educaci\u00f3n.<\/p>\n<p style=\"text-align: justify;\">Un balotario sobre preguntas de cultura pedag\u00f3gica sirve como una herramienta de estudio y evaluaci\u00f3n para adquirir conocimientos sobre aspectos fundamentales de la pedagog\u00eda y la educaci\u00f3n en general. Este tipo de recurso contiene una serie de preguntas y respuestas relacionadas con diferentes temas y conceptos relevantes en el campo de la pedagog\u00eda.<\/p>\n<p style=\"text-align: justify;\">El uso de un balotario sobre preguntas de cultura pedag\u00f3gica puede tener varios prop\u00f3sitos:<\/p>\n<p style=\"padding-left: 40px; text-align: justify;\"><strong>Estudio y autoevaluaci\u00f3n:<\/strong> Los estudiantes y profesionales de la educaci\u00f3n pueden utilizarlo como una gu\u00eda de estudio para fortalecer su comprensi\u00f3n de los conceptos clave en pedagog\u00eda. Al responder las preguntas, pueden identificar sus fortalezas y debilidades en el conocimiento y enfocar su aprendizaje en \u00e1reas espec\u00edficas.<\/p>\n<p style=\"padding-left: 40px; text-align: justify;\"><strong>Preparaci\u00f3n para ex\u00e1menes:<\/strong> Si est\u00e1s estudiando para un examen o certificaci\u00f3n relacionada con la pedagog\u00eda, el balotario puede servir como un recurso de pr\u00e1ctica para familiarizarte con el tipo de preguntas que podr\u00edas encontrar y evaluar tu nivel de preparaci\u00f3n.<\/p>\n<p style=\"text-align: justify; padding-left: 40px;\"><strong>Generaci\u00f3n de discusi\u00f3n:<\/strong> En entornos educativos, un balotario puede ser utilizado por docentes y estudiantes como un recurso para promover la discusi\u00f3n y el intercambio de ideas sobre temas pedag\u00f3gicos. Las preguntas pueden ser utilizadas como punto de partida para profundizar en conceptos, debatir diferentes enfoques o reflexionar sobre la pr\u00e1ctica educativa.<\/p>\n<h5 style=\"padding-left: 40px; text-align: justify;\">Balotario de preguntas sobre cultura pedag\u00f3gica<\/h5>\n<p><iframe loading=\"lazy\" style=\"border: 1px solid #CCC; border-width: 1px; margin-bottom: 5px; max-width: 100%;\" src=\"\/\/www.slideshare.net\/slideshow\/embed_code\/key\/twso9Dy9XT0wFB\" width=\"900\" height=\"600\" frameborder=\"0\" marginwidth=\"0\" marginheight=\"0\" scrolling=\"no\" allowfullscreen=\"allowfullscreen\"> <\/iframe><\/p>\n<h3>ENLACE DE LECTURA:<\/h3>\n<p style=\"text-align: center;\">\u00a1Comparte y as\u00ed m\u00e1s docentes utilizar\u00e1n estos recursos\u00a0gratis! Muchas gracias.<\/p>\n<p style=\"text-align: center;\"><span style=\"color: #000000;\">OPCI\u00d3N A: <a style=\"color: #000000;\" href=\"https:\/\/drive.google.com\/file\/d\/0B09ALcQG8dKvTl95TllGb2taMzA\/\" target=\"_blank\" rel=\"noopener noreferrer\">CULTURA PEDAGOGICA<\/a>\u00a0 | \u00a0OPCI\u00d3N B: <a style=\"color: #000000;\" href=\"https:\/\/www.imageneseducativas.com\/wp-content\/uploads\/2019\/04\/Balotario-preguntas-cultura-pedagogica.pdf\" target=\"_blank\" rel=\"noopener noreferrer\">CULTURA PEDAGOGICA<\/a><\/span><\/p>\n\t\t<div class=\"pk-inline-posts\">\n\t\t\t\n\t\t\t<div class=\"pk-inline-posts-container pk-inline-posts-template-list\"\n\t\t\t\tdata-columns=\"1\">\n\t\t\t\t\t\t<article id=\"post-113775\" class=\"post-113775 post type-post status-publish format-standard has-post-thumbnail category-pedagogia-pedagogia category-pedagogia tag-andragogia tag-aprendizaje-a-lo-largo-de-la-vida tag-aprendizaje-autodeterminado tag-aprendizaje-autonomo tag-aprendizaje-no-lineal tag-aprendizaje-profundo tag-autoeficacia tag-autonomia-del-estudiante tag-conectivismo tag-constructivismo tag-double-loop-learning tag-educacion-contemporanea tag-educacion-para-adultos tag-educacion-superior tag-formacion-docente-2 tag-heutagogia tag-innovacion-educativa-2 tag-metacognicion-2 tag-metodologias-activas tag-neuroeducacion tag-pedagogia-2 tag-pensamiento-critico-2 tag-rol-del-docente cs-entry cs-video-wrap\">\n\t\t\t<div class=\"pk-post-outer\">\n\n\t\t\t\t\t\t\t\t<div class=\"pk-post-inner\">\n\t\t\t\t\t<div class=\"entry-thumbnail\">\n\t\t\t\t\t\t<div class=\"pk-overlay pk-overlay-ratio pk-ratio-landscape\">\n\t\t\t\t\t\t\t<div class=\"pk-overlay-background\">\n\t\t\t\t\t\t\t\t<a href=\"https:\/\/webdelmaestrocmf.com\/portal\/asi-evoluciona-el-aprendizaje-desde-la-pedagogia-y-la-andragogia-hasta-la-heutagogia\/\" class=\"pk-overlay-link\">\n\t\t\t\t\t\t\t\t\t<img loading=\"lazy\" decoding=\"async\" width=\"300\" height=\"225\" src=\"https:\/\/webdelmaestrocmf.com\/portal\/wp-content\/uploads\/2025\/12\/1A-Banner-1-portada-imagen-10-1-copia-1-300x225.webp\" class=\"attachment-pk-thumbnail size-pk-thumbnail wp-post-image\" alt=\"\" \/>\t\t\t\t\t\t\t\t<\/a>\n\t\t\t\t\t\t\t<\/div>\n\t\t\t\t\t\t<\/div>\n\t\t\t\t\t<\/div>\n\t\t\t\t<\/div>\n\t\t\t\t\n\t\t\t\t<div class=\"pk-post-inner\">\n\t\t\t\t\t<header>\n\t\t\t\t\t\t<h3 class=\"pk-title\"><a href=\"https:\/\/webdelmaestrocmf.com\/portal\/asi-evoluciona-el-aprendizaje-desde-la-pedagogia-y-la-andragogia-hasta-la-heutagogia\/\" rel=\"bookmark\">As\u00ed evoluciona el aprendizaje: desde la pedagog\u00eda y la andragog\u00eda hasta la heutagog\u00eda<\/a><\/h3>\t\t\t\t\t<\/header><!-- .entry-header -->\n\t\t\t\t<\/div><!-- .post-inner -->\n\n\t\t\t<\/div><!-- .post-outer -->\n\t\t<\/article>\n\t\t\t\t<\/div>\n\t\t<\/div>\n\t\t\n","protected":false},"excerpt":{"rendered":"La evaluaci\u00f3n es un proceso permanente de comunicaci\u00f3n y reflexi\u00f3n sobre los procesos y resultados del aprendizaje, y&hellip;","protected":false},"author":1,"featured_media":90071,"comment_status":"open","ping_status":"open","sticky":false,"template":"","format":"standard","meta":{"csco_display_header_overlay":false,"csco_singular_sidebar":"default","csco_page_header_type":"default","csco_page_load_nextpost":"default","csco_post_video_location":[],"csco_post_video_location_hash":"","csco_post_video_url":"","csco_post_video_bg_start_time":0,"csco_post_video_bg_end_time":0,"csco_post_video_bg_volume":false,"_jetpack_memberships_contains_paid_content":false,"footnotes":""},"categories":[15710,735],"tags":[2233,2234,1917,1845],"class_list":{"0":"post-18659","1":"post","2":"type-post","3":"status-publish","4":"format-standard","5":"has-post-thumbnail","7":"category-pedagogia-pedagogia","8":"category-pedagogia","9":"tag-balotario","10":"tag-cultura","11":"tag-pedagogica","12":"tag-preguntas","13":"cs-entry","14":"cs-video-wrap"},"yoast_head":"<!-- This site is optimized with the Yoast SEO plugin v27.4 - https:\/\/yoast.com\/product\/yoast-seo-wordpress\/ -->\n<title>Balotario sobre preguntas de cultura pedag\u00f3gica<\/title>\n<meta name=\"description\" content=\"La evaluaci\u00f3n es un proceso permanente de comunicaci\u00f3n y reflexi\u00f3n sobre los procesos y resultados del aprendizaje...\" \/>\n<meta name=\"robots\" content=\"index, follow, max-snippet:-1, max-image-preview:large, max-video-preview:-1\" \/>\n<link rel=\"canonical\" href=\"https:\/\/webdelmaestrocmf.com\/portal\/balotario-sobre-preguntas-de-cultura-pedagogica\/\" \/>\n<meta property=\"og:locale\" content=\"es_ES\" \/>\n<meta property=\"og:type\" content=\"article\" \/>\n<meta property=\"og:title\" content=\"Balotario sobre preguntas de cultura pedag\u00f3gica\" \/>\n<meta property=\"og:description\" content=\"La evaluaci\u00f3n es un proceso permanente de comunicaci\u00f3n y reflexi\u00f3n sobre los procesos y resultados del aprendizaje...\" \/>\n<meta property=\"og:url\" content=\"https:\/\/webdelmaestrocmf.com\/portal\/balotario-sobre-preguntas-de-cultura-pedagogica\/\" \/>\n<meta property=\"og:site_name\" content=\"Web del Maestro CMF\" \/>\n<meta property=\"article:publisher\" content=\"https:\/\/www.facebook.com\/WebdelMaestroCMF\/\" \/>\n<meta property=\"article:author\" content=\"https:\/\/www.facebook.com\/WebdelMaestroCMF\/\" \/>\n<meta property=\"article:published_time\" content=\"2017-05-25T22:01:20+00:00\" \/>\n<meta property=\"article:modified_time\" content=\"2023-06-17T15:24:14+00:00\" \/>\n<meta property=\"og:image\" content=\"https:\/\/i0.wp.com\/webdelmaestrocmf.com\/portal\/wp-content\/uploads\/2017\/05\/A12B3C4D-14.jpg?fit=900%2C556&ssl=1\" \/>\n\t<meta property=\"og:image:width\" content=\"900\" \/>\n\t<meta property=\"og:image:height\" content=\"556\" \/>\n\t<meta property=\"og:image:type\" content=\"image\/jpeg\" \/>\n<meta name=\"author\" content=\"Web del Maestro CMF\" \/>\n<meta name=\"twitter:card\" content=\"summary_large_image\" \/>\n<meta name=\"twitter:creator\" content=\"@cmf_w\" \/>\n<meta name=\"twitter:site\" content=\"@cmf_w\" \/>\n<meta name=\"twitter:label1\" content=\"Escrito por\" \/>\n\t<meta name=\"twitter:data1\" content=\"Web del Maestro CMF\" \/>\n\t<meta name=\"twitter:label2\" content=\"Tiempo de lectura\" \/>\n\t<meta name=\"twitter:data2\" content=\"3 minutos\" \/>\n<script type=\"application\/ld+json\" class=\"yoast-schema-graph\">{\"@context\":\"https:\\\/\\\/schema.org\",\"@graph\":[{\"@type\":\"ScholarlyArticle\",\"@id\":\"https:\\\/\\\/webdelmaestrocmf.com\\\/portal\\\/balotario-sobre-preguntas-de-cultura-pedagogica\\\/#article\",\"isPartOf\":{\"@id\":\"https:\\\/\\\/webdelmaestrocmf.com\\\/portal\\\/balotario-sobre-preguntas-de-cultura-pedagogica\\\/\"},\"author\":{\"name\":\"Web del Maestro CMF\",\"@id\":\"https:\\\/\\\/webdelmaestrocmf.com\\\/portal\\\/#\\\/schema\\\/person\\\/1072a2ed7bd960df8ef99a551fa35dc5\"},\"headline\":\"Balotario sobre preguntas de cultura pedag\u00f3gica\",\"datePublished\":\"2017-05-25T22:01:20+00:00\",\"dateModified\":\"2023-06-17T15:24:14+00:00\",\"mainEntityOfPage\":{\"@id\":\"https:\\\/\\\/webdelmaestrocmf.com\\\/portal\\\/balotario-sobre-preguntas-de-cultura-pedagogica\\\/\"},\"wordCount\":634,\"commentCount\":0,\"publisher\":{\"@id\":\"https:\\\/\\\/webdelmaestrocmf.com\\\/portal\\\/#organization\"},\"image\":{\"@id\":\"https:\\\/\\\/webdelmaestrocmf.com\\\/portal\\\/balotario-sobre-preguntas-de-cultura-pedagogica\\\/#primaryimage\"},\"thumbnailUrl\":\"https:\\\/\\\/webdelmaestrocmf.com\\\/portal\\\/wp-content\\\/uploads\\\/2017\\\/05\\\/A12B3C4D-14.jpg\",\"keywords\":[\"BALOTARIO\",\"CULTURA\",\"PEDAG\u00d3GICA\",\"PREGUNTAS\"],\"articleSection\":[\"Pedagog\u00eda\",\"Recursos\"],\"inLanguage\":\"es\",\"potentialAction\":[{\"@type\":\"CommentAction\",\"name\":\"Comment\",\"target\":[\"https:\\\/\\\/webdelmaestrocmf.com\\\/portal\\\/balotario-sobre-preguntas-de-cultura-pedagogica\\\/#respond\"]}]},{\"@type\":\"WebPage\",\"@id\":\"https:\\\/\\\/webdelmaestrocmf.com\\\/portal\\\/balotario-sobre-preguntas-de-cultura-pedagogica\\\/\",\"url\":\"https:\\\/\\\/webdelmaestrocmf.com\\\/portal\\\/balotario-sobre-preguntas-de-cultura-pedagogica\\\/\",\"name\":\"Balotario sobre preguntas de cultura pedag\u00f3gica\",\"isPartOf\":{\"@id\":\"https:\\\/\\\/webdelmaestrocmf.com\\\/portal\\\/#website\"},\"primaryImageOfPage\":{\"@id\":\"https:\\\/\\\/webdelmaestrocmf.com\\\/portal\\\/balotario-sobre-preguntas-de-cultura-pedagogica\\\/#primaryimage\"},\"image\":{\"@id\":\"https:\\\/\\\/webdelmaestrocmf.com\\\/portal\\\/balotario-sobre-preguntas-de-cultura-pedagogica\\\/#primaryimage\"},\"thumbnailUrl\":\"https:\\\/\\\/webdelmaestrocmf.com\\\/portal\\\/wp-content\\\/uploads\\\/2017\\\/05\\\/A12B3C4D-14.jpg\",\"datePublished\":\"2017-05-25T22:01:20+00:00\",\"dateModified\":\"2023-06-17T15:24:14+00:00\",\"description\":\"La evaluaci\u00f3n es un proceso permanente de comunicaci\u00f3n y reflexi\u00f3n sobre los procesos y resultados del aprendizaje...\",\"breadcrumb\":{\"@id\":\"https:\\\/\\\/webdelmaestrocmf.com\\\/portal\\\/balotario-sobre-preguntas-de-cultura-pedagogica\\\/#breadcrumb\"},\"inLanguage\":\"es\",\"potentialAction\":[{\"@type\":\"ReadAction\",\"target\":[\"https:\\\/\\\/webdelmaestrocmf.com\\\/portal\\\/balotario-sobre-preguntas-de-cultura-pedagogica\\\/\"]}]},{\"@type\":\"ImageObject\",\"inLanguage\":\"es\",\"@id\":\"https:\\\/\\\/webdelmaestrocmf.com\\\/portal\\\/balotario-sobre-preguntas-de-cultura-pedagogica\\\/#primaryimage\",\"url\":\"https:\\\/\\\/webdelmaestrocmf.com\\\/portal\\\/wp-content\\\/uploads\\\/2017\\\/05\\\/A12B3C4D-14.jpg\",\"contentUrl\":\"https:\\\/\\\/webdelmaestrocmf.com\\\/portal\\\/wp-content\\\/uploads\\\/2017\\\/05\\\/A12B3C4D-14.jpg\",\"width\":900,\"height\":556},{\"@type\":\"BreadcrumbList\",\"@id\":\"https:\\\/\\\/webdelmaestrocmf.com\\\/portal\\\/balotario-sobre-preguntas-de-cultura-pedagogica\\\/#breadcrumb\",\"itemListElement\":[{\"@type\":\"ListItem\",\"position\":1,\"name\":\"Portada\",\"item\":\"https:\\\/\\\/webdelmaestrocmf.com\\\/portal\\\/\"},{\"@type\":\"ListItem\",\"position\":2,\"name\":\"Recursos\",\"item\":\"https:\\\/\\\/webdelmaestrocmf.com\\\/portal\\\/category\\\/pedagogia\\\/\"},{\"@type\":\"ListItem\",\"position\":3,\"name\":\"Balotario sobre preguntas de cultura pedag\u00f3gica\"}]},{\"@type\":\"WebSite\",\"@id\":\"https:\\\/\\\/webdelmaestrocmf.com\\\/portal\\\/#website\",\"url\":\"https:\\\/\\\/webdelmaestrocmf.com\\\/portal\\\/\",\"name\":\"Web del Maestro CMF\",\"description\":\"Maestros al servicio de la educaci\u00f3n\",\"publisher\":{\"@id\":\"https:\\\/\\\/webdelmaestrocmf.com\\\/portal\\\/#organization\"},\"alternateName\":\"WMCMF\",\"potentialAction\":[{\"@type\":\"SearchAction\",\"target\":{\"@type\":\"EntryPoint\",\"urlTemplate\":\"https:\\\/\\\/webdelmaestrocmf.com\\\/portal\\\/?s={search_term_string}\"},\"query-input\":{\"@type\":\"PropertyValueSpecification\",\"valueRequired\":true,\"valueName\":\"search_term_string\"}}],\"inLanguage\":\"es\"},{\"@type\":\"Organization\",\"@id\":\"https:\\\/\\\/webdelmaestrocmf.com\\\/portal\\\/#organization\",\"name\":\"Web del Maestro CMF\",\"alternateName\":\"WMCMF\",\"url\":\"https:\\\/\\\/webdelmaestrocmf.com\\\/portal\\\/\",\"logo\":{\"@type\":\"ImageObject\",\"inLanguage\":\"es\",\"@id\":\"https:\\\/\\\/webdelmaestrocmf.com\\\/portal\\\/#\\\/schema\\\/logo\\\/image\\\/\",\"url\":\"https:\\\/\\\/webdelmaestrocmf.com\\\/portal\\\/wp-content\\\/uploads\\\/2023\\\/01\\\/logo-wmcmf-2.png\",\"contentUrl\":\"https:\\\/\\\/webdelmaestrocmf.com\\\/portal\\\/wp-content\\\/uploads\\\/2023\\\/01\\\/logo-wmcmf-2.png\",\"width\":200,\"height\":60,\"caption\":\"Web del Maestro CMF\"},\"image\":{\"@id\":\"https:\\\/\\\/webdelmaestrocmf.com\\\/portal\\\/#\\\/schema\\\/logo\\\/image\\\/\"},\"sameAs\":[\"https:\\\/\\\/www.facebook.com\\\/WebdelMaestroCMF\\\/\",\"https:\\\/\\\/x.com\\\/cmf_w\",\"https:\\\/\\\/www.pinterest.com\\\/WMCMF\\\/\",\"https:\\\/\\\/www.linkedin.com\\\/company\\\/web-del-maestro-cmf\\\/\",\"https:\\\/\\\/www.instagram.com\\\/wmcmf\\\/\",\"https:\\\/\\\/www.youtube.com\\\/channel\\\/UCDPSvjbdodE5sHnC3OxutHw\",\"https:\\\/\\\/mastodon.social\\\/@wmcmf\",\"https:\\\/\\\/www.tiktok.com\\\/@webdelmaestrocmf\"]},{\"@type\":\"Person\",\"@id\":\"https:\\\/\\\/webdelmaestrocmf.com\\\/portal\\\/#\\\/schema\\\/person\\\/1072a2ed7bd960df8ef99a551fa35dc5\",\"name\":\"Web del Maestro CMF\",\"image\":{\"@type\":\"ImageObject\",\"inLanguage\":\"es\",\"@id\":\"https:\\\/\\\/secure.gravatar.com\\\/avatar\\\/23291dd5b5ae1077dcff3dbb04c3e02bd28403fa75af6d8787d5e97c5bbbe30b?s=96&d=mm&r=g\",\"url\":\"https:\\\/\\\/secure.gravatar.com\\\/avatar\\\/23291dd5b5ae1077dcff3dbb04c3e02bd28403fa75af6d8787d5e97c5bbbe30b?s=96&d=mm&r=g\",\"contentUrl\":\"https:\\\/\\\/secure.gravatar.com\\\/avatar\\\/23291dd5b5ae1077dcff3dbb04c3e02bd28403fa75af6d8787d5e97c5bbbe30b?s=96&d=mm&r=g\",\"caption\":\"Web del Maestro CMF\"},\"description\":\"Esta Web se cre\u00f3 sin fines de lucro, con fines educativos, cient\u00edficos y acad\u00e9micos, para personas que tengan dificultades y\\\/o inconvenientes en visualizar el material original. El objetivo es entregar recursos, compartir experiencias y materiales que ayuden a los padres de familia, maestros y estudiantes en su actualizaci\u00f3n y formaci\u00f3n permanente, en bien de la Educaci\u00f3n.\",\"sameAs\":[\"http:\\\/\\\/webdelmaestrocmf.com\\\/portal\",\"https:\\\/\\\/www.facebook.com\\\/WebdelMaestroCMF\\\/\",\"https:\\\/\\\/www.instagram.com\\\/wmcmf\\\/\",\"https:\\\/\\\/cl.linkedin.com\\\/company\\\/web-del-maestro-cmf\",\"https:\\\/\\\/www.pinterest.com\\\/WMCMF\\\/publicaciones\\\/\",\"https:\\\/\\\/x.com\\\/cmf_w\",\"https:\\\/\\\/www.youtube.com\\\/@WMCMF\"]}]}<\/script>\n<!-- \/ Yoast SEO plugin. -->","yoast_head_json":{"title":"Balotario sobre preguntas de cultura pedag\u00f3gica","description":"La evaluaci\u00f3n es un proceso permanente de comunicaci\u00f3n y reflexi\u00f3n sobre los procesos y resultados del aprendizaje...","robots":{"index":"index","follow":"follow","max-snippet":"max-snippet:-1","max-image-preview":"max-image-preview:large","max-video-preview":"max-video-preview:-1"},"canonical":"https:\/\/webdelmaestrocmf.com\/portal\/balotario-sobre-preguntas-de-cultura-pedagogica\/","og_locale":"es_ES","og_type":"article","og_title":"Balotario sobre preguntas de cultura pedag\u00f3gica","og_description":"La evaluaci\u00f3n es un proceso permanente de comunicaci\u00f3n y reflexi\u00f3n sobre los procesos y resultados del aprendizaje...","og_url":"https:\/\/webdelmaestrocmf.com\/portal\/balotario-sobre-preguntas-de-cultura-pedagogica\/","og_site_name":"Web del Maestro CMF","article_publisher":"https:\/\/www.facebook.com\/WebdelMaestroCMF\/","article_author":"https:\/\/www.facebook.com\/WebdelMaestroCMF\/","article_published_time":"2017-05-25T22:01:20+00:00","article_modified_time":"2023-06-17T15:24:14+00:00","og_image":[{"width":900,"height":556,"url":"https:\/\/i0.wp.com\/webdelmaestrocmf.com\/portal\/wp-content\/uploads\/2017\/05\/A12B3C4D-14.jpg?fit=900%2C556&ssl=1","type":"image\/jpeg"}],"author":"Web del Maestro CMF","twitter_card":"summary_large_image","twitter_creator":"@cmf_w","twitter_site":"@cmf_w","twitter_misc":{"Escrito por":"Web del Maestro CMF","Tiempo de lectura":"3 minutos"},"schema":{"@context":"https:\/\/schema.org","@graph":[{"@type":"ScholarlyArticle","@id":"https:\/\/webdelmaestrocmf.com\/portal\/balotario-sobre-preguntas-de-cultura-pedagogica\/#article","isPartOf":{"@id":"https:\/\/webdelmaestrocmf.com\/portal\/balotario-sobre-preguntas-de-cultura-pedagogica\/"},"author":{"name":"Web del Maestro CMF","@id":"https:\/\/webdelmaestrocmf.com\/portal\/#\/schema\/person\/1072a2ed7bd960df8ef99a551fa35dc5"},"headline":"Balotario sobre preguntas de cultura pedag\u00f3gica","datePublished":"2017-05-25T22:01:20+00:00","dateModified":"2023-06-17T15:24:14+00:00","mainEntityOfPage":{"@id":"https:\/\/webdelmaestrocmf.com\/portal\/balotario-sobre-preguntas-de-cultura-pedagogica\/"},"wordCount":634,"commentCount":0,"publisher":{"@id":"https:\/\/webdelmaestrocmf.com\/portal\/#organization"},"image":{"@id":"https:\/\/webdelmaestrocmf.com\/portal\/balotario-sobre-preguntas-de-cultura-pedagogica\/#primaryimage"},"thumbnailUrl":"https:\/\/webdelmaestrocmf.com\/portal\/wp-content\/uploads\/2017\/05\/A12B3C4D-14.jpg","keywords":["BALOTARIO","CULTURA","PEDAG\u00d3GICA","PREGUNTAS"],"articleSection":["Pedagog\u00eda","Recursos"],"inLanguage":"es","potentialAction":[{"@type":"CommentAction","name":"Comment","target":["https:\/\/webdelmaestrocmf.com\/portal\/balotario-sobre-preguntas-de-cultura-pedagogica\/#respond"]}]},{"@type":"WebPage","@id":"https:\/\/webdelmaestrocmf.com\/portal\/balotario-sobre-preguntas-de-cultura-pedagogica\/","url":"https:\/\/webdelmaestrocmf.com\/portal\/balotario-sobre-preguntas-de-cultura-pedagogica\/","name":"Balotario sobre preguntas de cultura pedag\u00f3gica","isPartOf":{"@id":"https:\/\/webdelmaestrocmf.com\/portal\/#website"},"primaryImageOfPage":{"@id":"https:\/\/webdelmaestrocmf.com\/portal\/balotario-sobre-preguntas-de-cultura-pedagogica\/#primaryimage"},"image":{"@id":"https:\/\/webdelmaestrocmf.com\/portal\/balotario-sobre-preguntas-de-cultura-pedagogica\/#primaryimage"},"thumbnailUrl":"https:\/\/webdelmaestrocmf.com\/portal\/wp-content\/uploads\/2017\/05\/A12B3C4D-14.jpg","datePublished":"2017-05-25T22:01:20+00:00","dateModified":"2023-06-17T15:24:14+00:00","description":"La evaluaci\u00f3n es un proceso permanente de comunicaci\u00f3n y reflexi\u00f3n sobre los procesos y resultados del aprendizaje...","breadcrumb":{"@id":"https:\/\/webdelmaestrocmf.com\/portal\/balotario-sobre-preguntas-de-cultura-pedagogica\/#breadcrumb"},"inLanguage":"es","potentialAction":[{"@type":"ReadAction","target":["https:\/\/webdelmaestrocmf.com\/portal\/balotario-sobre-preguntas-de-cultura-pedagogica\/"]}]},{"@type":"ImageObject","inLanguage":"es","@id":"https:\/\/webdelmaestrocmf.com\/portal\/balotario-sobre-preguntas-de-cultura-pedagogica\/#primaryimage","url":"https:\/\/webdelmaestrocmf.com\/portal\/wp-content\/uploads\/2017\/05\/A12B3C4D-14.jpg","contentUrl":"https:\/\/webdelmaestrocmf.com\/portal\/wp-content\/uploads\/2017\/05\/A12B3C4D-14.jpg","width":900,"height":556},{"@type":"BreadcrumbList","@id":"https:\/\/webdelmaestrocmf.com\/portal\/balotario-sobre-preguntas-de-cultura-pedagogica\/#breadcrumb","itemListElement":[{"@type":"ListItem","position":1,"name":"Portada","item":"https:\/\/webdelmaestrocmf.com\/portal\/"},{"@type":"ListItem","position":2,"name":"Recursos","item":"https:\/\/webdelmaestrocmf.com\/portal\/category\/pedagogia\/"},{"@type":"ListItem","position":3,"name":"Balotario sobre preguntas de cultura pedag\u00f3gica"}]},{"@type":"WebSite","@id":"https:\/\/webdelmaestrocmf.com\/portal\/#website","url":"https:\/\/webdelmaestrocmf.com\/portal\/","name":"Web del Maestro CMF","description":"Maestros al servicio de la educaci\u00f3n","publisher":{"@id":"https:\/\/webdelmaestrocmf.com\/portal\/#organization"},"alternateName":"WMCMF","potentialAction":[{"@type":"SearchAction","target":{"@type":"EntryPoint","urlTemplate":"https:\/\/webdelmaestrocmf.com\/portal\/?s={search_term_string}"},"query-input":{"@type":"PropertyValueSpecification","valueRequired":true,"valueName":"search_term_string"}}],"inLanguage":"es"},{"@type":"Organization","@id":"https:\/\/webdelmaestrocmf.com\/portal\/#organization","name":"Web del Maestro CMF","alternateName":"WMCMF","url":"https:\/\/webdelmaestrocmf.com\/portal\/","logo":{"@type":"ImageObject","inLanguage":"es","@id":"https:\/\/webdelmaestrocmf.com\/portal\/#\/schema\/logo\/image\/","url":"https:\/\/webdelmaestrocmf.com\/portal\/wp-content\/uploads\/2023\/01\/logo-wmcmf-2.png","contentUrl":"https:\/\/webdelmaestrocmf.com\/portal\/wp-content\/uploads\/2023\/01\/logo-wmcmf-2.png","width":200,"height":60,"caption":"Web del Maestro CMF"},"image":{"@id":"https:\/\/webdelmaestrocmf.com\/portal\/#\/schema\/logo\/image\/"},"sameAs":["https:\/\/www.facebook.com\/WebdelMaestroCMF\/","https:\/\/x.com\/cmf_w","https:\/\/www.pinterest.com\/WMCMF\/","https:\/\/www.linkedin.com\/company\/web-del-maestro-cmf\/","https:\/\/www.instagram.com\/wmcmf\/","https:\/\/www.youtube.com\/channel\/UCDPSvjbdodE5sHnC3OxutHw","https:\/\/mastodon.social\/@wmcmf","https:\/\/www.tiktok.com\/@webdelmaestrocmf"]},{"@type":"Person","@id":"https:\/\/webdelmaestrocmf.com\/portal\/#\/schema\/person\/1072a2ed7bd960df8ef99a551fa35dc5","name":"Web del Maestro CMF","image":{"@type":"ImageObject","inLanguage":"es","@id":"https:\/\/secure.gravatar.com\/avatar\/23291dd5b5ae1077dcff3dbb04c3e02bd28403fa75af6d8787d5e97c5bbbe30b?s=96&d=mm&r=g","url":"https:\/\/secure.gravatar.com\/avatar\/23291dd5b5ae1077dcff3dbb04c3e02bd28403fa75af6d8787d5e97c5bbbe30b?s=96&d=mm&r=g","contentUrl":"https:\/\/secure.gravatar.com\/avatar\/23291dd5b5ae1077dcff3dbb04c3e02bd28403fa75af6d8787d5e97c5bbbe30b?s=96&d=mm&r=g","caption":"Web del Maestro CMF"},"description":"Esta Web se cre\u00f3 sin fines de lucro, con fines educativos, cient\u00edficos y acad\u00e9micos, para personas que tengan dificultades y\/o inconvenientes en visualizar el material original. El objetivo es entregar recursos, compartir experiencias y materiales que ayuden a los padres de familia, maestros y estudiantes en su actualizaci\u00f3n y formaci\u00f3n permanente, en bien de la Educaci\u00f3n.","sameAs":["http:\/\/webdelmaestrocmf.com\/portal","https:\/\/www.facebook.com\/WebdelMaestroCMF\/","https:\/\/www.instagram.com\/wmcmf\/","https:\/\/cl.linkedin.com\/company\/web-del-maestro-cmf","https:\/\/www.pinterest.com\/WMCMF\/publicaciones\/","https:\/\/x.com\/cmf_w","https:\/\/www.youtube.com\/@WMCMF"]}]}},"jetpack_featured_media_url":"https:\/\/webdelmaestrocmf.com\/portal\/wp-content\/uploads\/2017\/05\/A12B3C4D-14.jpg","jetpack_sharing_enabled":true,"jetpack-related-posts":[{"id":111462,"url":"https:\/\/webdelmaestrocmf.com\/portal\/como-implementar-proyectos-de-innovacion-en-el-aula-descarga-esta-valiosa-guia-azul-en-formato-pdf\/","url_meta":{"origin":18659,"position":0},"title":"\u00bfC\u00f3mo implementar proyectos de innovaci\u00f3n en el aula? Descarga esta valiosa Gu\u00eda Azul en formato PDF","author":"Web del Maestro CMF","date":"24 julio, 2025","format":false,"excerpt":"\u00bfQu\u00e9 se necesita para que una idea innovadora transforme realmente una escuela?","rel":"","context":"En \u00abDescarga\u00bb","block_context":{"text":"Descarga","link":"https:\/\/webdelmaestrocmf.com\/portal\/category\/descarga\/"},"img":{"alt_text":"","src":"https:\/\/i0.wp.com\/webdelmaestrocmf.com\/portal\/wp-content\/uploads\/2025\/07\/1A-Banner-1-portada-imagen-10-1-copia-77.webp?resize=350%2C200&ssl=1","width":350,"height":200,"srcset":"https:\/\/i0.wp.com\/webdelmaestrocmf.com\/portal\/wp-content\/uploads\/2025\/07\/1A-Banner-1-portada-imagen-10-1-copia-77.webp?resize=350%2C200&ssl=1 1x, https:\/\/i0.wp.com\/webdelmaestrocmf.com\/portal\/wp-content\/uploads\/2025\/07\/1A-Banner-1-portada-imagen-10-1-copia-77.webp?resize=525%2C300&ssl=1 1.5x, https:\/\/i0.wp.com\/webdelmaestrocmf.com\/portal\/wp-content\/uploads\/2025\/07\/1A-Banner-1-portada-imagen-10-1-copia-77.webp?resize=700%2C400&ssl=1 2x"},"classes":[]},{"id":18104,"url":"https:\/\/webdelmaestrocmf.com\/portal\/banco-de-preguntas-sobre-enfoques-pedagogicos\/","url_meta":{"origin":18659,"position":1},"title":"Banco de preguntas sobre Enfoques Pedag\u00f3gicos","author":"Web del Maestro CMF","date":"17 septiembre, 2020","format":false,"excerpt":"Compartimos el \"Banco de preguntas sobre enfoques pedag\u00f3gicos\" en dos v\u00eddeos publicado en YouTube por el usuario \"Educa ABC\". Del mismo modo compartimos\u00a0una dispositiva sobre el \"Balotario \u00a0de preguntas de cultura pedag\u00f3gica\" y un archivo en formato digital de el \"Banco de preguntas para evaluaci\u00f3n de conocimientos generales\". El material\u2026","rel":"","context":"En \u00abDescargas Manuales PDF\u00bb","block_context":{"text":"Descargas Manuales PDF","link":"https:\/\/webdelmaestrocmf.com\/portal\/category\/pedagogia\/descargas-manuales-pdf\/"},"img":{"alt_text":"","src":"https:\/\/i0.wp.com\/webdelmaestrocmf.com\/portal\/wp-content\/uploads\/2020\/09\/0-1.jpg?resize=350%2C200&ssl=1","width":350,"height":200,"srcset":"https:\/\/i0.wp.com\/webdelmaestrocmf.com\/portal\/wp-content\/uploads\/2020\/09\/0-1.jpg?resize=350%2C200&ssl=1 1x, https:\/\/i0.wp.com\/webdelmaestrocmf.com\/portal\/wp-content\/uploads\/2020\/09\/0-1.jpg?resize=525%2C300&ssl=1 1.5x, https:\/\/i0.wp.com\/webdelmaestrocmf.com\/portal\/wp-content\/uploads\/2020\/09\/0-1.jpg?resize=700%2C400&ssl=1 2x, https:\/\/i0.wp.com\/webdelmaestrocmf.com\/portal\/wp-content\/uploads\/2020\/09\/0-1.jpg?resize=1050%2C600&ssl=1 3x"},"classes":[]},{"id":103694,"url":"https:\/\/webdelmaestrocmf.com\/portal\/3-plantillas-de-carpeta-pedagogica-para-educacion-primaria\/","url_meta":{"origin":18659,"position":2},"title":"3 plantillas de Carpeta Pedag\u00f3gica para Educaci\u00f3n Primaria","author":"Web del Maestro CMF","date":"11 febrero, 2024","format":false,"excerpt":"La carpeta pedag\u00f3gica es un instrumento fundamental para la planificaci\u00f3n y organizaci\u00f3n del proceso educativo en el nivel primario. Se trata de un repositorio que re\u00fane informaci\u00f3n vital sobre la planificaci\u00f3n curricular, las estrategias de ense\u00f1anza, el seguimiento del aprendizaje de los alumnos y la evaluaci\u00f3n de su progreso. Esta\u2026","rel":"","context":"En \u00abCarpeta\u00bb","block_context":{"text":"Carpeta","link":"https:\/\/webdelmaestrocmf.com\/portal\/category\/pedagogia\/carpeta\/"},"img":{"alt_text":"carpeta pedag\u00f3gica primaria","src":"https:\/\/i0.wp.com\/webdelmaestrocmf.com\/portal\/wp-content\/uploads\/2024\/02\/Banner-1-portada-imagen-10-1-11.jpg?resize=350%2C200&ssl=1","width":350,"height":200,"srcset":"https:\/\/i0.wp.com\/webdelmaestrocmf.com\/portal\/wp-content\/uploads\/2024\/02\/Banner-1-portada-imagen-10-1-11.jpg?resize=350%2C200&ssl=1 1x, https:\/\/i0.wp.com\/webdelmaestrocmf.com\/portal\/wp-content\/uploads\/2024\/02\/Banner-1-portada-imagen-10-1-11.jpg?resize=525%2C300&ssl=1 1.5x, https:\/\/i0.wp.com\/webdelmaestrocmf.com\/portal\/wp-content\/uploads\/2024\/02\/Banner-1-portada-imagen-10-1-11.jpg?resize=700%2C400&ssl=1 2x"},"classes":[]},{"id":103637,"url":"https:\/\/webdelmaestrocmf.com\/portal\/carpeta-pedagogica-en-el-nivel-inicial-descarga-word\/","url_meta":{"origin":18659,"position":3},"title":"Carpeta Pedag\u00f3gica en el Nivel Inicial | Descarga | Word","author":"Web del Maestro CMF","date":"9 febrero, 2024","format":false,"excerpt":"La Carpeta Pedag\u00f3gica es un instrumento fundamental para la planificaci\u00f3n y el desarrollo del proceso educativo en el Nivel Inicial. Es un espacio f\u00edsico o virtual que permite al docente organizar y registrar la informaci\u00f3n relevante a su pr\u00e1ctica pedag\u00f3gica, incluyendo la planificaci\u00f3n curricular, las actividades realizadas, los aprendizajes logrados\u2026","rel":"","context":"En \u00abCarpeta\u00bb","block_context":{"text":"Carpeta","link":"https:\/\/webdelmaestrocmf.com\/portal\/category\/pedagogia\/carpeta\/"},"img":{"alt_text":"","src":"https:\/\/i0.wp.com\/webdelmaestrocmf.com\/portal\/wp-content\/uploads\/2024\/02\/Banner-1-portada-imagen-10-1-14-1.jpg?resize=350%2C200&ssl=1","width":350,"height":200,"srcset":"https:\/\/i0.wp.com\/webdelmaestrocmf.com\/portal\/wp-content\/uploads\/2024\/02\/Banner-1-portada-imagen-10-1-14-1.jpg?resize=350%2C200&ssl=1 1x, https:\/\/i0.wp.com\/webdelmaestrocmf.com\/portal\/wp-content\/uploads\/2024\/02\/Banner-1-portada-imagen-10-1-14-1.jpg?resize=525%2C300&ssl=1 1.5x, https:\/\/i0.wp.com\/webdelmaestrocmf.com\/portal\/wp-content\/uploads\/2024\/02\/Banner-1-portada-imagen-10-1-14-1.jpg?resize=700%2C400&ssl=1 2x"},"classes":[]},{"id":102748,"url":"https:\/\/webdelmaestrocmf.com\/portal\/evaluacion-formativa-y-planificacion-curricular\/","url_meta":{"origin":18659,"position":4},"title":"Evaluaci\u00f3n formativa y Planificaci\u00f3n curricular","author":"Web del Maestro CMF","date":"18 enero, 2024","format":false,"excerpt":"Nos complace presentar dos gu\u00edas fundamentales que iluminan el sendero de la ense\u00f1anza: Evaluaci\u00f3n Formativa y Planificaci\u00f3n Curricular. Estas no son simples hojas de ruta; son br\u00fajulas cuidadosamente dise\u00f1adas para guiar a los docentes a trav\u00e9s de los terrenos desafiantes de la pr\u00e1ctica educativa. A medida que desentra\u00f1amos las complejidades\u2026","rel":"","context":"En \u00abevaluaci\u00f3n formativa\u00bb","block_context":{"text":"evaluaci\u00f3n formativa","link":"https:\/\/webdelmaestrocmf.com\/portal\/category\/pedagogia\/evaluar\/evaluacion-formativa-evaluar\/"},"img":{"alt_text":"Evaluaci\u00f3n formativa y Planificaci\u00f3n curricular","src":"https:\/\/i0.wp.com\/webdelmaestrocmf.com\/portal\/wp-content\/uploads\/2024\/01\/Banner-1-portada-imagen-10-19.jpg?resize=350%2C200&ssl=1","width":350,"height":200,"srcset":"https:\/\/i0.wp.com\/webdelmaestrocmf.com\/portal\/wp-content\/uploads\/2024\/01\/Banner-1-portada-imagen-10-19.jpg?resize=350%2C200&ssl=1 1x, https:\/\/i0.wp.com\/webdelmaestrocmf.com\/portal\/wp-content\/uploads\/2024\/01\/Banner-1-portada-imagen-10-19.jpg?resize=525%2C300&ssl=1 1.5x, https:\/\/i0.wp.com\/webdelmaestrocmf.com\/portal\/wp-content\/uploads\/2024\/01\/Banner-1-portada-imagen-10-19.jpg?resize=700%2C400&ssl=1 2x"},"classes":[]},{"id":30101,"url":"https:\/\/webdelmaestrocmf.com\/portal\/evaluacion-formativa-en-el-aula-orientaciones-para-docentes\/","url_meta":{"origin":18659,"position":5},"title":"La evaluaci\u00f3n formativa en el aula: ideas clave","author":"Web del Maestro CMF","date":"31 enero, 2024","format":false,"excerpt":"El objetivo del presente documento es apoyar a los docentes en el desarrollo de la evaluaci\u00f3n formativa al interior del aula, para ello ofrece: definiciones conceptuales; estrategias para su puesta en pr\u00e1ctica; orientaciones para el rol requerido por parte de los docentes; entre otros contenidos. Adem\u00e1s, identifica desaf\u00edos y entrega\u2026","rel":"","context":"En \u00abDescargas Manuales PDF\u00bb","block_context":{"text":"Descargas Manuales PDF","link":"https:\/\/webdelmaestrocmf.com\/portal\/category\/pedagogia\/descargas-manuales-pdf\/"},"img":{"alt_text":"","src":"https:\/\/i0.wp.com\/webdelmaestrocmf.com\/portal\/wp-content\/uploads\/2019\/03\/Banner-1-portada-imagen-10-1-1.jpg?resize=350%2C200&ssl=1","width":350,"height":200,"srcset":"https:\/\/i0.wp.com\/webdelmaestrocmf.com\/portal\/wp-content\/uploads\/2019\/03\/Banner-1-portada-imagen-10-1-1.jpg?resize=350%2C200&ssl=1 1x, https:\/\/i0.wp.com\/webdelmaestrocmf.com\/portal\/wp-content\/uploads\/2019\/03\/Banner-1-portada-imagen-10-1-1.jpg?resize=525%2C300&ssl=1 1.5x, https:\/\/i0.wp.com\/webdelmaestrocmf.com\/portal\/wp-content\/uploads\/2019\/03\/Banner-1-portada-imagen-10-1-1.jpg?resize=700%2C400&ssl=1 2x"},"classes":[]}],"_links":{"self":[{"href":"https:\/\/webdelmaestrocmf.com\/portal\/wp-json\/wp\/v2\/posts\/18659","targetHints":{"allow":["GET"]}}],"collection":[{"href":"https:\/\/webdelmaestrocmf.com\/portal\/wp-json\/wp\/v2\/posts"}],"about":[{"href":"https:\/\/webdelmaestrocmf.com\/portal\/wp-json\/wp\/v2\/types\/post"}],"author":[{"embeddable":true,"href":"https:\/\/webdelmaestrocmf.com\/portal\/wp-json\/wp\/v2\/users\/1"}],"replies":[{"embeddable":true,"href":"https:\/\/webdelmaestrocmf.com\/portal\/wp-json\/wp\/v2\/comments?post=18659"}],"version-history":[{"count":0,"href":"https:\/\/webdelmaestrocmf.com\/portal\/wp-json\/wp\/v2\/posts\/18659\/revisions"}],"wp:featuredmedia":[{"embeddable":true,"href":"https:\/\/webdelmaestrocmf.com\/portal\/wp-json\/wp\/v2\/media\/90071"}],"wp:attachment":[{"href":"https:\/\/webdelmaestrocmf.com\/portal\/wp-json\/wp\/v2\/media?parent=18659"}],"wp:term":[{"taxonomy":"category","embeddable":true,"href":"https:\/\/webdelmaestrocmf.com\/portal\/wp-json\/wp\/v2\/categories?post=18659"},{"taxonomy":"post_tag","embeddable":true,"href":"https:\/\/webdelmaestrocmf.com\/portal\/wp-json\/wp\/v2\/tags?post=18659"}],"curies":[{"name":"wp","href":"https:\/\/api.w.org\/{rel}","templated":true}]}}