{"id":18626,"date":"2019-06-24T17:29:03","date_gmt":"2019-06-24T21:29:03","guid":{"rendered":"http:\/\/webdelmaestrocmf.com\/portal\/?p=18626"},"modified":"2022-06-03T18:31:29","modified_gmt":"2022-06-03T22:31:29","slug":"tan-importante-la-educacion-fisica-plan-estudios","status":"publish","type":"post","link":"https:\/\/webdelmaestrocmf.com\/portal\/tan-importante-la-educacion-fisica-plan-estudios\/","title":{"rendered":"\u00bfCree usted que la educaci\u00f3n f\u00edsica es importante en el plan de estudios?"},"content":{"rendered":"<h5 style=\"text-align: justify;\">En algunos Sistemas Educativos Nacionales, se desconoce la importancia que tiene la Educaci\u00f3n F\u00edsica como otras asignaturas del conocimiento. De all\u00ed que es necesario que \u201cla inclusi\u00f3n de la Educaci\u00f3n F\u00edsica como un espacio respetado y asistido por la comunidad educativa necesita su acompa\u00f1amiento.<\/h5>\n<p><!--more--><\/p>\n<h5 style=\"text-align: justify;\">\u00bfC\u00f3mo y qu\u00e9 deber\u00edamos hacer? Advertir su importancia, sus competencias y, al mismo tiempo, preparando el terreno para que la huella que deje en los ni\u00f1os sea perdurable y socialmente significativa. Es decir, <strong>si queremos que los ni\u00f1os y las familias le den importancia al \u00e1rea <\/strong>[de Educaci\u00f3n F\u00edsica]<strong> debemos comenzar por darle, nosotros como docentes<\/strong>, la misma jerarqu\u00eda que los dem\u00e1s subsectores\u201d.<\/h5>\n<p style=\"text-align: justify;\">Adem\u00e1s es necesaria la variedad y vivencia de las diferentes actividades en el juego, recreaci\u00f3n y deporte para implementarlas continuamente, sea en clase o mediante proyectos l\u00fadico-pedag\u00f3gicos, opina Jos\u00e9 Miguel Fern\u00e1ndez Porras.<\/p>\n<p style=\"text-align: justify;\">El uso de <strong>la tecnolog\u00eda y las costumbres del hombre moderno<\/strong> favorecen el sedentarismo, la obesidad y las enfermedades musculares y cardio-vasculares entre otras, se hace necesario ofrecer una visi\u00f3n del <strong>impacto positivo que tiene la actividad f\u00edsica sobre la persona en crecimiento<\/strong>, sostienen Pedro Vargas P\u00e9rez y Rosibel Orozco Vargas, en una publicaci\u00f3n en el Portal de Revistas Acad\u00e9micas de la Universidad de Costa Rica, titulada <strong>\u201cLa importancia de la Educaci\u00f3n F\u00edsica en el Curr\u00edculo Escolar\u201d<\/strong>, reflexionando sobre puntos que nos pueden interesar como educadores: los riesgos de la falta de actividad f\u00edsica en la salud de los j\u00f3venes, importancia de la Educaci\u00f3n f\u00edsica en el curriculum escolar, el ejercicio f\u00edsico en la etapa escolar, los beneficios de una Educaci\u00f3n F\u00edsica de calidad, y algunas consideraciones sobre la importancia de la Educaci\u00f3n F\u00edsica en la etapa escolar. Para quienes les interesa, pueden descargar esta aportaci\u00f3n en PDF aqu\u00ed. <strong><span style=\"text-decoration: underline;\"><a href=\"http:\/\/revistas.ucr.ac.cr\/index.php\/intersedes\/article\/download\/826\/887\" target=\"_blank\" rel=\"noopener noreferrer\">revistas.ucr.ac.cr<\/a><\/span><\/strong><\/p>\n<p><img loading=\"lazy\" decoding=\"async\" class=\"alignnone size-full wp-image-53744\" src=\"https:\/\/webdelmaestrocmf.com\/portal\/wp-content\/uploads\/2019\/06\/AppIcon.png\" alt=\"\" width=\"862\" height=\"672\" srcset=\"https:\/\/webdelmaestrocmf.com\/portal\/wp-content\/uploads\/2019\/06\/AppIcon.png 862w, https:\/\/webdelmaestrocmf.com\/portal\/wp-content\/uploads\/2019\/06\/AppIcon-300x234.png 300w, https:\/\/webdelmaestrocmf.com\/portal\/wp-content\/uploads\/2019\/06\/AppIcon-768x599.png 768w, https:\/\/webdelmaestrocmf.com\/portal\/wp-content\/uploads\/2019\/06\/AppIcon-110x86.png 110w, https:\/\/webdelmaestrocmf.com\/portal\/wp-content\/uploads\/2019\/06\/AppIcon-200x156.png 200w, https:\/\/webdelmaestrocmf.com\/portal\/wp-content\/uploads\/2019\/06\/AppIcon-380x296.png 380w, https:\/\/webdelmaestrocmf.com\/portal\/wp-content\/uploads\/2019\/06\/AppIcon-255x199.png 255w, https:\/\/webdelmaestrocmf.com\/portal\/wp-content\/uploads\/2019\/06\/AppIcon-550x429.png 550w, https:\/\/webdelmaestrocmf.com\/portal\/wp-content\/uploads\/2019\/06\/AppIcon-800x624.png 800w, https:\/\/webdelmaestrocmf.com\/portal\/wp-content\/uploads\/2019\/06\/AppIcon-220x172.png 220w, https:\/\/webdelmaestrocmf.com\/portal\/wp-content\/uploads\/2019\/06\/AppIcon-400x312.png 400w, https:\/\/webdelmaestrocmf.com\/portal\/wp-content\/uploads\/2019\/06\/AppIcon-760x592.png 760w, https:\/\/webdelmaestrocmf.com\/portal\/wp-content\/uploads\/2019\/06\/AppIcon-510x398.png 510w, https:\/\/webdelmaestrocmf.com\/portal\/wp-content\/uploads\/2019\/06\/AppIcon-600x468.png 600w\" sizes=\"auto, (max-width: 862px) 100vw, 862px\" \/><\/p>\n<p style=\"text-align: justify;\">La profesora de Aprendizaje y Desarrollo Motor y de Destrezas Motrices, Lid\u00f3n Soriano Segarra, afirma que la etapa escolar es la m\u00e1s adecuada \u201cpara crear en nuestros ni\u00f1os y ni\u00f1as el h\u00e1bito de la pr\u00e1ctica f\u00edsica. Es fundamental conseguir en estas edades la adherencia a alg\u00fan tipo de actividad f\u00edsica, tenga tintes competitivos o sencillamente l\u00fadico-recreativos. Obviamente esta adherencia solo se alcanzar\u00e1 si las sesiones tienen una periodicidad alta, que no deber\u00eda ser inferior a las tres sesiones semanales\u201d.<\/p>\n<p style=\"text-align: justify;\">Otros especialistas se\u00f1alan que la Educaci\u00f3n F\u00edsica en la escuela es la base para que el ni\u00f1o despierte su motricidad e inteligencia en la adquisici\u00f3n de experiencias para el desarrollo del conocimiento; con la educaci\u00f3n f\u00edsica se logra mejorar las relaciones interpersonales y de grupo; es fundamental el ejercicio f\u00edsico bien orientado para ayudar a alcanzar un desarrollo armonioso, a mejorar la postura, el caminar, etc.; mejora la capacidad motora b\u00e1sica para el desarrollo de procesos de crecimiento f\u00edsicos-conocimientos, personalidad e interacciones sociales (efdeportes.com). \u00bfUsted qu\u00e9 opina?<\/p>\n<p style=\"text-align: justify;\">Tambi\u00e9n nos parece interesante estar al corriente que hoy, la Universidad de Pek\u00edn, la de Xiamen y la Universidad pekinesa de Tsinghua, (que se encuentra m\u00e1s alto en los rankings internacionales de toda la Rep\u00fablica Popular), exigen \u201ca sus estudiantes a demostrar que pueden dar brazadas sin hundirse, si al terminar sus estudios quieren recibir el t\u00edtulo de licenciatura\u201d, para poner m\u00e1s \u00e9nfasis en la necesidad de practicar deporte, un h\u00e1bito que descuidan muchos chinos de mediana edad y que no se incentiva en las escuelas; porque muchos padres perciben el ejercicio f\u00edsico como una distracci\u00f3n inoportuna para su hijos, dada la exigencia acad\u00e9mica para aprobar el temido gaokao, el examen de selectividad. Macarena Vidal Liy, reportera en Pek\u00edn, publica en El Pa\u00eds (Espa\u00f1a) publica un art\u00edculo: \u201cUna universidad china exige a sus alumnos que sepan nadar antes de entregarles el t\u00edtulo\u201d y que puede leer en este enlace: <strong><span style=\"text-decoration: underline;\"><a href=\"http:\/\/internacional.elpais.com\/internacional\/2017\/03\/28\/mundo_global\/1490700180_711117.html\" target=\"_blank\" rel=\"noopener noreferrer\">internacional.elpais.com<\/a><\/span><\/strong><\/p>\n<p style=\"text-align: justify;\">\u00bfSe le asigna a la Educaci\u00f3n F\u00edsica la importancia que sostienen Vargas y Orozco? \u00bfQu\u00e9 tan importante es la actividad f\u00edsica en su centro educativo? \u00bfCree Usted que la nataci\u00f3n debe ser una exigencia educativa para la supervivencia?<\/p>\n<p style=\"text-align: right;\"><strong>REDACCI\u00d3N WEB DEL MAESTRO CMF<br \/>\n<\/strong><strong>FUENTE:\u00a0<a href=\"http:\/\/revistas.ucr.ac.cr\/\" target=\"_blank\" rel=\"noopener noreferrer\">UNIVERSIDAD DE COSTA RICA<\/a>\u00a0y <a href=\"http:\/\/elpais.com\/elpais\/portada_america.html\" target=\"_blank\" rel=\"noopener noreferrer\">EL PA\u00cdS GLOBAL<\/a><\/strong><\/p>\n\t\t<div class=\"pk-inline-posts\">\n\t\t\t\n\t\t\t<div class=\"pk-inline-posts-container pk-inline-posts-template-list\"\n\t\t\t\tdata-columns=\"1\">\n\t\t\t\t\t\t<article id=\"post-118333\" class=\"post-118333 post type-post status-publish format-standard has-post-thumbnail category-jamb tag-apego tag-crianza tag-docentes tag-educacion tag-escuela tag-familia tag-infancia tag-responsabilidad tag-vinculo cs-entry cs-video-wrap\">\n\t\t\t<div class=\"pk-post-outer\">\n\n\t\t\t\t\t\t\t\t<div class=\"pk-post-inner\">\n\t\t\t\t\t<div class=\"entry-thumbnail\">\n\t\t\t\t\t\t<div class=\"pk-overlay pk-overlay-ratio pk-ratio-landscape\">\n\t\t\t\t\t\t\t<div class=\"pk-overlay-background\">\n\t\t\t\t\t\t\t\t<a href=\"https:\/\/webdelmaestrocmf.com\/portal\/el-sistema-nos-rompe-a-todos-y-a-los-ninos-primero\/\" class=\"pk-overlay-link\">\n\t\t\t\t\t\t\t\t\t<img loading=\"lazy\" decoding=\"async\" width=\"300\" height=\"225\" src=\"https:\/\/webdelmaestrocmf.com\/portal\/wp-content\/uploads\/2026\/04\/1AA-Banner-1-portada-imagen-10-1-copia-2-300x225.jpg\" class=\"attachment-pk-thumbnail size-pk-thumbnail wp-post-image\" alt=\"\" \/>\t\t\t\t\t\t\t\t<\/a>\n\t\t\t\t\t\t\t<\/div>\n\t\t\t\t\t\t<\/div>\n\t\t\t\t\t<\/div>\n\t\t\t\t<\/div>\n\t\t\t\t\n\t\t\t\t<div class=\"pk-post-inner\">\n\t\t\t\t\t<header>\n\t\t\t\t\t\t<h3 class=\"pk-title\"><a href=\"https:\/\/webdelmaestrocmf.com\/portal\/el-sistema-nos-rompe-a-todos-y-a-los-ninos-primero\/\" rel=\"bookmark\">El sistema nos rompe a todos\u2026 y a los ni\u00f1os primero<\/a><\/h3>\t\t\t\t\t<\/header><!-- .entry-header -->\n\t\t\t\t<\/div><!-- .post-inner -->\n\n\t\t\t<\/div><!-- .post-outer -->\n\t\t<\/article>\n\t\t\t\t<\/div>\n\t\t<\/div>\n\t\t\n","protected":false},"excerpt":{"rendered":"En algunos Sistemas Educativos Nacionales, se desconoce la importancia que tiene la Educaci\u00f3n F\u00edsica como otras asignaturas del&hellip;","protected":false},"author":2,"featured_media":53745,"comment_status":"open","ping_status":"open","sticky":false,"template":"","format":"standard","meta":{"csco_display_header_overlay":false,"csco_singular_sidebar":"default","csco_page_header_type":"default","csco_page_load_nextpost":"default","csco_post_video_location":[],"csco_post_video_location_hash":"","csco_post_video_url":"","csco_post_video_bg_start_time":0,"csco_post_video_bg_end_time":0,"csco_post_video_bg_volume":false,"_jetpack_memberships_contains_paid_content":false,"footnotes":""},"categories":[61],"tags":[2226,2227],"class_list":{"0":"post-18626","1":"post","2":"type-post","3":"status-publish","4":"format-standard","5":"has-post-thumbnail","7":"category-jamb","8":"tag-educacion-fisica","9":"tag-plan-de-estudios","10":"cs-entry","11":"cs-video-wrap"},"yoast_head":"<!-- This site is optimized with the Yoast SEO plugin v27.5 - https:\/\/yoast.com\/product\/yoast-seo-wordpress\/ -->\n<title>\u00bfCree usted que la educaci\u00f3n f\u00edsica es importante en el plan de estudios?<\/title>\n<meta name=\"description\" content=\"En algunos Sistemas Educativos Nacionales, se desconoce la importancia que tiene la Educaci\u00f3n F\u00edsica como otras asignaturas del conocimiento.\" \/>\n<meta name=\"robots\" content=\"index, follow, max-snippet:-1, max-image-preview:large, max-video-preview:-1\" \/>\n<link rel=\"canonical\" href=\"https:\/\/webdelmaestrocmf.com\/portal\/tan-importante-la-educacion-fisica-plan-estudios\/\" \/>\n<meta property=\"og:locale\" content=\"es_ES\" \/>\n<meta property=\"og:type\" content=\"article\" \/>\n<meta property=\"og:title\" content=\"\u00bfCree usted que la educaci\u00f3n f\u00edsica es importante en el plan de estudios?\" \/>\n<meta property=\"og:description\" content=\"En algunos Sistemas Educativos Nacionales, se desconoce la importancia que tiene la Educaci\u00f3n F\u00edsica como otras asignaturas del conocimiento.\" \/>\n<meta property=\"og:url\" content=\"https:\/\/webdelmaestrocmf.com\/portal\/tan-importante-la-educacion-fisica-plan-estudios\/\" \/>\n<meta property=\"og:site_name\" content=\"Web del Maestro CMF\" \/>\n<meta property=\"article:publisher\" content=\"https:\/\/www.facebook.com\/WebdelMaestroCMF\/\" \/>\n<meta property=\"article:author\" content=\"https:\/\/www.facebook.com\/WebdelMaestroCMF\/\" \/>\n<meta property=\"article:published_time\" content=\"2019-06-24T21:29:03+00:00\" \/>\n<meta property=\"article:modified_time\" content=\"2022-06-03T22:31:29+00:00\" \/>\n<meta property=\"og:image\" content=\"https:\/\/i0.wp.com\/webdelmaestrocmf.com\/portal\/wp-content\/uploads\/2019\/06\/1-76.jpg?fit=1100%2C680&ssl=1\" \/>\n\t<meta property=\"og:image:width\" content=\"1100\" \/>\n\t<meta property=\"og:image:height\" content=\"680\" \/>\n\t<meta property=\"og:image:type\" content=\"image\/jpeg\" \/>\n<meta name=\"author\" content=\"Web del Maestro CMF\" \/>\n<meta name=\"twitter:card\" content=\"summary_large_image\" \/>\n<meta name=\"twitter:creator\" content=\"@cmf_w\" \/>\n<meta name=\"twitter:site\" content=\"@cmf_w\" \/>\n<script type=\"application\/ld+json\" class=\"yoast-schema-graph\">{\"@context\":\"https:\\\/\\\/schema.org\",\"@graph\":[{\"@type\":\"ScholarlyArticle\",\"@id\":\"https:\\\/\\\/webdelmaestrocmf.com\\\/portal\\\/tan-importante-la-educacion-fisica-plan-estudios\\\/#article\",\"isPartOf\":{\"@id\":\"https:\\\/\\\/webdelmaestrocmf.com\\\/portal\\\/tan-importante-la-educacion-fisica-plan-estudios\\\/\"},\"author\":{\"name\":\"Web del Maestro CMF\",\"@id\":\"https:\\\/\\\/webdelmaestrocmf.com\\\/portal\\\/#\\\/schema\\\/person\\\/ebc57e23d318c9c4270c6f41367015b5\"},\"headline\":\"\u00bfCree usted que la educaci\u00f3n f\u00edsica es importante en el plan de estudios?\",\"datePublished\":\"2019-06-24T21:29:03+00:00\",\"dateModified\":\"2022-06-03T22:31:29+00:00\",\"mainEntityOfPage\":{\"@id\":\"https:\\\/\\\/webdelmaestrocmf.com\\\/portal\\\/tan-importante-la-educacion-fisica-plan-estudios\\\/\"},\"wordCount\":760,\"commentCount\":0,\"publisher\":{\"@id\":\"https:\\\/\\\/webdelmaestrocmf.com\\\/portal\\\/#organization\"},\"image\":{\"@id\":\"https:\\\/\\\/webdelmaestrocmf.com\\\/portal\\\/tan-importante-la-educacion-fisica-plan-estudios\\\/#primaryimage\"},\"thumbnailUrl\":\"https:\\\/\\\/webdelmaestrocmf.com\\\/portal\\\/wp-content\\\/uploads\\\/2019\\\/06\\\/1-76.jpg\",\"keywords\":[\"EDUCACI\u00d3N F\u00cdSICA\",\"PLAN DE ESTUDIOS\"],\"articleSection\":[\"Yo opino - WMCMF\"],\"inLanguage\":\"es\",\"potentialAction\":[{\"@type\":\"CommentAction\",\"name\":\"Comment\",\"target\":[\"https:\\\/\\\/webdelmaestrocmf.com\\\/portal\\\/tan-importante-la-educacion-fisica-plan-estudios\\\/#respond\"]}]},{\"@type\":\"WebPage\",\"@id\":\"https:\\\/\\\/webdelmaestrocmf.com\\\/portal\\\/tan-importante-la-educacion-fisica-plan-estudios\\\/\",\"url\":\"https:\\\/\\\/webdelmaestrocmf.com\\\/portal\\\/tan-importante-la-educacion-fisica-plan-estudios\\\/\",\"name\":\"\u00bfCree usted que la educaci\u00f3n f\u00edsica es importante en el plan de estudios?\",\"isPartOf\":{\"@id\":\"https:\\\/\\\/webdelmaestrocmf.com\\\/portal\\\/#website\"},\"primaryImageOfPage\":{\"@id\":\"https:\\\/\\\/webdelmaestrocmf.com\\\/portal\\\/tan-importante-la-educacion-fisica-plan-estudios\\\/#primaryimage\"},\"image\":{\"@id\":\"https:\\\/\\\/webdelmaestrocmf.com\\\/portal\\\/tan-importante-la-educacion-fisica-plan-estudios\\\/#primaryimage\"},\"thumbnailUrl\":\"https:\\\/\\\/webdelmaestrocmf.com\\\/portal\\\/wp-content\\\/uploads\\\/2019\\\/06\\\/1-76.jpg\",\"datePublished\":\"2019-06-24T21:29:03+00:00\",\"dateModified\":\"2022-06-03T22:31:29+00:00\",\"description\":\"En algunos Sistemas Educativos Nacionales, se desconoce la importancia que tiene la Educaci\u00f3n F\u00edsica como otras asignaturas del conocimiento.\",\"breadcrumb\":{\"@id\":\"https:\\\/\\\/webdelmaestrocmf.com\\\/portal\\\/tan-importante-la-educacion-fisica-plan-estudios\\\/#breadcrumb\"},\"inLanguage\":\"es\",\"potentialAction\":[{\"@type\":\"ReadAction\",\"target\":[\"https:\\\/\\\/webdelmaestrocmf.com\\\/portal\\\/tan-importante-la-educacion-fisica-plan-estudios\\\/\"]}]},{\"@type\":\"ImageObject\",\"inLanguage\":\"es\",\"@id\":\"https:\\\/\\\/webdelmaestrocmf.com\\\/portal\\\/tan-importante-la-educacion-fisica-plan-estudios\\\/#primaryimage\",\"url\":\"https:\\\/\\\/webdelmaestrocmf.com\\\/portal\\\/wp-content\\\/uploads\\\/2019\\\/06\\\/1-76.jpg\",\"contentUrl\":\"https:\\\/\\\/webdelmaestrocmf.com\\\/portal\\\/wp-content\\\/uploads\\\/2019\\\/06\\\/1-76.jpg\",\"width\":1100,\"height\":680},{\"@type\":\"BreadcrumbList\",\"@id\":\"https:\\\/\\\/webdelmaestrocmf.com\\\/portal\\\/tan-importante-la-educacion-fisica-plan-estudios\\\/#breadcrumb\",\"itemListElement\":[{\"@type\":\"ListItem\",\"position\":1,\"name\":\"Portada\",\"item\":\"https:\\\/\\\/webdelmaestrocmf.com\\\/portal\\\/\"},{\"@type\":\"ListItem\",\"position\":2,\"name\":\"Yo opino - WMCMF\",\"item\":\"https:\\\/\\\/webdelmaestrocmf.com\\\/portal\\\/category\\\/jamb\\\/\"},{\"@type\":\"ListItem\",\"position\":3,\"name\":\"\u00bfCree usted que la educaci\u00f3n f\u00edsica es importante en el plan de estudios?\"}]},{\"@type\":\"WebSite\",\"@id\":\"https:\\\/\\\/webdelmaestrocmf.com\\\/portal\\\/#website\",\"url\":\"https:\\\/\\\/webdelmaestrocmf.com\\\/portal\\\/\",\"name\":\"Web del Maestro CMF\",\"description\":\"Maestros al servicio de la educaci\u00f3n\",\"publisher\":{\"@id\":\"https:\\\/\\\/webdelmaestrocmf.com\\\/portal\\\/#organization\"},\"alternateName\":\"WMCMF\",\"potentialAction\":[{\"@type\":\"SearchAction\",\"target\":{\"@type\":\"EntryPoint\",\"urlTemplate\":\"https:\\\/\\\/webdelmaestrocmf.com\\\/portal\\\/?s={search_term_string}\"},\"query-input\":{\"@type\":\"PropertyValueSpecification\",\"valueRequired\":true,\"valueName\":\"search_term_string\"}}],\"inLanguage\":\"es\"},{\"@type\":\"Organization\",\"@id\":\"https:\\\/\\\/webdelmaestrocmf.com\\\/portal\\\/#organization\",\"name\":\"Web del Maestro CMF\",\"alternateName\":\"WMCMF\",\"url\":\"https:\\\/\\\/webdelmaestrocmf.com\\\/portal\\\/\",\"logo\":{\"@type\":\"ImageObject\",\"inLanguage\":\"es\",\"@id\":\"https:\\\/\\\/webdelmaestrocmf.com\\\/portal\\\/#\\\/schema\\\/logo\\\/image\\\/\",\"url\":\"https:\\\/\\\/webdelmaestrocmf.com\\\/portal\\\/wp-content\\\/uploads\\\/2023\\\/01\\\/logo-wmcmf-2.png\",\"contentUrl\":\"https:\\\/\\\/webdelmaestrocmf.com\\\/portal\\\/wp-content\\\/uploads\\\/2023\\\/01\\\/logo-wmcmf-2.png\",\"width\":200,\"height\":60,\"caption\":\"Web del Maestro CMF\"},\"image\":{\"@id\":\"https:\\\/\\\/webdelmaestrocmf.com\\\/portal\\\/#\\\/schema\\\/logo\\\/image\\\/\"},\"sameAs\":[\"https:\\\/\\\/www.facebook.com\\\/WebdelMaestroCMF\\\/\",\"https:\\\/\\\/x.com\\\/cmf_w\",\"https:\\\/\\\/www.pinterest.com\\\/WMCMF\\\/\",\"https:\\\/\\\/www.linkedin.com\\\/company\\\/web-del-maestro-cmf\\\/\",\"https:\\\/\\\/www.instagram.com\\\/wmcmf\\\/\",\"https:\\\/\\\/www.youtube.com\\\/channel\\\/UCDPSvjbdodE5sHnC3OxutHw\",\"https:\\\/\\\/mastodon.social\\\/@wmcmf\",\"https:\\\/\\\/www.tiktok.com\\\/@webdelmaestrocmf\"]},{\"@type\":\"Person\",\"@id\":\"https:\\\/\\\/webdelmaestrocmf.com\\\/portal\\\/#\\\/schema\\\/person\\\/ebc57e23d318c9c4270c6f41367015b5\",\"name\":\"Web del Maestro CMF\",\"image\":{\"@type\":\"ImageObject\",\"inLanguage\":\"es\",\"@id\":\"https:\\\/\\\/secure.gravatar.com\\\/avatar\\\/718b2df46e711f63dc8c16a160d16cc0104e961fe3c231eaaed2426975fc5e2d?s=96&d=mm&r=g\",\"url\":\"https:\\\/\\\/secure.gravatar.com\\\/avatar\\\/718b2df46e711f63dc8c16a160d16cc0104e961fe3c231eaaed2426975fc5e2d?s=96&d=mm&r=g\",\"contentUrl\":\"https:\\\/\\\/secure.gravatar.com\\\/avatar\\\/718b2df46e711f63dc8c16a160d16cc0104e961fe3c231eaaed2426975fc5e2d?s=96&d=mm&r=g\",\"caption\":\"Web del Maestro CMF\"},\"description\":\"Esta Web se cre\u00f3 sin fines de lucro, con fines educativos, cient\u00edficos y acad\u00e9micos, para personas que tengan dificultades y\\\/o inconvenientes en visualizar el material original. El objetivo es entregar recursos, compartir experiencias y materiales que ayuden a los padres de familia, maestros y estudiantes en su actualizaci\u00f3n y formaci\u00f3n permanente, en bien de la Educaci\u00f3n.\",\"sameAs\":[\"http:\\\/\\\/webdelmaestrocmf.com\\\/portal\",\"https:\\\/\\\/www.facebook.com\\\/WebdelMaestroCMF\\\/\",\"https:\\\/\\\/www.instagram.com\\\/wmcmf\\\/\",\"https:\\\/\\\/cl.linkedin.com\\\/company\\\/web-del-maestro-cmf\",\"https:\\\/\\\/www.pinterest.com\\\/WMCMF\\\/publicaciones\\\/\",\"https:\\\/\\\/x.com\\\/cmf_w\",\"https:\\\/\\\/www.youtube.com\\\/@WMCMF\"]}]}<\/script>\n<!-- \/ Yoast SEO plugin. -->","yoast_head_json":{"title":"\u00bfCree usted que la educaci\u00f3n f\u00edsica es importante en el plan de estudios?","description":"En algunos Sistemas Educativos Nacionales, se desconoce la importancia que tiene la Educaci\u00f3n F\u00edsica como otras asignaturas del conocimiento.","robots":{"index":"index","follow":"follow","max-snippet":"max-snippet:-1","max-image-preview":"max-image-preview:large","max-video-preview":"max-video-preview:-1"},"canonical":"https:\/\/webdelmaestrocmf.com\/portal\/tan-importante-la-educacion-fisica-plan-estudios\/","og_locale":"es_ES","og_type":"article","og_title":"\u00bfCree usted que la educaci\u00f3n f\u00edsica es importante en el plan de estudios?","og_description":"En algunos Sistemas Educativos Nacionales, se desconoce la importancia que tiene la Educaci\u00f3n F\u00edsica como otras asignaturas del conocimiento.","og_url":"https:\/\/webdelmaestrocmf.com\/portal\/tan-importante-la-educacion-fisica-plan-estudios\/","og_site_name":"Web del Maestro CMF","article_publisher":"https:\/\/www.facebook.com\/WebdelMaestroCMF\/","article_author":"https:\/\/www.facebook.com\/WebdelMaestroCMF\/","article_published_time":"2019-06-24T21:29:03+00:00","article_modified_time":"2022-06-03T22:31:29+00:00","og_image":[{"width":1100,"height":680,"url":"https:\/\/i0.wp.com\/webdelmaestrocmf.com\/portal\/wp-content\/uploads\/2019\/06\/1-76.jpg?fit=1100%2C680&ssl=1","type":"image\/jpeg"}],"author":"Web del Maestro CMF","twitter_card":"summary_large_image","twitter_creator":"@cmf_w","twitter_site":"@cmf_w","schema":{"@context":"https:\/\/schema.org","@graph":[{"@type":"ScholarlyArticle","@id":"https:\/\/webdelmaestrocmf.com\/portal\/tan-importante-la-educacion-fisica-plan-estudios\/#article","isPartOf":{"@id":"https:\/\/webdelmaestrocmf.com\/portal\/tan-importante-la-educacion-fisica-plan-estudios\/"},"author":{"name":"Web del Maestro CMF","@id":"https:\/\/webdelmaestrocmf.com\/portal\/#\/schema\/person\/ebc57e23d318c9c4270c6f41367015b5"},"headline":"\u00bfCree usted que la educaci\u00f3n f\u00edsica es importante en el plan de estudios?","datePublished":"2019-06-24T21:29:03+00:00","dateModified":"2022-06-03T22:31:29+00:00","mainEntityOfPage":{"@id":"https:\/\/webdelmaestrocmf.com\/portal\/tan-importante-la-educacion-fisica-plan-estudios\/"},"wordCount":760,"commentCount":0,"publisher":{"@id":"https:\/\/webdelmaestrocmf.com\/portal\/#organization"},"image":{"@id":"https:\/\/webdelmaestrocmf.com\/portal\/tan-importante-la-educacion-fisica-plan-estudios\/#primaryimage"},"thumbnailUrl":"https:\/\/webdelmaestrocmf.com\/portal\/wp-content\/uploads\/2019\/06\/1-76.jpg","keywords":["EDUCACI\u00d3N F\u00cdSICA","PLAN DE ESTUDIOS"],"articleSection":["Yo opino - WMCMF"],"inLanguage":"es","potentialAction":[{"@type":"CommentAction","name":"Comment","target":["https:\/\/webdelmaestrocmf.com\/portal\/tan-importante-la-educacion-fisica-plan-estudios\/#respond"]}]},{"@type":"WebPage","@id":"https:\/\/webdelmaestrocmf.com\/portal\/tan-importante-la-educacion-fisica-plan-estudios\/","url":"https:\/\/webdelmaestrocmf.com\/portal\/tan-importante-la-educacion-fisica-plan-estudios\/","name":"\u00bfCree usted que la educaci\u00f3n f\u00edsica es importante en el plan de estudios?","isPartOf":{"@id":"https:\/\/webdelmaestrocmf.com\/portal\/#website"},"primaryImageOfPage":{"@id":"https:\/\/webdelmaestrocmf.com\/portal\/tan-importante-la-educacion-fisica-plan-estudios\/#primaryimage"},"image":{"@id":"https:\/\/webdelmaestrocmf.com\/portal\/tan-importante-la-educacion-fisica-plan-estudios\/#primaryimage"},"thumbnailUrl":"https:\/\/webdelmaestrocmf.com\/portal\/wp-content\/uploads\/2019\/06\/1-76.jpg","datePublished":"2019-06-24T21:29:03+00:00","dateModified":"2022-06-03T22:31:29+00:00","description":"En algunos Sistemas Educativos Nacionales, se desconoce la importancia que tiene la Educaci\u00f3n F\u00edsica como otras asignaturas del conocimiento.","breadcrumb":{"@id":"https:\/\/webdelmaestrocmf.com\/portal\/tan-importante-la-educacion-fisica-plan-estudios\/#breadcrumb"},"inLanguage":"es","potentialAction":[{"@type":"ReadAction","target":["https:\/\/webdelmaestrocmf.com\/portal\/tan-importante-la-educacion-fisica-plan-estudios\/"]}]},{"@type":"ImageObject","inLanguage":"es","@id":"https:\/\/webdelmaestrocmf.com\/portal\/tan-importante-la-educacion-fisica-plan-estudios\/#primaryimage","url":"https:\/\/webdelmaestrocmf.com\/portal\/wp-content\/uploads\/2019\/06\/1-76.jpg","contentUrl":"https:\/\/webdelmaestrocmf.com\/portal\/wp-content\/uploads\/2019\/06\/1-76.jpg","width":1100,"height":680},{"@type":"BreadcrumbList","@id":"https:\/\/webdelmaestrocmf.com\/portal\/tan-importante-la-educacion-fisica-plan-estudios\/#breadcrumb","itemListElement":[{"@type":"ListItem","position":1,"name":"Portada","item":"https:\/\/webdelmaestrocmf.com\/portal\/"},{"@type":"ListItem","position":2,"name":"Yo opino - WMCMF","item":"https:\/\/webdelmaestrocmf.com\/portal\/category\/jamb\/"},{"@type":"ListItem","position":3,"name":"\u00bfCree usted que la educaci\u00f3n f\u00edsica es importante en el plan de estudios?"}]},{"@type":"WebSite","@id":"https:\/\/webdelmaestrocmf.com\/portal\/#website","url":"https:\/\/webdelmaestrocmf.com\/portal\/","name":"Web del Maestro CMF","description":"Maestros al servicio de la educaci\u00f3n","publisher":{"@id":"https:\/\/webdelmaestrocmf.com\/portal\/#organization"},"alternateName":"WMCMF","potentialAction":[{"@type":"SearchAction","target":{"@type":"EntryPoint","urlTemplate":"https:\/\/webdelmaestrocmf.com\/portal\/?s={search_term_string}"},"query-input":{"@type":"PropertyValueSpecification","valueRequired":true,"valueName":"search_term_string"}}],"inLanguage":"es"},{"@type":"Organization","@id":"https:\/\/webdelmaestrocmf.com\/portal\/#organization","name":"Web del Maestro CMF","alternateName":"WMCMF","url":"https:\/\/webdelmaestrocmf.com\/portal\/","logo":{"@type":"ImageObject","inLanguage":"es","@id":"https:\/\/webdelmaestrocmf.com\/portal\/#\/schema\/logo\/image\/","url":"https:\/\/webdelmaestrocmf.com\/portal\/wp-content\/uploads\/2023\/01\/logo-wmcmf-2.png","contentUrl":"https:\/\/webdelmaestrocmf.com\/portal\/wp-content\/uploads\/2023\/01\/logo-wmcmf-2.png","width":200,"height":60,"caption":"Web del Maestro CMF"},"image":{"@id":"https:\/\/webdelmaestrocmf.com\/portal\/#\/schema\/logo\/image\/"},"sameAs":["https:\/\/www.facebook.com\/WebdelMaestroCMF\/","https:\/\/x.com\/cmf_w","https:\/\/www.pinterest.com\/WMCMF\/","https:\/\/www.linkedin.com\/company\/web-del-maestro-cmf\/","https:\/\/www.instagram.com\/wmcmf\/","https:\/\/www.youtube.com\/channel\/UCDPSvjbdodE5sHnC3OxutHw","https:\/\/mastodon.social\/@wmcmf","https:\/\/www.tiktok.com\/@webdelmaestrocmf"]},{"@type":"Person","@id":"https:\/\/webdelmaestrocmf.com\/portal\/#\/schema\/person\/ebc57e23d318c9c4270c6f41367015b5","name":"Web del Maestro CMF","image":{"@type":"ImageObject","inLanguage":"es","@id":"https:\/\/secure.gravatar.com\/avatar\/718b2df46e711f63dc8c16a160d16cc0104e961fe3c231eaaed2426975fc5e2d?s=96&d=mm&r=g","url":"https:\/\/secure.gravatar.com\/avatar\/718b2df46e711f63dc8c16a160d16cc0104e961fe3c231eaaed2426975fc5e2d?s=96&d=mm&r=g","contentUrl":"https:\/\/secure.gravatar.com\/avatar\/718b2df46e711f63dc8c16a160d16cc0104e961fe3c231eaaed2426975fc5e2d?s=96&d=mm&r=g","caption":"Web del Maestro CMF"},"description":"Esta Web se cre\u00f3 sin fines de lucro, con fines educativos, cient\u00edficos y acad\u00e9micos, para personas que tengan dificultades y\/o inconvenientes en visualizar el material original. El objetivo es entregar recursos, compartir experiencias y materiales que ayuden a los padres de familia, maestros y estudiantes en su actualizaci\u00f3n y formaci\u00f3n permanente, en bien de la Educaci\u00f3n.","sameAs":["http:\/\/webdelmaestrocmf.com\/portal","https:\/\/www.facebook.com\/WebdelMaestroCMF\/","https:\/\/www.instagram.com\/wmcmf\/","https:\/\/cl.linkedin.com\/company\/web-del-maestro-cmf","https:\/\/www.pinterest.com\/WMCMF\/publicaciones\/","https:\/\/x.com\/cmf_w","https:\/\/www.youtube.com\/@WMCMF"]}]}},"jetpack_featured_media_url":"https:\/\/webdelmaestrocmf.com\/portal\/wp-content\/uploads\/2019\/06\/1-76.jpg","jetpack_sharing_enabled":true,"jetpack-related-posts":[{"id":117526,"url":"https:\/\/webdelmaestrocmf.com\/portal\/el-dilema-del-contacto-fisico-en-la-escuela-entre-el-vinculo-humano-y-la-responsabilidad-profesional-que-debe-hacer-el-docente\/","url_meta":{"origin":18626,"position":0},"title":"El dilema del contacto f\u00edsico en la escuela: entre el v\u00ednculo humano y la responsabilidad profesional \u00bfQu\u00e9 debe hacer el docente?","author":"Web del Maestro CMF","date":"9 abril, 2026","format":false,"excerpt":"Si el docente no puede iniciar contacto f\u00edsico con los ni\u00f1os, pero es el alumno quien se acerca y lo abraza, \u00bfcu\u00e1l deber\u00eda ser el protocolo de actuaci\u00f3n adecuado?","rel":"","context":"En \u00abDocentes\u00bb","block_context":{"text":"Docentes","link":"https:\/\/webdelmaestrocmf.com\/portal\/category\/pedagogia\/docentes\/"},"img":{"alt_text":"","src":"https:\/\/i0.wp.com\/webdelmaestrocmf.com\/portal\/wp-content\/uploads\/2026\/04\/1AA-Banner-1-portada-imagen-10-1-copia-6-1.webp?resize=350%2C200&ssl=1","width":350,"height":200,"srcset":"https:\/\/i0.wp.com\/webdelmaestrocmf.com\/portal\/wp-content\/uploads\/2026\/04\/1AA-Banner-1-portada-imagen-10-1-copia-6-1.webp?resize=350%2C200&ssl=1 1x, https:\/\/i0.wp.com\/webdelmaestrocmf.com\/portal\/wp-content\/uploads\/2026\/04\/1AA-Banner-1-portada-imagen-10-1-copia-6-1.webp?resize=525%2C300&ssl=1 1.5x, https:\/\/i0.wp.com\/webdelmaestrocmf.com\/portal\/wp-content\/uploads\/2026\/04\/1AA-Banner-1-portada-imagen-10-1-copia-6-1.webp?resize=700%2C400&ssl=1 2x, https:\/\/i0.wp.com\/webdelmaestrocmf.com\/portal\/wp-content\/uploads\/2026\/04\/1AA-Banner-1-portada-imagen-10-1-copia-6-1.webp?resize=1050%2C600&ssl=1 3x"},"classes":[]},{"id":113859,"url":"https:\/\/webdelmaestrocmf.com\/portal\/se-da-un-paso-historico-ley-21-778-garantiza-60-minutos-diarios-de-actividad-fisica-en-todos-los-establecimientos-educacionales\/","url_meta":{"origin":18626,"position":1},"title":"Se da un paso hist\u00f3rico: Ley 21.778 garantiza 60 minutos diarios de actividad f\u00edsica en todos los establecimientos educacionales","author":"Web del Maestro CMF","date":"7 diciembre, 2025","format":false,"excerpt":"Tras 14 a\u00f1os de tramitaci\u00f3n, Chile impulsa una transformaci\u00f3n hist\u00f3rica en salud y educaci\u00f3n: todos los establecimientos deber\u00e1n garantizar 60 minutos diarios de actividad f\u00edsica para combatir el sedentarismo, mejorar la convivencia escolar y fortalecer el bienestar integral de ni\u00f1os y j\u00f3venes.","rel":"","context":"En \u00abNoticias Internacionales\u00bb","block_context":{"text":"Noticias Internacionales","link":"https:\/\/webdelmaestrocmf.com\/portal\/category\/noticias-internacionales\/"},"img":{"alt_text":"","src":"https:\/\/i0.wp.com\/webdelmaestrocmf.com\/portal\/wp-content\/uploads\/2025\/12\/1A-Banner-1-portada-imagen-10-1-copia-6.webp?resize=350%2C200&ssl=1","width":350,"height":200,"srcset":"https:\/\/i0.wp.com\/webdelmaestrocmf.com\/portal\/wp-content\/uploads\/2025\/12\/1A-Banner-1-portada-imagen-10-1-copia-6.webp?resize=350%2C200&ssl=1 1x, https:\/\/i0.wp.com\/webdelmaestrocmf.com\/portal\/wp-content\/uploads\/2025\/12\/1A-Banner-1-portada-imagen-10-1-copia-6.webp?resize=525%2C300&ssl=1 1.5x, https:\/\/i0.wp.com\/webdelmaestrocmf.com\/portal\/wp-content\/uploads\/2025\/12\/1A-Banner-1-portada-imagen-10-1-copia-6.webp?resize=700%2C400&ssl=1 2x"},"classes":[]},{"id":26139,"url":"https:\/\/webdelmaestrocmf.com\/portal\/178-sesiones-aprendizaje-educacion-fisica-primaria-actualizado\/","url_meta":{"origin":18626,"position":2},"title":"200 Sesiones de Aprendizaje de educaci\u00f3n F\u00edsica &#8211; Primaria","author":"Web del Maestro CMF","date":"16 enero, 2024","format":false,"excerpt":"En las Sesiones de Aprendizaje de Educaci\u00f3n F\u00edsica, se aborda de manera integral el desarrollo f\u00edsico y motriz del estudiante. Durante estas sesiones, la clave es cultivar habilidades motoras, fomentar la colaboraci\u00f3n en equipo, y destacar la actividad f\u00edsica como parte esencial del proceso educativo. Adem\u00e1s, se busca inculcar a\u2026","rel":"","context":"En \u00abEd. F\u00edsica\u00bb","block_context":{"text":"Ed. F\u00edsica","link":"https:\/\/webdelmaestrocmf.com\/portal\/category\/pedagogia\/ed-fisica\/"},"img":{"alt_text":"Sesiones de Aprendizaje","src":"https:\/\/i0.wp.com\/webdelmaestrocmf.com\/portal\/wp-content\/uploads\/2023\/11\/Banner-1-portada-imagen-10.jpg?resize=350%2C200&ssl=1","width":350,"height":200,"srcset":"https:\/\/i0.wp.com\/webdelmaestrocmf.com\/portal\/wp-content\/uploads\/2023\/11\/Banner-1-portada-imagen-10.jpg?resize=350%2C200&ssl=1 1x, https:\/\/i0.wp.com\/webdelmaestrocmf.com\/portal\/wp-content\/uploads\/2023\/11\/Banner-1-portada-imagen-10.jpg?resize=525%2C300&ssl=1 1.5x, https:\/\/i0.wp.com\/webdelmaestrocmf.com\/portal\/wp-content\/uploads\/2023\/11\/Banner-1-portada-imagen-10.jpg?resize=700%2C400&ssl=1 2x"},"classes":[]},{"id":38903,"url":"https:\/\/webdelmaestrocmf.com\/portal\/por-que-la-etica-la-filosofia-y-la-educacion-fisica-son-fundamentales-en-la-educacion\/","url_meta":{"origin":18626,"position":3},"title":"\u00bfPor qu\u00e9 la \u00e9tica, la filosof\u00eda y la educaci\u00f3n f\u00edsica son fundamentales en la educaci\u00f3n?","author":"Web del Maestro CMF","date":"15 agosto, 2019","format":false,"excerpt":"En una entrevista que le hizo la Universidad de Alcal\u00e1 a Stella Villarmea quien es una fil\u00f3sofa e investigadora espa\u00f1ola, catedr\u00e1tica de Filosof\u00eda de la misma Universidad de Alcal\u00e1, afirma que la presencia de una asignatura com\u00fan de \u00c9tica es necesaria e imprescindible, puesto que la ense\u00f1anza obligatoria debe incluir,\u2026","rel":"","context":"En \u00abEd. F\u00edsica\u00bb","block_context":{"text":"Ed. F\u00edsica","link":"https:\/\/webdelmaestrocmf.com\/portal\/category\/pedagogia\/ed-fisica\/"},"img":{"alt_text":"","src":"https:\/\/i0.wp.com\/webdelmaestrocmf.com\/portal\/wp-content\/uploads\/2019\/08\/A12B3C4D-3.jpg?resize=350%2C200&ssl=1","width":350,"height":200,"srcset":"https:\/\/i0.wp.com\/webdelmaestrocmf.com\/portal\/wp-content\/uploads\/2019\/08\/A12B3C4D-3.jpg?resize=350%2C200&ssl=1 1x, https:\/\/i0.wp.com\/webdelmaestrocmf.com\/portal\/wp-content\/uploads\/2019\/08\/A12B3C4D-3.jpg?resize=525%2C300&ssl=1 1.5x, https:\/\/i0.wp.com\/webdelmaestrocmf.com\/portal\/wp-content\/uploads\/2019\/08\/A12B3C4D-3.jpg?resize=700%2C400&ssl=1 2x"},"classes":[]},{"id":103831,"url":"https:\/\/webdelmaestrocmf.com\/portal\/plan-de-estudios-2022-en-el-marco-de-la-nem\/","url_meta":{"origin":18626,"position":4},"title":"Plan de estudios 2022 en el Marco de la NEM","author":"Web del Maestro CMF","date":"14 febrero, 2024","format":false,"excerpt":"El Plan de Estudios 2022, implementado en el marco de la Nueva Escuela Mexicana (NEM), representa una transformaci\u00f3n significativa en la educaci\u00f3n mexicana. Este plan busca formar ciudadanos cr\u00edticos, creativos, responsables y solidarios, capaces de enfrentar los desaf\u00edos del siglo XXI. Art\u00edculo relacionado:\u00a0Los campos de formaci\u00f3n para la Educaci\u00f3n B\u00e1sica\u2026","rel":"","context":"En \u00abDescargas Manuales PDF\u00bb","block_context":{"text":"Descargas Manuales PDF","link":"https:\/\/webdelmaestrocmf.com\/portal\/category\/pedagogia\/descargas-manuales-pdf\/"},"img":{"alt_text":"plan de estudios","src":"https:\/\/i0.wp.com\/webdelmaestrocmf.com\/portal\/wp-content\/uploads\/2024\/02\/Banner-1-portada-imagen-10-1-17.jpg?resize=350%2C200&ssl=1","width":350,"height":200,"srcset":"https:\/\/i0.wp.com\/webdelmaestrocmf.com\/portal\/wp-content\/uploads\/2024\/02\/Banner-1-portada-imagen-10-1-17.jpg?resize=350%2C200&ssl=1 1x, https:\/\/i0.wp.com\/webdelmaestrocmf.com\/portal\/wp-content\/uploads\/2024\/02\/Banner-1-portada-imagen-10-1-17.jpg?resize=525%2C300&ssl=1 1.5x, https:\/\/i0.wp.com\/webdelmaestrocmf.com\/portal\/wp-content\/uploads\/2024\/02\/Banner-1-portada-imagen-10-1-17.jpg?resize=700%2C400&ssl=1 2x"},"classes":[]},{"id":65837,"url":"https:\/\/webdelmaestrocmf.com\/portal\/120-actividades-de-educacion-fisica-sin-tener-contacto-alguno\/","url_meta":{"origin":18626,"position":5},"title":"Actividades de educaci\u00f3n f\u00edsica y sesiones de aprendizaje","author":"Web del Maestro CMF","date":"31 octubre, 2025","format":false,"excerpt":"Es una biblioteca digital muy completa que combina teor\u00eda, metodolog\u00eda y pr\u00e1ctica, ideal para fortalecer la formaci\u00f3n docente, preparar clases, dise\u00f1ar programas de entrenamiento y actualizar conocimientos en ciencias del movimiento.","rel":"","context":"En \u00abEd. F\u00edsica\u00bb","block_context":{"text":"Ed. F\u00edsica","link":"https:\/\/webdelmaestrocmf.com\/portal\/category\/pedagogia\/ed-fisica\/"},"img":{"alt_text":"","src":"https:\/\/i0.wp.com\/webdelmaestrocmf.com\/portal\/wp-content\/uploads\/2022\/04\/Banner-1-portada-imagen-10-1-7.jpg?resize=350%2C200&ssl=1","width":350,"height":200,"srcset":"https:\/\/i0.wp.com\/webdelmaestrocmf.com\/portal\/wp-content\/uploads\/2022\/04\/Banner-1-portada-imagen-10-1-7.jpg?resize=350%2C200&ssl=1 1x, https:\/\/i0.wp.com\/webdelmaestrocmf.com\/portal\/wp-content\/uploads\/2022\/04\/Banner-1-portada-imagen-10-1-7.jpg?resize=525%2C300&ssl=1 1.5x, https:\/\/i0.wp.com\/webdelmaestrocmf.com\/portal\/wp-content\/uploads\/2022\/04\/Banner-1-portada-imagen-10-1-7.jpg?resize=700%2C400&ssl=1 2x"},"classes":[]}],"_links":{"self":[{"href":"https:\/\/webdelmaestrocmf.com\/portal\/wp-json\/wp\/v2\/posts\/18626","targetHints":{"allow":["GET"]}}],"collection":[{"href":"https:\/\/webdelmaestrocmf.com\/portal\/wp-json\/wp\/v2\/posts"}],"about":[{"href":"https:\/\/webdelmaestrocmf.com\/portal\/wp-json\/wp\/v2\/types\/post"}],"author":[{"embeddable":true,"href":"https:\/\/webdelmaestrocmf.com\/portal\/wp-json\/wp\/v2\/users\/2"}],"replies":[{"embeddable":true,"href":"https:\/\/webdelmaestrocmf.com\/portal\/wp-json\/wp\/v2\/comments?post=18626"}],"version-history":[{"count":0,"href":"https:\/\/webdelmaestrocmf.com\/portal\/wp-json\/wp\/v2\/posts\/18626\/revisions"}],"wp:featuredmedia":[{"embeddable":true,"href":"https:\/\/webdelmaestrocmf.com\/portal\/wp-json\/wp\/v2\/media\/53745"}],"wp:attachment":[{"href":"https:\/\/webdelmaestrocmf.com\/portal\/wp-json\/wp\/v2\/media?parent=18626"}],"wp:term":[{"taxonomy":"category","embeddable":true,"href":"https:\/\/webdelmaestrocmf.com\/portal\/wp-json\/wp\/v2\/categories?post=18626"},{"taxonomy":"post_tag","embeddable":true,"href":"https:\/\/webdelmaestrocmf.com\/portal\/wp-json\/wp\/v2\/tags?post=18626"}],"curies":[{"name":"wp","href":"https:\/\/api.w.org\/{rel}","templated":true}]}}