{"id":18613,"date":"2019-05-05T21:22:47","date_gmt":"2019-05-06T01:22:47","guid":{"rendered":"http:\/\/webdelmaestrocmf.com\/portal\/?p=18613"},"modified":"2023-11-12T12:31:02","modified_gmt":"2023-11-12T15:31:02","slug":"nada-puede-hacerse-directivos-profesores-no-leen","status":"publish","type":"post","link":"https:\/\/webdelmaestrocmf.com\/portal\/nada-puede-hacerse-directivos-profesores-no-leen\/","title":{"rendered":"Agust\u00edn Squella: Nada puede hacerse con directivos y profesores que no leen"},"content":{"rendered":"<p style=\"text-align: justify;\"><strong>En el penetrante an\u00e1lisis de Agust\u00edn Squella, se destaca una premisa incisiva: \u00abNada puede hacerse con directivos y profesores que no leen\u00bb. Esta afirmaci\u00f3n sugiere una conexi\u00f3n fundamental entre la lectura y la capacidad de liderazgo o ense\u00f1anza, planteando la lectura como un elemento esencial para el desarrollo profesional y la eficacia en roles educativos. <\/strong><!--more--><\/p>\n<p style=\"text-align: justify;\">Squella invita a reflexionar sobre la importancia de cultivar el h\u00e1bito de la lectura en aquellos que desempe\u00f1an roles clave en la educaci\u00f3n.<\/p>\n<h1><strong>\u00bfQui\u00e9n es Agust\u00edn Squella Narducci?<\/strong><\/h1>\n<p style=\"text-align: justify;\">El profesor <strong>Agust\u00edn Squella Narducci<\/strong> (Santiago de Chile, 1944) jurista, periodista, columnista y pol\u00edtico de tendencia liberal igualitaria\u200b, ha ejercido la docencia en la Facultad de Filosof\u00eda del Derecho en las universidades de Valpara\u00edso y Diego Portales (Chile), es columnista estable de diario El Mercurio, y cuenta entre sus publicaciones m\u00e1s de quince libros y decenas de art\u00edculos especializados.<\/p>\n<p>Art\u00edculo relacionado: <a title=\"Ir a WMCMF\" href=\"https:\/\/webdelmaestrocmf.com\/portal\/si-los-docentes-no-leen-son-incapaces-de-transmitir-el-placer-de-la-lectura\/\" target=\"_top\" rel=\"noopener\">Emilia Ferreiro: Si los docentes no leen, son incapaces de transmitir el placer de la lectura<\/a><\/p>\n<p style=\"text-align: justify;\">Squella opina que la lectura es uno de los puntos m\u00e1s d\u00e9biles de la educaci\u00f3n chilena, y fue en el 2009 cuando obtuvo el Premio Nacional de Humanidades y Ciencias Sociales de Chile, en su discurso de agradecimiento dijo no desear dar ninguna recomendaci\u00f3n o advertencia, sin embargo, dijo sentirse en \u201cel deber de interceder por la lectura\u201d y recomend\u00f3 a los j\u00f3venes a leer, \u201cpara que no sean sujetos de pocas palabras, sino de muchas, y para que consigan colmar el cofre de su lenguaje, &#8230;\u201d.<\/p>\n<h2 style=\"text-align: left;\"><strong>Entrevista a Agust\u00edn Squella Narducci\u00a0<\/strong><\/h2>\n<p style=\"text-align: justify;\">El Blog <strong>JUEGOS DE MATE<\/strong>, public\u00f3 una entrevista que le hiciera Juan Andr\u00e9s Guzm\u00e1n, periodista de la Universidad Andr\u00e9s Bello, Mag\u00edster en Investigaci\u00f3n de Pol\u00edticas P\u00fablicas en la Universidad de Bristol, de la cual compartimos, por motivos \u00fanicamente educativos y de formaci\u00f3n permanente partes de su di\u00e1logo. Consideramos que si bien el profesor Squella opina sobre la educaci\u00f3n chilena, sus reflexiones pueden ser de utilidad\u00a0 para reflexionar, desde nuestra realidad, sobre la importancia de la lectura que nos permitir\u00e1 conocer las palabras que nombran los seres a quienes queremos describir, porque \u201c\u00e9stas permiten no s\u00f3lo notar, comprender y describir el mundo, sino intervenirlo y transformarlo\u201d.\u00a0 Y evitar\u00a0 dirigirnos \u201calegremente hacia un desastre sin que nadie tenga muy claro todo lo que las personas pierden cuando apenas logran leer a tropezones\u201d.<\/p>\n<p style=\"text-align: justify;\">Hemos tomado como t\u00edtulo la misma afirmaci\u00f3n de Agust\u00edn Squella, que usa nuestra fuente -con las debidas disculpas- para motivar dialogar sobre la importancia de los profesores, padres de familia y directivos como referentes para nuestros estudiantes. Dejamos aclarado que las letras en negritas y cursivas son nuestras, y les sugerimos leer la publicaci\u00f3n completa en el enlace que colocamos al final de esta publicaci\u00f3n.<\/p>\n<p><img loading=\"lazy\" decoding=\"async\" class=\"alignnone size-full wp-image-99833\" title=\"Agust\u00edn Squella\" src=\"https:\/\/webdelmaestrocmf.com\/portal\/wp-content\/uploads\/2019\/05\/1-9.jpeg\" alt=\"Agust\u00edn Squella\" width=\"900\" height=\"600\" srcset=\"https:\/\/webdelmaestrocmf.com\/portal\/wp-content\/uploads\/2019\/05\/1-9.jpeg 900w, https:\/\/webdelmaestrocmf.com\/portal\/wp-content\/uploads\/2019\/05\/1-9-300x200.jpeg 300w, https:\/\/webdelmaestrocmf.com\/portal\/wp-content\/uploads\/2019\/05\/1-9-768x512.jpeg 768w, https:\/\/webdelmaestrocmf.com\/portal\/wp-content\/uploads\/2019\/05\/1-9-380x253.jpeg 380w, https:\/\/webdelmaestrocmf.com\/portal\/wp-content\/uploads\/2019\/05\/1-9-550x367.jpeg 550w, https:\/\/webdelmaestrocmf.com\/portal\/wp-content\/uploads\/2019\/05\/1-9-800x533.jpeg 800w\" sizes=\"auto, (max-width: 900px) 100vw, 900px\" \/><\/p>\n<h3 style=\"text-align: left;\">JUAN ANDR\u00c9S GUZM\u00c1N: \u00bfQu\u00e9 piensa sobre la profundidad de la crisis de la lecto- escritura en Chile? A veces parece que el analfabetismo hubiera vuelto, a pesar de que las cifras dicen que no.<\/h3>\n<p style=\"text-align: justify;\"><strong>AGUST\u00cdN SQUELLA: <\/strong>\u201cEn Chile se escribe mal porque se lee poco. Y <strong>como somos pobres de palabras, lo somos tambi\u00e9n de pensamiento<\/strong>. La crisis, por tanto, es honda, aunque tampoco es \u00fanicamente local. [&#8230; creemos] que los males son solamente nuestros. [&#8230;] <strong>Los j\u00f3venes, que no leen, tampoco escriben<\/strong>, y cuando escriben lo hacen con esa jerigonza de palabras alteradas, cortadas, sustituidas por s\u00edmbolos matem\u00e1ticos u otros francamente incomprensibles, etc., aunque <strong>lo peor es que algunos adultos, con el pretexto pueril de sintonizar con las nuevas generaciones, empiezan a escribir igua<\/strong>l en sus blogs, correos electr\u00f3nicos y otras formas de aparente comunicaci\u00f3n de que disponemos en la red. Esos adultos creen absurdamente que desarrollar proximidad con los j\u00f3venes pasa por hablar y escribir tan mal como lo hacen \u00e9stos\u201d.<\/p>\n<p style=\"text-align: justify;\">Art\u00edculo relacionado: <a href=\"https:\/\/webdelmaestrocmf.com\/portal\/no-hay-otro-modo-de-apropiarte-de-palabras-nuevas-si-no-es-leyendo\/\" target=\"_top\" rel=\"noopener\">No hay otro modo de apropiarte de palabras nuevas si no es leyendo<\/a><\/p>\n<h3 style=\"text-align: left;\">JUAN ANDR\u00c9S GUZM\u00c1N: &#8230; \u00bfLe parece que en el debate que cada cierto tiempo se levanta en torno a la educaci\u00f3n, hay claridad sobre lo que est\u00e1n en riesgo cuando un ni\u00f1o no consigue leer?<\/h3>\n<p style=\"text-align: justify;\"><strong>AGUST\u00cdN SQUELLA: <\/strong>\u201cCreo que hay poca claridad, especialmente porque <strong>los padres, los maestros, los directivos educacionales, y posiblemente hasta las propias autoridades p\u00fablicas del sector, leen poco y mal<\/strong>. Ser\u00eda bueno encuestar en esos cuatro colectivos cu\u00e1les son los libros le\u00eddos por cada uno de los actores en el \u00faltimo a\u00f1o. [&#8230;] Y como los padres con recursos quieren que sus hijos hereden sus ideas y convicciones y no que se formen aut\u00f3nomamente las propias, ya desde el jard\u00edn infantil, y ni qu\u00e9 decir del colegio y la universidad, <strong>los matriculan en establecimientos que aseguren la transmisi\u00f3n de esa herencia. Educaci\u00f3n a la medida, la llamo yo. <\/strong>[&#8230;]\u201d.<\/p>\n<h3 style=\"text-align: left;\">JUAN ANDR\u00c9S GUZM\u00c1N: &#8230; \u00bfEn qu\u00e9 \u00e1rea concentrar\u00eda usted el esfuerzo p\u00fablico para revertir la crisis de lectura y escritura?<\/h3>\n<p style=\"text-align: justify;\"><strong>AGUST\u00cdN SQUELLA: <\/strong>\u201cHay que poner a leer a los ni\u00f1os y j\u00f3venes, en colegios, liceos y universidades, y ponerlos a leer libros. Libros bien escogidos, por cierto, <strong>haci\u00e9ndoles ver que no se lee para ser culto ni tampoco para conseguir placer<\/strong> -aunque leer tambi\u00e9n sea motivo de placer y nos haga m\u00e1s cultos-, sino para adquirir el lenguaje necesario que permite pensar, tener ideas y expresarlas, captar las ideas de los otros, debatir, y comprender mejor el mundo que nos rodea.<\/p>\n<p style=\"text-align: justify;\">El problema es que nada puede hacerse en tal sentido con directivos educacionales y profesores que tampoco leen y que est\u00e1n muchas veces en <strong>la moda perversa de reducir la educaci\u00f3n a capacitaci\u00f3n<\/strong>, esto es, a mero precalentamiento laboral, como si todo el sentido de la educaci\u00f3n se agotara en la posibilidad que ella brinda de conseguir puestos de trabajo y como si todo el sentido del trabajo se agotara a su turno en conseguir cada vez mayores ingresos personales y en incrementar la riqueza del pa\u00eds en que vivimos\u201d.<\/p>\n<h3 style=\"text-align: left;\">JUAN ANDR\u00c9S GUZM\u00c1N: &#8230; \u00bfLe parece que la fijaci\u00f3n de est\u00e1ndares podr\u00eda ayudar a resolver el problema de lecto-escritura?<\/h3>\n<p style=\"text-align: justify;\"><strong>AGUST\u00cdN SQUELLA: <\/strong>\u201c<strong>La formaci\u00f3n de profesores es todo un problema<\/strong>, agudizado porque el \u00e1rea de educaci\u00f3n no es prioritaria en ninguna universidad que yo conozca, salvo quiz\u00e1s en las muy pocas, no m\u00e1s de dos, que se definen como instituciones de ciencias de la educaci\u00f3n, pero que igual acaban incursionando en otros \u00e1mbitos muy distintos, como si concentrarse s\u00f3lo en aquellas ciencias las empobreciera en el contexto de instituciones de educaci\u00f3n superior m\u00e1s complejas o que pretenden serlo.<\/p>\n<p style=\"text-align: justify;\">La fijaci\u00f3n de est\u00e1ndares, pero sobre todo su adecuada implementaci\u00f3n y supervisi\u00f3n, <strong>es una de las medidas que deber\u00edan adoptarse para mejorar la formaci\u00f3n de profesores<\/strong>, la cual tiene tambi\u00e9n pocas probabilidades de mejorar si no mejora sustancialmente la calidad y vocaci\u00f3n de quienes optan a carreras de pedagog\u00eda\u201d.<\/p>\n<p style=\"text-align: justify;\">Publicaci\u00f3n recomendada: <a href=\"https:\/\/webdelmaestrocmf.com\/portal\/entrevista-a-carmen-fernandez-morante-la-importancia-de-la-formacion-inicial-docente\/\" target=\"_top\" rel=\"noopener\">Carmen Fern\u00e1ndez Morante: La importancia de la formaci\u00f3n inicial docente<\/a><\/p>\n<h3 style=\"text-align: left;\">JUAN ANDR\u00c9S GUZM\u00c1N: &#8230; \u00bfQu\u00e9 es lo peor de nuestro sistema educacional para usted?<\/h3>\n<p style=\"text-align: justify;\"><strong>AGUST\u00cdN SQUELLA: <\/strong>\u201c[&#8230;] Lo peor de la educaci\u00f3n hoy es creer que se trata de un juego y, por a\u00f1adidura, de algo f\u00e1cil, divertido y que se consigue sin esfuerzo. <strong>Hay toda una conspiraci\u00f3n contra la dificultad en materia educacional<\/strong>. La l\u00f3gica del parvulario, donde los ni\u00f1os van a aprender jugando, ha contaminado a la educaci\u00f3n b\u00e1sica, media y hasta la universitaria. <strong>Nadie quiere o\u00edr ya de esfuerzo, autoexigencia ni disciplina<\/strong>. Si hay un derecho a la educaci\u00f3n -que lo hay-, muchos creen que hay tambi\u00e9n un derecho a aprobar las asignaturas y pasar de curso. Lo m\u00e1s descarado a ese respecto fue un pintado que le\u00ed hace algunos a\u00f1os en un recinto universitario espa\u00f1ol: \u00abAprobar es un derecho humano\u00bb. Y lo peor de todo es que <strong>los adultos, incluidos los profesores, somos c\u00f3mplices<\/strong> de ese malentendido o permanecemos pusil\u00e1nimes o acobardados ante \u00e9l\u201d.<\/p>\n<h3 style=\"text-align: left;\">JUAN ANDR\u00c9S GUZM\u00c1N: \u00bfQu\u00e9 explicaci\u00f3n le da a la ola de saqueos? \u00bfNuestro sistema educativo tendr\u00e1 algo que ver o lo que ocurri\u00f3 esa noche fue expresi\u00f3n de un instinto que no se doma con educaci\u00f3n?<\/h3>\n<p style=\"text-align: justify;\"><strong>AGUST\u00cdN SQUELLA: <\/strong>\u201c[El] pillaje y solidaridad no son comportamientos que caractericen a ning\u00fan pueblo o naci\u00f3n en particular, sino que son propios y comunes a todo el g\u00e9nero humano. Hay una naturaleza que todos los humanos compartimos, en la que anidan malos instintos, y una cultura, <strong>mediada por la educaci\u00f3n<\/strong>, que nos permite desarrollar ciertas conductas virtuosas. [&#8230;] aqu\u00ed como en cualquier parte, supone siempre relaciones de intercambio (las m\u00e1s), de colaboraci\u00f3n (algo menos), de solidaridad (siempre escasas) y ciertamente de conflicto (bastante frecuentes)\u201d.<\/p>\n<p style=\"text-align: justify;\">Reiteramos nuestra sugerencia de leer la entrevista completa y un extracto del discurso de agradecimiento de Agust\u00edn Squella al recibir el Premio Nacional de Humanidades 2009 en este enlace: <a title=\"Ir a juegosdematenoticias\" href=\"https:\/\/juegosdematenoticias.blogspot.com\/2010\/03\/agustin-squella-premio-nacional-2009.html\" target=\"_blank\" rel=\"noopener\"><strong>\u201cNADA PUEDE HACERSE CON DIRECTIVOS Y PROFESORES QUE NO LEEN\u201d<\/strong><\/a><\/p>\n<p style=\"text-align: center;\">\u201c&#8230;cuando nuestro lenguaje se empobrece, lo que se empobrece es la propia realidad y la comprensi\u00f3n que tenemos de ella\u201d.<\/p>\n\t\t<div class=\"pk-inline-posts\">\n\t\t\t\n\t\t\t<div class=\"pk-inline-posts-container pk-inline-posts-template-list\"\n\t\t\t\tdata-columns=\"1\">\n\t\t\t\t\t\t<article id=\"post-118510\" class=\"post-118510 post type-post status-publish format-standard has-post-thumbnail category-entrevistas category-noticias tag-aprendizaje tag-aula tag-docentes tag-educacion-2 tag-estudiantes tag-filosofia-2 tag-formacion-2 tag-inteligencia tag-jose-antonio-marina tag-pedagogia-2 tag-pensamiento-critico-2 cs-entry cs-video-wrap\">\n\t\t\t<div class=\"pk-post-outer\">\n\n\t\t\t\t\t\t\t\t<div class=\"pk-post-inner\">\n\t\t\t\t\t<div class=\"entry-thumbnail\">\n\t\t\t\t\t\t<div class=\"pk-overlay pk-overlay-ratio pk-ratio-landscape\">\n\t\t\t\t\t\t\t<div class=\"pk-overlay-background\">\n\t\t\t\t\t\t\t\t<a href=\"https:\/\/webdelmaestrocmf.com\/portal\/jose-antonio-marina-si-no-teneis-pensamiento-critico-o-si-no-hay-pensamiento-critico-la-manipulacion-va-a-ser-muy-sencilla\/\" class=\"pk-overlay-link\">\n\t\t\t\t\t\t\t\t\t<img loading=\"lazy\" decoding=\"async\" width=\"300\" height=\"225\" src=\"https:\/\/webdelmaestrocmf.com\/portal\/wp-content\/uploads\/2026\/04\/1AA-Banner-1-portada-imagen-10-1-copia-5-6-300x225.webp\" class=\"attachment-pk-thumbnail size-pk-thumbnail wp-post-image\" alt=\"\" \/>\t\t\t\t\t\t\t\t<\/a>\n\t\t\t\t\t\t\t<\/div>\n\t\t\t\t\t\t<\/div>\n\t\t\t\t\t<\/div>\n\t\t\t\t<\/div>\n\t\t\t\t\n\t\t\t\t<div class=\"pk-post-inner\">\n\t\t\t\t\t<header>\n\t\t\t\t\t\t<h3 class=\"pk-title\"><a href=\"https:\/\/webdelmaestrocmf.com\/portal\/jose-antonio-marina-si-no-teneis-pensamiento-critico-o-si-no-hay-pensamiento-critico-la-manipulacion-va-a-ser-muy-sencilla\/\" rel=\"bookmark\">Jos\u00e9 Antonio Marina: Si no ten\u00e9is pensamiento cr\u00edtico, o si no hay pensamiento cr\u00edtico, la manipulaci\u00f3n va a ser muy sencilla<\/a><\/h3>\t\t\t\t\t<\/header><!-- .entry-header -->\n\t\t\t\t<\/div><!-- .post-inner -->\n\n\t\t\t<\/div><!-- .post-outer -->\n\t\t<\/article>\n\t\t\t<article id=\"post-113504\" class=\"post-113504 post type-post status-publish format-standard has-post-thumbnail category-entrevistas category-noticias tag-alumno tag-begona-ibarrola-2 tag-desmotivado tag-vago cs-entry cs-video-wrap\">\n\t\t\t<div class=\"pk-post-outer\">\n\n\t\t\t\t\t\t\t\t<div class=\"pk-post-inner\">\n\t\t\t\t\t<div class=\"entry-thumbnail\">\n\t\t\t\t\t\t<div class=\"pk-overlay pk-overlay-ratio pk-ratio-landscape\">\n\t\t\t\t\t\t\t<div class=\"pk-overlay-background\">\n\t\t\t\t\t\t\t\t<a href=\"https:\/\/webdelmaestrocmf.com\/portal\/begona-ibarrola-debemos-distinguir-entre-un-alumno-verdaderamente-vago-y-uno-que-esta-desmotivado-porque-anticipa-el-fracaso\/\" class=\"pk-overlay-link\">\n\t\t\t\t\t\t\t\t\t<img loading=\"lazy\" decoding=\"async\" width=\"300\" height=\"225\" src=\"https:\/\/webdelmaestrocmf.com\/portal\/wp-content\/uploads\/2025\/11\/1AA-Banner-1-portada-imagen-10-1-copia-3-300x225.webp\" class=\"attachment-pk-thumbnail size-pk-thumbnail wp-post-image\" alt=\"\" \/>\t\t\t\t\t\t\t\t<\/a>\n\t\t\t\t\t\t\t<\/div>\n\t\t\t\t\t\t<\/div>\n\t\t\t\t\t<\/div>\n\t\t\t\t<\/div>\n\t\t\t\t\n\t\t\t\t<div class=\"pk-post-inner\">\n\t\t\t\t\t<header>\n\t\t\t\t\t\t<h3 class=\"pk-title\"><a href=\"https:\/\/webdelmaestrocmf.com\/portal\/begona-ibarrola-debemos-distinguir-entre-un-alumno-verdaderamente-vago-y-uno-que-esta-desmotivado-porque-anticipa-el-fracaso\/\" rel=\"bookmark\">Bego\u00f1a Ibarrola: Debemos distinguir entre un alumno verdaderamente vago y uno que est\u00e1 desmotivado porque anticipa el fracaso<\/a><\/h3>\t\t\t\t\t<\/header><!-- .entry-header -->\n\t\t\t\t<\/div><!-- .post-inner -->\n\n\t\t\t<\/div><!-- .post-outer -->\n\t\t<\/article>\n\t\t\t<article id=\"post-118480\" class=\"post-118480 post type-post status-publish format-standard has-post-thumbnail category-entrevistas category-noticias tag-aprendizaje tag-autonomia-3 tag-desarrollo tag-docentes tag-educacion-2 tag-ensenanza-2 tag-escuela tag-infancia tag-juego tag-pedagogia-2 cs-entry cs-video-wrap\">\n\t\t\t<div class=\"pk-post-outer\">\n\n\t\t\t\t\t\t\t\t<div class=\"pk-post-inner\">\n\t\t\t\t\t<div class=\"entry-thumbnail\">\n\t\t\t\t\t\t<div class=\"pk-overlay pk-overlay-ratio pk-ratio-landscape\">\n\t\t\t\t\t\t\t<div class=\"pk-overlay-background\">\n\t\t\t\t\t\t\t\t<a href=\"https:\/\/webdelmaestrocmf.com\/portal\/francesco-tonucci-hoy-la-escuela-esta-asumiendo-un-error-fatal-que-es-hacer-mas-un-papel-de-ninera-que-de-estructura-educativa\/\" class=\"pk-overlay-link\">\n\t\t\t\t\t\t\t\t\t<img loading=\"lazy\" decoding=\"async\" width=\"300\" height=\"225\" src=\"https:\/\/webdelmaestrocmf.com\/portal\/wp-content\/uploads\/2026\/04\/1AA-Banner-1-portada-imagen-10-1-copia-2-9-300x225.webp\" class=\"attachment-pk-thumbnail size-pk-thumbnail wp-post-image\" alt=\"\" \/>\t\t\t\t\t\t\t\t<\/a>\n\t\t\t\t\t\t\t<\/div>\n\t\t\t\t\t\t<\/div>\n\t\t\t\t\t<\/div>\n\t\t\t\t<\/div>\n\t\t\t\t\n\t\t\t\t<div class=\"pk-post-inner\">\n\t\t\t\t\t<header>\n\t\t\t\t\t\t<h3 class=\"pk-title\"><a href=\"https:\/\/webdelmaestrocmf.com\/portal\/francesco-tonucci-hoy-la-escuela-esta-asumiendo-un-error-fatal-que-es-hacer-mas-un-papel-de-ninera-que-de-estructura-educativa\/\" rel=\"bookmark\">Francesco Tonucci: Hoy la escuela est\u00e1 asumiendo un error fatal que es hacer m\u00e1s un papel de ni\u00f1era que de estructura educativa<\/a><\/h3>\t\t\t\t\t<\/header><!-- .entry-header -->\n\t\t\t\t<\/div><!-- .post-inner -->\n\n\t\t\t<\/div><!-- .post-outer -->\n\t\t<\/article>\n\t\t\t\t<\/div>\n\t\t<\/div>\n\t\t\n","protected":false},"excerpt":{"rendered":"En el penetrante an\u00e1lisis de Agust\u00edn Squella, se destaca una premisa incisiva: \u00abNada puede hacerse con directivos y&hellip;","protected":false},"author":1,"featured_media":94746,"comment_status":"open","ping_status":"open","sticky":false,"template":"","format":"standard","meta":{"csco_display_header_overlay":false,"csco_singular_sidebar":"disabled","csco_page_header_type":"large","csco_page_load_nextpost":"default","csco_post_video_location":[],"csco_post_video_location_hash":"","csco_post_video_url":"","csco_post_video_bg_start_time":0,"csco_post_video_bg_end_time":0,"csco_post_video_bg_volume":false,"_jetpack_memberships_contains_paid_content":false,"footnotes":""},"categories":[48,47],"tags":[2223,2224,2225,62],"class_list":{"0":"post-18613","1":"post","2":"type-post","3":"status-publish","4":"format-standard","5":"has-post-thumbnail","7":"category-entrevistas","8":"category-noticias","9":"tag-agustin-squella","10":"tag-directivos","11":"tag-no-leen","12":"tag-profesores","13":"cs-entry","14":"cs-video-wrap"},"yoast_head":"<!-- This site is optimized with the Yoast SEO plugin v27.5 - https:\/\/yoast.com\/product\/yoast-seo-wordpress\/ -->\n<title>Agust\u00edn Squella: Nada puede hacerse con directivos y profesores que no leen<\/title>\n<meta name=\"description\" content=\"Agust\u00edn Squella Narducci se\u00f1ala la importancia de cultivar el h\u00e1bito de leer en directivos y profesores para un buen liderazgo.\" \/>\n<meta name=\"robots\" content=\"index, follow, max-snippet:-1, max-image-preview:large, max-video-preview:-1\" \/>\n<link rel=\"canonical\" href=\"https:\/\/webdelmaestrocmf.com\/portal\/nada-puede-hacerse-directivos-profesores-no-leen\/\" \/>\n<meta property=\"og:locale\" content=\"es_ES\" \/>\n<meta property=\"og:type\" content=\"article\" \/>\n<meta property=\"og:title\" content=\"Agust\u00edn Squella: Nada puede hacerse con directivos y profesores que no leen\" \/>\n<meta property=\"og:description\" content=\"Agust\u00edn Squella Narducci se\u00f1ala la importancia de cultivar el h\u00e1bito de leer en directivos y profesores para un buen liderazgo.\" \/>\n<meta property=\"og:url\" content=\"https:\/\/webdelmaestrocmf.com\/portal\/nada-puede-hacerse-directivos-profesores-no-leen\/\" \/>\n<meta property=\"og:site_name\" content=\"Web del Maestro CMF\" \/>\n<meta property=\"article:publisher\" content=\"https:\/\/www.facebook.com\/WebdelMaestroCMF\/\" \/>\n<meta property=\"article:author\" content=\"https:\/\/www.facebook.com\/WebdelMaestroCMF\/\" \/>\n<meta property=\"article:published_time\" content=\"2019-05-06T01:22:47+00:00\" \/>\n<meta property=\"article:modified_time\" content=\"2023-11-12T15:31:02+00:00\" \/>\n<meta property=\"og:image\" content=\"https:\/\/webdelmaestrocmf.com\/portal\/wp-content\/uploads\/2019\/05\/A12B3C4D-5.jpg\" \/>\n\t<meta property=\"og:image:width\" content=\"900\" \/>\n\t<meta property=\"og:image:height\" content=\"556\" \/>\n\t<meta property=\"og:image:type\" content=\"image\/jpeg\" \/>\n<meta name=\"author\" content=\"Web del Maestro CMF\" \/>\n<meta name=\"twitter:card\" content=\"summary_large_image\" \/>\n<meta name=\"twitter:creator\" content=\"@cmf_w\" \/>\n<meta name=\"twitter:site\" content=\"@cmf_w\" \/>\n<script type=\"application\/ld+json\" class=\"yoast-schema-graph\">{\"@context\":\"https:\\\/\\\/schema.org\",\"@graph\":[{\"@type\":\"ScholarlyArticle\",\"@id\":\"https:\\\/\\\/webdelmaestrocmf.com\\\/portal\\\/nada-puede-hacerse-directivos-profesores-no-leen\\\/#article\",\"isPartOf\":{\"@id\":\"https:\\\/\\\/webdelmaestrocmf.com\\\/portal\\\/nada-puede-hacerse-directivos-profesores-no-leen\\\/\"},\"author\":{\"name\":\"Web del Maestro CMF\",\"@id\":\"https:\\\/\\\/webdelmaestrocmf.com\\\/portal\\\/#\\\/schema\\\/person\\\/1072a2ed7bd960df8ef99a551fa35dc5\"},\"headline\":\"Agust\u00edn Squella: Nada puede hacerse con directivos y profesores que no leen\",\"datePublished\":\"2019-05-06T01:22:47+00:00\",\"dateModified\":\"2023-11-12T15:31:02+00:00\",\"mainEntityOfPage\":{\"@id\":\"https:\\\/\\\/webdelmaestrocmf.com\\\/portal\\\/nada-puede-hacerse-directivos-profesores-no-leen\\\/\"},\"wordCount\":1595,\"commentCount\":0,\"publisher\":{\"@id\":\"https:\\\/\\\/webdelmaestrocmf.com\\\/portal\\\/#organization\"},\"image\":{\"@id\":\"https:\\\/\\\/webdelmaestrocmf.com\\\/portal\\\/nada-puede-hacerse-directivos-profesores-no-leen\\\/#primaryimage\"},\"thumbnailUrl\":\"https:\\\/\\\/webdelmaestrocmf.com\\\/portal\\\/wp-content\\\/uploads\\\/2019\\\/05\\\/A12B3C4D-5.jpg\",\"keywords\":[\"Agust\u00edn Squella\",\"DIRECTIVOS\",\"NO LEEN\",\"profesores\"],\"articleSection\":[\"Entrevistas\",\"Noticias\"],\"inLanguage\":\"es\",\"potentialAction\":[{\"@type\":\"CommentAction\",\"name\":\"Comment\",\"target\":[\"https:\\\/\\\/webdelmaestrocmf.com\\\/portal\\\/nada-puede-hacerse-directivos-profesores-no-leen\\\/#respond\"]}]},{\"@type\":\"WebPage\",\"@id\":\"https:\\\/\\\/webdelmaestrocmf.com\\\/portal\\\/nada-puede-hacerse-directivos-profesores-no-leen\\\/\",\"url\":\"https:\\\/\\\/webdelmaestrocmf.com\\\/portal\\\/nada-puede-hacerse-directivos-profesores-no-leen\\\/\",\"name\":\"Agust\u00edn Squella: Nada puede hacerse con directivos y profesores que no leen\",\"isPartOf\":{\"@id\":\"https:\\\/\\\/webdelmaestrocmf.com\\\/portal\\\/#website\"},\"primaryImageOfPage\":{\"@id\":\"https:\\\/\\\/webdelmaestrocmf.com\\\/portal\\\/nada-puede-hacerse-directivos-profesores-no-leen\\\/#primaryimage\"},\"image\":{\"@id\":\"https:\\\/\\\/webdelmaestrocmf.com\\\/portal\\\/nada-puede-hacerse-directivos-profesores-no-leen\\\/#primaryimage\"},\"thumbnailUrl\":\"https:\\\/\\\/webdelmaestrocmf.com\\\/portal\\\/wp-content\\\/uploads\\\/2019\\\/05\\\/A12B3C4D-5.jpg\",\"datePublished\":\"2019-05-06T01:22:47+00:00\",\"dateModified\":\"2023-11-12T15:31:02+00:00\",\"description\":\"Agust\u00edn Squella Narducci se\u00f1ala la importancia de cultivar el h\u00e1bito de leer en directivos y profesores para un buen liderazgo.\",\"breadcrumb\":{\"@id\":\"https:\\\/\\\/webdelmaestrocmf.com\\\/portal\\\/nada-puede-hacerse-directivos-profesores-no-leen\\\/#breadcrumb\"},\"inLanguage\":\"es\",\"potentialAction\":[{\"@type\":\"ReadAction\",\"target\":[\"https:\\\/\\\/webdelmaestrocmf.com\\\/portal\\\/nada-puede-hacerse-directivos-profesores-no-leen\\\/\"]}]},{\"@type\":\"ImageObject\",\"inLanguage\":\"es\",\"@id\":\"https:\\\/\\\/webdelmaestrocmf.com\\\/portal\\\/nada-puede-hacerse-directivos-profesores-no-leen\\\/#primaryimage\",\"url\":\"https:\\\/\\\/webdelmaestrocmf.com\\\/portal\\\/wp-content\\\/uploads\\\/2019\\\/05\\\/A12B3C4D-5.jpg\",\"contentUrl\":\"https:\\\/\\\/webdelmaestrocmf.com\\\/portal\\\/wp-content\\\/uploads\\\/2019\\\/05\\\/A12B3C4D-5.jpg\",\"width\":900,\"height\":556,\"caption\":\"Agust\u00edn Squella\"},{\"@type\":\"BreadcrumbList\",\"@id\":\"https:\\\/\\\/webdelmaestrocmf.com\\\/portal\\\/nada-puede-hacerse-directivos-profesores-no-leen\\\/#breadcrumb\",\"itemListElement\":[{\"@type\":\"ListItem\",\"position\":1,\"name\":\"Portada\",\"item\":\"https:\\\/\\\/webdelmaestrocmf.com\\\/portal\\\/\"},{\"@type\":\"ListItem\",\"position\":2,\"name\":\"Noticias\",\"item\":\"https:\\\/\\\/webdelmaestrocmf.com\\\/portal\\\/category\\\/noticias\\\/\"},{\"@type\":\"ListItem\",\"position\":3,\"name\":\"Agust\u00edn Squella: Nada puede hacerse con directivos y profesores que no leen\"}]},{\"@type\":\"WebSite\",\"@id\":\"https:\\\/\\\/webdelmaestrocmf.com\\\/portal\\\/#website\",\"url\":\"https:\\\/\\\/webdelmaestrocmf.com\\\/portal\\\/\",\"name\":\"Web del Maestro CMF\",\"description\":\"Maestros al servicio de la educaci\u00f3n\",\"publisher\":{\"@id\":\"https:\\\/\\\/webdelmaestrocmf.com\\\/portal\\\/#organization\"},\"alternateName\":\"WMCMF\",\"potentialAction\":[{\"@type\":\"SearchAction\",\"target\":{\"@type\":\"EntryPoint\",\"urlTemplate\":\"https:\\\/\\\/webdelmaestrocmf.com\\\/portal\\\/?s={search_term_string}\"},\"query-input\":{\"@type\":\"PropertyValueSpecification\",\"valueRequired\":true,\"valueName\":\"search_term_string\"}}],\"inLanguage\":\"es\"},{\"@type\":\"Organization\",\"@id\":\"https:\\\/\\\/webdelmaestrocmf.com\\\/portal\\\/#organization\",\"name\":\"Web del Maestro CMF\",\"alternateName\":\"WMCMF\",\"url\":\"https:\\\/\\\/webdelmaestrocmf.com\\\/portal\\\/\",\"logo\":{\"@type\":\"ImageObject\",\"inLanguage\":\"es\",\"@id\":\"https:\\\/\\\/webdelmaestrocmf.com\\\/portal\\\/#\\\/schema\\\/logo\\\/image\\\/\",\"url\":\"https:\\\/\\\/webdelmaestrocmf.com\\\/portal\\\/wp-content\\\/uploads\\\/2023\\\/01\\\/logo-wmcmf-2.png\",\"contentUrl\":\"https:\\\/\\\/webdelmaestrocmf.com\\\/portal\\\/wp-content\\\/uploads\\\/2023\\\/01\\\/logo-wmcmf-2.png\",\"width\":200,\"height\":60,\"caption\":\"Web del Maestro CMF\"},\"image\":{\"@id\":\"https:\\\/\\\/webdelmaestrocmf.com\\\/portal\\\/#\\\/schema\\\/logo\\\/image\\\/\"},\"sameAs\":[\"https:\\\/\\\/www.facebook.com\\\/WebdelMaestroCMF\\\/\",\"https:\\\/\\\/x.com\\\/cmf_w\",\"https:\\\/\\\/www.pinterest.com\\\/WMCMF\\\/\",\"https:\\\/\\\/www.linkedin.com\\\/company\\\/web-del-maestro-cmf\\\/\",\"https:\\\/\\\/www.instagram.com\\\/wmcmf\\\/\",\"https:\\\/\\\/www.youtube.com\\\/channel\\\/UCDPSvjbdodE5sHnC3OxutHw\",\"https:\\\/\\\/mastodon.social\\\/@wmcmf\",\"https:\\\/\\\/www.tiktok.com\\\/@webdelmaestrocmf\"]},{\"@type\":\"Person\",\"@id\":\"https:\\\/\\\/webdelmaestrocmf.com\\\/portal\\\/#\\\/schema\\\/person\\\/1072a2ed7bd960df8ef99a551fa35dc5\",\"name\":\"Web del Maestro CMF\",\"image\":{\"@type\":\"ImageObject\",\"inLanguage\":\"es\",\"@id\":\"https:\\\/\\\/secure.gravatar.com\\\/avatar\\\/23291dd5b5ae1077dcff3dbb04c3e02bd28403fa75af6d8787d5e97c5bbbe30b?s=96&d=mm&r=g\",\"url\":\"https:\\\/\\\/secure.gravatar.com\\\/avatar\\\/23291dd5b5ae1077dcff3dbb04c3e02bd28403fa75af6d8787d5e97c5bbbe30b?s=96&d=mm&r=g\",\"contentUrl\":\"https:\\\/\\\/secure.gravatar.com\\\/avatar\\\/23291dd5b5ae1077dcff3dbb04c3e02bd28403fa75af6d8787d5e97c5bbbe30b?s=96&d=mm&r=g\",\"caption\":\"Web del Maestro CMF\"},\"description\":\"Esta Web se cre\u00f3 sin fines de lucro, con fines educativos, cient\u00edficos y acad\u00e9micos, para personas que tengan dificultades y\\\/o inconvenientes en visualizar el material original. El objetivo es entregar recursos, compartir experiencias y materiales que ayuden a los padres de familia, maestros y estudiantes en su actualizaci\u00f3n y formaci\u00f3n permanente, en bien de la Educaci\u00f3n.\",\"sameAs\":[\"http:\\\/\\\/webdelmaestrocmf.com\\\/portal\",\"https:\\\/\\\/www.facebook.com\\\/WebdelMaestroCMF\\\/\",\"https:\\\/\\\/www.instagram.com\\\/wmcmf\\\/\",\"https:\\\/\\\/cl.linkedin.com\\\/company\\\/web-del-maestro-cmf\",\"https:\\\/\\\/www.pinterest.com\\\/WMCMF\\\/publicaciones\\\/\",\"https:\\\/\\\/x.com\\\/cmf_w\",\"https:\\\/\\\/www.youtube.com\\\/@WMCMF\"]}]}<\/script>\n<!-- \/ Yoast SEO plugin. -->","yoast_head_json":{"title":"Agust\u00edn Squella: Nada puede hacerse con directivos y profesores que no leen","description":"Agust\u00edn Squella Narducci se\u00f1ala la importancia de cultivar el h\u00e1bito de leer en directivos y profesores para un buen liderazgo.","robots":{"index":"index","follow":"follow","max-snippet":"max-snippet:-1","max-image-preview":"max-image-preview:large","max-video-preview":"max-video-preview:-1"},"canonical":"https:\/\/webdelmaestrocmf.com\/portal\/nada-puede-hacerse-directivos-profesores-no-leen\/","og_locale":"es_ES","og_type":"article","og_title":"Agust\u00edn Squella: Nada puede hacerse con directivos y profesores que no leen","og_description":"Agust\u00edn Squella Narducci se\u00f1ala la importancia de cultivar el h\u00e1bito de leer en directivos y profesores para un buen liderazgo.","og_url":"https:\/\/webdelmaestrocmf.com\/portal\/nada-puede-hacerse-directivos-profesores-no-leen\/","og_site_name":"Web del Maestro CMF","article_publisher":"https:\/\/www.facebook.com\/WebdelMaestroCMF\/","article_author":"https:\/\/www.facebook.com\/WebdelMaestroCMF\/","article_published_time":"2019-05-06T01:22:47+00:00","article_modified_time":"2023-11-12T15:31:02+00:00","og_image":[{"width":900,"height":556,"url":"https:\/\/webdelmaestrocmf.com\/portal\/wp-content\/uploads\/2019\/05\/A12B3C4D-5.jpg","type":"image\/jpeg"}],"author":"Web del Maestro CMF","twitter_card":"summary_large_image","twitter_creator":"@cmf_w","twitter_site":"@cmf_w","schema":{"@context":"https:\/\/schema.org","@graph":[{"@type":"ScholarlyArticle","@id":"https:\/\/webdelmaestrocmf.com\/portal\/nada-puede-hacerse-directivos-profesores-no-leen\/#article","isPartOf":{"@id":"https:\/\/webdelmaestrocmf.com\/portal\/nada-puede-hacerse-directivos-profesores-no-leen\/"},"author":{"name":"Web del Maestro CMF","@id":"https:\/\/webdelmaestrocmf.com\/portal\/#\/schema\/person\/1072a2ed7bd960df8ef99a551fa35dc5"},"headline":"Agust\u00edn Squella: Nada puede hacerse con directivos y profesores que no leen","datePublished":"2019-05-06T01:22:47+00:00","dateModified":"2023-11-12T15:31:02+00:00","mainEntityOfPage":{"@id":"https:\/\/webdelmaestrocmf.com\/portal\/nada-puede-hacerse-directivos-profesores-no-leen\/"},"wordCount":1595,"commentCount":0,"publisher":{"@id":"https:\/\/webdelmaestrocmf.com\/portal\/#organization"},"image":{"@id":"https:\/\/webdelmaestrocmf.com\/portal\/nada-puede-hacerse-directivos-profesores-no-leen\/#primaryimage"},"thumbnailUrl":"https:\/\/webdelmaestrocmf.com\/portal\/wp-content\/uploads\/2019\/05\/A12B3C4D-5.jpg","keywords":["Agust\u00edn Squella","DIRECTIVOS","NO LEEN","profesores"],"articleSection":["Entrevistas","Noticias"],"inLanguage":"es","potentialAction":[{"@type":"CommentAction","name":"Comment","target":["https:\/\/webdelmaestrocmf.com\/portal\/nada-puede-hacerse-directivos-profesores-no-leen\/#respond"]}]},{"@type":"WebPage","@id":"https:\/\/webdelmaestrocmf.com\/portal\/nada-puede-hacerse-directivos-profesores-no-leen\/","url":"https:\/\/webdelmaestrocmf.com\/portal\/nada-puede-hacerse-directivos-profesores-no-leen\/","name":"Agust\u00edn Squella: Nada puede hacerse con directivos y profesores que no leen","isPartOf":{"@id":"https:\/\/webdelmaestrocmf.com\/portal\/#website"},"primaryImageOfPage":{"@id":"https:\/\/webdelmaestrocmf.com\/portal\/nada-puede-hacerse-directivos-profesores-no-leen\/#primaryimage"},"image":{"@id":"https:\/\/webdelmaestrocmf.com\/portal\/nada-puede-hacerse-directivos-profesores-no-leen\/#primaryimage"},"thumbnailUrl":"https:\/\/webdelmaestrocmf.com\/portal\/wp-content\/uploads\/2019\/05\/A12B3C4D-5.jpg","datePublished":"2019-05-06T01:22:47+00:00","dateModified":"2023-11-12T15:31:02+00:00","description":"Agust\u00edn Squella Narducci se\u00f1ala la importancia de cultivar el h\u00e1bito de leer en directivos y profesores para un buen liderazgo.","breadcrumb":{"@id":"https:\/\/webdelmaestrocmf.com\/portal\/nada-puede-hacerse-directivos-profesores-no-leen\/#breadcrumb"},"inLanguage":"es","potentialAction":[{"@type":"ReadAction","target":["https:\/\/webdelmaestrocmf.com\/portal\/nada-puede-hacerse-directivos-profesores-no-leen\/"]}]},{"@type":"ImageObject","inLanguage":"es","@id":"https:\/\/webdelmaestrocmf.com\/portal\/nada-puede-hacerse-directivos-profesores-no-leen\/#primaryimage","url":"https:\/\/webdelmaestrocmf.com\/portal\/wp-content\/uploads\/2019\/05\/A12B3C4D-5.jpg","contentUrl":"https:\/\/webdelmaestrocmf.com\/portal\/wp-content\/uploads\/2019\/05\/A12B3C4D-5.jpg","width":900,"height":556,"caption":"Agust\u00edn Squella"},{"@type":"BreadcrumbList","@id":"https:\/\/webdelmaestrocmf.com\/portal\/nada-puede-hacerse-directivos-profesores-no-leen\/#breadcrumb","itemListElement":[{"@type":"ListItem","position":1,"name":"Portada","item":"https:\/\/webdelmaestrocmf.com\/portal\/"},{"@type":"ListItem","position":2,"name":"Noticias","item":"https:\/\/webdelmaestrocmf.com\/portal\/category\/noticias\/"},{"@type":"ListItem","position":3,"name":"Agust\u00edn Squella: Nada puede hacerse con directivos y profesores que no leen"}]},{"@type":"WebSite","@id":"https:\/\/webdelmaestrocmf.com\/portal\/#website","url":"https:\/\/webdelmaestrocmf.com\/portal\/","name":"Web del Maestro CMF","description":"Maestros al servicio de la educaci\u00f3n","publisher":{"@id":"https:\/\/webdelmaestrocmf.com\/portal\/#organization"},"alternateName":"WMCMF","potentialAction":[{"@type":"SearchAction","target":{"@type":"EntryPoint","urlTemplate":"https:\/\/webdelmaestrocmf.com\/portal\/?s={search_term_string}"},"query-input":{"@type":"PropertyValueSpecification","valueRequired":true,"valueName":"search_term_string"}}],"inLanguage":"es"},{"@type":"Organization","@id":"https:\/\/webdelmaestrocmf.com\/portal\/#organization","name":"Web del Maestro CMF","alternateName":"WMCMF","url":"https:\/\/webdelmaestrocmf.com\/portal\/","logo":{"@type":"ImageObject","inLanguage":"es","@id":"https:\/\/webdelmaestrocmf.com\/portal\/#\/schema\/logo\/image\/","url":"https:\/\/webdelmaestrocmf.com\/portal\/wp-content\/uploads\/2023\/01\/logo-wmcmf-2.png","contentUrl":"https:\/\/webdelmaestrocmf.com\/portal\/wp-content\/uploads\/2023\/01\/logo-wmcmf-2.png","width":200,"height":60,"caption":"Web del Maestro CMF"},"image":{"@id":"https:\/\/webdelmaestrocmf.com\/portal\/#\/schema\/logo\/image\/"},"sameAs":["https:\/\/www.facebook.com\/WebdelMaestroCMF\/","https:\/\/x.com\/cmf_w","https:\/\/www.pinterest.com\/WMCMF\/","https:\/\/www.linkedin.com\/company\/web-del-maestro-cmf\/","https:\/\/www.instagram.com\/wmcmf\/","https:\/\/www.youtube.com\/channel\/UCDPSvjbdodE5sHnC3OxutHw","https:\/\/mastodon.social\/@wmcmf","https:\/\/www.tiktok.com\/@webdelmaestrocmf"]},{"@type":"Person","@id":"https:\/\/webdelmaestrocmf.com\/portal\/#\/schema\/person\/1072a2ed7bd960df8ef99a551fa35dc5","name":"Web del Maestro CMF","image":{"@type":"ImageObject","inLanguage":"es","@id":"https:\/\/secure.gravatar.com\/avatar\/23291dd5b5ae1077dcff3dbb04c3e02bd28403fa75af6d8787d5e97c5bbbe30b?s=96&d=mm&r=g","url":"https:\/\/secure.gravatar.com\/avatar\/23291dd5b5ae1077dcff3dbb04c3e02bd28403fa75af6d8787d5e97c5bbbe30b?s=96&d=mm&r=g","contentUrl":"https:\/\/secure.gravatar.com\/avatar\/23291dd5b5ae1077dcff3dbb04c3e02bd28403fa75af6d8787d5e97c5bbbe30b?s=96&d=mm&r=g","caption":"Web del Maestro CMF"},"description":"Esta Web se cre\u00f3 sin fines de lucro, con fines educativos, cient\u00edficos y acad\u00e9micos, para personas que tengan dificultades y\/o inconvenientes en visualizar el material original. El objetivo es entregar recursos, compartir experiencias y materiales que ayuden a los padres de familia, maestros y estudiantes en su actualizaci\u00f3n y formaci\u00f3n permanente, en bien de la Educaci\u00f3n.","sameAs":["http:\/\/webdelmaestrocmf.com\/portal","https:\/\/www.facebook.com\/WebdelMaestroCMF\/","https:\/\/www.instagram.com\/wmcmf\/","https:\/\/cl.linkedin.com\/company\/web-del-maestro-cmf","https:\/\/www.pinterest.com\/WMCMF\/publicaciones\/","https:\/\/x.com\/cmf_w","https:\/\/www.youtube.com\/@WMCMF"]}]}},"jetpack_featured_media_url":"https:\/\/webdelmaestrocmf.com\/portal\/wp-content\/uploads\/2019\/05\/A12B3C4D-5.jpg","jetpack_sharing_enabled":true,"jetpack-related-posts":[{"id":101417,"url":"https:\/\/webdelmaestrocmf.com\/portal\/daniel-pennac-el-ser-un-mal-estudiante-durante-la-epoca-escolar-no-es-una-condena-de-por-vida\/","url_meta":{"origin":18613,"position":0},"title":"Daniel Pennac: El ser un mal estudiante durante la \u00e9poca escolar, no es una condena de por vida","author":"Web del Maestro CMF","date":"3 diciembre, 2023","format":false,"excerpt":"El escritor franc\u00e9s Daniel Pennac (Casablanca, Marruecos, en 1944), vivi\u00f3 en diversos pa\u00edses de \u00c1frica y del Sudeste Asi\u00e1tico, se licenci\u00f3 en letras en la Universidad de Niza (Sophia\u00a0 Antipolis, Francia). Tras iniciar su actividad literaria con libros para ni\u00f1os, adquiri\u00f3 gran popularidad gracias a las novelas de la saga\u2026","rel":"","context":"En \u00abEntrevistas\u00bb","block_context":{"text":"Entrevistas","link":"https:\/\/webdelmaestrocmf.com\/portal\/category\/noticias\/entrevistas\/"},"img":{"alt_text":"Daniel Pennac","src":"https:\/\/i0.wp.com\/webdelmaestrocmf.com\/portal\/wp-content\/uploads\/2023\/12\/A12B3C4D-3-1.jpg?resize=350%2C200&ssl=1","width":350,"height":200,"srcset":"https:\/\/i0.wp.com\/webdelmaestrocmf.com\/portal\/wp-content\/uploads\/2023\/12\/A12B3C4D-3-1.jpg?resize=350%2C200&ssl=1 1x, https:\/\/i0.wp.com\/webdelmaestrocmf.com\/portal\/wp-content\/uploads\/2023\/12\/A12B3C4D-3-1.jpg?resize=525%2C300&ssl=1 1.5x, https:\/\/i0.wp.com\/webdelmaestrocmf.com\/portal\/wp-content\/uploads\/2023\/12\/A12B3C4D-3-1.jpg?resize=700%2C400&ssl=1 2x"},"classes":[]},{"id":112636,"url":"https:\/\/webdelmaestrocmf.com\/portal\/jovenes-que-leen-sin-comprender-pantallas-redes-sociales-e-ia-la-triada-que-erosiona-la-comprension-lectora-escolar-y-universitaria\/","url_meta":{"origin":18613,"position":1},"title":"J\u00f3venes que leen sin comprender: pantallas, redes sociales e IA, la tr\u00edada que erosiona la comprensi\u00f3n lectora escolar y universitaria","author":"Web del Maestro CMF","date":"17 octubre, 2025","format":false,"excerpt":"La comprensi\u00f3n lectora universitaria se desploma: pantallas, redes sociales e IA erosionan la atenci\u00f3n, la reflexi\u00f3n cr\u00edtica y la lectura profunda.","rel":"","context":"En \u00abNoticias Internacionales\u00bb","block_context":{"text":"Noticias Internacionales","link":"https:\/\/webdelmaestrocmf.com\/portal\/category\/noticias-internacionales\/"},"img":{"alt_text":"","src":"https:\/\/i0.wp.com\/webdelmaestrocmf.com\/portal\/wp-content\/uploads\/2025\/10\/1A-Banner-1-portada-imagen-10-1-copia-3-2.jpg?resize=350%2C200&ssl=1","width":350,"height":200,"srcset":"https:\/\/i0.wp.com\/webdelmaestrocmf.com\/portal\/wp-content\/uploads\/2025\/10\/1A-Banner-1-portada-imagen-10-1-copia-3-2.jpg?resize=350%2C200&ssl=1 1x, https:\/\/i0.wp.com\/webdelmaestrocmf.com\/portal\/wp-content\/uploads\/2025\/10\/1A-Banner-1-portada-imagen-10-1-copia-3-2.jpg?resize=525%2C300&ssl=1 1.5x, https:\/\/i0.wp.com\/webdelmaestrocmf.com\/portal\/wp-content\/uploads\/2025\/10\/1A-Banner-1-portada-imagen-10-1-copia-3-2.jpg?resize=700%2C400&ssl=1 2x"},"classes":[]},{"id":108193,"url":"https:\/\/webdelmaestrocmf.com\/portal\/los-ninos-en-estados-unidos-ya-no-comprenden-lo-que-leen\/","url_meta":{"origin":18613,"position":2},"title":"Los ni\u00f1os en Estados Unidos ya no comprenden lo que leen","author":"Web del Maestro CMF","date":"2 marzo, 2025","format":false,"excerpt":"Al realizar mediciones anuales, los educadores esperaban ver una mejora en la comprensi\u00f3n lectora, que ha estado cayendo desde 2019, pero los resultados son a\u00fan m\u00e1s sombr\u00edos de lo que podr\u00edan haber anticipado. La capacidad de comprensi\u00f3n lectora de los alumnos estadounidenses de octavo grado ha alcanzado un m\u00ednimo hist\u00f3rico\u2026","rel":"","context":"En \u00abNoticias Internacionales\u00bb","block_context":{"text":"Noticias Internacionales","link":"https:\/\/webdelmaestrocmf.com\/portal\/category\/noticias-internacionales\/"},"img":{"alt_text":"","src":"https:\/\/i0.wp.com\/webdelmaestrocmf.com\/portal\/wp-content\/uploads\/2025\/03\/1A-Banner-1-portada-imagen-10-1-2025-03-02T110317.223.jpg?resize=350%2C200&ssl=1","width":350,"height":200,"srcset":"https:\/\/i0.wp.com\/webdelmaestrocmf.com\/portal\/wp-content\/uploads\/2025\/03\/1A-Banner-1-portada-imagen-10-1-2025-03-02T110317.223.jpg?resize=350%2C200&ssl=1 1x, https:\/\/i0.wp.com\/webdelmaestrocmf.com\/portal\/wp-content\/uploads\/2025\/03\/1A-Banner-1-portada-imagen-10-1-2025-03-02T110317.223.jpg?resize=525%2C300&ssl=1 1.5x, https:\/\/i0.wp.com\/webdelmaestrocmf.com\/portal\/wp-content\/uploads\/2025\/03\/1A-Banner-1-portada-imagen-10-1-2025-03-02T110317.223.jpg?resize=700%2C400&ssl=1 2x"},"classes":[]},{"id":117555,"url":"https:\/\/webdelmaestrocmf.com\/portal\/descarga-las-fichas-de-leyendas-del-futbol-y-desarrolla-la-comprension-lectora-en-tus-alumnos\/","url_meta":{"origin":18613,"position":3},"title":"Descarga las fichas de \u201cLeyendas del f\u00fatbol\u201d y desarrolla la comprensi\u00f3n lectora en tus alumnos","author":"Web del Maestro CMF","date":"9 abril, 2026","format":false,"excerpt":"El uso del f\u00fatbol en el aula permite motivar a los estudiantes, desarrollar la comprensi\u00f3n lectora en distintos niveles y fomentar el pensamiento cr\u00edtico mediante textos significativos y cercanos a sus intereses.","rel":"","context":"En \u00abComprensi\u00f3n lectora\u00bb","block_context":{"text":"Comprensi\u00f3n lectora","link":"https:\/\/webdelmaestrocmf.com\/portal\/category\/pedagogia\/comprension-lectora\/"},"img":{"alt_text":"","src":"https:\/\/i0.wp.com\/webdelmaestrocmf.com\/portal\/wp-content\/uploads\/2026\/04\/1AA-Banner-1-portada-imagen-10-1-copia-8.webp?resize=350%2C200&ssl=1","width":350,"height":200,"srcset":"https:\/\/i0.wp.com\/webdelmaestrocmf.com\/portal\/wp-content\/uploads\/2026\/04\/1AA-Banner-1-portada-imagen-10-1-copia-8.webp?resize=350%2C200&ssl=1 1x, https:\/\/i0.wp.com\/webdelmaestrocmf.com\/portal\/wp-content\/uploads\/2026\/04\/1AA-Banner-1-portada-imagen-10-1-copia-8.webp?resize=525%2C300&ssl=1 1.5x, https:\/\/i0.wp.com\/webdelmaestrocmf.com\/portal\/wp-content\/uploads\/2026\/04\/1AA-Banner-1-portada-imagen-10-1-copia-8.webp?resize=700%2C400&ssl=1 2x, https:\/\/i0.wp.com\/webdelmaestrocmf.com\/portal\/wp-content\/uploads\/2026\/04\/1AA-Banner-1-portada-imagen-10-1-copia-8.webp?resize=1050%2C600&ssl=1 3x"},"classes":[]},{"id":76202,"url":"https:\/\/webdelmaestrocmf.com\/portal\/los-alumnos-no-saben-escribir-no-entienden-lo-que-leen-no-leen\/","url_meta":{"origin":18613,"position":4},"title":"Los alumnos no saben escribir. No entienden lo que leen. No leen","author":"Web del Maestro CMF","date":"29 abril, 2022","format":false,"excerpt":"\u201cLos alumnos no saben escribir. No entienden lo que leen. No leen.\u201d Esta queja, en boca de los docentes, aparece a lo largo de todo el sistema educativo, desde la educaci\u00f3n b\u00e1sica. Tambi\u00e9n en la universidad. Y la responsabilidad siempre parece ser de otro: el primer ciclo debiera haber hecho\u2026","rel":"","context":"En \u00abLeer\u00bb","block_context":{"text":"Leer","link":"https:\/\/webdelmaestrocmf.com\/portal\/category\/pedagogia\/leer\/"},"img":{"alt_text":"leen","src":"https:\/\/i0.wp.com\/webdelmaestrocmf.com\/portal\/wp-content\/uploads\/2022\/04\/1-24.jpg?resize=350%2C200&ssl=1","width":350,"height":200,"srcset":"https:\/\/i0.wp.com\/webdelmaestrocmf.com\/portal\/wp-content\/uploads\/2022\/04\/1-24.jpg?resize=350%2C200&ssl=1 1x, https:\/\/i0.wp.com\/webdelmaestrocmf.com\/portal\/wp-content\/uploads\/2022\/04\/1-24.jpg?resize=525%2C300&ssl=1 1.5x, https:\/\/i0.wp.com\/webdelmaestrocmf.com\/portal\/wp-content\/uploads\/2022\/04\/1-24.jpg?resize=700%2C400&ssl=1 2x, https:\/\/i0.wp.com\/webdelmaestrocmf.com\/portal\/wp-content\/uploads\/2022\/04\/1-24.jpg?resize=1050%2C600&ssl=1 3x"},"classes":[]},{"id":67982,"url":"https:\/\/webdelmaestrocmf.com\/portal\/usas-aula-invertida-pero-tus-alumnos-no-leen-y-todo-se-viene-abajo\/","url_meta":{"origin":18613,"position":5},"title":"\u00bfUsas aula invertida, pero tus alumnos no leen y todo se viene abajo?","author":"Web del Maestro CMF","date":"24 abril, 2023","format":false,"excerpt":"El modelo de aula invertida, tambi\u00e9n conocido como \"flipped classroom\" en ingl\u00e9s, es una metodolog\u00eda educativa innovadora que ha revolucionado la forma en que se imparten las clases. En este enfoque pedag\u00f3gico, el papel tradicional del maestro y el estudiante se invierte: los estudiantes asumen la responsabilidad de adquirir el\u2026","rel":"","context":"En \u00abAula Invertida\u00bb","block_context":{"text":"Aula Invertida","link":"https:\/\/webdelmaestrocmf.com\/portal\/category\/pedagogia\/aula-invertida\/"},"img":{"alt_text":"aula invertida","src":"https:\/\/i0.wp.com\/webdelmaestrocmf.com\/portal\/wp-content\/uploads\/2021\/09\/1-87.jpg?resize=350%2C200&ssl=1","width":350,"height":200,"srcset":"https:\/\/i0.wp.com\/webdelmaestrocmf.com\/portal\/wp-content\/uploads\/2021\/09\/1-87.jpg?resize=350%2C200&ssl=1 1x, https:\/\/i0.wp.com\/webdelmaestrocmf.com\/portal\/wp-content\/uploads\/2021\/09\/1-87.jpg?resize=525%2C300&ssl=1 1.5x, https:\/\/i0.wp.com\/webdelmaestrocmf.com\/portal\/wp-content\/uploads\/2021\/09\/1-87.jpg?resize=700%2C400&ssl=1 2x, https:\/\/i0.wp.com\/webdelmaestrocmf.com\/portal\/wp-content\/uploads\/2021\/09\/1-87.jpg?resize=1050%2C600&ssl=1 3x"},"classes":[]}],"_links":{"self":[{"href":"https:\/\/webdelmaestrocmf.com\/portal\/wp-json\/wp\/v2\/posts\/18613","targetHints":{"allow":["GET"]}}],"collection":[{"href":"https:\/\/webdelmaestrocmf.com\/portal\/wp-json\/wp\/v2\/posts"}],"about":[{"href":"https:\/\/webdelmaestrocmf.com\/portal\/wp-json\/wp\/v2\/types\/post"}],"author":[{"embeddable":true,"href":"https:\/\/webdelmaestrocmf.com\/portal\/wp-json\/wp\/v2\/users\/1"}],"replies":[{"embeddable":true,"href":"https:\/\/webdelmaestrocmf.com\/portal\/wp-json\/wp\/v2\/comments?post=18613"}],"version-history":[{"count":0,"href":"https:\/\/webdelmaestrocmf.com\/portal\/wp-json\/wp\/v2\/posts\/18613\/revisions"}],"wp:featuredmedia":[{"embeddable":true,"href":"https:\/\/webdelmaestrocmf.com\/portal\/wp-json\/wp\/v2\/media\/94746"}],"wp:attachment":[{"href":"https:\/\/webdelmaestrocmf.com\/portal\/wp-json\/wp\/v2\/media?parent=18613"}],"wp:term":[{"taxonomy":"category","embeddable":true,"href":"https:\/\/webdelmaestrocmf.com\/portal\/wp-json\/wp\/v2\/categories?post=18613"},{"taxonomy":"post_tag","embeddable":true,"href":"https:\/\/webdelmaestrocmf.com\/portal\/wp-json\/wp\/v2\/tags?post=18613"}],"curies":[{"name":"wp","href":"https:\/\/api.w.org\/{rel}","templated":true}]}}