{"id":18497,"date":"2019-07-12T18:32:45","date_gmt":"2019-07-12T22:32:45","guid":{"rendered":"http:\/\/webdelmaestrocmf.com\/portal\/?p=18497"},"modified":"2022-03-07T00:03:31","modified_gmt":"2022-03-07T03:03:31","slug":"que-conductas-y-que-habitos-recordaran-casi-siempre-los-ninos-de-sus-padres","status":"publish","type":"post","link":"https:\/\/webdelmaestrocmf.com\/portal\/que-conductas-y-que-habitos-recordaran-casi-siempre-los-ninos-de-sus-padres\/","title":{"rendered":"Qu\u00e9 conductas y qu\u00e9 h\u00e1bitos recordar\u00e1n (casi) siempre los ni\u00f1os de sus padres"},"content":{"rendered":"<h5 style=\"text-align: justify;\">Tanto las experiencias buenas como malas hacen que las personas desarrollemos el control sobre nuestras emociones, y <strong>pese a que <\/strong><strong>los ni\u00f1os olvidan much\u00edsimas de las experiencias que viven en sus primeros a\u00f1os, hay algunos hechos que los marcan para siempre<\/strong>. \u00a0El escritor franc\u00e9s Roger Martin du Gard, nos recuerda que \u201cla vida ser\u00eda imposible si todo se recordase, el secreto est\u00e1 en saber elegir lo que debe olvidarse\u201d.<\/h5>\n<h5><!--more--><\/h5>\n<h5 style=\"text-align: justify;\">En la memoria quedan los recuerdos, es decir, all\u00ed se almacena lo que se ha percibido, vivido o sentido, pero <strong>todas las experiencias que se viven no tienen el mismo efecto en la memoria<\/strong> seg\u00fan sean positivas o negativas.<\/h5>\n<p style=\"text-align: justify;\">Las emociones dan preferencia a unos recuerdos, filtrando la memoria, explica la profesora Natalia L\u00f3pez Moratalla, de manera que cuanto m\u00e1s sensible se es a una experiencia, m\u00e1s se aumenta la cantidad de detalles que una persona memoriza, al igual que tambi\u00e9n crece la sensaci\u00f3n de realidad. Una palabra, una muestra, un gesto de aliento o de desaliento afecta una valiosa vida y dejan su marca indeleble.<\/p>\n<p style=\"text-align: justify;\">\u201cLas cosas que m\u00e1s f\u00e1cilmente <strong>olvidamos<\/strong> son <strong>las que no nos impresionan bastante<\/strong>, por carecer de inter\u00e9s o importancia en el momento en que ocurren. Nuestra atenci\u00f3n se aparta de ellas con prontitud, y por eso no se graban en nuestra memoria. Por otra parte, las cosas que para nosotros constituyen <strong>los acontecimientos m\u00e1s trascendentales de nuestra vida, <\/strong>aunque para los dem\u00e1s carezcan de toda importancia<strong>, se imprimen<\/strong> en nuestra memoria firmemente y siempre <strong>las recordamos<\/strong>; y \u00e9sta es precisamente la causa de que jam\u00e1s olvidemos ciertas cosas que en el fondo son verdaderas insignificancias\u201d (ESCOLAR.COM).<\/p>\n<p style=\"text-align: justify;\">Como educadores (padres de familia y\/o educadores) nos <strong>es muy importante conocer, para reflexionar y dialogar<\/strong>, la opini\u00f3n de las psic\u00f3logas <strong>Gloria Isaza y Claudia Guti\u00e9rrez, <\/strong>publicadas en la Revista Semana (Colombia), sobre las conductas que (casi siempre) se recordar\u00e1n y los h\u00e1bitos que (casi siempre) no se olvidar\u00e1n. Pero hay que tener en cuenta que \u201cpor lo general, <strong>los ni\u00f1os mantienen consigo las cosas que les resultaron impactantes<\/strong>, aunque este tipo de cosas pueden variar debido a su personalidad, s\u00ed existen ciertos elementos que pueden marcar lo que viene para ellos m\u00e1s adelante\u201d (SEMANA.COM).<\/p>\n<h5>\u00bfQU\u00c9 CONDUCTAS (CASI SIEMPRE) RECORDAR\u00c1N LOS NI\u00d1OS?<\/h5>\n<h5><strong>1. Los momentos que usted no les puso atenci\u00f3n<\/strong><\/h5>\n<p style=\"text-align: justify;\">Que usted <strong>no atienda a sus hijos<\/strong> por estar ocupado en el celular, la TV o que prefiera hacer las tareas tra\u00eddas del trabajo, en los momentos importantes de sus vidas o que se olvide las cosas que les son importantes, ser\u00e1n recuerdos imborrables para los ni\u00f1os.<\/p>\n<h5><strong>2. Las veces en que usted us\u00f3 un modo exagerado para corregir<\/strong><\/h5>\n<p style=\"text-align: justify;\">No faltan las rabietas o pataletas, sin embargo, las correcciones deben ser mediante modales controlados, un di\u00e1logo respetuoso y con un lenguaje que no hiera o lastime al ni\u00f1o. Es necesario pensar, antes de hablar bajo presi\u00f3n. Ellos comprenden que hicieron mal, pero el \u201cmodo\u201d es el que no comprender\u00e1n. Los ni\u00f1os recordar\u00e1n el miedo o terror de gritos o gestos desafiantes.<\/p>\n<h5><strong>3. Las oportunidades en que los hizo sentirse seguros<\/strong><\/h5>\n<p style=\"text-align: justify;\">La presencia, la cercan\u00eda y la escucha de los padres genera una seguridad muy importante. Hacerles entender que no est\u00e1n solos en el peligro los fortalecer\u00e1, les har\u00e1 sentir m\u00e1s tranquilos. La proximidad y el encontrar a sus padres, en los momentos de crisis o dificultad, repercutir\u00e1 en su vida futura.<\/p>\n<h5><strong>4. Las veces que usted trat\u00f3 muy bien (o muy mal) a su pareja<\/strong><\/h5>\n<p style=\"text-align: justify;\">El respeto a la familia se aprende del ejemplo de los padres, quienes deben demostrar buenas maneras en el trato y los valores que hay en una relaci\u00f3n entre personas que se aman. Este recuerdo se ver\u00e1 reflejado en su vida afectiva, y en la franqueza y naturalidad para tratar con las personas.<\/p>\n<h5><strong>5. Las oportunidades en que usted puso la familia por encima de todo<\/strong><\/h5>\n<p style=\"text-align: justify;\">Manifestar la prioridad de estar con ellos, aun teniendo otros compromisos u ocupaciones, les har\u00e1 entender que ellos son importantes. Los padres que manifiestan su disponibilidad relajada y natural para permanecer vecinos, es un recuerdo que consolida la madurez afectiva de libertad e independencia.<\/p>\n<h5>\u00bfQU\u00c9 H\u00c1BITOS (CASI SIEMPRE) NO OLVIDAR\u00c1N LOS NI\u00d1OS?<\/h5>\n<h5 style=\"text-align: justify;\"><strong>1. La ausencia<\/strong><\/h5>\n<p style=\"text-align: justify;\">En los momentos importantes para la familia, las fechas especiales, ocasiones de grandes logros o en circunstancias dif\u00edciles, los ni\u00f1os que no sientan la proximidad, la compa\u00f1\u00eda o la voz de sus padres, pueden ser guardados como recuerdos negativos. El comprender los sentimientos y emociones de los dem\u00e1s se aprende desde ni\u00f1os.<\/p>\n<h5 style=\"text-align: justify;\"><strong>2. El Maltrato<\/strong><\/h5>\n<p style=\"text-align: justify;\">La agresi\u00f3n f\u00edsica o psicol\u00f3gica a los ni\u00f1os, <strong>de forma frecuente u ordinaria, <\/strong>puede desarrollar traumas que los aquejen durante toda su vida. Es importante recordar que se demuestra mayor autoridad cuando se reprende con argumentos y no se utiliza la fuerza. La exposici\u00f3n frecuente a la violencia o la agresi\u00f3n, influyen en la vida de las personas al llegar a la edad adulta.<\/p>\n<h5 style=\"text-align: justify;\"><strong>3. Desvalorizarlos<\/strong><\/h5>\n<p style=\"text-align: justify;\">El no apreciar lo que los hijos hacen, el no valorar sus logros, genera que el ni\u00f1o sienta que entonces ninguna otra persona lo va a hacer, creando desconfianza en s\u00ed mismos. Es importante estimar y reconocer el trabajo de los hijos, ya que este apoyo les dar\u00e1 confianza en s\u00ed mismos.<\/p>\n<h5 style=\"text-align: justify;\"><strong>4. Rituales familiares<\/strong><\/h5>\n<p style=\"text-align: justify;\">Los momentos del paseo familiar, el ir a las asambleas religiosas, dar una vuelta regularmente por un lugar de distracci\u00f3n o juegos, las comidas en fechas especiales, visitar a familiares ancianos o enfermos, \u2026 suelen perdurar en los recuerdos de un ni\u00f1o, y darle herramientas para manejar la vida por muchos a\u00f1os. Todas las familias tienen rituales: ning\u00fan ni\u00f1o olvida esto.<\/p>\n<h5><strong>5. Las cosas que rompen la rutina<\/strong><\/h5>\n<p style=\"text-align: justify;\">Romper la rutina invitando a un evento cultural, contar chistes familiares o hacerles sentir una experiencia nueva, son incentivos que no se olvidan. Recordar an\u00e9cdotas, momentos graciosos y cosas inesperadas son evocaciones que permanecen en la memoria de los ni\u00f1os.<\/p>\n<h5 style=\"text-align: justify;\"><strong>6. Apoyo en la dificultad<\/strong><\/h5>\n<p style=\"text-align: justify;\">Cuando se superan las dificultades con el apoyo de los seres m\u00e1s cercanos, se logra hacerles sentir seguridad y tener confianza. Los ni\u00f1os se sentir\u00e1n motivados a superar las dificultades e inspirados a creer en ellos, y eso se llama hoy resiliencia.<\/p>\n<p style=\"text-align: justify;\">El escritor colombiano Gabriel Garc\u00eda M\u00e1rquez, Premio Nobel de Literatura, nos dijo que: \u00abrecordar es f\u00e1cil para quien tiene memoria, olvidar es dif\u00edcil para quien tiene coraz\u00f3n\u00bb y sabemos que \u201ca veces no conocemos el verdadero valor de un momento hasta que se convierte en memoria\u201d (Dr. Seuss).<\/p>\n<p style=\"text-align: justify;\">\u00bfDialogamos este enfoque sobre los h\u00e1bitos y las conductas en casa, con nuestros padres de familia?<\/p>\n<p style=\"text-align: right;\"><strong>REDACCI\u00d3N DE WEB DEL\u00a0MAESTRO CMF<br \/>\n<\/strong><strong>Fuente:\u00a0<a href=\"http:\/\/www.semana.com\" target=\"_blank\" rel=\"noopener noreferrer\">La Revista Semana de Colombia<\/a>\u00a0| <a href=\"http:\/\/www.escolar.com\" target=\"_blank\" rel=\"noopener noreferrer\">Escolar.com, Lecturas<\/a><\/strong><\/p>\n\t\t<div class=\"pk-inline-posts\">\n\t\t\t\n\t\t\t<div class=\"pk-inline-posts-container pk-inline-posts-template-list\"\n\t\t\t\tdata-columns=\"1\">\n\t\t\t\t\t\t<article id=\"post-118333\" class=\"post-118333 post type-post status-publish format-standard has-post-thumbnail category-jamb tag-apego tag-crianza tag-docentes tag-educacion tag-escuela tag-familia tag-infancia tag-responsabilidad tag-vinculo cs-entry cs-video-wrap\">\n\t\t\t<div class=\"pk-post-outer\">\n\n\t\t\t\t\t\t\t\t<div class=\"pk-post-inner\">\n\t\t\t\t\t<div class=\"entry-thumbnail\">\n\t\t\t\t\t\t<div class=\"pk-overlay pk-overlay-ratio pk-ratio-landscape\">\n\t\t\t\t\t\t\t<div class=\"pk-overlay-background\">\n\t\t\t\t\t\t\t\t<a href=\"https:\/\/webdelmaestrocmf.com\/portal\/el-sistema-nos-rompe-a-todos-y-a-los-ninos-primero\/\" class=\"pk-overlay-link\">\n\t\t\t\t\t\t\t\t\t<img loading=\"lazy\" decoding=\"async\" width=\"300\" height=\"225\" src=\"https:\/\/webdelmaestrocmf.com\/portal\/wp-content\/uploads\/2026\/04\/1AA-Banner-1-portada-imagen-10-1-copia-2-300x225.jpg\" class=\"attachment-pk-thumbnail size-pk-thumbnail wp-post-image\" alt=\"\" \/>\t\t\t\t\t\t\t\t<\/a>\n\t\t\t\t\t\t\t<\/div>\n\t\t\t\t\t\t<\/div>\n\t\t\t\t\t<\/div>\n\t\t\t\t<\/div>\n\t\t\t\t\n\t\t\t\t<div class=\"pk-post-inner\">\n\t\t\t\t\t<header>\n\t\t\t\t\t\t<h3 class=\"pk-title\"><a href=\"https:\/\/webdelmaestrocmf.com\/portal\/el-sistema-nos-rompe-a-todos-y-a-los-ninos-primero\/\" rel=\"bookmark\">El sistema nos rompe a todos\u2026 y a los ni\u00f1os primero<\/a><\/h3>\t\t\t\t\t<\/header><!-- .entry-header -->\n\t\t\t\t<\/div><!-- .post-inner -->\n\n\t\t\t<\/div><!-- .post-outer -->\n\t\t<\/article>\n\t\t\t\t<\/div>\n\t\t<\/div>\n\t\t\n","protected":false},"excerpt":{"rendered":"Tanto las experiencias buenas como malas hacen que las personas desarrollemos el control sobre nuestras emociones, y pese&hellip;","protected":false},"author":2,"featured_media":75070,"comment_status":"open","ping_status":"open","sticky":false,"template":"","format":"standard","meta":{"csco_display_header_overlay":false,"csco_singular_sidebar":"default","csco_page_header_type":"default","csco_page_load_nextpost":"default","csco_post_video_location":[],"csco_post_video_location_hash":"","csco_post_video_url":"","csco_post_video_bg_start_time":0,"csco_post_video_bg_end_time":0,"csco_post_video_bg_volume":false,"_jetpack_memberships_contains_paid_content":false,"footnotes":""},"categories":[61],"tags":[1699,2210,297,184,2211],"class_list":{"0":"post-18497","1":"post","2":"type-post","3":"status-publish","4":"format-standard","5":"has-post-thumbnail","7":"category-jamb","8":"tag-conductas","9":"tag-habitos","10":"tag-ninos","11":"tag-padres","12":"tag-recordaran","13":"cs-entry","14":"cs-video-wrap"},"yoast_head":"<!-- This site is optimized with the Yoast SEO plugin v27.5 - https:\/\/yoast.com\/product\/yoast-seo-wordpress\/ -->\n<title>Qu\u00e9 conductas y qu\u00e9 h\u00e1bitos recordar\u00e1n (casi) siempre los ni\u00f1os de sus padres<\/title>\n<meta name=\"description\" content=\"Tanto las experiencias buenas como malas hacen que las personas desarrollemos el control sobre nuestras emociones, y pese a que los...\" \/>\n<meta name=\"robots\" content=\"index, follow, max-snippet:-1, max-image-preview:large, max-video-preview:-1\" \/>\n<link rel=\"canonical\" href=\"https:\/\/webdelmaestrocmf.com\/portal\/que-conductas-y-que-habitos-recordaran-casi-siempre-los-ninos-de-sus-padres\/\" \/>\n<meta property=\"og:locale\" content=\"es_ES\" \/>\n<meta property=\"og:type\" content=\"article\" \/>\n<meta property=\"og:title\" content=\"Qu\u00e9 conductas y qu\u00e9 h\u00e1bitos recordar\u00e1n (casi) siempre los ni\u00f1os de sus padres\" \/>\n<meta property=\"og:description\" content=\"Tanto las experiencias buenas como malas hacen que las personas desarrollemos el control sobre nuestras emociones, y pese a que los...\" \/>\n<meta property=\"og:url\" content=\"https:\/\/webdelmaestrocmf.com\/portal\/que-conductas-y-que-habitos-recordaran-casi-siempre-los-ninos-de-sus-padres\/\" \/>\n<meta property=\"og:site_name\" content=\"Web del Maestro CMF\" \/>\n<meta property=\"article:publisher\" content=\"https:\/\/www.facebook.com\/WebdelMaestroCMF\/\" \/>\n<meta property=\"article:author\" content=\"https:\/\/www.facebook.com\/WebdelMaestroCMF\/\" \/>\n<meta property=\"article:published_time\" content=\"2019-07-12T22:32:45+00:00\" \/>\n<meta property=\"article:modified_time\" content=\"2022-03-07T03:03:31+00:00\" \/>\n<meta property=\"og:image\" content=\"https:\/\/i0.wp.com\/webdelmaestrocmf.com\/portal\/wp-content\/uploads\/2019\/07\/1-143.jpg?fit=1100%2C680&ssl=1\" \/>\n\t<meta property=\"og:image:width\" content=\"1100\" \/>\n\t<meta property=\"og:image:height\" content=\"680\" \/>\n\t<meta property=\"og:image:type\" content=\"image\/jpeg\" \/>\n<meta name=\"author\" content=\"Web del Maestro CMF\" \/>\n<meta name=\"twitter:card\" content=\"summary_large_image\" \/>\n<meta name=\"twitter:creator\" content=\"@cmf_w\" \/>\n<meta name=\"twitter:site\" content=\"@cmf_w\" \/>\n<script type=\"application\/ld+json\" class=\"yoast-schema-graph\">{\"@context\":\"https:\\\/\\\/schema.org\",\"@graph\":[{\"@type\":\"ScholarlyArticle\",\"@id\":\"https:\\\/\\\/webdelmaestrocmf.com\\\/portal\\\/que-conductas-y-que-habitos-recordaran-casi-siempre-los-ninos-de-sus-padres\\\/#article\",\"isPartOf\":{\"@id\":\"https:\\\/\\\/webdelmaestrocmf.com\\\/portal\\\/que-conductas-y-que-habitos-recordaran-casi-siempre-los-ninos-de-sus-padres\\\/\"},\"author\":{\"name\":\"Web del Maestro CMF\",\"@id\":\"https:\\\/\\\/webdelmaestrocmf.com\\\/portal\\\/#\\\/schema\\\/person\\\/ebc57e23d318c9c4270c6f41367015b5\"},\"headline\":\"Qu\u00e9 conductas y qu\u00e9 h\u00e1bitos recordar\u00e1n (casi) siempre los ni\u00f1os de sus padres\",\"datePublished\":\"2019-07-12T22:32:45+00:00\",\"dateModified\":\"2022-03-07T03:03:31+00:00\",\"mainEntityOfPage\":{\"@id\":\"https:\\\/\\\/webdelmaestrocmf.com\\\/portal\\\/que-conductas-y-que-habitos-recordaran-casi-siempre-los-ninos-de-sus-padres\\\/\"},\"wordCount\":1191,\"commentCount\":1,\"publisher\":{\"@id\":\"https:\\\/\\\/webdelmaestrocmf.com\\\/portal\\\/#organization\"},\"image\":{\"@id\":\"https:\\\/\\\/webdelmaestrocmf.com\\\/portal\\\/que-conductas-y-que-habitos-recordaran-casi-siempre-los-ninos-de-sus-padres\\\/#primaryimage\"},\"thumbnailUrl\":\"https:\\\/\\\/webdelmaestrocmf.com\\\/portal\\\/wp-content\\\/uploads\\\/2019\\\/07\\\/1-143.jpg\",\"keywords\":[\"CONDUCTAS\",\"H\u00c1BITOS\",\"Ni\u00f1os\",\"padres\",\"RECORDAR\u00c1N\"],\"articleSection\":[\"Yo opino - WMCMF\"],\"inLanguage\":\"es\",\"potentialAction\":[{\"@type\":\"CommentAction\",\"name\":\"Comment\",\"target\":[\"https:\\\/\\\/webdelmaestrocmf.com\\\/portal\\\/que-conductas-y-que-habitos-recordaran-casi-siempre-los-ninos-de-sus-padres\\\/#respond\"]}]},{\"@type\":\"WebPage\",\"@id\":\"https:\\\/\\\/webdelmaestrocmf.com\\\/portal\\\/que-conductas-y-que-habitos-recordaran-casi-siempre-los-ninos-de-sus-padres\\\/\",\"url\":\"https:\\\/\\\/webdelmaestrocmf.com\\\/portal\\\/que-conductas-y-que-habitos-recordaran-casi-siempre-los-ninos-de-sus-padres\\\/\",\"name\":\"Qu\u00e9 conductas y qu\u00e9 h\u00e1bitos recordar\u00e1n (casi) siempre los ni\u00f1os de sus padres\",\"isPartOf\":{\"@id\":\"https:\\\/\\\/webdelmaestrocmf.com\\\/portal\\\/#website\"},\"primaryImageOfPage\":{\"@id\":\"https:\\\/\\\/webdelmaestrocmf.com\\\/portal\\\/que-conductas-y-que-habitos-recordaran-casi-siempre-los-ninos-de-sus-padres\\\/#primaryimage\"},\"image\":{\"@id\":\"https:\\\/\\\/webdelmaestrocmf.com\\\/portal\\\/que-conductas-y-que-habitos-recordaran-casi-siempre-los-ninos-de-sus-padres\\\/#primaryimage\"},\"thumbnailUrl\":\"https:\\\/\\\/webdelmaestrocmf.com\\\/portal\\\/wp-content\\\/uploads\\\/2019\\\/07\\\/1-143.jpg\",\"datePublished\":\"2019-07-12T22:32:45+00:00\",\"dateModified\":\"2022-03-07T03:03:31+00:00\",\"description\":\"Tanto las experiencias buenas como malas hacen que las personas desarrollemos el control sobre nuestras emociones, y pese a que los...\",\"breadcrumb\":{\"@id\":\"https:\\\/\\\/webdelmaestrocmf.com\\\/portal\\\/que-conductas-y-que-habitos-recordaran-casi-siempre-los-ninos-de-sus-padres\\\/#breadcrumb\"},\"inLanguage\":\"es\",\"potentialAction\":[{\"@type\":\"ReadAction\",\"target\":[\"https:\\\/\\\/webdelmaestrocmf.com\\\/portal\\\/que-conductas-y-que-habitos-recordaran-casi-siempre-los-ninos-de-sus-padres\\\/\"]}]},{\"@type\":\"ImageObject\",\"inLanguage\":\"es\",\"@id\":\"https:\\\/\\\/webdelmaestrocmf.com\\\/portal\\\/que-conductas-y-que-habitos-recordaran-casi-siempre-los-ninos-de-sus-padres\\\/#primaryimage\",\"url\":\"https:\\\/\\\/webdelmaestrocmf.com\\\/portal\\\/wp-content\\\/uploads\\\/2019\\\/07\\\/1-143.jpg\",\"contentUrl\":\"https:\\\/\\\/webdelmaestrocmf.com\\\/portal\\\/wp-content\\\/uploads\\\/2019\\\/07\\\/1-143.jpg\",\"width\":1100,\"height\":680},{\"@type\":\"BreadcrumbList\",\"@id\":\"https:\\\/\\\/webdelmaestrocmf.com\\\/portal\\\/que-conductas-y-que-habitos-recordaran-casi-siempre-los-ninos-de-sus-padres\\\/#breadcrumb\",\"itemListElement\":[{\"@type\":\"ListItem\",\"position\":1,\"name\":\"Portada\",\"item\":\"https:\\\/\\\/webdelmaestrocmf.com\\\/portal\\\/\"},{\"@type\":\"ListItem\",\"position\":2,\"name\":\"Yo opino - WMCMF\",\"item\":\"https:\\\/\\\/webdelmaestrocmf.com\\\/portal\\\/category\\\/jamb\\\/\"},{\"@type\":\"ListItem\",\"position\":3,\"name\":\"Qu\u00e9 conductas y qu\u00e9 h\u00e1bitos recordar\u00e1n (casi) siempre los ni\u00f1os de sus padres\"}]},{\"@type\":\"WebSite\",\"@id\":\"https:\\\/\\\/webdelmaestrocmf.com\\\/portal\\\/#website\",\"url\":\"https:\\\/\\\/webdelmaestrocmf.com\\\/portal\\\/\",\"name\":\"Web del Maestro CMF\",\"description\":\"Maestros al servicio de la educaci\u00f3n\",\"publisher\":{\"@id\":\"https:\\\/\\\/webdelmaestrocmf.com\\\/portal\\\/#organization\"},\"alternateName\":\"WMCMF\",\"potentialAction\":[{\"@type\":\"SearchAction\",\"target\":{\"@type\":\"EntryPoint\",\"urlTemplate\":\"https:\\\/\\\/webdelmaestrocmf.com\\\/portal\\\/?s={search_term_string}\"},\"query-input\":{\"@type\":\"PropertyValueSpecification\",\"valueRequired\":true,\"valueName\":\"search_term_string\"}}],\"inLanguage\":\"es\"},{\"@type\":\"Organization\",\"@id\":\"https:\\\/\\\/webdelmaestrocmf.com\\\/portal\\\/#organization\",\"name\":\"Web del Maestro CMF\",\"alternateName\":\"WMCMF\",\"url\":\"https:\\\/\\\/webdelmaestrocmf.com\\\/portal\\\/\",\"logo\":{\"@type\":\"ImageObject\",\"inLanguage\":\"es\",\"@id\":\"https:\\\/\\\/webdelmaestrocmf.com\\\/portal\\\/#\\\/schema\\\/logo\\\/image\\\/\",\"url\":\"https:\\\/\\\/webdelmaestrocmf.com\\\/portal\\\/wp-content\\\/uploads\\\/2023\\\/01\\\/logo-wmcmf-2.png\",\"contentUrl\":\"https:\\\/\\\/webdelmaestrocmf.com\\\/portal\\\/wp-content\\\/uploads\\\/2023\\\/01\\\/logo-wmcmf-2.png\",\"width\":200,\"height\":60,\"caption\":\"Web del Maestro CMF\"},\"image\":{\"@id\":\"https:\\\/\\\/webdelmaestrocmf.com\\\/portal\\\/#\\\/schema\\\/logo\\\/image\\\/\"},\"sameAs\":[\"https:\\\/\\\/www.facebook.com\\\/WebdelMaestroCMF\\\/\",\"https:\\\/\\\/x.com\\\/cmf_w\",\"https:\\\/\\\/www.pinterest.com\\\/WMCMF\\\/\",\"https:\\\/\\\/www.linkedin.com\\\/company\\\/web-del-maestro-cmf\\\/\",\"https:\\\/\\\/www.instagram.com\\\/wmcmf\\\/\",\"https:\\\/\\\/www.youtube.com\\\/channel\\\/UCDPSvjbdodE5sHnC3OxutHw\",\"https:\\\/\\\/mastodon.social\\\/@wmcmf\",\"https:\\\/\\\/www.tiktok.com\\\/@webdelmaestrocmf\"]},{\"@type\":\"Person\",\"@id\":\"https:\\\/\\\/webdelmaestrocmf.com\\\/portal\\\/#\\\/schema\\\/person\\\/ebc57e23d318c9c4270c6f41367015b5\",\"name\":\"Web del Maestro CMF\",\"image\":{\"@type\":\"ImageObject\",\"inLanguage\":\"es\",\"@id\":\"https:\\\/\\\/secure.gravatar.com\\\/avatar\\\/718b2df46e711f63dc8c16a160d16cc0104e961fe3c231eaaed2426975fc5e2d?s=96&d=mm&r=g\",\"url\":\"https:\\\/\\\/secure.gravatar.com\\\/avatar\\\/718b2df46e711f63dc8c16a160d16cc0104e961fe3c231eaaed2426975fc5e2d?s=96&d=mm&r=g\",\"contentUrl\":\"https:\\\/\\\/secure.gravatar.com\\\/avatar\\\/718b2df46e711f63dc8c16a160d16cc0104e961fe3c231eaaed2426975fc5e2d?s=96&d=mm&r=g\",\"caption\":\"Web del Maestro CMF\"},\"description\":\"Esta Web se cre\u00f3 sin fines de lucro, con fines educativos, cient\u00edficos y acad\u00e9micos, para personas que tengan dificultades y\\\/o inconvenientes en visualizar el material original. El objetivo es entregar recursos, compartir experiencias y materiales que ayuden a los padres de familia, maestros y estudiantes en su actualizaci\u00f3n y formaci\u00f3n permanente, en bien de la Educaci\u00f3n.\",\"sameAs\":[\"http:\\\/\\\/webdelmaestrocmf.com\\\/portal\",\"https:\\\/\\\/www.facebook.com\\\/WebdelMaestroCMF\\\/\",\"https:\\\/\\\/www.instagram.com\\\/wmcmf\\\/\",\"https:\\\/\\\/cl.linkedin.com\\\/company\\\/web-del-maestro-cmf\",\"https:\\\/\\\/www.pinterest.com\\\/WMCMF\\\/publicaciones\\\/\",\"https:\\\/\\\/x.com\\\/cmf_w\",\"https:\\\/\\\/www.youtube.com\\\/@WMCMF\"]}]}<\/script>\n<!-- \/ Yoast SEO plugin. -->","yoast_head_json":{"title":"Qu\u00e9 conductas y qu\u00e9 h\u00e1bitos recordar\u00e1n (casi) siempre los ni\u00f1os de sus padres","description":"Tanto las experiencias buenas como malas hacen que las personas desarrollemos el control sobre nuestras emociones, y pese a que los...","robots":{"index":"index","follow":"follow","max-snippet":"max-snippet:-1","max-image-preview":"max-image-preview:large","max-video-preview":"max-video-preview:-1"},"canonical":"https:\/\/webdelmaestrocmf.com\/portal\/que-conductas-y-que-habitos-recordaran-casi-siempre-los-ninos-de-sus-padres\/","og_locale":"es_ES","og_type":"article","og_title":"Qu\u00e9 conductas y qu\u00e9 h\u00e1bitos recordar\u00e1n (casi) siempre los ni\u00f1os de sus padres","og_description":"Tanto las experiencias buenas como malas hacen que las personas desarrollemos el control sobre nuestras emociones, y pese a que los...","og_url":"https:\/\/webdelmaestrocmf.com\/portal\/que-conductas-y-que-habitos-recordaran-casi-siempre-los-ninos-de-sus-padres\/","og_site_name":"Web del Maestro CMF","article_publisher":"https:\/\/www.facebook.com\/WebdelMaestroCMF\/","article_author":"https:\/\/www.facebook.com\/WebdelMaestroCMF\/","article_published_time":"2019-07-12T22:32:45+00:00","article_modified_time":"2022-03-07T03:03:31+00:00","og_image":[{"width":1100,"height":680,"url":"https:\/\/i0.wp.com\/webdelmaestrocmf.com\/portal\/wp-content\/uploads\/2019\/07\/1-143.jpg?fit=1100%2C680&ssl=1","type":"image\/jpeg"}],"author":"Web del Maestro CMF","twitter_card":"summary_large_image","twitter_creator":"@cmf_w","twitter_site":"@cmf_w","schema":{"@context":"https:\/\/schema.org","@graph":[{"@type":"ScholarlyArticle","@id":"https:\/\/webdelmaestrocmf.com\/portal\/que-conductas-y-que-habitos-recordaran-casi-siempre-los-ninos-de-sus-padres\/#article","isPartOf":{"@id":"https:\/\/webdelmaestrocmf.com\/portal\/que-conductas-y-que-habitos-recordaran-casi-siempre-los-ninos-de-sus-padres\/"},"author":{"name":"Web del Maestro CMF","@id":"https:\/\/webdelmaestrocmf.com\/portal\/#\/schema\/person\/ebc57e23d318c9c4270c6f41367015b5"},"headline":"Qu\u00e9 conductas y qu\u00e9 h\u00e1bitos recordar\u00e1n (casi) siempre los ni\u00f1os de sus padres","datePublished":"2019-07-12T22:32:45+00:00","dateModified":"2022-03-07T03:03:31+00:00","mainEntityOfPage":{"@id":"https:\/\/webdelmaestrocmf.com\/portal\/que-conductas-y-que-habitos-recordaran-casi-siempre-los-ninos-de-sus-padres\/"},"wordCount":1191,"commentCount":1,"publisher":{"@id":"https:\/\/webdelmaestrocmf.com\/portal\/#organization"},"image":{"@id":"https:\/\/webdelmaestrocmf.com\/portal\/que-conductas-y-que-habitos-recordaran-casi-siempre-los-ninos-de-sus-padres\/#primaryimage"},"thumbnailUrl":"https:\/\/webdelmaestrocmf.com\/portal\/wp-content\/uploads\/2019\/07\/1-143.jpg","keywords":["CONDUCTAS","H\u00c1BITOS","Ni\u00f1os","padres","RECORDAR\u00c1N"],"articleSection":["Yo opino - WMCMF"],"inLanguage":"es","potentialAction":[{"@type":"CommentAction","name":"Comment","target":["https:\/\/webdelmaestrocmf.com\/portal\/que-conductas-y-que-habitos-recordaran-casi-siempre-los-ninos-de-sus-padres\/#respond"]}]},{"@type":"WebPage","@id":"https:\/\/webdelmaestrocmf.com\/portal\/que-conductas-y-que-habitos-recordaran-casi-siempre-los-ninos-de-sus-padres\/","url":"https:\/\/webdelmaestrocmf.com\/portal\/que-conductas-y-que-habitos-recordaran-casi-siempre-los-ninos-de-sus-padres\/","name":"Qu\u00e9 conductas y qu\u00e9 h\u00e1bitos recordar\u00e1n (casi) siempre los ni\u00f1os de sus padres","isPartOf":{"@id":"https:\/\/webdelmaestrocmf.com\/portal\/#website"},"primaryImageOfPage":{"@id":"https:\/\/webdelmaestrocmf.com\/portal\/que-conductas-y-que-habitos-recordaran-casi-siempre-los-ninos-de-sus-padres\/#primaryimage"},"image":{"@id":"https:\/\/webdelmaestrocmf.com\/portal\/que-conductas-y-que-habitos-recordaran-casi-siempre-los-ninos-de-sus-padres\/#primaryimage"},"thumbnailUrl":"https:\/\/webdelmaestrocmf.com\/portal\/wp-content\/uploads\/2019\/07\/1-143.jpg","datePublished":"2019-07-12T22:32:45+00:00","dateModified":"2022-03-07T03:03:31+00:00","description":"Tanto las experiencias buenas como malas hacen que las personas desarrollemos el control sobre nuestras emociones, y pese a que los...","breadcrumb":{"@id":"https:\/\/webdelmaestrocmf.com\/portal\/que-conductas-y-que-habitos-recordaran-casi-siempre-los-ninos-de-sus-padres\/#breadcrumb"},"inLanguage":"es","potentialAction":[{"@type":"ReadAction","target":["https:\/\/webdelmaestrocmf.com\/portal\/que-conductas-y-que-habitos-recordaran-casi-siempre-los-ninos-de-sus-padres\/"]}]},{"@type":"ImageObject","inLanguage":"es","@id":"https:\/\/webdelmaestrocmf.com\/portal\/que-conductas-y-que-habitos-recordaran-casi-siempre-los-ninos-de-sus-padres\/#primaryimage","url":"https:\/\/webdelmaestrocmf.com\/portal\/wp-content\/uploads\/2019\/07\/1-143.jpg","contentUrl":"https:\/\/webdelmaestrocmf.com\/portal\/wp-content\/uploads\/2019\/07\/1-143.jpg","width":1100,"height":680},{"@type":"BreadcrumbList","@id":"https:\/\/webdelmaestrocmf.com\/portal\/que-conductas-y-que-habitos-recordaran-casi-siempre-los-ninos-de-sus-padres\/#breadcrumb","itemListElement":[{"@type":"ListItem","position":1,"name":"Portada","item":"https:\/\/webdelmaestrocmf.com\/portal\/"},{"@type":"ListItem","position":2,"name":"Yo opino - WMCMF","item":"https:\/\/webdelmaestrocmf.com\/portal\/category\/jamb\/"},{"@type":"ListItem","position":3,"name":"Qu\u00e9 conductas y qu\u00e9 h\u00e1bitos recordar\u00e1n (casi) siempre los ni\u00f1os de sus padres"}]},{"@type":"WebSite","@id":"https:\/\/webdelmaestrocmf.com\/portal\/#website","url":"https:\/\/webdelmaestrocmf.com\/portal\/","name":"Web del Maestro CMF","description":"Maestros al servicio de la educaci\u00f3n","publisher":{"@id":"https:\/\/webdelmaestrocmf.com\/portal\/#organization"},"alternateName":"WMCMF","potentialAction":[{"@type":"SearchAction","target":{"@type":"EntryPoint","urlTemplate":"https:\/\/webdelmaestrocmf.com\/portal\/?s={search_term_string}"},"query-input":{"@type":"PropertyValueSpecification","valueRequired":true,"valueName":"search_term_string"}}],"inLanguage":"es"},{"@type":"Organization","@id":"https:\/\/webdelmaestrocmf.com\/portal\/#organization","name":"Web del Maestro CMF","alternateName":"WMCMF","url":"https:\/\/webdelmaestrocmf.com\/portal\/","logo":{"@type":"ImageObject","inLanguage":"es","@id":"https:\/\/webdelmaestrocmf.com\/portal\/#\/schema\/logo\/image\/","url":"https:\/\/webdelmaestrocmf.com\/portal\/wp-content\/uploads\/2023\/01\/logo-wmcmf-2.png","contentUrl":"https:\/\/webdelmaestrocmf.com\/portal\/wp-content\/uploads\/2023\/01\/logo-wmcmf-2.png","width":200,"height":60,"caption":"Web del Maestro CMF"},"image":{"@id":"https:\/\/webdelmaestrocmf.com\/portal\/#\/schema\/logo\/image\/"},"sameAs":["https:\/\/www.facebook.com\/WebdelMaestroCMF\/","https:\/\/x.com\/cmf_w","https:\/\/www.pinterest.com\/WMCMF\/","https:\/\/www.linkedin.com\/company\/web-del-maestro-cmf\/","https:\/\/www.instagram.com\/wmcmf\/","https:\/\/www.youtube.com\/channel\/UCDPSvjbdodE5sHnC3OxutHw","https:\/\/mastodon.social\/@wmcmf","https:\/\/www.tiktok.com\/@webdelmaestrocmf"]},{"@type":"Person","@id":"https:\/\/webdelmaestrocmf.com\/portal\/#\/schema\/person\/ebc57e23d318c9c4270c6f41367015b5","name":"Web del Maestro CMF","image":{"@type":"ImageObject","inLanguage":"es","@id":"https:\/\/secure.gravatar.com\/avatar\/718b2df46e711f63dc8c16a160d16cc0104e961fe3c231eaaed2426975fc5e2d?s=96&d=mm&r=g","url":"https:\/\/secure.gravatar.com\/avatar\/718b2df46e711f63dc8c16a160d16cc0104e961fe3c231eaaed2426975fc5e2d?s=96&d=mm&r=g","contentUrl":"https:\/\/secure.gravatar.com\/avatar\/718b2df46e711f63dc8c16a160d16cc0104e961fe3c231eaaed2426975fc5e2d?s=96&d=mm&r=g","caption":"Web del Maestro CMF"},"description":"Esta Web se cre\u00f3 sin fines de lucro, con fines educativos, cient\u00edficos y acad\u00e9micos, para personas que tengan dificultades y\/o inconvenientes en visualizar el material original. El objetivo es entregar recursos, compartir experiencias y materiales que ayuden a los padres de familia, maestros y estudiantes en su actualizaci\u00f3n y formaci\u00f3n permanente, en bien de la Educaci\u00f3n.","sameAs":["http:\/\/webdelmaestrocmf.com\/portal","https:\/\/www.facebook.com\/WebdelMaestroCMF\/","https:\/\/www.instagram.com\/wmcmf\/","https:\/\/cl.linkedin.com\/company\/web-del-maestro-cmf","https:\/\/www.pinterest.com\/WMCMF\/publicaciones\/","https:\/\/x.com\/cmf_w","https:\/\/www.youtube.com\/@WMCMF"]}]}},"jetpack_featured_media_url":"https:\/\/webdelmaestrocmf.com\/portal\/wp-content\/uploads\/2019\/07\/1-143.jpg","jetpack_sharing_enabled":true,"jetpack-related-posts":[{"id":18638,"url":"https:\/\/webdelmaestrocmf.com\/portal\/estrategias-recomendaciones-estimularla-fomentarla-la-memoria\/","url_meta":{"origin":18497,"position":0},"title":"Estrategias y recomendaciones para estimular y fomentar la memoria","author":"Web del Maestro CMF","date":"25 mayo, 2017","format":false,"excerpt":"Como educadores, sabemos que siempre vamos a necesitar \u201cguardar\u201d tanto en la memoria, como en el coraz\u00f3n todo aquello que nos permita mantener despierta, atenta, creativa, \u00e1gil y motivada nuestra vocaci\u00f3n, para sacar (como buenos maestros) de \u201cnuestros tesoros\u201d lo nuevo y lo viejo (Mt 13,52) para el desaf\u00edo de\u2026","rel":"","context":"En \u00abYo opino - WMCMF\u00bb","block_context":{"text":"Yo opino - WMCMF","link":"https:\/\/webdelmaestrocmf.com\/portal\/category\/jamb\/"},"img":{"alt_text":"","src":"https:\/\/i0.wp.com\/webdelmaestrocmf.com\/portal\/wp-content\/uploads\/2017\/05\/19253-3.jpeg?resize=350%2C200&ssl=1","width":350,"height":200,"srcset":"https:\/\/i0.wp.com\/webdelmaestrocmf.com\/portal\/wp-content\/uploads\/2017\/05\/19253-3.jpeg?resize=350%2C200&ssl=1 1x, https:\/\/i0.wp.com\/webdelmaestrocmf.com\/portal\/wp-content\/uploads\/2017\/05\/19253-3.jpeg?resize=525%2C300&ssl=1 1.5x, https:\/\/i0.wp.com\/webdelmaestrocmf.com\/portal\/wp-content\/uploads\/2017\/05\/19253-3.jpeg?resize=700%2C400&ssl=1 2x, https:\/\/i0.wp.com\/webdelmaestrocmf.com\/portal\/wp-content\/uploads\/2017\/05\/19253-3.jpeg?resize=1050%2C600&ssl=1 3x"},"classes":[]},{"id":107684,"url":"https:\/\/webdelmaestrocmf.com\/portal\/que-deben-saber-los-docentes-sobre-la-memoria-de-los-adolescentes\/","url_meta":{"origin":18497,"position":1},"title":"Qu\u00e9 deben saber los docentes sobre la memoria de los adolescentes","author":"Web del Maestro CMF","date":"25 enero, 2025","format":false,"excerpt":"La adolescencia es una etapa crucial en el desarrollo del cerebro, y la memoria, en sus m\u00faltiples formas, desempe\u00f1a un papel esencial en este proceso. Comprender c\u00f3mo funciona la memoria en esta etapa y c\u00f3mo se relaciona con las funciones ejecutivas y emocionales puede ayudar a los docentes a dise\u00f1ar\u2026","rel":"","context":"En \u00abMemoria\u00bb","block_context":{"text":"Memoria","link":"https:\/\/webdelmaestrocmf.com\/portal\/category\/pedagogia\/memoria\/"},"img":{"alt_text":"","src":"https:\/\/i0.wp.com\/webdelmaestrocmf.com\/portal\/wp-content\/uploads\/2025\/01\/1A-Banner-1-portada-imagen-10-1-37.jpg?resize=350%2C200&ssl=1","width":350,"height":200,"srcset":"https:\/\/i0.wp.com\/webdelmaestrocmf.com\/portal\/wp-content\/uploads\/2025\/01\/1A-Banner-1-portada-imagen-10-1-37.jpg?resize=350%2C200&ssl=1 1x, https:\/\/i0.wp.com\/webdelmaestrocmf.com\/portal\/wp-content\/uploads\/2025\/01\/1A-Banner-1-portada-imagen-10-1-37.jpg?resize=525%2C300&ssl=1 1.5x, https:\/\/i0.wp.com\/webdelmaestrocmf.com\/portal\/wp-content\/uploads\/2025\/01\/1A-Banner-1-portada-imagen-10-1-37.jpg?resize=700%2C400&ssl=1 2x"},"classes":[]},{"id":14747,"url":"https:\/\/webdelmaestrocmf.com\/portal\/exigencia-educativa-ser-un-profesor-competente-y-no-improvisado\/","url_meta":{"origin":18497,"position":2},"title":"Exigencia educativa: Ser un profesor competente y no improvisado","author":"Web del Maestro CMF","date":"13 febrero, 2019","format":false,"excerpt":"Hago memoria que \u201cel educador debe ser, ante todo, muy competente, cualificado y, al mismo tiempo, rico en humanidad, capaz de estar en medio de los j\u00f3venes con estilo pedag\u00f3gico para promover su crecimiento humano y espiritual\u201d(Papa Francisco 13\/02\/2013), y PIENSO EN VOZ ALTA:\u00a0TENGO UN RECUERDO MOTIVADOR, debo recordar siempre\u2026","rel":"","context":"En \u00abYo opino - WMCMF\u00bb","block_context":{"text":"Yo opino - WMCMF","link":"https:\/\/webdelmaestrocmf.com\/portal\/category\/jamb\/"},"img":{"alt_text":"","src":"https:\/\/i0.wp.com\/webdelmaestrocmf.com\/portal\/wp-content\/uploads\/2019\/02\/1-102.jpg?resize=350%2C200&ssl=1","width":350,"height":200,"srcset":"https:\/\/i0.wp.com\/webdelmaestrocmf.com\/portal\/wp-content\/uploads\/2019\/02\/1-102.jpg?resize=350%2C200&ssl=1 1x, https:\/\/i0.wp.com\/webdelmaestrocmf.com\/portal\/wp-content\/uploads\/2019\/02\/1-102.jpg?resize=525%2C300&ssl=1 1.5x, https:\/\/i0.wp.com\/webdelmaestrocmf.com\/portal\/wp-content\/uploads\/2019\/02\/1-102.jpg?resize=700%2C400&ssl=1 2x, https:\/\/i0.wp.com\/webdelmaestrocmf.com\/portal\/wp-content\/uploads\/2019\/02\/1-102.jpg?resize=1050%2C600&ssl=1 3x"},"classes":[]},{"id":88017,"url":"https:\/\/webdelmaestrocmf.com\/portal\/tengo-alumnos-con-problemas-con-la-memoria-funcional-que-puedo-hacer\/","url_meta":{"origin":18497,"position":3},"title":"Tengo alumnos con problemas con la memoria funcional \u00bfQu\u00e9 puedo hacer?","author":"Web del Maestro CMF","date":"13 junio, 2023","format":false,"excerpt":"La memoria funcional implica tener en mente la informaci\u00f3n necesaria para completar una tarea. Los problemas con la memoria funcional pueden afectar a los ni\u00f1os dentro y fuera de la escuela. Pero los padres pueden ayudar, al ense\u00f1ar a los ni\u00f1os estrategias que mejoren la memoria funcional. Cuando los ni\u00f1os\u2026","rel":"","context":"En \u00abMemoria\u00bb","block_context":{"text":"Memoria","link":"https:\/\/webdelmaestrocmf.com\/portal\/category\/pedagogia\/memoria\/"},"img":{"alt_text":"","src":"https:\/\/i0.wp.com\/webdelmaestrocmf.com\/portal\/wp-content\/uploads\/2023\/04\/A12B3C4D-32.jpg?resize=350%2C200&ssl=1","width":350,"height":200,"srcset":"https:\/\/i0.wp.com\/webdelmaestrocmf.com\/portal\/wp-content\/uploads\/2023\/04\/A12B3C4D-32.jpg?resize=350%2C200&ssl=1 1x, https:\/\/i0.wp.com\/webdelmaestrocmf.com\/portal\/wp-content\/uploads\/2023\/04\/A12B3C4D-32.jpg?resize=525%2C300&ssl=1 1.5x, https:\/\/i0.wp.com\/webdelmaestrocmf.com\/portal\/wp-content\/uploads\/2023\/04\/A12B3C4D-32.jpg?resize=700%2C400&ssl=1 2x"},"classes":[]},{"id":17861,"url":"https:\/\/webdelmaestrocmf.com\/portal\/no-es-lo-mismo-memorizar-que-aprender-de-memoria\/","url_meta":{"origin":18497,"position":4},"title":"NO ES LO MISMO MEMORIZAR QUE APRENDER DE MEMORIA","author":"Web del Maestro CMF","date":"26 octubre, 2018","format":false,"excerpt":"La memoria, definida como una de potencias del alma por Arist\u00f3teles, (junto al entendimiento y voluntad); permite al ser humano registrar, retener y recordar aquello ya se sabe o se ha experimentado o vivido (y que se considera valioso), y que interviene en todos sus procesos de aprendizaje; \u201caunque ahora\u2026","rel":"","context":"En \u00abVideo I\u00bb","block_context":{"text":"Video I","link":"https:\/\/webdelmaestrocmf.com\/portal\/category\/video\/"},"img":{"alt_text":"","src":"https:\/\/i0.wp.com\/webdelmaestrocmf.com\/portal\/wp-content\/uploads\/2017\/05\/1-54.jpg?resize=350%2C200&ssl=1","width":350,"height":200,"srcset":"https:\/\/i0.wp.com\/webdelmaestrocmf.com\/portal\/wp-content\/uploads\/2017\/05\/1-54.jpg?resize=350%2C200&ssl=1 1x, https:\/\/i0.wp.com\/webdelmaestrocmf.com\/portal\/wp-content\/uploads\/2017\/05\/1-54.jpg?resize=525%2C300&ssl=1 1.5x, https:\/\/i0.wp.com\/webdelmaestrocmf.com\/portal\/wp-content\/uploads\/2017\/05\/1-54.jpg?resize=700%2C400&ssl=1 2x, https:\/\/i0.wp.com\/webdelmaestrocmf.com\/portal\/wp-content\/uploads\/2017\/05\/1-54.jpg?resize=1050%2C600&ssl=1 3x"},"classes":[]},{"id":112252,"url":"https:\/\/webdelmaestrocmf.com\/portal\/diez-figuras-que-transformaron-el-aprendizaje\/","url_meta":{"origin":18497,"position":5},"title":"Diez figuras que transformaron el aprendizaje","author":"Web del Maestro CMF","date":"22 septiembre, 2025","format":false,"excerpt":"Diez pioneros transformaron la educaci\u00f3n con teor\u00edas sobre desarrollo, conducta, memoria, apego e inclusi\u00f3n, bases actuales para docentes y psicopedagogos.","rel":"","context":"En \u00abRecursos\u00bb","block_context":{"text":"Recursos","link":"https:\/\/webdelmaestrocmf.com\/portal\/category\/pedagogia\/"},"img":{"alt_text":"","src":"https:\/\/i0.wp.com\/webdelmaestrocmf.com\/portal\/wp-content\/uploads\/2025\/09\/1A-Banner-1-portada-imagen-10-1-copia-3-1.webp?resize=350%2C200&ssl=1","width":350,"height":200,"srcset":"https:\/\/i0.wp.com\/webdelmaestrocmf.com\/portal\/wp-content\/uploads\/2025\/09\/1A-Banner-1-portada-imagen-10-1-copia-3-1.webp?resize=350%2C200&ssl=1 1x, https:\/\/i0.wp.com\/webdelmaestrocmf.com\/portal\/wp-content\/uploads\/2025\/09\/1A-Banner-1-portada-imagen-10-1-copia-3-1.webp?resize=525%2C300&ssl=1 1.5x, https:\/\/i0.wp.com\/webdelmaestrocmf.com\/portal\/wp-content\/uploads\/2025\/09\/1A-Banner-1-portada-imagen-10-1-copia-3-1.webp?resize=700%2C400&ssl=1 2x"},"classes":[]}],"_links":{"self":[{"href":"https:\/\/webdelmaestrocmf.com\/portal\/wp-json\/wp\/v2\/posts\/18497","targetHints":{"allow":["GET"]}}],"collection":[{"href":"https:\/\/webdelmaestrocmf.com\/portal\/wp-json\/wp\/v2\/posts"}],"about":[{"href":"https:\/\/webdelmaestrocmf.com\/portal\/wp-json\/wp\/v2\/types\/post"}],"author":[{"embeddable":true,"href":"https:\/\/webdelmaestrocmf.com\/portal\/wp-json\/wp\/v2\/users\/2"}],"replies":[{"embeddable":true,"href":"https:\/\/webdelmaestrocmf.com\/portal\/wp-json\/wp\/v2\/comments?post=18497"}],"version-history":[{"count":0,"href":"https:\/\/webdelmaestrocmf.com\/portal\/wp-json\/wp\/v2\/posts\/18497\/revisions"}],"wp:featuredmedia":[{"embeddable":true,"href":"https:\/\/webdelmaestrocmf.com\/portal\/wp-json\/wp\/v2\/media\/75070"}],"wp:attachment":[{"href":"https:\/\/webdelmaestrocmf.com\/portal\/wp-json\/wp\/v2\/media?parent=18497"}],"wp:term":[{"taxonomy":"category","embeddable":true,"href":"https:\/\/webdelmaestrocmf.com\/portal\/wp-json\/wp\/v2\/categories?post=18497"},{"taxonomy":"post_tag","embeddable":true,"href":"https:\/\/webdelmaestrocmf.com\/portal\/wp-json\/wp\/v2\/tags?post=18497"}],"curies":[{"name":"wp","href":"https:\/\/api.w.org\/{rel}","templated":true}]}}