{"id":18451,"date":"2026-04-16T19:15:00","date_gmt":"2026-04-16T23:15:00","guid":{"rendered":"http:\/\/webdelmaestrocmf.com\/portal\/?p=18451"},"modified":"2026-04-16T20:53:04","modified_gmt":"2026-04-17T00:53:04","slug":"secuelas-las-deficiencias-lectoescritura-ortografia-gramatica-la-escuela","status":"publish","type":"post","link":"https:\/\/webdelmaestrocmf.com\/portal\/secuelas-las-deficiencias-lectoescritura-ortografia-gramatica-la-escuela\/","title":{"rendered":"Profesores universitarios se desesperan por la mala ortograf\u00eda y baja comprensi\u00f3n lectora de sus alumnos: advierten que la situaci\u00f3n ya se percibe como una batalla perdida"},"content":{"rendered":"\n<p>LLa creciente preocupaci\u00f3n por la mala redacci\u00f3n, ortograf\u00eda y comprensi\u00f3n lectora en estudiantes universitarios en Costa Rica refleja una problem\u00e1tica profunda del sistema educativo. <strong>Los docentes enfrentan diariamente trabajos con errores b\u00e1sicos, falta de coherencia y escasa capacidad para desarrollar ideas<\/strong>, lo que evidencia que estas deficiencias no se originan en la educaci\u00f3n superior, sino que son arrastradas desde etapas anteriores.<\/p>\n\n\n\n<p>Esta situaci\u00f3n ha generado un escenario cr\u00edtico en el que <strong>muchos profesores perciben que est\u00e1n enfrentando una batalla que ya llega perdida<\/strong>, al intentar corregir en poco tiempo h\u00e1bitos que debieron formarse durante a\u00f1os.<\/p>\n\n\n\n<figure class=\"wp-block-image\"><img loading=\"lazy\" decoding=\"async\" width=\"1100\" height=\"574\" src=\"https:\/\/webdelmaestrocmf.com\/portal\/wp-content\/uploads\/2022\/06\/1a-4.jpg\" alt=\"\" class=\"wp-image-77464\" srcset=\"https:\/\/webdelmaestrocmf.com\/portal\/wp-content\/uploads\/2022\/06\/1a-4.jpg 1100w, https:\/\/webdelmaestrocmf.com\/portal\/wp-content\/uploads\/2022\/06\/1a-4-300x157.jpg 300w, https:\/\/webdelmaestrocmf.com\/portal\/wp-content\/uploads\/2022\/06\/1a-4-1024x534.jpg 1024w, https:\/\/webdelmaestrocmf.com\/portal\/wp-content\/uploads\/2022\/06\/1a-4-768x401.jpg 768w, https:\/\/webdelmaestrocmf.com\/portal\/wp-content\/uploads\/2022\/06\/1a-4-110x57.jpg 110w, https:\/\/webdelmaestrocmf.com\/portal\/wp-content\/uploads\/2022\/06\/1a-4-200x104.jpg 200w, https:\/\/webdelmaestrocmf.com\/portal\/wp-content\/uploads\/2022\/06\/1a-4-380x198.jpg 380w, https:\/\/webdelmaestrocmf.com\/portal\/wp-content\/uploads\/2022\/06\/1a-4-255x133.jpg 255w, https:\/\/webdelmaestrocmf.com\/portal\/wp-content\/uploads\/2022\/06\/1a-4-550x287.jpg 550w, https:\/\/webdelmaestrocmf.com\/portal\/wp-content\/uploads\/2022\/06\/1a-4-800x417.jpg 800w\" sizes=\"auto, (max-width: 1100px) 100vw, 1100px\" \/><\/figure>\n\n\n\n<h2 class=\"wp-block-heading\"><strong>Deficiencias que se consolidan desde la educaci\u00f3n b\u00e1sica<\/strong><\/h2>\n\n\n\n<p>Uno de los aspectos m\u00e1s relevantes es que <strong>las habilidades de lectura y escritura se construyen principalmente en la educaci\u00f3n primaria<\/strong>. Cuando estos aprendizajes no se consolidan en esa etapa, las dificultades se acumulan progresivamente, afectando el desempe\u00f1o en secundaria y, posteriormente, en universidades p\u00fablicas y privadas del pa\u00eds.<\/p>\n\n\n\n<p>La falta de dominio en aspectos como la puntuaci\u00f3n, la cohesi\u00f3n textual y la organizaci\u00f3n de ideas demuestra que <strong>no se trata solo de errores aislados, sino de una ausencia de bases s\u00f3lidas en el desarrollo del lenguaje escrito<\/strong>. Esto limita seriamente la capacidad de los estudiantes para analizar, argumentar y comprender contenidos complejos.<\/p>\n\n\n\n<h2 class=\"wp-block-heading\"><strong>El impacto del bajo h\u00e1bito lector<\/strong><\/h2>\n\n\n\n<p>Otro factor determinante es la disminuci\u00f3n del h\u00e1bito de lectura en Costa Rica. <strong>La escasa exposici\u00f3n a textos limita el desarrollo del vocabulario, la comprensi\u00f3n y la capacidad de expresi\u00f3n<\/strong>, elementos esenciales para un buen desempe\u00f1o acad\u00e9mico.<\/p>\n\n\n\n<p>Cuando los estudiantes leen poco o lo hacen de manera superficial, <strong>su capacidad para interpretar informaci\u00f3n y construir conocimiento se ve comprometida<\/strong>. Esta carencia se refleja en dificultades para entender consignas, desarrollar ideas y establecer relaciones entre conceptos en el \u00e1mbito universitario.<\/p>\n\n\n\n<h2 class=\"wp-block-heading\"><strong>El entorno familiar y su influencia en el lenguaje<\/strong><\/h2>\n\n\n\n<p>El desarrollo de la lectoescritura no depende \u00fanicamente de la escuela. <strong>El entorno familiar en Costa Rica juega un rol clave en la formaci\u00f3n del lenguaje y el vocabulario<\/strong>. Estudiantes que crecen en contextos donde se fomenta la lectura y se utiliza un lenguaje rico tienen mayores probabilidades de desarrollar habilidades comunicativas s\u00f3lidas.<\/p>\n\n\n\n<p>Por el contrario, <strong>la falta de est\u00edmulos ling\u00fc\u00edsticos en el hogar limita el crecimiento del vocabulario y la comprensi\u00f3n<\/strong>, generando brechas que se hacen m\u00e1s evidentes en etapas educativas superiores.<\/p>\n\n\n\n<h2 class=\"wp-block-heading\"><strong>Tecnolog\u00eda y h\u00e1bitos de escritura: una relaci\u00f3n compleja<\/strong><\/h2>\n\n\n\n<p>El uso intensivo de dispositivos electr\u00f3nicos tambi\u00e9n ha modificado la forma en que los j\u00f3venes costarricenses escriben. <strong>La simplificaci\u00f3n del lenguaje en la comunicaci\u00f3n digital y la dependencia de correctores autom\u00e1ticos afectan la precisi\u00f3n ortogr\u00e1fica y la estructura del lenguaje<\/strong>.<\/p>\n\n\n\n<p>Si bien la tecnolog\u00eda ofrece m\u00faltiples ventajas, <strong>su uso sin orientaci\u00f3n puede debilitar habilidades fundamentales de escritura<\/strong>, especialmente cuando reemplaza pr\u00e1cticas formativas como la lectura profunda y la escritura reflexiva.<\/p>\n\n\n\n<h2 class=\"wp-block-heading\"><strong>Cursos de nivelaci\u00f3n: soluciones parciales a un problema estructural<\/strong><\/h2>\n\n\n\n<p>Ante esta realidad, universidades en Costa Rica han implementado cursos de nivelaci\u00f3n para reforzar la redacci\u00f3n y la ortograf\u00eda. Sin embargo, <strong>estas iniciativas, aunque necesarias, funcionan como medidas paliativas que no logran revertir completamente las deficiencias acumuladas<\/strong>.<\/p>\n\n\n\n<p>Pretender solucionar en poco tiempo lo que no se desarroll\u00f3 durante a\u00f1os resulta insuficiente. <strong>El problema exige una intervenci\u00f3n temprana y sostenida desde los primeros niveles educativos del pa\u00eds<\/strong>.<\/p>\n\n\n\n<h2 class=\"wp-block-heading\"><strong>El desaf\u00edo docente: formar desde la base<\/strong><\/h2>\n\n\n\n<p>El rol del docente en Costa Rica es determinante en este proceso. <strong>La ense\u00f1anza de la lectoescritura requiere estrategias claras, seguimiento constante y una correcci\u00f3n sistem\u00e1tica de errores desde edades tempranas<\/strong>. No basta con ense\u00f1ar a leer y escribir; es necesario formar en comprensi\u00f3n, an\u00e1lisis y expresi\u00f3n.<\/p>\n\n\n\n<p>Asimismo, <strong>el acompa\u00f1amiento al docente es clave<\/strong>, ya que requiere capacitaci\u00f3n continua y herramientas pedag\u00f3gicas adecuadas para enfrentar este desaf\u00edo en el contexto educativo nacional.<\/p>\n\n\n\n<h2 class=\"wp-block-heading\"><strong>Una problem\u00e1tica que exige cambios profundos<\/strong><\/h2>\n\n\n\n<p>La crisis en la lectoescritura en Costa Rica no puede abordarse con soluciones aisladas. <strong>Se requiere una transformaci\u00f3n integral que involucre a la escuela, la familia y las pol\u00edticas educativas<\/strong>, enfocada en fortalecer el desarrollo del lenguaje desde los primeros a\u00f1os.<\/p>\n\n\n\n<p>Recuperar el valor de la lectura, mejorar la ense\u00f1anza de la escritura y generar entornos que favorezcan el pensamiento cr\u00edtico son pasos esenciales. <strong>No se trata solo de corregir errores, sino de formar estudiantes capaces de comprender, comunicar y construir conocimiento con claridad y sentido<\/strong>.<\/p>\n\n\n\n<p class=\"has-text-align-right\"><strong>Redacci\u00f3n | Web del Maestro CMF | Fuente: <a href=\"https:\/\/www.nacion.com\/el-pais\/educacion\/mala-redaccion-de-estudiantes-causa-alarma-en-universidades\/LGYRM7YOOZFJZNSF3HHXOMOR7U\/story\/\">La Naci\u00f3n<\/a><\/strong><\/p>\n\n\n\t\t<div class=\"pk-inline-posts\">\n\t\t\t\t\t\t\t<h5 class=\"pk-inline-posts-title pk-title pk-font-block\">\n\t\t\t\t\t\u00daltimas entradas\t\t\t\t<\/h5>\n\t\t\t\n\t\t\t<div class=\"pk-inline-posts-container pk-inline-posts-template-list\"\n\t\t\t\tdata-columns=\"1\">\n\t\t\t\t\t\t<article id=\"post-118553\" class=\"post-118553 post type-post status-publish format-standard has-post-thumbnail category-noticias-internacionales tag-agresion-estudiantil tag-autoridad-docente tag-convivencia-escolar tag-disciplina-escolar tag-justicia-educativa tag-respeto-en-el-aula tag-rol-del-docente tag-seguridad-docente tag-sistema-educativo tag-violencia-escolar cs-entry cs-video-wrap\">\n\t\t\t<div class=\"pk-post-outer\">\n\n\t\t\t\t\t\t\t\t<div class=\"pk-post-inner\">\n\t\t\t\t\t<div class=\"entry-thumbnail\">\n\t\t\t\t\t\t<div class=\"pk-overlay pk-overlay-ratio pk-ratio-landscape\">\n\t\t\t\t\t\t\t<div class=\"pk-overlay-background\">\n\t\t\t\t\t\t\t\t<a href=\"https:\/\/webdelmaestrocmf.com\/portal\/existen-casos-en-paises-como-ee-uu-y-chile-donde-estudiantes-han-recibido-penas-privativas-de-libertad-por-agredir-a-docentes-esta-de-acuerdo-con-esta-medida-la-implementaria-en-su-pais\/\" class=\"pk-overlay-link\">\n\t\t\t\t\t\t\t\t\t<img loading=\"lazy\" decoding=\"async\" width=\"300\" height=\"225\" src=\"https:\/\/webdelmaestrocmf.com\/portal\/wp-content\/uploads\/2026\/05\/1AA-Banner-1-portada-imagen-10-1-copia-2-300x225.webp\" class=\"attachment-pk-thumbnail size-pk-thumbnail wp-post-image\" alt=\"\" \/>\t\t\t\t\t\t\t\t<\/a>\n\t\t\t\t\t\t\t<\/div>\n\t\t\t\t\t\t<\/div>\n\t\t\t\t\t<\/div>\n\t\t\t\t<\/div>\n\t\t\t\t\n\t\t\t\t<div class=\"pk-post-inner\">\n\t\t\t\t\t<header>\n\t\t\t\t\t\t<h3 class=\"pk-title\"><a href=\"https:\/\/webdelmaestrocmf.com\/portal\/existen-casos-en-paises-como-ee-uu-y-chile-donde-estudiantes-han-recibido-penas-privativas-de-libertad-por-agredir-a-docentes-esta-de-acuerdo-con-esta-medida-la-implementaria-en-su-pais\/\" rel=\"bookmark\">Existen casos en pa\u00edses como EE.UU. y Chile donde estudiantes han recibido penas privativas de libertad por agredir a docentes. \u00bfEst\u00e1 de acuerdo con esta medida? \u00bfLa implementar\u00eda en su pa\u00eds?<\/a><\/h3>\t\t\t\t\t<\/header><!-- .entry-header -->\n\t\t\t\t<\/div><!-- .post-inner -->\n\n\t\t\t<\/div><!-- .post-outer -->\n\t\t<\/article>\n\t\t\t<article id=\"post-118546\" class=\"post-118546 post type-post status-publish format-standard has-post-thumbnail category-noticias-internacionales tag-aprendizaje tag-conflicto tag-crisis tag-docentes tag-educacion-3 tag-escuela tag-guerra tag-infancia tag-resiliencia tag-sociedad cs-entry cs-video-wrap\">\n\t\t\t<div class=\"pk-post-outer\">\n\n\t\t\t\t\t\t\t\t<div class=\"pk-post-inner\">\n\t\t\t\t\t<div class=\"entry-thumbnail\">\n\t\t\t\t\t\t<div class=\"pk-overlay pk-overlay-ratio pk-ratio-landscape\">\n\t\t\t\t\t\t\t<div class=\"pk-overlay-background\">\n\t\t\t\t\t\t\t\t<a href=\"https:\/\/webdelmaestrocmf.com\/portal\/rusia-bombardea-orfanato-y-escuela-judia-en-odesa-en-el-sur-de-ucrania\/\" class=\"pk-overlay-link\">\n\t\t\t\t\t\t\t\t\t<img loading=\"lazy\" decoding=\"async\" width=\"300\" height=\"225\" src=\"https:\/\/webdelmaestrocmf.com\/portal\/wp-content\/uploads\/2026\/05\/1AA-Banner-1-portada-imagen-10-1-copia-1-1-300x225.webp\" class=\"attachment-pk-thumbnail size-pk-thumbnail wp-post-image\" alt=\"\" \/>\t\t\t\t\t\t\t\t<\/a>\n\t\t\t\t\t\t\t<\/div>\n\t\t\t\t\t\t<\/div>\n\t\t\t\t\t<\/div>\n\t\t\t\t<\/div>\n\t\t\t\t\n\t\t\t\t<div class=\"pk-post-inner\">\n\t\t\t\t\t<header>\n\t\t\t\t\t\t<h3 class=\"pk-title\"><a href=\"https:\/\/webdelmaestrocmf.com\/portal\/rusia-bombardea-orfanato-y-escuela-judia-en-odesa-en-el-sur-de-ucrania\/\" rel=\"bookmark\">Rusia bombardea orfanato y escuela jud\u00eda en Odesa, en el sur de Ucrania<\/a><\/h3>\t\t\t\t\t<\/header><!-- .entry-header -->\n\t\t\t\t<\/div><!-- .post-inner -->\n\n\t\t\t<\/div><!-- .post-outer -->\n\t\t<\/article>\n\t\t\t<article id=\"post-118533\" class=\"post-118533 post type-post status-publish format-standard has-post-thumbnail category-noticias-internacionales tag-convivencia-escolar tag-docentes tag-educacion-2 tag-etica-educativa tag-normativa-escolar tag-preescolar tag-primaria tag-protocolos tag-rol-docente tag-seguridad-docente cs-entry cs-video-wrap\">\n\t\t\t<div class=\"pk-post-outer\">\n\n\t\t\t\t\t\t\t\t<div class=\"pk-post-inner\">\n\t\t\t\t\t<div class=\"entry-thumbnail\">\n\t\t\t\t\t\t<div class=\"pk-overlay pk-overlay-ratio pk-ratio-landscape\">\n\t\t\t\t\t\t\t<div class=\"pk-overlay-background\">\n\t\t\t\t\t\t\t\t<a href=\"https:\/\/webdelmaestrocmf.com\/portal\/profesor-advierte-a-docentes-no-pueden-asistir-a-un-nino-en-el-bano-por-riesgo-de-cargos-legales\/\" class=\"pk-overlay-link\">\n\t\t\t\t\t\t\t\t\t<img loading=\"lazy\" decoding=\"async\" width=\"300\" height=\"225\" src=\"https:\/\/webdelmaestrocmf.com\/portal\/wp-content\/uploads\/2026\/05\/1AA-Banner-1-portada-imagen-10-1-copia-300x225.webp\" class=\"attachment-pk-thumbnail size-pk-thumbnail wp-post-image\" alt=\"\" \/>\t\t\t\t\t\t\t\t<\/a>\n\t\t\t\t\t\t\t<\/div>\n\t\t\t\t\t\t<\/div>\n\t\t\t\t\t<\/div>\n\t\t\t\t<\/div>\n\t\t\t\t\n\t\t\t\t<div class=\"pk-post-inner\">\n\t\t\t\t\t<header>\n\t\t\t\t\t\t<h3 class=\"pk-title\"><a href=\"https:\/\/webdelmaestrocmf.com\/portal\/profesor-advierte-a-docentes-no-pueden-asistir-a-un-nino-en-el-bano-por-riesgo-de-cargos-legales\/\" rel=\"bookmark\">Profesor advierte a docentes: \u201cNo pueden asistir a un ni\u00f1o en el ba\u00f1o\u201d por riesgo de cargos legales<\/a><\/h3>\t\t\t\t\t<\/header><!-- .entry-header -->\n\t\t\t\t<\/div><!-- .post-inner -->\n\n\t\t\t<\/div><!-- .post-outer -->\n\t\t<\/article>\n\t\t\t\t<\/div>\n\t\t<\/div>\n\t\t\n","protected":false},"excerpt":{"rendered":"La pobre redacci\u00f3n, comprensi\u00f3n de lectura y ortograf\u00eda que muestran los j\u00f3venes en las aulas universitarias hace que los \u00abprofesores se desesperen, porque ven que es una batalla perdida\u00bb.","protected":false},"author":1,"featured_media":117884,"comment_status":"open","ping_status":"open","sticky":false,"template":"","format":"standard","meta":{"csco_display_header_overlay":false,"csco_singular_sidebar":"default","csco_page_header_type":"default","csco_page_load_nextpost":"default","csco_post_video_location":[],"csco_post_video_location_hash":"","csco_post_video_url":"","csco_post_video_bg_start_time":0,"csco_post_video_bg_end_time":0,"csco_post_video_bg_volume":false,"_jetpack_memberships_contains_paid_content":false,"footnotes":""},"categories":[23790],"tags":[2206,228,2205,2204,1959,2203],"class_list":{"0":"post-18451","1":"post","2":"type-post","3":"status-publish","4":"format-standard","5":"has-post-thumbnail","7":"category-noticias-internacionales","8":"tag-deficiencias","9":"tag-escuela","10":"tag-gramatica","11":"tag-lectoescritura","12":"tag-ortografia","13":"tag-secuelas","14":"cs-entry","15":"cs-video-wrap"},"yoast_head":"<!-- This site is optimized with the Yoast SEO plugin v27.5 - https:\/\/yoast.com\/product\/yoast-seo-wordpress\/ -->\n<title>Secuelas de las deficiencias de lectoescritura, ortograf\u00eda y gram\u00e1tica en la escuela<\/title>\n<meta name=\"description\" content=\"LLa creciente preocupaci\u00f3n por la mala redacci\u00f3n, ortograf\u00eda y comprensi\u00f3n lectora en estudiantes universitarios en Costa Rica refleja,,,\" \/>\n<meta name=\"robots\" content=\"index, follow, max-snippet:-1, max-image-preview:large, max-video-preview:-1\" \/>\n<link rel=\"canonical\" href=\"https:\/\/webdelmaestrocmf.com\/portal\/secuelas-las-deficiencias-lectoescritura-ortografia-gramatica-la-escuela\/\" \/>\n<meta property=\"og:locale\" content=\"es_ES\" \/>\n<meta property=\"og:type\" content=\"article\" \/>\n<meta property=\"og:title\" content=\"Secuelas de las deficiencias de lectoescritura, ortograf\u00eda y gram\u00e1tica en la escuela\" \/>\n<meta property=\"og:description\" content=\"LLa creciente preocupaci\u00f3n por la mala redacci\u00f3n, ortograf\u00eda y comprensi\u00f3n lectora en estudiantes universitarios en Costa Rica refleja,,,\" \/>\n<meta property=\"og:url\" content=\"https:\/\/webdelmaestrocmf.com\/portal\/secuelas-las-deficiencias-lectoescritura-ortografia-gramatica-la-escuela\/\" \/>\n<meta property=\"og:site_name\" content=\"Web del Maestro CMF\" \/>\n<meta property=\"article:publisher\" content=\"https:\/\/www.facebook.com\/WebdelMaestroCMF\/\" \/>\n<meta property=\"article:author\" content=\"https:\/\/www.facebook.com\/WebdelMaestroCMF\/\" \/>\n<meta property=\"article:published_time\" content=\"2026-04-16T23:15:00+00:00\" \/>\n<meta property=\"article:modified_time\" content=\"2026-04-17T00:53:04+00:00\" \/>\n<meta property=\"og:image\" content=\"https:\/\/webdelmaestrocmf.com\/portal\/wp-content\/uploads\/2022\/06\/1AA-Banner-1-portada-imagen-10-1-copia-27.webp\" \/>\n\t<meta property=\"og:image:width\" content=\"1200\" \/>\n\t<meta property=\"og:image:height\" content=\"675\" \/>\n\t<meta property=\"og:image:type\" content=\"image\/webp\" \/>\n<meta name=\"author\" content=\"Web del Maestro CMF\" \/>\n<meta name=\"twitter:card\" content=\"summary_large_image\" \/>\n<meta name=\"twitter:creator\" content=\"@cmf_w\" \/>\n<meta name=\"twitter:site\" content=\"@cmf_w\" \/>\n<script type=\"application\/ld+json\" class=\"yoast-schema-graph\">{\"@context\":\"https:\\\/\\\/schema.org\",\"@graph\":[{\"@type\":\"ScholarlyArticle\",\"@id\":\"https:\\\/\\\/webdelmaestrocmf.com\\\/portal\\\/secuelas-las-deficiencias-lectoescritura-ortografia-gramatica-la-escuela\\\/#article\",\"isPartOf\":{\"@id\":\"https:\\\/\\\/webdelmaestrocmf.com\\\/portal\\\/secuelas-las-deficiencias-lectoescritura-ortografia-gramatica-la-escuela\\\/\"},\"author\":{\"name\":\"Web del Maestro CMF\",\"@id\":\"https:\\\/\\\/webdelmaestrocmf.com\\\/portal\\\/#\\\/schema\\\/person\\\/1072a2ed7bd960df8ef99a551fa35dc5\"},\"headline\":\"Profesores universitarios se desesperan por la mala ortograf\u00eda y baja comprensi\u00f3n lectora de sus alumnos: advierten que la situaci\u00f3n ya se percibe como una batalla perdida\",\"datePublished\":\"2026-04-16T23:15:00+00:00\",\"dateModified\":\"2026-04-17T00:53:04+00:00\",\"mainEntityOfPage\":{\"@id\":\"https:\\\/\\\/webdelmaestrocmf.com\\\/portal\\\/secuelas-las-deficiencias-lectoescritura-ortografia-gramatica-la-escuela\\\/\"},\"wordCount\":842,\"commentCount\":0,\"publisher\":{\"@id\":\"https:\\\/\\\/webdelmaestrocmf.com\\\/portal\\\/#organization\"},\"image\":{\"@id\":\"https:\\\/\\\/webdelmaestrocmf.com\\\/portal\\\/secuelas-las-deficiencias-lectoescritura-ortografia-gramatica-la-escuela\\\/#primaryimage\"},\"thumbnailUrl\":\"https:\\\/\\\/webdelmaestrocmf.com\\\/portal\\\/wp-content\\\/uploads\\\/2022\\\/06\\\/1AA-Banner-1-portada-imagen-10-1-copia-27.webp\",\"keywords\":[\"DEFICIENCIAS\",\"escuela\",\"GRAM\u00c1TICA\",\"LECTOESCRITURA\",\"ORTOGRAF\u00cdA\",\"SECUELAS\"],\"articleSection\":[\"Noticias Internacionales\"],\"inLanguage\":\"es\",\"potentialAction\":[{\"@type\":\"CommentAction\",\"name\":\"Comment\",\"target\":[\"https:\\\/\\\/webdelmaestrocmf.com\\\/portal\\\/secuelas-las-deficiencias-lectoescritura-ortografia-gramatica-la-escuela\\\/#respond\"]}]},{\"@type\":\"WebPage\",\"@id\":\"https:\\\/\\\/webdelmaestrocmf.com\\\/portal\\\/secuelas-las-deficiencias-lectoescritura-ortografia-gramatica-la-escuela\\\/\",\"url\":\"https:\\\/\\\/webdelmaestrocmf.com\\\/portal\\\/secuelas-las-deficiencias-lectoescritura-ortografia-gramatica-la-escuela\\\/\",\"name\":\"Secuelas de las deficiencias de lectoescritura, ortograf\u00eda y gram\u00e1tica en la escuela\",\"isPartOf\":{\"@id\":\"https:\\\/\\\/webdelmaestrocmf.com\\\/portal\\\/#website\"},\"primaryImageOfPage\":{\"@id\":\"https:\\\/\\\/webdelmaestrocmf.com\\\/portal\\\/secuelas-las-deficiencias-lectoescritura-ortografia-gramatica-la-escuela\\\/#primaryimage\"},\"image\":{\"@id\":\"https:\\\/\\\/webdelmaestrocmf.com\\\/portal\\\/secuelas-las-deficiencias-lectoescritura-ortografia-gramatica-la-escuela\\\/#primaryimage\"},\"thumbnailUrl\":\"https:\\\/\\\/webdelmaestrocmf.com\\\/portal\\\/wp-content\\\/uploads\\\/2022\\\/06\\\/1AA-Banner-1-portada-imagen-10-1-copia-27.webp\",\"datePublished\":\"2026-04-16T23:15:00+00:00\",\"dateModified\":\"2026-04-17T00:53:04+00:00\",\"description\":\"LLa creciente preocupaci\u00f3n por la mala redacci\u00f3n, ortograf\u00eda y comprensi\u00f3n lectora en estudiantes universitarios en Costa Rica refleja,,,\",\"breadcrumb\":{\"@id\":\"https:\\\/\\\/webdelmaestrocmf.com\\\/portal\\\/secuelas-las-deficiencias-lectoescritura-ortografia-gramatica-la-escuela\\\/#breadcrumb\"},\"inLanguage\":\"es\",\"potentialAction\":[{\"@type\":\"ReadAction\",\"target\":[\"https:\\\/\\\/webdelmaestrocmf.com\\\/portal\\\/secuelas-las-deficiencias-lectoescritura-ortografia-gramatica-la-escuela\\\/\"]}]},{\"@type\":\"ImageObject\",\"inLanguage\":\"es\",\"@id\":\"https:\\\/\\\/webdelmaestrocmf.com\\\/portal\\\/secuelas-las-deficiencias-lectoescritura-ortografia-gramatica-la-escuela\\\/#primaryimage\",\"url\":\"https:\\\/\\\/webdelmaestrocmf.com\\\/portal\\\/wp-content\\\/uploads\\\/2022\\\/06\\\/1AA-Banner-1-portada-imagen-10-1-copia-27.webp\",\"contentUrl\":\"https:\\\/\\\/webdelmaestrocmf.com\\\/portal\\\/wp-content\\\/uploads\\\/2022\\\/06\\\/1AA-Banner-1-portada-imagen-10-1-copia-27.webp\",\"width\":1200,\"height\":675},{\"@type\":\"BreadcrumbList\",\"@id\":\"https:\\\/\\\/webdelmaestrocmf.com\\\/portal\\\/secuelas-las-deficiencias-lectoescritura-ortografia-gramatica-la-escuela\\\/#breadcrumb\",\"itemListElement\":[{\"@type\":\"ListItem\",\"position\":1,\"name\":\"Portada\",\"item\":\"https:\\\/\\\/webdelmaestrocmf.com\\\/portal\\\/\"},{\"@type\":\"ListItem\",\"position\":2,\"name\":\"Noticias Internacionales\",\"item\":\"https:\\\/\\\/webdelmaestrocmf.com\\\/portal\\\/category\\\/noticias-internacionales\\\/\"},{\"@type\":\"ListItem\",\"position\":3,\"name\":\"Profesores universitarios se desesperan por la mala ortograf\u00eda y baja comprensi\u00f3n lectora de sus alumnos: advierten que la situaci\u00f3n ya se percibe como una batalla perdida\"}]},{\"@type\":\"WebSite\",\"@id\":\"https:\\\/\\\/webdelmaestrocmf.com\\\/portal\\\/#website\",\"url\":\"https:\\\/\\\/webdelmaestrocmf.com\\\/portal\\\/\",\"name\":\"Web del Maestro CMF\",\"description\":\"Maestros al servicio de la educaci\u00f3n\",\"publisher\":{\"@id\":\"https:\\\/\\\/webdelmaestrocmf.com\\\/portal\\\/#organization\"},\"alternateName\":\"WMCMF\",\"potentialAction\":[{\"@type\":\"SearchAction\",\"target\":{\"@type\":\"EntryPoint\",\"urlTemplate\":\"https:\\\/\\\/webdelmaestrocmf.com\\\/portal\\\/?s={search_term_string}\"},\"query-input\":{\"@type\":\"PropertyValueSpecification\",\"valueRequired\":true,\"valueName\":\"search_term_string\"}}],\"inLanguage\":\"es\"},{\"@type\":\"Organization\",\"@id\":\"https:\\\/\\\/webdelmaestrocmf.com\\\/portal\\\/#organization\",\"name\":\"Web del Maestro CMF\",\"alternateName\":\"WMCMF\",\"url\":\"https:\\\/\\\/webdelmaestrocmf.com\\\/portal\\\/\",\"logo\":{\"@type\":\"ImageObject\",\"inLanguage\":\"es\",\"@id\":\"https:\\\/\\\/webdelmaestrocmf.com\\\/portal\\\/#\\\/schema\\\/logo\\\/image\\\/\",\"url\":\"https:\\\/\\\/webdelmaestrocmf.com\\\/portal\\\/wp-content\\\/uploads\\\/2023\\\/01\\\/logo-wmcmf-2.png\",\"contentUrl\":\"https:\\\/\\\/webdelmaestrocmf.com\\\/portal\\\/wp-content\\\/uploads\\\/2023\\\/01\\\/logo-wmcmf-2.png\",\"width\":200,\"height\":60,\"caption\":\"Web del Maestro CMF\"},\"image\":{\"@id\":\"https:\\\/\\\/webdelmaestrocmf.com\\\/portal\\\/#\\\/schema\\\/logo\\\/image\\\/\"},\"sameAs\":[\"https:\\\/\\\/www.facebook.com\\\/WebdelMaestroCMF\\\/\",\"https:\\\/\\\/x.com\\\/cmf_w\",\"https:\\\/\\\/www.pinterest.com\\\/WMCMF\\\/\",\"https:\\\/\\\/www.linkedin.com\\\/company\\\/web-del-maestro-cmf\\\/\",\"https:\\\/\\\/www.instagram.com\\\/wmcmf\\\/\",\"https:\\\/\\\/www.youtube.com\\\/channel\\\/UCDPSvjbdodE5sHnC3OxutHw\",\"https:\\\/\\\/mastodon.social\\\/@wmcmf\",\"https:\\\/\\\/www.tiktok.com\\\/@webdelmaestrocmf\"]},{\"@type\":\"Person\",\"@id\":\"https:\\\/\\\/webdelmaestrocmf.com\\\/portal\\\/#\\\/schema\\\/person\\\/1072a2ed7bd960df8ef99a551fa35dc5\",\"name\":\"Web del Maestro CMF\",\"image\":{\"@type\":\"ImageObject\",\"inLanguage\":\"es\",\"@id\":\"https:\\\/\\\/secure.gravatar.com\\\/avatar\\\/23291dd5b5ae1077dcff3dbb04c3e02bd28403fa75af6d8787d5e97c5bbbe30b?s=96&d=mm&r=g\",\"url\":\"https:\\\/\\\/secure.gravatar.com\\\/avatar\\\/23291dd5b5ae1077dcff3dbb04c3e02bd28403fa75af6d8787d5e97c5bbbe30b?s=96&d=mm&r=g\",\"contentUrl\":\"https:\\\/\\\/secure.gravatar.com\\\/avatar\\\/23291dd5b5ae1077dcff3dbb04c3e02bd28403fa75af6d8787d5e97c5bbbe30b?s=96&d=mm&r=g\",\"caption\":\"Web del Maestro CMF\"},\"description\":\"Esta Web se cre\u00f3 sin fines de lucro, con fines educativos, cient\u00edficos y acad\u00e9micos, para personas que tengan dificultades y\\\/o inconvenientes en visualizar el material original. El objetivo es entregar recursos, compartir experiencias y materiales que ayuden a los padres de familia, maestros y estudiantes en su actualizaci\u00f3n y formaci\u00f3n permanente, en bien de la Educaci\u00f3n.\",\"sameAs\":[\"http:\\\/\\\/webdelmaestrocmf.com\\\/portal\",\"https:\\\/\\\/www.facebook.com\\\/WebdelMaestroCMF\\\/\",\"https:\\\/\\\/www.instagram.com\\\/wmcmf\\\/\",\"https:\\\/\\\/cl.linkedin.com\\\/company\\\/web-del-maestro-cmf\",\"https:\\\/\\\/www.pinterest.com\\\/WMCMF\\\/publicaciones\\\/\",\"https:\\\/\\\/x.com\\\/cmf_w\",\"https:\\\/\\\/www.youtube.com\\\/@WMCMF\"]}]}<\/script>\n<!-- \/ Yoast SEO plugin. -->","yoast_head_json":{"title":"Secuelas de las deficiencias de lectoescritura, ortograf\u00eda y gram\u00e1tica en la escuela","description":"LLa creciente preocupaci\u00f3n por la mala redacci\u00f3n, ortograf\u00eda y comprensi\u00f3n lectora en estudiantes universitarios en Costa Rica refleja,,,","robots":{"index":"index","follow":"follow","max-snippet":"max-snippet:-1","max-image-preview":"max-image-preview:large","max-video-preview":"max-video-preview:-1"},"canonical":"https:\/\/webdelmaestrocmf.com\/portal\/secuelas-las-deficiencias-lectoescritura-ortografia-gramatica-la-escuela\/","og_locale":"es_ES","og_type":"article","og_title":"Secuelas de las deficiencias de lectoescritura, ortograf\u00eda y gram\u00e1tica en la escuela","og_description":"LLa creciente preocupaci\u00f3n por la mala redacci\u00f3n, ortograf\u00eda y comprensi\u00f3n lectora en estudiantes universitarios en Costa Rica refleja,,,","og_url":"https:\/\/webdelmaestrocmf.com\/portal\/secuelas-las-deficiencias-lectoescritura-ortografia-gramatica-la-escuela\/","og_site_name":"Web del Maestro CMF","article_publisher":"https:\/\/www.facebook.com\/WebdelMaestroCMF\/","article_author":"https:\/\/www.facebook.com\/WebdelMaestroCMF\/","article_published_time":"2026-04-16T23:15:00+00:00","article_modified_time":"2026-04-17T00:53:04+00:00","og_image":[{"width":1200,"height":675,"url":"https:\/\/webdelmaestrocmf.com\/portal\/wp-content\/uploads\/2022\/06\/1AA-Banner-1-portada-imagen-10-1-copia-27.webp","type":"image\/webp"}],"author":"Web del Maestro CMF","twitter_card":"summary_large_image","twitter_creator":"@cmf_w","twitter_site":"@cmf_w","schema":{"@context":"https:\/\/schema.org","@graph":[{"@type":"ScholarlyArticle","@id":"https:\/\/webdelmaestrocmf.com\/portal\/secuelas-las-deficiencias-lectoescritura-ortografia-gramatica-la-escuela\/#article","isPartOf":{"@id":"https:\/\/webdelmaestrocmf.com\/portal\/secuelas-las-deficiencias-lectoescritura-ortografia-gramatica-la-escuela\/"},"author":{"name":"Web del Maestro CMF","@id":"https:\/\/webdelmaestrocmf.com\/portal\/#\/schema\/person\/1072a2ed7bd960df8ef99a551fa35dc5"},"headline":"Profesores universitarios se desesperan por la mala ortograf\u00eda y baja comprensi\u00f3n lectora de sus alumnos: advierten que la situaci\u00f3n ya se percibe como una batalla perdida","datePublished":"2026-04-16T23:15:00+00:00","dateModified":"2026-04-17T00:53:04+00:00","mainEntityOfPage":{"@id":"https:\/\/webdelmaestrocmf.com\/portal\/secuelas-las-deficiencias-lectoescritura-ortografia-gramatica-la-escuela\/"},"wordCount":842,"commentCount":0,"publisher":{"@id":"https:\/\/webdelmaestrocmf.com\/portal\/#organization"},"image":{"@id":"https:\/\/webdelmaestrocmf.com\/portal\/secuelas-las-deficiencias-lectoescritura-ortografia-gramatica-la-escuela\/#primaryimage"},"thumbnailUrl":"https:\/\/webdelmaestrocmf.com\/portal\/wp-content\/uploads\/2022\/06\/1AA-Banner-1-portada-imagen-10-1-copia-27.webp","keywords":["DEFICIENCIAS","escuela","GRAM\u00c1TICA","LECTOESCRITURA","ORTOGRAF\u00cdA","SECUELAS"],"articleSection":["Noticias Internacionales"],"inLanguage":"es","potentialAction":[{"@type":"CommentAction","name":"Comment","target":["https:\/\/webdelmaestrocmf.com\/portal\/secuelas-las-deficiencias-lectoescritura-ortografia-gramatica-la-escuela\/#respond"]}]},{"@type":"WebPage","@id":"https:\/\/webdelmaestrocmf.com\/portal\/secuelas-las-deficiencias-lectoescritura-ortografia-gramatica-la-escuela\/","url":"https:\/\/webdelmaestrocmf.com\/portal\/secuelas-las-deficiencias-lectoescritura-ortografia-gramatica-la-escuela\/","name":"Secuelas de las deficiencias de lectoescritura, ortograf\u00eda y gram\u00e1tica en la escuela","isPartOf":{"@id":"https:\/\/webdelmaestrocmf.com\/portal\/#website"},"primaryImageOfPage":{"@id":"https:\/\/webdelmaestrocmf.com\/portal\/secuelas-las-deficiencias-lectoescritura-ortografia-gramatica-la-escuela\/#primaryimage"},"image":{"@id":"https:\/\/webdelmaestrocmf.com\/portal\/secuelas-las-deficiencias-lectoescritura-ortografia-gramatica-la-escuela\/#primaryimage"},"thumbnailUrl":"https:\/\/webdelmaestrocmf.com\/portal\/wp-content\/uploads\/2022\/06\/1AA-Banner-1-portada-imagen-10-1-copia-27.webp","datePublished":"2026-04-16T23:15:00+00:00","dateModified":"2026-04-17T00:53:04+00:00","description":"LLa creciente preocupaci\u00f3n por la mala redacci\u00f3n, ortograf\u00eda y comprensi\u00f3n lectora en estudiantes universitarios en Costa Rica refleja,,,","breadcrumb":{"@id":"https:\/\/webdelmaestrocmf.com\/portal\/secuelas-las-deficiencias-lectoescritura-ortografia-gramatica-la-escuela\/#breadcrumb"},"inLanguage":"es","potentialAction":[{"@type":"ReadAction","target":["https:\/\/webdelmaestrocmf.com\/portal\/secuelas-las-deficiencias-lectoescritura-ortografia-gramatica-la-escuela\/"]}]},{"@type":"ImageObject","inLanguage":"es","@id":"https:\/\/webdelmaestrocmf.com\/portal\/secuelas-las-deficiencias-lectoescritura-ortografia-gramatica-la-escuela\/#primaryimage","url":"https:\/\/webdelmaestrocmf.com\/portal\/wp-content\/uploads\/2022\/06\/1AA-Banner-1-portada-imagen-10-1-copia-27.webp","contentUrl":"https:\/\/webdelmaestrocmf.com\/portal\/wp-content\/uploads\/2022\/06\/1AA-Banner-1-portada-imagen-10-1-copia-27.webp","width":1200,"height":675},{"@type":"BreadcrumbList","@id":"https:\/\/webdelmaestrocmf.com\/portal\/secuelas-las-deficiencias-lectoescritura-ortografia-gramatica-la-escuela\/#breadcrumb","itemListElement":[{"@type":"ListItem","position":1,"name":"Portada","item":"https:\/\/webdelmaestrocmf.com\/portal\/"},{"@type":"ListItem","position":2,"name":"Noticias Internacionales","item":"https:\/\/webdelmaestrocmf.com\/portal\/category\/noticias-internacionales\/"},{"@type":"ListItem","position":3,"name":"Profesores universitarios se desesperan por la mala ortograf\u00eda y baja comprensi\u00f3n lectora de sus alumnos: advierten que la situaci\u00f3n ya se percibe como una batalla perdida"}]},{"@type":"WebSite","@id":"https:\/\/webdelmaestrocmf.com\/portal\/#website","url":"https:\/\/webdelmaestrocmf.com\/portal\/","name":"Web del Maestro CMF","description":"Maestros al servicio de la educaci\u00f3n","publisher":{"@id":"https:\/\/webdelmaestrocmf.com\/portal\/#organization"},"alternateName":"WMCMF","potentialAction":[{"@type":"SearchAction","target":{"@type":"EntryPoint","urlTemplate":"https:\/\/webdelmaestrocmf.com\/portal\/?s={search_term_string}"},"query-input":{"@type":"PropertyValueSpecification","valueRequired":true,"valueName":"search_term_string"}}],"inLanguage":"es"},{"@type":"Organization","@id":"https:\/\/webdelmaestrocmf.com\/portal\/#organization","name":"Web del Maestro CMF","alternateName":"WMCMF","url":"https:\/\/webdelmaestrocmf.com\/portal\/","logo":{"@type":"ImageObject","inLanguage":"es","@id":"https:\/\/webdelmaestrocmf.com\/portal\/#\/schema\/logo\/image\/","url":"https:\/\/webdelmaestrocmf.com\/portal\/wp-content\/uploads\/2023\/01\/logo-wmcmf-2.png","contentUrl":"https:\/\/webdelmaestrocmf.com\/portal\/wp-content\/uploads\/2023\/01\/logo-wmcmf-2.png","width":200,"height":60,"caption":"Web del Maestro CMF"},"image":{"@id":"https:\/\/webdelmaestrocmf.com\/portal\/#\/schema\/logo\/image\/"},"sameAs":["https:\/\/www.facebook.com\/WebdelMaestroCMF\/","https:\/\/x.com\/cmf_w","https:\/\/www.pinterest.com\/WMCMF\/","https:\/\/www.linkedin.com\/company\/web-del-maestro-cmf\/","https:\/\/www.instagram.com\/wmcmf\/","https:\/\/www.youtube.com\/channel\/UCDPSvjbdodE5sHnC3OxutHw","https:\/\/mastodon.social\/@wmcmf","https:\/\/www.tiktok.com\/@webdelmaestrocmf"]},{"@type":"Person","@id":"https:\/\/webdelmaestrocmf.com\/portal\/#\/schema\/person\/1072a2ed7bd960df8ef99a551fa35dc5","name":"Web del Maestro CMF","image":{"@type":"ImageObject","inLanguage":"es","@id":"https:\/\/secure.gravatar.com\/avatar\/23291dd5b5ae1077dcff3dbb04c3e02bd28403fa75af6d8787d5e97c5bbbe30b?s=96&d=mm&r=g","url":"https:\/\/secure.gravatar.com\/avatar\/23291dd5b5ae1077dcff3dbb04c3e02bd28403fa75af6d8787d5e97c5bbbe30b?s=96&d=mm&r=g","contentUrl":"https:\/\/secure.gravatar.com\/avatar\/23291dd5b5ae1077dcff3dbb04c3e02bd28403fa75af6d8787d5e97c5bbbe30b?s=96&d=mm&r=g","caption":"Web del Maestro CMF"},"description":"Esta Web se cre\u00f3 sin fines de lucro, con fines educativos, cient\u00edficos y acad\u00e9micos, para personas que tengan dificultades y\/o inconvenientes en visualizar el material original. El objetivo es entregar recursos, compartir experiencias y materiales que ayuden a los padres de familia, maestros y estudiantes en su actualizaci\u00f3n y formaci\u00f3n permanente, en bien de la Educaci\u00f3n.","sameAs":["http:\/\/webdelmaestrocmf.com\/portal","https:\/\/www.facebook.com\/WebdelMaestroCMF\/","https:\/\/www.instagram.com\/wmcmf\/","https:\/\/cl.linkedin.com\/company\/web-del-maestro-cmf","https:\/\/www.pinterest.com\/WMCMF\/publicaciones\/","https:\/\/x.com\/cmf_w","https:\/\/www.youtube.com\/@WMCMF"]}]}},"jetpack_featured_media_url":"https:\/\/webdelmaestrocmf.com\/portal\/wp-content\/uploads\/2022\/06\/1AA-Banner-1-portada-imagen-10-1-copia-27.webp","jetpack_sharing_enabled":true,"jetpack-related-posts":[{"id":32808,"url":"https:\/\/webdelmaestrocmf.com\/portal\/ser-docente-y-el-porque-debe-tener-buena-ortografia\/","url_meta":{"origin":18451,"position":0},"title":"Ser docente y las razones de tener buena ortograf\u00eda","author":"Web del Maestro CMF","date":"23 febrero, 2024","format":false,"excerpt":"Unas 200.000 personas en Espa\u00f1a compitieron en junio para lograr una de las 20.698 plazas de profesor de secundaria (la mayor oferta p\u00fablica) y, para sorpresa general,\u00a0el 9,6% de los puestos quedaron vacantes. El debate sobre el grado de exigencia de estas pruebas persiste y se sabe que las\u00a0faltas de\u2026","rel":"","context":"En \u00abDocentes\u00bb","block_context":{"text":"Docentes","link":"https:\/\/webdelmaestrocmf.com\/portal\/category\/pedagogia\/docentes\/"},"img":{"alt_text":"ortograf\u00eda","src":"https:\/\/i0.wp.com\/webdelmaestrocmf.com\/portal\/wp-content\/uploads\/2020\/11\/Banner-1-portada-imagen-10-1-41.jpg?resize=350%2C200&ssl=1","width":350,"height":200,"srcset":"https:\/\/i0.wp.com\/webdelmaestrocmf.com\/portal\/wp-content\/uploads\/2020\/11\/Banner-1-portada-imagen-10-1-41.jpg?resize=350%2C200&ssl=1 1x, https:\/\/i0.wp.com\/webdelmaestrocmf.com\/portal\/wp-content\/uploads\/2020\/11\/Banner-1-portada-imagen-10-1-41.jpg?resize=525%2C300&ssl=1 1.5x, https:\/\/i0.wp.com\/webdelmaestrocmf.com\/portal\/wp-content\/uploads\/2020\/11\/Banner-1-portada-imagen-10-1-41.jpg?resize=700%2C400&ssl=1 2x"},"classes":[]},{"id":16272,"url":"https:\/\/webdelmaestrocmf.com\/portal\/mejorar-la-ortografia-tus-alumnos-27-libros-pdf-gratis\/","url_meta":{"origin":18451,"position":1},"title":"15 libros de ortograf\u00eda en PDF para descargar","author":"Web del Maestro CMF","date":"21 mayo, 2024","format":false,"excerpt":"La importancia de los libros de ortograf\u00eda radica en su papel fundamental como herramientas formativas que contribuyen al desarrollo efectivo de habilidades ling\u00fc\u00edsticas. Estos libros no solo proporcionan las reglas y normas esenciales para una escritura precisa, sino que tambi\u00e9n cultivan la capacidad de comunicarse de manera clara y efectiva.\u2026","rel":"","context":"En \u00abLibros\u00bb","block_context":{"text":"Libros","link":"https:\/\/webdelmaestrocmf.com\/portal\/category\/pedagogia\/libros\/"},"img":{"alt_text":"libros de ortograf\u00eda","src":"https:\/\/i0.wp.com\/webdelmaestrocmf.com\/portal\/wp-content\/uploads\/2023\/11\/Banner-1-portada-imagen-10-1-2024-05-21T211141.607.jpg?resize=350%2C200&ssl=1","width":350,"height":200,"srcset":"https:\/\/i0.wp.com\/webdelmaestrocmf.com\/portal\/wp-content\/uploads\/2023\/11\/Banner-1-portada-imagen-10-1-2024-05-21T211141.607.jpg?resize=350%2C200&ssl=1 1x, https:\/\/i0.wp.com\/webdelmaestrocmf.com\/portal\/wp-content\/uploads\/2023\/11\/Banner-1-portada-imagen-10-1-2024-05-21T211141.607.jpg?resize=525%2C300&ssl=1 1.5x, https:\/\/i0.wp.com\/webdelmaestrocmf.com\/portal\/wp-content\/uploads\/2023\/11\/Banner-1-portada-imagen-10-1-2024-05-21T211141.607.jpg?resize=700%2C400&ssl=1 2x"},"classes":[]},{"id":95171,"url":"https:\/\/webdelmaestrocmf.com\/portal\/ultimas-actualizaciones-ortograficas-setiembre-2023-incluido-construido-y-huida-ya-no-llevaran-tilde\/","url_meta":{"origin":18451,"position":2},"title":"\u00daltimas actualizaciones ortogr\u00e1ficas (Setiembre 2023): incluido, construido y huida ya no llevar\u00e1n tilde","author":"Web del Maestro CMF","date":"18 septiembre, 2023","format":false,"excerpt":"\u00bfCu\u00e1nto depende de los primeros a\u00f1os de educaci\u00f3n primaria, el que tengamos buena ortograf\u00eda? \u00bfNuestros programas de Formaci\u00f3n Docente tienen el cuidado y la atenci\u00f3n de graduar profesores con buena ortograf\u00eda? La profesora de la Universidad de Costa Rica, Gabriela R\u00edos Gonz\u00e1lez, nos opina que \u201cel problema de la ortograf\u00eda\u2026","rel":"","context":"En \u00abYo opino - WMCMF\u00bb","block_context":{"text":"Yo opino - WMCMF","link":"https:\/\/webdelmaestrocmf.com\/portal\/category\/jamb\/"},"img":{"alt_text":"ortograf\u00eda","src":"https:\/\/i0.wp.com\/webdelmaestrocmf.com\/portal\/wp-content\/uploads\/2023\/09\/A12B3C4D-4-1.jpg?resize=350%2C200&ssl=1","width":350,"height":200,"srcset":"https:\/\/i0.wp.com\/webdelmaestrocmf.com\/portal\/wp-content\/uploads\/2023\/09\/A12B3C4D-4-1.jpg?resize=350%2C200&ssl=1 1x, https:\/\/i0.wp.com\/webdelmaestrocmf.com\/portal\/wp-content\/uploads\/2023\/09\/A12B3C4D-4-1.jpg?resize=525%2C300&ssl=1 1.5x, https:\/\/i0.wp.com\/webdelmaestrocmf.com\/portal\/wp-content\/uploads\/2023\/09\/A12B3C4D-4-1.jpg?resize=700%2C400&ssl=1 2x"},"classes":[]},{"id":55838,"url":"https:\/\/webdelmaestrocmf.com\/portal\/curso-gratuito-online-de-ortografia-para-que-mejores-tu-escritura-y-de-fundamentos-de-la-escritura-2020-2021\/","url_meta":{"origin":18451,"position":3},"title":"Curso gratuito online de \u00abOrtograf\u00eda\u00bb para que mejores tu escritura y de \u00abFundamentos de la escritura\u00bb","author":"Web del Maestro CMF","date":"13 diciembre, 2020","format":false,"excerpt":"La Universidad Nacional Aut\u00f3noma de M\u00e9xico\u00a0(UNAM) en conjunto con la Coordinaci\u00f3n de Universidad Abierta y Educaci\u00f3n a Distancia (CUAED) crearon la plataforma Aprendo+,\u00a0un portal creado para mejorar la oferta educativa en l\u00ednea con modalidad abierta. En esta oportunidad se encuentra disponible el curso de \"Ortograf\u00eda\" proporcionado por la UNAM y\u2026","rel":"","context":"En \u00abCursos\u00bb","block_context":{"text":"Cursos","link":"https:\/\/webdelmaestrocmf.com\/portal\/category\/cursos\/"},"img":{"alt_text":"","src":"https:\/\/i0.wp.com\/webdelmaestrocmf.com\/portal\/wp-content\/uploads\/2020\/12\/1-21.jpg?resize=350%2C200&ssl=1","width":350,"height":200,"srcset":"https:\/\/i0.wp.com\/webdelmaestrocmf.com\/portal\/wp-content\/uploads\/2020\/12\/1-21.jpg?resize=350%2C200&ssl=1 1x, https:\/\/i0.wp.com\/webdelmaestrocmf.com\/portal\/wp-content\/uploads\/2020\/12\/1-21.jpg?resize=525%2C300&ssl=1 1.5x, https:\/\/i0.wp.com\/webdelmaestrocmf.com\/portal\/wp-content\/uploads\/2020\/12\/1-21.jpg?resize=700%2C400&ssl=1 2x, https:\/\/i0.wp.com\/webdelmaestrocmf.com\/portal\/wp-content\/uploads\/2020\/12\/1-21.jpg?resize=1050%2C600&ssl=1 3x"},"classes":[]},{"id":72082,"url":"https:\/\/webdelmaestrocmf.com\/portal\/ultimos-cambios-sobre-los-simbolos-siglas-numeros-latinismos-y-extranjerismos-en-la-ortografia-de-la-lengua-espanola\/","url_meta":{"origin":18451,"position":4},"title":"\u00daltimos cambios sobre los s\u00edmbolos, siglas, n\u00fameros, latinismos y extranjerismos en la ortograf\u00eda de la lengua espa\u00f1ola","author":"Web del Maestro CMF","date":"19 junio, 2022","format":false,"excerpt":"Para Natalia In\u00e9s De La Rosa Santillana, profesora de la Universidad Aut\u00f3noma del Estado de Hidalgo (M\u00e9xico), los profesores \u201csomos modelo de nuestros alumnos, a seguir para muchos de ellos, por lo tanto, debemos esmerarnos para que se lleven un buen ejemplo, necesitamos aumentar nuestro bagaje cultural, a fin de\u2026","rel":"","context":"En \u00abYo opino - WMCMF\u00bb","block_context":{"text":"Yo opino - WMCMF","link":"https:\/\/webdelmaestrocmf.com\/portal\/category\/jamb\/"},"img":{"alt_text":"","src":"https:\/\/i0.wp.com\/webdelmaestrocmf.com\/portal\/wp-content\/uploads\/2021\/12\/1WEDRT-7.jpg?resize=350%2C200&ssl=1","width":350,"height":200,"srcset":"https:\/\/i0.wp.com\/webdelmaestrocmf.com\/portal\/wp-content\/uploads\/2021\/12\/1WEDRT-7.jpg?resize=350%2C200&ssl=1 1x, https:\/\/i0.wp.com\/webdelmaestrocmf.com\/portal\/wp-content\/uploads\/2021\/12\/1WEDRT-7.jpg?resize=525%2C300&ssl=1 1.5x, https:\/\/i0.wp.com\/webdelmaestrocmf.com\/portal\/wp-content\/uploads\/2021\/12\/1WEDRT-7.jpg?resize=700%2C400&ssl=1 2x, https:\/\/i0.wp.com\/webdelmaestrocmf.com\/portal\/wp-content\/uploads\/2021\/12\/1WEDRT-7.jpg?resize=1050%2C600&ssl=1 3x"},"classes":[]},{"id":110199,"url":"https:\/\/webdelmaestrocmf.com\/portal\/dictados-y-otros-errores-frecuentes-que-se-cometen-al-ensenar-ortografia\/","url_meta":{"origin":18451,"position":5},"title":"Dictados y otros errores frecuentes que se cometen al ense\u00f1ar ortograf\u00eda","author":"Web del Maestro CMF","date":"19 junio, 2025","format":false,"excerpt":"C\u00f3mo podemos aprender a escribir mejor","rel":"","context":"En \u00abDictado\u00bb","block_context":{"text":"Dictado","link":"https:\/\/webdelmaestrocmf.com\/portal\/category\/pedagogia\/dictado\/"},"img":{"alt_text":"","src":"https:\/\/i0.wp.com\/webdelmaestrocmf.com\/portal\/wp-content\/uploads\/2025\/06\/1A-Banner-1-portada-imagen-10-1-copia-11.jpg?resize=350%2C200&ssl=1","width":350,"height":200,"srcset":"https:\/\/i0.wp.com\/webdelmaestrocmf.com\/portal\/wp-content\/uploads\/2025\/06\/1A-Banner-1-portada-imagen-10-1-copia-11.jpg?resize=350%2C200&ssl=1 1x, https:\/\/i0.wp.com\/webdelmaestrocmf.com\/portal\/wp-content\/uploads\/2025\/06\/1A-Banner-1-portada-imagen-10-1-copia-11.jpg?resize=525%2C300&ssl=1 1.5x, https:\/\/i0.wp.com\/webdelmaestrocmf.com\/portal\/wp-content\/uploads\/2025\/06\/1A-Banner-1-portada-imagen-10-1-copia-11.jpg?resize=700%2C400&ssl=1 2x"},"classes":[]}],"_links":{"self":[{"href":"https:\/\/webdelmaestrocmf.com\/portal\/wp-json\/wp\/v2\/posts\/18451","targetHints":{"allow":["GET"]}}],"collection":[{"href":"https:\/\/webdelmaestrocmf.com\/portal\/wp-json\/wp\/v2\/posts"}],"about":[{"href":"https:\/\/webdelmaestrocmf.com\/portal\/wp-json\/wp\/v2\/types\/post"}],"author":[{"embeddable":true,"href":"https:\/\/webdelmaestrocmf.com\/portal\/wp-json\/wp\/v2\/users\/1"}],"replies":[{"embeddable":true,"href":"https:\/\/webdelmaestrocmf.com\/portal\/wp-json\/wp\/v2\/comments?post=18451"}],"version-history":[{"count":1,"href":"https:\/\/webdelmaestrocmf.com\/portal\/wp-json\/wp\/v2\/posts\/18451\/revisions"}],"predecessor-version":[{"id":117883,"href":"https:\/\/webdelmaestrocmf.com\/portal\/wp-json\/wp\/v2\/posts\/18451\/revisions\/117883"}],"wp:featuredmedia":[{"embeddable":true,"href":"https:\/\/webdelmaestrocmf.com\/portal\/wp-json\/wp\/v2\/media\/117884"}],"wp:attachment":[{"href":"https:\/\/webdelmaestrocmf.com\/portal\/wp-json\/wp\/v2\/media?parent=18451"}],"wp:term":[{"taxonomy":"category","embeddable":true,"href":"https:\/\/webdelmaestrocmf.com\/portal\/wp-json\/wp\/v2\/categories?post=18451"},{"taxonomy":"post_tag","embeddable":true,"href":"https:\/\/webdelmaestrocmf.com\/portal\/wp-json\/wp\/v2\/tags?post=18451"}],"curies":[{"name":"wp","href":"https:\/\/api.w.org\/{rel}","templated":true}]}}