{"id":18324,"date":"2024-02-25T19:00:44","date_gmt":"2024-02-25T22:00:44","guid":{"rendered":"http:\/\/webdelmaestrocmf.com\/portal\/?p=18324"},"modified":"2024-02-25T19:59:47","modified_gmt":"2024-02-25T22:59:47","slug":"10-guias-manuales-capacidades-diferentes-aprendizaje","status":"publish","type":"post","link":"https:\/\/webdelmaestrocmf.com\/portal\/10-guias-manuales-capacidades-diferentes-aprendizaje\/","title":{"rendered":"Manuales para las diferentes capacidades de aprendizaje"},"content":{"rendered":"<p style=\"text-align: justify;\"><strong>En el complejo mundo educativo, la diversidad de habilidades y ritmos de aprendizaje entre los estudiantes es una realidad que no podemos obviar. Es importante reconocer que existen ni\u00f1os y ni\u00f1as cuyas capacidades difieren del promedio, ya sea por dificultades que les impiden seguir el ritmo del grupo o por un rendimiento acad\u00e9mico excepcional que demanda atenci\u00f3n especializada.<\/strong><!--more--><\/p>\n<p style=\"text-align: justify;\">Cuando nos referimos a ni\u00f1os con capacidades diferentes, hablamos de aquellos que enfrentan obst\u00e1culos para cumplir con la curr\u00edcula escolar conforme a su edad y proceso evolutivo. Estos infantes requieren un apoyo personalizado y espec\u00edfico, tanto a nivel individual como grupal, para garantizar su desarrollo integral.<\/p>\n<p style=\"text-align: justify;\">Sin embargo, no solo se trata de brindar apoyo a aquellos con necesidades especiales, sino tambi\u00e9n de reconocer y nutrir el potencial de aquellos que destacan por encima del promedio. Es por ello que se han desarrollado diversos materiales y gu\u00edas destinados a abordar las distintas dimensiones de la diversidad educativa.<\/p>\n<p style=\"text-align: justify;\">Entre estas herramientas, destacan los manuales elaborados por la Unidad de Educaci\u00f3n Especial de la Divisi\u00f3n de Educaci\u00f3n General del Ministerio de Educaci\u00f3n, datados en el a\u00f1o 2008. Estos manuales, concebidos con el prop\u00f3sito de comprender y atender a los ni\u00f1os menores de 6 a\u00f1os con necesidades educativas especiales (NEE), abordan una amplia gama de tem\u00e1ticas pertinentes a la diversidad funcional.<\/p>\n<p style=\"text-align: justify;\">El material se compone de once gu\u00edas, cada una enfocada en un aspecto espec\u00edfico:<\/p>\n<ol style=\"text-align: justify;\">\n<li>Necesidades espec\u00edficas de apoyo educativo<\/li>\n<li>Altas capacidades intelectuales<\/li>\n<li>Limitaciones en la movilidad<\/li>\n<li>Trastornos de conducta<\/li>\n<li>Trastornos generales de desarrollo<\/li>\n<li>S\u00edndrome de Down<\/li>\n<li>Discapacidad auditiva<\/li>\n<li>Discapacidad visual y sordoseguera<\/li>\n<li>Enfermedades cr\u00f3nicas y raras<\/li>\n<li>Discapacidad intelectual<\/li>\n<li>TDAH (Trastorno por d\u00e9ficit de atenci\u00f3n con o sin hiperactividad)<\/li>\n<\/ol>\n<p style=\"text-align: justify;\">Adem\u00e1s de estas, se incluyen ocho gu\u00edas adicionales que abordan aspectos espec\u00edficos de las necesidades educativas especiales en el nivel de Educaci\u00f3n Parvularia:<\/p>\n<ol style=\"text-align: justify;\">\n<li>Gu\u00eda Introductoria<\/li>\n<li>Gu\u00eda NEE Auditiva<\/li>\n<li>Gu\u00eda NEE Visual<\/li>\n<li>Gu\u00eda NEE Motora<\/li>\n<li>Gu\u00eda NEE de Atenci\u00f3n y Concentraci\u00f3n<\/li>\n<li>Gu\u00eda NEE Intelectual<\/li>\n<li>Gu\u00eda NEE de Autismo<\/li>\n<li>Gu\u00eda NEE de Lenguaje y Aprendizaje<\/li>\n<\/ol>\n<p style=\"text-align: justify;\">Cada gu\u00eda proporciona orientaciones y sugerencias espec\u00edficas para abordar las necesidades particulares de cada grupo de estudiantes, con el fin de promover su inclusi\u00f3n y participaci\u00f3n activa en el proceso educativo.<\/p>\n<p style=\"text-align: justify;\">Es fundamental comprender que la diversidad en el aula no es un obst\u00e1culo, sino una oportunidad para enriquecer el proceso de ense\u00f1anza-aprendizaje. Estos manuales no solo son herramientas para los docentes, sino tambi\u00e9n para toda la comunidad educativa, facilitando la creaci\u00f3n de entornos inclusivos donde cada ni\u00f1o y ni\u00f1a tenga la oportunidad de desarrollar su m\u00e1ximo potencial.<\/p>\n<p style=\"text-align: justify;\">En resumen, los manuales para las diferentes capacidades de aprendizaje representan un valioso recurso para promover una educaci\u00f3n m\u00e1s equitativa y accesible, donde la diversidad sea celebrada y valorada como un pilar fundamental del proceso educativo.<\/p>\n<p><img loading=\"lazy\" decoding=\"async\" class=\"alignnone size-full wp-image-48293\" src=\"https:\/\/webdelmaestrocmf.com\/portal\/wp-content\/uploads\/2018\/04\/1-2.png\" alt=\"\" width=\"1406\" height=\"694\" srcset=\"https:\/\/webdelmaestrocmf.com\/portal\/wp-content\/uploads\/2018\/04\/1-2.png 1406w, https:\/\/webdelmaestrocmf.com\/portal\/wp-content\/uploads\/2018\/04\/1-2-300x148.png 300w, https:\/\/webdelmaestrocmf.com\/portal\/wp-content\/uploads\/2018\/04\/1-2-1024x505.png 1024w, https:\/\/webdelmaestrocmf.com\/portal\/wp-content\/uploads\/2018\/04\/1-2-768x379.png 768w, https:\/\/webdelmaestrocmf.com\/portal\/wp-content\/uploads\/2018\/04\/1-2-110x54.png 110w, https:\/\/webdelmaestrocmf.com\/portal\/wp-content\/uploads\/2018\/04\/1-2-200x99.png 200w, https:\/\/webdelmaestrocmf.com\/portal\/wp-content\/uploads\/2018\/04\/1-2-380x188.png 380w, https:\/\/webdelmaestrocmf.com\/portal\/wp-content\/uploads\/2018\/04\/1-2-255x126.png 255w, https:\/\/webdelmaestrocmf.com\/portal\/wp-content\/uploads\/2018\/04\/1-2-550x271.png 550w, https:\/\/webdelmaestrocmf.com\/portal\/wp-content\/uploads\/2018\/04\/1-2-800x395.png 800w, https:\/\/webdelmaestrocmf.com\/portal\/wp-content\/uploads\/2018\/04\/1-2-1160x573.png 1160w\" sizes=\"auto, (max-width: 1406px) 100vw, 1406px\" \/><\/p>\n<p style=\"text-align: center;\">Recomendamos a la Comunidad Educativa Digital tener en cuenta que, el enlace y\/o la carpeta en donde est\u00e1n alojados los libros, recursos y\/o materiales, no es administrado por la Web del Maestro CMF, pueda ser que en cuesti\u00f3n de d\u00edas (o seg\u00fan el tiempo transcurrido desde su publicaci\u00f3n), los enlaces no funcionen y el material ya no se encuentre disponible. Gracias por su comprensi\u00f3n.<\/p>\n<p style=\"text-align: center;\">ENLACE DE LECTURA: ENLACE 1: <a href=\"https:\/\/drive.google.com\/drive\/folders\/0B09ALcQG8dKvdEVaTkNjdnpobk0?resourcekey=0-wz227ClRVFAhk7mjN1SyAA&amp;usp=sharing\" target=\"_blank\" rel=\"noopener noreferrer\">11 GU\u00cdAS SOBRE DIFERENTES CAPACIDADES DE APRENDIZAJE<\/a> | <a href=\"https:\/\/drive.google.com\/drive\/folders\/1SohXfQ7b6lFd75odeQP1sJcJtPDOpUFm?usp=sharing\" target=\"_blank\" rel=\"noopener noreferrer\">08 GU\u00cdAS SOBRE DIFERENTES CAPACIDADES DE APRENDIZAJE<\/a><\/p>\n\t\t<div class=\"pk-inline-posts\">\n\t\t\t\n\t\t\t<div class=\"pk-inline-posts-container pk-inline-posts-template-list\"\n\t\t\t\tdata-columns=\"1\">\n\t\t\t\t\t\t<article id=\"post-95551\" class=\"post-95551 post type-post status-publish format-standard has-post-thumbnail category-deficit-de-atencion category-descargas-manuales-pdf category-pedagogia tag-actividades-al-aire-libre tag-actividades-en-casa tag-actividades-escolares tag-ambiente-de-aprendizaje tag-atencion tag-atencion-plena tag-comprension-lectora tag-concentracion tag-desarrollo-cognitivo tag-educacion tag-ejercicios-de-atencion tag-ejercicios-de-respiracion tag-estrategias-educativas tag-habilidades-de-atencio tag-herramientas-visuales tag-juegos-de-atencion tag-juegos-de-mesa tag-lectura-conjunta tag-limitar-tiempo-de-pantalla tag-mindfulness tag-ninos-distraidos tag-organizacion tag-pausas-activas tag-rompecabezas tag-rutinas tag-tareas-domesticas tag-tdah tag-tecnicas-de-concentracion tag-tiempo-de-silencio cs-entry cs-video-wrap\">\n\t\t\t<div class=\"pk-post-outer\">\n\n\t\t\t\t\t\t\t\t<div class=\"pk-post-inner\">\n\t\t\t\t\t<div class=\"entry-thumbnail\">\n\t\t\t\t\t\t<div class=\"pk-overlay pk-overlay-ratio pk-ratio-landscape\">\n\t\t\t\t\t\t\t<div class=\"pk-overlay-background\">\n\t\t\t\t\t\t\t\t<a href=\"https:\/\/webdelmaestrocmf.com\/portal\/como-educar-a-ninos-distraidos-o-despistados-que-se-puede-hacer-en-clase\/\" class=\"pk-overlay-link\">\n\t\t\t\t\t\t\t\t\t<img loading=\"lazy\" decoding=\"async\" width=\"300\" height=\"225\" src=\"https:\/\/webdelmaestrocmf.com\/portal\/wp-content\/uploads\/2023\/09\/1A-Banner-1-portada-imagen-10-1-copia-1-300x225.jpg\" class=\"attachment-pk-thumbnail size-pk-thumbnail wp-post-image\" alt=\"\" \/>\t\t\t\t\t\t\t\t<\/a>\n\t\t\t\t\t\t\t<\/div>\n\t\t\t\t\t\t<\/div>\n\t\t\t\t\t<\/div>\n\t\t\t\t<\/div>\n\t\t\t\t\n\t\t\t\t<div class=\"pk-post-inner\">\n\t\t\t\t\t<header>\n\t\t\t\t\t\t<h3 class=\"pk-title\"><a href=\"https:\/\/webdelmaestrocmf.com\/portal\/como-educar-a-ninos-distraidos-o-despistados-que-se-puede-hacer-en-clase\/\" rel=\"bookmark\">C\u00f3mo educar a ni\u00f1os distra\u00eddos o despistados. \u00bfQu\u00e9 se puede hacer en clase? Descarga las 80 actividades para trabajar la atenci\u00f3n en clases<\/a><\/h3>\t\t\t\t\t<\/header><!-- .entry-header -->\n\t\t\t\t<\/div><!-- .post-inner -->\n\n\t\t\t<\/div><!-- .post-outer -->\n\t\t<\/article>\n\t\t\t<article id=\"post-20592\" class=\"post-20592 post type-post status-publish format-standard has-post-thumbnail category-descarga category-descargas-manuales-pdf category-estres category-pedagogia tag-docentes tag-educadores tag-guia tag-mindfulness tag-practica cs-entry cs-video-wrap\">\n\t\t\t<div class=\"pk-post-outer\">\n\n\t\t\t\t\t\t\t\t<div class=\"pk-post-inner\">\n\t\t\t\t\t<div class=\"entry-thumbnail\">\n\t\t\t\t\t\t<div class=\"pk-overlay pk-overlay-ratio pk-ratio-landscape\">\n\t\t\t\t\t\t\t<div class=\"pk-overlay-background\">\n\t\t\t\t\t\t\t\t<a href=\"https:\/\/webdelmaestrocmf.com\/portal\/mindfulness-guia-practica-docentes-educadores\/\" class=\"pk-overlay-link\">\n\t\t\t\t\t\t\t\t\t<img loading=\"lazy\" decoding=\"async\" width=\"300\" height=\"225\" src=\"https:\/\/webdelmaestrocmf.com\/portal\/wp-content\/uploads\/2020\/03\/1AA-Banner-1-portada-imagen-10-1-copia-4-300x225.webp\" class=\"attachment-pk-thumbnail size-pk-thumbnail wp-post-image\" alt=\"\" \/>\t\t\t\t\t\t\t\t<\/a>\n\t\t\t\t\t\t\t<\/div>\n\t\t\t\t\t\t<\/div>\n\t\t\t\t\t<\/div>\n\t\t\t\t<\/div>\n\t\t\t\t\n\t\t\t\t<div class=\"pk-post-inner\">\n\t\t\t\t\t<header>\n\t\t\t\t\t\t<h3 class=\"pk-title\"><a href=\"https:\/\/webdelmaestrocmf.com\/portal\/mindfulness-guia-practica-docentes-educadores\/\" rel=\"bookmark\">Mindfulness: Gu\u00eda pr\u00e1ctica para docentes y educadores<\/a><\/h3>\t\t\t\t\t<\/header><!-- .entry-header -->\n\t\t\t\t<\/div><!-- .post-inner -->\n\n\t\t\t<\/div><!-- .post-outer -->\n\t\t<\/article>\n\t\t\t<article id=\"post-93337\" class=\"post-93337 post type-post status-publish format-standard has-post-thumbnail category-descargas-manuales-pdf category-pedagogia tag-adaptabilidad-educativa tag-alumnos tag-ambiente-familiar tag-analisis-de-datos tag-apoyo-emocional tag-apoyo-integral tag-aprendizaje-centrado-en-el-estudiante tag-circulo-familiar tag-colaboracion-escolar tag-comunicacion-abierta tag-comunicacion-con-padres tag-comunicacion-educativa tag-comunicacion-sensible tag-conectividad-estudiantil tag-datos-de-estudiantes tag-datos-educativos tag-desarrollo-estudiantil tag-desarrollo-psicologico tag-entorno-de-aprendizaje tag-entrevista tag-entrevista-a-padres-de-familia tag-estrategias-de-mejora tag-estrategias-pedagogicas tag-evaluacion-formativa tag-expectativas-educativas tag-familia tag-ficha-de-entrevista tag-padres tag-personalizacion-curricular tag-personalizacion-del-aprendizaje tag-planificacion-educativa tag-recursos-educativos tag-relacion-escuela-hogar tag-rendimiento-academico cs-entry cs-video-wrap\">\n\t\t\t<div class=\"pk-post-outer\">\n\n\t\t\t\t\t\t\t\t<div class=\"pk-post-inner\">\n\t\t\t\t\t<div class=\"entry-thumbnail\">\n\t\t\t\t\t\t<div class=\"pk-overlay pk-overlay-ratio pk-ratio-landscape\">\n\t\t\t\t\t\t\t<div class=\"pk-overlay-background\">\n\t\t\t\t\t\t\t\t<a href=\"https:\/\/webdelmaestrocmf.com\/portal\/entrevista-a-padres-de-familia-y-alumnos\/\" class=\"pk-overlay-link\">\n\t\t\t\t\t\t\t\t\t<img loading=\"lazy\" decoding=\"async\" width=\"300\" height=\"225\" src=\"https:\/\/webdelmaestrocmf.com\/portal\/wp-content\/uploads\/2023\/08\/1AA-Banner-1-portada-imagen-10-1-copia-1-300x225.webp\" class=\"attachment-pk-thumbnail size-pk-thumbnail wp-post-image\" alt=\"\" \/>\t\t\t\t\t\t\t\t<\/a>\n\t\t\t\t\t\t\t<\/div>\n\t\t\t\t\t\t<\/div>\n\t\t\t\t\t<\/div>\n\t\t\t\t<\/div>\n\t\t\t\t\n\t\t\t\t<div class=\"pk-post-inner\">\n\t\t\t\t\t<header>\n\t\t\t\t\t\t<h3 class=\"pk-title\"><a href=\"https:\/\/webdelmaestrocmf.com\/portal\/entrevista-a-padres-de-familia-y-alumnos\/\" rel=\"bookmark\">Entrevista a padres de familia y alumnos<\/a><\/h3>\t\t\t\t\t<\/header><!-- .entry-header -->\n\t\t\t\t<\/div><!-- .post-inner -->\n\n\t\t\t<\/div><!-- .post-outer -->\n\t\t<\/article>\n\t\t\t\t<\/div>\n\t\t<\/div>\n\t\t\n","protected":false},"excerpt":{"rendered":"En el complejo mundo educativo, la diversidad de habilidades y ritmos de aprendizaje entre los estudiantes es una&hellip;","protected":false},"author":1,"featured_media":104308,"comment_status":"open","ping_status":"open","sticky":false,"template":"","format":"standard","meta":{"csco_display_header_overlay":false,"csco_singular_sidebar":"default","csco_page_header_type":"default","csco_page_load_nextpost":"default","csco_post_video_location":[],"csco_post_video_location_hash":"","csco_post_video_url":"","csco_post_video_bg_start_time":0,"csco_post_video_bg_end_time":0,"csco_post_video_bg_volume":false,"_jetpack_memberships_contains_paid_content":false,"footnotes":""},"categories":[2004,735],"tags":[77,1556,2186,2019,2185],"class_list":{"0":"post-18324","1":"post","2":"type-post","3":"status-publish","4":"format-standard","5":"has-post-thumbnail","7":"category-descargas-manuales-pdf","8":"category-pedagogia","9":"tag-aprendizaje","10":"tag-capacidades","11":"tag-diferentes","12":"tag-guias","13":"tag-manuales","14":"cs-entry","15":"cs-video-wrap"},"yoast_head":"<!-- This site is optimized with the Yoast SEO plugin v27.4 - https:\/\/yoast.com\/product\/yoast-seo-wordpress\/ -->\n<title>Manuales para las diferentes capacidades de aprendizaje<\/title>\n<meta name=\"description\" content=\"Se considera a un ni\u00f1o o ni\u00f1a con capacidades diferentes, cuando tiene dificultad para seguir el mismo ritmo de aprendizaje del...\" \/>\n<meta name=\"robots\" content=\"index, follow, max-snippet:-1, max-image-preview:large, max-video-preview:-1\" \/>\n<link rel=\"canonical\" href=\"https:\/\/webdelmaestrocmf.com\/portal\/10-guias-manuales-capacidades-diferentes-aprendizaje\/\" \/>\n<meta property=\"og:locale\" content=\"es_ES\" \/>\n<meta property=\"og:type\" content=\"article\" \/>\n<meta property=\"og:title\" content=\"Manuales para las diferentes capacidades de aprendizaje\" \/>\n<meta property=\"og:description\" content=\"Se considera a un ni\u00f1o o ni\u00f1a con capacidades diferentes, cuando tiene dificultad para seguir el mismo ritmo de aprendizaje del...\" \/>\n<meta property=\"og:url\" content=\"https:\/\/webdelmaestrocmf.com\/portal\/10-guias-manuales-capacidades-diferentes-aprendizaje\/\" \/>\n<meta property=\"og:site_name\" content=\"Web del Maestro CMF\" \/>\n<meta property=\"article:publisher\" content=\"https:\/\/www.facebook.com\/WebdelMaestroCMF\/\" \/>\n<meta property=\"article:author\" content=\"https:\/\/www.facebook.com\/WebdelMaestroCMF\/\" \/>\n<meta property=\"article:published_time\" content=\"2024-02-25T22:00:44+00:00\" \/>\n<meta property=\"article:modified_time\" content=\"2024-02-25T22:59:47+00:00\" \/>\n<meta property=\"og:image\" content=\"https:\/\/webdelmaestrocmf.com\/portal\/wp-content\/uploads\/2020\/01\/Banner-1-portada-imagen-10-1-55.jpg\" \/>\n\t<meta property=\"og:image:width\" content=\"1024\" \/>\n\t<meta property=\"og:image:height\" content=\"1024\" \/>\n\t<meta property=\"og:image:type\" content=\"image\/jpeg\" \/>\n<meta name=\"author\" content=\"Web del Maestro CMF\" \/>\n<meta name=\"twitter:card\" content=\"summary_large_image\" \/>\n<meta name=\"twitter:creator\" content=\"@cmf_w\" \/>\n<meta name=\"twitter:site\" content=\"@cmf_w\" \/>\n<meta name=\"twitter:label1\" content=\"Escrito por\" \/>\n\t<meta name=\"twitter:data1\" content=\"Web del Maestro CMF\" \/>\n\t<meta name=\"twitter:label2\" content=\"Tiempo de lectura\" \/>\n\t<meta name=\"twitter:data2\" content=\"3 minutos\" \/>\n<script type=\"application\/ld+json\" class=\"yoast-schema-graph\">{\"@context\":\"https:\\\/\\\/schema.org\",\"@graph\":[{\"@type\":\"ScholarlyArticle\",\"@id\":\"https:\\\/\\\/webdelmaestrocmf.com\\\/portal\\\/10-guias-manuales-capacidades-diferentes-aprendizaje\\\/#article\",\"isPartOf\":{\"@id\":\"https:\\\/\\\/webdelmaestrocmf.com\\\/portal\\\/10-guias-manuales-capacidades-diferentes-aprendizaje\\\/\"},\"author\":{\"name\":\"Web del Maestro CMF\",\"@id\":\"https:\\\/\\\/webdelmaestrocmf.com\\\/portal\\\/#\\\/schema\\\/person\\\/1072a2ed7bd960df8ef99a551fa35dc5\"},\"headline\":\"Manuales para las diferentes capacidades de aprendizaje\",\"datePublished\":\"2024-02-25T22:00:44+00:00\",\"dateModified\":\"2024-02-25T22:59:47+00:00\",\"mainEntityOfPage\":{\"@id\":\"https:\\\/\\\/webdelmaestrocmf.com\\\/portal\\\/10-guias-manuales-capacidades-diferentes-aprendizaje\\\/\"},\"wordCount\":602,\"commentCount\":0,\"publisher\":{\"@id\":\"https:\\\/\\\/webdelmaestrocmf.com\\\/portal\\\/#organization\"},\"image\":{\"@id\":\"https:\\\/\\\/webdelmaestrocmf.com\\\/portal\\\/10-guias-manuales-capacidades-diferentes-aprendizaje\\\/#primaryimage\"},\"thumbnailUrl\":\"https:\\\/\\\/webdelmaestrocmf.com\\\/portal\\\/wp-content\\\/uploads\\\/2020\\\/01\\\/Banner-1-portada-imagen-10-1-55.jpg\",\"keywords\":[\"aprendizaje\",\"CAPACIDADES\",\"DIFERENTES\",\"GU\u00cdAS\",\"MANUALES\"],\"articleSection\":[\"Descargas Manuales PDF\",\"Recursos\"],\"inLanguage\":\"es\",\"potentialAction\":[{\"@type\":\"CommentAction\",\"name\":\"Comment\",\"target\":[\"https:\\\/\\\/webdelmaestrocmf.com\\\/portal\\\/10-guias-manuales-capacidades-diferentes-aprendizaje\\\/#respond\"]}]},{\"@type\":\"WebPage\",\"@id\":\"https:\\\/\\\/webdelmaestrocmf.com\\\/portal\\\/10-guias-manuales-capacidades-diferentes-aprendizaje\\\/\",\"url\":\"https:\\\/\\\/webdelmaestrocmf.com\\\/portal\\\/10-guias-manuales-capacidades-diferentes-aprendizaje\\\/\",\"name\":\"Manuales para las diferentes capacidades de aprendizaje\",\"isPartOf\":{\"@id\":\"https:\\\/\\\/webdelmaestrocmf.com\\\/portal\\\/#website\"},\"primaryImageOfPage\":{\"@id\":\"https:\\\/\\\/webdelmaestrocmf.com\\\/portal\\\/10-guias-manuales-capacidades-diferentes-aprendizaje\\\/#primaryimage\"},\"image\":{\"@id\":\"https:\\\/\\\/webdelmaestrocmf.com\\\/portal\\\/10-guias-manuales-capacidades-diferentes-aprendizaje\\\/#primaryimage\"},\"thumbnailUrl\":\"https:\\\/\\\/webdelmaestrocmf.com\\\/portal\\\/wp-content\\\/uploads\\\/2020\\\/01\\\/Banner-1-portada-imagen-10-1-55.jpg\",\"datePublished\":\"2024-02-25T22:00:44+00:00\",\"dateModified\":\"2024-02-25T22:59:47+00:00\",\"description\":\"Se considera a un ni\u00f1o o ni\u00f1a con capacidades diferentes, cuando tiene dificultad para seguir el mismo ritmo de aprendizaje del...\",\"breadcrumb\":{\"@id\":\"https:\\\/\\\/webdelmaestrocmf.com\\\/portal\\\/10-guias-manuales-capacidades-diferentes-aprendizaje\\\/#breadcrumb\"},\"inLanguage\":\"es\",\"potentialAction\":[{\"@type\":\"ReadAction\",\"target\":[\"https:\\\/\\\/webdelmaestrocmf.com\\\/portal\\\/10-guias-manuales-capacidades-diferentes-aprendizaje\\\/\"]}]},{\"@type\":\"ImageObject\",\"inLanguage\":\"es\",\"@id\":\"https:\\\/\\\/webdelmaestrocmf.com\\\/portal\\\/10-guias-manuales-capacidades-diferentes-aprendizaje\\\/#primaryimage\",\"url\":\"https:\\\/\\\/webdelmaestrocmf.com\\\/portal\\\/wp-content\\\/uploads\\\/2020\\\/01\\\/Banner-1-portada-imagen-10-1-55.jpg\",\"contentUrl\":\"https:\\\/\\\/webdelmaestrocmf.com\\\/portal\\\/wp-content\\\/uploads\\\/2020\\\/01\\\/Banner-1-portada-imagen-10-1-55.jpg\",\"width\":1024,\"height\":1024},{\"@type\":\"BreadcrumbList\",\"@id\":\"https:\\\/\\\/webdelmaestrocmf.com\\\/portal\\\/10-guias-manuales-capacidades-diferentes-aprendizaje\\\/#breadcrumb\",\"itemListElement\":[{\"@type\":\"ListItem\",\"position\":1,\"name\":\"Portada\",\"item\":\"https:\\\/\\\/webdelmaestrocmf.com\\\/portal\\\/\"},{\"@type\":\"ListItem\",\"position\":2,\"name\":\"Recursos\",\"item\":\"https:\\\/\\\/webdelmaestrocmf.com\\\/portal\\\/category\\\/pedagogia\\\/\"},{\"@type\":\"ListItem\",\"position\":3,\"name\":\"Manuales para las diferentes capacidades de aprendizaje\"}]},{\"@type\":\"WebSite\",\"@id\":\"https:\\\/\\\/webdelmaestrocmf.com\\\/portal\\\/#website\",\"url\":\"https:\\\/\\\/webdelmaestrocmf.com\\\/portal\\\/\",\"name\":\"Web del Maestro CMF\",\"description\":\"Maestros al servicio de la educaci\u00f3n\",\"publisher\":{\"@id\":\"https:\\\/\\\/webdelmaestrocmf.com\\\/portal\\\/#organization\"},\"alternateName\":\"WMCMF\",\"potentialAction\":[{\"@type\":\"SearchAction\",\"target\":{\"@type\":\"EntryPoint\",\"urlTemplate\":\"https:\\\/\\\/webdelmaestrocmf.com\\\/portal\\\/?s={search_term_string}\"},\"query-input\":{\"@type\":\"PropertyValueSpecification\",\"valueRequired\":true,\"valueName\":\"search_term_string\"}}],\"inLanguage\":\"es\"},{\"@type\":\"Organization\",\"@id\":\"https:\\\/\\\/webdelmaestrocmf.com\\\/portal\\\/#organization\",\"name\":\"Web del Maestro CMF\",\"alternateName\":\"WMCMF\",\"url\":\"https:\\\/\\\/webdelmaestrocmf.com\\\/portal\\\/\",\"logo\":{\"@type\":\"ImageObject\",\"inLanguage\":\"es\",\"@id\":\"https:\\\/\\\/webdelmaestrocmf.com\\\/portal\\\/#\\\/schema\\\/logo\\\/image\\\/\",\"url\":\"https:\\\/\\\/webdelmaestrocmf.com\\\/portal\\\/wp-content\\\/uploads\\\/2023\\\/01\\\/logo-wmcmf-2.png\",\"contentUrl\":\"https:\\\/\\\/webdelmaestrocmf.com\\\/portal\\\/wp-content\\\/uploads\\\/2023\\\/01\\\/logo-wmcmf-2.png\",\"width\":200,\"height\":60,\"caption\":\"Web del Maestro CMF\"},\"image\":{\"@id\":\"https:\\\/\\\/webdelmaestrocmf.com\\\/portal\\\/#\\\/schema\\\/logo\\\/image\\\/\"},\"sameAs\":[\"https:\\\/\\\/www.facebook.com\\\/WebdelMaestroCMF\\\/\",\"https:\\\/\\\/x.com\\\/cmf_w\",\"https:\\\/\\\/www.pinterest.com\\\/WMCMF\\\/\",\"https:\\\/\\\/www.linkedin.com\\\/company\\\/web-del-maestro-cmf\\\/\",\"https:\\\/\\\/www.instagram.com\\\/wmcmf\\\/\",\"https:\\\/\\\/www.youtube.com\\\/channel\\\/UCDPSvjbdodE5sHnC3OxutHw\",\"https:\\\/\\\/mastodon.social\\\/@wmcmf\",\"https:\\\/\\\/www.tiktok.com\\\/@webdelmaestrocmf\"]},{\"@type\":\"Person\",\"@id\":\"https:\\\/\\\/webdelmaestrocmf.com\\\/portal\\\/#\\\/schema\\\/person\\\/1072a2ed7bd960df8ef99a551fa35dc5\",\"name\":\"Web del Maestro CMF\",\"image\":{\"@type\":\"ImageObject\",\"inLanguage\":\"es\",\"@id\":\"https:\\\/\\\/secure.gravatar.com\\\/avatar\\\/23291dd5b5ae1077dcff3dbb04c3e02bd28403fa75af6d8787d5e97c5bbbe30b?s=96&d=mm&r=g\",\"url\":\"https:\\\/\\\/secure.gravatar.com\\\/avatar\\\/23291dd5b5ae1077dcff3dbb04c3e02bd28403fa75af6d8787d5e97c5bbbe30b?s=96&d=mm&r=g\",\"contentUrl\":\"https:\\\/\\\/secure.gravatar.com\\\/avatar\\\/23291dd5b5ae1077dcff3dbb04c3e02bd28403fa75af6d8787d5e97c5bbbe30b?s=96&d=mm&r=g\",\"caption\":\"Web del Maestro CMF\"},\"description\":\"Esta Web se cre\u00f3 sin fines de lucro, con fines educativos, cient\u00edficos y acad\u00e9micos, para personas que tengan dificultades y\\\/o inconvenientes en visualizar el material original. El objetivo es entregar recursos, compartir experiencias y materiales que ayuden a los padres de familia, maestros y estudiantes en su actualizaci\u00f3n y formaci\u00f3n permanente, en bien de la Educaci\u00f3n.\",\"sameAs\":[\"http:\\\/\\\/webdelmaestrocmf.com\\\/portal\",\"https:\\\/\\\/www.facebook.com\\\/WebdelMaestroCMF\\\/\",\"https:\\\/\\\/www.instagram.com\\\/wmcmf\\\/\",\"https:\\\/\\\/cl.linkedin.com\\\/company\\\/web-del-maestro-cmf\",\"https:\\\/\\\/www.pinterest.com\\\/WMCMF\\\/publicaciones\\\/\",\"https:\\\/\\\/x.com\\\/cmf_w\",\"https:\\\/\\\/www.youtube.com\\\/@WMCMF\"]}]}<\/script>\n<!-- \/ Yoast SEO plugin. -->","yoast_head_json":{"title":"Manuales para las diferentes capacidades de aprendizaje","description":"Se considera a un ni\u00f1o o ni\u00f1a con capacidades diferentes, cuando tiene dificultad para seguir el mismo ritmo de aprendizaje del...","robots":{"index":"index","follow":"follow","max-snippet":"max-snippet:-1","max-image-preview":"max-image-preview:large","max-video-preview":"max-video-preview:-1"},"canonical":"https:\/\/webdelmaestrocmf.com\/portal\/10-guias-manuales-capacidades-diferentes-aprendizaje\/","og_locale":"es_ES","og_type":"article","og_title":"Manuales para las diferentes capacidades de aprendizaje","og_description":"Se considera a un ni\u00f1o o ni\u00f1a con capacidades diferentes, cuando tiene dificultad para seguir el mismo ritmo de aprendizaje del...","og_url":"https:\/\/webdelmaestrocmf.com\/portal\/10-guias-manuales-capacidades-diferentes-aprendizaje\/","og_site_name":"Web del Maestro CMF","article_publisher":"https:\/\/www.facebook.com\/WebdelMaestroCMF\/","article_author":"https:\/\/www.facebook.com\/WebdelMaestroCMF\/","article_published_time":"2024-02-25T22:00:44+00:00","article_modified_time":"2024-02-25T22:59:47+00:00","og_image":[{"width":1024,"height":1024,"url":"https:\/\/webdelmaestrocmf.com\/portal\/wp-content\/uploads\/2020\/01\/Banner-1-portada-imagen-10-1-55.jpg","type":"image\/jpeg"}],"author":"Web del Maestro CMF","twitter_card":"summary_large_image","twitter_creator":"@cmf_w","twitter_site":"@cmf_w","twitter_misc":{"Escrito por":"Web del Maestro CMF","Tiempo de lectura":"3 minutos"},"schema":{"@context":"https:\/\/schema.org","@graph":[{"@type":"ScholarlyArticle","@id":"https:\/\/webdelmaestrocmf.com\/portal\/10-guias-manuales-capacidades-diferentes-aprendizaje\/#article","isPartOf":{"@id":"https:\/\/webdelmaestrocmf.com\/portal\/10-guias-manuales-capacidades-diferentes-aprendizaje\/"},"author":{"name":"Web del Maestro CMF","@id":"https:\/\/webdelmaestrocmf.com\/portal\/#\/schema\/person\/1072a2ed7bd960df8ef99a551fa35dc5"},"headline":"Manuales para las diferentes capacidades de aprendizaje","datePublished":"2024-02-25T22:00:44+00:00","dateModified":"2024-02-25T22:59:47+00:00","mainEntityOfPage":{"@id":"https:\/\/webdelmaestrocmf.com\/portal\/10-guias-manuales-capacidades-diferentes-aprendizaje\/"},"wordCount":602,"commentCount":0,"publisher":{"@id":"https:\/\/webdelmaestrocmf.com\/portal\/#organization"},"image":{"@id":"https:\/\/webdelmaestrocmf.com\/portal\/10-guias-manuales-capacidades-diferentes-aprendizaje\/#primaryimage"},"thumbnailUrl":"https:\/\/webdelmaestrocmf.com\/portal\/wp-content\/uploads\/2020\/01\/Banner-1-portada-imagen-10-1-55.jpg","keywords":["aprendizaje","CAPACIDADES","DIFERENTES","GU\u00cdAS","MANUALES"],"articleSection":["Descargas Manuales PDF","Recursos"],"inLanguage":"es","potentialAction":[{"@type":"CommentAction","name":"Comment","target":["https:\/\/webdelmaestrocmf.com\/portal\/10-guias-manuales-capacidades-diferentes-aprendizaje\/#respond"]}]},{"@type":"WebPage","@id":"https:\/\/webdelmaestrocmf.com\/portal\/10-guias-manuales-capacidades-diferentes-aprendizaje\/","url":"https:\/\/webdelmaestrocmf.com\/portal\/10-guias-manuales-capacidades-diferentes-aprendizaje\/","name":"Manuales para las diferentes capacidades de aprendizaje","isPartOf":{"@id":"https:\/\/webdelmaestrocmf.com\/portal\/#website"},"primaryImageOfPage":{"@id":"https:\/\/webdelmaestrocmf.com\/portal\/10-guias-manuales-capacidades-diferentes-aprendizaje\/#primaryimage"},"image":{"@id":"https:\/\/webdelmaestrocmf.com\/portal\/10-guias-manuales-capacidades-diferentes-aprendizaje\/#primaryimage"},"thumbnailUrl":"https:\/\/webdelmaestrocmf.com\/portal\/wp-content\/uploads\/2020\/01\/Banner-1-portada-imagen-10-1-55.jpg","datePublished":"2024-02-25T22:00:44+00:00","dateModified":"2024-02-25T22:59:47+00:00","description":"Se considera a un ni\u00f1o o ni\u00f1a con capacidades diferentes, cuando tiene dificultad para seguir el mismo ritmo de aprendizaje del...","breadcrumb":{"@id":"https:\/\/webdelmaestrocmf.com\/portal\/10-guias-manuales-capacidades-diferentes-aprendizaje\/#breadcrumb"},"inLanguage":"es","potentialAction":[{"@type":"ReadAction","target":["https:\/\/webdelmaestrocmf.com\/portal\/10-guias-manuales-capacidades-diferentes-aprendizaje\/"]}]},{"@type":"ImageObject","inLanguage":"es","@id":"https:\/\/webdelmaestrocmf.com\/portal\/10-guias-manuales-capacidades-diferentes-aprendizaje\/#primaryimage","url":"https:\/\/webdelmaestrocmf.com\/portal\/wp-content\/uploads\/2020\/01\/Banner-1-portada-imagen-10-1-55.jpg","contentUrl":"https:\/\/webdelmaestrocmf.com\/portal\/wp-content\/uploads\/2020\/01\/Banner-1-portada-imagen-10-1-55.jpg","width":1024,"height":1024},{"@type":"BreadcrumbList","@id":"https:\/\/webdelmaestrocmf.com\/portal\/10-guias-manuales-capacidades-diferentes-aprendizaje\/#breadcrumb","itemListElement":[{"@type":"ListItem","position":1,"name":"Portada","item":"https:\/\/webdelmaestrocmf.com\/portal\/"},{"@type":"ListItem","position":2,"name":"Recursos","item":"https:\/\/webdelmaestrocmf.com\/portal\/category\/pedagogia\/"},{"@type":"ListItem","position":3,"name":"Manuales para las diferentes capacidades de aprendizaje"}]},{"@type":"WebSite","@id":"https:\/\/webdelmaestrocmf.com\/portal\/#website","url":"https:\/\/webdelmaestrocmf.com\/portal\/","name":"Web del Maestro CMF","description":"Maestros al servicio de la educaci\u00f3n","publisher":{"@id":"https:\/\/webdelmaestrocmf.com\/portal\/#organization"},"alternateName":"WMCMF","potentialAction":[{"@type":"SearchAction","target":{"@type":"EntryPoint","urlTemplate":"https:\/\/webdelmaestrocmf.com\/portal\/?s={search_term_string}"},"query-input":{"@type":"PropertyValueSpecification","valueRequired":true,"valueName":"search_term_string"}}],"inLanguage":"es"},{"@type":"Organization","@id":"https:\/\/webdelmaestrocmf.com\/portal\/#organization","name":"Web del Maestro CMF","alternateName":"WMCMF","url":"https:\/\/webdelmaestrocmf.com\/portal\/","logo":{"@type":"ImageObject","inLanguage":"es","@id":"https:\/\/webdelmaestrocmf.com\/portal\/#\/schema\/logo\/image\/","url":"https:\/\/webdelmaestrocmf.com\/portal\/wp-content\/uploads\/2023\/01\/logo-wmcmf-2.png","contentUrl":"https:\/\/webdelmaestrocmf.com\/portal\/wp-content\/uploads\/2023\/01\/logo-wmcmf-2.png","width":200,"height":60,"caption":"Web del Maestro CMF"},"image":{"@id":"https:\/\/webdelmaestrocmf.com\/portal\/#\/schema\/logo\/image\/"},"sameAs":["https:\/\/www.facebook.com\/WebdelMaestroCMF\/","https:\/\/x.com\/cmf_w","https:\/\/www.pinterest.com\/WMCMF\/","https:\/\/www.linkedin.com\/company\/web-del-maestro-cmf\/","https:\/\/www.instagram.com\/wmcmf\/","https:\/\/www.youtube.com\/channel\/UCDPSvjbdodE5sHnC3OxutHw","https:\/\/mastodon.social\/@wmcmf","https:\/\/www.tiktok.com\/@webdelmaestrocmf"]},{"@type":"Person","@id":"https:\/\/webdelmaestrocmf.com\/portal\/#\/schema\/person\/1072a2ed7bd960df8ef99a551fa35dc5","name":"Web del Maestro CMF","image":{"@type":"ImageObject","inLanguage":"es","@id":"https:\/\/secure.gravatar.com\/avatar\/23291dd5b5ae1077dcff3dbb04c3e02bd28403fa75af6d8787d5e97c5bbbe30b?s=96&d=mm&r=g","url":"https:\/\/secure.gravatar.com\/avatar\/23291dd5b5ae1077dcff3dbb04c3e02bd28403fa75af6d8787d5e97c5bbbe30b?s=96&d=mm&r=g","contentUrl":"https:\/\/secure.gravatar.com\/avatar\/23291dd5b5ae1077dcff3dbb04c3e02bd28403fa75af6d8787d5e97c5bbbe30b?s=96&d=mm&r=g","caption":"Web del Maestro CMF"},"description":"Esta Web se cre\u00f3 sin fines de lucro, con fines educativos, cient\u00edficos y acad\u00e9micos, para personas que tengan dificultades y\/o inconvenientes en visualizar el material original. El objetivo es entregar recursos, compartir experiencias y materiales que ayuden a los padres de familia, maestros y estudiantes en su actualizaci\u00f3n y formaci\u00f3n permanente, en bien de la Educaci\u00f3n.","sameAs":["http:\/\/webdelmaestrocmf.com\/portal","https:\/\/www.facebook.com\/WebdelMaestroCMF\/","https:\/\/www.instagram.com\/wmcmf\/","https:\/\/cl.linkedin.com\/company\/web-del-maestro-cmf","https:\/\/www.pinterest.com\/WMCMF\/publicaciones\/","https:\/\/x.com\/cmf_w","https:\/\/www.youtube.com\/@WMCMF"]}]}},"jetpack_featured_media_url":"https:\/\/webdelmaestrocmf.com\/portal\/wp-content\/uploads\/2020\/01\/Banner-1-portada-imagen-10-1-55.jpg","jetpack_sharing_enabled":true,"jetpack-related-posts":[{"id":104653,"url":"https:\/\/webdelmaestrocmf.com\/portal\/manual-de-150-actividades-musicales-para-inicial-primaria-y-secundaria\/","url_meta":{"origin":18324,"position":0},"title":"Manual de 150 actividades musicales para Inicial Primaria y Secundaria","author":"Web del Maestro CMF","date":"6 marzo, 2024","format":false,"excerpt":"La m\u00fasica es una herramienta invaluable en la educaci\u00f3n de los ni\u00f1os, ofreciendo no solo entretenimiento, sino tambi\u00e9n oportunidades para el aprendizaje y el desarrollo de habilidades. Agradecemos a \"educamariaa\" por compartir el Manual de 150 actividades musicales para Inicial, Primaria y Secundaria, un material valioso que facilita la implementaci\u00f3n\u2026","rel":"","context":"En \u00abM\u00fasica\u00bb","block_context":{"text":"M\u00fasica","link":"https:\/\/webdelmaestrocmf.com\/portal\/category\/pedagogia\/musica\/"},"img":{"alt_text":"","src":"https:\/\/i0.wp.com\/webdelmaestrocmf.com\/portal\/wp-content\/uploads\/2024\/03\/Banner-1-portada-imagen-10-1-10.jpg?resize=350%2C200&ssl=1","width":350,"height":200,"srcset":"https:\/\/i0.wp.com\/webdelmaestrocmf.com\/portal\/wp-content\/uploads\/2024\/03\/Banner-1-portada-imagen-10-1-10.jpg?resize=350%2C200&ssl=1 1x, https:\/\/i0.wp.com\/webdelmaestrocmf.com\/portal\/wp-content\/uploads\/2024\/03\/Banner-1-portada-imagen-10-1-10.jpg?resize=525%2C300&ssl=1 1.5x, https:\/\/i0.wp.com\/webdelmaestrocmf.com\/portal\/wp-content\/uploads\/2024\/03\/Banner-1-portada-imagen-10-1-10.jpg?resize=700%2C400&ssl=1 2x"},"classes":[]},{"id":27195,"url":"https:\/\/webdelmaestrocmf.com\/portal\/capacidades-diferentes-de-aprendizaje\/","url_meta":{"origin":18324,"position":1},"title":"Capacidades diferentes de aprendizaje &#8211; Gu\u00edas y materiales","author":"Web del Maestro CMF","date":"20 junio, 2020","format":false,"excerpt":"Cada vez son m\u00e1s los ni\u00f1os con \u201ccapacidades diferentes\u201d en las escuelas comunes. Ellos aprenden con sus pares y los ni\u00f1os de la ense\u00f1anza regular, aprenden tambi\u00e9n. El voto de confianza por parte de padres y docentes es lo principal. Los ni\u00f1os y ni\u00f1as con capacidades diferentes deben aprovechar al\u2026","rel":"","context":"En \u00abDescargas Manuales PDF\u00bb","block_context":{"text":"Descargas Manuales PDF","link":"https:\/\/webdelmaestrocmf.com\/portal\/category\/pedagogia\/descargas-manuales-pdf\/"},"img":{"alt_text":"","src":"https:\/\/i0.wp.com\/webdelmaestrocmf.com\/portal\/wp-content\/uploads\/2018\/04\/1-2.jpeg?resize=350%2C200&ssl=1","width":350,"height":200,"srcset":"https:\/\/i0.wp.com\/webdelmaestrocmf.com\/portal\/wp-content\/uploads\/2018\/04\/1-2.jpeg?resize=350%2C200&ssl=1 1x, https:\/\/i0.wp.com\/webdelmaestrocmf.com\/portal\/wp-content\/uploads\/2018\/04\/1-2.jpeg?resize=525%2C300&ssl=1 1.5x, https:\/\/i0.wp.com\/webdelmaestrocmf.com\/portal\/wp-content\/uploads\/2018\/04\/1-2.jpeg?resize=700%2C400&ssl=1 2x, https:\/\/i0.wp.com\/webdelmaestrocmf.com\/portal\/wp-content\/uploads\/2018\/04\/1-2.jpeg?resize=1050%2C600&ssl=1 3x"},"classes":[]},{"id":72013,"url":"https:\/\/webdelmaestrocmf.com\/portal\/pack-de-materiales-sobre-aptitudes-diversas-capacidades-diferentes-de-aprendizaje\/","url_meta":{"origin":18324,"position":2},"title":"Pack de materiales sobre aptitudes diversas: Capacidades diferentes de aprendizaje","author":"Web del Maestro CMF","date":"25 mayo, 2022","format":false,"excerpt":"A partir de la Declaraci\u00f3n de la UNESCO sobre la educaci\u00f3n para todos en equidad de condiciones, generada en Salamanca en 1994, se ha incrementado la integraci\u00f3n de personas con capacidades diferentes en las escuelas regulares. Al margen de analizar sus\u00a0fortalezas\u00a0y\u00a0debilidades\u00a0o si la\u00a0educaci\u00f3n\u00a0inclusiva\u00a0favorece o no a todos los estudiantes; vale\u2026","rel":"","context":"En \u00abDescargas Manuales PDF\u00bb","block_context":{"text":"Descargas Manuales PDF","link":"https:\/\/webdelmaestrocmf.com\/portal\/category\/pedagogia\/descargas-manuales-pdf\/"},"img":{"alt_text":"","src":"https:\/\/i0.wp.com\/webdelmaestrocmf.com\/portal\/wp-content\/uploads\/2021\/12\/1WEDRT-6.jpg?resize=350%2C200&ssl=1","width":350,"height":200,"srcset":"https:\/\/i0.wp.com\/webdelmaestrocmf.com\/portal\/wp-content\/uploads\/2021\/12\/1WEDRT-6.jpg?resize=350%2C200&ssl=1 1x, https:\/\/i0.wp.com\/webdelmaestrocmf.com\/portal\/wp-content\/uploads\/2021\/12\/1WEDRT-6.jpg?resize=525%2C300&ssl=1 1.5x, https:\/\/i0.wp.com\/webdelmaestrocmf.com\/portal\/wp-content\/uploads\/2021\/12\/1WEDRT-6.jpg?resize=700%2C400&ssl=1 2x, https:\/\/i0.wp.com\/webdelmaestrocmf.com\/portal\/wp-content\/uploads\/2021\/12\/1WEDRT-6.jpg?resize=1050%2C600&ssl=1 3x"},"classes":[]},{"id":105873,"url":"https:\/\/webdelmaestrocmf.com\/portal\/un-don-especial-una-mirada-a-las-altas-capacidades\/","url_meta":{"origin":18324,"position":3},"title":"Un don especial: Una mirada a las altas capacidades","author":"Web del Maestro CMF","date":"4 junio, 2024","format":false,"excerpt":"La pel\u00edcula \"Un don especial\" (\"Gifted\" en su t\u00edtulo original), protagonizada por Chris Evans y Mckenna Grace, nos narra la historia de Frank Adler, un soltero que se convierte en tutor legal de su sobrina Mary, una ni\u00f1a de siete a\u00f1os con un intelecto excepcional. A medida que Frank se\u2026","rel":"","context":"En \u00abPel\u00edculas\u00bb","block_context":{"text":"Pel\u00edculas","link":"https:\/\/webdelmaestrocmf.com\/portal\/category\/pedagogia\/peliculas\/"},"img":{"alt_text":"","src":"https:\/\/i0.wp.com\/webdelmaestrocmf.com\/portal\/wp-content\/uploads\/2024\/06\/Banner-1-portada-imagen-10-1-2024-06-04T191556.998.jpg?resize=350%2C200&ssl=1","width":350,"height":200,"srcset":"https:\/\/i0.wp.com\/webdelmaestrocmf.com\/portal\/wp-content\/uploads\/2024\/06\/Banner-1-portada-imagen-10-1-2024-06-04T191556.998.jpg?resize=350%2C200&ssl=1 1x, https:\/\/i0.wp.com\/webdelmaestrocmf.com\/portal\/wp-content\/uploads\/2024\/06\/Banner-1-portada-imagen-10-1-2024-06-04T191556.998.jpg?resize=525%2C300&ssl=1 1.5x, https:\/\/i0.wp.com\/webdelmaestrocmf.com\/portal\/wp-content\/uploads\/2024\/06\/Banner-1-portada-imagen-10-1-2024-06-04T191556.998.jpg?resize=700%2C400&ssl=1 2x"},"classes":[]},{"id":18458,"url":"https:\/\/webdelmaestrocmf.com\/portal\/neuroeducacion-cada-nino-tiene-su-ritmo-de-aprendizaje\/","url_meta":{"origin":18324,"position":4},"title":"Cada ni\u00f1o tiene su ritmo de aprendizaje","author":"Web del Maestro CMF","date":"22 febrero, 2019","format":false,"excerpt":"Cada ni\u00f1o aprende a su propio ritmo, influido por su madurez, motivaci\u00f3n y experiencias. Respetarlo permite adaptar la ense\u00f1anza, generar inclusi\u00f3n y potenciar su desarrollo integral con apoyo adecuado.","rel":"","context":"En \u00abAprendizaje\u00bb","block_context":{"text":"Aprendizaje","link":"https:\/\/webdelmaestrocmf.com\/portal\/category\/pedagogia\/aprendizaje\/"},"img":{"alt_text":"","src":"https:\/\/i0.wp.com\/webdelmaestrocmf.com\/portal\/wp-content\/uploads\/2019\/02\/1A-Banner-1-portada-imagen-10-1-72.jpg?resize=350%2C200&ssl=1","width":350,"height":200,"srcset":"https:\/\/i0.wp.com\/webdelmaestrocmf.com\/portal\/wp-content\/uploads\/2019\/02\/1A-Banner-1-portada-imagen-10-1-72.jpg?resize=350%2C200&ssl=1 1x, https:\/\/i0.wp.com\/webdelmaestrocmf.com\/portal\/wp-content\/uploads\/2019\/02\/1A-Banner-1-portada-imagen-10-1-72.jpg?resize=525%2C300&ssl=1 1.5x, https:\/\/i0.wp.com\/webdelmaestrocmf.com\/portal\/wp-content\/uploads\/2019\/02\/1A-Banner-1-portada-imagen-10-1-72.jpg?resize=700%2C400&ssl=1 2x"},"classes":[]},{"id":18422,"url":"https:\/\/webdelmaestrocmf.com\/portal\/manual-186-actividades-desarrollar-las-inteligencias-multiples\/","url_meta":{"origin":18324,"position":5},"title":"200 actividades para desarrollar las Inteligencias M\u00faltiples","author":"Web del Maestro CMF","date":"12 marzo, 2024","format":false,"excerpt":"El concepto de Inteligencias M\u00faltiples, propuesto por el psic\u00f3logo Howard Gardner, ha revolucionado la forma en que entendemos la inteligencia humana. En lugar de considerarla como una habilidad unitaria, Gardner postula que existen diversas formas de inteligencia, cada una con sus propias capacidades y potencialidades. En este contexto, explorar y\u2026","rel":"","context":"En \u00abActividades\u00bb","block_context":{"text":"Actividades","link":"https:\/\/webdelmaestrocmf.com\/portal\/category\/pedagogia\/actividades\/"},"img":{"alt_text":"","src":"https:\/\/i0.wp.com\/webdelmaestrocmf.com\/portal\/wp-content\/uploads\/2019\/09\/Banner-1-portada-imagen-10-1-9.jpg?resize=350%2C200&ssl=1","width":350,"height":200,"srcset":"https:\/\/i0.wp.com\/webdelmaestrocmf.com\/portal\/wp-content\/uploads\/2019\/09\/Banner-1-portada-imagen-10-1-9.jpg?resize=350%2C200&ssl=1 1x, https:\/\/i0.wp.com\/webdelmaestrocmf.com\/portal\/wp-content\/uploads\/2019\/09\/Banner-1-portada-imagen-10-1-9.jpg?resize=525%2C300&ssl=1 1.5x, https:\/\/i0.wp.com\/webdelmaestrocmf.com\/portal\/wp-content\/uploads\/2019\/09\/Banner-1-portada-imagen-10-1-9.jpg?resize=700%2C400&ssl=1 2x"},"classes":[]}],"_links":{"self":[{"href":"https:\/\/webdelmaestrocmf.com\/portal\/wp-json\/wp\/v2\/posts\/18324","targetHints":{"allow":["GET"]}}],"collection":[{"href":"https:\/\/webdelmaestrocmf.com\/portal\/wp-json\/wp\/v2\/posts"}],"about":[{"href":"https:\/\/webdelmaestrocmf.com\/portal\/wp-json\/wp\/v2\/types\/post"}],"author":[{"embeddable":true,"href":"https:\/\/webdelmaestrocmf.com\/portal\/wp-json\/wp\/v2\/users\/1"}],"replies":[{"embeddable":true,"href":"https:\/\/webdelmaestrocmf.com\/portal\/wp-json\/wp\/v2\/comments?post=18324"}],"version-history":[{"count":0,"href":"https:\/\/webdelmaestrocmf.com\/portal\/wp-json\/wp\/v2\/posts\/18324\/revisions"}],"wp:featuredmedia":[{"embeddable":true,"href":"https:\/\/webdelmaestrocmf.com\/portal\/wp-json\/wp\/v2\/media\/104308"}],"wp:attachment":[{"href":"https:\/\/webdelmaestrocmf.com\/portal\/wp-json\/wp\/v2\/media?parent=18324"}],"wp:term":[{"taxonomy":"category","embeddable":true,"href":"https:\/\/webdelmaestrocmf.com\/portal\/wp-json\/wp\/v2\/categories?post=18324"},{"taxonomy":"post_tag","embeddable":true,"href":"https:\/\/webdelmaestrocmf.com\/portal\/wp-json\/wp\/v2\/tags?post=18324"}],"curies":[{"name":"wp","href":"https:\/\/api.w.org\/{rel}","templated":true}]}}