{"id":18260,"date":"2018-09-13T21:01:47","date_gmt":"2018-09-14T00:01:47","guid":{"rendered":"http:\/\/webdelmaestrocmf.com\/portal\/?p=18260"},"modified":"2021-10-23T16:59:56","modified_gmt":"2021-10-23T19:59:56","slug":"el-cambio-de-modelo-educativo-es-una-propuesta-que-nace-en-la-escuela-publica","status":"publish","type":"post","link":"https:\/\/webdelmaestrocmf.com\/portal\/el-cambio-de-modelo-educativo-es-una-propuesta-que-nace-en-la-escuela-publica\/","title":{"rendered":"EL CAMBIO DE MODELO EDUCATIVO ES UNA PROPUESTA QUE NACE EN LA ESCUELA P\u00daBLICA"},"content":{"rendered":"<h4 style=\"text-align: justify;\">Hace 12 a\u00f1os,\u00a0<strong>Virolai<\/strong>\u00a0arranc\u00f3 la que ser\u00eda una profunda evoluci\u00f3n de su modelo educativo. Cuando el conocimiento \u201clectivo\u201d apenas se cuestionaba, la instituci\u00f3n propuso una revoluci\u00f3n que situ\u00f3 al alumno en el centro y plante\u00f3 a los maestros el reto de renovar sus metodolog\u00edas para decidir que la mayor ense\u00f1anza ser\u00eda aprender a aprender.<\/h4>\n<h4 class=\"titulo\" style=\"text-align: justify;\">Coral Reg\u00ed Rodr\u00edguez Directora Escola Virolai de Barcelona\u00a0sostiene que el debate no est\u00e1 en los recursos o si es p\u00fablica o privada. El debate est\u00e1 en asumir que hay un cambio de paradigma y t\u00fa como instituci\u00f3n educativa tienes que cambiar.<\/h4>\n<p>Compartimos la entrevista a Coral Reg\u00ed publicada en el portal \u00abBuilding Talent\u201d con fines \u00fanicamente educativos \u2013 pastorales.<\/p>\n<p><!--more--><\/p>\n<h1 class=\"titulo\"><strong>\u201cLa escuela no tiene que adaptarse al futuro, debe transformarlo\u201d<\/strong><\/h1>\n<p style=\"text-align: justify;\">Hace 12 a\u00f1os, <strong>Virolai<\/strong> arranc\u00f3 la que ser\u00eda una profunda evoluci\u00f3n de su modelo educativo. Cuando el conocimiento \u201clectivo\u201d apenas se cuestionaba, la instituci\u00f3n propuso una revoluci\u00f3n que situ\u00f3 al alumno en el centro y plante\u00f3 a los maestros el reto de renovar sus metodolog\u00edas para decidir que la mayor ense\u00f1anza ser\u00eda aprender a aprender. \u00a1Descubre esta nueva entrevista <strong>Education Insights<\/strong>!<\/p>\n<h4><strong>\u00bfCu\u00e1l es la propuesta de transformaci\u00f3n del modelo educativo que hace Escola Virolai?<\/strong><\/h4>\n<p style=\"text-align: justify;\">Nuestra apuesta viene de un proceso que nace hace 12 a\u00f1os\u00a0 y se basa en pasar de una escuela que ense\u00f1a a una escuela que aprende, de una escuela centrada en los derechos y las formas de hacer de los profesores y los alumnos como objetos pasivos, a una escuela donde el alumno es el centro y es el protagonista de su proceso de aprendizaje. Hemos de ense\u00f1ar a los alumnos a aprender a aprender. El alumno ha de ser consciente de sus estrategias de aprendizaje porque las necesitar\u00e1 durante toda la vida.<\/p>\n<h4><strong>\u00bfCu\u00e1l dir\u00eda que son las bases imprescindibles para impulsar este cambio?<\/strong><\/h4>\n<p style=\"text-align: justify;\">La escuela debe garantizar la educaci\u00f3n en un marco val\u00f3rico muy s\u00f3lido, porque estamos delante de una generaci\u00f3n que no tendr\u00e1n apoyo exterior, sino que su estabilidad vendr\u00e1 del interior. Antes la felicidad ven\u00eda determinada por fases de la vida: acababas los estudios, ten\u00edas un t\u00edtulo universitario, acced\u00edas a un trabajo para toda la vida, ten\u00edas una estructura familiar est\u00e1ndar, etc. y todo ello te aportaba una estabilidad personal. Yo iba haciendo las cosas que \u2018tocaban\u2019, con los reconocimientos externos que ello comportaba. Esto se ha acabado. El t\u00edtulo universitario no sirve para encontrar trabajo, tendr\u00e9 que cambiar de trabajo muchas veces en la vida, posiblemente cambiar\u00e9 de lugar de residencia otras tantas, las estructuras familiares han cambiado\u2026 Eso hace que necesites una estructura interior que te de seguridad para enfrentarte a todos estos cambios.<\/p>\n<p style=\"text-align: justify;\">Por otra parte, es importante asegurar que se trabajan las competencias procedimentales. Garantizar que el alumno cuenta con estrategias para aprender durante toda su vida. Implica la comprensi\u00f3n lectora, la escrita, oral, capacidad de observaci\u00f3n, razonamiento\u2026 Competencias que hemos de asegurar que se adquieran, y sobre todo, que los alumnos las podr\u00e1n utilizar de manera aut\u00f3noma durante toda su vida.<\/p>\n<p style=\"text-align: justify;\"><a href=\"http:\/\/webdelmaestrocmf.com\/portal\/wp-content\/uploads\/2017\/05\/Coral_Regi_04-1.jpg\"><img loading=\"lazy\" decoding=\"async\" class=\"aligncenter size-full wp-image-18267\" src=\"http:\/\/webdelmaestrocmf.com\/portal\/wp-content\/uploads\/2017\/05\/Coral_Regi_04-1.jpg\" alt=\"\" width=\"1200\" height=\"801\" srcset=\"https:\/\/webdelmaestrocmf.com\/portal\/wp-content\/uploads\/2017\/05\/Coral_Regi_04-1.jpg 1200w, https:\/\/webdelmaestrocmf.com\/portal\/wp-content\/uploads\/2017\/05\/Coral_Regi_04-1-300x200.jpg 300w, https:\/\/webdelmaestrocmf.com\/portal\/wp-content\/uploads\/2017\/05\/Coral_Regi_04-1-768x513.jpg 768w, https:\/\/webdelmaestrocmf.com\/portal\/wp-content\/uploads\/2017\/05\/Coral_Regi_04-1-1024x684.jpg 1024w, https:\/\/webdelmaestrocmf.com\/portal\/wp-content\/uploads\/2017\/05\/Coral_Regi_04-1-280x187.jpg 280w\" sizes=\"auto, (max-width: 1200px) 100vw, 1200px\" \/><\/a><\/p>\n<p style=\"text-align: justify;\">Otro de los pilares es velar porque no se pierdan las ganas de conocer y aprender. La educaci\u00f3n en su af\u00e1n de poner l\u00edmites, ha creado marcos cerrados que hacen que los ni\u00f1os supriman su curiosidad natural. El m\u00e9todo hasta ahora era: \u2018ahora estudiaremos lengua y de lengua estudiaremos s\u00f3lo esto y si te lo sabes bien aprobar\u00e1s\u2019. Eso tiene que cambiar. El ni\u00f1o tiene que darse cuenta que lo que se trabaja en la escuela no es \u00fatil para aprobar un examen, sino que lo es para su vida.<\/p>\n<h3 id=\"attachment_5776\" class=\"wp-caption aligncenter\"><strong>\u00bfC\u00f3mo desarrolla la propuesta de Virolai en un marco educativo que poco tiene que ver con la flexibilidad que plantea este nuevo modelo?<\/strong><\/h3>\n<p style=\"text-align: justify;\">La ley te da margen. No se trata de situarse al l\u00edmite de la ley, sino de aprovechar al m\u00e1ximo el espacio que te entrega e ir m\u00e1s all\u00e1 de lo que propone. La educaci\u00f3n hoy necesita normas de m\u00ednimos, que den mucho margen para que las escuelas trabajen su propio proyecto educativo. De la misma manera digo que la ley debe ser exigente en lo que a rendici\u00f3n de cuentas se refiere. Por ejemplo, para nosotros, las pruebas de competencias b\u00e1sicas de 6\u00ba de Primaria y 4\u00ba de ESO son un indicador clave de la buena marcha del proyecto: nos muestra que nuestro sistema es tan bueno o mejor que el tradicional. Las escuelas tienen que ser organismos aut\u00f3nomos vivos y creativos, con unos m\u00ednimos legales pero con altas exigencias. Trabajamos con un bien com\u00fan, la educaci\u00f3n, y es nuestro deber hacer una rendici\u00f3n de cuentas a la sociedad.<\/p>\n<h4><strong>Intentemos concretar el modelo \u00bfC\u00f3mo se plantean cuestiones b\u00e1sicas de todo sistema educativo como son las evaluaciones, por ejemplo?<\/strong><\/h4>\n<p style=\"text-align: justify;\">Como parte de la red Escola Nova 21, uno de los retos que tenemos es buscar indicadores que sean m\u00e1s eficaces para valorar toda esta nueva propuesta de cambio. Garantizar que lo que estamos haciendo es eficiente y eficaz. Para ello, planteamos instrumentos de medici\u00f3n adaptados a nuestra realidad. Sin embargo, el sistema de evaluaci\u00f3n de cara a las familias y las exigencias de evaluaci\u00f3n legal son dos de los asuntos delicados, m\u00e1s que nada porque deben cerrar bien el c\u00edrculo.<\/p>\n<h4><strong>\u00bfY c\u00f3mo lo est\u00e1is haciendo?<\/strong><\/h4>\n<p style=\"text-align: justify;\">En Virolai hacemos pruebas \u2013competenciales y de aplicaci\u00f3n\u2013, r\u00fabricas \u2013una herramienta que garantiza que el alumno sepa que se espera de \u00e9l y le da protagonismo en el proceso\u2013; portfolios \u2013que permiten al alumno darse cuenta qu\u00e9 ha hecho bien y por qu\u00e9, entrega conciencia del proceso de aprendizaje\u2013; las insignias \u2013relacionadas con el valor del <em>feedback<\/em> inmediato\u2013, y gamificaci\u00f3n.<\/p>\n<h4><strong>Pero nuestra duda persiste \u00bfC\u00f3mo se traduce esta evaluaci\u00f3n cualitativa en una escala tradicional?<\/strong><\/h4>\n<p style=\"text-align: justify;\">Este ecosistema de evaluaci\u00f3n tiene su equivalente formal\/num\u00e9rico para responder a las exigencias del Ministerio. Otro tema es qu\u00e9 se entrega a los padres: estamos trabajando en establecer modelos de comunicaci\u00f3n con las familias que vayan m\u00e1s all\u00e1 de un informe tradicional: evaluaciones mensuales compartidas con los padres, en el que todos los protagonistas del proceso educativo, incluido el alumno, participamos. En este enfoque es clave la evoluci\u00f3n del papel del profesor. No limitar la entrega de informaci\u00f3n respecto a la evaluaci\u00f3n, sino ayudar al alumno a descubrir y a hacerse responsable de su propio aprendizaje. Un maestro que acompa\u00f1a en el proceso, no que dirige.<\/p>\n<h4><strong>Sois una escuela concertada \u00bfCrees que es extrapolable vuestra experiencia a todos los tipos de instituciones?<\/strong><\/h4>\n<p style=\"text-align: justify;\">El cambio de modelo educativo es una propuesta que nace en la escuela p\u00fablica. El debate no est\u00e1 en los recursos o si es p\u00fablica o privada. El debate est\u00e1 en asumir que hay un cambio de paradigma y t\u00fa como instituci\u00f3n educativa tienes que cambiar. Es verdad que hay que mejorar procesos como son el \u201cconcurso de traslados\u201d en las escuelas p\u00fablicas, que hace que los derechos del profesor est\u00e9n por encima de los derechos de la escuela y de los ni\u00f1os. Es una realidad perversa que no hace m\u00e1s que perjudicar al sistema, ya que una transformaci\u00f3n sin estabilidad en la plantilla es muy dif\u00edcil.<\/p>\n<p style=\"text-align: justify;\">De la misma forma, las estructuras heredadas han de cuestionarse. Por ejemplo, las bibliotecas entendidas como hasta ahora no tienen ning\u00fan sentido. El conocimiento ya est\u00e1 al alcance \u2018digital\u2019 del alumno, por lo que la biblioteca ha de convertirse en un espacio para potenciar la experiencia de lectura, no en un lugar de consulta. Y esa es una evoluci\u00f3n dolorosa para muchos maestros. \u00a1Implica un proceso de \u2018duelo\u2019 para muchos profesionales! Significa dejar atr\u00e1s un modelo conocido y aventurarse en uno a\u00fan por descubrir. La transformaci\u00f3n es dura, pero con un liderazgo y un proyecto consolidados es m\u00e1s f\u00e1cil.<\/p>\n<h4><strong>\u00bfQu\u00e9 instrumentos de seguimiento hab\u00e9is dise\u00f1ado para evaluar la buena marcha de los cambios que se impulsan en el modelo?<\/strong><\/h4>\n<p style=\"text-align: justify;\">Para nosotros un indicador clave es que al menos el 70% de las pr\u00e1cticas del d\u00eda a d\u00eda est\u00e1n alineadas con los objetivos del plan. No pretendemos m\u00e1s porque siempre te encontrar\u00e1s con un grupo de profesionales que se resisten al cambio, y evaluar que estamos desviados de los objetivos por ese 30%, que no es permeable, har\u00eda que la evoluci\u00f3n se detuviese.<\/p>\n<h4><strong>Entonces, \u00bfla transformaci\u00f3n ser\u00e1 siempre parcial?<\/strong><\/h4>\n<p style=\"text-align: justify;\">No. Es una transformaci\u00f3n por fases. Pasa mucho en la p\u00fablica: que no se hace nada por la resistencia de ciertos profesionales. Nosotros trabajamos todas las nuevas propuestas con un grupo reducido de profesionales. A partir de ah\u00ed, los m\u00e1s proactivos lanzan el reto a otros profesores. Difundimos, evaluamos las pr\u00e1cticas y volvemos a empezar. En la primera rueda igual tienes s\u00f3lo un 20% comprometido. En la segunda, igual pasas al 60% si ofreces una formaci\u00f3n adecuada. \u00a1Y los conversos son los mejores!<\/p>\n<p style=\"text-align: justify;\">Nos ha ido muy bien con proyectos de acompa\u00f1amiento en el aula, t\u00e1ndems de profesores que colaboran para trabajar con los alumnos. Trabajando en equipo, el cambio no se ve como una amenaza, los miedos desaparecen y se descubre la oportunidad en la transformaci\u00f3n, tanto para que los ni\u00f1os aprendan m\u00e1s como para que los profesionales mejoren su pr\u00e1ctica.<\/p>\n<h4><strong><em>\u00a0<\/em><\/strong><strong>\u00bfCu\u00e1nto tiempo implica una transformaci\u00f3n de este calado?<\/strong><\/h4>\n<p style=\"text-align: justify;\">Llevamos trabajando en esto 12 a\u00f1os a trav\u00e9s de 4 planes estrat\u00e9gicos. El primero centrado en la renovaci\u00f3n docente, y a partir de ah\u00ed, el \u201cPlan Estrat\u00e9gico de mejora de la educaci\u00f3n competencial\u201d, a continuaci\u00f3n el \u201cPlan Estrat\u00e9gico para una educaci\u00f3n global y para todos\u201d, y ahora, el \u201cPlan Estrat\u00e9gico por una escuela que aprende, por una escuela que transforma\u201d. Son la representaci\u00f3n de una evoluci\u00f3n natural que ha vivido nuestra instituci\u00f3n. La escuela no tiene que adaptarse al futuro, debe transformarlo. Hemos de asumir la potencia de la educaci\u00f3n para conseguir que el mundo sea diferente.<\/p>\n<p style=\"text-align: justify;\">En la base de esta revoluci\u00f3n tiene que estar el profesor. Si \u00e9l o ella no creen, no funcionar\u00e1. Yo como directora me he de asegurar que los docentes tengan la formaci\u00f3n adecuada y que asumen el riesgo. Lo cierto es que el proceso de transformaci\u00f3n del claustro es lento. No se trata de hacer un curso y ya somos una nueva escuela. No. El profesor debe asumir su cambio de rol y solo a partir de ah\u00ed veremos el nacimiento de una nueva escuela.<\/p>\n<p style=\"text-align: justify;\"><strong>Este contenido ha sido publicado originalmente por Building Talent en la siguiente direcci\u00f3n:\u00a0<a href=\"http:\/\/il3.ub.edu\" target=\"_blank\" rel=\"noopener noreferrer\">il3.ub.edu<\/a><\/strong><\/p>\n","protected":false},"excerpt":{"rendered":"Hace 12 a\u00f1os,\u00a0Virolai\u00a0arranc\u00f3 la que ser\u00eda una profunda evoluci\u00f3n de su modelo educativo. Cuando el conocimiento \u201clectivo\u201d apenas&hellip;","protected":false},"author":1,"featured_media":31434,"comment_status":"open","ping_status":"open","sticky":false,"template":"","format":"standard","meta":{"csco_display_header_overlay":false,"csco_singular_sidebar":"default","csco_page_header_type":"default","csco_page_load_nextpost":"default","csco_post_video_location":[],"csco_post_video_location_hash":"","csco_post_video_url":"","csco_post_video_bg_start_time":0,"csco_post_video_bg_end_time":0,"csco_post_video_bg_volume":false,"_jetpack_memberships_contains_paid_content":false,"footnotes":""},"categories":[6894],"tags":[362,828,1969],"class_list":{"0":"post-18260","1":"post","2":"type-post","3":"status-publish","4":"format-standard","5":"has-post-thumbnail","7":"category-sin-categoria-es","8":"tag-cambio","9":"tag-educativo","10":"tag-modelo","11":"cs-entry","12":"cs-video-wrap"},"yoast_head":"<!-- This site is optimized with the Yoast SEO plugin v27.5 - https:\/\/yoast.com\/product\/yoast-seo-wordpress\/ -->\n<title>EL CAMBIO DE MODELO EDUCATIVO ES UNA PROPUESTA QUE NACE EN LA ESCUELA P\u00daBLICA<\/title>\n<meta name=\"description\" content=\"Coral Reg\u00ed Rodr\u00edguez Directora Escola Virolai de Barcelona sostiene que el debate no est\u00e1 en los recursos o si es p\u00fablica o privada.\" \/>\n<meta name=\"robots\" content=\"index, follow, max-snippet:-1, max-image-preview:large, max-video-preview:-1\" \/>\n<link rel=\"canonical\" href=\"https:\/\/webdelmaestrocmf.com\/portal\/el-cambio-de-modelo-educativo-es-una-propuesta-que-nace-en-la-escuela-publica\/\" \/>\n<meta property=\"og:locale\" content=\"es_ES\" \/>\n<meta property=\"og:type\" content=\"article\" \/>\n<meta property=\"og:title\" content=\"EL CAMBIO DE MODELO EDUCATIVO ES UNA PROPUESTA QUE NACE EN LA ESCUELA P\u00daBLICA\" \/>\n<meta property=\"og:description\" content=\"Coral Reg\u00ed Rodr\u00edguez Directora Escola Virolai de Barcelona sostiene que el debate no est\u00e1 en los recursos o si es p\u00fablica o privada.\" \/>\n<meta property=\"og:url\" content=\"https:\/\/webdelmaestrocmf.com\/portal\/el-cambio-de-modelo-educativo-es-una-propuesta-que-nace-en-la-escuela-publica\/\" \/>\n<meta property=\"og:site_name\" content=\"Web del Maestro CMF\" \/>\n<meta property=\"article:publisher\" content=\"https:\/\/www.facebook.com\/WebdelMaestroCMF\/\" \/>\n<meta property=\"article:author\" content=\"https:\/\/www.facebook.com\/WebdelMaestroCMF\/\" \/>\n<meta property=\"article:published_time\" content=\"2018-09-14T00:01:47+00:00\" \/>\n<meta property=\"article:modified_time\" content=\"2021-10-23T19:59:56+00:00\" \/>\n<meta property=\"og:image\" content=\"https:\/\/i0.wp.com\/webdelmaestrocmf.com\/portal\/wp-content\/uploads\/2017\/05\/1-43.jpg?fit=1100%2C680&ssl=1\" \/>\n\t<meta property=\"og:image:width\" content=\"1100\" \/>\n\t<meta property=\"og:image:height\" content=\"680\" \/>\n\t<meta property=\"og:image:type\" content=\"image\/jpeg\" \/>\n<meta name=\"author\" content=\"Web del Maestro CMF\" \/>\n<meta name=\"twitter:card\" content=\"summary_large_image\" \/>\n<meta name=\"twitter:creator\" content=\"@cmf_w\" \/>\n<meta name=\"twitter:site\" content=\"@cmf_w\" \/>\n<script type=\"application\/ld+json\" class=\"yoast-schema-graph\">{\"@context\":\"https:\\\/\\\/schema.org\",\"@graph\":[{\"@type\":\"ScholarlyArticle\",\"@id\":\"https:\\\/\\\/webdelmaestrocmf.com\\\/portal\\\/el-cambio-de-modelo-educativo-es-una-propuesta-que-nace-en-la-escuela-publica\\\/#article\",\"isPartOf\":{\"@id\":\"https:\\\/\\\/webdelmaestrocmf.com\\\/portal\\\/el-cambio-de-modelo-educativo-es-una-propuesta-que-nace-en-la-escuela-publica\\\/\"},\"author\":{\"name\":\"Web del Maestro CMF\",\"@id\":\"https:\\\/\\\/webdelmaestrocmf.com\\\/portal\\\/#\\\/schema\\\/person\\\/1072a2ed7bd960df8ef99a551fa35dc5\"},\"headline\":\"EL CAMBIO DE MODELO EDUCATIVO ES UNA PROPUESTA QUE NACE EN LA ESCUELA P\u00daBLICA\",\"datePublished\":\"2018-09-14T00:01:47+00:00\",\"dateModified\":\"2021-10-23T19:59:56+00:00\",\"mainEntityOfPage\":{\"@id\":\"https:\\\/\\\/webdelmaestrocmf.com\\\/portal\\\/el-cambio-de-modelo-educativo-es-una-propuesta-que-nace-en-la-escuela-publica\\\/\"},\"wordCount\":1853,\"commentCount\":0,\"publisher\":{\"@id\":\"https:\\\/\\\/webdelmaestrocmf.com\\\/portal\\\/#organization\"},\"image\":{\"@id\":\"https:\\\/\\\/webdelmaestrocmf.com\\\/portal\\\/el-cambio-de-modelo-educativo-es-una-propuesta-que-nace-en-la-escuela-publica\\\/#primaryimage\"},\"thumbnailUrl\":\"https:\\\/\\\/webdelmaestrocmf.com\\\/portal\\\/wp-content\\\/uploads\\\/2017\\\/05\\\/1-43.jpg\",\"keywords\":[\"Cambio\",\"EDUCATIVO\",\"MODELO\"],\"inLanguage\":\"es\",\"potentialAction\":[{\"@type\":\"CommentAction\",\"name\":\"Comment\",\"target\":[\"https:\\\/\\\/webdelmaestrocmf.com\\\/portal\\\/el-cambio-de-modelo-educativo-es-una-propuesta-que-nace-en-la-escuela-publica\\\/#respond\"]}]},{\"@type\":\"WebPage\",\"@id\":\"https:\\\/\\\/webdelmaestrocmf.com\\\/portal\\\/el-cambio-de-modelo-educativo-es-una-propuesta-que-nace-en-la-escuela-publica\\\/\",\"url\":\"https:\\\/\\\/webdelmaestrocmf.com\\\/portal\\\/el-cambio-de-modelo-educativo-es-una-propuesta-que-nace-en-la-escuela-publica\\\/\",\"name\":\"EL CAMBIO DE MODELO EDUCATIVO ES UNA PROPUESTA QUE NACE EN LA ESCUELA P\u00daBLICA\",\"isPartOf\":{\"@id\":\"https:\\\/\\\/webdelmaestrocmf.com\\\/portal\\\/#website\"},\"primaryImageOfPage\":{\"@id\":\"https:\\\/\\\/webdelmaestrocmf.com\\\/portal\\\/el-cambio-de-modelo-educativo-es-una-propuesta-que-nace-en-la-escuela-publica\\\/#primaryimage\"},\"image\":{\"@id\":\"https:\\\/\\\/webdelmaestrocmf.com\\\/portal\\\/el-cambio-de-modelo-educativo-es-una-propuesta-que-nace-en-la-escuela-publica\\\/#primaryimage\"},\"thumbnailUrl\":\"https:\\\/\\\/webdelmaestrocmf.com\\\/portal\\\/wp-content\\\/uploads\\\/2017\\\/05\\\/1-43.jpg\",\"datePublished\":\"2018-09-14T00:01:47+00:00\",\"dateModified\":\"2021-10-23T19:59:56+00:00\",\"description\":\"Coral Reg\u00ed Rodr\u00edguez Directora Escola Virolai de Barcelona sostiene que el debate no est\u00e1 en los recursos o si es p\u00fablica o privada.\",\"breadcrumb\":{\"@id\":\"https:\\\/\\\/webdelmaestrocmf.com\\\/portal\\\/el-cambio-de-modelo-educativo-es-una-propuesta-que-nace-en-la-escuela-publica\\\/#breadcrumb\"},\"inLanguage\":\"es\",\"potentialAction\":[{\"@type\":\"ReadAction\",\"target\":[\"https:\\\/\\\/webdelmaestrocmf.com\\\/portal\\\/el-cambio-de-modelo-educativo-es-una-propuesta-que-nace-en-la-escuela-publica\\\/\"]}]},{\"@type\":\"ImageObject\",\"inLanguage\":\"es\",\"@id\":\"https:\\\/\\\/webdelmaestrocmf.com\\\/portal\\\/el-cambio-de-modelo-educativo-es-una-propuesta-que-nace-en-la-escuela-publica\\\/#primaryimage\",\"url\":\"https:\\\/\\\/webdelmaestrocmf.com\\\/portal\\\/wp-content\\\/uploads\\\/2017\\\/05\\\/1-43.jpg\",\"contentUrl\":\"https:\\\/\\\/webdelmaestrocmf.com\\\/portal\\\/wp-content\\\/uploads\\\/2017\\\/05\\\/1-43.jpg\",\"width\":1100,\"height\":680},{\"@type\":\"BreadcrumbList\",\"@id\":\"https:\\\/\\\/webdelmaestrocmf.com\\\/portal\\\/el-cambio-de-modelo-educativo-es-una-propuesta-que-nace-en-la-escuela-publica\\\/#breadcrumb\",\"itemListElement\":[{\"@type\":\"ListItem\",\"position\":1,\"name\":\"Portada\",\"item\":\"https:\\\/\\\/webdelmaestrocmf.com\\\/portal\\\/\"},{\"@type\":\"ListItem\",\"position\":2,\"name\":\"Noticias\",\"item\":\"https:\\\/\\\/webdelmaestrocmf.com\\\/portal\\\/category\\\/noticias\\\/\"},{\"@type\":\"ListItem\",\"position\":3,\"name\":\"EL CAMBIO DE MODELO EDUCATIVO ES UNA PROPUESTA QUE NACE EN LA ESCUELA P\u00daBLICA\"}]},{\"@type\":\"WebSite\",\"@id\":\"https:\\\/\\\/webdelmaestrocmf.com\\\/portal\\\/#website\",\"url\":\"https:\\\/\\\/webdelmaestrocmf.com\\\/portal\\\/\",\"name\":\"Web del Maestro CMF\",\"description\":\"Maestros al servicio de la educaci\u00f3n\",\"publisher\":{\"@id\":\"https:\\\/\\\/webdelmaestrocmf.com\\\/portal\\\/#organization\"},\"alternateName\":\"WMCMF\",\"potentialAction\":[{\"@type\":\"SearchAction\",\"target\":{\"@type\":\"EntryPoint\",\"urlTemplate\":\"https:\\\/\\\/webdelmaestrocmf.com\\\/portal\\\/?s={search_term_string}\"},\"query-input\":{\"@type\":\"PropertyValueSpecification\",\"valueRequired\":true,\"valueName\":\"search_term_string\"}}],\"inLanguage\":\"es\"},{\"@type\":\"Organization\",\"@id\":\"https:\\\/\\\/webdelmaestrocmf.com\\\/portal\\\/#organization\",\"name\":\"Web del Maestro CMF\",\"alternateName\":\"WMCMF\",\"url\":\"https:\\\/\\\/webdelmaestrocmf.com\\\/portal\\\/\",\"logo\":{\"@type\":\"ImageObject\",\"inLanguage\":\"es\",\"@id\":\"https:\\\/\\\/webdelmaestrocmf.com\\\/portal\\\/#\\\/schema\\\/logo\\\/image\\\/\",\"url\":\"https:\\\/\\\/webdelmaestrocmf.com\\\/portal\\\/wp-content\\\/uploads\\\/2023\\\/01\\\/logo-wmcmf-2.png\",\"contentUrl\":\"https:\\\/\\\/webdelmaestrocmf.com\\\/portal\\\/wp-content\\\/uploads\\\/2023\\\/01\\\/logo-wmcmf-2.png\",\"width\":200,\"height\":60,\"caption\":\"Web del Maestro CMF\"},\"image\":{\"@id\":\"https:\\\/\\\/webdelmaestrocmf.com\\\/portal\\\/#\\\/schema\\\/logo\\\/image\\\/\"},\"sameAs\":[\"https:\\\/\\\/www.facebook.com\\\/WebdelMaestroCMF\\\/\",\"https:\\\/\\\/x.com\\\/cmf_w\",\"https:\\\/\\\/www.pinterest.com\\\/WMCMF\\\/\",\"https:\\\/\\\/www.linkedin.com\\\/company\\\/web-del-maestro-cmf\\\/\",\"https:\\\/\\\/www.instagram.com\\\/wmcmf\\\/\",\"https:\\\/\\\/www.youtube.com\\\/channel\\\/UCDPSvjbdodE5sHnC3OxutHw\",\"https:\\\/\\\/mastodon.social\\\/@wmcmf\",\"https:\\\/\\\/www.tiktok.com\\\/@webdelmaestrocmf\"]},{\"@type\":\"Person\",\"@id\":\"https:\\\/\\\/webdelmaestrocmf.com\\\/portal\\\/#\\\/schema\\\/person\\\/1072a2ed7bd960df8ef99a551fa35dc5\",\"name\":\"Web del Maestro CMF\",\"image\":{\"@type\":\"ImageObject\",\"inLanguage\":\"es\",\"@id\":\"https:\\\/\\\/secure.gravatar.com\\\/avatar\\\/23291dd5b5ae1077dcff3dbb04c3e02bd28403fa75af6d8787d5e97c5bbbe30b?s=96&d=mm&r=g\",\"url\":\"https:\\\/\\\/secure.gravatar.com\\\/avatar\\\/23291dd5b5ae1077dcff3dbb04c3e02bd28403fa75af6d8787d5e97c5bbbe30b?s=96&d=mm&r=g\",\"contentUrl\":\"https:\\\/\\\/secure.gravatar.com\\\/avatar\\\/23291dd5b5ae1077dcff3dbb04c3e02bd28403fa75af6d8787d5e97c5bbbe30b?s=96&d=mm&r=g\",\"caption\":\"Web del Maestro CMF\"},\"description\":\"Esta Web se cre\u00f3 sin fines de lucro, con fines educativos, cient\u00edficos y acad\u00e9micos, para personas que tengan dificultades y\\\/o inconvenientes en visualizar el material original. El objetivo es entregar recursos, compartir experiencias y materiales que ayuden a los padres de familia, maestros y estudiantes en su actualizaci\u00f3n y formaci\u00f3n permanente, en bien de la Educaci\u00f3n.\",\"sameAs\":[\"http:\\\/\\\/webdelmaestrocmf.com\\\/portal\",\"https:\\\/\\\/www.facebook.com\\\/WebdelMaestroCMF\\\/\",\"https:\\\/\\\/www.instagram.com\\\/wmcmf\\\/\",\"https:\\\/\\\/cl.linkedin.com\\\/company\\\/web-del-maestro-cmf\",\"https:\\\/\\\/www.pinterest.com\\\/WMCMF\\\/publicaciones\\\/\",\"https:\\\/\\\/x.com\\\/cmf_w\",\"https:\\\/\\\/www.youtube.com\\\/@WMCMF\"]}]}<\/script>\n<!-- \/ Yoast SEO plugin. -->","yoast_head_json":{"title":"EL CAMBIO DE MODELO EDUCATIVO ES UNA PROPUESTA QUE NACE EN LA ESCUELA P\u00daBLICA","description":"Coral Reg\u00ed Rodr\u00edguez Directora Escola Virolai de Barcelona sostiene que el debate no est\u00e1 en los recursos o si es p\u00fablica o privada.","robots":{"index":"index","follow":"follow","max-snippet":"max-snippet:-1","max-image-preview":"max-image-preview:large","max-video-preview":"max-video-preview:-1"},"canonical":"https:\/\/webdelmaestrocmf.com\/portal\/el-cambio-de-modelo-educativo-es-una-propuesta-que-nace-en-la-escuela-publica\/","og_locale":"es_ES","og_type":"article","og_title":"EL CAMBIO DE MODELO EDUCATIVO ES UNA PROPUESTA QUE NACE EN LA ESCUELA P\u00daBLICA","og_description":"Coral Reg\u00ed Rodr\u00edguez Directora Escola Virolai de Barcelona sostiene que el debate no est\u00e1 en los recursos o si es p\u00fablica o privada.","og_url":"https:\/\/webdelmaestrocmf.com\/portal\/el-cambio-de-modelo-educativo-es-una-propuesta-que-nace-en-la-escuela-publica\/","og_site_name":"Web del Maestro CMF","article_publisher":"https:\/\/www.facebook.com\/WebdelMaestroCMF\/","article_author":"https:\/\/www.facebook.com\/WebdelMaestroCMF\/","article_published_time":"2018-09-14T00:01:47+00:00","article_modified_time":"2021-10-23T19:59:56+00:00","og_image":[{"width":1100,"height":680,"url":"https:\/\/i0.wp.com\/webdelmaestrocmf.com\/portal\/wp-content\/uploads\/2017\/05\/1-43.jpg?fit=1100%2C680&ssl=1","type":"image\/jpeg"}],"author":"Web del Maestro CMF","twitter_card":"summary_large_image","twitter_creator":"@cmf_w","twitter_site":"@cmf_w","schema":{"@context":"https:\/\/schema.org","@graph":[{"@type":"ScholarlyArticle","@id":"https:\/\/webdelmaestrocmf.com\/portal\/el-cambio-de-modelo-educativo-es-una-propuesta-que-nace-en-la-escuela-publica\/#article","isPartOf":{"@id":"https:\/\/webdelmaestrocmf.com\/portal\/el-cambio-de-modelo-educativo-es-una-propuesta-que-nace-en-la-escuela-publica\/"},"author":{"name":"Web del Maestro CMF","@id":"https:\/\/webdelmaestrocmf.com\/portal\/#\/schema\/person\/1072a2ed7bd960df8ef99a551fa35dc5"},"headline":"EL CAMBIO DE MODELO EDUCATIVO ES UNA PROPUESTA QUE NACE EN LA ESCUELA P\u00daBLICA","datePublished":"2018-09-14T00:01:47+00:00","dateModified":"2021-10-23T19:59:56+00:00","mainEntityOfPage":{"@id":"https:\/\/webdelmaestrocmf.com\/portal\/el-cambio-de-modelo-educativo-es-una-propuesta-que-nace-en-la-escuela-publica\/"},"wordCount":1853,"commentCount":0,"publisher":{"@id":"https:\/\/webdelmaestrocmf.com\/portal\/#organization"},"image":{"@id":"https:\/\/webdelmaestrocmf.com\/portal\/el-cambio-de-modelo-educativo-es-una-propuesta-que-nace-en-la-escuela-publica\/#primaryimage"},"thumbnailUrl":"https:\/\/webdelmaestrocmf.com\/portal\/wp-content\/uploads\/2017\/05\/1-43.jpg","keywords":["Cambio","EDUCATIVO","MODELO"],"inLanguage":"es","potentialAction":[{"@type":"CommentAction","name":"Comment","target":["https:\/\/webdelmaestrocmf.com\/portal\/el-cambio-de-modelo-educativo-es-una-propuesta-que-nace-en-la-escuela-publica\/#respond"]}]},{"@type":"WebPage","@id":"https:\/\/webdelmaestrocmf.com\/portal\/el-cambio-de-modelo-educativo-es-una-propuesta-que-nace-en-la-escuela-publica\/","url":"https:\/\/webdelmaestrocmf.com\/portal\/el-cambio-de-modelo-educativo-es-una-propuesta-que-nace-en-la-escuela-publica\/","name":"EL CAMBIO DE MODELO EDUCATIVO ES UNA PROPUESTA QUE NACE EN LA ESCUELA P\u00daBLICA","isPartOf":{"@id":"https:\/\/webdelmaestrocmf.com\/portal\/#website"},"primaryImageOfPage":{"@id":"https:\/\/webdelmaestrocmf.com\/portal\/el-cambio-de-modelo-educativo-es-una-propuesta-que-nace-en-la-escuela-publica\/#primaryimage"},"image":{"@id":"https:\/\/webdelmaestrocmf.com\/portal\/el-cambio-de-modelo-educativo-es-una-propuesta-que-nace-en-la-escuela-publica\/#primaryimage"},"thumbnailUrl":"https:\/\/webdelmaestrocmf.com\/portal\/wp-content\/uploads\/2017\/05\/1-43.jpg","datePublished":"2018-09-14T00:01:47+00:00","dateModified":"2021-10-23T19:59:56+00:00","description":"Coral Reg\u00ed Rodr\u00edguez Directora Escola Virolai de Barcelona sostiene que el debate no est\u00e1 en los recursos o si es p\u00fablica o privada.","breadcrumb":{"@id":"https:\/\/webdelmaestrocmf.com\/portal\/el-cambio-de-modelo-educativo-es-una-propuesta-que-nace-en-la-escuela-publica\/#breadcrumb"},"inLanguage":"es","potentialAction":[{"@type":"ReadAction","target":["https:\/\/webdelmaestrocmf.com\/portal\/el-cambio-de-modelo-educativo-es-una-propuesta-que-nace-en-la-escuela-publica\/"]}]},{"@type":"ImageObject","inLanguage":"es","@id":"https:\/\/webdelmaestrocmf.com\/portal\/el-cambio-de-modelo-educativo-es-una-propuesta-que-nace-en-la-escuela-publica\/#primaryimage","url":"https:\/\/webdelmaestrocmf.com\/portal\/wp-content\/uploads\/2017\/05\/1-43.jpg","contentUrl":"https:\/\/webdelmaestrocmf.com\/portal\/wp-content\/uploads\/2017\/05\/1-43.jpg","width":1100,"height":680},{"@type":"BreadcrumbList","@id":"https:\/\/webdelmaestrocmf.com\/portal\/el-cambio-de-modelo-educativo-es-una-propuesta-que-nace-en-la-escuela-publica\/#breadcrumb","itemListElement":[{"@type":"ListItem","position":1,"name":"Portada","item":"https:\/\/webdelmaestrocmf.com\/portal\/"},{"@type":"ListItem","position":2,"name":"Noticias","item":"https:\/\/webdelmaestrocmf.com\/portal\/category\/noticias\/"},{"@type":"ListItem","position":3,"name":"EL CAMBIO DE MODELO EDUCATIVO ES UNA PROPUESTA QUE NACE EN LA ESCUELA P\u00daBLICA"}]},{"@type":"WebSite","@id":"https:\/\/webdelmaestrocmf.com\/portal\/#website","url":"https:\/\/webdelmaestrocmf.com\/portal\/","name":"Web del Maestro CMF","description":"Maestros al servicio de la educaci\u00f3n","publisher":{"@id":"https:\/\/webdelmaestrocmf.com\/portal\/#organization"},"alternateName":"WMCMF","potentialAction":[{"@type":"SearchAction","target":{"@type":"EntryPoint","urlTemplate":"https:\/\/webdelmaestrocmf.com\/portal\/?s={search_term_string}"},"query-input":{"@type":"PropertyValueSpecification","valueRequired":true,"valueName":"search_term_string"}}],"inLanguage":"es"},{"@type":"Organization","@id":"https:\/\/webdelmaestrocmf.com\/portal\/#organization","name":"Web del Maestro CMF","alternateName":"WMCMF","url":"https:\/\/webdelmaestrocmf.com\/portal\/","logo":{"@type":"ImageObject","inLanguage":"es","@id":"https:\/\/webdelmaestrocmf.com\/portal\/#\/schema\/logo\/image\/","url":"https:\/\/webdelmaestrocmf.com\/portal\/wp-content\/uploads\/2023\/01\/logo-wmcmf-2.png","contentUrl":"https:\/\/webdelmaestrocmf.com\/portal\/wp-content\/uploads\/2023\/01\/logo-wmcmf-2.png","width":200,"height":60,"caption":"Web del Maestro CMF"},"image":{"@id":"https:\/\/webdelmaestrocmf.com\/portal\/#\/schema\/logo\/image\/"},"sameAs":["https:\/\/www.facebook.com\/WebdelMaestroCMF\/","https:\/\/x.com\/cmf_w","https:\/\/www.pinterest.com\/WMCMF\/","https:\/\/www.linkedin.com\/company\/web-del-maestro-cmf\/","https:\/\/www.instagram.com\/wmcmf\/","https:\/\/www.youtube.com\/channel\/UCDPSvjbdodE5sHnC3OxutHw","https:\/\/mastodon.social\/@wmcmf","https:\/\/www.tiktok.com\/@webdelmaestrocmf"]},{"@type":"Person","@id":"https:\/\/webdelmaestrocmf.com\/portal\/#\/schema\/person\/1072a2ed7bd960df8ef99a551fa35dc5","name":"Web del Maestro CMF","image":{"@type":"ImageObject","inLanguage":"es","@id":"https:\/\/secure.gravatar.com\/avatar\/23291dd5b5ae1077dcff3dbb04c3e02bd28403fa75af6d8787d5e97c5bbbe30b?s=96&d=mm&r=g","url":"https:\/\/secure.gravatar.com\/avatar\/23291dd5b5ae1077dcff3dbb04c3e02bd28403fa75af6d8787d5e97c5bbbe30b?s=96&d=mm&r=g","contentUrl":"https:\/\/secure.gravatar.com\/avatar\/23291dd5b5ae1077dcff3dbb04c3e02bd28403fa75af6d8787d5e97c5bbbe30b?s=96&d=mm&r=g","caption":"Web del Maestro CMF"},"description":"Esta Web se cre\u00f3 sin fines de lucro, con fines educativos, cient\u00edficos y acad\u00e9micos, para personas que tengan dificultades y\/o inconvenientes en visualizar el material original. El objetivo es entregar recursos, compartir experiencias y materiales que ayuden a los padres de familia, maestros y estudiantes en su actualizaci\u00f3n y formaci\u00f3n permanente, en bien de la Educaci\u00f3n.","sameAs":["http:\/\/webdelmaestrocmf.com\/portal","https:\/\/www.facebook.com\/WebdelMaestroCMF\/","https:\/\/www.instagram.com\/wmcmf\/","https:\/\/cl.linkedin.com\/company\/web-del-maestro-cmf","https:\/\/www.pinterest.com\/WMCMF\/publicaciones\/","https:\/\/x.com\/cmf_w","https:\/\/www.youtube.com\/@WMCMF"]}]}},"jetpack_featured_media_url":"https:\/\/webdelmaestrocmf.com\/portal\/wp-content\/uploads\/2017\/05\/1-43.jpg","jetpack_sharing_enabled":true,"jetpack-related-posts":[{"id":102967,"url":"https:\/\/webdelmaestrocmf.com\/portal\/la-escuela-que-aprende-libro-para-docentes\/","url_meta":{"origin":18260,"position":0},"title":"La escuela que aprende | Libro para docentes","author":"Web del Maestro CMF","date":"22 enero, 2024","format":false,"excerpt":"La escuela que aprende es un libro del pedagogo espa\u00f1ol Miguel \u00c1ngel Santos Guerra, publicado en 2000. En el libro, el autor plantea la necesidad de que la escuela sea una organizaci\u00f3n que aprende, y no solo un lugar donde los alumnos reciben conocimientos. Santos Guerra sostiene que la escuela\u2026","rel":"","context":"En \u00abLibros\u00bb","block_context":{"text":"Libros","link":"https:\/\/webdelmaestrocmf.com\/portal\/category\/pedagogia\/libros\/"},"img":{"alt_text":"la escuela que aprende","src":"https:\/\/i0.wp.com\/webdelmaestrocmf.com\/portal\/wp-content\/uploads\/2024\/01\/Banner-1-portada-imagen-10-18-1.jpg?resize=350%2C200&ssl=1","width":350,"height":200,"srcset":"https:\/\/i0.wp.com\/webdelmaestrocmf.com\/portal\/wp-content\/uploads\/2024\/01\/Banner-1-portada-imagen-10-18-1.jpg?resize=350%2C200&ssl=1 1x, https:\/\/i0.wp.com\/webdelmaestrocmf.com\/portal\/wp-content\/uploads\/2024\/01\/Banner-1-portada-imagen-10-18-1.jpg?resize=525%2C300&ssl=1 1.5x, https:\/\/i0.wp.com\/webdelmaestrocmf.com\/portal\/wp-content\/uploads\/2024\/01\/Banner-1-portada-imagen-10-18-1.jpg?resize=700%2C400&ssl=1 2x"},"classes":[]},{"id":115932,"url":"https:\/\/webdelmaestrocmf.com\/portal\/corea-del-sur-revisa-el-sistema-de-uniformes-escolares-entre-la-tradicion-el-costo-y-nuevas-alternativas\/","url_meta":{"origin":18260,"position":1},"title":"Corea del Sur revisa el sistema de uniformes escolares: entre la tradici\u00f3n, el costo y nuevas alternativas","author":"Web del Maestro CMF","date":"8 marzo, 2026","format":false,"excerpt":"Corea del Sur revisa el sistema de uniformes escolares para reducir costos y evaluar alternativas m\u00e1s c\u00f3modas, como ropa deportiva.","rel":"","context":"En \u00abNoticias Internacionales\u00bb","block_context":{"text":"Noticias Internacionales","link":"https:\/\/webdelmaestrocmf.com\/portal\/category\/noticias-internacionales\/"},"img":{"alt_text":"","src":"https:\/\/i0.wp.com\/webdelmaestrocmf.com\/portal\/wp-content\/uploads\/2026\/03\/1A-Banner-1-portada-imagen-10-1-copia-4.webp?resize=350%2C200&ssl=1","width":350,"height":200,"srcset":"https:\/\/i0.wp.com\/webdelmaestrocmf.com\/portal\/wp-content\/uploads\/2026\/03\/1A-Banner-1-portada-imagen-10-1-copia-4.webp?resize=350%2C200&ssl=1 1x, https:\/\/i0.wp.com\/webdelmaestrocmf.com\/portal\/wp-content\/uploads\/2026\/03\/1A-Banner-1-portada-imagen-10-1-copia-4.webp?resize=525%2C300&ssl=1 1.5x, https:\/\/i0.wp.com\/webdelmaestrocmf.com\/portal\/wp-content\/uploads\/2026\/03\/1A-Banner-1-portada-imagen-10-1-copia-4.webp?resize=700%2C400&ssl=1 2x"},"classes":[]},{"id":114006,"url":"https:\/\/webdelmaestrocmf.com\/portal\/no-podemos-reducir-la-escuela-a-un-contenedor-social-jamas-debe-perder-su-lugar-como-espacio-educativo\/","url_meta":{"origin":18260,"position":2},"title":"No podemos reducir la escuela a un \u201ccontenedor social\u201d; jam\u00e1s debe perder su lugar como espacio educativo","author":"Web del Maestro CMF","date":"13 diciembre, 2025","format":false,"excerpt":"Reducirla es traicionar el derecho a aprender, degrada la docencia y normaliza la desigualdad como destino educativo.","rel":"","context":"En \u00abYo opino - WMCMF\u00bb","block_context":{"text":"Yo opino - WMCMF","link":"https:\/\/webdelmaestrocmf.com\/portal\/category\/jamb\/"},"img":{"alt_text":"","src":"https:\/\/i0.wp.com\/webdelmaestrocmf.com\/portal\/wp-content\/uploads\/2025\/12\/1A-Banner-1-portada-imagen-10-1-copia-15.webp?resize=350%2C200&ssl=1","width":350,"height":200,"srcset":"https:\/\/i0.wp.com\/webdelmaestrocmf.com\/portal\/wp-content\/uploads\/2025\/12\/1A-Banner-1-portada-imagen-10-1-copia-15.webp?resize=350%2C200&ssl=1 1x, https:\/\/i0.wp.com\/webdelmaestrocmf.com\/portal\/wp-content\/uploads\/2025\/12\/1A-Banner-1-portada-imagen-10-1-copia-15.webp?resize=525%2C300&ssl=1 1.5x, https:\/\/i0.wp.com\/webdelmaestrocmf.com\/portal\/wp-content\/uploads\/2025\/12\/1A-Banner-1-portada-imagen-10-1-copia-15.webp?resize=700%2C400&ssl=1 2x"},"classes":[]},{"id":112459,"url":"https:\/\/webdelmaestrocmf.com\/portal\/alejandro-castro-santander-la-violencia-escolar-es-una-conducta-aprendida-de-los-adultos\/","url_meta":{"origin":18260,"position":3},"title":"Alejandro Castro Santander: la violencia escolar es una conducta aprendida de los adultos","author":"Web del Maestro CMF","date":"5 octubre, 2025","format":false,"excerpt":"Alejandro Castro Santander advierte que cuando los mayores naturalizan el maltrato, la agresi\u00f3n y la intolerancia, los ni\u00f1os reproducen esas conductas en el aula. Por eso, afirma, para erradicar la violencia escolar primero debemos sanar al adulto y reconstruir su ejemplo.","rel":"","context":"En \u00abEntrevistas\u00bb","block_context":{"text":"Entrevistas","link":"https:\/\/webdelmaestrocmf.com\/portal\/category\/noticias\/entrevistas\/"},"img":{"alt_text":"","src":"https:\/\/i0.wp.com\/webdelmaestrocmf.com\/portal\/wp-content\/uploads\/2025\/10\/1A-Banner-1-portada-imagen-10-1-copia-5-3.jpg?resize=350%2C200&ssl=1","width":350,"height":200,"srcset":"https:\/\/i0.wp.com\/webdelmaestrocmf.com\/portal\/wp-content\/uploads\/2025\/10\/1A-Banner-1-portada-imagen-10-1-copia-5-3.jpg?resize=350%2C200&ssl=1 1x, https:\/\/i0.wp.com\/webdelmaestrocmf.com\/portal\/wp-content\/uploads\/2025\/10\/1A-Banner-1-portada-imagen-10-1-copia-5-3.jpg?resize=525%2C300&ssl=1 1.5x, https:\/\/i0.wp.com\/webdelmaestrocmf.com\/portal\/wp-content\/uploads\/2025\/10\/1A-Banner-1-portada-imagen-10-1-copia-5-3.jpg?resize=700%2C400&ssl=1 2x"},"classes":[]},{"id":115122,"url":"https:\/\/webdelmaestrocmf.com\/portal\/italia-prohibe-los-simbolos-de-genero-neutro-en-las-escuelas-y-reabre-el-debate-cultural-sobre-lenguaje-y-educacion\/","url_meta":{"origin":18260,"position":4},"title":"Italia proh\u00edbe los s\u00edmbolos de g\u00e9nero neutro en las escuelas y reabre el debate cultural sobre lenguaje y educaci\u00f3n","author":"Web del Maestro CMF","date":"4 febrero, 2026","format":false,"excerpt":"Italia proh\u00edbe s\u00edmbolos de g\u00e9nero neutro en escuelas p\u00fablicas, reabriendo un intenso debate cultural sobre lenguaje, educaci\u00f3n y comunicaci\u00f3n institucional.","rel":"","context":"En \u00abNoticias Internacionales\u00bb","block_context":{"text":"Noticias Internacionales","link":"https:\/\/webdelmaestrocmf.com\/portal\/category\/noticias-internacionales\/"},"img":{"alt_text":"","src":"https:\/\/i0.wp.com\/webdelmaestrocmf.com\/portal\/wp-content\/uploads\/2026\/02\/1A-Banner-1-portada-imagen-10-1-copia-5.webp?resize=350%2C200&ssl=1","width":350,"height":200,"srcset":"https:\/\/i0.wp.com\/webdelmaestrocmf.com\/portal\/wp-content\/uploads\/2026\/02\/1A-Banner-1-portada-imagen-10-1-copia-5.webp?resize=350%2C200&ssl=1 1x, https:\/\/i0.wp.com\/webdelmaestrocmf.com\/portal\/wp-content\/uploads\/2026\/02\/1A-Banner-1-portada-imagen-10-1-copia-5.webp?resize=525%2C300&ssl=1 1.5x, https:\/\/i0.wp.com\/webdelmaestrocmf.com\/portal\/wp-content\/uploads\/2026\/02\/1A-Banner-1-portada-imagen-10-1-copia-5.webp?resize=700%2C400&ssl=1 2x"},"classes":[]},{"id":13828,"url":"https:\/\/webdelmaestrocmf.com\/portal\/peter-senge-profesor-del-siglo-xxi-ensenar-lo-no-sabe\/","url_meta":{"origin":18260,"position":5},"title":"Peter Senge: El profesor del siglo XXI tiene que ense\u00f1ar lo que no sabe","author":"Web del Maestro CMF","date":"11 mayo, 2020","format":false,"excerpt":"El experto cree que para innovar en educaci\u00f3n hay que crear un modelo pedag\u00f3gico en el que docente y alumno aprendan a la vez. Peter Senge, californiano de 69 a\u00f1os, cree que el principal problema del sistema educativo es que se basa en el modelo de la revoluci\u00f3n industrial. Este\u2026","rel":"","context":"En \u00abEntrevistas\u00bb","block_context":{"text":"Entrevistas","link":"https:\/\/webdelmaestrocmf.com\/portal\/category\/noticias\/entrevistas\/"},"img":{"alt_text":"","src":"https:\/\/i0.wp.com\/webdelmaestrocmf.com\/portal\/wp-content\/uploads\/2020\/05\/2jpg.jpg?resize=350%2C200&ssl=1","width":350,"height":200,"srcset":"https:\/\/i0.wp.com\/webdelmaestrocmf.com\/portal\/wp-content\/uploads\/2020\/05\/2jpg.jpg?resize=350%2C200&ssl=1 1x, https:\/\/i0.wp.com\/webdelmaestrocmf.com\/portal\/wp-content\/uploads\/2020\/05\/2jpg.jpg?resize=525%2C300&ssl=1 1.5x, https:\/\/i0.wp.com\/webdelmaestrocmf.com\/portal\/wp-content\/uploads\/2020\/05\/2jpg.jpg?resize=700%2C400&ssl=1 2x, https:\/\/i0.wp.com\/webdelmaestrocmf.com\/portal\/wp-content\/uploads\/2020\/05\/2jpg.jpg?resize=1050%2C600&ssl=1 3x"},"classes":[]}],"_links":{"self":[{"href":"https:\/\/webdelmaestrocmf.com\/portal\/wp-json\/wp\/v2\/posts\/18260","targetHints":{"allow":["GET"]}}],"collection":[{"href":"https:\/\/webdelmaestrocmf.com\/portal\/wp-json\/wp\/v2\/posts"}],"about":[{"href":"https:\/\/webdelmaestrocmf.com\/portal\/wp-json\/wp\/v2\/types\/post"}],"author":[{"embeddable":true,"href":"https:\/\/webdelmaestrocmf.com\/portal\/wp-json\/wp\/v2\/users\/1"}],"replies":[{"embeddable":true,"href":"https:\/\/webdelmaestrocmf.com\/portal\/wp-json\/wp\/v2\/comments?post=18260"}],"version-history":[{"count":0,"href":"https:\/\/webdelmaestrocmf.com\/portal\/wp-json\/wp\/v2\/posts\/18260\/revisions"}],"wp:featuredmedia":[{"embeddable":true,"href":"https:\/\/webdelmaestrocmf.com\/portal\/wp-json\/wp\/v2\/media\/31434"}],"wp:attachment":[{"href":"https:\/\/webdelmaestrocmf.com\/portal\/wp-json\/wp\/v2\/media?parent=18260"}],"wp:term":[{"taxonomy":"category","embeddable":true,"href":"https:\/\/webdelmaestrocmf.com\/portal\/wp-json\/wp\/v2\/categories?post=18260"},{"taxonomy":"post_tag","embeddable":true,"href":"https:\/\/webdelmaestrocmf.com\/portal\/wp-json\/wp\/v2\/tags?post=18260"}],"curies":[{"name":"wp","href":"https:\/\/api.w.org\/{rel}","templated":true}]}}