{"id":18016,"date":"2019-12-02T23:19:10","date_gmt":"2019-12-03T02:19:10","guid":{"rendered":"http:\/\/webdelmaestrocmf.com\/portal\/?p=18016"},"modified":"2023-03-15T22:42:26","modified_gmt":"2023-03-16T01:42:26","slug":"cinco-sugerencias-construir-resiliencia-ambiente-educativo","status":"publish","type":"post","link":"https:\/\/webdelmaestrocmf.com\/portal\/cinco-sugerencias-construir-resiliencia-ambiente-educativo\/","title":{"rendered":"Cinco sugerencias para construir resiliencia en el ambiente educativo"},"content":{"rendered":"<h5 style=\"text-align: justify;\">Para superar las situaciones dif\u00edciles que nos toca o le tocar\u00e1 vivir a cada uno, necesita esa capacidad que hoy los psic\u00f3logos han llamado resiliencia, que viene a ser \u201cla actitud de sobreponerse a periodos de dolor emocional y situaciones adversas.<\/h5>\n<p><!--more--><\/p>\n<h5 style=\"text-align: justify;\"><strong>Es la capacidad de adaptarse y superar la adversidad y que a su vez requiere tiempo y esfuerzo.<\/strong> La resiliencia es como rebotar de una experiencia dif\u00edcil para llegar m\u00e1s alto\u201d, afirma Jos\u00e9 Alfredo Cabrera Guerra, porque \u201cvivimos en un mundo en donde los escenarios cambian permanentemente, <strong>los desaf\u00edos a veces son fuertes e intensos,<\/strong> tenemos graves situaciones de estr\u00e9s y tensi\u00f3n emocional <strong>que si no sabemos manejar<\/strong> nos pueden llevar a perder el control de nuestra vida o a volvernos vulnerables a otro tipo de enfermedades\u201d.<\/h5>\n<p style=\"text-align: justify;\">Henderson y Milstein (2003) elaboraron un modelo (que se visualiza gr\u00e1ficamente en el cuadro) para promover la resiliencia, y que tiene como fundamento <strong>el brindar afecto y apoyo<\/strong>, sin \u00e9l resulta dif\u00edcil creer en la posibilidad de un verdadero desarrollo de la resiliencia.<\/p>\n<p><img loading=\"lazy\" decoding=\"async\" class=\"alignnone size-full wp-image-40729\" src=\"https:\/\/webdelmaestrocmf.com\/portal\/wp-content\/uploads\/2018\/09\/2-1.png\" alt=\"\" width=\"1080\" height=\"1080\" srcset=\"https:\/\/webdelmaestrocmf.com\/portal\/wp-content\/uploads\/2018\/09\/2-1.png 1080w, https:\/\/webdelmaestrocmf.com\/portal\/wp-content\/uploads\/2018\/09\/2-1-150x150.png 150w, https:\/\/webdelmaestrocmf.com\/portal\/wp-content\/uploads\/2018\/09\/2-1-300x300.png 300w, https:\/\/webdelmaestrocmf.com\/portal\/wp-content\/uploads\/2018\/09\/2-1-768x768.png 768w, https:\/\/webdelmaestrocmf.com\/portal\/wp-content\/uploads\/2018\/09\/2-1-1024x1024.png 1024w, https:\/\/webdelmaestrocmf.com\/portal\/wp-content\/uploads\/2018\/09\/2-1-80x80.png 80w, https:\/\/webdelmaestrocmf.com\/portal\/wp-content\/uploads\/2018\/09\/2-1-110x110.png 110w, https:\/\/webdelmaestrocmf.com\/portal\/wp-content\/uploads\/2018\/09\/2-1-200x200.png 200w, https:\/\/webdelmaestrocmf.com\/portal\/wp-content\/uploads\/2018\/09\/2-1-380x380.png 380w, https:\/\/webdelmaestrocmf.com\/portal\/wp-content\/uploads\/2018\/09\/2-1-255x255.png 255w, https:\/\/webdelmaestrocmf.com\/portal\/wp-content\/uploads\/2018\/09\/2-1-550x550.png 550w, https:\/\/webdelmaestrocmf.com\/portal\/wp-content\/uploads\/2018\/09\/2-1-800x800.png 800w\" sizes=\"auto, (max-width: 1080px) 100vw, 1080px\" \/><\/p>\n<p style=\"text-align: justify;\">En el \u00e1mbito educativo implica la <strong>participaci\u00f3n de toda la comunidad<\/strong>, que incluso debe <strong>planificar un marco preventivo<\/strong>, y no \u00fanicamente para tomar acciones posteriores. \u201cLa resiliencia es una caracter\u00edstica crucial <strong>para el \u00e9xito de alumnos y docentes<\/strong>. Todos tenemos algunas caracter\u00edsticas resilientes, aunque \u00e9stas a menudo pasan inadvertidas\u2026\u201d. (cf Mi Espacio Resiiente). Pueden parecer muy sencillas, pero requieren fuerza de voluntad.<\/p>\n<p style=\"text-align: justify;\">\u201cEn el campo educativo, pensar en t\u00e9rminos de resiliencia <strong>implica poner el foco en la adquisici\u00f3n y desarrollo de competencias y facultades, en los puntos fuertes y no en los d\u00e9ficits.<\/strong> [\u2026] Los estudios indican, sin embargo, que aquellos ni\u00f1os que han generado un comportamiento resiliente, es decir, que han podido sobreponerse a esas experiencias negativas fortaleci\u00e9ndose en el proceso, <strong>han contado con alguna persona, ya sea de la familia amplia o de la comunidad,<\/strong> con quien lograron establecer un v\u00ednculo positivo. <strong>Es aqu\u00ed donde el papel de la escuela, y en particular el de los docentes<\/strong>, adquiere todo su valor y su complejidad\u201d (pnlnet.com).<\/p>\n<p style=\"text-align: justify;\">La orientadora espa\u00f1ola Elena Ari\u00f1o Lecina, explica que la resiliencia, es \u201cdarle la vuelta a la tortilla y de hacer limonada con los limones que te da la vida, o, en otras palabras, <strong>ser capaz de tirar para adelante cuando las circunstancias en tu vida son negativas<\/strong>\u201d, y nos propone estas sugerencias:<\/p>\n<ol style=\"text-align: justify;\">\n<li><strong>Perm\u00edtete pasarlo mal&#8230; pero no te acomodes<\/strong>: no est\u00e1 permitido bajo ning\u00fan concepto es acomodarte en la queja, en la desesperanza y en los pensamientos negativos;<\/li>\n<li><strong>Analiza qu\u00e9 es lo que de verdad te importa y replant\u00e9ate tu vida<\/strong>: calcula y valora objetivamente c\u00f3mo te est\u00e1 afectando esa situaci\u00f3n;<\/li>\n<li><strong>Re-enf\u00f3cate<\/strong>: piensa qu\u00e9 puedes hacer para conseguir tus objetivos y plantea peque\u00f1os pasos, medibles y conseguibles;<\/li>\n<li><strong>Cultiva el pensamiento constructivo<\/strong>: debes ser capaz de darle a cada cosa su nivel de importancia adecuado; y<\/li>\n<li><strong>Conf\u00eda en ti:<\/strong> t\u00fa eres el motor de tu propia vida,<\/li>\n<\/ol>\n<p style=\"text-align: justify;\">Como padres de familia y\/o profesores, tenemos la tarea de que nuestros ni\u00f1os y j\u00f3venes conozcan, entiendan, valoren y desarrollen su capacidad de resiliencia, para <strong>ayudarlos a avanzar en la vida y ser capaces de reponerse a las situaciones m\u00e1s negativas<\/strong> de sus vidas, y para evitar caer en el pesimismo y desesperanza. Esto les permitir\u00e1, seg\u00fan su edad: <strong>tener un proyecto de vida<\/strong> a partir del conocimiento de sus propias debilidades y fortalezas, <strong>explicar lo que sucede y priorizar<\/strong> la comunicaci\u00f3n, sabiendo que en casa y en la escuela tienen apoyo, y que <strong>en ambos escenarios conf\u00edan en ellos<\/strong> (ABC Color (Paraguay), Christian Godoy).<\/p>\n<p><img loading=\"lazy\" decoding=\"async\" class=\"alignnone size-full wp-image-40728\" src=\"https:\/\/webdelmaestrocmf.com\/portal\/wp-content\/uploads\/2018\/09\/1-4.png\" alt=\"\" width=\"800\" height=\"564\" srcset=\"https:\/\/webdelmaestrocmf.com\/portal\/wp-content\/uploads\/2018\/09\/1-4.png 800w, https:\/\/webdelmaestrocmf.com\/portal\/wp-content\/uploads\/2018\/09\/1-4-300x212.png 300w, https:\/\/webdelmaestrocmf.com\/portal\/wp-content\/uploads\/2018\/09\/1-4-768x541.png 768w, https:\/\/webdelmaestrocmf.com\/portal\/wp-content\/uploads\/2018\/09\/1-4-110x78.png 110w, https:\/\/webdelmaestrocmf.com\/portal\/wp-content\/uploads\/2018\/09\/1-4-200x141.png 200w, https:\/\/webdelmaestrocmf.com\/portal\/wp-content\/uploads\/2018\/09\/1-4-380x268.png 380w, https:\/\/webdelmaestrocmf.com\/portal\/wp-content\/uploads\/2018\/09\/1-4-255x180.png 255w, https:\/\/webdelmaestrocmf.com\/portal\/wp-content\/uploads\/2018\/09\/1-4-550x388.png 550w\" sizes=\"auto, (max-width: 800px) 100vw, 800px\" \/><\/p>\n<p style=\"text-align: justify;\">Por ser las escuelas \u201clos ambientes claves para que las personas desarrollen la capacidad de sobreponerse a la adversidad, de adaptarse a las presiones y problemas que enfrentan y adquieran las competencias (social, acad\u00e9mica y vocacional) para seguir adelante en la vida\u201d; \u2013afirma Godoy-, es fundamental \u201c<strong>desarrollar la capacidad de resiliencia en los docentes,<\/strong> que son quienes tienen que sortear m\u00faltiples situaciones adversas y fortalecerse para enfrentarlas con el mejor \u00e9xito posible\u201d.<\/p>\n<p><strong>SI DESEA, PUEDE USTED AMPLIAR ESTA INFORMACI\u00d3N EN:<\/strong><\/p>\n<ul>\n<li><a href=\"http:\/\/www.lanuevarutadelempleo.com\/Noticias\/resiliencia-o-como-darle-la-vuelta-la-tortilla\" target=\"_blank\" rel=\"noopener noreferrer\"><strong>RESILIENCIA O C\u00d3MO DARLE LA VUELTA A LA TORTILLA<\/strong><\/a><\/li>\n<li><strong><a href=\"http:\/\/www.abc.com.py\/edicion-impresa\/suplementos\/escolar\/la-resiliencia-en-la-escuela-388211.html\" target=\"_blank\" rel=\"noopener noreferrer\">LA RESILIENCIA EN LA ESCUELA<\/a><\/strong><\/li>\n<\/ul>\n<p style=\"text-align: right;\"><strong>REDACCI\u00d3N WEB DEL MAESTRO CMF<\/strong><\/p>\n\t\t<div class=\"pk-inline-posts\">\n\t\t\t\n\t\t\t<div class=\"pk-inline-posts-container pk-inline-posts-template-list\"\n\t\t\t\tdata-columns=\"1\">\n\t\t\t\t\t\t<article id=\"post-17756\" class=\"post-17756 post type-post status-publish format-standard has-post-thumbnail category-jamb tag-dia tag-dia-del-trabajo tag-jorge-bergoglio tag-maestros tag-trabajo cs-entry cs-video-wrap\">\n\t\t\t<div class=\"pk-post-outer\">\n\n\t\t\t\t\t\t\t\t<div class=\"pk-post-inner\">\n\t\t\t\t\t<div class=\"entry-thumbnail\">\n\t\t\t\t\t\t<div class=\"pk-overlay pk-overlay-ratio pk-ratio-landscape\">\n\t\t\t\t\t\t\t<div class=\"pk-overlay-background\">\n\t\t\t\t\t\t\t\t<a href=\"https:\/\/webdelmaestrocmf.com\/portal\/dia-del-trabajo-maestros-gracias-lo-hacen\/\" class=\"pk-overlay-link\">\n\t\t\t\t\t\t\t\t\t<img loading=\"lazy\" decoding=\"async\" width=\"300\" height=\"225\" src=\"https:\/\/webdelmaestrocmf.com\/portal\/wp-content\/uploads\/2023\/05\/Banner-1-portada-imagen-10-1-55-300x225.jpg\" class=\"attachment-pk-thumbnail size-pk-thumbnail wp-post-image\" alt=\"d\u00eda del trabajo\" \/>\t\t\t\t\t\t\t\t<\/a>\n\t\t\t\t\t\t\t<\/div>\n\t\t\t\t\t\t<\/div>\n\t\t\t\t\t<\/div>\n\t\t\t\t<\/div>\n\t\t\t\t\n\t\t\t\t<div class=\"pk-post-inner\">\n\t\t\t\t\t<header>\n\t\t\t\t\t\t<h3 class=\"pk-title\"><a href=\"https:\/\/webdelmaestrocmf.com\/portal\/dia-del-trabajo-maestros-gracias-lo-hacen\/\" rel=\"bookmark\">D\u00eda Internacional de los Trabajadores: Maestros, \u00a1gracias por lo que hacen!<\/a><\/h3>\t\t\t\t\t<\/header><!-- .entry-header -->\n\t\t\t\t<\/div><!-- .post-inner -->\n\n\t\t\t<\/div><!-- .post-outer -->\n\t\t<\/article>\n\t\t\t\t<\/div>\n\t\t<\/div>\n\t\t\n","protected":false},"excerpt":{"rendered":"Para superar las situaciones dif\u00edciles que nos toca o le tocar\u00e1 vivir a cada uno, necesita esa capacidad&hellip;","protected":false},"author":2,"featured_media":56247,"comment_status":"open","ping_status":"open","sticky":false,"template":"","format":"standard","meta":{"csco_display_header_overlay":false,"csco_singular_sidebar":"default","csco_page_header_type":"default","csco_page_load_nextpost":"default","csco_post_video_location":[],"csco_post_video_location_hash":"","csco_post_video_url":"","csco_post_video_bg_start_time":0,"csco_post_video_bg_end_time":0,"csco_post_video_bg_volume":false,"_jetpack_memberships_contains_paid_content":false,"footnotes":""},"categories":[61],"tags":[1087,989,1084,1770],"class_list":{"0":"post-18016","1":"post","2":"type-post","3":"status-publish","4":"format-standard","5":"has-post-thumbnail","7":"category-jamb","8":"tag-colegio","9":"tag-construir","10":"tag-resiliencia","11":"tag-sugerencias","12":"cs-entry","13":"cs-video-wrap"},"yoast_head":"<!-- This site is optimized with the Yoast SEO plugin v27.5 - https:\/\/yoast.com\/product\/yoast-seo-wordpress\/ -->\n<title>Cinco sugerencias para construir resiliencia en el ambiente educativo<\/title>\n<meta name=\"description\" content=\"Para superar las situaciones dif\u00edciles que nos toca o le tocar\u00e1 vivir a cada uno, necesita esa capacidad que hoy los psic\u00f3logos han...\" \/>\n<meta name=\"robots\" content=\"index, follow, max-snippet:-1, max-image-preview:large, max-video-preview:-1\" \/>\n<link rel=\"canonical\" href=\"https:\/\/webdelmaestrocmf.com\/portal\/cinco-sugerencias-construir-resiliencia-ambiente-educativo\/\" \/>\n<meta property=\"og:locale\" content=\"es_ES\" \/>\n<meta property=\"og:type\" content=\"article\" \/>\n<meta property=\"og:title\" content=\"Cinco sugerencias para construir resiliencia en el ambiente educativo\" \/>\n<meta property=\"og:description\" content=\"Para superar las situaciones dif\u00edciles que nos toca o le tocar\u00e1 vivir a cada uno, necesita esa capacidad que hoy los psic\u00f3logos han...\" \/>\n<meta property=\"og:url\" content=\"https:\/\/webdelmaestrocmf.com\/portal\/cinco-sugerencias-construir-resiliencia-ambiente-educativo\/\" \/>\n<meta property=\"og:site_name\" content=\"Web del Maestro CMF\" \/>\n<meta property=\"article:publisher\" content=\"https:\/\/www.facebook.com\/WebdelMaestroCMF\/\" \/>\n<meta property=\"article:author\" content=\"https:\/\/www.facebook.com\/WebdelMaestroCMF\/\" \/>\n<meta property=\"article:published_time\" content=\"2019-12-03T02:19:10+00:00\" \/>\n<meta property=\"article:modified_time\" content=\"2023-03-16T01:42:26+00:00\" \/>\n<meta property=\"og:image\" content=\"https:\/\/i0.wp.com\/webdelmaestrocmf.com\/portal\/wp-content\/uploads\/2019\/12\/1-copia-9.jpg?fit=1100%2C680&ssl=1\" \/>\n\t<meta property=\"og:image:width\" content=\"1100\" \/>\n\t<meta property=\"og:image:height\" content=\"680\" \/>\n\t<meta property=\"og:image:type\" content=\"image\/jpeg\" \/>\n<meta name=\"author\" content=\"Web del Maestro CMF\" \/>\n<meta name=\"twitter:card\" content=\"summary_large_image\" \/>\n<meta name=\"twitter:creator\" content=\"@cmf_w\" \/>\n<meta name=\"twitter:site\" content=\"@cmf_w\" \/>\n<script type=\"application\/ld+json\" class=\"yoast-schema-graph\">{\"@context\":\"https:\\\/\\\/schema.org\",\"@graph\":[{\"@type\":\"ScholarlyArticle\",\"@id\":\"https:\\\/\\\/webdelmaestrocmf.com\\\/portal\\\/cinco-sugerencias-construir-resiliencia-ambiente-educativo\\\/#article\",\"isPartOf\":{\"@id\":\"https:\\\/\\\/webdelmaestrocmf.com\\\/portal\\\/cinco-sugerencias-construir-resiliencia-ambiente-educativo\\\/\"},\"author\":{\"name\":\"Web del Maestro CMF\",\"@id\":\"https:\\\/\\\/webdelmaestrocmf.com\\\/portal\\\/#\\\/schema\\\/person\\\/ebc57e23d318c9c4270c6f41367015b5\"},\"headline\":\"Cinco sugerencias para construir resiliencia en el ambiente educativo\",\"datePublished\":\"2019-12-03T02:19:10+00:00\",\"dateModified\":\"2023-03-16T01:42:26+00:00\",\"mainEntityOfPage\":{\"@id\":\"https:\\\/\\\/webdelmaestrocmf.com\\\/portal\\\/cinco-sugerencias-construir-resiliencia-ambiente-educativo\\\/\"},\"wordCount\":738,\"commentCount\":0,\"publisher\":{\"@id\":\"https:\\\/\\\/webdelmaestrocmf.com\\\/portal\\\/#organization\"},\"image\":{\"@id\":\"https:\\\/\\\/webdelmaestrocmf.com\\\/portal\\\/cinco-sugerencias-construir-resiliencia-ambiente-educativo\\\/#primaryimage\"},\"thumbnailUrl\":\"https:\\\/\\\/webdelmaestrocmf.com\\\/portal\\\/wp-content\\\/uploads\\\/2019\\\/12\\\/1-copia-9.jpg\",\"keywords\":[\"colegio\",\"CONSTRUIR\",\"resiliencia\",\"SUGERENCIAS\"],\"articleSection\":[\"Yo opino - WMCMF\"],\"inLanguage\":\"es\",\"potentialAction\":[{\"@type\":\"CommentAction\",\"name\":\"Comment\",\"target\":[\"https:\\\/\\\/webdelmaestrocmf.com\\\/portal\\\/cinco-sugerencias-construir-resiliencia-ambiente-educativo\\\/#respond\"]}]},{\"@type\":\"WebPage\",\"@id\":\"https:\\\/\\\/webdelmaestrocmf.com\\\/portal\\\/cinco-sugerencias-construir-resiliencia-ambiente-educativo\\\/\",\"url\":\"https:\\\/\\\/webdelmaestrocmf.com\\\/portal\\\/cinco-sugerencias-construir-resiliencia-ambiente-educativo\\\/\",\"name\":\"Cinco sugerencias para construir resiliencia en el ambiente educativo\",\"isPartOf\":{\"@id\":\"https:\\\/\\\/webdelmaestrocmf.com\\\/portal\\\/#website\"},\"primaryImageOfPage\":{\"@id\":\"https:\\\/\\\/webdelmaestrocmf.com\\\/portal\\\/cinco-sugerencias-construir-resiliencia-ambiente-educativo\\\/#primaryimage\"},\"image\":{\"@id\":\"https:\\\/\\\/webdelmaestrocmf.com\\\/portal\\\/cinco-sugerencias-construir-resiliencia-ambiente-educativo\\\/#primaryimage\"},\"thumbnailUrl\":\"https:\\\/\\\/webdelmaestrocmf.com\\\/portal\\\/wp-content\\\/uploads\\\/2019\\\/12\\\/1-copia-9.jpg\",\"datePublished\":\"2019-12-03T02:19:10+00:00\",\"dateModified\":\"2023-03-16T01:42:26+00:00\",\"description\":\"Para superar las situaciones dif\u00edciles que nos toca o le tocar\u00e1 vivir a cada uno, necesita esa capacidad que hoy los psic\u00f3logos han...\",\"breadcrumb\":{\"@id\":\"https:\\\/\\\/webdelmaestrocmf.com\\\/portal\\\/cinco-sugerencias-construir-resiliencia-ambiente-educativo\\\/#breadcrumb\"},\"inLanguage\":\"es\",\"potentialAction\":[{\"@type\":\"ReadAction\",\"target\":[\"https:\\\/\\\/webdelmaestrocmf.com\\\/portal\\\/cinco-sugerencias-construir-resiliencia-ambiente-educativo\\\/\"]}]},{\"@type\":\"ImageObject\",\"inLanguage\":\"es\",\"@id\":\"https:\\\/\\\/webdelmaestrocmf.com\\\/portal\\\/cinco-sugerencias-construir-resiliencia-ambiente-educativo\\\/#primaryimage\",\"url\":\"https:\\\/\\\/webdelmaestrocmf.com\\\/portal\\\/wp-content\\\/uploads\\\/2019\\\/12\\\/1-copia-9.jpg\",\"contentUrl\":\"https:\\\/\\\/webdelmaestrocmf.com\\\/portal\\\/wp-content\\\/uploads\\\/2019\\\/12\\\/1-copia-9.jpg\",\"width\":1100,\"height\":680},{\"@type\":\"BreadcrumbList\",\"@id\":\"https:\\\/\\\/webdelmaestrocmf.com\\\/portal\\\/cinco-sugerencias-construir-resiliencia-ambiente-educativo\\\/#breadcrumb\",\"itemListElement\":[{\"@type\":\"ListItem\",\"position\":1,\"name\":\"Portada\",\"item\":\"https:\\\/\\\/webdelmaestrocmf.com\\\/portal\\\/\"},{\"@type\":\"ListItem\",\"position\":2,\"name\":\"Yo opino - WMCMF\",\"item\":\"https:\\\/\\\/webdelmaestrocmf.com\\\/portal\\\/category\\\/jamb\\\/\"},{\"@type\":\"ListItem\",\"position\":3,\"name\":\"Cinco sugerencias para construir resiliencia en el ambiente educativo\"}]},{\"@type\":\"WebSite\",\"@id\":\"https:\\\/\\\/webdelmaestrocmf.com\\\/portal\\\/#website\",\"url\":\"https:\\\/\\\/webdelmaestrocmf.com\\\/portal\\\/\",\"name\":\"Web del Maestro CMF\",\"description\":\"Maestros al servicio de la educaci\u00f3n\",\"publisher\":{\"@id\":\"https:\\\/\\\/webdelmaestrocmf.com\\\/portal\\\/#organization\"},\"alternateName\":\"WMCMF\",\"potentialAction\":[{\"@type\":\"SearchAction\",\"target\":{\"@type\":\"EntryPoint\",\"urlTemplate\":\"https:\\\/\\\/webdelmaestrocmf.com\\\/portal\\\/?s={search_term_string}\"},\"query-input\":{\"@type\":\"PropertyValueSpecification\",\"valueRequired\":true,\"valueName\":\"search_term_string\"}}],\"inLanguage\":\"es\"},{\"@type\":\"Organization\",\"@id\":\"https:\\\/\\\/webdelmaestrocmf.com\\\/portal\\\/#organization\",\"name\":\"Web del Maestro CMF\",\"alternateName\":\"WMCMF\",\"url\":\"https:\\\/\\\/webdelmaestrocmf.com\\\/portal\\\/\",\"logo\":{\"@type\":\"ImageObject\",\"inLanguage\":\"es\",\"@id\":\"https:\\\/\\\/webdelmaestrocmf.com\\\/portal\\\/#\\\/schema\\\/logo\\\/image\\\/\",\"url\":\"https:\\\/\\\/webdelmaestrocmf.com\\\/portal\\\/wp-content\\\/uploads\\\/2023\\\/01\\\/logo-wmcmf-2.png\",\"contentUrl\":\"https:\\\/\\\/webdelmaestrocmf.com\\\/portal\\\/wp-content\\\/uploads\\\/2023\\\/01\\\/logo-wmcmf-2.png\",\"width\":200,\"height\":60,\"caption\":\"Web del Maestro CMF\"},\"image\":{\"@id\":\"https:\\\/\\\/webdelmaestrocmf.com\\\/portal\\\/#\\\/schema\\\/logo\\\/image\\\/\"},\"sameAs\":[\"https:\\\/\\\/www.facebook.com\\\/WebdelMaestroCMF\\\/\",\"https:\\\/\\\/x.com\\\/cmf_w\",\"https:\\\/\\\/www.pinterest.com\\\/WMCMF\\\/\",\"https:\\\/\\\/www.linkedin.com\\\/company\\\/web-del-maestro-cmf\\\/\",\"https:\\\/\\\/www.instagram.com\\\/wmcmf\\\/\",\"https:\\\/\\\/www.youtube.com\\\/channel\\\/UCDPSvjbdodE5sHnC3OxutHw\",\"https:\\\/\\\/mastodon.social\\\/@wmcmf\",\"https:\\\/\\\/www.tiktok.com\\\/@webdelmaestrocmf\"]},{\"@type\":\"Person\",\"@id\":\"https:\\\/\\\/webdelmaestrocmf.com\\\/portal\\\/#\\\/schema\\\/person\\\/ebc57e23d318c9c4270c6f41367015b5\",\"name\":\"Web del Maestro CMF\",\"image\":{\"@type\":\"ImageObject\",\"inLanguage\":\"es\",\"@id\":\"https:\\\/\\\/secure.gravatar.com\\\/avatar\\\/718b2df46e711f63dc8c16a160d16cc0104e961fe3c231eaaed2426975fc5e2d?s=96&d=mm&r=g\",\"url\":\"https:\\\/\\\/secure.gravatar.com\\\/avatar\\\/718b2df46e711f63dc8c16a160d16cc0104e961fe3c231eaaed2426975fc5e2d?s=96&d=mm&r=g\",\"contentUrl\":\"https:\\\/\\\/secure.gravatar.com\\\/avatar\\\/718b2df46e711f63dc8c16a160d16cc0104e961fe3c231eaaed2426975fc5e2d?s=96&d=mm&r=g\",\"caption\":\"Web del Maestro CMF\"},\"description\":\"Esta Web se cre\u00f3 sin fines de lucro, con fines educativos, cient\u00edficos y acad\u00e9micos, para personas que tengan dificultades y\\\/o inconvenientes en visualizar el material original. El objetivo es entregar recursos, compartir experiencias y materiales que ayuden a los padres de familia, maestros y estudiantes en su actualizaci\u00f3n y formaci\u00f3n permanente, en bien de la Educaci\u00f3n.\",\"sameAs\":[\"http:\\\/\\\/webdelmaestrocmf.com\\\/portal\",\"https:\\\/\\\/www.facebook.com\\\/WebdelMaestroCMF\\\/\",\"https:\\\/\\\/www.instagram.com\\\/wmcmf\\\/\",\"https:\\\/\\\/cl.linkedin.com\\\/company\\\/web-del-maestro-cmf\",\"https:\\\/\\\/www.pinterest.com\\\/WMCMF\\\/publicaciones\\\/\",\"https:\\\/\\\/x.com\\\/cmf_w\",\"https:\\\/\\\/www.youtube.com\\\/@WMCMF\"]}]}<\/script>\n<!-- \/ Yoast SEO plugin. -->","yoast_head_json":{"title":"Cinco sugerencias para construir resiliencia en el ambiente educativo","description":"Para superar las situaciones dif\u00edciles que nos toca o le tocar\u00e1 vivir a cada uno, necesita esa capacidad que hoy los psic\u00f3logos han...","robots":{"index":"index","follow":"follow","max-snippet":"max-snippet:-1","max-image-preview":"max-image-preview:large","max-video-preview":"max-video-preview:-1"},"canonical":"https:\/\/webdelmaestrocmf.com\/portal\/cinco-sugerencias-construir-resiliencia-ambiente-educativo\/","og_locale":"es_ES","og_type":"article","og_title":"Cinco sugerencias para construir resiliencia en el ambiente educativo","og_description":"Para superar las situaciones dif\u00edciles que nos toca o le tocar\u00e1 vivir a cada uno, necesita esa capacidad que hoy los psic\u00f3logos han...","og_url":"https:\/\/webdelmaestrocmf.com\/portal\/cinco-sugerencias-construir-resiliencia-ambiente-educativo\/","og_site_name":"Web del Maestro CMF","article_publisher":"https:\/\/www.facebook.com\/WebdelMaestroCMF\/","article_author":"https:\/\/www.facebook.com\/WebdelMaestroCMF\/","article_published_time":"2019-12-03T02:19:10+00:00","article_modified_time":"2023-03-16T01:42:26+00:00","og_image":[{"width":1100,"height":680,"url":"https:\/\/i0.wp.com\/webdelmaestrocmf.com\/portal\/wp-content\/uploads\/2019\/12\/1-copia-9.jpg?fit=1100%2C680&ssl=1","type":"image\/jpeg"}],"author":"Web del Maestro CMF","twitter_card":"summary_large_image","twitter_creator":"@cmf_w","twitter_site":"@cmf_w","schema":{"@context":"https:\/\/schema.org","@graph":[{"@type":"ScholarlyArticle","@id":"https:\/\/webdelmaestrocmf.com\/portal\/cinco-sugerencias-construir-resiliencia-ambiente-educativo\/#article","isPartOf":{"@id":"https:\/\/webdelmaestrocmf.com\/portal\/cinco-sugerencias-construir-resiliencia-ambiente-educativo\/"},"author":{"name":"Web del Maestro CMF","@id":"https:\/\/webdelmaestrocmf.com\/portal\/#\/schema\/person\/ebc57e23d318c9c4270c6f41367015b5"},"headline":"Cinco sugerencias para construir resiliencia en el ambiente educativo","datePublished":"2019-12-03T02:19:10+00:00","dateModified":"2023-03-16T01:42:26+00:00","mainEntityOfPage":{"@id":"https:\/\/webdelmaestrocmf.com\/portal\/cinco-sugerencias-construir-resiliencia-ambiente-educativo\/"},"wordCount":738,"commentCount":0,"publisher":{"@id":"https:\/\/webdelmaestrocmf.com\/portal\/#organization"},"image":{"@id":"https:\/\/webdelmaestrocmf.com\/portal\/cinco-sugerencias-construir-resiliencia-ambiente-educativo\/#primaryimage"},"thumbnailUrl":"https:\/\/webdelmaestrocmf.com\/portal\/wp-content\/uploads\/2019\/12\/1-copia-9.jpg","keywords":["colegio","CONSTRUIR","resiliencia","SUGERENCIAS"],"articleSection":["Yo opino - WMCMF"],"inLanguage":"es","potentialAction":[{"@type":"CommentAction","name":"Comment","target":["https:\/\/webdelmaestrocmf.com\/portal\/cinco-sugerencias-construir-resiliencia-ambiente-educativo\/#respond"]}]},{"@type":"WebPage","@id":"https:\/\/webdelmaestrocmf.com\/portal\/cinco-sugerencias-construir-resiliencia-ambiente-educativo\/","url":"https:\/\/webdelmaestrocmf.com\/portal\/cinco-sugerencias-construir-resiliencia-ambiente-educativo\/","name":"Cinco sugerencias para construir resiliencia en el ambiente educativo","isPartOf":{"@id":"https:\/\/webdelmaestrocmf.com\/portal\/#website"},"primaryImageOfPage":{"@id":"https:\/\/webdelmaestrocmf.com\/portal\/cinco-sugerencias-construir-resiliencia-ambiente-educativo\/#primaryimage"},"image":{"@id":"https:\/\/webdelmaestrocmf.com\/portal\/cinco-sugerencias-construir-resiliencia-ambiente-educativo\/#primaryimage"},"thumbnailUrl":"https:\/\/webdelmaestrocmf.com\/portal\/wp-content\/uploads\/2019\/12\/1-copia-9.jpg","datePublished":"2019-12-03T02:19:10+00:00","dateModified":"2023-03-16T01:42:26+00:00","description":"Para superar las situaciones dif\u00edciles que nos toca o le tocar\u00e1 vivir a cada uno, necesita esa capacidad que hoy los psic\u00f3logos han...","breadcrumb":{"@id":"https:\/\/webdelmaestrocmf.com\/portal\/cinco-sugerencias-construir-resiliencia-ambiente-educativo\/#breadcrumb"},"inLanguage":"es","potentialAction":[{"@type":"ReadAction","target":["https:\/\/webdelmaestrocmf.com\/portal\/cinco-sugerencias-construir-resiliencia-ambiente-educativo\/"]}]},{"@type":"ImageObject","inLanguage":"es","@id":"https:\/\/webdelmaestrocmf.com\/portal\/cinco-sugerencias-construir-resiliencia-ambiente-educativo\/#primaryimage","url":"https:\/\/webdelmaestrocmf.com\/portal\/wp-content\/uploads\/2019\/12\/1-copia-9.jpg","contentUrl":"https:\/\/webdelmaestrocmf.com\/portal\/wp-content\/uploads\/2019\/12\/1-copia-9.jpg","width":1100,"height":680},{"@type":"BreadcrumbList","@id":"https:\/\/webdelmaestrocmf.com\/portal\/cinco-sugerencias-construir-resiliencia-ambiente-educativo\/#breadcrumb","itemListElement":[{"@type":"ListItem","position":1,"name":"Portada","item":"https:\/\/webdelmaestrocmf.com\/portal\/"},{"@type":"ListItem","position":2,"name":"Yo opino - WMCMF","item":"https:\/\/webdelmaestrocmf.com\/portal\/category\/jamb\/"},{"@type":"ListItem","position":3,"name":"Cinco sugerencias para construir resiliencia en el ambiente educativo"}]},{"@type":"WebSite","@id":"https:\/\/webdelmaestrocmf.com\/portal\/#website","url":"https:\/\/webdelmaestrocmf.com\/portal\/","name":"Web del Maestro CMF","description":"Maestros al servicio de la educaci\u00f3n","publisher":{"@id":"https:\/\/webdelmaestrocmf.com\/portal\/#organization"},"alternateName":"WMCMF","potentialAction":[{"@type":"SearchAction","target":{"@type":"EntryPoint","urlTemplate":"https:\/\/webdelmaestrocmf.com\/portal\/?s={search_term_string}"},"query-input":{"@type":"PropertyValueSpecification","valueRequired":true,"valueName":"search_term_string"}}],"inLanguage":"es"},{"@type":"Organization","@id":"https:\/\/webdelmaestrocmf.com\/portal\/#organization","name":"Web del Maestro CMF","alternateName":"WMCMF","url":"https:\/\/webdelmaestrocmf.com\/portal\/","logo":{"@type":"ImageObject","inLanguage":"es","@id":"https:\/\/webdelmaestrocmf.com\/portal\/#\/schema\/logo\/image\/","url":"https:\/\/webdelmaestrocmf.com\/portal\/wp-content\/uploads\/2023\/01\/logo-wmcmf-2.png","contentUrl":"https:\/\/webdelmaestrocmf.com\/portal\/wp-content\/uploads\/2023\/01\/logo-wmcmf-2.png","width":200,"height":60,"caption":"Web del Maestro CMF"},"image":{"@id":"https:\/\/webdelmaestrocmf.com\/portal\/#\/schema\/logo\/image\/"},"sameAs":["https:\/\/www.facebook.com\/WebdelMaestroCMF\/","https:\/\/x.com\/cmf_w","https:\/\/www.pinterest.com\/WMCMF\/","https:\/\/www.linkedin.com\/company\/web-del-maestro-cmf\/","https:\/\/www.instagram.com\/wmcmf\/","https:\/\/www.youtube.com\/channel\/UCDPSvjbdodE5sHnC3OxutHw","https:\/\/mastodon.social\/@wmcmf","https:\/\/www.tiktok.com\/@webdelmaestrocmf"]},{"@type":"Person","@id":"https:\/\/webdelmaestrocmf.com\/portal\/#\/schema\/person\/ebc57e23d318c9c4270c6f41367015b5","name":"Web del Maestro CMF","image":{"@type":"ImageObject","inLanguage":"es","@id":"https:\/\/secure.gravatar.com\/avatar\/718b2df46e711f63dc8c16a160d16cc0104e961fe3c231eaaed2426975fc5e2d?s=96&d=mm&r=g","url":"https:\/\/secure.gravatar.com\/avatar\/718b2df46e711f63dc8c16a160d16cc0104e961fe3c231eaaed2426975fc5e2d?s=96&d=mm&r=g","contentUrl":"https:\/\/secure.gravatar.com\/avatar\/718b2df46e711f63dc8c16a160d16cc0104e961fe3c231eaaed2426975fc5e2d?s=96&d=mm&r=g","caption":"Web del Maestro CMF"},"description":"Esta Web se cre\u00f3 sin fines de lucro, con fines educativos, cient\u00edficos y acad\u00e9micos, para personas que tengan dificultades y\/o inconvenientes en visualizar el material original. El objetivo es entregar recursos, compartir experiencias y materiales que ayuden a los padres de familia, maestros y estudiantes en su actualizaci\u00f3n y formaci\u00f3n permanente, en bien de la Educaci\u00f3n.","sameAs":["http:\/\/webdelmaestrocmf.com\/portal","https:\/\/www.facebook.com\/WebdelMaestroCMF\/","https:\/\/www.instagram.com\/wmcmf\/","https:\/\/cl.linkedin.com\/company\/web-del-maestro-cmf","https:\/\/www.pinterest.com\/WMCMF\/publicaciones\/","https:\/\/x.com\/cmf_w","https:\/\/www.youtube.com\/@WMCMF"]}]}},"jetpack_featured_media_url":"https:\/\/webdelmaestrocmf.com\/portal\/wp-content\/uploads\/2019\/12\/1-copia-9.jpg","jetpack_sharing_enabled":true,"jetpack-related-posts":[{"id":101734,"url":"https:\/\/webdelmaestrocmf.com\/portal\/jose-antonio-marina-como-elaborariamos-una-pedagogia-de-la-resiliencia\/","url_meta":{"origin":18016,"position":0},"title":"Jos\u00e9 Antonio Marina: C\u00f3mo elaborar\u00edamos una \u201cpedagog\u00eda de la resiliencia\u201d","author":"Web del Maestro CMF","date":"16 diciembre, 2023","format":false,"excerpt":"El catedr\u00e1tico Jos\u00e9 Antonio Marina, adem\u00e1s de conferenciante y floricultor, ha centrado mucho de sus aportes educativos en la labor investigadora sobre la inteligencia y en especial de los mecanismos de la creatividad art\u00edstica (en el \u00e1rea del lenguaje, sobre todo), cient\u00edfica, tecnol\u00f3gica y econ\u00f3mica. Se le puede considerar un\u2026","rel":"","context":"En \u00abEntrevistas\u00bb","block_context":{"text":"Entrevistas","link":"https:\/\/webdelmaestrocmf.com\/portal\/category\/noticias\/entrevistas\/"},"img":{"alt_text":"Jos\u00e9 Antonio Marina","src":"https:\/\/i0.wp.com\/webdelmaestrocmf.com\/portal\/wp-content\/uploads\/2023\/12\/A12B3C4D-5-2.jpg?resize=350%2C200&ssl=1","width":350,"height":200,"srcset":"https:\/\/i0.wp.com\/webdelmaestrocmf.com\/portal\/wp-content\/uploads\/2023\/12\/A12B3C4D-5-2.jpg?resize=350%2C200&ssl=1 1x, https:\/\/i0.wp.com\/webdelmaestrocmf.com\/portal\/wp-content\/uploads\/2023\/12\/A12B3C4D-5-2.jpg?resize=525%2C300&ssl=1 1.5x, https:\/\/i0.wp.com\/webdelmaestrocmf.com\/portal\/wp-content\/uploads\/2023\/12\/A12B3C4D-5-2.jpg?resize=700%2C400&ssl=1 2x"},"classes":[]},{"id":77704,"url":"https:\/\/webdelmaestrocmf.com\/portal\/la-importancia-de-fomentar-nutrir-y-desarrollar-la-resiliencia-en-la-familia-y-en-la-escuela\/","url_meta":{"origin":18016,"position":1},"title":"La importancia de fomentar, nutrir y desarrollar la resiliencia en la familia y en la escuela","author":"Web del Maestro CMF","date":"19 junio, 2022","format":false,"excerpt":"Entendemos la resiliencia como la capacidad de adaptaci\u00f3n de un ser vivo frente a un agente perturbador o un estado o situaci\u00f3n adversos, y que de manera singular a los seres humanos nos permite ser enriquecida permanentemente durante toda la vida, con la experiencia de vivir y salir fortalecidos de\u2026","rel":"","context":"En \u00abYo opino - WMCMF\u00bb","block_context":{"text":"Yo opino - WMCMF","link":"https:\/\/webdelmaestrocmf.com\/portal\/category\/jamb\/"},"img":{"alt_text":"","src":"https:\/\/i0.wp.com\/webdelmaestrocmf.com\/portal\/wp-content\/uploads\/2022\/06\/1-46.jpg?resize=350%2C200&ssl=1","width":350,"height":200,"srcset":"https:\/\/i0.wp.com\/webdelmaestrocmf.com\/portal\/wp-content\/uploads\/2022\/06\/1-46.jpg?resize=350%2C200&ssl=1 1x, https:\/\/i0.wp.com\/webdelmaestrocmf.com\/portal\/wp-content\/uploads\/2022\/06\/1-46.jpg?resize=525%2C300&ssl=1 1.5x, https:\/\/i0.wp.com\/webdelmaestrocmf.com\/portal\/wp-content\/uploads\/2022\/06\/1-46.jpg?resize=700%2C400&ssl=1 2x, https:\/\/i0.wp.com\/webdelmaestrocmf.com\/portal\/wp-content\/uploads\/2022\/06\/1-46.jpg?resize=1050%2C600&ssl=1 3x"},"classes":[]},{"id":23767,"url":"https:\/\/webdelmaestrocmf.com\/portal\/los-12-habitos-las-personas-resilientes\/","url_meta":{"origin":18016,"position":2},"title":"No eres resiliente, estos 12 h\u00e1bitos de las personas resilientes te pueden ayudar","author":"Web del Maestro CMF","date":"15 julio, 2021","format":false,"excerpt":"Este ensayo tiene el prop\u00f3sito de ayudar a los lectores a tomar su propio camino hacia la resiliencia. Provee informaci\u00f3n sobre la resiliencia y algunos factores que afectan a la gente a enfrentar sus problemas. Gran parte de la informaci\u00f3n ofrecida se enfoca en el desarrollo y el uso de\u2026","rel":"","context":"En \u00abEstr\u00e9s\u00bb","block_context":{"text":"Estr\u00e9s","link":"https:\/\/webdelmaestrocmf.com\/portal\/category\/pedagogia\/estres\/"},"img":{"alt_text":"","src":"https:\/\/i0.wp.com\/webdelmaestrocmf.com\/portal\/wp-content\/uploads\/2021\/07\/1A-Banner-1-portada-imagen-10-1-35.jpg?resize=350%2C200&ssl=1","width":350,"height":200,"srcset":"https:\/\/i0.wp.com\/webdelmaestrocmf.com\/portal\/wp-content\/uploads\/2021\/07\/1A-Banner-1-portada-imagen-10-1-35.jpg?resize=350%2C200&ssl=1 1x, https:\/\/i0.wp.com\/webdelmaestrocmf.com\/portal\/wp-content\/uploads\/2021\/07\/1A-Banner-1-portada-imagen-10-1-35.jpg?resize=525%2C300&ssl=1 1.5x, https:\/\/i0.wp.com\/webdelmaestrocmf.com\/portal\/wp-content\/uploads\/2021\/07\/1A-Banner-1-portada-imagen-10-1-35.jpg?resize=700%2C400&ssl=1 2x"},"classes":[]},{"id":63813,"url":"https:\/\/webdelmaestrocmf.com\/portal\/laura-rojas-marcos-una-persona-resiliente-es-la-que-ha-superado-la-adversidad-la-crisis-el-dolor-el-sufrimiento\/","url_meta":{"origin":18016,"position":3},"title":"Laura Rojas-Marcos: Una persona resiliente es la que ha superado la adversidad, la crisis, el dolor, el sufrimiento","author":"Web del Maestro CMF","date":"7 junio, 2021","format":false,"excerpt":"La psic\u00f3loga Laura Rojas-Marcos (Nueva York, USA 1970) se traslad\u00f3 a Sevilla (Espa\u00f1a) a la edad de ocho a\u00f1os. Estudi\u00f3 Humanidades en la Universidad de la Sorbona de Par\u00eds (Francia) en 1989, regres\u00f3 a Nueva York, donde se licenci\u00f3 en Psicolog\u00eda en la Universidad de Nueva York y obtuvo el\u2026","rel":"","context":"En \u00abEntrevistas\u00bb","block_context":{"text":"Entrevistas","link":"https:\/\/webdelmaestrocmf.com\/portal\/category\/noticias\/entrevistas\/"},"img":{"alt_text":"","src":"https:\/\/i0.wp.com\/webdelmaestrocmf.com\/portal\/wp-content\/uploads\/2021\/06\/2-copia.jpg?resize=350%2C200&ssl=1","width":350,"height":200,"srcset":"https:\/\/i0.wp.com\/webdelmaestrocmf.com\/portal\/wp-content\/uploads\/2021\/06\/2-copia.jpg?resize=350%2C200&ssl=1 1x, https:\/\/i0.wp.com\/webdelmaestrocmf.com\/portal\/wp-content\/uploads\/2021\/06\/2-copia.jpg?resize=525%2C300&ssl=1 1.5x, https:\/\/i0.wp.com\/webdelmaestrocmf.com\/portal\/wp-content\/uploads\/2021\/06\/2-copia.jpg?resize=700%2C400&ssl=1 2x, https:\/\/i0.wp.com\/webdelmaestrocmf.com\/portal\/wp-content\/uploads\/2021\/06\/2-copia.jpg?resize=1050%2C600&ssl=1 3x"},"classes":[]},{"id":50813,"url":"https:\/\/webdelmaestrocmf.com\/portal\/recursos-para-reforzar-la-resiliencia-docente-en-tiempos-traumaticos\/","url_meta":{"origin":18016,"position":4},"title":"Recursos para reforzar la resiliencia docente: Descarga el Manual de ejercicios de Psicolog\u00eda Positiva","author":"Web del Maestro CMF","date":"11 abril, 2026","format":false,"excerpt":"Docentes enfrentan sobrecarga, estr\u00e9s y demandas constantes; por ello, es clave establecer l\u00edmites, organizar tiempos y priorizar el autocuidado para proteger su salud mental y mejorar la calidad educativa.","rel":"","context":"En \u00abYo opino - WMCMF\u00bb","block_context":{"text":"Yo opino - WMCMF","link":"https:\/\/webdelmaestrocmf.com\/portal\/category\/jamb\/"},"img":{"alt_text":"","src":"https:\/\/i0.wp.com\/webdelmaestrocmf.com\/portal\/wp-content\/uploads\/2026\/04\/1AA-Banner-1-portada-imagen-10-1-copia-5-2.webp?resize=350%2C200&ssl=1","width":350,"height":200,"srcset":"https:\/\/i0.wp.com\/webdelmaestrocmf.com\/portal\/wp-content\/uploads\/2026\/04\/1AA-Banner-1-portada-imagen-10-1-copia-5-2.webp?resize=350%2C200&ssl=1 1x, https:\/\/i0.wp.com\/webdelmaestrocmf.com\/portal\/wp-content\/uploads\/2026\/04\/1AA-Banner-1-portada-imagen-10-1-copia-5-2.webp?resize=525%2C300&ssl=1 1.5x, https:\/\/i0.wp.com\/webdelmaestrocmf.com\/portal\/wp-content\/uploads\/2026\/04\/1AA-Banner-1-portada-imagen-10-1-copia-5-2.webp?resize=700%2C400&ssl=1 2x, https:\/\/i0.wp.com\/webdelmaestrocmf.com\/portal\/wp-content\/uploads\/2026\/04\/1AA-Banner-1-portada-imagen-10-1-copia-5-2.webp?resize=1050%2C600&ssl=1 3x"},"classes":[]},{"id":22385,"url":"https:\/\/webdelmaestrocmf.com\/portal\/ayuda-docente-manual-trabajar-la-resiliencia-ninos-adolescentes\/","url_meta":{"origin":18016,"position":5},"title":"Ayuda docente: Manual para trabajar la resiliencia en ni\u00f1os y adolescentes","author":"Web del Maestro CMF","date":"29 septiembre, 2021","format":false,"excerpt":"Los profesionales de la salud y la educaci\u00f3n nos encontramos, en nuestro que hacer\u00a0cotidiano, con personas o grupos que viven situaciones de tragedia o de estr\u00e9s, que parecen dif\u00edciles o imposibles de superar. Sin embargo, la realidad nos muestra que no s\u00f3lo las superan, sino que salen renovados, creativos y\u2026","rel":"","context":"En \u00abEstr\u00e9s\u00bb","block_context":{"text":"Estr\u00e9s","link":"https:\/\/webdelmaestrocmf.com\/portal\/category\/pedagogia\/estres\/"},"img":{"alt_text":"","src":"https:\/\/i0.wp.com\/webdelmaestrocmf.com\/portal\/wp-content\/uploads\/2020\/02\/1jpg-16-1.jpg?resize=350%2C200&ssl=1","width":350,"height":200,"srcset":"https:\/\/i0.wp.com\/webdelmaestrocmf.com\/portal\/wp-content\/uploads\/2020\/02\/1jpg-16-1.jpg?resize=350%2C200&ssl=1 1x, https:\/\/i0.wp.com\/webdelmaestrocmf.com\/portal\/wp-content\/uploads\/2020\/02\/1jpg-16-1.jpg?resize=525%2C300&ssl=1 1.5x, https:\/\/i0.wp.com\/webdelmaestrocmf.com\/portal\/wp-content\/uploads\/2020\/02\/1jpg-16-1.jpg?resize=700%2C400&ssl=1 2x, https:\/\/i0.wp.com\/webdelmaestrocmf.com\/portal\/wp-content\/uploads\/2020\/02\/1jpg-16-1.jpg?resize=1050%2C600&ssl=1 3x"},"classes":[]}],"_links":{"self":[{"href":"https:\/\/webdelmaestrocmf.com\/portal\/wp-json\/wp\/v2\/posts\/18016","targetHints":{"allow":["GET"]}}],"collection":[{"href":"https:\/\/webdelmaestrocmf.com\/portal\/wp-json\/wp\/v2\/posts"}],"about":[{"href":"https:\/\/webdelmaestrocmf.com\/portal\/wp-json\/wp\/v2\/types\/post"}],"author":[{"embeddable":true,"href":"https:\/\/webdelmaestrocmf.com\/portal\/wp-json\/wp\/v2\/users\/2"}],"replies":[{"embeddable":true,"href":"https:\/\/webdelmaestrocmf.com\/portal\/wp-json\/wp\/v2\/comments?post=18016"}],"version-history":[{"count":0,"href":"https:\/\/webdelmaestrocmf.com\/portal\/wp-json\/wp\/v2\/posts\/18016\/revisions"}],"wp:featuredmedia":[{"embeddable":true,"href":"https:\/\/webdelmaestrocmf.com\/portal\/wp-json\/wp\/v2\/media\/56247"}],"wp:attachment":[{"href":"https:\/\/webdelmaestrocmf.com\/portal\/wp-json\/wp\/v2\/media?parent=18016"}],"wp:term":[{"taxonomy":"category","embeddable":true,"href":"https:\/\/webdelmaestrocmf.com\/portal\/wp-json\/wp\/v2\/categories?post=18016"},{"taxonomy":"post_tag","embeddable":true,"href":"https:\/\/webdelmaestrocmf.com\/portal\/wp-json\/wp\/v2\/tags?post=18016"}],"curies":[{"name":"wp","href":"https:\/\/api.w.org\/{rel}","templated":true}]}}