{"id":17828,"date":"2017-05-06T09:00:39","date_gmt":"2017-05-06T12:00:39","guid":{"rendered":"http:\/\/webdelmaestrocmf.com\/portal\/?p=17828"},"modified":"2023-07-03T22:08:09","modified_gmt":"2023-07-04T02:08:09","slug":"si-no-somos-parte-de-la-solucion-somos-parte-del-acoso-escolar","status":"publish","type":"post","link":"https:\/\/webdelmaestrocmf.com\/portal\/si-no-somos-parte-de-la-solucion-somos-parte-del-acoso-escolar\/","title":{"rendered":"Charla TED: si no somos parte de la soluci\u00f3n, somos parte del acoso escolar"},"content":{"rendered":"<h5 style=\"text-align: justify;\">En la lucha contra el acoso escolar, es esencial comprender que nuestra pasividad o indiferencia no es una opci\u00f3n. El acoso escolar es un problema grave que afecta a numerosos estudiantes en todo el mundo, dejando cicatrices emocionales y socavando su bienestar. Si no estamos dispuestos a formar parte de la soluci\u00f3n, entonces nos convertimos en parte del problema. Es necesario reconocer la importancia de tomar acci\u00f3n y promover un entorno escolar seguro y respetuoso para todos. En esta introducci\u00f3n, nos adentramos en la urgencia de abordar el acoso escolar y destacamos la responsabilidad que todos tenemos para marcar la diferencia.<\/h5>\n<p><!--more--><\/p>\n<p style=\"text-align: justify;\">Es crucial entender que el acoso escolar no es solo un asunto de las v\u00edctimas y los acosadores directos, sino que involucra a toda la comunidad escolar. Cada uno de nosotros, desde los estudiantes y padres hasta los educadores y personal administrativo, tenemos un papel fundamental en la prevenci\u00f3n y erradicaci\u00f3n del acoso escolar.<\/p>\n<p style=\"text-align: justify;\">Si optamos por permanecer en silencio o ignorar el acoso, estamos permitiendo que contin\u00fae y perpetuando un ambiente t\u00f3xico. Debemos comprender que nuestra inacci\u00f3n puede tener consecuencias devastadoras para aquellos que est\u00e1n siendo v\u00edctimas de esta cruel realidad.<\/p>\n<p style=\"text-align: justify;\">Ser parte de la soluci\u00f3n implica educarnos sobre el acoso escolar, reconocer los signos y manifestaciones, y estar atentos a las situaciones en las que alguien puede necesitar ayuda. Significa intervenir de manera segura y efectiva cuando presenciamos actos de acoso, ya sea brindando apoyo a la v\u00edctima, informando a un adulto responsable o promoviendo una cultura de respeto y empat\u00eda en nuestra comunidad escolar.<\/p>\n<p style=\"text-align: justify;\">Adem\u00e1s, debemos fomentar un entorno en el que los estudiantes se sientan seguros para denunciar el acoso sin temor a represalias. La confianza y la confidencialidad son fundamentales para que aquellos que est\u00e1n siendo acosados \u200b\u200bpuedan buscar ayuda y encontrar el apoyo necesario.<\/p>\n<p style=\"text-align: justify;\">Al tomar una postura activa y ser parte de la soluci\u00f3n, contribuimos a crear un ambiente escolar inclusivo, donde cada estudiante pueda desarrollarse y florecer sin temor ni intimidaci\u00f3n. Juntos, podemos marcar la diferencia y poner fin al acoso escolar, construyendo un futuro donde todos los ni\u00f1os y j\u00f3venes puedan crecer en un entorno seguro y libre de violencia.<\/p>\n<p style=\"text-align: justify;\">Nunca estar\u00e1 dem\u00e1s el invertir un poco de tiempo de nuestra apretada agenda de cargas laborales y compromisos, para visualizar un recurso como el colgado en YouTube por TEDX Almendra Medieval, y que queremos compartir con fines \u00fanicamente educativos \u2013 pastorales, sobre la prevenci\u00f3n del acoso escolar o bullying, con la exposici\u00f3n del Licenciado Enrique P\u00e9rez-Carrillo de la Cueva. Esta \u201cplaga\u201d (en algunos lugares) es una realidad que d\u00eda a d\u00eda sufren muchos estudiantes (y tambi\u00e9n otros agentes de la educaci\u00f3n) y que no puede seguir siendo \u201cparte del paisaje\u201d.<\/p>\n<p style=\"text-align: justify;\">Erradicar la violencia de las aulas y de las escuelas no es tarea de unos<strong> \u201cresponsables\u201d<\/strong> o de hacer reuniones para<strong> \u201cver qu\u00e9 hacer\u201d<\/strong> frente a un acoso consumado, con la triste costumbre de ver sanciones, en lugar de consolidar previsiones. Como padres de familia y\/o profesores, si no somos parte de la soluci\u00f3n del acoso escolar, somos parte del acoso escolar.<\/p>\n<p style=\"text-align: justify;\">Es necesario concienciar sobre la importancia de combatir el acoso escolar, y sensibilizar a toda la sociedad (incluidos los propietarios o administradores de medios de comunicaci\u00f3n) acerca de la importancia de extirpar ese tipo de comportamientos en las instituciones educativas y en las redes sociales.<\/p>\n<p style=\"text-align: justify;\">Creemos que es un excelente recurso para socializarlo con los colegas y padres de familia.<\/p>\n<p style=\"text-align: justify;\">El acoso escolar<strong> \u201cno es una cosa de la escuela o de la edad. Es una cosa de personas. Las personas derrumban a otras por celos, porque hay algo roto dentro de ellos, o por ninguna raz\u00f3n en absoluto\u201d (cf Taylor Swift).<\/strong><\/p>\n<p style=\"text-align: justify;\">Le recomendamos visualizar este recurso, quiz\u00e1 les pueda ser \u00fatil a Usted y a su Comunidad Educativa, para planificar algo m\u00e1s sobre la <strong>PREVISI\u00d3N DEL ACOSO ESCOLAR,<\/strong> y para que ninguno de nuestros estudiantes diga o vuelva a decir:<strong> \u201cnadie hace nada\u201d.<\/strong><\/p>\n<p><iframe loading=\"lazy\" title=\"Prevenci\u00f3n del acoso escolar | Enrique P\u00e9rez-Carrillo de la Cueva | TEDxAlmendraMedieval\" width=\"1200\" height=\"675\" src=\"https:\/\/www.youtube.com\/embed\/YJzO069w6fg?feature=oembed\" frameborder=\"0\" allow=\"accelerometer; autoplay; clipboard-write; encrypted-media; gyroscope; picture-in-picture; web-share\" allowfullscreen><\/iframe><\/p>\n<p style=\"text-align: right;\"><strong>REDACCI\u00d3N WEB DEL MAESTRO CMF<\/strong><\/p>\n\t\t<div class=\"pk-inline-posts\">\n\t\t\t\n\t\t\t<div class=\"pk-inline-posts-container pk-inline-posts-template-list\"\n\t\t\t\tdata-columns=\"1\">\n\t\t\t\t\t\t<article id=\"post-118197\" class=\"post-118197 post type-post status-publish format-standard has-post-thumbnail category-bienestar-familiar category-pedagogia category-violencia tag-convivencia-escolar tag-crianza tag-educacion-emocional-2 tag-estudiantes tag-familia tag-intervencion tag-prevencion tag-rol-docente tag-salud-mental tag-violencia-escolar cs-entry cs-video-wrap\">\n\t\t\t<div class=\"pk-post-outer\">\n\n\t\t\t\t\t\t\t\t<div class=\"pk-post-inner\">\n\t\t\t\t\t<div class=\"entry-thumbnail\">\n\t\t\t\t\t\t<div class=\"pk-overlay pk-overlay-ratio pk-ratio-landscape\">\n\t\t\t\t\t\t\t<div class=\"pk-overlay-background\">\n\t\t\t\t\t\t\t\t<a href=\"https:\/\/webdelmaestrocmf.com\/portal\/tu-hijo-normaliza-la-violencia-y-habla-de-venganza-senales-que-pueden-escalar-y-como-actuar-a-tiempo\/\" class=\"pk-overlay-link\">\n\t\t\t\t\t\t\t\t\t<img loading=\"lazy\" decoding=\"async\" width=\"300\" height=\"225\" src=\"https:\/\/webdelmaestrocmf.com\/portal\/wp-content\/uploads\/2026\/04\/1AA-Banner-1-portada-imagen-10-1-copia-3-6-300x225.webp\" class=\"attachment-pk-thumbnail size-pk-thumbnail wp-post-image\" alt=\"\" \/>\t\t\t\t\t\t\t\t<\/a>\n\t\t\t\t\t\t\t<\/div>\n\t\t\t\t\t\t<\/div>\n\t\t\t\t\t<\/div>\n\t\t\t\t<\/div>\n\t\t\t\t\n\t\t\t\t<div class=\"pk-post-inner\">\n\t\t\t\t\t<header>\n\t\t\t\t\t\t<h3 class=\"pk-title\"><a href=\"https:\/\/webdelmaestrocmf.com\/portal\/tu-hijo-normaliza-la-violencia-y-habla-de-venganza-senales-que-pueden-escalar-y-como-actuar-a-tiempo\/\" rel=\"bookmark\">\u00bfTu hijo normaliza la violencia y habla de venganza? Estas son las se\u00f1ales que pueden escalar y c\u00f3mo actuar a tiempo<\/a><\/h3>\t\t\t\t\t<\/header><!-- .entry-header -->\n\t\t\t\t<\/div><!-- .post-inner -->\n\n\t\t\t<\/div><!-- .post-outer -->\n\t\t<\/article>\n\t\t\t\t<\/div>\n\t\t<\/div>\n\t\t\n","protected":false},"excerpt":{"rendered":"En la lucha contra el acoso escolar, es esencial comprender que nuestra pasividad o indiferencia no es una&hellip;","protected":false},"author":1,"featured_media":90391,"comment_status":"open","ping_status":"open","sticky":false,"template":"","format":"standard","meta":{"csco_display_header_overlay":false,"csco_singular_sidebar":"default","csco_page_header_type":"default","csco_page_load_nextpost":"default","csco_post_video_location":[],"csco_post_video_location_hash":"","csco_post_video_url":"","csco_post_video_bg_start_time":0,"csco_post_video_bg_end_time":0,"csco_post_video_bg_volume":false,"_jetpack_memberships_contains_paid_content":false,"footnotes":""},"categories":[991,735,424,453,587],"tags":[1705,93,17269,17277,17272,17278,192,124,668,16724,17267,17279,1824,17274,17273,1438,17276,55,64,607,2151,608,96,4005,14649,17271,2136,184,17268,17280,4637,17275,1576,1062,17270,16513],"class_list":{"0":"post-17828","1":"post","2":"type-post","3":"status-publish","4":"format-standard","5":"has-post-thumbnail","7":"category-persona","8":"category-pedagogia","9":"category-video","10":"category-educacion-y-pedagogia","11":"category-violencia","12":"tag-acoso","13":"tag-acoso-escolar","14":"tag-ambiente-escolar","15":"tag-ambiente-libre-de-violencia","16":"tag-apoyo-a-victimas","17":"tag-bienestar-estudiantil","18":"tag-bullying","19":"tag-capacitacion","20":"tag-charla-ted","21":"tag-comunicacion-efectiva","22":"tag-comunidad-escolar","23":"tag-concientizacion","24":"tag-confianza","25":"tag-confidencialidad","26":"tag-cultura-escolar","27":"tag-denuncia","28":"tag-desarrollo-personal","29":"tag-educacion","30":"tag-educadores","31":"tag-empatia","32":"tag-enrique-perez-carrillo","33":"tag-escolar","34":"tag-estudiantes","35":"tag-inclusion","36":"tag-intervencion","37":"tag-intervencion-segura","38":"tag-nadie-hace-nada","39":"tag-padres","40":"tag-personal-administrativo","41":"tag-politicas-escolares","42":"tag-prevencion","43":"tag-represalias","44":"tag-respeto","45":"tag-seguridad","46":"tag-senales-de-acoso","47":"tag-trabajo-en-equipo","48":"cs-entry","49":"cs-video-wrap"},"yoast_head":"<!-- This site is optimized with the Yoast SEO plugin v27.5 - https:\/\/yoast.com\/product\/yoast-seo-wordpress\/ -->\n<title>Charla TED: si no somos parte de la soluci\u00f3n, somos parte del acoso escolar<\/title>\n<meta name=\"description\" content=\"Nunca estar\u00e1 dem\u00e1s el invertir un poco de tiempo de nuestra apretada agenda de cargas laborales y compromisos, para visualizar un recurso...\" \/>\n<meta name=\"robots\" content=\"index, follow, max-snippet:-1, max-image-preview:large, max-video-preview:-1\" \/>\n<link rel=\"canonical\" href=\"https:\/\/webdelmaestrocmf.com\/portal\/si-no-somos-parte-de-la-solucion-somos-parte-del-acoso-escolar\/\" \/>\n<meta property=\"og:locale\" content=\"es_ES\" \/>\n<meta property=\"og:type\" content=\"article\" \/>\n<meta property=\"og:title\" content=\"Charla TED: si no somos parte de la soluci\u00f3n, somos parte del acoso escolar\" \/>\n<meta property=\"og:description\" content=\"Nunca estar\u00e1 dem\u00e1s el invertir un poco de tiempo de nuestra apretada agenda de cargas laborales y compromisos, para visualizar un recurso...\" \/>\n<meta property=\"og:url\" content=\"https:\/\/webdelmaestrocmf.com\/portal\/si-no-somos-parte-de-la-solucion-somos-parte-del-acoso-escolar\/\" \/>\n<meta property=\"og:site_name\" content=\"Web del Maestro CMF\" \/>\n<meta property=\"article:publisher\" content=\"https:\/\/www.facebook.com\/WebdelMaestroCMF\/\" \/>\n<meta property=\"article:author\" content=\"https:\/\/www.facebook.com\/WebdelMaestroCMF\/\" \/>\n<meta property=\"article:published_time\" content=\"2017-05-06T12:00:39+00:00\" \/>\n<meta property=\"article:modified_time\" content=\"2023-07-04T02:08:09+00:00\" \/>\n<meta property=\"og:image\" content=\"https:\/\/i0.wp.com\/webdelmaestrocmf.com\/portal\/wp-content\/uploads\/2017\/05\/A12B3C4D-19.jpg?fit=900%2C556&ssl=1\" \/>\n\t<meta property=\"og:image:width\" content=\"900\" \/>\n\t<meta property=\"og:image:height\" content=\"556\" \/>\n\t<meta property=\"og:image:type\" content=\"image\/jpeg\" \/>\n<meta name=\"author\" content=\"Web del Maestro CMF\" \/>\n<meta name=\"twitter:card\" content=\"summary_large_image\" \/>\n<meta name=\"twitter:creator\" content=\"@cmf_w\" \/>\n<meta name=\"twitter:site\" content=\"@cmf_w\" \/>\n<script type=\"application\/ld+json\" class=\"yoast-schema-graph\">{\"@context\":\"https:\\\/\\\/schema.org\",\"@graph\":[{\"@type\":\"ScholarlyArticle\",\"@id\":\"https:\\\/\\\/webdelmaestrocmf.com\\\/portal\\\/si-no-somos-parte-de-la-solucion-somos-parte-del-acoso-escolar\\\/#article\",\"isPartOf\":{\"@id\":\"https:\\\/\\\/webdelmaestrocmf.com\\\/portal\\\/si-no-somos-parte-de-la-solucion-somos-parte-del-acoso-escolar\\\/\"},\"author\":{\"name\":\"Web del Maestro CMF\",\"@id\":\"https:\\\/\\\/webdelmaestrocmf.com\\\/portal\\\/#\\\/schema\\\/person\\\/1072a2ed7bd960df8ef99a551fa35dc5\"},\"headline\":\"Charla TED: si no somos parte de la soluci\u00f3n, somos parte del acoso escolar\",\"datePublished\":\"2017-05-06T12:00:39+00:00\",\"dateModified\":\"2023-07-04T02:08:09+00:00\",\"mainEntityOfPage\":{\"@id\":\"https:\\\/\\\/webdelmaestrocmf.com\\\/portal\\\/si-no-somos-parte-de-la-solucion-somos-parte-del-acoso-escolar\\\/\"},\"wordCount\":722,\"commentCount\":0,\"publisher\":{\"@id\":\"https:\\\/\\\/webdelmaestrocmf.com\\\/portal\\\/#organization\"},\"image\":{\"@id\":\"https:\\\/\\\/webdelmaestrocmf.com\\\/portal\\\/si-no-somos-parte-de-la-solucion-somos-parte-del-acoso-escolar\\\/#primaryimage\"},\"thumbnailUrl\":\"https:\\\/\\\/webdelmaestrocmf.com\\\/portal\\\/wp-content\\\/uploads\\\/2017\\\/05\\\/A12B3C4D-19.jpg\",\"keywords\":[\"ACOSO\",\"Acoso escolar\",\"ambiente escolar\",\"ambiente libre de violencia\",\"apoyo a v\u00edctimas\",\"bienestar estudiantil\",\"bullying\",\"Capacitaci\u00f3n\",\"CHARLA TED\",\"comunicaci\u00f3n efectiva\",\"comunidad escolar\",\"concientizaci\u00f3n\",\"CONFIANZA\",\"confidencialidad\",\"cultura escolar\",\"DENUNCIA\",\"desarrollo personal\",\"EDUCACI\u00d3N\",\"Educadores\",\"EMPAT\u00cdA\",\"Enrique P\u00e9rez-Carrillo\",\"ESCOLAR\",\"estudiantes\",\"INCLUSI\u00d3N\",\"intervenci\u00f3n\",\"intervenci\u00f3n segura\",\"NADIE HACE NADA\",\"padres\",\"personal administrativo\",\"pol\u00edticas escolares\",\"prevenci\u00f3n\",\"represalias\",\"RESPETO\",\"seguridad\",\"se\u00f1ales de acoso\",\"Trabajo en equipo\"],\"articleSection\":[\"Persona\",\"Recursos\",\"Video I\",\"Videos II\",\"violencia\"],\"inLanguage\":\"es\",\"potentialAction\":[{\"@type\":\"CommentAction\",\"name\":\"Comment\",\"target\":[\"https:\\\/\\\/webdelmaestrocmf.com\\\/portal\\\/si-no-somos-parte-de-la-solucion-somos-parte-del-acoso-escolar\\\/#respond\"]}]},{\"@type\":\"WebPage\",\"@id\":\"https:\\\/\\\/webdelmaestrocmf.com\\\/portal\\\/si-no-somos-parte-de-la-solucion-somos-parte-del-acoso-escolar\\\/\",\"url\":\"https:\\\/\\\/webdelmaestrocmf.com\\\/portal\\\/si-no-somos-parte-de-la-solucion-somos-parte-del-acoso-escolar\\\/\",\"name\":\"Charla TED: si no somos parte de la soluci\u00f3n, somos parte del acoso escolar\",\"isPartOf\":{\"@id\":\"https:\\\/\\\/webdelmaestrocmf.com\\\/portal\\\/#website\"},\"primaryImageOfPage\":{\"@id\":\"https:\\\/\\\/webdelmaestrocmf.com\\\/portal\\\/si-no-somos-parte-de-la-solucion-somos-parte-del-acoso-escolar\\\/#primaryimage\"},\"image\":{\"@id\":\"https:\\\/\\\/webdelmaestrocmf.com\\\/portal\\\/si-no-somos-parte-de-la-solucion-somos-parte-del-acoso-escolar\\\/#primaryimage\"},\"thumbnailUrl\":\"https:\\\/\\\/webdelmaestrocmf.com\\\/portal\\\/wp-content\\\/uploads\\\/2017\\\/05\\\/A12B3C4D-19.jpg\",\"datePublished\":\"2017-05-06T12:00:39+00:00\",\"dateModified\":\"2023-07-04T02:08:09+00:00\",\"description\":\"Nunca estar\u00e1 dem\u00e1s el invertir un poco de tiempo de nuestra apretada agenda de cargas laborales y compromisos, para visualizar un recurso...\",\"breadcrumb\":{\"@id\":\"https:\\\/\\\/webdelmaestrocmf.com\\\/portal\\\/si-no-somos-parte-de-la-solucion-somos-parte-del-acoso-escolar\\\/#breadcrumb\"},\"inLanguage\":\"es\",\"potentialAction\":[{\"@type\":\"ReadAction\",\"target\":[\"https:\\\/\\\/webdelmaestrocmf.com\\\/portal\\\/si-no-somos-parte-de-la-solucion-somos-parte-del-acoso-escolar\\\/\"]}]},{\"@type\":\"ImageObject\",\"inLanguage\":\"es\",\"@id\":\"https:\\\/\\\/webdelmaestrocmf.com\\\/portal\\\/si-no-somos-parte-de-la-solucion-somos-parte-del-acoso-escolar\\\/#primaryimage\",\"url\":\"https:\\\/\\\/webdelmaestrocmf.com\\\/portal\\\/wp-content\\\/uploads\\\/2017\\\/05\\\/A12B3C4D-19.jpg\",\"contentUrl\":\"https:\\\/\\\/webdelmaestrocmf.com\\\/portal\\\/wp-content\\\/uploads\\\/2017\\\/05\\\/A12B3C4D-19.jpg\",\"width\":900,\"height\":556},{\"@type\":\"BreadcrumbList\",\"@id\":\"https:\\\/\\\/webdelmaestrocmf.com\\\/portal\\\/si-no-somos-parte-de-la-solucion-somos-parte-del-acoso-escolar\\\/#breadcrumb\",\"itemListElement\":[{\"@type\":\"ListItem\",\"position\":1,\"name\":\"Portada\",\"item\":\"https:\\\/\\\/webdelmaestrocmf.com\\\/portal\\\/\"},{\"@type\":\"ListItem\",\"position\":2,\"name\":\"Video I\",\"item\":\"https:\\\/\\\/webdelmaestrocmf.com\\\/portal\\\/category\\\/video\\\/\"},{\"@type\":\"ListItem\",\"position\":3,\"name\":\"Charla TED: si no somos parte de la soluci\u00f3n, somos parte del acoso escolar\"}]},{\"@type\":\"WebSite\",\"@id\":\"https:\\\/\\\/webdelmaestrocmf.com\\\/portal\\\/#website\",\"url\":\"https:\\\/\\\/webdelmaestrocmf.com\\\/portal\\\/\",\"name\":\"Web del Maestro CMF\",\"description\":\"Maestros al servicio de la educaci\u00f3n\",\"publisher\":{\"@id\":\"https:\\\/\\\/webdelmaestrocmf.com\\\/portal\\\/#organization\"},\"alternateName\":\"WMCMF\",\"potentialAction\":[{\"@type\":\"SearchAction\",\"target\":{\"@type\":\"EntryPoint\",\"urlTemplate\":\"https:\\\/\\\/webdelmaestrocmf.com\\\/portal\\\/?s={search_term_string}\"},\"query-input\":{\"@type\":\"PropertyValueSpecification\",\"valueRequired\":true,\"valueName\":\"search_term_string\"}}],\"inLanguage\":\"es\"},{\"@type\":\"Organization\",\"@id\":\"https:\\\/\\\/webdelmaestrocmf.com\\\/portal\\\/#organization\",\"name\":\"Web del Maestro CMF\",\"alternateName\":\"WMCMF\",\"url\":\"https:\\\/\\\/webdelmaestrocmf.com\\\/portal\\\/\",\"logo\":{\"@type\":\"ImageObject\",\"inLanguage\":\"es\",\"@id\":\"https:\\\/\\\/webdelmaestrocmf.com\\\/portal\\\/#\\\/schema\\\/logo\\\/image\\\/\",\"url\":\"https:\\\/\\\/webdelmaestrocmf.com\\\/portal\\\/wp-content\\\/uploads\\\/2023\\\/01\\\/logo-wmcmf-2.png\",\"contentUrl\":\"https:\\\/\\\/webdelmaestrocmf.com\\\/portal\\\/wp-content\\\/uploads\\\/2023\\\/01\\\/logo-wmcmf-2.png\",\"width\":200,\"height\":60,\"caption\":\"Web del Maestro CMF\"},\"image\":{\"@id\":\"https:\\\/\\\/webdelmaestrocmf.com\\\/portal\\\/#\\\/schema\\\/logo\\\/image\\\/\"},\"sameAs\":[\"https:\\\/\\\/www.facebook.com\\\/WebdelMaestroCMF\\\/\",\"https:\\\/\\\/x.com\\\/cmf_w\",\"https:\\\/\\\/www.pinterest.com\\\/WMCMF\\\/\",\"https:\\\/\\\/www.linkedin.com\\\/company\\\/web-del-maestro-cmf\\\/\",\"https:\\\/\\\/www.instagram.com\\\/wmcmf\\\/\",\"https:\\\/\\\/www.youtube.com\\\/channel\\\/UCDPSvjbdodE5sHnC3OxutHw\",\"https:\\\/\\\/mastodon.social\\\/@wmcmf\",\"https:\\\/\\\/www.tiktok.com\\\/@webdelmaestrocmf\"]},{\"@type\":\"Person\",\"@id\":\"https:\\\/\\\/webdelmaestrocmf.com\\\/portal\\\/#\\\/schema\\\/person\\\/1072a2ed7bd960df8ef99a551fa35dc5\",\"name\":\"Web del Maestro CMF\",\"image\":{\"@type\":\"ImageObject\",\"inLanguage\":\"es\",\"@id\":\"https:\\\/\\\/secure.gravatar.com\\\/avatar\\\/23291dd5b5ae1077dcff3dbb04c3e02bd28403fa75af6d8787d5e97c5bbbe30b?s=96&d=mm&r=g\",\"url\":\"https:\\\/\\\/secure.gravatar.com\\\/avatar\\\/23291dd5b5ae1077dcff3dbb04c3e02bd28403fa75af6d8787d5e97c5bbbe30b?s=96&d=mm&r=g\",\"contentUrl\":\"https:\\\/\\\/secure.gravatar.com\\\/avatar\\\/23291dd5b5ae1077dcff3dbb04c3e02bd28403fa75af6d8787d5e97c5bbbe30b?s=96&d=mm&r=g\",\"caption\":\"Web del Maestro CMF\"},\"description\":\"Esta Web se cre\u00f3 sin fines de lucro, con fines educativos, cient\u00edficos y acad\u00e9micos, para personas que tengan dificultades y\\\/o inconvenientes en visualizar el material original. El objetivo es entregar recursos, compartir experiencias y materiales que ayuden a los padres de familia, maestros y estudiantes en su actualizaci\u00f3n y formaci\u00f3n permanente, en bien de la Educaci\u00f3n.\",\"sameAs\":[\"http:\\\/\\\/webdelmaestrocmf.com\\\/portal\",\"https:\\\/\\\/www.facebook.com\\\/WebdelMaestroCMF\\\/\",\"https:\\\/\\\/www.instagram.com\\\/wmcmf\\\/\",\"https:\\\/\\\/cl.linkedin.com\\\/company\\\/web-del-maestro-cmf\",\"https:\\\/\\\/www.pinterest.com\\\/WMCMF\\\/publicaciones\\\/\",\"https:\\\/\\\/x.com\\\/cmf_w\",\"https:\\\/\\\/www.youtube.com\\\/@WMCMF\"]}]}<\/script>\n<!-- \/ Yoast SEO plugin. -->","yoast_head_json":{"title":"Charla TED: si no somos parte de la soluci\u00f3n, somos parte del acoso escolar","description":"Nunca estar\u00e1 dem\u00e1s el invertir un poco de tiempo de nuestra apretada agenda de cargas laborales y compromisos, para visualizar un recurso...","robots":{"index":"index","follow":"follow","max-snippet":"max-snippet:-1","max-image-preview":"max-image-preview:large","max-video-preview":"max-video-preview:-1"},"canonical":"https:\/\/webdelmaestrocmf.com\/portal\/si-no-somos-parte-de-la-solucion-somos-parte-del-acoso-escolar\/","og_locale":"es_ES","og_type":"article","og_title":"Charla TED: si no somos parte de la soluci\u00f3n, somos parte del acoso escolar","og_description":"Nunca estar\u00e1 dem\u00e1s el invertir un poco de tiempo de nuestra apretada agenda de cargas laborales y compromisos, para visualizar un recurso...","og_url":"https:\/\/webdelmaestrocmf.com\/portal\/si-no-somos-parte-de-la-solucion-somos-parte-del-acoso-escolar\/","og_site_name":"Web del Maestro CMF","article_publisher":"https:\/\/www.facebook.com\/WebdelMaestroCMF\/","article_author":"https:\/\/www.facebook.com\/WebdelMaestroCMF\/","article_published_time":"2017-05-06T12:00:39+00:00","article_modified_time":"2023-07-04T02:08:09+00:00","og_image":[{"width":900,"height":556,"url":"https:\/\/i0.wp.com\/webdelmaestrocmf.com\/portal\/wp-content\/uploads\/2017\/05\/A12B3C4D-19.jpg?fit=900%2C556&ssl=1","type":"image\/jpeg"}],"author":"Web del Maestro CMF","twitter_card":"summary_large_image","twitter_creator":"@cmf_w","twitter_site":"@cmf_w","schema":{"@context":"https:\/\/schema.org","@graph":[{"@type":"ScholarlyArticle","@id":"https:\/\/webdelmaestrocmf.com\/portal\/si-no-somos-parte-de-la-solucion-somos-parte-del-acoso-escolar\/#article","isPartOf":{"@id":"https:\/\/webdelmaestrocmf.com\/portal\/si-no-somos-parte-de-la-solucion-somos-parte-del-acoso-escolar\/"},"author":{"name":"Web del Maestro CMF","@id":"https:\/\/webdelmaestrocmf.com\/portal\/#\/schema\/person\/1072a2ed7bd960df8ef99a551fa35dc5"},"headline":"Charla TED: si no somos parte de la soluci\u00f3n, somos parte del acoso escolar","datePublished":"2017-05-06T12:00:39+00:00","dateModified":"2023-07-04T02:08:09+00:00","mainEntityOfPage":{"@id":"https:\/\/webdelmaestrocmf.com\/portal\/si-no-somos-parte-de-la-solucion-somos-parte-del-acoso-escolar\/"},"wordCount":722,"commentCount":0,"publisher":{"@id":"https:\/\/webdelmaestrocmf.com\/portal\/#organization"},"image":{"@id":"https:\/\/webdelmaestrocmf.com\/portal\/si-no-somos-parte-de-la-solucion-somos-parte-del-acoso-escolar\/#primaryimage"},"thumbnailUrl":"https:\/\/webdelmaestrocmf.com\/portal\/wp-content\/uploads\/2017\/05\/A12B3C4D-19.jpg","keywords":["ACOSO","Acoso escolar","ambiente escolar","ambiente libre de violencia","apoyo a v\u00edctimas","bienestar estudiantil","bullying","Capacitaci\u00f3n","CHARLA TED","comunicaci\u00f3n efectiva","comunidad escolar","concientizaci\u00f3n","CONFIANZA","confidencialidad","cultura escolar","DENUNCIA","desarrollo personal","EDUCACI\u00d3N","Educadores","EMPAT\u00cdA","Enrique P\u00e9rez-Carrillo","ESCOLAR","estudiantes","INCLUSI\u00d3N","intervenci\u00f3n","intervenci\u00f3n segura","NADIE HACE NADA","padres","personal administrativo","pol\u00edticas escolares","prevenci\u00f3n","represalias","RESPETO","seguridad","se\u00f1ales de acoso","Trabajo en equipo"],"articleSection":["Persona","Recursos","Video I","Videos II","violencia"],"inLanguage":"es","potentialAction":[{"@type":"CommentAction","name":"Comment","target":["https:\/\/webdelmaestrocmf.com\/portal\/si-no-somos-parte-de-la-solucion-somos-parte-del-acoso-escolar\/#respond"]}]},{"@type":"WebPage","@id":"https:\/\/webdelmaestrocmf.com\/portal\/si-no-somos-parte-de-la-solucion-somos-parte-del-acoso-escolar\/","url":"https:\/\/webdelmaestrocmf.com\/portal\/si-no-somos-parte-de-la-solucion-somos-parte-del-acoso-escolar\/","name":"Charla TED: si no somos parte de la soluci\u00f3n, somos parte del acoso escolar","isPartOf":{"@id":"https:\/\/webdelmaestrocmf.com\/portal\/#website"},"primaryImageOfPage":{"@id":"https:\/\/webdelmaestrocmf.com\/portal\/si-no-somos-parte-de-la-solucion-somos-parte-del-acoso-escolar\/#primaryimage"},"image":{"@id":"https:\/\/webdelmaestrocmf.com\/portal\/si-no-somos-parte-de-la-solucion-somos-parte-del-acoso-escolar\/#primaryimage"},"thumbnailUrl":"https:\/\/webdelmaestrocmf.com\/portal\/wp-content\/uploads\/2017\/05\/A12B3C4D-19.jpg","datePublished":"2017-05-06T12:00:39+00:00","dateModified":"2023-07-04T02:08:09+00:00","description":"Nunca estar\u00e1 dem\u00e1s el invertir un poco de tiempo de nuestra apretada agenda de cargas laborales y compromisos, para visualizar un recurso...","breadcrumb":{"@id":"https:\/\/webdelmaestrocmf.com\/portal\/si-no-somos-parte-de-la-solucion-somos-parte-del-acoso-escolar\/#breadcrumb"},"inLanguage":"es","potentialAction":[{"@type":"ReadAction","target":["https:\/\/webdelmaestrocmf.com\/portal\/si-no-somos-parte-de-la-solucion-somos-parte-del-acoso-escolar\/"]}]},{"@type":"ImageObject","inLanguage":"es","@id":"https:\/\/webdelmaestrocmf.com\/portal\/si-no-somos-parte-de-la-solucion-somos-parte-del-acoso-escolar\/#primaryimage","url":"https:\/\/webdelmaestrocmf.com\/portal\/wp-content\/uploads\/2017\/05\/A12B3C4D-19.jpg","contentUrl":"https:\/\/webdelmaestrocmf.com\/portal\/wp-content\/uploads\/2017\/05\/A12B3C4D-19.jpg","width":900,"height":556},{"@type":"BreadcrumbList","@id":"https:\/\/webdelmaestrocmf.com\/portal\/si-no-somos-parte-de-la-solucion-somos-parte-del-acoso-escolar\/#breadcrumb","itemListElement":[{"@type":"ListItem","position":1,"name":"Portada","item":"https:\/\/webdelmaestrocmf.com\/portal\/"},{"@type":"ListItem","position":2,"name":"Video I","item":"https:\/\/webdelmaestrocmf.com\/portal\/category\/video\/"},{"@type":"ListItem","position":3,"name":"Charla TED: si no somos parte de la soluci\u00f3n, somos parte del acoso escolar"}]},{"@type":"WebSite","@id":"https:\/\/webdelmaestrocmf.com\/portal\/#website","url":"https:\/\/webdelmaestrocmf.com\/portal\/","name":"Web del Maestro CMF","description":"Maestros al servicio de la educaci\u00f3n","publisher":{"@id":"https:\/\/webdelmaestrocmf.com\/portal\/#organization"},"alternateName":"WMCMF","potentialAction":[{"@type":"SearchAction","target":{"@type":"EntryPoint","urlTemplate":"https:\/\/webdelmaestrocmf.com\/portal\/?s={search_term_string}"},"query-input":{"@type":"PropertyValueSpecification","valueRequired":true,"valueName":"search_term_string"}}],"inLanguage":"es"},{"@type":"Organization","@id":"https:\/\/webdelmaestrocmf.com\/portal\/#organization","name":"Web del Maestro CMF","alternateName":"WMCMF","url":"https:\/\/webdelmaestrocmf.com\/portal\/","logo":{"@type":"ImageObject","inLanguage":"es","@id":"https:\/\/webdelmaestrocmf.com\/portal\/#\/schema\/logo\/image\/","url":"https:\/\/webdelmaestrocmf.com\/portal\/wp-content\/uploads\/2023\/01\/logo-wmcmf-2.png","contentUrl":"https:\/\/webdelmaestrocmf.com\/portal\/wp-content\/uploads\/2023\/01\/logo-wmcmf-2.png","width":200,"height":60,"caption":"Web del Maestro CMF"},"image":{"@id":"https:\/\/webdelmaestrocmf.com\/portal\/#\/schema\/logo\/image\/"},"sameAs":["https:\/\/www.facebook.com\/WebdelMaestroCMF\/","https:\/\/x.com\/cmf_w","https:\/\/www.pinterest.com\/WMCMF\/","https:\/\/www.linkedin.com\/company\/web-del-maestro-cmf\/","https:\/\/www.instagram.com\/wmcmf\/","https:\/\/www.youtube.com\/channel\/UCDPSvjbdodE5sHnC3OxutHw","https:\/\/mastodon.social\/@wmcmf","https:\/\/www.tiktok.com\/@webdelmaestrocmf"]},{"@type":"Person","@id":"https:\/\/webdelmaestrocmf.com\/portal\/#\/schema\/person\/1072a2ed7bd960df8ef99a551fa35dc5","name":"Web del Maestro CMF","image":{"@type":"ImageObject","inLanguage":"es","@id":"https:\/\/secure.gravatar.com\/avatar\/23291dd5b5ae1077dcff3dbb04c3e02bd28403fa75af6d8787d5e97c5bbbe30b?s=96&d=mm&r=g","url":"https:\/\/secure.gravatar.com\/avatar\/23291dd5b5ae1077dcff3dbb04c3e02bd28403fa75af6d8787d5e97c5bbbe30b?s=96&d=mm&r=g","contentUrl":"https:\/\/secure.gravatar.com\/avatar\/23291dd5b5ae1077dcff3dbb04c3e02bd28403fa75af6d8787d5e97c5bbbe30b?s=96&d=mm&r=g","caption":"Web del Maestro CMF"},"description":"Esta Web se cre\u00f3 sin fines de lucro, con fines educativos, cient\u00edficos y acad\u00e9micos, para personas que tengan dificultades y\/o inconvenientes en visualizar el material original. El objetivo es entregar recursos, compartir experiencias y materiales que ayuden a los padres de familia, maestros y estudiantes en su actualizaci\u00f3n y formaci\u00f3n permanente, en bien de la Educaci\u00f3n.","sameAs":["http:\/\/webdelmaestrocmf.com\/portal","https:\/\/www.facebook.com\/WebdelMaestroCMF\/","https:\/\/www.instagram.com\/wmcmf\/","https:\/\/cl.linkedin.com\/company\/web-del-maestro-cmf","https:\/\/www.pinterest.com\/WMCMF\/publicaciones\/","https:\/\/x.com\/cmf_w","https:\/\/www.youtube.com\/@WMCMF"]}]}},"jetpack_featured_media_url":"https:\/\/webdelmaestrocmf.com\/portal\/wp-content\/uploads\/2017\/05\/A12B3C4D-19.jpg","jetpack_sharing_enabled":true,"jetpack-related-posts":[{"id":90388,"url":"https:\/\/webdelmaestrocmf.com\/portal\/12-guias-orientadoras-para-prevenir-el-acoso-escolar-descargas-gratuitas\/","url_meta":{"origin":17828,"position":0},"title":"12 gu\u00edas orientadoras para prevenir el acoso escolar: Descargas gratuitas","author":"Web del Maestro CMF","date":"18 enero, 2024","format":false,"excerpt":"Para quienes estamos en el mundo educativo, no nos es dif\u00edcil observar y comprobar que es en el entorno escolar donde debemos adoptar medidas para garantizar la protecci\u00f3n, promover el conocimiento de la infancia y adolescencia, de los riesgos de su entorno y fomentar su autoprotecci\u00f3n, y que nadie sufra\u2026","rel":"","context":"En \u00abYo opino - WMCMF\u00bb","block_context":{"text":"Yo opino - WMCMF","link":"https:\/\/webdelmaestrocmf.com\/portal\/category\/jamb\/"},"img":{"alt_text":"acoso escolar","src":"https:\/\/i0.wp.com\/webdelmaestrocmf.com\/portal\/wp-content\/uploads\/2023\/10\/Banner-1-portada-imagen-10-31.jpg?resize=350%2C200&ssl=1","width":350,"height":200,"srcset":"https:\/\/i0.wp.com\/webdelmaestrocmf.com\/portal\/wp-content\/uploads\/2023\/10\/Banner-1-portada-imagen-10-31.jpg?resize=350%2C200&ssl=1 1x, https:\/\/i0.wp.com\/webdelmaestrocmf.com\/portal\/wp-content\/uploads\/2023\/10\/Banner-1-portada-imagen-10-31.jpg?resize=525%2C300&ssl=1 1.5x, https:\/\/i0.wp.com\/webdelmaestrocmf.com\/portal\/wp-content\/uploads\/2023\/10\/Banner-1-portada-imagen-10-31.jpg?resize=700%2C400&ssl=1 2x"},"classes":[]},{"id":42267,"url":"https:\/\/webdelmaestrocmf.com\/portal\/seis-factores-y-ocho-recomendaciones-para-erradicar-el-acoso-escolar\/","url_meta":{"origin":17828,"position":1},"title":"Seis factores y ocho recomendaciones para erradicar el acoso escolar","author":"Web del Maestro CMF","date":"29 noviembre, 2020","format":false,"excerpt":"La UNESCO ha publicado un informe con datos cuantitativos y cualitativos extra\u00eddos de una serie de encuestas elaboradas en 144 pa\u00edses y territorios, que han intentado e intentan acabar con el acoso escolar. En esas estad\u00edsticas se confirma que \u201ccasi uno de cada tres estudiantes (32%) ha sido intimidado por\u2026","rel":"","context":"En \u00abYo opino - WMCMF\u00bb","block_context":{"text":"Yo opino - WMCMF","link":"https:\/\/webdelmaestrocmf.com\/portal\/category\/jamb\/"},"img":{"alt_text":"","src":"https:\/\/i0.wp.com\/webdelmaestrocmf.com\/portal\/wp-content\/uploads\/2019\/11\/1-153.jpg?resize=350%2C200&ssl=1","width":350,"height":200,"srcset":"https:\/\/i0.wp.com\/webdelmaestrocmf.com\/portal\/wp-content\/uploads\/2019\/11\/1-153.jpg?resize=350%2C200&ssl=1 1x, https:\/\/i0.wp.com\/webdelmaestrocmf.com\/portal\/wp-content\/uploads\/2019\/11\/1-153.jpg?resize=525%2C300&ssl=1 1.5x, https:\/\/i0.wp.com\/webdelmaestrocmf.com\/portal\/wp-content\/uploads\/2019\/11\/1-153.jpg?resize=700%2C400&ssl=1 2x, https:\/\/i0.wp.com\/webdelmaestrocmf.com\/portal\/wp-content\/uploads\/2019\/11\/1-153.jpg?resize=1050%2C600&ssl=1 3x"},"classes":[]},{"id":103344,"url":"https:\/\/webdelmaestrocmf.com\/portal\/acoso-y-ciberacoso-escolar-aprender-y-mejorar\/","url_meta":{"origin":17828,"position":2},"title":"Acoso y ciberacoso escolar: aprender y mejorar","author":"Web del Maestro CMF","date":"1 febrero, 2024","format":false,"excerpt":"Seg\u00fan la Organizaci\u00f3n Mundial de la Salud (OMS), Espa\u00f1a es uno de los pa\u00edses europeos con m\u00e1s incidencia de acoso escolar, y que contrasta con la percepci\u00f3n que los alumnos tienen de lo que ocurre en su entorno, que 7 de cada 10 ni\u00f1os sufren a diario alg\u00fan tipo de\u2026","rel":"","context":"En \u00abYo opino - WMCMF\u00bb","block_context":{"text":"Yo opino - WMCMF","link":"https:\/\/webdelmaestrocmf.com\/portal\/category\/jamb\/"},"img":{"alt_text":"Acoso escolar","src":"https:\/\/i0.wp.com\/webdelmaestrocmf.com\/portal\/wp-content\/uploads\/2024\/02\/Acoso-escolar.jpg?resize=350%2C200&ssl=1","width":350,"height":200,"srcset":"https:\/\/i0.wp.com\/webdelmaestrocmf.com\/portal\/wp-content\/uploads\/2024\/02\/Acoso-escolar.jpg?resize=350%2C200&ssl=1 1x, https:\/\/i0.wp.com\/webdelmaestrocmf.com\/portal\/wp-content\/uploads\/2024\/02\/Acoso-escolar.jpg?resize=525%2C300&ssl=1 1.5x, https:\/\/i0.wp.com\/webdelmaestrocmf.com\/portal\/wp-content\/uploads\/2024\/02\/Acoso-escolar.jpg?resize=700%2C400&ssl=1 2x"},"classes":[]},{"id":91613,"url":"https:\/\/webdelmaestrocmf.com\/portal\/unicef-guia-para-prevenir-el-acoso-escolar-descarga-gratuita\/","url_meta":{"origin":17828,"position":3},"title":"UNICEF: Gu\u00eda para prevenir el acoso escolar (Descarga gratuita)","author":"Web del Maestro CMF","date":"8 agosto, 2023","format":false,"excerpt":"Seg\u00fan la UNESCO uno de cada 4 estudiantes \u201ces v\u00edctima de agresiones y un 12 % recibe acoso a trav\u00e9s de las redes sociales\u201d y \u201cuno de cada tres ni\u00f1os es v\u00edctima de intimidaci\u00f3n escolar\u201d. Y gracias a los estudios, la evidencia cient\u00edfica ha sugerido a lo largo de los\u2026","rel":"","context":"En \u00abBullying acoso\u00bb","block_context":{"text":"Bullying acoso","link":"https:\/\/webdelmaestrocmf.com\/portal\/category\/pedagogia\/bullying-acoso\/"},"img":{"alt_text":"","src":"https:\/\/i0.wp.com\/webdelmaestrocmf.com\/portal\/wp-content\/uploads\/2023\/08\/A12B3C4D-5.jpg?resize=350%2C200&ssl=1","width":350,"height":200,"srcset":"https:\/\/i0.wp.com\/webdelmaestrocmf.com\/portal\/wp-content\/uploads\/2023\/08\/A12B3C4D-5.jpg?resize=350%2C200&ssl=1 1x, https:\/\/i0.wp.com\/webdelmaestrocmf.com\/portal\/wp-content\/uploads\/2023\/08\/A12B3C4D-5.jpg?resize=525%2C300&ssl=1 1.5x, https:\/\/i0.wp.com\/webdelmaestrocmf.com\/portal\/wp-content\/uploads\/2023\/08\/A12B3C4D-5.jpg?resize=700%2C400&ssl=1 2x"},"classes":[]},{"id":27211,"url":"https:\/\/webdelmaestrocmf.com\/portal\/se-necesita-poner-mas-recursos-para-la-prevencion-del-acoso-escolar-una-planificacion-mas-sistematica-de-como-evitar-la-situacion\/","url_meta":{"origin":17828,"position":4},"title":"Se necesita poner m\u00e1s recursos para la prevenci\u00f3n del acoso escolar, una planificaci\u00f3n m\u00e1s sistem\u00e1tica de c\u00f3mo evitar la situaci\u00f3n","author":"Web del Maestro CMF","date":"12 abril, 2018","format":"video","excerpt":"La Doctora en Ciencias de la Educaci\u00f3n, Tiina M\u00e4kel\u00e4, de nacionalidad finlandesa, nos traer\u00e1 inmediatamente las referencias de las pruebas PISA (de hace ya algunos a\u00f1os), es la coordinadora de KiVa del Instituto Escalae, que desarrolla proyectos relacionados a los ambientes de aprendizaje, la tecnolog\u00eda, la globalizaci\u00f3n y la contextualizaci\u00f3n\u2026","rel":"","context":"En \u00abCharlas\u00bb","block_context":{"text":"Charlas","link":"https:\/\/webdelmaestrocmf.com\/portal\/category\/charlas\/"},"img":{"alt_text":"","src":"https:\/\/i0.wp.com\/webdelmaestrocmf.com\/portal\/wp-content\/uploads\/2018\/04\/Tinna.jpg?resize=350%2C200&ssl=1","width":350,"height":200,"srcset":"https:\/\/i0.wp.com\/webdelmaestrocmf.com\/portal\/wp-content\/uploads\/2018\/04\/Tinna.jpg?resize=350%2C200&ssl=1 1x, https:\/\/i0.wp.com\/webdelmaestrocmf.com\/portal\/wp-content\/uploads\/2018\/04\/Tinna.jpg?resize=525%2C300&ssl=1 1.5x, https:\/\/i0.wp.com\/webdelmaestrocmf.com\/portal\/wp-content\/uploads\/2018\/04\/Tinna.jpg?resize=700%2C400&ssl=1 2x, https:\/\/i0.wp.com\/webdelmaestrocmf.com\/portal\/wp-content\/uploads\/2018\/04\/Tinna.jpg?resize=1050%2C600&ssl=1 3x"},"classes":[]},{"id":8854,"url":"https:\/\/webdelmaestrocmf.com\/portal\/me-di-por-vencido-la-estremecedora-carta-de-un-nino-antes-de-suicidarse-por-bullying\/","url_meta":{"origin":17828,"position":5},"title":"\u00abMe di por vencido\u00bb: Carta de un ni\u00f1o antes de suicidarse por bullying","author":"Web del Maestro CMF","date":"12 julio, 2019","format":false,"excerpt":"El tr\u00e1gico caso de Daniel Fitzpatrick, un ni\u00f1o de 13 a\u00f1os que se quit\u00f3 la vida debido al acoso escolar que sufri\u00f3, pone de manifiesto la cruda realidad del bullying y la necesidad de abordar este tema de manera seria y efectiva. El acoso escolar es un problema que afecta\u2026","rel":"","context":"En \u00abBullying acoso\u00bb","block_context":{"text":"Bullying acoso","link":"https:\/\/webdelmaestrocmf.com\/portal\/category\/pedagogia\/bullying-acoso\/"},"img":{"alt_text":"","src":"https:\/\/i0.wp.com\/webdelmaestrocmf.com\/portal\/wp-content\/uploads\/2019\/07\/A12B3C4D-7.jpg?resize=350%2C200&ssl=1","width":350,"height":200,"srcset":"https:\/\/i0.wp.com\/webdelmaestrocmf.com\/portal\/wp-content\/uploads\/2019\/07\/A12B3C4D-7.jpg?resize=350%2C200&ssl=1 1x, https:\/\/i0.wp.com\/webdelmaestrocmf.com\/portal\/wp-content\/uploads\/2019\/07\/A12B3C4D-7.jpg?resize=525%2C300&ssl=1 1.5x, https:\/\/i0.wp.com\/webdelmaestrocmf.com\/portal\/wp-content\/uploads\/2019\/07\/A12B3C4D-7.jpg?resize=700%2C400&ssl=1 2x"},"classes":[]}],"_links":{"self":[{"href":"https:\/\/webdelmaestrocmf.com\/portal\/wp-json\/wp\/v2\/posts\/17828","targetHints":{"allow":["GET"]}}],"collection":[{"href":"https:\/\/webdelmaestrocmf.com\/portal\/wp-json\/wp\/v2\/posts"}],"about":[{"href":"https:\/\/webdelmaestrocmf.com\/portal\/wp-json\/wp\/v2\/types\/post"}],"author":[{"embeddable":true,"href":"https:\/\/webdelmaestrocmf.com\/portal\/wp-json\/wp\/v2\/users\/1"}],"replies":[{"embeddable":true,"href":"https:\/\/webdelmaestrocmf.com\/portal\/wp-json\/wp\/v2\/comments?post=17828"}],"version-history":[{"count":0,"href":"https:\/\/webdelmaestrocmf.com\/portal\/wp-json\/wp\/v2\/posts\/17828\/revisions"}],"wp:featuredmedia":[{"embeddable":true,"href":"https:\/\/webdelmaestrocmf.com\/portal\/wp-json\/wp\/v2\/media\/90391"}],"wp:attachment":[{"href":"https:\/\/webdelmaestrocmf.com\/portal\/wp-json\/wp\/v2\/media?parent=17828"}],"wp:term":[{"taxonomy":"category","embeddable":true,"href":"https:\/\/webdelmaestrocmf.com\/portal\/wp-json\/wp\/v2\/categories?post=17828"},{"taxonomy":"post_tag","embeddable":true,"href":"https:\/\/webdelmaestrocmf.com\/portal\/wp-json\/wp\/v2\/tags?post=17828"}],"curies":[{"name":"wp","href":"https:\/\/api.w.org\/{rel}","templated":true}]}}