{"id":17724,"date":"2020-11-11T20:16:19","date_gmt":"2020-11-11T23:16:19","guid":{"rendered":"http:\/\/webdelmaestrocmf.com\/portal\/?p=17724"},"modified":"2023-10-10T23:31:11","modified_gmt":"2023-10-11T02:31:11","slug":"cuando-debemos-emplear-un-modelo-enfoque-metodo-metodologia-tecnica-estrategia-recurso","status":"publish","type":"post","link":"https:\/\/webdelmaestrocmf.com\/portal\/cuando-debemos-emplear-un-modelo-enfoque-metodo-metodologia-tecnica-estrategia-recurso\/","title":{"rendered":"\u00bfCu\u00e1ndo usar un modelo, enfoque, m\u00e9todo, t\u00e9cnica, estrategia o recurso?"},"content":{"rendered":"<p style=\"text-align: justify;\"><strong>El portal educativo \u201cThe Flipped Classroom\u00bb ha publicado una valiosa infograf\u00eda que nos permite entender al detalle cu\u00e1l debemos aplicar y en qu\u00e9 momento dentro de una sesi\u00f3n de clases, y que compartimos con fines \u00fanicamente educativos &#8211; pastorales.<\/strong><\/p>\n<p><!--more--><\/p>\n<p class=\"entry-title fusion-post-title\" style=\"text-align: justify;\" data-fontsize=\"20\" data-lineheight=\"28\">\u00bfModelo? \u00bfEnfoque? \u00bfM\u00e9todo? \u00bfMetodolog\u00eda? \u00bfT\u00e9cnica? \u00bfEstrategia? \u00bfRecurso? \u00bfCu\u00e1ndo debemos emplear cada uno de estos t\u00e9rminos?<\/p>\n<h5 style=\"text-align: justify;\"><strong>1. Un Modelo (pedag\u00f3gico)<\/strong><\/h5>\n<p style=\"text-align: justify;\">Entra dentro del \u00e1mbito de las<strong> \u201ccreencias\u201d,<\/strong> la formaci\u00f3n y la actualizaci\u00f3n del docente. Es un construcci\u00f3n te\u00f3rico-formal que fundamentada cient\u00edfica e ideol\u00f3gicamente interpreta, dise\u00f1a y ajusta la realidad pedag\u00f3gica que responde a una necesidad concreta, es decir, un modelo es una representaci\u00f3n te\u00f3rica que luego llevamos a la pr\u00e1ctica en un contexto determinado. Por eso hablamos del <strong>MODELO de CLASE INVERSA (flipped classroom). T<\/strong>ambi\u00e9n se podr\u00eda utilizar el t\u00e9rmino <strong>APPROACH (enfoque).<\/strong><\/p>\n<h5 style=\"text-align: justify;\"><strong>2. El\u00a0M\u00e9todo (did\u00e1ctico o de ense\u00f1anza)<\/strong><\/h5>\n<p style=\"text-align: justify;\">Sigue un enfoque cient\u00edfico o <strong>\u201cestilo educativo\u201d<\/strong> consistente para lograr la mayor eficiencia posible en el proceso de aprendizaje de los alumnos. Integra un conjunto de principios, una descripci\u00f3n de la praxis y actividades y normalmente el sistema de evaluaci\u00f3n.<\/p>\n<p style=\"text-align: justify;\">\u00abLa elecci\u00f3n del m\u00e9todo o m\u00e9todos de ense\u00f1anza que se utilizar\u00e1 depende en gran parte de la informaci\u00f3n o habilidad que se est\u00e1 ense\u00f1ando, y tambi\u00e9n se puede ver afectado por el contenido de aprendizaje y el nivel de los estudiantes. Hablamos del M\u00e9todo comunicativo (en idiomas), del de ensayo y error\u2026del conductista, del constructivista.<\/p>\n<p style=\"text-align: justify;\">Las<strong> \u201cbolas\u201d<\/strong> dentro del c\u00edrculo blanco ser\u00edan <strong>MODELOS<\/strong> y las que est\u00e1n fuera ser\u00edan en muchos de los casos, m\u00e9todos.<\/p>\n<p><img loading=\"lazy\" decoding=\"async\" class=\"alignnone size-full wp-image-40670\" src=\"https:\/\/webdelmaestrocmf.com\/portal\/wp-content\/uploads\/2019\/05\/1-6.png\" alt=\"\" width=\"886\" height=\"664\" srcset=\"https:\/\/webdelmaestrocmf.com\/portal\/wp-content\/uploads\/2019\/05\/1-6.png 886w, https:\/\/webdelmaestrocmf.com\/portal\/wp-content\/uploads\/2019\/05\/1-6-300x225.png 300w, https:\/\/webdelmaestrocmf.com\/portal\/wp-content\/uploads\/2019\/05\/1-6-768x576.png 768w, https:\/\/webdelmaestrocmf.com\/portal\/wp-content\/uploads\/2019\/05\/1-6-110x82.png 110w, https:\/\/webdelmaestrocmf.com\/portal\/wp-content\/uploads\/2019\/05\/1-6-200x150.png 200w, https:\/\/webdelmaestrocmf.com\/portal\/wp-content\/uploads\/2019\/05\/1-6-380x285.png 380w, https:\/\/webdelmaestrocmf.com\/portal\/wp-content\/uploads\/2019\/05\/1-6-255x191.png 255w, https:\/\/webdelmaestrocmf.com\/portal\/wp-content\/uploads\/2019\/05\/1-6-550x412.png 550w, https:\/\/webdelmaestrocmf.com\/portal\/wp-content\/uploads\/2019\/05\/1-6-800x600.png 800w\" sizes=\"auto, (max-width: 886px) 100vw, 886px\" \/><\/p>\n<h5 style=\"text-align: justify;\"><strong>3. Una Metodolog\u00eda (did\u00e1ctica). <\/strong><\/h5>\n<p style=\"text-align: justify;\">Entra dentro del \u00e1mbito de las <strong>\u201ccreencias\u201d.<\/strong> es una concreci\u00f3n del m\u00e9todo en un contexto determinado, teniendo e cuenta la edad de los alumnos, la materia de aprendizaje, los resultados esperables\u2026as\u00ed podemos hablar de \u201cmetodolog\u00eda colaborativa\u201d, \u201cmetodolog\u00edas inductivas\u201d o combinaci\u00f3n de ambas, por ejemplo un <strong>PBL<\/strong> en un entorno colaborativo.<\/p>\n<p><img loading=\"lazy\" decoding=\"async\" class=\"alignnone size-full wp-image-54439\" src=\"https:\/\/webdelmaestrocmf.com\/portal\/wp-content\/uploads\/2019\/05\/1-117.jpg\" alt=\"\" width=\"728\" height=\"546\" srcset=\"https:\/\/webdelmaestrocmf.com\/portal\/wp-content\/uploads\/2019\/05\/1-117.jpg 728w, https:\/\/webdelmaestrocmf.com\/portal\/wp-content\/uploads\/2019\/05\/1-117-300x225.jpg 300w, https:\/\/webdelmaestrocmf.com\/portal\/wp-content\/uploads\/2019\/05\/1-117-110x83.jpg 110w, https:\/\/webdelmaestrocmf.com\/portal\/wp-content\/uploads\/2019\/05\/1-117-200x150.jpg 200w, https:\/\/webdelmaestrocmf.com\/portal\/wp-content\/uploads\/2019\/05\/1-117-380x285.jpg 380w, https:\/\/webdelmaestrocmf.com\/portal\/wp-content\/uploads\/2019\/05\/1-117-255x191.jpg 255w, https:\/\/webdelmaestrocmf.com\/portal\/wp-content\/uploads\/2019\/05\/1-117-550x413.jpg 550w, https:\/\/webdelmaestrocmf.com\/portal\/wp-content\/uploads\/2019\/05\/1-117-600x450.jpg 600w, https:\/\/webdelmaestrocmf.com\/portal\/wp-content\/uploads\/2019\/05\/1-117-220x165.jpg 220w, https:\/\/webdelmaestrocmf.com\/portal\/wp-content\/uploads\/2019\/05\/1-117-400x300.jpg 400w, https:\/\/webdelmaestrocmf.com\/portal\/wp-content\/uploads\/2019\/05\/1-117-510x383.jpg 510w\" sizes=\"auto, (max-width: 728px) 100vw, 728px\" \/><\/p>\n<h5 style=\"text-align: justify;\"><strong>4. Una T\u00e9cnica\/ estrategia (did\u00e1ctica)<\/strong>.<\/h5>\n<p style=\"text-align: justify;\">Es lo mas cercano a la realidad del docente en el aula. Muchas veces se aplican desconectadas de los m\u00e9todos. Consiste en el dise\u00f1o, desarrollo y aplicaci\u00f3n de una actividad concreta en un momento dado y para la consecuci\u00f3n de un objetivo espec\u00edfico, podemos hablar de t\u00e9cnicas\/estrategias expositivas, instruccionales, colaborativas, inductivas, deductivas, de an\u00e1lisis, creativa, de evaluaci\u00f3n\u2026<\/p>\n<h5 style=\"text-align: justify;\"><strong>5. Un Recurso (did\u00e1ctico). <\/strong><\/h5>\n<p style=\"text-align: justify;\">Es cualquier elemento que se requiera para el desarrollo de la t\u00e9cnica concreta: mobiliario, espacio f\u00edsico, hardware, software, perif\u00e9rico, material diverso: rotuladores, pizarra, apps\u2026<\/p>\n<p><img loading=\"lazy\" decoding=\"async\" class=\"alignnone size-full wp-image-40671\" src=\"https:\/\/webdelmaestrocmf.com\/portal\/wp-content\/uploads\/2019\/05\/2-2.png\" alt=\"\" width=\"884\" height=\"663\" srcset=\"https:\/\/webdelmaestrocmf.com\/portal\/wp-content\/uploads\/2019\/05\/2-2.png 884w, https:\/\/webdelmaestrocmf.com\/portal\/wp-content\/uploads\/2019\/05\/2-2-300x225.png 300w, https:\/\/webdelmaestrocmf.com\/portal\/wp-content\/uploads\/2019\/05\/2-2-768x576.png 768w, https:\/\/webdelmaestrocmf.com\/portal\/wp-content\/uploads\/2019\/05\/2-2-110x83.png 110w, https:\/\/webdelmaestrocmf.com\/portal\/wp-content\/uploads\/2019\/05\/2-2-200x150.png 200w, https:\/\/webdelmaestrocmf.com\/portal\/wp-content\/uploads\/2019\/05\/2-2-380x285.png 380w, https:\/\/webdelmaestrocmf.com\/portal\/wp-content\/uploads\/2019\/05\/2-2-255x191.png 255w, https:\/\/webdelmaestrocmf.com\/portal\/wp-content\/uploads\/2019\/05\/2-2-550x413.png 550w, https:\/\/webdelmaestrocmf.com\/portal\/wp-content\/uploads\/2019\/05\/2-2-800x600.png 800w\" sizes=\"auto, (max-width: 884px) 100vw, 884px\" \/><\/p>\n<p style=\"text-align: justify;\">\u00bfEst\u00e1s de acuerdo con este planteamiento? \u00bfsugieres matices?<\/p>\n<p style=\"text-align: justify;\"><strong>Este contenido ha sido publicado originalmente por\u00a0<\/strong><strong>The Flipped Classroom\u00a0<\/strong><strong>en la\u00a0siguiente direcci\u00f3n:\u00a0<a href=\"http:\/\/theflippedclassroom.es\" target=\"_blank\" rel=\"noopener noreferrer\">theflippedclassroom.es<\/a><\/strong><\/p>\n\t\t<div class=\"pk-inline-posts\">\n\t\t\t\n\t\t\t<div class=\"pk-inline-posts-container pk-inline-posts-template-list\"\n\t\t\t\tdata-columns=\"1\">\n\t\t\t\t\t\t<article id=\"post-74558\" class=\"post-74558 post type-post status-publish format-standard has-post-thumbnail category-descargas-manuales-pdf category-docentes category-pedagogia category-violencia tag-adolescentes tag-prevenir tag-suicidio cs-entry cs-video-wrap\">\n\t\t\t<div class=\"pk-post-outer\">\n\n\t\t\t\t\t\t\t\t<div class=\"pk-post-inner\">\n\t\t\t\t\t<div class=\"entry-thumbnail\">\n\t\t\t\t\t\t<div class=\"pk-overlay pk-overlay-ratio pk-ratio-landscape\">\n\t\t\t\t\t\t\t<div class=\"pk-overlay-background\">\n\t\t\t\t\t\t\t\t<a href=\"https:\/\/webdelmaestrocmf.com\/portal\/como-prevenir-el-suicidio-en-adolescentes-que-pueden-hacer-las-escuelas-los-docentes-y-las-familias\/\" class=\"pk-overlay-link\">\n\t\t\t\t\t\t\t\t\t<img loading=\"lazy\" decoding=\"async\" width=\"300\" height=\"225\" src=\"https:\/\/webdelmaestrocmf.com\/portal\/wp-content\/uploads\/2022\/07\/1AA-Banner-1-portada-imagen-10-1-copia-10-300x225.webp\" class=\"attachment-pk-thumbnail size-pk-thumbnail wp-post-image\" alt=\"\" \/>\t\t\t\t\t\t\t\t<\/a>\n\t\t\t\t\t\t\t<\/div>\n\t\t\t\t\t\t<\/div>\n\t\t\t\t\t<\/div>\n\t\t\t\t<\/div>\n\t\t\t\t\n\t\t\t\t<div class=\"pk-post-inner\">\n\t\t\t\t\t<header>\n\t\t\t\t\t\t<h3 class=\"pk-title\"><a href=\"https:\/\/webdelmaestrocmf.com\/portal\/como-prevenir-el-suicidio-en-adolescentes-que-pueden-hacer-las-escuelas-los-docentes-y-las-familias\/\" rel=\"bookmark\">C\u00f3mo pueden los docentes prevenir el riesgo de suicidio juvenil desde la escuela: Descarga la gu\u00eda recomendada para docentes y fadres de familia<\/a><\/h3>\t\t\t\t\t<\/header><!-- .entry-header -->\n\t\t\t\t<\/div><!-- .post-inner -->\n\n\t\t\t<\/div><!-- .post-outer -->\n\t\t<\/article>\n\t\t\t<article id=\"post-21298\" class=\"post-21298 post type-post status-publish format-standard has-post-thumbnail category-descargas-manuales-pdf category-visitadas category-pedagogia tag-aprendizaje tag-auditivo tag-docente tag-educacion tag-educativos tag-efectividad tag-elementos tag-ensenanza tag-estilo-de-aprendizaje tag-estilos tag-kinestesico tag-manual tag-neurofisiologia tag-psicologia tag-ritmos-biologicos tag-test tag-visual cs-entry cs-video-wrap\">\n\t\t\t<div class=\"pk-post-outer\">\n\n\t\t\t\t\t\t\t\t<div class=\"pk-post-inner\">\n\t\t\t\t\t<div class=\"entry-thumbnail\">\n\t\t\t\t\t\t<div class=\"pk-overlay pk-overlay-ratio pk-ratio-landscape\">\n\t\t\t\t\t\t\t<div class=\"pk-overlay-background\">\n\t\t\t\t\t\t\t\t<a href=\"https:\/\/webdelmaestrocmf.com\/portal\/manual-completo-estilos-aprendizaje\/\" class=\"pk-overlay-link\">\n\t\t\t\t\t\t\t\t\t<img loading=\"lazy\" decoding=\"async\" width=\"300\" height=\"225\" src=\"https:\/\/webdelmaestrocmf.com\/portal\/wp-content\/uploads\/2021\/02\/Banner-1-portada-imagen-10-1-300x225.jpg\" class=\"attachment-pk-thumbnail size-pk-thumbnail wp-post-image\" alt=\"aprendizaje\" \/>\t\t\t\t\t\t\t\t<\/a>\n\t\t\t\t\t\t\t<\/div>\n\t\t\t\t\t\t<\/div>\n\t\t\t\t\t<\/div>\n\t\t\t\t<\/div>\n\t\t\t\t\n\t\t\t\t<div class=\"pk-post-inner\">\n\t\t\t\t\t<header>\n\t\t\t\t\t\t<h3 class=\"pk-title\"><a href=\"https:\/\/webdelmaestrocmf.com\/portal\/manual-completo-estilos-aprendizaje\/\" rel=\"bookmark\">Manual completo de estilos de  aprendizaje<\/a><\/h3>\t\t\t\t\t<\/header><!-- .entry-header -->\n\t\t\t\t<\/div><!-- .post-inner -->\n\n\t\t\t<\/div><!-- .post-outer -->\n\t\t<\/article>\n\t\t\t<article id=\"post-91549\" class=\"post-91549 post type-post status-publish format-standard has-post-thumbnail category-docentes category-pedagogia category-tecnicas tag-4152 tag-aprendizaje tag-didacticas tag-ensenanza tag-tecnicas cs-entry cs-video-wrap\">\n\t\t\t<div class=\"pk-post-outer\">\n\n\t\t\t\t\t\t\t\t<div class=\"pk-post-inner\">\n\t\t\t\t\t<div class=\"entry-thumbnail\">\n\t\t\t\t\t\t<div class=\"pk-overlay pk-overlay-ratio pk-ratio-landscape\">\n\t\t\t\t\t\t\t<div class=\"pk-overlay-background\">\n\t\t\t\t\t\t\t\t<a href=\"https:\/\/webdelmaestrocmf.com\/portal\/100-tecnicas-didacticas-de-ensenanza-y-aprendizaje\/\" class=\"pk-overlay-link\">\n\t\t\t\t\t\t\t\t\t<img loading=\"lazy\" decoding=\"async\" width=\"300\" height=\"225\" src=\"https:\/\/webdelmaestrocmf.com\/portal\/wp-content\/uploads\/2023\/08\/Banner-1-portada-imagen-10-1-17-1-300x225.jpg\" class=\"attachment-pk-thumbnail size-pk-thumbnail wp-post-image\" alt=\"\" \/>\t\t\t\t\t\t\t\t<\/a>\n\t\t\t\t\t\t\t<\/div>\n\t\t\t\t\t\t<\/div>\n\t\t\t\t\t<\/div>\n\t\t\t\t<\/div>\n\t\t\t\t\n\t\t\t\t<div class=\"pk-post-inner\">\n\t\t\t\t\t<header>\n\t\t\t\t\t\t<h3 class=\"pk-title\"><a href=\"https:\/\/webdelmaestrocmf.com\/portal\/100-tecnicas-didacticas-de-ensenanza-y-aprendizaje\/\" rel=\"bookmark\">Descarga los 5 fasc\u00edculos sobre las 100 t\u00e9cnicas did\u00e1cticas de ense\u00f1anza y aprendizaje<\/a><\/h3>\t\t\t\t\t<\/header><!-- .entry-header -->\n\t\t\t\t<\/div><!-- .post-inner -->\n\n\t\t\t<\/div><!-- .post-outer -->\n\t\t<\/article>\n\t\t\t\t<\/div>\n\t\t<\/div>\n\t\t\n","protected":false},"excerpt":{"rendered":"El portal educativo \u201cThe Flipped Classroom\u00bb ha publicado una valiosa infograf\u00eda que nos permite entender al detalle cu\u00e1l&hellip;","protected":false},"author":1,"featured_media":45418,"comment_status":"open","ping_status":"open","sticky":false,"template":"","format":"standard","meta":{"_jetpack_newsletter_access":"","_jetpack_dont_email_post_to_subs":false,"_jetpack_newsletter_tier_id":0,"_jetpack_memberships_contains_paywalled_content":false,"csco_display_header_overlay":false,"csco_singular_sidebar":"default","csco_page_header_type":"default","csco_page_load_nextpost":"default","csco_post_video_location":[],"csco_post_video_location_hash":"","csco_post_video_url":"","csco_post_video_bg_start_time":0,"csco_post_video_bg_end_time":0,"csco_post_video_bg_volume":false,"_jetpack_feature_clip_id":0,"_jetpack_memberships_contains_paid_content":false,"footnotes":"","jetpack_post_was_ever_published":false},"categories":[570,139,735],"tags":[2124,2125,1229,1301,1969,2126,863],"class_list":["post-17724","post","type-post","status-publish","format-standard","has-post-thumbnail","category-docentes","category-visitadas","category-pedagogia","tag-enfoque","tag-estrategia","tag-metodo","tag-metodologia","tag-modelo","tag-recurso","tag-tecnica","cs-entry","cs-video-wrap"],"yoast_head":"<!-- This site is optimized with the Yoast SEO plugin v28.1 - https:\/\/yoast.com\/product\/yoast-seo-wordpress\/ -->\n<title>\u00bfCu\u00e1ndo usar un modelo, enfoque, m\u00e9todo, t\u00e9cnica, estrategia o recurso?<\/title>\n<meta name=\"description\" content=\"El portal educativo ha publicado una valiosa infograf\u00eda que nos permite entender al detalle cu\u00e1l debemos aplicar y en qu\u00e9...\" \/>\n<meta name=\"robots\" content=\"index, follow, max-snippet:-1, max-image-preview:large, max-video-preview:-1\" \/>\n<link rel=\"canonical\" href=\"https:\/\/webdelmaestrocmf.com\/portal\/cuando-debemos-emplear-un-modelo-enfoque-metodo-metodologia-tecnica-estrategia-recurso\/\" \/>\n<meta property=\"og:locale\" content=\"es_ES\" \/>\n<meta property=\"og:type\" content=\"article\" \/>\n<meta property=\"og:title\" content=\"\u00bfCu\u00e1ndo usar un modelo, enfoque, m\u00e9todo, t\u00e9cnica, estrategia o recurso?\" \/>\n<meta property=\"og:description\" content=\"El portal educativo ha publicado una valiosa infograf\u00eda que nos permite entender al detalle cu\u00e1l debemos aplicar y en qu\u00e9...\" \/>\n<meta property=\"og:url\" content=\"https:\/\/webdelmaestrocmf.com\/portal\/cuando-debemos-emplear-un-modelo-enfoque-metodo-metodologia-tecnica-estrategia-recurso\/\" \/>\n<meta property=\"og:site_name\" content=\"Web del Maestro CMF\" \/>\n<meta property=\"article:publisher\" content=\"https:\/\/www.facebook.com\/WebdelMaestroCMF\/\" \/>\n<meta property=\"article:author\" content=\"https:\/\/www.facebook.com\/WebdelMaestroCMF\/\" \/>\n<meta property=\"article:published_time\" content=\"2020-11-11T23:16:19+00:00\" \/>\n<meta property=\"article:modified_time\" content=\"2023-10-11T02:31:11+00:00\" \/>\n<meta property=\"og:image\" content=\"https:\/\/i0.wp.com\/webdelmaestrocmf.com\/portal\/wp-content\/uploads\/2019\/05\/2-48.jpg?fit=1100%2C680&ssl=1\" \/>\n\t<meta property=\"og:image:width\" content=\"1100\" \/>\n\t<meta property=\"og:image:height\" content=\"680\" \/>\n\t<meta property=\"og:image:type\" content=\"image\/jpeg\" \/>\n<meta name=\"author\" content=\"Web del Maestro CMF\" \/>\n<meta name=\"twitter:card\" content=\"summary_large_image\" \/>\n<meta name=\"twitter:creator\" content=\"@cmf_w\" \/>\n<meta name=\"twitter:site\" content=\"@cmf_w\" \/>\n<script type=\"application\/ld+json\" class=\"yoast-schema-graph\">{\"@context\":\"https:\\\/\\\/schema.org\",\"@graph\":[{\"@type\":\"ScholarlyArticle\",\"@id\":\"https:\\\/\\\/webdelmaestrocmf.com\\\/portal\\\/cuando-debemos-emplear-un-modelo-enfoque-metodo-metodologia-tecnica-estrategia-recurso\\\/#article\",\"isPartOf\":{\"@id\":\"https:\\\/\\\/webdelmaestrocmf.com\\\/portal\\\/cuando-debemos-emplear-un-modelo-enfoque-metodo-metodologia-tecnica-estrategia-recurso\\\/\"},\"author\":{\"name\":\"Web del Maestro CMF\",\"@id\":\"https:\\\/\\\/webdelmaestrocmf.com\\\/portal\\\/#\\\/schema\\\/person\\\/1072a2ed7bd960df8ef99a551fa35dc5\"},\"headline\":\"\u00bfCu\u00e1ndo usar un modelo, enfoque, m\u00e9todo, t\u00e9cnica, estrategia o recurso?\",\"datePublished\":\"2020-11-11T23:16:19+00:00\",\"dateModified\":\"2023-10-11T02:31:11+00:00\",\"mainEntityOfPage\":{\"@id\":\"https:\\\/\\\/webdelmaestrocmf.com\\\/portal\\\/cuando-debemos-emplear-un-modelo-enfoque-metodo-metodologia-tecnica-estrategia-recurso\\\/\"},\"wordCount\":499,\"commentCount\":2,\"publisher\":{\"@id\":\"https:\\\/\\\/webdelmaestrocmf.com\\\/portal\\\/#organization\"},\"image\":{\"@id\":\"https:\\\/\\\/webdelmaestrocmf.com\\\/portal\\\/cuando-debemos-emplear-un-modelo-enfoque-metodo-metodologia-tecnica-estrategia-recurso\\\/#primaryimage\"},\"thumbnailUrl\":\"https:\\\/\\\/webdelmaestrocmf.com\\\/portal\\\/wp-content\\\/uploads\\\/2019\\\/05\\\/2-48.jpg\",\"keywords\":[\"ENFOQUE\",\"ESTRATEGIA\",\"M\u00c9TODO\",\"METODOLOG\u00cdA\",\"MODELO\",\"RECURSO\",\"T\u00c9CNICA\"],\"articleSection\":[\"Docentes\",\"Las m\u00e1s vistas\",\"Recursos\"],\"inLanguage\":\"es\",\"potentialAction\":[{\"@type\":\"CommentAction\",\"name\":\"Comment\",\"target\":[\"https:\\\/\\\/webdelmaestrocmf.com\\\/portal\\\/cuando-debemos-emplear-un-modelo-enfoque-metodo-metodologia-tecnica-estrategia-recurso\\\/#respond\"]}]},{\"@type\":\"WebPage\",\"@id\":\"https:\\\/\\\/webdelmaestrocmf.com\\\/portal\\\/cuando-debemos-emplear-un-modelo-enfoque-metodo-metodologia-tecnica-estrategia-recurso\\\/\",\"url\":\"https:\\\/\\\/webdelmaestrocmf.com\\\/portal\\\/cuando-debemos-emplear-un-modelo-enfoque-metodo-metodologia-tecnica-estrategia-recurso\\\/\",\"name\":\"\u00bfCu\u00e1ndo usar un modelo, enfoque, m\u00e9todo, t\u00e9cnica, estrategia o recurso?\",\"isPartOf\":{\"@id\":\"https:\\\/\\\/webdelmaestrocmf.com\\\/portal\\\/#website\"},\"primaryImageOfPage\":{\"@id\":\"https:\\\/\\\/webdelmaestrocmf.com\\\/portal\\\/cuando-debemos-emplear-un-modelo-enfoque-metodo-metodologia-tecnica-estrategia-recurso\\\/#primaryimage\"},\"image\":{\"@id\":\"https:\\\/\\\/webdelmaestrocmf.com\\\/portal\\\/cuando-debemos-emplear-un-modelo-enfoque-metodo-metodologia-tecnica-estrategia-recurso\\\/#primaryimage\"},\"thumbnailUrl\":\"https:\\\/\\\/webdelmaestrocmf.com\\\/portal\\\/wp-content\\\/uploads\\\/2019\\\/05\\\/2-48.jpg\",\"datePublished\":\"2020-11-11T23:16:19+00:00\",\"dateModified\":\"2023-10-11T02:31:11+00:00\",\"description\":\"El portal educativo ha publicado una valiosa infograf\u00eda que nos permite entender al detalle cu\u00e1l debemos aplicar y en qu\u00e9...\",\"breadcrumb\":{\"@id\":\"https:\\\/\\\/webdelmaestrocmf.com\\\/portal\\\/cuando-debemos-emplear-un-modelo-enfoque-metodo-metodologia-tecnica-estrategia-recurso\\\/#breadcrumb\"},\"inLanguage\":\"es\",\"potentialAction\":[{\"@type\":\"ReadAction\",\"target\":[\"https:\\\/\\\/webdelmaestrocmf.com\\\/portal\\\/cuando-debemos-emplear-un-modelo-enfoque-metodo-metodologia-tecnica-estrategia-recurso\\\/\"]}]},{\"@type\":\"ImageObject\",\"inLanguage\":\"es\",\"@id\":\"https:\\\/\\\/webdelmaestrocmf.com\\\/portal\\\/cuando-debemos-emplear-un-modelo-enfoque-metodo-metodologia-tecnica-estrategia-recurso\\\/#primaryimage\",\"url\":\"https:\\\/\\\/webdelmaestrocmf.com\\\/portal\\\/wp-content\\\/uploads\\\/2019\\\/05\\\/2-48.jpg\",\"contentUrl\":\"https:\\\/\\\/webdelmaestrocmf.com\\\/portal\\\/wp-content\\\/uploads\\\/2019\\\/05\\\/2-48.jpg\",\"width\":1100,\"height\":680},{\"@type\":\"BreadcrumbList\",\"@id\":\"https:\\\/\\\/webdelmaestrocmf.com\\\/portal\\\/cuando-debemos-emplear-un-modelo-enfoque-metodo-metodologia-tecnica-estrategia-recurso\\\/#breadcrumb\",\"itemListElement\":[{\"@type\":\"ListItem\",\"position\":1,\"name\":\"Portada\",\"item\":\"https:\\\/\\\/webdelmaestrocmf.com\\\/portal\\\/\"},{\"@type\":\"ListItem\",\"position\":2,\"name\":\"Recursos\",\"item\":\"https:\\\/\\\/webdelmaestrocmf.com\\\/portal\\\/category\\\/pedagogia\\\/\"},{\"@type\":\"ListItem\",\"position\":3,\"name\":\"\u00bfCu\u00e1ndo usar un modelo, enfoque, m\u00e9todo, t\u00e9cnica, estrategia o recurso?\"}]},{\"@type\":\"WebSite\",\"@id\":\"https:\\\/\\\/webdelmaestrocmf.com\\\/portal\\\/#website\",\"url\":\"https:\\\/\\\/webdelmaestrocmf.com\\\/portal\\\/\",\"name\":\"Web del Maestro CMF\",\"description\":\"Maestros al servicio de la educaci\u00f3n\",\"publisher\":{\"@id\":\"https:\\\/\\\/webdelmaestrocmf.com\\\/portal\\\/#organization\"},\"alternateName\":\"WMCMF\",\"potentialAction\":[{\"@type\":\"SearchAction\",\"target\":{\"@type\":\"EntryPoint\",\"urlTemplate\":\"https:\\\/\\\/webdelmaestrocmf.com\\\/portal\\\/?s={search_term_string}\"},\"query-input\":{\"@type\":\"PropertyValueSpecification\",\"valueRequired\":true,\"valueName\":\"search_term_string\"}}],\"inLanguage\":\"es\"},{\"@type\":\"Organization\",\"@id\":\"https:\\\/\\\/webdelmaestrocmf.com\\\/portal\\\/#organization\",\"name\":\"Web del Maestro CMF\",\"alternateName\":\"WMCMF\",\"url\":\"https:\\\/\\\/webdelmaestrocmf.com\\\/portal\\\/\",\"logo\":{\"@type\":\"ImageObject\",\"inLanguage\":\"es\",\"@id\":\"https:\\\/\\\/webdelmaestrocmf.com\\\/portal\\\/#\\\/schema\\\/logo\\\/image\\\/\",\"url\":\"https:\\\/\\\/webdelmaestrocmf.com\\\/portal\\\/wp-content\\\/uploads\\\/2023\\\/01\\\/logo-wmcmf-2.png\",\"contentUrl\":\"https:\\\/\\\/webdelmaestrocmf.com\\\/portal\\\/wp-content\\\/uploads\\\/2023\\\/01\\\/logo-wmcmf-2.png\",\"width\":200,\"height\":60,\"caption\":\"Web del Maestro CMF\"},\"image\":{\"@id\":\"https:\\\/\\\/webdelmaestrocmf.com\\\/portal\\\/#\\\/schema\\\/logo\\\/image\\\/\"},\"sameAs\":[\"https:\\\/\\\/www.facebook.com\\\/WebdelMaestroCMF\\\/\",\"https:\\\/\\\/x.com\\\/cmf_w\",\"https:\\\/\\\/www.pinterest.com\\\/WMCMF\\\/\",\"https:\\\/\\\/www.linkedin.com\\\/company\\\/web-del-maestro-cmf\\\/\",\"https:\\\/\\\/www.instagram.com\\\/wmcmf\\\/\",\"https:\\\/\\\/www.youtube.com\\\/channel\\\/UCDPSvjbdodE5sHnC3OxutHw\",\"https:\\\/\\\/mastodon.social\\\/@wmcmf\",\"https:\\\/\\\/www.tiktok.com\\\/@webdelmaestrocmf\"]},{\"@type\":\"Person\",\"@id\":\"https:\\\/\\\/webdelmaestrocmf.com\\\/portal\\\/#\\\/schema\\\/person\\\/1072a2ed7bd960df8ef99a551fa35dc5\",\"name\":\"Web del Maestro CMF\",\"image\":{\"@type\":\"ImageObject\",\"inLanguage\":\"es\",\"@id\":\"https:\\\/\\\/secure.gravatar.com\\\/avatar\\\/23291dd5b5ae1077dcff3dbb04c3e02bd28403fa75af6d8787d5e97c5bbbe30b?s=96&d=mm&r=g\",\"url\":\"https:\\\/\\\/secure.gravatar.com\\\/avatar\\\/23291dd5b5ae1077dcff3dbb04c3e02bd28403fa75af6d8787d5e97c5bbbe30b?s=96&d=mm&r=g\",\"contentUrl\":\"https:\\\/\\\/secure.gravatar.com\\\/avatar\\\/23291dd5b5ae1077dcff3dbb04c3e02bd28403fa75af6d8787d5e97c5bbbe30b?s=96&d=mm&r=g\",\"caption\":\"Web del Maestro CMF\"},\"description\":\"Esta Web se cre\u00f3 sin fines de lucro, con fines educativos, cient\u00edficos y acad\u00e9micos, para personas que tengan dificultades y\\\/o inconvenientes en visualizar el material original. El objetivo es entregar recursos, compartir experiencias y materiales que ayuden a los padres de familia, maestros y estudiantes en su actualizaci\u00f3n y formaci\u00f3n permanente, en bien de la Educaci\u00f3n.\",\"sameAs\":[\"http:\\\/\\\/webdelmaestrocmf.com\\\/portal\",\"https:\\\/\\\/www.facebook.com\\\/WebdelMaestroCMF\\\/\",\"https:\\\/\\\/www.instagram.com\\\/wmcmf\\\/\",\"https:\\\/\\\/cl.linkedin.com\\\/company\\\/web-del-maestro-cmf\",\"https:\\\/\\\/www.pinterest.com\\\/WMCMF\\\/publicaciones\\\/\",\"https:\\\/\\\/x.com\\\/cmf_w\",\"https:\\\/\\\/www.youtube.com\\\/@WMCMF\"]}]}<\/script>\n<!-- \/ Yoast SEO plugin. -->","yoast_head_json":{"title":"\u00bfCu\u00e1ndo usar un modelo, enfoque, m\u00e9todo, t\u00e9cnica, estrategia o recurso?","description":"El portal educativo ha publicado una valiosa infograf\u00eda que nos permite entender al detalle cu\u00e1l debemos aplicar y en qu\u00e9...","robots":{"index":"index","follow":"follow","max-snippet":"max-snippet:-1","max-image-preview":"max-image-preview:large","max-video-preview":"max-video-preview:-1"},"canonical":"https:\/\/webdelmaestrocmf.com\/portal\/cuando-debemos-emplear-un-modelo-enfoque-metodo-metodologia-tecnica-estrategia-recurso\/","og_locale":"es_ES","og_type":"article","og_title":"\u00bfCu\u00e1ndo usar un modelo, enfoque, m\u00e9todo, t\u00e9cnica, estrategia o recurso?","og_description":"El portal educativo ha publicado una valiosa infograf\u00eda que nos permite entender al detalle cu\u00e1l debemos aplicar y en qu\u00e9...","og_url":"https:\/\/webdelmaestrocmf.com\/portal\/cuando-debemos-emplear-un-modelo-enfoque-metodo-metodologia-tecnica-estrategia-recurso\/","og_site_name":"Web del Maestro CMF","article_publisher":"https:\/\/www.facebook.com\/WebdelMaestroCMF\/","article_author":"https:\/\/www.facebook.com\/WebdelMaestroCMF\/","article_published_time":"2020-11-11T23:16:19+00:00","article_modified_time":"2023-10-11T02:31:11+00:00","og_image":[{"width":1100,"height":680,"url":"https:\/\/i0.wp.com\/webdelmaestrocmf.com\/portal\/wp-content\/uploads\/2019\/05\/2-48.jpg?fit=1100%2C680&ssl=1","type":"image\/jpeg"}],"author":"Web del Maestro CMF","twitter_card":"summary_large_image","twitter_creator":"@cmf_w","twitter_site":"@cmf_w","schema":{"@context":"https:\/\/schema.org","@graph":[{"@type":"ScholarlyArticle","@id":"https:\/\/webdelmaestrocmf.com\/portal\/cuando-debemos-emplear-un-modelo-enfoque-metodo-metodologia-tecnica-estrategia-recurso\/#article","isPartOf":{"@id":"https:\/\/webdelmaestrocmf.com\/portal\/cuando-debemos-emplear-un-modelo-enfoque-metodo-metodologia-tecnica-estrategia-recurso\/"},"author":{"name":"Web del Maestro CMF","@id":"https:\/\/webdelmaestrocmf.com\/portal\/#\/schema\/person\/1072a2ed7bd960df8ef99a551fa35dc5"},"headline":"\u00bfCu\u00e1ndo usar un modelo, enfoque, m\u00e9todo, t\u00e9cnica, estrategia o recurso?","datePublished":"2020-11-11T23:16:19+00:00","dateModified":"2023-10-11T02:31:11+00:00","mainEntityOfPage":{"@id":"https:\/\/webdelmaestrocmf.com\/portal\/cuando-debemos-emplear-un-modelo-enfoque-metodo-metodologia-tecnica-estrategia-recurso\/"},"wordCount":499,"commentCount":2,"publisher":{"@id":"https:\/\/webdelmaestrocmf.com\/portal\/#organization"},"image":{"@id":"https:\/\/webdelmaestrocmf.com\/portal\/cuando-debemos-emplear-un-modelo-enfoque-metodo-metodologia-tecnica-estrategia-recurso\/#primaryimage"},"thumbnailUrl":"https:\/\/webdelmaestrocmf.com\/portal\/wp-content\/uploads\/2019\/05\/2-48.jpg","keywords":["ENFOQUE","ESTRATEGIA","M\u00c9TODO","METODOLOG\u00cdA","MODELO","RECURSO","T\u00c9CNICA"],"articleSection":["Docentes","Las m\u00e1s vistas","Recursos"],"inLanguage":"es","potentialAction":[{"@type":"CommentAction","name":"Comment","target":["https:\/\/webdelmaestrocmf.com\/portal\/cuando-debemos-emplear-un-modelo-enfoque-metodo-metodologia-tecnica-estrategia-recurso\/#respond"]}]},{"@type":"WebPage","@id":"https:\/\/webdelmaestrocmf.com\/portal\/cuando-debemos-emplear-un-modelo-enfoque-metodo-metodologia-tecnica-estrategia-recurso\/","url":"https:\/\/webdelmaestrocmf.com\/portal\/cuando-debemos-emplear-un-modelo-enfoque-metodo-metodologia-tecnica-estrategia-recurso\/","name":"\u00bfCu\u00e1ndo usar un modelo, enfoque, m\u00e9todo, t\u00e9cnica, estrategia o recurso?","isPartOf":{"@id":"https:\/\/webdelmaestrocmf.com\/portal\/#website"},"primaryImageOfPage":{"@id":"https:\/\/webdelmaestrocmf.com\/portal\/cuando-debemos-emplear-un-modelo-enfoque-metodo-metodologia-tecnica-estrategia-recurso\/#primaryimage"},"image":{"@id":"https:\/\/webdelmaestrocmf.com\/portal\/cuando-debemos-emplear-un-modelo-enfoque-metodo-metodologia-tecnica-estrategia-recurso\/#primaryimage"},"thumbnailUrl":"https:\/\/webdelmaestrocmf.com\/portal\/wp-content\/uploads\/2019\/05\/2-48.jpg","datePublished":"2020-11-11T23:16:19+00:00","dateModified":"2023-10-11T02:31:11+00:00","description":"El portal educativo ha publicado una valiosa infograf\u00eda que nos permite entender al detalle cu\u00e1l debemos aplicar y en qu\u00e9...","breadcrumb":{"@id":"https:\/\/webdelmaestrocmf.com\/portal\/cuando-debemos-emplear-un-modelo-enfoque-metodo-metodologia-tecnica-estrategia-recurso\/#breadcrumb"},"inLanguage":"es","potentialAction":[{"@type":"ReadAction","target":["https:\/\/webdelmaestrocmf.com\/portal\/cuando-debemos-emplear-un-modelo-enfoque-metodo-metodologia-tecnica-estrategia-recurso\/"]}]},{"@type":"ImageObject","inLanguage":"es","@id":"https:\/\/webdelmaestrocmf.com\/portal\/cuando-debemos-emplear-un-modelo-enfoque-metodo-metodologia-tecnica-estrategia-recurso\/#primaryimage","url":"https:\/\/webdelmaestrocmf.com\/portal\/wp-content\/uploads\/2019\/05\/2-48.jpg","contentUrl":"https:\/\/webdelmaestrocmf.com\/portal\/wp-content\/uploads\/2019\/05\/2-48.jpg","width":1100,"height":680},{"@type":"BreadcrumbList","@id":"https:\/\/webdelmaestrocmf.com\/portal\/cuando-debemos-emplear-un-modelo-enfoque-metodo-metodologia-tecnica-estrategia-recurso\/#breadcrumb","itemListElement":[{"@type":"ListItem","position":1,"name":"Portada","item":"https:\/\/webdelmaestrocmf.com\/portal\/"},{"@type":"ListItem","position":2,"name":"Recursos","item":"https:\/\/webdelmaestrocmf.com\/portal\/category\/pedagogia\/"},{"@type":"ListItem","position":3,"name":"\u00bfCu\u00e1ndo usar un modelo, enfoque, m\u00e9todo, t\u00e9cnica, estrategia o recurso?"}]},{"@type":"WebSite","@id":"https:\/\/webdelmaestrocmf.com\/portal\/#website","url":"https:\/\/webdelmaestrocmf.com\/portal\/","name":"Web del Maestro CMF","description":"Maestros al servicio de la educaci\u00f3n","publisher":{"@id":"https:\/\/webdelmaestrocmf.com\/portal\/#organization"},"alternateName":"WMCMF","potentialAction":[{"@type":"SearchAction","target":{"@type":"EntryPoint","urlTemplate":"https:\/\/webdelmaestrocmf.com\/portal\/?s={search_term_string}"},"query-input":{"@type":"PropertyValueSpecification","valueRequired":true,"valueName":"search_term_string"}}],"inLanguage":"es"},{"@type":"Organization","@id":"https:\/\/webdelmaestrocmf.com\/portal\/#organization","name":"Web del Maestro CMF","alternateName":"WMCMF","url":"https:\/\/webdelmaestrocmf.com\/portal\/","logo":{"@type":"ImageObject","inLanguage":"es","@id":"https:\/\/webdelmaestrocmf.com\/portal\/#\/schema\/logo\/image\/","url":"https:\/\/webdelmaestrocmf.com\/portal\/wp-content\/uploads\/2023\/01\/logo-wmcmf-2.png","contentUrl":"https:\/\/webdelmaestrocmf.com\/portal\/wp-content\/uploads\/2023\/01\/logo-wmcmf-2.png","width":200,"height":60,"caption":"Web del Maestro CMF"},"image":{"@id":"https:\/\/webdelmaestrocmf.com\/portal\/#\/schema\/logo\/image\/"},"sameAs":["https:\/\/www.facebook.com\/WebdelMaestroCMF\/","https:\/\/x.com\/cmf_w","https:\/\/www.pinterest.com\/WMCMF\/","https:\/\/www.linkedin.com\/company\/web-del-maestro-cmf\/","https:\/\/www.instagram.com\/wmcmf\/","https:\/\/www.youtube.com\/channel\/UCDPSvjbdodE5sHnC3OxutHw","https:\/\/mastodon.social\/@wmcmf","https:\/\/www.tiktok.com\/@webdelmaestrocmf"]},{"@type":"Person","@id":"https:\/\/webdelmaestrocmf.com\/portal\/#\/schema\/person\/1072a2ed7bd960df8ef99a551fa35dc5","name":"Web del Maestro CMF","image":{"@type":"ImageObject","inLanguage":"es","@id":"https:\/\/secure.gravatar.com\/avatar\/23291dd5b5ae1077dcff3dbb04c3e02bd28403fa75af6d8787d5e97c5bbbe30b?s=96&d=mm&r=g","url":"https:\/\/secure.gravatar.com\/avatar\/23291dd5b5ae1077dcff3dbb04c3e02bd28403fa75af6d8787d5e97c5bbbe30b?s=96&d=mm&r=g","contentUrl":"https:\/\/secure.gravatar.com\/avatar\/23291dd5b5ae1077dcff3dbb04c3e02bd28403fa75af6d8787d5e97c5bbbe30b?s=96&d=mm&r=g","caption":"Web del Maestro CMF"},"description":"Esta Web se cre\u00f3 sin fines de lucro, con fines educativos, cient\u00edficos y acad\u00e9micos, para personas que tengan dificultades y\/o inconvenientes en visualizar el material original. El objetivo es entregar recursos, compartir experiencias y materiales que ayuden a los padres de familia, maestros y estudiantes en su actualizaci\u00f3n y formaci\u00f3n permanente, en bien de la Educaci\u00f3n.","sameAs":["http:\/\/webdelmaestrocmf.com\/portal","https:\/\/www.facebook.com\/WebdelMaestroCMF\/","https:\/\/www.instagram.com\/wmcmf\/","https:\/\/cl.linkedin.com\/company\/web-del-maestro-cmf","https:\/\/www.pinterest.com\/WMCMF\/publicaciones\/","https:\/\/x.com\/cmf_w","https:\/\/www.youtube.com\/@WMCMF"]}]}},"jetpack_featured_media_url":"https:\/\/webdelmaestrocmf.com\/portal\/wp-content\/uploads\/2019\/05\/2-48.jpg","jetpack_sharing_enabled":true,"jetpack-related-posts":[{"id":79656,"url":"https:\/\/webdelmaestrocmf.com\/portal\/modelo-enfoque-metodo-metodologia-tecnica-estrategia-recurso-cuando-debemos-emplear-cada-uno-de-estos-terminos\/","url_meta":{"origin":17724,"position":0},"title":"\u00bfModelo? \u00bfEnfoque? \u00bfM\u00e9todo? \u00bfMetodolog\u00eda? \u00bfT\u00e9cnica? \u00bfEstrategia? \u00bfRecurso? \u00bfCu\u00e1ndo debemos emplear cada uno de estas terminolog\u00edas?","author":"Web del Maestro CMF","date":"22 agosto, 2022","format":false,"excerpt":"De cara a elaborar la Programaci\u00f3n Did\u00e1ctica, defender la Unidad Did\u00e1ctica y elaborar el examen escrito puede surgirnos una duda con respecto a la conceptualizaci\u00f3n de determinados aspectos clave: Modelo, M\u00e9todo, Metodolog\u00eda\u2026 \u00bfQu\u00e9 terminolog\u00eda emplear? \u00bfCu\u00e1l es la forma correcta de mencionar determinados elementos de cara a los procesos selectivos\u2026","rel":"","context":"En \u00abDocentes\u00bb","block_context":{"text":"Docentes","link":"https:\/\/webdelmaestrocmf.com\/portal\/category\/pedagogia\/docentes\/"},"img":{"alt_text":"","src":"https:\/\/i0.wp.com\/webdelmaestrocmf.com\/portal\/wp-content\/uploads\/2022\/08\/Banner-1-portada-imagen-10-1.jpg?resize=350%2C200&ssl=1","width":350,"height":200,"srcset":"https:\/\/i0.wp.com\/webdelmaestrocmf.com\/portal\/wp-content\/uploads\/2022\/08\/Banner-1-portada-imagen-10-1.jpg?resize=350%2C200&ssl=1 1x, https:\/\/i0.wp.com\/webdelmaestrocmf.com\/portal\/wp-content\/uploads\/2022\/08\/Banner-1-portada-imagen-10-1.jpg?resize=525%2C300&ssl=1 1.5x, https:\/\/i0.wp.com\/webdelmaestrocmf.com\/portal\/wp-content\/uploads\/2022\/08\/Banner-1-portada-imagen-10-1.jpg?resize=700%2C400&ssl=1 2x"},"classes":[]},{"id":115147,"url":"https:\/\/webdelmaestrocmf.com\/portal\/tipos-de-aulas-pedagogicas-claves-para-analizar-elegir-y-combinar-enfoques-en-la-practica-docente\/","url_meta":{"origin":17724,"position":1},"title":"Tipos de aulas pedag\u00f3gicas: claves para analizar, elegir y combinar enfoques en la pr\u00e1ctica docente","author":"Web del Maestro CMF","date":"5 febrero, 2026","format":false,"excerpt":"Analizar los tipos de aulas pedag\u00f3gicas permite al docente tomar decisiones conscientes, contextualizadas y profesionales para mejorar el aprendizaje real.","rel":"","context":"En \u00abAula Invertida\u00bb","block_context":{"text":"Aula Invertida","link":"https:\/\/webdelmaestrocmf.com\/portal\/category\/pedagogia\/aula-invertida\/"},"img":{"alt_text":"","src":"https:\/\/i0.wp.com\/webdelmaestrocmf.com\/portal\/wp-content\/uploads\/2026\/02\/1A-Banner-1-portada-imagen-10-1-copia-9.webp?resize=350%2C200&ssl=1","width":350,"height":200,"srcset":"https:\/\/i0.wp.com\/webdelmaestrocmf.com\/portal\/wp-content\/uploads\/2026\/02\/1A-Banner-1-portada-imagen-10-1-copia-9.webp?resize=350%2C200&ssl=1 1x, https:\/\/i0.wp.com\/webdelmaestrocmf.com\/portal\/wp-content\/uploads\/2026\/02\/1A-Banner-1-portada-imagen-10-1-copia-9.webp?resize=525%2C300&ssl=1 1.5x, https:\/\/i0.wp.com\/webdelmaestrocmf.com\/portal\/wp-content\/uploads\/2026\/02\/1A-Banner-1-portada-imagen-10-1-copia-9.webp?resize=700%2C400&ssl=1 2x"},"classes":[]},{"id":107233,"url":"https:\/\/webdelmaestrocmf.com\/portal\/tipos-de-pedagogias-modernas-relevancia-y-el-rol-del-docente-moderno\/","url_meta":{"origin":17724,"position":2},"title":"Tipos de pedagog\u00edas, relevancia y el rol del docente moderno","author":"Web del Maestro CMF","date":"26 diciembre, 2024","format":false,"excerpt":"La pedagog\u00eda es la ciencia social que investiga y estudia las t\u00e9cnicas centradas en la educaci\u00f3n y la ense\u00f1anza. El objetivo principal de esta disciplina es optimizar y sistematizar m\u00e9todos educativos para mejorarlos, desarrollar el potencial humano y facilitar la trasmisi\u00f3n de conocimientos, valores, cultura o tradiciones. Su aplicaci\u00f3n es\u2026","rel":"","context":"En \u00abPedagog\u00eda\u00bb","block_context":{"text":"Pedagog\u00eda","link":"https:\/\/webdelmaestrocmf.com\/portal\/category\/pedagogia\/pedagogia-pedagogia\/"},"img":{"alt_text":"","src":"https:\/\/i0.wp.com\/webdelmaestrocmf.com\/portal\/wp-content\/uploads\/2024\/12\/Banner-1-portada-imagen-10-1-36.jpg?resize=350%2C200&ssl=1","width":350,"height":200,"srcset":"https:\/\/i0.wp.com\/webdelmaestrocmf.com\/portal\/wp-content\/uploads\/2024\/12\/Banner-1-portada-imagen-10-1-36.jpg?resize=350%2C200&ssl=1 1x, https:\/\/i0.wp.com\/webdelmaestrocmf.com\/portal\/wp-content\/uploads\/2024\/12\/Banner-1-portada-imagen-10-1-36.jpg?resize=525%2C300&ssl=1 1.5x, https:\/\/i0.wp.com\/webdelmaestrocmf.com\/portal\/wp-content\/uploads\/2024\/12\/Banner-1-portada-imagen-10-1-36.jpg?resize=700%2C400&ssl=1 2x"},"classes":[]},{"id":107426,"url":"https:\/\/webdelmaestrocmf.com\/portal\/el-nuevo-rol-del-docente-en-la-era-digital-de-transmisor-a-sisenador-de-experiencias\/","url_meta":{"origin":17724,"position":3},"title":"El nuevo rol del docente en la Era Digital: de transmisor a dise\u00f1ador de experiencias","author":"Web del Maestro CMF","date":"10 enero, 2025","format":false,"excerpt":"La educaci\u00f3n est\u00e1 viviendo una revoluci\u00f3n sin precedentes, y en el coraz\u00f3n de este cambio est\u00e1n los docentes. Hoy, su misi\u00f3n trasciende la simple transmisi\u00f3n de conocimientos: se trata de inspirar, conectar y dise\u00f1ar experiencias de aprendizaje que marquen vidas. Cada aula es una oportunidad para preparar a los estudiantes\u2026","rel":"","context":"En \u00abDesempe\u00f1o docente\u00bb","block_context":{"text":"Desempe\u00f1o docente","link":"https:\/\/webdelmaestrocmf.com\/portal\/category\/pedagogia\/desempeno-docente\/"},"img":{"alt_text":"","src":"https:\/\/i0.wp.com\/webdelmaestrocmf.com\/portal\/wp-content\/uploads\/2025\/01\/1A-Banner-1-portada-imagen-10-1-14.jpg?resize=350%2C200&ssl=1","width":350,"height":200,"srcset":"https:\/\/i0.wp.com\/webdelmaestrocmf.com\/portal\/wp-content\/uploads\/2025\/01\/1A-Banner-1-portada-imagen-10-1-14.jpg?resize=350%2C200&ssl=1 1x, https:\/\/i0.wp.com\/webdelmaestrocmf.com\/portal\/wp-content\/uploads\/2025\/01\/1A-Banner-1-portada-imagen-10-1-14.jpg?resize=525%2C300&ssl=1 1.5x, https:\/\/i0.wp.com\/webdelmaestrocmf.com\/portal\/wp-content\/uploads\/2025\/01\/1A-Banner-1-portada-imagen-10-1-14.jpg?resize=700%2C400&ssl=1 2x"},"classes":[]},{"id":107390,"url":"https:\/\/webdelmaestrocmf.com\/portal\/el-marco-metodologico-en-la-investigacion-educativa\/","url_meta":{"origin":17724,"position":4},"title":"El marco metodol\u00f3gico en la investigaci\u00f3n educativa","author":"Web del Maestro CMF","date":"6 enero, 2025","format":false,"excerpt":"El marco metodol\u00f3gico es uno de los pilares fundamentales en cualquier investigaci\u00f3n. Para los docentes, su importancia radica en que permite estructurar el estudio de manera l\u00f3gica y ordenada, facilitando la comprensi\u00f3n de c\u00f3mo se llevar\u00e1 a cabo y garantizando la confiabilidad de los resultados. Este art\u00edculo detalla los componentes\u2026","rel":"","context":"En \u00abDocentes\u00bb","block_context":{"text":"Docentes","link":"https:\/\/webdelmaestrocmf.com\/portal\/category\/pedagogia\/docentes\/"},"img":{"alt_text":"","src":"https:\/\/i0.wp.com\/webdelmaestrocmf.com\/portal\/wp-content\/uploads\/2025\/01\/1A-Banner-1-portada-imagen-10-1-9.jpg?resize=350%2C200&ssl=1","width":350,"height":200,"srcset":"https:\/\/i0.wp.com\/webdelmaestrocmf.com\/portal\/wp-content\/uploads\/2025\/01\/1A-Banner-1-portada-imagen-10-1-9.jpg?resize=350%2C200&ssl=1 1x, https:\/\/i0.wp.com\/webdelmaestrocmf.com\/portal\/wp-content\/uploads\/2025\/01\/1A-Banner-1-portada-imagen-10-1-9.jpg?resize=525%2C300&ssl=1 1.5x, https:\/\/i0.wp.com\/webdelmaestrocmf.com\/portal\/wp-content\/uploads\/2025\/01\/1A-Banner-1-portada-imagen-10-1-9.jpg?resize=700%2C400&ssl=1 2x"},"classes":[]},{"id":107287,"url":"https:\/\/webdelmaestrocmf.com\/portal\/las-revoluciones-educativas-un-analisis-de-las-etapas-de-la-evolucion-en-la-ensenanza\/","url_meta":{"origin":17724,"position":5},"title":"Las revoluciones educativas: un an\u00e1lisis de las etapas de la evoluci\u00f3n en la ense\u00f1anza","author":"Web del Maestro CMF","date":"29 diciembre, 2024","format":false,"excerpt":"La educaci\u00f3n, como pilar fundamental de cualquier sociedad, ha experimentado m\u00faltiples transformaciones a lo largo de los siglos. Desde los modelos m\u00e1s tradicionales, donde el maestro era el centro del proceso, hasta los enfoques m\u00e1s modernos que integran tecnolog\u00edas avanzadas, cada etapa ha sido parte de una evoluci\u00f3n para mejorar\u2026","rel":"","context":"En \u00abPedagog\u00eda\u00bb","block_context":{"text":"Pedagog\u00eda","link":"https:\/\/webdelmaestrocmf.com\/portal\/category\/pedagogia\/educacion-pedagogia\/"},"img":{"alt_text":"","src":"https:\/\/i0.wp.com\/webdelmaestrocmf.com\/portal\/wp-content\/uploads\/2024\/12\/Banner-1-portada-imagen-10-1-48.jpg?resize=350%2C200&ssl=1","width":350,"height":200,"srcset":"https:\/\/i0.wp.com\/webdelmaestrocmf.com\/portal\/wp-content\/uploads\/2024\/12\/Banner-1-portada-imagen-10-1-48.jpg?resize=350%2C200&ssl=1 1x, https:\/\/i0.wp.com\/webdelmaestrocmf.com\/portal\/wp-content\/uploads\/2024\/12\/Banner-1-portada-imagen-10-1-48.jpg?resize=525%2C300&ssl=1 1.5x, https:\/\/i0.wp.com\/webdelmaestrocmf.com\/portal\/wp-content\/uploads\/2024\/12\/Banner-1-portada-imagen-10-1-48.jpg?resize=700%2C400&ssl=1 2x"},"classes":[]}],"_links":{"self":[{"href":"https:\/\/webdelmaestrocmf.com\/portal\/wp-json\/wp\/v2\/posts\/17724","targetHints":{"allow":["GET"]}}],"collection":[{"href":"https:\/\/webdelmaestrocmf.com\/portal\/wp-json\/wp\/v2\/posts"}],"about":[{"href":"https:\/\/webdelmaestrocmf.com\/portal\/wp-json\/wp\/v2\/types\/post"}],"author":[{"embeddable":true,"href":"https:\/\/webdelmaestrocmf.com\/portal\/wp-json\/wp\/v2\/users\/1"}],"replies":[{"embeddable":true,"href":"https:\/\/webdelmaestrocmf.com\/portal\/wp-json\/wp\/v2\/comments?post=17724"}],"version-history":[{"count":0,"href":"https:\/\/webdelmaestrocmf.com\/portal\/wp-json\/wp\/v2\/posts\/17724\/revisions"}],"wp:featuredmedia":[{"embeddable":true,"href":"https:\/\/webdelmaestrocmf.com\/portal\/wp-json\/wp\/v2\/media\/45418"}],"wp:attachment":[{"href":"https:\/\/webdelmaestrocmf.com\/portal\/wp-json\/wp\/v2\/media?parent=17724"}],"wp:term":[{"taxonomy":"category","embeddable":true,"href":"https:\/\/webdelmaestrocmf.com\/portal\/wp-json\/wp\/v2\/categories?post=17724"},{"taxonomy":"post_tag","embeddable":true,"href":"https:\/\/webdelmaestrocmf.com\/portal\/wp-json\/wp\/v2\/tags?post=17724"}],"curies":[{"name":"wp","href":"https:\/\/api.w.org\/{rel}","templated":true}]}}