{"id":17623,"date":"2020-02-02T20:33:04","date_gmt":"2020-02-02T23:33:04","guid":{"rendered":"http:\/\/webdelmaestrocmf.com\/portal\/?p=17623"},"modified":"2020-02-03T11:52:55","modified_gmt":"2020-02-03T14:52:55","slug":"bob-lenz-el-mundo-ha-cambiado-pero-los-colegios-no","status":"publish","type":"post","link":"https:\/\/webdelmaestrocmf.com\/portal\/bob-lenz-el-mundo-ha-cambiado-pero-los-colegios-no\/","title":{"rendered":"Bob Lenz: El mundo ha cambiado, pero los colegios no"},"content":{"rendered":"<h5 style=\"text-align: justify;\">Bob Lenz es el Director del Instituto Buck para la Educaci\u00f3n, y reconocido l\u00edder en el redise\u00f1o de la escuela secundaria, el aprendizaje basado en proyectos, educaci\u00f3n habilidades del siglo XXI, la evaluaci\u00f3n del desempe\u00f1o, experto en innovaci\u00f3n educativa, y es quien afirma que \u201cla ense\u00f1anza tradicional no es que sea mala, sino que necesita ampliar horizontes\u201d, y por eso est\u00e1 empe\u00f1ado en promover un sistema de aprendizaje basado en la resoluci\u00f3n de proyectos.<\/h5>\n<p><!--more--><\/p>\n<p style=\"text-align: justify;\">El sistema de aprendizaje basado en <strong>la resoluci\u00f3n de proyectos, tiene como inspiraci\u00f3n la teor\u00eda de Howard Gardner<\/strong>, y desde la teor\u00eda de las \u201cinteligencias m\u00faltiples\u201d, se estimula la participaci\u00f3n activa en el aula de los estudiantes.<\/p>\n<p style=\"text-align: justify;\">Afirman sus seguidores, que mejora extraordinariamente la capacidad para encontrar soluciones creativas a problemas cotidianos, porque ellos planean, implementan y eval\u00faan proyectos desde su realidad cotidiana, y <strong>como toda estrategia de aprendizaje, comprende todas las etapas y procesos <\/strong>que utilizan los estudiantes para hacer m\u00e1s sencilla la recuperaci\u00f3n, almacenamiento, uso y obtenci\u00f3n de informaci\u00f3n para aprender un nuevo conocimiento (cf Wikipedia).<\/p>\n<p><a href=\"https:\/\/webdelmaestrocmf.com\/portal\/wp-content\/uploads\/2018\/03\/1-58.jpg\"><img loading=\"lazy\" decoding=\"async\" class=\"alignnone size-full wp-image-43855\" src=\"https:\/\/webdelmaestrocmf.com\/portal\/wp-content\/uploads\/2018\/03\/1-58.jpg\" alt=\"\" width=\"1100\" height=\"680\" srcset=\"https:\/\/webdelmaestrocmf.com\/portal\/wp-content\/uploads\/2018\/03\/1-58.jpg 1100w, https:\/\/webdelmaestrocmf.com\/portal\/wp-content\/uploads\/2018\/03\/1-58-300x185.jpg 300w, https:\/\/webdelmaestrocmf.com\/portal\/wp-content\/uploads\/2018\/03\/1-58-1024x633.jpg 1024w, https:\/\/webdelmaestrocmf.com\/portal\/wp-content\/uploads\/2018\/03\/1-58-768x475.jpg 768w, https:\/\/webdelmaestrocmf.com\/portal\/wp-content\/uploads\/2018\/03\/1-58-110x68.jpg 110w, https:\/\/webdelmaestrocmf.com\/portal\/wp-content\/uploads\/2018\/03\/1-58-200x124.jpg 200w, https:\/\/webdelmaestrocmf.com\/portal\/wp-content\/uploads\/2018\/03\/1-58-380x235.jpg 380w, https:\/\/webdelmaestrocmf.com\/portal\/wp-content\/uploads\/2018\/03\/1-58-255x158.jpg 255w, https:\/\/webdelmaestrocmf.com\/portal\/wp-content\/uploads\/2018\/03\/1-58-550x340.jpg 550w, https:\/\/webdelmaestrocmf.com\/portal\/wp-content\/uploads\/2018\/03\/1-58-800x495.jpg 800w\" sizes=\"auto, (max-width: 1100px) 100vw, 1100px\" \/><\/a><\/p>\n<p style=\"text-align: justify;\">Las instituciones educativas \u201cque siguen la metodolog\u00eda por proyectos tienen los mismos contenidos curriculares que en el resto, pero <strong>los estudiantes no tienen un libro para cada materia, sino que son los maestros los que elaboran los materiales<\/strong>, adapt\u00e1ndolos al grupo de alumnos, y marcando los ritmos de trabajo o reduciendo las actividades seg\u00fan los intereses y las necesidades del ni\u00f1o, protagonista absoluto de su aprendizaje\u201d, afirma Ana Palicio, Adem\u00e1s, es importante saber que <strong>estas <\/strong><strong>estrategias de instrucci\u00f3n tienen una aproximaci\u00f3n constructivista<\/strong> siguiendo las teor\u00edas de \u201cpsic\u00f3logos y educadores tales como Lev Vygotsky, Jerome Bruner, Jean Piaget y John Dewey\u201d.<\/p>\n<p style=\"text-align: justify;\">Las ventajas de este m\u00e9todo es que prepara a los estudiantes para la vida real; desarrolla la motivaci\u00f3n por los logros obtenidos; <strong>logran ver una conexi\u00f3n real entre el aprendizaje en la escuela y sus vidas<\/strong>; retienen mayor cantidad de conocimiento y habilidades porque se sienten comprometidos con proyectos inspiradores; hacen uso de sus \u201chabilidades mentales de orden superior en lugar de memorizar datos en contextos aislados sin conexi\u00f3n\u201d; se enriquecen con el aprendizaje colaborativo que les permite compartir ideas, expresar sus opiniones y encontrar soluciones con los dem\u00e1s; y por su misma metodolog\u00eda desarrolla las habilidades sociales y de comunicaci\u00f3n.<\/p>\n<p><a href=\"http:\/\/webdelmaestrocmf.com\/portal\/wp-content\/uploads\/2017\/04\/maxresdefault2.jpg\"><img loading=\"lazy\" decoding=\"async\" class=\"aligncenter size-full wp-image-17627\" src=\"http:\/\/webdelmaestrocmf.com\/portal\/wp-content\/uploads\/2017\/04\/maxresdefault2.jpg\" alt=\"\" width=\"800\" height=\"505\" srcset=\"https:\/\/webdelmaestrocmf.com\/portal\/wp-content\/uploads\/2017\/04\/maxresdefault2.jpg 800w, https:\/\/webdelmaestrocmf.com\/portal\/wp-content\/uploads\/2017\/04\/maxresdefault2-300x189.jpg 300w, https:\/\/webdelmaestrocmf.com\/portal\/wp-content\/uploads\/2017\/04\/maxresdefault2-768x485.jpg 768w, https:\/\/webdelmaestrocmf.com\/portal\/wp-content\/uploads\/2017\/04\/maxresdefault2-280x177.jpg 280w\" sizes=\"auto, (max-width: 800px) 100vw, 800px\" \/><\/a><\/p>\n<p style=\"text-align: justify;\">El ABC, de la Comunidad Valenciana (Espa\u00f1a), publica una entrevista de M. Moreira a Bob Lenz, que compartimos con fines \u00fanicamente educativos \u2013 pastorales, y que invitamos a leer. All\u00ed Lenz afirma que <strong>no se debe de restar valor acad\u00e9mico a asignaturas como Filosof\u00eda o Literatura<\/strong>, porque junto con el Arte, son esenciales para el desarrollo humano. \u201cVivimos cada vez m\u00e1s en un mundo basado en proyectos, tanto si eres aut\u00f3nomo como si trabajas para una empresa convencional. Por eso <strong>es importante inculcar ya desde ni\u00f1os un sistema basado en proyectos<\/strong>. Alguien tiene que hacerlo, porque el mundo ha cambiado, pero los colegios no\u201d. En la entrevista tambi\u00e9n toca el tema de los deberes para la casa; el \u00e9nfasis en los ex\u00e1menes y las puntuaciones; el c\u00f3mo se est\u00e1n perdiendo personas s\u00faper creativas porque no tuvieron suficiente nota en los ex\u00e1menes, y sobre la selecci\u00f3n del profesorado.<\/p>\n<p style=\"text-align: justify;\">\u00bfCu\u00e1nto conoce sobre sistema de aprendizaje basado en la resoluci\u00f3n de proyectos? \u00a0\u00bfCree que es un camino de aprendizaje que ayuda a los estudiantes a ser innovadores y creativos?<\/p>\n<p style=\"text-align: justify;\">Puede Ampliar el tema en el siguiente enlace:\u00a0<a href=\"http:\/\/www.abc.es\/espana\/comunidad-valenciana\/abci-lenz-fomentar-arte-y-creatividad-colegio-esencial-para-tener-exito-mundo-laboral-201704261517_noticia.html\" target=\"_blank\" rel=\"noopener noreferrer\"><strong>Bob Lenz: \u00abFomentar el arte y la creatividad en el colegio es esencial para tener \u00e9xito en el mundo laboral<\/strong>\u00bb<\/a><\/p>\n<h5 style=\"text-align: justify;\"><strong>Charla: Un Mundo Basado en Proyectos:<\/strong><\/h5>\n<p>Recomendamos utilizar la herramientas de subtitulos para que\u00a0pueda traducir la conferencia de Bob Lenz.<\/p>\n<p><iframe loading=\"lazy\" src=\"https:\/\/www.youtube.com\/embed\/FYsRcuxvc3Q\" width=\"100%\" height=\"400\" frameborder=\"0\" allowfullscreen=\"allowfullscreen\"><span data-mce-type=\"bookmark\" style=\"display: inline-block; width: 0px; overflow: hidden; line-height: 0;\" class=\"mce_SELRES_start\">\ufeff<\/span><\/iframe><\/p>\n<p style=\"text-align: right;\"><strong>REDACCI\u00d3N WEB DEL MAESTRO CMF<\/strong><\/p>\n\t\t<div class=\"pk-inline-posts\">\n\t\t\t\n\t\t\t<div class=\"pk-inline-posts-container pk-inline-posts-template-list\"\n\t\t\t\tdata-columns=\"1\">\n\t\t\t\t\t\t<article id=\"post-118510\" class=\"post-118510 post type-post status-publish format-standard has-post-thumbnail category-entrevistas category-noticias tag-aprendizaje tag-aula tag-docentes tag-educacion-2 tag-estudiantes tag-filosofia-2 tag-formacion-2 tag-inteligencia tag-jose-antonio-marina tag-pedagogia-2 tag-pensamiento-critico-2 cs-entry cs-video-wrap\">\n\t\t\t<div class=\"pk-post-outer\">\n\n\t\t\t\t\t\t\t\t<div class=\"pk-post-inner\">\n\t\t\t\t\t<div class=\"entry-thumbnail\">\n\t\t\t\t\t\t<div class=\"pk-overlay pk-overlay-ratio pk-ratio-landscape\">\n\t\t\t\t\t\t\t<div class=\"pk-overlay-background\">\n\t\t\t\t\t\t\t\t<a href=\"https:\/\/webdelmaestrocmf.com\/portal\/jose-antonio-marina-si-no-teneis-pensamiento-critico-o-si-no-hay-pensamiento-critico-la-manipulacion-va-a-ser-muy-sencilla\/\" class=\"pk-overlay-link\">\n\t\t\t\t\t\t\t\t\t<img loading=\"lazy\" decoding=\"async\" width=\"300\" height=\"225\" src=\"https:\/\/webdelmaestrocmf.com\/portal\/wp-content\/uploads\/2026\/04\/1AA-Banner-1-portada-imagen-10-1-copia-5-6-300x225.webp\" class=\"attachment-pk-thumbnail size-pk-thumbnail wp-post-image\" alt=\"\" \/>\t\t\t\t\t\t\t\t<\/a>\n\t\t\t\t\t\t\t<\/div>\n\t\t\t\t\t\t<\/div>\n\t\t\t\t\t<\/div>\n\t\t\t\t<\/div>\n\t\t\t\t\n\t\t\t\t<div class=\"pk-post-inner\">\n\t\t\t\t\t<header>\n\t\t\t\t\t\t<h3 class=\"pk-title\"><a href=\"https:\/\/webdelmaestrocmf.com\/portal\/jose-antonio-marina-si-no-teneis-pensamiento-critico-o-si-no-hay-pensamiento-critico-la-manipulacion-va-a-ser-muy-sencilla\/\" rel=\"bookmark\">Jos\u00e9 Antonio Marina: Si no ten\u00e9is pensamiento cr\u00edtico, o si no hay pensamiento cr\u00edtico, la manipulaci\u00f3n va a ser muy sencilla<\/a><\/h3>\t\t\t\t\t<\/header><!-- .entry-header -->\n\t\t\t\t<\/div><!-- .post-inner -->\n\n\t\t\t<\/div><!-- .post-outer -->\n\t\t<\/article>\n\t\t\t\t<\/div>\n\t\t<\/div>\n\t\t\n","protected":false},"excerpt":{"rendered":"Bob Lenz es el Director del Instituto Buck para la Educaci\u00f3n, y reconocido l\u00edder en el redise\u00f1o de&hellip;","protected":false},"author":2,"featured_media":43856,"comment_status":"open","ping_status":"open","sticky":false,"template":"","format":"standard","meta":{"csco_display_header_overlay":false,"csco_singular_sidebar":"disabled","csco_page_header_type":"standard","csco_page_load_nextpost":"default","csco_post_video_location":[],"csco_post_video_location_hash":"","csco_post_video_url":"","csco_post_video_bg_start_time":0,"csco_post_video_bg_end_time":0,"csco_post_video_bg_volume":false,"_jetpack_memberships_contains_paid_content":false,"footnotes":""},"categories":[48,47],"tags":[2116,2117,95,867,201,1810],"class_list":{"0":"post-17623","1":"post","2":"type-post","3":"status-publish","4":"format-standard","5":"has-post-thumbnail","7":"category-entrevistas","8":"category-noticias","9":"tag-bob-lenz","10":"tag-cambia","11":"tag-colegios","12":"tag-ensenanza","13":"tag-mundo","14":"tag-tradicional","15":"cs-entry","16":"cs-video-wrap"},"yoast_head":"<!-- This site is optimized with the Yoast SEO plugin v27.5 - https:\/\/yoast.com\/product\/yoast-seo-wordpress\/ -->\n<title>Bob Lenz: El mundo ha cambiado, pero los colegios no<\/title>\n<meta name=\"description\" content=\"Bob Lenz es el Director del Instituto Buck para la Educaci\u00f3n, y reconocido l\u00edder en el redise\u00f1o de la escuela secundaria, el aprendizaje basado en...\" \/>\n<meta name=\"robots\" content=\"index, follow, max-snippet:-1, max-image-preview:large, max-video-preview:-1\" \/>\n<link rel=\"canonical\" href=\"https:\/\/webdelmaestrocmf.com\/portal\/bob-lenz-el-mundo-ha-cambiado-pero-los-colegios-no\/\" \/>\n<meta property=\"og:locale\" content=\"es_ES\" \/>\n<meta property=\"og:type\" content=\"article\" \/>\n<meta property=\"og:title\" content=\"Bob Lenz: El mundo ha cambiado, pero los colegios no\" \/>\n<meta property=\"og:description\" content=\"Bob Lenz es el Director del Instituto Buck para la Educaci\u00f3n, y reconocido l\u00edder en el redise\u00f1o de la escuela secundaria, el aprendizaje basado en...\" \/>\n<meta property=\"og:url\" content=\"https:\/\/webdelmaestrocmf.com\/portal\/bob-lenz-el-mundo-ha-cambiado-pero-los-colegios-no\/\" \/>\n<meta property=\"og:site_name\" content=\"Web del Maestro CMF\" \/>\n<meta property=\"article:publisher\" content=\"https:\/\/www.facebook.com\/WebdelMaestroCMF\/\" \/>\n<meta property=\"article:author\" content=\"https:\/\/www.facebook.com\/WebdelMaestroCMF\/\" \/>\n<meta property=\"article:published_time\" content=\"2020-02-02T23:33:04+00:00\" \/>\n<meta property=\"article:modified_time\" content=\"2020-02-03T14:52:55+00:00\" \/>\n<meta property=\"og:image\" content=\"https:\/\/i0.wp.com\/webdelmaestrocmf.com\/portal\/wp-content\/uploads\/2018\/03\/2-5.jpg?fit=1100%2C680&ssl=1\" \/>\n\t<meta property=\"og:image:width\" content=\"1100\" \/>\n\t<meta property=\"og:image:height\" content=\"680\" \/>\n\t<meta property=\"og:image:type\" content=\"image\/jpeg\" \/>\n<meta name=\"author\" content=\"Web del Maestro CMF\" \/>\n<meta name=\"twitter:card\" content=\"summary_large_image\" \/>\n<meta name=\"twitter:creator\" content=\"@cmf_w\" \/>\n<meta name=\"twitter:site\" content=\"@cmf_w\" \/>\n<script type=\"application\/ld+json\" class=\"yoast-schema-graph\">{\"@context\":\"https:\\\/\\\/schema.org\",\"@graph\":[{\"@type\":\"ScholarlyArticle\",\"@id\":\"https:\\\/\\\/webdelmaestrocmf.com\\\/portal\\\/bob-lenz-el-mundo-ha-cambiado-pero-los-colegios-no\\\/#article\",\"isPartOf\":{\"@id\":\"https:\\\/\\\/webdelmaestrocmf.com\\\/portal\\\/bob-lenz-el-mundo-ha-cambiado-pero-los-colegios-no\\\/\"},\"author\":{\"name\":\"Web del Maestro CMF\",\"@id\":\"https:\\\/\\\/webdelmaestrocmf.com\\\/portal\\\/#\\\/schema\\\/person\\\/ebc57e23d318c9c4270c6f41367015b5\"},\"headline\":\"Bob Lenz: El mundo ha cambiado, pero los colegios no\",\"datePublished\":\"2020-02-02T23:33:04+00:00\",\"dateModified\":\"2020-02-03T14:52:55+00:00\",\"mainEntityOfPage\":{\"@id\":\"https:\\\/\\\/webdelmaestrocmf.com\\\/portal\\\/bob-lenz-el-mundo-ha-cambiado-pero-los-colegios-no\\\/\"},\"wordCount\":667,\"commentCount\":0,\"publisher\":{\"@id\":\"https:\\\/\\\/webdelmaestrocmf.com\\\/portal\\\/#organization\"},\"image\":{\"@id\":\"https:\\\/\\\/webdelmaestrocmf.com\\\/portal\\\/bob-lenz-el-mundo-ha-cambiado-pero-los-colegios-no\\\/#primaryimage\"},\"thumbnailUrl\":\"https:\\\/\\\/webdelmaestrocmf.com\\\/portal\\\/wp-content\\\/uploads\\\/2018\\\/03\\\/2-5.jpg\",\"keywords\":[\"BOB LENZ\",\"cambia\",\"Colegios\",\"ENSE\u00d1ANZA\",\"Mundo\",\"TRADICIONAL\"],\"articleSection\":[\"Entrevistas\",\"Noticias\"],\"inLanguage\":\"es\",\"potentialAction\":[{\"@type\":\"CommentAction\",\"name\":\"Comment\",\"target\":[\"https:\\\/\\\/webdelmaestrocmf.com\\\/portal\\\/bob-lenz-el-mundo-ha-cambiado-pero-los-colegios-no\\\/#respond\"]}]},{\"@type\":\"WebPage\",\"@id\":\"https:\\\/\\\/webdelmaestrocmf.com\\\/portal\\\/bob-lenz-el-mundo-ha-cambiado-pero-los-colegios-no\\\/\",\"url\":\"https:\\\/\\\/webdelmaestrocmf.com\\\/portal\\\/bob-lenz-el-mundo-ha-cambiado-pero-los-colegios-no\\\/\",\"name\":\"Bob Lenz: El mundo ha cambiado, pero los colegios no\",\"isPartOf\":{\"@id\":\"https:\\\/\\\/webdelmaestrocmf.com\\\/portal\\\/#website\"},\"primaryImageOfPage\":{\"@id\":\"https:\\\/\\\/webdelmaestrocmf.com\\\/portal\\\/bob-lenz-el-mundo-ha-cambiado-pero-los-colegios-no\\\/#primaryimage\"},\"image\":{\"@id\":\"https:\\\/\\\/webdelmaestrocmf.com\\\/portal\\\/bob-lenz-el-mundo-ha-cambiado-pero-los-colegios-no\\\/#primaryimage\"},\"thumbnailUrl\":\"https:\\\/\\\/webdelmaestrocmf.com\\\/portal\\\/wp-content\\\/uploads\\\/2018\\\/03\\\/2-5.jpg\",\"datePublished\":\"2020-02-02T23:33:04+00:00\",\"dateModified\":\"2020-02-03T14:52:55+00:00\",\"description\":\"Bob Lenz es el Director del Instituto Buck para la Educaci\u00f3n, y reconocido l\u00edder en el redise\u00f1o de la escuela secundaria, el aprendizaje basado en...\",\"breadcrumb\":{\"@id\":\"https:\\\/\\\/webdelmaestrocmf.com\\\/portal\\\/bob-lenz-el-mundo-ha-cambiado-pero-los-colegios-no\\\/#breadcrumb\"},\"inLanguage\":\"es\",\"potentialAction\":[{\"@type\":\"ReadAction\",\"target\":[\"https:\\\/\\\/webdelmaestrocmf.com\\\/portal\\\/bob-lenz-el-mundo-ha-cambiado-pero-los-colegios-no\\\/\"]}]},{\"@type\":\"ImageObject\",\"inLanguage\":\"es\",\"@id\":\"https:\\\/\\\/webdelmaestrocmf.com\\\/portal\\\/bob-lenz-el-mundo-ha-cambiado-pero-los-colegios-no\\\/#primaryimage\",\"url\":\"https:\\\/\\\/webdelmaestrocmf.com\\\/portal\\\/wp-content\\\/uploads\\\/2018\\\/03\\\/2-5.jpg\",\"contentUrl\":\"https:\\\/\\\/webdelmaestrocmf.com\\\/portal\\\/wp-content\\\/uploads\\\/2018\\\/03\\\/2-5.jpg\",\"width\":1100,\"height\":680},{\"@type\":\"BreadcrumbList\",\"@id\":\"https:\\\/\\\/webdelmaestrocmf.com\\\/portal\\\/bob-lenz-el-mundo-ha-cambiado-pero-los-colegios-no\\\/#breadcrumb\",\"itemListElement\":[{\"@type\":\"ListItem\",\"position\":1,\"name\":\"Portada\",\"item\":\"https:\\\/\\\/webdelmaestrocmf.com\\\/portal\\\/\"},{\"@type\":\"ListItem\",\"position\":2,\"name\":\"Noticias\",\"item\":\"https:\\\/\\\/webdelmaestrocmf.com\\\/portal\\\/category\\\/noticias\\\/\"},{\"@type\":\"ListItem\",\"position\":3,\"name\":\"Bob Lenz: El mundo ha cambiado, pero los colegios no\"}]},{\"@type\":\"WebSite\",\"@id\":\"https:\\\/\\\/webdelmaestrocmf.com\\\/portal\\\/#website\",\"url\":\"https:\\\/\\\/webdelmaestrocmf.com\\\/portal\\\/\",\"name\":\"Web del Maestro CMF\",\"description\":\"Maestros al servicio de la educaci\u00f3n\",\"publisher\":{\"@id\":\"https:\\\/\\\/webdelmaestrocmf.com\\\/portal\\\/#organization\"},\"alternateName\":\"WMCMF\",\"potentialAction\":[{\"@type\":\"SearchAction\",\"target\":{\"@type\":\"EntryPoint\",\"urlTemplate\":\"https:\\\/\\\/webdelmaestrocmf.com\\\/portal\\\/?s={search_term_string}\"},\"query-input\":{\"@type\":\"PropertyValueSpecification\",\"valueRequired\":true,\"valueName\":\"search_term_string\"}}],\"inLanguage\":\"es\"},{\"@type\":\"Organization\",\"@id\":\"https:\\\/\\\/webdelmaestrocmf.com\\\/portal\\\/#organization\",\"name\":\"Web del Maestro CMF\",\"alternateName\":\"WMCMF\",\"url\":\"https:\\\/\\\/webdelmaestrocmf.com\\\/portal\\\/\",\"logo\":{\"@type\":\"ImageObject\",\"inLanguage\":\"es\",\"@id\":\"https:\\\/\\\/webdelmaestrocmf.com\\\/portal\\\/#\\\/schema\\\/logo\\\/image\\\/\",\"url\":\"https:\\\/\\\/webdelmaestrocmf.com\\\/portal\\\/wp-content\\\/uploads\\\/2023\\\/01\\\/logo-wmcmf-2.png\",\"contentUrl\":\"https:\\\/\\\/webdelmaestrocmf.com\\\/portal\\\/wp-content\\\/uploads\\\/2023\\\/01\\\/logo-wmcmf-2.png\",\"width\":200,\"height\":60,\"caption\":\"Web del Maestro CMF\"},\"image\":{\"@id\":\"https:\\\/\\\/webdelmaestrocmf.com\\\/portal\\\/#\\\/schema\\\/logo\\\/image\\\/\"},\"sameAs\":[\"https:\\\/\\\/www.facebook.com\\\/WebdelMaestroCMF\\\/\",\"https:\\\/\\\/x.com\\\/cmf_w\",\"https:\\\/\\\/www.pinterest.com\\\/WMCMF\\\/\",\"https:\\\/\\\/www.linkedin.com\\\/company\\\/web-del-maestro-cmf\\\/\",\"https:\\\/\\\/www.instagram.com\\\/wmcmf\\\/\",\"https:\\\/\\\/www.youtube.com\\\/channel\\\/UCDPSvjbdodE5sHnC3OxutHw\",\"https:\\\/\\\/mastodon.social\\\/@wmcmf\",\"https:\\\/\\\/www.tiktok.com\\\/@webdelmaestrocmf\"]},{\"@type\":\"Person\",\"@id\":\"https:\\\/\\\/webdelmaestrocmf.com\\\/portal\\\/#\\\/schema\\\/person\\\/ebc57e23d318c9c4270c6f41367015b5\",\"name\":\"Web del Maestro CMF\",\"image\":{\"@type\":\"ImageObject\",\"inLanguage\":\"es\",\"@id\":\"https:\\\/\\\/secure.gravatar.com\\\/avatar\\\/718b2df46e711f63dc8c16a160d16cc0104e961fe3c231eaaed2426975fc5e2d?s=96&d=mm&r=g\",\"url\":\"https:\\\/\\\/secure.gravatar.com\\\/avatar\\\/718b2df46e711f63dc8c16a160d16cc0104e961fe3c231eaaed2426975fc5e2d?s=96&d=mm&r=g\",\"contentUrl\":\"https:\\\/\\\/secure.gravatar.com\\\/avatar\\\/718b2df46e711f63dc8c16a160d16cc0104e961fe3c231eaaed2426975fc5e2d?s=96&d=mm&r=g\",\"caption\":\"Web del Maestro CMF\"},\"description\":\"Esta Web se cre\u00f3 sin fines de lucro, con fines educativos, cient\u00edficos y acad\u00e9micos, para personas que tengan dificultades y\\\/o inconvenientes en visualizar el material original. El objetivo es entregar recursos, compartir experiencias y materiales que ayuden a los padres de familia, maestros y estudiantes en su actualizaci\u00f3n y formaci\u00f3n permanente, en bien de la Educaci\u00f3n.\",\"sameAs\":[\"http:\\\/\\\/webdelmaestrocmf.com\\\/portal\",\"https:\\\/\\\/www.facebook.com\\\/WebdelMaestroCMF\\\/\",\"https:\\\/\\\/www.instagram.com\\\/wmcmf\\\/\",\"https:\\\/\\\/cl.linkedin.com\\\/company\\\/web-del-maestro-cmf\",\"https:\\\/\\\/www.pinterest.com\\\/WMCMF\\\/publicaciones\\\/\",\"https:\\\/\\\/x.com\\\/cmf_w\",\"https:\\\/\\\/www.youtube.com\\\/@WMCMF\"]}]}<\/script>\n<!-- \/ Yoast SEO plugin. -->","yoast_head_json":{"title":"Bob Lenz: El mundo ha cambiado, pero los colegios no","description":"Bob Lenz es el Director del Instituto Buck para la Educaci\u00f3n, y reconocido l\u00edder en el redise\u00f1o de la escuela secundaria, el aprendizaje basado en...","robots":{"index":"index","follow":"follow","max-snippet":"max-snippet:-1","max-image-preview":"max-image-preview:large","max-video-preview":"max-video-preview:-1"},"canonical":"https:\/\/webdelmaestrocmf.com\/portal\/bob-lenz-el-mundo-ha-cambiado-pero-los-colegios-no\/","og_locale":"es_ES","og_type":"article","og_title":"Bob Lenz: El mundo ha cambiado, pero los colegios no","og_description":"Bob Lenz es el Director del Instituto Buck para la Educaci\u00f3n, y reconocido l\u00edder en el redise\u00f1o de la escuela secundaria, el aprendizaje basado en...","og_url":"https:\/\/webdelmaestrocmf.com\/portal\/bob-lenz-el-mundo-ha-cambiado-pero-los-colegios-no\/","og_site_name":"Web del Maestro CMF","article_publisher":"https:\/\/www.facebook.com\/WebdelMaestroCMF\/","article_author":"https:\/\/www.facebook.com\/WebdelMaestroCMF\/","article_published_time":"2020-02-02T23:33:04+00:00","article_modified_time":"2020-02-03T14:52:55+00:00","og_image":[{"width":1100,"height":680,"url":"https:\/\/i0.wp.com\/webdelmaestrocmf.com\/portal\/wp-content\/uploads\/2018\/03\/2-5.jpg?fit=1100%2C680&ssl=1","type":"image\/jpeg"}],"author":"Web del Maestro CMF","twitter_card":"summary_large_image","twitter_creator":"@cmf_w","twitter_site":"@cmf_w","schema":{"@context":"https:\/\/schema.org","@graph":[{"@type":"ScholarlyArticle","@id":"https:\/\/webdelmaestrocmf.com\/portal\/bob-lenz-el-mundo-ha-cambiado-pero-los-colegios-no\/#article","isPartOf":{"@id":"https:\/\/webdelmaestrocmf.com\/portal\/bob-lenz-el-mundo-ha-cambiado-pero-los-colegios-no\/"},"author":{"name":"Web del Maestro CMF","@id":"https:\/\/webdelmaestrocmf.com\/portal\/#\/schema\/person\/ebc57e23d318c9c4270c6f41367015b5"},"headline":"Bob Lenz: El mundo ha cambiado, pero los colegios no","datePublished":"2020-02-02T23:33:04+00:00","dateModified":"2020-02-03T14:52:55+00:00","mainEntityOfPage":{"@id":"https:\/\/webdelmaestrocmf.com\/portal\/bob-lenz-el-mundo-ha-cambiado-pero-los-colegios-no\/"},"wordCount":667,"commentCount":0,"publisher":{"@id":"https:\/\/webdelmaestrocmf.com\/portal\/#organization"},"image":{"@id":"https:\/\/webdelmaestrocmf.com\/portal\/bob-lenz-el-mundo-ha-cambiado-pero-los-colegios-no\/#primaryimage"},"thumbnailUrl":"https:\/\/webdelmaestrocmf.com\/portal\/wp-content\/uploads\/2018\/03\/2-5.jpg","keywords":["BOB LENZ","cambia","Colegios","ENSE\u00d1ANZA","Mundo","TRADICIONAL"],"articleSection":["Entrevistas","Noticias"],"inLanguage":"es","potentialAction":[{"@type":"CommentAction","name":"Comment","target":["https:\/\/webdelmaestrocmf.com\/portal\/bob-lenz-el-mundo-ha-cambiado-pero-los-colegios-no\/#respond"]}]},{"@type":"WebPage","@id":"https:\/\/webdelmaestrocmf.com\/portal\/bob-lenz-el-mundo-ha-cambiado-pero-los-colegios-no\/","url":"https:\/\/webdelmaestrocmf.com\/portal\/bob-lenz-el-mundo-ha-cambiado-pero-los-colegios-no\/","name":"Bob Lenz: El mundo ha cambiado, pero los colegios no","isPartOf":{"@id":"https:\/\/webdelmaestrocmf.com\/portal\/#website"},"primaryImageOfPage":{"@id":"https:\/\/webdelmaestrocmf.com\/portal\/bob-lenz-el-mundo-ha-cambiado-pero-los-colegios-no\/#primaryimage"},"image":{"@id":"https:\/\/webdelmaestrocmf.com\/portal\/bob-lenz-el-mundo-ha-cambiado-pero-los-colegios-no\/#primaryimage"},"thumbnailUrl":"https:\/\/webdelmaestrocmf.com\/portal\/wp-content\/uploads\/2018\/03\/2-5.jpg","datePublished":"2020-02-02T23:33:04+00:00","dateModified":"2020-02-03T14:52:55+00:00","description":"Bob Lenz es el Director del Instituto Buck para la Educaci\u00f3n, y reconocido l\u00edder en el redise\u00f1o de la escuela secundaria, el aprendizaje basado en...","breadcrumb":{"@id":"https:\/\/webdelmaestrocmf.com\/portal\/bob-lenz-el-mundo-ha-cambiado-pero-los-colegios-no\/#breadcrumb"},"inLanguage":"es","potentialAction":[{"@type":"ReadAction","target":["https:\/\/webdelmaestrocmf.com\/portal\/bob-lenz-el-mundo-ha-cambiado-pero-los-colegios-no\/"]}]},{"@type":"ImageObject","inLanguage":"es","@id":"https:\/\/webdelmaestrocmf.com\/portal\/bob-lenz-el-mundo-ha-cambiado-pero-los-colegios-no\/#primaryimage","url":"https:\/\/webdelmaestrocmf.com\/portal\/wp-content\/uploads\/2018\/03\/2-5.jpg","contentUrl":"https:\/\/webdelmaestrocmf.com\/portal\/wp-content\/uploads\/2018\/03\/2-5.jpg","width":1100,"height":680},{"@type":"BreadcrumbList","@id":"https:\/\/webdelmaestrocmf.com\/portal\/bob-lenz-el-mundo-ha-cambiado-pero-los-colegios-no\/#breadcrumb","itemListElement":[{"@type":"ListItem","position":1,"name":"Portada","item":"https:\/\/webdelmaestrocmf.com\/portal\/"},{"@type":"ListItem","position":2,"name":"Noticias","item":"https:\/\/webdelmaestrocmf.com\/portal\/category\/noticias\/"},{"@type":"ListItem","position":3,"name":"Bob Lenz: El mundo ha cambiado, pero los colegios no"}]},{"@type":"WebSite","@id":"https:\/\/webdelmaestrocmf.com\/portal\/#website","url":"https:\/\/webdelmaestrocmf.com\/portal\/","name":"Web del Maestro CMF","description":"Maestros al servicio de la educaci\u00f3n","publisher":{"@id":"https:\/\/webdelmaestrocmf.com\/portal\/#organization"},"alternateName":"WMCMF","potentialAction":[{"@type":"SearchAction","target":{"@type":"EntryPoint","urlTemplate":"https:\/\/webdelmaestrocmf.com\/portal\/?s={search_term_string}"},"query-input":{"@type":"PropertyValueSpecification","valueRequired":true,"valueName":"search_term_string"}}],"inLanguage":"es"},{"@type":"Organization","@id":"https:\/\/webdelmaestrocmf.com\/portal\/#organization","name":"Web del Maestro CMF","alternateName":"WMCMF","url":"https:\/\/webdelmaestrocmf.com\/portal\/","logo":{"@type":"ImageObject","inLanguage":"es","@id":"https:\/\/webdelmaestrocmf.com\/portal\/#\/schema\/logo\/image\/","url":"https:\/\/webdelmaestrocmf.com\/portal\/wp-content\/uploads\/2023\/01\/logo-wmcmf-2.png","contentUrl":"https:\/\/webdelmaestrocmf.com\/portal\/wp-content\/uploads\/2023\/01\/logo-wmcmf-2.png","width":200,"height":60,"caption":"Web del Maestro CMF"},"image":{"@id":"https:\/\/webdelmaestrocmf.com\/portal\/#\/schema\/logo\/image\/"},"sameAs":["https:\/\/www.facebook.com\/WebdelMaestroCMF\/","https:\/\/x.com\/cmf_w","https:\/\/www.pinterest.com\/WMCMF\/","https:\/\/www.linkedin.com\/company\/web-del-maestro-cmf\/","https:\/\/www.instagram.com\/wmcmf\/","https:\/\/www.youtube.com\/channel\/UCDPSvjbdodE5sHnC3OxutHw","https:\/\/mastodon.social\/@wmcmf","https:\/\/www.tiktok.com\/@webdelmaestrocmf"]},{"@type":"Person","@id":"https:\/\/webdelmaestrocmf.com\/portal\/#\/schema\/person\/ebc57e23d318c9c4270c6f41367015b5","name":"Web del Maestro CMF","image":{"@type":"ImageObject","inLanguage":"es","@id":"https:\/\/secure.gravatar.com\/avatar\/718b2df46e711f63dc8c16a160d16cc0104e961fe3c231eaaed2426975fc5e2d?s=96&d=mm&r=g","url":"https:\/\/secure.gravatar.com\/avatar\/718b2df46e711f63dc8c16a160d16cc0104e961fe3c231eaaed2426975fc5e2d?s=96&d=mm&r=g","contentUrl":"https:\/\/secure.gravatar.com\/avatar\/718b2df46e711f63dc8c16a160d16cc0104e961fe3c231eaaed2426975fc5e2d?s=96&d=mm&r=g","caption":"Web del Maestro CMF"},"description":"Esta Web se cre\u00f3 sin fines de lucro, con fines educativos, cient\u00edficos y acad\u00e9micos, para personas que tengan dificultades y\/o inconvenientes en visualizar el material original. El objetivo es entregar recursos, compartir experiencias y materiales que ayuden a los padres de familia, maestros y estudiantes en su actualizaci\u00f3n y formaci\u00f3n permanente, en bien de la Educaci\u00f3n.","sameAs":["http:\/\/webdelmaestrocmf.com\/portal","https:\/\/www.facebook.com\/WebdelMaestroCMF\/","https:\/\/www.instagram.com\/wmcmf\/","https:\/\/cl.linkedin.com\/company\/web-del-maestro-cmf","https:\/\/www.pinterest.com\/WMCMF\/publicaciones\/","https:\/\/x.com\/cmf_w","https:\/\/www.youtube.com\/@WMCMF"]}]}},"jetpack_featured_media_url":"https:\/\/webdelmaestrocmf.com\/portal\/wp-content\/uploads\/2018\/03\/2-5.jpg","jetpack_sharing_enabled":true,"jetpack-related-posts":[{"id":114369,"url":"https:\/\/webdelmaestrocmf.com\/portal\/el-aprendizaje-situado-frente-a-la-ensenanza-tradicional\/","url_meta":{"origin":17623,"position":0},"title":"El aprendizaje situado frente a la ense\u00f1anza tradicional","author":"Web del Maestro CMF","date":"29 diciembre, 2025","format":false,"excerpt":"El aprendizaje situado se fundamenta en Vygotsky y su teor\u00eda sociocultural, donde entorno social y colaboraci\u00f3n posibilitan adquirir cultura humana.","rel":"","context":"En \u00abAprendizaje situado\u00bb","block_context":{"text":"Aprendizaje situado","link":"https:\/\/webdelmaestrocmf.com\/portal\/category\/pedagogia\/aprendizaje-situado\/"},"img":{"alt_text":"","src":"https:\/\/i0.wp.com\/webdelmaestrocmf.com\/portal\/wp-content\/uploads\/2025\/12\/1A-Banner-1-portada-imagen-10-1-copia-5-2.webp?resize=350%2C200&ssl=1","width":350,"height":200,"srcset":"https:\/\/i0.wp.com\/webdelmaestrocmf.com\/portal\/wp-content\/uploads\/2025\/12\/1A-Banner-1-portada-imagen-10-1-copia-5-2.webp?resize=350%2C200&ssl=1 1x, https:\/\/i0.wp.com\/webdelmaestrocmf.com\/portal\/wp-content\/uploads\/2025\/12\/1A-Banner-1-portada-imagen-10-1-copia-5-2.webp?resize=525%2C300&ssl=1 1.5x, https:\/\/i0.wp.com\/webdelmaestrocmf.com\/portal\/wp-content\/uploads\/2025\/12\/1A-Banner-1-portada-imagen-10-1-copia-5-2.webp?resize=700%2C400&ssl=1 2x"},"classes":[]},{"id":102686,"url":"https:\/\/webdelmaestrocmf.com\/portal\/que-es-ensenar-por-competencias-en-la-educacion-basica\/","url_meta":{"origin":17623,"position":1},"title":"\u00bfQu\u00e9 es ense\u00f1ar por competencias en la Educaci\u00f3n B\u00e1sica?","author":"Web del Maestro CMF","date":"16 enero, 2024","format":false,"excerpt":"Ense\u00f1ar por competencias en la Educaci\u00f3n B\u00e1sica es un enfoque pedag\u00f3gico que busca que los estudiantes desarrollen las capacidades necesarias para enfrentar los desaf\u00edos de la vida cotidiana, tanto en el \u00e1mbito personal como profesional. Este enfoque se basa en la idea de que el aprendizaje debe ser significativo para\u2026","rel":"","context":"En \u00abCompetencias\u00bb","block_context":{"text":"Competencias","link":"https:\/\/webdelmaestrocmf.com\/portal\/category\/pedagogia\/competencias\/"},"img":{"alt_text":"","src":"https:\/\/i0.wp.com\/webdelmaestrocmf.com\/portal\/wp-content\/uploads\/2024\/01\/Banner-1-portada-imagen-10-5.jpg?resize=350%2C200&ssl=1","width":350,"height":200,"srcset":"https:\/\/i0.wp.com\/webdelmaestrocmf.com\/portal\/wp-content\/uploads\/2024\/01\/Banner-1-portada-imagen-10-5.jpg?resize=350%2C200&ssl=1 1x, https:\/\/i0.wp.com\/webdelmaestrocmf.com\/portal\/wp-content\/uploads\/2024\/01\/Banner-1-portada-imagen-10-5.jpg?resize=525%2C300&ssl=1 1.5x, https:\/\/i0.wp.com\/webdelmaestrocmf.com\/portal\/wp-content\/uploads\/2024\/01\/Banner-1-portada-imagen-10-5.jpg?resize=700%2C400&ssl=1 2x"},"classes":[]},{"id":91306,"url":"https:\/\/webdelmaestrocmf.com\/portal\/educacion-steam-que-es-barreras-y-como-implementarlo-en-el-aula\/","url_meta":{"origin":17623,"position":2},"title":"Educaci\u00f3n STEAM: \u00bfQu\u00e9 es? \u00bfBarreras? y \u00bfC\u00f3mo implementarlo en el aula?","author":"Web del Maestro CMF","date":"3 agosto, 2023","format":false,"excerpt":"Surgido en EEUU, la educaci\u00f3n STEAM \u2014Science, Technology, Engineering and Mathematics (Ciencia, Tecnolog\u00eda, Ingenier\u00eda y Matem\u00e1ticas)\u2014 es un enfoque pedag\u00f3gico que apunta a resoluci\u00f3n de problemas. El modelo promueve la independencia de los estudiantes en pos de hacer del aula una comunidad de aprendizaje. Est\u00e1 inspirado en el trabajo colaborativo\u2026","rel":"","context":"En \u00abRecursos\u00bb","block_context":{"text":"Recursos","link":"https:\/\/webdelmaestrocmf.com\/portal\/category\/pedagogia\/"},"img":{"alt_text":"","src":"https:\/\/i0.wp.com\/webdelmaestrocmf.com\/portal\/wp-content\/uploads\/2023\/08\/A12B3C4D-49.jpg?resize=350%2C200&ssl=1","width":350,"height":200,"srcset":"https:\/\/i0.wp.com\/webdelmaestrocmf.com\/portal\/wp-content\/uploads\/2023\/08\/A12B3C4D-49.jpg?resize=350%2C200&ssl=1 1x, https:\/\/i0.wp.com\/webdelmaestrocmf.com\/portal\/wp-content\/uploads\/2023\/08\/A12B3C4D-49.jpg?resize=525%2C300&ssl=1 1.5x, https:\/\/i0.wp.com\/webdelmaestrocmf.com\/portal\/wp-content\/uploads\/2023\/08\/A12B3C4D-49.jpg?resize=700%2C400&ssl=1 2x"},"classes":[]},{"id":107867,"url":"https:\/\/webdelmaestrocmf.com\/portal\/las-7-materias-claves-que-deberian-ensenarse-en-la-escuela\/","url_meta":{"origin":17623,"position":3},"title":"Las 7 materias claves que deber\u00edan reforzar en la escuela","author":"Web del Maestro CMF","date":"7 febrero, 2025","format":false,"excerpt":"La educaci\u00f3n tiene el poder de cambiar sociedades, transformar vidas y definir el futuro de un pa\u00eds. Sin embargo, nuestros sistemas educativos siguen aferrados a modelos tradicionales que no preparan realmente a los estudiantes para la vida moderna. \u00bfQu\u00e9 pasar\u00eda si replante\u00e1ramos la ense\u00f1anza y nos enfoc\u00e1ramos en los temas\u2026","rel":"","context":"En \u00abCursos\u00bb","block_context":{"text":"Cursos","link":"https:\/\/webdelmaestrocmf.com\/portal\/category\/cursos\/"},"img":{"alt_text":"","src":"https:\/\/i0.wp.com\/webdelmaestrocmf.com\/portal\/wp-content\/uploads\/2025\/02\/1A-Banner-1-portada-imagen-10-1-2.jpg?resize=350%2C200&ssl=1","width":350,"height":200,"srcset":"https:\/\/i0.wp.com\/webdelmaestrocmf.com\/portal\/wp-content\/uploads\/2025\/02\/1A-Banner-1-portada-imagen-10-1-2.jpg?resize=350%2C200&ssl=1 1x, https:\/\/i0.wp.com\/webdelmaestrocmf.com\/portal\/wp-content\/uploads\/2025\/02\/1A-Banner-1-portada-imagen-10-1-2.jpg?resize=525%2C300&ssl=1 1.5x, https:\/\/i0.wp.com\/webdelmaestrocmf.com\/portal\/wp-content\/uploads\/2025\/02\/1A-Banner-1-portada-imagen-10-1-2.jpg?resize=700%2C400&ssl=1 2x"},"classes":[]},{"id":88979,"url":"https:\/\/webdelmaestrocmf.com\/portal\/jennifer-d-klein-lo-ideal-es-que-los-estudiantes-manejen-el-80-por-ciento-de-la-clase-y-el-profesor-el-20-por-ciento\/","url_meta":{"origin":17623,"position":4},"title":"Jennifer D. Klein: Lo ideal es que los estudiantes manejen el 80 por ciento de la clase y el profesor, el 20 por ciento","author":"Web del Maestro CMF","date":"29 octubre, 2023","format":false,"excerpt":"La licenciada Jennifer D. Klein estudi\u00f3 en el Bard College de Annandale-on-Hudson, Nueva York (USA), y tiene un m\u00e1ster en Letras por la Universidad de Colorado en Boulder, ambos en Literatura y Escritura Creativa. Adem\u00e1s, ha estudiado en la Universidad de Denver (USA). \u201cSe convirti\u00f3 en profesora durante sus estudios\u2026","rel":"","context":"En \u00abEntrevistas\u00bb","block_context":{"text":"Entrevistas","link":"https:\/\/webdelmaestrocmf.com\/portal\/category\/noticias\/entrevistas\/"},"img":{"alt_text":"Jennifer D. Klein","src":"https:\/\/i0.wp.com\/webdelmaestrocmf.com\/portal\/wp-content\/uploads\/2023\/05\/A12B3C4D-9.jpg?resize=350%2C200&ssl=1","width":350,"height":200,"srcset":"https:\/\/i0.wp.com\/webdelmaestrocmf.com\/portal\/wp-content\/uploads\/2023\/05\/A12B3C4D-9.jpg?resize=350%2C200&ssl=1 1x, https:\/\/i0.wp.com\/webdelmaestrocmf.com\/portal\/wp-content\/uploads\/2023\/05\/A12B3C4D-9.jpg?resize=525%2C300&ssl=1 1.5x, https:\/\/i0.wp.com\/webdelmaestrocmf.com\/portal\/wp-content\/uploads\/2023\/05\/A12B3C4D-9.jpg?resize=700%2C400&ssl=1 2x"},"classes":[]},{"id":53487,"url":"https:\/\/webdelmaestrocmf.com\/portal\/teorias-del-aprendizaje-mas-importantes-nuevas-y-tradicionales\/","url_meta":{"origin":17623,"position":5},"title":"Teor\u00edas del aprendizaje m\u00e1s importantes: nuevas y tradicionales","author":"Web del Maestro CMF","date":"26 octubre, 2020","format":false,"excerpt":"En la segunda d\u00e9cada de nuestro siglo, la educaci\u00f3n est\u00e1 tomando un papel cada vez m\u00e1s relevante y medi\u00e1tico, no s\u00f3lo por la aparici\u00f3n de nuevas metodolog\u00edas de trabajo m\u00e1s o menos novedosas, sino por la necesidad de adecuar \u00e9stas a las necesidades y demandas del siglo XXI. O\u00edmos hablar\u2026","rel":"","context":"En \u00abDocentes\u00bb","block_context":{"text":"Docentes","link":"https:\/\/webdelmaestrocmf.com\/portal\/category\/pedagogia\/docentes\/"},"img":{"alt_text":"Teor\u00edas","src":"https:\/\/i0.wp.com\/webdelmaestrocmf.com\/portal\/wp-content\/uploads\/2020\/10\/1-8.jpeg?resize=350%2C200&ssl=1","width":350,"height":200,"srcset":"https:\/\/i0.wp.com\/webdelmaestrocmf.com\/portal\/wp-content\/uploads\/2020\/10\/1-8.jpeg?resize=350%2C200&ssl=1 1x, https:\/\/i0.wp.com\/webdelmaestrocmf.com\/portal\/wp-content\/uploads\/2020\/10\/1-8.jpeg?resize=525%2C300&ssl=1 1.5x, https:\/\/i0.wp.com\/webdelmaestrocmf.com\/portal\/wp-content\/uploads\/2020\/10\/1-8.jpeg?resize=700%2C400&ssl=1 2x, https:\/\/i0.wp.com\/webdelmaestrocmf.com\/portal\/wp-content\/uploads\/2020\/10\/1-8.jpeg?resize=1050%2C600&ssl=1 3x"},"classes":[]}],"_links":{"self":[{"href":"https:\/\/webdelmaestrocmf.com\/portal\/wp-json\/wp\/v2\/posts\/17623","targetHints":{"allow":["GET"]}}],"collection":[{"href":"https:\/\/webdelmaestrocmf.com\/portal\/wp-json\/wp\/v2\/posts"}],"about":[{"href":"https:\/\/webdelmaestrocmf.com\/portal\/wp-json\/wp\/v2\/types\/post"}],"author":[{"embeddable":true,"href":"https:\/\/webdelmaestrocmf.com\/portal\/wp-json\/wp\/v2\/users\/2"}],"replies":[{"embeddable":true,"href":"https:\/\/webdelmaestrocmf.com\/portal\/wp-json\/wp\/v2\/comments?post=17623"}],"version-history":[{"count":0,"href":"https:\/\/webdelmaestrocmf.com\/portal\/wp-json\/wp\/v2\/posts\/17623\/revisions"}],"wp:featuredmedia":[{"embeddable":true,"href":"https:\/\/webdelmaestrocmf.com\/portal\/wp-json\/wp\/v2\/media\/43856"}],"wp:attachment":[{"href":"https:\/\/webdelmaestrocmf.com\/portal\/wp-json\/wp\/v2\/media?parent=17623"}],"wp:term":[{"taxonomy":"category","embeddable":true,"href":"https:\/\/webdelmaestrocmf.com\/portal\/wp-json\/wp\/v2\/categories?post=17623"},{"taxonomy":"post_tag","embeddable":true,"href":"https:\/\/webdelmaestrocmf.com\/portal\/wp-json\/wp\/v2\/tags?post=17623"}],"curies":[{"name":"wp","href":"https:\/\/api.w.org\/{rel}","templated":true}]}}