{"id":17499,"date":"2024-11-25T12:00:55","date_gmt":"2024-11-25T15:00:55","guid":{"rendered":"http:\/\/webdelmaestrocmf.com\/portal\/?p=17499"},"modified":"2024-11-25T12:12:50","modified_gmt":"2024-11-25T15:12:50","slug":"como-motivar-a-un-docente","status":"publish","type":"post","link":"https:\/\/webdelmaestrocmf.com\/portal\/como-motivar-a-un-docente\/","title":{"rendered":"\u00bfC\u00f3mo motivar a un docente? Claves para favorecer la motivaci\u00f3n"},"content":{"rendered":"<h5 style=\"text-align: justify;\">La motivaci\u00f3n del docente es clave para una pol\u00edtica educativa de calidad. Los expertos aseguran que lograr excelentes resultados en el sistema educativo depende de tener un profesorado preparado y motivado.<\/h5>\n<h5 style=\"text-align: justify;\">Hemos detenido en 5 aspectos que pueden mejorar en la sociedad para que el sector educativo tenga m\u00e1s motivaci\u00f3n.<\/h5>\n<p><!--more--><\/p>\n<p style=\"text-align: justify;\">Compartimos la siguiente\u00a0entrada del portal<strong> \u201cMotivaci\u00f3n y m\u00e1s\u201d <\/strong>escrito por\u00a0Adri\u00e1n D\u00edaz-Caneja\u00a0con fines \u00fanicamente educativos \u2013 pastorales.<\/p>\n<h5><strong>\u00bfQu\u00e9 hace falta para motivar a los profesores?<\/strong><\/h5>\n<h5>1. RECONOCIMIENTO SOCIAL<\/h5>\n<p style=\"text-align: justify;\">Entre la mayor\u00eda de los profesores consultados hay consenso, lo primero que se necesita para que el sector educativo est\u00e9 m\u00e1s motivado es aumentar su reconocimiento social. Hace a\u00f1os, aseguran, <strong>el maestro ten\u00eda mucho m\u00e1s peso<\/strong>.<\/p>\n<p style=\"text-align: justify;\">Silvia Izquierdo es profesora interina de lengua extranjera en el sistema p\u00fablico. Asegura que si la sociedad no valora el trabajo que desarrollan, la labor educativa se traba. Miguel \u00c1ngel Baile, diplomado en magisterio musical, sugiere seguir el ejemplo de pa\u00edses como Finlandia. Es decir, tener al profesor como \u201cuna <strong>figura de autoridad<\/strong>, para fomentar el respeto social y el respeto que reciben en el \u00e1mbito educativo\u201d.<\/p>\n<p style=\"text-align: justify;\">Ese <strong>reconocimiento<\/strong> social es algo que debe empezar <strong>en el propio centro<\/strong>. As\u00ed lo asegura Isabel Rub\u00edn de Cel\u00eds, profesora de primaria en un centro p\u00fablico. Tras 23 a\u00f1os de labor docente, Isabel considera que el equipo directivo del colegio o instituto tiene que hacer que el profesor \u201cnote que est\u00e1 realizando bien su labor\u201d.<\/p>\n<h5>2. CONFIANZA EN SU LABOR<\/h5>\n<p style=\"text-align: justify;\">Luc\u00eda Villegas es profesora de lengua extranjera en educaci\u00f3n secundaria. Realiza su labor en un centro privado y reclama \u201cabandonar los prejuicios sobre que los profesores no trabajan y est\u00e1n poco cualificados\u201d. Cree que<strong> la sociedad debe tener m\u00e1s seguridad en su labor<\/strong>: \u201csi no se desconf\u00eda del ingeniero que est\u00e1 dise\u00f1ando una obra, \u00bfpor qu\u00e9 s\u00ed del que da clases en un colegio?\u201d.<\/p>\n<p style=\"text-align: justify;\">Isabel Rub\u00edn de Celis asegura que hay que concienciarse de que los profesores buscan lo mejor para sus alumnos y que les satisface ver a un ni\u00f1o avanzar en el instituto o la universidad. En esa l\u00ednea Villegas a\u00f1ade que \u201clo que hace <strong>el profesor es siempre por el bien del alumno<\/strong>\u201d.<\/p>\n<h5>3. APOYO DESDE LA FAMILIA<\/h5>\n<p style=\"text-align: justify;\">Isabel echa de menos una posici\u00f3n m\u00e1s cercana por parte de las familias, que no se vea al profesor \u201ccomo el enemigo\u201d, ya que la labor educativa es algo compartido por padres y maestros. Y matiza \u201cno se trata s\u00f3lo de que no nos quiten la raz\u00f3n, si no de que vean que queremos lo mejor para nuestros alumnos igual que ellos lo quieren como padres\u201d.<\/p>\n<p style=\"text-align: justify;\">Se busca una participaci\u00f3n activa de las familias \u201cpara que el trabajo del profesor no sea aislado.<\/p>\n<p><img loading=\"lazy\" decoding=\"async\" class=\"alignnone size-large wp-image-82537\" src=\"https:\/\/webdelmaestrocmf.com\/portal\/wp-content\/uploads\/2021\/02\/1-34-1024x521.jpg\" alt=\"\" width=\"1024\" height=\"521\" srcset=\"https:\/\/webdelmaestrocmf.com\/portal\/wp-content\/uploads\/2021\/02\/1-34-1024x521.jpg 1024w, https:\/\/webdelmaestrocmf.com\/portal\/wp-content\/uploads\/2021\/02\/1-34-300x153.jpg 300w, https:\/\/webdelmaestrocmf.com\/portal\/wp-content\/uploads\/2021\/02\/1-34-768x390.jpg 768w, https:\/\/webdelmaestrocmf.com\/portal\/wp-content\/uploads\/2021\/02\/1-34-380x193.jpg 380w, https:\/\/webdelmaestrocmf.com\/portal\/wp-content\/uploads\/2021\/02\/1-34-800x407.jpg 800w, https:\/\/webdelmaestrocmf.com\/portal\/wp-content\/uploads\/2021\/02\/1-34-1160x590.jpg 1160w, https:\/\/webdelmaestrocmf.com\/portal\/wp-content\/uploads\/2021\/02\/1-34.jpg 1200w\" sizes=\"auto, (max-width: 1024px) 100vw, 1024px\" \/><\/p>\n<p style=\"text-align: justify;\">En este sentido Miguel \u00c1ngel Baile exige una participaci\u00f3n activa de las familias \u201cpara que el trabajo del profesor no sea aislado\u201d. Dentro de esa implicaci\u00f3n, Silvia Izquierdo apunta algo tan sencillo como que los adultos no critiquen las decisiones de los maestros delante de los ni\u00f1os. As\u00ed, dice, se evitan gran parte de las faltas de respeto exige una participaci\u00f3n activa de las familias \u201cpara <strong>que el trabajo del profesor no sea aislado<\/strong>\u201d que los menores podr\u00edan cometer.<\/p>\n<p style=\"text-align: justify;\">Ente esas cr\u00edticas hay que hablar de los <strong>recortes<\/strong>. Izquierdo se queja de que son muchos los que malinterpretan las reivindicaciones del profesorado. Explica que no s\u00f3lo protestan por sus condiciones salariales, sino por \u201clos <strong>derechos de la escuela<\/strong>, algo que revierte en sus hijos, sobrinos\u2026\u201d.<\/p>\n<h5>4. NO A LOS CAMBIOS LEGISLATIVOS<\/h5>\n<p style=\"text-align: justify;\">Jos\u00e9 Esturillo es diplomado en magisterio musical y ha trabajado con menores durante a\u00f1os. Para una mayor motivaci\u00f3n del profesorado exige que se logre \u201cun consenso pol\u00edtico y social a la hora de elaborar las <strong>leyes educativas<\/strong>, no modific\u00e1ndolas cada vez que haya un cambio de gobierno\u201d.<\/p>\n<p style=\"text-align: justify;\">Hay que mejorar las condiciones como el ratio de alumnos por profesor o el apoyo a ni\u00f1os con necesidades educativas especiales.<\/p>\n<h5>5. MEJORAR CONDICIONES LABORALES<\/h5>\n<p style=\"text-align: justify;\">Silvia Izquierdo y Miguel \u00c1ngel Baile piden una mejora de estas condiciones, pero no s\u00f3lo hablan de sueldo. Sino del <strong>ratio de alumnos que hay por cada profesor<\/strong> o del apoyo a ni\u00f1os con necesidades educativas especiales. No poder atender debidamente a estos\u00a0\u00faltimos por la falta de medios les perjudica a ellos y, por ende, a la sociedad futura.<\/p>\n<p style=\"text-align: justify;\">Por su parte, Isabel Rub\u00edn de Cel\u00eds reclama una mayor atenci\u00f3n, econ\u00f3mica y de reconocimiento, a la<strong> formaci\u00f3n de los profesores y a las actividades extra<\/strong> que puedan realizar. Aclara que si ella quisiera \u201chacer un proyecto de investigaci\u00f3n\u201d le ser\u00eda complicado. Y cuenta como la formaci\u00f3n que realiza siempre tiene que ser fuera del horario laboral. Algo que no ocurre en muchos sectores y empresas.<\/p>\n<p><strong>Este contenido ha sido publicado originalmente por Motivaci\u00f3n y M\u00e1s\u00a0\u00a0en la\u00a0siguiente direcci\u00f3n:\u00a0<a href=\"http:\/\/www.motivacionymas.com\" target=\"_blank\" rel=\"noopener noreferrer\">motivacionymas.com<\/a><\/strong><\/p>\n<p style=\"text-align: center;\">Recomendamos a la Comunidad Educativa Digital tener en cuenta que, el enlace y\/o la carpeta en donde est\u00e1n alojados los libros, recursos y\/o materiales, no es administrado por la Web del Maestro CMF, pueda ser que en cuesti\u00f3n de d\u00edas (o seg\u00fan el tiempo transcurrido desde su publicaci\u00f3n), los enlaces no funcionen y el material ya no se encuentre disponible. Gracias por su comprensi\u00f3n.<\/p>\n<h3><span style=\"color: #000000;\">ENLACE DE LECTURA:\u00a0<\/span><\/h3>\n<p style=\"text-align: center;\">Sin desea profundizar en el tema, le recomendamos la lectura de:<\/p>\n<p style=\"text-align: center;\"><a href=\"http:\/\/dadun.unav.edu\/bitstream\/10171\/8471\/1\/Estudios%20Ed.pdf\" target=\"_blank\" rel=\"noopener noreferrer\">Claves para favorecer la motivaci\u00f3n de los profesores ante los retos educativos actuales.<\/a><\/p>\n\t\t<div class=\"pk-inline-posts\">\n\t\t\t\n\t\t\t<div class=\"pk-inline-posts-container pk-inline-posts-template-list\"\n\t\t\t\tdata-columns=\"1\">\n\t\t\t\t\t\t<article id=\"post-20592\" class=\"post-20592 post type-post status-publish format-standard has-post-thumbnail category-descarga category-descargas-manuales-pdf category-estres category-pedagogia tag-docentes tag-educadores tag-guia tag-mindfulness tag-practica cs-entry cs-video-wrap\">\n\t\t\t<div class=\"pk-post-outer\">\n\n\t\t\t\t\t\t\t\t<div class=\"pk-post-inner\">\n\t\t\t\t\t<div class=\"entry-thumbnail\">\n\t\t\t\t\t\t<div class=\"pk-overlay pk-overlay-ratio pk-ratio-landscape\">\n\t\t\t\t\t\t\t<div class=\"pk-overlay-background\">\n\t\t\t\t\t\t\t\t<a href=\"https:\/\/webdelmaestrocmf.com\/portal\/mindfulness-guia-practica-docentes-educadores\/\" class=\"pk-overlay-link\">\n\t\t\t\t\t\t\t\t\t<img loading=\"lazy\" decoding=\"async\" width=\"300\" height=\"225\" src=\"https:\/\/webdelmaestrocmf.com\/portal\/wp-content\/uploads\/2020\/03\/1AA-Banner-1-portada-imagen-10-1-copia-4-300x225.webp\" class=\"attachment-pk-thumbnail size-pk-thumbnail wp-post-image\" alt=\"\" \/>\t\t\t\t\t\t\t\t<\/a>\n\t\t\t\t\t\t\t<\/div>\n\t\t\t\t\t\t<\/div>\n\t\t\t\t\t<\/div>\n\t\t\t\t<\/div>\n\t\t\t\t\n\t\t\t\t<div class=\"pk-post-inner\">\n\t\t\t\t\t<header>\n\t\t\t\t\t\t<h3 class=\"pk-title\"><a href=\"https:\/\/webdelmaestrocmf.com\/portal\/mindfulness-guia-practica-docentes-educadores\/\" rel=\"bookmark\">Mindfulness: Gu\u00eda pr\u00e1ctica para docentes y educadores<\/a><\/h3>\t\t\t\t\t<\/header><!-- .entry-header -->\n\t\t\t\t<\/div><!-- .post-inner -->\n\n\t\t\t<\/div><!-- .post-outer -->\n\t\t<\/article>\n\t\t\t\t<\/div>\n\t\t<\/div>\n\t\t\n","protected":false},"excerpt":{"rendered":"La motivaci\u00f3n del docente es clave para una pol\u00edtica educativa de calidad. Los expertos aseguran que lograr excelentes&hellip;","protected":false},"author":1,"featured_media":107011,"comment_status":"open","ping_status":"open","sticky":false,"template":"","format":"standard","meta":{"csco_display_header_overlay":false,"csco_singular_sidebar":"default","csco_page_header_type":"default","csco_page_load_nextpost":"default","csco_post_video_location":[],"csco_post_video_location_hash":"","csco_post_video_url":"","csco_post_video_bg_start_time":0,"csco_post_video_bg_end_time":0,"csco_post_video_bg_volume":false,"_jetpack_memberships_contains_paid_content":false,"footnotes":""},"categories":[1626,735],"tags":[52,954,1282],"class_list":{"0":"post-17499","1":"post","2":"type-post","3":"status-publish","4":"format-standard","5":"has-post-thumbnail","7":"category-estres","8":"category-pedagogia","9":"tag-docente","10":"tag-motivacion","11":"tag-motivar","12":"cs-entry","13":"cs-video-wrap"},"yoast_head":"<!-- This site is optimized with the Yoast SEO plugin v27.4 - https:\/\/yoast.com\/product\/yoast-seo-wordpress\/ -->\n<title>Atenci\u00f3n directores: \u00bfC\u00f3mo motivar a un docente? claves para favorecer la motivaci\u00f3n<\/title>\n<meta name=\"description\" content=\"La motivaci\u00f3n del docente es clave para una pol\u00edtica educativa de calidad. Los expertos aseguran que lograr excelentes resultados...\" \/>\n<meta name=\"robots\" content=\"index, follow, max-snippet:-1, max-image-preview:large, max-video-preview:-1\" \/>\n<link rel=\"canonical\" href=\"https:\/\/webdelmaestrocmf.com\/portal\/como-motivar-a-un-docente\/\" \/>\n<meta property=\"og:locale\" content=\"es_ES\" \/>\n<meta property=\"og:type\" content=\"article\" \/>\n<meta property=\"og:title\" content=\"Atenci\u00f3n directores: \u00bfC\u00f3mo motivar a un docente? claves para favorecer la motivaci\u00f3n\" \/>\n<meta property=\"og:description\" content=\"La motivaci\u00f3n del docente es clave para una pol\u00edtica educativa de calidad. Los expertos aseguran que lograr excelentes resultados...\" \/>\n<meta property=\"og:url\" content=\"https:\/\/webdelmaestrocmf.com\/portal\/como-motivar-a-un-docente\/\" \/>\n<meta property=\"og:site_name\" content=\"Web del Maestro CMF\" \/>\n<meta property=\"article:publisher\" content=\"https:\/\/www.facebook.com\/WebdelMaestroCMF\/\" \/>\n<meta property=\"article:author\" content=\"https:\/\/www.facebook.com\/WebdelMaestroCMF\/\" \/>\n<meta property=\"article:published_time\" content=\"2024-11-25T15:00:55+00:00\" \/>\n<meta property=\"article:modified_time\" content=\"2024-11-25T15:12:50+00:00\" \/>\n<meta property=\"og:image\" content=\"https:\/\/webdelmaestrocmf.com\/portal\/wp-content\/uploads\/2021\/02\/1-45.jpg\" \/>\n\t<meta property=\"og:image:width\" content=\"1024\" \/>\n\t<meta property=\"og:image:height\" content=\"1024\" \/>\n\t<meta property=\"og:image:type\" content=\"image\/jpeg\" \/>\n<meta name=\"author\" content=\"Web del Maestro CMF\" \/>\n<meta name=\"twitter:card\" content=\"summary_large_image\" \/>\n<meta name=\"twitter:creator\" content=\"@cmf_w\" \/>\n<meta name=\"twitter:site\" content=\"@cmf_w\" \/>\n<meta name=\"twitter:label1\" content=\"Escrito por\" \/>\n\t<meta name=\"twitter:data1\" content=\"Web del Maestro CMF\" \/>\n\t<meta name=\"twitter:label2\" content=\"Tiempo de lectura\" \/>\n\t<meta name=\"twitter:data2\" content=\"5 minutos\" \/>\n<script type=\"application\/ld+json\" class=\"yoast-schema-graph\">{\"@context\":\"https:\\\/\\\/schema.org\",\"@graph\":[{\"@type\":\"ScholarlyArticle\",\"@id\":\"https:\\\/\\\/webdelmaestrocmf.com\\\/portal\\\/como-motivar-a-un-docente\\\/#article\",\"isPartOf\":{\"@id\":\"https:\\\/\\\/webdelmaestrocmf.com\\\/portal\\\/como-motivar-a-un-docente\\\/\"},\"author\":{\"name\":\"Web del Maestro CMF\",\"@id\":\"https:\\\/\\\/webdelmaestrocmf.com\\\/portal\\\/#\\\/schema\\\/person\\\/1072a2ed7bd960df8ef99a551fa35dc5\"},\"headline\":\"\u00bfC\u00f3mo motivar a un docente? Claves para favorecer la motivaci\u00f3n\",\"datePublished\":\"2024-11-25T15:00:55+00:00\",\"dateModified\":\"2024-11-25T15:12:50+00:00\",\"mainEntityOfPage\":{\"@id\":\"https:\\\/\\\/webdelmaestrocmf.com\\\/portal\\\/como-motivar-a-un-docente\\\/\"},\"wordCount\":957,\"commentCount\":0,\"publisher\":{\"@id\":\"https:\\\/\\\/webdelmaestrocmf.com\\\/portal\\\/#organization\"},\"image\":{\"@id\":\"https:\\\/\\\/webdelmaestrocmf.com\\\/portal\\\/como-motivar-a-un-docente\\\/#primaryimage\"},\"thumbnailUrl\":\"https:\\\/\\\/webdelmaestrocmf.com\\\/portal\\\/wp-content\\\/uploads\\\/2021\\\/02\\\/1-45.jpg\",\"keywords\":[\"DOCENTE\",\"motivaci\u00f3n\",\"MOTIVAR\"],\"articleSection\":[\"Estr\u00e9s\",\"Recursos\"],\"inLanguage\":\"es\",\"potentialAction\":[{\"@type\":\"CommentAction\",\"name\":\"Comment\",\"target\":[\"https:\\\/\\\/webdelmaestrocmf.com\\\/portal\\\/como-motivar-a-un-docente\\\/#respond\"]}]},{\"@type\":\"WebPage\",\"@id\":\"https:\\\/\\\/webdelmaestrocmf.com\\\/portal\\\/como-motivar-a-un-docente\\\/\",\"url\":\"https:\\\/\\\/webdelmaestrocmf.com\\\/portal\\\/como-motivar-a-un-docente\\\/\",\"name\":\"Atenci\u00f3n directores: \u00bfC\u00f3mo motivar a un docente? claves para favorecer la motivaci\u00f3n\",\"isPartOf\":{\"@id\":\"https:\\\/\\\/webdelmaestrocmf.com\\\/portal\\\/#website\"},\"primaryImageOfPage\":{\"@id\":\"https:\\\/\\\/webdelmaestrocmf.com\\\/portal\\\/como-motivar-a-un-docente\\\/#primaryimage\"},\"image\":{\"@id\":\"https:\\\/\\\/webdelmaestrocmf.com\\\/portal\\\/como-motivar-a-un-docente\\\/#primaryimage\"},\"thumbnailUrl\":\"https:\\\/\\\/webdelmaestrocmf.com\\\/portal\\\/wp-content\\\/uploads\\\/2021\\\/02\\\/1-45.jpg\",\"datePublished\":\"2024-11-25T15:00:55+00:00\",\"dateModified\":\"2024-11-25T15:12:50+00:00\",\"description\":\"La motivaci\u00f3n del docente es clave para una pol\u00edtica educativa de calidad. Los expertos aseguran que lograr excelentes resultados...\",\"breadcrumb\":{\"@id\":\"https:\\\/\\\/webdelmaestrocmf.com\\\/portal\\\/como-motivar-a-un-docente\\\/#breadcrumb\"},\"inLanguage\":\"es\",\"potentialAction\":[{\"@type\":\"ReadAction\",\"target\":[\"https:\\\/\\\/webdelmaestrocmf.com\\\/portal\\\/como-motivar-a-un-docente\\\/\"]}]},{\"@type\":\"ImageObject\",\"inLanguage\":\"es\",\"@id\":\"https:\\\/\\\/webdelmaestrocmf.com\\\/portal\\\/como-motivar-a-un-docente\\\/#primaryimage\",\"url\":\"https:\\\/\\\/webdelmaestrocmf.com\\\/portal\\\/wp-content\\\/uploads\\\/2021\\\/02\\\/1-45.jpg\",\"contentUrl\":\"https:\\\/\\\/webdelmaestrocmf.com\\\/portal\\\/wp-content\\\/uploads\\\/2021\\\/02\\\/1-45.jpg\",\"width\":1024,\"height\":1024},{\"@type\":\"BreadcrumbList\",\"@id\":\"https:\\\/\\\/webdelmaestrocmf.com\\\/portal\\\/como-motivar-a-un-docente\\\/#breadcrumb\",\"itemListElement\":[{\"@type\":\"ListItem\",\"position\":1,\"name\":\"Portada\",\"item\":\"https:\\\/\\\/webdelmaestrocmf.com\\\/portal\\\/\"},{\"@type\":\"ListItem\",\"position\":2,\"name\":\"Recursos\",\"item\":\"https:\\\/\\\/webdelmaestrocmf.com\\\/portal\\\/category\\\/pedagogia\\\/\"},{\"@type\":\"ListItem\",\"position\":3,\"name\":\"\u00bfC\u00f3mo motivar a un docente? Claves para favorecer la motivaci\u00f3n\"}]},{\"@type\":\"WebSite\",\"@id\":\"https:\\\/\\\/webdelmaestrocmf.com\\\/portal\\\/#website\",\"url\":\"https:\\\/\\\/webdelmaestrocmf.com\\\/portal\\\/\",\"name\":\"Web del Maestro CMF\",\"description\":\"Maestros al servicio de la educaci\u00f3n\",\"publisher\":{\"@id\":\"https:\\\/\\\/webdelmaestrocmf.com\\\/portal\\\/#organization\"},\"alternateName\":\"WMCMF\",\"potentialAction\":[{\"@type\":\"SearchAction\",\"target\":{\"@type\":\"EntryPoint\",\"urlTemplate\":\"https:\\\/\\\/webdelmaestrocmf.com\\\/portal\\\/?s={search_term_string}\"},\"query-input\":{\"@type\":\"PropertyValueSpecification\",\"valueRequired\":true,\"valueName\":\"search_term_string\"}}],\"inLanguage\":\"es\"},{\"@type\":\"Organization\",\"@id\":\"https:\\\/\\\/webdelmaestrocmf.com\\\/portal\\\/#organization\",\"name\":\"Web del Maestro CMF\",\"alternateName\":\"WMCMF\",\"url\":\"https:\\\/\\\/webdelmaestrocmf.com\\\/portal\\\/\",\"logo\":{\"@type\":\"ImageObject\",\"inLanguage\":\"es\",\"@id\":\"https:\\\/\\\/webdelmaestrocmf.com\\\/portal\\\/#\\\/schema\\\/logo\\\/image\\\/\",\"url\":\"https:\\\/\\\/webdelmaestrocmf.com\\\/portal\\\/wp-content\\\/uploads\\\/2023\\\/01\\\/logo-wmcmf-2.png\",\"contentUrl\":\"https:\\\/\\\/webdelmaestrocmf.com\\\/portal\\\/wp-content\\\/uploads\\\/2023\\\/01\\\/logo-wmcmf-2.png\",\"width\":200,\"height\":60,\"caption\":\"Web del Maestro CMF\"},\"image\":{\"@id\":\"https:\\\/\\\/webdelmaestrocmf.com\\\/portal\\\/#\\\/schema\\\/logo\\\/image\\\/\"},\"sameAs\":[\"https:\\\/\\\/www.facebook.com\\\/WebdelMaestroCMF\\\/\",\"https:\\\/\\\/x.com\\\/cmf_w\",\"https:\\\/\\\/www.pinterest.com\\\/WMCMF\\\/\",\"https:\\\/\\\/www.linkedin.com\\\/company\\\/web-del-maestro-cmf\\\/\",\"https:\\\/\\\/www.instagram.com\\\/wmcmf\\\/\",\"https:\\\/\\\/www.youtube.com\\\/channel\\\/UCDPSvjbdodE5sHnC3OxutHw\",\"https:\\\/\\\/mastodon.social\\\/@wmcmf\",\"https:\\\/\\\/www.tiktok.com\\\/@webdelmaestrocmf\"]},{\"@type\":\"Person\",\"@id\":\"https:\\\/\\\/webdelmaestrocmf.com\\\/portal\\\/#\\\/schema\\\/person\\\/1072a2ed7bd960df8ef99a551fa35dc5\",\"name\":\"Web del Maestro CMF\",\"image\":{\"@type\":\"ImageObject\",\"inLanguage\":\"es\",\"@id\":\"https:\\\/\\\/secure.gravatar.com\\\/avatar\\\/23291dd5b5ae1077dcff3dbb04c3e02bd28403fa75af6d8787d5e97c5bbbe30b?s=96&d=mm&r=g\",\"url\":\"https:\\\/\\\/secure.gravatar.com\\\/avatar\\\/23291dd5b5ae1077dcff3dbb04c3e02bd28403fa75af6d8787d5e97c5bbbe30b?s=96&d=mm&r=g\",\"contentUrl\":\"https:\\\/\\\/secure.gravatar.com\\\/avatar\\\/23291dd5b5ae1077dcff3dbb04c3e02bd28403fa75af6d8787d5e97c5bbbe30b?s=96&d=mm&r=g\",\"caption\":\"Web del Maestro CMF\"},\"description\":\"Esta Web se cre\u00f3 sin fines de lucro, con fines educativos, cient\u00edficos y acad\u00e9micos, para personas que tengan dificultades y\\\/o inconvenientes en visualizar el material original. El objetivo es entregar recursos, compartir experiencias y materiales que ayuden a los padres de familia, maestros y estudiantes en su actualizaci\u00f3n y formaci\u00f3n permanente, en bien de la Educaci\u00f3n.\",\"sameAs\":[\"http:\\\/\\\/webdelmaestrocmf.com\\\/portal\",\"https:\\\/\\\/www.facebook.com\\\/WebdelMaestroCMF\\\/\",\"https:\\\/\\\/www.instagram.com\\\/wmcmf\\\/\",\"https:\\\/\\\/cl.linkedin.com\\\/company\\\/web-del-maestro-cmf\",\"https:\\\/\\\/www.pinterest.com\\\/WMCMF\\\/publicaciones\\\/\",\"https:\\\/\\\/x.com\\\/cmf_w\",\"https:\\\/\\\/www.youtube.com\\\/@WMCMF\"]}]}<\/script>\n<!-- \/ Yoast SEO plugin. -->","yoast_head_json":{"title":"Atenci\u00f3n directores: \u00bfC\u00f3mo motivar a un docente? claves para favorecer la motivaci\u00f3n","description":"La motivaci\u00f3n del docente es clave para una pol\u00edtica educativa de calidad. Los expertos aseguran que lograr excelentes resultados...","robots":{"index":"index","follow":"follow","max-snippet":"max-snippet:-1","max-image-preview":"max-image-preview:large","max-video-preview":"max-video-preview:-1"},"canonical":"https:\/\/webdelmaestrocmf.com\/portal\/como-motivar-a-un-docente\/","og_locale":"es_ES","og_type":"article","og_title":"Atenci\u00f3n directores: \u00bfC\u00f3mo motivar a un docente? claves para favorecer la motivaci\u00f3n","og_description":"La motivaci\u00f3n del docente es clave para una pol\u00edtica educativa de calidad. Los expertos aseguran que lograr excelentes resultados...","og_url":"https:\/\/webdelmaestrocmf.com\/portal\/como-motivar-a-un-docente\/","og_site_name":"Web del Maestro CMF","article_publisher":"https:\/\/www.facebook.com\/WebdelMaestroCMF\/","article_author":"https:\/\/www.facebook.com\/WebdelMaestroCMF\/","article_published_time":"2024-11-25T15:00:55+00:00","article_modified_time":"2024-11-25T15:12:50+00:00","og_image":[{"width":1024,"height":1024,"url":"https:\/\/webdelmaestrocmf.com\/portal\/wp-content\/uploads\/2021\/02\/1-45.jpg","type":"image\/jpeg"}],"author":"Web del Maestro CMF","twitter_card":"summary_large_image","twitter_creator":"@cmf_w","twitter_site":"@cmf_w","twitter_misc":{"Escrito por":"Web del Maestro CMF","Tiempo de lectura":"5 minutos"},"schema":{"@context":"https:\/\/schema.org","@graph":[{"@type":"ScholarlyArticle","@id":"https:\/\/webdelmaestrocmf.com\/portal\/como-motivar-a-un-docente\/#article","isPartOf":{"@id":"https:\/\/webdelmaestrocmf.com\/portal\/como-motivar-a-un-docente\/"},"author":{"name":"Web del Maestro CMF","@id":"https:\/\/webdelmaestrocmf.com\/portal\/#\/schema\/person\/1072a2ed7bd960df8ef99a551fa35dc5"},"headline":"\u00bfC\u00f3mo motivar a un docente? Claves para favorecer la motivaci\u00f3n","datePublished":"2024-11-25T15:00:55+00:00","dateModified":"2024-11-25T15:12:50+00:00","mainEntityOfPage":{"@id":"https:\/\/webdelmaestrocmf.com\/portal\/como-motivar-a-un-docente\/"},"wordCount":957,"commentCount":0,"publisher":{"@id":"https:\/\/webdelmaestrocmf.com\/portal\/#organization"},"image":{"@id":"https:\/\/webdelmaestrocmf.com\/portal\/como-motivar-a-un-docente\/#primaryimage"},"thumbnailUrl":"https:\/\/webdelmaestrocmf.com\/portal\/wp-content\/uploads\/2021\/02\/1-45.jpg","keywords":["DOCENTE","motivaci\u00f3n","MOTIVAR"],"articleSection":["Estr\u00e9s","Recursos"],"inLanguage":"es","potentialAction":[{"@type":"CommentAction","name":"Comment","target":["https:\/\/webdelmaestrocmf.com\/portal\/como-motivar-a-un-docente\/#respond"]}]},{"@type":"WebPage","@id":"https:\/\/webdelmaestrocmf.com\/portal\/como-motivar-a-un-docente\/","url":"https:\/\/webdelmaestrocmf.com\/portal\/como-motivar-a-un-docente\/","name":"Atenci\u00f3n directores: \u00bfC\u00f3mo motivar a un docente? claves para favorecer la motivaci\u00f3n","isPartOf":{"@id":"https:\/\/webdelmaestrocmf.com\/portal\/#website"},"primaryImageOfPage":{"@id":"https:\/\/webdelmaestrocmf.com\/portal\/como-motivar-a-un-docente\/#primaryimage"},"image":{"@id":"https:\/\/webdelmaestrocmf.com\/portal\/como-motivar-a-un-docente\/#primaryimage"},"thumbnailUrl":"https:\/\/webdelmaestrocmf.com\/portal\/wp-content\/uploads\/2021\/02\/1-45.jpg","datePublished":"2024-11-25T15:00:55+00:00","dateModified":"2024-11-25T15:12:50+00:00","description":"La motivaci\u00f3n del docente es clave para una pol\u00edtica educativa de calidad. Los expertos aseguran que lograr excelentes resultados...","breadcrumb":{"@id":"https:\/\/webdelmaestrocmf.com\/portal\/como-motivar-a-un-docente\/#breadcrumb"},"inLanguage":"es","potentialAction":[{"@type":"ReadAction","target":["https:\/\/webdelmaestrocmf.com\/portal\/como-motivar-a-un-docente\/"]}]},{"@type":"ImageObject","inLanguage":"es","@id":"https:\/\/webdelmaestrocmf.com\/portal\/como-motivar-a-un-docente\/#primaryimage","url":"https:\/\/webdelmaestrocmf.com\/portal\/wp-content\/uploads\/2021\/02\/1-45.jpg","contentUrl":"https:\/\/webdelmaestrocmf.com\/portal\/wp-content\/uploads\/2021\/02\/1-45.jpg","width":1024,"height":1024},{"@type":"BreadcrumbList","@id":"https:\/\/webdelmaestrocmf.com\/portal\/como-motivar-a-un-docente\/#breadcrumb","itemListElement":[{"@type":"ListItem","position":1,"name":"Portada","item":"https:\/\/webdelmaestrocmf.com\/portal\/"},{"@type":"ListItem","position":2,"name":"Recursos","item":"https:\/\/webdelmaestrocmf.com\/portal\/category\/pedagogia\/"},{"@type":"ListItem","position":3,"name":"\u00bfC\u00f3mo motivar a un docente? Claves para favorecer la motivaci\u00f3n"}]},{"@type":"WebSite","@id":"https:\/\/webdelmaestrocmf.com\/portal\/#website","url":"https:\/\/webdelmaestrocmf.com\/portal\/","name":"Web del Maestro CMF","description":"Maestros al servicio de la educaci\u00f3n","publisher":{"@id":"https:\/\/webdelmaestrocmf.com\/portal\/#organization"},"alternateName":"WMCMF","potentialAction":[{"@type":"SearchAction","target":{"@type":"EntryPoint","urlTemplate":"https:\/\/webdelmaestrocmf.com\/portal\/?s={search_term_string}"},"query-input":{"@type":"PropertyValueSpecification","valueRequired":true,"valueName":"search_term_string"}}],"inLanguage":"es"},{"@type":"Organization","@id":"https:\/\/webdelmaestrocmf.com\/portal\/#organization","name":"Web del Maestro CMF","alternateName":"WMCMF","url":"https:\/\/webdelmaestrocmf.com\/portal\/","logo":{"@type":"ImageObject","inLanguage":"es","@id":"https:\/\/webdelmaestrocmf.com\/portal\/#\/schema\/logo\/image\/","url":"https:\/\/webdelmaestrocmf.com\/portal\/wp-content\/uploads\/2023\/01\/logo-wmcmf-2.png","contentUrl":"https:\/\/webdelmaestrocmf.com\/portal\/wp-content\/uploads\/2023\/01\/logo-wmcmf-2.png","width":200,"height":60,"caption":"Web del Maestro CMF"},"image":{"@id":"https:\/\/webdelmaestrocmf.com\/portal\/#\/schema\/logo\/image\/"},"sameAs":["https:\/\/www.facebook.com\/WebdelMaestroCMF\/","https:\/\/x.com\/cmf_w","https:\/\/www.pinterest.com\/WMCMF\/","https:\/\/www.linkedin.com\/company\/web-del-maestro-cmf\/","https:\/\/www.instagram.com\/wmcmf\/","https:\/\/www.youtube.com\/channel\/UCDPSvjbdodE5sHnC3OxutHw","https:\/\/mastodon.social\/@wmcmf","https:\/\/www.tiktok.com\/@webdelmaestrocmf"]},{"@type":"Person","@id":"https:\/\/webdelmaestrocmf.com\/portal\/#\/schema\/person\/1072a2ed7bd960df8ef99a551fa35dc5","name":"Web del Maestro CMF","image":{"@type":"ImageObject","inLanguage":"es","@id":"https:\/\/secure.gravatar.com\/avatar\/23291dd5b5ae1077dcff3dbb04c3e02bd28403fa75af6d8787d5e97c5bbbe30b?s=96&d=mm&r=g","url":"https:\/\/secure.gravatar.com\/avatar\/23291dd5b5ae1077dcff3dbb04c3e02bd28403fa75af6d8787d5e97c5bbbe30b?s=96&d=mm&r=g","contentUrl":"https:\/\/secure.gravatar.com\/avatar\/23291dd5b5ae1077dcff3dbb04c3e02bd28403fa75af6d8787d5e97c5bbbe30b?s=96&d=mm&r=g","caption":"Web del Maestro CMF"},"description":"Esta Web se cre\u00f3 sin fines de lucro, con fines educativos, cient\u00edficos y acad\u00e9micos, para personas que tengan dificultades y\/o inconvenientes en visualizar el material original. El objetivo es entregar recursos, compartir experiencias y materiales que ayuden a los padres de familia, maestros y estudiantes en su actualizaci\u00f3n y formaci\u00f3n permanente, en bien de la Educaci\u00f3n.","sameAs":["http:\/\/webdelmaestrocmf.com\/portal","https:\/\/www.facebook.com\/WebdelMaestroCMF\/","https:\/\/www.instagram.com\/wmcmf\/","https:\/\/cl.linkedin.com\/company\/web-del-maestro-cmf","https:\/\/www.pinterest.com\/WMCMF\/publicaciones\/","https:\/\/x.com\/cmf_w","https:\/\/www.youtube.com\/@WMCMF"]}]}},"jetpack_featured_media_url":"https:\/\/webdelmaestrocmf.com\/portal\/wp-content\/uploads\/2021\/02\/1-45.jpg","jetpack_sharing_enabled":true,"jetpack-related-posts":[{"id":114024,"url":"https:\/\/webdelmaestrocmf.com\/portal\/pedro-saenz-lopez-bunuel-la-motivacion-del-docente-es-mas-importante-que-la-del-alumno\/","url_meta":{"origin":17499,"position":0},"title":"Pedro S\u00e1enz-L\u00f3pez Bu\u00f1uel: La motivaci\u00f3n del docente es m\u00e1s importante que la del alumno","author":"Web del Maestro CMF","date":"14 diciembre, 2025","format":false,"excerpt":"La motivaci\u00f3n del docente es el motor invisible del aprendizaje: condiciona el clima del aula, despierta emociones y hace posible que los alumnos quieran aprender.","rel":"","context":"En \u00abEntrevistas\u00bb","block_context":{"text":"Entrevistas","link":"https:\/\/webdelmaestrocmf.com\/portal\/category\/noticias\/entrevistas\/"},"img":{"alt_text":"","src":"https:\/\/i0.wp.com\/webdelmaestrocmf.com\/portal\/wp-content\/uploads\/2025\/12\/1A-Banner-1-portada-imagen-10-1-copia-16.webp?resize=350%2C200&ssl=1","width":350,"height":200,"srcset":"https:\/\/i0.wp.com\/webdelmaestrocmf.com\/portal\/wp-content\/uploads\/2025\/12\/1A-Banner-1-portada-imagen-10-1-copia-16.webp?resize=350%2C200&ssl=1 1x, https:\/\/i0.wp.com\/webdelmaestrocmf.com\/portal\/wp-content\/uploads\/2025\/12\/1A-Banner-1-portada-imagen-10-1-copia-16.webp?resize=525%2C300&ssl=1 1.5x, https:\/\/i0.wp.com\/webdelmaestrocmf.com\/portal\/wp-content\/uploads\/2025\/12\/1A-Banner-1-portada-imagen-10-1-copia-16.webp?resize=700%2C400&ssl=1 2x"},"classes":[]},{"id":102060,"url":"https:\/\/webdelmaestrocmf.com\/portal\/las-6-claves-para-que-el-docente-sea-feliz-en-el-aula\/","url_meta":{"origin":17499,"position":1},"title":"Claves para que el docente sea feliz en el aula","author":"Web del Maestro CMF","date":"3 enero, 2024","format":false,"excerpt":"La importancia de la felicidad del docente no puede subestimarse cuando se trata del rendimiento y bienestar de los estudiantes. Un educador feliz no solo es m\u00e1s motivado y entusiasta, sino que tambi\u00e9n contribuye a un ambiente de aprendizaje m\u00e1s positivo. Aqu\u00ed, exploraremos seis claves esenciales para asegurar la felicidad\u2026","rel":"","context":"En \u00abDocentes\u00bb","block_context":{"text":"Docentes","link":"https:\/\/webdelmaestrocmf.com\/portal\/category\/pedagogia\/docentes\/"},"img":{"alt_text":"docente sea feliz en el aula","src":"https:\/\/i0.wp.com\/webdelmaestrocmf.com\/portal\/wp-content\/uploads\/2024\/01\/B-dibujos-1-5-1.webp?resize=350%2C200&ssl=1","width":350,"height":200,"srcset":"https:\/\/i0.wp.com\/webdelmaestrocmf.com\/portal\/wp-content\/uploads\/2024\/01\/B-dibujos-1-5-1.webp?resize=350%2C200&ssl=1 1x, https:\/\/i0.wp.com\/webdelmaestrocmf.com\/portal\/wp-content\/uploads\/2024\/01\/B-dibujos-1-5-1.webp?resize=525%2C300&ssl=1 1.5x, https:\/\/i0.wp.com\/webdelmaestrocmf.com\/portal\/wp-content\/uploads\/2024\/01\/B-dibujos-1-5-1.webp?resize=700%2C400&ssl=1 2x"},"classes":[]},{"id":112564,"url":"https:\/\/webdelmaestrocmf.com\/portal\/la-autoestima-del-docente-la-base-invisible-de-una-buena-ensenanza\/","url_meta":{"origin":17499,"position":2},"title":"La autoestima del docente: la base invisible de una buena ense\u00f1anza. Descarga el libro \u00abEducaci\u00f3n invisible\u00bb","author":"Web del Maestro CMF","date":"26 diciembre, 2025","format":false,"excerpt":"La ense\u00f1anza exige motivaci\u00f3n, equilibrio emocional y autoestima docente. M\u00e1s que transmitir contenidos, el maestro influye en el clima y aprendizaje. Un docente seguro, emp\u00e1tico y motivado potencia resultados; uno desanimado los limita. Cuidar su bienestar es clave para una educaci\u00f3n transformadora.","rel":"","context":"En \u00abBienestar docente\u00bb","block_context":{"text":"Bienestar docente","link":"https:\/\/webdelmaestrocmf.com\/portal\/category\/pedagogia\/bienestar-docente\/"},"img":{"alt_text":"","src":"https:\/\/i0.wp.com\/webdelmaestrocmf.com\/portal\/wp-content\/uploads\/2025\/10\/1A-Banner-1-portada-imagen-10-1-copia-3-4.webp?resize=350%2C200&ssl=1","width":350,"height":200,"srcset":"https:\/\/i0.wp.com\/webdelmaestrocmf.com\/portal\/wp-content\/uploads\/2025\/10\/1A-Banner-1-portada-imagen-10-1-copia-3-4.webp?resize=350%2C200&ssl=1 1x, https:\/\/i0.wp.com\/webdelmaestrocmf.com\/portal\/wp-content\/uploads\/2025\/10\/1A-Banner-1-portada-imagen-10-1-copia-3-4.webp?resize=525%2C300&ssl=1 1.5x, https:\/\/i0.wp.com\/webdelmaestrocmf.com\/portal\/wp-content\/uploads\/2025\/10\/1A-Banner-1-portada-imagen-10-1-copia-3-4.webp?resize=700%2C400&ssl=1 2x"},"classes":[]},{"id":114859,"url":"https:\/\/webdelmaestrocmf.com\/portal\/el-primer-dia-de-clase-no-se-improvisa-el-clima-emocional-del-primer-dia-en-la-escuela-de-la-era-digital\/","url_meta":{"origin":17499,"position":3},"title":"El primer d\u00eda de clase no se improvisa: el clima emocional del primer d\u00eda en la escuela de la era digital","author":"Web del Maestro CMF","date":"18 enero, 2026","format":false,"excerpt":"El primer d\u00eda de clases define clima, autoridad y motivaci\u00f3n; planificarlo con sentido pedag\u00f3gico y emocional asegura aprendizaje y confianza.","rel":"","context":"En \u00abYo opino - WMCMF\u00bb","block_context":{"text":"Yo opino - WMCMF","link":"https:\/\/webdelmaestrocmf.com\/portal\/category\/jamb\/"},"img":{"alt_text":"","src":"https:\/\/i0.wp.com\/webdelmaestrocmf.com\/portal\/wp-content\/uploads\/2026\/01\/1A-Banner-1-portada-imagen-10-1-copia-3.jpg?resize=350%2C200&ssl=1","width":350,"height":200,"srcset":"https:\/\/i0.wp.com\/webdelmaestrocmf.com\/portal\/wp-content\/uploads\/2026\/01\/1A-Banner-1-portada-imagen-10-1-copia-3.jpg?resize=350%2C200&ssl=1 1x, https:\/\/i0.wp.com\/webdelmaestrocmf.com\/portal\/wp-content\/uploads\/2026\/01\/1A-Banner-1-portada-imagen-10-1-copia-3.jpg?resize=525%2C300&ssl=1 1.5x, https:\/\/i0.wp.com\/webdelmaestrocmf.com\/portal\/wp-content\/uploads\/2026\/01\/1A-Banner-1-portada-imagen-10-1-copia-3.jpg?resize=700%2C400&ssl=1 2x"},"classes":[]},{"id":79281,"url":"https:\/\/webdelmaestrocmf.com\/portal\/como-mantener-a-los-maestros-motivados-el-equipo-directivo-y-administrativo-pueden-incidir-en-la-motivacion-de-su-equipo-docente\/","url_meta":{"origin":17499,"position":4},"title":"\u00bfC\u00f3mo mantener a los docentes motivados y felices?","author":"Web del Maestro CMF","date":"10 agosto, 2022","format":false,"excerpt":"Con sencillas recomendaciones que van desde un cumplido hasta una comunicaci\u00f3n constante, el equipo directivo y administrativo pueden incidir en la motivaci\u00f3n de su equipo docente. En cualquier circunstancia, estar motivado ayuda a hacer las cosas mejor sin siquiera darnos cuenta. Permite estar m\u00e1s abiertos a escuchar, opinar y con\u2026","rel":"","context":"En \u00abMotivaci\u00f3n\u00bb","block_context":{"text":"Motivaci\u00f3n","link":"https:\/\/webdelmaestrocmf.com\/portal\/category\/pedagogia\/motivacion\/"},"img":{"alt_text":"","src":"https:\/\/i0.wp.com\/webdelmaestrocmf.com\/portal\/wp-content\/uploads\/2022\/08\/Banner-1-portada-imagen-10-1-2-2.jpg?resize=350%2C200&ssl=1","width":350,"height":200,"srcset":"https:\/\/i0.wp.com\/webdelmaestrocmf.com\/portal\/wp-content\/uploads\/2022\/08\/Banner-1-portada-imagen-10-1-2-2.jpg?resize=350%2C200&ssl=1 1x, https:\/\/i0.wp.com\/webdelmaestrocmf.com\/portal\/wp-content\/uploads\/2022\/08\/Banner-1-portada-imagen-10-1-2-2.jpg?resize=525%2C300&ssl=1 1.5x, https:\/\/i0.wp.com\/webdelmaestrocmf.com\/portal\/wp-content\/uploads\/2022\/08\/Banner-1-portada-imagen-10-1-2-2.jpg?resize=700%2C400&ssl=1 2x"},"classes":[]},{"id":18177,"url":"https:\/\/webdelmaestrocmf.com\/portal\/al-final-la-educacion-los-alumnos-depende-profesores\/","url_meta":{"origin":17499,"position":5},"title":"AL FINAL LA EDUCACI\u00d3N DE LOS ALUMNOS DEPENDE DE SUS PROFESORES","author":"Web del Maestro CMF","date":"11 mayo, 2017","format":false,"excerpt":"En parte (o en mucho) depende del ambiente y el contexto en donde estemos desarrollando nuestra tarea docente, para decir que somos profesores motivados o desmotivados. Si ese aire que se respira fortalece nuestro entusiasmo y nuestra motivaci\u00f3n educadora, o es un \u201ccaldo de cultivo\u201d del sentimiento de infortunio y\u2026","rel":"","context":"En \u00abSin categor\u00eda\u00bb","block_context":{"text":"Sin categor\u00eda","link":"https:\/\/webdelmaestrocmf.com\/portal\/category\/sin-categoria-es\/"},"img":{"alt_text":"","src":"https:\/\/i0.wp.com\/webdelmaestrocmf.com\/portal\/wp-content\/uploads\/2017\/05\/Pedro-S%C3%A1enz-L%C3%B3pez.jpg?resize=350%2C200&ssl=1","width":350,"height":200,"srcset":"https:\/\/i0.wp.com\/webdelmaestrocmf.com\/portal\/wp-content\/uploads\/2017\/05\/Pedro-S%C3%A1enz-L%C3%B3pez.jpg?resize=350%2C200&ssl=1 1x, https:\/\/i0.wp.com\/webdelmaestrocmf.com\/portal\/wp-content\/uploads\/2017\/05\/Pedro-S%C3%A1enz-L%C3%B3pez.jpg?resize=525%2C300&ssl=1 1.5x, https:\/\/i0.wp.com\/webdelmaestrocmf.com\/portal\/wp-content\/uploads\/2017\/05\/Pedro-S%C3%A1enz-L%C3%B3pez.jpg?resize=700%2C400&ssl=1 2x"},"classes":[]}],"_links":{"self":[{"href":"https:\/\/webdelmaestrocmf.com\/portal\/wp-json\/wp\/v2\/posts\/17499","targetHints":{"allow":["GET"]}}],"collection":[{"href":"https:\/\/webdelmaestrocmf.com\/portal\/wp-json\/wp\/v2\/posts"}],"about":[{"href":"https:\/\/webdelmaestrocmf.com\/portal\/wp-json\/wp\/v2\/types\/post"}],"author":[{"embeddable":true,"href":"https:\/\/webdelmaestrocmf.com\/portal\/wp-json\/wp\/v2\/users\/1"}],"replies":[{"embeddable":true,"href":"https:\/\/webdelmaestrocmf.com\/portal\/wp-json\/wp\/v2\/comments?post=17499"}],"version-history":[{"count":0,"href":"https:\/\/webdelmaestrocmf.com\/portal\/wp-json\/wp\/v2\/posts\/17499\/revisions"}],"wp:featuredmedia":[{"embeddable":true,"href":"https:\/\/webdelmaestrocmf.com\/portal\/wp-json\/wp\/v2\/media\/107011"}],"wp:attachment":[{"href":"https:\/\/webdelmaestrocmf.com\/portal\/wp-json\/wp\/v2\/media?parent=17499"}],"wp:term":[{"taxonomy":"category","embeddable":true,"href":"https:\/\/webdelmaestrocmf.com\/portal\/wp-json\/wp\/v2\/categories?post=17499"},{"taxonomy":"post_tag","embeddable":true,"href":"https:\/\/webdelmaestrocmf.com\/portal\/wp-json\/wp\/v2\/tags?post=17499"}],"curies":[{"name":"wp","href":"https:\/\/api.w.org\/{rel}","templated":true}]}}