{"id":17232,"date":"2017-04-20T00:04:06","date_gmt":"2017-04-20T03:04:06","guid":{"rendered":"http:\/\/webdelmaestrocmf.com\/portal\/?p=17232"},"modified":"2021-10-23T17:44:29","modified_gmt":"2021-10-23T20:44:29","slug":"hoy-la-mayoria-de-los-padres-saben-que-el-ambiente-emocional-esculpe-el-cerebro-del-nino","status":"publish","type":"post","link":"https:\/\/webdelmaestrocmf.com\/portal\/hoy-la-mayoria-de-los-padres-saben-que-el-ambiente-emocional-esculpe-el-cerebro-del-nino\/","title":{"rendered":"HOY LA MAYOR\u00cdA DE LOS PADRES SABEN QUE EL AMBIENTE EMOCIONAL ESCULPE EL CEREBRO DEL NI\u00d1O"},"content":{"rendered":"<h4 style=\"text-align: justify;\">Entrevista con Nora Rodr\u00edguez, pedagoga y autora de \u00abNeuroeducaci\u00f3n para padres\u00bb<\/h4>\n<h4 style=\"text-align: justify;\">\u00abEducar implica m\u00e1s que nunca informarse, saber, conocer y observar. <strong>Nuestro deber como padres es el de educar a nuestros hijos para que sean la mejor versi\u00f3n de s\u00ed mismos<\/strong>. Entonces, si est\u00e1 demostrado que ni\u00f1os y adolescentes aprenden mucho m\u00e1s f\u00e1cilmente cuando los padres tienen un pu\u00f1ado de conocimientos f\u00e1ciles de recordar sobre c\u00f3mo funciona el cerebro&#8230;<\/h4>\n<p style=\"text-align: justify;\">\u00bfPor qu\u00e9 no aprovechar todo lo que se sabe del mismo?\u00bb, se pregunta la pedagoga Nora Rodr\u00edguez, autora de <a href=\"http:\/\/www.edicionesb.com\/catalogo\/autor\/nora-rodriguez\/1358\/libro\/neuroeducacion-para-padres_3999.html\" target=\"_blank\" rel=\"noopener\">\u00abNeuroeducaci\u00f3n para padres\u00bb (Ediciones B)<\/a>. Ella escribi\u00f3 este libro con la firme intenci\u00f3n de ayudar a que las familias entiendan c\u00f3mo funciona el cerebro de los m\u00e1s peque\u00f1os de la casa.<\/p>\n<p style=\"text-align: justify;\"><!--more--><\/p>\n<h4 style=\"text-align: justify;\"><strong><span class=\"pregunta-entrevista\">\u2014\u00bfQu\u00e9 es lo m\u00e1s importante que deben saber los padres sobre el cerebro de sus hijos?<\/span><\/strong><\/h4>\n<p style=\"text-align: justify;\">\u2014Que no hay recetas m\u00e1gicas. Y que si cada familia es diferente, cada ni\u00f1o no s\u00f3lo tendr\u00e1 un dise\u00f1o del cerebro diferente sino que aprender\u00e1 a partir de sus propios recursos. Creo que es una \u00e9poca importante en cuanto al protagonismo educativo de los padres, que deben aprovecharse de las incre\u00edbles investigaciones que aporta cada poco la ciencia. Tambi\u00e9n deben ser conscientes de que los colegios a\u00fan no logran adaptarse al cambio educativo, por lo tanto son ellos los que, participando junto con sus hijos de un movimiento educativo mundial, pueden empezar a modificar su modo de ense\u00f1ar.<\/p>\n<h4 style=\"text-align: justify;\"><strong><span class=\"pregunta-entrevista\">\u2014Usted habla de periodos de aprendizaje. Quiz\u00e1s por desconocimiento, les ense\u00f1amos cosas en momentos que no corresponden con su edad.<\/span><\/strong><\/h4>\n<p style=\"text-align: justify;\">\u2014Los aprendizajes que ocurren muchos antes de que est\u00e9n preparados para ello da\u00f1an la autoestima y generan altos niveles de estr\u00e9s. Esto a la vez se convierte en un modo de entender el aprendizaje con dolor, un dolor emocional que impide avanzar. Hoy la pedagog\u00eda actual sustituye esto con nuevos recursos, como por ejemplo, saber cu\u00e1l es la mejor edad para aprender ciertas cosas.<\/p>\n<p style=\"text-align: justify;\"><a href=\"http:\/\/webdelmaestrocmf.com\/portal\/wp-content\/uploads\/2017\/04\/entrevista-con-nora-rodriguez-pedagoga-y-autora-de-neuroeducacion-para-padres-030526414-1.jpg\"><img loading=\"lazy\" decoding=\"async\" class=\"aligncenter size-full wp-image-17235\" src=\"http:\/\/webdelmaestrocmf.com\/portal\/wp-content\/uploads\/2017\/04\/entrevista-con-nora-rodriguez-pedagoga-y-autora-de-neuroeducacion-para-padres-030526414-1.jpg\" alt=\"\" width=\"1200\" height=\"628\" srcset=\"https:\/\/webdelmaestrocmf.com\/portal\/wp-content\/uploads\/2017\/04\/entrevista-con-nora-rodriguez-pedagoga-y-autora-de-neuroeducacion-para-padres-030526414-1.jpg 1200w, https:\/\/webdelmaestrocmf.com\/portal\/wp-content\/uploads\/2017\/04\/entrevista-con-nora-rodriguez-pedagoga-y-autora-de-neuroeducacion-para-padres-030526414-1-300x157.jpg 300w, https:\/\/webdelmaestrocmf.com\/portal\/wp-content\/uploads\/2017\/04\/entrevista-con-nora-rodriguez-pedagoga-y-autora-de-neuroeducacion-para-padres-030526414-1-768x402.jpg 768w, https:\/\/webdelmaestrocmf.com\/portal\/wp-content\/uploads\/2017\/04\/entrevista-con-nora-rodriguez-pedagoga-y-autora-de-neuroeducacion-para-padres-030526414-1-1024x536.jpg 1024w, https:\/\/webdelmaestrocmf.com\/portal\/wp-content\/uploads\/2017\/04\/entrevista-con-nora-rodriguez-pedagoga-y-autora-de-neuroeducacion-para-padres-030526414-1-280x147.jpg 280w\" sizes=\"auto, (max-width: 1200px) 100vw, 1200px\" \/><\/a><\/p>\n<p style=\"text-align: justify;\"><strong>Ayudamos a los padres a que conozcan el potencial del hijo.<\/strong> Por eso si los progenitores aprenden un poco m\u00e1s sobre la memoria a corto y a largo plazo o sobre la atenci\u00f3n, pueden ayudar a su hijo a organizar mejor sus deberes.<\/p>\n<p style=\"text-align: justify;\">Pongamos un ejemplo sobre el tiempo de atenci\u00f3n de un ni\u00f1o: este deber ser su edad m\u00e1s \u00ab2\u00bb, lo que significa que si un ni\u00f1o tiene siete a\u00f1os, s\u00f3lo puede mantener atenci\u00f3n sostenida durante 9 minutos aproximadamente. El cerebro se cansa, y debe hacer recreos cerebrales, como bailar, jugar, cantar\u2026<\/p>\n<h4 style=\"text-align: justify;\"><strong><span class=\"pregunta-entrevista\">\u2014Dice usted que los ni\u00f1os menores de 14 a\u00f1os pasan demasiadas horas solos en Espa\u00f1a, y esto es nefasto para su cerebro.<\/span><\/strong><\/h4>\n<p style=\"text-align: justify;\">\u2014Los seres humanos somos ante todo seres sociales, necesitamos estar con otros para funcionar bien. Por lo tanto <strong>es muy importante reducir las horas que los hijos pasan en la habitaci\u00f3n frente a una pantalla<\/strong>. Y tambi\u00e9n \u00a1fuera la moda de \u00abno sales de tu habitaci\u00f3n hasta que acabes las cuentas\u00bb! Un cerebro aislado no aprende.<\/p>\n<p style=\"text-align: justify;\">Como alternativa a esto puede ser de gran ayuda acudir a ciertos actos culturales, abiertos para todos, al que pueden acudir ni\u00f1os y adolescentes. Tambi\u00e9n puede funcionar el voluntariado en familia o por grupos.<\/p>\n<p style=\"text-align: justify;\">Pero hay m\u00e1s cosas que los padres pueden aprender respecto de c\u00f3mo educar la inteligencia social de sus hijos desde que estos son peque\u00f1os: dejando de promover los premios materiales a los ni\u00f1os cuando hacen algo desinteresadamente por otra persona. Porque el cerebro no entiende de premio material, y s\u00ed de premios emocionales, como cuando lo que se le devuelve es una sonrisa, o un reconocimiento a trav\u00e9s de un gesto, como pueda ser abrazo.<\/p>\n<h4 style=\"text-align: justify;\"><strong><span class=\"pregunta-entrevista\">\u2014\u00bfC\u00f3mo pueden colaborar la madre y el padre en la arquitectura del cerebro de un beb\u00e9 reci\u00e9n llegado a casa?<\/span><\/strong><\/h4>\n<p style=\"text-align: justify;\">\u2014Cada vez que la madre le habla a su beb\u00e9, cuando atiende sus necesidades, cada vez que le sonr\u00ede, le mira a los ojos, lo acuna, lo protege, diminutas r\u00e1fagas de electricidad se disparan en el cerebro del hijo, espoleadas por el flujo de experiencias sensoriales. Esto demuestra que la madre colabora y modela activamente.<\/p>\n<p style=\"text-align: justify;\">Empatizando con los estados del peque\u00f1o, cont\u00e1ndole lo que ocurre en su entorno a modo de comunicaci\u00f3n aunque no entiendan lo que se dice, cont\u00e1ndole sobre lo que hacen o d\u00f3nde viven\u2026 <strong>Hoy la mayor\u00eda de los padres saben que el ambiente emocional esculpe el cerebro del ni\u00f1o.<\/strong><\/p>\n<h4 style=\"text-align: justify;\"><strong><span class=\"pregunta-entrevista\">\u2014Habilidades, talentos\u2026 \u00bfcu\u00e1l es la diferencia? Usted dice que no es extra\u00f1o que los padres se confundan.<\/span><\/strong><\/h4>\n<p style=\"text-align: justify;\">\u2014Las habilidades se refieren a una capacidad para hacer algo bien, los talentos revelan cu\u00e1n bien puedo hacerlo, con cu\u00e1nta frecuencia, pasi\u00f3n, y poco desgaste de energ\u00eda. Los ni\u00f1os tienen muchas habilidades y m\u00e1s de un talento, generalmente varios, y no son complicados de ver si se exponen a condiciones adecuadas.<\/p>\n<h4 style=\"text-align: justify;\"><strong><span class=\"pregunta-entrevista\">\u2014Los padres que quieran potenciar las habilidades para que salgan a la luz los talentos, \u00bfqu\u00e9 tienen que hacer?<\/span><\/strong><\/h4>\n<p style=\"text-align: justify;\"><strong>\u2014Poner al alcance de los hijos experiencias y problemas cotidianos.<\/strong> Pueden por ejemplo mostrarles el tama\u00f1o de una caja de zapatos y preguntarles si creen que se pueden guardar ah\u00ed X cantidad de objetos, y dejar que luego experimenten. De este modo les ayudan a percibir sus capacidades naturales, van a permitirles sentirse satisfechos y exitosos pero, fundamentalmente, plenos interiormente.<\/p>\n<p style=\"text-align: justify;\">Porque a medida que descubran sus habilidades, averiguar\u00e1n tambi\u00e9n aquello que les causa verdadero deleite y placer. La verdadera llama que enciende la motivaci\u00f3n proviene del talento, de aquello que te hace brillar. En este sentido: <strong>\u00a1muchos ni\u00f1os son brillantes aunque sus notas escolares digan lo contrario!<\/strong><\/p>\n<h4 style=\"text-align: justify;\"><strong><span class=\"pregunta-entrevista\">\u2014Dice usted que la creatividad hace felices a los ni\u00f1os y que por esto mismo los padres tenemos que tener mucho cuidado con no bloquear su capacidad creativa. \u00bfC\u00f3mo no caer en el error?<\/span><\/strong><\/h4>\n<p style=\"text-align: justify;\">\u2014En efecto. Los bloqueadores de creatividad var\u00edan en cada etapa pero hay algunos muy claros. Por ejemplo, cuando impedimos la exploraci\u00f3n de los l\u00edmites, seg\u00fan corresponde a cada edad. O cuando les negamos que est\u00e9n con otros ni\u00f1os de su edad, o que no realicen actividades al aire libre al menos una vez al d\u00eda. Tambi\u00e9n es un error interrumpirles en los momentos de juego en solitario, o cuando est\u00e1n atentos a algo que despierta su curiosidad. Las interrupciones provocan frustraci\u00f3n y esta, no permite que se relajen a su propio ritmo.<\/p>\n<p style=\"text-align: justify;\"><a href=\"http:\/\/webdelmaestrocmf.com\/portal\/wp-content\/uploads\/2017\/04\/nora-rodriguez-espai-menut_opt.jpg\"><img loading=\"lazy\" decoding=\"async\" class=\"aligncenter wp-image-17236\" src=\"http:\/\/webdelmaestrocmf.com\/portal\/wp-content\/uploads\/2017\/04\/nora-rodriguez-espai-menut_opt.jpg\" alt=\"\" width=\"921\" height=\"458\" srcset=\"https:\/\/webdelmaestrocmf.com\/portal\/wp-content\/uploads\/2017\/04\/nora-rodriguez-espai-menut_opt.jpg 625w, https:\/\/webdelmaestrocmf.com\/portal\/wp-content\/uploads\/2017\/04\/nora-rodriguez-espai-menut_opt-300x149.jpg 300w, https:\/\/webdelmaestrocmf.com\/portal\/wp-content\/uploads\/2017\/04\/nora-rodriguez-espai-menut_opt-280x139.jpg 280w\" sizes=\"auto, (max-width: 921px) 100vw, 921px\" \/><\/a><\/p>\n<p style=\"text-align: justify;\">Por ejemplo, cuando los padres llevan a un ni\u00f1o de paseo y se queda extasiado viendo una hormiga, o una mariposa, o cuando van a un museo y le obligan a ver todo lo que hay all\u00ed sin que \u00e9l se tome el tiempo para observar y disfrutar qued\u00e1ndose el tiempo que desee frente a lo que le agrada. Esto transmite la idea de que lo que est\u00e1 haciendo no es importante para el adulto.<\/p>\n<p style=\"text-align: justify;\">Otro error tremendo es presionarles psicol\u00f3gicamente con comparaciones con hermanos, porque el otro baila mejor, lee m\u00e1s r\u00e1pido, toca mejor un instrumento\u2026 O vigilarle. Cuando un ni\u00f1o se da cuenta de que es observado por padres o profesores el impulso creativo y el deseo de probar y arriesgarse se apaga y se esconde.<\/p>\n<h4 style=\"text-align: justify;\"><strong><span class=\"pregunta-entrevista\">\u2014\u00bfQu\u00e9 consejos nos da para estas vacaciones?<\/span><\/strong><\/h4>\n<p style=\"text-align: justify;\">\u2014Que no estudien ni hagan deberes<strong> de vacaciones mientras est\u00e1n solos encerrados en su habitaci\u00f3n<\/strong>. En especial si son peque\u00f1os, necesitan de la cercan\u00eda del padre o la madre (no necesariamente para ayudarle en su tarea si sabe c\u00f3mo hacerla). Los deberes en vacaciones son necesarios porque los aprendizajes tienen que instalarse en la memoria a largo plazo (y mantenerse) pero eso no significa que los ni\u00f1os deban estar encerrados sin contacto con amigos durante tardes enteras. Al contrario, es bueno estudiar con gente ya que una buena conexi\u00f3n con los dem\u00e1s mejora notablemente el aprendizaje cognitivo.<\/p>\n<p style=\"text-align: justify;\">Tambi\u00e9n es recomendable hacerles ver que puedenaplicar a la realidad lo que ya saben. Por ejemplo, contando la vuelta de las compras mientras aprovechamos para jugar con ellos a \u00abqu\u00e9 hubiera pasado si\u2026 te hubiera dado dos monedas de 0,50 c\u00e9ntimos menos?\u00bb.<\/p>\n<h4 style=\"text-align: justify;\"><strong><span class=\"pregunta-entrevista\">\u2014\u00bfQu\u00e9 es lo que todo estudiante necesita saber para la educaci\u00f3n del siglo XXI, seg\u00fan usted?<\/span><\/strong><\/h4>\n<p style=\"text-align: justify;\">\u2014Que tiene que dormir bien, porque el cerebro se recarga durante el sue\u00f1o. Y que tiene que estudiar dando un sentido; separando por etapas lo que tiene que aprender. Tambi\u00e9n que deben mantenerse relajados, e incluir el movimiento en el aprendizaje (por ejemplo, a la hora de memorizar las tablas de multiplicar). Cada vez que le dicen a un ni\u00f1o \u00abno te muevas, estudia\u00bb, el cerebro aprende peor, o no aprende. De hecho una de la razones de la evoluci\u00f3n del cerebro es el movimiento. En esta l\u00ednea tambi\u00e9n hay que recordar que es ideal el ejercicio f\u00edsico antes y despu\u00e9s de un aprendizaje, porque se incrementa el ox\u00edgeno en la sangre, mejorando la motivaci\u00f3n. Y porque se aprende con todo el sistema nervioso, con el tubo digestivo, con los m\u00fasculos, y con las v\u00edsceras.<\/p>\n<h4 style=\"text-align: justify;\"><strong><span class=\"pregunta-entrevista\">\u2014Ahora se empieza ver a la adolescencia como una oportunidad evolutiva, m\u00e1s que como una \u00e9poca dif\u00edcil y compleja. \u00bfEst\u00e1 de acuerdo?<\/span><\/strong><\/h4>\n<p style=\"text-align: justify;\">\u2014Claro que s\u00ed. Resulta sorprendente y hasta incomprensible que a\u00fan se siga hablando de \u00abla edad del pavo\u00bb en tono desesperanzador, cuando hoy sabemos que los cambios que se producen en el cerebro entre los trece y los veinte a\u00f1os en ning\u00fan caso disminuyen las capacidades ni hacen que los adolescentes sean peores que los ni\u00f1os o los adultos. Sus capacidades son iguales que las de un cerebro adulto, con la \u00fanica diferencia de que est\u00e1n prepar\u00e1ndose para lo que ser\u00e1n sus logros en la vida.<\/p>\n<p style=\"text-align: justify;\">Lo que los adultos llaman \u00abhacer tonter\u00edas\u00bb se debe esencialmente al desarrollo lento y desigual del cerebro en esta etapa, que se produce por lo que ha denominado \u00abtorpeza neuronal\u00bb. Es un error pensar que son inmaduros, porque eso es compararlo con el cerebro adulto. En su lugar habr\u00eda que pensar que se trata de personas j\u00f3venes sensibles y adaptables, que se est\u00e1n preparando para la complicada tarea de alejarse del hogar, y enfrentarse con m\u00e1s adaptabilidad al mundo social que les espera. \u00bfPor qu\u00e9 no valorar las cualidades propias de la adolescencia m\u00e1s que considerarles un problema? <strong>La adolescencia es la etapa de mayor adaptabilidad del ser humano<\/strong>.<\/p>\n<h4 style=\"text-align: justify;\"><strong><span class=\"pregunta-entrevista\">\u2014Para terminar, hay un ep\u00edgrafe del libro que se pregunta c\u00f3mo pueden saber si los padres van por buen camino.<\/span><\/strong><\/h4>\n<p style=\"text-align: justify;\">\u2014Es f\u00e1cil. Si tu hijo se siente feliz de ser como es, pero con una felicidad que no pasa por el consumismo sino por aquello que le hace verdaderamente bien, si tiene amigos, sabe preguntarse y preguntar, si sabe darse respuestas, comparte, sabe volver a su interioridad por unos minutos&#8230; pues entonces vamos por buen camino. <strong>Est\u00e1 encontrando atajos para ser la mejor versi\u00f3n de s\u00ed mismo.<\/strong><\/p>\n<p><strong>Este contenido ha sido publicado originalmente por ABC (Espa\u00f1a)\u00a0en la siguiente direcci\u00f3n:\u00a0<a href=\"http:\/\/abc.es\" target=\"_blank\" rel=\"noopener\">abc.es<\/a>\u00a0| Carlota Fominaya<\/strong><\/p>\n","protected":false},"excerpt":{"rendered":"Entrevista con Nora Rodr\u00edguez, pedagoga y autora de \u00abNeuroeducaci\u00f3n para padres\u00bb \u00abEducar implica m\u00e1s que nunca informarse, saber,&hellip;","protected":false},"author":1,"featured_media":17233,"comment_status":"open","ping_status":"open","sticky":false,"template":"","format":"standard","meta":{"csco_display_header_overlay":false,"csco_singular_sidebar":"default","csco_page_header_type":"default","csco_page_load_nextpost":"default","csco_post_video_location":[],"csco_post_video_location_hash":"","csco_post_video_url":"","csco_post_video_bg_start_time":0,"csco_post_video_bg_end_time":0,"csco_post_video_bg_volume":false,"_jetpack_memberships_contains_paid_content":false,"footnotes":""},"categories":[6894],"tags":[1779,399,195,184],"class_list":{"0":"post-17232","1":"post","2":"type-post","3":"status-publish","4":"format-standard","5":"has-post-thumbnail","7":"category-sin-categoria-es","8":"tag-ambiente","9":"tag-emocional","10":"tag-nino","11":"tag-padres","12":"cs-entry","13":"cs-video-wrap"},"yoast_head":"<!-- This site is optimized with the Yoast SEO plugin v27.5 - https:\/\/yoast.com\/product\/yoast-seo-wordpress\/ -->\n<title>HOY LA MAYOR\u00cdA DE LOS PADRES SABEN QUE EL AMBIENTE EMOCIONAL ESCULPE EL CEREBRO DEL NI\u00d1O<\/title>\n<meta name=\"description\" content=\"Educar implica m\u00e1s que nunca informarse, saber, conocer y observar. Nuestro deber como padres es el de educar a nuestros hijos para que sean...\" \/>\n<meta name=\"robots\" content=\"index, follow, max-snippet:-1, max-image-preview:large, max-video-preview:-1\" \/>\n<link rel=\"canonical\" href=\"https:\/\/webdelmaestrocmf.com\/portal\/hoy-la-mayoria-de-los-padres-saben-que-el-ambiente-emocional-esculpe-el-cerebro-del-nino\/\" \/>\n<meta property=\"og:locale\" content=\"es_ES\" \/>\n<meta property=\"og:type\" content=\"article\" \/>\n<meta property=\"og:title\" content=\"HOY LA MAYOR\u00cdA DE LOS PADRES SABEN QUE EL AMBIENTE EMOCIONAL ESCULPE EL CEREBRO DEL NI\u00d1O\" \/>\n<meta property=\"og:description\" content=\"Educar implica m\u00e1s que nunca informarse, saber, conocer y observar. Nuestro deber como padres es el de educar a nuestros hijos para que sean...\" \/>\n<meta property=\"og:url\" content=\"https:\/\/webdelmaestrocmf.com\/portal\/hoy-la-mayoria-de-los-padres-saben-que-el-ambiente-emocional-esculpe-el-cerebro-del-nino\/\" \/>\n<meta property=\"og:site_name\" content=\"Web del Maestro CMF\" \/>\n<meta property=\"article:publisher\" content=\"https:\/\/www.facebook.com\/WebdelMaestroCMF\/\" \/>\n<meta property=\"article:author\" content=\"https:\/\/www.facebook.com\/WebdelMaestroCMF\/\" \/>\n<meta property=\"article:published_time\" content=\"2017-04-20T03:04:06+00:00\" \/>\n<meta property=\"article:modified_time\" content=\"2021-10-23T20:44:29+00:00\" \/>\n<meta property=\"og:image\" content=\"https:\/\/i0.wp.com\/webdelmaestrocmf.com\/portal\/wp-content\/uploads\/2017\/04\/Nora-Rodr\u00edguez.jpg?fit=855%2C405&ssl=1\" \/>\n\t<meta property=\"og:image:width\" content=\"855\" \/>\n\t<meta property=\"og:image:height\" content=\"405\" \/>\n\t<meta property=\"og:image:type\" content=\"image\/jpeg\" \/>\n<meta name=\"author\" content=\"Web del Maestro CMF\" \/>\n<meta name=\"twitter:card\" content=\"summary_large_image\" \/>\n<meta name=\"twitter:creator\" content=\"@cmf_w\" \/>\n<meta name=\"twitter:site\" content=\"@cmf_w\" \/>\n<script type=\"application\/ld+json\" class=\"yoast-schema-graph\">{\"@context\":\"https:\\\/\\\/schema.org\",\"@graph\":[{\"@type\":\"ScholarlyArticle\",\"@id\":\"https:\\\/\\\/webdelmaestrocmf.com\\\/portal\\\/hoy-la-mayoria-de-los-padres-saben-que-el-ambiente-emocional-esculpe-el-cerebro-del-nino\\\/#article\",\"isPartOf\":{\"@id\":\"https:\\\/\\\/webdelmaestrocmf.com\\\/portal\\\/hoy-la-mayoria-de-los-padres-saben-que-el-ambiente-emocional-esculpe-el-cerebro-del-nino\\\/\"},\"author\":{\"name\":\"Web del Maestro CMF\",\"@id\":\"https:\\\/\\\/webdelmaestrocmf.com\\\/portal\\\/#\\\/schema\\\/person\\\/1072a2ed7bd960df8ef99a551fa35dc5\"},\"headline\":\"HOY LA MAYOR\u00cdA DE LOS PADRES SABEN QUE EL AMBIENTE EMOCIONAL ESCULPE EL CEREBRO DEL NI\u00d1O\",\"datePublished\":\"2017-04-20T03:04:06+00:00\",\"dateModified\":\"2021-10-23T20:44:29+00:00\",\"mainEntityOfPage\":{\"@id\":\"https:\\\/\\\/webdelmaestrocmf.com\\\/portal\\\/hoy-la-mayoria-de-los-padres-saben-que-el-ambiente-emocional-esculpe-el-cerebro-del-nino\\\/\"},\"wordCount\":1941,\"commentCount\":0,\"publisher\":{\"@id\":\"https:\\\/\\\/webdelmaestrocmf.com\\\/portal\\\/#organization\"},\"image\":{\"@id\":\"https:\\\/\\\/webdelmaestrocmf.com\\\/portal\\\/hoy-la-mayoria-de-los-padres-saben-que-el-ambiente-emocional-esculpe-el-cerebro-del-nino\\\/#primaryimage\"},\"thumbnailUrl\":\"https:\\\/\\\/webdelmaestrocmf.com\\\/portal\\\/wp-content\\\/uploads\\\/2017\\\/04\\\/Nora-Rodr\u00edguez.jpg\",\"keywords\":[\"AMBIENTE\",\"EMOCIONAL\",\"ni\u00f1o\",\"padres\"],\"inLanguage\":\"es\",\"potentialAction\":[{\"@type\":\"CommentAction\",\"name\":\"Comment\",\"target\":[\"https:\\\/\\\/webdelmaestrocmf.com\\\/portal\\\/hoy-la-mayoria-de-los-padres-saben-que-el-ambiente-emocional-esculpe-el-cerebro-del-nino\\\/#respond\"]}]},{\"@type\":\"WebPage\",\"@id\":\"https:\\\/\\\/webdelmaestrocmf.com\\\/portal\\\/hoy-la-mayoria-de-los-padres-saben-que-el-ambiente-emocional-esculpe-el-cerebro-del-nino\\\/\",\"url\":\"https:\\\/\\\/webdelmaestrocmf.com\\\/portal\\\/hoy-la-mayoria-de-los-padres-saben-que-el-ambiente-emocional-esculpe-el-cerebro-del-nino\\\/\",\"name\":\"HOY LA MAYOR\u00cdA DE LOS PADRES SABEN QUE EL AMBIENTE EMOCIONAL ESCULPE EL CEREBRO DEL NI\u00d1O\",\"isPartOf\":{\"@id\":\"https:\\\/\\\/webdelmaestrocmf.com\\\/portal\\\/#website\"},\"primaryImageOfPage\":{\"@id\":\"https:\\\/\\\/webdelmaestrocmf.com\\\/portal\\\/hoy-la-mayoria-de-los-padres-saben-que-el-ambiente-emocional-esculpe-el-cerebro-del-nino\\\/#primaryimage\"},\"image\":{\"@id\":\"https:\\\/\\\/webdelmaestrocmf.com\\\/portal\\\/hoy-la-mayoria-de-los-padres-saben-que-el-ambiente-emocional-esculpe-el-cerebro-del-nino\\\/#primaryimage\"},\"thumbnailUrl\":\"https:\\\/\\\/webdelmaestrocmf.com\\\/portal\\\/wp-content\\\/uploads\\\/2017\\\/04\\\/Nora-Rodr\u00edguez.jpg\",\"datePublished\":\"2017-04-20T03:04:06+00:00\",\"dateModified\":\"2021-10-23T20:44:29+00:00\",\"description\":\"Educar implica m\u00e1s que nunca informarse, saber, conocer y observar. Nuestro deber como padres es el de educar a nuestros hijos para que sean...\",\"breadcrumb\":{\"@id\":\"https:\\\/\\\/webdelmaestrocmf.com\\\/portal\\\/hoy-la-mayoria-de-los-padres-saben-que-el-ambiente-emocional-esculpe-el-cerebro-del-nino\\\/#breadcrumb\"},\"inLanguage\":\"es\",\"potentialAction\":[{\"@type\":\"ReadAction\",\"target\":[\"https:\\\/\\\/webdelmaestrocmf.com\\\/portal\\\/hoy-la-mayoria-de-los-padres-saben-que-el-ambiente-emocional-esculpe-el-cerebro-del-nino\\\/\"]}]},{\"@type\":\"ImageObject\",\"inLanguage\":\"es\",\"@id\":\"https:\\\/\\\/webdelmaestrocmf.com\\\/portal\\\/hoy-la-mayoria-de-los-padres-saben-que-el-ambiente-emocional-esculpe-el-cerebro-del-nino\\\/#primaryimage\",\"url\":\"https:\\\/\\\/webdelmaestrocmf.com\\\/portal\\\/wp-content\\\/uploads\\\/2017\\\/04\\\/Nora-Rodr\u00edguez.jpg\",\"contentUrl\":\"https:\\\/\\\/webdelmaestrocmf.com\\\/portal\\\/wp-content\\\/uploads\\\/2017\\\/04\\\/Nora-Rodr\u00edguez.jpg\",\"width\":855,\"height\":405},{\"@type\":\"BreadcrumbList\",\"@id\":\"https:\\\/\\\/webdelmaestrocmf.com\\\/portal\\\/hoy-la-mayoria-de-los-padres-saben-que-el-ambiente-emocional-esculpe-el-cerebro-del-nino\\\/#breadcrumb\",\"itemListElement\":[{\"@type\":\"ListItem\",\"position\":1,\"name\":\"Portada\",\"item\":\"https:\\\/\\\/webdelmaestrocmf.com\\\/portal\\\/\"},{\"@type\":\"ListItem\",\"position\":2,\"name\":\"Noticias\",\"item\":\"https:\\\/\\\/webdelmaestrocmf.com\\\/portal\\\/category\\\/noticias\\\/\"},{\"@type\":\"ListItem\",\"position\":3,\"name\":\"HOY LA MAYOR\u00cdA DE LOS PADRES SABEN QUE EL AMBIENTE EMOCIONAL ESCULPE EL CEREBRO DEL NI\u00d1O\"}]},{\"@type\":\"WebSite\",\"@id\":\"https:\\\/\\\/webdelmaestrocmf.com\\\/portal\\\/#website\",\"url\":\"https:\\\/\\\/webdelmaestrocmf.com\\\/portal\\\/\",\"name\":\"Web del Maestro CMF\",\"description\":\"Maestros al servicio de la educaci\u00f3n\",\"publisher\":{\"@id\":\"https:\\\/\\\/webdelmaestrocmf.com\\\/portal\\\/#organization\"},\"alternateName\":\"WMCMF\",\"potentialAction\":[{\"@type\":\"SearchAction\",\"target\":{\"@type\":\"EntryPoint\",\"urlTemplate\":\"https:\\\/\\\/webdelmaestrocmf.com\\\/portal\\\/?s={search_term_string}\"},\"query-input\":{\"@type\":\"PropertyValueSpecification\",\"valueRequired\":true,\"valueName\":\"search_term_string\"}}],\"inLanguage\":\"es\"},{\"@type\":\"Organization\",\"@id\":\"https:\\\/\\\/webdelmaestrocmf.com\\\/portal\\\/#organization\",\"name\":\"Web del Maestro CMF\",\"alternateName\":\"WMCMF\",\"url\":\"https:\\\/\\\/webdelmaestrocmf.com\\\/portal\\\/\",\"logo\":{\"@type\":\"ImageObject\",\"inLanguage\":\"es\",\"@id\":\"https:\\\/\\\/webdelmaestrocmf.com\\\/portal\\\/#\\\/schema\\\/logo\\\/image\\\/\",\"url\":\"https:\\\/\\\/webdelmaestrocmf.com\\\/portal\\\/wp-content\\\/uploads\\\/2023\\\/01\\\/logo-wmcmf-2.png\",\"contentUrl\":\"https:\\\/\\\/webdelmaestrocmf.com\\\/portal\\\/wp-content\\\/uploads\\\/2023\\\/01\\\/logo-wmcmf-2.png\",\"width\":200,\"height\":60,\"caption\":\"Web del Maestro CMF\"},\"image\":{\"@id\":\"https:\\\/\\\/webdelmaestrocmf.com\\\/portal\\\/#\\\/schema\\\/logo\\\/image\\\/\"},\"sameAs\":[\"https:\\\/\\\/www.facebook.com\\\/WebdelMaestroCMF\\\/\",\"https:\\\/\\\/x.com\\\/cmf_w\",\"https:\\\/\\\/www.pinterest.com\\\/WMCMF\\\/\",\"https:\\\/\\\/www.linkedin.com\\\/company\\\/web-del-maestro-cmf\\\/\",\"https:\\\/\\\/www.instagram.com\\\/wmcmf\\\/\",\"https:\\\/\\\/www.youtube.com\\\/channel\\\/UCDPSvjbdodE5sHnC3OxutHw\",\"https:\\\/\\\/mastodon.social\\\/@wmcmf\",\"https:\\\/\\\/www.tiktok.com\\\/@webdelmaestrocmf\"]},{\"@type\":\"Person\",\"@id\":\"https:\\\/\\\/webdelmaestrocmf.com\\\/portal\\\/#\\\/schema\\\/person\\\/1072a2ed7bd960df8ef99a551fa35dc5\",\"name\":\"Web del Maestro CMF\",\"image\":{\"@type\":\"ImageObject\",\"inLanguage\":\"es\",\"@id\":\"https:\\\/\\\/secure.gravatar.com\\\/avatar\\\/23291dd5b5ae1077dcff3dbb04c3e02bd28403fa75af6d8787d5e97c5bbbe30b?s=96&d=mm&r=g\",\"url\":\"https:\\\/\\\/secure.gravatar.com\\\/avatar\\\/23291dd5b5ae1077dcff3dbb04c3e02bd28403fa75af6d8787d5e97c5bbbe30b?s=96&d=mm&r=g\",\"contentUrl\":\"https:\\\/\\\/secure.gravatar.com\\\/avatar\\\/23291dd5b5ae1077dcff3dbb04c3e02bd28403fa75af6d8787d5e97c5bbbe30b?s=96&d=mm&r=g\",\"caption\":\"Web del Maestro CMF\"},\"description\":\"Esta Web se cre\u00f3 sin fines de lucro, con fines educativos, cient\u00edficos y acad\u00e9micos, para personas que tengan dificultades y\\\/o inconvenientes en visualizar el material original. El objetivo es entregar recursos, compartir experiencias y materiales que ayuden a los padres de familia, maestros y estudiantes en su actualizaci\u00f3n y formaci\u00f3n permanente, en bien de la Educaci\u00f3n.\",\"sameAs\":[\"http:\\\/\\\/webdelmaestrocmf.com\\\/portal\",\"https:\\\/\\\/www.facebook.com\\\/WebdelMaestroCMF\\\/\",\"https:\\\/\\\/www.instagram.com\\\/wmcmf\\\/\",\"https:\\\/\\\/cl.linkedin.com\\\/company\\\/web-del-maestro-cmf\",\"https:\\\/\\\/www.pinterest.com\\\/WMCMF\\\/publicaciones\\\/\",\"https:\\\/\\\/x.com\\\/cmf_w\",\"https:\\\/\\\/www.youtube.com\\\/@WMCMF\"]}]}<\/script>\n<!-- \/ Yoast SEO plugin. -->","yoast_head_json":{"title":"HOY LA MAYOR\u00cdA DE LOS PADRES SABEN QUE EL AMBIENTE EMOCIONAL ESCULPE EL CEREBRO DEL NI\u00d1O","description":"Educar implica m\u00e1s que nunca informarse, saber, conocer y observar. Nuestro deber como padres es el de educar a nuestros hijos para que sean...","robots":{"index":"index","follow":"follow","max-snippet":"max-snippet:-1","max-image-preview":"max-image-preview:large","max-video-preview":"max-video-preview:-1"},"canonical":"https:\/\/webdelmaestrocmf.com\/portal\/hoy-la-mayoria-de-los-padres-saben-que-el-ambiente-emocional-esculpe-el-cerebro-del-nino\/","og_locale":"es_ES","og_type":"article","og_title":"HOY LA MAYOR\u00cdA DE LOS PADRES SABEN QUE EL AMBIENTE EMOCIONAL ESCULPE EL CEREBRO DEL NI\u00d1O","og_description":"Educar implica m\u00e1s que nunca informarse, saber, conocer y observar. Nuestro deber como padres es el de educar a nuestros hijos para que sean...","og_url":"https:\/\/webdelmaestrocmf.com\/portal\/hoy-la-mayoria-de-los-padres-saben-que-el-ambiente-emocional-esculpe-el-cerebro-del-nino\/","og_site_name":"Web del Maestro CMF","article_publisher":"https:\/\/www.facebook.com\/WebdelMaestroCMF\/","article_author":"https:\/\/www.facebook.com\/WebdelMaestroCMF\/","article_published_time":"2017-04-20T03:04:06+00:00","article_modified_time":"2021-10-23T20:44:29+00:00","og_image":[{"width":855,"height":405,"url":"https:\/\/i0.wp.com\/webdelmaestrocmf.com\/portal\/wp-content\/uploads\/2017\/04\/Nora-Rodr\u00edguez.jpg?fit=855%2C405&ssl=1","type":"image\/jpeg"}],"author":"Web del Maestro CMF","twitter_card":"summary_large_image","twitter_creator":"@cmf_w","twitter_site":"@cmf_w","schema":{"@context":"https:\/\/schema.org","@graph":[{"@type":"ScholarlyArticle","@id":"https:\/\/webdelmaestrocmf.com\/portal\/hoy-la-mayoria-de-los-padres-saben-que-el-ambiente-emocional-esculpe-el-cerebro-del-nino\/#article","isPartOf":{"@id":"https:\/\/webdelmaestrocmf.com\/portal\/hoy-la-mayoria-de-los-padres-saben-que-el-ambiente-emocional-esculpe-el-cerebro-del-nino\/"},"author":{"name":"Web del Maestro CMF","@id":"https:\/\/webdelmaestrocmf.com\/portal\/#\/schema\/person\/1072a2ed7bd960df8ef99a551fa35dc5"},"headline":"HOY LA MAYOR\u00cdA DE LOS PADRES SABEN QUE EL AMBIENTE EMOCIONAL ESCULPE EL CEREBRO DEL NI\u00d1O","datePublished":"2017-04-20T03:04:06+00:00","dateModified":"2021-10-23T20:44:29+00:00","mainEntityOfPage":{"@id":"https:\/\/webdelmaestrocmf.com\/portal\/hoy-la-mayoria-de-los-padres-saben-que-el-ambiente-emocional-esculpe-el-cerebro-del-nino\/"},"wordCount":1941,"commentCount":0,"publisher":{"@id":"https:\/\/webdelmaestrocmf.com\/portal\/#organization"},"image":{"@id":"https:\/\/webdelmaestrocmf.com\/portal\/hoy-la-mayoria-de-los-padres-saben-que-el-ambiente-emocional-esculpe-el-cerebro-del-nino\/#primaryimage"},"thumbnailUrl":"https:\/\/webdelmaestrocmf.com\/portal\/wp-content\/uploads\/2017\/04\/Nora-Rodr\u00edguez.jpg","keywords":["AMBIENTE","EMOCIONAL","ni\u00f1o","padres"],"inLanguage":"es","potentialAction":[{"@type":"CommentAction","name":"Comment","target":["https:\/\/webdelmaestrocmf.com\/portal\/hoy-la-mayoria-de-los-padres-saben-que-el-ambiente-emocional-esculpe-el-cerebro-del-nino\/#respond"]}]},{"@type":"WebPage","@id":"https:\/\/webdelmaestrocmf.com\/portal\/hoy-la-mayoria-de-los-padres-saben-que-el-ambiente-emocional-esculpe-el-cerebro-del-nino\/","url":"https:\/\/webdelmaestrocmf.com\/portal\/hoy-la-mayoria-de-los-padres-saben-que-el-ambiente-emocional-esculpe-el-cerebro-del-nino\/","name":"HOY LA MAYOR\u00cdA DE LOS PADRES SABEN QUE EL AMBIENTE EMOCIONAL ESCULPE EL CEREBRO DEL NI\u00d1O","isPartOf":{"@id":"https:\/\/webdelmaestrocmf.com\/portal\/#website"},"primaryImageOfPage":{"@id":"https:\/\/webdelmaestrocmf.com\/portal\/hoy-la-mayoria-de-los-padres-saben-que-el-ambiente-emocional-esculpe-el-cerebro-del-nino\/#primaryimage"},"image":{"@id":"https:\/\/webdelmaestrocmf.com\/portal\/hoy-la-mayoria-de-los-padres-saben-que-el-ambiente-emocional-esculpe-el-cerebro-del-nino\/#primaryimage"},"thumbnailUrl":"https:\/\/webdelmaestrocmf.com\/portal\/wp-content\/uploads\/2017\/04\/Nora-Rodr\u00edguez.jpg","datePublished":"2017-04-20T03:04:06+00:00","dateModified":"2021-10-23T20:44:29+00:00","description":"Educar implica m\u00e1s que nunca informarse, saber, conocer y observar. Nuestro deber como padres es el de educar a nuestros hijos para que sean...","breadcrumb":{"@id":"https:\/\/webdelmaestrocmf.com\/portal\/hoy-la-mayoria-de-los-padres-saben-que-el-ambiente-emocional-esculpe-el-cerebro-del-nino\/#breadcrumb"},"inLanguage":"es","potentialAction":[{"@type":"ReadAction","target":["https:\/\/webdelmaestrocmf.com\/portal\/hoy-la-mayoria-de-los-padres-saben-que-el-ambiente-emocional-esculpe-el-cerebro-del-nino\/"]}]},{"@type":"ImageObject","inLanguage":"es","@id":"https:\/\/webdelmaestrocmf.com\/portal\/hoy-la-mayoria-de-los-padres-saben-que-el-ambiente-emocional-esculpe-el-cerebro-del-nino\/#primaryimage","url":"https:\/\/webdelmaestrocmf.com\/portal\/wp-content\/uploads\/2017\/04\/Nora-Rodr\u00edguez.jpg","contentUrl":"https:\/\/webdelmaestrocmf.com\/portal\/wp-content\/uploads\/2017\/04\/Nora-Rodr\u00edguez.jpg","width":855,"height":405},{"@type":"BreadcrumbList","@id":"https:\/\/webdelmaestrocmf.com\/portal\/hoy-la-mayoria-de-los-padres-saben-que-el-ambiente-emocional-esculpe-el-cerebro-del-nino\/#breadcrumb","itemListElement":[{"@type":"ListItem","position":1,"name":"Portada","item":"https:\/\/webdelmaestrocmf.com\/portal\/"},{"@type":"ListItem","position":2,"name":"Noticias","item":"https:\/\/webdelmaestrocmf.com\/portal\/category\/noticias\/"},{"@type":"ListItem","position":3,"name":"HOY LA MAYOR\u00cdA DE LOS PADRES SABEN QUE EL AMBIENTE EMOCIONAL ESCULPE EL CEREBRO DEL NI\u00d1O"}]},{"@type":"WebSite","@id":"https:\/\/webdelmaestrocmf.com\/portal\/#website","url":"https:\/\/webdelmaestrocmf.com\/portal\/","name":"Web del Maestro CMF","description":"Maestros al servicio de la educaci\u00f3n","publisher":{"@id":"https:\/\/webdelmaestrocmf.com\/portal\/#organization"},"alternateName":"WMCMF","potentialAction":[{"@type":"SearchAction","target":{"@type":"EntryPoint","urlTemplate":"https:\/\/webdelmaestrocmf.com\/portal\/?s={search_term_string}"},"query-input":{"@type":"PropertyValueSpecification","valueRequired":true,"valueName":"search_term_string"}}],"inLanguage":"es"},{"@type":"Organization","@id":"https:\/\/webdelmaestrocmf.com\/portal\/#organization","name":"Web del Maestro CMF","alternateName":"WMCMF","url":"https:\/\/webdelmaestrocmf.com\/portal\/","logo":{"@type":"ImageObject","inLanguage":"es","@id":"https:\/\/webdelmaestrocmf.com\/portal\/#\/schema\/logo\/image\/","url":"https:\/\/webdelmaestrocmf.com\/portal\/wp-content\/uploads\/2023\/01\/logo-wmcmf-2.png","contentUrl":"https:\/\/webdelmaestrocmf.com\/portal\/wp-content\/uploads\/2023\/01\/logo-wmcmf-2.png","width":200,"height":60,"caption":"Web del Maestro CMF"},"image":{"@id":"https:\/\/webdelmaestrocmf.com\/portal\/#\/schema\/logo\/image\/"},"sameAs":["https:\/\/www.facebook.com\/WebdelMaestroCMF\/","https:\/\/x.com\/cmf_w","https:\/\/www.pinterest.com\/WMCMF\/","https:\/\/www.linkedin.com\/company\/web-del-maestro-cmf\/","https:\/\/www.instagram.com\/wmcmf\/","https:\/\/www.youtube.com\/channel\/UCDPSvjbdodE5sHnC3OxutHw","https:\/\/mastodon.social\/@wmcmf","https:\/\/www.tiktok.com\/@webdelmaestrocmf"]},{"@type":"Person","@id":"https:\/\/webdelmaestrocmf.com\/portal\/#\/schema\/person\/1072a2ed7bd960df8ef99a551fa35dc5","name":"Web del Maestro CMF","image":{"@type":"ImageObject","inLanguage":"es","@id":"https:\/\/secure.gravatar.com\/avatar\/23291dd5b5ae1077dcff3dbb04c3e02bd28403fa75af6d8787d5e97c5bbbe30b?s=96&d=mm&r=g","url":"https:\/\/secure.gravatar.com\/avatar\/23291dd5b5ae1077dcff3dbb04c3e02bd28403fa75af6d8787d5e97c5bbbe30b?s=96&d=mm&r=g","contentUrl":"https:\/\/secure.gravatar.com\/avatar\/23291dd5b5ae1077dcff3dbb04c3e02bd28403fa75af6d8787d5e97c5bbbe30b?s=96&d=mm&r=g","caption":"Web del Maestro CMF"},"description":"Esta Web se cre\u00f3 sin fines de lucro, con fines educativos, cient\u00edficos y acad\u00e9micos, para personas que tengan dificultades y\/o inconvenientes en visualizar el material original. El objetivo es entregar recursos, compartir experiencias y materiales que ayuden a los padres de familia, maestros y estudiantes en su actualizaci\u00f3n y formaci\u00f3n permanente, en bien de la Educaci\u00f3n.","sameAs":["http:\/\/webdelmaestrocmf.com\/portal","https:\/\/www.facebook.com\/WebdelMaestroCMF\/","https:\/\/www.instagram.com\/wmcmf\/","https:\/\/cl.linkedin.com\/company\/web-del-maestro-cmf","https:\/\/www.pinterest.com\/WMCMF\/publicaciones\/","https:\/\/x.com\/cmf_w","https:\/\/www.youtube.com\/@WMCMF"]}]}},"jetpack_featured_media_url":"https:\/\/webdelmaestrocmf.com\/portal\/wp-content\/uploads\/2017\/04\/Nora-Rodr\u00edguez.jpg","jetpack_sharing_enabled":true,"jetpack-related-posts":[{"id":27344,"url":"https:\/\/webdelmaestrocmf.com\/portal\/cuando-se-ejercita-las-habilidades-los-talentos-salen-naturalmente\/","url_meta":{"origin":17232,"position":0},"title":"Nora Rodr\u00edguez: Cuando se ejercita las habilidades, los talentos salen naturalmente","author":"Web del Maestro CMF","date":"24 abril, 2018","format":false,"excerpt":"La profesora Nora Rodr\u00edguez estudi\u00f3 filolog\u00eda y pedagog\u00eda en su Buenos Aires natal, especializ\u00e1ndose en el trabajo con ni\u00f1os conflictivos. Actualmente reside en Espa\u00f1a, convirti\u00e9ndose en uno de los referentes en el estudio del acoso y violencia escolar. Es autora de libris como \u201cAtr\u00e9vete a hablar de sexo con tu\u2026","rel":"","context":"En \u00abEntrevistas\u00bb","block_context":{"text":"Entrevistas","link":"https:\/\/webdelmaestrocmf.com\/portal\/category\/noticias\/entrevistas\/"},"img":{"alt_text":"","src":"https:\/\/i0.wp.com\/webdelmaestrocmf.com\/portal\/wp-content\/uploads\/2018\/04\/Nora-Rodriguez.jpg?resize=350%2C200&ssl=1","width":350,"height":200,"srcset":"https:\/\/i0.wp.com\/webdelmaestrocmf.com\/portal\/wp-content\/uploads\/2018\/04\/Nora-Rodriguez.jpg?resize=350%2C200&ssl=1 1x, https:\/\/i0.wp.com\/webdelmaestrocmf.com\/portal\/wp-content\/uploads\/2018\/04\/Nora-Rodriguez.jpg?resize=525%2C300&ssl=1 1.5x, https:\/\/i0.wp.com\/webdelmaestrocmf.com\/portal\/wp-content\/uploads\/2018\/04\/Nora-Rodriguez.jpg?resize=700%2C400&ssl=1 2x, https:\/\/i0.wp.com\/webdelmaestrocmf.com\/portal\/wp-content\/uploads\/2018\/04\/Nora-Rodriguez.jpg?resize=1050%2C600&ssl=1 3x"},"classes":[]},{"id":26846,"url":"https:\/\/webdelmaestrocmf.com\/portal\/la-labor-pedagogica-de-los-docentes-y-tambien-de-los-padres-ya-no-es-la-de-informar-es-la-de-guiar\/","url_meta":{"origin":17232,"position":1},"title":"Nora Rodr\u00edguez: La labor pedag\u00f3gica de los docentes y tambi\u00e9n de los padres ya no es la de informar, es la de guiar","author":"Web del Maestro CMF","date":"12 marzo, 2018","format":false,"excerpt":"La Periodista de El Mundo Castell\u00f3n al D\u00eda (Espa\u00f1a), Carmen Hern\u00e1ndez, entrevist\u00f3 a la pedagoga y escritora argentina Nora Rodr\u00edguez, creadora del programa Educar para la felicidad, para aulas libres de violencia. Autora de m\u00e1s de treinta libros sobre c\u00f3mo educar a ni\u00f1os y adolescentes en sinton\u00eda con el cerebro.\u2026","rel":"","context":"En \u00abEntrevistas\u00bb","block_context":{"text":"Entrevistas","link":"https:\/\/webdelmaestrocmf.com\/portal\/category\/noticias\/entrevistas\/"},"img":{"alt_text":"","src":"https:\/\/i0.wp.com\/webdelmaestrocmf.com\/portal\/wp-content\/uploads\/2018\/03\/Nora-Rodriguez.jpg?resize=350%2C200&ssl=1","width":350,"height":200,"srcset":"https:\/\/i0.wp.com\/webdelmaestrocmf.com\/portal\/wp-content\/uploads\/2018\/03\/Nora-Rodriguez.jpg?resize=350%2C200&ssl=1 1x, https:\/\/i0.wp.com\/webdelmaestrocmf.com\/portal\/wp-content\/uploads\/2018\/03\/Nora-Rodriguez.jpg?resize=525%2C300&ssl=1 1.5x, https:\/\/i0.wp.com\/webdelmaestrocmf.com\/portal\/wp-content\/uploads\/2018\/03\/Nora-Rodriguez.jpg?resize=700%2C400&ssl=1 2x, https:\/\/i0.wp.com\/webdelmaestrocmf.com\/portal\/wp-content\/uploads\/2018\/03\/Nora-Rodriguez.jpg?resize=1050%2C600&ssl=1 3x"},"classes":[]},{"id":20129,"url":"https:\/\/webdelmaestrocmf.com\/portal\/cerebro-se-cansa-recreos-cerebrales\/","url_meta":{"origin":17232,"position":2},"title":"Nora Rodr\u00edguez: El cerebro se cansa, y debe hacer recreos cerebrales","author":"Web del Maestro CMF","date":"19 mayo, 2023","format":false,"excerpt":"S\u00bfQu\u00e9 tan importante es, para los profesores, conocer las neurociencias? \u00bfC\u00f3mo las neurociencias pueden ser de gran utilidad a los padres de familia a la hora de educa? Entre muchas otras cosas sostienen que los padres, dise\u00f1an a modo de arquitectos inconscientes, los cerebros de sus hijos. As\u00ed mismo toda\u2026","rel":"","context":"En \u00abEntrevistas\u00bb","block_context":{"text":"Entrevistas","link":"https:\/\/webdelmaestrocmf.com\/portal\/category\/noticias\/entrevistas\/"},"img":{"alt_text":"","src":"https:\/\/i0.wp.com\/webdelmaestrocmf.com\/portal\/wp-content\/uploads\/2017\/07\/1-1-scaled.jpeg?resize=350%2C200&ssl=1","width":350,"height":200,"srcset":"https:\/\/i0.wp.com\/webdelmaestrocmf.com\/portal\/wp-content\/uploads\/2017\/07\/1-1-scaled.jpeg?resize=350%2C200&ssl=1 1x, https:\/\/i0.wp.com\/webdelmaestrocmf.com\/portal\/wp-content\/uploads\/2017\/07\/1-1-scaled.jpeg?resize=525%2C300&ssl=1 1.5x, https:\/\/i0.wp.com\/webdelmaestrocmf.com\/portal\/wp-content\/uploads\/2017\/07\/1-1-scaled.jpeg?resize=700%2C400&ssl=1 2x, https:\/\/i0.wp.com\/webdelmaestrocmf.com\/portal\/wp-content\/uploads\/2017\/07\/1-1-scaled.jpeg?resize=1050%2C600&ssl=1 3x, https:\/\/i0.wp.com\/webdelmaestrocmf.com\/portal\/wp-content\/uploads\/2017\/07\/1-1-scaled.jpeg?resize=1400%2C800&ssl=1 4x"},"classes":[]},{"id":42025,"url":"https:\/\/webdelmaestrocmf.com\/portal\/nora-rodriguez-el-trabajo-colaborativo-comienza-por-despertar-el-cerebro-social-para-que-se-ensenen-y-se-eduquen-unos-a-otros\/","url_meta":{"origin":17232,"position":3},"title":"Nora Rodr\u00edguez: El trabajo colaborativo comienza por despertar el cerebro social para que se ense\u00f1en y se eduquen unos a otros","author":"Web del Maestro CMF","date":"22 noviembre, 2019","format":false,"excerpt":"La profesora argentina Nora Rodr\u00edguez Vega, es creadora del programa Educar para la felicidad, para lograr tener aulas libres de violencia. Conferenciante en diversos ambientes educativos, tambi\u00e9n ha participado en las famosas charlas TEDx, compartiendo su experiencia como docente de alumnos conflictivos, en ambientes de marginalidad. Como escritora cuenta con\u2026","rel":"","context":"En \u00abEntrevistas\u00bb","block_context":{"text":"Entrevistas","link":"https:\/\/webdelmaestrocmf.com\/portal\/category\/noticias\/entrevistas\/"},"img":{"alt_text":"","src":"https:\/\/i0.wp.com\/webdelmaestrocmf.com\/portal\/wp-content\/uploads\/2019\/11\/1-80.jpg?resize=350%2C200&ssl=1","width":350,"height":200,"srcset":"https:\/\/i0.wp.com\/webdelmaestrocmf.com\/portal\/wp-content\/uploads\/2019\/11\/1-80.jpg?resize=350%2C200&ssl=1 1x, https:\/\/i0.wp.com\/webdelmaestrocmf.com\/portal\/wp-content\/uploads\/2019\/11\/1-80.jpg?resize=525%2C300&ssl=1 1.5x, https:\/\/i0.wp.com\/webdelmaestrocmf.com\/portal\/wp-content\/uploads\/2019\/11\/1-80.jpg?resize=700%2C400&ssl=1 2x, https:\/\/i0.wp.com\/webdelmaestrocmf.com\/portal\/wp-content\/uploads\/2019\/11\/1-80.jpg?resize=1050%2C600&ssl=1 3x"},"classes":[]},{"id":42585,"url":"https:\/\/webdelmaestrocmf.com\/portal\/nora-rodriguez-la-generosidad-la-amabilidad-la-empatia-la-ayuda-mutua-entre-otros-nos-hacen-mejores-seres-humanos\/","url_meta":{"origin":17232,"position":4},"title":"Nora Rodr\u00edguez: La generosidad, la amabilidad, la empat\u00eda, la ayuda mutua, entre otros, nos hacen mejores seres humanos","author":"Web del Maestro CMF","date":"2 julio, 2025","format":false,"excerpt":"Urge educar en sinton\u00eda con el cerebro porque la educaci\u00f3n est\u00e1 cambiando a pasos agigantados","rel":"","context":"En \u00abEntrevistas\u00bb","block_context":{"text":"Entrevistas","link":"https:\/\/webdelmaestrocmf.com\/portal\/category\/noticias\/entrevistas\/"},"img":{"alt_text":"","src":"https:\/\/i0.wp.com\/webdelmaestrocmf.com\/portal\/wp-content\/uploads\/2019\/12\/1A-Banner-1-portada-imagen-10-1-copia-46.jpg?resize=350%2C200&ssl=1","width":350,"height":200,"srcset":"https:\/\/i0.wp.com\/webdelmaestrocmf.com\/portal\/wp-content\/uploads\/2019\/12\/1A-Banner-1-portada-imagen-10-1-copia-46.jpg?resize=350%2C200&ssl=1 1x, https:\/\/i0.wp.com\/webdelmaestrocmf.com\/portal\/wp-content\/uploads\/2019\/12\/1A-Banner-1-portada-imagen-10-1-copia-46.jpg?resize=525%2C300&ssl=1 1.5x, https:\/\/i0.wp.com\/webdelmaestrocmf.com\/portal\/wp-content\/uploads\/2019\/12\/1A-Banner-1-portada-imagen-10-1-copia-46.jpg?resize=700%2C400&ssl=1 2x"},"classes":[]},{"id":19396,"url":"https:\/\/webdelmaestrocmf.com\/portal\/maestro-esta-transformando-muchos-casos-quiza-siempre\/","url_meta":{"origin":17232,"position":5},"title":"Francisco Mora: El maestro est\u00e1 transformando, en muchos casos quiz\u00e1 para siempre, el cerebro del ni\u00f1o","author":"Web del Maestro CMF","date":"14 diciembre, 2019","format":false,"excerpt":"De ah\u00ed la enorme responsabilidad del ense\u00f1ar. De ah\u00ed la enorme trascendencia para una sociedad, que tiene que determinar y seleccionar muy cuidadosamente quienes van a ser maestros y profesores. La entrevista a Francisco Mora, que compartimos \u00fanicamente con fines educativos \u2013 pastorales. Ha sido publicada por el Blog EL\u2026","rel":"","context":"En \u00abEntrevistas\u00bb","block_context":{"text":"Entrevistas","link":"https:\/\/webdelmaestrocmf.com\/portal\/category\/noticias\/entrevistas\/"},"img":{"alt_text":"Francisco Mora","src":"https:\/\/i0.wp.com\/webdelmaestrocmf.com\/portal\/wp-content\/uploads\/2019\/12\/Banner-portada-2023-1.jpg?resize=350%2C200&ssl=1","width":350,"height":200,"srcset":"https:\/\/i0.wp.com\/webdelmaestrocmf.com\/portal\/wp-content\/uploads\/2019\/12\/Banner-portada-2023-1.jpg?resize=350%2C200&ssl=1 1x, https:\/\/i0.wp.com\/webdelmaestrocmf.com\/portal\/wp-content\/uploads\/2019\/12\/Banner-portada-2023-1.jpg?resize=525%2C300&ssl=1 1.5x, https:\/\/i0.wp.com\/webdelmaestrocmf.com\/portal\/wp-content\/uploads\/2019\/12\/Banner-portada-2023-1.jpg?resize=700%2C400&ssl=1 2x"},"classes":[]}],"_links":{"self":[{"href":"https:\/\/webdelmaestrocmf.com\/portal\/wp-json\/wp\/v2\/posts\/17232","targetHints":{"allow":["GET"]}}],"collection":[{"href":"https:\/\/webdelmaestrocmf.com\/portal\/wp-json\/wp\/v2\/posts"}],"about":[{"href":"https:\/\/webdelmaestrocmf.com\/portal\/wp-json\/wp\/v2\/types\/post"}],"author":[{"embeddable":true,"href":"https:\/\/webdelmaestrocmf.com\/portal\/wp-json\/wp\/v2\/users\/1"}],"replies":[{"embeddable":true,"href":"https:\/\/webdelmaestrocmf.com\/portal\/wp-json\/wp\/v2\/comments?post=17232"}],"version-history":[{"count":0,"href":"https:\/\/webdelmaestrocmf.com\/portal\/wp-json\/wp\/v2\/posts\/17232\/revisions"}],"wp:featuredmedia":[{"embeddable":true,"href":"https:\/\/webdelmaestrocmf.com\/portal\/wp-json\/wp\/v2\/media\/17233"}],"wp:attachment":[{"href":"https:\/\/webdelmaestrocmf.com\/portal\/wp-json\/wp\/v2\/media?parent=17232"}],"wp:term":[{"taxonomy":"category","embeddable":true,"href":"https:\/\/webdelmaestrocmf.com\/portal\/wp-json\/wp\/v2\/categories?post=17232"},{"taxonomy":"post_tag","embeddable":true,"href":"https:\/\/webdelmaestrocmf.com\/portal\/wp-json\/wp\/v2\/tags?post=17232"}],"curies":[{"name":"wp","href":"https:\/\/api.w.org\/{rel}","templated":true}]}}