{"id":16403,"date":"2017-08-03T10:58:16","date_gmt":"2017-08-03T14:58:16","guid":{"rendered":"http:\/\/webdelmaestrocmf.com\/portal\/?p=16403"},"modified":"2021-12-31T19:36:20","modified_gmt":"2021-12-31T22:36:20","slug":"como-hacer-que-los-ninos-sean-ordenados","status":"publish","type":"post","link":"https:\/\/webdelmaestrocmf.com\/portal\/como-hacer-que-los-ninos-sean-ordenados\/","title":{"rendered":"C\u00f3mo hacer que los ni\u00f1os sean ordenados"},"content":{"rendered":"<h5 style=\"text-align: justify;\">La\u00a0<strong>desorganizaci\u00f3n puede convertirse en un problema para muchos ni\u00f1os<\/strong>, sobre todo a partir de la\u00a0edad escolar. Afrontar las tareas de forma ca\u00f3tica, desaprovechar el tiempo y olvidarse y perder cosas son algunas de las caracter\u00edsticas m\u00e1s recurrentes en estos menores. Este art\u00edculo ofrece algunos\u00a0<strong>trucos para lograr que los peque\u00f1os sean m\u00e1s ordenados<\/strong>\u00a0y una serie de recomendaciones para los escolares, como el trabajo con listas de tareas, calendarios y l\u00edmites de tiempo.<\/h5>\n<p><!--more--><\/p>\n<p style=\"text-align: justify;\">Compartimos la publicaci\u00f3n del portal de noticias ABC Familia (Espa\u00f1a) con fines educativos y pastorales, creemos\u00a0que la capacidad de organizarse es una habilidad que se adquiere con la pr\u00e1ctica, pero algunas ideas pueden ayudar a los peque\u00f1os, con la implicaci\u00f3n de sus padres y profesores.<\/p>\n<h5 class=\"titular size38 gris-ultra-oscuro clear\"><strong><span class=\"titulo-noticia\">C\u00f3mo hacer que los ni\u00f1os sean ordenados<\/span><\/strong><\/h5>\n<p class=\"subtitulo gris-oscuro\" style=\"text-align: justify;\">Marcar unos objetivos realistas, ser paciente y ofrecer modelos positivos son las claves para conseguir \u00abni\u00f1os ordenados\u00bb<\/p>\n<p style=\"text-align: justify;\">Habitualmente, los adultos pedimos que nuestros hijos e hijas sean ordenados y nuestra frustraci\u00f3n es constante cuando observamos el caos que invade su cuarto: <strong>juguetes, ropas, cuentos, etc., todos los espacios ocupados sin orden ni concierto<\/strong>. Dentro de los valores que debemos transmitir a nuestros peque\u00f1os, el orden sirve de base en la que deben apoyarse otros muchos valores importantes. Hablar de orden como valor incluye no s\u00f3lo la ordenaci\u00f3n material de las cosas, sino el orden de la persona en general que conduce al control y dominio de s\u00ed mismo, al equilibrio emocional, la organizaci\u00f3n de las ideas y del propio proyecto personal.<\/p>\n<p style=\"text-align: justify;\">Los primeros a\u00f1os de vida son muy importantes para inculcar el orden porque los peque\u00f1os son m\u00e1s sensibles a este valor. La educaci\u00f3n del orden comienza desde el mismo nacimiento, incluso antes, creando h\u00e1bitos en los horarios de comida, de sue\u00f1o, de higiene, etc., que son necesarios para su correcto desarrollo.<\/p>\n<h5><strong>Los tres a\u00f1os: el punto de inflexi\u00f3n<\/strong><\/h5>\n<p style=\"text-align: justify;\">El peque\u00f1o menor de tres a\u00f1os suele disfrutar con el orden, de hecho se convierte en una necesidad que le ayuda a mantener cierto control sobre su ambiente y le aporta estabilidad. Con esta edad ya saben que cada cosa tiene su sitio, tienden a mantener el orden y se divierten si se les plantea la actividad como un juego divertido: ordenar por tama\u00f1os, formas, colores, clases de juguetes, tipos de ropas, etc. <strong>A partir de los tres a\u00f1os es necesario que interioricen los h\u00e1bitos que han adquirido en sus experiencias anteriores<\/strong>.<\/p>\n<p style=\"text-align: justify;\">Los adultos debemos estimular la adquisici\u00f3n de destrezas y h\u00e1bitos de orden siempre con el objetivo de que los interioricen e incorporen a su personalidad. Comenzamos inculcando estos h\u00e1bitos a trav\u00e9s de la autoridad (que no autoritarismo) y la disciplina que ejercen los padres con el objetivo de que se incorporen a su comportamiento. A medida que su madurez lo permita, formar\u00e1n parte de la autodisciplina, el orden ser\u00e1 algo natural y lo mantendr\u00e1 con libertad.<\/p>\n<h5><strong>C\u00f3mo fomentar h\u00e1bitos de orden material<\/strong><\/h5>\n<p style=\"text-align: justify;\">Muchas de las orientaciones que se ofrecen respecto a estimular h\u00e1bitos de orden en los peque\u00f1os son v\u00e1lidas tambi\u00e9n para los adultos. Antes de leer los consejos sobre actividades, conviene tener presente:<\/p>\n<ol>\n<li style=\"text-align: justify;\"><strong>Marcar unos objetivos realistas y progresivos<\/strong>, siempre adaptados a la edad y capacidad del ni\u00f1o o la ni\u00f1a.<\/li>\n<li style=\"text-align: justify;\"><strong>Ser paciente. <\/strong>Las cosas no salen al primer intento y se van perfeccionando con la pr\u00e1ctica.<\/li>\n<li style=\"text-align: justify;\"><strong>Fijar s\u00f3lo un objetivo asequible para un tiempo determinado.<\/strong> Por ejemplo: colocar los juguetes para los primeros quince d\u00edas. Cuando el ni\u00f1o o ni\u00f1a lo realice de forma habitual, a\u00f1adir un nuevo objetivo como colocar la ropa y los zapatos.<\/li>\n<li style=\"text-align: justify;\"><strong>Reconocer los peque\u00f1os \u00e9xitos recompensando con alabanzas:<\/strong> \u00a1Muy bien, lo est\u00e1s haciendo perfecto!, \u00a1El cuarto est\u00e1 muy ordenado!, \u00a1Estoy orgulloso de ti!, etc. Los gestos afectivos pueden ser valiosas recompensas. Tambi\u00e9n conviene reconocer \u00edntimamente el esfuerzo y el progreso del adulto.<\/li>\n<li style=\"text-align: justify;\"><strong>Y recuerdar que eres su modelo.<\/strong> Es importante que el ni\u00f1o o la ni\u00f1a sepa que nadie es perfecto, sus padres tampoco, y que no se le exige perfecci\u00f3n. Cuando los padres asumen sus propios errores, est\u00e1n ofreciendo al peque\u00f1o una lecci\u00f3n muy valiosa de aceptaci\u00f3n, comprensi\u00f3n, tolerancia y amor.<\/li>\n<\/ol>\n<h5><strong>Sugerencias sobre actividades<\/strong><\/h5>\n<ol>\n<li style=\"text-align: justify;\"><strong>Establecer de forma clara cu\u00e1l es el lugar de cada cosa y no cambiarlo.<\/strong> En el cuarto, los libros pueden colocarse en estar\u00edas a su alcance y los juguetes en cajas o cajones.<\/li>\n<li style=\"text-align: justify;\"><strong>Para el cuidado de la ropa<\/strong> se establece un sitio para depositar la ropa sucia y un orden para el armario y el zapatero, que el peque\u00f1o debe mantener. Para las prendas que ha usado pero a\u00fan no han de lavarse, puede usar un colgador situado a su alcance.<\/li>\n<li style=\"text-align: justify;\"><strong>Ayudarle al principio.<\/strong> Ordenar juntos puede convertirse en una actividad l\u00fadica placentera, adem\u00e1s el peque\u00f1o sentir\u00e1 que sus padres lo apoyan.<\/li>\n<li style=\"text-align: justify;\"><strong>Siempre que el ni\u00f1o utilice alguna cosa de la casa<\/strong>, sea o no sea suya, pedidle que vuelva a colocarla en el sitio donde estaba.<\/li>\n<li style=\"text-align: justify;\"><strong>Contar cuentos y narraciones<\/strong> en los que los protagonistas sufren las consecuencias negativas de su desorden o se benefician de los resultados cuando son ordenados.<\/li>\n<li style=\"text-align: justify;\"><strong>Establecer rutinas.<\/strong> Conviene repetir de forma sistem\u00e1tica y con un orden establecido, las actividades diarias. Por ejemplo, al despertar: levantarse, ir a l cuarto de ba\u00f1o, utilizar el inodoro, realizar el aseo corporal, ir a desayunar, cepillar los dientes, tomar la mochila o cartera del colegio (que siempre debe estar en el mismo lugar y el peque\u00f1o la habr\u00e1 preparado la noche anterior) y salir de casa. Al regresar al mediod\u00eda y entrar en casa: saludos a los padres, cambiarse de ropa (si es oportuno), lavarse las manos, ayudar a poner la mesa y sentarse a comer. Igualmente se pueden establecer rutinas a la hora de acostarse, en la higiene corporal, para ir a jugar, etc. Estas rutinas de acciones encadenadas sirven para interiorizar el orden en la forma de vida y el ni\u00f1o o ni\u00f1a las realiza sin esfuerzo, sin recibir rega\u00f1os por los olvidos y aumentando la seguridad en si mismo porque sabe lo que debe hacer en cada momento.<\/li>\n<li style=\"text-align: justify;\"><strong>El ni\u00f1o forma parte de la familia<\/strong> y debe asumir responsabilidades de acuerdo a su edad y capacidad. Adem\u00e1s de otras tareas que los padres le asignen, puede colaborar en actividades del orden de la casa. Cuando se hace limpieza general de un dormitorio, de la cocina o del ba\u00f1o, el ni\u00f1o puede ayudar clasificando y colocando los objetos propios de cada estancia; cuando se limpia el polvo de los libros de la biblioteca puede colaborar clasificando y ordenando los libros; ayudar a separar las diferentes prendas antes de hacer la colada, doblar la ropa una vez que se ha secado, distribuirla en las habitaciones una vez planchada, etc.<\/li>\n<\/ol>\n<p><img loading=\"lazy\" decoding=\"async\" class=\"alignnone size-full wp-image-70259\" src=\"https:\/\/webdelmaestrocmf.com\/portal\/wp-content\/uploads\/2017\/08\/1-7.jpg\" alt=\"\" width=\"1170\" height=\"567\" srcset=\"https:\/\/webdelmaestrocmf.com\/portal\/wp-content\/uploads\/2017\/08\/1-7.jpg 1170w, https:\/\/webdelmaestrocmf.com\/portal\/wp-content\/uploads\/2017\/08\/1-7-300x145.jpg 300w, https:\/\/webdelmaestrocmf.com\/portal\/wp-content\/uploads\/2017\/08\/1-7-1024x496.jpg 1024w, https:\/\/webdelmaestrocmf.com\/portal\/wp-content\/uploads\/2017\/08\/1-7-768x372.jpg 768w, https:\/\/webdelmaestrocmf.com\/portal\/wp-content\/uploads\/2017\/08\/1-7-110x53.jpg 110w, https:\/\/webdelmaestrocmf.com\/portal\/wp-content\/uploads\/2017\/08\/1-7-200x97.jpg 200w, https:\/\/webdelmaestrocmf.com\/portal\/wp-content\/uploads\/2017\/08\/1-7-380x184.jpg 380w, https:\/\/webdelmaestrocmf.com\/portal\/wp-content\/uploads\/2017\/08\/1-7-255x124.jpg 255w, https:\/\/webdelmaestrocmf.com\/portal\/wp-content\/uploads\/2017\/08\/1-7-550x267.jpg 550w, https:\/\/webdelmaestrocmf.com\/portal\/wp-content\/uploads\/2017\/08\/1-7-800x388.jpg 800w, https:\/\/webdelmaestrocmf.com\/portal\/wp-content\/uploads\/2017\/08\/1-7-1160x562.jpg 1160w\" sizes=\"auto, (max-width: 1170px) 100vw, 1170px\" \/><\/p>\n<h5><strong>Estimular tambi\u00e9n el orden en las ideas<\/strong><\/h5>\n<p style=\"text-align: justify;\">Ayudamos a nuestro hijo o hija a poner en orden su cuarto y de ese modo puede encontrar las cosas con rapidez. De la misma manera podemos ayudarle a establecer un orden en sus ideas y aprender\u00e1 a encontrar respuestas l\u00f3gicas y coherentes. A continuaci\u00f3n ofrecemos algunas estrategias que pueden ayudar a los padres:<\/p>\n<ol>\n<li style=\"text-align: justify;\"><strong>Elaborar con el ni\u00f1o o ni\u00f1a un horario distribuyendo el tiempo del d\u00eda.<\/strong> Si toma parte en las decisiones cumplir\u00e1 el horario con m\u00e1s agrado que si se le imponen. El horario debe adaptarse a los acontecimientos cotidianos y tener en cuenta el tiempo de trabajo, el de juego y el de descanso. Para las vacaciones escolares y los d\u00edas festivos el horario ser\u00e1 diferente. El ni\u00f1o o ni\u00f1a junto a sus padres puede confeccionar un mural grande con el horario, incluir dibujos o recortes relacionados con las actividades y colocarlo en un lugar frecuentado por el ni\u00f1o o ni\u00f1a.<\/li>\n<li style=\"text-align: justify;\"><strong>Preguntar con frecuencia<\/strong> por qu\u00e9 hacen las cosas procurando que la respuesta sea fruto de la reflexi\u00f3n. No se trata de buscar una respuesta satisfactoria para los adultos sino de que adquieran la costumbre de poner en orden sus ideas y de conducirles al autoconocimiento.<\/li>\n<li style=\"text-align: justify;\"><strong>Estimular su capacidad de observaci\u00f3n.<\/strong> El ritmo de la vida actual es tan r\u00e1pido que no solemos conceder importancia a los peque\u00f1os detalles que nos hacen la vida agradable. Establecer un tiempo en el hogar para disfrutar de los sentidos con tranquilidad puede aportar la serenidad, sensibilidad, placer y orden en nuestro equilibrio emocional. Escuchar juntos una melod\u00eda percibiendo los sonidos arm\u00f3nicos, disfrutar de los sabores de una comida con tranquilidad, aspirar aromas ambientales agradables, regalar a nuestra vista la contemplaci\u00f3n de una obra de arte, contar historias que desarrollan la imaginaci\u00f3n y la fantas\u00eda, leer cuentos, etc. El peque\u00f1o aprende a valorar esos momentos m\u00e1gicos que disfruta con las personas a quienes m\u00e1s admira y quiere, adem\u00e1s de desarrollar su observaci\u00f3n, percepci\u00f3n, discriminaci\u00f3n y sentido est\u00e9tico.<\/li>\n<\/ol>\n<p style=\"text-align: justify;\">Cuando tratan de contar algo que les ha sucedido o comparten un proyecto de trabajo o de diversi\u00f3n con los padres, \u00e9stos procuran que ordenen sus ideas realizando preguntas al respecto: <strong>\u00bfc\u00f3mo?, \u00bfcu\u00e1ndo?, \u00bfqui\u00e9n?, \u00bfd\u00f3nde?, \u00bfcon qui\u00e9n?, \u00bfcon qu\u00e9?, \u00bfpara qu\u00e9?<\/strong>, etc.<\/p>\n<p style=\"text-align: justify;\">Ayudarles a confeccionar una agenda muy sencilla donde anotar las cosas importantes que deben hacer en el d\u00eda. Las actividades se pueden escribir o dibujar.<\/p>\n<p style=\"text-align: justify;\">Ense\u00f1arles el uso del reloj para que vayan aprendiendo a organizar su tiempo.<\/p>\n<p style=\"text-align: justify;\">La convivencia y la armon\u00eda familiar bien merecen el peque\u00f1o esfuerzo de poner orden en nuestra vida. Tal vez iniciemos este cambio para educar a nuestros hijos y redescubramos el placer de vivir en paz y equilibrio emocional.<\/p>\n<h5><strong>Educamos a trav\u00e9s del ejemplo<\/strong><\/h5>\n<p style=\"text-align: justify;\">Por \u00faltimo tener en cuenta que el orden, como otras cualidades de la personalidad, no depende tanto de los genes heredados como de la influencia que el ni\u00f1o recibe de su entorno. <strong>Lo cierto es que los peque\u00f1os habitualmente imitan el comportamiento de sus\u00a0<\/strong>padres\u00a0<strong>en vez de seguir las instrucciones de sus mensajes<\/strong>. Si deseamos fomentar el orden en nuestros hijos debemos comenzar por ofrecer un modelo adecuado para que lo emulen.<\/p>\n<p><strong><span class=\"last-child first-child\">Este contenido ha sido publicado originalmente por ABC Familia (Espa\u00f1a)\u00a0en la siguiente direcci\u00f3n:\u00a0<a href=\"http:\/\/www.abc.es\/\" target=\"_blank\" rel=\"noopener\">abc.es<\/a><\/span><\/strong><\/p>\n\t\t<div class=\"pk-inline-posts\">\n\t\t\t\n\t\t\t<div class=\"pk-inline-posts-container pk-inline-posts-template-list\"\n\t\t\t\tdata-columns=\"1\">\n\t\t\t\t\t\t<article id=\"post-118381\" class=\"post-118381 post type-post status-publish format-standard has-post-thumbnail category-bienestar-familiar category-pedagogia tag-aprendizaje tag-autonomia-3 tag-crianza-consciente tag-desarrollo-infantil tag-docentes tag-educacion-infantil tag-empatia-2 tag-funciones-ejecutivas tag-padres tag-responsabilidad cs-entry cs-video-wrap\">\n\t\t\t<div class=\"pk-post-outer\">\n\n\t\t\t\t\t\t\t\t<div class=\"pk-post-inner\">\n\t\t\t\t\t<div class=\"entry-thumbnail\">\n\t\t\t\t\t\t<div class=\"pk-overlay pk-overlay-ratio pk-ratio-landscape\">\n\t\t\t\t\t\t\t<div class=\"pk-overlay-background\">\n\t\t\t\t\t\t\t\t<a href=\"https:\/\/webdelmaestrocmf.com\/portal\/si-tu-hijo-hace-estas-3-cosas-felicidades-tienes-un-hijo-listo-para-toda-la-vida\/\" class=\"pk-overlay-link\">\n\t\t\t\t\t\t\t\t\t<img loading=\"lazy\" decoding=\"async\" width=\"300\" height=\"225\" src=\"https:\/\/webdelmaestrocmf.com\/portal\/wp-content\/uploads\/2026\/04\/1AA-Banner-1-portada-imagen-10-1-copia-3-7-300x225.webp\" class=\"attachment-pk-thumbnail size-pk-thumbnail wp-post-image\" alt=\"\" \/>\t\t\t\t\t\t\t\t<\/a>\n\t\t\t\t\t\t\t<\/div>\n\t\t\t\t\t\t<\/div>\n\t\t\t\t\t<\/div>\n\t\t\t\t<\/div>\n\t\t\t\t\n\t\t\t\t<div class=\"pk-post-inner\">\n\t\t\t\t\t<header>\n\t\t\t\t\t\t<h3 class=\"pk-title\"><a href=\"https:\/\/webdelmaestrocmf.com\/portal\/si-tu-hijo-hace-estas-3-cosas-felicidades-tienes-un-hijo-listo-para-toda-la-vida\/\" rel=\"bookmark\">Si tu hijo hace estas 3 cosas, felicidades: tienes un hijo listo para toda la vida<\/a><\/h3>\t\t\t\t\t<\/header><!-- .entry-header -->\n\t\t\t\t<\/div><!-- .post-inner -->\n\n\t\t\t<\/div><!-- .post-outer -->\n\t\t<\/article>\n\t\t\t\t<\/div>\n\t\t<\/div>\n\t\t\n","protected":false},"excerpt":{"rendered":"La\u00a0desorganizaci\u00f3n puede convertirse en un problema para muchos ni\u00f1os, sobre todo a partir de la\u00a0edad escolar. Afrontar las&hellip;","protected":false},"author":1,"featured_media":72529,"comment_status":"open","ping_status":"open","sticky":false,"template":"","format":"standard","meta":{"csco_display_header_overlay":false,"csco_singular_sidebar":"default","csco_page_header_type":"default","csco_page_load_nextpost":"default","csco_post_video_location":[],"csco_post_video_location_hash":"","csco_post_video_url":"","csco_post_video_bg_start_time":0,"csco_post_video_bg_end_time":0,"csco_post_video_bg_volume":false,"_jetpack_memberships_contains_paid_content":false,"footnotes":""},"categories":[464,735],"tags":[297,1975],"class_list":{"0":"post-16403","1":"post","2":"type-post","3":"status-publish","4":"format-standard","5":"has-post-thumbnail","7":"category-bienestar-familiar","8":"category-pedagogia","9":"tag-ninos","10":"tag-ordenados","11":"cs-entry","12":"cs-video-wrap"},"yoast_head":"<!-- This site is optimized with the Yoast SEO plugin v27.5 - https:\/\/yoast.com\/product\/yoast-seo-wordpress\/ -->\n<title>C\u00f3mo hacer que los ni\u00f1os sean ordenados<\/title>\n<meta name=\"description\" content=\"La\u00a0desorganizaci\u00f3n puede convertirse en un problema para muchos ni\u00f1os, sobre todo a partir de la\u00a0edad escolar. Afrontar las tareas de forma...\" \/>\n<meta name=\"robots\" content=\"index, follow, max-snippet:-1, max-image-preview:large, max-video-preview:-1\" \/>\n<link rel=\"canonical\" href=\"https:\/\/webdelmaestrocmf.com\/portal\/como-hacer-que-los-ninos-sean-ordenados\/\" \/>\n<meta property=\"og:locale\" content=\"es_ES\" \/>\n<meta property=\"og:type\" content=\"article\" \/>\n<meta property=\"og:title\" content=\"C\u00f3mo hacer que los ni\u00f1os sean ordenados\" \/>\n<meta property=\"og:description\" content=\"La\u00a0desorganizaci\u00f3n puede convertirse en un problema para muchos ni\u00f1os, sobre todo a partir de la\u00a0edad escolar. Afrontar las tareas de forma...\" \/>\n<meta property=\"og:url\" content=\"https:\/\/webdelmaestrocmf.com\/portal\/como-hacer-que-los-ninos-sean-ordenados\/\" \/>\n<meta property=\"og:site_name\" content=\"Web del Maestro CMF\" \/>\n<meta property=\"article:publisher\" content=\"https:\/\/www.facebook.com\/WebdelMaestroCMF\/\" \/>\n<meta property=\"article:author\" content=\"https:\/\/www.facebook.com\/WebdelMaestroCMF\/\" \/>\n<meta property=\"article:published_time\" content=\"2017-08-03T14:58:16+00:00\" \/>\n<meta property=\"article:modified_time\" content=\"2021-12-31T22:36:20+00:00\" \/>\n<meta property=\"og:image\" content=\"https:\/\/i0.wp.com\/webdelmaestrocmf.com\/portal\/wp-content\/uploads\/2017\/08\/1REW.jpg?fit=1100%2C680&ssl=1\" \/>\n\t<meta property=\"og:image:width\" content=\"1100\" \/>\n\t<meta property=\"og:image:height\" content=\"680\" \/>\n\t<meta property=\"og:image:type\" content=\"image\/jpeg\" \/>\n<meta name=\"author\" content=\"Web del Maestro CMF\" \/>\n<meta name=\"twitter:card\" content=\"summary_large_image\" \/>\n<meta name=\"twitter:creator\" content=\"@cmf_w\" \/>\n<meta name=\"twitter:site\" content=\"@cmf_w\" \/>\n<script type=\"application\/ld+json\" class=\"yoast-schema-graph\">{\"@context\":\"https:\\\/\\\/schema.org\",\"@graph\":[{\"@type\":\"ScholarlyArticle\",\"@id\":\"https:\\\/\\\/webdelmaestrocmf.com\\\/portal\\\/como-hacer-que-los-ninos-sean-ordenados\\\/#article\",\"isPartOf\":{\"@id\":\"https:\\\/\\\/webdelmaestrocmf.com\\\/portal\\\/como-hacer-que-los-ninos-sean-ordenados\\\/\"},\"author\":{\"name\":\"Web del Maestro CMF\",\"@id\":\"https:\\\/\\\/webdelmaestrocmf.com\\\/portal\\\/#\\\/schema\\\/person\\\/1072a2ed7bd960df8ef99a551fa35dc5\"},\"headline\":\"C\u00f3mo hacer que los ni\u00f1os sean ordenados\",\"datePublished\":\"2017-08-03T14:58:16+00:00\",\"dateModified\":\"2021-12-31T22:36:20+00:00\",\"mainEntityOfPage\":{\"@id\":\"https:\\\/\\\/webdelmaestrocmf.com\\\/portal\\\/como-hacer-que-los-ninos-sean-ordenados\\\/\"},\"wordCount\":1789,\"commentCount\":0,\"publisher\":{\"@id\":\"https:\\\/\\\/webdelmaestrocmf.com\\\/portal\\\/#organization\"},\"image\":{\"@id\":\"https:\\\/\\\/webdelmaestrocmf.com\\\/portal\\\/como-hacer-que-los-ninos-sean-ordenados\\\/#primaryimage\"},\"thumbnailUrl\":\"https:\\\/\\\/webdelmaestrocmf.com\\\/portal\\\/wp-content\\\/uploads\\\/2017\\\/08\\\/1REW.jpg\",\"keywords\":[\"Ni\u00f1os\",\"ORDENADOS\"],\"articleSection\":[\"Bienestar Familiar\",\"Recursos\"],\"inLanguage\":\"es\",\"potentialAction\":[{\"@type\":\"CommentAction\",\"name\":\"Comment\",\"target\":[\"https:\\\/\\\/webdelmaestrocmf.com\\\/portal\\\/como-hacer-que-los-ninos-sean-ordenados\\\/#respond\"]}]},{\"@type\":\"WebPage\",\"@id\":\"https:\\\/\\\/webdelmaestrocmf.com\\\/portal\\\/como-hacer-que-los-ninos-sean-ordenados\\\/\",\"url\":\"https:\\\/\\\/webdelmaestrocmf.com\\\/portal\\\/como-hacer-que-los-ninos-sean-ordenados\\\/\",\"name\":\"C\u00f3mo hacer que los ni\u00f1os sean ordenados\",\"isPartOf\":{\"@id\":\"https:\\\/\\\/webdelmaestrocmf.com\\\/portal\\\/#website\"},\"primaryImageOfPage\":{\"@id\":\"https:\\\/\\\/webdelmaestrocmf.com\\\/portal\\\/como-hacer-que-los-ninos-sean-ordenados\\\/#primaryimage\"},\"image\":{\"@id\":\"https:\\\/\\\/webdelmaestrocmf.com\\\/portal\\\/como-hacer-que-los-ninos-sean-ordenados\\\/#primaryimage\"},\"thumbnailUrl\":\"https:\\\/\\\/webdelmaestrocmf.com\\\/portal\\\/wp-content\\\/uploads\\\/2017\\\/08\\\/1REW.jpg\",\"datePublished\":\"2017-08-03T14:58:16+00:00\",\"dateModified\":\"2021-12-31T22:36:20+00:00\",\"description\":\"La\u00a0desorganizaci\u00f3n puede convertirse en un problema para muchos ni\u00f1os, sobre todo a partir de la\u00a0edad escolar. Afrontar las tareas de forma...\",\"breadcrumb\":{\"@id\":\"https:\\\/\\\/webdelmaestrocmf.com\\\/portal\\\/como-hacer-que-los-ninos-sean-ordenados\\\/#breadcrumb\"},\"inLanguage\":\"es\",\"potentialAction\":[{\"@type\":\"ReadAction\",\"target\":[\"https:\\\/\\\/webdelmaestrocmf.com\\\/portal\\\/como-hacer-que-los-ninos-sean-ordenados\\\/\"]}]},{\"@type\":\"ImageObject\",\"inLanguage\":\"es\",\"@id\":\"https:\\\/\\\/webdelmaestrocmf.com\\\/portal\\\/como-hacer-que-los-ninos-sean-ordenados\\\/#primaryimage\",\"url\":\"https:\\\/\\\/webdelmaestrocmf.com\\\/portal\\\/wp-content\\\/uploads\\\/2017\\\/08\\\/1REW.jpg\",\"contentUrl\":\"https:\\\/\\\/webdelmaestrocmf.com\\\/portal\\\/wp-content\\\/uploads\\\/2017\\\/08\\\/1REW.jpg\",\"width\":1100,\"height\":680},{\"@type\":\"BreadcrumbList\",\"@id\":\"https:\\\/\\\/webdelmaestrocmf.com\\\/portal\\\/como-hacer-que-los-ninos-sean-ordenados\\\/#breadcrumb\",\"itemListElement\":[{\"@type\":\"ListItem\",\"position\":1,\"name\":\"Portada\",\"item\":\"https:\\\/\\\/webdelmaestrocmf.com\\\/portal\\\/\"},{\"@type\":\"ListItem\",\"position\":2,\"name\":\"Recursos\",\"item\":\"https:\\\/\\\/webdelmaestrocmf.com\\\/portal\\\/category\\\/pedagogia\\\/\"},{\"@type\":\"ListItem\",\"position\":3,\"name\":\"C\u00f3mo hacer que los ni\u00f1os sean ordenados\"}]},{\"@type\":\"WebSite\",\"@id\":\"https:\\\/\\\/webdelmaestrocmf.com\\\/portal\\\/#website\",\"url\":\"https:\\\/\\\/webdelmaestrocmf.com\\\/portal\\\/\",\"name\":\"Web del Maestro CMF\",\"description\":\"Maestros al servicio de la educaci\u00f3n\",\"publisher\":{\"@id\":\"https:\\\/\\\/webdelmaestrocmf.com\\\/portal\\\/#organization\"},\"alternateName\":\"WMCMF\",\"potentialAction\":[{\"@type\":\"SearchAction\",\"target\":{\"@type\":\"EntryPoint\",\"urlTemplate\":\"https:\\\/\\\/webdelmaestrocmf.com\\\/portal\\\/?s={search_term_string}\"},\"query-input\":{\"@type\":\"PropertyValueSpecification\",\"valueRequired\":true,\"valueName\":\"search_term_string\"}}],\"inLanguage\":\"es\"},{\"@type\":\"Organization\",\"@id\":\"https:\\\/\\\/webdelmaestrocmf.com\\\/portal\\\/#organization\",\"name\":\"Web del Maestro CMF\",\"alternateName\":\"WMCMF\",\"url\":\"https:\\\/\\\/webdelmaestrocmf.com\\\/portal\\\/\",\"logo\":{\"@type\":\"ImageObject\",\"inLanguage\":\"es\",\"@id\":\"https:\\\/\\\/webdelmaestrocmf.com\\\/portal\\\/#\\\/schema\\\/logo\\\/image\\\/\",\"url\":\"https:\\\/\\\/webdelmaestrocmf.com\\\/portal\\\/wp-content\\\/uploads\\\/2023\\\/01\\\/logo-wmcmf-2.png\",\"contentUrl\":\"https:\\\/\\\/webdelmaestrocmf.com\\\/portal\\\/wp-content\\\/uploads\\\/2023\\\/01\\\/logo-wmcmf-2.png\",\"width\":200,\"height\":60,\"caption\":\"Web del Maestro CMF\"},\"image\":{\"@id\":\"https:\\\/\\\/webdelmaestrocmf.com\\\/portal\\\/#\\\/schema\\\/logo\\\/image\\\/\"},\"sameAs\":[\"https:\\\/\\\/www.facebook.com\\\/WebdelMaestroCMF\\\/\",\"https:\\\/\\\/x.com\\\/cmf_w\",\"https:\\\/\\\/www.pinterest.com\\\/WMCMF\\\/\",\"https:\\\/\\\/www.linkedin.com\\\/company\\\/web-del-maestro-cmf\\\/\",\"https:\\\/\\\/www.instagram.com\\\/wmcmf\\\/\",\"https:\\\/\\\/www.youtube.com\\\/channel\\\/UCDPSvjbdodE5sHnC3OxutHw\",\"https:\\\/\\\/mastodon.social\\\/@wmcmf\",\"https:\\\/\\\/www.tiktok.com\\\/@webdelmaestrocmf\"]},{\"@type\":\"Person\",\"@id\":\"https:\\\/\\\/webdelmaestrocmf.com\\\/portal\\\/#\\\/schema\\\/person\\\/1072a2ed7bd960df8ef99a551fa35dc5\",\"name\":\"Web del Maestro CMF\",\"image\":{\"@type\":\"ImageObject\",\"inLanguage\":\"es\",\"@id\":\"https:\\\/\\\/secure.gravatar.com\\\/avatar\\\/23291dd5b5ae1077dcff3dbb04c3e02bd28403fa75af6d8787d5e97c5bbbe30b?s=96&d=mm&r=g\",\"url\":\"https:\\\/\\\/secure.gravatar.com\\\/avatar\\\/23291dd5b5ae1077dcff3dbb04c3e02bd28403fa75af6d8787d5e97c5bbbe30b?s=96&d=mm&r=g\",\"contentUrl\":\"https:\\\/\\\/secure.gravatar.com\\\/avatar\\\/23291dd5b5ae1077dcff3dbb04c3e02bd28403fa75af6d8787d5e97c5bbbe30b?s=96&d=mm&r=g\",\"caption\":\"Web del Maestro CMF\"},\"description\":\"Esta Web se cre\u00f3 sin fines de lucro, con fines educativos, cient\u00edficos y acad\u00e9micos, para personas que tengan dificultades y\\\/o inconvenientes en visualizar el material original. El objetivo es entregar recursos, compartir experiencias y materiales que ayuden a los padres de familia, maestros y estudiantes en su actualizaci\u00f3n y formaci\u00f3n permanente, en bien de la Educaci\u00f3n.\",\"sameAs\":[\"http:\\\/\\\/webdelmaestrocmf.com\\\/portal\",\"https:\\\/\\\/www.facebook.com\\\/WebdelMaestroCMF\\\/\",\"https:\\\/\\\/www.instagram.com\\\/wmcmf\\\/\",\"https:\\\/\\\/cl.linkedin.com\\\/company\\\/web-del-maestro-cmf\",\"https:\\\/\\\/www.pinterest.com\\\/WMCMF\\\/publicaciones\\\/\",\"https:\\\/\\\/x.com\\\/cmf_w\",\"https:\\\/\\\/www.youtube.com\\\/@WMCMF\"]}]}<\/script>\n<!-- \/ Yoast SEO plugin. -->","yoast_head_json":{"title":"C\u00f3mo hacer que los ni\u00f1os sean ordenados","description":"La\u00a0desorganizaci\u00f3n puede convertirse en un problema para muchos ni\u00f1os, sobre todo a partir de la\u00a0edad escolar. Afrontar las tareas de forma...","robots":{"index":"index","follow":"follow","max-snippet":"max-snippet:-1","max-image-preview":"max-image-preview:large","max-video-preview":"max-video-preview:-1"},"canonical":"https:\/\/webdelmaestrocmf.com\/portal\/como-hacer-que-los-ninos-sean-ordenados\/","og_locale":"es_ES","og_type":"article","og_title":"C\u00f3mo hacer que los ni\u00f1os sean ordenados","og_description":"La\u00a0desorganizaci\u00f3n puede convertirse en un problema para muchos ni\u00f1os, sobre todo a partir de la\u00a0edad escolar. Afrontar las tareas de forma...","og_url":"https:\/\/webdelmaestrocmf.com\/portal\/como-hacer-que-los-ninos-sean-ordenados\/","og_site_name":"Web del Maestro CMF","article_publisher":"https:\/\/www.facebook.com\/WebdelMaestroCMF\/","article_author":"https:\/\/www.facebook.com\/WebdelMaestroCMF\/","article_published_time":"2017-08-03T14:58:16+00:00","article_modified_time":"2021-12-31T22:36:20+00:00","og_image":[{"width":1100,"height":680,"url":"https:\/\/i0.wp.com\/webdelmaestrocmf.com\/portal\/wp-content\/uploads\/2017\/08\/1REW.jpg?fit=1100%2C680&ssl=1","type":"image\/jpeg"}],"author":"Web del Maestro CMF","twitter_card":"summary_large_image","twitter_creator":"@cmf_w","twitter_site":"@cmf_w","schema":{"@context":"https:\/\/schema.org","@graph":[{"@type":"ScholarlyArticle","@id":"https:\/\/webdelmaestrocmf.com\/portal\/como-hacer-que-los-ninos-sean-ordenados\/#article","isPartOf":{"@id":"https:\/\/webdelmaestrocmf.com\/portal\/como-hacer-que-los-ninos-sean-ordenados\/"},"author":{"name":"Web del Maestro CMF","@id":"https:\/\/webdelmaestrocmf.com\/portal\/#\/schema\/person\/1072a2ed7bd960df8ef99a551fa35dc5"},"headline":"C\u00f3mo hacer que los ni\u00f1os sean ordenados","datePublished":"2017-08-03T14:58:16+00:00","dateModified":"2021-12-31T22:36:20+00:00","mainEntityOfPage":{"@id":"https:\/\/webdelmaestrocmf.com\/portal\/como-hacer-que-los-ninos-sean-ordenados\/"},"wordCount":1789,"commentCount":0,"publisher":{"@id":"https:\/\/webdelmaestrocmf.com\/portal\/#organization"},"image":{"@id":"https:\/\/webdelmaestrocmf.com\/portal\/como-hacer-que-los-ninos-sean-ordenados\/#primaryimage"},"thumbnailUrl":"https:\/\/webdelmaestrocmf.com\/portal\/wp-content\/uploads\/2017\/08\/1REW.jpg","keywords":["Ni\u00f1os","ORDENADOS"],"articleSection":["Bienestar Familiar","Recursos"],"inLanguage":"es","potentialAction":[{"@type":"CommentAction","name":"Comment","target":["https:\/\/webdelmaestrocmf.com\/portal\/como-hacer-que-los-ninos-sean-ordenados\/#respond"]}]},{"@type":"WebPage","@id":"https:\/\/webdelmaestrocmf.com\/portal\/como-hacer-que-los-ninos-sean-ordenados\/","url":"https:\/\/webdelmaestrocmf.com\/portal\/como-hacer-que-los-ninos-sean-ordenados\/","name":"C\u00f3mo hacer que los ni\u00f1os sean ordenados","isPartOf":{"@id":"https:\/\/webdelmaestrocmf.com\/portal\/#website"},"primaryImageOfPage":{"@id":"https:\/\/webdelmaestrocmf.com\/portal\/como-hacer-que-los-ninos-sean-ordenados\/#primaryimage"},"image":{"@id":"https:\/\/webdelmaestrocmf.com\/portal\/como-hacer-que-los-ninos-sean-ordenados\/#primaryimage"},"thumbnailUrl":"https:\/\/webdelmaestrocmf.com\/portal\/wp-content\/uploads\/2017\/08\/1REW.jpg","datePublished":"2017-08-03T14:58:16+00:00","dateModified":"2021-12-31T22:36:20+00:00","description":"La\u00a0desorganizaci\u00f3n puede convertirse en un problema para muchos ni\u00f1os, sobre todo a partir de la\u00a0edad escolar. Afrontar las tareas de forma...","breadcrumb":{"@id":"https:\/\/webdelmaestrocmf.com\/portal\/como-hacer-que-los-ninos-sean-ordenados\/#breadcrumb"},"inLanguage":"es","potentialAction":[{"@type":"ReadAction","target":["https:\/\/webdelmaestrocmf.com\/portal\/como-hacer-que-los-ninos-sean-ordenados\/"]}]},{"@type":"ImageObject","inLanguage":"es","@id":"https:\/\/webdelmaestrocmf.com\/portal\/como-hacer-que-los-ninos-sean-ordenados\/#primaryimage","url":"https:\/\/webdelmaestrocmf.com\/portal\/wp-content\/uploads\/2017\/08\/1REW.jpg","contentUrl":"https:\/\/webdelmaestrocmf.com\/portal\/wp-content\/uploads\/2017\/08\/1REW.jpg","width":1100,"height":680},{"@type":"BreadcrumbList","@id":"https:\/\/webdelmaestrocmf.com\/portal\/como-hacer-que-los-ninos-sean-ordenados\/#breadcrumb","itemListElement":[{"@type":"ListItem","position":1,"name":"Portada","item":"https:\/\/webdelmaestrocmf.com\/portal\/"},{"@type":"ListItem","position":2,"name":"Recursos","item":"https:\/\/webdelmaestrocmf.com\/portal\/category\/pedagogia\/"},{"@type":"ListItem","position":3,"name":"C\u00f3mo hacer que los ni\u00f1os sean ordenados"}]},{"@type":"WebSite","@id":"https:\/\/webdelmaestrocmf.com\/portal\/#website","url":"https:\/\/webdelmaestrocmf.com\/portal\/","name":"Web del Maestro CMF","description":"Maestros al servicio de la educaci\u00f3n","publisher":{"@id":"https:\/\/webdelmaestrocmf.com\/portal\/#organization"},"alternateName":"WMCMF","potentialAction":[{"@type":"SearchAction","target":{"@type":"EntryPoint","urlTemplate":"https:\/\/webdelmaestrocmf.com\/portal\/?s={search_term_string}"},"query-input":{"@type":"PropertyValueSpecification","valueRequired":true,"valueName":"search_term_string"}}],"inLanguage":"es"},{"@type":"Organization","@id":"https:\/\/webdelmaestrocmf.com\/portal\/#organization","name":"Web del Maestro CMF","alternateName":"WMCMF","url":"https:\/\/webdelmaestrocmf.com\/portal\/","logo":{"@type":"ImageObject","inLanguage":"es","@id":"https:\/\/webdelmaestrocmf.com\/portal\/#\/schema\/logo\/image\/","url":"https:\/\/webdelmaestrocmf.com\/portal\/wp-content\/uploads\/2023\/01\/logo-wmcmf-2.png","contentUrl":"https:\/\/webdelmaestrocmf.com\/portal\/wp-content\/uploads\/2023\/01\/logo-wmcmf-2.png","width":200,"height":60,"caption":"Web del Maestro CMF"},"image":{"@id":"https:\/\/webdelmaestrocmf.com\/portal\/#\/schema\/logo\/image\/"},"sameAs":["https:\/\/www.facebook.com\/WebdelMaestroCMF\/","https:\/\/x.com\/cmf_w","https:\/\/www.pinterest.com\/WMCMF\/","https:\/\/www.linkedin.com\/company\/web-del-maestro-cmf\/","https:\/\/www.instagram.com\/wmcmf\/","https:\/\/www.youtube.com\/channel\/UCDPSvjbdodE5sHnC3OxutHw","https:\/\/mastodon.social\/@wmcmf","https:\/\/www.tiktok.com\/@webdelmaestrocmf"]},{"@type":"Person","@id":"https:\/\/webdelmaestrocmf.com\/portal\/#\/schema\/person\/1072a2ed7bd960df8ef99a551fa35dc5","name":"Web del Maestro CMF","image":{"@type":"ImageObject","inLanguage":"es","@id":"https:\/\/secure.gravatar.com\/avatar\/23291dd5b5ae1077dcff3dbb04c3e02bd28403fa75af6d8787d5e97c5bbbe30b?s=96&d=mm&r=g","url":"https:\/\/secure.gravatar.com\/avatar\/23291dd5b5ae1077dcff3dbb04c3e02bd28403fa75af6d8787d5e97c5bbbe30b?s=96&d=mm&r=g","contentUrl":"https:\/\/secure.gravatar.com\/avatar\/23291dd5b5ae1077dcff3dbb04c3e02bd28403fa75af6d8787d5e97c5bbbe30b?s=96&d=mm&r=g","caption":"Web del Maestro CMF"},"description":"Esta Web se cre\u00f3 sin fines de lucro, con fines educativos, cient\u00edficos y acad\u00e9micos, para personas que tengan dificultades y\/o inconvenientes en visualizar el material original. El objetivo es entregar recursos, compartir experiencias y materiales que ayuden a los padres de familia, maestros y estudiantes en su actualizaci\u00f3n y formaci\u00f3n permanente, en bien de la Educaci\u00f3n.","sameAs":["http:\/\/webdelmaestrocmf.com\/portal","https:\/\/www.facebook.com\/WebdelMaestroCMF\/","https:\/\/www.instagram.com\/wmcmf\/","https:\/\/cl.linkedin.com\/company\/web-del-maestro-cmf","https:\/\/www.pinterest.com\/WMCMF\/publicaciones\/","https:\/\/x.com\/cmf_w","https:\/\/www.youtube.com\/@WMCMF"]}]}},"jetpack_featured_media_url":"https:\/\/webdelmaestrocmf.com\/portal\/wp-content\/uploads\/2017\/08\/1REW.jpg","jetpack_sharing_enabled":true,"jetpack-related-posts":[{"id":73144,"url":"https:\/\/webdelmaestrocmf.com\/portal\/la-manera-mas-eficaz-para-que-los-ninos-hagan-sus-tareas-a-tiempo\/","url_meta":{"origin":16403,"position":0},"title":"La manera m\u00e1s eficaz para que los ni\u00f1os hagan sus tareas a tiempo","author":"Web del Maestro CMF","date":"6 mayo, 2022","format":false,"excerpt":"\"Jorge, date prisa que a las 8 salimos de casa\", \"Clara, tienes 15 minutos para desayunar\". Son frases que decimos a nuestros hijos sin pesta\u00f1ear, ni tan siquiera plantearnos si nuestros hijos conocen las horas, tienen un reloj a mano o entienden el\u00a0concepto del tiempo. Somos nosotros quienes organizamos las\u00a0rutinas\u2026","rel":"","context":"En \u00abBienestar Familiar\u00bb","block_context":{"text":"Bienestar Familiar","link":"https:\/\/webdelmaestrocmf.com\/portal\/category\/pedagogia\/bienestar-familiar\/"},"img":{"alt_text":"","src":"https:\/\/i0.wp.com\/webdelmaestrocmf.com\/portal\/wp-content\/uploads\/2022\/01\/1-94.jpg?resize=350%2C200&ssl=1","width":350,"height":200,"srcset":"https:\/\/i0.wp.com\/webdelmaestrocmf.com\/portal\/wp-content\/uploads\/2022\/01\/1-94.jpg?resize=350%2C200&ssl=1 1x, https:\/\/i0.wp.com\/webdelmaestrocmf.com\/portal\/wp-content\/uploads\/2022\/01\/1-94.jpg?resize=525%2C300&ssl=1 1.5x, https:\/\/i0.wp.com\/webdelmaestrocmf.com\/portal\/wp-content\/uploads\/2022\/01\/1-94.jpg?resize=700%2C400&ssl=1 2x, https:\/\/i0.wp.com\/webdelmaestrocmf.com\/portal\/wp-content\/uploads\/2022\/01\/1-94.jpg?resize=1050%2C600&ssl=1 3x"},"classes":[]},{"id":73400,"url":"https:\/\/webdelmaestrocmf.com\/portal\/como-ayudar-a-tus-hijos-a-mejorar-la-atencion-y-la-concentracion\/","url_meta":{"origin":16403,"position":1},"title":"C\u00f3mo ayudar a tus hijos a mejorar la atenci\u00f3n y la concentraci\u00f3n","author":"Web del Maestro CMF","date":"14 abril, 2022","format":false,"excerpt":"Actualmente los ni\u00f1os se distraen de forma continua, cualquier cosa suele llamarles poderosamente la atenci\u00f3n; en realidad esto es lo habitual, pero debemos tratar de ayudarles a que focalicen en la tarea a realizar.\u00a0Mejorar la atenci\u00f3n de nuestros hijos\u00a0es un reto que compartimos muchos padres y madres. Cada vez nos\u2026","rel":"","context":"En \u00abBienestar Familiar\u00bb","block_context":{"text":"Bienestar Familiar","link":"https:\/\/webdelmaestrocmf.com\/portal\/category\/pedagogia\/bienestar-familiar\/"},"img":{"alt_text":"","src":"https:\/\/i0.wp.com\/webdelmaestrocmf.com\/portal\/wp-content\/uploads\/2022\/01\/1-13.jpeg?resize=350%2C200&ssl=1","width":350,"height":200,"srcset":"https:\/\/i0.wp.com\/webdelmaestrocmf.com\/portal\/wp-content\/uploads\/2022\/01\/1-13.jpeg?resize=350%2C200&ssl=1 1x, https:\/\/i0.wp.com\/webdelmaestrocmf.com\/portal\/wp-content\/uploads\/2022\/01\/1-13.jpeg?resize=525%2C300&ssl=1 1.5x, https:\/\/i0.wp.com\/webdelmaestrocmf.com\/portal\/wp-content\/uploads\/2022\/01\/1-13.jpeg?resize=700%2C400&ssl=1 2x, https:\/\/i0.wp.com\/webdelmaestrocmf.com\/portal\/wp-content\/uploads\/2022\/01\/1-13.jpeg?resize=1050%2C600&ssl=1 3x"},"classes":[]},{"id":65669,"url":"https:\/\/webdelmaestrocmf.com\/portal\/estas-son-las-edades-apropiadas-para-las-tareas-domesticas\/","url_meta":{"origin":16403,"position":2},"title":"Est\u00e1s son las edades apropiadas para las tareas dom\u00e9sticas","author":"Web del Maestro CMF","date":"24 julio, 2021","format":false,"excerpt":"Te has planteado alguna vez cual es la edad adecuada para empezar a ense\u00f1ar a tus hijos a realizar las tareas dom\u00e9sticas. Desde Im\u00e1genes Educativas hemos preparado esta lista por que te orientes, esperamos que te sea de utilidad. Los ni\u00f1os necesitan estar a cargo de tareas peque\u00f1as en la\u2026","rel":"","context":"En \u00abBienestar Familiar\u00bb","block_context":{"text":"Bienestar Familiar","link":"https:\/\/webdelmaestrocmf.com\/portal\/category\/pedagogia\/bienestar-familiar\/"},"img":{"alt_text":"","src":"https:\/\/i0.wp.com\/webdelmaestrocmf.com\/portal\/wp-content\/uploads\/2021\/07\/1-132.jpg?resize=350%2C200&ssl=1","width":350,"height":200,"srcset":"https:\/\/i0.wp.com\/webdelmaestrocmf.com\/portal\/wp-content\/uploads\/2021\/07\/1-132.jpg?resize=350%2C200&ssl=1 1x, https:\/\/i0.wp.com\/webdelmaestrocmf.com\/portal\/wp-content\/uploads\/2021\/07\/1-132.jpg?resize=525%2C300&ssl=1 1.5x, https:\/\/i0.wp.com\/webdelmaestrocmf.com\/portal\/wp-content\/uploads\/2021\/07\/1-132.jpg?resize=700%2C400&ssl=1 2x, https:\/\/i0.wp.com\/webdelmaestrocmf.com\/portal\/wp-content\/uploads\/2021\/07\/1-132.jpg?resize=1050%2C600&ssl=1 3x"},"classes":[]},{"id":95432,"url":"https:\/\/webdelmaestrocmf.com\/portal\/la-mejor-forma-de-que-los-ninos-tengan-un-buen-ano-escolar-es-con-buenos-habitos-desde-el-principio\/","url_meta":{"origin":16403,"position":3},"title":"La mejor forma de que los ni\u00f1os tengan un buen a\u00f1o escolar es con buenos h\u00e1bitos desde el principio","author":"Web del Maestro CMF","date":"3 marzo, 2024","format":false,"excerpt":"El inicio del a\u00f1o escolar puede ser un momento emocionante para los ni\u00f1os, pero tambi\u00e9n puede ser un desaf\u00edo. Los ni\u00f1os se enfrentan a nuevos maestros, nuevos compa\u00f1eros de clase y nuevos materiales de aprendizaje. Para tener \u00e9xito en la escuela, los ni\u00f1os necesitan desarrollar buenos h\u00e1bitos. El camino hacia\u2026","rel":"","context":"En \u00abH\u00e1bitos de estudio\u00bb","block_context":{"text":"H\u00e1bitos de estudio","link":"https:\/\/webdelmaestrocmf.com\/portal\/category\/pedagogia\/habitos-de-estudio\/"},"img":{"alt_text":"h\u00e1bitos","src":"https:\/\/i0.wp.com\/webdelmaestrocmf.com\/portal\/wp-content\/uploads\/2023\/09\/Banner-1-portada-imagen-10-1-5-1.jpg?resize=350%2C200&ssl=1","width":350,"height":200,"srcset":"https:\/\/i0.wp.com\/webdelmaestrocmf.com\/portal\/wp-content\/uploads\/2023\/09\/Banner-1-portada-imagen-10-1-5-1.jpg?resize=350%2C200&ssl=1 1x, https:\/\/i0.wp.com\/webdelmaestrocmf.com\/portal\/wp-content\/uploads\/2023\/09\/Banner-1-portada-imagen-10-1-5-1.jpg?resize=525%2C300&ssl=1 1.5x, https:\/\/i0.wp.com\/webdelmaestrocmf.com\/portal\/wp-content\/uploads\/2023\/09\/Banner-1-portada-imagen-10-1-5-1.jpg?resize=700%2C400&ssl=1 2x"},"classes":[]},{"id":114625,"url":"https:\/\/webdelmaestrocmf.com\/portal\/madre-de-familia-se-declara-en-contra-de-las-tareas-escolares-las-tareas-escolares-les-quitan-tiempo-a-los-ninos-para-jugar-y-pasar-tiempo-con-sus-padres\/","url_meta":{"origin":16403,"position":4},"title":"Madre de familia se declara en contra de las tareas escolares: \u201cLas tareas escolares les quitan tiempo a los ni\u00f1os para jugar y pasar tiempo con sus padres\u201d","author":"Web del Maestro CMF","date":"7 enero, 2026","format":false,"excerpt":"Madre cuestiona la carga de tareas escolares y reabre el debate sobre el tiempo infantil","rel":"","context":"En \u00abNoticias Internacionales\u00bb","block_context":{"text":"Noticias Internacionales","link":"https:\/\/webdelmaestrocmf.com\/portal\/category\/noticias-internacionales\/"},"img":{"alt_text":"","src":"https:\/\/i0.wp.com\/webdelmaestrocmf.com\/portal\/wp-content\/uploads\/2026\/01\/1AA-Banner-1-portada-imagen-10-1-copia-18.webp?resize=350%2C200&ssl=1","width":350,"height":200,"srcset":"https:\/\/i0.wp.com\/webdelmaestrocmf.com\/portal\/wp-content\/uploads\/2026\/01\/1AA-Banner-1-portada-imagen-10-1-copia-18.webp?resize=350%2C200&ssl=1 1x, https:\/\/i0.wp.com\/webdelmaestrocmf.com\/portal\/wp-content\/uploads\/2026\/01\/1AA-Banner-1-portada-imagen-10-1-copia-18.webp?resize=525%2C300&ssl=1 1.5x, https:\/\/i0.wp.com\/webdelmaestrocmf.com\/portal\/wp-content\/uploads\/2026\/01\/1AA-Banner-1-portada-imagen-10-1-copia-18.webp?resize=700%2C400&ssl=1 2x, https:\/\/i0.wp.com\/webdelmaestrocmf.com\/portal\/wp-content\/uploads\/2026\/01\/1AA-Banner-1-portada-imagen-10-1-copia-18.webp?resize=1050%2C600&ssl=1 3x"},"classes":[]},{"id":71310,"url":"https:\/\/webdelmaestrocmf.com\/portal\/desarrollo-de-conductas-responsables-para-ninos-de-3-a-12-anos\/","url_meta":{"origin":16403,"position":5},"title":"Desarrollo de conductas responsables para ni\u00f1os de 3 a 12 a\u00f1os","author":"Web del Maestro CMF","date":"6 mayo, 2022","format":false,"excerpt":"La\u00a0responsabilidad\u00a0es un valor que est\u00e1 en la conciencia de la persona, que \u00a0permite la reflexi\u00f3n, administraci\u00f3n, orientaci\u00f3n y valoraci\u00f3n de las consecuencias de sus actos.\u00a0Educar para que sean\u00a0ni\u00f1os\u00a0responsables, es una necesidad con m\u00faltiples beneficios para ellos. La responsabilidad es una de las claves para que tus hijos afronten bien el\u2026","rel":"","context":"En \u00abDescargas Manuales PDF\u00bb","block_context":{"text":"Descargas Manuales PDF","link":"https:\/\/webdelmaestrocmf.com\/portal\/category\/pedagogia\/descargas-manuales-pdf\/"},"img":{"alt_text":"","src":"https:\/\/i0.wp.com\/webdelmaestrocmf.com\/portal\/wp-content\/uploads\/2021\/11\/1QfER-9.jpg?resize=350%2C200&ssl=1","width":350,"height":200,"srcset":"https:\/\/i0.wp.com\/webdelmaestrocmf.com\/portal\/wp-content\/uploads\/2021\/11\/1QfER-9.jpg?resize=350%2C200&ssl=1 1x, https:\/\/i0.wp.com\/webdelmaestrocmf.com\/portal\/wp-content\/uploads\/2021\/11\/1QfER-9.jpg?resize=525%2C300&ssl=1 1.5x, https:\/\/i0.wp.com\/webdelmaestrocmf.com\/portal\/wp-content\/uploads\/2021\/11\/1QfER-9.jpg?resize=700%2C400&ssl=1 2x, https:\/\/i0.wp.com\/webdelmaestrocmf.com\/portal\/wp-content\/uploads\/2021\/11\/1QfER-9.jpg?resize=1050%2C600&ssl=1 3x"},"classes":[]}],"_links":{"self":[{"href":"https:\/\/webdelmaestrocmf.com\/portal\/wp-json\/wp\/v2\/posts\/16403","targetHints":{"allow":["GET"]}}],"collection":[{"href":"https:\/\/webdelmaestrocmf.com\/portal\/wp-json\/wp\/v2\/posts"}],"about":[{"href":"https:\/\/webdelmaestrocmf.com\/portal\/wp-json\/wp\/v2\/types\/post"}],"author":[{"embeddable":true,"href":"https:\/\/webdelmaestrocmf.com\/portal\/wp-json\/wp\/v2\/users\/1"}],"replies":[{"embeddable":true,"href":"https:\/\/webdelmaestrocmf.com\/portal\/wp-json\/wp\/v2\/comments?post=16403"}],"version-history":[{"count":0,"href":"https:\/\/webdelmaestrocmf.com\/portal\/wp-json\/wp\/v2\/posts\/16403\/revisions"}],"wp:featuredmedia":[{"embeddable":true,"href":"https:\/\/webdelmaestrocmf.com\/portal\/wp-json\/wp\/v2\/media\/72529"}],"wp:attachment":[{"href":"https:\/\/webdelmaestrocmf.com\/portal\/wp-json\/wp\/v2\/media?parent=16403"}],"wp:term":[{"taxonomy":"category","embeddable":true,"href":"https:\/\/webdelmaestrocmf.com\/portal\/wp-json\/wp\/v2\/categories?post=16403"},{"taxonomy":"post_tag","embeddable":true,"href":"https:\/\/webdelmaestrocmf.com\/portal\/wp-json\/wp\/v2\/tags?post=16403"}],"curies":[{"name":"wp","href":"https:\/\/api.w.org\/{rel}","templated":true}]}}