{"id":16311,"date":"2017-03-22T10:41:25","date_gmt":"2017-03-22T13:41:25","guid":{"rendered":"http:\/\/webdelmaestrocmf.com\/portal\/?p=16311"},"modified":"2022-03-13T16:55:52","modified_gmt":"2022-03-13T19:55:52","slug":"papa-francisco-jovenes-dejen-una-huella-marque-la-historia","status":"publish","type":"post","link":"https:\/\/webdelmaestrocmf.com\/portal\/papa-francisco-jovenes-dejen-una-huella-marque-la-historia\/","title":{"rendered":"Papa Francisco: j\u00f3venes \u201cdejen una huella que marque la historia\u201d"},"content":{"rendered":"<h5 style=\"text-align: justify;\">El Papa Francisco env\u00eda un video mensaje, que ROME REPORTS ha colgado en YouTube, y que compartimos con fines educativos \u2013 pastorales; sobre la Jornada Mundial de la Juventud.<\/h5>\n<h5 style=\"text-align: justify;\">Un mensaje que anima a los j\u00f3venes a expresar sus planteamientos, sus sue\u00f1os e ideales, para romper los muros del inmovilismo y caminar hacia la JMJ Panam\u00e1 2019.<\/h5>\n<p style=\"text-align: justify;\"><!--more--><\/p>\n<p><strong>Papa env\u00eda videomensaje para la edici\u00f3n local de JMJ: Imitad a Mar\u00eda, no es una j\u00f3ven-sof\u00e1<\/strong><\/p>\n<p style=\"text-align: justify;\">La Jornada Mundial de la Juventud se celebra cada a\u00f1o desde 1984 el Domingo de Ramos en cada di\u00f3cesis del mundo, tambi\u00e9n en Roma. Sin embargo, cada dos o tres a\u00f1os, tiene lugar fuera de la Ciudad Eterna en los grandes encuentros mundiales con el Papa.<\/p>\n<p style=\"text-align: justify;\">Para la edici\u00f3n de este a\u00f1o, el Papa Francisco ha enviado un videomensaje en el que invita a los j\u00f3venes del mundo a ser como Mar\u00eda, una joven decidida que confi\u00f3 en Dios.<\/p>\n<p style=\"text-align: justify;\"><strong>FRANCISCO<\/strong><\/p>\n<p style=\"text-align: justify;\">\u00abNo se queda encerrada en casa, porque no es una joven-sof\u00e1, que busque sentirse c\u00f3moda y segura sin que nadie la moleste. Ella se mueve por fe, porque la fe es el coraz\u00f3n de toda la historia de nuestra Madre\u201d.<\/p>\n<p style=\"text-align: justify;\">El Papa explica a los j\u00f3venes que, como hizo con la Virgen Mar\u00eda, Dios tambi\u00e9n se fija en ellos y les pide que lleven a cabo una importante misi\u00f3n, mejorar el mundo.<\/p>\n<p style=\"text-align: justify;\"><strong>FRANCISCO<\/strong><\/p>\n<p style=\"text-align: justify;\">\u00abComo la joven de Nazaret, pueden mejorar el mundo, para dejar una huella que marque la Historia, la de ustedes y la de muchos. La Iglesia y la sociedad los necesitan. Con sus planteos, con el coraje que tienen, con su sue\u00f1os e ideales, se caen los muros del inmovilismo y se abren caminos que nos llevan a un mundo mejor, m\u00e1s justo, menos cruel y m\u00e1s humano\u201d.<\/p>\n<p style=\"text-align: justify;\">Y por si alguien piensa que a\u00fan queda mucho tiempo hasta la JMJ de Panam\u00e1 de 2019, el Papa recuerda con este videomensaje que ya hay que ponerse en camino.<\/p>\n<p style=\"text-align: justify;\">Francisco les invita a preparar este encuentro de la mano de la Virgen Mar\u00eda, confiando en ella, y les deja este \u00faltimo mensaje.<\/p>\n<p style=\"text-align: justify;\"><strong>FRANCISCO<\/strong><\/p>\n<p style=\"text-align: justify;\">\u00abComo Madre buena los escucha, los abraza, los quiere, camina con ustedes. Les aseguro que si hacen esto no se van a arrepentir.\u00a0Buen peregrinaje hacia la Jornada Mundial de la Juventud de 2019\u201d.<\/p>\n<p><iframe loading=\"lazy\" src=\"https:\/\/www.youtube.com\/embed\/Fd3-1Yb6pPU?rel=0&amp;controls=0&amp;showinfo=0\" width=\"100%\" height=\"400\" frameborder=\"0\" allowfullscreen=\"allowfullscreen\"><span data-mce-type=\"bookmark\" style=\"display: inline-block; width: 0px; overflow: hidden; line-height: 0;\" class=\"mce_SELRES_start\">\ufeff<\/span><\/iframe><\/p>\n\t\t<div class=\"pk-inline-posts\">\n\t\t\t\n\t\t\t<div class=\"pk-inline-posts-container pk-inline-posts-template-list\"\n\t\t\t\tdata-columns=\"1\">\n\t\t\t\t\t\t<article id=\"post-117930\" class=\"post-117930 post type-post status-publish format-standard has-post-thumbnail category-pastoral category-noticias-internacionales category-papa-leon-xiv tag-conflictos tag-derechos-humanos tag-educacion-en-valores-2 tag-etica-3 tag-justicia-social tag-liderazgo tag-papa-2 tag-paz tag-reflexion-2 tag-solidaridad cs-entry cs-video-wrap\">\n\t\t\t<div class=\"pk-post-outer\">\n\n\t\t\t\t\t\t\t\t<div class=\"pk-post-inner\">\n\t\t\t\t\t<div class=\"entry-thumbnail\">\n\t\t\t\t\t\t<div class=\"pk-overlay pk-overlay-ratio pk-ratio-landscape\">\n\t\t\t\t\t\t\t<div class=\"pk-overlay-background\">\n\t\t\t\t\t\t\t\t<a href=\"https:\/\/webdelmaestrocmf.com\/portal\/papa-leon-xiv-el-mundo-esta-siendo-destruido-por-unos-pocos-tiranos-en-referencia-a-trump\/\" class=\"pk-overlay-link\">\n\t\t\t\t\t\t\t\t\t<img loading=\"lazy\" decoding=\"async\" width=\"300\" height=\"225\" src=\"https:\/\/webdelmaestrocmf.com\/portal\/wp-content\/uploads\/2026\/04\/1AA-Banner-1-portada-imagen-10-1-copia-30-300x225.webp\" class=\"attachment-pk-thumbnail size-pk-thumbnail wp-post-image\" alt=\"\" \/>\t\t\t\t\t\t\t\t<\/a>\n\t\t\t\t\t\t\t<\/div>\n\t\t\t\t\t\t<\/div>\n\t\t\t\t\t<\/div>\n\t\t\t\t<\/div>\n\t\t\t\t\n\t\t\t\t<div class=\"pk-post-inner\">\n\t\t\t\t\t<header>\n\t\t\t\t\t\t<h3 class=\"pk-title\"><a href=\"https:\/\/webdelmaestrocmf.com\/portal\/papa-leon-xiv-el-mundo-esta-siendo-destruido-por-unos-pocos-tiranos-en-referencia-a-trump\/\" rel=\"bookmark\">Papa Le\u00f3n XIV: \u201cEl mundo est\u00e1 siendo destruido por unos pocos tiranos\u201d, en referencia a Trump<\/a><\/h3>\t\t\t\t\t<\/header><!-- .entry-header -->\n\t\t\t\t<\/div><!-- .post-inner -->\n\n\t\t\t<\/div><!-- .post-outer -->\n\t\t<\/article>\n\t\t\t\t<\/div>\n\t\t<\/div>\n\t\t\n","protected":false},"excerpt":{"rendered":"El Papa Francisco env\u00eda un video mensaje, que ROME REPORTS ha colgado en YouTube, y que compartimos con&hellip;","protected":false},"author":1,"featured_media":75296,"comment_status":"open","ping_status":"open","sticky":false,"template":"","format":"standard","meta":{"csco_display_header_overlay":false,"csco_singular_sidebar":"default","csco_page_header_type":"default","csco_page_load_nextpost":"default","csco_post_video_location":[],"csco_post_video_location_hash":"","csco_post_video_url":"","csco_post_video_bg_start_time":0,"csco_post_video_bg_end_time":0,"csco_post_video_bg_volume":false,"_jetpack_memberships_contains_paid_content":false,"footnotes":""},"categories":[431,467],"tags":[1363,1964,1483,880],"class_list":{"0":"post-16311","1":"post","2":"type-post","3":"status-publish","4":"format-standard","5":"has-post-thumbnail","7":"category-pastoral","8":"category-papa-francisco","9":"tag-francisco","10":"tag-jmj","11":"tag-jovenes","12":"tag-papa","13":"cs-entry","14":"cs-video-wrap"},"yoast_head":"<!-- This site is optimized with the Yoast SEO plugin v27.5 - https:\/\/yoast.com\/product\/yoast-seo-wordpress\/ -->\n<title>Papa Francisco: j\u00f3venes \u201cdejen una huella que marque la historia\u201d<\/title>\n<meta name=\"description\" content=\"La Jornada Mundial de la Juventud se celebra cada a\u00f1o desde 1984 el Domingo de Ramos en cada di\u00f3cesis del mundo, tambi\u00e9n en Roma...\" \/>\n<meta name=\"robots\" content=\"index, follow, max-snippet:-1, max-image-preview:large, max-video-preview:-1\" \/>\n<link rel=\"canonical\" href=\"https:\/\/webdelmaestrocmf.com\/portal\/papa-francisco-jovenes-dejen-una-huella-marque-la-historia\/\" \/>\n<meta property=\"og:locale\" content=\"es_ES\" \/>\n<meta property=\"og:type\" content=\"article\" \/>\n<meta property=\"og:title\" content=\"Papa Francisco: j\u00f3venes \u201cdejen una huella que marque la historia\u201d\" \/>\n<meta property=\"og:description\" content=\"La Jornada Mundial de la Juventud se celebra cada a\u00f1o desde 1984 el Domingo de Ramos en cada di\u00f3cesis del mundo, tambi\u00e9n en Roma...\" \/>\n<meta property=\"og:url\" content=\"https:\/\/webdelmaestrocmf.com\/portal\/papa-francisco-jovenes-dejen-una-huella-marque-la-historia\/\" \/>\n<meta property=\"og:site_name\" content=\"Web del Maestro CMF\" \/>\n<meta property=\"article:publisher\" content=\"https:\/\/www.facebook.com\/WebdelMaestroCMF\/\" \/>\n<meta property=\"article:author\" content=\"https:\/\/www.facebook.com\/WebdelMaestroCMF\/\" \/>\n<meta property=\"article:published_time\" content=\"2017-03-22T13:41:25+00:00\" \/>\n<meta property=\"article:modified_time\" content=\"2022-03-13T19:55:52+00:00\" \/>\n<meta property=\"og:image\" content=\"https:\/\/i0.wp.com\/webdelmaestrocmf.com\/portal\/wp-content\/uploads\/2017\/10\/1ss.jpg?fit=620%2C349&ssl=1\" \/>\n\t<meta property=\"og:image:width\" content=\"620\" \/>\n\t<meta property=\"og:image:height\" content=\"349\" \/>\n\t<meta property=\"og:image:type\" content=\"image\/jpeg\" \/>\n<meta name=\"author\" content=\"Web del Maestro CMF\" \/>\n<meta name=\"twitter:card\" content=\"summary_large_image\" \/>\n<meta name=\"twitter:creator\" content=\"@cmf_w\" \/>\n<meta name=\"twitter:site\" content=\"@cmf_w\" \/>\n<script type=\"application\/ld+json\" class=\"yoast-schema-graph\">{\"@context\":\"https:\\\/\\\/schema.org\",\"@graph\":[{\"@type\":\"ScholarlyArticle\",\"@id\":\"https:\\\/\\\/webdelmaestrocmf.com\\\/portal\\\/papa-francisco-jovenes-dejen-una-huella-marque-la-historia\\\/#article\",\"isPartOf\":{\"@id\":\"https:\\\/\\\/webdelmaestrocmf.com\\\/portal\\\/papa-francisco-jovenes-dejen-una-huella-marque-la-historia\\\/\"},\"author\":{\"name\":\"Web del Maestro CMF\",\"@id\":\"https:\\\/\\\/webdelmaestrocmf.com\\\/portal\\\/#\\\/schema\\\/person\\\/1072a2ed7bd960df8ef99a551fa35dc5\"},\"headline\":\"Papa Francisco: j\u00f3venes \u201cdejen una huella que marque la historia\u201d\",\"datePublished\":\"2017-03-22T13:41:25+00:00\",\"dateModified\":\"2022-03-13T19:55:52+00:00\",\"mainEntityOfPage\":{\"@id\":\"https:\\\/\\\/webdelmaestrocmf.com\\\/portal\\\/papa-francisco-jovenes-dejen-una-huella-marque-la-historia\\\/\"},\"wordCount\":416,\"commentCount\":4,\"publisher\":{\"@id\":\"https:\\\/\\\/webdelmaestrocmf.com\\\/portal\\\/#organization\"},\"image\":{\"@id\":\"https:\\\/\\\/webdelmaestrocmf.com\\\/portal\\\/papa-francisco-jovenes-dejen-una-huella-marque-la-historia\\\/#primaryimage\"},\"thumbnailUrl\":\"https:\\\/\\\/webdelmaestrocmf.com\\\/portal\\\/wp-content\\\/uploads\\\/2017\\\/10\\\/1ss.jpg\",\"keywords\":[\"Francisco\",\"JMJ\",\"j\u00f3venes\",\"pap\u00e1\"],\"articleSection\":[\"Mundo cart\u00f3lico\",\"Papa Francisco\"],\"inLanguage\":\"es\",\"potentialAction\":[{\"@type\":\"CommentAction\",\"name\":\"Comment\",\"target\":[\"https:\\\/\\\/webdelmaestrocmf.com\\\/portal\\\/papa-francisco-jovenes-dejen-una-huella-marque-la-historia\\\/#respond\"]}]},{\"@type\":\"WebPage\",\"@id\":\"https:\\\/\\\/webdelmaestrocmf.com\\\/portal\\\/papa-francisco-jovenes-dejen-una-huella-marque-la-historia\\\/\",\"url\":\"https:\\\/\\\/webdelmaestrocmf.com\\\/portal\\\/papa-francisco-jovenes-dejen-una-huella-marque-la-historia\\\/\",\"name\":\"Papa Francisco: j\u00f3venes \u201cdejen una huella que marque la historia\u201d\",\"isPartOf\":{\"@id\":\"https:\\\/\\\/webdelmaestrocmf.com\\\/portal\\\/#website\"},\"primaryImageOfPage\":{\"@id\":\"https:\\\/\\\/webdelmaestrocmf.com\\\/portal\\\/papa-francisco-jovenes-dejen-una-huella-marque-la-historia\\\/#primaryimage\"},\"image\":{\"@id\":\"https:\\\/\\\/webdelmaestrocmf.com\\\/portal\\\/papa-francisco-jovenes-dejen-una-huella-marque-la-historia\\\/#primaryimage\"},\"thumbnailUrl\":\"https:\\\/\\\/webdelmaestrocmf.com\\\/portal\\\/wp-content\\\/uploads\\\/2017\\\/10\\\/1ss.jpg\",\"datePublished\":\"2017-03-22T13:41:25+00:00\",\"dateModified\":\"2022-03-13T19:55:52+00:00\",\"description\":\"La Jornada Mundial de la Juventud se celebra cada a\u00f1o desde 1984 el Domingo de Ramos en cada di\u00f3cesis del mundo, tambi\u00e9n en Roma...\",\"breadcrumb\":{\"@id\":\"https:\\\/\\\/webdelmaestrocmf.com\\\/portal\\\/papa-francisco-jovenes-dejen-una-huella-marque-la-historia\\\/#breadcrumb\"},\"inLanguage\":\"es\",\"potentialAction\":[{\"@type\":\"ReadAction\",\"target\":[\"https:\\\/\\\/webdelmaestrocmf.com\\\/portal\\\/papa-francisco-jovenes-dejen-una-huella-marque-la-historia\\\/\"]}]},{\"@type\":\"ImageObject\",\"inLanguage\":\"es\",\"@id\":\"https:\\\/\\\/webdelmaestrocmf.com\\\/portal\\\/papa-francisco-jovenes-dejen-una-huella-marque-la-historia\\\/#primaryimage\",\"url\":\"https:\\\/\\\/webdelmaestrocmf.com\\\/portal\\\/wp-content\\\/uploads\\\/2017\\\/10\\\/1ss.jpg\",\"contentUrl\":\"https:\\\/\\\/webdelmaestrocmf.com\\\/portal\\\/wp-content\\\/uploads\\\/2017\\\/10\\\/1ss.jpg\",\"width\":620,\"height\":349},{\"@type\":\"BreadcrumbList\",\"@id\":\"https:\\\/\\\/webdelmaestrocmf.com\\\/portal\\\/papa-francisco-jovenes-dejen-una-huella-marque-la-historia\\\/#breadcrumb\",\"itemListElement\":[{\"@type\":\"ListItem\",\"position\":1,\"name\":\"Portada\",\"item\":\"https:\\\/\\\/webdelmaestrocmf.com\\\/portal\\\/\"},{\"@type\":\"ListItem\",\"position\":2,\"name\":\"Mundo cart\u00f3lico\",\"item\":\"https:\\\/\\\/webdelmaestrocmf.com\\\/portal\\\/category\\\/pastoral\\\/\"},{\"@type\":\"ListItem\",\"position\":3,\"name\":\"Papa Francisco: j\u00f3venes \u201cdejen una huella que marque la historia\u201d\"}]},{\"@type\":\"WebSite\",\"@id\":\"https:\\\/\\\/webdelmaestrocmf.com\\\/portal\\\/#website\",\"url\":\"https:\\\/\\\/webdelmaestrocmf.com\\\/portal\\\/\",\"name\":\"Web del Maestro CMF\",\"description\":\"Maestros al servicio de la educaci\u00f3n\",\"publisher\":{\"@id\":\"https:\\\/\\\/webdelmaestrocmf.com\\\/portal\\\/#organization\"},\"alternateName\":\"WMCMF\",\"potentialAction\":[{\"@type\":\"SearchAction\",\"target\":{\"@type\":\"EntryPoint\",\"urlTemplate\":\"https:\\\/\\\/webdelmaestrocmf.com\\\/portal\\\/?s={search_term_string}\"},\"query-input\":{\"@type\":\"PropertyValueSpecification\",\"valueRequired\":true,\"valueName\":\"search_term_string\"}}],\"inLanguage\":\"es\"},{\"@type\":\"Organization\",\"@id\":\"https:\\\/\\\/webdelmaestrocmf.com\\\/portal\\\/#organization\",\"name\":\"Web del Maestro CMF\",\"alternateName\":\"WMCMF\",\"url\":\"https:\\\/\\\/webdelmaestrocmf.com\\\/portal\\\/\",\"logo\":{\"@type\":\"ImageObject\",\"inLanguage\":\"es\",\"@id\":\"https:\\\/\\\/webdelmaestrocmf.com\\\/portal\\\/#\\\/schema\\\/logo\\\/image\\\/\",\"url\":\"https:\\\/\\\/webdelmaestrocmf.com\\\/portal\\\/wp-content\\\/uploads\\\/2023\\\/01\\\/logo-wmcmf-2.png\",\"contentUrl\":\"https:\\\/\\\/webdelmaestrocmf.com\\\/portal\\\/wp-content\\\/uploads\\\/2023\\\/01\\\/logo-wmcmf-2.png\",\"width\":200,\"height\":60,\"caption\":\"Web del Maestro CMF\"},\"image\":{\"@id\":\"https:\\\/\\\/webdelmaestrocmf.com\\\/portal\\\/#\\\/schema\\\/logo\\\/image\\\/\"},\"sameAs\":[\"https:\\\/\\\/www.facebook.com\\\/WebdelMaestroCMF\\\/\",\"https:\\\/\\\/x.com\\\/cmf_w\",\"https:\\\/\\\/www.pinterest.com\\\/WMCMF\\\/\",\"https:\\\/\\\/www.linkedin.com\\\/company\\\/web-del-maestro-cmf\\\/\",\"https:\\\/\\\/www.instagram.com\\\/wmcmf\\\/\",\"https:\\\/\\\/www.youtube.com\\\/channel\\\/UCDPSvjbdodE5sHnC3OxutHw\",\"https:\\\/\\\/mastodon.social\\\/@wmcmf\",\"https:\\\/\\\/www.tiktok.com\\\/@webdelmaestrocmf\"]},{\"@type\":\"Person\",\"@id\":\"https:\\\/\\\/webdelmaestrocmf.com\\\/portal\\\/#\\\/schema\\\/person\\\/1072a2ed7bd960df8ef99a551fa35dc5\",\"name\":\"Web del Maestro CMF\",\"image\":{\"@type\":\"ImageObject\",\"inLanguage\":\"es\",\"@id\":\"https:\\\/\\\/secure.gravatar.com\\\/avatar\\\/23291dd5b5ae1077dcff3dbb04c3e02bd28403fa75af6d8787d5e97c5bbbe30b?s=96&d=mm&r=g\",\"url\":\"https:\\\/\\\/secure.gravatar.com\\\/avatar\\\/23291dd5b5ae1077dcff3dbb04c3e02bd28403fa75af6d8787d5e97c5bbbe30b?s=96&d=mm&r=g\",\"contentUrl\":\"https:\\\/\\\/secure.gravatar.com\\\/avatar\\\/23291dd5b5ae1077dcff3dbb04c3e02bd28403fa75af6d8787d5e97c5bbbe30b?s=96&d=mm&r=g\",\"caption\":\"Web del Maestro CMF\"},\"description\":\"Esta Web se cre\u00f3 sin fines de lucro, con fines educativos, cient\u00edficos y acad\u00e9micos, para personas que tengan dificultades y\\\/o inconvenientes en visualizar el material original. El objetivo es entregar recursos, compartir experiencias y materiales que ayuden a los padres de familia, maestros y estudiantes en su actualizaci\u00f3n y formaci\u00f3n permanente, en bien de la Educaci\u00f3n.\",\"sameAs\":[\"http:\\\/\\\/webdelmaestrocmf.com\\\/portal\",\"https:\\\/\\\/www.facebook.com\\\/WebdelMaestroCMF\\\/\",\"https:\\\/\\\/www.instagram.com\\\/wmcmf\\\/\",\"https:\\\/\\\/cl.linkedin.com\\\/company\\\/web-del-maestro-cmf\",\"https:\\\/\\\/www.pinterest.com\\\/WMCMF\\\/publicaciones\\\/\",\"https:\\\/\\\/x.com\\\/cmf_w\",\"https:\\\/\\\/www.youtube.com\\\/@WMCMF\"]}]}<\/script>\n<!-- \/ Yoast SEO plugin. -->","yoast_head_json":{"title":"Papa Francisco: j\u00f3venes \u201cdejen una huella que marque la historia\u201d","description":"La Jornada Mundial de la Juventud se celebra cada a\u00f1o desde 1984 el Domingo de Ramos en cada di\u00f3cesis del mundo, tambi\u00e9n en Roma...","robots":{"index":"index","follow":"follow","max-snippet":"max-snippet:-1","max-image-preview":"max-image-preview:large","max-video-preview":"max-video-preview:-1"},"canonical":"https:\/\/webdelmaestrocmf.com\/portal\/papa-francisco-jovenes-dejen-una-huella-marque-la-historia\/","og_locale":"es_ES","og_type":"article","og_title":"Papa Francisco: j\u00f3venes \u201cdejen una huella que marque la historia\u201d","og_description":"La Jornada Mundial de la Juventud se celebra cada a\u00f1o desde 1984 el Domingo de Ramos en cada di\u00f3cesis del mundo, tambi\u00e9n en Roma...","og_url":"https:\/\/webdelmaestrocmf.com\/portal\/papa-francisco-jovenes-dejen-una-huella-marque-la-historia\/","og_site_name":"Web del Maestro CMF","article_publisher":"https:\/\/www.facebook.com\/WebdelMaestroCMF\/","article_author":"https:\/\/www.facebook.com\/WebdelMaestroCMF\/","article_published_time":"2017-03-22T13:41:25+00:00","article_modified_time":"2022-03-13T19:55:52+00:00","og_image":[{"width":620,"height":349,"url":"https:\/\/i0.wp.com\/webdelmaestrocmf.com\/portal\/wp-content\/uploads\/2017\/10\/1ss.jpg?fit=620%2C349&ssl=1","type":"image\/jpeg"}],"author":"Web del Maestro CMF","twitter_card":"summary_large_image","twitter_creator":"@cmf_w","twitter_site":"@cmf_w","schema":{"@context":"https:\/\/schema.org","@graph":[{"@type":"ScholarlyArticle","@id":"https:\/\/webdelmaestrocmf.com\/portal\/papa-francisco-jovenes-dejen-una-huella-marque-la-historia\/#article","isPartOf":{"@id":"https:\/\/webdelmaestrocmf.com\/portal\/papa-francisco-jovenes-dejen-una-huella-marque-la-historia\/"},"author":{"name":"Web del Maestro CMF","@id":"https:\/\/webdelmaestrocmf.com\/portal\/#\/schema\/person\/1072a2ed7bd960df8ef99a551fa35dc5"},"headline":"Papa Francisco: j\u00f3venes \u201cdejen una huella que marque la historia\u201d","datePublished":"2017-03-22T13:41:25+00:00","dateModified":"2022-03-13T19:55:52+00:00","mainEntityOfPage":{"@id":"https:\/\/webdelmaestrocmf.com\/portal\/papa-francisco-jovenes-dejen-una-huella-marque-la-historia\/"},"wordCount":416,"commentCount":4,"publisher":{"@id":"https:\/\/webdelmaestrocmf.com\/portal\/#organization"},"image":{"@id":"https:\/\/webdelmaestrocmf.com\/portal\/papa-francisco-jovenes-dejen-una-huella-marque-la-historia\/#primaryimage"},"thumbnailUrl":"https:\/\/webdelmaestrocmf.com\/portal\/wp-content\/uploads\/2017\/10\/1ss.jpg","keywords":["Francisco","JMJ","j\u00f3venes","pap\u00e1"],"articleSection":["Mundo cart\u00f3lico","Papa Francisco"],"inLanguage":"es","potentialAction":[{"@type":"CommentAction","name":"Comment","target":["https:\/\/webdelmaestrocmf.com\/portal\/papa-francisco-jovenes-dejen-una-huella-marque-la-historia\/#respond"]}]},{"@type":"WebPage","@id":"https:\/\/webdelmaestrocmf.com\/portal\/papa-francisco-jovenes-dejen-una-huella-marque-la-historia\/","url":"https:\/\/webdelmaestrocmf.com\/portal\/papa-francisco-jovenes-dejen-una-huella-marque-la-historia\/","name":"Papa Francisco: j\u00f3venes \u201cdejen una huella que marque la historia\u201d","isPartOf":{"@id":"https:\/\/webdelmaestrocmf.com\/portal\/#website"},"primaryImageOfPage":{"@id":"https:\/\/webdelmaestrocmf.com\/portal\/papa-francisco-jovenes-dejen-una-huella-marque-la-historia\/#primaryimage"},"image":{"@id":"https:\/\/webdelmaestrocmf.com\/portal\/papa-francisco-jovenes-dejen-una-huella-marque-la-historia\/#primaryimage"},"thumbnailUrl":"https:\/\/webdelmaestrocmf.com\/portal\/wp-content\/uploads\/2017\/10\/1ss.jpg","datePublished":"2017-03-22T13:41:25+00:00","dateModified":"2022-03-13T19:55:52+00:00","description":"La Jornada Mundial de la Juventud se celebra cada a\u00f1o desde 1984 el Domingo de Ramos en cada di\u00f3cesis del mundo, tambi\u00e9n en Roma...","breadcrumb":{"@id":"https:\/\/webdelmaestrocmf.com\/portal\/papa-francisco-jovenes-dejen-una-huella-marque-la-historia\/#breadcrumb"},"inLanguage":"es","potentialAction":[{"@type":"ReadAction","target":["https:\/\/webdelmaestrocmf.com\/portal\/papa-francisco-jovenes-dejen-una-huella-marque-la-historia\/"]}]},{"@type":"ImageObject","inLanguage":"es","@id":"https:\/\/webdelmaestrocmf.com\/portal\/papa-francisco-jovenes-dejen-una-huella-marque-la-historia\/#primaryimage","url":"https:\/\/webdelmaestrocmf.com\/portal\/wp-content\/uploads\/2017\/10\/1ss.jpg","contentUrl":"https:\/\/webdelmaestrocmf.com\/portal\/wp-content\/uploads\/2017\/10\/1ss.jpg","width":620,"height":349},{"@type":"BreadcrumbList","@id":"https:\/\/webdelmaestrocmf.com\/portal\/papa-francisco-jovenes-dejen-una-huella-marque-la-historia\/#breadcrumb","itemListElement":[{"@type":"ListItem","position":1,"name":"Portada","item":"https:\/\/webdelmaestrocmf.com\/portal\/"},{"@type":"ListItem","position":2,"name":"Mundo cart\u00f3lico","item":"https:\/\/webdelmaestrocmf.com\/portal\/category\/pastoral\/"},{"@type":"ListItem","position":3,"name":"Papa Francisco: j\u00f3venes \u201cdejen una huella que marque la historia\u201d"}]},{"@type":"WebSite","@id":"https:\/\/webdelmaestrocmf.com\/portal\/#website","url":"https:\/\/webdelmaestrocmf.com\/portal\/","name":"Web del Maestro CMF","description":"Maestros al servicio de la educaci\u00f3n","publisher":{"@id":"https:\/\/webdelmaestrocmf.com\/portal\/#organization"},"alternateName":"WMCMF","potentialAction":[{"@type":"SearchAction","target":{"@type":"EntryPoint","urlTemplate":"https:\/\/webdelmaestrocmf.com\/portal\/?s={search_term_string}"},"query-input":{"@type":"PropertyValueSpecification","valueRequired":true,"valueName":"search_term_string"}}],"inLanguage":"es"},{"@type":"Organization","@id":"https:\/\/webdelmaestrocmf.com\/portal\/#organization","name":"Web del Maestro CMF","alternateName":"WMCMF","url":"https:\/\/webdelmaestrocmf.com\/portal\/","logo":{"@type":"ImageObject","inLanguage":"es","@id":"https:\/\/webdelmaestrocmf.com\/portal\/#\/schema\/logo\/image\/","url":"https:\/\/webdelmaestrocmf.com\/portal\/wp-content\/uploads\/2023\/01\/logo-wmcmf-2.png","contentUrl":"https:\/\/webdelmaestrocmf.com\/portal\/wp-content\/uploads\/2023\/01\/logo-wmcmf-2.png","width":200,"height":60,"caption":"Web del Maestro CMF"},"image":{"@id":"https:\/\/webdelmaestrocmf.com\/portal\/#\/schema\/logo\/image\/"},"sameAs":["https:\/\/www.facebook.com\/WebdelMaestroCMF\/","https:\/\/x.com\/cmf_w","https:\/\/www.pinterest.com\/WMCMF\/","https:\/\/www.linkedin.com\/company\/web-del-maestro-cmf\/","https:\/\/www.instagram.com\/wmcmf\/","https:\/\/www.youtube.com\/channel\/UCDPSvjbdodE5sHnC3OxutHw","https:\/\/mastodon.social\/@wmcmf","https:\/\/www.tiktok.com\/@webdelmaestrocmf"]},{"@type":"Person","@id":"https:\/\/webdelmaestrocmf.com\/portal\/#\/schema\/person\/1072a2ed7bd960df8ef99a551fa35dc5","name":"Web del Maestro CMF","image":{"@type":"ImageObject","inLanguage":"es","@id":"https:\/\/secure.gravatar.com\/avatar\/23291dd5b5ae1077dcff3dbb04c3e02bd28403fa75af6d8787d5e97c5bbbe30b?s=96&d=mm&r=g","url":"https:\/\/secure.gravatar.com\/avatar\/23291dd5b5ae1077dcff3dbb04c3e02bd28403fa75af6d8787d5e97c5bbbe30b?s=96&d=mm&r=g","contentUrl":"https:\/\/secure.gravatar.com\/avatar\/23291dd5b5ae1077dcff3dbb04c3e02bd28403fa75af6d8787d5e97c5bbbe30b?s=96&d=mm&r=g","caption":"Web del Maestro CMF"},"description":"Esta Web se cre\u00f3 sin fines de lucro, con fines educativos, cient\u00edficos y acad\u00e9micos, para personas que tengan dificultades y\/o inconvenientes en visualizar el material original. El objetivo es entregar recursos, compartir experiencias y materiales que ayuden a los padres de familia, maestros y estudiantes en su actualizaci\u00f3n y formaci\u00f3n permanente, en bien de la Educaci\u00f3n.","sameAs":["http:\/\/webdelmaestrocmf.com\/portal","https:\/\/www.facebook.com\/WebdelMaestroCMF\/","https:\/\/www.instagram.com\/wmcmf\/","https:\/\/cl.linkedin.com\/company\/web-del-maestro-cmf","https:\/\/www.pinterest.com\/WMCMF\/publicaciones\/","https:\/\/x.com\/cmf_w","https:\/\/www.youtube.com\/@WMCMF"]}]}},"jetpack_featured_media_url":"https:\/\/webdelmaestrocmf.com\/portal\/wp-content\/uploads\/2017\/10\/1ss.jpg","jetpack_sharing_enabled":true,"jetpack-related-posts":[{"id":42424,"url":"https:\/\/webdelmaestrocmf.com\/portal\/papa-francisco-convoca-a-una-reunion-mundial-para-reconstruir-el-pacto-educativo-global\/","url_meta":{"origin":16311,"position":0},"title":"Papa Francisco convoca a una reuni\u00f3n mundial para reconstruir el pacto educativo global","author":"Web del Maestro CMF","date":"5 diciembre, 2019","format":false,"excerpt":"Para el 14 de mayo del 2020, el Papa Francisco ha convocado a Roma una reuni\u00f3n para comprender mejor la urgencia de los desaf\u00edos educativos, que debe ser estudiada y afrontada por una comunidad unida, que suma esfuerzos. Ese d\u00eda, espera el Papa, \u201cse encontrar\u00e1n \u00abtodos aquellos que, de diversos\u2026","rel":"","context":"En \u00abMundo cart\u00f3lico\u00bb","block_context":{"text":"Mundo cart\u00f3lico","link":"https:\/\/webdelmaestrocmf.com\/portal\/category\/pastoral\/"},"img":{"alt_text":"","src":"https:\/\/i0.wp.com\/webdelmaestrocmf.com\/portal\/wp-content\/uploads\/2019\/12\/1-14.jpg?resize=350%2C200&ssl=1","width":350,"height":200,"srcset":"https:\/\/i0.wp.com\/webdelmaestrocmf.com\/portal\/wp-content\/uploads\/2019\/12\/1-14.jpg?resize=350%2C200&ssl=1 1x, https:\/\/i0.wp.com\/webdelmaestrocmf.com\/portal\/wp-content\/uploads\/2019\/12\/1-14.jpg?resize=525%2C300&ssl=1 1.5x, https:\/\/i0.wp.com\/webdelmaestrocmf.com\/portal\/wp-content\/uploads\/2019\/12\/1-14.jpg?resize=700%2C400&ssl=1 2x, https:\/\/i0.wp.com\/webdelmaestrocmf.com\/portal\/wp-content\/uploads\/2019\/12\/1-14.jpg?resize=1050%2C600&ssl=1 3x"},"classes":[]},{"id":66855,"url":"https:\/\/webdelmaestrocmf.com\/portal\/papa-francisco-vacunarse-es-un-modo-de-promover-el-bien-comun-y-de-cuidarnos-unos-a-otros\/","url_meta":{"origin":16311,"position":1},"title":"Papa Francisco: Vacunarse fue un modo de promover el bien com\u00fan y de cuidarnos unos a otros","author":"Web del Maestro CMF","date":"20 agosto, 2021","format":false,"excerpt":"Con esp\u00edritu fraterno, nos envi\u00f3 un mensaje de esperanza y vislumbr\u00f3 un futuro m\u00e1s luminoso, gracias a Dios y al trabajo de muchos cient\u00edficos que descubrieron las caminos para tener las\u00a0 vacunas y protegernos del COVID-19. El trabajo humano\u00a0 siempre trae esperanza para acabar con los males que nos aquejan,\u2026","rel":"","context":"En \u00abMundo cart\u00f3lico\u00bb","block_context":{"text":"Mundo cart\u00f3lico","link":"https:\/\/webdelmaestrocmf.com\/portal\/category\/pastoral\/"},"img":{"alt_text":"","src":"https:\/\/i0.wp.com\/webdelmaestrocmf.com\/portal\/wp-content\/uploads\/2021\/08\/1-140.jpg?resize=350%2C200&ssl=1","width":350,"height":200,"srcset":"https:\/\/i0.wp.com\/webdelmaestrocmf.com\/portal\/wp-content\/uploads\/2021\/08\/1-140.jpg?resize=350%2C200&ssl=1 1x, https:\/\/i0.wp.com\/webdelmaestrocmf.com\/portal\/wp-content\/uploads\/2021\/08\/1-140.jpg?resize=525%2C300&ssl=1 1.5x, https:\/\/i0.wp.com\/webdelmaestrocmf.com\/portal\/wp-content\/uploads\/2021\/08\/1-140.jpg?resize=700%2C400&ssl=1 2x, https:\/\/i0.wp.com\/webdelmaestrocmf.com\/portal\/wp-content\/uploads\/2021\/08\/1-140.jpg?resize=1050%2C600&ssl=1 3x"},"classes":[]},{"id":111558,"url":"https:\/\/webdelmaestrocmf.com\/portal\/el-papa-leon-xiv-saluda-al-peru-en-su-aniversario-patrio-y-recuerda-su-profundo-vinculo-con-la-nacion\/","url_meta":{"origin":16311,"position":2},"title":"El papa Le\u00f3n XIV saluda al Per\u00fa en su aniversario patrio y recuerda su profundo v\u00ednculo con la naci\u00f3n","author":"Web del Maestro CMF","date":"28 julio, 2025","format":false,"excerpt":"El papa Le\u00f3n XIV salud\u00f3 al Per\u00fa con gratitud, destacando su fe, su juventud peregrina y su papel en la Iglesia.","rel":"","context":"En \u00abMundo cart\u00f3lico\u00bb","block_context":{"text":"Mundo cart\u00f3lico","link":"https:\/\/webdelmaestrocmf.com\/portal\/category\/pastoral\/"},"img":{"alt_text":"","src":"https:\/\/i0.wp.com\/webdelmaestrocmf.com\/portal\/wp-content\/uploads\/2025\/07\/1A-Banner-1-portada-imagen-10-1-copia-84.webp?resize=350%2C200&ssl=1","width":350,"height":200,"srcset":"https:\/\/i0.wp.com\/webdelmaestrocmf.com\/portal\/wp-content\/uploads\/2025\/07\/1A-Banner-1-portada-imagen-10-1-copia-84.webp?resize=350%2C200&ssl=1 1x, https:\/\/i0.wp.com\/webdelmaestrocmf.com\/portal\/wp-content\/uploads\/2025\/07\/1A-Banner-1-portada-imagen-10-1-copia-84.webp?resize=525%2C300&ssl=1 1.5x, https:\/\/i0.wp.com\/webdelmaestrocmf.com\/portal\/wp-content\/uploads\/2025\/07\/1A-Banner-1-portada-imagen-10-1-copia-84.webp?resize=700%2C400&ssl=1 2x"},"classes":[]},{"id":26575,"url":"https:\/\/webdelmaestrocmf.com\/portal\/papa-francisco-invita-los-jovenes-participar-internet-la-preparacion-del-sinodo\/","url_meta":{"origin":16311,"position":3},"title":"Papa Francisco invita a los j\u00f3venes a participar por internet en la preparaci\u00f3n del s\u00ednodo","author":"Web del Maestro CMF","date":"21 febrero, 2018","format":false,"excerpt":"En marzo, unos 300 j\u00f3venes se reunir\u00e1n en Roma para aportar ideas y preparar el pr\u00f3ximo S\u00ednodo. \u00c9ste se celebrar\u00e1 en octubre y tratar\u00e1 precisamente sobre la Iglesia y los j\u00f3venes. Por eso, en el \u00c1ngelus, el Papa pidi\u00f3 a todos los j\u00f3venes que participen en el encuentro de marzo\u2026","rel":"","context":"En \u00abMundo cart\u00f3lico\u00bb","block_context":{"text":"Mundo cart\u00f3lico","link":"https:\/\/webdelmaestrocmf.com\/portal\/category\/pastoral\/"},"img":{"alt_text":"","src":"https:\/\/i0.wp.com\/webdelmaestrocmf.com\/portal\/wp-content\/uploads\/2018\/02\/papa-francisco.jpg?resize=350%2C200&ssl=1","width":350,"height":200,"srcset":"https:\/\/i0.wp.com\/webdelmaestrocmf.com\/portal\/wp-content\/uploads\/2018\/02\/papa-francisco.jpg?resize=350%2C200&ssl=1 1x, https:\/\/i0.wp.com\/webdelmaestrocmf.com\/portal\/wp-content\/uploads\/2018\/02\/papa-francisco.jpg?resize=525%2C300&ssl=1 1.5x, https:\/\/i0.wp.com\/webdelmaestrocmf.com\/portal\/wp-content\/uploads\/2018\/02\/papa-francisco.jpg?resize=700%2C400&ssl=1 2x, https:\/\/i0.wp.com\/webdelmaestrocmf.com\/portal\/wp-content\/uploads\/2018\/02\/papa-francisco.jpg?resize=1050%2C600&ssl=1 3x"},"classes":[]},{"id":59194,"url":"https:\/\/webdelmaestrocmf.com\/portal\/papa-francisco-un-buen-musico-conoce-el-valor-del-silencio-el-valor-de-la-pausa\/","url_meta":{"origin":16311,"position":4},"title":"Papa Francisco: Un buen m\u00fasico conoce el valor del silencio, el valor de la pausa","author":"Web del Maestro CMF","date":"10 febrero, 2021","format":false,"excerpt":"Para los educadores de centros educativos confesionales, esta publicaci\u00f3n podr\u00eda ser de utilidad, sobre todo en un tema tan poco tocado, pero que en esta oportunidad el Papa Francisco, con su inspirada creatividad, comparte su sentir uniendo los objetivos de la religi\u00f3n, la educaci\u00f3n religiosa, los m\u00fasicos y la m\u00fasica.\u2026","rel":"","context":"En \u00abMundo cart\u00f3lico\u00bb","block_context":{"text":"Mundo cart\u00f3lico","link":"https:\/\/webdelmaestrocmf.com\/portal\/category\/pastoral\/"},"img":{"alt_text":"","src":"https:\/\/i0.wp.com\/webdelmaestrocmf.com\/portal\/wp-content\/uploads\/2019\/07\/1.jpg?resize=350%2C200&ssl=1","width":350,"height":200,"srcset":"https:\/\/i0.wp.com\/webdelmaestrocmf.com\/portal\/wp-content\/uploads\/2019\/07\/1.jpg?resize=350%2C200&ssl=1 1x, https:\/\/i0.wp.com\/webdelmaestrocmf.com\/portal\/wp-content\/uploads\/2019\/07\/1.jpg?resize=525%2C300&ssl=1 1.5x, https:\/\/i0.wp.com\/webdelmaestrocmf.com\/portal\/wp-content\/uploads\/2019\/07\/1.jpg?resize=700%2C400&ssl=1 2x, https:\/\/i0.wp.com\/webdelmaestrocmf.com\/portal\/wp-content\/uploads\/2019\/07\/1.jpg?resize=1050%2C600&ssl=1 3x"},"classes":[]},{"id":108761,"url":"https:\/\/webdelmaestrocmf.com\/portal\/fallece-el-papa-francisco-a-los-88-anos-de-edad\/","url_meta":{"origin":16311,"position":5},"title":"Fallece el Papa Francisco a los 88 a\u00f1os de edad","author":"Web del Maestro CMF","date":"21 abril, 2025","format":false,"excerpt":"El Papa Francisco ha fallecido a las 7.35 horas de este lunes a los 88 a\u00f1os de edad. As\u00ed lo ha contado desde Roma, la corresponsal de COPE, Eva Fern\u00e1ndez. El fallecimiento se ha producido horas despu\u00e9s de verle por \u00faltima vez en la Plaza de San Pedro saludando desde\u2026","rel":"","context":"En \u00abMundo cart\u00f3lico\u00bb","block_context":{"text":"Mundo cart\u00f3lico","link":"https:\/\/webdelmaestrocmf.com\/portal\/category\/pastoral\/"},"img":{"alt_text":"","src":"https:\/\/i0.wp.com\/webdelmaestrocmf.com\/portal\/wp-content\/uploads\/2025\/04\/1A-Banner-1-portada-imagen-10-1-7.jpg?resize=350%2C200&ssl=1","width":350,"height":200,"srcset":"https:\/\/i0.wp.com\/webdelmaestrocmf.com\/portal\/wp-content\/uploads\/2025\/04\/1A-Banner-1-portada-imagen-10-1-7.jpg?resize=350%2C200&ssl=1 1x, https:\/\/i0.wp.com\/webdelmaestrocmf.com\/portal\/wp-content\/uploads\/2025\/04\/1A-Banner-1-portada-imagen-10-1-7.jpg?resize=525%2C300&ssl=1 1.5x, https:\/\/i0.wp.com\/webdelmaestrocmf.com\/portal\/wp-content\/uploads\/2025\/04\/1A-Banner-1-portada-imagen-10-1-7.jpg?resize=700%2C400&ssl=1 2x"},"classes":[]}],"_links":{"self":[{"href":"https:\/\/webdelmaestrocmf.com\/portal\/wp-json\/wp\/v2\/posts\/16311","targetHints":{"allow":["GET"]}}],"collection":[{"href":"https:\/\/webdelmaestrocmf.com\/portal\/wp-json\/wp\/v2\/posts"}],"about":[{"href":"https:\/\/webdelmaestrocmf.com\/portal\/wp-json\/wp\/v2\/types\/post"}],"author":[{"embeddable":true,"href":"https:\/\/webdelmaestrocmf.com\/portal\/wp-json\/wp\/v2\/users\/1"}],"replies":[{"embeddable":true,"href":"https:\/\/webdelmaestrocmf.com\/portal\/wp-json\/wp\/v2\/comments?post=16311"}],"version-history":[{"count":0,"href":"https:\/\/webdelmaestrocmf.com\/portal\/wp-json\/wp\/v2\/posts\/16311\/revisions"}],"wp:featuredmedia":[{"embeddable":true,"href":"https:\/\/webdelmaestrocmf.com\/portal\/wp-json\/wp\/v2\/media\/75296"}],"wp:attachment":[{"href":"https:\/\/webdelmaestrocmf.com\/portal\/wp-json\/wp\/v2\/media?parent=16311"}],"wp:term":[{"taxonomy":"category","embeddable":true,"href":"https:\/\/webdelmaestrocmf.com\/portal\/wp-json\/wp\/v2\/categories?post=16311"},{"taxonomy":"post_tag","embeddable":true,"href":"https:\/\/webdelmaestrocmf.com\/portal\/wp-json\/wp\/v2\/tags?post=16311"}],"curies":[{"name":"wp","href":"https:\/\/api.w.org\/{rel}","templated":true}]}}