{"id":16188,"date":"2017-03-17T20:11:10","date_gmt":"2017-03-17T23:11:10","guid":{"rendered":"http:\/\/webdelmaestrocmf.com\/portal\/?p=16188"},"modified":"2023-10-04T18:44:27","modified_gmt":"2023-10-04T21:44:27","slug":"los-centos-educativos-no-estan-siendo-disenados-para-los-ninos","status":"publish","type":"post","link":"https:\/\/webdelmaestrocmf.com\/portal\/los-centos-educativos-no-estan-siendo-disenados-para-los-ninos\/","title":{"rendered":"Sandy Speicher: Los centros educativos no est\u00e1n siendo dise\u00f1ados para los ni\u00f1os"},"content":{"rendered":"<p style=\"text-align: justify;\"><strong>La necesidad de comprender \u201clo que el dise\u00f1o puede hacer para ayudar al progreso de los sistemas educativos\u201d, es para Sandy Speicher, jefa y responsable del equipo de innovaci\u00f3n educativa de IDEO desde hace nueve a\u00f1os, lo fundamental.<\/strong><!--more--><\/p>\n<p style=\"text-align: justify;\">Un art\u00edculo de Ana Torres Men\u00e1rguez publicado en EL PA\u00cdS puede responder a <strong>\u00bfQu\u00e9 tan importante es la creaci\u00f3n de nuevas metodolog\u00edas de ense\u00f1anza, programas de formaci\u00f3n para los maestros y espacios dise\u00f1ados para el trabajo colaborativo? <\/strong>y que nosotros compartimos con fines \u00fanicamente Educativos.<\/p>\n<h5 id=\"articulo-titulo\" class=\"articulo-titulo \"><strong>Sandy Speicher : \u201cLas escuelas no est\u00e1n dise\u00f1adas para los ni\u00f1os\u201d<\/strong><\/h5>\n<p class=\"articulo-subtitulo\" style=\"text-align: justify;\">La experta en innovaci\u00f3n educativa de la consultora que dise\u00f1\u00f3 el primer rat\u00f3n de Apple cree que todo profesor debe ser creativo<\/p>\n<p style=\"text-align: justify;\">En 1980, Apple le encarg\u00f3 a <a href=\"https:\/\/www.ideo.com\/eu\" target=\"_blank\" rel=\"noopener\">IDEO<\/a>, una de las compa\u00f1\u00edas de innovaci\u00f3n m\u00e1s potentes de San Francisco, que dise\u00f1ara un rat\u00f3n para su reci\u00e9n lanzado ordenador Lisa. La compa\u00f1\u00eda consigui\u00f3 desarrollar un modelo con un coste 10 veces inferior a los prototipos anteriores. \u201cA la gente le cuesta entenderlo, pero hoy estamos transformando las escuelas con el mismo m\u00e9todo con el que dise\u00f1amos el primer rat\u00f3n de Apple\u201d. La que habla es Sandy Speicher (Nueva York, 1974), creadora y responsable del equipo de innovaci\u00f3n educativa de IDEO desde hace nueve a\u00f1os. La herramienta que usan es el Design Thinking, un m\u00e9todo de cinco pasos inventado por la <a href=\"https:\/\/dschool.stanford.edu\/\" target=\"_blank\" rel=\"noopener\">d.school<\/a> de la <a href=\"https:\/\/www.stanford.edu\/\" target=\"_blank\" rel=\"noopener\">Universidad de Stanford<\/a> para explotar la creatividad.<\/p>\n<p style=\"text-align: justify;\">Entre los proyectos educativos que ha liderado, Speicher destaca el dise\u00f1o de las <a href=\"https:\/\/www.ideo.com\/case-study\/designing-a-school-system-from-the-ground-up\" target=\"_blank\" rel=\"noopener\">escuelas Innova en Per\u00fa<\/a>, donde crearon desde cero nuevas metodolog\u00edas de ense\u00f1anza, programas de formaci\u00f3n para los maestros y espacios dise\u00f1ados para el trabajo colaborativo. Tambi\u00e9n el redise\u00f1o de los comedores de una red de <a href=\"https:\/\/feature.ideo.com\/a-cafeteria-designed-for-me\/\" target=\"_blank\" rel=\"noopener\">120 colegios p\u00fablicos en San Francisco<\/a> y el proyecto <a href=\"http:\/\/www.schoolretool.org\/\" target=\"_blank\" rel=\"noopener\">School Retool<\/a>, un programa ideado junto a la Universidad de Stanford para transformar la manera de ense\u00f1ar que en noviembre de 2015 recibi\u00f3 200 millones de d\u00f3lares de la Casa Blanca.<\/p>\n<p style=\"text-align: justify;\">Graduada en dise\u00f1o gr\u00e1fico, Speicher decidi\u00f3 dar un par\u00f3n en su carrera para interesarse por la educaci\u00f3n y curs\u00f3 un m\u00e1ster en Aprendizaje, Dise\u00f1o y Tecnolog\u00eda en Stanford. La pasada semana esta experta particip\u00f3 en Madrid en el foro Imaginando el futuro de la Educaci\u00f3n, organizado por la Cumbre Mundial para la Innovaci\u00f3n en Educaci\u00f3n (<a href=\"http:\/\/www.wise-qatar.org\/\" target=\"_blank\" rel=\"noopener\">WISE<\/a>, por sus siglas en ingl\u00e9s) y el Banco Santander.<\/p>\n<h5 style=\"text-align: justify;\"><strong>Pregunta. \u00bfCu\u00e1l cree que es el principal problema del sistema educativo?<\/strong><\/h5>\n<p style=\"text-align: justify;\"><strong>Respuesta.<\/strong> El m\u00e1ximo indicador de que las cosas no funcionan es que los estudiantes est\u00e1n desencantados con la escuela. En una encuesta del <a href=\"http:\/\/ei.yale.edu\/\" target=\"_blank\" rel=\"noopener\">Yale Center for Emotional Intelligence<\/a> a 22.000 alumnos de instituto en la que se les pregunt\u00f3 c\u00f3mo se sieten en clase, las respuestas m\u00e1s comunes fueron aburrido, estresado y cansado. Creo que ese es el problema. La soluci\u00f3n no es introducir el Minecraft en clase, no se trata de meter la tecnolog\u00eda en al aula. La cuesti\u00f3n es que no estamos dise\u00f1anado las escuelas teniendo en cuenta la vida de los chicos. Estamos hiriendo la relaci\u00f3n que los ni\u00f1os tienen con el aprendizaje. \u00bfPor qu\u00e9 se aburren en clase? Su agenda est\u00e1 demasiado cargada de actividades y no tienen la energ\u00eda para engancharse. Es muy importante comprender lo que el dise\u00f1o puede hacer para ayudar al progreso del sistema educativo.<\/p>\n<h5 style=\"text-align: justify;\"><strong>P. \u00bfC\u00f3mo deben dise\u00f1arse las escuelas?<\/strong><\/h5>\n<p style=\"text-align: justify;\"><strong>R.<\/strong> No hay un modelo \u00fanico. Precisamente ah\u00ed radica la importancia del Design Thinking, un m\u00e9todo que permite a trav\u00e9s de la investigaci\u00f3n y la prueba error acercarse a las necesidades de las personas. Hay que repensar el sistema y esto no se puede hacer desde un despacho con la puerta cerrada, sino entrando en las aulas y entrevistando a los ni\u00f1os, profesores y padres. Cada \u00e1rea geogr\u00e1fica requiere un modelo. Hay que conectar con lo que les interesa a los j\u00f3venes y olvidarse de la educaci\u00f3n del siglo XIX.<\/p>\n<h5 style=\"text-align: justify;\"><strong>P. \u00bfLa soluci\u00f3n pasar\u00eda por modificar el programa acad\u00e9mico y reducir el n\u00famero de asignaturas?<\/strong><\/h5>\n<p style=\"text-align: justify;\"><strong>R.<\/strong> Hay que cambiar la esencia de la escuela. Se tiene que convertir en un lugar en el que los chicos se encuentren a s\u00ed mismos, donde haya espacio para la reflexi\u00f3n, para el descubrimiento de los intereses y las potencialidades de cada uno. Uno de los patrones que hemos detectado al trabajar con j\u00f3venes es que no importa su origen social, el nivel de ingresos de sus padres, o si han estudiado en colegios p\u00fablicos o privados, cada vez m\u00e1s estudiantes que llegan a la universidad dicen que no saben por qu\u00e9 hacen lo que hacen. No han descubierto qui\u00e9n son y muchas veces abandonan sus estudios por falta de convicci\u00f3n.<\/p>\n<h5 style=\"text-align: justify;\"><strong>P. \u00bfCree que la soluci\u00f3n debe partir de los Gobiernos o de los propios centros educativos?<\/strong><\/h5>\n<p style=\"text-align: justify;\"><strong>R.<\/strong> La mayor\u00eda de la gente piensa que para cambiar cualquier cosa tiene que ser necesariamente a trav\u00e9s de los Gobiernos y sus pol\u00edticas. Muchos profesores no saben innovar m\u00e1s all\u00e1 de lo que marcan las normativas, pero se tienen que dar cuenta de que lo que se hace cada d\u00eda en clase tiene una gran influencia en la vida de los estudiantes, mucho m\u00e1s de lo que dicte cualquier pol\u00edtica. Los docentes tienen que ser conscientes de su poder. Lo que la educaci\u00f3n ha estado esperando durante a\u00f1os son profesores innovadores con la valent\u00eda de intentarlo. La educaci\u00f3n es lo que sucede entre un profesor y un estudiante, y no lo que marca un papel. El punto de inflexi\u00f3n se produce cuando los docentes se dan cuenta de que est\u00e1n dise\u00f1ando cosas nuevas todos los d\u00edas, ya sea encontrando nuevas formas de ense\u00f1ar contenidos con mayor eficacia, utilizando el espacio del aula de forma distinta o pensando nuevos enfoques para conectar con los padres. A veces se dejan llevar por la inercia, por lo que llevan haciendo d\u00e9cadas y no prestan atenci\u00f3n a las necesidades de los chicos de hoy. Lo m\u00e1s importante es que sean creativos.<\/p>\n<h5 style=\"text-align: justify;\"><strong>P. \u00bfQu\u00e9 puede hacer un profesor para ser creativo?<\/strong><\/h5>\n<p style=\"text-align: justify;\"><strong>R.<\/strong> El Design Thinking es un m\u00e9todo que ayuda a sacar la inspiraci\u00f3n y la creatividad. Trabajamos con un grupo de profesores para ver c\u00f3mo pod\u00edamos aplicar esa f\u00f3rmula a la manera de ense\u00f1ar y creamos un kit online de herramientas gratuito con el nombre <a href=\"https:\/\/designthinkingforeducators.com\/\" target=\"_blank\" rel=\"noopener\">Design Thinking para Educadores<\/a>. Ya tenemos una red de 7.000 profesores que forman parte de esa comunidad. Les ayuda a cambiar su mentalidad. Por ejemplo, para ser m\u00e1s colaborativos en la escuela una buena forma de entender lo que les interesa a los alumnos es pensar en lo que les importa, saber a qu\u00e9 juegan cuando est\u00e1n solos, quiz\u00e1s observarlos en su casa, salir de la zona de confort que representa el aula. Entenderles desde otra visi\u00f3n, con otros ojos, haci\u00e9ndose preguntas distintas. Desde IDEO creemos que es muy \u00fatil mirar fuera de tu sector donde alguien haya solucionado una cuesti\u00f3n similar, pero en un industria diferente.<\/p>\n<h5 style=\"text-align: justify;\"><strong>P. \u00bfC\u00f3mo explicar\u00edas qu\u00e9 es el Desing Thinking?<\/strong><\/h5>\n<p style=\"text-align: justify;\"><strong>R.<\/strong> Pensar y actuar como un dise\u00f1ador. Alguien que trabaja para mejorar el mundo y las experiencias de otra gente. El optimismo es clave. Si no crees que el futuro puede ser mejor, no ser\u00e1s un buen dise\u00f1ador. La clave es acercarte a la informaci\u00f3n que ya conoces desde otra perspectiva, probar cosas nuevas, prototipar y preguntar a otros. Se puede comparar con el m\u00e9todo cient\u00edfico: si quieres un nuevo descubrimiento tienes que seguir un proceso. El Design Thinking te da estructura y orden para descubrir. No te garantiza que vayas a encontrar la innovaci\u00f3n, pero te da las pautas. Estructura tu creatividad.<\/p>\n<h5 style=\"text-align: justify;\"><strong>P. \u00bfCu\u00e1ndo se interes\u00f3 IDEO por la educaci\u00f3n?<\/strong><\/h5>\n<p style=\"text-align: justify;\"><strong>R.<\/strong> En IDEO ayudamos a las organizaciones a innovar. Tenemos 650 empleados y nueve oficinas en el mundo. Hace 30 a\u00f1os dise\u00f1\u00e1bamos objetos, como el primer rat\u00f3n de Apple. Nuestro m\u00e9todo nos permite afrontar cualquier reto de transformaci\u00f3n y desde hace nueve a\u00f1os lo estamos haciendo con el sistema educativo. Hay que estudiar todas las dificultades para imaginar una soluci\u00f3n. Cuando el empresario multimillonario peruano Carlos Rod\u00edguez Pastor me llam\u00f3 para que dise\u00f1ara un sistema de escuelas innovador en su pa\u00eds, asequible para la clase media, escalable y de excelencia acept\u00e9, pese a que nunca hab\u00edamos hecho nada parecido. Entrevistamos a m\u00e1s de 100 profeores, estudiantes y padres para conocer sus deseos y sus necesidades. Creamos 18.000 nuevas lecciones, formaci\u00f3n para el profesorado y aulas totalmente renovadas en cuanto al mobiliario y los espacios. Hoy el modelo se ha replicado en 23 escuelas.<\/p>\n<h5 style=\"text-align: justify;\"><strong>P. Otro de los proyectos de los que se siente orgullosa es el resdise\u00f1o de los comedores de una red de escuelas p\u00fablicas en San Francisco. \u00bfEn qu\u00e9 consisti\u00f3 la innovaci\u00f3n?<\/strong><\/h5>\n<p style=\"text-align: justify;\"><strong>R.<\/strong> En las 120 escuelas de la red <a href=\"http:\/\/www.sfusd.edu\/es\/\" target=\"_blank\" rel=\"noopener\">San Francisco Unified School District<\/a> ten\u00edan un problema con la alimentaci\u00f3n de los alumnos. Hab\u00edan contratado a la mejor empresa de catering de la ciudad, Revolution Foods, conocida por ofrecer los men\u00fas con el valor nutricional m\u00e1s alto. A\u00fan as\u00ed, los chicos apenas se terminaban la comida y los m\u00e1s mayores hac\u00edan lo posible por escaparse durante la hora de la comida.<\/p>\n<p style=\"text-align: justify;\">Tras cinco meses de trabajo, descubrimos que el problema no era la comida, sino la experiencia, la configuraci\u00f3n del espacio y la distribuci\u00f3n de los men\u00fas. Lo que quer\u00edan los chicos era aprovechar la hora de la comida para hablar con sus compa\u00f1eros, y no hacer colas interminables en filas de uno a uno para recoger su bandeja. <a href=\"https:\/\/www.ideo.com\/case-study\/a-student-centered-cafeteria-experience\" target=\"_blank\" rel=\"noopener\">Dise\u00f1amos un sistema<\/a> en el que hay varios puntos de distribuci\u00f3n y los estudiantes se sirven la comida entre ellos. Los resultados han sido magn\u00edficos.<\/p>\n<h5 style=\"text-align: justify;\"><strong>P. \u00bfQu\u00e9 mensaje les mandar\u00eda a los profesores que se sienten limitados a la hora de innovar por las restricciones de sus centros?<\/strong><\/h5>\n<p style=\"text-align: justify;\"><strong>R.<\/strong> Existe la creencia popularizada de que los educadores deben tender a la perfecci\u00f3n, no cometer errores y ser mod\u00e9licos. Esa expectativa hace que sea dif\u00edcil tomar riesgos\u00a0 y eso limita las posibilidades para crear un cambio radical. Los profesores necesitan experimentar y aunque a menudo sientan que el sistema no es lo suficientemente flexible, desde IDEO les animamos a probar nuevas formas de dise\u00f1o a trav\u00e9s del Design Thinking.<\/p>\n<p style=\"text-align: justify;\"><strong><strong class=\"last-child first-child\"><span class=\"last-child first-child\">Este contenido ha sido publicado originalmente por El Pa\u00eds (Espa\u00f1a)\u00a0en la siguiente direcci\u00f3n:\u00a0<a href=\"http:\/\/economia.elpais.com\" target=\"_blank\" rel=\"noopener\">economia.elpais.com<\/a><\/span><\/strong><\/strong><\/p>\n\t\t<div class=\"pk-inline-posts\">\n\t\t\t\n\t\t\t<div class=\"pk-inline-posts-container pk-inline-posts-template-list\"\n\t\t\t\tdata-columns=\"1\">\n\t\t\t\t\t\t<article id=\"post-118480\" class=\"post-118480 post type-post status-publish format-standard has-post-thumbnail category-entrevistas category-noticias tag-aprendizaje tag-autonomia-3 tag-desarrollo tag-docentes tag-educacion-2 tag-ensenanza-2 tag-escuela tag-infancia tag-juego tag-pedagogia-2 cs-entry cs-video-wrap\">\n\t\t\t<div class=\"pk-post-outer\">\n\n\t\t\t\t\t\t\t\t<div class=\"pk-post-inner\">\n\t\t\t\t\t<div class=\"entry-thumbnail\">\n\t\t\t\t\t\t<div class=\"pk-overlay pk-overlay-ratio pk-ratio-landscape\">\n\t\t\t\t\t\t\t<div class=\"pk-overlay-background\">\n\t\t\t\t\t\t\t\t<a href=\"https:\/\/webdelmaestrocmf.com\/portal\/francesco-tonucci-hoy-la-escuela-esta-asumiendo-un-error-fatal-que-es-hacer-mas-un-papel-de-ninera-que-de-estructura-educativa\/\" class=\"pk-overlay-link\">\n\t\t\t\t\t\t\t\t\t<img loading=\"lazy\" decoding=\"async\" width=\"300\" height=\"225\" src=\"https:\/\/webdelmaestrocmf.com\/portal\/wp-content\/uploads\/2026\/04\/1AA-Banner-1-portada-imagen-10-1-copia-2-9-300x225.webp\" class=\"attachment-pk-thumbnail size-pk-thumbnail wp-post-image\" alt=\"\" \/>\t\t\t\t\t\t\t\t<\/a>\n\t\t\t\t\t\t\t<\/div>\n\t\t\t\t\t\t<\/div>\n\t\t\t\t\t<\/div>\n\t\t\t\t<\/div>\n\t\t\t\t\n\t\t\t\t<div class=\"pk-post-inner\">\n\t\t\t\t\t<header>\n\t\t\t\t\t\t<h3 class=\"pk-title\"><a href=\"https:\/\/webdelmaestrocmf.com\/portal\/francesco-tonucci-hoy-la-escuela-esta-asumiendo-un-error-fatal-que-es-hacer-mas-un-papel-de-ninera-que-de-estructura-educativa\/\" rel=\"bookmark\">Francesco Tonucci: Hoy la escuela est\u00e1 asumiendo un error fatal que es hacer m\u00e1s un papel de ni\u00f1era que de estructura educativa<\/a><\/h3>\t\t\t\t\t<\/header><!-- .entry-header -->\n\t\t\t\t<\/div><!-- .post-inner -->\n\n\t\t\t<\/div><!-- .post-outer -->\n\t\t<\/article>\n\t\t\t<article id=\"post-37424\" class=\"post-37424 post type-post status-publish format-standard has-post-thumbnail category-entrevistas category-noticias tag-desarrollo tag-heckman tag-james tag-leer tag-ninos cs-entry cs-video-wrap\">\n\t\t\t<div class=\"pk-post-outer\">\n\n\t\t\t\t\t\t\t\t<div class=\"pk-post-inner\">\n\t\t\t\t\t<div class=\"entry-thumbnail\">\n\t\t\t\t\t\t<div class=\"pk-overlay pk-overlay-ratio pk-ratio-landscape\">\n\t\t\t\t\t\t\t<div class=\"pk-overlay-background\">\n\t\t\t\t\t\t\t\t<a href=\"https:\/\/webdelmaestrocmf.com\/portal\/james-heckman-leerles-a-los-ninos-tiene-un-impacto-enorme-en-su-desarrollo\/\" class=\"pk-overlay-link\">\n\t\t\t\t\t\t\t\t\t<img loading=\"lazy\" decoding=\"async\" width=\"300\" height=\"225\" src=\"https:\/\/webdelmaestrocmf.com\/portal\/wp-content\/uploads\/2023\/01\/1AA-Banner-1-portada-imagen-10-1-copia-3-300x225.webp\" class=\"attachment-pk-thumbnail size-pk-thumbnail wp-post-image\" alt=\"\" \/>\t\t\t\t\t\t\t\t<\/a>\n\t\t\t\t\t\t\t<\/div>\n\t\t\t\t\t\t<\/div>\n\t\t\t\t\t<\/div>\n\t\t\t\t<\/div>\n\t\t\t\t\n\t\t\t\t<div class=\"pk-post-inner\">\n\t\t\t\t\t<header>\n\t\t\t\t\t\t<h3 class=\"pk-title\"><a href=\"https:\/\/webdelmaestrocmf.com\/portal\/james-heckman-leerles-a-los-ninos-tiene-un-impacto-enorme-en-su-desarrollo\/\" rel=\"bookmark\">James Heckman: Leerles a los ni\u00f1os tiene un impacto enorme en su desarrollo<\/a><\/h3>\t\t\t\t\t<\/header><!-- .entry-header -->\n\t\t\t\t<\/div><!-- .post-inner -->\n\n\t\t\t<\/div><!-- .post-outer -->\n\t\t<\/article>\n\t\t\t<article id=\"post-55421\" class=\"post-55421 post type-post status-publish format-standard has-post-thumbnail category-entrevistas category-noticias tag-ayudar tag-buena tag-debe tag-lider tag-pasion tag-persona tag-tener tag-victor-kuppers cs-entry cs-video-wrap\">\n\t\t\t<div class=\"pk-post-outer\">\n\n\t\t\t\t\t\t\t\t<div class=\"pk-post-inner\">\n\t\t\t\t\t<div class=\"entry-thumbnail\">\n\t\t\t\t\t\t<div class=\"pk-overlay pk-overlay-ratio pk-ratio-landscape\">\n\t\t\t\t\t\t\t<div class=\"pk-overlay-background\">\n\t\t\t\t\t\t\t\t<a href=\"https:\/\/webdelmaestrocmf.com\/portal\/victor-kuppers-un-lider-debe-ser-buena-persona-y-tener-pasion-por-ayudar\/\" class=\"pk-overlay-link\">\n\t\t\t\t\t\t\t\t\t<img loading=\"lazy\" decoding=\"async\" width=\"300\" height=\"225\" src=\"https:\/\/webdelmaestrocmf.com\/portal\/wp-content\/uploads\/2020\/12\/1AA-Banner-1-portada-imagen-10-1-copia-3-300x225.webp\" class=\"attachment-pk-thumbnail size-pk-thumbnail wp-post-image\" alt=\"\" \/>\t\t\t\t\t\t\t\t<\/a>\n\t\t\t\t\t\t\t<\/div>\n\t\t\t\t\t\t<\/div>\n\t\t\t\t\t<\/div>\n\t\t\t\t<\/div>\n\t\t\t\t\n\t\t\t\t<div class=\"pk-post-inner\">\n\t\t\t\t\t<header>\n\t\t\t\t\t\t<h3 class=\"pk-title\"><a href=\"https:\/\/webdelmaestrocmf.com\/portal\/victor-kuppers-un-lider-debe-ser-buena-persona-y-tener-pasion-por-ayudar\/\" rel=\"bookmark\">V\u00edctor K\u00fcppers: Un l\u00edder debe ser buena persona y tener pasi\u00f3n por ayudar<\/a><\/h3>\t\t\t\t\t<\/header><!-- .entry-header -->\n\t\t\t\t<\/div><!-- .post-inner -->\n\n\t\t\t<\/div><!-- .post-outer -->\n\t\t<\/article>\n\t\t\t\t<\/div>\n\t\t<\/div>\n\t\t\n","protected":false},"excerpt":{"rendered":"La necesidad de comprender \u201clo que el dise\u00f1o puede hacer para ayudar al progreso de los sistemas educativos\u201d,&hellip;","protected":false},"author":1,"featured_media":96560,"comment_status":"open","ping_status":"open","sticky":false,"template":"","format":"standard","meta":{"csco_display_header_overlay":false,"csco_singular_sidebar":"disabled","csco_page_header_type":"large","csco_page_load_nextpost":"default","csco_post_video_location":[],"csco_post_video_location_hash":"","csco_post_video_url":"","csco_post_video_bg_start_time":0,"csco_post_video_bg_end_time":0,"csco_post_video_bg_volume":false,"_jetpack_memberships_contains_paid_content":false,"footnotes":""},"categories":[48,47],"tags":[1950,95,1225,297,1949],"class_list":{"0":"post-16188","1":"post","2":"type-post","3":"status-publish","4":"format-standard","5":"has-post-thumbnail","7":"category-entrevistas","8":"category-noticias","9":"tag-centros-educativos","10":"tag-colegios","11":"tag-diseno","12":"tag-ninos","13":"tag-sandy-speicher","14":"cs-entry","15":"cs-video-wrap"},"yoast_head":"<!-- This site is optimized with the Yoast SEO plugin v27.5 - https:\/\/yoast.com\/product\/yoast-seo-wordpress\/ -->\n<title>Sandy Speicher: Los centros educativos no est\u00e1n siendo dise\u00f1ados para los ni\u00f1os<\/title>\n<meta name=\"description\" content=\"La necesidad de comprender \u201clo que el dise\u00f1o puede hacer para ayudar al progreso de los sistemas educativos\u201d, es para Sandy Speicher...\" \/>\n<meta name=\"robots\" content=\"index, follow, max-snippet:-1, max-image-preview:large, max-video-preview:-1\" \/>\n<link rel=\"canonical\" href=\"https:\/\/webdelmaestrocmf.com\/portal\/los-centos-educativos-no-estan-siendo-disenados-para-los-ninos\/\" \/>\n<meta property=\"og:locale\" content=\"es_ES\" \/>\n<meta property=\"og:type\" content=\"article\" \/>\n<meta property=\"og:title\" content=\"Sandy Speicher: Los centros educativos no est\u00e1n siendo dise\u00f1ados para los ni\u00f1os\" \/>\n<meta property=\"og:description\" content=\"La necesidad de comprender \u201clo que el dise\u00f1o puede hacer para ayudar al progreso de los sistemas educativos\u201d, es para Sandy Speicher...\" \/>\n<meta property=\"og:url\" content=\"https:\/\/webdelmaestrocmf.com\/portal\/los-centos-educativos-no-estan-siendo-disenados-para-los-ninos\/\" \/>\n<meta property=\"og:site_name\" content=\"Web del Maestro CMF\" \/>\n<meta property=\"article:publisher\" content=\"https:\/\/www.facebook.com\/WebdelMaestroCMF\/\" \/>\n<meta property=\"article:author\" content=\"https:\/\/www.facebook.com\/WebdelMaestroCMF\/\" \/>\n<meta property=\"article:published_time\" content=\"2017-03-17T23:11:10+00:00\" \/>\n<meta property=\"article:modified_time\" content=\"2023-10-04T21:44:27+00:00\" \/>\n<meta property=\"og:image\" content=\"https:\/\/i0.wp.com\/webdelmaestrocmf.com\/portal\/wp-content\/uploads\/2017\/03\/A12B3C4D-6.jpg?fit=900%2C556&ssl=1\" \/>\n\t<meta property=\"og:image:width\" content=\"900\" \/>\n\t<meta property=\"og:image:height\" content=\"556\" \/>\n\t<meta property=\"og:image:type\" content=\"image\/jpeg\" \/>\n<meta name=\"author\" content=\"Web del Maestro CMF\" \/>\n<meta name=\"twitter:card\" content=\"summary_large_image\" \/>\n<meta name=\"twitter:creator\" content=\"@cmf_w\" \/>\n<meta name=\"twitter:site\" content=\"@cmf_w\" \/>\n<script type=\"application\/ld+json\" class=\"yoast-schema-graph\">{\"@context\":\"https:\\\/\\\/schema.org\",\"@graph\":[{\"@type\":\"ScholarlyArticle\",\"@id\":\"https:\\\/\\\/webdelmaestrocmf.com\\\/portal\\\/los-centos-educativos-no-estan-siendo-disenados-para-los-ninos\\\/#article\",\"isPartOf\":{\"@id\":\"https:\\\/\\\/webdelmaestrocmf.com\\\/portal\\\/los-centos-educativos-no-estan-siendo-disenados-para-los-ninos\\\/\"},\"author\":{\"name\":\"Web del Maestro CMF\",\"@id\":\"https:\\\/\\\/webdelmaestrocmf.com\\\/portal\\\/#\\\/schema\\\/person\\\/1072a2ed7bd960df8ef99a551fa35dc5\"},\"headline\":\"Sandy Speicher: Los centros educativos no est\u00e1n siendo dise\u00f1ados para los ni\u00f1os\",\"datePublished\":\"2017-03-17T23:11:10+00:00\",\"dateModified\":\"2023-10-04T21:44:27+00:00\",\"mainEntityOfPage\":{\"@id\":\"https:\\\/\\\/webdelmaestrocmf.com\\\/portal\\\/los-centos-educativos-no-estan-siendo-disenados-para-los-ninos\\\/\"},\"wordCount\":1865,\"commentCount\":0,\"publisher\":{\"@id\":\"https:\\\/\\\/webdelmaestrocmf.com\\\/portal\\\/#organization\"},\"image\":{\"@id\":\"https:\\\/\\\/webdelmaestrocmf.com\\\/portal\\\/los-centos-educativos-no-estan-siendo-disenados-para-los-ninos\\\/#primaryimage\"},\"thumbnailUrl\":\"https:\\\/\\\/webdelmaestrocmf.com\\\/portal\\\/wp-content\\\/uploads\\\/2017\\\/03\\\/A12B3C4D-6.jpg\",\"keywords\":[\"CENTROS EDUCATIVOS\",\"Colegios\",\"DISE\u00d1O\",\"Ni\u00f1os\",\"Sandy Speicher\"],\"articleSection\":[\"Entrevistas\",\"Noticias\"],\"inLanguage\":\"es\",\"potentialAction\":[{\"@type\":\"CommentAction\",\"name\":\"Comment\",\"target\":[\"https:\\\/\\\/webdelmaestrocmf.com\\\/portal\\\/los-centos-educativos-no-estan-siendo-disenados-para-los-ninos\\\/#respond\"]}]},{\"@type\":\"WebPage\",\"@id\":\"https:\\\/\\\/webdelmaestrocmf.com\\\/portal\\\/los-centos-educativos-no-estan-siendo-disenados-para-los-ninos\\\/\",\"url\":\"https:\\\/\\\/webdelmaestrocmf.com\\\/portal\\\/los-centos-educativos-no-estan-siendo-disenados-para-los-ninos\\\/\",\"name\":\"Sandy Speicher: Los centros educativos no est\u00e1n siendo dise\u00f1ados para los ni\u00f1os\",\"isPartOf\":{\"@id\":\"https:\\\/\\\/webdelmaestrocmf.com\\\/portal\\\/#website\"},\"primaryImageOfPage\":{\"@id\":\"https:\\\/\\\/webdelmaestrocmf.com\\\/portal\\\/los-centos-educativos-no-estan-siendo-disenados-para-los-ninos\\\/#primaryimage\"},\"image\":{\"@id\":\"https:\\\/\\\/webdelmaestrocmf.com\\\/portal\\\/los-centos-educativos-no-estan-siendo-disenados-para-los-ninos\\\/#primaryimage\"},\"thumbnailUrl\":\"https:\\\/\\\/webdelmaestrocmf.com\\\/portal\\\/wp-content\\\/uploads\\\/2017\\\/03\\\/A12B3C4D-6.jpg\",\"datePublished\":\"2017-03-17T23:11:10+00:00\",\"dateModified\":\"2023-10-04T21:44:27+00:00\",\"description\":\"La necesidad de comprender \u201clo que el dise\u00f1o puede hacer para ayudar al progreso de los sistemas educativos\u201d, es para Sandy Speicher...\",\"breadcrumb\":{\"@id\":\"https:\\\/\\\/webdelmaestrocmf.com\\\/portal\\\/los-centos-educativos-no-estan-siendo-disenados-para-los-ninos\\\/#breadcrumb\"},\"inLanguage\":\"es\",\"potentialAction\":[{\"@type\":\"ReadAction\",\"target\":[\"https:\\\/\\\/webdelmaestrocmf.com\\\/portal\\\/los-centos-educativos-no-estan-siendo-disenados-para-los-ninos\\\/\"]}]},{\"@type\":\"ImageObject\",\"inLanguage\":\"es\",\"@id\":\"https:\\\/\\\/webdelmaestrocmf.com\\\/portal\\\/los-centos-educativos-no-estan-siendo-disenados-para-los-ninos\\\/#primaryimage\",\"url\":\"https:\\\/\\\/webdelmaestrocmf.com\\\/portal\\\/wp-content\\\/uploads\\\/2017\\\/03\\\/A12B3C4D-6.jpg\",\"contentUrl\":\"https:\\\/\\\/webdelmaestrocmf.com\\\/portal\\\/wp-content\\\/uploads\\\/2017\\\/03\\\/A12B3C4D-6.jpg\",\"width\":900,\"height\":556},{\"@type\":\"BreadcrumbList\",\"@id\":\"https:\\\/\\\/webdelmaestrocmf.com\\\/portal\\\/los-centos-educativos-no-estan-siendo-disenados-para-los-ninos\\\/#breadcrumb\",\"itemListElement\":[{\"@type\":\"ListItem\",\"position\":1,\"name\":\"Portada\",\"item\":\"https:\\\/\\\/webdelmaestrocmf.com\\\/portal\\\/\"},{\"@type\":\"ListItem\",\"position\":2,\"name\":\"Noticias\",\"item\":\"https:\\\/\\\/webdelmaestrocmf.com\\\/portal\\\/category\\\/noticias\\\/\"},{\"@type\":\"ListItem\",\"position\":3,\"name\":\"Sandy Speicher: Los centros educativos no est\u00e1n siendo dise\u00f1ados para los ni\u00f1os\"}]},{\"@type\":\"WebSite\",\"@id\":\"https:\\\/\\\/webdelmaestrocmf.com\\\/portal\\\/#website\",\"url\":\"https:\\\/\\\/webdelmaestrocmf.com\\\/portal\\\/\",\"name\":\"Web del Maestro CMF\",\"description\":\"Maestros al servicio de la educaci\u00f3n\",\"publisher\":{\"@id\":\"https:\\\/\\\/webdelmaestrocmf.com\\\/portal\\\/#organization\"},\"alternateName\":\"WMCMF\",\"potentialAction\":[{\"@type\":\"SearchAction\",\"target\":{\"@type\":\"EntryPoint\",\"urlTemplate\":\"https:\\\/\\\/webdelmaestrocmf.com\\\/portal\\\/?s={search_term_string}\"},\"query-input\":{\"@type\":\"PropertyValueSpecification\",\"valueRequired\":true,\"valueName\":\"search_term_string\"}}],\"inLanguage\":\"es\"},{\"@type\":\"Organization\",\"@id\":\"https:\\\/\\\/webdelmaestrocmf.com\\\/portal\\\/#organization\",\"name\":\"Web del Maestro CMF\",\"alternateName\":\"WMCMF\",\"url\":\"https:\\\/\\\/webdelmaestrocmf.com\\\/portal\\\/\",\"logo\":{\"@type\":\"ImageObject\",\"inLanguage\":\"es\",\"@id\":\"https:\\\/\\\/webdelmaestrocmf.com\\\/portal\\\/#\\\/schema\\\/logo\\\/image\\\/\",\"url\":\"https:\\\/\\\/webdelmaestrocmf.com\\\/portal\\\/wp-content\\\/uploads\\\/2023\\\/01\\\/logo-wmcmf-2.png\",\"contentUrl\":\"https:\\\/\\\/webdelmaestrocmf.com\\\/portal\\\/wp-content\\\/uploads\\\/2023\\\/01\\\/logo-wmcmf-2.png\",\"width\":200,\"height\":60,\"caption\":\"Web del Maestro CMF\"},\"image\":{\"@id\":\"https:\\\/\\\/webdelmaestrocmf.com\\\/portal\\\/#\\\/schema\\\/logo\\\/image\\\/\"},\"sameAs\":[\"https:\\\/\\\/www.facebook.com\\\/WebdelMaestroCMF\\\/\",\"https:\\\/\\\/x.com\\\/cmf_w\",\"https:\\\/\\\/www.pinterest.com\\\/WMCMF\\\/\",\"https:\\\/\\\/www.linkedin.com\\\/company\\\/web-del-maestro-cmf\\\/\",\"https:\\\/\\\/www.instagram.com\\\/wmcmf\\\/\",\"https:\\\/\\\/www.youtube.com\\\/channel\\\/UCDPSvjbdodE5sHnC3OxutHw\",\"https:\\\/\\\/mastodon.social\\\/@wmcmf\",\"https:\\\/\\\/www.tiktok.com\\\/@webdelmaestrocmf\"]},{\"@type\":\"Person\",\"@id\":\"https:\\\/\\\/webdelmaestrocmf.com\\\/portal\\\/#\\\/schema\\\/person\\\/1072a2ed7bd960df8ef99a551fa35dc5\",\"name\":\"Web del Maestro CMF\",\"image\":{\"@type\":\"ImageObject\",\"inLanguage\":\"es\",\"@id\":\"https:\\\/\\\/secure.gravatar.com\\\/avatar\\\/23291dd5b5ae1077dcff3dbb04c3e02bd28403fa75af6d8787d5e97c5bbbe30b?s=96&d=mm&r=g\",\"url\":\"https:\\\/\\\/secure.gravatar.com\\\/avatar\\\/23291dd5b5ae1077dcff3dbb04c3e02bd28403fa75af6d8787d5e97c5bbbe30b?s=96&d=mm&r=g\",\"contentUrl\":\"https:\\\/\\\/secure.gravatar.com\\\/avatar\\\/23291dd5b5ae1077dcff3dbb04c3e02bd28403fa75af6d8787d5e97c5bbbe30b?s=96&d=mm&r=g\",\"caption\":\"Web del Maestro CMF\"},\"description\":\"Esta Web se cre\u00f3 sin fines de lucro, con fines educativos, cient\u00edficos y acad\u00e9micos, para personas que tengan dificultades y\\\/o inconvenientes en visualizar el material original. El objetivo es entregar recursos, compartir experiencias y materiales que ayuden a los padres de familia, maestros y estudiantes en su actualizaci\u00f3n y formaci\u00f3n permanente, en bien de la Educaci\u00f3n.\",\"sameAs\":[\"http:\\\/\\\/webdelmaestrocmf.com\\\/portal\",\"https:\\\/\\\/www.facebook.com\\\/WebdelMaestroCMF\\\/\",\"https:\\\/\\\/www.instagram.com\\\/wmcmf\\\/\",\"https:\\\/\\\/cl.linkedin.com\\\/company\\\/web-del-maestro-cmf\",\"https:\\\/\\\/www.pinterest.com\\\/WMCMF\\\/publicaciones\\\/\",\"https:\\\/\\\/x.com\\\/cmf_w\",\"https:\\\/\\\/www.youtube.com\\\/@WMCMF\"]}]}<\/script>\n<!-- \/ Yoast SEO plugin. -->","yoast_head_json":{"title":"Sandy Speicher: Los centros educativos no est\u00e1n siendo dise\u00f1ados para los ni\u00f1os","description":"La necesidad de comprender \u201clo que el dise\u00f1o puede hacer para ayudar al progreso de los sistemas educativos\u201d, es para Sandy Speicher...","robots":{"index":"index","follow":"follow","max-snippet":"max-snippet:-1","max-image-preview":"max-image-preview:large","max-video-preview":"max-video-preview:-1"},"canonical":"https:\/\/webdelmaestrocmf.com\/portal\/los-centos-educativos-no-estan-siendo-disenados-para-los-ninos\/","og_locale":"es_ES","og_type":"article","og_title":"Sandy Speicher: Los centros educativos no est\u00e1n siendo dise\u00f1ados para los ni\u00f1os","og_description":"La necesidad de comprender \u201clo que el dise\u00f1o puede hacer para ayudar al progreso de los sistemas educativos\u201d, es para Sandy Speicher...","og_url":"https:\/\/webdelmaestrocmf.com\/portal\/los-centos-educativos-no-estan-siendo-disenados-para-los-ninos\/","og_site_name":"Web del Maestro CMF","article_publisher":"https:\/\/www.facebook.com\/WebdelMaestroCMF\/","article_author":"https:\/\/www.facebook.com\/WebdelMaestroCMF\/","article_published_time":"2017-03-17T23:11:10+00:00","article_modified_time":"2023-10-04T21:44:27+00:00","og_image":[{"width":900,"height":556,"url":"https:\/\/i0.wp.com\/webdelmaestrocmf.com\/portal\/wp-content\/uploads\/2017\/03\/A12B3C4D-6.jpg?fit=900%2C556&ssl=1","type":"image\/jpeg"}],"author":"Web del Maestro CMF","twitter_card":"summary_large_image","twitter_creator":"@cmf_w","twitter_site":"@cmf_w","schema":{"@context":"https:\/\/schema.org","@graph":[{"@type":"ScholarlyArticle","@id":"https:\/\/webdelmaestrocmf.com\/portal\/los-centos-educativos-no-estan-siendo-disenados-para-los-ninos\/#article","isPartOf":{"@id":"https:\/\/webdelmaestrocmf.com\/portal\/los-centos-educativos-no-estan-siendo-disenados-para-los-ninos\/"},"author":{"name":"Web del Maestro CMF","@id":"https:\/\/webdelmaestrocmf.com\/portal\/#\/schema\/person\/1072a2ed7bd960df8ef99a551fa35dc5"},"headline":"Sandy Speicher: Los centros educativos no est\u00e1n siendo dise\u00f1ados para los ni\u00f1os","datePublished":"2017-03-17T23:11:10+00:00","dateModified":"2023-10-04T21:44:27+00:00","mainEntityOfPage":{"@id":"https:\/\/webdelmaestrocmf.com\/portal\/los-centos-educativos-no-estan-siendo-disenados-para-los-ninos\/"},"wordCount":1865,"commentCount":0,"publisher":{"@id":"https:\/\/webdelmaestrocmf.com\/portal\/#organization"},"image":{"@id":"https:\/\/webdelmaestrocmf.com\/portal\/los-centos-educativos-no-estan-siendo-disenados-para-los-ninos\/#primaryimage"},"thumbnailUrl":"https:\/\/webdelmaestrocmf.com\/portal\/wp-content\/uploads\/2017\/03\/A12B3C4D-6.jpg","keywords":["CENTROS EDUCATIVOS","Colegios","DISE\u00d1O","Ni\u00f1os","Sandy Speicher"],"articleSection":["Entrevistas","Noticias"],"inLanguage":"es","potentialAction":[{"@type":"CommentAction","name":"Comment","target":["https:\/\/webdelmaestrocmf.com\/portal\/los-centos-educativos-no-estan-siendo-disenados-para-los-ninos\/#respond"]}]},{"@type":"WebPage","@id":"https:\/\/webdelmaestrocmf.com\/portal\/los-centos-educativos-no-estan-siendo-disenados-para-los-ninos\/","url":"https:\/\/webdelmaestrocmf.com\/portal\/los-centos-educativos-no-estan-siendo-disenados-para-los-ninos\/","name":"Sandy Speicher: Los centros educativos no est\u00e1n siendo dise\u00f1ados para los ni\u00f1os","isPartOf":{"@id":"https:\/\/webdelmaestrocmf.com\/portal\/#website"},"primaryImageOfPage":{"@id":"https:\/\/webdelmaestrocmf.com\/portal\/los-centos-educativos-no-estan-siendo-disenados-para-los-ninos\/#primaryimage"},"image":{"@id":"https:\/\/webdelmaestrocmf.com\/portal\/los-centos-educativos-no-estan-siendo-disenados-para-los-ninos\/#primaryimage"},"thumbnailUrl":"https:\/\/webdelmaestrocmf.com\/portal\/wp-content\/uploads\/2017\/03\/A12B3C4D-6.jpg","datePublished":"2017-03-17T23:11:10+00:00","dateModified":"2023-10-04T21:44:27+00:00","description":"La necesidad de comprender \u201clo que el dise\u00f1o puede hacer para ayudar al progreso de los sistemas educativos\u201d, es para Sandy Speicher...","breadcrumb":{"@id":"https:\/\/webdelmaestrocmf.com\/portal\/los-centos-educativos-no-estan-siendo-disenados-para-los-ninos\/#breadcrumb"},"inLanguage":"es","potentialAction":[{"@type":"ReadAction","target":["https:\/\/webdelmaestrocmf.com\/portal\/los-centos-educativos-no-estan-siendo-disenados-para-los-ninos\/"]}]},{"@type":"ImageObject","inLanguage":"es","@id":"https:\/\/webdelmaestrocmf.com\/portal\/los-centos-educativos-no-estan-siendo-disenados-para-los-ninos\/#primaryimage","url":"https:\/\/webdelmaestrocmf.com\/portal\/wp-content\/uploads\/2017\/03\/A12B3C4D-6.jpg","contentUrl":"https:\/\/webdelmaestrocmf.com\/portal\/wp-content\/uploads\/2017\/03\/A12B3C4D-6.jpg","width":900,"height":556},{"@type":"BreadcrumbList","@id":"https:\/\/webdelmaestrocmf.com\/portal\/los-centos-educativos-no-estan-siendo-disenados-para-los-ninos\/#breadcrumb","itemListElement":[{"@type":"ListItem","position":1,"name":"Portada","item":"https:\/\/webdelmaestrocmf.com\/portal\/"},{"@type":"ListItem","position":2,"name":"Noticias","item":"https:\/\/webdelmaestrocmf.com\/portal\/category\/noticias\/"},{"@type":"ListItem","position":3,"name":"Sandy Speicher: Los centros educativos no est\u00e1n siendo dise\u00f1ados para los ni\u00f1os"}]},{"@type":"WebSite","@id":"https:\/\/webdelmaestrocmf.com\/portal\/#website","url":"https:\/\/webdelmaestrocmf.com\/portal\/","name":"Web del Maestro CMF","description":"Maestros al servicio de la educaci\u00f3n","publisher":{"@id":"https:\/\/webdelmaestrocmf.com\/portal\/#organization"},"alternateName":"WMCMF","potentialAction":[{"@type":"SearchAction","target":{"@type":"EntryPoint","urlTemplate":"https:\/\/webdelmaestrocmf.com\/portal\/?s={search_term_string}"},"query-input":{"@type":"PropertyValueSpecification","valueRequired":true,"valueName":"search_term_string"}}],"inLanguage":"es"},{"@type":"Organization","@id":"https:\/\/webdelmaestrocmf.com\/portal\/#organization","name":"Web del Maestro CMF","alternateName":"WMCMF","url":"https:\/\/webdelmaestrocmf.com\/portal\/","logo":{"@type":"ImageObject","inLanguage":"es","@id":"https:\/\/webdelmaestrocmf.com\/portal\/#\/schema\/logo\/image\/","url":"https:\/\/webdelmaestrocmf.com\/portal\/wp-content\/uploads\/2023\/01\/logo-wmcmf-2.png","contentUrl":"https:\/\/webdelmaestrocmf.com\/portal\/wp-content\/uploads\/2023\/01\/logo-wmcmf-2.png","width":200,"height":60,"caption":"Web del Maestro CMF"},"image":{"@id":"https:\/\/webdelmaestrocmf.com\/portal\/#\/schema\/logo\/image\/"},"sameAs":["https:\/\/www.facebook.com\/WebdelMaestroCMF\/","https:\/\/x.com\/cmf_w","https:\/\/www.pinterest.com\/WMCMF\/","https:\/\/www.linkedin.com\/company\/web-del-maestro-cmf\/","https:\/\/www.instagram.com\/wmcmf\/","https:\/\/www.youtube.com\/channel\/UCDPSvjbdodE5sHnC3OxutHw","https:\/\/mastodon.social\/@wmcmf","https:\/\/www.tiktok.com\/@webdelmaestrocmf"]},{"@type":"Person","@id":"https:\/\/webdelmaestrocmf.com\/portal\/#\/schema\/person\/1072a2ed7bd960df8ef99a551fa35dc5","name":"Web del Maestro CMF","image":{"@type":"ImageObject","inLanguage":"es","@id":"https:\/\/secure.gravatar.com\/avatar\/23291dd5b5ae1077dcff3dbb04c3e02bd28403fa75af6d8787d5e97c5bbbe30b?s=96&d=mm&r=g","url":"https:\/\/secure.gravatar.com\/avatar\/23291dd5b5ae1077dcff3dbb04c3e02bd28403fa75af6d8787d5e97c5bbbe30b?s=96&d=mm&r=g","contentUrl":"https:\/\/secure.gravatar.com\/avatar\/23291dd5b5ae1077dcff3dbb04c3e02bd28403fa75af6d8787d5e97c5bbbe30b?s=96&d=mm&r=g","caption":"Web del Maestro CMF"},"description":"Esta Web se cre\u00f3 sin fines de lucro, con fines educativos, cient\u00edficos y acad\u00e9micos, para personas que tengan dificultades y\/o inconvenientes en visualizar el material original. El objetivo es entregar recursos, compartir experiencias y materiales que ayuden a los padres de familia, maestros y estudiantes en su actualizaci\u00f3n y formaci\u00f3n permanente, en bien de la Educaci\u00f3n.","sameAs":["http:\/\/webdelmaestrocmf.com\/portal","https:\/\/www.facebook.com\/WebdelMaestroCMF\/","https:\/\/www.instagram.com\/wmcmf\/","https:\/\/cl.linkedin.com\/company\/web-del-maestro-cmf","https:\/\/www.pinterest.com\/WMCMF\/publicaciones\/","https:\/\/x.com\/cmf_w","https:\/\/www.youtube.com\/@WMCMF"]}]}},"jetpack_featured_media_url":"https:\/\/webdelmaestrocmf.com\/portal\/wp-content\/uploads\/2017\/03\/A12B3C4D-6.jpg","jetpack_sharing_enabled":true,"jetpack-related-posts":[{"id":112674,"url":"https:\/\/webdelmaestrocmf.com\/portal\/fuerte-critica-de-una-profesora-de-infantil-las-escuelas-del-siglo-xxi-no-pueden-tener-aulas-del-siglo-pasado-de-poco-me-va-a-servir-que-me-pongan-una-pizarra-digital\/","url_meta":{"origin":16188,"position":0},"title":"Fuerte cr\u00edtica de una profesora de infantil: Las escuelas del siglo XXI no pueden tener aulas del siglo pasado: \u201cDe poco me va a servir que me pongan una pizarra digital\u201d","author":"Web del Maestro CMF","date":"17 octubre, 2025","format":false,"excerpt":"La maestra, \u2018@cori_entrepetits\u2019, ha expresado lo que muchos de sus compa\u00f1eros de profesi\u00f3n piensan","rel":"","context":"En \u00abNoticias\u00bb","block_context":{"text":"Noticias","link":"https:\/\/webdelmaestrocmf.com\/portal\/category\/pedagogia\/noticias-pedagogia\/"},"img":{"alt_text":"","src":"https:\/\/i0.wp.com\/webdelmaestrocmf.com\/portal\/wp-content\/uploads\/2025\/10\/1A-Banner-1-portada-imagen-10-1-copia-9-1.webp?resize=350%2C200&ssl=1","width":350,"height":200,"srcset":"https:\/\/i0.wp.com\/webdelmaestrocmf.com\/portal\/wp-content\/uploads\/2025\/10\/1A-Banner-1-portada-imagen-10-1-copia-9-1.webp?resize=350%2C200&ssl=1 1x, https:\/\/i0.wp.com\/webdelmaestrocmf.com\/portal\/wp-content\/uploads\/2025\/10\/1A-Banner-1-portada-imagen-10-1-copia-9-1.webp?resize=525%2C300&ssl=1 1.5x, https:\/\/i0.wp.com\/webdelmaestrocmf.com\/portal\/wp-content\/uploads\/2025\/10\/1A-Banner-1-portada-imagen-10-1-copia-9-1.webp?resize=700%2C400&ssl=1 2x"},"classes":[]},{"id":111462,"url":"https:\/\/webdelmaestrocmf.com\/portal\/como-implementar-proyectos-de-innovacion-en-el-aula-descarga-esta-valiosa-guia-azul-en-formato-pdf\/","url_meta":{"origin":16188,"position":1},"title":"\u00bfC\u00f3mo implementar proyectos de innovaci\u00f3n en el aula? Descarga esta valiosa Gu\u00eda Azul en formato PDF","author":"Web del Maestro CMF","date":"24 julio, 2025","format":false,"excerpt":"\u00bfQu\u00e9 se necesita para que una idea innovadora transforme realmente una escuela?","rel":"","context":"En \u00abDescarga\u00bb","block_context":{"text":"Descarga","link":"https:\/\/webdelmaestrocmf.com\/portal\/category\/descarga\/"},"img":{"alt_text":"","src":"https:\/\/i0.wp.com\/webdelmaestrocmf.com\/portal\/wp-content\/uploads\/2025\/07\/1A-Banner-1-portada-imagen-10-1-copia-77.webp?resize=350%2C200&ssl=1","width":350,"height":200,"srcset":"https:\/\/i0.wp.com\/webdelmaestrocmf.com\/portal\/wp-content\/uploads\/2025\/07\/1A-Banner-1-portada-imagen-10-1-copia-77.webp?resize=350%2C200&ssl=1 1x, https:\/\/i0.wp.com\/webdelmaestrocmf.com\/portal\/wp-content\/uploads\/2025\/07\/1A-Banner-1-portada-imagen-10-1-copia-77.webp?resize=525%2C300&ssl=1 1.5x, https:\/\/i0.wp.com\/webdelmaestrocmf.com\/portal\/wp-content\/uploads\/2025\/07\/1A-Banner-1-portada-imagen-10-1-copia-77.webp?resize=700%2C400&ssl=1 2x"},"classes":[]},{"id":16935,"url":"https:\/\/webdelmaestrocmf.com\/portal\/la-innovacion-la-educacion-una-mirada-desde-la-formacion-posgrado\/","url_meta":{"origin":16188,"position":2},"title":"[Marco P\u00e9rez Narv\u00e1ez] La innovaci\u00f3n en la educaci\u00f3n, una mirada desde la formaci\u00f3n de posgrado","author":"Web del Maestro CMF","date":"11 abril, 2017","format":false,"excerpt":"La palabra innovaci\u00f3n se encuentra escrita en diversos textos relacionados con educaci\u00f3n, de hecho fundamenta muchas reformas y curr\u00edculos nacionales como parte del proceso de ense\u00f1anza aprendizaje, pero; \u00bfrealmente se est\u00e1 trabajando bajo la perspectiva de una cultura de innovaci\u00f3n? o simplemente la palabra detalla espacios est\u00e9ticos m\u00e1s no cognitivos\u2026","rel":"","context":"En \u00abZ-Colaborador-Marco P\u00e9rez\u00bb","block_context":{"text":"Z-Colaborador-Marco P\u00e9rez","link":"https:\/\/webdelmaestrocmf.com\/portal\/category\/colaborador\/marco-perez\/"},"img":{"alt_text":"","src":"https:\/\/i0.wp.com\/webdelmaestrocmf.com\/portal\/wp-content\/uploads\/2017\/02\/A12B3C4D-13.jpg?resize=350%2C200&ssl=1","width":350,"height":200,"srcset":"https:\/\/i0.wp.com\/webdelmaestrocmf.com\/portal\/wp-content\/uploads\/2017\/02\/A12B3C4D-13.jpg?resize=350%2C200&ssl=1 1x, https:\/\/i0.wp.com\/webdelmaestrocmf.com\/portal\/wp-content\/uploads\/2017\/02\/A12B3C4D-13.jpg?resize=525%2C300&ssl=1 1.5x, https:\/\/i0.wp.com\/webdelmaestrocmf.com\/portal\/wp-content\/uploads\/2017\/02\/A12B3C4D-13.jpg?resize=700%2C400&ssl=1 2x"},"classes":[]},{"id":104691,"url":"https:\/\/webdelmaestrocmf.com\/portal\/cuaderno-maduracion-para-preescolar\/","url_meta":{"origin":16188,"position":3},"title":"Cuaderno de Maduraci\u00f3n para Preescolar","author":"Web del Maestro CMF","date":"7 marzo, 2024","format":false,"excerpt":"En el mundo acelerado de hoy, encontrar herramientas educativas efectivas y divertidas para los ni\u00f1os puede ser un desaf\u00edo. Afortunadamente, he descubierto un recurso maravilloso que no solo entretiene a los peque\u00f1os, sino que tambi\u00e9n los ayuda a desarrollar habilidades clave.\u00a0 Perm\u00edteme presentarte este adorable cuaderno de maduraci\u00f3n, dise\u00f1ado para\u2026","rel":"","context":"En \u00abCuadernillos\u00bb","block_context":{"text":"Cuadernillos","link":"https:\/\/webdelmaestrocmf.com\/portal\/category\/pedagogia\/cuadernillos\/"},"img":{"alt_text":"","src":"https:\/\/i0.wp.com\/webdelmaestrocmf.com\/portal\/wp-content\/uploads\/2024\/03\/Banner-1-portada-imagen-10-1-15.jpg?resize=350%2C200&ssl=1","width":350,"height":200,"srcset":"https:\/\/i0.wp.com\/webdelmaestrocmf.com\/portal\/wp-content\/uploads\/2024\/03\/Banner-1-portada-imagen-10-1-15.jpg?resize=350%2C200&ssl=1 1x, https:\/\/i0.wp.com\/webdelmaestrocmf.com\/portal\/wp-content\/uploads\/2024\/03\/Banner-1-portada-imagen-10-1-15.jpg?resize=525%2C300&ssl=1 1.5x, https:\/\/i0.wp.com\/webdelmaestrocmf.com\/portal\/wp-content\/uploads\/2024\/03\/Banner-1-portada-imagen-10-1-15.jpg?resize=700%2C400&ssl=1 2x"},"classes":[]},{"id":36070,"url":"https:\/\/webdelmaestrocmf.com\/portal\/cuales-son-las-caracteristicas-de-las-aulas-innovadoras\/","url_meta":{"origin":16188,"position":4},"title":"Cu\u00e1les son las caracter\u00edsticas de las aulas innovadoras","author":"Web del Maestro CMF","date":"4 abril, 2019","format":false,"excerpt":"La innovaci\u00f3n es una actividad esencial para la mejora de los procesos de ense\u00f1anza-aprendizaje y constituye una base para el dise\u00f1o y desarrollo curricular. Mejorar las acciones formativas y sentar las bases para la transformaci\u00f3n continua requiere del profesorado una actitud y una pr\u00e1ctica generadora de nuevo conocimiento did\u00e1ctico y\u2026","rel":"","context":"En \u00abDocentes\u00bb","block_context":{"text":"Docentes","link":"https:\/\/webdelmaestrocmf.com\/portal\/category\/pedagogia\/docentes\/"},"img":{"alt_text":"","src":"https:\/\/i0.wp.com\/webdelmaestrocmf.com\/portal\/wp-content\/uploads\/2019\/04\/1-45.jpg?resize=350%2C200&ssl=1","width":350,"height":200,"srcset":"https:\/\/i0.wp.com\/webdelmaestrocmf.com\/portal\/wp-content\/uploads\/2019\/04\/1-45.jpg?resize=350%2C200&ssl=1 1x, https:\/\/i0.wp.com\/webdelmaestrocmf.com\/portal\/wp-content\/uploads\/2019\/04\/1-45.jpg?resize=525%2C300&ssl=1 1.5x, https:\/\/i0.wp.com\/webdelmaestrocmf.com\/portal\/wp-content\/uploads\/2019\/04\/1-45.jpg?resize=700%2C400&ssl=1 2x, https:\/\/i0.wp.com\/webdelmaestrocmf.com\/portal\/wp-content\/uploads\/2019\/04\/1-45.jpg?resize=1050%2C600&ssl=1 3x"},"classes":[]},{"id":108789,"url":"https:\/\/webdelmaestrocmf.com\/portal\/en-china-las-clases-de-inteligencia-artificial-seran-obligatorias-en-las-escuelas\/","url_meta":{"origin":16188,"position":5},"title":"En China las clases de Inteligencia Artificial ser\u00e1n obligatorias en las escuelas","author":"Web del Maestro CMF","date":"25 abril, 2025","format":false,"excerpt":"En un movimiento que marcar\u00e1 un antes y un despu\u00e9s en el sistema educativo global, China anunci\u00f3 que incorporar\u00e1 la ense\u00f1anza obligatoria de Inteligencia Artificial (IA) en todas sus escuelas, desde el nivel primario. Esta reforma, comunicada oficialmente por el Ministerio de Educaci\u00f3n y difundida por la agencia estatal Xinhua,\u2026","rel":"","context":"En \u00abIA\u00bb","block_context":{"text":"IA","link":"https:\/\/webdelmaestrocmf.com\/portal\/category\/tecnologia\/ia\/"},"img":{"alt_text":"","src":"https:\/\/i0.wp.com\/webdelmaestrocmf.com\/portal\/wp-content\/uploads\/2025\/04\/1A-Banner-1-portada-imagen-10-1-14.jpg?resize=350%2C200&ssl=1","width":350,"height":200,"srcset":"https:\/\/i0.wp.com\/webdelmaestrocmf.com\/portal\/wp-content\/uploads\/2025\/04\/1A-Banner-1-portada-imagen-10-1-14.jpg?resize=350%2C200&ssl=1 1x, https:\/\/i0.wp.com\/webdelmaestrocmf.com\/portal\/wp-content\/uploads\/2025\/04\/1A-Banner-1-portada-imagen-10-1-14.jpg?resize=525%2C300&ssl=1 1.5x, https:\/\/i0.wp.com\/webdelmaestrocmf.com\/portal\/wp-content\/uploads\/2025\/04\/1A-Banner-1-portada-imagen-10-1-14.jpg?resize=700%2C400&ssl=1 2x"},"classes":[]}],"_links":{"self":[{"href":"https:\/\/webdelmaestrocmf.com\/portal\/wp-json\/wp\/v2\/posts\/16188","targetHints":{"allow":["GET"]}}],"collection":[{"href":"https:\/\/webdelmaestrocmf.com\/portal\/wp-json\/wp\/v2\/posts"}],"about":[{"href":"https:\/\/webdelmaestrocmf.com\/portal\/wp-json\/wp\/v2\/types\/post"}],"author":[{"embeddable":true,"href":"https:\/\/webdelmaestrocmf.com\/portal\/wp-json\/wp\/v2\/users\/1"}],"replies":[{"embeddable":true,"href":"https:\/\/webdelmaestrocmf.com\/portal\/wp-json\/wp\/v2\/comments?post=16188"}],"version-history":[{"count":0,"href":"https:\/\/webdelmaestrocmf.com\/portal\/wp-json\/wp\/v2\/posts\/16188\/revisions"}],"wp:featuredmedia":[{"embeddable":true,"href":"https:\/\/webdelmaestrocmf.com\/portal\/wp-json\/wp\/v2\/media\/96560"}],"wp:attachment":[{"href":"https:\/\/webdelmaestrocmf.com\/portal\/wp-json\/wp\/v2\/media?parent=16188"}],"wp:term":[{"taxonomy":"category","embeddable":true,"href":"https:\/\/webdelmaestrocmf.com\/portal\/wp-json\/wp\/v2\/categories?post=16188"},{"taxonomy":"post_tag","embeddable":true,"href":"https:\/\/webdelmaestrocmf.com\/portal\/wp-json\/wp\/v2\/tags?post=16188"}],"curies":[{"name":"wp","href":"https:\/\/api.w.org\/{rel}","templated":true}]}}