{"id":15528,"date":"2017-03-03T11:23:10","date_gmt":"2017-03-03T14:23:10","guid":{"rendered":"http:\/\/webdelmaestrocmf.com\/portal\/?p=15528"},"modified":"2018-12-16T11:05:45","modified_gmt":"2018-12-16T14:05:45","slug":"que-hacer-para-aplicar-limites-y-normas-en-los-ninos","status":"publish","type":"post","link":"https:\/\/webdelmaestrocmf.com\/portal\/que-hacer-para-aplicar-limites-y-normas-en-los-ninos\/","title":{"rendered":"\u00bfQU\u00c9 HACER PARA APLICAR L\u00cdMITES Y NORMAS EN LOS NI\u00d1OS?"},"content":{"rendered":"<h4 style=\"text-align: justify;\">Crecer con l\u00edmites, aceptarlos y respetarlos \u201c<strong>construye la libertad, la fortalece y la educa<\/strong>, evitando que la persona se vuelva esclava de inclinaciones compulsivas deshumanizantes y antisociales. Porque la misma dignidad humana exige que cada uno \u00abact\u00fae seg\u00fan una elecci\u00f3n consciente y libre, es decir, <strong>movido e inducido personalmente desde dentro<\/strong>\u00bb (EG 267).<\/h4>\n<p><!--more--><\/p>\n<p style=\"text-align: justify;\">GUIAINFANTIL es una revista digital y un canal de v\u00eddeos con contenidos exclusivos para padres y ni\u00f1os, tanto educativos como de entretenimiento; y ha colgado el video que compartimos con fines \u00fanicamente educativos \u2013 pastorales, sobre la importancia de la disciplina en la formaci\u00f3n de los ni\u00f1os.\u00a0 Afirma que \u201clos padres a veces no sabemos c\u00f3mo poner l\u00edmites en la educaci\u00f3n de los hijos, <strong>c\u00f3mo conseguir que los ni\u00f1os cumplan las normas o c\u00f3mo imponer una disciplina<\/strong>\u201d, y que los profesores debemos saber qu\u00e9 camino est\u00e1n siguiendo los padres de esos ni\u00f1os que tenemos en aula.<\/p>\n<p style=\"text-align: justify;\"><a href=\"http:\/\/webdelmaestrocmf.com\/portal\/wp-content\/uploads\/2017\/03\/limites.jpg\"><img loading=\"lazy\" decoding=\"async\" class=\"aligncenter wp-image-15530\" src=\"http:\/\/webdelmaestrocmf.com\/portal\/wp-content\/uploads\/2017\/03\/limites.jpg\" alt=\"\" width=\"904\" height=\"602\" srcset=\"https:\/\/webdelmaestrocmf.com\/portal\/wp-content\/uploads\/2017\/03\/limites.jpg 800w, https:\/\/webdelmaestrocmf.com\/portal\/wp-content\/uploads\/2017\/03\/limites-300x200.jpg 300w, https:\/\/webdelmaestrocmf.com\/portal\/wp-content\/uploads\/2017\/03\/limites-768x512.jpg 768w, https:\/\/webdelmaestrocmf.com\/portal\/wp-content\/uploads\/2017\/03\/limites-280x187.jpg 280w\" sizes=\"auto, (max-width: 904px) 100vw, 904px\" \/><\/a><\/p>\n<p style=\"text-align: justify;\">Este valioso recurso pedag\u00f3gico recoge importantes consejos de psic\u00f3logos expertos en la materia, que pueden servirnos como padres de familia y\/o profesores, indic\u00e1ndonos c\u00f3mo plantear l\u00edmites en la conducta de los hijos o estudiantes, porque si hay disciplina estamos respaldando un modelo de conducta, les proteger\u00e1 de los peligros, saber que sin l\u00edmites se vuelven tiranos y, cuando las normas son claras y socializadas, es un recurso muy eficaz que sirve para guiarlos.<\/p>\n<p>\u00bfPadres y\/o profesores autoritarios o permisivos? \u00bfC\u00f3mo lograr el equilibrio? \u00bfQu\u00e9 le parece estos siete consejos? \u00bfLo conversamos en el hogar y en el aula?<\/p>\n<p style=\"text-align: justify;\"><iframe loading=\"lazy\" src=\"https:\/\/www.youtube.com\/embed\/ohJw0Xq9elw?rel=0&amp;controls=0&amp;showinfo=0\" width=\"900\" height=\"400\" frameborder=\"0\" allowfullscreen=\"allowfullscreen\"><span data-mce-type=\"bookmark\" style=\"display: inline-block; width: 0px; overflow: hidden; line-height: 0;\" class=\"mce_SELRES_start\">\ufeff<\/span><\/iframe><\/p>\n","protected":false},"excerpt":{"rendered":"Crecer con l\u00edmites, aceptarlos y respetarlos \u201cconstruye la libertad, la fortalece y la educa, evitando que la persona&hellip;","protected":false},"author":1,"featured_media":0,"comment_status":"open","ping_status":"open","sticky":false,"template":"","format":"standard","meta":{"csco_display_header_overlay":false,"csco_singular_sidebar":"","csco_page_header_type":"","csco_page_load_nextpost":"","csco_post_video_location":[],"csco_post_video_location_hash":"","csco_post_video_url":"","csco_post_video_bg_start_time":0,"csco_post_video_bg_end_time":0,"csco_post_video_bg_volume":false,"_jetpack_memberships_contains_paid_content":false,"footnotes":""},"categories":[424,453],"tags":[664,1040,297,1041],"class_list":{"0":"post-15528","1":"post","2":"type-post","3":"status-publish","4":"format-standard","6":"category-video","7":"category-educacion-y-pedagogia","8":"tag-aplicar","9":"tag-limites","10":"tag-ninos","11":"tag-normas","12":"cs-entry","13":"cs-video-wrap"},"yoast_head":"<!-- This site is optimized with the Yoast SEO plugin v27.4 - https:\/\/yoast.com\/product\/yoast-seo-wordpress\/ -->\n<title>\u00bfQU\u00c9 HACER PARA APLICAR L\u00cdMITES Y NORMAS EN LOS NI\u00d1OS?<\/title>\n<meta name=\"description\" content=\"Crecer con l\u00edmites, aceptarlos y respetarlos \u201cconstruye la libertad, la fortalece y la educa, evitando que la persona se vuelva esclava de inclinaciones...\" \/>\n<meta name=\"robots\" content=\"index, follow, max-snippet:-1, max-image-preview:large, max-video-preview:-1\" \/>\n<link rel=\"canonical\" href=\"https:\/\/webdelmaestrocmf.com\/portal\/que-hacer-para-aplicar-limites-y-normas-en-los-ninos\/\" \/>\n<meta property=\"og:locale\" content=\"es_ES\" \/>\n<meta property=\"og:type\" content=\"article\" \/>\n<meta property=\"og:title\" content=\"\u00bfQU\u00c9 HACER PARA APLICAR L\u00cdMITES Y NORMAS EN LOS NI\u00d1OS?\" \/>\n<meta property=\"og:description\" content=\"Crecer con l\u00edmites, aceptarlos y respetarlos \u201cconstruye la libertad, la fortalece y la educa, evitando que la persona se vuelva esclava de inclinaciones...\" \/>\n<meta property=\"og:url\" content=\"https:\/\/webdelmaestrocmf.com\/portal\/que-hacer-para-aplicar-limites-y-normas-en-los-ninos\/\" \/>\n<meta property=\"og:site_name\" content=\"Web del Maestro CMF\" \/>\n<meta property=\"article:publisher\" content=\"https:\/\/www.facebook.com\/WebdelMaestroCMF\/\" \/>\n<meta property=\"article:author\" content=\"https:\/\/www.facebook.com\/WebdelMaestroCMF\/\" \/>\n<meta property=\"article:published_time\" content=\"2017-03-03T14:23:10+00:00\" \/>\n<meta property=\"article:modified_time\" content=\"2018-12-16T14:05:45+00:00\" \/>\n<meta property=\"og:image\" content=\"http:\/\/webdelmaestrocmf.com\/portal\/wp-content\/uploads\/2017\/03\/limites.jpg\" \/>\n<meta name=\"author\" content=\"Web del Maestro CMF\" \/>\n<meta name=\"twitter:card\" content=\"summary_large_image\" \/>\n<meta name=\"twitter:creator\" content=\"@cmf_w\" \/>\n<meta name=\"twitter:site\" content=\"@cmf_w\" \/>\n<meta name=\"twitter:label1\" content=\"Escrito por\" \/>\n\t<meta name=\"twitter:data1\" content=\"Web del Maestro CMF\" \/>\n\t<meta name=\"twitter:label2\" content=\"Tiempo de lectura\" \/>\n\t<meta name=\"twitter:data2\" content=\"1 minuto\" \/>\n<script type=\"application\/ld+json\" class=\"yoast-schema-graph\">{\"@context\":\"https:\\\/\\\/schema.org\",\"@graph\":[{\"@type\":\"ScholarlyArticle\",\"@id\":\"https:\\\/\\\/webdelmaestrocmf.com\\\/portal\\\/que-hacer-para-aplicar-limites-y-normas-en-los-ninos\\\/#article\",\"isPartOf\":{\"@id\":\"https:\\\/\\\/webdelmaestrocmf.com\\\/portal\\\/que-hacer-para-aplicar-limites-y-normas-en-los-ninos\\\/\"},\"author\":{\"name\":\"Web del Maestro CMF\",\"@id\":\"https:\\\/\\\/webdelmaestrocmf.com\\\/portal\\\/#\\\/schema\\\/person\\\/1072a2ed7bd960df8ef99a551fa35dc5\"},\"headline\":\"\u00bfQU\u00c9 HACER PARA APLICAR L\u00cdMITES Y NORMAS EN LOS NI\u00d1OS?\",\"datePublished\":\"2017-03-03T14:23:10+00:00\",\"dateModified\":\"2018-12-16T14:05:45+00:00\",\"mainEntityOfPage\":{\"@id\":\"https:\\\/\\\/webdelmaestrocmf.com\\\/portal\\\/que-hacer-para-aplicar-limites-y-normas-en-los-ninos\\\/\"},\"wordCount\":282,\"commentCount\":0,\"publisher\":{\"@id\":\"https:\\\/\\\/webdelmaestrocmf.com\\\/portal\\\/#organization\"},\"image\":{\"@id\":\"https:\\\/\\\/webdelmaestrocmf.com\\\/portal\\\/que-hacer-para-aplicar-limites-y-normas-en-los-ninos\\\/#primaryimage\"},\"thumbnailUrl\":\"http:\\\/\\\/webdelmaestrocmf.com\\\/portal\\\/wp-content\\\/uploads\\\/2017\\\/03\\\/limites.jpg\",\"keywords\":[\"APLICAR\",\"l\u00edmites\",\"Ni\u00f1os\",\"normas\"],\"articleSection\":[\"Video I\",\"Videos II\"],\"inLanguage\":\"es\",\"potentialAction\":[{\"@type\":\"CommentAction\",\"name\":\"Comment\",\"target\":[\"https:\\\/\\\/webdelmaestrocmf.com\\\/portal\\\/que-hacer-para-aplicar-limites-y-normas-en-los-ninos\\\/#respond\"]}]},{\"@type\":\"WebPage\",\"@id\":\"https:\\\/\\\/webdelmaestrocmf.com\\\/portal\\\/que-hacer-para-aplicar-limites-y-normas-en-los-ninos\\\/\",\"url\":\"https:\\\/\\\/webdelmaestrocmf.com\\\/portal\\\/que-hacer-para-aplicar-limites-y-normas-en-los-ninos\\\/\",\"name\":\"\u00bfQU\u00c9 HACER PARA APLICAR L\u00cdMITES Y NORMAS EN LOS NI\u00d1OS?\",\"isPartOf\":{\"@id\":\"https:\\\/\\\/webdelmaestrocmf.com\\\/portal\\\/#website\"},\"primaryImageOfPage\":{\"@id\":\"https:\\\/\\\/webdelmaestrocmf.com\\\/portal\\\/que-hacer-para-aplicar-limites-y-normas-en-los-ninos\\\/#primaryimage\"},\"image\":{\"@id\":\"https:\\\/\\\/webdelmaestrocmf.com\\\/portal\\\/que-hacer-para-aplicar-limites-y-normas-en-los-ninos\\\/#primaryimage\"},\"thumbnailUrl\":\"http:\\\/\\\/webdelmaestrocmf.com\\\/portal\\\/wp-content\\\/uploads\\\/2017\\\/03\\\/limites.jpg\",\"datePublished\":\"2017-03-03T14:23:10+00:00\",\"dateModified\":\"2018-12-16T14:05:45+00:00\",\"description\":\"Crecer con l\u00edmites, aceptarlos y respetarlos \u201cconstruye la libertad, la fortalece y la educa, evitando que la persona se vuelva esclava de inclinaciones...\",\"breadcrumb\":{\"@id\":\"https:\\\/\\\/webdelmaestrocmf.com\\\/portal\\\/que-hacer-para-aplicar-limites-y-normas-en-los-ninos\\\/#breadcrumb\"},\"inLanguage\":\"es\",\"potentialAction\":[{\"@type\":\"ReadAction\",\"target\":[\"https:\\\/\\\/webdelmaestrocmf.com\\\/portal\\\/que-hacer-para-aplicar-limites-y-normas-en-los-ninos\\\/\"]}]},{\"@type\":\"ImageObject\",\"inLanguage\":\"es\",\"@id\":\"https:\\\/\\\/webdelmaestrocmf.com\\\/portal\\\/que-hacer-para-aplicar-limites-y-normas-en-los-ninos\\\/#primaryimage\",\"url\":\"http:\\\/\\\/webdelmaestrocmf.com\\\/portal\\\/wp-content\\\/uploads\\\/2017\\\/03\\\/limites.jpg\",\"contentUrl\":\"http:\\\/\\\/webdelmaestrocmf.com\\\/portal\\\/wp-content\\\/uploads\\\/2017\\\/03\\\/limites.jpg\"},{\"@type\":\"BreadcrumbList\",\"@id\":\"https:\\\/\\\/webdelmaestrocmf.com\\\/portal\\\/que-hacer-para-aplicar-limites-y-normas-en-los-ninos\\\/#breadcrumb\",\"itemListElement\":[{\"@type\":\"ListItem\",\"position\":1,\"name\":\"Portada\",\"item\":\"https:\\\/\\\/webdelmaestrocmf.com\\\/portal\\\/\"},{\"@type\":\"ListItem\",\"position\":2,\"name\":\"Video I\",\"item\":\"https:\\\/\\\/webdelmaestrocmf.com\\\/portal\\\/category\\\/video\\\/\"},{\"@type\":\"ListItem\",\"position\":3,\"name\":\"\u00bfQU\u00c9 HACER PARA APLICAR L\u00cdMITES Y NORMAS EN LOS NI\u00d1OS?\"}]},{\"@type\":\"WebSite\",\"@id\":\"https:\\\/\\\/webdelmaestrocmf.com\\\/portal\\\/#website\",\"url\":\"https:\\\/\\\/webdelmaestrocmf.com\\\/portal\\\/\",\"name\":\"Web del Maestro CMF\",\"description\":\"Maestros al servicio de la educaci\u00f3n\",\"publisher\":{\"@id\":\"https:\\\/\\\/webdelmaestrocmf.com\\\/portal\\\/#organization\"},\"alternateName\":\"WMCMF\",\"potentialAction\":[{\"@type\":\"SearchAction\",\"target\":{\"@type\":\"EntryPoint\",\"urlTemplate\":\"https:\\\/\\\/webdelmaestrocmf.com\\\/portal\\\/?s={search_term_string}\"},\"query-input\":{\"@type\":\"PropertyValueSpecification\",\"valueRequired\":true,\"valueName\":\"search_term_string\"}}],\"inLanguage\":\"es\"},{\"@type\":\"Organization\",\"@id\":\"https:\\\/\\\/webdelmaestrocmf.com\\\/portal\\\/#organization\",\"name\":\"Web del Maestro CMF\",\"alternateName\":\"WMCMF\",\"url\":\"https:\\\/\\\/webdelmaestrocmf.com\\\/portal\\\/\",\"logo\":{\"@type\":\"ImageObject\",\"inLanguage\":\"es\",\"@id\":\"https:\\\/\\\/webdelmaestrocmf.com\\\/portal\\\/#\\\/schema\\\/logo\\\/image\\\/\",\"url\":\"https:\\\/\\\/webdelmaestrocmf.com\\\/portal\\\/wp-content\\\/uploads\\\/2023\\\/01\\\/logo-wmcmf-2.png\",\"contentUrl\":\"https:\\\/\\\/webdelmaestrocmf.com\\\/portal\\\/wp-content\\\/uploads\\\/2023\\\/01\\\/logo-wmcmf-2.png\",\"width\":200,\"height\":60,\"caption\":\"Web del Maestro CMF\"},\"image\":{\"@id\":\"https:\\\/\\\/webdelmaestrocmf.com\\\/portal\\\/#\\\/schema\\\/logo\\\/image\\\/\"},\"sameAs\":[\"https:\\\/\\\/www.facebook.com\\\/WebdelMaestroCMF\\\/\",\"https:\\\/\\\/x.com\\\/cmf_w\",\"https:\\\/\\\/www.pinterest.com\\\/WMCMF\\\/\",\"https:\\\/\\\/www.linkedin.com\\\/company\\\/web-del-maestro-cmf\\\/\",\"https:\\\/\\\/www.instagram.com\\\/wmcmf\\\/\",\"https:\\\/\\\/www.youtube.com\\\/channel\\\/UCDPSvjbdodE5sHnC3OxutHw\",\"https:\\\/\\\/mastodon.social\\\/@wmcmf\",\"https:\\\/\\\/www.tiktok.com\\\/@webdelmaestrocmf\"]},{\"@type\":\"Person\",\"@id\":\"https:\\\/\\\/webdelmaestrocmf.com\\\/portal\\\/#\\\/schema\\\/person\\\/1072a2ed7bd960df8ef99a551fa35dc5\",\"name\":\"Web del Maestro CMF\",\"image\":{\"@type\":\"ImageObject\",\"inLanguage\":\"es\",\"@id\":\"https:\\\/\\\/secure.gravatar.com\\\/avatar\\\/23291dd5b5ae1077dcff3dbb04c3e02bd28403fa75af6d8787d5e97c5bbbe30b?s=96&d=mm&r=g\",\"url\":\"https:\\\/\\\/secure.gravatar.com\\\/avatar\\\/23291dd5b5ae1077dcff3dbb04c3e02bd28403fa75af6d8787d5e97c5bbbe30b?s=96&d=mm&r=g\",\"contentUrl\":\"https:\\\/\\\/secure.gravatar.com\\\/avatar\\\/23291dd5b5ae1077dcff3dbb04c3e02bd28403fa75af6d8787d5e97c5bbbe30b?s=96&d=mm&r=g\",\"caption\":\"Web del Maestro CMF\"},\"description\":\"Esta Web se cre\u00f3 sin fines de lucro, con fines educativos, cient\u00edficos y acad\u00e9micos, para personas que tengan dificultades y\\\/o inconvenientes en visualizar el material original. El objetivo es entregar recursos, compartir experiencias y materiales que ayuden a los padres de familia, maestros y estudiantes en su actualizaci\u00f3n y formaci\u00f3n permanente, en bien de la Educaci\u00f3n.\",\"sameAs\":[\"http:\\\/\\\/webdelmaestrocmf.com\\\/portal\",\"https:\\\/\\\/www.facebook.com\\\/WebdelMaestroCMF\\\/\",\"https:\\\/\\\/www.instagram.com\\\/wmcmf\\\/\",\"https:\\\/\\\/cl.linkedin.com\\\/company\\\/web-del-maestro-cmf\",\"https:\\\/\\\/www.pinterest.com\\\/WMCMF\\\/publicaciones\\\/\",\"https:\\\/\\\/x.com\\\/cmf_w\",\"https:\\\/\\\/www.youtube.com\\\/@WMCMF\"]}]}<\/script>\n<!-- \/ Yoast SEO plugin. -->","yoast_head_json":{"title":"\u00bfQU\u00c9 HACER PARA APLICAR L\u00cdMITES Y NORMAS EN LOS NI\u00d1OS?","description":"Crecer con l\u00edmites, aceptarlos y respetarlos \u201cconstruye la libertad, la fortalece y la educa, evitando que la persona se vuelva esclava de inclinaciones...","robots":{"index":"index","follow":"follow","max-snippet":"max-snippet:-1","max-image-preview":"max-image-preview:large","max-video-preview":"max-video-preview:-1"},"canonical":"https:\/\/webdelmaestrocmf.com\/portal\/que-hacer-para-aplicar-limites-y-normas-en-los-ninos\/","og_locale":"es_ES","og_type":"article","og_title":"\u00bfQU\u00c9 HACER PARA APLICAR L\u00cdMITES Y NORMAS EN LOS NI\u00d1OS?","og_description":"Crecer con l\u00edmites, aceptarlos y respetarlos \u201cconstruye la libertad, la fortalece y la educa, evitando que la persona se vuelva esclava de inclinaciones...","og_url":"https:\/\/webdelmaestrocmf.com\/portal\/que-hacer-para-aplicar-limites-y-normas-en-los-ninos\/","og_site_name":"Web del Maestro CMF","article_publisher":"https:\/\/www.facebook.com\/WebdelMaestroCMF\/","article_author":"https:\/\/www.facebook.com\/WebdelMaestroCMF\/","article_published_time":"2017-03-03T14:23:10+00:00","article_modified_time":"2018-12-16T14:05:45+00:00","og_image":[{"url":"http:\/\/webdelmaestrocmf.com\/portal\/wp-content\/uploads\/2017\/03\/limites.jpg","type":"","width":"","height":""}],"author":"Web del Maestro CMF","twitter_card":"summary_large_image","twitter_creator":"@cmf_w","twitter_site":"@cmf_w","twitter_misc":{"Escrito por":"Web del Maestro CMF","Tiempo de lectura":"1 minuto"},"schema":{"@context":"https:\/\/schema.org","@graph":[{"@type":"ScholarlyArticle","@id":"https:\/\/webdelmaestrocmf.com\/portal\/que-hacer-para-aplicar-limites-y-normas-en-los-ninos\/#article","isPartOf":{"@id":"https:\/\/webdelmaestrocmf.com\/portal\/que-hacer-para-aplicar-limites-y-normas-en-los-ninos\/"},"author":{"name":"Web del Maestro CMF","@id":"https:\/\/webdelmaestrocmf.com\/portal\/#\/schema\/person\/1072a2ed7bd960df8ef99a551fa35dc5"},"headline":"\u00bfQU\u00c9 HACER PARA APLICAR L\u00cdMITES Y NORMAS EN LOS NI\u00d1OS?","datePublished":"2017-03-03T14:23:10+00:00","dateModified":"2018-12-16T14:05:45+00:00","mainEntityOfPage":{"@id":"https:\/\/webdelmaestrocmf.com\/portal\/que-hacer-para-aplicar-limites-y-normas-en-los-ninos\/"},"wordCount":282,"commentCount":0,"publisher":{"@id":"https:\/\/webdelmaestrocmf.com\/portal\/#organization"},"image":{"@id":"https:\/\/webdelmaestrocmf.com\/portal\/que-hacer-para-aplicar-limites-y-normas-en-los-ninos\/#primaryimage"},"thumbnailUrl":"http:\/\/webdelmaestrocmf.com\/portal\/wp-content\/uploads\/2017\/03\/limites.jpg","keywords":["APLICAR","l\u00edmites","Ni\u00f1os","normas"],"articleSection":["Video I","Videos II"],"inLanguage":"es","potentialAction":[{"@type":"CommentAction","name":"Comment","target":["https:\/\/webdelmaestrocmf.com\/portal\/que-hacer-para-aplicar-limites-y-normas-en-los-ninos\/#respond"]}]},{"@type":"WebPage","@id":"https:\/\/webdelmaestrocmf.com\/portal\/que-hacer-para-aplicar-limites-y-normas-en-los-ninos\/","url":"https:\/\/webdelmaestrocmf.com\/portal\/que-hacer-para-aplicar-limites-y-normas-en-los-ninos\/","name":"\u00bfQU\u00c9 HACER PARA APLICAR L\u00cdMITES Y NORMAS EN LOS NI\u00d1OS?","isPartOf":{"@id":"https:\/\/webdelmaestrocmf.com\/portal\/#website"},"primaryImageOfPage":{"@id":"https:\/\/webdelmaestrocmf.com\/portal\/que-hacer-para-aplicar-limites-y-normas-en-los-ninos\/#primaryimage"},"image":{"@id":"https:\/\/webdelmaestrocmf.com\/portal\/que-hacer-para-aplicar-limites-y-normas-en-los-ninos\/#primaryimage"},"thumbnailUrl":"http:\/\/webdelmaestrocmf.com\/portal\/wp-content\/uploads\/2017\/03\/limites.jpg","datePublished":"2017-03-03T14:23:10+00:00","dateModified":"2018-12-16T14:05:45+00:00","description":"Crecer con l\u00edmites, aceptarlos y respetarlos \u201cconstruye la libertad, la fortalece y la educa, evitando que la persona se vuelva esclava de inclinaciones...","breadcrumb":{"@id":"https:\/\/webdelmaestrocmf.com\/portal\/que-hacer-para-aplicar-limites-y-normas-en-los-ninos\/#breadcrumb"},"inLanguage":"es","potentialAction":[{"@type":"ReadAction","target":["https:\/\/webdelmaestrocmf.com\/portal\/que-hacer-para-aplicar-limites-y-normas-en-los-ninos\/"]}]},{"@type":"ImageObject","inLanguage":"es","@id":"https:\/\/webdelmaestrocmf.com\/portal\/que-hacer-para-aplicar-limites-y-normas-en-los-ninos\/#primaryimage","url":"http:\/\/webdelmaestrocmf.com\/portal\/wp-content\/uploads\/2017\/03\/limites.jpg","contentUrl":"http:\/\/webdelmaestrocmf.com\/portal\/wp-content\/uploads\/2017\/03\/limites.jpg"},{"@type":"BreadcrumbList","@id":"https:\/\/webdelmaestrocmf.com\/portal\/que-hacer-para-aplicar-limites-y-normas-en-los-ninos\/#breadcrumb","itemListElement":[{"@type":"ListItem","position":1,"name":"Portada","item":"https:\/\/webdelmaestrocmf.com\/portal\/"},{"@type":"ListItem","position":2,"name":"Video I","item":"https:\/\/webdelmaestrocmf.com\/portal\/category\/video\/"},{"@type":"ListItem","position":3,"name":"\u00bfQU\u00c9 HACER PARA APLICAR L\u00cdMITES Y NORMAS EN LOS NI\u00d1OS?"}]},{"@type":"WebSite","@id":"https:\/\/webdelmaestrocmf.com\/portal\/#website","url":"https:\/\/webdelmaestrocmf.com\/portal\/","name":"Web del Maestro CMF","description":"Maestros al servicio de la educaci\u00f3n","publisher":{"@id":"https:\/\/webdelmaestrocmf.com\/portal\/#organization"},"alternateName":"WMCMF","potentialAction":[{"@type":"SearchAction","target":{"@type":"EntryPoint","urlTemplate":"https:\/\/webdelmaestrocmf.com\/portal\/?s={search_term_string}"},"query-input":{"@type":"PropertyValueSpecification","valueRequired":true,"valueName":"search_term_string"}}],"inLanguage":"es"},{"@type":"Organization","@id":"https:\/\/webdelmaestrocmf.com\/portal\/#organization","name":"Web del Maestro CMF","alternateName":"WMCMF","url":"https:\/\/webdelmaestrocmf.com\/portal\/","logo":{"@type":"ImageObject","inLanguage":"es","@id":"https:\/\/webdelmaestrocmf.com\/portal\/#\/schema\/logo\/image\/","url":"https:\/\/webdelmaestrocmf.com\/portal\/wp-content\/uploads\/2023\/01\/logo-wmcmf-2.png","contentUrl":"https:\/\/webdelmaestrocmf.com\/portal\/wp-content\/uploads\/2023\/01\/logo-wmcmf-2.png","width":200,"height":60,"caption":"Web del Maestro CMF"},"image":{"@id":"https:\/\/webdelmaestrocmf.com\/portal\/#\/schema\/logo\/image\/"},"sameAs":["https:\/\/www.facebook.com\/WebdelMaestroCMF\/","https:\/\/x.com\/cmf_w","https:\/\/www.pinterest.com\/WMCMF\/","https:\/\/www.linkedin.com\/company\/web-del-maestro-cmf\/","https:\/\/www.instagram.com\/wmcmf\/","https:\/\/www.youtube.com\/channel\/UCDPSvjbdodE5sHnC3OxutHw","https:\/\/mastodon.social\/@wmcmf","https:\/\/www.tiktok.com\/@webdelmaestrocmf"]},{"@type":"Person","@id":"https:\/\/webdelmaestrocmf.com\/portal\/#\/schema\/person\/1072a2ed7bd960df8ef99a551fa35dc5","name":"Web del Maestro CMF","image":{"@type":"ImageObject","inLanguage":"es","@id":"https:\/\/secure.gravatar.com\/avatar\/23291dd5b5ae1077dcff3dbb04c3e02bd28403fa75af6d8787d5e97c5bbbe30b?s=96&d=mm&r=g","url":"https:\/\/secure.gravatar.com\/avatar\/23291dd5b5ae1077dcff3dbb04c3e02bd28403fa75af6d8787d5e97c5bbbe30b?s=96&d=mm&r=g","contentUrl":"https:\/\/secure.gravatar.com\/avatar\/23291dd5b5ae1077dcff3dbb04c3e02bd28403fa75af6d8787d5e97c5bbbe30b?s=96&d=mm&r=g","caption":"Web del Maestro CMF"},"description":"Esta Web se cre\u00f3 sin fines de lucro, con fines educativos, cient\u00edficos y acad\u00e9micos, para personas que tengan dificultades y\/o inconvenientes en visualizar el material original. El objetivo es entregar recursos, compartir experiencias y materiales que ayuden a los padres de familia, maestros y estudiantes en su actualizaci\u00f3n y formaci\u00f3n permanente, en bien de la Educaci\u00f3n.","sameAs":["http:\/\/webdelmaestrocmf.com\/portal","https:\/\/www.facebook.com\/WebdelMaestroCMF\/","https:\/\/www.instagram.com\/wmcmf\/","https:\/\/cl.linkedin.com\/company\/web-del-maestro-cmf","https:\/\/www.pinterest.com\/WMCMF\/publicaciones\/","https:\/\/x.com\/cmf_w","https:\/\/www.youtube.com\/@WMCMF"]}]}},"jetpack_featured_media_url":"","jetpack_sharing_enabled":true,"jetpack-related-posts":[{"id":111128,"url":"https:\/\/webdelmaestrocmf.com\/portal\/alvaro-bilbao-si-no-pones-normas-el-nino-crecera-con-mucha-falta-de-confianza-sin-saber-resolver-problemas-ni-respetar-normas-sociales\/","url_meta":{"origin":15528,"position":0},"title":"\u00c1lvaro Bilbao: \u201cSi no pones normas, el ni\u00f1o crecer\u00e1 con mucha falta de confianza, sin saber resolver problemas ni respetar normas sociales\u201d","author":"Web del Maestro CMF","date":"11 julio, 2025","format":false,"excerpt":"El autor de \u2018El cerebro del ni\u00f1o explicado a los padres\u2019 alerta de un modelo de crianza desequilibrado: \u201cHemos olvidado que a los ni\u00f1os hay que educarlos\u201d","rel":"","context":"En \u00abEntrevistas\u00bb","block_context":{"text":"Entrevistas","link":"https:\/\/webdelmaestrocmf.com\/portal\/category\/noticias\/entrevistas\/"},"img":{"alt_text":"","src":"https:\/\/i0.wp.com\/webdelmaestrocmf.com\/portal\/wp-content\/uploads\/2025\/07\/1A-Banner-1-portada-imagen-10-1-copia-41.webp?resize=350%2C200&ssl=1","width":350,"height":200,"srcset":"https:\/\/i0.wp.com\/webdelmaestrocmf.com\/portal\/wp-content\/uploads\/2025\/07\/1A-Banner-1-portada-imagen-10-1-copia-41.webp?resize=350%2C200&ssl=1 1x, https:\/\/i0.wp.com\/webdelmaestrocmf.com\/portal\/wp-content\/uploads\/2025\/07\/1A-Banner-1-portada-imagen-10-1-copia-41.webp?resize=525%2C300&ssl=1 1.5x, https:\/\/i0.wp.com\/webdelmaestrocmf.com\/portal\/wp-content\/uploads\/2025\/07\/1A-Banner-1-portada-imagen-10-1-copia-41.webp?resize=700%2C400&ssl=1 2x"},"classes":[]},{"id":109269,"url":"https:\/\/webdelmaestrocmf.com\/portal\/alvaro-bilbao-hemos-olvidado-que-a-los-ninos-hay-que-educarlos-y-que-necesitan-normas\/","url_meta":{"origin":15528,"position":1},"title":"\u00c1lvaro Bilbao: \u00abHemos olvidado que a los ni\u00f1os hay que educarlos y que necesitan normas\u00bb","author":"Web del Maestro CMF","date":"9 junio, 2025","format":false,"excerpt":"\u00c1lvaro Bilbao es doctor en Psicolog\u00eda, neuropsic\u00f3logo y especialista en el funcionamiento del cerebro infantil. Autor de varios libros, como El cerebro del ni\u00f1o explicado a los padres, se ha convertido en un referente en temas de neuroeducaci\u00f3n, crianza positiva y desarrollo infantil. A trav\u00e9s de su trabajo, combina la\u2026","rel":"","context":"En \u00abEntrevistas\u00bb","block_context":{"text":"Entrevistas","link":"https:\/\/webdelmaestrocmf.com\/portal\/category\/noticias\/entrevistas\/"},"img":{"alt_text":"","src":"https:\/\/i0.wp.com\/webdelmaestrocmf.com\/portal\/wp-content\/uploads\/2025\/06\/1A-Banner-1-portada-imagen-10-1-27.jpg?resize=350%2C200&ssl=1","width":350,"height":200,"srcset":"https:\/\/i0.wp.com\/webdelmaestrocmf.com\/portal\/wp-content\/uploads\/2025\/06\/1A-Banner-1-portada-imagen-10-1-27.jpg?resize=350%2C200&ssl=1 1x, https:\/\/i0.wp.com\/webdelmaestrocmf.com\/portal\/wp-content\/uploads\/2025\/06\/1A-Banner-1-portada-imagen-10-1-27.jpg?resize=525%2C300&ssl=1 1.5x, https:\/\/i0.wp.com\/webdelmaestrocmf.com\/portal\/wp-content\/uploads\/2025\/06\/1A-Banner-1-portada-imagen-10-1-27.jpg?resize=700%2C400&ssl=1 2x"},"classes":[]},{"id":32266,"url":"https:\/\/webdelmaestrocmf.com\/portal\/los-ninos-aprenden-a-regular-sus-emociones-a-traves-de-los-modelos-que-ven-en-sus-padres\/","url_meta":{"origin":15528,"position":2},"title":"\u00c1lvaro Bilbao: Los ni\u00f1os aprenden a regular sus emociones a trav\u00e9s de los modelos que ven en sus padres","author":"Web del Maestro CMF","date":"30 marzo, 2022","format":"video","excerpt":"El neurospic\u00f3logo espa\u00f1ol, \u00c1lvaro Bilbao, es doctor en Psicolog\u00eda de la Salud se form\u00f3 en el Hospital Johns Hopkins de Baltimore (USA) y en el Royal Hospital for Neurodisability de Londres. Ha dedicado varios a\u00f1os de mi vida a investigar las claves del cuidado del cerebro y a divulgar sus\u2026","rel":"","context":"En \u00abCharlas\u00bb","block_context":{"text":"Charlas","link":"https:\/\/webdelmaestrocmf.com\/portal\/category\/charlas\/"},"img":{"alt_text":"","src":"https:\/\/i0.wp.com\/webdelmaestrocmf.com\/portal\/wp-content\/uploads\/2022\/03\/1A-Banner-1-portada-imagen-10-1-7.jpg?resize=350%2C200&ssl=1","width":350,"height":200,"srcset":"https:\/\/i0.wp.com\/webdelmaestrocmf.com\/portal\/wp-content\/uploads\/2022\/03\/1A-Banner-1-portada-imagen-10-1-7.jpg?resize=350%2C200&ssl=1 1x, https:\/\/i0.wp.com\/webdelmaestrocmf.com\/portal\/wp-content\/uploads\/2022\/03\/1A-Banner-1-portada-imagen-10-1-7.jpg?resize=525%2C300&ssl=1 1.5x, https:\/\/i0.wp.com\/webdelmaestrocmf.com\/portal\/wp-content\/uploads\/2022\/03\/1A-Banner-1-portada-imagen-10-1-7.jpg?resize=700%2C400&ssl=1 2x"},"classes":[]},{"id":114095,"url":"https:\/\/webdelmaestrocmf.com\/portal\/humor-escolar-crianza-respetuosa-y-limites-cuando-los-mensajes-de-los-padres-interpelan-a-la-escuela\/","url_meta":{"origin":15528,"position":3},"title":"Humor escolar, crianza respetuosa y l\u00edmites: cuando los mensajes de los padres interpelan a la escuela","author":"Web del Maestro CMF","date":"15 diciembre, 2025","format":false,"excerpt":"Demandas familiares cotidianas ponen en tensi\u00f3n la autoridad docente, los l\u00edmites educativos y el verdadero sentido de la crianza respetuosa en la escuela.","rel":"","context":"En \u00abNoticias Internacionales\u00bb","block_context":{"text":"Noticias Internacionales","link":"https:\/\/webdelmaestrocmf.com\/portal\/category\/noticias-internacionales\/"},"img":{"alt_text":"","src":"https:\/\/i0.wp.com\/webdelmaestrocmf.com\/portal\/wp-content\/uploads\/2025\/12\/1A-Banner-1-portada-imagen-10-1-copia-18.webp?resize=350%2C200&ssl=1","width":350,"height":200,"srcset":"https:\/\/i0.wp.com\/webdelmaestrocmf.com\/portal\/wp-content\/uploads\/2025\/12\/1A-Banner-1-portada-imagen-10-1-copia-18.webp?resize=350%2C200&ssl=1 1x, https:\/\/i0.wp.com\/webdelmaestrocmf.com\/portal\/wp-content\/uploads\/2025\/12\/1A-Banner-1-portada-imagen-10-1-copia-18.webp?resize=525%2C300&ssl=1 1.5x, https:\/\/i0.wp.com\/webdelmaestrocmf.com\/portal\/wp-content\/uploads\/2025\/12\/1A-Banner-1-portada-imagen-10-1-copia-18.webp?resize=700%2C400&ssl=1 2x"},"classes":[]},{"id":41743,"url":"https:\/\/webdelmaestrocmf.com\/portal\/debemos-ensenar-a-los-ninos-que-tienen-que-responsabilizarse-de-sus-actos\/","url_meta":{"origin":15528,"position":4},"title":"Debemos ense\u00f1ar a los ni\u00f1os que tienen que responsabilizarse de sus actos","author":"Web del Maestro CMF","date":"14 febrero, 2022","format":"video","excerpt":"La doctora Elizabeth Kilbey es psic\u00f3loga cl\u00ednica, investigadora en psicolog\u00eda infantil, sobre todo con ni\u00f1os con afecciones del desarrollo neurol\u00f3gico, TDAH y el autismo. En su campo de investigaci\u00f3n ha recibido de primera mano m\u00faltiples experiencias sobre el tiempo en que los ni\u00f1os pasan con los dispositivos de pantalla y\u2026","rel":"","context":"En \u00abCharlas\u00bb","block_context":{"text":"Charlas","link":"https:\/\/webdelmaestrocmf.com\/portal\/category\/charlas\/"},"img":{"alt_text":"","src":"https:\/\/i0.wp.com\/webdelmaestrocmf.com\/portal\/wp-content\/uploads\/2022\/02\/1-80.jpg?resize=350%2C200&ssl=1","width":350,"height":200,"srcset":"https:\/\/i0.wp.com\/webdelmaestrocmf.com\/portal\/wp-content\/uploads\/2022\/02\/1-80.jpg?resize=350%2C200&ssl=1 1x, https:\/\/i0.wp.com\/webdelmaestrocmf.com\/portal\/wp-content\/uploads\/2022\/02\/1-80.jpg?resize=525%2C300&ssl=1 1.5x, https:\/\/i0.wp.com\/webdelmaestrocmf.com\/portal\/wp-content\/uploads\/2022\/02\/1-80.jpg?resize=700%2C400&ssl=1 2x, https:\/\/i0.wp.com\/webdelmaestrocmf.com\/portal\/wp-content\/uploads\/2022\/02\/1-80.jpg?resize=1050%2C600&ssl=1 3x"},"classes":[]},{"id":109027,"url":"https:\/\/webdelmaestrocmf.com\/portal\/padres-de-1965-vs-padres-de-2025-la-crisis-silenciosa-de-la-crianza\/","url_meta":{"origin":15528,"position":5},"title":"Padres de 1965 vs Padres de 2025: La crisis silenciosa de la crianza","author":"Web del Maestro CMF","date":"27 mayo, 2025","format":false,"excerpt":"Hace seis d\u00e9cadas, los padres criaban con presencia. Su autoridad no ven\u00eda de un grito, sino de una mirada. Su gu\u00eda no se delegaba, se ejerc\u00eda. No exist\u00edan algoritmos, influencers ni tutoriales de crianza. Exist\u00eda el tiempo. Exist\u00eda el compromiso. Exist\u00eda el sentido com\u00fan. Se criaba con amor, s\u00ed, pero\u2026","rel":"","context":"En \u00abBienestar Familiar\u00bb","block_context":{"text":"Bienestar Familiar","link":"https:\/\/webdelmaestrocmf.com\/portal\/category\/pedagogia\/bienestar-familiar\/"},"img":{"alt_text":"","src":"https:\/\/i0.wp.com\/webdelmaestrocmf.com\/portal\/wp-content\/uploads\/2025\/05\/1A-Banner-1-portada-imagen-10-1-79.jpg?resize=350%2C200&ssl=1","width":350,"height":200,"srcset":"https:\/\/i0.wp.com\/webdelmaestrocmf.com\/portal\/wp-content\/uploads\/2025\/05\/1A-Banner-1-portada-imagen-10-1-79.jpg?resize=350%2C200&ssl=1 1x, https:\/\/i0.wp.com\/webdelmaestrocmf.com\/portal\/wp-content\/uploads\/2025\/05\/1A-Banner-1-portada-imagen-10-1-79.jpg?resize=525%2C300&ssl=1 1.5x, https:\/\/i0.wp.com\/webdelmaestrocmf.com\/portal\/wp-content\/uploads\/2025\/05\/1A-Banner-1-portada-imagen-10-1-79.jpg?resize=700%2C400&ssl=1 2x"},"classes":[]}],"_links":{"self":[{"href":"https:\/\/webdelmaestrocmf.com\/portal\/wp-json\/wp\/v2\/posts\/15528","targetHints":{"allow":["GET"]}}],"collection":[{"href":"https:\/\/webdelmaestrocmf.com\/portal\/wp-json\/wp\/v2\/posts"}],"about":[{"href":"https:\/\/webdelmaestrocmf.com\/portal\/wp-json\/wp\/v2\/types\/post"}],"author":[{"embeddable":true,"href":"https:\/\/webdelmaestrocmf.com\/portal\/wp-json\/wp\/v2\/users\/1"}],"replies":[{"embeddable":true,"href":"https:\/\/webdelmaestrocmf.com\/portal\/wp-json\/wp\/v2\/comments?post=15528"}],"version-history":[{"count":0,"href":"https:\/\/webdelmaestrocmf.com\/portal\/wp-json\/wp\/v2\/posts\/15528\/revisions"}],"wp:attachment":[{"href":"https:\/\/webdelmaestrocmf.com\/portal\/wp-json\/wp\/v2\/media?parent=15528"}],"wp:term":[{"taxonomy":"category","embeddable":true,"href":"https:\/\/webdelmaestrocmf.com\/portal\/wp-json\/wp\/v2\/categories?post=15528"},{"taxonomy":"post_tag","embeddable":true,"href":"https:\/\/webdelmaestrocmf.com\/portal\/wp-json\/wp\/v2\/tags?post=15528"}],"curies":[{"name":"wp","href":"https:\/\/api.w.org\/{rel}","templated":true}]}}