{"id":15405,"date":"2020-02-24T19:50:02","date_gmt":"2020-02-24T22:50:02","guid":{"rendered":"http:\/\/webdelmaestrocmf.com\/portal\/?p=15405"},"modified":"2022-07-17T11:30:09","modified_gmt":"2022-07-17T15:30:09","slug":"de-que-manera-las-emociones-academicas-influyen-en-el-aprendizaje","status":"publish","type":"post","link":"https:\/\/webdelmaestrocmf.com\/portal\/de-que-manera-las-emociones-academicas-influyen-en-el-aprendizaje\/","title":{"rendered":"\u00bfDe qu\u00e9 manera las emociones acad\u00e9micas influyen en el aprendizaje?"},"content":{"rendered":"<h5 style=\"text-align: justify;\">Las emociones se encuentran inmersas en el \u00e1mbito educativo e\u00a0influyen\u00a0en la forma c\u00f3mo aprenden nuestros alumnos, Experimentar\u00a0emociones positivas puede ayudar al estudiante a desarrollar tareas,\u00a0solucionar problemas y favorecer\u00a0la autorregulaci\u00f3n; por otro lado, experimentar\u00a0emociones negativas puede interferir en el rendimiento acad\u00e9mico, al rendir ex\u00e1menes, promover la deserci\u00f3n escolar e influir negativamente en la salud.<\/h5>\n<h5 style=\"text-align: justify;\">Como maestros es importante poder reconocer las manifestaciones emocionales en nuestra pr\u00e1ctica docente, al distinguir la emoci\u00f3n, del estado de \u00e1nimo y del afecto a fin de poder canalizar los aspectos afectivos que est\u00e1n involucrados en el aula y provocar aprendizaje en nuestros alumnos.<\/h5>\n<p style=\"text-align: justify;\"><!--more--><\/p>\n<p style=\"text-align: justify;\">Hay algunas cosas que los maestros deber\u00edan saber de sus estudiantes. Hacerlo puede influenciar la manera como se ense\u00f1a. Esto sucede porque, muchas de esas cosas pueden ser el reflejo de lo que necesitan los estudiantes para aprender, para sentirse relevantes, para ser felices y tambi\u00e9n resilientes. Adem\u00e1s, entender qui\u00e9nes son ellos en un nivel profundo, puede ser una herramienta para que los docentes apoyen m\u00e1s a sus alumnos, siendo tambi\u00e9n, m\u00e1s comprensivos.<\/p>\n<p style=\"text-align: justify;\"><strong>Las Emociones <\/strong>involucran procesos psicol\u00f3gicos coordinados, en particular <strong>el cognitivo, el fisiol\u00f3gico, la motivaci\u00f3n, y los componentes expresivos, por otro lado los Estados de \u00e1nimo <\/strong>son menos intensos, son moment\u00e1neos y carecen de un objeto espec\u00edfico de referencia, pueden ser considerados como emociones de baja intensidad y por \u00faltimo, <strong>El Afecto <\/strong>abarca las emociones y los estados de \u00e1nimo y se utiliza en un sentido m\u00e1s amplio para referirse a la evaluaci\u00f3n de sentimientos cognitivos. Ahora, Imaginemos a nuestro alumno frente a un examen: Se <em>siente nervioso <\/em>(<strong>afectivo<\/strong>); <em>preocupado por el fracaso <\/em>(<strong>cognitivo<\/strong>); <em>experimenta un<\/em> <em>aumento de la activaci\u00f3n cardiovascular <\/em>(<strong>fisiol\u00f3gica<\/strong>); <em>manifiesta<\/em> <em>impulsos para escapar de la situaci\u00f3n <\/em>(<strong>motivaci\u00f3n<\/strong>); <em>y en su rostro se dibuja una<\/em> <em>expresi\u00f3n facial ansiosa <\/em>(<strong>expresivo<\/strong>).<\/p>\n<p style=\"text-align: justify;\"><strong>Muchos estudiosos establecen diferencias entre las Emociones se que pueden experimentar en el aprendizaje como son:<\/strong> <strong>las Epist\u00e9micas<\/strong>, si considera aspectos del conocimiento en la generaci\u00f3n de actividades de aprendizaje y cognitivas, <strong>\u00a0De logro,<\/strong> si est\u00e1n vinculadas a las actividades de rendimiento (\u00e9xito y fracaso), las <strong>Sociales<\/strong>, si contemplan la din\u00e1mica de relaciones interpersonales donde se puede vivenciar la ira o\u00a0gratitud dirigida hacia los compa\u00f1eros o profesores y por \u00faltimo las<strong> del Tema<\/strong>, provocadas por el contenido del material de aprendizaje y su compromiso, inter\u00e9s y motivaci\u00f3n en un dominio acad\u00e9mico<\/p>\n<p style=\"text-align: justify;\"><strong>Algunas teor\u00edas intentan explicar el origen y desarrollo <\/strong>de las emociones acad\u00e9micas,\u00a0como la <strong>Teor\u00eda de la atribuci\u00f3n de Weiner (1985), que atribuye <em>\u00a0la conducta de logro mediante las atribuciones causales percibidas por las personas en resultados de logros anteriores y las consecuencias<\/em><\/strong>, <strong><em>tanto cognitivas como afectivas<\/em><\/strong>. Seg\u00fan este modelo una secuencia motivacional se inicia cuando una persona obtiene un resultado que puede ser positivo\/\u00e9xito\u00a0o negativo\/fracaso, y como consecuencia experimenta sentimientos gen\u00e9ricos de felicidad o frustraci\u00f3n, e inicia un proceso de b\u00fasqueda causal para determinar la causa del resultado (proceso de atribuci\u00f3n causal). <strong>Propone Tres dimensiones: Localizaci\u00f3n\u00a0o locus de control<\/strong>,\u00a0al diferenciar las causas internas y externas<strong> Estabilidad<\/strong>, que hace referencia a factores estables e inestables de sus logros o fracasos y <strong>Capacidad de Control<\/strong>, la cual tiene la capacidad de cambiar las causas que producen determinados acontecimientos, asumiendo que existen factores controlables e incontrolables.<\/p>\n<p style=\"text-align: justify;\"><img loading=\"lazy\" decoding=\"async\" class=\"alignnone size-full\" src=\"https:\/\/cdn.dribbble.com\/users\/961667\/screenshots\/4109897\/multifunctional-bag_3.gif\" width=\"800\" height=\"600\" \/><\/p>\n<p style=\"text-align: justify;\"><strong>Es necesario reconocer en qu\u00e9 momentos nuestros alumnos experimentan emociones y en qu\u00e9 medida afecta el rendimiento escolar y a su aprendizaje, por ejemplo se ha encontrado que: Durante los Ex\u00e1menes, las <\/strong>Preguntas de ensayo producen m\u00e1s ansiedad que las de opci\u00f3n m\u00faltiple pues requieren de mayor\u00a0memoria operativa y\u00a0de recursos atencionales; en cuanto al <strong>G\u00e9nero: <\/strong>La ansiedad es mayores en mujeres que en\u00a0varones; por la naturaleza de los <strong>Cursos: <\/strong>Mayor ansiedad en ciencias para las mujeres; en <strong>Ambientes de aprendizaje: <\/strong>No hay mucha investigaci\u00f3n al respecto; considerando la <strong>Composici\u00f3n del aula:\u00a0<\/strong>En igualdad de condiciones, un estudiante promedio\u00a0percibe\u00a0un buen desempe\u00f1o en un aula de baja capacidad cognitiva; considerando los <strong>Estilos\u00a0de Ense\u00f1anza: <\/strong>Si esCentrada en el profesor, se relaciona negativamente al disfrute de la realizaci\u00f3n de tareas y actitudes por aprender; por la <strong>Estructura y claridad en la tareas:<\/strong> se observa una actitud positiva en aquellos que favorecen el modelado mental creativo en lugar de los procedimientos de rutina; y por \u00faltimo en el nivel de<strong>\u00a0primaria<\/strong>: La ansiedad ante los ex\u00e1menes\u00a0se incrementa dram\u00e1ticamente durante los \u00faltimos a\u00f1os de la escuela primaria.<\/p>\n<h5 style=\"text-align: left;\"><strong>\u00bfC\u00f3mo influyen las emociones en el compromiso y rendimiento? Estudios revelan que:<\/strong><\/h5>\n<ul style=\"text-align: justify;\">\n<li>Las emociones influyen en la disponibilidad de los recursos de atenci\u00f3n.<\/li>\n<li>El estado de \u00e1nimo puede influir en la recuperaci\u00f3n\u00a0de la memora.<\/li>\n<li>Las emociones\u00a0facilitan el uso de estrategias de aprendizaje, para la elaboraci\u00f3n y organizaci\u00f3n del material y el pensamiento cr\u00edtico.<\/li>\n<li>Las emociones pueden influir en la autorregulaci\u00f3n,\u00a0el seguimiento, la implementaci\u00f3n de estrategias de aprendizaje, y la evaluaci\u00f3n de los resultados de los estudiantes.<\/li>\n<\/ul>\n<h5 style=\"text-align: left;\"><strong>\u00bfC\u00f3mo trabajar eficazmente las emociones en el aula?<\/strong><\/h5>\n<p style=\"text-align: justify;\">El inter\u00e9s y la motivaci\u00f3n de los estudiantes, pueden ser influidos exitosamente en el aula, se sugiere dise\u00f1ar entornos de aprendizaje emocionalmente eficaces e intervenciones dirigidas a las distintas emociones acad\u00e9micas. Adem\u00e1s, los Ambientes que crean demanda para participar poniendo \u00e9nfasis en el\u00a0aprendizaje autorregulado tambi\u00e9n puede promover emociones positivas de aprendizaje. La autorregulaci\u00f3n puede tener lugar a nivel individual o a nivel de grupo por ejemplo, en el aprendizaje cooperativo y por \u00faltimo, El aprendizaje autorregulado para ser emocionalmente efectivo, requiere que los estudiantes sean competentes para auto dirigir su aprendizaje.<\/p>\n<p style=\"text-align: justify;\">Por implicaci\u00f3n, los maestros debemos evitar utilizar est\u00e1ndares de comparaci\u00f3n generalizada para evaluar el desempe\u00f1o y proveer evaluaci\u00f3n diferenciada en el aula, a fin de favorecer oportunidades de experimentar el \u00e9xito a todos, generando emociones positivas.<\/p>\n<p><img loading=\"lazy\" decoding=\"async\" class=\"alignnone wp-image-78586 size-large\" src=\"https:\/\/webdelmaestrocmf.com\/portal\/wp-content\/uploads\/2020\/02\/1a-DESKTOP-DLIPULV-1024x534.jpg\" alt=\"\" width=\"1024\" height=\"534\" srcset=\"https:\/\/webdelmaestrocmf.com\/portal\/wp-content\/uploads\/2020\/02\/1a-DESKTOP-DLIPULV-1024x534.jpg 1024w, https:\/\/webdelmaestrocmf.com\/portal\/wp-content\/uploads\/2020\/02\/1a-DESKTOP-DLIPULV-300x157.jpg 300w, https:\/\/webdelmaestrocmf.com\/portal\/wp-content\/uploads\/2020\/02\/1a-DESKTOP-DLIPULV-768x401.jpg 768w, https:\/\/webdelmaestrocmf.com\/portal\/wp-content\/uploads\/2020\/02\/1a-DESKTOP-DLIPULV-110x57.jpg 110w, https:\/\/webdelmaestrocmf.com\/portal\/wp-content\/uploads\/2020\/02\/1a-DESKTOP-DLIPULV-200x104.jpg 200w, https:\/\/webdelmaestrocmf.com\/portal\/wp-content\/uploads\/2020\/02\/1a-DESKTOP-DLIPULV-380x198.jpg 380w, https:\/\/webdelmaestrocmf.com\/portal\/wp-content\/uploads\/2020\/02\/1a-DESKTOP-DLIPULV-255x133.jpg 255w, https:\/\/webdelmaestrocmf.com\/portal\/wp-content\/uploads\/2020\/02\/1a-DESKTOP-DLIPULV-550x287.jpg 550w, https:\/\/webdelmaestrocmf.com\/portal\/wp-content\/uploads\/2020\/02\/1a-DESKTOP-DLIPULV-800x417.jpg 800w, https:\/\/webdelmaestrocmf.com\/portal\/wp-content\/uploads\/2020\/02\/1a-DESKTOP-DLIPULV.jpg 1100w\" sizes=\"auto, (max-width: 1024px) 100vw, 1024px\" \/><\/p>\n<h5 style=\"text-align: justify;\"><strong>Referencias:<\/strong><\/h5>\n<p style=\"text-align: justify;\">(Deci y Ryan, 1987).\u00a0(Hulleman y Harackiewicz, 2009; Ruthig, Perry Hall, y Hladkyj)<br \/>\n(Buff, Reusser, Rakoczy, y Pauli, 2011) (Frenzel, Pekrun, y Goetz, 2007) <strong>Izard y Ackerman, 2000; Lerner y Keltner, 2000; Zeelen -berg, Nelissen, y Pieters, 2007).<\/strong><\/p>\n<p style=\"text-align: justify;\"><strong>Este contenido ha sido publicado originalmente por Organizaci\u00f3n de Estados Iberoamericanos\u00a0en el siguiente direcci\u00f3n: <a href=\"http:\/\/www.oei.es\/\" target=\"_blank\" rel=\"noopener noreferrer\">oei.es<\/a>\u00a0| Autor: Yannet Valencia Chac\u00f3n<\/strong><\/p>\n\t\t<div class=\"pk-inline-posts\">\n\t\t\t\n\t\t\t<div class=\"pk-inline-posts-container pk-inline-posts-template-list\"\n\t\t\t\tdata-columns=\"1\">\n\t\t\t\t\t\t<article id=\"post-30494\" class=\"post-30494 post type-post status-publish format-standard has-post-thumbnail category-inteligencia-emocional-educacion-y-familia category-libros category-pedagogia tag-bellos tag-cuentos tag-educacion tag-emocional cs-entry cs-video-wrap\">\n\t\t\t<div class=\"pk-post-outer\">\n\n\t\t\t\t\t\t\t\t<div class=\"pk-post-inner\">\n\t\t\t\t\t<div class=\"entry-thumbnail\">\n\t\t\t\t\t\t<div class=\"pk-overlay pk-overlay-ratio pk-ratio-landscape\">\n\t\t\t\t\t\t\t<div class=\"pk-overlay-background\">\n\t\t\t\t\t\t\t\t<a href=\"https:\/\/webdelmaestrocmf.com\/portal\/100-bellos-cuentos-de-educacion-emocional-lista-descargable\/\" class=\"pk-overlay-link\">\n\t\t\t\t\t\t\t\t\t<img loading=\"lazy\" decoding=\"async\" width=\"300\" height=\"225\" src=\"https:\/\/webdelmaestrocmf.com\/portal\/wp-content\/uploads\/2026\/02\/683992799_1400823152072980_3853224476753480709_n-300x225.jpg\" class=\"attachment-pk-thumbnail size-pk-thumbnail wp-post-image\" alt=\"\" \/>\t\t\t\t\t\t\t\t<\/a>\n\t\t\t\t\t\t\t<\/div>\n\t\t\t\t\t\t<\/div>\n\t\t\t\t\t<\/div>\n\t\t\t\t<\/div>\n\t\t\t\t\n\t\t\t\t<div class=\"pk-post-inner\">\n\t\t\t\t\t<header>\n\t\t\t\t\t\t<h3 class=\"pk-title\"><a href=\"https:\/\/webdelmaestrocmf.com\/portal\/100-bellos-cuentos-de-educacion-emocional-lista-descargable\/\" rel=\"bookmark\">600 bellos cuentos sobre educaci\u00f3n emocional<\/a><\/h3>\t\t\t\t\t<\/header><!-- .entry-header -->\n\t\t\t\t<\/div><!-- .post-inner -->\n\n\t\t\t<\/div><!-- .post-outer -->\n\t\t<\/article>\n\t\t\t\t<\/div>\n\t\t<\/div>\n\t\t\n","protected":false},"excerpt":{"rendered":"Las emociones se encuentran inmersas en el \u00e1mbito educativo e\u00a0influyen\u00a0en la forma c\u00f3mo aprenden nuestros alumnos, Experimentar\u00a0emociones positivas&hellip;","protected":false},"author":1,"featured_media":44683,"comment_status":"open","ping_status":"open","sticky":false,"template":"","format":"standard","meta":{"csco_display_header_overlay":false,"csco_singular_sidebar":"default","csco_page_header_type":"default","csco_page_load_nextpost":"default","csco_post_video_location":[],"csco_post_video_location_hash":"","csco_post_video_url":"","csco_post_video_bg_start_time":0,"csco_post_video_bg_end_time":0,"csco_post_video_bg_volume":false,"_jetpack_memberships_contains_paid_content":false,"footnotes":""},"categories":[599,735],"tags":[1874,77,276,1875],"class_list":{"0":"post-15405","1":"post","2":"type-post","3":"status-publish","4":"format-standard","5":"has-post-thumbnail","7":"category-inteligencia-emocional-educacion-y-familia","8":"category-pedagogia","9":"tag-academicas","10":"tag-aprendizaje","11":"tag-emociones","12":"tag-influyen","13":"cs-entry","14":"cs-video-wrap"},"yoast_head":"<!-- This site is optimized with the Yoast SEO plugin v27.5 - https:\/\/yoast.com\/product\/yoast-seo-wordpress\/ -->\n<title>\u00bfDe qu\u00e9 manera las emociones acad\u00e9micas influyen en el aprendizaje?<\/title>\n<meta name=\"description\" content=\"Las emociones se encuentran inmersas en el \u00e1mbito educativo e influyen en la forma c\u00f3mo aprenden nuestros alumnos, Experimentar emociones...\" \/>\n<meta name=\"robots\" content=\"index, follow, max-snippet:-1, max-image-preview:large, max-video-preview:-1\" \/>\n<link rel=\"canonical\" href=\"https:\/\/webdelmaestrocmf.com\/portal\/de-que-manera-las-emociones-academicas-influyen-en-el-aprendizaje\/\" \/>\n<meta property=\"og:locale\" content=\"es_ES\" \/>\n<meta property=\"og:type\" content=\"article\" \/>\n<meta property=\"og:title\" content=\"\u00bfDe qu\u00e9 manera las emociones acad\u00e9micas influyen en el aprendizaje?\" \/>\n<meta property=\"og:description\" content=\"Las emociones se encuentran inmersas en el \u00e1mbito educativo e influyen en la forma c\u00f3mo aprenden nuestros alumnos, Experimentar emociones...\" \/>\n<meta property=\"og:url\" content=\"https:\/\/webdelmaestrocmf.com\/portal\/de-que-manera-las-emociones-academicas-influyen-en-el-aprendizaje\/\" \/>\n<meta property=\"og:site_name\" content=\"Web del Maestro CMF\" \/>\n<meta property=\"article:publisher\" content=\"https:\/\/www.facebook.com\/WebdelMaestroCMF\/\" \/>\n<meta property=\"article:author\" content=\"https:\/\/www.facebook.com\/WebdelMaestroCMF\/\" \/>\n<meta property=\"article:published_time\" content=\"2020-02-24T22:50:02+00:00\" \/>\n<meta property=\"article:modified_time\" content=\"2022-07-17T15:30:09+00:00\" \/>\n<meta property=\"og:image\" content=\"https:\/\/i0.wp.com\/webdelmaestrocmf.com\/portal\/wp-content\/uploads\/2020\/02\/1a-9.jpg?fit=1100%2C680&ssl=1\" \/>\n\t<meta property=\"og:image:width\" content=\"1100\" \/>\n\t<meta property=\"og:image:height\" content=\"680\" \/>\n\t<meta property=\"og:image:type\" content=\"image\/jpeg\" \/>\n<meta name=\"author\" content=\"Web del Maestro CMF\" \/>\n<meta name=\"twitter:card\" content=\"summary_large_image\" \/>\n<meta name=\"twitter:creator\" content=\"@cmf_w\" \/>\n<meta name=\"twitter:site\" content=\"@cmf_w\" \/>\n<script type=\"application\/ld+json\" class=\"yoast-schema-graph\">{\"@context\":\"https:\\\/\\\/schema.org\",\"@graph\":[{\"@type\":\"ScholarlyArticle\",\"@id\":\"https:\\\/\\\/webdelmaestrocmf.com\\\/portal\\\/de-que-manera-las-emociones-academicas-influyen-en-el-aprendizaje\\\/#article\",\"isPartOf\":{\"@id\":\"https:\\\/\\\/webdelmaestrocmf.com\\\/portal\\\/de-que-manera-las-emociones-academicas-influyen-en-el-aprendizaje\\\/\"},\"author\":{\"name\":\"Web del Maestro CMF\",\"@id\":\"https:\\\/\\\/webdelmaestrocmf.com\\\/portal\\\/#\\\/schema\\\/person\\\/1072a2ed7bd960df8ef99a551fa35dc5\"},\"headline\":\"\u00bfDe qu\u00e9 manera las emociones acad\u00e9micas influyen en el aprendizaje?\",\"datePublished\":\"2020-02-24T22:50:02+00:00\",\"dateModified\":\"2022-07-17T15:30:09+00:00\",\"mainEntityOfPage\":{\"@id\":\"https:\\\/\\\/webdelmaestrocmf.com\\\/portal\\\/de-que-manera-las-emociones-academicas-influyen-en-el-aprendizaje\\\/\"},\"wordCount\":1089,\"commentCount\":1,\"publisher\":{\"@id\":\"https:\\\/\\\/webdelmaestrocmf.com\\\/portal\\\/#organization\"},\"image\":{\"@id\":\"https:\\\/\\\/webdelmaestrocmf.com\\\/portal\\\/de-que-manera-las-emociones-academicas-influyen-en-el-aprendizaje\\\/#primaryimage\"},\"thumbnailUrl\":\"https:\\\/\\\/webdelmaestrocmf.com\\\/portal\\\/wp-content\\\/uploads\\\/2020\\\/02\\\/1a-9.jpg\",\"keywords\":[\"ACAD\u00c9MICAS\",\"aprendizaje\",\"EMOCIONES\",\"INFLUYEN\"],\"articleSection\":[\"Inteligencia Emocional\",\"Recursos\"],\"inLanguage\":\"es\",\"potentialAction\":[{\"@type\":\"CommentAction\",\"name\":\"Comment\",\"target\":[\"https:\\\/\\\/webdelmaestrocmf.com\\\/portal\\\/de-que-manera-las-emociones-academicas-influyen-en-el-aprendizaje\\\/#respond\"]}]},{\"@type\":\"WebPage\",\"@id\":\"https:\\\/\\\/webdelmaestrocmf.com\\\/portal\\\/de-que-manera-las-emociones-academicas-influyen-en-el-aprendizaje\\\/\",\"url\":\"https:\\\/\\\/webdelmaestrocmf.com\\\/portal\\\/de-que-manera-las-emociones-academicas-influyen-en-el-aprendizaje\\\/\",\"name\":\"\u00bfDe qu\u00e9 manera las emociones acad\u00e9micas influyen en el aprendizaje?\",\"isPartOf\":{\"@id\":\"https:\\\/\\\/webdelmaestrocmf.com\\\/portal\\\/#website\"},\"primaryImageOfPage\":{\"@id\":\"https:\\\/\\\/webdelmaestrocmf.com\\\/portal\\\/de-que-manera-las-emociones-academicas-influyen-en-el-aprendizaje\\\/#primaryimage\"},\"image\":{\"@id\":\"https:\\\/\\\/webdelmaestrocmf.com\\\/portal\\\/de-que-manera-las-emociones-academicas-influyen-en-el-aprendizaje\\\/#primaryimage\"},\"thumbnailUrl\":\"https:\\\/\\\/webdelmaestrocmf.com\\\/portal\\\/wp-content\\\/uploads\\\/2020\\\/02\\\/1a-9.jpg\",\"datePublished\":\"2020-02-24T22:50:02+00:00\",\"dateModified\":\"2022-07-17T15:30:09+00:00\",\"description\":\"Las emociones se encuentran inmersas en el \u00e1mbito educativo e influyen en la forma c\u00f3mo aprenden nuestros alumnos, Experimentar emociones...\",\"breadcrumb\":{\"@id\":\"https:\\\/\\\/webdelmaestrocmf.com\\\/portal\\\/de-que-manera-las-emociones-academicas-influyen-en-el-aprendizaje\\\/#breadcrumb\"},\"inLanguage\":\"es\",\"potentialAction\":[{\"@type\":\"ReadAction\",\"target\":[\"https:\\\/\\\/webdelmaestrocmf.com\\\/portal\\\/de-que-manera-las-emociones-academicas-influyen-en-el-aprendizaje\\\/\"]}]},{\"@type\":\"ImageObject\",\"inLanguage\":\"es\",\"@id\":\"https:\\\/\\\/webdelmaestrocmf.com\\\/portal\\\/de-que-manera-las-emociones-academicas-influyen-en-el-aprendizaje\\\/#primaryimage\",\"url\":\"https:\\\/\\\/webdelmaestrocmf.com\\\/portal\\\/wp-content\\\/uploads\\\/2020\\\/02\\\/1a-9.jpg\",\"contentUrl\":\"https:\\\/\\\/webdelmaestrocmf.com\\\/portal\\\/wp-content\\\/uploads\\\/2020\\\/02\\\/1a-9.jpg\",\"width\":1100,\"height\":680},{\"@type\":\"BreadcrumbList\",\"@id\":\"https:\\\/\\\/webdelmaestrocmf.com\\\/portal\\\/de-que-manera-las-emociones-academicas-influyen-en-el-aprendizaje\\\/#breadcrumb\",\"itemListElement\":[{\"@type\":\"ListItem\",\"position\":1,\"name\":\"Portada\",\"item\":\"https:\\\/\\\/webdelmaestrocmf.com\\\/portal\\\/\"},{\"@type\":\"ListItem\",\"position\":2,\"name\":\"Recursos\",\"item\":\"https:\\\/\\\/webdelmaestrocmf.com\\\/portal\\\/category\\\/pedagogia\\\/\"},{\"@type\":\"ListItem\",\"position\":3,\"name\":\"\u00bfDe qu\u00e9 manera las emociones acad\u00e9micas influyen en el aprendizaje?\"}]},{\"@type\":\"WebSite\",\"@id\":\"https:\\\/\\\/webdelmaestrocmf.com\\\/portal\\\/#website\",\"url\":\"https:\\\/\\\/webdelmaestrocmf.com\\\/portal\\\/\",\"name\":\"Web del Maestro CMF\",\"description\":\"Maestros al servicio de la educaci\u00f3n\",\"publisher\":{\"@id\":\"https:\\\/\\\/webdelmaestrocmf.com\\\/portal\\\/#organization\"},\"alternateName\":\"WMCMF\",\"potentialAction\":[{\"@type\":\"SearchAction\",\"target\":{\"@type\":\"EntryPoint\",\"urlTemplate\":\"https:\\\/\\\/webdelmaestrocmf.com\\\/portal\\\/?s={search_term_string}\"},\"query-input\":{\"@type\":\"PropertyValueSpecification\",\"valueRequired\":true,\"valueName\":\"search_term_string\"}}],\"inLanguage\":\"es\"},{\"@type\":\"Organization\",\"@id\":\"https:\\\/\\\/webdelmaestrocmf.com\\\/portal\\\/#organization\",\"name\":\"Web del Maestro CMF\",\"alternateName\":\"WMCMF\",\"url\":\"https:\\\/\\\/webdelmaestrocmf.com\\\/portal\\\/\",\"logo\":{\"@type\":\"ImageObject\",\"inLanguage\":\"es\",\"@id\":\"https:\\\/\\\/webdelmaestrocmf.com\\\/portal\\\/#\\\/schema\\\/logo\\\/image\\\/\",\"url\":\"https:\\\/\\\/webdelmaestrocmf.com\\\/portal\\\/wp-content\\\/uploads\\\/2023\\\/01\\\/logo-wmcmf-2.png\",\"contentUrl\":\"https:\\\/\\\/webdelmaestrocmf.com\\\/portal\\\/wp-content\\\/uploads\\\/2023\\\/01\\\/logo-wmcmf-2.png\",\"width\":200,\"height\":60,\"caption\":\"Web del Maestro CMF\"},\"image\":{\"@id\":\"https:\\\/\\\/webdelmaestrocmf.com\\\/portal\\\/#\\\/schema\\\/logo\\\/image\\\/\"},\"sameAs\":[\"https:\\\/\\\/www.facebook.com\\\/WebdelMaestroCMF\\\/\",\"https:\\\/\\\/x.com\\\/cmf_w\",\"https:\\\/\\\/www.pinterest.com\\\/WMCMF\\\/\",\"https:\\\/\\\/www.linkedin.com\\\/company\\\/web-del-maestro-cmf\\\/\",\"https:\\\/\\\/www.instagram.com\\\/wmcmf\\\/\",\"https:\\\/\\\/www.youtube.com\\\/channel\\\/UCDPSvjbdodE5sHnC3OxutHw\",\"https:\\\/\\\/mastodon.social\\\/@wmcmf\",\"https:\\\/\\\/www.tiktok.com\\\/@webdelmaestrocmf\"]},{\"@type\":\"Person\",\"@id\":\"https:\\\/\\\/webdelmaestrocmf.com\\\/portal\\\/#\\\/schema\\\/person\\\/1072a2ed7bd960df8ef99a551fa35dc5\",\"name\":\"Web del Maestro CMF\",\"image\":{\"@type\":\"ImageObject\",\"inLanguage\":\"es\",\"@id\":\"https:\\\/\\\/secure.gravatar.com\\\/avatar\\\/23291dd5b5ae1077dcff3dbb04c3e02bd28403fa75af6d8787d5e97c5bbbe30b?s=96&d=mm&r=g\",\"url\":\"https:\\\/\\\/secure.gravatar.com\\\/avatar\\\/23291dd5b5ae1077dcff3dbb04c3e02bd28403fa75af6d8787d5e97c5bbbe30b?s=96&d=mm&r=g\",\"contentUrl\":\"https:\\\/\\\/secure.gravatar.com\\\/avatar\\\/23291dd5b5ae1077dcff3dbb04c3e02bd28403fa75af6d8787d5e97c5bbbe30b?s=96&d=mm&r=g\",\"caption\":\"Web del Maestro CMF\"},\"description\":\"Esta Web se cre\u00f3 sin fines de lucro, con fines educativos, cient\u00edficos y acad\u00e9micos, para personas que tengan dificultades y\\\/o inconvenientes en visualizar el material original. El objetivo es entregar recursos, compartir experiencias y materiales que ayuden a los padres de familia, maestros y estudiantes en su actualizaci\u00f3n y formaci\u00f3n permanente, en bien de la Educaci\u00f3n.\",\"sameAs\":[\"http:\\\/\\\/webdelmaestrocmf.com\\\/portal\",\"https:\\\/\\\/www.facebook.com\\\/WebdelMaestroCMF\\\/\",\"https:\\\/\\\/www.instagram.com\\\/wmcmf\\\/\",\"https:\\\/\\\/cl.linkedin.com\\\/company\\\/web-del-maestro-cmf\",\"https:\\\/\\\/www.pinterest.com\\\/WMCMF\\\/publicaciones\\\/\",\"https:\\\/\\\/x.com\\\/cmf_w\",\"https:\\\/\\\/www.youtube.com\\\/@WMCMF\"]}]}<\/script>\n<!-- \/ Yoast SEO plugin. -->","yoast_head_json":{"title":"\u00bfDe qu\u00e9 manera las emociones acad\u00e9micas influyen en el aprendizaje?","description":"Las emociones se encuentran inmersas en el \u00e1mbito educativo e influyen en la forma c\u00f3mo aprenden nuestros alumnos, Experimentar emociones...","robots":{"index":"index","follow":"follow","max-snippet":"max-snippet:-1","max-image-preview":"max-image-preview:large","max-video-preview":"max-video-preview:-1"},"canonical":"https:\/\/webdelmaestrocmf.com\/portal\/de-que-manera-las-emociones-academicas-influyen-en-el-aprendizaje\/","og_locale":"es_ES","og_type":"article","og_title":"\u00bfDe qu\u00e9 manera las emociones acad\u00e9micas influyen en el aprendizaje?","og_description":"Las emociones se encuentran inmersas en el \u00e1mbito educativo e influyen en la forma c\u00f3mo aprenden nuestros alumnos, Experimentar emociones...","og_url":"https:\/\/webdelmaestrocmf.com\/portal\/de-que-manera-las-emociones-academicas-influyen-en-el-aprendizaje\/","og_site_name":"Web del Maestro CMF","article_publisher":"https:\/\/www.facebook.com\/WebdelMaestroCMF\/","article_author":"https:\/\/www.facebook.com\/WebdelMaestroCMF\/","article_published_time":"2020-02-24T22:50:02+00:00","article_modified_time":"2022-07-17T15:30:09+00:00","og_image":[{"width":1100,"height":680,"url":"https:\/\/i0.wp.com\/webdelmaestrocmf.com\/portal\/wp-content\/uploads\/2020\/02\/1a-9.jpg?fit=1100%2C680&ssl=1","type":"image\/jpeg"}],"author":"Web del Maestro CMF","twitter_card":"summary_large_image","twitter_creator":"@cmf_w","twitter_site":"@cmf_w","schema":{"@context":"https:\/\/schema.org","@graph":[{"@type":"ScholarlyArticle","@id":"https:\/\/webdelmaestrocmf.com\/portal\/de-que-manera-las-emociones-academicas-influyen-en-el-aprendizaje\/#article","isPartOf":{"@id":"https:\/\/webdelmaestrocmf.com\/portal\/de-que-manera-las-emociones-academicas-influyen-en-el-aprendizaje\/"},"author":{"name":"Web del Maestro CMF","@id":"https:\/\/webdelmaestrocmf.com\/portal\/#\/schema\/person\/1072a2ed7bd960df8ef99a551fa35dc5"},"headline":"\u00bfDe qu\u00e9 manera las emociones acad\u00e9micas influyen en el aprendizaje?","datePublished":"2020-02-24T22:50:02+00:00","dateModified":"2022-07-17T15:30:09+00:00","mainEntityOfPage":{"@id":"https:\/\/webdelmaestrocmf.com\/portal\/de-que-manera-las-emociones-academicas-influyen-en-el-aprendizaje\/"},"wordCount":1089,"commentCount":1,"publisher":{"@id":"https:\/\/webdelmaestrocmf.com\/portal\/#organization"},"image":{"@id":"https:\/\/webdelmaestrocmf.com\/portal\/de-que-manera-las-emociones-academicas-influyen-en-el-aprendizaje\/#primaryimage"},"thumbnailUrl":"https:\/\/webdelmaestrocmf.com\/portal\/wp-content\/uploads\/2020\/02\/1a-9.jpg","keywords":["ACAD\u00c9MICAS","aprendizaje","EMOCIONES","INFLUYEN"],"articleSection":["Inteligencia Emocional","Recursos"],"inLanguage":"es","potentialAction":[{"@type":"CommentAction","name":"Comment","target":["https:\/\/webdelmaestrocmf.com\/portal\/de-que-manera-las-emociones-academicas-influyen-en-el-aprendizaje\/#respond"]}]},{"@type":"WebPage","@id":"https:\/\/webdelmaestrocmf.com\/portal\/de-que-manera-las-emociones-academicas-influyen-en-el-aprendizaje\/","url":"https:\/\/webdelmaestrocmf.com\/portal\/de-que-manera-las-emociones-academicas-influyen-en-el-aprendizaje\/","name":"\u00bfDe qu\u00e9 manera las emociones acad\u00e9micas influyen en el aprendizaje?","isPartOf":{"@id":"https:\/\/webdelmaestrocmf.com\/portal\/#website"},"primaryImageOfPage":{"@id":"https:\/\/webdelmaestrocmf.com\/portal\/de-que-manera-las-emociones-academicas-influyen-en-el-aprendizaje\/#primaryimage"},"image":{"@id":"https:\/\/webdelmaestrocmf.com\/portal\/de-que-manera-las-emociones-academicas-influyen-en-el-aprendizaje\/#primaryimage"},"thumbnailUrl":"https:\/\/webdelmaestrocmf.com\/portal\/wp-content\/uploads\/2020\/02\/1a-9.jpg","datePublished":"2020-02-24T22:50:02+00:00","dateModified":"2022-07-17T15:30:09+00:00","description":"Las emociones se encuentran inmersas en el \u00e1mbito educativo e influyen en la forma c\u00f3mo aprenden nuestros alumnos, Experimentar emociones...","breadcrumb":{"@id":"https:\/\/webdelmaestrocmf.com\/portal\/de-que-manera-las-emociones-academicas-influyen-en-el-aprendizaje\/#breadcrumb"},"inLanguage":"es","potentialAction":[{"@type":"ReadAction","target":["https:\/\/webdelmaestrocmf.com\/portal\/de-que-manera-las-emociones-academicas-influyen-en-el-aprendizaje\/"]}]},{"@type":"ImageObject","inLanguage":"es","@id":"https:\/\/webdelmaestrocmf.com\/portal\/de-que-manera-las-emociones-academicas-influyen-en-el-aprendizaje\/#primaryimage","url":"https:\/\/webdelmaestrocmf.com\/portal\/wp-content\/uploads\/2020\/02\/1a-9.jpg","contentUrl":"https:\/\/webdelmaestrocmf.com\/portal\/wp-content\/uploads\/2020\/02\/1a-9.jpg","width":1100,"height":680},{"@type":"BreadcrumbList","@id":"https:\/\/webdelmaestrocmf.com\/portal\/de-que-manera-las-emociones-academicas-influyen-en-el-aprendizaje\/#breadcrumb","itemListElement":[{"@type":"ListItem","position":1,"name":"Portada","item":"https:\/\/webdelmaestrocmf.com\/portal\/"},{"@type":"ListItem","position":2,"name":"Recursos","item":"https:\/\/webdelmaestrocmf.com\/portal\/category\/pedagogia\/"},{"@type":"ListItem","position":3,"name":"\u00bfDe qu\u00e9 manera las emociones acad\u00e9micas influyen en el aprendizaje?"}]},{"@type":"WebSite","@id":"https:\/\/webdelmaestrocmf.com\/portal\/#website","url":"https:\/\/webdelmaestrocmf.com\/portal\/","name":"Web del Maestro CMF","description":"Maestros al servicio de la educaci\u00f3n","publisher":{"@id":"https:\/\/webdelmaestrocmf.com\/portal\/#organization"},"alternateName":"WMCMF","potentialAction":[{"@type":"SearchAction","target":{"@type":"EntryPoint","urlTemplate":"https:\/\/webdelmaestrocmf.com\/portal\/?s={search_term_string}"},"query-input":{"@type":"PropertyValueSpecification","valueRequired":true,"valueName":"search_term_string"}}],"inLanguage":"es"},{"@type":"Organization","@id":"https:\/\/webdelmaestrocmf.com\/portal\/#organization","name":"Web del Maestro CMF","alternateName":"WMCMF","url":"https:\/\/webdelmaestrocmf.com\/portal\/","logo":{"@type":"ImageObject","inLanguage":"es","@id":"https:\/\/webdelmaestrocmf.com\/portal\/#\/schema\/logo\/image\/","url":"https:\/\/webdelmaestrocmf.com\/portal\/wp-content\/uploads\/2023\/01\/logo-wmcmf-2.png","contentUrl":"https:\/\/webdelmaestrocmf.com\/portal\/wp-content\/uploads\/2023\/01\/logo-wmcmf-2.png","width":200,"height":60,"caption":"Web del Maestro CMF"},"image":{"@id":"https:\/\/webdelmaestrocmf.com\/portal\/#\/schema\/logo\/image\/"},"sameAs":["https:\/\/www.facebook.com\/WebdelMaestroCMF\/","https:\/\/x.com\/cmf_w","https:\/\/www.pinterest.com\/WMCMF\/","https:\/\/www.linkedin.com\/company\/web-del-maestro-cmf\/","https:\/\/www.instagram.com\/wmcmf\/","https:\/\/www.youtube.com\/channel\/UCDPSvjbdodE5sHnC3OxutHw","https:\/\/mastodon.social\/@wmcmf","https:\/\/www.tiktok.com\/@webdelmaestrocmf"]},{"@type":"Person","@id":"https:\/\/webdelmaestrocmf.com\/portal\/#\/schema\/person\/1072a2ed7bd960df8ef99a551fa35dc5","name":"Web del Maestro CMF","image":{"@type":"ImageObject","inLanguage":"es","@id":"https:\/\/secure.gravatar.com\/avatar\/23291dd5b5ae1077dcff3dbb04c3e02bd28403fa75af6d8787d5e97c5bbbe30b?s=96&d=mm&r=g","url":"https:\/\/secure.gravatar.com\/avatar\/23291dd5b5ae1077dcff3dbb04c3e02bd28403fa75af6d8787d5e97c5bbbe30b?s=96&d=mm&r=g","contentUrl":"https:\/\/secure.gravatar.com\/avatar\/23291dd5b5ae1077dcff3dbb04c3e02bd28403fa75af6d8787d5e97c5bbbe30b?s=96&d=mm&r=g","caption":"Web del Maestro CMF"},"description":"Esta Web se cre\u00f3 sin fines de lucro, con fines educativos, cient\u00edficos y acad\u00e9micos, para personas que tengan dificultades y\/o inconvenientes en visualizar el material original. El objetivo es entregar recursos, compartir experiencias y materiales que ayuden a los padres de familia, maestros y estudiantes en su actualizaci\u00f3n y formaci\u00f3n permanente, en bien de la Educaci\u00f3n.","sameAs":["http:\/\/webdelmaestrocmf.com\/portal","https:\/\/www.facebook.com\/WebdelMaestroCMF\/","https:\/\/www.instagram.com\/wmcmf\/","https:\/\/cl.linkedin.com\/company\/web-del-maestro-cmf","https:\/\/www.pinterest.com\/WMCMF\/publicaciones\/","https:\/\/x.com\/cmf_w","https:\/\/www.youtube.com\/@WMCMF"]}]}},"jetpack_featured_media_url":"https:\/\/webdelmaestrocmf.com\/portal\/wp-content\/uploads\/2020\/02\/1a-9.jpg","jetpack_sharing_enabled":true,"jetpack-related-posts":[{"id":32208,"url":"https:\/\/webdelmaestrocmf.com\/portal\/sin-educacion-emocional-no-sirve-saber-resolver-ecuaciones\/","url_meta":{"origin":15405,"position":0},"title":"Rafael Bisquerra: Los grados de magisterio no forman a los profesores en gesti\u00f3n de las emociones","author":"Web del Maestro CMF","date":"1 diciembre, 2021","format":false,"excerpt":"A grandes rasgos podr\u00edamos decir que es la habilidad para tomar conciencia de las propias emociones y de las dem\u00e1s personas y la capacidad para regularlas es fundamental para los profesores. La conciencia emocional es el requisito para poder pasar a la regulaci\u00f3n. La autorregulaci\u00f3n emocional consiste en un dif\u00edcil\u2026","rel":"","context":"En \u00abEntrevistas\u00bb","block_context":{"text":"Entrevistas","link":"https:\/\/webdelmaestrocmf.com\/portal\/category\/noticias\/entrevistas\/"},"img":{"alt_text":"","src":"https:\/\/i0.wp.com\/webdelmaestrocmf.com\/portal\/wp-content\/uploads\/2021\/12\/1A-Banner-1-portada-imagen-10-1-1-1.jpg?resize=350%2C200&ssl=1","width":350,"height":200,"srcset":"https:\/\/i0.wp.com\/webdelmaestrocmf.com\/portal\/wp-content\/uploads\/2021\/12\/1A-Banner-1-portada-imagen-10-1-1-1.jpg?resize=350%2C200&ssl=1 1x, https:\/\/i0.wp.com\/webdelmaestrocmf.com\/portal\/wp-content\/uploads\/2021\/12\/1A-Banner-1-portada-imagen-10-1-1-1.jpg?resize=525%2C300&ssl=1 1.5x, https:\/\/i0.wp.com\/webdelmaestrocmf.com\/portal\/wp-content\/uploads\/2021\/12\/1A-Banner-1-portada-imagen-10-1-1-1.jpg?resize=700%2C400&ssl=1 2x"},"classes":[]},{"id":100572,"url":"https:\/\/webdelmaestrocmf.com\/portal\/que-frases-jamas-hay-que-decirle-a-un-nino\/","url_meta":{"origin":15405,"position":1},"title":"\u00bfQu\u00e9 frases no se les deben decir a los ni\u00f1os?","author":"Web del Maestro CMF","date":"2 octubre, 2024","format":false,"excerpt":"El impacto de las palabras de los padres y docentes en la vida de los ni\u00f1os es profundo y duradero. Las expresiones positivas y alentadoras construyen cimientos s\u00f3lidos para la autoestima y la confianza en s\u00ed mismos, permitiendo a los ni\u00f1os enfrentar desaf\u00edos con valent\u00eda y explorar el mundo con\u2026","rel":"","context":"En \u00abNi\u00f1os\u00bb","block_context":{"text":"Ni\u00f1os","link":"https:\/\/webdelmaestrocmf.com\/portal\/category\/pedagogia\/ninos\/"},"img":{"alt_text":"","src":"https:\/\/i0.wp.com\/webdelmaestrocmf.com\/portal\/wp-content\/uploads\/2023\/11\/Banner-1-portada-imagen-10-1-8-2.jpg?resize=350%2C200&ssl=1","width":350,"height":200,"srcset":"https:\/\/i0.wp.com\/webdelmaestrocmf.com\/portal\/wp-content\/uploads\/2023\/11\/Banner-1-portada-imagen-10-1-8-2.jpg?resize=350%2C200&ssl=1 1x, https:\/\/i0.wp.com\/webdelmaestrocmf.com\/portal\/wp-content\/uploads\/2023\/11\/Banner-1-portada-imagen-10-1-8-2.jpg?resize=525%2C300&ssl=1 1.5x, https:\/\/i0.wp.com\/webdelmaestrocmf.com\/portal\/wp-content\/uploads\/2023\/11\/Banner-1-portada-imagen-10-1-8-2.jpg?resize=700%2C400&ssl=1 2x"},"classes":[]},{"id":27293,"url":"https:\/\/webdelmaestrocmf.com\/portal\/estrategias-para-estimular-la-inteligencia-emocional-en-el-aula\/","url_meta":{"origin":15405,"position":2},"title":"Estrategias para estimular la inteligencia emocional en el aula","author":"Web del Maestro CMF","date":"5 junio, 2020","format":false,"excerpt":"Existen estudiantes con un dominio de su faceta emocional mucho m\u00e1s desarrollado que otras; sin embargo, pocas veces se estudia su correlaci\u00f3n con la inteligencia l\u00f3gica y anal\u00edtica. Tenemos estudiantes \"brillantes\", capaz de memorizar datos y llegar a resultados acad\u00e9micos excelentes, pero con una vida emocional y sentimental variable; por\u2026","rel":"","context":"En \u00abInteligencia Emocional\u00bb","block_context":{"text":"Inteligencia Emocional","link":"https:\/\/webdelmaestrocmf.com\/portal\/category\/pedagogia\/inteligencia-emocional-educacion-y-familia\/"},"img":{"alt_text":"","src":"https:\/\/i0.wp.com\/webdelmaestrocmf.com\/portal\/wp-content\/uploads\/2020\/06\/1-3.jpg?resize=350%2C200&ssl=1","width":350,"height":200,"srcset":"https:\/\/i0.wp.com\/webdelmaestrocmf.com\/portal\/wp-content\/uploads\/2020\/06\/1-3.jpg?resize=350%2C200&ssl=1 1x, https:\/\/i0.wp.com\/webdelmaestrocmf.com\/portal\/wp-content\/uploads\/2020\/06\/1-3.jpg?resize=525%2C300&ssl=1 1.5x, https:\/\/i0.wp.com\/webdelmaestrocmf.com\/portal\/wp-content\/uploads\/2020\/06\/1-3.jpg?resize=700%2C400&ssl=1 2x"},"classes":[]},{"id":113504,"url":"https:\/\/webdelmaestrocmf.com\/portal\/begona-ibarrola-debemos-distinguir-entre-un-alumno-verdaderamente-vago-y-uno-que-esta-desmotivado-porque-anticipa-el-fracaso\/","url_meta":{"origin":15405,"position":3},"title":"Bego\u00f1a Ibarrola: Debemos distinguir entre un alumno verdaderamente vago y uno que est\u00e1 desmotivado porque anticipa el fracaso","author":"Web del Maestro CMF","date":"30 abril, 2026","format":false,"excerpt":"La desmotivaci\u00f3n nace del miedo, la memoria emocional negativa y la sensaci\u00f3n de incapacidad. No es pereza: es bloqueo emocional profundo.","rel":"","context":"En \u00abEntrevistas\u00bb","block_context":{"text":"Entrevistas","link":"https:\/\/webdelmaestrocmf.com\/portal\/category\/noticias\/entrevistas\/"},"img":{"alt_text":"","src":"https:\/\/i0.wp.com\/webdelmaestrocmf.com\/portal\/wp-content\/uploads\/2025\/11\/1AA-Banner-1-portada-imagen-10-1-copia-3.webp?resize=350%2C200&ssl=1","width":350,"height":200,"srcset":"https:\/\/i0.wp.com\/webdelmaestrocmf.com\/portal\/wp-content\/uploads\/2025\/11\/1AA-Banner-1-portada-imagen-10-1-copia-3.webp?resize=350%2C200&ssl=1 1x, https:\/\/i0.wp.com\/webdelmaestrocmf.com\/portal\/wp-content\/uploads\/2025\/11\/1AA-Banner-1-portada-imagen-10-1-copia-3.webp?resize=525%2C300&ssl=1 1.5x, https:\/\/i0.wp.com\/webdelmaestrocmf.com\/portal\/wp-content\/uploads\/2025\/11\/1AA-Banner-1-portada-imagen-10-1-copia-3.webp?resize=700%2C400&ssl=1 2x, https:\/\/i0.wp.com\/webdelmaestrocmf.com\/portal\/wp-content\/uploads\/2025\/11\/1AA-Banner-1-portada-imagen-10-1-copia-3.webp?resize=1050%2C600&ssl=1 3x"},"classes":[]},{"id":112054,"url":"https:\/\/webdelmaestrocmf.com\/portal\/docentes-descarguen-la-nueva-guia-practica-para-trabajar-las-emociones-en-el-aula\/","url_meta":{"origin":15405,"position":4},"title":"Docentes, descarguen la nueva gu\u00eda pr\u00e1ctica para trabajar las emociones en el aula","author":"Web del Maestro CMF","date":"11 septiembre, 2025","format":false,"excerpt":"La gu\u00eda propone actividades pr\u00e1cticas para reconocer, expresar y gestionar emociones, fortaleciendo autoestima, empat\u00eda, convivencia escolar y aprendizaje significativo.","rel":"","context":"En \u00abEmociones\u00bb","block_context":{"text":"Emociones","link":"https:\/\/webdelmaestrocmf.com\/portal\/category\/pedagogia\/emociones\/"},"img":{"alt_text":"","src":"https:\/\/i0.wp.com\/webdelmaestrocmf.com\/portal\/wp-content\/uploads\/2025\/09\/1A-Banner-1-portada-imagen-10-1-copia-2025-09-11T132059.065.webp?resize=350%2C200&ssl=1","width":350,"height":200,"srcset":"https:\/\/i0.wp.com\/webdelmaestrocmf.com\/portal\/wp-content\/uploads\/2025\/09\/1A-Banner-1-portada-imagen-10-1-copia-2025-09-11T132059.065.webp?resize=350%2C200&ssl=1 1x, https:\/\/i0.wp.com\/webdelmaestrocmf.com\/portal\/wp-content\/uploads\/2025\/09\/1A-Banner-1-portada-imagen-10-1-copia-2025-09-11T132059.065.webp?resize=525%2C300&ssl=1 1.5x, https:\/\/i0.wp.com\/webdelmaestrocmf.com\/portal\/wp-content\/uploads\/2025\/09\/1A-Banner-1-portada-imagen-10-1-copia-2025-09-11T132059.065.webp?resize=700%2C400&ssl=1 2x"},"classes":[]},{"id":40150,"url":"https:\/\/webdelmaestrocmf.com\/portal\/estrategias-para-estimular-la-inteligencia-emocional-en-el-aula-2\/","url_meta":{"origin":15405,"position":5},"title":"Estrategias para estimular la inteligencia emocional","author":"Web del Maestro CMF","date":"9 septiembre, 2019","format":false,"excerpt":"En la complejidad de la formaci\u00f3n integral, la atenci\u00f3n a la inteligencia emocional emerge como un pilar esencial para el desarrollo humano. Este texto se sumerge en la exploraci\u00f3n de estrategias fundamentales con el objetivo de cultivar y potenciar la inteligencia emocional en diversos contextos. La clave reside en reconocer\u2026","rel":"","context":"En \u00abInteligencia Emocional\u00bb","block_context":{"text":"Inteligencia Emocional","link":"https:\/\/webdelmaestrocmf.com\/portal\/category\/pedagogia\/inteligencia-emocional-educacion-y-familia\/"},"img":{"alt_text":"Estrategias inteligencia emocional","src":"https:\/\/i0.wp.com\/webdelmaestrocmf.com\/portal\/wp-content\/uploads\/2019\/09\/A12B3C4D-70.jpg?resize=350%2C200&ssl=1","width":350,"height":200,"srcset":"https:\/\/i0.wp.com\/webdelmaestrocmf.com\/portal\/wp-content\/uploads\/2019\/09\/A12B3C4D-70.jpg?resize=350%2C200&ssl=1 1x, https:\/\/i0.wp.com\/webdelmaestrocmf.com\/portal\/wp-content\/uploads\/2019\/09\/A12B3C4D-70.jpg?resize=525%2C300&ssl=1 1.5x, https:\/\/i0.wp.com\/webdelmaestrocmf.com\/portal\/wp-content\/uploads\/2019\/09\/A12B3C4D-70.jpg?resize=700%2C400&ssl=1 2x"},"classes":[]}],"_links":{"self":[{"href":"https:\/\/webdelmaestrocmf.com\/portal\/wp-json\/wp\/v2\/posts\/15405","targetHints":{"allow":["GET"]}}],"collection":[{"href":"https:\/\/webdelmaestrocmf.com\/portal\/wp-json\/wp\/v2\/posts"}],"about":[{"href":"https:\/\/webdelmaestrocmf.com\/portal\/wp-json\/wp\/v2\/types\/post"}],"author":[{"embeddable":true,"href":"https:\/\/webdelmaestrocmf.com\/portal\/wp-json\/wp\/v2\/users\/1"}],"replies":[{"embeddable":true,"href":"https:\/\/webdelmaestrocmf.com\/portal\/wp-json\/wp\/v2\/comments?post=15405"}],"version-history":[{"count":0,"href":"https:\/\/webdelmaestrocmf.com\/portal\/wp-json\/wp\/v2\/posts\/15405\/revisions"}],"wp:featuredmedia":[{"embeddable":true,"href":"https:\/\/webdelmaestrocmf.com\/portal\/wp-json\/wp\/v2\/media\/44683"}],"wp:attachment":[{"href":"https:\/\/webdelmaestrocmf.com\/portal\/wp-json\/wp\/v2\/media?parent=15405"}],"wp:term":[{"taxonomy":"category","embeddable":true,"href":"https:\/\/webdelmaestrocmf.com\/portal\/wp-json\/wp\/v2\/categories?post=15405"},{"taxonomy":"post_tag","embeddable":true,"href":"https:\/\/webdelmaestrocmf.com\/portal\/wp-json\/wp\/v2\/tags?post=15405"}],"curies":[{"name":"wp","href":"https:\/\/api.w.org\/{rel}","templated":true}]}}