{"id":15378,"date":"2017-02-28T11:47:29","date_gmt":"2017-02-28T14:47:29","guid":{"rendered":"http:\/\/webdelmaestrocmf.com\/portal\/?p=15378"},"modified":"2021-10-14T23:03:58","modified_gmt":"2021-10-15T02:03:58","slug":"argentina-colombia-chile-podrian-las-nuevas-superestrellas-la-educacion-mundo","status":"publish","type":"post","link":"https:\/\/webdelmaestrocmf.com\/portal\/argentina-colombia-chile-podrian-las-nuevas-superestrellas-la-educacion-mundo\/","title":{"rendered":"ESTOS PA\u00cdSES PODR\u00cdAN SER LAS NUEVAS SUPERESTRELLAS DE LA EDUCACI\u00d3N"},"content":{"rendered":"<h4 style=\"text-align: justify;\">El an\u00e1lisis de la Educaci\u00f3n Superior, va tomando un mayor inter\u00e9s que en el pasado. \u201cSu reto debe ser la transformaci\u00f3n y el\u00a0cambio, para ofrecer a sus usuarios no solo la posibilidad de formarlos en un \u00e1rea espec\u00edfica del saber, sino la posibilidad de <strong>adquirir las\u00a0<\/strong><strong>competencias\u00a0y requerimientos esenciales que les permitan egresar e ingresar al\u00a0mercado\u00a0de\u00a0trabajo<\/strong>\u00a0con las aptitudes y\u00a0actitudes\u00a0propias de la sociedad postmoderna\u201d, introduciendo en la curricula, las demandas sociales y lo que oferta la Educaci\u00f3n Superior (cf Ana Isabel Hern\u00e1ndez de Dolara).<\/h4>\n<p style=\"text-align: justify;\">El Foro Econ\u00f3mico Mundial, nos trae un an\u00e1lisis sobre la atenci\u00f3n a la educaci\u00f3n superior y el desarrollo econ\u00f3mico: \u201cEstos pa\u00edses podr\u00edan ser nuevas superestrellas de educaci\u00f3n del mundo\u201d (www.weforum.org), y que la redacci\u00f3n de LA NACI\u00d3N (Argentina) ha publicado en un art\u00edculo que compartimos con fines educativos \u2013 pastorales, sobre los indicadores acad\u00e9micos y econ\u00f3micos <strong>que permiten conjeturar los siete pa\u00edses que se encuentran en posici\u00f3n privilegiada para tener \u00e9xito<\/strong>.<\/p>\n<p style=\"text-align: justify;\"><!--more--><\/p>\n<h1>Estos pa\u00edses podr\u00edan ser las nuevas superestrellas de la educaci\u00f3n en el mundo<\/h1>\n<p style=\"text-align: justify;\">Para el Foro Econ\u00f3mico Mundial, estos siete pa\u00edses pueden convertirse en potencias de la educaci\u00f3n; las razones.<\/p>\n<p class=\"primero\" style=\"text-align: justify;\">Seg\u00fan el Foro Econ\u00f3mico Mundial, los siguientes siete pa\u00edses podr\u00edan convertirse, en el futuro, en las nuevas \u00absuperestrellas de la educaci\u00f3n mundial\u00bb: Tailandia, Argentina, Chile, Turqu\u00eda, Ir\u00e1n, Colombia, y Serbia.<\/p>\n<p><a href=\"https:\/\/www.weforum.org\/agenda\/2016\/12\/countries-global-higher-education-superstars-tactics-\" target=\"_blank\" rel=\"noopener\"><img loading=\"lazy\" decoding=\"async\" class=\"aligncenter size-full wp-image-15379\" src=\"http:\/\/webdelmaestrocmf.com\/portal\/wp-content\/uploads\/2017\/02\/lyH6pvZDC9yXDqBm8ZW0jOEt_ydPABOv_MTkJK11RzY.jpg\" alt=\"\" width=\"1459\" height=\"727\" srcset=\"https:\/\/webdelmaestrocmf.com\/portal\/wp-content\/uploads\/2017\/02\/lyH6pvZDC9yXDqBm8ZW0jOEt_ydPABOv_MTkJK11RzY.jpg 1459w, https:\/\/webdelmaestrocmf.com\/portal\/wp-content\/uploads\/2017\/02\/lyH6pvZDC9yXDqBm8ZW0jOEt_ydPABOv_MTkJK11RzY-300x149.jpg 300w, https:\/\/webdelmaestrocmf.com\/portal\/wp-content\/uploads\/2017\/02\/lyH6pvZDC9yXDqBm8ZW0jOEt_ydPABOv_MTkJK11RzY-768x383.jpg 768w, https:\/\/webdelmaestrocmf.com\/portal\/wp-content\/uploads\/2017\/02\/lyH6pvZDC9yXDqBm8ZW0jOEt_ydPABOv_MTkJK11RzY-1024x510.jpg 1024w, https:\/\/webdelmaestrocmf.com\/portal\/wp-content\/uploads\/2017\/02\/lyH6pvZDC9yXDqBm8ZW0jOEt_ydPABOv_MTkJK11RzY-280x140.jpg 280w, https:\/\/webdelmaestrocmf.com\/portal\/wp-content\/uploads\/2017\/02\/lyH6pvZDC9yXDqBm8ZW0jOEt_ydPABOv_MTkJK11RzY-1300x648.jpg 1300w\" sizes=\"auto, (max-width: 1459px) 100vw, 1459px\" \/><\/a><\/p>\n<p style=\"text-align: justify;\">\u00abDesde el punto de vista de la educaci\u00f3n superior, estos pa\u00edses forman un colectivo, que denominamos por sus siglas TACTICS, que podr\u00eda superar a los BRICS (Brasil, Rusia, India, China, y Sud\u00e1frica)\u00bb, dice un art\u00edculo publicado <strong><a class=\"link\" href=\"https:\/\/www.weforum.org\/agenda\/2016\/12\/countries-global-higher-education-superstars-tactics-\" target=\"_blank\" rel=\"noopener\">en el sitio oficial del Foro.<\/a>\u00a0(<a href=\"https:\/\/www.weforum.org\/agenda\/2016\/12\/countries-global-higher-education-superstars-tactics-\" target=\"_blank\" rel=\"noopener\">Enlace<\/a>)<\/strong><\/p>\n<p style=\"text-align: justify;\"><b>\u00bfEn qu\u00e9 se basa este pron\u00f3stico?<\/b><\/p>\n<aside class=\"banner caja3\" data-adpos=\"caja3\"><\/aside>\n<p style=\"text-align: justify;\">En que en todos los pa\u00edses que conforman el TACTICS se dan las siguientes condiciones:<\/p>\n<ul>\n<li class=\"icon-bullet-grande\" style=\"text-align: justify;\">El producto bruto es menor a 15 mil d\u00f3lares, pero al menos la mitad de la poblaci\u00f3n joven esta anotada en programas de educaci\u00f3n superior.<\/li>\n<li class=\"icon-bullet-grande\" style=\"text-align: justify;\">La participaci\u00f3n de esta poblaci\u00f3n en educaci\u00f3n superior creci\u00f3 5% o m\u00e1s entre 2010 y 2014.<\/li>\n<li class=\"icon-bullet-grande\" style=\"text-align: justify;\">La cantidad de investigaciones cient\u00edficas publicadas creci\u00f3 a m\u00e1s de 3 mil por a\u00f1o.<\/li>\n<li class=\"icon-bullet-grande\" style=\"text-align: justify;\">Y tienen al menos una universidad en el ranking de mejores universidades del Foro.<\/li>\n<\/ul>\n<p><a href=\"https:\/\/www.weforum.org\/agenda\/2016\/12\/countries-global-higher-education-superstars-tactics-\" target=\"_blank\" rel=\"noopener\"><img loading=\"lazy\" decoding=\"async\" class=\"aligncenter size-full wp-image-15380\" src=\"http:\/\/webdelmaestrocmf.com\/portal\/wp-content\/uploads\/2017\/02\/nM456QOWSZBR3TV4q5eV-U2CdOFyhoJfiph5WKZU1PU.jpg\" alt=\"\" width=\"1771\" height=\"1021\" srcset=\"https:\/\/webdelmaestrocmf.com\/portal\/wp-content\/uploads\/2017\/02\/nM456QOWSZBR3TV4q5eV-U2CdOFyhoJfiph5WKZU1PU.jpg 1771w, https:\/\/webdelmaestrocmf.com\/portal\/wp-content\/uploads\/2017\/02\/nM456QOWSZBR3TV4q5eV-U2CdOFyhoJfiph5WKZU1PU-300x173.jpg 300w, https:\/\/webdelmaestrocmf.com\/portal\/wp-content\/uploads\/2017\/02\/nM456QOWSZBR3TV4q5eV-U2CdOFyhoJfiph5WKZU1PU-768x443.jpg 768w, https:\/\/webdelmaestrocmf.com\/portal\/wp-content\/uploads\/2017\/02\/nM456QOWSZBR3TV4q5eV-U2CdOFyhoJfiph5WKZU1PU-1024x590.jpg 1024w, https:\/\/webdelmaestrocmf.com\/portal\/wp-content\/uploads\/2017\/02\/nM456QOWSZBR3TV4q5eV-U2CdOFyhoJfiph5WKZU1PU-280x161.jpg 280w, https:\/\/webdelmaestrocmf.com\/portal\/wp-content\/uploads\/2017\/02\/nM456QOWSZBR3TV4q5eV-U2CdOFyhoJfiph5WKZU1PU-1300x749.jpg 1300w\" sizes=\"auto, (max-width: 1771px) 100vw, 1771px\" \/><\/a><\/p>\n<aside class=\"banner caja4\" data-adpos=\"caja4\"><\/aside>\n<p style=\"text-align: justify;\">Esto significar\u00eda que es en estos pa\u00edses en donde la comunidad universitaria viene creciendo m\u00e1s, y a la vez tiene m\u00e1s chances de expandirse.<\/p>\n<p style=\"text-align: justify;\">\u00abConstruye una comunidad universitaria grande y fuerte y tu econom\u00eda tambi\u00e9n crecer\u00e1\u00bb, dice el Foro, y as\u00ed, pronostica que las econom\u00edas del grupo TACTICS crecer\u00e1n m\u00e1s que las de BRICS.<\/p>\n<p style=\"text-align: justify;\"><strong>Este contenido ha sido publicado originalmente por La Naci\u00f3n (Argentina)\u00a0en la\u00a0siguiente direcci\u00f3n<\/strong><strong>:\u00a0 <a href=\"http:\/\/www.lanacion.com.ar\" target=\"_blank\" rel=\"noopener\">lanacion.com.ar<\/a><\/strong><\/p>\n","protected":false},"excerpt":{"rendered":"El an\u00e1lisis de la Educaci\u00f3n Superior, va tomando un mayor inter\u00e9s que en el pasado. \u201cSu reto debe&hellip;","protected":false},"author":1,"featured_media":15389,"comment_status":"open","ping_status":"open","sticky":false,"template":"","format":"standard","meta":{"csco_display_header_overlay":false,"csco_singular_sidebar":"default","csco_page_header_type":"default","csco_page_load_nextpost":"default","csco_post_video_location":[],"csco_post_video_location_hash":"","csco_post_video_url":"","csco_post_video_bg_start_time":0,"csco_post_video_bg_end_time":0,"csco_post_video_bg_volume":false,"_jetpack_memberships_contains_paid_content":false,"footnotes":""},"categories":[6894],"tags":[55,1870,1868,1869],"class_list":{"0":"post-15378","1":"post","2":"type-post","3":"status-publish","4":"format-standard","5":"has-post-thumbnail","7":"category-sin-categoria-es","8":"tag-educacion","9":"tag-munadial","10":"tag-nuevas","11":"tag-superestrellas","12":"cs-entry","13":"cs-video-wrap"},"yoast_head":"<!-- This site is optimized with the Yoast SEO plugin v27.5 - https:\/\/yoast.com\/product\/yoast-seo-wordpress\/ -->\n<title>ARGENTINA, COLOMBIA Y CHILE PODR\u00cdAN SER LAS NUEVAS SUPERESTRELLAS DE LA EDUCACI\u00d3N EN EL MUNDO<\/title>\n<meta name=\"description\" content=\"El an\u00e1lisis de la Educaci\u00f3n Superior, va tomando un mayor inter\u00e9s que en el pasado. \u201cSu reto debe ser la transformaci\u00f3n y el cambio, para ofrecer a sus...\" \/>\n<meta name=\"robots\" content=\"index, follow, max-snippet:-1, max-image-preview:large, max-video-preview:-1\" \/>\n<link rel=\"canonical\" href=\"https:\/\/webdelmaestrocmf.com\/portal\/argentina-colombia-chile-podrian-las-nuevas-superestrellas-la-educacion-mundo\/\" \/>\n<meta property=\"og:locale\" content=\"es_ES\" \/>\n<meta property=\"og:type\" content=\"article\" \/>\n<meta property=\"og:title\" content=\"ARGENTINA, COLOMBIA Y CHILE PODR\u00cdAN SER LAS NUEVAS SUPERESTRELLAS DE LA EDUCACI\u00d3N EN EL MUNDO\" \/>\n<meta property=\"og:description\" content=\"El an\u00e1lisis de la Educaci\u00f3n Superior, va tomando un mayor inter\u00e9s que en el pasado. \u201cSu reto debe ser la transformaci\u00f3n y el cambio, para ofrecer a sus...\" \/>\n<meta property=\"og:url\" content=\"https:\/\/webdelmaestrocmf.com\/portal\/argentina-colombia-chile-podrian-las-nuevas-superestrellas-la-educacion-mundo\/\" \/>\n<meta property=\"og:site_name\" content=\"Web del Maestro CMF\" \/>\n<meta property=\"article:publisher\" content=\"https:\/\/www.facebook.com\/WebdelMaestroCMF\/\" \/>\n<meta property=\"article:author\" content=\"https:\/\/www.facebook.com\/WebdelMaestroCMF\/\" \/>\n<meta property=\"article:published_time\" content=\"2017-02-28T14:47:29+00:00\" \/>\n<meta property=\"article:modified_time\" content=\"2021-10-15T02:03:58+00:00\" \/>\n<meta property=\"og:image\" content=\"https:\/\/i0.wp.com\/webdelmaestrocmf.com\/portal\/wp-content\/uploads\/2017\/02\/S\u00faper-estrellas-dela-educaci\u00f3n.jpg?fit=855%2C405&ssl=1\" \/>\n\t<meta property=\"og:image:width\" content=\"855\" \/>\n\t<meta property=\"og:image:height\" content=\"405\" \/>\n\t<meta property=\"og:image:type\" content=\"image\/jpeg\" \/>\n<meta name=\"author\" content=\"Web del Maestro CMF\" \/>\n<meta name=\"twitter:card\" content=\"summary_large_image\" \/>\n<meta name=\"twitter:creator\" content=\"@cmf_w\" \/>\n<meta name=\"twitter:site\" content=\"@cmf_w\" \/>\n<script type=\"application\/ld+json\" class=\"yoast-schema-graph\">{\"@context\":\"https:\\\/\\\/schema.org\",\"@graph\":[{\"@type\":\"ScholarlyArticle\",\"@id\":\"https:\\\/\\\/webdelmaestrocmf.com\\\/portal\\\/argentina-colombia-chile-podrian-las-nuevas-superestrellas-la-educacion-mundo\\\/#article\",\"isPartOf\":{\"@id\":\"https:\\\/\\\/webdelmaestrocmf.com\\\/portal\\\/argentina-colombia-chile-podrian-las-nuevas-superestrellas-la-educacion-mundo\\\/\"},\"author\":{\"name\":\"Web del Maestro CMF\",\"@id\":\"https:\\\/\\\/webdelmaestrocmf.com\\\/portal\\\/#\\\/schema\\\/person\\\/1072a2ed7bd960df8ef99a551fa35dc5\"},\"headline\":\"ESTOS PA\u00cdSES PODR\u00cdAN SER LAS NUEVAS SUPERESTRELLAS DE LA EDUCACI\u00d3N\",\"datePublished\":\"2017-02-28T14:47:29+00:00\",\"dateModified\":\"2021-10-15T02:03:58+00:00\",\"mainEntityOfPage\":{\"@id\":\"https:\\\/\\\/webdelmaestrocmf.com\\\/portal\\\/argentina-colombia-chile-podrian-las-nuevas-superestrellas-la-educacion-mundo\\\/\"},\"wordCount\":498,\"commentCount\":0,\"publisher\":{\"@id\":\"https:\\\/\\\/webdelmaestrocmf.com\\\/portal\\\/#organization\"},\"image\":{\"@id\":\"https:\\\/\\\/webdelmaestrocmf.com\\\/portal\\\/argentina-colombia-chile-podrian-las-nuevas-superestrellas-la-educacion-mundo\\\/#primaryimage\"},\"thumbnailUrl\":\"https:\\\/\\\/webdelmaestrocmf.com\\\/portal\\\/wp-content\\\/uploads\\\/2017\\\/02\\\/S\u00faper-estrellas-dela-educaci\u00f3n.jpg\",\"keywords\":[\"EDUCACI\u00d3N\",\"MUNADIAL\",\"NUEVAS\",\"SUPERESTRELLAS\"],\"inLanguage\":\"es\",\"potentialAction\":[{\"@type\":\"CommentAction\",\"name\":\"Comment\",\"target\":[\"https:\\\/\\\/webdelmaestrocmf.com\\\/portal\\\/argentina-colombia-chile-podrian-las-nuevas-superestrellas-la-educacion-mundo\\\/#respond\"]}]},{\"@type\":\"WebPage\",\"@id\":\"https:\\\/\\\/webdelmaestrocmf.com\\\/portal\\\/argentina-colombia-chile-podrian-las-nuevas-superestrellas-la-educacion-mundo\\\/\",\"url\":\"https:\\\/\\\/webdelmaestrocmf.com\\\/portal\\\/argentina-colombia-chile-podrian-las-nuevas-superestrellas-la-educacion-mundo\\\/\",\"name\":\"ARGENTINA, COLOMBIA Y CHILE PODR\u00cdAN SER LAS NUEVAS SUPERESTRELLAS DE LA EDUCACI\u00d3N EN EL MUNDO\",\"isPartOf\":{\"@id\":\"https:\\\/\\\/webdelmaestrocmf.com\\\/portal\\\/#website\"},\"primaryImageOfPage\":{\"@id\":\"https:\\\/\\\/webdelmaestrocmf.com\\\/portal\\\/argentina-colombia-chile-podrian-las-nuevas-superestrellas-la-educacion-mundo\\\/#primaryimage\"},\"image\":{\"@id\":\"https:\\\/\\\/webdelmaestrocmf.com\\\/portal\\\/argentina-colombia-chile-podrian-las-nuevas-superestrellas-la-educacion-mundo\\\/#primaryimage\"},\"thumbnailUrl\":\"https:\\\/\\\/webdelmaestrocmf.com\\\/portal\\\/wp-content\\\/uploads\\\/2017\\\/02\\\/S\u00faper-estrellas-dela-educaci\u00f3n.jpg\",\"datePublished\":\"2017-02-28T14:47:29+00:00\",\"dateModified\":\"2021-10-15T02:03:58+00:00\",\"description\":\"El an\u00e1lisis de la Educaci\u00f3n Superior, va tomando un mayor inter\u00e9s que en el pasado. \u201cSu reto debe ser la transformaci\u00f3n y el cambio, para ofrecer a sus...\",\"breadcrumb\":{\"@id\":\"https:\\\/\\\/webdelmaestrocmf.com\\\/portal\\\/argentina-colombia-chile-podrian-las-nuevas-superestrellas-la-educacion-mundo\\\/#breadcrumb\"},\"inLanguage\":\"es\",\"potentialAction\":[{\"@type\":\"ReadAction\",\"target\":[\"https:\\\/\\\/webdelmaestrocmf.com\\\/portal\\\/argentina-colombia-chile-podrian-las-nuevas-superestrellas-la-educacion-mundo\\\/\"]}]},{\"@type\":\"ImageObject\",\"inLanguage\":\"es\",\"@id\":\"https:\\\/\\\/webdelmaestrocmf.com\\\/portal\\\/argentina-colombia-chile-podrian-las-nuevas-superestrellas-la-educacion-mundo\\\/#primaryimage\",\"url\":\"https:\\\/\\\/webdelmaestrocmf.com\\\/portal\\\/wp-content\\\/uploads\\\/2017\\\/02\\\/S\u00faper-estrellas-dela-educaci\u00f3n.jpg\",\"contentUrl\":\"https:\\\/\\\/webdelmaestrocmf.com\\\/portal\\\/wp-content\\\/uploads\\\/2017\\\/02\\\/S\u00faper-estrellas-dela-educaci\u00f3n.jpg\",\"width\":855,\"height\":405},{\"@type\":\"BreadcrumbList\",\"@id\":\"https:\\\/\\\/webdelmaestrocmf.com\\\/portal\\\/argentina-colombia-chile-podrian-las-nuevas-superestrellas-la-educacion-mundo\\\/#breadcrumb\",\"itemListElement\":[{\"@type\":\"ListItem\",\"position\":1,\"name\":\"Portada\",\"item\":\"https:\\\/\\\/webdelmaestrocmf.com\\\/portal\\\/\"},{\"@type\":\"ListItem\",\"position\":2,\"name\":\"Sin categor\u00eda\",\"item\":\"https:\\\/\\\/webdelmaestrocmf.com\\\/portal\\\/category\\\/sin-categoria-es\\\/\"},{\"@type\":\"ListItem\",\"position\":3,\"name\":\"ESTOS PA\u00cdSES PODR\u00cdAN SER LAS NUEVAS SUPERESTRELLAS DE LA EDUCACI\u00d3N\"}]},{\"@type\":\"WebSite\",\"@id\":\"https:\\\/\\\/webdelmaestrocmf.com\\\/portal\\\/#website\",\"url\":\"https:\\\/\\\/webdelmaestrocmf.com\\\/portal\\\/\",\"name\":\"Web del Maestro CMF\",\"description\":\"Maestros al servicio de la educaci\u00f3n\",\"publisher\":{\"@id\":\"https:\\\/\\\/webdelmaestrocmf.com\\\/portal\\\/#organization\"},\"alternateName\":\"WMCMF\",\"potentialAction\":[{\"@type\":\"SearchAction\",\"target\":{\"@type\":\"EntryPoint\",\"urlTemplate\":\"https:\\\/\\\/webdelmaestrocmf.com\\\/portal\\\/?s={search_term_string}\"},\"query-input\":{\"@type\":\"PropertyValueSpecification\",\"valueRequired\":true,\"valueName\":\"search_term_string\"}}],\"inLanguage\":\"es\"},{\"@type\":\"Organization\",\"@id\":\"https:\\\/\\\/webdelmaestrocmf.com\\\/portal\\\/#organization\",\"name\":\"Web del Maestro CMF\",\"alternateName\":\"WMCMF\",\"url\":\"https:\\\/\\\/webdelmaestrocmf.com\\\/portal\\\/\",\"logo\":{\"@type\":\"ImageObject\",\"inLanguage\":\"es\",\"@id\":\"https:\\\/\\\/webdelmaestrocmf.com\\\/portal\\\/#\\\/schema\\\/logo\\\/image\\\/\",\"url\":\"https:\\\/\\\/webdelmaestrocmf.com\\\/portal\\\/wp-content\\\/uploads\\\/2023\\\/01\\\/logo-wmcmf-2.png\",\"contentUrl\":\"https:\\\/\\\/webdelmaestrocmf.com\\\/portal\\\/wp-content\\\/uploads\\\/2023\\\/01\\\/logo-wmcmf-2.png\",\"width\":200,\"height\":60,\"caption\":\"Web del Maestro CMF\"},\"image\":{\"@id\":\"https:\\\/\\\/webdelmaestrocmf.com\\\/portal\\\/#\\\/schema\\\/logo\\\/image\\\/\"},\"sameAs\":[\"https:\\\/\\\/www.facebook.com\\\/WebdelMaestroCMF\\\/\",\"https:\\\/\\\/x.com\\\/cmf_w\",\"https:\\\/\\\/www.pinterest.com\\\/WMCMF\\\/\",\"https:\\\/\\\/www.linkedin.com\\\/company\\\/web-del-maestro-cmf\\\/\",\"https:\\\/\\\/www.instagram.com\\\/wmcmf\\\/\",\"https:\\\/\\\/www.youtube.com\\\/channel\\\/UCDPSvjbdodE5sHnC3OxutHw\",\"https:\\\/\\\/mastodon.social\\\/@wmcmf\",\"https:\\\/\\\/www.tiktok.com\\\/@webdelmaestrocmf\"]},{\"@type\":\"Person\",\"@id\":\"https:\\\/\\\/webdelmaestrocmf.com\\\/portal\\\/#\\\/schema\\\/person\\\/1072a2ed7bd960df8ef99a551fa35dc5\",\"name\":\"Web del Maestro CMF\",\"image\":{\"@type\":\"ImageObject\",\"inLanguage\":\"es\",\"@id\":\"https:\\\/\\\/secure.gravatar.com\\\/avatar\\\/23291dd5b5ae1077dcff3dbb04c3e02bd28403fa75af6d8787d5e97c5bbbe30b?s=96&d=mm&r=g\",\"url\":\"https:\\\/\\\/secure.gravatar.com\\\/avatar\\\/23291dd5b5ae1077dcff3dbb04c3e02bd28403fa75af6d8787d5e97c5bbbe30b?s=96&d=mm&r=g\",\"contentUrl\":\"https:\\\/\\\/secure.gravatar.com\\\/avatar\\\/23291dd5b5ae1077dcff3dbb04c3e02bd28403fa75af6d8787d5e97c5bbbe30b?s=96&d=mm&r=g\",\"caption\":\"Web del Maestro CMF\"},\"description\":\"Esta Web se cre\u00f3 sin fines de lucro, con fines educativos, cient\u00edficos y acad\u00e9micos, para personas que tengan dificultades y\\\/o inconvenientes en visualizar el material original. El objetivo es entregar recursos, compartir experiencias y materiales que ayuden a los padres de familia, maestros y estudiantes en su actualizaci\u00f3n y formaci\u00f3n permanente, en bien de la Educaci\u00f3n.\",\"sameAs\":[\"http:\\\/\\\/webdelmaestrocmf.com\\\/portal\",\"https:\\\/\\\/www.facebook.com\\\/WebdelMaestroCMF\\\/\",\"https:\\\/\\\/www.instagram.com\\\/wmcmf\\\/\",\"https:\\\/\\\/cl.linkedin.com\\\/company\\\/web-del-maestro-cmf\",\"https:\\\/\\\/www.pinterest.com\\\/WMCMF\\\/publicaciones\\\/\",\"https:\\\/\\\/x.com\\\/cmf_w\",\"https:\\\/\\\/www.youtube.com\\\/@WMCMF\"]}]}<\/script>\n<!-- \/ Yoast SEO plugin. -->","yoast_head_json":{"title":"ARGENTINA, COLOMBIA Y CHILE PODR\u00cdAN SER LAS NUEVAS SUPERESTRELLAS DE LA EDUCACI\u00d3N EN EL MUNDO","description":"El an\u00e1lisis de la Educaci\u00f3n Superior, va tomando un mayor inter\u00e9s que en el pasado. \u201cSu reto debe ser la transformaci\u00f3n y el cambio, para ofrecer a sus...","robots":{"index":"index","follow":"follow","max-snippet":"max-snippet:-1","max-image-preview":"max-image-preview:large","max-video-preview":"max-video-preview:-1"},"canonical":"https:\/\/webdelmaestrocmf.com\/portal\/argentina-colombia-chile-podrian-las-nuevas-superestrellas-la-educacion-mundo\/","og_locale":"es_ES","og_type":"article","og_title":"ARGENTINA, COLOMBIA Y CHILE PODR\u00cdAN SER LAS NUEVAS SUPERESTRELLAS DE LA EDUCACI\u00d3N EN EL MUNDO","og_description":"El an\u00e1lisis de la Educaci\u00f3n Superior, va tomando un mayor inter\u00e9s que en el pasado. \u201cSu reto debe ser la transformaci\u00f3n y el cambio, para ofrecer a sus...","og_url":"https:\/\/webdelmaestrocmf.com\/portal\/argentina-colombia-chile-podrian-las-nuevas-superestrellas-la-educacion-mundo\/","og_site_name":"Web del Maestro CMF","article_publisher":"https:\/\/www.facebook.com\/WebdelMaestroCMF\/","article_author":"https:\/\/www.facebook.com\/WebdelMaestroCMF\/","article_published_time":"2017-02-28T14:47:29+00:00","article_modified_time":"2021-10-15T02:03:58+00:00","og_image":[{"width":855,"height":405,"url":"https:\/\/i0.wp.com\/webdelmaestrocmf.com\/portal\/wp-content\/uploads\/2017\/02\/S\u00faper-estrellas-dela-educaci\u00f3n.jpg?fit=855%2C405&ssl=1","type":"image\/jpeg"}],"author":"Web del Maestro CMF","twitter_card":"summary_large_image","twitter_creator":"@cmf_w","twitter_site":"@cmf_w","schema":{"@context":"https:\/\/schema.org","@graph":[{"@type":"ScholarlyArticle","@id":"https:\/\/webdelmaestrocmf.com\/portal\/argentina-colombia-chile-podrian-las-nuevas-superestrellas-la-educacion-mundo\/#article","isPartOf":{"@id":"https:\/\/webdelmaestrocmf.com\/portal\/argentina-colombia-chile-podrian-las-nuevas-superestrellas-la-educacion-mundo\/"},"author":{"name":"Web del Maestro CMF","@id":"https:\/\/webdelmaestrocmf.com\/portal\/#\/schema\/person\/1072a2ed7bd960df8ef99a551fa35dc5"},"headline":"ESTOS PA\u00cdSES PODR\u00cdAN SER LAS NUEVAS SUPERESTRELLAS DE LA EDUCACI\u00d3N","datePublished":"2017-02-28T14:47:29+00:00","dateModified":"2021-10-15T02:03:58+00:00","mainEntityOfPage":{"@id":"https:\/\/webdelmaestrocmf.com\/portal\/argentina-colombia-chile-podrian-las-nuevas-superestrellas-la-educacion-mundo\/"},"wordCount":498,"commentCount":0,"publisher":{"@id":"https:\/\/webdelmaestrocmf.com\/portal\/#organization"},"image":{"@id":"https:\/\/webdelmaestrocmf.com\/portal\/argentina-colombia-chile-podrian-las-nuevas-superestrellas-la-educacion-mundo\/#primaryimage"},"thumbnailUrl":"https:\/\/webdelmaestrocmf.com\/portal\/wp-content\/uploads\/2017\/02\/S\u00faper-estrellas-dela-educaci\u00f3n.jpg","keywords":["EDUCACI\u00d3N","MUNADIAL","NUEVAS","SUPERESTRELLAS"],"inLanguage":"es","potentialAction":[{"@type":"CommentAction","name":"Comment","target":["https:\/\/webdelmaestrocmf.com\/portal\/argentina-colombia-chile-podrian-las-nuevas-superestrellas-la-educacion-mundo\/#respond"]}]},{"@type":"WebPage","@id":"https:\/\/webdelmaestrocmf.com\/portal\/argentina-colombia-chile-podrian-las-nuevas-superestrellas-la-educacion-mundo\/","url":"https:\/\/webdelmaestrocmf.com\/portal\/argentina-colombia-chile-podrian-las-nuevas-superestrellas-la-educacion-mundo\/","name":"ARGENTINA, COLOMBIA Y CHILE PODR\u00cdAN SER LAS NUEVAS SUPERESTRELLAS DE LA EDUCACI\u00d3N EN EL MUNDO","isPartOf":{"@id":"https:\/\/webdelmaestrocmf.com\/portal\/#website"},"primaryImageOfPage":{"@id":"https:\/\/webdelmaestrocmf.com\/portal\/argentina-colombia-chile-podrian-las-nuevas-superestrellas-la-educacion-mundo\/#primaryimage"},"image":{"@id":"https:\/\/webdelmaestrocmf.com\/portal\/argentina-colombia-chile-podrian-las-nuevas-superestrellas-la-educacion-mundo\/#primaryimage"},"thumbnailUrl":"https:\/\/webdelmaestrocmf.com\/portal\/wp-content\/uploads\/2017\/02\/S\u00faper-estrellas-dela-educaci\u00f3n.jpg","datePublished":"2017-02-28T14:47:29+00:00","dateModified":"2021-10-15T02:03:58+00:00","description":"El an\u00e1lisis de la Educaci\u00f3n Superior, va tomando un mayor inter\u00e9s que en el pasado. \u201cSu reto debe ser la transformaci\u00f3n y el cambio, para ofrecer a sus...","breadcrumb":{"@id":"https:\/\/webdelmaestrocmf.com\/portal\/argentina-colombia-chile-podrian-las-nuevas-superestrellas-la-educacion-mundo\/#breadcrumb"},"inLanguage":"es","potentialAction":[{"@type":"ReadAction","target":["https:\/\/webdelmaestrocmf.com\/portal\/argentina-colombia-chile-podrian-las-nuevas-superestrellas-la-educacion-mundo\/"]}]},{"@type":"ImageObject","inLanguage":"es","@id":"https:\/\/webdelmaestrocmf.com\/portal\/argentina-colombia-chile-podrian-las-nuevas-superestrellas-la-educacion-mundo\/#primaryimage","url":"https:\/\/webdelmaestrocmf.com\/portal\/wp-content\/uploads\/2017\/02\/S\u00faper-estrellas-dela-educaci\u00f3n.jpg","contentUrl":"https:\/\/webdelmaestrocmf.com\/portal\/wp-content\/uploads\/2017\/02\/S\u00faper-estrellas-dela-educaci\u00f3n.jpg","width":855,"height":405},{"@type":"BreadcrumbList","@id":"https:\/\/webdelmaestrocmf.com\/portal\/argentina-colombia-chile-podrian-las-nuevas-superestrellas-la-educacion-mundo\/#breadcrumb","itemListElement":[{"@type":"ListItem","position":1,"name":"Portada","item":"https:\/\/webdelmaestrocmf.com\/portal\/"},{"@type":"ListItem","position":2,"name":"Sin categor\u00eda","item":"https:\/\/webdelmaestrocmf.com\/portal\/category\/sin-categoria-es\/"},{"@type":"ListItem","position":3,"name":"ESTOS PA\u00cdSES PODR\u00cdAN SER LAS NUEVAS SUPERESTRELLAS DE LA EDUCACI\u00d3N"}]},{"@type":"WebSite","@id":"https:\/\/webdelmaestrocmf.com\/portal\/#website","url":"https:\/\/webdelmaestrocmf.com\/portal\/","name":"Web del Maestro CMF","description":"Maestros al servicio de la educaci\u00f3n","publisher":{"@id":"https:\/\/webdelmaestrocmf.com\/portal\/#organization"},"alternateName":"WMCMF","potentialAction":[{"@type":"SearchAction","target":{"@type":"EntryPoint","urlTemplate":"https:\/\/webdelmaestrocmf.com\/portal\/?s={search_term_string}"},"query-input":{"@type":"PropertyValueSpecification","valueRequired":true,"valueName":"search_term_string"}}],"inLanguage":"es"},{"@type":"Organization","@id":"https:\/\/webdelmaestrocmf.com\/portal\/#organization","name":"Web del Maestro CMF","alternateName":"WMCMF","url":"https:\/\/webdelmaestrocmf.com\/portal\/","logo":{"@type":"ImageObject","inLanguage":"es","@id":"https:\/\/webdelmaestrocmf.com\/portal\/#\/schema\/logo\/image\/","url":"https:\/\/webdelmaestrocmf.com\/portal\/wp-content\/uploads\/2023\/01\/logo-wmcmf-2.png","contentUrl":"https:\/\/webdelmaestrocmf.com\/portal\/wp-content\/uploads\/2023\/01\/logo-wmcmf-2.png","width":200,"height":60,"caption":"Web del Maestro CMF"},"image":{"@id":"https:\/\/webdelmaestrocmf.com\/portal\/#\/schema\/logo\/image\/"},"sameAs":["https:\/\/www.facebook.com\/WebdelMaestroCMF\/","https:\/\/x.com\/cmf_w","https:\/\/www.pinterest.com\/WMCMF\/","https:\/\/www.linkedin.com\/company\/web-del-maestro-cmf\/","https:\/\/www.instagram.com\/wmcmf\/","https:\/\/www.youtube.com\/channel\/UCDPSvjbdodE5sHnC3OxutHw","https:\/\/mastodon.social\/@wmcmf","https:\/\/www.tiktok.com\/@webdelmaestrocmf"]},{"@type":"Person","@id":"https:\/\/webdelmaestrocmf.com\/portal\/#\/schema\/person\/1072a2ed7bd960df8ef99a551fa35dc5","name":"Web del Maestro CMF","image":{"@type":"ImageObject","inLanguage":"es","@id":"https:\/\/secure.gravatar.com\/avatar\/23291dd5b5ae1077dcff3dbb04c3e02bd28403fa75af6d8787d5e97c5bbbe30b?s=96&d=mm&r=g","url":"https:\/\/secure.gravatar.com\/avatar\/23291dd5b5ae1077dcff3dbb04c3e02bd28403fa75af6d8787d5e97c5bbbe30b?s=96&d=mm&r=g","contentUrl":"https:\/\/secure.gravatar.com\/avatar\/23291dd5b5ae1077dcff3dbb04c3e02bd28403fa75af6d8787d5e97c5bbbe30b?s=96&d=mm&r=g","caption":"Web del Maestro CMF"},"description":"Esta Web se cre\u00f3 sin fines de lucro, con fines educativos, cient\u00edficos y acad\u00e9micos, para personas que tengan dificultades y\/o inconvenientes en visualizar el material original. El objetivo es entregar recursos, compartir experiencias y materiales que ayuden a los padres de familia, maestros y estudiantes en su actualizaci\u00f3n y formaci\u00f3n permanente, en bien de la Educaci\u00f3n.","sameAs":["http:\/\/webdelmaestrocmf.com\/portal","https:\/\/www.facebook.com\/WebdelMaestroCMF\/","https:\/\/www.instagram.com\/wmcmf\/","https:\/\/cl.linkedin.com\/company\/web-del-maestro-cmf","https:\/\/www.pinterest.com\/WMCMF\/publicaciones\/","https:\/\/x.com\/cmf_w","https:\/\/www.youtube.com\/@WMCMF"]}]}},"jetpack_featured_media_url":"https:\/\/webdelmaestrocmf.com\/portal\/wp-content\/uploads\/2017\/02\/S\u00faper-estrellas-dela-educaci\u00f3n.jpg","jetpack_sharing_enabled":true,"jetpack-related-posts":[{"id":113528,"url":"https:\/\/webdelmaestrocmf.com\/portal\/minedu-anuncia-aumento-de-sueldo-para-profesores-mas-de-430-mil-docentes-seran-beneficiados\/","url_meta":{"origin":15378,"position":0},"title":"Minedu anuncia aumento de sueldo para profesores: m\u00e1s de 430 mil docentes ser\u00e1n beneficiados","author":"Web del Maestro CMF","date":"17 noviembre, 2025","format":false,"excerpt":"El Minedu oficializ\u00f3 un aumento salarial para m\u00e1s de 430 mil docentes, mejorando categor\u00edas y escalas en educaci\u00f3n pedag\u00f3gica y tecnol\u00f3gica.","rel":"","context":"En \u00abNoticias Internacionales\u00bb","block_context":{"text":"Noticias Internacionales","link":"https:\/\/webdelmaestrocmf.com\/portal\/category\/noticias-internacionales\/"},"img":{"alt_text":"","src":"https:\/\/i0.wp.com\/webdelmaestrocmf.com\/portal\/wp-content\/uploads\/2025\/11\/1A-Banner-1-portada-imagen-10-1-copia-8-1.webp?resize=350%2C200&ssl=1","width":350,"height":200,"srcset":"https:\/\/i0.wp.com\/webdelmaestrocmf.com\/portal\/wp-content\/uploads\/2025\/11\/1A-Banner-1-portada-imagen-10-1-copia-8-1.webp?resize=350%2C200&ssl=1 1x, https:\/\/i0.wp.com\/webdelmaestrocmf.com\/portal\/wp-content\/uploads\/2025\/11\/1A-Banner-1-portada-imagen-10-1-copia-8-1.webp?resize=525%2C300&ssl=1 1.5x, https:\/\/i0.wp.com\/webdelmaestrocmf.com\/portal\/wp-content\/uploads\/2025\/11\/1A-Banner-1-portada-imagen-10-1-copia-8-1.webp?resize=700%2C400&ssl=1 2x"},"classes":[]},{"id":108548,"url":"https:\/\/webdelmaestrocmf.com\/portal\/informe-de-unesco-llama-a-repensar-la-educacion-de-mercado-la-meritocracia-y-a-mejorar-la-profesion-docente\/","url_meta":{"origin":15378,"position":1},"title":"Informe de UNESCO llama a repensar la educaci\u00f3n de mercado, la meritocracia y a mejorar la profesi\u00f3n docente","author":"Web del Maestro CMF","date":"30 marzo, 2025","format":false,"excerpt":"Reorganizar el curr\u00edculo hacia \u00e1reas como medioambiente, cultura, tecnolog\u00eda, relaciones interpersonales, incorporando recursos digitales de alta calidad; reemplazar el credencialismo y la meritocracia por un sistema que se mueva\u00a0 a potenciar las habilidades de cada persona; y reorganizar el financiamiento de la educaci\u00f3n con foco en la equidad, inclusi\u00f3n y\u2026","rel":"","context":"En \u00abNoticias Internacionales\u00bb","block_context":{"text":"Noticias Internacionales","link":"https:\/\/webdelmaestrocmf.com\/portal\/category\/noticias-internacionales\/"},"img":{"alt_text":"","src":"https:\/\/i0.wp.com\/webdelmaestrocmf.com\/portal\/wp-content\/uploads\/2025\/03\/1A-Banner-1-portada-imagen-10-1-3-3.jpg?resize=350%2C200&ssl=1","width":350,"height":200,"srcset":"https:\/\/i0.wp.com\/webdelmaestrocmf.com\/portal\/wp-content\/uploads\/2025\/03\/1A-Banner-1-portada-imagen-10-1-3-3.jpg?resize=350%2C200&ssl=1 1x, https:\/\/i0.wp.com\/webdelmaestrocmf.com\/portal\/wp-content\/uploads\/2025\/03\/1A-Banner-1-portada-imagen-10-1-3-3.jpg?resize=525%2C300&ssl=1 1.5x, https:\/\/i0.wp.com\/webdelmaestrocmf.com\/portal\/wp-content\/uploads\/2025\/03\/1A-Banner-1-portada-imagen-10-1-3-3.jpg?resize=700%2C400&ssl=1 2x"},"classes":[]},{"id":113089,"url":"https:\/\/webdelmaestrocmf.com\/portal\/miles-de-latinoamericanos-ya-no-quieren-ir-a-la-universidad-millones-de-jovenes-estan-huyendo-de-las-aula\/","url_meta":{"origin":15378,"position":2},"title":"Miles de latinoamericanos ya no quieren ir a la universidad: millones de j\u00f3venes est\u00e1n huyendo de las aula","author":"Web del Maestro CMF","date":"3 noviembre, 2025","format":false,"excerpt":"Mientras que los cursos expr\u00e9s y los influencers venden \u00e9xito instant\u00e1neo","rel":"","context":"En \u00abNoticias Internacionales\u00bb","block_context":{"text":"Noticias Internacionales","link":"https:\/\/webdelmaestrocmf.com\/portal\/category\/noticias-internacionales\/"},"img":{"alt_text":"","src":"https:\/\/i0.wp.com\/webdelmaestrocmf.com\/portal\/wp-content\/uploads\/2025\/11\/1A-Banner-1-portada-imagen-10-1-copia-2.jpg?resize=350%2C200&ssl=1","width":350,"height":200,"srcset":"https:\/\/i0.wp.com\/webdelmaestrocmf.com\/portal\/wp-content\/uploads\/2025\/11\/1A-Banner-1-portada-imagen-10-1-copia-2.jpg?resize=350%2C200&ssl=1 1x, https:\/\/i0.wp.com\/webdelmaestrocmf.com\/portal\/wp-content\/uploads\/2025\/11\/1A-Banner-1-portada-imagen-10-1-copia-2.jpg?resize=525%2C300&ssl=1 1.5x, https:\/\/i0.wp.com\/webdelmaestrocmf.com\/portal\/wp-content\/uploads\/2025\/11\/1A-Banner-1-portada-imagen-10-1-copia-2.jpg?resize=700%2C400&ssl=1 2x"},"classes":[]},{"id":107527,"url":"https:\/\/webdelmaestrocmf.com\/portal\/vale-la-pena-ir-a-la-universidad-solo-el-36-confia-en-la-educacion-superior-segun-una-encuesta\/","url_meta":{"origin":15378,"position":3},"title":"\u00bfVale la pena ir a la universidad? Solo el 36% conf\u00eda en la educaci\u00f3n superior, seg\u00fan una encuesta","author":"Web del Maestro CMF","date":"15 enero, 2025","format":false,"excerpt":"(CNN) \u2013 Los estadounidenses son cada vez m\u00e1s esc\u00e9pticos sobre el valor y el costo de la universidad, y la mayor\u00eda opina que el sistema de educaci\u00f3n superior de EE.UU. va en la \u201cdirecci\u00f3n equivocada\u201d, seg\u00fan una nueva encuesta. Solo el 36% de los adultos dice tener \u201cmucha\u201d o \u201cbastante\u201d\u2026","rel":"","context":"En \u00abNoticias Internacionales\u00bb","block_context":{"text":"Noticias Internacionales","link":"https:\/\/webdelmaestrocmf.com\/portal\/category\/noticias-internacionales\/"},"img":{"alt_text":"","src":"https:\/\/i0.wp.com\/webdelmaestrocmf.com\/portal\/wp-content\/uploads\/2025\/01\/1A-Banner-1-portada-imagen-10-1-24.jpg?resize=350%2C200&ssl=1","width":350,"height":200,"srcset":"https:\/\/i0.wp.com\/webdelmaestrocmf.com\/portal\/wp-content\/uploads\/2025\/01\/1A-Banner-1-portada-imagen-10-1-24.jpg?resize=350%2C200&ssl=1 1x, https:\/\/i0.wp.com\/webdelmaestrocmf.com\/portal\/wp-content\/uploads\/2025\/01\/1A-Banner-1-portada-imagen-10-1-24.jpg?resize=525%2C300&ssl=1 1.5x, https:\/\/i0.wp.com\/webdelmaestrocmf.com\/portal\/wp-content\/uploads\/2025\/01\/1A-Banner-1-portada-imagen-10-1-24.jpg?resize=700%2C400&ssl=1 2x"},"classes":[]},{"id":112783,"url":"https:\/\/webdelmaestrocmf.com\/portal\/el-ministerio-de-educacion-prepara-nuevas-reglas-sobre-tatuajes-cabello-y-uso-de-celulares-en-las-aulas-a-partir-de-2026\/","url_meta":{"origin":15378,"position":4},"title":"El Ministerio de Educaci\u00f3n prepara nuevas reglas sobre tatuajes, cabello y uso de celulares en las aulas a partir de 2026","author":"Web del Maestro CMF","date":"21 octubre, 2025","format":false,"excerpt":"El Ministerio de Educaci\u00f3n P\u00fablica (MEP) de Costa Rica est\u00e1 elaborando una reforma que promete generar debate en toda la comunidad educativa. La iniciativa, prevista para aplicarse en el curso lectivo 2026, busca actualizar el Reglamento de Evaluaci\u00f3n de los Aprendizajes (REA) e incluir normas m\u00e1s estrictas sobre la presentaci\u00f3n\u2026","rel":"","context":"En \u00abNoticias Internacionales\u00bb","block_context":{"text":"Noticias Internacionales","link":"https:\/\/webdelmaestrocmf.com\/portal\/category\/noticias-internacionales\/"},"img":{"alt_text":"","src":"https:\/\/i0.wp.com\/webdelmaestrocmf.com\/portal\/wp-content\/uploads\/2025\/10\/1A-Banner-1-portada-imagen-10-1-copia-10-1.jpg?resize=350%2C200&ssl=1","width":350,"height":200,"srcset":"https:\/\/i0.wp.com\/webdelmaestrocmf.com\/portal\/wp-content\/uploads\/2025\/10\/1A-Banner-1-portada-imagen-10-1-copia-10-1.jpg?resize=350%2C200&ssl=1 1x, https:\/\/i0.wp.com\/webdelmaestrocmf.com\/portal\/wp-content\/uploads\/2025\/10\/1A-Banner-1-portada-imagen-10-1-copia-10-1.jpg?resize=525%2C300&ssl=1 1.5x, https:\/\/i0.wp.com\/webdelmaestrocmf.com\/portal\/wp-content\/uploads\/2025\/10\/1A-Banner-1-portada-imagen-10-1-copia-10-1.jpg?resize=700%2C400&ssl=1 2x"},"classes":[]},{"id":107867,"url":"https:\/\/webdelmaestrocmf.com\/portal\/las-7-materias-claves-que-deberian-ensenarse-en-la-escuela\/","url_meta":{"origin":15378,"position":5},"title":"Las 7 materias claves que deber\u00edan reforzar en la escuela","author":"Web del Maestro CMF","date":"7 febrero, 2025","format":false,"excerpt":"La educaci\u00f3n tiene el poder de cambiar sociedades, transformar vidas y definir el futuro de un pa\u00eds. Sin embargo, nuestros sistemas educativos siguen aferrados a modelos tradicionales que no preparan realmente a los estudiantes para la vida moderna. \u00bfQu\u00e9 pasar\u00eda si replante\u00e1ramos la ense\u00f1anza y nos enfoc\u00e1ramos en los temas\u2026","rel":"","context":"En \u00abCursos\u00bb","block_context":{"text":"Cursos","link":"https:\/\/webdelmaestrocmf.com\/portal\/category\/cursos\/"},"img":{"alt_text":"","src":"https:\/\/i0.wp.com\/webdelmaestrocmf.com\/portal\/wp-content\/uploads\/2025\/02\/1A-Banner-1-portada-imagen-10-1-2.jpg?resize=350%2C200&ssl=1","width":350,"height":200,"srcset":"https:\/\/i0.wp.com\/webdelmaestrocmf.com\/portal\/wp-content\/uploads\/2025\/02\/1A-Banner-1-portada-imagen-10-1-2.jpg?resize=350%2C200&ssl=1 1x, https:\/\/i0.wp.com\/webdelmaestrocmf.com\/portal\/wp-content\/uploads\/2025\/02\/1A-Banner-1-portada-imagen-10-1-2.jpg?resize=525%2C300&ssl=1 1.5x, https:\/\/i0.wp.com\/webdelmaestrocmf.com\/portal\/wp-content\/uploads\/2025\/02\/1A-Banner-1-portada-imagen-10-1-2.jpg?resize=700%2C400&ssl=1 2x"},"classes":[]}],"_links":{"self":[{"href":"https:\/\/webdelmaestrocmf.com\/portal\/wp-json\/wp\/v2\/posts\/15378","targetHints":{"allow":["GET"]}}],"collection":[{"href":"https:\/\/webdelmaestrocmf.com\/portal\/wp-json\/wp\/v2\/posts"}],"about":[{"href":"https:\/\/webdelmaestrocmf.com\/portal\/wp-json\/wp\/v2\/types\/post"}],"author":[{"embeddable":true,"href":"https:\/\/webdelmaestrocmf.com\/portal\/wp-json\/wp\/v2\/users\/1"}],"replies":[{"embeddable":true,"href":"https:\/\/webdelmaestrocmf.com\/portal\/wp-json\/wp\/v2\/comments?post=15378"}],"version-history":[{"count":0,"href":"https:\/\/webdelmaestrocmf.com\/portal\/wp-json\/wp\/v2\/posts\/15378\/revisions"}],"wp:featuredmedia":[{"embeddable":true,"href":"https:\/\/webdelmaestrocmf.com\/portal\/wp-json\/wp\/v2\/media\/15389"}],"wp:attachment":[{"href":"https:\/\/webdelmaestrocmf.com\/portal\/wp-json\/wp\/v2\/media?parent=15378"}],"wp:term":[{"taxonomy":"category","embeddable":true,"href":"https:\/\/webdelmaestrocmf.com\/portal\/wp-json\/wp\/v2\/categories?post=15378"},{"taxonomy":"post_tag","embeddable":true,"href":"https:\/\/webdelmaestrocmf.com\/portal\/wp-json\/wp\/v2\/tags?post=15378"}],"curies":[{"name":"wp","href":"https:\/\/api.w.org\/{rel}","templated":true}]}}