{"id":15055,"date":"2017-02-22T00:22:26","date_gmt":"2017-02-22T03:22:26","guid":{"rendered":"http:\/\/webdelmaestrocmf.com\/portal\/?p=15055"},"modified":"2023-05-19T19:33:51","modified_gmt":"2023-05-19T23:33:51","slug":"sancionan-catedratico-secretaria-aprobar-estudiante-ausente","status":"publish","type":"post","link":"https:\/\/webdelmaestrocmf.com\/portal\/sancionan-catedratico-secretaria-aprobar-estudiante-ausente\/","title":{"rendered":"Sancionan a Catedr\u00e1tico (y secretaria) por aprobar a estudiante ausente"},"content":{"rendered":"<h5 style=\"text-align: justify;\">Como premisa conviene definir que la \u00c9tica es el ideal de la conducta humana, orientando sobre lo que es bueno y correcto y se consolida cuando se internalizan las normas sin que exista presi\u00f3n desde fuera para su cumplimiento. La \u00e9tica de un profesional se gesta desde la formaci\u00f3n del mismo, por ello el docente debe cultivar esta virtud desde el inicio de su formaci\u00f3n (cf Universitat de Barcelona).<\/h5>\n<p><!--more--><\/p>\n<h5 style=\"text-align: justify;\">Y <strong>C\u00f3digo Deontol\u00f3gico <\/strong>de la profesi\u00f3n docente, deja en claro que la actuaci\u00f3n de un profesor \u201crequiere la dignidad, el reconocimiento, la autoridad y el respaldo necesarios para su desempe\u00f1o. <strong>El correcto ejercicio de la profesi\u00f3n docente no puede concebirse al margen de un marco \u00e9tico<\/strong>, que constituye su sustrato fundamental y que se concreta en un conjunto de principios de actuaci\u00f3n\u201d (Consejo General de Colegios Oficiales de Doctores y Licenciados en Filosof\u00eda y Letras y en Ciencias de Espa\u00f1a).<\/h5>\n<p style=\"text-align: justify;\">\u201cSiendo el titular del Departamento de Pedagog\u00eda y Orientaci\u00f3n Escolar, sugiere que no tener ni idea, teniendo en cuenta para lo que sirve su asignatura, es lo mejor. \u00abEl saber s\u00ed ocupa lugar\u00bb, dec\u00eda Cernuda, \u00aby tanto que puede desplazar a la inteligencia\u00bb. Para los que nos maliciamos que la neopedagog\u00eda ha hecho mucho da\u00f1o a la ense\u00f1anza, la noticia tiene su gracia\u201d (Enrique G\u00aa-M\u00e1iquez, Nihilismo y pedagog\u00eda, Diario de C\u00e1diz).<\/p>\n<p style=\"text-align: justify;\">El caso de inhabilitaci\u00f3n a un catedr\u00e1tico por la autoridad judicial que publica el ABC (Espa\u00f1a), no es tanto por el ruido que causa, sino para conocer la <strong>sanci\u00f3n a una falta de \u00e9tica docente en forma p\u00fablica y ejemplar<\/strong>. Adem\u00e1s, que el caso de \u201cfavorecimiento\u201d (a solicitud de la secretaria) fue en beneficio de una alumna \u201cdesconocida\u201d por el profesor y que luego obtendr\u00eda el Grado de Licenciatura en Pedagog\u00eda. As\u00ed mismo, valdr\u00eda la pena preguntarnos \u00bfQu\u00e9 profesora les esperaba a los ni\u00f1os y j\u00f3venes de ese lugar?<\/p>\n<p style=\"text-align: justify;\">\u00bfPuede este caso ayudarnos a socializar la importancia de la \u00e9tica de los profesores? \u00bfQu\u00e9 opini\u00f3n le merece como padre de familia, el que se conozca y se reflexione sobre esta conducta equivocada de un profesor?<\/p>\n<h5 class=\"titular size38 gris-ultra-oscuro clear\"><span class=\"titulo-noticia\">Siete a\u00f1os de inhabilitaci\u00f3n para un profesor que puso sobresaliente a una alumna que no se present\u00f3 al examen<\/span><\/h5>\n<p class=\"subtitulo gris-oscuro\" style=\"text-align: justify;\">Se trata de la primera condena del Supremo a un docente por una prevaricaci\u00f3n de este tipo.<\/p>\n<p style=\"text-align: justify;\">El Supremo ha condenado a un profesor de la Universidad de Granada a <strong>7 a\u00f1os de inhabilitaci\u00f3n<\/strong> por <strong>prevaricaci\u00f3n<\/strong> al haber aprobado con <strong>sobresaliente<\/strong> a una alumna en un examen al que no se present\u00f3, lo que constituye la primera condena del alto tribunal a un docente por una prevaricaci\u00f3n de este tipo.<\/p>\n<p style=\"text-align: justify;\">El sobresaliente permiti\u00f3 a la joven aprobar por compensaci\u00f3n otras asignaturas y obtener un mes despu\u00e9s el t\u00edtulo de Licenciada en Pedagog\u00eda.<\/p>\n<p style=\"text-align: justify;\">Seg\u00fan los hechos probados de la sentencia, una alumna de la Facultad de Pedagog\u00eda de la Universidad de Granada se dirigi\u00f3 en enero de 2008 a la Jefa de Secci\u00f3n y Adjunta a la Administradora de la Facultad de Ciencias de la Educaci\u00f3n de la citada Universidad exponi\u00e9ndole que <strong>no pod\u00eda asistir a las clases y realizar ex\u00e1menes al estar trabajando en C\u00e1diz<\/strong>, pero necesitaba aprobar.<\/p>\n<p style=\"text-align: justify;\">La administradora, que tambi\u00e9n resulta condenada a siete a\u00f1os de inhabilitaci\u00f3n por cooperar en la prevaricaci\u00f3n, expuso la situaci\u00f3n al profesor titular del Departamento de Did\u00e1ctica y Orientaci\u00f3n Escolar, con quien manten\u00eda buena relaci\u00f3n y que impart\u00eda la asignatura del primer cuatrimestre \u00abOrientaci\u00f3n Escolar y Tutor\u00eda\u00bb.<\/p>\n<p style=\"text-align: justify;\"><strong>El profesor consinti\u00f3 en \u00abaprobar a la alumna sin qu\u00e9 esta tuviera que realizar ning\u00fan examen<\/strong>, aun sin conocerla y sin que hubiera podido asistir a ninguna de sus clases hasta ese momento, pues entonces ni siquiera estaba matriculada\u00bb, dicen los hechos probados.<\/p>\n<p style=\"text-align: justify;\">La administradora manifest\u00f3 expl\u00edcitamente a la alumna que le hab\u00eda podido solucionar el problema \u00abhablando con un profe amigo m\u00edo que imparte una asignatura en primer cuatrimestre y que me ha dicho que<strong> te la va a aprobar sin que vengas ni siquiera al examen<\/strong>\u00bb.<\/p>\n<p style=\"text-align: justify;\">\u00abEl 7 de marzo de 2008 el profesor condenado hizo constar en el acta de la convocatoria ordinaria de febrero de su asignatura\u00bb que la alumna implicada \u00abhab\u00eda obtenido la calificaci\u00f3n de sobresaliente\u00bb.<\/p>\n<p style=\"text-align: justify;\">El Supremo rechaza \u00edntegramente el recurso del profesor contra la sentencia de la Audiencia de Granada que le conden\u00f3. Entre otros argumentos, el docente afirmaba que la nota de un examen no es una resoluci\u00f3n dictada en asunto administrativo, por lo que no puede conllevar un posible delito de prevaricaci\u00f3n (dictar resoluci\u00f3n injusta de manera consciente de que lo es).<\/p>\n<p style=\"text-align: justify;\">El alto tribunal, sin embargo, contesta que la calificaci\u00f3n en un examen, y su reflejo en el acta acad\u00e9mica, s\u00ed <strong>constituye una resoluci\u00f3n administrativa <\/strong>susceptible de determinar la comisi\u00f3n de un delito de prevaricaci\u00f3n.<\/p>\n<p style=\"text-align: justify;\"><strong>Este contenido ha sido publicado originalmente por ABC\u00a0(Espa\u00f1a) en la\u00a0siguiente direcci\u00f3n:\u00a0<a href=\"http:\/\/www.abc.es\" target=\"_blank\" rel=\"noopener\">abc.es<\/a><\/strong><\/p>\n\t\t<div class=\"pk-inline-posts\">\n\t\t\t\n\t\t\t<div class=\"pk-inline-posts-container pk-inline-posts-template-list\"\n\t\t\t\tdata-columns=\"1\">\n\t\t\t\t\t\t<article id=\"post-114355\" class=\"post-114355 post type-post status-publish format-standard has-post-thumbnail category-docentes category-noticias-pedagogia category-pedagogia tag-derechos-del-nino tag-docentes-en-redes-sociales tag-educacion-responsable tag-etica-docente tag-legislacion-educativa tag-privacidad-infantil tag-profesores-influencers tag-proteccion-de-datos tag-uso-de-imagen cs-entry cs-video-wrap\">\n\t\t\t<div class=\"pk-post-outer\">\n\n\t\t\t\t\t\t\t\t<div class=\"pk-post-inner\">\n\t\t\t\t\t<div class=\"entry-thumbnail\">\n\t\t\t\t\t\t<div class=\"pk-overlay pk-overlay-ratio pk-ratio-landscape\">\n\t\t\t\t\t\t\t<div class=\"pk-overlay-background\">\n\t\t\t\t\t\t\t\t<a href=\"https:\/\/webdelmaestrocmf.com\/portal\/atencion-profesores-tiktokers-por-que-no-pueden-usar-imagenes-fotos-de-sus-estudiantes-en-redes-sociales-personales\/\" class=\"pk-overlay-link\">\n\t\t\t\t\t\t\t\t\t<img loading=\"lazy\" decoding=\"async\" width=\"300\" height=\"225\" src=\"https:\/\/webdelmaestrocmf.com\/portal\/wp-content\/uploads\/2025\/12\/1A-Banner-1-portada-imagen-10-1-copia-1-18-300x225.webp\" class=\"attachment-pk-thumbnail size-pk-thumbnail wp-post-image\" alt=\"\" \/>\t\t\t\t\t\t\t\t<\/a>\n\t\t\t\t\t\t\t<\/div>\n\t\t\t\t\t\t<\/div>\n\t\t\t\t\t<\/div>\n\t\t\t\t<\/div>\n\t\t\t\t\n\t\t\t\t<div class=\"pk-post-inner\">\n\t\t\t\t\t<header>\n\t\t\t\t\t\t<h3 class=\"pk-title\"><a href=\"https:\/\/webdelmaestrocmf.com\/portal\/atencion-profesores-tiktokers-por-que-no-pueden-usar-imagenes-fotos-de-sus-estudiantes-en-redes-sociales-personales\/\" rel=\"bookmark\">Atenci\u00f3n, profesores tiktokers: por qu\u00e9 no pueden usar im\u00e1genes (fotos) de sus estudiantes en redes sociales personales<\/a><\/h3>\t\t\t\t\t<\/header><!-- .entry-header -->\n\t\t\t\t<\/div><!-- .post-inner -->\n\n\t\t\t<\/div><!-- .post-outer -->\n\t\t<\/article>\n\t\t\t\t<\/div>\n\t\t<\/div>\n\t\t\n","protected":false},"excerpt":{"rendered":"Como premisa conviene definir que la \u00c9tica es el ideal de la conducta humana, orientando sobre lo que&hellip;","protected":false},"author":1,"featured_media":88471,"comment_status":"open","ping_status":"open","sticky":false,"template":"","format":"standard","meta":{"csco_display_header_overlay":false,"csco_singular_sidebar":"default","csco_page_header_type":"default","csco_page_load_nextpost":"default","csco_post_video_location":[],"csco_post_video_location_hash":"","csco_post_video_url":"","csco_post_video_bg_start_time":0,"csco_post_video_bg_end_time":0,"csco_post_video_bg_volume":false,"_jetpack_memberships_contains_paid_content":false,"footnotes":""},"categories":[5375,735],"tags":[589,1842,1242,1841],"class_list":{"0":"post-15055","1":"post","2":"type-post","3":"status-publish","4":"format-standard","5":"has-post-thumbnail","7":"category-noticias-pedagogia","8":"category-pedagogia","9":"tag-aprobar","10":"tag-catedratico","11":"tag-estudiante","12":"tag-sancion","13":"cs-entry","14":"cs-video-wrap"},"yoast_head":"<!-- This site is optimized with the Yoast SEO plugin v27.5 - https:\/\/yoast.com\/product\/yoast-seo-wordpress\/ -->\n<title>Sancionan a Catedr\u00e1tico (y secretaria) por aprobar a estudiante ausente<\/title>\n<meta name=\"description\" content=\"Como premisa conviene definir que la \u00c9tica es el ideal de la conducta humana, orientando sobre lo que es bueno y correcto...\" \/>\n<meta name=\"robots\" content=\"index, follow, max-snippet:-1, max-image-preview:large, max-video-preview:-1\" \/>\n<link rel=\"canonical\" href=\"https:\/\/webdelmaestrocmf.com\/portal\/sancionan-catedratico-secretaria-aprobar-estudiante-ausente\/\" \/>\n<meta property=\"og:locale\" content=\"es_ES\" \/>\n<meta property=\"og:type\" content=\"article\" \/>\n<meta property=\"og:title\" content=\"Sancionan a Catedr\u00e1tico (y secretaria) por aprobar a estudiante ausente\" \/>\n<meta property=\"og:description\" content=\"Como premisa conviene definir que la \u00c9tica es el ideal de la conducta humana, orientando sobre lo que es bueno y correcto...\" \/>\n<meta property=\"og:url\" content=\"https:\/\/webdelmaestrocmf.com\/portal\/sancionan-catedratico-secretaria-aprobar-estudiante-ausente\/\" \/>\n<meta property=\"og:site_name\" content=\"Web del Maestro CMF\" \/>\n<meta property=\"article:publisher\" content=\"https:\/\/www.facebook.com\/WebdelMaestroCMF\/\" \/>\n<meta property=\"article:author\" content=\"https:\/\/www.facebook.com\/WebdelMaestroCMF\/\" \/>\n<meta property=\"article:published_time\" content=\"2017-02-22T03:22:26+00:00\" \/>\n<meta property=\"article:modified_time\" content=\"2023-05-19T23:33:51+00:00\" \/>\n<meta property=\"og:image\" content=\"https:\/\/i0.wp.com\/webdelmaestrocmf.com\/portal\/wp-content\/uploads\/2023\/05\/A12B3C4D-51.jpg?fit=900%2C556&ssl=1\" \/>\n\t<meta property=\"og:image:width\" content=\"900\" \/>\n\t<meta property=\"og:image:height\" content=\"556\" \/>\n\t<meta property=\"og:image:type\" content=\"image\/jpeg\" \/>\n<meta name=\"author\" content=\"Web del Maestro CMF\" \/>\n<meta name=\"twitter:card\" content=\"summary_large_image\" \/>\n<meta name=\"twitter:creator\" content=\"@cmf_w\" \/>\n<meta name=\"twitter:site\" content=\"@cmf_w\" \/>\n<script type=\"application\/ld+json\" class=\"yoast-schema-graph\">{\"@context\":\"https:\\\/\\\/schema.org\",\"@graph\":[{\"@type\":\"ScholarlyArticle\",\"@id\":\"https:\\\/\\\/webdelmaestrocmf.com\\\/portal\\\/sancionan-catedratico-secretaria-aprobar-estudiante-ausente\\\/#article\",\"isPartOf\":{\"@id\":\"https:\\\/\\\/webdelmaestrocmf.com\\\/portal\\\/sancionan-catedratico-secretaria-aprobar-estudiante-ausente\\\/\"},\"author\":{\"name\":\"Web del Maestro CMF\",\"@id\":\"https:\\\/\\\/webdelmaestrocmf.com\\\/portal\\\/#\\\/schema\\\/person\\\/1072a2ed7bd960df8ef99a551fa35dc5\"},\"headline\":\"Sancionan a Catedr\u00e1tico (y secretaria) por aprobar a estudiante ausente\",\"datePublished\":\"2017-02-22T03:22:26+00:00\",\"dateModified\":\"2023-05-19T23:33:51+00:00\",\"mainEntityOfPage\":{\"@id\":\"https:\\\/\\\/webdelmaestrocmf.com\\\/portal\\\/sancionan-catedratico-secretaria-aprobar-estudiante-ausente\\\/\"},\"wordCount\":888,\"commentCount\":0,\"publisher\":{\"@id\":\"https:\\\/\\\/webdelmaestrocmf.com\\\/portal\\\/#organization\"},\"image\":{\"@id\":\"https:\\\/\\\/webdelmaestrocmf.com\\\/portal\\\/sancionan-catedratico-secretaria-aprobar-estudiante-ausente\\\/#primaryimage\"},\"thumbnailUrl\":\"https:\\\/\\\/webdelmaestrocmf.com\\\/portal\\\/wp-content\\\/uploads\\\/2023\\\/05\\\/A12B3C4D-51.jpg\",\"keywords\":[\"APROBAR\",\"CATEDR\u00c1TICO\",\"ESTUDIANTE\",\"SANCI\u00d3N\"],\"articleSection\":[\"Noticias\",\"Recursos\"],\"inLanguage\":\"es\",\"potentialAction\":[{\"@type\":\"CommentAction\",\"name\":\"Comment\",\"target\":[\"https:\\\/\\\/webdelmaestrocmf.com\\\/portal\\\/sancionan-catedratico-secretaria-aprobar-estudiante-ausente\\\/#respond\"]}]},{\"@type\":\"WebPage\",\"@id\":\"https:\\\/\\\/webdelmaestrocmf.com\\\/portal\\\/sancionan-catedratico-secretaria-aprobar-estudiante-ausente\\\/\",\"url\":\"https:\\\/\\\/webdelmaestrocmf.com\\\/portal\\\/sancionan-catedratico-secretaria-aprobar-estudiante-ausente\\\/\",\"name\":\"Sancionan a Catedr\u00e1tico (y secretaria) por aprobar a estudiante ausente\",\"isPartOf\":{\"@id\":\"https:\\\/\\\/webdelmaestrocmf.com\\\/portal\\\/#website\"},\"primaryImageOfPage\":{\"@id\":\"https:\\\/\\\/webdelmaestrocmf.com\\\/portal\\\/sancionan-catedratico-secretaria-aprobar-estudiante-ausente\\\/#primaryimage\"},\"image\":{\"@id\":\"https:\\\/\\\/webdelmaestrocmf.com\\\/portal\\\/sancionan-catedratico-secretaria-aprobar-estudiante-ausente\\\/#primaryimage\"},\"thumbnailUrl\":\"https:\\\/\\\/webdelmaestrocmf.com\\\/portal\\\/wp-content\\\/uploads\\\/2023\\\/05\\\/A12B3C4D-51.jpg\",\"datePublished\":\"2017-02-22T03:22:26+00:00\",\"dateModified\":\"2023-05-19T23:33:51+00:00\",\"description\":\"Como premisa conviene definir que la \u00c9tica es el ideal de la conducta humana, orientando sobre lo que es bueno y correcto...\",\"breadcrumb\":{\"@id\":\"https:\\\/\\\/webdelmaestrocmf.com\\\/portal\\\/sancionan-catedratico-secretaria-aprobar-estudiante-ausente\\\/#breadcrumb\"},\"inLanguage\":\"es\",\"potentialAction\":[{\"@type\":\"ReadAction\",\"target\":[\"https:\\\/\\\/webdelmaestrocmf.com\\\/portal\\\/sancionan-catedratico-secretaria-aprobar-estudiante-ausente\\\/\"]}]},{\"@type\":\"ImageObject\",\"inLanguage\":\"es\",\"@id\":\"https:\\\/\\\/webdelmaestrocmf.com\\\/portal\\\/sancionan-catedratico-secretaria-aprobar-estudiante-ausente\\\/#primaryimage\",\"url\":\"https:\\\/\\\/webdelmaestrocmf.com\\\/portal\\\/wp-content\\\/uploads\\\/2023\\\/05\\\/A12B3C4D-51.jpg\",\"contentUrl\":\"https:\\\/\\\/webdelmaestrocmf.com\\\/portal\\\/wp-content\\\/uploads\\\/2023\\\/05\\\/A12B3C4D-51.jpg\",\"width\":900,\"height\":556},{\"@type\":\"BreadcrumbList\",\"@id\":\"https:\\\/\\\/webdelmaestrocmf.com\\\/portal\\\/sancionan-catedratico-secretaria-aprobar-estudiante-ausente\\\/#breadcrumb\",\"itemListElement\":[{\"@type\":\"ListItem\",\"position\":1,\"name\":\"Portada\",\"item\":\"https:\\\/\\\/webdelmaestrocmf.com\\\/portal\\\/\"},{\"@type\":\"ListItem\",\"position\":2,\"name\":\"Recursos\",\"item\":\"https:\\\/\\\/webdelmaestrocmf.com\\\/portal\\\/category\\\/pedagogia\\\/\"},{\"@type\":\"ListItem\",\"position\":3,\"name\":\"Sancionan a Catedr\u00e1tico (y secretaria) por aprobar a estudiante ausente\"}]},{\"@type\":\"WebSite\",\"@id\":\"https:\\\/\\\/webdelmaestrocmf.com\\\/portal\\\/#website\",\"url\":\"https:\\\/\\\/webdelmaestrocmf.com\\\/portal\\\/\",\"name\":\"Web del Maestro CMF\",\"description\":\"Maestros al servicio de la educaci\u00f3n\",\"publisher\":{\"@id\":\"https:\\\/\\\/webdelmaestrocmf.com\\\/portal\\\/#organization\"},\"alternateName\":\"WMCMF\",\"potentialAction\":[{\"@type\":\"SearchAction\",\"target\":{\"@type\":\"EntryPoint\",\"urlTemplate\":\"https:\\\/\\\/webdelmaestrocmf.com\\\/portal\\\/?s={search_term_string}\"},\"query-input\":{\"@type\":\"PropertyValueSpecification\",\"valueRequired\":true,\"valueName\":\"search_term_string\"}}],\"inLanguage\":\"es\"},{\"@type\":\"Organization\",\"@id\":\"https:\\\/\\\/webdelmaestrocmf.com\\\/portal\\\/#organization\",\"name\":\"Web del Maestro CMF\",\"alternateName\":\"WMCMF\",\"url\":\"https:\\\/\\\/webdelmaestrocmf.com\\\/portal\\\/\",\"logo\":{\"@type\":\"ImageObject\",\"inLanguage\":\"es\",\"@id\":\"https:\\\/\\\/webdelmaestrocmf.com\\\/portal\\\/#\\\/schema\\\/logo\\\/image\\\/\",\"url\":\"https:\\\/\\\/webdelmaestrocmf.com\\\/portal\\\/wp-content\\\/uploads\\\/2023\\\/01\\\/logo-wmcmf-2.png\",\"contentUrl\":\"https:\\\/\\\/webdelmaestrocmf.com\\\/portal\\\/wp-content\\\/uploads\\\/2023\\\/01\\\/logo-wmcmf-2.png\",\"width\":200,\"height\":60,\"caption\":\"Web del Maestro CMF\"},\"image\":{\"@id\":\"https:\\\/\\\/webdelmaestrocmf.com\\\/portal\\\/#\\\/schema\\\/logo\\\/image\\\/\"},\"sameAs\":[\"https:\\\/\\\/www.facebook.com\\\/WebdelMaestroCMF\\\/\",\"https:\\\/\\\/x.com\\\/cmf_w\",\"https:\\\/\\\/www.pinterest.com\\\/WMCMF\\\/\",\"https:\\\/\\\/www.linkedin.com\\\/company\\\/web-del-maestro-cmf\\\/\",\"https:\\\/\\\/www.instagram.com\\\/wmcmf\\\/\",\"https:\\\/\\\/www.youtube.com\\\/channel\\\/UCDPSvjbdodE5sHnC3OxutHw\",\"https:\\\/\\\/mastodon.social\\\/@wmcmf\",\"https:\\\/\\\/www.tiktok.com\\\/@webdelmaestrocmf\"]},{\"@type\":\"Person\",\"@id\":\"https:\\\/\\\/webdelmaestrocmf.com\\\/portal\\\/#\\\/schema\\\/person\\\/1072a2ed7bd960df8ef99a551fa35dc5\",\"name\":\"Web del Maestro CMF\",\"image\":{\"@type\":\"ImageObject\",\"inLanguage\":\"es\",\"@id\":\"https:\\\/\\\/secure.gravatar.com\\\/avatar\\\/23291dd5b5ae1077dcff3dbb04c3e02bd28403fa75af6d8787d5e97c5bbbe30b?s=96&d=mm&r=g\",\"url\":\"https:\\\/\\\/secure.gravatar.com\\\/avatar\\\/23291dd5b5ae1077dcff3dbb04c3e02bd28403fa75af6d8787d5e97c5bbbe30b?s=96&d=mm&r=g\",\"contentUrl\":\"https:\\\/\\\/secure.gravatar.com\\\/avatar\\\/23291dd5b5ae1077dcff3dbb04c3e02bd28403fa75af6d8787d5e97c5bbbe30b?s=96&d=mm&r=g\",\"caption\":\"Web del Maestro CMF\"},\"description\":\"Esta Web se cre\u00f3 sin fines de lucro, con fines educativos, cient\u00edficos y acad\u00e9micos, para personas que tengan dificultades y\\\/o inconvenientes en visualizar el material original. El objetivo es entregar recursos, compartir experiencias y materiales que ayuden a los padres de familia, maestros y estudiantes en su actualizaci\u00f3n y formaci\u00f3n permanente, en bien de la Educaci\u00f3n.\",\"sameAs\":[\"http:\\\/\\\/webdelmaestrocmf.com\\\/portal\",\"https:\\\/\\\/www.facebook.com\\\/WebdelMaestroCMF\\\/\",\"https:\\\/\\\/www.instagram.com\\\/wmcmf\\\/\",\"https:\\\/\\\/cl.linkedin.com\\\/company\\\/web-del-maestro-cmf\",\"https:\\\/\\\/www.pinterest.com\\\/WMCMF\\\/publicaciones\\\/\",\"https:\\\/\\\/x.com\\\/cmf_w\",\"https:\\\/\\\/www.youtube.com\\\/@WMCMF\"]}]}<\/script>\n<!-- \/ Yoast SEO plugin. -->","yoast_head_json":{"title":"Sancionan a Catedr\u00e1tico (y secretaria) por aprobar a estudiante ausente","description":"Como premisa conviene definir que la \u00c9tica es el ideal de la conducta humana, orientando sobre lo que es bueno y correcto...","robots":{"index":"index","follow":"follow","max-snippet":"max-snippet:-1","max-image-preview":"max-image-preview:large","max-video-preview":"max-video-preview:-1"},"canonical":"https:\/\/webdelmaestrocmf.com\/portal\/sancionan-catedratico-secretaria-aprobar-estudiante-ausente\/","og_locale":"es_ES","og_type":"article","og_title":"Sancionan a Catedr\u00e1tico (y secretaria) por aprobar a estudiante ausente","og_description":"Como premisa conviene definir que la \u00c9tica es el ideal de la conducta humana, orientando sobre lo que es bueno y correcto...","og_url":"https:\/\/webdelmaestrocmf.com\/portal\/sancionan-catedratico-secretaria-aprobar-estudiante-ausente\/","og_site_name":"Web del Maestro CMF","article_publisher":"https:\/\/www.facebook.com\/WebdelMaestroCMF\/","article_author":"https:\/\/www.facebook.com\/WebdelMaestroCMF\/","article_published_time":"2017-02-22T03:22:26+00:00","article_modified_time":"2023-05-19T23:33:51+00:00","og_image":[{"width":900,"height":556,"url":"https:\/\/i0.wp.com\/webdelmaestrocmf.com\/portal\/wp-content\/uploads\/2023\/05\/A12B3C4D-51.jpg?fit=900%2C556&ssl=1","type":"image\/jpeg"}],"author":"Web del Maestro CMF","twitter_card":"summary_large_image","twitter_creator":"@cmf_w","twitter_site":"@cmf_w","schema":{"@context":"https:\/\/schema.org","@graph":[{"@type":"ScholarlyArticle","@id":"https:\/\/webdelmaestrocmf.com\/portal\/sancionan-catedratico-secretaria-aprobar-estudiante-ausente\/#article","isPartOf":{"@id":"https:\/\/webdelmaestrocmf.com\/portal\/sancionan-catedratico-secretaria-aprobar-estudiante-ausente\/"},"author":{"name":"Web del Maestro CMF","@id":"https:\/\/webdelmaestrocmf.com\/portal\/#\/schema\/person\/1072a2ed7bd960df8ef99a551fa35dc5"},"headline":"Sancionan a Catedr\u00e1tico (y secretaria) por aprobar a estudiante ausente","datePublished":"2017-02-22T03:22:26+00:00","dateModified":"2023-05-19T23:33:51+00:00","mainEntityOfPage":{"@id":"https:\/\/webdelmaestrocmf.com\/portal\/sancionan-catedratico-secretaria-aprobar-estudiante-ausente\/"},"wordCount":888,"commentCount":0,"publisher":{"@id":"https:\/\/webdelmaestrocmf.com\/portal\/#organization"},"image":{"@id":"https:\/\/webdelmaestrocmf.com\/portal\/sancionan-catedratico-secretaria-aprobar-estudiante-ausente\/#primaryimage"},"thumbnailUrl":"https:\/\/webdelmaestrocmf.com\/portal\/wp-content\/uploads\/2023\/05\/A12B3C4D-51.jpg","keywords":["APROBAR","CATEDR\u00c1TICO","ESTUDIANTE","SANCI\u00d3N"],"articleSection":["Noticias","Recursos"],"inLanguage":"es","potentialAction":[{"@type":"CommentAction","name":"Comment","target":["https:\/\/webdelmaestrocmf.com\/portal\/sancionan-catedratico-secretaria-aprobar-estudiante-ausente\/#respond"]}]},{"@type":"WebPage","@id":"https:\/\/webdelmaestrocmf.com\/portal\/sancionan-catedratico-secretaria-aprobar-estudiante-ausente\/","url":"https:\/\/webdelmaestrocmf.com\/portal\/sancionan-catedratico-secretaria-aprobar-estudiante-ausente\/","name":"Sancionan a Catedr\u00e1tico (y secretaria) por aprobar a estudiante ausente","isPartOf":{"@id":"https:\/\/webdelmaestrocmf.com\/portal\/#website"},"primaryImageOfPage":{"@id":"https:\/\/webdelmaestrocmf.com\/portal\/sancionan-catedratico-secretaria-aprobar-estudiante-ausente\/#primaryimage"},"image":{"@id":"https:\/\/webdelmaestrocmf.com\/portal\/sancionan-catedratico-secretaria-aprobar-estudiante-ausente\/#primaryimage"},"thumbnailUrl":"https:\/\/webdelmaestrocmf.com\/portal\/wp-content\/uploads\/2023\/05\/A12B3C4D-51.jpg","datePublished":"2017-02-22T03:22:26+00:00","dateModified":"2023-05-19T23:33:51+00:00","description":"Como premisa conviene definir que la \u00c9tica es el ideal de la conducta humana, orientando sobre lo que es bueno y correcto...","breadcrumb":{"@id":"https:\/\/webdelmaestrocmf.com\/portal\/sancionan-catedratico-secretaria-aprobar-estudiante-ausente\/#breadcrumb"},"inLanguage":"es","potentialAction":[{"@type":"ReadAction","target":["https:\/\/webdelmaestrocmf.com\/portal\/sancionan-catedratico-secretaria-aprobar-estudiante-ausente\/"]}]},{"@type":"ImageObject","inLanguage":"es","@id":"https:\/\/webdelmaestrocmf.com\/portal\/sancionan-catedratico-secretaria-aprobar-estudiante-ausente\/#primaryimage","url":"https:\/\/webdelmaestrocmf.com\/portal\/wp-content\/uploads\/2023\/05\/A12B3C4D-51.jpg","contentUrl":"https:\/\/webdelmaestrocmf.com\/portal\/wp-content\/uploads\/2023\/05\/A12B3C4D-51.jpg","width":900,"height":556},{"@type":"BreadcrumbList","@id":"https:\/\/webdelmaestrocmf.com\/portal\/sancionan-catedratico-secretaria-aprobar-estudiante-ausente\/#breadcrumb","itemListElement":[{"@type":"ListItem","position":1,"name":"Portada","item":"https:\/\/webdelmaestrocmf.com\/portal\/"},{"@type":"ListItem","position":2,"name":"Recursos","item":"https:\/\/webdelmaestrocmf.com\/portal\/category\/pedagogia\/"},{"@type":"ListItem","position":3,"name":"Sancionan a Catedr\u00e1tico (y secretaria) por aprobar a estudiante ausente"}]},{"@type":"WebSite","@id":"https:\/\/webdelmaestrocmf.com\/portal\/#website","url":"https:\/\/webdelmaestrocmf.com\/portal\/","name":"Web del Maestro CMF","description":"Maestros al servicio de la educaci\u00f3n","publisher":{"@id":"https:\/\/webdelmaestrocmf.com\/portal\/#organization"},"alternateName":"WMCMF","potentialAction":[{"@type":"SearchAction","target":{"@type":"EntryPoint","urlTemplate":"https:\/\/webdelmaestrocmf.com\/portal\/?s={search_term_string}"},"query-input":{"@type":"PropertyValueSpecification","valueRequired":true,"valueName":"search_term_string"}}],"inLanguage":"es"},{"@type":"Organization","@id":"https:\/\/webdelmaestrocmf.com\/portal\/#organization","name":"Web del Maestro CMF","alternateName":"WMCMF","url":"https:\/\/webdelmaestrocmf.com\/portal\/","logo":{"@type":"ImageObject","inLanguage":"es","@id":"https:\/\/webdelmaestrocmf.com\/portal\/#\/schema\/logo\/image\/","url":"https:\/\/webdelmaestrocmf.com\/portal\/wp-content\/uploads\/2023\/01\/logo-wmcmf-2.png","contentUrl":"https:\/\/webdelmaestrocmf.com\/portal\/wp-content\/uploads\/2023\/01\/logo-wmcmf-2.png","width":200,"height":60,"caption":"Web del Maestro CMF"},"image":{"@id":"https:\/\/webdelmaestrocmf.com\/portal\/#\/schema\/logo\/image\/"},"sameAs":["https:\/\/www.facebook.com\/WebdelMaestroCMF\/","https:\/\/x.com\/cmf_w","https:\/\/www.pinterest.com\/WMCMF\/","https:\/\/www.linkedin.com\/company\/web-del-maestro-cmf\/","https:\/\/www.instagram.com\/wmcmf\/","https:\/\/www.youtube.com\/channel\/UCDPSvjbdodE5sHnC3OxutHw","https:\/\/mastodon.social\/@wmcmf","https:\/\/www.tiktok.com\/@webdelmaestrocmf"]},{"@type":"Person","@id":"https:\/\/webdelmaestrocmf.com\/portal\/#\/schema\/person\/1072a2ed7bd960df8ef99a551fa35dc5","name":"Web del Maestro CMF","image":{"@type":"ImageObject","inLanguage":"es","@id":"https:\/\/secure.gravatar.com\/avatar\/23291dd5b5ae1077dcff3dbb04c3e02bd28403fa75af6d8787d5e97c5bbbe30b?s=96&d=mm&r=g","url":"https:\/\/secure.gravatar.com\/avatar\/23291dd5b5ae1077dcff3dbb04c3e02bd28403fa75af6d8787d5e97c5bbbe30b?s=96&d=mm&r=g","contentUrl":"https:\/\/secure.gravatar.com\/avatar\/23291dd5b5ae1077dcff3dbb04c3e02bd28403fa75af6d8787d5e97c5bbbe30b?s=96&d=mm&r=g","caption":"Web del Maestro CMF"},"description":"Esta Web se cre\u00f3 sin fines de lucro, con fines educativos, cient\u00edficos y acad\u00e9micos, para personas que tengan dificultades y\/o inconvenientes en visualizar el material original. El objetivo es entregar recursos, compartir experiencias y materiales que ayuden a los padres de familia, maestros y estudiantes en su actualizaci\u00f3n y formaci\u00f3n permanente, en bien de la Educaci\u00f3n.","sameAs":["http:\/\/webdelmaestrocmf.com\/portal","https:\/\/www.facebook.com\/WebdelMaestroCMF\/","https:\/\/www.instagram.com\/wmcmf\/","https:\/\/cl.linkedin.com\/company\/web-del-maestro-cmf","https:\/\/www.pinterest.com\/WMCMF\/publicaciones\/","https:\/\/x.com\/cmf_w","https:\/\/www.youtube.com\/@WMCMF"]}]}},"jetpack_featured_media_url":"https:\/\/webdelmaestrocmf.com\/portal\/wp-content\/uploads\/2023\/05\/A12B3C4D-51.jpg","jetpack_sharing_enabled":true,"jetpack-related-posts":[{"id":111170,"url":"https:\/\/webdelmaestrocmf.com\/portal\/leon-trahtemberg-los-dilemas-invisibles-del-educador-entre-la-vocacion-y-la-realidad\/","url_meta":{"origin":15055,"position":0},"title":"Le\u00f3n Trahtemberg: Los dilemas invisibles del educador: entre la vocaci\u00f3n y la realidad","author":"Web del Maestro CMF","date":"12 julio, 2025","format":false,"excerpt":"Entre lo correcto y lo posible, cada decisi\u00f3n del docente revela las tensiones ocultas de una profesi\u00f3n que exige m\u00e1s de lo que reconoce","rel":"","context":"En \u00abEntrevistas\u00bb","block_context":{"text":"Entrevistas","link":"https:\/\/webdelmaestrocmf.com\/portal\/category\/noticias\/entrevistas\/"},"img":{"alt_text":"","src":"https:\/\/i0.wp.com\/webdelmaestrocmf.com\/portal\/wp-content\/uploads\/2025\/07\/1A-Banner-1-portada-imagen-10-1-copia-45.webp?resize=350%2C200&ssl=1","width":350,"height":200,"srcset":"https:\/\/i0.wp.com\/webdelmaestrocmf.com\/portal\/wp-content\/uploads\/2025\/07\/1A-Banner-1-portada-imagen-10-1-copia-45.webp?resize=350%2C200&ssl=1 1x, https:\/\/i0.wp.com\/webdelmaestrocmf.com\/portal\/wp-content\/uploads\/2025\/07\/1A-Banner-1-portada-imagen-10-1-copia-45.webp?resize=525%2C300&ssl=1 1.5x, https:\/\/i0.wp.com\/webdelmaestrocmf.com\/portal\/wp-content\/uploads\/2025\/07\/1A-Banner-1-portada-imagen-10-1-copia-45.webp?resize=700%2C400&ssl=1 2x"},"classes":[]},{"id":114024,"url":"https:\/\/webdelmaestrocmf.com\/portal\/pedro-saenz-lopez-bunuel-la-motivacion-del-docente-es-mas-importante-que-la-del-alumno\/","url_meta":{"origin":15055,"position":1},"title":"Pedro S\u00e1enz-L\u00f3pez Bu\u00f1uel: La motivaci\u00f3n del docente es m\u00e1s importante que la del alumno","author":"Web del Maestro CMF","date":"14 diciembre, 2025","format":false,"excerpt":"La motivaci\u00f3n del docente es el motor invisible del aprendizaje: condiciona el clima del aula, despierta emociones y hace posible que los alumnos quieran aprender.","rel":"","context":"En \u00abEntrevistas\u00bb","block_context":{"text":"Entrevistas","link":"https:\/\/webdelmaestrocmf.com\/portal\/category\/noticias\/entrevistas\/"},"img":{"alt_text":"","src":"https:\/\/i0.wp.com\/webdelmaestrocmf.com\/portal\/wp-content\/uploads\/2025\/12\/1A-Banner-1-portada-imagen-10-1-copia-16.webp?resize=350%2C200&ssl=1","width":350,"height":200,"srcset":"https:\/\/i0.wp.com\/webdelmaestrocmf.com\/portal\/wp-content\/uploads\/2025\/12\/1A-Banner-1-portada-imagen-10-1-copia-16.webp?resize=350%2C200&ssl=1 1x, https:\/\/i0.wp.com\/webdelmaestrocmf.com\/portal\/wp-content\/uploads\/2025\/12\/1A-Banner-1-portada-imagen-10-1-copia-16.webp?resize=525%2C300&ssl=1 1.5x, https:\/\/i0.wp.com\/webdelmaestrocmf.com\/portal\/wp-content\/uploads\/2025\/12\/1A-Banner-1-portada-imagen-10-1-copia-16.webp?resize=700%2C400&ssl=1 2x"},"classes":[]},{"id":18506,"url":"https:\/\/webdelmaestrocmf.com\/portal\/marco-perez-la-etica-la-formacion-profesional-del-psicologo\/","url_meta":{"origin":15055,"position":2},"title":"[MARCO P\u00c9REZ]  LA \u00c9TICA EN LA FORMACI\u00d3N PROFESIONAL DEL PSIC\u00d3LOGO","author":"Web del Maestro CMF","date":"21 mayo, 2017","format":false,"excerpt":"La \u00e9tica es el conjunto de juicios, valores y normas que permiten tomar decisiones para el desempe\u00f1o y cumplimiento de orientaciones establecidas por una profesi\u00f3n; para ello se han creado c\u00f3digos que proporcionan par\u00e1metros de conducta profesional a trav\u00e9s de t\u00e9cnicas que se ajustan a diversos contextos. En la psicolog\u00eda\u2026","rel":"","context":"En \u00abZ-Colaborador-Marco P\u00e9rez\u00bb","block_context":{"text":"Z-Colaborador-Marco P\u00e9rez","link":"https:\/\/webdelmaestrocmf.com\/portal\/category\/colaborador\/marco-perez\/"},"img":{"alt_text":"","src":"https:\/\/i0.wp.com\/webdelmaestrocmf.com\/portal\/wp-content\/uploads\/2017\/05\/e%CC%81tica.jpg?resize=350%2C200&ssl=1","width":350,"height":200,"srcset":"https:\/\/i0.wp.com\/webdelmaestrocmf.com\/portal\/wp-content\/uploads\/2017\/05\/e%CC%81tica.jpg?resize=350%2C200&ssl=1 1x, https:\/\/i0.wp.com\/webdelmaestrocmf.com\/portal\/wp-content\/uploads\/2017\/05\/e%CC%81tica.jpg?resize=525%2C300&ssl=1 1.5x, https:\/\/i0.wp.com\/webdelmaestrocmf.com\/portal\/wp-content\/uploads\/2017\/05\/e%CC%81tica.jpg?resize=700%2C400&ssl=1 2x"},"classes":[]},{"id":114942,"url":"https:\/\/webdelmaestrocmf.com\/portal\/ramon-espejo-la-profefobia-y-el-deterioro-del-oficio-docente-una-crisis-que-amenaza-al-sistema-educativo\/","url_meta":{"origin":15055,"position":3},"title":"Ram\u00f3n Espejo: La \u00abprofefobia\u00bb y el deterioro del oficio docente. Una crisis que amenaza al sistema educativo","author":"Web del Maestro CMF","date":"22 enero, 2026","format":false,"excerpt":"Reprender a un alumno o suspenderlo se ha convertido en un terreno minado: padres empoderados, directivos complacientes e inspectores que suelen ponerse del lado del reclamante bajo la premisa de suspensos \"injustos\" o supuestas \"man\u00edas\" del profesor.","rel":"","context":"En \u00abEntrevistas\u00bb","block_context":{"text":"Entrevistas","link":"https:\/\/webdelmaestrocmf.com\/portal\/category\/noticias\/entrevistas\/"},"img":{"alt_text":"","src":"https:\/\/i0.wp.com\/webdelmaestrocmf.com\/portal\/wp-content\/uploads\/2026\/01\/1A-Banner-1-portada-imagen-10-1-copia-21.webp?resize=350%2C200&ssl=1","width":350,"height":200,"srcset":"https:\/\/i0.wp.com\/webdelmaestrocmf.com\/portal\/wp-content\/uploads\/2026\/01\/1A-Banner-1-portada-imagen-10-1-copia-21.webp?resize=350%2C200&ssl=1 1x, https:\/\/i0.wp.com\/webdelmaestrocmf.com\/portal\/wp-content\/uploads\/2026\/01\/1A-Banner-1-portada-imagen-10-1-copia-21.webp?resize=525%2C300&ssl=1 1.5x, https:\/\/i0.wp.com\/webdelmaestrocmf.com\/portal\/wp-content\/uploads\/2026\/01\/1A-Banner-1-portada-imagen-10-1-copia-21.webp?resize=700%2C400&ssl=1 2x"},"classes":[]},{"id":115086,"url":"https:\/\/webdelmaestrocmf.com\/portal\/brasil-alerta-que-cerca-de-13-000-estudiantes-de-medicina-proximos-a-titularse-no-alcanzan-los-conocimientos-basicos-necesarios-para-ejercer-la-profesion\/","url_meta":{"origin":15055,"position":4},"title":"Brasil alerta que cerca de 13.000 estudiantes de Medicina, pr\u00f3ximos a titularse, no alcanzan los conocimientos b\u00e1sicos necesarios para ejercer la profesi\u00f3n","author":"Web del Maestro CMF","date":"2 febrero, 2026","format":false,"excerpt":"Brasil enfrenta una alarma educativa y sanitaria: miles de futuros m\u00e9dicos podr\u00edan ejercer sin formaci\u00f3n m\u00ednima ni garant\u00edas para pacientes.","rel":"","context":"En \u00abNoticias Internacionales\u00bb","block_context":{"text":"Noticias Internacionales","link":"https:\/\/webdelmaestrocmf.com\/portal\/category\/noticias-internacionales\/"},"img":{"alt_text":"","src":"https:\/\/i0.wp.com\/webdelmaestrocmf.com\/portal\/wp-content\/uploads\/2026\/02\/1A-Banner-1-portada-imagen-10-1-copia.webp?resize=350%2C200&ssl=1","width":350,"height":200,"srcset":"https:\/\/i0.wp.com\/webdelmaestrocmf.com\/portal\/wp-content\/uploads\/2026\/02\/1A-Banner-1-portada-imagen-10-1-copia.webp?resize=350%2C200&ssl=1 1x, https:\/\/i0.wp.com\/webdelmaestrocmf.com\/portal\/wp-content\/uploads\/2026\/02\/1A-Banner-1-portada-imagen-10-1-copia.webp?resize=525%2C300&ssl=1 1.5x, https:\/\/i0.wp.com\/webdelmaestrocmf.com\/portal\/wp-content\/uploads\/2026\/02\/1A-Banner-1-portada-imagen-10-1-copia.webp?resize=700%2C400&ssl=1 2x"},"classes":[]},{"id":115309,"url":"https:\/\/webdelmaestrocmf.com\/portal\/doctoras-graban-tiktok-para-burlarse-de-un-paciente-que-gritaba-de-dolor\/","url_meta":{"origin":15055,"position":5},"title":"Doctoras graban tiktok para burlarse de un paciente que gritaba de dolor","author":"Web del Maestro CMF","date":"12 febrero, 2026","format":false,"excerpt":"Cuando la \u00e9tica se subordina a la exposici\u00f3n digital, la dignidad del paciente y la confianza social se fracturan gravemente.","rel":"","context":"En \u00abNoticias Internacionales\u00bb","block_context":{"text":"Noticias Internacionales","link":"https:\/\/webdelmaestrocmf.com\/portal\/category\/noticias-internacionales\/"},"img":{"alt_text":"","src":"https:\/\/i0.wp.com\/webdelmaestrocmf.com\/portal\/wp-content\/uploads\/2026\/02\/1A-Banner-1-portada-imagen-10-1-copia-10-1.webp?resize=350%2C200&ssl=1","width":350,"height":200,"srcset":"https:\/\/i0.wp.com\/webdelmaestrocmf.com\/portal\/wp-content\/uploads\/2026\/02\/1A-Banner-1-portada-imagen-10-1-copia-10-1.webp?resize=350%2C200&ssl=1 1x, https:\/\/i0.wp.com\/webdelmaestrocmf.com\/portal\/wp-content\/uploads\/2026\/02\/1A-Banner-1-portada-imagen-10-1-copia-10-1.webp?resize=525%2C300&ssl=1 1.5x, https:\/\/i0.wp.com\/webdelmaestrocmf.com\/portal\/wp-content\/uploads\/2026\/02\/1A-Banner-1-portada-imagen-10-1-copia-10-1.webp?resize=700%2C400&ssl=1 2x"},"classes":[]}],"_links":{"self":[{"href":"https:\/\/webdelmaestrocmf.com\/portal\/wp-json\/wp\/v2\/posts\/15055","targetHints":{"allow":["GET"]}}],"collection":[{"href":"https:\/\/webdelmaestrocmf.com\/portal\/wp-json\/wp\/v2\/posts"}],"about":[{"href":"https:\/\/webdelmaestrocmf.com\/portal\/wp-json\/wp\/v2\/types\/post"}],"author":[{"embeddable":true,"href":"https:\/\/webdelmaestrocmf.com\/portal\/wp-json\/wp\/v2\/users\/1"}],"replies":[{"embeddable":true,"href":"https:\/\/webdelmaestrocmf.com\/portal\/wp-json\/wp\/v2\/comments?post=15055"}],"version-history":[{"count":0,"href":"https:\/\/webdelmaestrocmf.com\/portal\/wp-json\/wp\/v2\/posts\/15055\/revisions"}],"wp:featuredmedia":[{"embeddable":true,"href":"https:\/\/webdelmaestrocmf.com\/portal\/wp-json\/wp\/v2\/media\/88471"}],"wp:attachment":[{"href":"https:\/\/webdelmaestrocmf.com\/portal\/wp-json\/wp\/v2\/media?parent=15055"}],"wp:term":[{"taxonomy":"category","embeddable":true,"href":"https:\/\/webdelmaestrocmf.com\/portal\/wp-json\/wp\/v2\/categories?post=15055"},{"taxonomy":"post_tag","embeddable":true,"href":"https:\/\/webdelmaestrocmf.com\/portal\/wp-json\/wp\/v2\/tags?post=15055"}],"curies":[{"name":"wp","href":"https:\/\/api.w.org\/{rel}","templated":true}]}}