{"id":14790,"date":"2017-02-14T14:17:26","date_gmt":"2017-02-14T17:17:26","guid":{"rendered":"http:\/\/webdelmaestrocmf.com\/portal\/?p=14790"},"modified":"2023-10-15T18:41:47","modified_gmt":"2023-10-15T21:41:47","slug":"la-dislexia-ese-trastorno-oculto-10-recursos-para-trabajar-en-el-aula","status":"publish","type":"post","link":"https:\/\/webdelmaestrocmf.com\/portal\/la-dislexia-ese-trastorno-oculto-10-recursos-para-trabajar-en-el-aula\/","title":{"rendered":"Dislexia, diez recursos para trabajar en el aula"},"content":{"rendered":"<p style=\"text-align: justify;\"><strong>La dislexia es una \u201cdificultad\u201d en la lectura y la escritura que afecta a algunos ni\u00f1os y que provoca el fracaso escolar. La prevenci\u00f3n es el primer y m\u00e1s eficaz modo de ayudar. Como educadores tenemos una tarea que puede ser menos importuna, si ahora, que nos encontramos con este art\u00edculo, le damos una lectura.<\/strong><\/p>\n<p><!--more--><\/p>\n<p style=\"text-align: justify;\">Es bueno tener en cuenta, que <strong>cualquier intervenci\u00f3n del maestro de aula, tiene que ser de apoyo al especialista<\/strong>, sea el Logopeda, el psicopedagogo o el especialista en pedagog\u00eda terap\u00e9utica.<\/p>\n<p style=\"text-align: justify;\">Gracias a AULA PLANETA, entorno educativo con m\u00faltiples herramientas y recursos que desea facilitar la labor de los profesores en la preparaci\u00f3n y exposici\u00f3n de las clases, es que compartimos este art\u00edculo con fines \u00fanicamente educativos \u2013 pastorales, por la seriedad de la plataforma, por su s\u00edntesis, por los enlaces de nuevas tecnolog\u00edas y los recursos, desde el aula, para trabajar con un estudiante diagnosticado disl\u00e9xico.<\/p>\n<p>Art\u00edculo relacionado: <a href=\"https:\/\/webdelmaestrocmf.com\/portal\/13-senales-de-dislexia-en-tu-hijo-y-como-ayudarlo\/\" target=\"_blank\" rel=\"noopener\">Se\u00f1ales de Dislexia en tu hijo y c\u00f3mo ayudarlo<\/a><\/p>\n<h5 class=\"entry-title\"><strong>Diez recursos para trabajar con ni\u00f1os disl\u00e9xicos en el aula<\/strong><\/h5>\n<p style=\"text-align: justify;\">La dislexia es un <b>trastorno que dificulta la lectura<\/b> y, por lo tanto, puede influir de forma negativa en la <b>memorizaci\u00f3n<\/b> y el <b>aprendizaje<\/b>. Este problema deriva de un mal funcionamiento neurol\u00f3gico, pero no va asociado a dificultades de comprensi\u00f3n ni a d\u00e9ficit cognitivo o bajos niveles de inteligencia, por lo que puede tratarse de forma espec\u00edfica, con efectos muy positivos en el rendimiento acad\u00e9mico del ni\u00f1o. Entre las <a href=\"http:\/\/www.andina.com.pe\/agencia\/noticia-tic-permiten-mejorar-tratamiento-dislexia-y-otros-trastornos-del-lenguaje-515428.aspx\" target=\"_blank\" rel=\"noopener\">herramientas que puedes utilizar para apoyar a un alumno diagnosticado con dislexia destacan las TIC<\/a>, que <b>facilitan la lectura y la comprensi\u00f3n de textos gracias a la informaci\u00f3n audiovisual y la interactividad<\/b>. Recopilamos una decena de recursos que pueden ayudarte a trabajar este tema con aquellos estudiantes que lo necesiten.<\/p>\n<h5><strong>S\u00edntomas y problemas<\/strong><\/h5>\n<p style=\"text-align: justify;\">Los ni\u00f1os con dislexia presentan ciertos s\u00edntomas que puedes detectar en el aula, como:<\/p>\n<ul style=\"text-align: justify;\">\n<li>Dificultad para aprender a leer.<\/li>\n<li>Errores ortogr\u00e1ficos y problemas para leer y escribir oraciones o t\u00e9rminos sencillos y cortos. En cambio, no presentan problemas de razonamiento, c\u00e1lculo num\u00e9rico, comprensi\u00f3n o expresi\u00f3n oral.<\/li>\n<li>Al leer o escribir, invierten el orden de algunas de las letras y confunden de forma sistem\u00e1tica algunas de ellas, como <i>p<\/i> y<i> b<\/i> o <i>d<\/i> y <i>b<\/i>.<\/li>\n<li>Problemas para distinguir la derecha de la izquierda.<\/li>\n<\/ul>\n<p style=\"text-align: justify;\">Estas dificultades de lectura influyen en la<b> capacidad de comprender y retener lo le\u00eddo<\/b>, por lo que generan <b>retrasos en el ritmo de aprendizaje y problemas de autoestima<\/b> en el ni\u00f1o. Si descubres estos s\u00edntomas en un alumno, ponte en contacto con sus padres para que recurran a un diagn\u00f3stico profesional. Cuanto antes se detecte la dislexia, m\u00e1s efectivo ser\u00e1 el tratamiento. Es un problema que no puede curarse, pero con apoyo especial y ciertas estrategias durante la etapa de aprendizaje, el ni\u00f1o podr\u00e1 llevar una vida totalmente normal.<\/p>\n<p>Art\u00edculo relacionado: <a href=\"https:\/\/webdelmaestrocmf.com\/portal\/emilio-fernandez-un-porcentaje-de-los-educadores-han-tenido-una-formacion-en-la-cual-no-se-ha-prestado-atencion-al-tdah-dislexia-discalculia\/\" target=\"_blank\" rel=\"noopener\">Emilio Fern\u00e1ndez: Un porcentaje de los educadores han tenido una formaci\u00f3n en la cual no se ha prestado atenci\u00f3n al Tdah, Dislexia, Discalculia<\/a><\/p>\n<h5><strong>Enlaces y recursos para tratar la dislexia<\/strong><\/h5>\n<p style=\"text-align: justify;\">Desde el aula puedes trabajar con un estudiante disl\u00e9xico gracias a la ayuda de las nuevas tecnolog\u00edas, y el uso de recursos como los siguientes:<\/p>\n<h5>1. <a href=\"http:\/\/katamotzlectura.blogspot.com.es\/\" target=\"_blank\" rel=\"noopener\">Katamotz<\/a>.<\/h5>\n<p style=\"text-align: justify;\">Dos programas libres y gratuitos para trabajar problemas de lectoescritura y dislexia: <a href=\"http:\/\/www.katamotzlectura.blogspot.com.es\/p\/katamotz-lectura.html\" target=\"_blank\" rel=\"noopener\">Katamotz Lectura<\/a>, para trabajar la velocidad y aprendizaje lector, y <a href=\"http:\/\/www.katamotzlectura.blogspot.com.es\/p\/katamotz-ejercicios_5.html\" target=\"_blank\" rel=\"noopener\">Katamotz Ejercicios<\/a>, que ofrece m\u00e1s de 16.000 tareas especialmente dise\u00f1adas para alumnos con dislexia que puedes personalizar a tu gusto eligiendo, por ejemplo, los fonemas que quieres que trabaje el ni\u00f1o.<\/p>\n<h5>2. Dyseggxia.<\/h5>\n<p style=\"text-align: justify;\">Aplicaci\u00f3n para m\u00f3viles y tabletas, disponible para Android e iOS, que ofrece ejercicios de inserci\u00f3n, eliminaci\u00f3n y sustituci\u00f3n de letras, y de derivaci\u00f3n y separaci\u00f3n de palabras. Ofrece diversos niveles de dificultad y est\u00e1 especialmente dise\u00f1ada para alumnos con dislexia.<\/p>\n<h5>\u00a03. <a href=\"http:\/\/proyectos.cnice.mec.es\/ales2\/#\" target=\"_blank\" rel=\"noopener\">Ales II<\/a>.<\/h5>\n<p style=\"text-align: justify;\">Completa propuesta interactiva basada en el universo de Peter Pan que permite practicar la lectura de forma multimedia, con vi\u00f1etas, juegos y actividades que van incrementando poco a poco la dificultad de los grafemas y fonemas. Requiere registro pero es gratuita. Esta <a href=\"http:\/\/proyectos.cnice.mec.es\/ales2\/guiadidactica.html\" target=\"_blank\" rel=\"noopener\">gu\u00eda did\u00e1ctica<\/a>\u00a0te ofrece un resumen de lo que permite la aplicaci\u00f3n.<\/p>\n<h5>4. Ayuda a la LectoEscritura.<\/h5>\n<p style=\"text-align: justify;\">Divertido <i>Minisite<\/i> con varias secciones para practicar la comprensi\u00f3n y la velocidad lectora, la identificaci\u00f3n de letras y palabras, ortograf\u00eda y vocabulario, adem\u00e1s de la atenci\u00f3n y la memoria.<\/p>\n<h5>5. <a href=\"http:\/\/clic.xtec.cat\/db\/act_es.jsp?id=1191\" target=\"_blank\" rel=\"noopener\">Actividades de comprensi\u00f3n lectora<\/a>.<\/h5>\n<p style=\"text-align: justify;\">Paquete de cinco lecturas para Primaria, con actividades para mejorar la comprensi\u00f3n lectora.<\/p>\n<h5>6. Cuadernillo Mejora de la Dislexia <a href=\"https:\/\/dl.dropboxusercontent.com\/u\/42599727\/Curso%2013-14\/Dislexia\/Primer%20Trimestre\/Cuadernillo%20Dislexia%20Primer%20Trimestre.pdf\" target=\"_blank\" rel=\"noopener\">1<\/a>\u00a0y <a href=\"https:\/\/dl.dropboxusercontent.com\/u\/42599727\/Curso%2013-14\/Dislexia\/Segundo%20Trimestre\/Cuadernillo%20Dislexia%20segundoTrimestre.pdf\" target=\"_blank\" rel=\"noopener\">2<\/a>.<\/h5>\n<p style=\"text-align: justify;\">Compendios de fichas protagonizadas por\u00a0 un ni\u00f1o llamado Mario, con actividades y juegos, elaborado por el completo blog <a href=\"http:\/\/ptsansuena.blogspot.com.es\/\" target=\"_blank\" rel=\"noopener\">El rinc\u00f3n de PT del Sansue\u00f1a<\/a>.<\/p>\n<h5>7. <a href=\"http:\/\/www.orientacionandujar.es\/2014\/03\/20\/actividades-dislexia-todas-las-plantillas-para-hacer-tus-propias-actividades\/\" target=\"_blank\" rel=\"noopener\">Plantillas de actividades<\/a>.<\/h5>\n<p style=\"text-align: justify;\">Recopilaci\u00f3n de Orientaci\u00f3n And\u00fajar con multitud de ejercicios para trabajar la dislexia personalizables y adaptables, organizados por temas.<\/p>\n<h5>8. <a href=\"http:\/\/www.cajamagica.net\/\" target=\"_blank\" rel=\"noopener\">Caja de las Palabras M\u00e1gicas<\/a>.<\/h5>\n<p style=\"text-align: justify;\">Juegos, cuentos y propuestas did\u00e1cticas para practicar lectoescritura de forma amena y divertida.<\/p>\n<h5>9. <a href=\"http:\/\/www.disanedu.com\/aplicaciones\/competencia-lectora\/\" target=\"_blank\" rel=\"noopener\">Aplicaci\u00f3n para mejorar la competencia lectora<\/a>.<\/h5>\n<p style=\"text-align: justify;\"><i>Minisite<\/i> para trabajar la velocidad lectora que tambi\u00e9n puede utilizarse para comprensi\u00f3n de textos y para perfeccionar la lectura palabra por palabra.<\/p>\n<h5>\u00a010. <a href=\"http:\/\/dislexia-breal.blogspot.com.es\/\" target=\"_blank\" rel=\"noopener\">BREAL<\/a>.<\/h5>\n<p style=\"text-align: justify;\">Blog con informaci\u00f3n y materiales para trabajar alternaciones del lenguaje y dislexia.<\/p>\n<p>M\u00e1s informaci\u00f3n:<\/p>\n<ul>\n<li><a href=\"http:\/\/www.orientacionandujar.es\/wp-content\/uploads\/2014\/07\/guia-general-sobre-dislexia-.pdf\" target=\"_blank\" rel=\"noopener\">Gu\u00eda general sobre dislexia<br \/>\n<\/a><\/li>\n<li><a href=\"http:\/\/www.disfam.org\/\" target=\"_blank\" rel=\"noopener\">Asociaci\u00f3n de Dislexia y Familia<\/a><\/li>\n<li><a href=\"http:\/\/www.fedis.org\/\" target=\"_blank\" rel=\"noopener\">Federaci\u00f3n Espa\u00f1ola de Dislexia<br \/>\n<\/a><\/li>\n<li><a href=\"http:\/\/youtu.be\/Ej9TFRxbg6g\" target=\"_blank\" rel=\"noopener\">Video de Florencia Salvarezza, jefa de la Cl\u00ednica de Dislexia del Instituto de Neurolog\u00eda Cognitiva (INECO) sobre la dislexia<\/a><\/li>\n<\/ul>\n<p><img loading=\"lazy\" decoding=\"async\" class=\"alignnone wp-image-97298 size-full\" src=\"https:\/\/webdelmaestrocmf.com\/portal\/wp-content\/uploads\/2017\/02\/AF6QYNmoW0AA4t6-1.jpg\" alt=\"dislexia dificultad \" width=\"800\" height=\"418\" srcset=\"https:\/\/webdelmaestrocmf.com\/portal\/wp-content\/uploads\/2017\/02\/AF6QYNmoW0AA4t6-1.jpg 800w, https:\/\/webdelmaestrocmf.com\/portal\/wp-content\/uploads\/2017\/02\/AF6QYNmoW0AA4t6-1-300x157.jpg 300w, https:\/\/webdelmaestrocmf.com\/portal\/wp-content\/uploads\/2017\/02\/AF6QYNmoW0AA4t6-1-768x401.jpg 768w, https:\/\/webdelmaestrocmf.com\/portal\/wp-content\/uploads\/2017\/02\/AF6QYNmoW0AA4t6-1-380x199.jpg 380w, https:\/\/webdelmaestrocmf.com\/portal\/wp-content\/uploads\/2017\/02\/AF6QYNmoW0AA4t6-1-550x287.jpg 550w\" sizes=\"auto, (max-width: 800px) 100vw, 800px\" \/><\/p>\n<p><strong>Este contenido ha sido publicado originalmente por\u00a0Aula Planeta en el siguiente direcci\u00f3n: <a href=\"http:\/\/www.aulaplaneta.com\" target=\"_blank\" rel=\"noopener\">aulaplaneta.com<\/a><\/strong><\/p>\n<p style=\"text-align: center;\">Recomendamos a la Comunidad Educativa Digital tener en cuenta que, el enlace y\/o la carpeta en donde est\u00e1n alojados los libros, recursos y\/o materiales, no es administrado por la Web del Maestro CMF, pueda ser que en cuesti\u00f3n de d\u00edas (o seg\u00fan el tiempo transcurrido desde su publicaci\u00f3n), los enlaces no funcionen y el material ya no se encuentre disponible. Gracias por su comprensi\u00f3n.<\/p>\n<p style=\"text-align: center;\"><strong>ENLACE DE LECTURA:<\/strong> <a href=\"https:\/\/drive.google.com\/file\/d\/0B-57z2cKW0IJT0dZaHFxRWl6MExQZlRzUEl2dkZxOFp1Znpr\/view?resourcekey=0-PA4b2SG9KUqwIy-M8hLxSg\" target=\"_blank\" rel=\"noopener\">JUEGO ONLINE PARA ALUMNOS CON DISLEXIA<\/a><\/p>\n<p style=\"text-align: center;\"><strong>Si te sirvi\u00f3 el material, ap\u00f3yanos con un clic. Nos ayudar\u00e1 a mantener el servicio. \u00a1Comparte y as\u00ed m\u00e1s docentes utilizar\u00e1n estos recursos gratis! Muchas gracias.<\/strong><\/p>\n<p><img decoding=\"async\" src=\"https:\/\/webdelmaestrocmf.com\/portal\/wp-content\/uploads\/2023\/04\/banner_des.png\" \/><\/p>\n\t\t<div class=\"pk-inline-posts\">\n\t\t\t\n\t\t\t<div class=\"pk-inline-posts-container pk-inline-posts-template-list\"\n\t\t\t\tdata-columns=\"1\">\n\t\t\t\t\t\t<article id=\"post-37865\" class=\"post-37865 post type-post status-publish format-standard has-post-thumbnail category-dislexia category-pedagogia tag-dislexia tag-especifica tag-exploratorio tag-tede tag-test cs-entry cs-video-wrap\">\n\t\t\t<div class=\"pk-post-outer\">\n\n\t\t\t\t\t\t\t\t<div class=\"pk-post-inner\">\n\t\t\t\t\t<div class=\"entry-thumbnail\">\n\t\t\t\t\t\t<div class=\"pk-overlay pk-overlay-ratio pk-ratio-landscape\">\n\t\t\t\t\t\t\t<div class=\"pk-overlay-background\">\n\t\t\t\t\t\t\t\t<a href=\"https:\/\/webdelmaestrocmf.com\/portal\/test-exploratorio-de-dislexia-especifica-tede\/\" class=\"pk-overlay-link\">\n\t\t\t\t\t\t\t\t\t<img loading=\"lazy\" decoding=\"async\" width=\"300\" height=\"225\" src=\"https:\/\/webdelmaestrocmf.com\/portal\/wp-content\/uploads\/2026\/04\/1-1-300x225.webp\" class=\"attachment-pk-thumbnail size-pk-thumbnail wp-post-image\" alt=\"\" \/>\t\t\t\t\t\t\t\t<\/a>\n\t\t\t\t\t\t\t<\/div>\n\t\t\t\t\t\t<\/div>\n\t\t\t\t\t<\/div>\n\t\t\t\t<\/div>\n\t\t\t\t\n\t\t\t\t<div class=\"pk-post-inner\">\n\t\t\t\t\t<header>\n\t\t\t\t\t\t<h3 class=\"pk-title\"><a href=\"https:\/\/webdelmaestrocmf.com\/portal\/test-exploratorio-de-dislexia-especifica-tede\/\" rel=\"bookmark\">Descarga el Test exploratorio de dislexia espec\u00edfica (TEDE)<\/a><\/h3>\t\t\t\t\t<\/header><!-- .entry-header -->\n\t\t\t\t<\/div><!-- .post-inner -->\n\n\t\t\t<\/div><!-- .post-outer -->\n\t\t<\/article>\n\t\t\t<article id=\"post-115027\" class=\"post-115027 post type-post status-publish format-standard has-post-thumbnail category-descargas-manuales-pdf category-dislexia category-pedagogia category-transtornos tag-deteccion-temprana-2 tag-discalculia tag-dislexia tag-diversidad tag-docentes tag-educacion-3 tag-evaluacion-educativa-2 tag-inclusion-educativa-2 tag-orientacion-educativa-2 cs-entry cs-video-wrap\">\n\t\t\t<div class=\"pk-post-outer\">\n\n\t\t\t\t\t\t\t\t<div class=\"pk-post-inner\">\n\t\t\t\t\t<div class=\"entry-thumbnail\">\n\t\t\t\t\t\t<div class=\"pk-overlay pk-overlay-ratio pk-ratio-landscape\">\n\t\t\t\t\t\t\t<div class=\"pk-overlay-background\">\n\t\t\t\t\t\t\t\t<a href=\"https:\/\/webdelmaestrocmf.com\/portal\/cuestionarios-de-observacion-docente-para-la-deteccion-temprana-de-dislexia-y-discalculia\/\" class=\"pk-overlay-link\">\n\t\t\t\t\t\t\t\t\t<img loading=\"lazy\" decoding=\"async\" width=\"300\" height=\"225\" src=\"https:\/\/webdelmaestrocmf.com\/portal\/wp-content\/uploads\/2026\/01\/1A-Banner-1-portada-imagen-10-1-copia-3-7-300x225.webp\" class=\"attachment-pk-thumbnail size-pk-thumbnail wp-post-image\" alt=\"\" \/>\t\t\t\t\t\t\t\t<\/a>\n\t\t\t\t\t\t\t<\/div>\n\t\t\t\t\t\t<\/div>\n\t\t\t\t\t<\/div>\n\t\t\t\t<\/div>\n\t\t\t\t\n\t\t\t\t<div class=\"pk-post-inner\">\n\t\t\t\t\t<header>\n\t\t\t\t\t\t<h3 class=\"pk-title\"><a href=\"https:\/\/webdelmaestrocmf.com\/portal\/cuestionarios-de-observacion-docente-para-la-deteccion-temprana-de-dislexia-y-discalculia\/\" rel=\"bookmark\">Cuestionarios de observaci\u00f3n docente para la detecci\u00f3n temprana de dislexia y discalculia<\/a><\/h3>\t\t\t\t\t<\/header><!-- .entry-header -->\n\t\t\t\t<\/div><!-- .post-inner -->\n\n\t\t\t<\/div><!-- .post-outer -->\n\t\t<\/article>\n\t\t\t<article id=\"post-26627\" class=\"post-26627 post type-post status-publish format-standard has-post-thumbnail category-dislexia category-educacion-y-familia category-padres category-educacion-pedagogia category-pedagogia category-tdah tag-aprendizaje tag-asperger tag-autismo tag-ayuda tag-bipolar tag-comunes tag-definicion tag-definiciones tag-desafiante tag-dificultades tag-dislexia tag-escolar tag-infantil tag-infomacion tag-opositivo tag-salud tag-signos tag-tdah tag-tourett tag-trastornos tag-trastornos-de-aprendizaje tag-tratamiento cs-entry cs-video-wrap\">\n\t\t\t<div class=\"pk-post-outer\">\n\n\t\t\t\t\t\t\t\t<div class=\"pk-post-inner\">\n\t\t\t\t\t<div class=\"entry-thumbnail\">\n\t\t\t\t\t\t<div class=\"pk-overlay pk-overlay-ratio pk-ratio-landscape\">\n\t\t\t\t\t\t\t<div class=\"pk-overlay-background\">\n\t\t\t\t\t\t\t\t<a href=\"https:\/\/webdelmaestrocmf.com\/portal\/los-trastornos-las-dificultades-aprendizaje-mas-comunes\/\" class=\"pk-overlay-link\">\n\t\t\t\t\t\t\t\t\t<img loading=\"lazy\" decoding=\"async\" width=\"300\" height=\"225\" src=\"https:\/\/webdelmaestrocmf.com\/portal\/wp-content\/uploads\/2020\/02\/Los-trastornos-y-las-dificultades-de-aprendizaje-1-300x225.jpg\" class=\"attachment-pk-thumbnail size-pk-thumbnail wp-post-image\" alt=\"Los trastornos y las dificultades de aprendizaje (1)\" \/>\t\t\t\t\t\t\t\t<\/a>\n\t\t\t\t\t\t\t<\/div>\n\t\t\t\t\t\t<\/div>\n\t\t\t\t\t<\/div>\n\t\t\t\t<\/div>\n\t\t\t\t\n\t\t\t\t<div class=\"pk-post-inner\">\n\t\t\t\t\t<header>\n\t\t\t\t\t\t<h3 class=\"pk-title\"><a href=\"https:\/\/webdelmaestrocmf.com\/portal\/los-trastornos-las-dificultades-aprendizaje-mas-comunes\/\" rel=\"bookmark\">Los trastornos y las dificultades de aprendizaje<\/a><\/h3>\t\t\t\t\t<\/header><!-- .entry-header -->\n\t\t\t\t<\/div><!-- .post-inner -->\n\n\t\t\t<\/div><!-- .post-outer -->\n\t\t<\/article>\n\t\t\t\t<\/div>\n\t\t<\/div>\n\t\t\n","protected":false},"excerpt":{"rendered":"La dislexia es una \u201cdificultad\u201d en la lectura y la escritura que afecta a algunos ni\u00f1os y que&hellip;","protected":false},"author":1,"featured_media":71517,"comment_status":"open","ping_status":"open","sticky":false,"template":"","format":"standard","meta":{"csco_display_header_overlay":false,"csco_singular_sidebar":"default","csco_page_header_type":"default","csco_page_load_nextpost":"default","csco_post_video_location":[],"csco_post_video_location_hash":"","csco_post_video_url":"","csco_post_video_bg_start_time":0,"csco_post_video_bg_end_time":0,"csco_post_video_bg_volume":false,"_jetpack_memberships_contains_paid_content":false,"footnotes":""},"categories":[1227,735],"tags":[596,1228,1820,1173],"class_list":{"0":"post-14790","1":"post","2":"type-post","3":"status-publish","4":"format-standard","5":"has-post-thumbnail","7":"category-dislexia","8":"category-pedagogia","9":"tag-aula","10":"tag-dislexia","11":"tag-recursos","12":"tag-trabajar","13":"cs-entry","14":"cs-video-wrap"},"yoast_head":"<!-- This site is optimized with the Yoast SEO plugin v27.5 - https:\/\/yoast.com\/product\/yoast-seo-wordpress\/ -->\n<title>Dislexia, diez recursos para trabajar en el aula<\/title>\n<meta name=\"description\" content=\"La dislexia es una \u201cdificultad\u201d en la lectura y la escritura que afecta a algunos ni\u00f1os y que provoca el fracaso escolar. La prevenci\u00f3n...\" \/>\n<meta name=\"robots\" content=\"index, follow, max-snippet:-1, max-image-preview:large, max-video-preview:-1\" \/>\n<link rel=\"canonical\" href=\"https:\/\/webdelmaestrocmf.com\/portal\/la-dislexia-ese-trastorno-oculto-10-recursos-para-trabajar-en-el-aula\/\" \/>\n<meta property=\"og:locale\" content=\"es_ES\" \/>\n<meta property=\"og:type\" content=\"article\" \/>\n<meta property=\"og:title\" content=\"Dislexia, diez recursos para trabajar en el aula\" \/>\n<meta property=\"og:description\" content=\"La dislexia es una \u201cdificultad\u201d en la lectura y la escritura que afecta a algunos ni\u00f1os y que provoca el fracaso escolar. La prevenci\u00f3n...\" \/>\n<meta property=\"og:url\" content=\"https:\/\/webdelmaestrocmf.com\/portal\/la-dislexia-ese-trastorno-oculto-10-recursos-para-trabajar-en-el-aula\/\" \/>\n<meta property=\"og:site_name\" content=\"Web del Maestro CMF\" \/>\n<meta property=\"article:publisher\" content=\"https:\/\/www.facebook.com\/WebdelMaestroCMF\/\" \/>\n<meta property=\"article:author\" content=\"https:\/\/www.facebook.com\/WebdelMaestroCMF\/\" \/>\n<meta property=\"article:published_time\" content=\"2017-02-14T17:17:26+00:00\" \/>\n<meta property=\"article:modified_time\" content=\"2023-10-15T21:41:47+00:00\" \/>\n<meta property=\"og:image\" content=\"https:\/\/webdelmaestrocmf.com\/portal\/wp-content\/uploads\/2017\/02\/1.pg_.jpg\" \/>\n\t<meta property=\"og:image:width\" content=\"1100\" \/>\n\t<meta property=\"og:image:height\" content=\"680\" \/>\n\t<meta property=\"og:image:type\" content=\"image\/jpeg\" \/>\n<meta name=\"author\" content=\"Web del Maestro CMF\" \/>\n<meta name=\"twitter:card\" content=\"summary_large_image\" \/>\n<meta name=\"twitter:creator\" content=\"@cmf_w\" \/>\n<meta name=\"twitter:site\" content=\"@cmf_w\" \/>\n<script type=\"application\/ld+json\" class=\"yoast-schema-graph\">{\"@context\":\"https:\\\/\\\/schema.org\",\"@graph\":[{\"@type\":\"ScholarlyArticle\",\"@id\":\"https:\\\/\\\/webdelmaestrocmf.com\\\/portal\\\/la-dislexia-ese-trastorno-oculto-10-recursos-para-trabajar-en-el-aula\\\/#article\",\"isPartOf\":{\"@id\":\"https:\\\/\\\/webdelmaestrocmf.com\\\/portal\\\/la-dislexia-ese-trastorno-oculto-10-recursos-para-trabajar-en-el-aula\\\/\"},\"author\":{\"name\":\"Web del Maestro CMF\",\"@id\":\"https:\\\/\\\/webdelmaestrocmf.com\\\/portal\\\/#\\\/schema\\\/person\\\/1072a2ed7bd960df8ef99a551fa35dc5\"},\"headline\":\"Dislexia, diez recursos para trabajar en el aula\",\"datePublished\":\"2017-02-14T17:17:26+00:00\",\"dateModified\":\"2023-10-15T21:41:47+00:00\",\"mainEntityOfPage\":{\"@id\":\"https:\\\/\\\/webdelmaestrocmf.com\\\/portal\\\/la-dislexia-ese-trastorno-oculto-10-recursos-para-trabajar-en-el-aula\\\/\"},\"wordCount\":1094,\"commentCount\":1,\"publisher\":{\"@id\":\"https:\\\/\\\/webdelmaestrocmf.com\\\/portal\\\/#organization\"},\"image\":{\"@id\":\"https:\\\/\\\/webdelmaestrocmf.com\\\/portal\\\/la-dislexia-ese-trastorno-oculto-10-recursos-para-trabajar-en-el-aula\\\/#primaryimage\"},\"thumbnailUrl\":\"https:\\\/\\\/webdelmaestrocmf.com\\\/portal\\\/wp-content\\\/uploads\\\/2017\\\/02\\\/1.pg_.jpg\",\"keywords\":[\"aula\",\"Dislexia\",\"RECURSOS\",\"TRABAJAR\"],\"articleSection\":[\"Dislexia\",\"Recursos\"],\"inLanguage\":\"es\",\"potentialAction\":[{\"@type\":\"CommentAction\",\"name\":\"Comment\",\"target\":[\"https:\\\/\\\/webdelmaestrocmf.com\\\/portal\\\/la-dislexia-ese-trastorno-oculto-10-recursos-para-trabajar-en-el-aula\\\/#respond\"]}]},{\"@type\":\"WebPage\",\"@id\":\"https:\\\/\\\/webdelmaestrocmf.com\\\/portal\\\/la-dislexia-ese-trastorno-oculto-10-recursos-para-trabajar-en-el-aula\\\/\",\"url\":\"https:\\\/\\\/webdelmaestrocmf.com\\\/portal\\\/la-dislexia-ese-trastorno-oculto-10-recursos-para-trabajar-en-el-aula\\\/\",\"name\":\"Dislexia, diez recursos para trabajar en el aula\",\"isPartOf\":{\"@id\":\"https:\\\/\\\/webdelmaestrocmf.com\\\/portal\\\/#website\"},\"primaryImageOfPage\":{\"@id\":\"https:\\\/\\\/webdelmaestrocmf.com\\\/portal\\\/la-dislexia-ese-trastorno-oculto-10-recursos-para-trabajar-en-el-aula\\\/#primaryimage\"},\"image\":{\"@id\":\"https:\\\/\\\/webdelmaestrocmf.com\\\/portal\\\/la-dislexia-ese-trastorno-oculto-10-recursos-para-trabajar-en-el-aula\\\/#primaryimage\"},\"thumbnailUrl\":\"https:\\\/\\\/webdelmaestrocmf.com\\\/portal\\\/wp-content\\\/uploads\\\/2017\\\/02\\\/1.pg_.jpg\",\"datePublished\":\"2017-02-14T17:17:26+00:00\",\"dateModified\":\"2023-10-15T21:41:47+00:00\",\"description\":\"La dislexia es una \u201cdificultad\u201d en la lectura y la escritura que afecta a algunos ni\u00f1os y que provoca el fracaso escolar. La prevenci\u00f3n...\",\"breadcrumb\":{\"@id\":\"https:\\\/\\\/webdelmaestrocmf.com\\\/portal\\\/la-dislexia-ese-trastorno-oculto-10-recursos-para-trabajar-en-el-aula\\\/#breadcrumb\"},\"inLanguage\":\"es\",\"potentialAction\":[{\"@type\":\"ReadAction\",\"target\":[\"https:\\\/\\\/webdelmaestrocmf.com\\\/portal\\\/la-dislexia-ese-trastorno-oculto-10-recursos-para-trabajar-en-el-aula\\\/\"]}]},{\"@type\":\"ImageObject\",\"inLanguage\":\"es\",\"@id\":\"https:\\\/\\\/webdelmaestrocmf.com\\\/portal\\\/la-dislexia-ese-trastorno-oculto-10-recursos-para-trabajar-en-el-aula\\\/#primaryimage\",\"url\":\"https:\\\/\\\/webdelmaestrocmf.com\\\/portal\\\/wp-content\\\/uploads\\\/2017\\\/02\\\/1.pg_.jpg\",\"contentUrl\":\"https:\\\/\\\/webdelmaestrocmf.com\\\/portal\\\/wp-content\\\/uploads\\\/2017\\\/02\\\/1.pg_.jpg\",\"width\":1100,\"height\":680,\"caption\":\"dislexia dificultad\"},{\"@type\":\"BreadcrumbList\",\"@id\":\"https:\\\/\\\/webdelmaestrocmf.com\\\/portal\\\/la-dislexia-ese-trastorno-oculto-10-recursos-para-trabajar-en-el-aula\\\/#breadcrumb\",\"itemListElement\":[{\"@type\":\"ListItem\",\"position\":1,\"name\":\"Portada\",\"item\":\"https:\\\/\\\/webdelmaestrocmf.com\\\/portal\\\/\"},{\"@type\":\"ListItem\",\"position\":2,\"name\":\"Recursos\",\"item\":\"https:\\\/\\\/webdelmaestrocmf.com\\\/portal\\\/category\\\/pedagogia\\\/\"},{\"@type\":\"ListItem\",\"position\":3,\"name\":\"Dislexia, diez recursos para trabajar en el aula\"}]},{\"@type\":\"WebSite\",\"@id\":\"https:\\\/\\\/webdelmaestrocmf.com\\\/portal\\\/#website\",\"url\":\"https:\\\/\\\/webdelmaestrocmf.com\\\/portal\\\/\",\"name\":\"Web del Maestro CMF\",\"description\":\"Maestros al servicio de la educaci\u00f3n\",\"publisher\":{\"@id\":\"https:\\\/\\\/webdelmaestrocmf.com\\\/portal\\\/#organization\"},\"alternateName\":\"WMCMF\",\"potentialAction\":[{\"@type\":\"SearchAction\",\"target\":{\"@type\":\"EntryPoint\",\"urlTemplate\":\"https:\\\/\\\/webdelmaestrocmf.com\\\/portal\\\/?s={search_term_string}\"},\"query-input\":{\"@type\":\"PropertyValueSpecification\",\"valueRequired\":true,\"valueName\":\"search_term_string\"}}],\"inLanguage\":\"es\"},{\"@type\":\"Organization\",\"@id\":\"https:\\\/\\\/webdelmaestrocmf.com\\\/portal\\\/#organization\",\"name\":\"Web del Maestro CMF\",\"alternateName\":\"WMCMF\",\"url\":\"https:\\\/\\\/webdelmaestrocmf.com\\\/portal\\\/\",\"logo\":{\"@type\":\"ImageObject\",\"inLanguage\":\"es\",\"@id\":\"https:\\\/\\\/webdelmaestrocmf.com\\\/portal\\\/#\\\/schema\\\/logo\\\/image\\\/\",\"url\":\"https:\\\/\\\/webdelmaestrocmf.com\\\/portal\\\/wp-content\\\/uploads\\\/2023\\\/01\\\/logo-wmcmf-2.png\",\"contentUrl\":\"https:\\\/\\\/webdelmaestrocmf.com\\\/portal\\\/wp-content\\\/uploads\\\/2023\\\/01\\\/logo-wmcmf-2.png\",\"width\":200,\"height\":60,\"caption\":\"Web del Maestro CMF\"},\"image\":{\"@id\":\"https:\\\/\\\/webdelmaestrocmf.com\\\/portal\\\/#\\\/schema\\\/logo\\\/image\\\/\"},\"sameAs\":[\"https:\\\/\\\/www.facebook.com\\\/WebdelMaestroCMF\\\/\",\"https:\\\/\\\/x.com\\\/cmf_w\",\"https:\\\/\\\/www.pinterest.com\\\/WMCMF\\\/\",\"https:\\\/\\\/www.linkedin.com\\\/company\\\/web-del-maestro-cmf\\\/\",\"https:\\\/\\\/www.instagram.com\\\/wmcmf\\\/\",\"https:\\\/\\\/www.youtube.com\\\/channel\\\/UCDPSvjbdodE5sHnC3OxutHw\",\"https:\\\/\\\/mastodon.social\\\/@wmcmf\",\"https:\\\/\\\/www.tiktok.com\\\/@webdelmaestrocmf\"]},{\"@type\":\"Person\",\"@id\":\"https:\\\/\\\/webdelmaestrocmf.com\\\/portal\\\/#\\\/schema\\\/person\\\/1072a2ed7bd960df8ef99a551fa35dc5\",\"name\":\"Web del Maestro CMF\",\"image\":{\"@type\":\"ImageObject\",\"inLanguage\":\"es\",\"@id\":\"https:\\\/\\\/secure.gravatar.com\\\/avatar\\\/23291dd5b5ae1077dcff3dbb04c3e02bd28403fa75af6d8787d5e97c5bbbe30b?s=96&d=mm&r=g\",\"url\":\"https:\\\/\\\/secure.gravatar.com\\\/avatar\\\/23291dd5b5ae1077dcff3dbb04c3e02bd28403fa75af6d8787d5e97c5bbbe30b?s=96&d=mm&r=g\",\"contentUrl\":\"https:\\\/\\\/secure.gravatar.com\\\/avatar\\\/23291dd5b5ae1077dcff3dbb04c3e02bd28403fa75af6d8787d5e97c5bbbe30b?s=96&d=mm&r=g\",\"caption\":\"Web del Maestro CMF\"},\"description\":\"Esta Web se cre\u00f3 sin fines de lucro, con fines educativos, cient\u00edficos y acad\u00e9micos, para personas que tengan dificultades y\\\/o inconvenientes en visualizar el material original. El objetivo es entregar recursos, compartir experiencias y materiales que ayuden a los padres de familia, maestros y estudiantes en su actualizaci\u00f3n y formaci\u00f3n permanente, en bien de la Educaci\u00f3n.\",\"sameAs\":[\"http:\\\/\\\/webdelmaestrocmf.com\\\/portal\",\"https:\\\/\\\/www.facebook.com\\\/WebdelMaestroCMF\\\/\",\"https:\\\/\\\/www.instagram.com\\\/wmcmf\\\/\",\"https:\\\/\\\/cl.linkedin.com\\\/company\\\/web-del-maestro-cmf\",\"https:\\\/\\\/www.pinterest.com\\\/WMCMF\\\/publicaciones\\\/\",\"https:\\\/\\\/x.com\\\/cmf_w\",\"https:\\\/\\\/www.youtube.com\\\/@WMCMF\"]}]}<\/script>\n<!-- \/ Yoast SEO plugin. -->","yoast_head_json":{"title":"Dislexia, diez recursos para trabajar en el aula","description":"La dislexia es una \u201cdificultad\u201d en la lectura y la escritura que afecta a algunos ni\u00f1os y que provoca el fracaso escolar. La prevenci\u00f3n...","robots":{"index":"index","follow":"follow","max-snippet":"max-snippet:-1","max-image-preview":"max-image-preview:large","max-video-preview":"max-video-preview:-1"},"canonical":"https:\/\/webdelmaestrocmf.com\/portal\/la-dislexia-ese-trastorno-oculto-10-recursos-para-trabajar-en-el-aula\/","og_locale":"es_ES","og_type":"article","og_title":"Dislexia, diez recursos para trabajar en el aula","og_description":"La dislexia es una \u201cdificultad\u201d en la lectura y la escritura que afecta a algunos ni\u00f1os y que provoca el fracaso escolar. La prevenci\u00f3n...","og_url":"https:\/\/webdelmaestrocmf.com\/portal\/la-dislexia-ese-trastorno-oculto-10-recursos-para-trabajar-en-el-aula\/","og_site_name":"Web del Maestro CMF","article_publisher":"https:\/\/www.facebook.com\/WebdelMaestroCMF\/","article_author":"https:\/\/www.facebook.com\/WebdelMaestroCMF\/","article_published_time":"2017-02-14T17:17:26+00:00","article_modified_time":"2023-10-15T21:41:47+00:00","og_image":[{"width":1100,"height":680,"url":"https:\/\/webdelmaestrocmf.com\/portal\/wp-content\/uploads\/2017\/02\/1.pg_.jpg","type":"image\/jpeg"}],"author":"Web del Maestro CMF","twitter_card":"summary_large_image","twitter_creator":"@cmf_w","twitter_site":"@cmf_w","schema":{"@context":"https:\/\/schema.org","@graph":[{"@type":"ScholarlyArticle","@id":"https:\/\/webdelmaestrocmf.com\/portal\/la-dislexia-ese-trastorno-oculto-10-recursos-para-trabajar-en-el-aula\/#article","isPartOf":{"@id":"https:\/\/webdelmaestrocmf.com\/portal\/la-dislexia-ese-trastorno-oculto-10-recursos-para-trabajar-en-el-aula\/"},"author":{"name":"Web del Maestro CMF","@id":"https:\/\/webdelmaestrocmf.com\/portal\/#\/schema\/person\/1072a2ed7bd960df8ef99a551fa35dc5"},"headline":"Dislexia, diez recursos para trabajar en el aula","datePublished":"2017-02-14T17:17:26+00:00","dateModified":"2023-10-15T21:41:47+00:00","mainEntityOfPage":{"@id":"https:\/\/webdelmaestrocmf.com\/portal\/la-dislexia-ese-trastorno-oculto-10-recursos-para-trabajar-en-el-aula\/"},"wordCount":1094,"commentCount":1,"publisher":{"@id":"https:\/\/webdelmaestrocmf.com\/portal\/#organization"},"image":{"@id":"https:\/\/webdelmaestrocmf.com\/portal\/la-dislexia-ese-trastorno-oculto-10-recursos-para-trabajar-en-el-aula\/#primaryimage"},"thumbnailUrl":"https:\/\/webdelmaestrocmf.com\/portal\/wp-content\/uploads\/2017\/02\/1.pg_.jpg","keywords":["aula","Dislexia","RECURSOS","TRABAJAR"],"articleSection":["Dislexia","Recursos"],"inLanguage":"es","potentialAction":[{"@type":"CommentAction","name":"Comment","target":["https:\/\/webdelmaestrocmf.com\/portal\/la-dislexia-ese-trastorno-oculto-10-recursos-para-trabajar-en-el-aula\/#respond"]}]},{"@type":"WebPage","@id":"https:\/\/webdelmaestrocmf.com\/portal\/la-dislexia-ese-trastorno-oculto-10-recursos-para-trabajar-en-el-aula\/","url":"https:\/\/webdelmaestrocmf.com\/portal\/la-dislexia-ese-trastorno-oculto-10-recursos-para-trabajar-en-el-aula\/","name":"Dislexia, diez recursos para trabajar en el aula","isPartOf":{"@id":"https:\/\/webdelmaestrocmf.com\/portal\/#website"},"primaryImageOfPage":{"@id":"https:\/\/webdelmaestrocmf.com\/portal\/la-dislexia-ese-trastorno-oculto-10-recursos-para-trabajar-en-el-aula\/#primaryimage"},"image":{"@id":"https:\/\/webdelmaestrocmf.com\/portal\/la-dislexia-ese-trastorno-oculto-10-recursos-para-trabajar-en-el-aula\/#primaryimage"},"thumbnailUrl":"https:\/\/webdelmaestrocmf.com\/portal\/wp-content\/uploads\/2017\/02\/1.pg_.jpg","datePublished":"2017-02-14T17:17:26+00:00","dateModified":"2023-10-15T21:41:47+00:00","description":"La dislexia es una \u201cdificultad\u201d en la lectura y la escritura que afecta a algunos ni\u00f1os y que provoca el fracaso escolar. La prevenci\u00f3n...","breadcrumb":{"@id":"https:\/\/webdelmaestrocmf.com\/portal\/la-dislexia-ese-trastorno-oculto-10-recursos-para-trabajar-en-el-aula\/#breadcrumb"},"inLanguage":"es","potentialAction":[{"@type":"ReadAction","target":["https:\/\/webdelmaestrocmf.com\/portal\/la-dislexia-ese-trastorno-oculto-10-recursos-para-trabajar-en-el-aula\/"]}]},{"@type":"ImageObject","inLanguage":"es","@id":"https:\/\/webdelmaestrocmf.com\/portal\/la-dislexia-ese-trastorno-oculto-10-recursos-para-trabajar-en-el-aula\/#primaryimage","url":"https:\/\/webdelmaestrocmf.com\/portal\/wp-content\/uploads\/2017\/02\/1.pg_.jpg","contentUrl":"https:\/\/webdelmaestrocmf.com\/portal\/wp-content\/uploads\/2017\/02\/1.pg_.jpg","width":1100,"height":680,"caption":"dislexia dificultad"},{"@type":"BreadcrumbList","@id":"https:\/\/webdelmaestrocmf.com\/portal\/la-dislexia-ese-trastorno-oculto-10-recursos-para-trabajar-en-el-aula\/#breadcrumb","itemListElement":[{"@type":"ListItem","position":1,"name":"Portada","item":"https:\/\/webdelmaestrocmf.com\/portal\/"},{"@type":"ListItem","position":2,"name":"Recursos","item":"https:\/\/webdelmaestrocmf.com\/portal\/category\/pedagogia\/"},{"@type":"ListItem","position":3,"name":"Dislexia, diez recursos para trabajar en el aula"}]},{"@type":"WebSite","@id":"https:\/\/webdelmaestrocmf.com\/portal\/#website","url":"https:\/\/webdelmaestrocmf.com\/portal\/","name":"Web del Maestro CMF","description":"Maestros al servicio de la educaci\u00f3n","publisher":{"@id":"https:\/\/webdelmaestrocmf.com\/portal\/#organization"},"alternateName":"WMCMF","potentialAction":[{"@type":"SearchAction","target":{"@type":"EntryPoint","urlTemplate":"https:\/\/webdelmaestrocmf.com\/portal\/?s={search_term_string}"},"query-input":{"@type":"PropertyValueSpecification","valueRequired":true,"valueName":"search_term_string"}}],"inLanguage":"es"},{"@type":"Organization","@id":"https:\/\/webdelmaestrocmf.com\/portal\/#organization","name":"Web del Maestro CMF","alternateName":"WMCMF","url":"https:\/\/webdelmaestrocmf.com\/portal\/","logo":{"@type":"ImageObject","inLanguage":"es","@id":"https:\/\/webdelmaestrocmf.com\/portal\/#\/schema\/logo\/image\/","url":"https:\/\/webdelmaestrocmf.com\/portal\/wp-content\/uploads\/2023\/01\/logo-wmcmf-2.png","contentUrl":"https:\/\/webdelmaestrocmf.com\/portal\/wp-content\/uploads\/2023\/01\/logo-wmcmf-2.png","width":200,"height":60,"caption":"Web del Maestro CMF"},"image":{"@id":"https:\/\/webdelmaestrocmf.com\/portal\/#\/schema\/logo\/image\/"},"sameAs":["https:\/\/www.facebook.com\/WebdelMaestroCMF\/","https:\/\/x.com\/cmf_w","https:\/\/www.pinterest.com\/WMCMF\/","https:\/\/www.linkedin.com\/company\/web-del-maestro-cmf\/","https:\/\/www.instagram.com\/wmcmf\/","https:\/\/www.youtube.com\/channel\/UCDPSvjbdodE5sHnC3OxutHw","https:\/\/mastodon.social\/@wmcmf","https:\/\/www.tiktok.com\/@webdelmaestrocmf"]},{"@type":"Person","@id":"https:\/\/webdelmaestrocmf.com\/portal\/#\/schema\/person\/1072a2ed7bd960df8ef99a551fa35dc5","name":"Web del Maestro CMF","image":{"@type":"ImageObject","inLanguage":"es","@id":"https:\/\/secure.gravatar.com\/avatar\/23291dd5b5ae1077dcff3dbb04c3e02bd28403fa75af6d8787d5e97c5bbbe30b?s=96&d=mm&r=g","url":"https:\/\/secure.gravatar.com\/avatar\/23291dd5b5ae1077dcff3dbb04c3e02bd28403fa75af6d8787d5e97c5bbbe30b?s=96&d=mm&r=g","contentUrl":"https:\/\/secure.gravatar.com\/avatar\/23291dd5b5ae1077dcff3dbb04c3e02bd28403fa75af6d8787d5e97c5bbbe30b?s=96&d=mm&r=g","caption":"Web del Maestro CMF"},"description":"Esta Web se cre\u00f3 sin fines de lucro, con fines educativos, cient\u00edficos y acad\u00e9micos, para personas que tengan dificultades y\/o inconvenientes en visualizar el material original. El objetivo es entregar recursos, compartir experiencias y materiales que ayuden a los padres de familia, maestros y estudiantes en su actualizaci\u00f3n y formaci\u00f3n permanente, en bien de la Educaci\u00f3n.","sameAs":["http:\/\/webdelmaestrocmf.com\/portal","https:\/\/www.facebook.com\/WebdelMaestroCMF\/","https:\/\/www.instagram.com\/wmcmf\/","https:\/\/cl.linkedin.com\/company\/web-del-maestro-cmf","https:\/\/www.pinterest.com\/WMCMF\/publicaciones\/","https:\/\/x.com\/cmf_w","https:\/\/www.youtube.com\/@WMCMF"]}]}},"jetpack_featured_media_url":"https:\/\/webdelmaestrocmf.com\/portal\/wp-content\/uploads\/2017\/02\/1.pg_.jpg","jetpack_sharing_enabled":true,"jetpack-related-posts":[{"id":115027,"url":"https:\/\/webdelmaestrocmf.com\/portal\/cuestionarios-de-observacion-docente-para-la-deteccion-temprana-de-dislexia-y-discalculia\/","url_meta":{"origin":14790,"position":0},"title":"Cuestionarios de observaci\u00f3n docente para la detecci\u00f3n temprana de dislexia y discalculia","author":"Web del Maestro CMF","date":"28 enero, 2026","format":false,"excerpt":"Detectar dislexia y discalculia a tiempo exige observaci\u00f3n sistem\u00e1tica, evidencia pedag\u00f3gica y herramientas docentes claras que orienten apoyos educativos tempranos.","rel":"","context":"En \u00abDescargas Manuales PDF\u00bb","block_context":{"text":"Descargas Manuales PDF","link":"https:\/\/webdelmaestrocmf.com\/portal\/category\/pedagogia\/descargas-manuales-pdf\/"},"img":{"alt_text":"","src":"https:\/\/i0.wp.com\/webdelmaestrocmf.com\/portal\/wp-content\/uploads\/2026\/01\/1A-Banner-1-portada-imagen-10-1-copia-3-7.webp?resize=350%2C200&ssl=1","width":350,"height":200,"srcset":"https:\/\/i0.wp.com\/webdelmaestrocmf.com\/portal\/wp-content\/uploads\/2026\/01\/1A-Banner-1-portada-imagen-10-1-copia-3-7.webp?resize=350%2C200&ssl=1 1x, https:\/\/i0.wp.com\/webdelmaestrocmf.com\/portal\/wp-content\/uploads\/2026\/01\/1A-Banner-1-portada-imagen-10-1-copia-3-7.webp?resize=525%2C300&ssl=1 1.5x, https:\/\/i0.wp.com\/webdelmaestrocmf.com\/portal\/wp-content\/uploads\/2026\/01\/1A-Banner-1-portada-imagen-10-1-copia-3-7.webp?resize=700%2C400&ssl=1 2x"},"classes":[]},{"id":7738,"url":"https:\/\/webdelmaestrocmf.com\/portal\/como-trabajar-la-dislexia-en-el-aprendizaje-de-idiomas\/","url_meta":{"origin":14790,"position":1},"title":"Qu\u00e9 es la dislexia: s\u00edntomas, causas, tipos y tratamientos","author":"Web del Maestro CMF","date":"4 noviembre, 2023","format":false,"excerpt":"La dislexia es un trastorno del aprendizaje que afecta la capacidad de una persona para leer, escribir y deletrear. Las personas con dislexia tienen dificultades para procesar la informaci\u00f3n verbal, lo que puede dificultarles la comprensi\u00f3n de lo que leen. La dislexia, un t\u00e9rmino que a menudo se escucha pero\u2026","rel":"","context":"En \u00abDislexia\u00bb","block_context":{"text":"Dislexia","link":"https:\/\/webdelmaestrocmf.com\/portal\/category\/pedagogia\/dislexia\/"},"img":{"alt_text":"Dislexia","src":"https:\/\/i0.wp.com\/webdelmaestrocmf.com\/portal\/wp-content\/uploads\/2021\/07\/1B-1.jpg?resize=350%2C200&ssl=1","width":350,"height":200,"srcset":"https:\/\/i0.wp.com\/webdelmaestrocmf.com\/portal\/wp-content\/uploads\/2021\/07\/1B-1.jpg?resize=350%2C200&ssl=1 1x, https:\/\/i0.wp.com\/webdelmaestrocmf.com\/portal\/wp-content\/uploads\/2021\/07\/1B-1.jpg?resize=525%2C300&ssl=1 1.5x, https:\/\/i0.wp.com\/webdelmaestrocmf.com\/portal\/wp-content\/uploads\/2021\/07\/1B-1.jpg?resize=700%2C400&ssl=1 2x"},"classes":[]},{"id":44228,"url":"https:\/\/webdelmaestrocmf.com\/portal\/nuria-pons-la-dislexia-no-se-cura-porque-no-es-una-enfermedad-y-si-los-errores-se-pueden-corregir-y-mejorar\/","url_meta":{"origin":14790,"position":2},"title":"Nuria Pons: La dislexia no se cura porque no es una enfermedad. Y s\u00ed, los errores se pueden corregir y mejorar","author":"Web del Maestro CMF","date":"12 febrero, 2020","format":false,"excerpt":"La Licenciada Nuria Pons Comellas (1984) ciudadana espa\u00f1ol nacida en Ma\u00f3 \u00a0(Menorca), se ha propuesto \u201cdar a conocer qu\u00e9 es la dislexia desde el punto de vista del propio disl\u00e9xico, para alzar la voz con su testimonio del sentir de miles de personas diagnosticadas o no\u201d. Y para nosotros como\u2026","rel":"","context":"En \u00abEntrevistas\u00bb","block_context":{"text":"Entrevistas","link":"https:\/\/webdelmaestrocmf.com\/portal\/category\/noticias\/entrevistas\/"},"img":{"alt_text":"","src":"https:\/\/i0.wp.com\/webdelmaestrocmf.com\/portal\/wp-content\/uploads\/2020\/02\/2-14.jpg?resize=350%2C200&ssl=1","width":350,"height":200,"srcset":"https:\/\/i0.wp.com\/webdelmaestrocmf.com\/portal\/wp-content\/uploads\/2020\/02\/2-14.jpg?resize=350%2C200&ssl=1 1x, https:\/\/i0.wp.com\/webdelmaestrocmf.com\/portal\/wp-content\/uploads\/2020\/02\/2-14.jpg?resize=525%2C300&ssl=1 1.5x, https:\/\/i0.wp.com\/webdelmaestrocmf.com\/portal\/wp-content\/uploads\/2020\/02\/2-14.jpg?resize=700%2C400&ssl=1 2x, https:\/\/i0.wp.com\/webdelmaestrocmf.com\/portal\/wp-content\/uploads\/2020\/02\/2-14.jpg?resize=1050%2C600&ssl=1 3x"},"classes":[]},{"id":97532,"url":"https:\/\/webdelmaestrocmf.com\/portal\/cuaderno-de-ejercicios-para-trabajar-la-dislexia\/","url_meta":{"origin":14790,"position":3},"title":"Cuaderno de ejercicios para trabajar la dislexia","author":"Web del Maestro CMF","date":"15 octubre, 2023","format":false,"excerpt":"La dislexia, un trastorno espec\u00edfico de aprendizaje que afecta a la lectura, la escritura y el c\u00e1lculo, presenta desaf\u00edos significativos en el entorno educativo. Los docentes desempe\u00f1an un papel esencial en la identificaci\u00f3n y el apoyo de los estudiantes que enfrentan esta condici\u00f3n. Para abordar las necesidades espec\u00edficas de estos\u2026","rel":"","context":"En \u00abCuadernillos\u00bb","block_context":{"text":"Cuadernillos","link":"https:\/\/webdelmaestrocmf.com\/portal\/category\/pedagogia\/cuadernillos\/"},"img":{"alt_text":"cuaderno de ejercicios dislexia","src":"https:\/\/i0.wp.com\/webdelmaestrocmf.com\/portal\/wp-content\/uploads\/2023\/10\/A12B3C4D-1-4.jpg?resize=350%2C200&ssl=1","width":350,"height":200,"srcset":"https:\/\/i0.wp.com\/webdelmaestrocmf.com\/portal\/wp-content\/uploads\/2023\/10\/A12B3C4D-1-4.jpg?resize=350%2C200&ssl=1 1x, https:\/\/i0.wp.com\/webdelmaestrocmf.com\/portal\/wp-content\/uploads\/2023\/10\/A12B3C4D-1-4.jpg?resize=525%2C300&ssl=1 1.5x, https:\/\/i0.wp.com\/webdelmaestrocmf.com\/portal\/wp-content\/uploads\/2023\/10\/A12B3C4D-1-4.jpg?resize=700%2C400&ssl=1 2x"},"classes":[]},{"id":43518,"url":"https:\/\/webdelmaestrocmf.com\/portal\/emilio-fernandez-un-porcentaje-de-los-educadores-han-tenido-una-formacion-en-la-cual-no-se-ha-prestado-atencion-al-tdah-dislexia-discalculia\/","url_meta":{"origin":14790,"position":4},"title":"Emilio Fern\u00e1ndez: Un porcentaje de los educadores han tenido una formaci\u00f3n en la cual no se ha prestado atenci\u00f3n al Tdah, Dislexia o la Discalculia","author":"Web del Maestro CMF","date":"17 enero, 2020","format":false,"excerpt":"Emilio Fern\u00e1ndez, un destacado experto en educaci\u00f3n, arroja luz sobre una preocupaci\u00f3n fundamental en el campo pedag\u00f3gico: la formaci\u00f3n de educadores. Su an\u00e1lisis revela que un porcentaje significativo de estos profesionales ha atravesado procesos de formaci\u00f3n en los cuales no se ha prestado la debida atenci\u00f3n a las condiciones como\u2026","rel":"","context":"En \u00abEntrevistas\u00bb","block_context":{"text":"Entrevistas","link":"https:\/\/webdelmaestrocmf.com\/portal\/category\/noticias\/entrevistas\/"},"img":{"alt_text":"Emilio Fern\u00e1ndez","src":"https:\/\/i0.wp.com\/webdelmaestrocmf.com\/portal\/wp-content\/uploads\/2020\/01\/1-46.jpg?resize=350%2C200&ssl=1","width":350,"height":200,"srcset":"https:\/\/i0.wp.com\/webdelmaestrocmf.com\/portal\/wp-content\/uploads\/2020\/01\/1-46.jpg?resize=350%2C200&ssl=1 1x, https:\/\/i0.wp.com\/webdelmaestrocmf.com\/portal\/wp-content\/uploads\/2020\/01\/1-46.jpg?resize=525%2C300&ssl=1 1.5x, https:\/\/i0.wp.com\/webdelmaestrocmf.com\/portal\/wp-content\/uploads\/2020\/01\/1-46.jpg?resize=700%2C400&ssl=1 2x, https:\/\/i0.wp.com\/webdelmaestrocmf.com\/portal\/wp-content\/uploads\/2020\/01\/1-46.jpg?resize=1050%2C600&ssl=1 3x"},"classes":[]},{"id":44792,"url":"https:\/\/webdelmaestrocmf.com\/portal\/en-todas-las-clases-hay-dos-o-tres-ninos-con-dislexia\/","url_meta":{"origin":14790,"position":5},"title":"En todas las clases hay dos o tres ni\u00f1os con dislexia","author":"Web del Maestro CMF","date":"26 febrero, 2020","format":"video","excerpt":"Luz Rello S\u00e1nchez (1984, Madrid, Espa\u00f1a), es una investigadora sobre la dislexia. Es doctora en inform\u00e1tica por la Universidad Pompeu Fabra. (Barcelona, Espa\u00f1a), licenciada en Ling\u00fc\u00edstica (Universidad Complutense de Madrid, Espa\u00f1a) \u00a0y tiene un m\u00e1ster en Procesamiento del Lenguaje Natural (University of Wolverhampton, Reino Unido). Se convirti\u00f3 en la primera\u2026","rel":"","context":"En \u00abCharlas\u00bb","block_context":{"text":"Charlas","link":"https:\/\/webdelmaestrocmf.com\/portal\/category\/charlas\/"},"img":{"alt_text":"","src":"https:\/\/i0.wp.com\/webdelmaestrocmf.com\/portal\/wp-content\/uploads\/2020\/02\/1-57.jpg?resize=350%2C200&ssl=1","width":350,"height":200,"srcset":"https:\/\/i0.wp.com\/webdelmaestrocmf.com\/portal\/wp-content\/uploads\/2020\/02\/1-57.jpg?resize=350%2C200&ssl=1 1x, https:\/\/i0.wp.com\/webdelmaestrocmf.com\/portal\/wp-content\/uploads\/2020\/02\/1-57.jpg?resize=525%2C300&ssl=1 1.5x, https:\/\/i0.wp.com\/webdelmaestrocmf.com\/portal\/wp-content\/uploads\/2020\/02\/1-57.jpg?resize=700%2C400&ssl=1 2x, https:\/\/i0.wp.com\/webdelmaestrocmf.com\/portal\/wp-content\/uploads\/2020\/02\/1-57.jpg?resize=1050%2C600&ssl=1 3x"},"classes":[]}],"_links":{"self":[{"href":"https:\/\/webdelmaestrocmf.com\/portal\/wp-json\/wp\/v2\/posts\/14790","targetHints":{"allow":["GET"]}}],"collection":[{"href":"https:\/\/webdelmaestrocmf.com\/portal\/wp-json\/wp\/v2\/posts"}],"about":[{"href":"https:\/\/webdelmaestrocmf.com\/portal\/wp-json\/wp\/v2\/types\/post"}],"author":[{"embeddable":true,"href":"https:\/\/webdelmaestrocmf.com\/portal\/wp-json\/wp\/v2\/users\/1"}],"replies":[{"embeddable":true,"href":"https:\/\/webdelmaestrocmf.com\/portal\/wp-json\/wp\/v2\/comments?post=14790"}],"version-history":[{"count":0,"href":"https:\/\/webdelmaestrocmf.com\/portal\/wp-json\/wp\/v2\/posts\/14790\/revisions"}],"wp:featuredmedia":[{"embeddable":true,"href":"https:\/\/webdelmaestrocmf.com\/portal\/wp-json\/wp\/v2\/media\/71517"}],"wp:attachment":[{"href":"https:\/\/webdelmaestrocmf.com\/portal\/wp-json\/wp\/v2\/media?parent=14790"}],"wp:term":[{"taxonomy":"category","embeddable":true,"href":"https:\/\/webdelmaestrocmf.com\/portal\/wp-json\/wp\/v2\/categories?post=14790"},{"taxonomy":"post_tag","embeddable":true,"href":"https:\/\/webdelmaestrocmf.com\/portal\/wp-json\/wp\/v2\/tags?post=14790"}],"curies":[{"name":"wp","href":"https:\/\/api.w.org\/{rel}","templated":true}]}}