{"id":14704,"date":"2023-08-31T11:58:06","date_gmt":"2023-08-31T15:58:06","guid":{"rendered":"http:\/\/webdelmaestrocmf.com\/portal\/?p=14704"},"modified":"2023-08-31T12:13:39","modified_gmt":"2023-08-31T16:13:39","slug":"problemas-del-sistema-educativo-tradicional","status":"publish","type":"post","link":"https:\/\/webdelmaestrocmf.com\/portal\/problemas-del-sistema-educativo-tradicional\/","title":{"rendered":"Problemas del Sistema Educativo Tradicional (Actual)"},"content":{"rendered":"<p style=\"text-align: justify;\"><strong>En la actualidad, el sistema educativo tradicional enfrenta una serie de desaf\u00edos que han suscitado un debate constante sobre su efectividad y relevancia en un mundo en constante cambio. A pesar de su larga historia como m\u00e9todo predominante de ense\u00f1anza, este enfoque ha sido objeto de cr\u00edticas debido a diversos problemas que pueden limitar su capacidad para cumplir con las demandas educativas y sociales contempor\u00e1neas.<\/strong><!--more--><\/p>\n<p style=\"text-align: justify;\">Desde la falta de adaptabilidad y personalizaci\u00f3n hasta la desconexi\u00f3n con las habilidades pr\u00e1cticas necesarias en la vida moderna, los desaf\u00edos del sistema educativo tradicional han llevado a la b\u00fasqueda de enfoques m\u00e1s flexibles e innovadores que respondan mejor a las necesidades de los estudiantes y a las exigencias cambiantes de la sociedad. En esta exploraci\u00f3n, examinaremos los problemas clave que aquejan al sistema educativo tradicional y c\u00f3mo estos han influido en la b\u00fasqueda de soluciones educativas m\u00e1s efectivas y relevantes.<\/p>\n<p style=\"text-align: justify;\" data-sourcepos=\"1:1-1:92\">El sistema educativo tradicional ha sido criticado por una serie de problemas, que incluyen:<\/p>\n<ul style=\"text-align: justify;\" data-sourcepos=\"3:1-7:0\">\n<li data-sourcepos=\"3:1-3:254\"><strong>Enfoque en la memorizaci\u00f3n:<\/strong>\u00a0El sistema educativo tradicional se centra en la memorizaci\u00f3n de hechos y conceptos. Esto puede ser contraproducente para el aprendizaje, ya que los estudiantes a menudo olvidan lo que han aprendido despu\u00e9s de un examen.<\/li>\n<li data-sourcepos=\"4:1-4:289\"><strong>Aprendizaje pasivo:<\/strong>\u00a0El sistema educativo tradicional se centra en la ense\u00f1anza expositiva, en la que el docente transmite informaci\u00f3n a los estudiantes. Esto puede limitar la participaci\u00f3n de los estudiantes en el aprendizaje y puede hacer que el aprendizaje sea menos significativo.<\/li>\n<li data-sourcepos=\"5:1-5:290\"><strong>Estandarizaci\u00f3n:<\/strong>\u00a0El sistema educativo tradicional est\u00e1 estandarizado, lo que significa que todos los estudiantes deben seguir el mismo plan de estudios y las mismas evaluaciones. Esto puede no ser adecuado para todos los estudiantes, ya que tienen diferentes fortalezas y debilidades.<\/li>\n<li data-sourcepos=\"6:1-7:0\"><strong>Desconexi\u00f3n con el mundo real:<\/strong>\u00a0El sistema educativo tradicional a menudo est\u00e1 desconectado del mundo real. Los estudiantes pueden no aprender las habilidades y el conocimiento que necesitan para ser exitosos en la vida adulta.<\/li>\n<\/ul>\n<p style=\"text-align: justify;\" data-sourcepos=\"8:1-8:120\">Estos problemas han llevado a una creciente demanda de reformas educativas. Algunas de las reformas propuestas incluyen:<\/p>\n<ul style=\"text-align: justify;\" data-sourcepos=\"10:1-13:0\">\n<li data-sourcepos=\"10:1-10:261\"><strong>Enfatizar el aprendizaje activo:<\/strong>\u00a0Los estudiantes deben ser m\u00e1s activos en el proceso de aprendizaje. Esto puede incluir el uso de m\u00e9todos de ense\u00f1anza m\u00e1s interactivos, como la colaboraci\u00f3n, la resoluci\u00f3n de problemas y el aprendizaje basado en proyectos.<\/li>\n<li data-sourcepos=\"11:1-11:229\"><strong>Personalizar el aprendizaje:<\/strong>\u00a0El aprendizaje debe adaptarse a las necesidades individuales de los estudiantes. Esto puede incluir el uso de m\u00e9todos de evaluaci\u00f3n m\u00e1s flexibles y el ofrecer m\u00e1s opciones de cursos y programas.<\/li>\n<li data-sourcepos=\"12:1-13:0\"><strong>Conectar el aprendizaje con el mundo real:<\/strong>\u00a0El aprendizaje debe ser relevante para el mundo real. Los estudiantes deben tener la oportunidad de aplicar lo que aprenden a situaciones del mundo real.<\/li>\n<\/ul>\n<p style=\"text-align: justify;\">Aqu\u00ed tienes algunos de los problemas que suelen ser asociados con el sistema educativo tradicional en la actualidad:<\/p>\n<ol style=\"text-align: justify;\">\n<li><strong>Falta de personalizaci\u00f3n:<\/strong> Los m\u00e9todos tradicionales tienden a adoptar un enfoque \u00fanico para todos los estudiantes, lo que puede no satisfacer las necesidades individuales y estilos de aprendizaje.<\/li>\n<li><strong>Fomento de la memorizaci\u00f3n:<\/strong> En lugar de enfocarse en el entendimiento profundo, los sistemas tradicionales a menudo enfatizan la memorizaci\u00f3n de datos, lo que limita el desarrollo de habilidades cr\u00edticas como el pensamiento cr\u00edtico y la resoluci\u00f3n de problemas.<\/li>\n<li><strong>Desactualizaci\u00f3n curricular:<\/strong> Los planes de estudio pueden no mantenerse al d\u00eda con los avances tecnol\u00f3gicos y cambios en la sociedad, lo que resulta en una desconexi\u00f3n entre lo que se ense\u00f1a y lo que es relevante en el mundo actual.<\/li>\n<li><strong>Falta de participaci\u00f3n activa:<\/strong> Los m\u00e9todos tradicionales suelen tener un enfoque pasivo, donde los estudiantes son receptores de informaci\u00f3n en lugar de participantes activos en su aprendizaje.<\/li>\n<li><strong>\u00c9nfasis en la evaluaci\u00f3n sumativa:<\/strong> Las evaluaciones finales se utilizan a menudo para medir el \u00e9xito, lo que puede crear una mentalidad de \u00abaprobar o reprobar\u00bb en lugar de promover el aprendizaje continuo.<\/li>\n<li><strong>Rigidez en la estructura:<\/strong> Los sistemas tradicionales pueden ser inflexibles en t\u00e9rminos de horarios, asignaturas obligatorias y m\u00e9todos de ense\u00f1anza, lo que puede limitar la adaptaci\u00f3n a las necesidades cambiantes.<\/li>\n<li><strong>Falta de enfoque en habilidades pr\u00e1cticas:<\/strong> Puede haber una desconexi\u00f3n entre lo que se ense\u00f1a en el aula y las habilidades pr\u00e1cticas necesarias en la vida real y en el mundo laboral.<\/li>\n<li><strong>Desmotivaci\u00f3n y desinter\u00e9s:<\/strong> El enfoque repetitivo y centrado en la memorizaci\u00f3n puede llevar a la desmotivaci\u00f3n y el desinter\u00e9s en los estudiantes.<\/li>\n<li><strong>Desigualdad en el acceso:<\/strong> Los sistemas educativos tradicionales a veces pueden agravar las desigualdades, ya que no todos los estudiantes tienen igual acceso a recursos y oportunidades educativas.<\/li>\n<li><strong>Escasa preparaci\u00f3n para el mundo laboral:<\/strong> Muchos sistemas tradicionales no enfatizan suficientemente el desarrollo de habilidades necesarias para tener \u00e9xito en el mundo laboral, como habilidades de comunicaci\u00f3n, trabajo en equipo y resoluci\u00f3n de problemas.<\/li>\n<\/ol>\n<p style=\"text-align: justify;\" data-sourcepos=\"14:1-14:197\">Las reformas educativas son un esfuerzo continuo. Es importante encontrar formas de mejorar el sistema educativo tradicional para que pueda preparar a los estudiantes para el \u00e9xito en el siglo XXI.<\/p>\n<p data-sourcepos=\"14:1-14:197\"><img loading=\"lazy\" decoding=\"async\" class=\"alignnone size-full wp-image-93641\" src=\"https:\/\/webdelmaestrocmf.com\/portal\/wp-content\/uploads\/2017\/02\/A12B3C4DCV2-41.jpg\" alt=\"Sistema Educativo\" width=\"800\" height=\"440\" srcset=\"https:\/\/webdelmaestrocmf.com\/portal\/wp-content\/uploads\/2017\/02\/A12B3C4DCV2-41.jpg 800w, https:\/\/webdelmaestrocmf.com\/portal\/wp-content\/uploads\/2017\/02\/A12B3C4DCV2-41-300x165.jpg 300w, https:\/\/webdelmaestrocmf.com\/portal\/wp-content\/uploads\/2017\/02\/A12B3C4DCV2-41-768x422.jpg 768w, https:\/\/webdelmaestrocmf.com\/portal\/wp-content\/uploads\/2017\/02\/A12B3C4DCV2-41-380x209.jpg 380w, https:\/\/webdelmaestrocmf.com\/portal\/wp-content\/uploads\/2017\/02\/A12B3C4DCV2-41-550x303.jpg 550w\" sizes=\"auto, (max-width: 800px) 100vw, 800px\" \/><\/p>\n<p style=\"text-align: right;\" data-sourcepos=\"14:1-14:197\"><strong>REDACCI\u00d3N WEB DEL MAESTRO CMF<\/strong><\/p>\n<p data-sourcepos=\"14:1-14:197\">\t\t<div class=\"pk-inline-posts\">\n\t\t\t\n\t\t\t<div class=\"pk-inline-posts-container pk-inline-posts-template-list\"\n\t\t\t\tdata-columns=\"1\">\n\t\t\t\t\t\t<article id=\"post-114355\" class=\"post-114355 post type-post status-publish format-standard has-post-thumbnail category-docentes category-noticias-pedagogia category-pedagogia tag-derechos-del-nino tag-docentes-en-redes-sociales tag-educacion-responsable tag-etica-docente tag-legislacion-educativa tag-privacidad-infantil tag-profesores-influencers tag-proteccion-de-datos tag-uso-de-imagen cs-entry cs-video-wrap\">\n\t\t\t<div class=\"pk-post-outer\">\n\n\t\t\t\t\t\t\t\t<div class=\"pk-post-inner\">\n\t\t\t\t\t<div class=\"entry-thumbnail\">\n\t\t\t\t\t\t<div class=\"pk-overlay pk-overlay-ratio pk-ratio-landscape\">\n\t\t\t\t\t\t\t<div class=\"pk-overlay-background\">\n\t\t\t\t\t\t\t\t<a href=\"https:\/\/webdelmaestrocmf.com\/portal\/atencion-profesores-tiktokers-por-que-no-pueden-usar-imagenes-fotos-de-sus-estudiantes-en-redes-sociales-personales\/\" class=\"pk-overlay-link\">\n\t\t\t\t\t\t\t\t\t<img loading=\"lazy\" decoding=\"async\" width=\"300\" height=\"225\" src=\"https:\/\/webdelmaestrocmf.com\/portal\/wp-content\/uploads\/2025\/12\/1A-Banner-1-portada-imagen-10-1-copia-1-18-300x225.webp\" class=\"attachment-pk-thumbnail size-pk-thumbnail wp-post-image\" alt=\"\" \/>\t\t\t\t\t\t\t\t<\/a>\n\t\t\t\t\t\t\t<\/div>\n\t\t\t\t\t\t<\/div>\n\t\t\t\t\t<\/div>\n\t\t\t\t<\/div>\n\t\t\t\t\n\t\t\t\t<div class=\"pk-post-inner\">\n\t\t\t\t\t<header>\n\t\t\t\t\t\t<h3 class=\"pk-title\"><a href=\"https:\/\/webdelmaestrocmf.com\/portal\/atencion-profesores-tiktokers-por-que-no-pueden-usar-imagenes-fotos-de-sus-estudiantes-en-redes-sociales-personales\/\" rel=\"bookmark\">Atenci\u00f3n, profesores tiktokers: por qu\u00e9 no pueden usar im\u00e1genes (fotos) de sus estudiantes en redes sociales personales<\/a><\/h3>\t\t\t\t\t<\/header><!-- .entry-header -->\n\t\t\t\t<\/div><!-- .post-inner -->\n\n\t\t\t<\/div><!-- .post-outer -->\n\t\t<\/article>\n\t\t\t<article id=\"post-112860\" class=\"post-112860 post type-post status-publish format-standard has-post-thumbnail category-noticias-pedagogia category-pedagogia tag-aciertov tag-atencion-2 tag-busca tag-conciencia tag-despertar tag-exageracion tag-llamado tag-profesor cs-entry cs-video-wrap\">\n\t\t\t<div class=\"pk-post-outer\">\n\n\t\t\t\t\t\t\t\t<div class=\"pk-post-inner\">\n\t\t\t\t\t<div class=\"entry-thumbnail\">\n\t\t\t\t\t\t<div class=\"pk-overlay pk-overlay-ratio pk-ratio-landscape\">\n\t\t\t\t\t\t\t<div class=\"pk-overlay-background\">\n\t\t\t\t\t\t\t\t<a href=\"https:\/\/webdelmaestrocmf.com\/portal\/exageracion-o-acierto-el-llamado-de-atencion-de-un-profesor-que-busca-despertar-conciencia\/\" class=\"pk-overlay-link\">\n\t\t\t\t\t\t\t\t\t<img loading=\"lazy\" decoding=\"async\" width=\"300\" height=\"225\" src=\"https:\/\/webdelmaestrocmf.com\/portal\/wp-content\/uploads\/2025\/10\/1A-Banner-1-portada-imagen-10-1-copia-2-2-300x225.webp\" class=\"attachment-pk-thumbnail size-pk-thumbnail wp-post-image\" alt=\"\" \/>\t\t\t\t\t\t\t\t<\/a>\n\t\t\t\t\t\t\t<\/div>\n\t\t\t\t\t\t<\/div>\n\t\t\t\t\t<\/div>\n\t\t\t\t<\/div>\n\t\t\t\t\n\t\t\t\t<div class=\"pk-post-inner\">\n\t\t\t\t\t<header>\n\t\t\t\t\t\t<h3 class=\"pk-title\"><a href=\"https:\/\/webdelmaestrocmf.com\/portal\/exageracion-o-acierto-el-llamado-de-atencion-de-un-profesor-que-busca-despertar-conciencia\/\" rel=\"bookmark\">\u00bfExageraci\u00f3n o acierto? El llamado de atenci\u00f3n de un profesor que busca despertar conciencia: \u00a1Por favor dejar de ver las redes sociales!<\/a><\/h3>\t\t\t\t\t<\/header><!-- .entry-header -->\n\t\t\t\t<\/div><!-- .post-inner -->\n\n\t\t\t<\/div><!-- .post-outer -->\n\t\t<\/article>\n\t\t\t<article id=\"post-112674\" class=\"post-112674 post type-post status-publish format-standard has-post-thumbnail category-noticias-pedagogia category-pedagogia tag-critica tag-fuerte tag-infantil tag-profesora cs-entry cs-video-wrap\">\n\t\t\t<div class=\"pk-post-outer\">\n\n\t\t\t\t\t\t\t\t<div class=\"pk-post-inner\">\n\t\t\t\t\t<div class=\"entry-thumbnail\">\n\t\t\t\t\t\t<div class=\"pk-overlay pk-overlay-ratio pk-ratio-landscape\">\n\t\t\t\t\t\t\t<div class=\"pk-overlay-background\">\n\t\t\t\t\t\t\t\t<a href=\"https:\/\/webdelmaestrocmf.com\/portal\/fuerte-critica-de-una-profesora-de-infantil-las-escuelas-del-siglo-xxi-no-pueden-tener-aulas-del-siglo-pasado-de-poco-me-va-a-servir-que-me-pongan-una-pizarra-digital\/\" class=\"pk-overlay-link\">\n\t\t\t\t\t\t\t\t\t<img loading=\"lazy\" decoding=\"async\" width=\"300\" height=\"225\" src=\"https:\/\/webdelmaestrocmf.com\/portal\/wp-content\/uploads\/2025\/10\/1A-Banner-1-portada-imagen-10-1-copia-9-1-300x225.webp\" class=\"attachment-pk-thumbnail size-pk-thumbnail wp-post-image\" alt=\"\" \/>\t\t\t\t\t\t\t\t<\/a>\n\t\t\t\t\t\t\t<\/div>\n\t\t\t\t\t\t<\/div>\n\t\t\t\t\t<\/div>\n\t\t\t\t<\/div>\n\t\t\t\t\n\t\t\t\t<div class=\"pk-post-inner\">\n\t\t\t\t\t<header>\n\t\t\t\t\t\t<h3 class=\"pk-title\"><a href=\"https:\/\/webdelmaestrocmf.com\/portal\/fuerte-critica-de-una-profesora-de-infantil-las-escuelas-del-siglo-xxi-no-pueden-tener-aulas-del-siglo-pasado-de-poco-me-va-a-servir-que-me-pongan-una-pizarra-digital\/\" rel=\"bookmark\">Fuerte cr\u00edtica de una profesora de infantil: Las escuelas del siglo XXI no pueden tener aulas del siglo pasado: \u201cDe poco me va a servir que me pongan una pizarra digital\u201d<\/a><\/h3>\t\t\t\t\t<\/header><!-- .entry-header -->\n\t\t\t\t<\/div><!-- .post-inner -->\n\n\t\t\t<\/div><!-- .post-outer -->\n\t\t<\/article>\n\t\t\t\t<\/div>\n\t\t<\/div>\n\t\t<\/p>\n","protected":false},"excerpt":{"rendered":"En la actualidad, el sistema educativo tradicional enfrenta una serie de desaf\u00edos que han suscitado un debate constante&hellip;","protected":false},"author":1,"featured_media":93644,"comment_status":"open","ping_status":"open","sticky":false,"template":"","format":"standard","meta":{"csco_display_header_overlay":false,"csco_singular_sidebar":"default","csco_page_header_type":"default","csco_page_load_nextpost":"default","csco_post_video_location":[],"csco_post_video_location_hash":"","csco_post_video_url":"","csco_post_video_bg_start_time":0,"csco_post_video_bg_end_time":0,"csco_post_video_bg_volume":false,"_jetpack_memberships_contains_paid_content":false,"footnotes":""},"categories":[5375,735],"tags":[3655,18246,19733,19745,19754,19743,19739,19753,19737,19742,19736,19750,828,19744,19732,19749,19738,16409,17628,17191,19752,19751,19741,19735,19746,19748,271,19740,19755,19747,186,19734,1625,1810],"class_list":{"0":"post-14704","1":"post","2":"type-post","3":"status-publish","4":"format-standard","5":"has-post-thumbnail","7":"category-noticias-pedagogia","8":"category-pedagogia","9":"tag-aprendizaje-activo","10":"tag-brecha-tecnologica","11":"tag-desactualizacion-curricular","12":"tag-desactualizacion-de-contenidos","13":"tag-desalineacion-con-el-mercado-laboral","14":"tag-desconexion-con-habilidades-practicas","15":"tag-desconexion-con-la-vida-real","16":"tag-desigualdad-de-recursos","17":"tag-desigualdad-educativa","18":"tag-desinteres-en-el-aprendizaje","19":"tag-desmotivacion-estudiantil","20":"tag-educar-para-el-examen","21":"tag-educativo","22":"tag-enfasis-en-la-memorizacion","23":"tag-enfoque-pasivo","24":"tag-enfoque-teorico","25":"tag-escasa-preparacion-laboral","26":"tag-estilos-de-aprendizaje","27":"tag-evaluacion-sumativa","28":"tag-falta-de-adaptabilidad","29":"tag-falta-de-critica-constructiva","30":"tag-falta-de-enfoque-en-habilidades-socioemocionales","31":"tag-falta-de-participacion-activa","32":"tag-falta-de-personalizacion","33":"tag-falta-de-relevancia","34":"tag-limitacion-de-creatividad","35":"tag-memorizacion","36":"tag-metodos-de-ensenanza-tradicionales","37":"tag-necesidades-cambiantes-de-la-sociedad","38":"tag-planes-de-estudio-estandar","39":"tag-problemas","40":"tag-rigidez-en-la-estructura","41":"tag-sistema","42":"tag-tradicional","43":"cs-entry","44":"cs-video-wrap"},"yoast_head":"<!-- This site is optimized with the Yoast SEO plugin v27.5 - https:\/\/yoast.com\/product\/yoast-seo-wordpress\/ -->\n<title>Problemas del Sistema Educativo Tradicional (Actual)<\/title>\n<meta name=\"description\" content=\"En la actualidad, el sistema educativo tradicional enfrenta una serie de desaf\u00edos que han suscitado un debate constante sobre su...\" \/>\n<meta name=\"robots\" content=\"index, follow, max-snippet:-1, max-image-preview:large, max-video-preview:-1\" \/>\n<link rel=\"canonical\" href=\"https:\/\/webdelmaestrocmf.com\/portal\/problemas-del-sistema-educativo-tradicional\/\" \/>\n<meta property=\"og:locale\" content=\"es_ES\" \/>\n<meta property=\"og:type\" content=\"article\" \/>\n<meta property=\"og:title\" content=\"Problemas del Sistema Educativo Tradicional (Actual)\" \/>\n<meta property=\"og:description\" content=\"En la actualidad, el sistema educativo tradicional enfrenta una serie de desaf\u00edos que han suscitado un debate constante sobre su...\" \/>\n<meta property=\"og:url\" content=\"https:\/\/webdelmaestrocmf.com\/portal\/problemas-del-sistema-educativo-tradicional\/\" \/>\n<meta property=\"og:site_name\" content=\"Web del Maestro CMF\" \/>\n<meta property=\"article:publisher\" content=\"https:\/\/www.facebook.com\/WebdelMaestroCMF\/\" \/>\n<meta property=\"article:author\" content=\"https:\/\/www.facebook.com\/WebdelMaestroCMF\/\" \/>\n<meta property=\"article:published_time\" content=\"2023-08-31T15:58:06+00:00\" \/>\n<meta property=\"article:modified_time\" content=\"2023-08-31T16:13:39+00:00\" \/>\n<meta property=\"og:image\" content=\"https:\/\/i0.wp.com\/webdelmaestrocmf.com\/portal\/wp-content\/uploads\/2023\/08\/A12B3C4D-56-1.jpg?fit=900%2C556&ssl=1\" \/>\n\t<meta property=\"og:image:width\" content=\"900\" \/>\n\t<meta property=\"og:image:height\" content=\"556\" \/>\n\t<meta property=\"og:image:type\" content=\"image\/jpeg\" \/>\n<meta name=\"author\" content=\"Web del Maestro CMF\" \/>\n<meta name=\"twitter:card\" content=\"summary_large_image\" \/>\n<meta name=\"twitter:creator\" content=\"@cmf_w\" \/>\n<meta name=\"twitter:site\" content=\"@cmf_w\" \/>\n<script type=\"application\/ld+json\" class=\"yoast-schema-graph\">{\"@context\":\"https:\\\/\\\/schema.org\",\"@graph\":[{\"@type\":\"ScholarlyArticle\",\"@id\":\"https:\\\/\\\/webdelmaestrocmf.com\\\/portal\\\/problemas-del-sistema-educativo-tradicional\\\/#article\",\"isPartOf\":{\"@id\":\"https:\\\/\\\/webdelmaestrocmf.com\\\/portal\\\/problemas-del-sistema-educativo-tradicional\\\/\"},\"author\":{\"name\":\"Web del Maestro CMF\",\"@id\":\"https:\\\/\\\/webdelmaestrocmf.com\\\/portal\\\/#\\\/schema\\\/person\\\/1072a2ed7bd960df8ef99a551fa35dc5\"},\"headline\":\"Problemas del Sistema Educativo Tradicional (Actual)\",\"datePublished\":\"2023-08-31T15:58:06+00:00\",\"dateModified\":\"2023-08-31T16:13:39+00:00\",\"mainEntityOfPage\":{\"@id\":\"https:\\\/\\\/webdelmaestrocmf.com\\\/portal\\\/problemas-del-sistema-educativo-tradicional\\\/\"},\"wordCount\":882,\"commentCount\":0,\"publisher\":{\"@id\":\"https:\\\/\\\/webdelmaestrocmf.com\\\/portal\\\/#organization\"},\"image\":{\"@id\":\"https:\\\/\\\/webdelmaestrocmf.com\\\/portal\\\/problemas-del-sistema-educativo-tradicional\\\/#primaryimage\"},\"thumbnailUrl\":\"https:\\\/\\\/webdelmaestrocmf.com\\\/portal\\\/wp-content\\\/uploads\\\/2023\\\/08\\\/A12B3C4D-56-1.jpg\",\"keywords\":[\"aprendizaje activo\",\"Brecha tecnol\u00f3gica\",\"Desactualizaci\u00f3n curricular\",\"Desactualizaci\u00f3n de contenidos\",\"Desalineaci\u00f3n con el mercado laboral\",\"Desconexi\u00f3n con habilidades pr\u00e1cticas\",\"Desconexi\u00f3n con la vida real\",\"Desigualdad de recursos\",\"Desigualdad educativa\",\"Desinter\u00e9s en el aprendizaje\",\"Desmotivaci\u00f3n estudiantil\",\"Educar para el examen\",\"EDUCATIVO\",\"\u00c9nfasis en la memorizaci\u00f3n\",\"Enfoque pasivo\",\"Enfoque te\u00f3rico\",\"Escasa preparaci\u00f3n laboral\",\"Estilos de Aprendizaje\",\"evaluaci\u00f3n sumativa\",\"falta de adaptabilidad\",\"Falta de cr\u00edtica constructiva\",\"Falta de enfoque en habilidades socioemocionales\",\"Falta de participaci\u00f3n activa\",\"Falta de personalizaci\u00f3n\",\"Falta de relevancia\",\"Limitaci\u00f3n de creatividad\",\"memorizaci\u00f3n\",\"M\u00e9todos de ense\u00f1anza tradicionales\",\"Necesidades cambiantes de la sociedad\",\"Planes de estudio est\u00e1ndar\",\"PROBLEMAS\",\"Rigidez en la estructura\",\"SISTEMA\",\"TRADICIONAL\"],\"articleSection\":[\"Noticias\",\"Recursos\"],\"inLanguage\":\"es\",\"potentialAction\":[{\"@type\":\"CommentAction\",\"name\":\"Comment\",\"target\":[\"https:\\\/\\\/webdelmaestrocmf.com\\\/portal\\\/problemas-del-sistema-educativo-tradicional\\\/#respond\"]}]},{\"@type\":\"WebPage\",\"@id\":\"https:\\\/\\\/webdelmaestrocmf.com\\\/portal\\\/problemas-del-sistema-educativo-tradicional\\\/\",\"url\":\"https:\\\/\\\/webdelmaestrocmf.com\\\/portal\\\/problemas-del-sistema-educativo-tradicional\\\/\",\"name\":\"Problemas del Sistema Educativo Tradicional (Actual)\",\"isPartOf\":{\"@id\":\"https:\\\/\\\/webdelmaestrocmf.com\\\/portal\\\/#website\"},\"primaryImageOfPage\":{\"@id\":\"https:\\\/\\\/webdelmaestrocmf.com\\\/portal\\\/problemas-del-sistema-educativo-tradicional\\\/#primaryimage\"},\"image\":{\"@id\":\"https:\\\/\\\/webdelmaestrocmf.com\\\/portal\\\/problemas-del-sistema-educativo-tradicional\\\/#primaryimage\"},\"thumbnailUrl\":\"https:\\\/\\\/webdelmaestrocmf.com\\\/portal\\\/wp-content\\\/uploads\\\/2023\\\/08\\\/A12B3C4D-56-1.jpg\",\"datePublished\":\"2023-08-31T15:58:06+00:00\",\"dateModified\":\"2023-08-31T16:13:39+00:00\",\"description\":\"En la actualidad, el sistema educativo tradicional enfrenta una serie de desaf\u00edos que han suscitado un debate constante sobre su...\",\"breadcrumb\":{\"@id\":\"https:\\\/\\\/webdelmaestrocmf.com\\\/portal\\\/problemas-del-sistema-educativo-tradicional\\\/#breadcrumb\"},\"inLanguage\":\"es\",\"potentialAction\":[{\"@type\":\"ReadAction\",\"target\":[\"https:\\\/\\\/webdelmaestrocmf.com\\\/portal\\\/problemas-del-sistema-educativo-tradicional\\\/\"]}]},{\"@type\":\"ImageObject\",\"inLanguage\":\"es\",\"@id\":\"https:\\\/\\\/webdelmaestrocmf.com\\\/portal\\\/problemas-del-sistema-educativo-tradicional\\\/#primaryimage\",\"url\":\"https:\\\/\\\/webdelmaestrocmf.com\\\/portal\\\/wp-content\\\/uploads\\\/2023\\\/08\\\/A12B3C4D-56-1.jpg\",\"contentUrl\":\"https:\\\/\\\/webdelmaestrocmf.com\\\/portal\\\/wp-content\\\/uploads\\\/2023\\\/08\\\/A12B3C4D-56-1.jpg\",\"width\":900,\"height\":556,\"caption\":\"Sistema Educativo\"},{\"@type\":\"BreadcrumbList\",\"@id\":\"https:\\\/\\\/webdelmaestrocmf.com\\\/portal\\\/problemas-del-sistema-educativo-tradicional\\\/#breadcrumb\",\"itemListElement\":[{\"@type\":\"ListItem\",\"position\":1,\"name\":\"Portada\",\"item\":\"https:\\\/\\\/webdelmaestrocmf.com\\\/portal\\\/\"},{\"@type\":\"ListItem\",\"position\":2,\"name\":\"Recursos\",\"item\":\"https:\\\/\\\/webdelmaestrocmf.com\\\/portal\\\/category\\\/pedagogia\\\/\"},{\"@type\":\"ListItem\",\"position\":3,\"name\":\"Problemas del Sistema Educativo Tradicional (Actual)\"}]},{\"@type\":\"WebSite\",\"@id\":\"https:\\\/\\\/webdelmaestrocmf.com\\\/portal\\\/#website\",\"url\":\"https:\\\/\\\/webdelmaestrocmf.com\\\/portal\\\/\",\"name\":\"Web del Maestro CMF\",\"description\":\"Maestros al servicio de la educaci\u00f3n\",\"publisher\":{\"@id\":\"https:\\\/\\\/webdelmaestrocmf.com\\\/portal\\\/#organization\"},\"alternateName\":\"WMCMF\",\"potentialAction\":[{\"@type\":\"SearchAction\",\"target\":{\"@type\":\"EntryPoint\",\"urlTemplate\":\"https:\\\/\\\/webdelmaestrocmf.com\\\/portal\\\/?s={search_term_string}\"},\"query-input\":{\"@type\":\"PropertyValueSpecification\",\"valueRequired\":true,\"valueName\":\"search_term_string\"}}],\"inLanguage\":\"es\"},{\"@type\":\"Organization\",\"@id\":\"https:\\\/\\\/webdelmaestrocmf.com\\\/portal\\\/#organization\",\"name\":\"Web del Maestro CMF\",\"alternateName\":\"WMCMF\",\"url\":\"https:\\\/\\\/webdelmaestrocmf.com\\\/portal\\\/\",\"logo\":{\"@type\":\"ImageObject\",\"inLanguage\":\"es\",\"@id\":\"https:\\\/\\\/webdelmaestrocmf.com\\\/portal\\\/#\\\/schema\\\/logo\\\/image\\\/\",\"url\":\"https:\\\/\\\/webdelmaestrocmf.com\\\/portal\\\/wp-content\\\/uploads\\\/2023\\\/01\\\/logo-wmcmf-2.png\",\"contentUrl\":\"https:\\\/\\\/webdelmaestrocmf.com\\\/portal\\\/wp-content\\\/uploads\\\/2023\\\/01\\\/logo-wmcmf-2.png\",\"width\":200,\"height\":60,\"caption\":\"Web del Maestro CMF\"},\"image\":{\"@id\":\"https:\\\/\\\/webdelmaestrocmf.com\\\/portal\\\/#\\\/schema\\\/logo\\\/image\\\/\"},\"sameAs\":[\"https:\\\/\\\/www.facebook.com\\\/WebdelMaestroCMF\\\/\",\"https:\\\/\\\/x.com\\\/cmf_w\",\"https:\\\/\\\/www.pinterest.com\\\/WMCMF\\\/\",\"https:\\\/\\\/www.linkedin.com\\\/company\\\/web-del-maestro-cmf\\\/\",\"https:\\\/\\\/www.instagram.com\\\/wmcmf\\\/\",\"https:\\\/\\\/www.youtube.com\\\/channel\\\/UCDPSvjbdodE5sHnC3OxutHw\",\"https:\\\/\\\/mastodon.social\\\/@wmcmf\",\"https:\\\/\\\/www.tiktok.com\\\/@webdelmaestrocmf\"]},{\"@type\":\"Person\",\"@id\":\"https:\\\/\\\/webdelmaestrocmf.com\\\/portal\\\/#\\\/schema\\\/person\\\/1072a2ed7bd960df8ef99a551fa35dc5\",\"name\":\"Web del Maestro CMF\",\"image\":{\"@type\":\"ImageObject\",\"inLanguage\":\"es\",\"@id\":\"https:\\\/\\\/secure.gravatar.com\\\/avatar\\\/23291dd5b5ae1077dcff3dbb04c3e02bd28403fa75af6d8787d5e97c5bbbe30b?s=96&d=mm&r=g\",\"url\":\"https:\\\/\\\/secure.gravatar.com\\\/avatar\\\/23291dd5b5ae1077dcff3dbb04c3e02bd28403fa75af6d8787d5e97c5bbbe30b?s=96&d=mm&r=g\",\"contentUrl\":\"https:\\\/\\\/secure.gravatar.com\\\/avatar\\\/23291dd5b5ae1077dcff3dbb04c3e02bd28403fa75af6d8787d5e97c5bbbe30b?s=96&d=mm&r=g\",\"caption\":\"Web del Maestro CMF\"},\"description\":\"Esta Web se cre\u00f3 sin fines de lucro, con fines educativos, cient\u00edficos y acad\u00e9micos, para personas que tengan dificultades y\\\/o inconvenientes en visualizar el material original. El objetivo es entregar recursos, compartir experiencias y materiales que ayuden a los padres de familia, maestros y estudiantes en su actualizaci\u00f3n y formaci\u00f3n permanente, en bien de la Educaci\u00f3n.\",\"sameAs\":[\"http:\\\/\\\/webdelmaestrocmf.com\\\/portal\",\"https:\\\/\\\/www.facebook.com\\\/WebdelMaestroCMF\\\/\",\"https:\\\/\\\/www.instagram.com\\\/wmcmf\\\/\",\"https:\\\/\\\/cl.linkedin.com\\\/company\\\/web-del-maestro-cmf\",\"https:\\\/\\\/www.pinterest.com\\\/WMCMF\\\/publicaciones\\\/\",\"https:\\\/\\\/x.com\\\/cmf_w\",\"https:\\\/\\\/www.youtube.com\\\/@WMCMF\"]}]}<\/script>\n<!-- \/ Yoast SEO plugin. -->","yoast_head_json":{"title":"Problemas del Sistema Educativo Tradicional (Actual)","description":"En la actualidad, el sistema educativo tradicional enfrenta una serie de desaf\u00edos que han suscitado un debate constante sobre su...","robots":{"index":"index","follow":"follow","max-snippet":"max-snippet:-1","max-image-preview":"max-image-preview:large","max-video-preview":"max-video-preview:-1"},"canonical":"https:\/\/webdelmaestrocmf.com\/portal\/problemas-del-sistema-educativo-tradicional\/","og_locale":"es_ES","og_type":"article","og_title":"Problemas del Sistema Educativo Tradicional (Actual)","og_description":"En la actualidad, el sistema educativo tradicional enfrenta una serie de desaf\u00edos que han suscitado un debate constante sobre su...","og_url":"https:\/\/webdelmaestrocmf.com\/portal\/problemas-del-sistema-educativo-tradicional\/","og_site_name":"Web del Maestro CMF","article_publisher":"https:\/\/www.facebook.com\/WebdelMaestroCMF\/","article_author":"https:\/\/www.facebook.com\/WebdelMaestroCMF\/","article_published_time":"2023-08-31T15:58:06+00:00","article_modified_time":"2023-08-31T16:13:39+00:00","og_image":[{"width":900,"height":556,"url":"https:\/\/i0.wp.com\/webdelmaestrocmf.com\/portal\/wp-content\/uploads\/2023\/08\/A12B3C4D-56-1.jpg?fit=900%2C556&ssl=1","type":"image\/jpeg"}],"author":"Web del Maestro CMF","twitter_card":"summary_large_image","twitter_creator":"@cmf_w","twitter_site":"@cmf_w","schema":{"@context":"https:\/\/schema.org","@graph":[{"@type":"ScholarlyArticle","@id":"https:\/\/webdelmaestrocmf.com\/portal\/problemas-del-sistema-educativo-tradicional\/#article","isPartOf":{"@id":"https:\/\/webdelmaestrocmf.com\/portal\/problemas-del-sistema-educativo-tradicional\/"},"author":{"name":"Web del Maestro CMF","@id":"https:\/\/webdelmaestrocmf.com\/portal\/#\/schema\/person\/1072a2ed7bd960df8ef99a551fa35dc5"},"headline":"Problemas del Sistema Educativo Tradicional (Actual)","datePublished":"2023-08-31T15:58:06+00:00","dateModified":"2023-08-31T16:13:39+00:00","mainEntityOfPage":{"@id":"https:\/\/webdelmaestrocmf.com\/portal\/problemas-del-sistema-educativo-tradicional\/"},"wordCount":882,"commentCount":0,"publisher":{"@id":"https:\/\/webdelmaestrocmf.com\/portal\/#organization"},"image":{"@id":"https:\/\/webdelmaestrocmf.com\/portal\/problemas-del-sistema-educativo-tradicional\/#primaryimage"},"thumbnailUrl":"https:\/\/webdelmaestrocmf.com\/portal\/wp-content\/uploads\/2023\/08\/A12B3C4D-56-1.jpg","keywords":["aprendizaje activo","Brecha tecnol\u00f3gica","Desactualizaci\u00f3n curricular","Desactualizaci\u00f3n de contenidos","Desalineaci\u00f3n con el mercado laboral","Desconexi\u00f3n con habilidades pr\u00e1cticas","Desconexi\u00f3n con la vida real","Desigualdad de recursos","Desigualdad educativa","Desinter\u00e9s en el aprendizaje","Desmotivaci\u00f3n estudiantil","Educar para el examen","EDUCATIVO","\u00c9nfasis en la memorizaci\u00f3n","Enfoque pasivo","Enfoque te\u00f3rico","Escasa preparaci\u00f3n laboral","Estilos de Aprendizaje","evaluaci\u00f3n sumativa","falta de adaptabilidad","Falta de cr\u00edtica constructiva","Falta de enfoque en habilidades socioemocionales","Falta de participaci\u00f3n activa","Falta de personalizaci\u00f3n","Falta de relevancia","Limitaci\u00f3n de creatividad","memorizaci\u00f3n","M\u00e9todos de ense\u00f1anza tradicionales","Necesidades cambiantes de la sociedad","Planes de estudio est\u00e1ndar","PROBLEMAS","Rigidez en la estructura","SISTEMA","TRADICIONAL"],"articleSection":["Noticias","Recursos"],"inLanguage":"es","potentialAction":[{"@type":"CommentAction","name":"Comment","target":["https:\/\/webdelmaestrocmf.com\/portal\/problemas-del-sistema-educativo-tradicional\/#respond"]}]},{"@type":"WebPage","@id":"https:\/\/webdelmaestrocmf.com\/portal\/problemas-del-sistema-educativo-tradicional\/","url":"https:\/\/webdelmaestrocmf.com\/portal\/problemas-del-sistema-educativo-tradicional\/","name":"Problemas del Sistema Educativo Tradicional (Actual)","isPartOf":{"@id":"https:\/\/webdelmaestrocmf.com\/portal\/#website"},"primaryImageOfPage":{"@id":"https:\/\/webdelmaestrocmf.com\/portal\/problemas-del-sistema-educativo-tradicional\/#primaryimage"},"image":{"@id":"https:\/\/webdelmaestrocmf.com\/portal\/problemas-del-sistema-educativo-tradicional\/#primaryimage"},"thumbnailUrl":"https:\/\/webdelmaestrocmf.com\/portal\/wp-content\/uploads\/2023\/08\/A12B3C4D-56-1.jpg","datePublished":"2023-08-31T15:58:06+00:00","dateModified":"2023-08-31T16:13:39+00:00","description":"En la actualidad, el sistema educativo tradicional enfrenta una serie de desaf\u00edos que han suscitado un debate constante sobre su...","breadcrumb":{"@id":"https:\/\/webdelmaestrocmf.com\/portal\/problemas-del-sistema-educativo-tradicional\/#breadcrumb"},"inLanguage":"es","potentialAction":[{"@type":"ReadAction","target":["https:\/\/webdelmaestrocmf.com\/portal\/problemas-del-sistema-educativo-tradicional\/"]}]},{"@type":"ImageObject","inLanguage":"es","@id":"https:\/\/webdelmaestrocmf.com\/portal\/problemas-del-sistema-educativo-tradicional\/#primaryimage","url":"https:\/\/webdelmaestrocmf.com\/portal\/wp-content\/uploads\/2023\/08\/A12B3C4D-56-1.jpg","contentUrl":"https:\/\/webdelmaestrocmf.com\/portal\/wp-content\/uploads\/2023\/08\/A12B3C4D-56-1.jpg","width":900,"height":556,"caption":"Sistema Educativo"},{"@type":"BreadcrumbList","@id":"https:\/\/webdelmaestrocmf.com\/portal\/problemas-del-sistema-educativo-tradicional\/#breadcrumb","itemListElement":[{"@type":"ListItem","position":1,"name":"Portada","item":"https:\/\/webdelmaestrocmf.com\/portal\/"},{"@type":"ListItem","position":2,"name":"Recursos","item":"https:\/\/webdelmaestrocmf.com\/portal\/category\/pedagogia\/"},{"@type":"ListItem","position":3,"name":"Problemas del Sistema Educativo Tradicional (Actual)"}]},{"@type":"WebSite","@id":"https:\/\/webdelmaestrocmf.com\/portal\/#website","url":"https:\/\/webdelmaestrocmf.com\/portal\/","name":"Web del Maestro CMF","description":"Maestros al servicio de la educaci\u00f3n","publisher":{"@id":"https:\/\/webdelmaestrocmf.com\/portal\/#organization"},"alternateName":"WMCMF","potentialAction":[{"@type":"SearchAction","target":{"@type":"EntryPoint","urlTemplate":"https:\/\/webdelmaestrocmf.com\/portal\/?s={search_term_string}"},"query-input":{"@type":"PropertyValueSpecification","valueRequired":true,"valueName":"search_term_string"}}],"inLanguage":"es"},{"@type":"Organization","@id":"https:\/\/webdelmaestrocmf.com\/portal\/#organization","name":"Web del Maestro CMF","alternateName":"WMCMF","url":"https:\/\/webdelmaestrocmf.com\/portal\/","logo":{"@type":"ImageObject","inLanguage":"es","@id":"https:\/\/webdelmaestrocmf.com\/portal\/#\/schema\/logo\/image\/","url":"https:\/\/webdelmaestrocmf.com\/portal\/wp-content\/uploads\/2023\/01\/logo-wmcmf-2.png","contentUrl":"https:\/\/webdelmaestrocmf.com\/portal\/wp-content\/uploads\/2023\/01\/logo-wmcmf-2.png","width":200,"height":60,"caption":"Web del Maestro CMF"},"image":{"@id":"https:\/\/webdelmaestrocmf.com\/portal\/#\/schema\/logo\/image\/"},"sameAs":["https:\/\/www.facebook.com\/WebdelMaestroCMF\/","https:\/\/x.com\/cmf_w","https:\/\/www.pinterest.com\/WMCMF\/","https:\/\/www.linkedin.com\/company\/web-del-maestro-cmf\/","https:\/\/www.instagram.com\/wmcmf\/","https:\/\/www.youtube.com\/channel\/UCDPSvjbdodE5sHnC3OxutHw","https:\/\/mastodon.social\/@wmcmf","https:\/\/www.tiktok.com\/@webdelmaestrocmf"]},{"@type":"Person","@id":"https:\/\/webdelmaestrocmf.com\/portal\/#\/schema\/person\/1072a2ed7bd960df8ef99a551fa35dc5","name":"Web del Maestro CMF","image":{"@type":"ImageObject","inLanguage":"es","@id":"https:\/\/secure.gravatar.com\/avatar\/23291dd5b5ae1077dcff3dbb04c3e02bd28403fa75af6d8787d5e97c5bbbe30b?s=96&d=mm&r=g","url":"https:\/\/secure.gravatar.com\/avatar\/23291dd5b5ae1077dcff3dbb04c3e02bd28403fa75af6d8787d5e97c5bbbe30b?s=96&d=mm&r=g","contentUrl":"https:\/\/secure.gravatar.com\/avatar\/23291dd5b5ae1077dcff3dbb04c3e02bd28403fa75af6d8787d5e97c5bbbe30b?s=96&d=mm&r=g","caption":"Web del Maestro CMF"},"description":"Esta Web se cre\u00f3 sin fines de lucro, con fines educativos, cient\u00edficos y acad\u00e9micos, para personas que tengan dificultades y\/o inconvenientes en visualizar el material original. El objetivo es entregar recursos, compartir experiencias y materiales que ayuden a los padres de familia, maestros y estudiantes en su actualizaci\u00f3n y formaci\u00f3n permanente, en bien de la Educaci\u00f3n.","sameAs":["http:\/\/webdelmaestrocmf.com\/portal","https:\/\/www.facebook.com\/WebdelMaestroCMF\/","https:\/\/www.instagram.com\/wmcmf\/","https:\/\/cl.linkedin.com\/company\/web-del-maestro-cmf","https:\/\/www.pinterest.com\/WMCMF\/publicaciones\/","https:\/\/x.com\/cmf_w","https:\/\/www.youtube.com\/@WMCMF"]}]}},"jetpack_featured_media_url":"https:\/\/webdelmaestrocmf.com\/portal\/wp-content\/uploads\/2023\/08\/A12B3C4D-56-1.jpg","jetpack_sharing_enabled":true,"jetpack-related-posts":[{"id":87114,"url":"https:\/\/webdelmaestrocmf.com\/portal\/seis-problemas-de-la-ensenanza-tradicional-que-debemo-indentificar\/","url_meta":{"origin":14704,"position":0},"title":"10 problemas de la ense\u00f1anza tradicional","author":"Web del Maestro CMF","date":"24 mayo, 2024","format":false,"excerpt":"Hay quienes creen que el sistema tradicional est\u00e1 obsoleto: es ineficaz, predecible y poco estimulante. \u00bfPero por qu\u00e9 se piensa as\u00ed, si nuestros padres y abuelos aprendieron de este modelo? \u00bfEs verdad que la escuela tradicional ha desperdiciado talento y potencial durante m\u00e1s de dos siglos? Parece m\u00e1s justo pensar\u2026","rel":"","context":"En \u00abDocentes\u00bb","block_context":{"text":"Docentes","link":"https:\/\/webdelmaestrocmf.com\/portal\/category\/pedagogia\/docentes\/"},"img":{"alt_text":"","src":"https:\/\/i0.wp.com\/webdelmaestrocmf.com\/portal\/wp-content\/uploads\/2023\/04\/Banner-1-portada-imagen-10-1-2024-05-24T115144.287.jpg?resize=350%2C200&ssl=1","width":350,"height":200,"srcset":"https:\/\/i0.wp.com\/webdelmaestrocmf.com\/portal\/wp-content\/uploads\/2023\/04\/Banner-1-portada-imagen-10-1-2024-05-24T115144.287.jpg?resize=350%2C200&ssl=1 1x, https:\/\/i0.wp.com\/webdelmaestrocmf.com\/portal\/wp-content\/uploads\/2023\/04\/Banner-1-portada-imagen-10-1-2024-05-24T115144.287.jpg?resize=525%2C300&ssl=1 1.5x, https:\/\/i0.wp.com\/webdelmaestrocmf.com\/portal\/wp-content\/uploads\/2023\/04\/Banner-1-portada-imagen-10-1-2024-05-24T115144.287.jpg?resize=700%2C400&ssl=1 2x"},"classes":[]},{"id":107287,"url":"https:\/\/webdelmaestrocmf.com\/portal\/las-revoluciones-educativas-un-analisis-de-las-etapas-de-la-evolucion-en-la-ensenanza\/","url_meta":{"origin":14704,"position":1},"title":"Las revoluciones educativas: un an\u00e1lisis de las etapas de la evoluci\u00f3n en la ense\u00f1anza","author":"Web del Maestro CMF","date":"29 diciembre, 2024","format":false,"excerpt":"La educaci\u00f3n, como pilar fundamental de cualquier sociedad, ha experimentado m\u00faltiples transformaciones a lo largo de los siglos. Desde los modelos m\u00e1s tradicionales, donde el maestro era el centro del proceso, hasta los enfoques m\u00e1s modernos que integran tecnolog\u00edas avanzadas, cada etapa ha sido parte de una evoluci\u00f3n para mejorar\u2026","rel":"","context":"En \u00abPedagog\u00eda\u00bb","block_context":{"text":"Pedagog\u00eda","link":"https:\/\/webdelmaestrocmf.com\/portal\/category\/pedagogia\/educacion-pedagogia\/"},"img":{"alt_text":"","src":"https:\/\/i0.wp.com\/webdelmaestrocmf.com\/portal\/wp-content\/uploads\/2024\/12\/Banner-1-portada-imagen-10-1-48.jpg?resize=350%2C200&ssl=1","width":350,"height":200,"srcset":"https:\/\/i0.wp.com\/webdelmaestrocmf.com\/portal\/wp-content\/uploads\/2024\/12\/Banner-1-portada-imagen-10-1-48.jpg?resize=350%2C200&ssl=1 1x, https:\/\/i0.wp.com\/webdelmaestrocmf.com\/portal\/wp-content\/uploads\/2024\/12\/Banner-1-portada-imagen-10-1-48.jpg?resize=525%2C300&ssl=1 1.5x, https:\/\/i0.wp.com\/webdelmaestrocmf.com\/portal\/wp-content\/uploads\/2024\/12\/Banner-1-portada-imagen-10-1-48.jpg?resize=700%2C400&ssl=1 2x"},"classes":[]},{"id":116530,"url":"https:\/\/webdelmaestrocmf.com\/portal\/javier-valle-el-profesorado-se-siente-abandonado-ante-el-cambio-educativo-competencial\/","url_meta":{"origin":14704,"position":2},"title":"Javier Valle: El profesorado se siente abandonado ante el cambio educativo competencial","author":"Web del Maestro CMF","date":"16 marzo, 2026","format":false,"excerpt":"[...] no se le ha acompa\u00f1ado con formaci\u00f3n y recursos. Con digitalizaci\u00f3n de las aulas, materiales did\u00e1cticos competenciales\u2026","rel":"","context":"En \u00abEntrevistas\u00bb","block_context":{"text":"Entrevistas","link":"https:\/\/webdelmaestrocmf.com\/portal\/category\/noticias\/entrevistas\/"},"img":{"alt_text":"","src":"https:\/\/i0.wp.com\/webdelmaestrocmf.com\/portal\/wp-content\/uploads\/2026\/03\/1AA-Banner-1-portada-imagen-10-1-copia-6.webp?resize=350%2C200&ssl=1","width":350,"height":200,"srcset":"https:\/\/i0.wp.com\/webdelmaestrocmf.com\/portal\/wp-content\/uploads\/2026\/03\/1AA-Banner-1-portada-imagen-10-1-copia-6.webp?resize=350%2C200&ssl=1 1x, https:\/\/i0.wp.com\/webdelmaestrocmf.com\/portal\/wp-content\/uploads\/2026\/03\/1AA-Banner-1-portada-imagen-10-1-copia-6.webp?resize=525%2C300&ssl=1 1.5x, https:\/\/i0.wp.com\/webdelmaestrocmf.com\/portal\/wp-content\/uploads\/2026\/03\/1AA-Banner-1-portada-imagen-10-1-copia-6.webp?resize=700%2C400&ssl=1 2x, https:\/\/i0.wp.com\/webdelmaestrocmf.com\/portal\/wp-content\/uploads\/2026\/03\/1AA-Banner-1-portada-imagen-10-1-copia-6.webp?resize=1050%2C600&ssl=1 3x"},"classes":[]},{"id":89430,"url":"https:\/\/webdelmaestrocmf.com\/portal\/metodologias-educativas-menos-usadas-por-los-docentes-y-que-valen-la-pena-darle-una-oportunidad\/","url_meta":{"origin":14704,"position":3},"title":"Metodolog\u00edas educativas innovadoras que merecen la pena explorar","author":"Web del Maestro CMF","date":"31 octubre, 2023","format":false,"excerpt":"En el mundo en constante evoluci\u00f3n de la educaci\u00f3n, los docentes a menudo recurren a las metodolog\u00edas tradicionales y probadas para impartir conocimientos. Sin embargo, en este t\u00edtulo, exploraremos un enfoque diferente: las metodolog\u00edas educativas menos utilizadas, pero que merecen una oportunidad en el aula. Estas innovadoras estrategias pedag\u00f3gicas ofrecen\u2026","rel":"","context":"En \u00abMetodolog\u00edas\u00bb","block_context":{"text":"Metodolog\u00edas","link":"https:\/\/webdelmaestrocmf.com\/portal\/category\/pedagogia\/metodologias\/"},"img":{"alt_text":"metodolog\u00edas","src":"https:\/\/i0.wp.com\/webdelmaestrocmf.com\/portal\/wp-content\/uploads\/2023\/05\/A12B3C4D-2023-05-25T190044.183.jpg?resize=350%2C200&ssl=1","width":350,"height":200,"srcset":"https:\/\/i0.wp.com\/webdelmaestrocmf.com\/portal\/wp-content\/uploads\/2023\/05\/A12B3C4D-2023-05-25T190044.183.jpg?resize=350%2C200&ssl=1 1x, https:\/\/i0.wp.com\/webdelmaestrocmf.com\/portal\/wp-content\/uploads\/2023\/05\/A12B3C4D-2023-05-25T190044.183.jpg?resize=525%2C300&ssl=1 1.5x, https:\/\/i0.wp.com\/webdelmaestrocmf.com\/portal\/wp-content\/uploads\/2023\/05\/A12B3C4D-2023-05-25T190044.183.jpg?resize=700%2C400&ssl=1 2x"},"classes":[]},{"id":107426,"url":"https:\/\/webdelmaestrocmf.com\/portal\/el-nuevo-rol-del-docente-en-la-era-digital-de-transmisor-a-sisenador-de-experiencias\/","url_meta":{"origin":14704,"position":4},"title":"El nuevo rol del docente en la Era Digital: de transmisor a dise\u00f1ador de experiencias","author":"Web del Maestro CMF","date":"10 enero, 2025","format":false,"excerpt":"La educaci\u00f3n est\u00e1 viviendo una revoluci\u00f3n sin precedentes, y en el coraz\u00f3n de este cambio est\u00e1n los docentes. Hoy, su misi\u00f3n trasciende la simple transmisi\u00f3n de conocimientos: se trata de inspirar, conectar y dise\u00f1ar experiencias de aprendizaje que marquen vidas. Cada aula es una oportunidad para preparar a los estudiantes\u2026","rel":"","context":"En \u00abDesempe\u00f1o docente\u00bb","block_context":{"text":"Desempe\u00f1o docente","link":"https:\/\/webdelmaestrocmf.com\/portal\/category\/pedagogia\/desempeno-docente\/"},"img":{"alt_text":"","src":"https:\/\/i0.wp.com\/webdelmaestrocmf.com\/portal\/wp-content\/uploads\/2025\/01\/1A-Banner-1-portada-imagen-10-1-14.jpg?resize=350%2C200&ssl=1","width":350,"height":200,"srcset":"https:\/\/i0.wp.com\/webdelmaestrocmf.com\/portal\/wp-content\/uploads\/2025\/01\/1A-Banner-1-portada-imagen-10-1-14.jpg?resize=350%2C200&ssl=1 1x, https:\/\/i0.wp.com\/webdelmaestrocmf.com\/portal\/wp-content\/uploads\/2025\/01\/1A-Banner-1-portada-imagen-10-1-14.jpg?resize=525%2C300&ssl=1 1.5x, https:\/\/i0.wp.com\/webdelmaestrocmf.com\/portal\/wp-content\/uploads\/2025\/01\/1A-Banner-1-portada-imagen-10-1-14.jpg?resize=700%2C400&ssl=1 2x"},"classes":[]},{"id":85898,"url":"https:\/\/webdelmaestrocmf.com\/portal\/comparativa-entre-abretos-abproyectos-y-abproblemas\/","url_meta":{"origin":14704,"position":5},"title":"Comparativa entre Aprendizaje Basado en Retos, Aprendizaje Basado en Proyectos y Aprendizaje Basado en Problemas","author":"Web del Maestro CMF","date":"24 abril, 2023","format":false,"excerpt":"En el \u00e1mbito educativo, la realizaci\u00f3n de una comparativa entre el Aprendizaje Basado en Retos, el Aprendizaje Basado en Proyectos y el Aprendizaje Basado en Problemas se presenta como un ejercicio esclarecedor para analizar las diferencias y similitudes entre estos enfoques pedag\u00f3gicos. Cada uno de estos m\u00e9todos comparte el prop\u00f3sito\u2026","rel":"","context":"En \u00abAprendizaje basado en problemas\u00bb","block_context":{"text":"Aprendizaje basado en problemas","link":"https:\/\/webdelmaestrocmf.com\/portal\/category\/pedagogia\/aprendizaje-basado-en-problemas\/"},"img":{"alt_text":"comparativa","src":"https:\/\/i0.wp.com\/webdelmaestrocmf.com\/portal\/wp-content\/uploads\/2023\/03\/A12B3C4D-22.jpg?resize=350%2C200&ssl=1","width":350,"height":200,"srcset":"https:\/\/i0.wp.com\/webdelmaestrocmf.com\/portal\/wp-content\/uploads\/2023\/03\/A12B3C4D-22.jpg?resize=350%2C200&ssl=1 1x, https:\/\/i0.wp.com\/webdelmaestrocmf.com\/portal\/wp-content\/uploads\/2023\/03\/A12B3C4D-22.jpg?resize=525%2C300&ssl=1 1.5x, https:\/\/i0.wp.com\/webdelmaestrocmf.com\/portal\/wp-content\/uploads\/2023\/03\/A12B3C4D-22.jpg?resize=700%2C400&ssl=1 2x"},"classes":[]}],"_links":{"self":[{"href":"https:\/\/webdelmaestrocmf.com\/portal\/wp-json\/wp\/v2\/posts\/14704","targetHints":{"allow":["GET"]}}],"collection":[{"href":"https:\/\/webdelmaestrocmf.com\/portal\/wp-json\/wp\/v2\/posts"}],"about":[{"href":"https:\/\/webdelmaestrocmf.com\/portal\/wp-json\/wp\/v2\/types\/post"}],"author":[{"embeddable":true,"href":"https:\/\/webdelmaestrocmf.com\/portal\/wp-json\/wp\/v2\/users\/1"}],"replies":[{"embeddable":true,"href":"https:\/\/webdelmaestrocmf.com\/portal\/wp-json\/wp\/v2\/comments?post=14704"}],"version-history":[{"count":0,"href":"https:\/\/webdelmaestrocmf.com\/portal\/wp-json\/wp\/v2\/posts\/14704\/revisions"}],"wp:featuredmedia":[{"embeddable":true,"href":"https:\/\/webdelmaestrocmf.com\/portal\/wp-json\/wp\/v2\/media\/93644"}],"wp:attachment":[{"href":"https:\/\/webdelmaestrocmf.com\/portal\/wp-json\/wp\/v2\/media?parent=14704"}],"wp:term":[{"taxonomy":"category","embeddable":true,"href":"https:\/\/webdelmaestrocmf.com\/portal\/wp-json\/wp\/v2\/categories?post=14704"},{"taxonomy":"post_tag","embeddable":true,"href":"https:\/\/webdelmaestrocmf.com\/portal\/wp-json\/wp\/v2\/tags?post=14704"}],"curies":[{"name":"wp","href":"https:\/\/api.w.org\/{rel}","templated":true}]}}