{"id":14470,"date":"2024-07-02T19:50:25","date_gmt":"2024-07-02T23:50:25","guid":{"rendered":"http:\/\/webdelmaestrocmf.com\/portal\/?p=14470"},"modified":"2024-07-02T19:52:27","modified_gmt":"2024-07-02T23:52:27","slug":"los-padres-sobreprotectores-convierten-hijos-tiranos","status":"publish","type":"post","link":"https:\/\/webdelmaestrocmf.com\/portal\/los-padres-sobreprotectores-convierten-hijos-tiranos\/","title":{"rendered":"Padres sobreprotectores:  Las equivocaciones y los sinsabores ayudan a los ni\u00f1os a desarrollar una saludable tolerancia a la frustraci\u00f3n"},"content":{"rendered":"<p style=\"text-align: justify;\">Hace poco nos contaba la profesora<strong> Eva Mar\u00eda Romero Valderas<\/strong> que estaba \u201c<strong>harta del proteccionismo<\/strong> de los padres, que quieren que sus hijos aprueben sin esfuerzo y sin sufrir, sin traumas\u2026 \u201c. Y es que suele suceder que los padres de familia y los profesores, podemos haber realizado esa <strong>\u201chiperfunci\u00f3n educativa manifestada por la preocupaci\u00f3n, atenci\u00f3n, cuidado, apego y afecto excesivo sobre los educandos\u2026\u201d<\/strong> (MOLDES MENTALES).<!--more--><\/p>\n<p style=\"text-align: justify;\">La Psic\u00f3loga Sonia Luna en su blog Orientaci\u00f3n Psicol\u00f3gica, publica su art\u00edculo: \u201cLa sobreprotecci\u00f3n consigue padres tranquilos, pero hijos infelices\u201d, y que compartimos con fines \u00fanicamente educativos. En \u00e9l analiza <strong>qu\u00e9 hay detr\u00e1s, c\u00f3mo se debe actuar y posibles consecuencias de la sobreprotecci\u00f3n.<\/strong><\/p>\n<p style=\"text-align: justify;\">Luna, nos recuerda que hay que \u201ctener en cuenta que la aplicaci\u00f3n de las t\u00e9cnicas y tratamientos psicol\u00f3gicos debe ser realizado por profesionales, y que la informaci\u00f3n que aqu\u00ed se facilita es meramente informativa y orientativa, y no supone en ning\u00fan caso la sustituci\u00f3n o aplicaci\u00f3n de un tratamiento psicol\u00f3gico propiamente dicho\u201d.<\/p>\n<p style=\"text-align: justify;\">\u00bfConoce esta an\u00f3mala actividad educativa? \u00bfCree que puede servirle este art\u00edculo para el di\u00e1logo padres de familia \u2013 profesores?<\/p>\n<h2 class=\"entry-title\" style=\"text-align: left;\"><strong>La sobreprotecci\u00f3n consigue padres tranquilos, pero hijos\u00a0infelices<\/strong><\/h2>\n<p style=\"text-align: justify;\">Los padres sobreprotectores son aquellos que se sienten totalmente responsables de lo que le pueda ocurrir a su hijo\/a. Est\u00e1n constantemente pendientes de sus movimientos y procuran anticiparse a las necesidades que perciben o creen que tienen sus hijos. Los padres sobreprotectores son los que resuelven los problemas de sus hijos, controlando todos sus movimientos y limitando continuamente su toma de decisiones. Esto produce que estos ni\u00f1os no tengan seguridad por s\u00ed mismos, tengan prejuicios, miedos excesivos, lo que les lleva a no disfrutar de muchas cosas de la vida por haber desarrollado tambi\u00e9n ese miedo, etc.<\/p>\n<p style=\"text-align: justify;\">La sobreprotecci\u00f3n infantil ayuda a calmar la angustia de los padres, pero muy probablemente tendr\u00e1 repercusiones negativas sobre los hijos.<\/p>\n<p style=\"text-align: justify;\">Las equivocaciones y los peque\u00f1os sinsabores ayudan a los ni\u00f1os a desarrollar una saludable tolerancia a la frustraci\u00f3n. Los padres que sobreprotegen a sus hijos creen que, actuando como lo hacen, les protegen de los sinsabores y las frustraciones de la vida, pero en realidad no es as\u00ed, lo que consiguen es que sus hijos no se desarrollen y no se entrenen para la vida diaria generando un d\u00e9ficits de autoestima y de confianza en los mismos que conlleva a cuadros de ansiedad e incapacidad en la toma de decisiones. Las personas deben equivocarse y conocer la frustraci\u00f3n para desarrollar estrategias adecuadas de adaptaci\u00f3n.<\/p>\n<p style=\"text-align: justify;\">Numerosas investigaciones concluyen que <strong>cuanto menos protegen los padres a sus hijos de las emociones negativas, mayor es el grado de madurez de estos<\/strong>. Asimismo, detr\u00e1s de la negativa de muchos ni\u00f1os por ir al colegio puede haber un exceso de protecci\u00f3n, gener\u00e1ndose un c\u00edrculo vicioso, ya que el peque\u00f1o excesivamente protegido por sus progenitores no querr\u00e1 separarse de ellos, porque se siente inseguro y as\u00ed los padres, al ver que el ni\u00f1o se pone nervioso en determinadas situaciones, reaccionar\u00e1n protegi\u00e9ndolo a\u00fan m\u00e1s.<\/p>\n<p style=\"text-align: justify;\">\u00bfQu\u00e9 se esconde <strong>detr\u00e1s de la sobreprotecci\u00f3n de unos padres<\/strong>? \u00a0Probablemente tambi\u00e9n tengan falta de autoestima, una infancia problem\u00e1tica, problemas de pareja, sentimiento de culpa como padres, etc.<\/p>\n<p style=\"text-align: justify;\">Entonces, <strong>\u00bfc\u00f3mo podemos actuar como padres?<\/strong><\/p>\n<p style=\"text-align: justify;\">Los adultos pueden y deben proteger a sus hijos, pero no sobreprotegerles. <strong>Proteger significa dejar que estos se equivoquen o sufran pero que sientan que sus padres est\u00e1n para ayudarles<\/strong>. No hay que hacerles los deberes, deber\u00e1n aprender a pedir ayuda a sus progenitores. Y no hay que anticiparse a la frustraci\u00f3n, hay que dejar que el ni\u00f1o se equivoque o se frustre de vez en cuando para que vaya madurando.<\/p>\n<p style=\"text-align: justify;\">Debemos educar acorde a la realidad, utilizando el sentido com\u00fan y rescatando aquello que nos sirvi\u00f3 en su tiempo: la paciencia, saber esperar o el respeto.<\/p>\n<p style=\"text-align: justify;\">Hay una educaci\u00f3n demasiado permisiva, padres que se sienten muy culpables porque trabajan todo el d\u00eda y cuando llegan a casa son incapaces de poner normas. Pero sobre todo hay muchos padres excesivamente sobreprotectores:<strong> \u201cque a mi hijo no le pase nada\u201d, \u201cque no se vaya a traumatizar\u201d<\/strong>\u2026 Si los ni\u00f1os no desarrollan herramientas para desenvolverse, esto les generar\u00e1 \u00a0frustraci\u00f3n y un comportamiento agresivo o pasivo<strong>.<\/strong> <strong>Los padres sobreprotectores convierten a sus hijos en tiranos.<\/strong><\/p>\n<h2 style=\"text-align: left;\"><strong>Algunas posibles consecuencias de la sobreprotecci\u00f3n son las siguientes:<\/strong><\/h2>\n<ul style=\"text-align: justify;\">\n<li>Baja autoestima. Como el ni\u00f1o\/a no ha podido poner a prueba su competencia personal, sus habilidades, y no ha podido ver los resultados de sus decisiones, pues al final no es capaz de hacerlo y piensa que no est\u00e1 capacitado.<\/li>\n<li>Dificultades en el aprendizaje y puesta en pr\u00e1ctica de habilidades sociales. A veces son ni\u00f1os muy t\u00edmidos, que en seguida que algo no sale como les gustar\u00eda se sienten mal y prefieren retirarse\u2026 como no le han permitido solucionar sus propios problemas, no han aprendido habilidades de soluci\u00f3n de problemas, algo necesario para las relaciones personales.<\/li>\n<li>Dificultad para tomar decisiones por s\u00ed mismo\/a. Se convierten en personas muy dubitativas a la hora de tomar decisiones, llegando a ser las mismas angustiosas, lo que conlleva que su autoestima disminuya m\u00e1s y su ansiedad aumente.<\/li>\n<li>B\u00fasqueda de seguridad en otros. Como han aprendido a que otros les resuelvan los problemas, as\u00ed que buscan la seguridad y aprobaci\u00f3n de sus conductas en otras personas.<\/li>\n<li>Abandonan sus metas. Ante una dificultad que no saben c\u00f3mo enfrentar, prefieren no enfrentarse, dejarla pasar de largo, evitarla. Tienen miedo a equivocarse.<\/li>\n<li>Relaciones dif\u00edciles con los padres. Como su comportamiento es inseguro, sus relaciones tambi\u00e9n, pudiendo ser o demasiado pasivos o agresivos, por la rabia.<\/li>\n<li>Depresi\u00f3n. En muchos casos, estas personas acaban desarrollando una depresi\u00f3n a consecuencia de su baja autoestima y autoconcepto, y de sus dificultades para resolver problemas en su vida diaria.<\/li>\n<\/ul>\n<p style=\"text-align: justify;\">Queridos pap\u00e1 y mam\u00e1:\u00a0 No olvid\u00e9is que sois el ejemplo de vuestro hijo, cuando el ni\u00f1o se equivoque ayudadlo a poder hacerlo mejor la pr\u00f3xima vez. No lo juzgu\u00e9is, escuchadlo siempre, y valorad sus logros. Ense\u00f1adle a mejorar y a superar sus retos con palabras bonitas. Nunca le hag\u00e1is sentir mal porque as\u00ed s\u00f3lo conseguir\u00e9is que la infelicidad y la frustraci\u00f3n entre en vuestras vidas.<\/p>\n<p style=\"text-align: justify;\">Esperamos que le sea de utilidad. No olvide de comentar sus experiencias y compartir esta entrada con su comunidad virtual,\u00a0as\u00ed m\u00e1s docentes utilizar\u00e1n estos recursos de forma gratuita. \u00a0Muchas gracias.<\/p>\n<p style=\"text-align: justify;\"><strong class=\"last-child first-child\"><span class=\"last-child first-child\">Este contenido ha sido publicado originalmente por Psicolog\u00eda Educativa en la siguiente direcci\u00f3n:\u00a0<a href=\"https:\/\/psicologiaparaelpublico.wordpress.com\" target=\"_blank\" rel=\"noopener noreferrer\">psicologiaparaelpublico.wordpress.com<\/a><\/span><\/strong><\/p>\n\t\t<div class=\"pk-inline-posts\">\n\t\t\t\n\t\t\t<div class=\"pk-inline-posts-container pk-inline-posts-template-list\"\n\t\t\t\tdata-columns=\"1\">\n\t\t\t\t\t\t<article id=\"post-118381\" class=\"post-118381 post type-post status-publish format-standard has-post-thumbnail category-bienestar-familiar category-pedagogia tag-aprendizaje tag-autonomia-3 tag-crianza-consciente tag-desarrollo-infantil tag-docentes tag-educacion-infantil tag-empatia-2 tag-funciones-ejecutivas tag-padres tag-responsabilidad cs-entry cs-video-wrap\">\n\t\t\t<div class=\"pk-post-outer\">\n\n\t\t\t\t\t\t\t\t<div class=\"pk-post-inner\">\n\t\t\t\t\t<div class=\"entry-thumbnail\">\n\t\t\t\t\t\t<div class=\"pk-overlay pk-overlay-ratio pk-ratio-landscape\">\n\t\t\t\t\t\t\t<div class=\"pk-overlay-background\">\n\t\t\t\t\t\t\t\t<a href=\"https:\/\/webdelmaestrocmf.com\/portal\/si-tu-hijo-hace-estas-3-cosas-felicidades-tienes-un-hijo-listo-para-toda-la-vida\/\" class=\"pk-overlay-link\">\n\t\t\t\t\t\t\t\t\t<img loading=\"lazy\" decoding=\"async\" width=\"300\" height=\"225\" src=\"https:\/\/webdelmaestrocmf.com\/portal\/wp-content\/uploads\/2026\/04\/1AA-Banner-1-portada-imagen-10-1-copia-3-7-300x225.webp\" class=\"attachment-pk-thumbnail size-pk-thumbnail wp-post-image\" alt=\"\" \/>\t\t\t\t\t\t\t\t<\/a>\n\t\t\t\t\t\t\t<\/div>\n\t\t\t\t\t\t<\/div>\n\t\t\t\t\t<\/div>\n\t\t\t\t<\/div>\n\t\t\t\t\n\t\t\t\t<div class=\"pk-post-inner\">\n\t\t\t\t\t<header>\n\t\t\t\t\t\t<h3 class=\"pk-title\"><a href=\"https:\/\/webdelmaestrocmf.com\/portal\/si-tu-hijo-hace-estas-3-cosas-felicidades-tienes-un-hijo-listo-para-toda-la-vida\/\" rel=\"bookmark\">Si tu hijo hace estas 3 cosas, felicidades: tienes un hijo listo para toda la vida<\/a><\/h3>\t\t\t\t\t<\/header><!-- .entry-header -->\n\t\t\t\t<\/div><!-- .post-inner -->\n\n\t\t\t<\/div><!-- .post-outer -->\n\t\t<\/article>\n\t\t\t<article id=\"post-118371\" class=\"post-118371 post type-post status-publish format-standard has-post-thumbnail category-bienestar-familiar category-pedagogia tag-aprendizaje-social tag-bienestar-infantil tag-conducta-infantil tag-crianza-consciente tag-desarrollo-infantil tag-disciplina-positiva-2 tag-educacion-emocional-3 tag-regulacion-emocional-2 tag-rol-docente tag-vinculo-afectivo-2 cs-entry cs-video-wrap\">\n\t\t\t<div class=\"pk-post-outer\">\n\n\t\t\t\t\t\t\t\t<div class=\"pk-post-inner\">\n\t\t\t\t\t<div class=\"entry-thumbnail\">\n\t\t\t\t\t\t<div class=\"pk-overlay pk-overlay-ratio pk-ratio-landscape\">\n\t\t\t\t\t\t\t<div class=\"pk-overlay-background\">\n\t\t\t\t\t\t\t\t<a href=\"https:\/\/webdelmaestrocmf.com\/portal\/no-importa-si-grita-papa-o-mama-importa-la-frecuencia-y-la-huella-que-deja-en-el-nino\/\" class=\"pk-overlay-link\">\n\t\t\t\t\t\t\t\t\t<img loading=\"lazy\" decoding=\"async\" width=\"300\" height=\"225\" src=\"https:\/\/webdelmaestrocmf.com\/portal\/wp-content\/uploads\/2026\/04\/1AA-Banner-1-portada-imagen-10-1-copia-2-8-300x225.webp\" class=\"attachment-pk-thumbnail size-pk-thumbnail wp-post-image\" alt=\"\" \/>\t\t\t\t\t\t\t\t<\/a>\n\t\t\t\t\t\t\t<\/div>\n\t\t\t\t\t\t<\/div>\n\t\t\t\t\t<\/div>\n\t\t\t\t<\/div>\n\t\t\t\t\n\t\t\t\t<div class=\"pk-post-inner\">\n\t\t\t\t\t<header>\n\t\t\t\t\t\t<h3 class=\"pk-title\"><a href=\"https:\/\/webdelmaestrocmf.com\/portal\/no-importa-si-grita-papa-o-mama-importa-la-frecuencia-y-la-huella-que-deja-en-el-nino\/\" rel=\"bookmark\">No importa si grita pap\u00e1 o mam\u00e1\u2026 importa la frecuencia y la huella que deja en el ni\u00f1o<\/a><\/h3>\t\t\t\t\t<\/header><!-- .entry-header -->\n\t\t\t\t<\/div><!-- .post-inner -->\n\n\t\t\t<\/div><!-- .post-outer -->\n\t\t<\/article>\n\t\t\t<article id=\"post-38151\" class=\"post-38151 post type-post status-publish format-standard has-post-thumbnail category-bienestar-familiar category-pedagogia tag-alumno tag-construccion tag-educar tag-ensenar tag-escuela tag-familia tag-hijo cs-entry cs-video-wrap\">\n\t\t\t<div class=\"pk-post-outer\">\n\n\t\t\t\t\t\t\t\t<div class=\"pk-post-inner\">\n\t\t\t\t\t<div class=\"entry-thumbnail\">\n\t\t\t\t\t\t<div class=\"pk-overlay pk-overlay-ratio pk-ratio-landscape\">\n\t\t\t\t\t\t\t<div class=\"pk-overlay-background\">\n\t\t\t\t\t\t\t\t<a href=\"https:\/\/webdelmaestrocmf.com\/portal\/la-construccion-de-un-hijo-alumno-la-familia-tiene-que-educar-para-que-la-escuela-pueda-ensenar\/\" class=\"pk-overlay-link\">\n\t\t\t\t\t\t\t\t\t<img loading=\"lazy\" decoding=\"async\" width=\"300\" height=\"225\" src=\"https:\/\/webdelmaestrocmf.com\/portal\/wp-content\/uploads\/2026\/04\/1AA-Banner-1-portada-imagen-10-1-copia-7-3-300x225.webp\" class=\"attachment-pk-thumbnail size-pk-thumbnail wp-post-image\" alt=\"\" \/>\t\t\t\t\t\t\t\t<\/a>\n\t\t\t\t\t\t\t<\/div>\n\t\t\t\t\t\t<\/div>\n\t\t\t\t\t<\/div>\n\t\t\t\t<\/div>\n\t\t\t\t\n\t\t\t\t<div class=\"pk-post-inner\">\n\t\t\t\t\t<header>\n\t\t\t\t\t\t<h3 class=\"pk-title\"><a href=\"https:\/\/webdelmaestrocmf.com\/portal\/la-construccion-de-un-hijo-alumno-la-familia-tiene-que-educar-para-que-la-escuela-pueda-ensenar\/\" rel=\"bookmark\">La familia tiene que educar para que la escuela pueda ense\u00f1ar<\/a><\/h3>\t\t\t\t\t<\/header><!-- .entry-header -->\n\t\t\t\t<\/div><!-- .post-inner -->\n\n\t\t\t<\/div><!-- .post-outer -->\n\t\t<\/article>\n\t\t\t\t<\/div>\n\t\t<\/div>\n\t\t\n","protected":false},"excerpt":{"rendered":"Hace poco nos contaba la profesora Eva Mar\u00eda Romero Valderas que estaba \u201charta del proteccionismo de los padres,&hellip;","protected":false},"author":1,"featured_media":106133,"comment_status":"open","ping_status":"open","sticky":false,"template":"","format":"standard","meta":{"csco_display_header_overlay":false,"csco_singular_sidebar":"default","csco_page_header_type":"default","csco_page_load_nextpost":"default","csco_post_video_location":[],"csco_post_video_location_hash":"","csco_post_video_url":"","csco_post_video_bg_start_time":0,"csco_post_video_bg_end_time":0,"csco_post_video_bg_volume":false,"_jetpack_memberships_contains_paid_content":false,"footnotes":""},"categories":[464,735],"tags":[311,184,1798,1799],"class_list":{"0":"post-14470","1":"post","2":"type-post","3":"status-publish","4":"format-standard","5":"has-post-thumbnail","7":"category-bienestar-familiar","8":"category-pedagogia","9":"tag-hijos","10":"tag-padres","11":"tag-sobreprotectores","12":"tag-tiranos","13":"cs-entry","14":"cs-video-wrap"},"yoast_head":"<!-- This site is optimized with the Yoast SEO plugin v27.5 - https:\/\/yoast.com\/product\/yoast-seo-wordpress\/ -->\n<title>Padres sobreprotectores: Las equivocaciones y los sinsabores ayudan a los ni\u00f1os a desarrollar una saludable tolerancia a la frustraci\u00f3n<\/title>\n<meta name=\"description\" content=\"Hace poco nos contaba la profesora Eva Mar\u00eda Romero Valderas que estaba \u201charta del proteccionismo de los padres, que quieren que sus hijos...\" \/>\n<meta name=\"robots\" content=\"index, follow, max-snippet:-1, max-image-preview:large, max-video-preview:-1\" \/>\n<link rel=\"canonical\" href=\"https:\/\/webdelmaestrocmf.com\/portal\/los-padres-sobreprotectores-convierten-hijos-tiranos\/\" \/>\n<meta property=\"og:locale\" content=\"es_ES\" \/>\n<meta property=\"og:type\" content=\"article\" \/>\n<meta property=\"og:title\" content=\"Padres sobreprotectores: Las equivocaciones y los sinsabores ayudan a los ni\u00f1os a desarrollar una saludable tolerancia a la frustraci\u00f3n\" \/>\n<meta property=\"og:description\" content=\"Hace poco nos contaba la profesora Eva Mar\u00eda Romero Valderas que estaba \u201charta del proteccionismo de los padres, que quieren que sus hijos...\" \/>\n<meta property=\"og:url\" content=\"https:\/\/webdelmaestrocmf.com\/portal\/los-padres-sobreprotectores-convierten-hijos-tiranos\/\" \/>\n<meta property=\"og:site_name\" content=\"Web del Maestro CMF\" \/>\n<meta property=\"article:publisher\" content=\"https:\/\/www.facebook.com\/WebdelMaestroCMF\/\" \/>\n<meta property=\"article:author\" content=\"https:\/\/www.facebook.com\/WebdelMaestroCMF\/\" \/>\n<meta property=\"article:published_time\" content=\"2024-07-02T23:50:25+00:00\" \/>\n<meta property=\"article:modified_time\" content=\"2024-07-02T23:52:27+00:00\" \/>\n<meta property=\"og:image\" content=\"https:\/\/webdelmaestrocmf.com\/portal\/wp-content\/uploads\/2019\/10\/Banner-1-portada-imagen-10-1-2024-07-02T194932.923.jpg\" \/>\n\t<meta property=\"og:image:width\" content=\"1024\" \/>\n\t<meta property=\"og:image:height\" content=\"1024\" \/>\n\t<meta property=\"og:image:type\" content=\"image\/jpeg\" \/>\n<meta name=\"author\" content=\"Web del Maestro CMF\" \/>\n<meta name=\"twitter:card\" content=\"summary_large_image\" \/>\n<meta name=\"twitter:creator\" content=\"@cmf_w\" \/>\n<meta name=\"twitter:site\" content=\"@cmf_w\" \/>\n<script type=\"application\/ld+json\" class=\"yoast-schema-graph\">{\"@context\":\"https:\\\/\\\/schema.org\",\"@graph\":[{\"@type\":\"ScholarlyArticle\",\"@id\":\"https:\\\/\\\/webdelmaestrocmf.com\\\/portal\\\/los-padres-sobreprotectores-convierten-hijos-tiranos\\\/#article\",\"isPartOf\":{\"@id\":\"https:\\\/\\\/webdelmaestrocmf.com\\\/portal\\\/los-padres-sobreprotectores-convierten-hijos-tiranos\\\/\"},\"author\":{\"name\":\"Web del Maestro CMF\",\"@id\":\"https:\\\/\\\/webdelmaestrocmf.com\\\/portal\\\/#\\\/schema\\\/person\\\/1072a2ed7bd960df8ef99a551fa35dc5\"},\"headline\":\"Padres sobreprotectores: Las equivocaciones y los sinsabores ayudan a los ni\u00f1os a desarrollar una saludable tolerancia a la frustraci\u00f3n\",\"datePublished\":\"2024-07-02T23:50:25+00:00\",\"dateModified\":\"2024-07-02T23:52:27+00:00\",\"mainEntityOfPage\":{\"@id\":\"https:\\\/\\\/webdelmaestrocmf.com\\\/portal\\\/los-padres-sobreprotectores-convierten-hijos-tiranos\\\/\"},\"wordCount\":1167,\"commentCount\":0,\"publisher\":{\"@id\":\"https:\\\/\\\/webdelmaestrocmf.com\\\/portal\\\/#organization\"},\"image\":{\"@id\":\"https:\\\/\\\/webdelmaestrocmf.com\\\/portal\\\/los-padres-sobreprotectores-convierten-hijos-tiranos\\\/#primaryimage\"},\"thumbnailUrl\":\"https:\\\/\\\/webdelmaestrocmf.com\\\/portal\\\/wp-content\\\/uploads\\\/2019\\\/10\\\/Banner-1-portada-imagen-10-1-2024-07-02T194932.923.jpg\",\"keywords\":[\"hijos\",\"padres\",\"SOBREPROTECTORES\",\"TIRANOS\"],\"articleSection\":[\"Bienestar Familiar\",\"Recursos\"],\"inLanguage\":\"es\",\"potentialAction\":[{\"@type\":\"CommentAction\",\"name\":\"Comment\",\"target\":[\"https:\\\/\\\/webdelmaestrocmf.com\\\/portal\\\/los-padres-sobreprotectores-convierten-hijos-tiranos\\\/#respond\"]}]},{\"@type\":\"WebPage\",\"@id\":\"https:\\\/\\\/webdelmaestrocmf.com\\\/portal\\\/los-padres-sobreprotectores-convierten-hijos-tiranos\\\/\",\"url\":\"https:\\\/\\\/webdelmaestrocmf.com\\\/portal\\\/los-padres-sobreprotectores-convierten-hijos-tiranos\\\/\",\"name\":\"Padres sobreprotectores: Las equivocaciones y los sinsabores ayudan a los ni\u00f1os a desarrollar una saludable tolerancia a la frustraci\u00f3n\",\"isPartOf\":{\"@id\":\"https:\\\/\\\/webdelmaestrocmf.com\\\/portal\\\/#website\"},\"primaryImageOfPage\":{\"@id\":\"https:\\\/\\\/webdelmaestrocmf.com\\\/portal\\\/los-padres-sobreprotectores-convierten-hijos-tiranos\\\/#primaryimage\"},\"image\":{\"@id\":\"https:\\\/\\\/webdelmaestrocmf.com\\\/portal\\\/los-padres-sobreprotectores-convierten-hijos-tiranos\\\/#primaryimage\"},\"thumbnailUrl\":\"https:\\\/\\\/webdelmaestrocmf.com\\\/portal\\\/wp-content\\\/uploads\\\/2019\\\/10\\\/Banner-1-portada-imagen-10-1-2024-07-02T194932.923.jpg\",\"datePublished\":\"2024-07-02T23:50:25+00:00\",\"dateModified\":\"2024-07-02T23:52:27+00:00\",\"description\":\"Hace poco nos contaba la profesora Eva Mar\u00eda Romero Valderas que estaba \u201charta del proteccionismo de los padres, que quieren que sus hijos...\",\"breadcrumb\":{\"@id\":\"https:\\\/\\\/webdelmaestrocmf.com\\\/portal\\\/los-padres-sobreprotectores-convierten-hijos-tiranos\\\/#breadcrumb\"},\"inLanguage\":\"es\",\"potentialAction\":[{\"@type\":\"ReadAction\",\"target\":[\"https:\\\/\\\/webdelmaestrocmf.com\\\/portal\\\/los-padres-sobreprotectores-convierten-hijos-tiranos\\\/\"]}]},{\"@type\":\"ImageObject\",\"inLanguage\":\"es\",\"@id\":\"https:\\\/\\\/webdelmaestrocmf.com\\\/portal\\\/los-padres-sobreprotectores-convierten-hijos-tiranos\\\/#primaryimage\",\"url\":\"https:\\\/\\\/webdelmaestrocmf.com\\\/portal\\\/wp-content\\\/uploads\\\/2019\\\/10\\\/Banner-1-portada-imagen-10-1-2024-07-02T194932.923.jpg\",\"contentUrl\":\"https:\\\/\\\/webdelmaestrocmf.com\\\/portal\\\/wp-content\\\/uploads\\\/2019\\\/10\\\/Banner-1-portada-imagen-10-1-2024-07-02T194932.923.jpg\",\"width\":1024,\"height\":1024,\"caption\":\"Padres sobreprotectores\"},{\"@type\":\"BreadcrumbList\",\"@id\":\"https:\\\/\\\/webdelmaestrocmf.com\\\/portal\\\/los-padres-sobreprotectores-convierten-hijos-tiranos\\\/#breadcrumb\",\"itemListElement\":[{\"@type\":\"ListItem\",\"position\":1,\"name\":\"Portada\",\"item\":\"https:\\\/\\\/webdelmaestrocmf.com\\\/portal\\\/\"},{\"@type\":\"ListItem\",\"position\":2,\"name\":\"Recursos\",\"item\":\"https:\\\/\\\/webdelmaestrocmf.com\\\/portal\\\/category\\\/pedagogia\\\/\"},{\"@type\":\"ListItem\",\"position\":3,\"name\":\"Padres sobreprotectores: Las equivocaciones y los sinsabores ayudan a los ni\u00f1os a desarrollar una saludable tolerancia a la frustraci\u00f3n\"}]},{\"@type\":\"WebSite\",\"@id\":\"https:\\\/\\\/webdelmaestrocmf.com\\\/portal\\\/#website\",\"url\":\"https:\\\/\\\/webdelmaestrocmf.com\\\/portal\\\/\",\"name\":\"Web del Maestro CMF\",\"description\":\"Maestros al servicio de la educaci\u00f3n\",\"publisher\":{\"@id\":\"https:\\\/\\\/webdelmaestrocmf.com\\\/portal\\\/#organization\"},\"alternateName\":\"WMCMF\",\"potentialAction\":[{\"@type\":\"SearchAction\",\"target\":{\"@type\":\"EntryPoint\",\"urlTemplate\":\"https:\\\/\\\/webdelmaestrocmf.com\\\/portal\\\/?s={search_term_string}\"},\"query-input\":{\"@type\":\"PropertyValueSpecification\",\"valueRequired\":true,\"valueName\":\"search_term_string\"}}],\"inLanguage\":\"es\"},{\"@type\":\"Organization\",\"@id\":\"https:\\\/\\\/webdelmaestrocmf.com\\\/portal\\\/#organization\",\"name\":\"Web del Maestro CMF\",\"alternateName\":\"WMCMF\",\"url\":\"https:\\\/\\\/webdelmaestrocmf.com\\\/portal\\\/\",\"logo\":{\"@type\":\"ImageObject\",\"inLanguage\":\"es\",\"@id\":\"https:\\\/\\\/webdelmaestrocmf.com\\\/portal\\\/#\\\/schema\\\/logo\\\/image\\\/\",\"url\":\"https:\\\/\\\/webdelmaestrocmf.com\\\/portal\\\/wp-content\\\/uploads\\\/2023\\\/01\\\/logo-wmcmf-2.png\",\"contentUrl\":\"https:\\\/\\\/webdelmaestrocmf.com\\\/portal\\\/wp-content\\\/uploads\\\/2023\\\/01\\\/logo-wmcmf-2.png\",\"width\":200,\"height\":60,\"caption\":\"Web del Maestro CMF\"},\"image\":{\"@id\":\"https:\\\/\\\/webdelmaestrocmf.com\\\/portal\\\/#\\\/schema\\\/logo\\\/image\\\/\"},\"sameAs\":[\"https:\\\/\\\/www.facebook.com\\\/WebdelMaestroCMF\\\/\",\"https:\\\/\\\/x.com\\\/cmf_w\",\"https:\\\/\\\/www.pinterest.com\\\/WMCMF\\\/\",\"https:\\\/\\\/www.linkedin.com\\\/company\\\/web-del-maestro-cmf\\\/\",\"https:\\\/\\\/www.instagram.com\\\/wmcmf\\\/\",\"https:\\\/\\\/www.youtube.com\\\/channel\\\/UCDPSvjbdodE5sHnC3OxutHw\",\"https:\\\/\\\/mastodon.social\\\/@wmcmf\",\"https:\\\/\\\/www.tiktok.com\\\/@webdelmaestrocmf\"]},{\"@type\":\"Person\",\"@id\":\"https:\\\/\\\/webdelmaestrocmf.com\\\/portal\\\/#\\\/schema\\\/person\\\/1072a2ed7bd960df8ef99a551fa35dc5\",\"name\":\"Web del Maestro CMF\",\"image\":{\"@type\":\"ImageObject\",\"inLanguage\":\"es\",\"@id\":\"https:\\\/\\\/secure.gravatar.com\\\/avatar\\\/23291dd5b5ae1077dcff3dbb04c3e02bd28403fa75af6d8787d5e97c5bbbe30b?s=96&d=mm&r=g\",\"url\":\"https:\\\/\\\/secure.gravatar.com\\\/avatar\\\/23291dd5b5ae1077dcff3dbb04c3e02bd28403fa75af6d8787d5e97c5bbbe30b?s=96&d=mm&r=g\",\"contentUrl\":\"https:\\\/\\\/secure.gravatar.com\\\/avatar\\\/23291dd5b5ae1077dcff3dbb04c3e02bd28403fa75af6d8787d5e97c5bbbe30b?s=96&d=mm&r=g\",\"caption\":\"Web del Maestro CMF\"},\"description\":\"Esta Web se cre\u00f3 sin fines de lucro, con fines educativos, cient\u00edficos y acad\u00e9micos, para personas que tengan dificultades y\\\/o inconvenientes en visualizar el material original. El objetivo es entregar recursos, compartir experiencias y materiales que ayuden a los padres de familia, maestros y estudiantes en su actualizaci\u00f3n y formaci\u00f3n permanente, en bien de la Educaci\u00f3n.\",\"sameAs\":[\"http:\\\/\\\/webdelmaestrocmf.com\\\/portal\",\"https:\\\/\\\/www.facebook.com\\\/WebdelMaestroCMF\\\/\",\"https:\\\/\\\/www.instagram.com\\\/wmcmf\\\/\",\"https:\\\/\\\/cl.linkedin.com\\\/company\\\/web-del-maestro-cmf\",\"https:\\\/\\\/www.pinterest.com\\\/WMCMF\\\/publicaciones\\\/\",\"https:\\\/\\\/x.com\\\/cmf_w\",\"https:\\\/\\\/www.youtube.com\\\/@WMCMF\"]}]}<\/script>\n<!-- \/ Yoast SEO plugin. -->","yoast_head_json":{"title":"Padres sobreprotectores: Las equivocaciones y los sinsabores ayudan a los ni\u00f1os a desarrollar una saludable tolerancia a la frustraci\u00f3n","description":"Hace poco nos contaba la profesora Eva Mar\u00eda Romero Valderas que estaba \u201charta del proteccionismo de los padres, que quieren que sus hijos...","robots":{"index":"index","follow":"follow","max-snippet":"max-snippet:-1","max-image-preview":"max-image-preview:large","max-video-preview":"max-video-preview:-1"},"canonical":"https:\/\/webdelmaestrocmf.com\/portal\/los-padres-sobreprotectores-convierten-hijos-tiranos\/","og_locale":"es_ES","og_type":"article","og_title":"Padres sobreprotectores: Las equivocaciones y los sinsabores ayudan a los ni\u00f1os a desarrollar una saludable tolerancia a la frustraci\u00f3n","og_description":"Hace poco nos contaba la profesora Eva Mar\u00eda Romero Valderas que estaba \u201charta del proteccionismo de los padres, que quieren que sus hijos...","og_url":"https:\/\/webdelmaestrocmf.com\/portal\/los-padres-sobreprotectores-convierten-hijos-tiranos\/","og_site_name":"Web del Maestro CMF","article_publisher":"https:\/\/www.facebook.com\/WebdelMaestroCMF\/","article_author":"https:\/\/www.facebook.com\/WebdelMaestroCMF\/","article_published_time":"2024-07-02T23:50:25+00:00","article_modified_time":"2024-07-02T23:52:27+00:00","og_image":[{"width":1024,"height":1024,"url":"https:\/\/webdelmaestrocmf.com\/portal\/wp-content\/uploads\/2019\/10\/Banner-1-portada-imagen-10-1-2024-07-02T194932.923.jpg","type":"image\/jpeg"}],"author":"Web del Maestro CMF","twitter_card":"summary_large_image","twitter_creator":"@cmf_w","twitter_site":"@cmf_w","schema":{"@context":"https:\/\/schema.org","@graph":[{"@type":"ScholarlyArticle","@id":"https:\/\/webdelmaestrocmf.com\/portal\/los-padres-sobreprotectores-convierten-hijos-tiranos\/#article","isPartOf":{"@id":"https:\/\/webdelmaestrocmf.com\/portal\/los-padres-sobreprotectores-convierten-hijos-tiranos\/"},"author":{"name":"Web del Maestro CMF","@id":"https:\/\/webdelmaestrocmf.com\/portal\/#\/schema\/person\/1072a2ed7bd960df8ef99a551fa35dc5"},"headline":"Padres sobreprotectores: Las equivocaciones y los sinsabores ayudan a los ni\u00f1os a desarrollar una saludable tolerancia a la frustraci\u00f3n","datePublished":"2024-07-02T23:50:25+00:00","dateModified":"2024-07-02T23:52:27+00:00","mainEntityOfPage":{"@id":"https:\/\/webdelmaestrocmf.com\/portal\/los-padres-sobreprotectores-convierten-hijos-tiranos\/"},"wordCount":1167,"commentCount":0,"publisher":{"@id":"https:\/\/webdelmaestrocmf.com\/portal\/#organization"},"image":{"@id":"https:\/\/webdelmaestrocmf.com\/portal\/los-padres-sobreprotectores-convierten-hijos-tiranos\/#primaryimage"},"thumbnailUrl":"https:\/\/webdelmaestrocmf.com\/portal\/wp-content\/uploads\/2019\/10\/Banner-1-portada-imagen-10-1-2024-07-02T194932.923.jpg","keywords":["hijos","padres","SOBREPROTECTORES","TIRANOS"],"articleSection":["Bienestar Familiar","Recursos"],"inLanguage":"es","potentialAction":[{"@type":"CommentAction","name":"Comment","target":["https:\/\/webdelmaestrocmf.com\/portal\/los-padres-sobreprotectores-convierten-hijos-tiranos\/#respond"]}]},{"@type":"WebPage","@id":"https:\/\/webdelmaestrocmf.com\/portal\/los-padres-sobreprotectores-convierten-hijos-tiranos\/","url":"https:\/\/webdelmaestrocmf.com\/portal\/los-padres-sobreprotectores-convierten-hijos-tiranos\/","name":"Padres sobreprotectores: Las equivocaciones y los sinsabores ayudan a los ni\u00f1os a desarrollar una saludable tolerancia a la frustraci\u00f3n","isPartOf":{"@id":"https:\/\/webdelmaestrocmf.com\/portal\/#website"},"primaryImageOfPage":{"@id":"https:\/\/webdelmaestrocmf.com\/portal\/los-padres-sobreprotectores-convierten-hijos-tiranos\/#primaryimage"},"image":{"@id":"https:\/\/webdelmaestrocmf.com\/portal\/los-padres-sobreprotectores-convierten-hijos-tiranos\/#primaryimage"},"thumbnailUrl":"https:\/\/webdelmaestrocmf.com\/portal\/wp-content\/uploads\/2019\/10\/Banner-1-portada-imagen-10-1-2024-07-02T194932.923.jpg","datePublished":"2024-07-02T23:50:25+00:00","dateModified":"2024-07-02T23:52:27+00:00","description":"Hace poco nos contaba la profesora Eva Mar\u00eda Romero Valderas que estaba \u201charta del proteccionismo de los padres, que quieren que sus hijos...","breadcrumb":{"@id":"https:\/\/webdelmaestrocmf.com\/portal\/los-padres-sobreprotectores-convierten-hijos-tiranos\/#breadcrumb"},"inLanguage":"es","potentialAction":[{"@type":"ReadAction","target":["https:\/\/webdelmaestrocmf.com\/portal\/los-padres-sobreprotectores-convierten-hijos-tiranos\/"]}]},{"@type":"ImageObject","inLanguage":"es","@id":"https:\/\/webdelmaestrocmf.com\/portal\/los-padres-sobreprotectores-convierten-hijos-tiranos\/#primaryimage","url":"https:\/\/webdelmaestrocmf.com\/portal\/wp-content\/uploads\/2019\/10\/Banner-1-portada-imagen-10-1-2024-07-02T194932.923.jpg","contentUrl":"https:\/\/webdelmaestrocmf.com\/portal\/wp-content\/uploads\/2019\/10\/Banner-1-portada-imagen-10-1-2024-07-02T194932.923.jpg","width":1024,"height":1024,"caption":"Padres sobreprotectores"},{"@type":"BreadcrumbList","@id":"https:\/\/webdelmaestrocmf.com\/portal\/los-padres-sobreprotectores-convierten-hijos-tiranos\/#breadcrumb","itemListElement":[{"@type":"ListItem","position":1,"name":"Portada","item":"https:\/\/webdelmaestrocmf.com\/portal\/"},{"@type":"ListItem","position":2,"name":"Recursos","item":"https:\/\/webdelmaestrocmf.com\/portal\/category\/pedagogia\/"},{"@type":"ListItem","position":3,"name":"Padres sobreprotectores: Las equivocaciones y los sinsabores ayudan a los ni\u00f1os a desarrollar una saludable tolerancia a la frustraci\u00f3n"}]},{"@type":"WebSite","@id":"https:\/\/webdelmaestrocmf.com\/portal\/#website","url":"https:\/\/webdelmaestrocmf.com\/portal\/","name":"Web del Maestro CMF","description":"Maestros al servicio de la educaci\u00f3n","publisher":{"@id":"https:\/\/webdelmaestrocmf.com\/portal\/#organization"},"alternateName":"WMCMF","potentialAction":[{"@type":"SearchAction","target":{"@type":"EntryPoint","urlTemplate":"https:\/\/webdelmaestrocmf.com\/portal\/?s={search_term_string}"},"query-input":{"@type":"PropertyValueSpecification","valueRequired":true,"valueName":"search_term_string"}}],"inLanguage":"es"},{"@type":"Organization","@id":"https:\/\/webdelmaestrocmf.com\/portal\/#organization","name":"Web del Maestro CMF","alternateName":"WMCMF","url":"https:\/\/webdelmaestrocmf.com\/portal\/","logo":{"@type":"ImageObject","inLanguage":"es","@id":"https:\/\/webdelmaestrocmf.com\/portal\/#\/schema\/logo\/image\/","url":"https:\/\/webdelmaestrocmf.com\/portal\/wp-content\/uploads\/2023\/01\/logo-wmcmf-2.png","contentUrl":"https:\/\/webdelmaestrocmf.com\/portal\/wp-content\/uploads\/2023\/01\/logo-wmcmf-2.png","width":200,"height":60,"caption":"Web del Maestro CMF"},"image":{"@id":"https:\/\/webdelmaestrocmf.com\/portal\/#\/schema\/logo\/image\/"},"sameAs":["https:\/\/www.facebook.com\/WebdelMaestroCMF\/","https:\/\/x.com\/cmf_w","https:\/\/www.pinterest.com\/WMCMF\/","https:\/\/www.linkedin.com\/company\/web-del-maestro-cmf\/","https:\/\/www.instagram.com\/wmcmf\/","https:\/\/www.youtube.com\/channel\/UCDPSvjbdodE5sHnC3OxutHw","https:\/\/mastodon.social\/@wmcmf","https:\/\/www.tiktok.com\/@webdelmaestrocmf"]},{"@type":"Person","@id":"https:\/\/webdelmaestrocmf.com\/portal\/#\/schema\/person\/1072a2ed7bd960df8ef99a551fa35dc5","name":"Web del Maestro CMF","image":{"@type":"ImageObject","inLanguage":"es","@id":"https:\/\/secure.gravatar.com\/avatar\/23291dd5b5ae1077dcff3dbb04c3e02bd28403fa75af6d8787d5e97c5bbbe30b?s=96&d=mm&r=g","url":"https:\/\/secure.gravatar.com\/avatar\/23291dd5b5ae1077dcff3dbb04c3e02bd28403fa75af6d8787d5e97c5bbbe30b?s=96&d=mm&r=g","contentUrl":"https:\/\/secure.gravatar.com\/avatar\/23291dd5b5ae1077dcff3dbb04c3e02bd28403fa75af6d8787d5e97c5bbbe30b?s=96&d=mm&r=g","caption":"Web del Maestro CMF"},"description":"Esta Web se cre\u00f3 sin fines de lucro, con fines educativos, cient\u00edficos y acad\u00e9micos, para personas que tengan dificultades y\/o inconvenientes en visualizar el material original. El objetivo es entregar recursos, compartir experiencias y materiales que ayuden a los padres de familia, maestros y estudiantes en su actualizaci\u00f3n y formaci\u00f3n permanente, en bien de la Educaci\u00f3n.","sameAs":["http:\/\/webdelmaestrocmf.com\/portal","https:\/\/www.facebook.com\/WebdelMaestroCMF\/","https:\/\/www.instagram.com\/wmcmf\/","https:\/\/cl.linkedin.com\/company\/web-del-maestro-cmf","https:\/\/www.pinterest.com\/WMCMF\/publicaciones\/","https:\/\/x.com\/cmf_w","https:\/\/www.youtube.com\/@WMCMF"]}]}},"jetpack_featured_media_url":"https:\/\/webdelmaestrocmf.com\/portal\/wp-content\/uploads\/2019\/10\/Banner-1-portada-imagen-10-1-2024-07-02T194932.923.jpg","jetpack_sharing_enabled":true,"jetpack-related-posts":[{"id":114875,"url":"https:\/\/webdelmaestrocmf.com\/portal\/pedro-garcia-aguado-los-padres-que-estan-dando-peor-resultado-son-los-sobreprotectores-y-los-permisivos\/","url_meta":{"origin":14470,"position":0},"title":"Pedro Garc\u00eda Aguado: \u00abLos padres que est\u00e1n dando peor resultado son los sobreprotectores y los permisivos\u00bb","author":"Web del Maestro CMF","date":"19 enero, 2026","format":false,"excerpt":"La sobreprotecci\u00f3n y la permisividad generan hijos intolerantes a la frustraci\u00f3n, sin l\u00edmites, con dificultades para convivir y respetar normas.","rel":"","context":"En \u00abEntrevistas\u00bb","block_context":{"text":"Entrevistas","link":"https:\/\/webdelmaestrocmf.com\/portal\/category\/noticias\/entrevistas\/"},"img":{"alt_text":"","src":"https:\/\/i0.wp.com\/webdelmaestrocmf.com\/portal\/wp-content\/uploads\/2026\/01\/1A-Banner-1-portada-imagen-10-1-copia-18.webp?resize=350%2C200&ssl=1","width":350,"height":200,"srcset":"https:\/\/i0.wp.com\/webdelmaestrocmf.com\/portal\/wp-content\/uploads\/2026\/01\/1A-Banner-1-portada-imagen-10-1-copia-18.webp?resize=350%2C200&ssl=1 1x, https:\/\/i0.wp.com\/webdelmaestrocmf.com\/portal\/wp-content\/uploads\/2026\/01\/1A-Banner-1-portada-imagen-10-1-copia-18.webp?resize=525%2C300&ssl=1 1.5x, https:\/\/i0.wp.com\/webdelmaestrocmf.com\/portal\/wp-content\/uploads\/2026\/01\/1A-Banner-1-portada-imagen-10-1-copia-18.webp?resize=700%2C400&ssl=1 2x"},"classes":[]},{"id":91339,"url":"https:\/\/webdelmaestrocmf.com\/portal\/profesor-brinda-polemico-y-contundente-mensaje-a-los-padres-de-familia-hacemos-todo-lo-posible-todo-lo-humano-y-que-cosa-nos-dan-a-cambio-una-soga-en-el-cuello-nos-tiene-ahorcados\/","url_meta":{"origin":14470,"position":1},"title":"Profesor brinda Pol\u00e9mico y contundente mensaje a los padres de familia: \u00abEl sistema es permisivo con los padres. [&#8230;] Ese tipo de padres no deber\u00eda existir. Para empezar, ni ellos ni sus hijos\u00bb","author":"Web del Maestro CMF","date":"28 marzo, 2026","format":false,"excerpt":"Un docente ha generado un intenso debate al denunciar que el sistema educativo se ha vuelto permisivo frente a ciertos comportamientos de los padres, quienes justifican conductas inapropiadas de sus hijos y trasladan la responsabilidad a la escuela.","rel":"","context":"En \u00abNoticias Internacionales\u00bb","block_context":{"text":"Noticias Internacionales","link":"https:\/\/webdelmaestrocmf.com\/portal\/category\/noticias-internacionales\/"},"img":{"alt_text":"","src":"https:\/\/i0.wp.com\/webdelmaestrocmf.com\/portal\/wp-content\/uploads\/2023\/08\/1AA-Banner-1-portada-imagen-10-1-copia-11.webp?resize=350%2C200&ssl=1","width":350,"height":200,"srcset":"https:\/\/i0.wp.com\/webdelmaestrocmf.com\/portal\/wp-content\/uploads\/2023\/08\/1AA-Banner-1-portada-imagen-10-1-copia-11.webp?resize=350%2C200&ssl=1 1x, https:\/\/i0.wp.com\/webdelmaestrocmf.com\/portal\/wp-content\/uploads\/2023\/08\/1AA-Banner-1-portada-imagen-10-1-copia-11.webp?resize=525%2C300&ssl=1 1.5x, https:\/\/i0.wp.com\/webdelmaestrocmf.com\/portal\/wp-content\/uploads\/2023\/08\/1AA-Banner-1-portada-imagen-10-1-copia-11.webp?resize=700%2C400&ssl=1 2x, https:\/\/i0.wp.com\/webdelmaestrocmf.com\/portal\/wp-content\/uploads\/2023\/08\/1AA-Banner-1-portada-imagen-10-1-copia-11.webp?resize=1050%2C600&ssl=1 3x"},"classes":[]},{"id":113979,"url":"https:\/\/webdelmaestrocmf.com\/portal\/papas-de-algodon-y-aulas-en-crisis-lo-que-los-docentes-estan-viviendo-realmente\/","url_meta":{"origin":14470,"position":2},"title":"Pap\u00e1s de algod\u00f3n y aulas en crisis: lo que los docentes est\u00e1n viviendo realmente","author":"Web del Maestro CMF","date":"11 diciembre, 2025","format":false,"excerpt":"La crisis educativa se profundiza: docentes desbordados, padres permisivos y aulas sin l\u00edmites revelan un sistema que pierde autoridad y rumbo cada d\u00eda.","rel":"","context":"En \u00abNoticias Internacionales\u00bb","block_context":{"text":"Noticias Internacionales","link":"https:\/\/webdelmaestrocmf.com\/portal\/category\/noticias-internacionales\/"},"img":{"alt_text":"","src":"https:\/\/i0.wp.com\/webdelmaestrocmf.com\/portal\/wp-content\/uploads\/2025\/12\/1A-Banner-1-portada-imagen-10-1-copia-13.webp?resize=350%2C200&ssl=1","width":350,"height":200,"srcset":"https:\/\/i0.wp.com\/webdelmaestrocmf.com\/portal\/wp-content\/uploads\/2025\/12\/1A-Banner-1-portada-imagen-10-1-copia-13.webp?resize=350%2C200&ssl=1 1x, https:\/\/i0.wp.com\/webdelmaestrocmf.com\/portal\/wp-content\/uploads\/2025\/12\/1A-Banner-1-portada-imagen-10-1-copia-13.webp?resize=525%2C300&ssl=1 1.5x, https:\/\/i0.wp.com\/webdelmaestrocmf.com\/portal\/wp-content\/uploads\/2025\/12\/1A-Banner-1-portada-imagen-10-1-copia-13.webp?resize=700%2C400&ssl=1 2x"},"classes":[]},{"id":112869,"url":"https:\/\/webdelmaestrocmf.com\/portal\/padres-de-cristal-o-ninos-de-cristal-quien-de-los-dos-lo-es\/","url_meta":{"origin":14470,"position":3},"title":"\u00bfPadres de cristal o ni\u00f1os de cristal? No, el problema es m\u00e1s inc\u00f3modo: adultos que evitan educar y luego culpan a la escuela por no hacerlo","author":"Web del Maestro CMF","date":"27 octubre, 2025","format":false,"excerpt":"En una \u00e9poca donde cualquier llamado de atenci\u00f3n parece una ofensa, algunos padres reaccionan m\u00e1s que sus propios hijos.","rel":"","context":"En \u00abYo opino - WMCMF\u00bb","block_context":{"text":"Yo opino - WMCMF","link":"https:\/\/webdelmaestrocmf.com\/portal\/category\/jamb\/"},"img":{"alt_text":"","src":"https:\/\/i0.wp.com\/webdelmaestrocmf.com\/portal\/wp-content\/uploads\/2025\/10\/1A-Banner-1-portada-imagen-10-1-copia-3-2.webp?resize=350%2C200&ssl=1","width":350,"height":200,"srcset":"https:\/\/i0.wp.com\/webdelmaestrocmf.com\/portal\/wp-content\/uploads\/2025\/10\/1A-Banner-1-portada-imagen-10-1-copia-3-2.webp?resize=350%2C200&ssl=1 1x, https:\/\/i0.wp.com\/webdelmaestrocmf.com\/portal\/wp-content\/uploads\/2025\/10\/1A-Banner-1-portada-imagen-10-1-copia-3-2.webp?resize=525%2C300&ssl=1 1.5x, https:\/\/i0.wp.com\/webdelmaestrocmf.com\/portal\/wp-content\/uploads\/2025\/10\/1A-Banner-1-portada-imagen-10-1-copia-3-2.webp?resize=700%2C400&ssl=1 2x"},"classes":[]},{"id":27768,"url":"https:\/\/webdelmaestrocmf.com\/portal\/la-verdadera-educacion-es-la-que-combina-las-materias-con-las-habilidades\/","url_meta":{"origin":14470,"position":4},"title":"La verdadera educaci\u00f3n, es la que combina las materias con las habilidades","author":"Web del Maestro CMF","date":"2 marzo, 2021","format":"video","excerpt":"Eva Millet Malagarriga (Barcelona, Espa\u00f1a,1968) es periodista, licenciada en Ciencias de la Informaci\u00f3n por la Universitat Aut\u00f2noma de Barcelona. Ha trabajado en The Guardian y la BBC. Es colaboradora habitual del Magazine de La Vanguardia y de otros suplementos. Como una an\u00e9cdota personal desde el 2002 (al nacer su primer\u2026","rel":"","context":"En \u00abCharlas\u00bb","block_context":{"text":"Charlas","link":"https:\/\/webdelmaestrocmf.com\/portal\/category\/charlas\/"},"img":{"alt_text":"","src":"https:\/\/i0.wp.com\/webdelmaestrocmf.com\/portal\/wp-content\/uploads\/2018\/05\/1-154.jpg?resize=350%2C200&ssl=1","width":350,"height":200,"srcset":"https:\/\/i0.wp.com\/webdelmaestrocmf.com\/portal\/wp-content\/uploads\/2018\/05\/1-154.jpg?resize=350%2C200&ssl=1 1x, https:\/\/i0.wp.com\/webdelmaestrocmf.com\/portal\/wp-content\/uploads\/2018\/05\/1-154.jpg?resize=525%2C300&ssl=1 1.5x, https:\/\/i0.wp.com\/webdelmaestrocmf.com\/portal\/wp-content\/uploads\/2018\/05\/1-154.jpg?resize=700%2C400&ssl=1 2x, https:\/\/i0.wp.com\/webdelmaestrocmf.com\/portal\/wp-content\/uploads\/2018\/05\/1-154.jpg?resize=1050%2C600&ssl=1 3x"},"classes":[]},{"id":20978,"url":"https:\/\/webdelmaestrocmf.com\/portal\/no-situar-bandos-diferentes-los-profesores-padres-familia\/","url_meta":{"origin":14470,"position":5},"title":"NO HAY QUE SITUAR EN BANDOS DIFERENTES A LOS PROFESORES Y PADRES DE FAMILIA","author":"Web del Maestro CMF","date":"2 agosto, 2017","format":false,"excerpt":"La ingeniera de telecomunicaciones Eva Bail\u00e9n es presentada por \u201cGestionando Hijos\u201d como la autora de C\u00f3mo sobrevivir a los deberes de tu hijo: \u201cLos deberes no tienen por qu\u00e9 ser lo m\u00e1s importante y no debes sentirte en la obligaci\u00f3n de vivir con ellos\u201d. [\u2026] es una madre que sufr\u00eda\u2026","rel":"","context":"En \u00abSin categor\u00eda\u00bb","block_context":{"text":"Sin categor\u00eda","link":"https:\/\/webdelmaestrocmf.com\/portal\/category\/sin-categoria-es\/"},"img":{"alt_text":"","src":"https:\/\/i0.wp.com\/webdelmaestrocmf.com\/portal\/wp-content\/uploads\/2017\/08\/Eva-Bailen.jpg?resize=350%2C200&ssl=1","width":350,"height":200,"srcset":"https:\/\/i0.wp.com\/webdelmaestrocmf.com\/portal\/wp-content\/uploads\/2017\/08\/Eva-Bailen.jpg?resize=350%2C200&ssl=1 1x, https:\/\/i0.wp.com\/webdelmaestrocmf.com\/portal\/wp-content\/uploads\/2017\/08\/Eva-Bailen.jpg?resize=525%2C300&ssl=1 1.5x, https:\/\/i0.wp.com\/webdelmaestrocmf.com\/portal\/wp-content\/uploads\/2017\/08\/Eva-Bailen.jpg?resize=700%2C400&ssl=1 2x"},"classes":[]}],"_links":{"self":[{"href":"https:\/\/webdelmaestrocmf.com\/portal\/wp-json\/wp\/v2\/posts\/14470","targetHints":{"allow":["GET"]}}],"collection":[{"href":"https:\/\/webdelmaestrocmf.com\/portal\/wp-json\/wp\/v2\/posts"}],"about":[{"href":"https:\/\/webdelmaestrocmf.com\/portal\/wp-json\/wp\/v2\/types\/post"}],"author":[{"embeddable":true,"href":"https:\/\/webdelmaestrocmf.com\/portal\/wp-json\/wp\/v2\/users\/1"}],"replies":[{"embeddable":true,"href":"https:\/\/webdelmaestrocmf.com\/portal\/wp-json\/wp\/v2\/comments?post=14470"}],"version-history":[{"count":0,"href":"https:\/\/webdelmaestrocmf.com\/portal\/wp-json\/wp\/v2\/posts\/14470\/revisions"}],"wp:featuredmedia":[{"embeddable":true,"href":"https:\/\/webdelmaestrocmf.com\/portal\/wp-json\/wp\/v2\/media\/106133"}],"wp:attachment":[{"href":"https:\/\/webdelmaestrocmf.com\/portal\/wp-json\/wp\/v2\/media?parent=14470"}],"wp:term":[{"taxonomy":"category","embeddable":true,"href":"https:\/\/webdelmaestrocmf.com\/portal\/wp-json\/wp\/v2\/categories?post=14470"},{"taxonomy":"post_tag","embeddable":true,"href":"https:\/\/webdelmaestrocmf.com\/portal\/wp-json\/wp\/v2\/tags?post=14470"}],"curies":[{"name":"wp","href":"https:\/\/api.w.org\/{rel}","templated":true}]}}