{"id":14459,"date":"2017-02-09T21:15:06","date_gmt":"2017-02-10T00:15:06","guid":{"rendered":"http:\/\/webdelmaestrocmf.com\/portal\/?p=14459"},"modified":"2023-07-05T20:38:55","modified_gmt":"2023-07-06T00:38:55","slug":"flor-carrozza-nazhira-presenta-libro-bebes-entornos-cotidianos","status":"publish","type":"post","link":"https:\/\/webdelmaestrocmf.com\/portal\/flor-carrozza-nazhira-presenta-libro-bebes-entornos-cotidianos\/","title":{"rendered":"[Flor Carrozza] Nazhira presenta el libro \u201cBeb\u00e9s en sus entornos cotidianos\u201d"},"content":{"rendered":"<h5 style=\"text-align: justify;\"><strong>Editorial Nazhira<\/strong>\u00a0<strong>Primera Infancia<\/strong>, presenta para las mam\u00e1s, los pap\u00e1s y los adultos responsables de la crianza, as\u00ed como para el gran desaf\u00edo de ser docente de maternal, \u201cBeb\u00e9s en sus entornos cotidianos\u201d<strong>\u00a0<\/strong>de\u00a0<strong>Luc\u00eda Moreau de Linares,<\/strong>\u00a0un libro para conocer c\u00f3mo aprenden los ni\u00f1os desde que nacen, cu\u00e1les son sus necesidades y emociones, el modo en que van organizando su memoria, las caracter\u00edsticas de su pensamiento y la riqueza de sus juegos durante los tres primeros a\u00f1os de vida.<\/h5>\n<p style=\"text-align: justify;\">Podr\u00e1n encontrar diversos elementos para complementar sus conocimientos sobre los procesos de desarrollo y aprendizaje infantil, y colaborar de esta manera en sus acciones de ense\u00f1anza cotidiana. Un\u00a0libro que nos acerca a las experiencias de vida de los ni\u00f1xs, tanto en el hogar como en la escuela.<\/p>\n<p style=\"text-align: justify;\"><!--more--><\/p>\n<p style=\"text-align: justify;\">Con un lenguaje sencillo, la autora, hace comprensible la complejidad de los procesos mentales infantiles y adultos, a partir de los m\u00e1s recientes\u00a0<strong>aportes de las neurociencias a la educaci\u00f3n y el desarrollo infantil.<\/strong><\/p>\n<h5>\u00bfC\u00f3mo piensan los beb\u00e9s?<\/h5>\n<p style=\"text-align: justify;\">\u00bfCu\u00e1les son las bases neurol\u00f3gicas del aprendizaje?\u00a0Los primeros 1000 d\u00edas de vida son la etapa m\u00e1s importante para el desarrollo, ya que no se recupera en ning\u00fan otro momento de la vida. \u201cLo que sucede con un ni\u00f1o durante esta etapa es determinante para su bienestar presente y futuro, el 40% de las habilidades mentales del adulto se forman en los tres primeros a\u00f1os de vida\u201d. (Unicef).<\/p>\n<h5>\u00bfC\u00f3mo presentamos el mundo a los reci\u00e9n llegados?, \u00bfCu\u00e1les son las posibilidades de los beb\u00e9s de ir comprendiendo la complejidad de sus entornos cotidianos?<\/h5>\n<p style=\"text-align: justify;\">A lo largo de la historia humana, siempre fueron los adultos quienes se encargaron de\u00a0<strong>criar, cuidar y educar a los ni\u00f1os\u00a0<\/strong>en su desarrollo. La diversidad social y cultural va dejando sus huellas, desde el lenguaje, la organizaci\u00f3n de los h\u00e1bitos cotidianos, el ritmo que le imprime a su forma de vivir, las emociones, objetos y espacios que acompa\u00f1an las interacciones tempranas. Todas esas experiencias van configurando la subjetividad y la arquitectura cerebral infantil, al mismo tiempo que inciden, de diferentes formas, en los adultos involucrados con los ni\u00f1os.<\/p>\n<h5>De esto se trata:<\/h5>\n<p style=\"text-align: justify;\">\u201c<em>Cuidar la infancia es una tarea que nos compete a los adultos. En el hogar, en la escuela, en los diferentes espacios en donde hay ni\u00f1os peque\u00f1os, porque siempre necesitan de alguien que les de lo necesario para favorecer su desarrollo saludable. Es esperanza de todos contribuir para que cada ni\u00f1o descubra, construya y encuentre su lugar\u201d.-<\/em><\/p>\n<p style=\"text-align: justify;\">A poco m\u00e1s de diez a\u00f1os de la publicaci\u00f3n del primer libro que dio inicio a la editorial y a la colecci\u00f3n\u00a0<strong>Desde la Cuna,<\/strong>\u00a0presentamos \u201c<strong>Beb\u00e9s en sus entornos cotidianos\u201d,<\/strong>\u00a0como una continuaci\u00f3n necesaria y natural en los aportes para la educaci\u00f3n de la primera infancia.<\/p>\n<p style=\"text-align: justify;\">La autora nos invita a un recorrido que abarca el marco te\u00f3rico de la modernidad y lo supera a partir de los m\u00e1s recientes aportes de las neurociencias a la educaci\u00f3n. Su formaci\u00f3n, que integra la pedagog\u00eda y la psicolog\u00eda con la sensibilidad est\u00e9tica, define un libro que deviene en un aliado imprescindible para pensar la primera infancia. Los adultos responsables de la crianza, los docentes, enfermeros y toda aquella persona interesada en conocer el desarrollo infantil, encontrar\u00e1 conceptos que invitan de forma precisa, amable y certera a pensar la educaci\u00f3n infantil. A partir de la experiencia desde la cl\u00ednica y la formaci\u00f3n de docentes nos gu\u00eda por un texto que sintetiza e integra los nuevos aportes, que son muchos.<\/p>\n<p style=\"text-align: justify;\"><strong>Luc\u00eda In\u00e9s Moreau de Linares<\/strong>\u00a0es Licenciada en Psicolog\u00eda por la UBA, y se desempe\u00f1a en el campo de la salud como Psic\u00f3loga Cl\u00ednica de Ni\u00f1xs y Adolescentes; y en el campo de la educaci\u00f3n, como formadora de Formadores. Es autora y coautora de diversos libros, docente, investigadora y consultora para n\u00fameros proyectos y \u00e1reas siempre ligadas a la infancia.<\/p>\n<p style=\"text-align: center;\"><strong>Editado por Nazhira primera infancia.<br \/>\n<\/strong><strong>Lo puedes\u00a0encontrar en librer\u00edas y on line:<br \/>\n<\/strong><strong><u><a href=\"https:\/\/editorialnazhira.mitiendanube.com\/libros\/bebes-en-sus-entornos-cotidianos\/\" target=\"_blank\" rel=\"noopener\" data-saferedirecturl=\"https:\/\/www.google.com\/url?hl=es&amp;q=https:\/\/editorialnazhira.mitiendanube.com\/libros\/bebes-en-sus-entornos-cotidianos\/&amp;source=gmail&amp;ust=1486683124725000&amp;usg=AFQjCNGfLOWIzDY43Os4PSMprwlhWKmyVA\">editorialnazhira.mitiendanube.com<\/a><\/u><\/strong><\/p>\n<h5 style=\"text-align: justify;\">Acerca de Nazhira primera infancia:<\/h5>\n<p style=\"text-align: justify;\">Es una editorial especializada en obras de\u00a0<strong>educaci\u00f3n para la primera infancia (desde el nacimiento hasta los ocho a\u00f1os)<\/strong>. Cuenta con prestigiosos autores y los enfoques m\u00e1s actuales en did\u00e1ctica con libros de clara finalidad pr\u00e1ctica. Posee colecciones de literatura, arte y cine dedicadas a docentes, padres, y ni\u00f1os. Para m\u00e1s informaci\u00f3n:\u00a0<a href=\"http:\/\/www.nazhira.com\/\" data-saferedirecturl=\"https:\/\/www.google.com\/url?hl=es&amp;q=http:\/\/www.nazhira.com\/&amp;source=gmail&amp;ust=1486683124725000&amp;usg=AFQjCNGw_VVshvfQAsBqQRfHiC7B3o1TDw\">www.nazhira.com<\/a><\/p>\n\t\t<div class=\"pk-inline-posts\">\n\t\t\t\n\t\t\t<div class=\"pk-inline-posts-container pk-inline-posts-template-list\"\n\t\t\t\tdata-columns=\"1\">\n\t\t\t\t\t\t<article id=\"post-51527\" class=\"post-51527 post type-post status-publish format-standard has-post-thumbnail category-colaborador category-z-colaboradores-mario-schiavelli tag-cinco tag-mario-schiavelli tag-sentidos cs-entry cs-video-wrap\">\n\t\t\t<div class=\"pk-post-outer\">\n\n\t\t\t\t\t\t\t\t<div class=\"pk-post-inner\">\n\t\t\t\t\t<div class=\"entry-thumbnail\">\n\t\t\t\t\t\t<div class=\"pk-overlay pk-overlay-ratio pk-ratio-landscape\">\n\t\t\t\t\t\t\t<div class=\"pk-overlay-background\">\n\t\t\t\t\t\t\t\t<a href=\"https:\/\/webdelmaestrocmf.com\/portal\/mario-schiavelli-los-cinco-sentidos\/\" class=\"pk-overlay-link\">\n\t\t\t\t\t\t\t\t\t<img loading=\"lazy\" decoding=\"async\" width=\"300\" height=\"225\" src=\"https:\/\/webdelmaestrocmf.com\/portal\/wp-content\/uploads\/2020\/09\/1AA-Banner-1-portada-imagen-10-1-copia-300x225.webp\" class=\"attachment-pk-thumbnail size-pk-thumbnail wp-post-image\" alt=\"\" \/>\t\t\t\t\t\t\t\t<\/a>\n\t\t\t\t\t\t\t<\/div>\n\t\t\t\t\t\t<\/div>\n\t\t\t\t\t<\/div>\n\t\t\t\t<\/div>\n\t\t\t\t\n\t\t\t\t<div class=\"pk-post-inner\">\n\t\t\t\t\t<header>\n\t\t\t\t\t\t<h3 class=\"pk-title\"><a href=\"https:\/\/webdelmaestrocmf.com\/portal\/mario-schiavelli-los-cinco-sentidos\/\" rel=\"bookmark\">Los Cinco Sentidos:  Descarga la gu\u00eda \u00abTu cerebro y los cinco sentidos\u00bb<\/a><\/h3>\t\t\t\t\t<\/header><!-- .entry-header -->\n\t\t\t\t<\/div><!-- .post-inner -->\n\n\t\t\t<\/div><!-- .post-outer -->\n\t\t<\/article>\n\t\t\t\t<\/div>\n\t\t<\/div>\n\t\t\n","protected":false},"excerpt":{"rendered":"Editorial Nazhira\u00a0Primera Infancia, presenta para las mam\u00e1s, los pap\u00e1s y los adultos responsables de la crianza, as\u00ed como&hellip;","protected":false},"author":1,"featured_media":90448,"comment_status":"open","ping_status":"open","sticky":false,"template":"","format":"standard","meta":{"csco_display_header_overlay":false,"csco_singular_sidebar":"default","csco_page_header_type":"default","csco_page_load_nextpost":"default","csco_post_video_location":[],"csco_post_video_location_hash":"","csco_post_video_url":"","csco_post_video_bg_start_time":0,"csco_post_video_bg_end_time":0,"csco_post_video_bg_volume":false,"_jetpack_memberships_contains_paid_content":false,"footnotes":""},"categories":[1790],"tags":[1794,1796,276,1795,1760,1793,1797],"class_list":{"0":"post-14459","1":"post","2":"type-post","3":"status-publish","4":"format-standard","5":"has-post-thumbnail","7":"category-colaborador","8":"tag-bebes","9":"tag-cotidianos","10":"tag-emociones","11":"tag-entornos","12":"tag-libro","13":"tag-nazhira","14":"tag-necesidades","15":"cs-entry","16":"cs-video-wrap"},"yoast_head":"<!-- This site is optimized with the Yoast SEO plugin v27.4 - https:\/\/yoast.com\/product\/yoast-seo-wordpress\/ -->\n<title>[Flor Carrozza] Nazhira presenta el libro \u201cBeb\u00e9s en sus entornos cotidianos\u201d - 2026<\/title>\n<meta name=\"description\" content=\"Comunidad de Maestros, Docentes y Profesores, en donde encontrar\u00e1s material, informaci\u00f3n y noticias del \u00e1mbito nacional y mundial.\" \/>\n<meta name=\"robots\" content=\"index, follow, max-snippet:-1, max-image-preview:large, max-video-preview:-1\" \/>\n<link rel=\"canonical\" href=\"https:\/\/webdelmaestrocmf.com\/portal\/flor-carrozza-nazhira-presenta-libro-bebes-entornos-cotidianos\/\" \/>\n<meta property=\"og:locale\" content=\"es_ES\" \/>\n<meta property=\"og:type\" content=\"article\" \/>\n<meta property=\"og:title\" content=\"[Flor Carrozza] Nazhira presenta el libro \u201cBeb\u00e9s en sus entornos cotidianos\u201d - 2026\" \/>\n<meta property=\"og:description\" content=\"Comunidad de Maestros, Docentes y Profesores, en donde encontrar\u00e1s material, informaci\u00f3n y noticias del \u00e1mbito nacional y mundial.\" \/>\n<meta property=\"og:url\" content=\"https:\/\/webdelmaestrocmf.com\/portal\/flor-carrozza-nazhira-presenta-libro-bebes-entornos-cotidianos\/\" \/>\n<meta property=\"og:site_name\" content=\"Web del Maestro CMF\" \/>\n<meta property=\"article:publisher\" content=\"https:\/\/www.facebook.com\/WebdelMaestroCMF\/\" \/>\n<meta property=\"article:author\" content=\"https:\/\/www.facebook.com\/WebdelMaestroCMF\/\" \/>\n<meta property=\"article:published_time\" content=\"2017-02-10T00:15:06+00:00\" \/>\n<meta property=\"article:modified_time\" content=\"2023-07-06T00:38:55+00:00\" \/>\n<meta property=\"og:image\" content=\"https:\/\/i0.wp.com\/webdelmaestrocmf.com\/portal\/wp-content\/uploads\/2017\/02\/A12B3C4D-28.jpg?fit=900%2C556&ssl=1\" \/>\n\t<meta property=\"og:image:width\" content=\"900\" \/>\n\t<meta property=\"og:image:height\" content=\"556\" \/>\n\t<meta property=\"og:image:type\" content=\"image\/jpeg\" \/>\n<meta name=\"author\" content=\"Web del Maestro CMF\" \/>\n<meta name=\"twitter:card\" content=\"summary_large_image\" \/>\n<meta name=\"twitter:creator\" content=\"@cmf_w\" \/>\n<meta name=\"twitter:site\" content=\"@cmf_w\" \/>\n<meta name=\"twitter:label1\" content=\"Escrito por\" \/>\n\t<meta name=\"twitter:data1\" content=\"Web del Maestro CMF\" \/>\n\t<meta name=\"twitter:label2\" content=\"Tiempo de lectura\" \/>\n\t<meta name=\"twitter:data2\" content=\"4 minutos\" \/>\n<script type=\"application\/ld+json\" class=\"yoast-schema-graph\">{\"@context\":\"https:\\\/\\\/schema.org\",\"@graph\":[{\"@type\":\"ScholarlyArticle\",\"@id\":\"https:\\\/\\\/webdelmaestrocmf.com\\\/portal\\\/flor-carrozza-nazhira-presenta-libro-bebes-entornos-cotidianos\\\/#article\",\"isPartOf\":{\"@id\":\"https:\\\/\\\/webdelmaestrocmf.com\\\/portal\\\/flor-carrozza-nazhira-presenta-libro-bebes-entornos-cotidianos\\\/\"},\"author\":{\"name\":\"Web del Maestro CMF\",\"@id\":\"https:\\\/\\\/webdelmaestrocmf.com\\\/portal\\\/#\\\/schema\\\/person\\\/1072a2ed7bd960df8ef99a551fa35dc5\"},\"headline\":\"[Flor Carrozza] Nazhira presenta el libro \u201cBeb\u00e9s en sus entornos cotidianos\u201d\",\"datePublished\":\"2017-02-10T00:15:06+00:00\",\"dateModified\":\"2023-07-06T00:38:55+00:00\",\"mainEntityOfPage\":{\"@id\":\"https:\\\/\\\/webdelmaestrocmf.com\\\/portal\\\/flor-carrozza-nazhira-presenta-libro-bebes-entornos-cotidianos\\\/\"},\"wordCount\":798,\"commentCount\":0,\"publisher\":{\"@id\":\"https:\\\/\\\/webdelmaestrocmf.com\\\/portal\\\/#organization\"},\"image\":{\"@id\":\"https:\\\/\\\/webdelmaestrocmf.com\\\/portal\\\/flor-carrozza-nazhira-presenta-libro-bebes-entornos-cotidianos\\\/#primaryimage\"},\"thumbnailUrl\":\"https:\\\/\\\/webdelmaestrocmf.com\\\/portal\\\/wp-content\\\/uploads\\\/2017\\\/02\\\/A12B3C4D-28.jpg\",\"keywords\":[\"BEB\u00c9S\",\"COTIDIANOS\",\"EMOCIONES\",\"ENTORNOS\",\"LIBRO\",\"NAZHIRA\",\"necesidades\"],\"articleSection\":[\"Z-Colaboradores\"],\"inLanguage\":\"es\",\"potentialAction\":[{\"@type\":\"CommentAction\",\"name\":\"Comment\",\"target\":[\"https:\\\/\\\/webdelmaestrocmf.com\\\/portal\\\/flor-carrozza-nazhira-presenta-libro-bebes-entornos-cotidianos\\\/#respond\"]}]},{\"@type\":\"WebPage\",\"@id\":\"https:\\\/\\\/webdelmaestrocmf.com\\\/portal\\\/flor-carrozza-nazhira-presenta-libro-bebes-entornos-cotidianos\\\/\",\"url\":\"https:\\\/\\\/webdelmaestrocmf.com\\\/portal\\\/flor-carrozza-nazhira-presenta-libro-bebes-entornos-cotidianos\\\/\",\"name\":\"[Flor Carrozza] Nazhira presenta el libro \u201cBeb\u00e9s en sus entornos cotidianos\u201d - 2026\",\"isPartOf\":{\"@id\":\"https:\\\/\\\/webdelmaestrocmf.com\\\/portal\\\/#website\"},\"primaryImageOfPage\":{\"@id\":\"https:\\\/\\\/webdelmaestrocmf.com\\\/portal\\\/flor-carrozza-nazhira-presenta-libro-bebes-entornos-cotidianos\\\/#primaryimage\"},\"image\":{\"@id\":\"https:\\\/\\\/webdelmaestrocmf.com\\\/portal\\\/flor-carrozza-nazhira-presenta-libro-bebes-entornos-cotidianos\\\/#primaryimage\"},\"thumbnailUrl\":\"https:\\\/\\\/webdelmaestrocmf.com\\\/portal\\\/wp-content\\\/uploads\\\/2017\\\/02\\\/A12B3C4D-28.jpg\",\"datePublished\":\"2017-02-10T00:15:06+00:00\",\"dateModified\":\"2023-07-06T00:38:55+00:00\",\"description\":\"Comunidad de Maestros, Docentes y Profesores, en donde encontrar\u00e1s material, informaci\u00f3n y noticias del \u00e1mbito nacional y mundial.\",\"breadcrumb\":{\"@id\":\"https:\\\/\\\/webdelmaestrocmf.com\\\/portal\\\/flor-carrozza-nazhira-presenta-libro-bebes-entornos-cotidianos\\\/#breadcrumb\"},\"inLanguage\":\"es\",\"potentialAction\":[{\"@type\":\"ReadAction\",\"target\":[\"https:\\\/\\\/webdelmaestrocmf.com\\\/portal\\\/flor-carrozza-nazhira-presenta-libro-bebes-entornos-cotidianos\\\/\"]}]},{\"@type\":\"ImageObject\",\"inLanguage\":\"es\",\"@id\":\"https:\\\/\\\/webdelmaestrocmf.com\\\/portal\\\/flor-carrozza-nazhira-presenta-libro-bebes-entornos-cotidianos\\\/#primaryimage\",\"url\":\"https:\\\/\\\/webdelmaestrocmf.com\\\/portal\\\/wp-content\\\/uploads\\\/2017\\\/02\\\/A12B3C4D-28.jpg\",\"contentUrl\":\"https:\\\/\\\/webdelmaestrocmf.com\\\/portal\\\/wp-content\\\/uploads\\\/2017\\\/02\\\/A12B3C4D-28.jpg\",\"width\":900,\"height\":556},{\"@type\":\"BreadcrumbList\",\"@id\":\"https:\\\/\\\/webdelmaestrocmf.com\\\/portal\\\/flor-carrozza-nazhira-presenta-libro-bebes-entornos-cotidianos\\\/#breadcrumb\",\"itemListElement\":[{\"@type\":\"ListItem\",\"position\":1,\"name\":\"Portada\",\"item\":\"https:\\\/\\\/webdelmaestrocmf.com\\\/portal\\\/\"},{\"@type\":\"ListItem\",\"position\":2,\"name\":\"Z-Colaboradores\",\"item\":\"https:\\\/\\\/webdelmaestrocmf.com\\\/portal\\\/category\\\/colaborador\\\/\"},{\"@type\":\"ListItem\",\"position\":3,\"name\":\"[Flor Carrozza] Nazhira presenta el libro \u201cBeb\u00e9s en sus entornos cotidianos\u201d\"}]},{\"@type\":\"WebSite\",\"@id\":\"https:\\\/\\\/webdelmaestrocmf.com\\\/portal\\\/#website\",\"url\":\"https:\\\/\\\/webdelmaestrocmf.com\\\/portal\\\/\",\"name\":\"Web del Maestro CMF\",\"description\":\"Maestros al servicio de la educaci\u00f3n\",\"publisher\":{\"@id\":\"https:\\\/\\\/webdelmaestrocmf.com\\\/portal\\\/#organization\"},\"alternateName\":\"WMCMF\",\"potentialAction\":[{\"@type\":\"SearchAction\",\"target\":{\"@type\":\"EntryPoint\",\"urlTemplate\":\"https:\\\/\\\/webdelmaestrocmf.com\\\/portal\\\/?s={search_term_string}\"},\"query-input\":{\"@type\":\"PropertyValueSpecification\",\"valueRequired\":true,\"valueName\":\"search_term_string\"}}],\"inLanguage\":\"es\"},{\"@type\":\"Organization\",\"@id\":\"https:\\\/\\\/webdelmaestrocmf.com\\\/portal\\\/#organization\",\"name\":\"Web del Maestro CMF\",\"alternateName\":\"WMCMF\",\"url\":\"https:\\\/\\\/webdelmaestrocmf.com\\\/portal\\\/\",\"logo\":{\"@type\":\"ImageObject\",\"inLanguage\":\"es\",\"@id\":\"https:\\\/\\\/webdelmaestrocmf.com\\\/portal\\\/#\\\/schema\\\/logo\\\/image\\\/\",\"url\":\"https:\\\/\\\/webdelmaestrocmf.com\\\/portal\\\/wp-content\\\/uploads\\\/2023\\\/01\\\/logo-wmcmf-2.png\",\"contentUrl\":\"https:\\\/\\\/webdelmaestrocmf.com\\\/portal\\\/wp-content\\\/uploads\\\/2023\\\/01\\\/logo-wmcmf-2.png\",\"width\":200,\"height\":60,\"caption\":\"Web del Maestro CMF\"},\"image\":{\"@id\":\"https:\\\/\\\/webdelmaestrocmf.com\\\/portal\\\/#\\\/schema\\\/logo\\\/image\\\/\"},\"sameAs\":[\"https:\\\/\\\/www.facebook.com\\\/WebdelMaestroCMF\\\/\",\"https:\\\/\\\/x.com\\\/cmf_w\",\"https:\\\/\\\/www.pinterest.com\\\/WMCMF\\\/\",\"https:\\\/\\\/www.linkedin.com\\\/company\\\/web-del-maestro-cmf\\\/\",\"https:\\\/\\\/www.instagram.com\\\/wmcmf\\\/\",\"https:\\\/\\\/www.youtube.com\\\/channel\\\/UCDPSvjbdodE5sHnC3OxutHw\",\"https:\\\/\\\/mastodon.social\\\/@wmcmf\",\"https:\\\/\\\/www.tiktok.com\\\/@webdelmaestrocmf\"]},{\"@type\":\"Person\",\"@id\":\"https:\\\/\\\/webdelmaestrocmf.com\\\/portal\\\/#\\\/schema\\\/person\\\/1072a2ed7bd960df8ef99a551fa35dc5\",\"name\":\"Web del Maestro CMF\",\"image\":{\"@type\":\"ImageObject\",\"inLanguage\":\"es\",\"@id\":\"https:\\\/\\\/secure.gravatar.com\\\/avatar\\\/23291dd5b5ae1077dcff3dbb04c3e02bd28403fa75af6d8787d5e97c5bbbe30b?s=96&d=mm&r=g\",\"url\":\"https:\\\/\\\/secure.gravatar.com\\\/avatar\\\/23291dd5b5ae1077dcff3dbb04c3e02bd28403fa75af6d8787d5e97c5bbbe30b?s=96&d=mm&r=g\",\"contentUrl\":\"https:\\\/\\\/secure.gravatar.com\\\/avatar\\\/23291dd5b5ae1077dcff3dbb04c3e02bd28403fa75af6d8787d5e97c5bbbe30b?s=96&d=mm&r=g\",\"caption\":\"Web del Maestro CMF\"},\"description\":\"Esta Web se cre\u00f3 sin fines de lucro, con fines educativos, cient\u00edficos y acad\u00e9micos, para personas que tengan dificultades y\\\/o inconvenientes en visualizar el material original. El objetivo es entregar recursos, compartir experiencias y materiales que ayuden a los padres de familia, maestros y estudiantes en su actualizaci\u00f3n y formaci\u00f3n permanente, en bien de la Educaci\u00f3n.\",\"sameAs\":[\"http:\\\/\\\/webdelmaestrocmf.com\\\/portal\",\"https:\\\/\\\/www.facebook.com\\\/WebdelMaestroCMF\\\/\",\"https:\\\/\\\/www.instagram.com\\\/wmcmf\\\/\",\"https:\\\/\\\/cl.linkedin.com\\\/company\\\/web-del-maestro-cmf\",\"https:\\\/\\\/www.pinterest.com\\\/WMCMF\\\/publicaciones\\\/\",\"https:\\\/\\\/x.com\\\/cmf_w\",\"https:\\\/\\\/www.youtube.com\\\/@WMCMF\"]}]}<\/script>\n<!-- \/ Yoast SEO plugin. -->","yoast_head_json":{"title":"[Flor Carrozza] Nazhira presenta el libro \u201cBeb\u00e9s en sus entornos cotidianos\u201d - 2026","description":"Comunidad de Maestros, Docentes y Profesores, en donde encontrar\u00e1s material, informaci\u00f3n y noticias del \u00e1mbito nacional y mundial.","robots":{"index":"index","follow":"follow","max-snippet":"max-snippet:-1","max-image-preview":"max-image-preview:large","max-video-preview":"max-video-preview:-1"},"canonical":"https:\/\/webdelmaestrocmf.com\/portal\/flor-carrozza-nazhira-presenta-libro-bebes-entornos-cotidianos\/","og_locale":"es_ES","og_type":"article","og_title":"[Flor Carrozza] Nazhira presenta el libro \u201cBeb\u00e9s en sus entornos cotidianos\u201d - 2026","og_description":"Comunidad de Maestros, Docentes y Profesores, en donde encontrar\u00e1s material, informaci\u00f3n y noticias del \u00e1mbito nacional y mundial.","og_url":"https:\/\/webdelmaestrocmf.com\/portal\/flor-carrozza-nazhira-presenta-libro-bebes-entornos-cotidianos\/","og_site_name":"Web del Maestro CMF","article_publisher":"https:\/\/www.facebook.com\/WebdelMaestroCMF\/","article_author":"https:\/\/www.facebook.com\/WebdelMaestroCMF\/","article_published_time":"2017-02-10T00:15:06+00:00","article_modified_time":"2023-07-06T00:38:55+00:00","og_image":[{"width":900,"height":556,"url":"https:\/\/i0.wp.com\/webdelmaestrocmf.com\/portal\/wp-content\/uploads\/2017\/02\/A12B3C4D-28.jpg?fit=900%2C556&ssl=1","type":"image\/jpeg"}],"author":"Web del Maestro CMF","twitter_card":"summary_large_image","twitter_creator":"@cmf_w","twitter_site":"@cmf_w","twitter_misc":{"Escrito por":"Web del Maestro CMF","Tiempo de lectura":"4 minutos"},"schema":{"@context":"https:\/\/schema.org","@graph":[{"@type":"ScholarlyArticle","@id":"https:\/\/webdelmaestrocmf.com\/portal\/flor-carrozza-nazhira-presenta-libro-bebes-entornos-cotidianos\/#article","isPartOf":{"@id":"https:\/\/webdelmaestrocmf.com\/portal\/flor-carrozza-nazhira-presenta-libro-bebes-entornos-cotidianos\/"},"author":{"name":"Web del Maestro CMF","@id":"https:\/\/webdelmaestrocmf.com\/portal\/#\/schema\/person\/1072a2ed7bd960df8ef99a551fa35dc5"},"headline":"[Flor Carrozza] Nazhira presenta el libro \u201cBeb\u00e9s en sus entornos cotidianos\u201d","datePublished":"2017-02-10T00:15:06+00:00","dateModified":"2023-07-06T00:38:55+00:00","mainEntityOfPage":{"@id":"https:\/\/webdelmaestrocmf.com\/portal\/flor-carrozza-nazhira-presenta-libro-bebes-entornos-cotidianos\/"},"wordCount":798,"commentCount":0,"publisher":{"@id":"https:\/\/webdelmaestrocmf.com\/portal\/#organization"},"image":{"@id":"https:\/\/webdelmaestrocmf.com\/portal\/flor-carrozza-nazhira-presenta-libro-bebes-entornos-cotidianos\/#primaryimage"},"thumbnailUrl":"https:\/\/webdelmaestrocmf.com\/portal\/wp-content\/uploads\/2017\/02\/A12B3C4D-28.jpg","keywords":["BEB\u00c9S","COTIDIANOS","EMOCIONES","ENTORNOS","LIBRO","NAZHIRA","necesidades"],"articleSection":["Z-Colaboradores"],"inLanguage":"es","potentialAction":[{"@type":"CommentAction","name":"Comment","target":["https:\/\/webdelmaestrocmf.com\/portal\/flor-carrozza-nazhira-presenta-libro-bebes-entornos-cotidianos\/#respond"]}]},{"@type":"WebPage","@id":"https:\/\/webdelmaestrocmf.com\/portal\/flor-carrozza-nazhira-presenta-libro-bebes-entornos-cotidianos\/","url":"https:\/\/webdelmaestrocmf.com\/portal\/flor-carrozza-nazhira-presenta-libro-bebes-entornos-cotidianos\/","name":"[Flor Carrozza] Nazhira presenta el libro \u201cBeb\u00e9s en sus entornos cotidianos\u201d - 2026","isPartOf":{"@id":"https:\/\/webdelmaestrocmf.com\/portal\/#website"},"primaryImageOfPage":{"@id":"https:\/\/webdelmaestrocmf.com\/portal\/flor-carrozza-nazhira-presenta-libro-bebes-entornos-cotidianos\/#primaryimage"},"image":{"@id":"https:\/\/webdelmaestrocmf.com\/portal\/flor-carrozza-nazhira-presenta-libro-bebes-entornos-cotidianos\/#primaryimage"},"thumbnailUrl":"https:\/\/webdelmaestrocmf.com\/portal\/wp-content\/uploads\/2017\/02\/A12B3C4D-28.jpg","datePublished":"2017-02-10T00:15:06+00:00","dateModified":"2023-07-06T00:38:55+00:00","description":"Comunidad de Maestros, Docentes y Profesores, en donde encontrar\u00e1s material, informaci\u00f3n y noticias del \u00e1mbito nacional y mundial.","breadcrumb":{"@id":"https:\/\/webdelmaestrocmf.com\/portal\/flor-carrozza-nazhira-presenta-libro-bebes-entornos-cotidianos\/#breadcrumb"},"inLanguage":"es","potentialAction":[{"@type":"ReadAction","target":["https:\/\/webdelmaestrocmf.com\/portal\/flor-carrozza-nazhira-presenta-libro-bebes-entornos-cotidianos\/"]}]},{"@type":"ImageObject","inLanguage":"es","@id":"https:\/\/webdelmaestrocmf.com\/portal\/flor-carrozza-nazhira-presenta-libro-bebes-entornos-cotidianos\/#primaryimage","url":"https:\/\/webdelmaestrocmf.com\/portal\/wp-content\/uploads\/2017\/02\/A12B3C4D-28.jpg","contentUrl":"https:\/\/webdelmaestrocmf.com\/portal\/wp-content\/uploads\/2017\/02\/A12B3C4D-28.jpg","width":900,"height":556},{"@type":"BreadcrumbList","@id":"https:\/\/webdelmaestrocmf.com\/portal\/flor-carrozza-nazhira-presenta-libro-bebes-entornos-cotidianos\/#breadcrumb","itemListElement":[{"@type":"ListItem","position":1,"name":"Portada","item":"https:\/\/webdelmaestrocmf.com\/portal\/"},{"@type":"ListItem","position":2,"name":"Z-Colaboradores","item":"https:\/\/webdelmaestrocmf.com\/portal\/category\/colaborador\/"},{"@type":"ListItem","position":3,"name":"[Flor Carrozza] Nazhira presenta el libro \u201cBeb\u00e9s en sus entornos cotidianos\u201d"}]},{"@type":"WebSite","@id":"https:\/\/webdelmaestrocmf.com\/portal\/#website","url":"https:\/\/webdelmaestrocmf.com\/portal\/","name":"Web del Maestro CMF","description":"Maestros al servicio de la educaci\u00f3n","publisher":{"@id":"https:\/\/webdelmaestrocmf.com\/portal\/#organization"},"alternateName":"WMCMF","potentialAction":[{"@type":"SearchAction","target":{"@type":"EntryPoint","urlTemplate":"https:\/\/webdelmaestrocmf.com\/portal\/?s={search_term_string}"},"query-input":{"@type":"PropertyValueSpecification","valueRequired":true,"valueName":"search_term_string"}}],"inLanguage":"es"},{"@type":"Organization","@id":"https:\/\/webdelmaestrocmf.com\/portal\/#organization","name":"Web del Maestro CMF","alternateName":"WMCMF","url":"https:\/\/webdelmaestrocmf.com\/portal\/","logo":{"@type":"ImageObject","inLanguage":"es","@id":"https:\/\/webdelmaestrocmf.com\/portal\/#\/schema\/logo\/image\/","url":"https:\/\/webdelmaestrocmf.com\/portal\/wp-content\/uploads\/2023\/01\/logo-wmcmf-2.png","contentUrl":"https:\/\/webdelmaestrocmf.com\/portal\/wp-content\/uploads\/2023\/01\/logo-wmcmf-2.png","width":200,"height":60,"caption":"Web del Maestro CMF"},"image":{"@id":"https:\/\/webdelmaestrocmf.com\/portal\/#\/schema\/logo\/image\/"},"sameAs":["https:\/\/www.facebook.com\/WebdelMaestroCMF\/","https:\/\/x.com\/cmf_w","https:\/\/www.pinterest.com\/WMCMF\/","https:\/\/www.linkedin.com\/company\/web-del-maestro-cmf\/","https:\/\/www.instagram.com\/wmcmf\/","https:\/\/www.youtube.com\/channel\/UCDPSvjbdodE5sHnC3OxutHw","https:\/\/mastodon.social\/@wmcmf","https:\/\/www.tiktok.com\/@webdelmaestrocmf"]},{"@type":"Person","@id":"https:\/\/webdelmaestrocmf.com\/portal\/#\/schema\/person\/1072a2ed7bd960df8ef99a551fa35dc5","name":"Web del Maestro CMF","image":{"@type":"ImageObject","inLanguage":"es","@id":"https:\/\/secure.gravatar.com\/avatar\/23291dd5b5ae1077dcff3dbb04c3e02bd28403fa75af6d8787d5e97c5bbbe30b?s=96&d=mm&r=g","url":"https:\/\/secure.gravatar.com\/avatar\/23291dd5b5ae1077dcff3dbb04c3e02bd28403fa75af6d8787d5e97c5bbbe30b?s=96&d=mm&r=g","contentUrl":"https:\/\/secure.gravatar.com\/avatar\/23291dd5b5ae1077dcff3dbb04c3e02bd28403fa75af6d8787d5e97c5bbbe30b?s=96&d=mm&r=g","caption":"Web del Maestro CMF"},"description":"Esta Web se cre\u00f3 sin fines de lucro, con fines educativos, cient\u00edficos y acad\u00e9micos, para personas que tengan dificultades y\/o inconvenientes en visualizar el material original. El objetivo es entregar recursos, compartir experiencias y materiales que ayuden a los padres de familia, maestros y estudiantes en su actualizaci\u00f3n y formaci\u00f3n permanente, en bien de la Educaci\u00f3n.","sameAs":["http:\/\/webdelmaestrocmf.com\/portal","https:\/\/www.facebook.com\/WebdelMaestroCMF\/","https:\/\/www.instagram.com\/wmcmf\/","https:\/\/cl.linkedin.com\/company\/web-del-maestro-cmf","https:\/\/www.pinterest.com\/WMCMF\/publicaciones\/","https:\/\/x.com\/cmf_w","https:\/\/www.youtube.com\/@WMCMF"]}]}},"jetpack_featured_media_url":"https:\/\/webdelmaestrocmf.com\/portal\/wp-content\/uploads\/2017\/02\/A12B3C4D-28.jpg","jetpack_sharing_enabled":true,"jetpack-related-posts":[{"id":43669,"url":"https:\/\/webdelmaestrocmf.com\/portal\/la-violencia-conyugal-y-la-precariedad-social-son-dos-grandes-factores-que-vulnerabilizan-al-estudiante\/","url_meta":{"origin":14459,"position":0},"title":"La violencia conyugal y la precariedad social son dos grandes factores que vulnerabilizan al estudiante","author":"Web del Maestro CMF","date":"23 enero, 2020","format":"video","excerpt":"El neur\u00f3logo, psiquiatra, psicoanalista y et\u00f3logo franc\u00e9s Boris Cyrulnik (Burdeos,1937), estudi\u00f3 medicina en la Universidad de Par\u00eds, y se especializ\u00f3 en psicoan\u00e1lisis y neuropsiquiatr\u00eda, sobre todo al tratamiento de ni\u00f1os traumatizados. Es desde 1996 director de estudios de la Facultad de Ciencias Humanas de la Universidad de Tol\u00f3n (Francia). Ha\u2026","rel":"","context":"En \u00abCharlas\u00bb","block_context":{"text":"Charlas","link":"https:\/\/webdelmaestrocmf.com\/portal\/category\/charlas\/"},"img":{"alt_text":"","src":"https:\/\/i0.wp.com\/webdelmaestrocmf.com\/portal\/wp-content\/uploads\/2020\/01\/1-65.jpg?resize=350%2C200&ssl=1","width":350,"height":200,"srcset":"https:\/\/i0.wp.com\/webdelmaestrocmf.com\/portal\/wp-content\/uploads\/2020\/01\/1-65.jpg?resize=350%2C200&ssl=1 1x, https:\/\/i0.wp.com\/webdelmaestrocmf.com\/portal\/wp-content\/uploads\/2020\/01\/1-65.jpg?resize=525%2C300&ssl=1 1.5x, https:\/\/i0.wp.com\/webdelmaestrocmf.com\/portal\/wp-content\/uploads\/2020\/01\/1-65.jpg?resize=700%2C400&ssl=1 2x, https:\/\/i0.wp.com\/webdelmaestrocmf.com\/portal\/wp-content\/uploads\/2020\/01\/1-65.jpg?resize=1050%2C600&ssl=1 3x"},"classes":[]},{"id":45291,"url":"https:\/\/webdelmaestrocmf.com\/portal\/los-profesores-son-verdaderos-heroes-cotidianos\/","url_meta":{"origin":14459,"position":1},"title":"Sonia D\u00edez Abad: Los profesores son verdaderos h\u00e9roes cotidianos","author":"Web del Maestro CMF","date":"25 agosto, 2025","format":"video","excerpt":"Sonia D\u00edez Abad es de nacionalidad espa\u00f1ola y ha obtenido los t\u00edtulos de doctora en Ciencias Econ\u00f3micas y Empresariales y licenciada en Psicolog\u00eda y Ciencias de la Educaci\u00f3n. Ha escrito \u00a1Educaci\u00f3n! 10 acciones para el cambio que nuestros hijos merecen y necesitan (Deusto, Grupo Planeta), libro que invita a la\u2026","rel":"","context":"En \u00abCharlas\u00bb","block_context":{"text":"Charlas","link":"https:\/\/webdelmaestrocmf.com\/portal\/category\/charlas\/"},"img":{"alt_text":"","src":"https:\/\/i0.wp.com\/webdelmaestrocmf.com\/portal\/wp-content\/uploads\/2022\/03\/1A-Banner-1-portada-imagen-10-1-copia-16.webp?resize=350%2C200&ssl=1","width":350,"height":200,"srcset":"https:\/\/i0.wp.com\/webdelmaestrocmf.com\/portal\/wp-content\/uploads\/2022\/03\/1A-Banner-1-portada-imagen-10-1-copia-16.webp?resize=350%2C200&ssl=1 1x, https:\/\/i0.wp.com\/webdelmaestrocmf.com\/portal\/wp-content\/uploads\/2022\/03\/1A-Banner-1-portada-imagen-10-1-copia-16.webp?resize=525%2C300&ssl=1 1.5x, https:\/\/i0.wp.com\/webdelmaestrocmf.com\/portal\/wp-content\/uploads\/2022\/03\/1A-Banner-1-portada-imagen-10-1-copia-16.webp?resize=700%2C400&ssl=1 2x"},"classes":[]},{"id":102686,"url":"https:\/\/webdelmaestrocmf.com\/portal\/que-es-ensenar-por-competencias-en-la-educacion-basica\/","url_meta":{"origin":14459,"position":2},"title":"\u00bfQu\u00e9 es ense\u00f1ar por competencias en la Educaci\u00f3n B\u00e1sica?","author":"Web del Maestro CMF","date":"16 enero, 2024","format":false,"excerpt":"Ense\u00f1ar por competencias en la Educaci\u00f3n B\u00e1sica es un enfoque pedag\u00f3gico que busca que los estudiantes desarrollen las capacidades necesarias para enfrentar los desaf\u00edos de la vida cotidiana, tanto en el \u00e1mbito personal como profesional. Este enfoque se basa en la idea de que el aprendizaje debe ser significativo para\u2026","rel":"","context":"En \u00abCompetencias\u00bb","block_context":{"text":"Competencias","link":"https:\/\/webdelmaestrocmf.com\/portal\/category\/pedagogia\/competencias\/"},"img":{"alt_text":"","src":"https:\/\/i0.wp.com\/webdelmaestrocmf.com\/portal\/wp-content\/uploads\/2024\/01\/Banner-1-portada-imagen-10-5.jpg?resize=350%2C200&ssl=1","width":350,"height":200,"srcset":"https:\/\/i0.wp.com\/webdelmaestrocmf.com\/portal\/wp-content\/uploads\/2024\/01\/Banner-1-portada-imagen-10-5.jpg?resize=350%2C200&ssl=1 1x, https:\/\/i0.wp.com\/webdelmaestrocmf.com\/portal\/wp-content\/uploads\/2024\/01\/Banner-1-portada-imagen-10-5.jpg?resize=525%2C300&ssl=1 1.5x, https:\/\/i0.wp.com\/webdelmaestrocmf.com\/portal\/wp-content\/uploads\/2024\/01\/Banner-1-portada-imagen-10-5.jpg?resize=700%2C400&ssl=1 2x"},"classes":[]},{"id":105157,"url":"https:\/\/webdelmaestrocmf.com\/portal\/manual-de-programacion-para-la-escuela-con-robots\/","url_meta":{"origin":14459,"position":3},"title":"Manual de programaci\u00f3n para la escuela con Robots","author":"Web del Maestro CMF","date":"25 abril, 2024","format":false,"excerpt":"En la era digital en la que vivimos, la tecnolog\u00eda se ha convertido en una parte integral de la vida cotidiana, especialmente para los j\u00f3venes. Desde la forma en que se comunican hasta c\u00f3mo aprenden, las nuevas tecnolog\u00edas juegan un papel fundamental en su desarrollo. Es por eso que el\u2026","rel":"","context":"En \u00abHardware\u00bb","block_context":{"text":"Hardware","link":"https:\/\/webdelmaestrocmf.com\/portal\/category\/tecnologia\/hardware\/"},"img":{"alt_text":"robot","src":"https:\/\/i0.wp.com\/webdelmaestrocmf.com\/portal\/wp-content\/uploads\/2024\/04\/Banner-1-portada-imagen-10-1-44.jpg?resize=350%2C200&ssl=1","width":350,"height":200,"srcset":"https:\/\/i0.wp.com\/webdelmaestrocmf.com\/portal\/wp-content\/uploads\/2024\/04\/Banner-1-portada-imagen-10-1-44.jpg?resize=350%2C200&ssl=1 1x, https:\/\/i0.wp.com\/webdelmaestrocmf.com\/portal\/wp-content\/uploads\/2024\/04\/Banner-1-portada-imagen-10-1-44.jpg?resize=525%2C300&ssl=1 1.5x, https:\/\/i0.wp.com\/webdelmaestrocmf.com\/portal\/wp-content\/uploads\/2024\/04\/Banner-1-portada-imagen-10-1-44.jpg?resize=700%2C400&ssl=1 2x"},"classes":[]},{"id":13228,"url":"https:\/\/webdelmaestrocmf.com\/portal\/la-neurociencia-maria-montessori\/","url_meta":{"origin":14459,"position":4},"title":"La neurociencia y el m\u00e9todo Montessori","author":"Web del Maestro CMF","date":"24 octubre, 2021","format":false,"excerpt":"La Doctora Mar\u00eda Montessori concibi\u00f3 y puso en marcha un \u201cm\u00e9todo que requiere un ambiente preparado, un adulto formado y un apoyo social\u201d (Mercedes Palacio) con ayuda de la neurociencia actual. El afecto y el respeto de los ritmos individuales de cada ni\u00f1o y su propia realidad, podr\u00e1n encontrar una\u2026","rel":"","context":"En \u00abMontessori\u00bb","block_context":{"text":"Montessori","link":"https:\/\/webdelmaestrocmf.com\/portal\/category\/pedagogia\/montessori\/"},"img":{"alt_text":"","src":"https:\/\/i0.wp.com\/webdelmaestrocmf.com\/portal\/wp-content\/uploads\/2021\/10\/Banner-1-portada-imagen-10-1-3.jpg?resize=350%2C200&ssl=1","width":350,"height":200,"srcset":"https:\/\/i0.wp.com\/webdelmaestrocmf.com\/portal\/wp-content\/uploads\/2021\/10\/Banner-1-portada-imagen-10-1-3.jpg?resize=350%2C200&ssl=1 1x, https:\/\/i0.wp.com\/webdelmaestrocmf.com\/portal\/wp-content\/uploads\/2021\/10\/Banner-1-portada-imagen-10-1-3.jpg?resize=525%2C300&ssl=1 1.5x, https:\/\/i0.wp.com\/webdelmaestrocmf.com\/portal\/wp-content\/uploads\/2021\/10\/Banner-1-portada-imagen-10-1-3.jpg?resize=700%2C400&ssl=1 2x"},"classes":[]},{"id":18903,"url":"https:\/\/webdelmaestrocmf.com\/portal\/ana-carbajal-diana-trajo-licor-al-colegio\/","url_meta":{"origin":14459,"position":5},"title":"[ANA CARBAJAL] DIANA TRAJO LICOR AL COLEGIO","author":"Web del Maestro CMF","date":"31 mayo, 2017","format":false,"excerpt":"\"\u00a1Profesora! Hemos visto que Dina trajo cerveza y estuvo tomando, adem\u00e1s le invit\u00f3 a Paco\u201d. Una situaci\u00f3n as\u00ed, \u00a1C\u00f3mo desestabiliza a quienes laboramos en una instituci\u00f3n educativa: maestros, tutores, auxiliares de educaci\u00f3n, directivos, \u00a1integrantes del comit\u00e9 de tutor\u00eda! Todos se miran preocupados, a veces molestos, se ponen en actitud de\u2026","rel":"","context":"En \u00abZ-Colaborador-Celinda-Carbajal\u00bb","block_context":{"text":"Z-Colaborador-Celinda-Carbajal","link":"https:\/\/webdelmaestrocmf.com\/portal\/category\/colaborador\/z-colaborador-celinda-carbajal\/"},"img":{"alt_text":"","src":"https:\/\/i0.wp.com\/webdelmaestrocmf.com\/portal\/wp-content\/uploads\/2017\/05\/Licor-en-la-escuela.jpg?resize=350%2C200&ssl=1","width":350,"height":200,"srcset":"https:\/\/i0.wp.com\/webdelmaestrocmf.com\/portal\/wp-content\/uploads\/2017\/05\/Licor-en-la-escuela.jpg?resize=350%2C200&ssl=1 1x, https:\/\/i0.wp.com\/webdelmaestrocmf.com\/portal\/wp-content\/uploads\/2017\/05\/Licor-en-la-escuela.jpg?resize=525%2C300&ssl=1 1.5x, https:\/\/i0.wp.com\/webdelmaestrocmf.com\/portal\/wp-content\/uploads\/2017\/05\/Licor-en-la-escuela.jpg?resize=700%2C400&ssl=1 2x"},"classes":[]}],"_links":{"self":[{"href":"https:\/\/webdelmaestrocmf.com\/portal\/wp-json\/wp\/v2\/posts\/14459","targetHints":{"allow":["GET"]}}],"collection":[{"href":"https:\/\/webdelmaestrocmf.com\/portal\/wp-json\/wp\/v2\/posts"}],"about":[{"href":"https:\/\/webdelmaestrocmf.com\/portal\/wp-json\/wp\/v2\/types\/post"}],"author":[{"embeddable":true,"href":"https:\/\/webdelmaestrocmf.com\/portal\/wp-json\/wp\/v2\/users\/1"}],"replies":[{"embeddable":true,"href":"https:\/\/webdelmaestrocmf.com\/portal\/wp-json\/wp\/v2\/comments?post=14459"}],"version-history":[{"count":0,"href":"https:\/\/webdelmaestrocmf.com\/portal\/wp-json\/wp\/v2\/posts\/14459\/revisions"}],"wp:featuredmedia":[{"embeddable":true,"href":"https:\/\/webdelmaestrocmf.com\/portal\/wp-json\/wp\/v2\/media\/90448"}],"wp:attachment":[{"href":"https:\/\/webdelmaestrocmf.com\/portal\/wp-json\/wp\/v2\/media?parent=14459"}],"wp:term":[{"taxonomy":"category","embeddable":true,"href":"https:\/\/webdelmaestrocmf.com\/portal\/wp-json\/wp\/v2\/categories?post=14459"},{"taxonomy":"post_tag","embeddable":true,"href":"https:\/\/webdelmaestrocmf.com\/portal\/wp-json\/wp\/v2\/tags?post=14459"}],"curies":[{"name":"wp","href":"https:\/\/api.w.org\/{rel}","templated":true}]}}