{"id":14316,"date":"2017-02-05T00:01:43","date_gmt":"2017-02-05T03:01:43","guid":{"rendered":"http:\/\/webdelmaestrocmf.com\/portal\/?p=14316"},"modified":"2021-10-14T22:53:59","modified_gmt":"2021-10-15T01:53:59","slug":"esteban-bullrich-al-le-deciamos-maestro-ahora-le-decimos-capo","status":"publish","type":"post","link":"https:\/\/webdelmaestrocmf.com\/portal\/esteban-bullrich-al-le-deciamos-maestro-ahora-le-decimos-capo\/","title":{"rendered":"ESTEBAN BULLRICH: \u201cAL QUE LE DEC\u00cdAMOS MAESTRO, AHORA LE DECIMOS CAPO\u201d"},"content":{"rendered":"<h4 style=\"text-align: justify;\">El Ex Ministro de Educaci\u00f3n y Deportes de Buenos Aires (Argentina), Esteban Bullrich, dialog\u00f3 en diversos escenarios acerca de los retos que enfrenta la educaci\u00f3n argentina y el rol docente.<\/h4>\n<h4 style=\"text-align: justify;\">Toca el tema del fraude del sistema vigente, la comprensi\u00f3n lectora, de la inclusi\u00f3n y el compromiso social por priorizar la formaci\u00f3n y la tarea docente, y para ello propone un nuevo sistema educativo que sea capaz de una revoluci\u00f3n educativa, desde una <strong>\u201cpresi\u00f3n social\u201d<\/strong> para que se d\u00e9 <strong>\u201cun cambio de abajo hacia arriba, profundo en las formas de hacer las cosas\u201d<\/strong>, y para ello hay evaluar para saber en qu\u00e9 se est\u00e1 mal, con los docentes y con el intercambio mundial de experiencias, el acompa\u00f1amiento de la familia y no ser conformistas<strong>.<\/strong><\/h4>\n<p style=\"text-align: justify;\"><!--more--><\/p>\n<p><a href=\"http:\/\/webdelmaestrocmf.com\/portal\/wp-content\/uploads\/2017\/02\/gabinete-de-mauricio-macri-2122606h540.jpg\"><img loading=\"lazy\" decoding=\"async\" class=\"aligncenter size-full wp-image-14321\" src=\"http:\/\/webdelmaestrocmf.com\/portal\/wp-content\/uploads\/2017\/02\/gabinete-de-mauricio-macri-2122606h540.jpg\" alt=\"\" width=\"960\" height=\"540\" srcset=\"https:\/\/webdelmaestrocmf.com\/portal\/wp-content\/uploads\/2017\/02\/gabinete-de-mauricio-macri-2122606h540.jpg 960w, https:\/\/webdelmaestrocmf.com\/portal\/wp-content\/uploads\/2017\/02\/gabinete-de-mauricio-macri-2122606h540-300x169.jpg 300w, https:\/\/webdelmaestrocmf.com\/portal\/wp-content\/uploads\/2017\/02\/gabinete-de-mauricio-macri-2122606h540-768x432.jpg 768w, https:\/\/webdelmaestrocmf.com\/portal\/wp-content\/uploads\/2017\/02\/gabinete-de-mauricio-macri-2122606h540-280x158.jpg 280w\" sizes=\"auto, (max-width: 960px) 100vw, 960px\" \/><\/a><\/p>\n<p style=\"text-align: justify;\">Compartimos este video (20`26\u201d) de <strong>YOUTUBE<\/strong>, colgado por<strong> ESTEBAN BULLRICH,<\/strong> con fines educativos \u2013 pastorales, <strong>(aunque se haya visto cuestionado con el esc\u00e1ndalo de \u201cPanam\u00e1 Papers\u201d);<\/strong> tanto por venir de un hombre cuya madre s\u00f3lo lleg\u00f3 a segundo de secundaria, pero logr\u00f3 que sus cinco hijos la concluyeran, como por el an\u00e1lisis de familia-docente-escuela, que puede ayudarnos a reflexionar la educaci\u00f3n en nuestro propio contexto, y porque siempre ser\u00e1 muy provechoso escuchar y conocer las opiniones de los otros.\u00a0<strong>\u201cNadie puede prescindir de los dem\u00e1s en forma permanente. Necesitamos de los otros, irremediablemente, de muchas y diferentes maneras\u201d (Jorge Bucay).<\/strong><\/p>\n<p><iframe loading=\"lazy\" src=\"https:\/\/www.youtube.com\/embed\/yHKGvik0LMg\" width=\"900\" height=\"400\" frameborder=\"0\" allowfullscreen=\"allowfullscreen\" data-mce-fragment=\"1\"><span data-mce-type=\"bookmark\" style=\"display: inline-block; width: 0px; overflow: hidden; line-height: 0;\" class=\"mce_SELRES_start\">\ufeff<\/span><\/iframe><\/p>\n","protected":false},"excerpt":{"rendered":"El Ex Ministro de Educaci\u00f3n y Deportes de Buenos Aires (Argentina), Esteban Bullrich, dialog\u00f3 en diversos escenarios acerca&hellip;","protected":false},"author":1,"featured_media":14317,"comment_status":"open","ping_status":"open","sticky":false,"template":"","format":"standard","meta":{"csco_display_header_overlay":false,"csco_singular_sidebar":"default","csco_page_header_type":"default","csco_page_load_nextpost":"default","csco_post_video_location":[],"csco_post_video_location_hash":"","csco_post_video_url":"","csco_post_video_bg_start_time":0,"csco_post_video_bg_end_time":0,"csco_post_video_bg_volume":false,"_jetpack_memberships_contains_paid_content":false,"footnotes":""},"categories":[6894],"tags":[1774,1773,216,1718],"class_list":{"0":"post-14316","1":"post","2":"type-post","3":"status-publish","4":"format-standard","5":"has-post-thumbnail","7":"category-sin-categoria-es","8":"tag-capo","9":"tag-esteban-bullrich","10":"tag-maestro","11":"tag-revolucion-educativa","12":"cs-entry","13":"cs-video-wrap"},"yoast_head":"<!-- This site is optimized with the Yoast SEO plugin v27.5 - https:\/\/yoast.com\/product\/yoast-seo-wordpress\/ -->\n<title>ESTEBAN BULLRICH: \u201cAL QUE LE DEC\u00cdAMOS MAESTRO, AHORA LE DECIMOS CAPO\u201d - 2026<\/title>\n<meta name=\"description\" content=\"El Ex Ministro de Educaci\u00f3n y Deportes de Buenos Aires (Argentina), Esteban Bullrich, dialog\u00f3 en diversos escenarios acerca de los retos que enfrenta la educaci\u00f3n argentina y el rol docente.\" \/>\n<meta name=\"robots\" content=\"index, follow, max-snippet:-1, max-image-preview:large, max-video-preview:-1\" \/>\n<link rel=\"canonical\" href=\"https:\/\/webdelmaestrocmf.com\/portal\/esteban-bullrich-al-le-deciamos-maestro-ahora-le-decimos-capo\/\" \/>\n<meta property=\"og:locale\" content=\"es_ES\" \/>\n<meta property=\"og:type\" content=\"article\" \/>\n<meta property=\"og:title\" content=\"ESTEBAN BULLRICH: \u201cAL QUE LE DEC\u00cdAMOS MAESTRO, AHORA LE DECIMOS CAPO\u201d - 2026\" \/>\n<meta property=\"og:description\" content=\"El Ex Ministro de Educaci\u00f3n y Deportes de Buenos Aires (Argentina), Esteban Bullrich, dialog\u00f3 en diversos escenarios acerca de los retos que enfrenta la educaci\u00f3n argentina y el rol docente.\" \/>\n<meta property=\"og:url\" content=\"https:\/\/webdelmaestrocmf.com\/portal\/esteban-bullrich-al-le-deciamos-maestro-ahora-le-decimos-capo\/\" \/>\n<meta property=\"og:site_name\" content=\"Web del Maestro CMF\" \/>\n<meta property=\"article:publisher\" content=\"https:\/\/www.facebook.com\/WebdelMaestroCMF\/\" \/>\n<meta property=\"article:author\" content=\"https:\/\/www.facebook.com\/WebdelMaestroCMF\/\" \/>\n<meta property=\"article:published_time\" content=\"2017-02-05T03:01:43+00:00\" \/>\n<meta property=\"article:modified_time\" content=\"2021-10-15T01:53:59+00:00\" \/>\n<meta property=\"og:image\" content=\"https:\/\/i0.wp.com\/webdelmaestrocmf.com\/portal\/wp-content\/uploads\/2017\/02\/Esteban-Jos\u00e9-Bullrich.jpg?fit=855%2C405&ssl=1\" \/>\n\t<meta property=\"og:image:width\" content=\"855\" \/>\n\t<meta property=\"og:image:height\" content=\"405\" \/>\n\t<meta property=\"og:image:type\" content=\"image\/jpeg\" \/>\n<meta name=\"author\" content=\"Web del Maestro CMF\" \/>\n<meta name=\"twitter:card\" content=\"summary_large_image\" \/>\n<meta name=\"twitter:creator\" content=\"@cmf_w\" \/>\n<meta name=\"twitter:site\" content=\"@cmf_w\" \/>\n<script type=\"application\/ld+json\" class=\"yoast-schema-graph\">{\"@context\":\"https:\\\/\\\/schema.org\",\"@graph\":[{\"@type\":\"ScholarlyArticle\",\"@id\":\"https:\\\/\\\/webdelmaestrocmf.com\\\/portal\\\/esteban-bullrich-al-le-deciamos-maestro-ahora-le-decimos-capo\\\/#article\",\"isPartOf\":{\"@id\":\"https:\\\/\\\/webdelmaestrocmf.com\\\/portal\\\/esteban-bullrich-al-le-deciamos-maestro-ahora-le-decimos-capo\\\/\"},\"author\":{\"name\":\"Web del Maestro CMF\",\"@id\":\"https:\\\/\\\/webdelmaestrocmf.com\\\/portal\\\/#\\\/schema\\\/person\\\/1072a2ed7bd960df8ef99a551fa35dc5\"},\"headline\":\"ESTEBAN BULLRICH: \u201cAL QUE LE DEC\u00cdAMOS MAESTRO, AHORA LE DECIMOS CAPO\u201d\",\"datePublished\":\"2017-02-05T03:01:43+00:00\",\"dateModified\":\"2021-10-15T01:53:59+00:00\",\"mainEntityOfPage\":{\"@id\":\"https:\\\/\\\/webdelmaestrocmf.com\\\/portal\\\/esteban-bullrich-al-le-deciamos-maestro-ahora-le-decimos-capo\\\/\"},\"wordCount\":247,\"commentCount\":0,\"publisher\":{\"@id\":\"https:\\\/\\\/webdelmaestrocmf.com\\\/portal\\\/#organization\"},\"image\":{\"@id\":\"https:\\\/\\\/webdelmaestrocmf.com\\\/portal\\\/esteban-bullrich-al-le-deciamos-maestro-ahora-le-decimos-capo\\\/#primaryimage\"},\"thumbnailUrl\":\"https:\\\/\\\/webdelmaestrocmf.com\\\/portal\\\/wp-content\\\/uploads\\\/2017\\\/02\\\/Esteban-Jos\u00e9-Bullrich.jpg\",\"keywords\":[\"CAPO\",\"ESTEBAN BULLRICH\",\"Maestro\",\"REVOLUCI\u00d3N EDUCATIVA\"],\"inLanguage\":\"es\",\"potentialAction\":[{\"@type\":\"CommentAction\",\"name\":\"Comment\",\"target\":[\"https:\\\/\\\/webdelmaestrocmf.com\\\/portal\\\/esteban-bullrich-al-le-deciamos-maestro-ahora-le-decimos-capo\\\/#respond\"]}]},{\"@type\":\"WebPage\",\"@id\":\"https:\\\/\\\/webdelmaestrocmf.com\\\/portal\\\/esteban-bullrich-al-le-deciamos-maestro-ahora-le-decimos-capo\\\/\",\"url\":\"https:\\\/\\\/webdelmaestrocmf.com\\\/portal\\\/esteban-bullrich-al-le-deciamos-maestro-ahora-le-decimos-capo\\\/\",\"name\":\"ESTEBAN BULLRICH: \u201cAL QUE LE DEC\u00cdAMOS MAESTRO, AHORA LE DECIMOS CAPO\u201d - 2026\",\"isPartOf\":{\"@id\":\"https:\\\/\\\/webdelmaestrocmf.com\\\/portal\\\/#website\"},\"primaryImageOfPage\":{\"@id\":\"https:\\\/\\\/webdelmaestrocmf.com\\\/portal\\\/esteban-bullrich-al-le-deciamos-maestro-ahora-le-decimos-capo\\\/#primaryimage\"},\"image\":{\"@id\":\"https:\\\/\\\/webdelmaestrocmf.com\\\/portal\\\/esteban-bullrich-al-le-deciamos-maestro-ahora-le-decimos-capo\\\/#primaryimage\"},\"thumbnailUrl\":\"https:\\\/\\\/webdelmaestrocmf.com\\\/portal\\\/wp-content\\\/uploads\\\/2017\\\/02\\\/Esteban-Jos\u00e9-Bullrich.jpg\",\"datePublished\":\"2017-02-05T03:01:43+00:00\",\"dateModified\":\"2021-10-15T01:53:59+00:00\",\"description\":\"El Ex Ministro de Educaci\u00f3n y Deportes de Buenos Aires (Argentina), Esteban Bullrich, dialog\u00f3 en diversos escenarios acerca de los retos que enfrenta la educaci\u00f3n argentina y el rol docente.\",\"breadcrumb\":{\"@id\":\"https:\\\/\\\/webdelmaestrocmf.com\\\/portal\\\/esteban-bullrich-al-le-deciamos-maestro-ahora-le-decimos-capo\\\/#breadcrumb\"},\"inLanguage\":\"es\",\"potentialAction\":[{\"@type\":\"ReadAction\",\"target\":[\"https:\\\/\\\/webdelmaestrocmf.com\\\/portal\\\/esteban-bullrich-al-le-deciamos-maestro-ahora-le-decimos-capo\\\/\"]}]},{\"@type\":\"ImageObject\",\"inLanguage\":\"es\",\"@id\":\"https:\\\/\\\/webdelmaestrocmf.com\\\/portal\\\/esteban-bullrich-al-le-deciamos-maestro-ahora-le-decimos-capo\\\/#primaryimage\",\"url\":\"https:\\\/\\\/webdelmaestrocmf.com\\\/portal\\\/wp-content\\\/uploads\\\/2017\\\/02\\\/Esteban-Jos\u00e9-Bullrich.jpg\",\"contentUrl\":\"https:\\\/\\\/webdelmaestrocmf.com\\\/portal\\\/wp-content\\\/uploads\\\/2017\\\/02\\\/Esteban-Jos\u00e9-Bullrich.jpg\",\"width\":855,\"height\":405},{\"@type\":\"BreadcrumbList\",\"@id\":\"https:\\\/\\\/webdelmaestrocmf.com\\\/portal\\\/esteban-bullrich-al-le-deciamos-maestro-ahora-le-decimos-capo\\\/#breadcrumb\",\"itemListElement\":[{\"@type\":\"ListItem\",\"position\":1,\"name\":\"Portada\",\"item\":\"https:\\\/\\\/webdelmaestrocmf.com\\\/portal\\\/\"},{\"@type\":\"ListItem\",\"position\":2,\"name\":\"Sin categor\u00eda\",\"item\":\"https:\\\/\\\/webdelmaestrocmf.com\\\/portal\\\/category\\\/sin-categoria-es\\\/\"},{\"@type\":\"ListItem\",\"position\":3,\"name\":\"ESTEBAN BULLRICH: \u201cAL QUE LE DEC\u00cdAMOS MAESTRO, AHORA LE DECIMOS CAPO\u201d\"}]},{\"@type\":\"WebSite\",\"@id\":\"https:\\\/\\\/webdelmaestrocmf.com\\\/portal\\\/#website\",\"url\":\"https:\\\/\\\/webdelmaestrocmf.com\\\/portal\\\/\",\"name\":\"Web del Maestro CMF\",\"description\":\"Maestros al servicio de la educaci\u00f3n\",\"publisher\":{\"@id\":\"https:\\\/\\\/webdelmaestrocmf.com\\\/portal\\\/#organization\"},\"alternateName\":\"WMCMF\",\"potentialAction\":[{\"@type\":\"SearchAction\",\"target\":{\"@type\":\"EntryPoint\",\"urlTemplate\":\"https:\\\/\\\/webdelmaestrocmf.com\\\/portal\\\/?s={search_term_string}\"},\"query-input\":{\"@type\":\"PropertyValueSpecification\",\"valueRequired\":true,\"valueName\":\"search_term_string\"}}],\"inLanguage\":\"es\"},{\"@type\":\"Organization\",\"@id\":\"https:\\\/\\\/webdelmaestrocmf.com\\\/portal\\\/#organization\",\"name\":\"Web del Maestro CMF\",\"alternateName\":\"WMCMF\",\"url\":\"https:\\\/\\\/webdelmaestrocmf.com\\\/portal\\\/\",\"logo\":{\"@type\":\"ImageObject\",\"inLanguage\":\"es\",\"@id\":\"https:\\\/\\\/webdelmaestrocmf.com\\\/portal\\\/#\\\/schema\\\/logo\\\/image\\\/\",\"url\":\"https:\\\/\\\/webdelmaestrocmf.com\\\/portal\\\/wp-content\\\/uploads\\\/2023\\\/01\\\/logo-wmcmf-2.png\",\"contentUrl\":\"https:\\\/\\\/webdelmaestrocmf.com\\\/portal\\\/wp-content\\\/uploads\\\/2023\\\/01\\\/logo-wmcmf-2.png\",\"width\":200,\"height\":60,\"caption\":\"Web del Maestro CMF\"},\"image\":{\"@id\":\"https:\\\/\\\/webdelmaestrocmf.com\\\/portal\\\/#\\\/schema\\\/logo\\\/image\\\/\"},\"sameAs\":[\"https:\\\/\\\/www.facebook.com\\\/WebdelMaestroCMF\\\/\",\"https:\\\/\\\/x.com\\\/cmf_w\",\"https:\\\/\\\/www.pinterest.com\\\/WMCMF\\\/\",\"https:\\\/\\\/www.linkedin.com\\\/company\\\/web-del-maestro-cmf\\\/\",\"https:\\\/\\\/www.instagram.com\\\/wmcmf\\\/\",\"https:\\\/\\\/www.youtube.com\\\/channel\\\/UCDPSvjbdodE5sHnC3OxutHw\",\"https:\\\/\\\/mastodon.social\\\/@wmcmf\",\"https:\\\/\\\/www.tiktok.com\\\/@webdelmaestrocmf\"]},{\"@type\":\"Person\",\"@id\":\"https:\\\/\\\/webdelmaestrocmf.com\\\/portal\\\/#\\\/schema\\\/person\\\/1072a2ed7bd960df8ef99a551fa35dc5\",\"name\":\"Web del Maestro CMF\",\"image\":{\"@type\":\"ImageObject\",\"inLanguage\":\"es\",\"@id\":\"https:\\\/\\\/secure.gravatar.com\\\/avatar\\\/23291dd5b5ae1077dcff3dbb04c3e02bd28403fa75af6d8787d5e97c5bbbe30b?s=96&d=mm&r=g\",\"url\":\"https:\\\/\\\/secure.gravatar.com\\\/avatar\\\/23291dd5b5ae1077dcff3dbb04c3e02bd28403fa75af6d8787d5e97c5bbbe30b?s=96&d=mm&r=g\",\"contentUrl\":\"https:\\\/\\\/secure.gravatar.com\\\/avatar\\\/23291dd5b5ae1077dcff3dbb04c3e02bd28403fa75af6d8787d5e97c5bbbe30b?s=96&d=mm&r=g\",\"caption\":\"Web del Maestro CMF\"},\"description\":\"Esta Web se cre\u00f3 sin fines de lucro, con fines educativos, cient\u00edficos y acad\u00e9micos, para personas que tengan dificultades y\\\/o inconvenientes en visualizar el material original. El objetivo es entregar recursos, compartir experiencias y materiales que ayuden a los padres de familia, maestros y estudiantes en su actualizaci\u00f3n y formaci\u00f3n permanente, en bien de la Educaci\u00f3n.\",\"sameAs\":[\"http:\\\/\\\/webdelmaestrocmf.com\\\/portal\",\"https:\\\/\\\/www.facebook.com\\\/WebdelMaestroCMF\\\/\",\"https:\\\/\\\/www.instagram.com\\\/wmcmf\\\/\",\"https:\\\/\\\/cl.linkedin.com\\\/company\\\/web-del-maestro-cmf\",\"https:\\\/\\\/www.pinterest.com\\\/WMCMF\\\/publicaciones\\\/\",\"https:\\\/\\\/x.com\\\/cmf_w\",\"https:\\\/\\\/www.youtube.com\\\/@WMCMF\"]}]}<\/script>\n<!-- \/ Yoast SEO plugin. -->","yoast_head_json":{"title":"ESTEBAN BULLRICH: \u201cAL QUE LE DEC\u00cdAMOS MAESTRO, AHORA LE DECIMOS CAPO\u201d - 2026","description":"El Ex Ministro de Educaci\u00f3n y Deportes de Buenos Aires (Argentina), Esteban Bullrich, dialog\u00f3 en diversos escenarios acerca de los retos que enfrenta la educaci\u00f3n argentina y el rol docente.","robots":{"index":"index","follow":"follow","max-snippet":"max-snippet:-1","max-image-preview":"max-image-preview:large","max-video-preview":"max-video-preview:-1"},"canonical":"https:\/\/webdelmaestrocmf.com\/portal\/esteban-bullrich-al-le-deciamos-maestro-ahora-le-decimos-capo\/","og_locale":"es_ES","og_type":"article","og_title":"ESTEBAN BULLRICH: \u201cAL QUE LE DEC\u00cdAMOS MAESTRO, AHORA LE DECIMOS CAPO\u201d - 2026","og_description":"El Ex Ministro de Educaci\u00f3n y Deportes de Buenos Aires (Argentina), Esteban Bullrich, dialog\u00f3 en diversos escenarios acerca de los retos que enfrenta la educaci\u00f3n argentina y el rol docente.","og_url":"https:\/\/webdelmaestrocmf.com\/portal\/esteban-bullrich-al-le-deciamos-maestro-ahora-le-decimos-capo\/","og_site_name":"Web del Maestro CMF","article_publisher":"https:\/\/www.facebook.com\/WebdelMaestroCMF\/","article_author":"https:\/\/www.facebook.com\/WebdelMaestroCMF\/","article_published_time":"2017-02-05T03:01:43+00:00","article_modified_time":"2021-10-15T01:53:59+00:00","og_image":[{"width":855,"height":405,"url":"https:\/\/i0.wp.com\/webdelmaestrocmf.com\/portal\/wp-content\/uploads\/2017\/02\/Esteban-Jos\u00e9-Bullrich.jpg?fit=855%2C405&ssl=1","type":"image\/jpeg"}],"author":"Web del Maestro CMF","twitter_card":"summary_large_image","twitter_creator":"@cmf_w","twitter_site":"@cmf_w","schema":{"@context":"https:\/\/schema.org","@graph":[{"@type":"ScholarlyArticle","@id":"https:\/\/webdelmaestrocmf.com\/portal\/esteban-bullrich-al-le-deciamos-maestro-ahora-le-decimos-capo\/#article","isPartOf":{"@id":"https:\/\/webdelmaestrocmf.com\/portal\/esteban-bullrich-al-le-deciamos-maestro-ahora-le-decimos-capo\/"},"author":{"name":"Web del Maestro CMF","@id":"https:\/\/webdelmaestrocmf.com\/portal\/#\/schema\/person\/1072a2ed7bd960df8ef99a551fa35dc5"},"headline":"ESTEBAN BULLRICH: \u201cAL QUE LE DEC\u00cdAMOS MAESTRO, AHORA LE DECIMOS CAPO\u201d","datePublished":"2017-02-05T03:01:43+00:00","dateModified":"2021-10-15T01:53:59+00:00","mainEntityOfPage":{"@id":"https:\/\/webdelmaestrocmf.com\/portal\/esteban-bullrich-al-le-deciamos-maestro-ahora-le-decimos-capo\/"},"wordCount":247,"commentCount":0,"publisher":{"@id":"https:\/\/webdelmaestrocmf.com\/portal\/#organization"},"image":{"@id":"https:\/\/webdelmaestrocmf.com\/portal\/esteban-bullrich-al-le-deciamos-maestro-ahora-le-decimos-capo\/#primaryimage"},"thumbnailUrl":"https:\/\/webdelmaestrocmf.com\/portal\/wp-content\/uploads\/2017\/02\/Esteban-Jos\u00e9-Bullrich.jpg","keywords":["CAPO","ESTEBAN BULLRICH","Maestro","REVOLUCI\u00d3N EDUCATIVA"],"inLanguage":"es","potentialAction":[{"@type":"CommentAction","name":"Comment","target":["https:\/\/webdelmaestrocmf.com\/portal\/esteban-bullrich-al-le-deciamos-maestro-ahora-le-decimos-capo\/#respond"]}]},{"@type":"WebPage","@id":"https:\/\/webdelmaestrocmf.com\/portal\/esteban-bullrich-al-le-deciamos-maestro-ahora-le-decimos-capo\/","url":"https:\/\/webdelmaestrocmf.com\/portal\/esteban-bullrich-al-le-deciamos-maestro-ahora-le-decimos-capo\/","name":"ESTEBAN BULLRICH: \u201cAL QUE LE DEC\u00cdAMOS MAESTRO, AHORA LE DECIMOS CAPO\u201d - 2026","isPartOf":{"@id":"https:\/\/webdelmaestrocmf.com\/portal\/#website"},"primaryImageOfPage":{"@id":"https:\/\/webdelmaestrocmf.com\/portal\/esteban-bullrich-al-le-deciamos-maestro-ahora-le-decimos-capo\/#primaryimage"},"image":{"@id":"https:\/\/webdelmaestrocmf.com\/portal\/esteban-bullrich-al-le-deciamos-maestro-ahora-le-decimos-capo\/#primaryimage"},"thumbnailUrl":"https:\/\/webdelmaestrocmf.com\/portal\/wp-content\/uploads\/2017\/02\/Esteban-Jos\u00e9-Bullrich.jpg","datePublished":"2017-02-05T03:01:43+00:00","dateModified":"2021-10-15T01:53:59+00:00","description":"El Ex Ministro de Educaci\u00f3n y Deportes de Buenos Aires (Argentina), Esteban Bullrich, dialog\u00f3 en diversos escenarios acerca de los retos que enfrenta la educaci\u00f3n argentina y el rol docente.","breadcrumb":{"@id":"https:\/\/webdelmaestrocmf.com\/portal\/esteban-bullrich-al-le-deciamos-maestro-ahora-le-decimos-capo\/#breadcrumb"},"inLanguage":"es","potentialAction":[{"@type":"ReadAction","target":["https:\/\/webdelmaestrocmf.com\/portal\/esteban-bullrich-al-le-deciamos-maestro-ahora-le-decimos-capo\/"]}]},{"@type":"ImageObject","inLanguage":"es","@id":"https:\/\/webdelmaestrocmf.com\/portal\/esteban-bullrich-al-le-deciamos-maestro-ahora-le-decimos-capo\/#primaryimage","url":"https:\/\/webdelmaestrocmf.com\/portal\/wp-content\/uploads\/2017\/02\/Esteban-Jos\u00e9-Bullrich.jpg","contentUrl":"https:\/\/webdelmaestrocmf.com\/portal\/wp-content\/uploads\/2017\/02\/Esteban-Jos\u00e9-Bullrich.jpg","width":855,"height":405},{"@type":"BreadcrumbList","@id":"https:\/\/webdelmaestrocmf.com\/portal\/esteban-bullrich-al-le-deciamos-maestro-ahora-le-decimos-capo\/#breadcrumb","itemListElement":[{"@type":"ListItem","position":1,"name":"Portada","item":"https:\/\/webdelmaestrocmf.com\/portal\/"},{"@type":"ListItem","position":2,"name":"Sin categor\u00eda","item":"https:\/\/webdelmaestrocmf.com\/portal\/category\/sin-categoria-es\/"},{"@type":"ListItem","position":3,"name":"ESTEBAN BULLRICH: \u201cAL QUE LE DEC\u00cdAMOS MAESTRO, AHORA LE DECIMOS CAPO\u201d"}]},{"@type":"WebSite","@id":"https:\/\/webdelmaestrocmf.com\/portal\/#website","url":"https:\/\/webdelmaestrocmf.com\/portal\/","name":"Web del Maestro CMF","description":"Maestros al servicio de la educaci\u00f3n","publisher":{"@id":"https:\/\/webdelmaestrocmf.com\/portal\/#organization"},"alternateName":"WMCMF","potentialAction":[{"@type":"SearchAction","target":{"@type":"EntryPoint","urlTemplate":"https:\/\/webdelmaestrocmf.com\/portal\/?s={search_term_string}"},"query-input":{"@type":"PropertyValueSpecification","valueRequired":true,"valueName":"search_term_string"}}],"inLanguage":"es"},{"@type":"Organization","@id":"https:\/\/webdelmaestrocmf.com\/portal\/#organization","name":"Web del Maestro CMF","alternateName":"WMCMF","url":"https:\/\/webdelmaestrocmf.com\/portal\/","logo":{"@type":"ImageObject","inLanguage":"es","@id":"https:\/\/webdelmaestrocmf.com\/portal\/#\/schema\/logo\/image\/","url":"https:\/\/webdelmaestrocmf.com\/portal\/wp-content\/uploads\/2023\/01\/logo-wmcmf-2.png","contentUrl":"https:\/\/webdelmaestrocmf.com\/portal\/wp-content\/uploads\/2023\/01\/logo-wmcmf-2.png","width":200,"height":60,"caption":"Web del Maestro CMF"},"image":{"@id":"https:\/\/webdelmaestrocmf.com\/portal\/#\/schema\/logo\/image\/"},"sameAs":["https:\/\/www.facebook.com\/WebdelMaestroCMF\/","https:\/\/x.com\/cmf_w","https:\/\/www.pinterest.com\/WMCMF\/","https:\/\/www.linkedin.com\/company\/web-del-maestro-cmf\/","https:\/\/www.instagram.com\/wmcmf\/","https:\/\/www.youtube.com\/channel\/UCDPSvjbdodE5sHnC3OxutHw","https:\/\/mastodon.social\/@wmcmf","https:\/\/www.tiktok.com\/@webdelmaestrocmf"]},{"@type":"Person","@id":"https:\/\/webdelmaestrocmf.com\/portal\/#\/schema\/person\/1072a2ed7bd960df8ef99a551fa35dc5","name":"Web del Maestro CMF","image":{"@type":"ImageObject","inLanguage":"es","@id":"https:\/\/secure.gravatar.com\/avatar\/23291dd5b5ae1077dcff3dbb04c3e02bd28403fa75af6d8787d5e97c5bbbe30b?s=96&d=mm&r=g","url":"https:\/\/secure.gravatar.com\/avatar\/23291dd5b5ae1077dcff3dbb04c3e02bd28403fa75af6d8787d5e97c5bbbe30b?s=96&d=mm&r=g","contentUrl":"https:\/\/secure.gravatar.com\/avatar\/23291dd5b5ae1077dcff3dbb04c3e02bd28403fa75af6d8787d5e97c5bbbe30b?s=96&d=mm&r=g","caption":"Web del Maestro CMF"},"description":"Esta Web se cre\u00f3 sin fines de lucro, con fines educativos, cient\u00edficos y acad\u00e9micos, para personas que tengan dificultades y\/o inconvenientes en visualizar el material original. El objetivo es entregar recursos, compartir experiencias y materiales que ayuden a los padres de familia, maestros y estudiantes en su actualizaci\u00f3n y formaci\u00f3n permanente, en bien de la Educaci\u00f3n.","sameAs":["http:\/\/webdelmaestrocmf.com\/portal","https:\/\/www.facebook.com\/WebdelMaestroCMF\/","https:\/\/www.instagram.com\/wmcmf\/","https:\/\/cl.linkedin.com\/company\/web-del-maestro-cmf","https:\/\/www.pinterest.com\/WMCMF\/publicaciones\/","https:\/\/x.com\/cmf_w","https:\/\/www.youtube.com\/@WMCMF"]}]}},"jetpack_featured_media_url":"https:\/\/webdelmaestrocmf.com\/portal\/wp-content\/uploads\/2017\/02\/Esteban-Jos\u00e9-Bullrich.jpg","jetpack_sharing_enabled":true,"jetpack-related-posts":[{"id":111162,"url":"https:\/\/webdelmaestrocmf.com\/portal\/esteban-canchola-somos-parte-del-mismo-sistema-educativo-y-debemos-trabajar-en-union\/","url_meta":{"origin":14316,"position":0},"title":"Esteban Canchola: \u201cSomos parte del mismo sistema educativo y debemos trabajar en uni\u00f3n\u201d","author":"Web del Maestro CMF","date":"12 julio, 2025","format":false,"excerpt":"Su testimonio busca unir, no dividir, y exigir que se escuche a los maestros.","rel":"","context":"En \u00abNoticias Internacionales\u00bb","block_context":{"text":"Noticias Internacionales","link":"https:\/\/webdelmaestrocmf.com\/portal\/category\/noticias-internacionales\/"},"img":{"alt_text":"","src":"https:\/\/i0.wp.com\/webdelmaestrocmf.com\/portal\/wp-content\/uploads\/2025\/07\/1A-Banner-1-portada-imagen-10-1-copia-43.webp?resize=350%2C200&ssl=1","width":350,"height":200,"srcset":"https:\/\/i0.wp.com\/webdelmaestrocmf.com\/portal\/wp-content\/uploads\/2025\/07\/1A-Banner-1-portada-imagen-10-1-copia-43.webp?resize=350%2C200&ssl=1 1x, https:\/\/i0.wp.com\/webdelmaestrocmf.com\/portal\/wp-content\/uploads\/2025\/07\/1A-Banner-1-portada-imagen-10-1-copia-43.webp?resize=525%2C300&ssl=1 1.5x, https:\/\/i0.wp.com\/webdelmaestrocmf.com\/portal\/wp-content\/uploads\/2025\/07\/1A-Banner-1-portada-imagen-10-1-copia-43.webp?resize=700%2C400&ssl=1 2x"},"classes":[]},{"id":114019,"url":"https:\/\/webdelmaestrocmf.com\/portal\/absolucion-del-maestro-esteban-canchola-herrera-justicia-debido-proceso-y-limites-de-la-responsabilidad-docente\/","url_meta":{"origin":14316,"position":1},"title":"Absoluci\u00f3n del maestro Esteban Canchola Herrera: justicia, debido proceso y l\u00edmites de la responsabilidad docente","author":"Web del Maestro CMF","date":"14 diciembre, 2025","format":false,"excerpt":"Justicia se\u00f1ala que no hubo delito ni omisi\u00f3n docente, al determinar el tribunal que actu\u00f3 conforme a los protocolos escolares y que no existi\u00f3 dolo ni responsabilidad penal en su actuaci\u00f3n.","rel":"","context":"En \u00abNoticias Internacionales\u00bb","block_context":{"text":"Noticias Internacionales","link":"https:\/\/webdelmaestrocmf.com\/portal\/category\/noticias-internacionales\/"},"img":{"alt_text":"","src":"https:\/\/i0.wp.com\/webdelmaestrocmf.com\/portal\/wp-content\/uploads\/2025\/12\/1A-Banner-1-portada-imagen-10-1-copia-3-2.webp?resize=350%2C200&ssl=1","width":350,"height":200,"srcset":"https:\/\/i0.wp.com\/webdelmaestrocmf.com\/portal\/wp-content\/uploads\/2025\/12\/1A-Banner-1-portada-imagen-10-1-copia-3-2.webp?resize=350%2C200&ssl=1 1x, https:\/\/i0.wp.com\/webdelmaestrocmf.com\/portal\/wp-content\/uploads\/2025\/12\/1A-Banner-1-portada-imagen-10-1-copia-3-2.webp?resize=525%2C300&ssl=1 1.5x, https:\/\/i0.wp.com\/webdelmaestrocmf.com\/portal\/wp-content\/uploads\/2025\/12\/1A-Banner-1-portada-imagen-10-1-copia-3-2.webp?resize=700%2C400&ssl=1 2x"},"classes":[]},{"id":110879,"url":"https:\/\/webdelmaestrocmf.com\/portal\/presentan-iniciativa-para-proteger-a-docentes-ante-agresiones-en-escuelas\/","url_meta":{"origin":14316,"position":2},"title":"Presentan iniciativa para proteger a docentes ante agresiones en escuelas","author":"Web del Maestro CMF","date":"4 julio, 2025","format":false,"excerpt":"La propuesta busca frenar la violencia contra maestros, garantizar su integridad y promover ambientes escolares m\u00e1s seguros","rel":"","context":"En \u00abNoticias Internacionales\u00bb","block_context":{"text":"Noticias Internacionales","link":"https:\/\/webdelmaestrocmf.com\/portal\/category\/noticias-internacionales\/"},"img":{"alt_text":"","src":"https:\/\/i0.wp.com\/webdelmaestrocmf.com\/portal\/wp-content\/uploads\/2025\/07\/1A-Banner-1-portada-imagen-10-1-copia-47.jpg?resize=350%2C200&ssl=1","width":350,"height":200,"srcset":"https:\/\/i0.wp.com\/webdelmaestrocmf.com\/portal\/wp-content\/uploads\/2025\/07\/1A-Banner-1-portada-imagen-10-1-copia-47.jpg?resize=350%2C200&ssl=1 1x, https:\/\/i0.wp.com\/webdelmaestrocmf.com\/portal\/wp-content\/uploads\/2025\/07\/1A-Banner-1-portada-imagen-10-1-copia-47.jpg?resize=525%2C300&ssl=1 1.5x, https:\/\/i0.wp.com\/webdelmaestrocmf.com\/portal\/wp-content\/uploads\/2025\/07\/1A-Banner-1-portada-imagen-10-1-copia-47.jpg?resize=700%2C400&ssl=1 2x"},"classes":[]},{"id":110856,"url":"https:\/\/webdelmaestrocmf.com\/portal\/el-juicio-que-estremecio-a-los-maestros-esteban-canchola-se-libra-de-prision-pero-no-de-la-culpa\/","url_meta":{"origin":14316,"position":3},"title":"El juicio que estremeci\u00f3 a los maestros: Esteban Canchola se libra de prisi\u00f3n, pero no de la culpa","author":"Web del Maestro CMF","date":"4 julio, 2025","format":false,"excerpt":"Aunque la condena evit\u00f3 el encarcelamiento, la responsabilidad penal persiste sobre el maestro Esteban Canchola tras la muerte de un alumno en Mexicali. El gremio docente advierte que el caso marca un peligroso precedente para la profesi\u00f3n","rel":"","context":"En \u00abNoticias Internacionales\u00bb","block_context":{"text":"Noticias Internacionales","link":"https:\/\/webdelmaestrocmf.com\/portal\/category\/noticias-internacionales\/"},"img":{"alt_text":"","src":"https:\/\/i0.wp.com\/webdelmaestrocmf.com\/portal\/wp-content\/uploads\/2025\/07\/1A-Banner-1-portada-imagen-10-1-copia-1.webp?resize=350%2C200&ssl=1","width":350,"height":200,"srcset":"https:\/\/i0.wp.com\/webdelmaestrocmf.com\/portal\/wp-content\/uploads\/2025\/07\/1A-Banner-1-portada-imagen-10-1-copia-1.webp?resize=350%2C200&ssl=1 1x, https:\/\/i0.wp.com\/webdelmaestrocmf.com\/portal\/wp-content\/uploads\/2025\/07\/1A-Banner-1-portada-imagen-10-1-copia-1.webp?resize=525%2C300&ssl=1 1.5x, https:\/\/i0.wp.com\/webdelmaestrocmf.com\/portal\/wp-content\/uploads\/2025\/07\/1A-Banner-1-portada-imagen-10-1-copia-1.webp?resize=700%2C400&ssl=1 2x"},"classes":[]},{"id":110845,"url":"https:\/\/webdelmaestrocmf.com\/portal\/cronologia-del-caso-martin-damian-tragedia-escolar-negligencia-medica-y-la-defensa-de-un-maestro-en-baja-california\/","url_meta":{"origin":14316,"position":4},"title":"Cronolog\u00eda del caso Mart\u00edn Dami\u00e1n: tragedia escolar, negligencia m\u00e9dica y la defensa de un maestro en Baja California","author":"Web del Maestro CMF","date":"3 julio, 2025","format":false,"excerpt":"La muerte de Mart\u00edn Dami\u00e1n, tras un golpe en la escuela, destap\u00f3 fallas en los protocolos de atenci\u00f3n y abri\u00f3 un debate hist\u00f3rico sobre la responsabilidad de maestros, cl\u00ednicas y autoridades en Baja California","rel":"","context":"En \u00abNoticias Internacionales\u00bb","block_context":{"text":"Noticias Internacionales","link":"https:\/\/webdelmaestrocmf.com\/portal\/category\/noticias-internacionales\/"},"img":{"alt_text":"","src":"https:\/\/i0.wp.com\/webdelmaestrocmf.com\/portal\/wp-content\/uploads\/2025\/07\/1A-Banner-1-portada-imagen-10-1-copia-25.webp?resize=350%2C200&ssl=1","width":350,"height":200,"srcset":"https:\/\/i0.wp.com\/webdelmaestrocmf.com\/portal\/wp-content\/uploads\/2025\/07\/1A-Banner-1-portada-imagen-10-1-copia-25.webp?resize=350%2C200&ssl=1 1x, https:\/\/i0.wp.com\/webdelmaestrocmf.com\/portal\/wp-content\/uploads\/2025\/07\/1A-Banner-1-portada-imagen-10-1-copia-25.webp?resize=525%2C300&ssl=1 1.5x, https:\/\/i0.wp.com\/webdelmaestrocmf.com\/portal\/wp-content\/uploads\/2025\/07\/1A-Banner-1-portada-imagen-10-1-copia-25.webp?resize=700%2C400&ssl=1 2x"},"classes":[]},{"id":112140,"url":"https:\/\/webdelmaestrocmf.com\/portal\/entre-mas-leyes-estatutos-normas-reglas-y-responsabilidades-quien-protege-al-docente\/","url_meta":{"origin":14316,"position":5},"title":"Entre m\u00e1s leyes, estatutos, normas, reglas y responsabilidades: \u00bfqui\u00e9n protege al docente?","author":"Web del Maestro CMF","date":"14 septiembre, 2025","format":false,"excerpt":"Los docentes cargan con responsabilidades desmedidas mientras se protege al alumno, quedando ellos vulnerables, desmotivados y sin respaldo suficiente.","rel":"","context":"En \u00abBienestar docente\u00bb","block_context":{"text":"Bienestar docente","link":"https:\/\/webdelmaestrocmf.com\/portal\/category\/pedagogia\/bienestar-docente\/"},"img":{"alt_text":"","src":"https:\/\/i0.wp.com\/webdelmaestrocmf.com\/portal\/wp-content\/uploads\/2025\/09\/1A-Banner-1-portada-imagen-10-1-copia-2025-09-14T201829.901.webp?resize=350%2C200&ssl=1","width":350,"height":200,"srcset":"https:\/\/i0.wp.com\/webdelmaestrocmf.com\/portal\/wp-content\/uploads\/2025\/09\/1A-Banner-1-portada-imagen-10-1-copia-2025-09-14T201829.901.webp?resize=350%2C200&ssl=1 1x, https:\/\/i0.wp.com\/webdelmaestrocmf.com\/portal\/wp-content\/uploads\/2025\/09\/1A-Banner-1-portada-imagen-10-1-copia-2025-09-14T201829.901.webp?resize=525%2C300&ssl=1 1.5x, https:\/\/i0.wp.com\/webdelmaestrocmf.com\/portal\/wp-content\/uploads\/2025\/09\/1A-Banner-1-portada-imagen-10-1-copia-2025-09-14T201829.901.webp?resize=700%2C400&ssl=1 2x"},"classes":[]}],"_links":{"self":[{"href":"https:\/\/webdelmaestrocmf.com\/portal\/wp-json\/wp\/v2\/posts\/14316","targetHints":{"allow":["GET"]}}],"collection":[{"href":"https:\/\/webdelmaestrocmf.com\/portal\/wp-json\/wp\/v2\/posts"}],"about":[{"href":"https:\/\/webdelmaestrocmf.com\/portal\/wp-json\/wp\/v2\/types\/post"}],"author":[{"embeddable":true,"href":"https:\/\/webdelmaestrocmf.com\/portal\/wp-json\/wp\/v2\/users\/1"}],"replies":[{"embeddable":true,"href":"https:\/\/webdelmaestrocmf.com\/portal\/wp-json\/wp\/v2\/comments?post=14316"}],"version-history":[{"count":0,"href":"https:\/\/webdelmaestrocmf.com\/portal\/wp-json\/wp\/v2\/posts\/14316\/revisions"}],"wp:featuredmedia":[{"embeddable":true,"href":"https:\/\/webdelmaestrocmf.com\/portal\/wp-json\/wp\/v2\/media\/14317"}],"wp:attachment":[{"href":"https:\/\/webdelmaestrocmf.com\/portal\/wp-json\/wp\/v2\/media?parent=14316"}],"wp:term":[{"taxonomy":"category","embeddable":true,"href":"https:\/\/webdelmaestrocmf.com\/portal\/wp-json\/wp\/v2\/categories?post=14316"},{"taxonomy":"post_tag","embeddable":true,"href":"https:\/\/webdelmaestrocmf.com\/portal\/wp-json\/wp\/v2\/tags?post=14316"}],"curies":[{"name":"wp","href":"https:\/\/api.w.org\/{rel}","templated":true}]}}