{"id":14172,"date":"2017-02-01T12:20:49","date_gmt":"2017-02-01T15:20:49","guid":{"rendered":"http:\/\/webdelmaestrocmf.com\/portal\/?p=14172"},"modified":"2018-12-27T00:05:15","modified_gmt":"2018-12-27T03:05:15","slug":"5-consejos-de-howard-gardner-para-madres-y-padres-en-su-educacion-2","status":"publish","type":"post","link":"https:\/\/webdelmaestrocmf.com\/portal\/5-consejos-de-howard-gardner-para-madres-y-padres-en-su-educacion-2\/","title":{"rendered":"5 CONSEJOS DE HOWARD GARDNER PARA MADRES Y PADRES EN SU EDUCACI\u00d3N"},"content":{"rendered":"<h4 style=\"text-align: justify;\"><b>Howard Gardner<\/b> (Scranton, Estados Unidos, 11 de julio 1943) es un psic\u00f3logo, investigador y profesor de la Universidad de Harvard, conocido en el \u00e1mbito cient\u00edfico por sus investigaciones en el an\u00e1lisis de las capacidades cognitivas y por haber formulado la teor\u00eda de las inteligencias m\u00faltiples, la que lo hizo acreedor al Premio Pr\u00edncipe de Asturias de Ciencias Sociales en 2011.<\/h4>\n<p><!--more--><\/p>\n<p><img loading=\"lazy\" decoding=\"async\" class=\"alignnone size-full wp-image-28397\" src=\"http:\/\/webdelmaestrocmf.com\/portal\/wp-content\/uploads\/2017\/02\/1-17.jpg\" alt=\"\" width=\"1000\" height=\"458\" srcset=\"https:\/\/webdelmaestrocmf.com\/portal\/wp-content\/uploads\/2017\/02\/1-17.jpg 1000w, https:\/\/webdelmaestrocmf.com\/portal\/wp-content\/uploads\/2017\/02\/1-17-300x137.jpg 300w, https:\/\/webdelmaestrocmf.com\/portal\/wp-content\/uploads\/2017\/02\/1-17-768x352.jpg 768w\" sizes=\"auto, (max-width: 1000px) 100vw, 1000px\" \/><\/p>\n<p>A continuaci\u00f3n mostramos en siguiente v\u00eddeo:<\/p>\n<p><iframe loading=\"lazy\" src=\"https:\/\/www.youtube.com\/embed\/GtqKS1DLE8s\" width=\"900\" height=\"400\" frameborder=\"0\" allowfullscreen=\"allowfullscreen\" data-mce-fragment=\"1\"><span data-mce-type=\"bookmark\" style=\"display: inline-block; width: 0px; overflow: hidden; line-height: 0;\" class=\"mce_SELRES_start\">\ufeff<\/span><\/iframe><\/p>\n","protected":false},"excerpt":{"rendered":"Howard Gardner (Scranton, Estados Unidos, 11 de julio 1943) es un psic\u00f3logo, investigador y profesor de la Universidad&hellip;","protected":false},"author":1,"featured_media":28396,"comment_status":"open","ping_status":"open","sticky":false,"template":"","format":"standard","meta":{"csco_display_header_overlay":false,"csco_singular_sidebar":"","csco_page_header_type":"","csco_page_load_nextpost":"","csco_post_video_location":[],"csco_post_video_location_hash":"","csco_post_video_url":"","csco_post_video_bg_start_time":0,"csco_post_video_bg_end_time":0,"csco_post_video_bg_volume":false,"_jetpack_memberships_contains_paid_content":false,"footnotes":""},"categories":[1763],"tags":[598,55,610,184],"class_list":{"0":"post-14172","1":"post","2":"type-post","3":"status-publish","4":"format-standard","5":"has-post-thumbnail","7":"category-videos","8":"tag-consejos","9":"tag-educacion","10":"tag-howard-gardner","11":"tag-padres","12":"cs-entry","13":"cs-video-wrap"},"yoast_head":"<!-- This site is optimized with the Yoast SEO plugin v27.5 - https:\/\/yoast.com\/product\/yoast-seo-wordpress\/ -->\n<title>5 CONSEJOS DE HOWARD GARDNER PARA MADRES Y PADRES EN SU EDUCACI\u00d3N<\/title>\n<meta name=\"description\" content=\"Comunidad de Maestros, Docentes y Profesores, en donde encontrar\u00e1s material, informaci\u00f3n y noticias del \u00e1mbito nacional y mundial.\" \/>\n<meta name=\"robots\" content=\"index, follow, max-snippet:-1, max-image-preview:large, max-video-preview:-1\" \/>\n<link rel=\"canonical\" href=\"https:\/\/webdelmaestrocmf.com\/portal\/5-consejos-de-howard-gardner-para-madres-y-padres-en-su-educacion-2\/\" \/>\n<meta property=\"og:locale\" content=\"es_ES\" \/>\n<meta property=\"og:type\" content=\"article\" \/>\n<meta property=\"og:title\" content=\"5 CONSEJOS DE HOWARD GARDNER PARA MADRES Y PADRES EN SU EDUCACI\u00d3N\" \/>\n<meta property=\"og:description\" content=\"Comunidad de Maestros, Docentes y Profesores, en donde encontrar\u00e1s material, informaci\u00f3n y noticias del \u00e1mbito nacional y mundial.\" \/>\n<meta property=\"og:url\" content=\"https:\/\/webdelmaestrocmf.com\/portal\/5-consejos-de-howard-gardner-para-madres-y-padres-en-su-educacion-2\/\" \/>\n<meta property=\"og:site_name\" content=\"Web del Maestro CMF\" \/>\n<meta property=\"article:publisher\" content=\"https:\/\/www.facebook.com\/WebdelMaestroCMF\/\" \/>\n<meta property=\"article:author\" content=\"https:\/\/www.facebook.com\/WebdelMaestroCMF\/\" \/>\n<meta property=\"article:published_time\" content=\"2017-02-01T15:20:49+00:00\" \/>\n<meta property=\"article:modified_time\" content=\"2018-12-27T03:05:15+00:00\" \/>\n<meta property=\"og:image\" content=\"https:\/\/i0.wp.com\/webdelmaestrocmf.com\/portal\/wp-content\/uploads\/2017\/02\/1-16.jpg?fit=1000%2C458&ssl=1\" \/>\n\t<meta property=\"og:image:width\" content=\"1000\" \/>\n\t<meta property=\"og:image:height\" content=\"458\" \/>\n\t<meta property=\"og:image:type\" content=\"image\/jpeg\" \/>\n<meta name=\"author\" content=\"Web del Maestro CMF\" \/>\n<meta name=\"twitter:card\" content=\"summary_large_image\" \/>\n<meta name=\"twitter:creator\" content=\"@cmf_w\" \/>\n<meta name=\"twitter:site\" content=\"@cmf_w\" \/>\n<script type=\"application\/ld+json\" class=\"yoast-schema-graph\">{\"@context\":\"https:\\\/\\\/schema.org\",\"@graph\":[{\"@type\":\"ScholarlyArticle\",\"@id\":\"https:\\\/\\\/webdelmaestrocmf.com\\\/portal\\\/5-consejos-de-howard-gardner-para-madres-y-padres-en-su-educacion-2\\\/#article\",\"isPartOf\":{\"@id\":\"https:\\\/\\\/webdelmaestrocmf.com\\\/portal\\\/5-consejos-de-howard-gardner-para-madres-y-padres-en-su-educacion-2\\\/\"},\"author\":{\"name\":\"Web del Maestro CMF\",\"@id\":\"https:\\\/\\\/webdelmaestrocmf.com\\\/portal\\\/#\\\/schema\\\/person\\\/1072a2ed7bd960df8ef99a551fa35dc5\"},\"headline\":\"5 CONSEJOS DE HOWARD GARDNER PARA MADRES Y PADRES EN SU EDUCACI\u00d3N\",\"datePublished\":\"2017-02-01T15:20:49+00:00\",\"dateModified\":\"2018-12-27T03:05:15+00:00\",\"mainEntityOfPage\":{\"@id\":\"https:\\\/\\\/webdelmaestrocmf.com\\\/portal\\\/5-consejos-de-howard-gardner-para-madres-y-padres-en-su-educacion-2\\\/\"},\"wordCount\":83,\"commentCount\":0,\"publisher\":{\"@id\":\"https:\\\/\\\/webdelmaestrocmf.com\\\/portal\\\/#organization\"},\"image\":{\"@id\":\"https:\\\/\\\/webdelmaestrocmf.com\\\/portal\\\/5-consejos-de-howard-gardner-para-madres-y-padres-en-su-educacion-2\\\/#primaryimage\"},\"thumbnailUrl\":\"https:\\\/\\\/webdelmaestrocmf.com\\\/portal\\\/wp-content\\\/uploads\\\/2017\\\/02\\\/1-16.jpg\",\"keywords\":[\"Consejos\",\"EDUCACI\u00d3N\",\"HOWARD GARDNER\",\"padres\"],\"articleSection\":[\"VIDEO PRACTICA DOCENTE\"],\"inLanguage\":\"es\",\"potentialAction\":[{\"@type\":\"CommentAction\",\"name\":\"Comment\",\"target\":[\"https:\\\/\\\/webdelmaestrocmf.com\\\/portal\\\/5-consejos-de-howard-gardner-para-madres-y-padres-en-su-educacion-2\\\/#respond\"]}]},{\"@type\":\"WebPage\",\"@id\":\"https:\\\/\\\/webdelmaestrocmf.com\\\/portal\\\/5-consejos-de-howard-gardner-para-madres-y-padres-en-su-educacion-2\\\/\",\"url\":\"https:\\\/\\\/webdelmaestrocmf.com\\\/portal\\\/5-consejos-de-howard-gardner-para-madres-y-padres-en-su-educacion-2\\\/\",\"name\":\"5 CONSEJOS DE HOWARD GARDNER PARA MADRES Y PADRES EN SU EDUCACI\u00d3N\",\"isPartOf\":{\"@id\":\"https:\\\/\\\/webdelmaestrocmf.com\\\/portal\\\/#website\"},\"primaryImageOfPage\":{\"@id\":\"https:\\\/\\\/webdelmaestrocmf.com\\\/portal\\\/5-consejos-de-howard-gardner-para-madres-y-padres-en-su-educacion-2\\\/#primaryimage\"},\"image\":{\"@id\":\"https:\\\/\\\/webdelmaestrocmf.com\\\/portal\\\/5-consejos-de-howard-gardner-para-madres-y-padres-en-su-educacion-2\\\/#primaryimage\"},\"thumbnailUrl\":\"https:\\\/\\\/webdelmaestrocmf.com\\\/portal\\\/wp-content\\\/uploads\\\/2017\\\/02\\\/1-16.jpg\",\"datePublished\":\"2017-02-01T15:20:49+00:00\",\"dateModified\":\"2018-12-27T03:05:15+00:00\",\"description\":\"Comunidad de Maestros, Docentes y Profesores, en donde encontrar\u00e1s material, informaci\u00f3n y noticias del \u00e1mbito nacional y mundial.\",\"breadcrumb\":{\"@id\":\"https:\\\/\\\/webdelmaestrocmf.com\\\/portal\\\/5-consejos-de-howard-gardner-para-madres-y-padres-en-su-educacion-2\\\/#breadcrumb\"},\"inLanguage\":\"es\",\"potentialAction\":[{\"@type\":\"ReadAction\",\"target\":[\"https:\\\/\\\/webdelmaestrocmf.com\\\/portal\\\/5-consejos-de-howard-gardner-para-madres-y-padres-en-su-educacion-2\\\/\"]}]},{\"@type\":\"ImageObject\",\"inLanguage\":\"es\",\"@id\":\"https:\\\/\\\/webdelmaestrocmf.com\\\/portal\\\/5-consejos-de-howard-gardner-para-madres-y-padres-en-su-educacion-2\\\/#primaryimage\",\"url\":\"https:\\\/\\\/webdelmaestrocmf.com\\\/portal\\\/wp-content\\\/uploads\\\/2017\\\/02\\\/1-16.jpg\",\"contentUrl\":\"https:\\\/\\\/webdelmaestrocmf.com\\\/portal\\\/wp-content\\\/uploads\\\/2017\\\/02\\\/1-16.jpg\",\"width\":1000,\"height\":458},{\"@type\":\"BreadcrumbList\",\"@id\":\"https:\\\/\\\/webdelmaestrocmf.com\\\/portal\\\/5-consejos-de-howard-gardner-para-madres-y-padres-en-su-educacion-2\\\/#breadcrumb\",\"itemListElement\":[{\"@type\":\"ListItem\",\"position\":1,\"name\":\"Portada\",\"item\":\"https:\\\/\\\/webdelmaestrocmf.com\\\/portal\\\/\"},{\"@type\":\"ListItem\",\"position\":2,\"name\":\"VIDEO PRACTICA DOCENTE\",\"item\":\"https:\\\/\\\/webdelmaestrocmf.com\\\/portal\\\/category\\\/videos\\\/\"},{\"@type\":\"ListItem\",\"position\":3,\"name\":\"5 CONSEJOS DE HOWARD GARDNER PARA MADRES Y PADRES EN SU EDUCACI\u00d3N\"}]},{\"@type\":\"WebSite\",\"@id\":\"https:\\\/\\\/webdelmaestrocmf.com\\\/portal\\\/#website\",\"url\":\"https:\\\/\\\/webdelmaestrocmf.com\\\/portal\\\/\",\"name\":\"Web del Maestro CMF\",\"description\":\"Maestros al servicio de la educaci\u00f3n\",\"publisher\":{\"@id\":\"https:\\\/\\\/webdelmaestrocmf.com\\\/portal\\\/#organization\"},\"alternateName\":\"WMCMF\",\"potentialAction\":[{\"@type\":\"SearchAction\",\"target\":{\"@type\":\"EntryPoint\",\"urlTemplate\":\"https:\\\/\\\/webdelmaestrocmf.com\\\/portal\\\/?s={search_term_string}\"},\"query-input\":{\"@type\":\"PropertyValueSpecification\",\"valueRequired\":true,\"valueName\":\"search_term_string\"}}],\"inLanguage\":\"es\"},{\"@type\":\"Organization\",\"@id\":\"https:\\\/\\\/webdelmaestrocmf.com\\\/portal\\\/#organization\",\"name\":\"Web del Maestro CMF\",\"alternateName\":\"WMCMF\",\"url\":\"https:\\\/\\\/webdelmaestrocmf.com\\\/portal\\\/\",\"logo\":{\"@type\":\"ImageObject\",\"inLanguage\":\"es\",\"@id\":\"https:\\\/\\\/webdelmaestrocmf.com\\\/portal\\\/#\\\/schema\\\/logo\\\/image\\\/\",\"url\":\"https:\\\/\\\/webdelmaestrocmf.com\\\/portal\\\/wp-content\\\/uploads\\\/2023\\\/01\\\/logo-wmcmf-2.png\",\"contentUrl\":\"https:\\\/\\\/webdelmaestrocmf.com\\\/portal\\\/wp-content\\\/uploads\\\/2023\\\/01\\\/logo-wmcmf-2.png\",\"width\":200,\"height\":60,\"caption\":\"Web del Maestro CMF\"},\"image\":{\"@id\":\"https:\\\/\\\/webdelmaestrocmf.com\\\/portal\\\/#\\\/schema\\\/logo\\\/image\\\/\"},\"sameAs\":[\"https:\\\/\\\/www.facebook.com\\\/WebdelMaestroCMF\\\/\",\"https:\\\/\\\/x.com\\\/cmf_w\",\"https:\\\/\\\/www.pinterest.com\\\/WMCMF\\\/\",\"https:\\\/\\\/www.linkedin.com\\\/company\\\/web-del-maestro-cmf\\\/\",\"https:\\\/\\\/www.instagram.com\\\/wmcmf\\\/\",\"https:\\\/\\\/www.youtube.com\\\/channel\\\/UCDPSvjbdodE5sHnC3OxutHw\",\"https:\\\/\\\/mastodon.social\\\/@wmcmf\",\"https:\\\/\\\/www.tiktok.com\\\/@webdelmaestrocmf\"]},{\"@type\":\"Person\",\"@id\":\"https:\\\/\\\/webdelmaestrocmf.com\\\/portal\\\/#\\\/schema\\\/person\\\/1072a2ed7bd960df8ef99a551fa35dc5\",\"name\":\"Web del Maestro CMF\",\"image\":{\"@type\":\"ImageObject\",\"inLanguage\":\"es\",\"@id\":\"https:\\\/\\\/secure.gravatar.com\\\/avatar\\\/23291dd5b5ae1077dcff3dbb04c3e02bd28403fa75af6d8787d5e97c5bbbe30b?s=96&d=mm&r=g\",\"url\":\"https:\\\/\\\/secure.gravatar.com\\\/avatar\\\/23291dd5b5ae1077dcff3dbb04c3e02bd28403fa75af6d8787d5e97c5bbbe30b?s=96&d=mm&r=g\",\"contentUrl\":\"https:\\\/\\\/secure.gravatar.com\\\/avatar\\\/23291dd5b5ae1077dcff3dbb04c3e02bd28403fa75af6d8787d5e97c5bbbe30b?s=96&d=mm&r=g\",\"caption\":\"Web del Maestro CMF\"},\"description\":\"Esta Web se cre\u00f3 sin fines de lucro, con fines educativos, cient\u00edficos y acad\u00e9micos, para personas que tengan dificultades y\\\/o inconvenientes en visualizar el material original. El objetivo es entregar recursos, compartir experiencias y materiales que ayuden a los padres de familia, maestros y estudiantes en su actualizaci\u00f3n y formaci\u00f3n permanente, en bien de la Educaci\u00f3n.\",\"sameAs\":[\"http:\\\/\\\/webdelmaestrocmf.com\\\/portal\",\"https:\\\/\\\/www.facebook.com\\\/WebdelMaestroCMF\\\/\",\"https:\\\/\\\/www.instagram.com\\\/wmcmf\\\/\",\"https:\\\/\\\/cl.linkedin.com\\\/company\\\/web-del-maestro-cmf\",\"https:\\\/\\\/www.pinterest.com\\\/WMCMF\\\/publicaciones\\\/\",\"https:\\\/\\\/x.com\\\/cmf_w\",\"https:\\\/\\\/www.youtube.com\\\/@WMCMF\"]}]}<\/script>\n<!-- \/ Yoast SEO plugin. -->","yoast_head_json":{"title":"5 CONSEJOS DE HOWARD GARDNER PARA MADRES Y PADRES EN SU EDUCACI\u00d3N","description":"Comunidad de Maestros, Docentes y Profesores, en donde encontrar\u00e1s material, informaci\u00f3n y noticias del \u00e1mbito nacional y mundial.","robots":{"index":"index","follow":"follow","max-snippet":"max-snippet:-1","max-image-preview":"max-image-preview:large","max-video-preview":"max-video-preview:-1"},"canonical":"https:\/\/webdelmaestrocmf.com\/portal\/5-consejos-de-howard-gardner-para-madres-y-padres-en-su-educacion-2\/","og_locale":"es_ES","og_type":"article","og_title":"5 CONSEJOS DE HOWARD GARDNER PARA MADRES Y PADRES EN SU EDUCACI\u00d3N","og_description":"Comunidad de Maestros, Docentes y Profesores, en donde encontrar\u00e1s material, informaci\u00f3n y noticias del \u00e1mbito nacional y mundial.","og_url":"https:\/\/webdelmaestrocmf.com\/portal\/5-consejos-de-howard-gardner-para-madres-y-padres-en-su-educacion-2\/","og_site_name":"Web del Maestro CMF","article_publisher":"https:\/\/www.facebook.com\/WebdelMaestroCMF\/","article_author":"https:\/\/www.facebook.com\/WebdelMaestroCMF\/","article_published_time":"2017-02-01T15:20:49+00:00","article_modified_time":"2018-12-27T03:05:15+00:00","og_image":[{"width":1000,"height":458,"url":"https:\/\/i0.wp.com\/webdelmaestrocmf.com\/portal\/wp-content\/uploads\/2017\/02\/1-16.jpg?fit=1000%2C458&ssl=1","type":"image\/jpeg"}],"author":"Web del Maestro CMF","twitter_card":"summary_large_image","twitter_creator":"@cmf_w","twitter_site":"@cmf_w","schema":{"@context":"https:\/\/schema.org","@graph":[{"@type":"ScholarlyArticle","@id":"https:\/\/webdelmaestrocmf.com\/portal\/5-consejos-de-howard-gardner-para-madres-y-padres-en-su-educacion-2\/#article","isPartOf":{"@id":"https:\/\/webdelmaestrocmf.com\/portal\/5-consejos-de-howard-gardner-para-madres-y-padres-en-su-educacion-2\/"},"author":{"name":"Web del Maestro CMF","@id":"https:\/\/webdelmaestrocmf.com\/portal\/#\/schema\/person\/1072a2ed7bd960df8ef99a551fa35dc5"},"headline":"5 CONSEJOS DE HOWARD GARDNER PARA MADRES Y PADRES EN SU EDUCACI\u00d3N","datePublished":"2017-02-01T15:20:49+00:00","dateModified":"2018-12-27T03:05:15+00:00","mainEntityOfPage":{"@id":"https:\/\/webdelmaestrocmf.com\/portal\/5-consejos-de-howard-gardner-para-madres-y-padres-en-su-educacion-2\/"},"wordCount":83,"commentCount":0,"publisher":{"@id":"https:\/\/webdelmaestrocmf.com\/portal\/#organization"},"image":{"@id":"https:\/\/webdelmaestrocmf.com\/portal\/5-consejos-de-howard-gardner-para-madres-y-padres-en-su-educacion-2\/#primaryimage"},"thumbnailUrl":"https:\/\/webdelmaestrocmf.com\/portal\/wp-content\/uploads\/2017\/02\/1-16.jpg","keywords":["Consejos","EDUCACI\u00d3N","HOWARD GARDNER","padres"],"articleSection":["VIDEO PRACTICA DOCENTE"],"inLanguage":"es","potentialAction":[{"@type":"CommentAction","name":"Comment","target":["https:\/\/webdelmaestrocmf.com\/portal\/5-consejos-de-howard-gardner-para-madres-y-padres-en-su-educacion-2\/#respond"]}]},{"@type":"WebPage","@id":"https:\/\/webdelmaestrocmf.com\/portal\/5-consejos-de-howard-gardner-para-madres-y-padres-en-su-educacion-2\/","url":"https:\/\/webdelmaestrocmf.com\/portal\/5-consejos-de-howard-gardner-para-madres-y-padres-en-su-educacion-2\/","name":"5 CONSEJOS DE HOWARD GARDNER PARA MADRES Y PADRES EN SU EDUCACI\u00d3N","isPartOf":{"@id":"https:\/\/webdelmaestrocmf.com\/portal\/#website"},"primaryImageOfPage":{"@id":"https:\/\/webdelmaestrocmf.com\/portal\/5-consejos-de-howard-gardner-para-madres-y-padres-en-su-educacion-2\/#primaryimage"},"image":{"@id":"https:\/\/webdelmaestrocmf.com\/portal\/5-consejos-de-howard-gardner-para-madres-y-padres-en-su-educacion-2\/#primaryimage"},"thumbnailUrl":"https:\/\/webdelmaestrocmf.com\/portal\/wp-content\/uploads\/2017\/02\/1-16.jpg","datePublished":"2017-02-01T15:20:49+00:00","dateModified":"2018-12-27T03:05:15+00:00","description":"Comunidad de Maestros, Docentes y Profesores, en donde encontrar\u00e1s material, informaci\u00f3n y noticias del \u00e1mbito nacional y mundial.","breadcrumb":{"@id":"https:\/\/webdelmaestrocmf.com\/portal\/5-consejos-de-howard-gardner-para-madres-y-padres-en-su-educacion-2\/#breadcrumb"},"inLanguage":"es","potentialAction":[{"@type":"ReadAction","target":["https:\/\/webdelmaestrocmf.com\/portal\/5-consejos-de-howard-gardner-para-madres-y-padres-en-su-educacion-2\/"]}]},{"@type":"ImageObject","inLanguage":"es","@id":"https:\/\/webdelmaestrocmf.com\/portal\/5-consejos-de-howard-gardner-para-madres-y-padres-en-su-educacion-2\/#primaryimage","url":"https:\/\/webdelmaestrocmf.com\/portal\/wp-content\/uploads\/2017\/02\/1-16.jpg","contentUrl":"https:\/\/webdelmaestrocmf.com\/portal\/wp-content\/uploads\/2017\/02\/1-16.jpg","width":1000,"height":458},{"@type":"BreadcrumbList","@id":"https:\/\/webdelmaestrocmf.com\/portal\/5-consejos-de-howard-gardner-para-madres-y-padres-en-su-educacion-2\/#breadcrumb","itemListElement":[{"@type":"ListItem","position":1,"name":"Portada","item":"https:\/\/webdelmaestrocmf.com\/portal\/"},{"@type":"ListItem","position":2,"name":"VIDEO PRACTICA DOCENTE","item":"https:\/\/webdelmaestrocmf.com\/portal\/category\/videos\/"},{"@type":"ListItem","position":3,"name":"5 CONSEJOS DE HOWARD GARDNER PARA MADRES Y PADRES EN SU EDUCACI\u00d3N"}]},{"@type":"WebSite","@id":"https:\/\/webdelmaestrocmf.com\/portal\/#website","url":"https:\/\/webdelmaestrocmf.com\/portal\/","name":"Web del Maestro CMF","description":"Maestros al servicio de la educaci\u00f3n","publisher":{"@id":"https:\/\/webdelmaestrocmf.com\/portal\/#organization"},"alternateName":"WMCMF","potentialAction":[{"@type":"SearchAction","target":{"@type":"EntryPoint","urlTemplate":"https:\/\/webdelmaestrocmf.com\/portal\/?s={search_term_string}"},"query-input":{"@type":"PropertyValueSpecification","valueRequired":true,"valueName":"search_term_string"}}],"inLanguage":"es"},{"@type":"Organization","@id":"https:\/\/webdelmaestrocmf.com\/portal\/#organization","name":"Web del Maestro CMF","alternateName":"WMCMF","url":"https:\/\/webdelmaestrocmf.com\/portal\/","logo":{"@type":"ImageObject","inLanguage":"es","@id":"https:\/\/webdelmaestrocmf.com\/portal\/#\/schema\/logo\/image\/","url":"https:\/\/webdelmaestrocmf.com\/portal\/wp-content\/uploads\/2023\/01\/logo-wmcmf-2.png","contentUrl":"https:\/\/webdelmaestrocmf.com\/portal\/wp-content\/uploads\/2023\/01\/logo-wmcmf-2.png","width":200,"height":60,"caption":"Web del Maestro CMF"},"image":{"@id":"https:\/\/webdelmaestrocmf.com\/portal\/#\/schema\/logo\/image\/"},"sameAs":["https:\/\/www.facebook.com\/WebdelMaestroCMF\/","https:\/\/x.com\/cmf_w","https:\/\/www.pinterest.com\/WMCMF\/","https:\/\/www.linkedin.com\/company\/web-del-maestro-cmf\/","https:\/\/www.instagram.com\/wmcmf\/","https:\/\/www.youtube.com\/channel\/UCDPSvjbdodE5sHnC3OxutHw","https:\/\/mastodon.social\/@wmcmf","https:\/\/www.tiktok.com\/@webdelmaestrocmf"]},{"@type":"Person","@id":"https:\/\/webdelmaestrocmf.com\/portal\/#\/schema\/person\/1072a2ed7bd960df8ef99a551fa35dc5","name":"Web del Maestro CMF","image":{"@type":"ImageObject","inLanguage":"es","@id":"https:\/\/secure.gravatar.com\/avatar\/23291dd5b5ae1077dcff3dbb04c3e02bd28403fa75af6d8787d5e97c5bbbe30b?s=96&d=mm&r=g","url":"https:\/\/secure.gravatar.com\/avatar\/23291dd5b5ae1077dcff3dbb04c3e02bd28403fa75af6d8787d5e97c5bbbe30b?s=96&d=mm&r=g","contentUrl":"https:\/\/secure.gravatar.com\/avatar\/23291dd5b5ae1077dcff3dbb04c3e02bd28403fa75af6d8787d5e97c5bbbe30b?s=96&d=mm&r=g","caption":"Web del Maestro CMF"},"description":"Esta Web se cre\u00f3 sin fines de lucro, con fines educativos, cient\u00edficos y acad\u00e9micos, para personas que tengan dificultades y\/o inconvenientes en visualizar el material original. El objetivo es entregar recursos, compartir experiencias y materiales que ayuden a los padres de familia, maestros y estudiantes en su actualizaci\u00f3n y formaci\u00f3n permanente, en bien de la Educaci\u00f3n.","sameAs":["http:\/\/webdelmaestrocmf.com\/portal","https:\/\/www.facebook.com\/WebdelMaestroCMF\/","https:\/\/www.instagram.com\/wmcmf\/","https:\/\/cl.linkedin.com\/company\/web-del-maestro-cmf","https:\/\/www.pinterest.com\/WMCMF\/publicaciones\/","https:\/\/x.com\/cmf_w","https:\/\/www.youtube.com\/@WMCMF"]}]}},"jetpack_featured_media_url":"https:\/\/webdelmaestrocmf.com\/portal\/wp-content\/uploads\/2017\/02\/1-16.jpg","jetpack_sharing_enabled":true,"jetpack-related-posts":[{"id":17077,"url":"https:\/\/webdelmaestrocmf.com\/portal\/5-consejos-howard-gardner-madres-padres-educacion-2\/","url_meta":{"origin":14172,"position":0},"title":"5 consejos de Howard Gardner para madres y padres en la educaci\u00f3n de sus hijos","author":"Web del Maestro CMF","date":"15 abril, 2019","format":false,"excerpt":"La semana pasada\u00a0el Dr. Howard Gardner, el creador de la Teor\u00eda de las Inteligencias M\u00faltiples, visitaba el Colegio Montserrat de Barcelona para hablar con alumnos y profesores durante las actividades de aula y observar\u00a0la aplicaci\u00f3n de su teor\u00eda en la pr\u00e1ctica real. Igualmente un grupo de padres y madres \u00e9ramos\u2026","rel":"","context":"En \u00abBienestar Familiar\u00bb","block_context":{"text":"Bienestar Familiar","link":"https:\/\/webdelmaestrocmf.com\/portal\/category\/pedagogia\/bienestar-familiar\/"},"img":{"alt_text":"","src":"https:\/\/i0.wp.com\/webdelmaestrocmf.com\/portal\/wp-content\/uploads\/2018\/05\/1-70.jpg?resize=350%2C200&ssl=1","width":350,"height":200,"srcset":"https:\/\/i0.wp.com\/webdelmaestrocmf.com\/portal\/wp-content\/uploads\/2018\/05\/1-70.jpg?resize=350%2C200&ssl=1 1x, https:\/\/i0.wp.com\/webdelmaestrocmf.com\/portal\/wp-content\/uploads\/2018\/05\/1-70.jpg?resize=525%2C300&ssl=1 1.5x, https:\/\/i0.wp.com\/webdelmaestrocmf.com\/portal\/wp-content\/uploads\/2018\/05\/1-70.jpg?resize=700%2C400&ssl=1 2x, https:\/\/i0.wp.com\/webdelmaestrocmf.com\/portal\/wp-content\/uploads\/2018\/05\/1-70.jpg?resize=1050%2C600&ssl=1 3x"},"classes":[]},{"id":24986,"url":"https:\/\/webdelmaestrocmf.com\/portal\/los-test-que-miden-el-coeficiente-intelectual-no-sirven\/","url_meta":{"origin":14172,"position":1},"title":"Howard Gardner: Los test que miden el coeficiente intelectual, no sirven","author":"Web del Maestro CMF","date":"8 febrero, 2022","format":false,"excerpt":"La interpretaci\u00f3n de los test de inteligencia ha cambiado mucho en las \u00faltimas d\u00e9cadas. Frente a la tradicional clasificaci\u00f3n de las personas seg\u00fan sus resultados, actualmente los psic\u00f3logos conciben la inteligencia como algo global, a lo que denominan inteligencias m\u00faltiples; una persona no es una cifra. El WISC y el\u2026","rel":"","context":"En \u00abEntrevistas\u00bb","block_context":{"text":"Entrevistas","link":"https:\/\/webdelmaestrocmf.com\/portal\/category\/noticias\/entrevistas\/"},"img":{"alt_text":"","src":"https:\/\/i0.wp.com\/webdelmaestrocmf.com\/portal\/wp-content\/uploads\/2018\/01\/2-19.jpg?resize=350%2C200&ssl=1","width":350,"height":200,"srcset":"https:\/\/i0.wp.com\/webdelmaestrocmf.com\/portal\/wp-content\/uploads\/2018\/01\/2-19.jpg?resize=350%2C200&ssl=1 1x, https:\/\/i0.wp.com\/webdelmaestrocmf.com\/portal\/wp-content\/uploads\/2018\/01\/2-19.jpg?resize=525%2C300&ssl=1 1.5x, https:\/\/i0.wp.com\/webdelmaestrocmf.com\/portal\/wp-content\/uploads\/2018\/01\/2-19.jpg?resize=700%2C400&ssl=1 2x, https:\/\/i0.wp.com\/webdelmaestrocmf.com\/portal\/wp-content\/uploads\/2018\/01\/2-19.jpg?resize=1050%2C600&ssl=1 3x"},"classes":[]},{"id":86288,"url":"https:\/\/webdelmaestrocmf.com\/portal\/inteligencias-multiples-para-el-aula-de-howard-gardner-y-thomas-armstrong\/","url_meta":{"origin":14172,"position":2},"title":"Inteligencias m\u00faltiples: H. Gardner, T. Armstrong y D. Goleman","author":"Web del Maestro CMF","date":"5 mayo, 2024","format":false,"excerpt":"En este art\u00edculo, exploraremos con detenimiento la teor\u00eda de las inteligencias m\u00faltiples, un resumen de su historia y las contribuciones de Howard Gardner. Tambi\u00e9n examinaremos las ocho tipos de inteligencias seg\u00fan su propuesta, su aplicaci\u00f3n en el aula, las aportaciones de otros expertos como Thomas Armstrong y Daniel Goleman, tambi\u00e9n\u2026","rel":"","context":"En \u00abInteligencias m\u00faltiples\u00bb","block_context":{"text":"Inteligencias m\u00faltiples","link":"https:\/\/webdelmaestrocmf.com\/portal\/category\/pedagogia\/inteligencias-multiples\/"},"img":{"alt_text":"","src":"https:\/\/i0.wp.com\/webdelmaestrocmf.com\/portal\/wp-content\/uploads\/2023\/11\/Banner-1-portada-imagen-10-1-13.jpg?resize=350%2C200&ssl=1","width":350,"height":200,"srcset":"https:\/\/i0.wp.com\/webdelmaestrocmf.com\/portal\/wp-content\/uploads\/2023\/11\/Banner-1-portada-imagen-10-1-13.jpg?resize=350%2C200&ssl=1 1x, https:\/\/i0.wp.com\/webdelmaestrocmf.com\/portal\/wp-content\/uploads\/2023\/11\/Banner-1-portada-imagen-10-1-13.jpg?resize=525%2C300&ssl=1 1.5x, https:\/\/i0.wp.com\/webdelmaestrocmf.com\/portal\/wp-content\/uploads\/2023\/11\/Banner-1-portada-imagen-10-1-13.jpg?resize=700%2C400&ssl=1 2x"},"classes":[]},{"id":25970,"url":"https:\/\/webdelmaestrocmf.com\/portal\/libro-howard-gardner-la-mente-no-escolarizada-piensan-los-ninos-deberian-ensenar-las-escuelas\/","url_meta":{"origin":14172,"position":3},"title":"Resumen del libro \u201cLa mente no escolarizada\u201d de Howard Gardner","author":"Web del Maestro CMF","date":"18 diciembre, 2019","format":false,"excerpt":"\u00bfC\u00f3mo podemos conseguir que los estudiantes se alejen del aprendizaje memor\u00edstico y alcancen una verdadera comprensi\u00f3n de aquello que se les intenta transmitir? La soluci\u00f3n al problema que presenta Howard Gardner en este libro pasa, evidentemente, por la reestructuraci\u00f3n de nuestras escuelas, pero en ning\u00fan momento desde un punto de\u2026","rel":"","context":"En \u00abLibros\u00bb","block_context":{"text":"Libros","link":"https:\/\/webdelmaestrocmf.com\/portal\/category\/pedagogia\/libros\/"},"img":{"alt_text":"","src":"https:\/\/i0.wp.com\/webdelmaestrocmf.com\/portal\/wp-content\/uploads\/2019\/07\/1-86.jpg?resize=350%2C200&ssl=1","width":350,"height":200,"srcset":"https:\/\/i0.wp.com\/webdelmaestrocmf.com\/portal\/wp-content\/uploads\/2019\/07\/1-86.jpg?resize=350%2C200&ssl=1 1x, https:\/\/i0.wp.com\/webdelmaestrocmf.com\/portal\/wp-content\/uploads\/2019\/07\/1-86.jpg?resize=525%2C300&ssl=1 1.5x, https:\/\/i0.wp.com\/webdelmaestrocmf.com\/portal\/wp-content\/uploads\/2019\/07\/1-86.jpg?resize=700%2C400&ssl=1 2x, https:\/\/i0.wp.com\/webdelmaestrocmf.com\/portal\/wp-content\/uploads\/2019\/07\/1-86.jpg?resize=1050%2C600&ssl=1 3x"},"classes":[]},{"id":36510,"url":"https:\/\/webdelmaestrocmf.com\/portal\/una-mala-persona-puede-ser-un-excelente-profesional\/","url_meta":{"origin":14172,"position":4},"title":"\u00bfUna mala persona puede ser un excelente profesional?","author":"Web del Maestro CMF","date":"6 mayo, 2019","format":false,"excerpt":"Ya lo dijo Howard Gardner cuando en una entrevista le hicieron la siguiente pregunta: \u00bfPor qu\u00e9 hay excelentes profesionales que son malas personas? Y su respuesta, fue la siguiente: Descubrimos que no los hay. En realidad, las malas personas no puedan ser profesionales excelentes. No llegan a serlo nunca. Tal\u2026","rel":"","context":"En \u00abINTER\u00c9S\u00bb","block_context":{"text":"INTER\u00c9S","link":"https:\/\/webdelmaestrocmf.com\/portal\/category\/noticias-educacion\/"},"img":{"alt_text":"","src":"https:\/\/i0.wp.com\/webdelmaestrocmf.com\/portal\/wp-content\/uploads\/2019\/05\/14.jpg?resize=350%2C200&ssl=1","width":350,"height":200,"srcset":"https:\/\/i0.wp.com\/webdelmaestrocmf.com\/portal\/wp-content\/uploads\/2019\/05\/14.jpg?resize=350%2C200&ssl=1 1x, https:\/\/i0.wp.com\/webdelmaestrocmf.com\/portal\/wp-content\/uploads\/2019\/05\/14.jpg?resize=525%2C300&ssl=1 1.5x, https:\/\/i0.wp.com\/webdelmaestrocmf.com\/portal\/wp-content\/uploads\/2019\/05\/14.jpg?resize=700%2C400&ssl=1 2x, https:\/\/i0.wp.com\/webdelmaestrocmf.com\/portal\/wp-content\/uploads\/2019\/05\/14.jpg?resize=1050%2C600&ssl=1 3x"},"classes":[]},{"id":64695,"url":"https:\/\/webdelmaestrocmf.com\/portal\/calendario-de-inteligencias-multiples-de-enero-a-diciembre\/","url_meta":{"origin":14172,"position":5},"title":"Calendario de Inteligencias M\u00faltiples de enero a diciembre","author":"Web del Maestro CMF","date":"23 mayo, 2022","format":false,"excerpt":"La\u00a0Teor\u00eda de las Inteligencias M\u00faltiples\u00a0fue ideada por el psic\u00f3logo estadounidense\u00a0Howard Gardner como contrapeso al paradigma de una inteligencia \u00fanica. Gardner propuso que la vida humana requiere del desarrollo de varios tipos de inteligencia. As\u00ed pues, Gardner no entra en contradicci\u00f3n con la definici\u00f3n cient\u00edfica de la inteligencia, como la \u00abcapacidad\u2026","rel":"","context":"En \u00abInteligencias m\u00faltiples\u00bb","block_context":{"text":"Inteligencias m\u00faltiples","link":"https:\/\/webdelmaestrocmf.com\/portal\/category\/pedagogia\/inteligencias-multiples\/"},"img":{"alt_text":"","src":"https:\/\/i0.wp.com\/webdelmaestrocmf.com\/portal\/wp-content\/uploads\/2021\/07\/1-5.jpg?resize=350%2C200&ssl=1","width":350,"height":200,"srcset":"https:\/\/i0.wp.com\/webdelmaestrocmf.com\/portal\/wp-content\/uploads\/2021\/07\/1-5.jpg?resize=350%2C200&ssl=1 1x, https:\/\/i0.wp.com\/webdelmaestrocmf.com\/portal\/wp-content\/uploads\/2021\/07\/1-5.jpg?resize=525%2C300&ssl=1 1.5x, https:\/\/i0.wp.com\/webdelmaestrocmf.com\/portal\/wp-content\/uploads\/2021\/07\/1-5.jpg?resize=700%2C400&ssl=1 2x, https:\/\/i0.wp.com\/webdelmaestrocmf.com\/portal\/wp-content\/uploads\/2021\/07\/1-5.jpg?resize=1050%2C600&ssl=1 3x"},"classes":[]}],"_links":{"self":[{"href":"https:\/\/webdelmaestrocmf.com\/portal\/wp-json\/wp\/v2\/posts\/14172","targetHints":{"allow":["GET"]}}],"collection":[{"href":"https:\/\/webdelmaestrocmf.com\/portal\/wp-json\/wp\/v2\/posts"}],"about":[{"href":"https:\/\/webdelmaestrocmf.com\/portal\/wp-json\/wp\/v2\/types\/post"}],"author":[{"embeddable":true,"href":"https:\/\/webdelmaestrocmf.com\/portal\/wp-json\/wp\/v2\/users\/1"}],"replies":[{"embeddable":true,"href":"https:\/\/webdelmaestrocmf.com\/portal\/wp-json\/wp\/v2\/comments?post=14172"}],"version-history":[{"count":0,"href":"https:\/\/webdelmaestrocmf.com\/portal\/wp-json\/wp\/v2\/posts\/14172\/revisions"}],"wp:featuredmedia":[{"embeddable":true,"href":"https:\/\/webdelmaestrocmf.com\/portal\/wp-json\/wp\/v2\/media\/28396"}],"wp:attachment":[{"href":"https:\/\/webdelmaestrocmf.com\/portal\/wp-json\/wp\/v2\/media?parent=14172"}],"wp:term":[{"taxonomy":"category","embeddable":true,"href":"https:\/\/webdelmaestrocmf.com\/portal\/wp-json\/wp\/v2\/categories?post=14172"},{"taxonomy":"post_tag","embeddable":true,"href":"https:\/\/webdelmaestrocmf.com\/portal\/wp-json\/wp\/v2\/tags?post=14172"}],"curies":[{"name":"wp","href":"https:\/\/api.w.org\/{rel}","templated":true}]}}