{"id":14071,"date":"2019-12-31T19:44:23","date_gmt":"2019-12-31T22:44:23","guid":{"rendered":"http:\/\/webdelmaestrocmf.com\/portal\/?p=14071"},"modified":"2023-10-17T23:56:07","modified_gmt":"2023-10-18T02:56:07","slug":"60-peliculas-07-recomendaciones-basadas-en-la-figura-del-docente","status":"publish","type":"post","link":"https:\/\/webdelmaestrocmf.com\/portal\/60-peliculas-07-recomendaciones-basadas-en-la-figura-del-docente\/","title":{"rendered":"Pel\u00edculas, series y documentales sobre educaci\u00f3n para docentes y estudiantes de pedagog\u00eda disponibles en Netflix y YouTube"},"content":{"rendered":"<p style=\"text-align: justify;\"><strong>Se dice que en materia de educaci\u00f3n, al igual que en otra cantidad de aspectos de la vida,\u00a0la realidad supera a la ficci\u00f3n. Lo cierto es que existen\u00a0largometrajes\u00a0que pueden aportarte una nueva perspectiva.<\/strong><\/p>\n<p><!--more--><\/p>\n<p style=\"text-align: justify;\">Netflix es la plataforma por excelencia para ver contenido audiovisual. Ha revolucionado la industria cinematogr\u00e1fica y, a\u00fan todav\u00eda, sigue haci\u00e9ndolo. En este art\u00edculo te proponemos\u00a0<strong>pel\u00edculas de \u00edndole educativa, que podr\u00e1s encontrarlas en esta plataforma, que pueden servirte tanto para entretenerte como para propon\u00e9rselas a tus alumnos<\/strong>.<\/p>\n<p style=\"text-align: justify;\">En esta ocasi\u00f3n reunimos una selecci\u00f3n de <strong>pel\u00edculas y series sobre educaci\u00f3n que encontrar\u00e1s <\/strong>f\u00e1cilmente en Netflix y YouTube para que se sumerja en un importante tema: la educaci\u00f3n.<strong> \u00a0<\/strong>\u00a1Con\u00f3celas!.<\/p>\n<p>Esperamos sus recomendaciones. Disfruten.<\/p>\n<h5><strong>Asombrosas series y pel\u00edculas de educaci\u00f3n exclusivas para docentes<\/strong><\/h5>\n<h5>1. \u00c9l me llam\u00f3 Malala<\/h5>\n<p style=\"text-align: justify;\">Documental sobre Malala Yousafzai, ganadora del premio Nobel de la Paz. La pel\u00edcula no es nada del otro mundo pero pone un gran ejemplo de una activista paquistan\u00ed que se ha convertido en una destacada defensora de la educaci\u00f3n de las ni\u00f1as en todo el mundo.<\/p>\n<p><iframe loading=\"lazy\" src=\"https:\/\/www.youtube.com\/embed\/IwqBwwz6Y_c\" width=\"100%\" height=\"400\" frameborder=\"0\" allowfullscreen=\"allowfullscreen\"><span data-mce-type=\"bookmark\" style=\"display: inline-block; width: 0px; overflow: hidden; line-height: 0;\" class=\"mce_SELRES_start\">\ufeff<\/span><\/iframe><\/p>\n<h5>2. El indomable Will Hunting<\/h5>\n<p style=\"text-align: justify;\">Poco m\u00e1s de 20 a\u00f1os hacen de esta estupenda pel\u00edcula. Will es un joven que trabaja de conserje en un Instituto Tecnol\u00f3gico pero tiene una habilidad innata para las matem\u00e1ticas. La ayuda de un psic\u00f3logo que le ayuda a llevar al m\u00e1ximo su potencial y el descubrimiento del potencial de Will por parte del profesor le hacen crecer y mejorar.<\/p>\n<p><iframe loading=\"lazy\" src=\"https:\/\/www.youtube.com\/embed\/Ua0inTzzpfM\" width=\"100%\" height=\"400\" frameborder=\"0\" allowfullscreen=\"allowfullscreen\"><span data-mce-type=\"bookmark\" style=\"display: inline-block; width: 0px; overflow: hidden; line-height: 0;\" class=\"mce_SELRES_start\">\ufeff<\/span><\/iframe><\/p>\n<h5 data-fontsize=\"30\" data-lineheight=\"40\">3. Coach Carter<\/h5>\n<p style=\"text-align: justify;\">Es frecuente encontrar a personas que centran su vida en el deporte y la anteponen a sus estudios. El entrenador Carter no es de esos: los estudios y el conocimiento est\u00e1n por encima del deportista.<\/p>\n<p><iframe loading=\"lazy\" src=\"https:\/\/www.youtube.com\/embed\/znyAnWUYf2g\" width=\"100%\" height=\"400\" frameborder=\"0\" allowfullscreen=\"allowfullscreen\"><span data-mce-type=\"bookmark\" style=\"display: inline-block; width: 0px; overflow: hidden; line-height: 0;\" class=\"mce_SELRES_start\">\ufeff<\/span><span data-mce-type=\"bookmark\" style=\"display: inline-block; width: 0px; overflow: hidden; line-height: 0;\" class=\"mce_SELRES_start\">\ufeff<\/span><\/iframe><\/p>\n<h5>4. Okja<\/h5>\n<p style=\"text-align: justify;\">El amor por los animales es algo que debe ense\u00f1arse. Y esa pel\u00edcula es el canto al amor entre una ni\u00f1a y\u00a0 Okja, un animal bastante especial que debes descubrir.<\/p>\n<p><iframe loading=\"lazy\" src=\"https:\/\/www.youtube.com\/embed\/AjCebKn4iic\" width=\"100%\" height=\"400\" frameborder=\"0\" allowfullscreen=\"allowfullscreen\"><span data-mce-type=\"bookmark\" style=\"display: inline-block; width: 0px; overflow: hidden; line-height: 0;\" class=\"mce_SELRES_start\">\ufeff<\/span><\/iframe><\/p>\n<h5>5. Juego de honor<\/h5>\n<p style=\"text-align: justify;\">Un entrenador de baloncesto de una escuela secundaria transforma a un equipo perdedor, y luego enfrenta cr\u00edticas por presionar a los atletas a darle mayor importancia a las calificaciones.<\/p>\n<p><iframe loading=\"lazy\" src=\"https:\/\/www.youtube.com\/embed\/D6n6w0UEkQs\" width=\"100%\" height=\"400\" frameborder=\"0\" allowfullscreen=\"allowfullscreen\"><span data-mce-type=\"bookmark\" style=\"display: inline-block; width: 0px; overflow: hidden; line-height: 0;\" class=\"mce_SELRES_start\">\ufeff<\/span><\/iframe><\/p>\n<h5>6. <span class=\"td-sml-current-item-title\">Rita<\/span><\/h5>\n<p style=\"text-align: justify;\"><strong>Independiente, siempre dice lo que piensa y querida entre sus estudiante<\/strong>s. As\u00ed es Rita, la profesora que protagoniza esta comedia dram\u00e1tica danesa. El contrapunto lo ponen los adultos que la rodean: la percepci\u00f3n que tienen de ella no es la misma que la de sus alumnos.<\/p>\n<p><iframe loading=\"lazy\" src=\"https:\/\/www.youtube.com\/embed\/xrqCD0L6txM\" width=\"100%\" height=\"400\" frameborder=\"0\" allowfullscreen=\"allowfullscreen\"><span data-mce-type=\"bookmark\" style=\"display: inline-block; width: 0px; overflow: hidden; line-height: 0;\" class=\"mce_SELRES_start\">\ufeff<\/span><\/iframe><\/p>\n<h5>7. ELITE<\/h5>\n<p style=\"text-align: justify;\">Tres j\u00f3venes de la clase obrera asisten a una de las escuelas privadas m\u00e1s exclusivas de Espa\u00f1a, donde el choque con los hijos de la \u00e9lite acaba en una tragedia.<\/p>\n<p style=\"text-align: justify;\">La serie sigue la vida de tres j\u00f3venes que han recibido una beca para estudiar en Las Encinas, un instituto prestigioso de\u00a0Espa\u00f1a, tras el derrumbe que sufri\u00f3 su anterior instituto. La llegada de Samuel, Nadia y Christian no ser\u00e1 nada f\u00e1cil, pues los estudiantes que se encuentran en dicho instituto no les har\u00e1n la vida sencilla. Pero entre la humillaci\u00f3n y el\u00a0acoso escolar\u00a0ocurre el asesinato de una de las estudiantes, y s\u00f3lo quedar\u00e1 por descubrir qui\u00e9n fue el asesino.<\/p>\n<p><iframe loading=\"lazy\" src=\"https:\/\/www.youtube.com\/embed\/72kTH4erwIY\" width=\"100%\" height=\"400\" frameborder=\"0\" allowfullscreen=\"allowfullscreen\"><span data-mce-type=\"bookmark\" style=\"display: inline-block; width: 0px; overflow: hidden; line-height: 0;\" class=\"mce_SELRES_start\">\ufeff<\/span><span data-mce-type=\"bookmark\" style=\"display: inline-block; width: 0px; overflow: hidden; line-height: 0;\" class=\"mce_SELRES_start\">\ufeff<\/span><\/iframe><\/p>\n<h5>8. SEX EDUCATION<\/h5>\n<p>Otis es un adolescente calificado como \u00abbicho raro\u00bb en el instituto, a lo que se le une el hecho de ser virgen. Sin embargo, este vive con su madre sex\u00f3loga, por lo que siempre ha tenido un amplio conocimiento respecto al tema.<\/p>\n<p>Todo cambia cuando sus compa\u00f1eros descubren a qu\u00e9 se dedica su madre, algo que Otis aprovecha para mostrar todo lo que sabe y mejorar su reputaci\u00f3n en la escuela, ali\u00e1ndose con Maeve, una chica inteligente pero con mala fama. As\u00ed, ambos montan una cl\u00ednica donde sus compa\u00f1eros acuden a pedir consejos sobre sus extra\u00f1os problemas.<\/p>\n<p><iframe loading=\"lazy\" src=\"https:\/\/www.youtube.com\/embed\/QRx_SKHQFhE?start=8\" width=\"100%\" height=\"400\" frameborder=\"0\" allowfullscreen=\"allowfullscreen\"><span data-mce-type=\"bookmark\" style=\"display: inline-block; width: 0px; overflow: hidden; line-height: 0;\" class=\"mce_SELRES_start\">\ufeff<\/span><\/iframe><\/p>\n<h5 style=\"text-align: justify;\">9. MERL\u00cd<\/h5>\n<p style=\"text-align: justify;\">El profesor de filosof\u00eda merl\u00ed bergeron <strong>(francesc orella)<\/strong> escoge un grupo de alumnos de bachillerato para convertirlos en los peripat\u00e9ticos del siglo XXI. Como si tratara de un nuevo arist\u00f3teles, merl\u00ed les ense\u00f1ar\u00e1 a cuestionar las cosas y a reflexionar. Pero, por su car\u00e1cter ir\u00f3nico e irritante, despierta antipat\u00edas en el instituto, porque no todos los profesores est\u00e1n dispuestos a aguantar sus man\u00edas. Ni tampoco su hijo Bruno, el alumno m\u00e1s dif\u00edcil que ha tenido jam\u00e1s y con el que intentar\u00e1 mejorar su relaci\u00f3n.<\/p>\n<p style=\"text-align: justify;\">Sus alumnos, a los que \u00e9l bautiza como<strong> \u00abperipat\u00e9ticos\u00bb,<\/strong> son un grupo muy diverso que deber\u00e1 enfrentarse todo tipo de situaciones: Pol, un repetidor que enseguida se entender\u00e1 con Merl\u00ed; Berta, una alumna que al principio no soportar\u00e1 a Merl\u00ed; Marc, un chico amigable y simp\u00e1tico, Iv\u00e1n un chico que padece\u00a0agorafobia\u00a0y no se atreve a salir de casa; Tania, una chica extrovertida y la mejor amiga de Bruno; Gerard, un chico enamoradizo que pedir\u00e1 consejos amorosos a Merl\u00ed;Joan, un chico estudioso y t\u00edmido con una familia muy estricta; M\u00f3nica, una estudiante nueva y muy madura; Oliver, otro chico nuevo y declarado gay.<\/p>\n<p style=\"text-align: justify;\">En el siguiente enlace tienes <a href=\"http:\/\/www.lavanguardia.com\/series\/20160413\/401073392208\/merli-la-sexta-recomendacion-serie-teen.html\">cinco razones para asistir a las clases de \u2018merl\u00ed\u2019 (si todav\u00eda no lo has hecho<\/a><\/p>\n<p><iframe loading=\"lazy\" src=\"https:\/\/www.youtube.com\/embed\/1Y3lAJPwhOo\" width=\"100%\" height=\"400\" frameborder=\"0\" allowfullscreen=\"allowfullscreen\"><\/iframe><\/p>\n<h5>10. ATYPICAL (ATIPICO)<\/h5>\n<p style=\"text-align: justify;\"><b>Atypical<\/b>\u00a0(At\u00edpico\u00a0en espa\u00f1ol) es una serie televisiva del g\u00e9nero\u00a0novela de aprendizaje, creada y escrita por Robia Rashid para\u00a0Netflix. Se centra en la vida del chico de 18 a\u00f1os Sam Gardner (Keir Gilchrist), quien tiene un\u00a0trastorno del espectro autista.\u00a0La primera temporada fue lanzada el 11 de agosto de 2017, constando de ocho episodios. La serie fue en su mayor\u00eda bien recibida por la cr\u00edtica. El 13 de septiembre de 2017 fue renovada para una segunda temporada que constar\u00e1 de diez episodios.<\/p>\n<p><iframe loading=\"lazy\" title=\"YouTube video player\" src=\"https:\/\/www.youtube.com\/embed\/XFHPJUhb8D0\" width=\"100%\" height=\"400\" frameborder=\"0\" allowfullscreen=\"allowfullscreen\"><span data-mce-type=\"bookmark\" style=\"display: inline-block; width: 0px; overflow: hidden; line-height: 0;\" class=\"mce_SELRES_start\">\ufeff<\/span><\/iframe><\/p>\n<p style=\"text-align: justify;\">La serie gira alrededor de la vida de Sam, un muchacho de 18 a\u00f1os diagnosticado con trastorno del espectro autista y su familia. Sam decide que es el momento de tener novia y empezar sus primeras relaciones con las chicas alentado por su psic\u00f3loga, Julia, de la que se enamora. La madre de Sam tiene que adaptarse a la nueva situaci\u00f3n, viendo como su hijo cada vez se vuelve m\u00e1s independiente. Por otro lado, Casey, la hermana de Sam, gana una beca de deportes para irse a estudiar a una Universidad de prestigio.<\/p>\n<h5 style=\"text-align: justify;\">11. POR 13 RAZONES<\/h5>\n<p style=\"text-align: justify;\">Un drama que golpea de lleno a la sociedad joven actual, en el que trata todos los conflictos a los que se enfrentan: bullying o machismo. As\u00ed como a las cuestiones sociales y de diversidad en cuanto al amor o la homosexualidad, tratados de una forma natural. Todas ellas se redondean con un tema casi tab\u00fa como el suicidio, principal protagonista con una fuerte dosis emocional en forma de cinta.<\/p>\n<p><img loading=\"lazy\" decoding=\"async\" class=\"alignnone size-full wp-image-35607\" src=\"http:\/\/webdelmaestrocmf.com\/portal\/wp-content\/uploads\/2018\/07\/1-123.jpg\" alt=\"\" width=\"960\" height=\"640\" srcset=\"https:\/\/webdelmaestrocmf.com\/portal\/wp-content\/uploads\/2018\/07\/1-123.jpg 960w, https:\/\/webdelmaestrocmf.com\/portal\/wp-content\/uploads\/2018\/07\/1-123-300x200.jpg 300w, https:\/\/webdelmaestrocmf.com\/portal\/wp-content\/uploads\/2018\/07\/1-123-768x512.jpg 768w, https:\/\/webdelmaestrocmf.com\/portal\/wp-content\/uploads\/2018\/07\/1-123-700x466.jpg 700w\" sizes=\"auto, (max-width: 960px) 100vw, 960px\" \/><\/p>\n<p style=\"text-align: justify;\">Un d\u00eda Clay Jensen, uno de estos adolescentes, llega a su casa cuando se encuentra con una misteriosa caja de zapatos sin remitente.\u00a0Intrigado, decide abrirla y se encuentra con una serie de cintas de cassette, al parecer grabadas por Hannah Baker, una compa\u00f1era de clase que se suicid\u00f3 dos semanas antes.<\/p>\n<p><iframe loading=\"lazy\" src=\"https:\/\/www.youtube.com\/embed\/MBQKtOfMReI\" width=\"100%\" height=\"400\" frameborder=\"0\" allowfullscreen=\"allowfullscreen\"><\/iframe><\/p>\n<p style=\"text-align: justify;\">Hannah escogi\u00f3 a 13 compa\u00f1eros para contarles su historia, aquellos 13 a los que culpa de lo que pas\u00f3. Gracias a unas instrucciones que dej\u00f3 en la caja, las cintas deber\u00edan llegar a todos ellos para que escucharan una verdad que ninguno quiere oir: las trece razones por las que decidi\u00f3 quitarse la vida.<\/p>\n<h5 style=\"text-align: justify;\">12. LOS CORISTAS<\/h5>\n<p style=\"text-align: justify;\">La pel\u00edcula da una explicaci\u00f3n breve de la educaci\u00f3n que se acostumbra a dar con violencia, represiones y rituales. Poco humanista para los alumnos de una instituci\u00f3n. Se da a notar como el director tiene el liderazgo de imponer normas, con el simple hecho de decir; \u201cAcci\u00f3n-Reacci\u00f3n\u201d, y d\u00e1rselas a conocer a sus docentes y alumnos.<\/p>\n<p style=\"text-align: justify;\">El nuevo prefecto de nombre Mathieu, era un profesor de m\u00fasica que no hab\u00eda tenido mucho \u00e9xito, pero se encontraba lleno de ideas para lograr su sue\u00f1o de formar un coro, de esta manera considera adecuado ense\u00f1arles m\u00fasica a un grupo de ni\u00f1os indomables.<\/p>\n<p><iframe loading=\"lazy\" src=\"https:\/\/www.youtube.com\/embed\/OVBgzo5tGp4\" width=\"100%\" height=\"400\" frameborder=\"0\" allowfullscreen=\"allowfullscreen\" data-mce-fragment=\"1\"><\/iframe><\/p>\n<p style=\"text-align: justify;\">Con mucho esfuerzo el profesor de m\u00fasica se gan\u00f3 la admiraci\u00f3n por su forma de ser, sus reglas pedag\u00f3gicas constructivistas que dejan un ejemplo del desempe\u00f1o que quiere dar y exponerle a sus alumnos y el mundo entero.<\/p>\n<h5 style=\"text-align: justify;\">13. TAN FUERTE TAN CERCA<\/h5>\n<p style=\"text-align: justify;\">Nos relata la historia de Oskar Schell, un ni\u00f1o con s\u00edndrome de asperger cuyo padre (Tom Hanks) muere en los atentados del 11 de septiembre de 2001. Entre los enseres del difunto se halla una llave que servir\u00e1 para que el peque\u00f1o descubra por qu\u00e9 su progenitor se encontraba en las Torres Gemelas. Es entonces cuando inicia un viaje por la ciudad de Nueva York en busca de personas, lugares y objetos relacionados con dicha pieza.<\/p>\n<p><iframe loading=\"lazy\" src=\"https:\/\/www.youtube.com\/embed\/2fl-uzndXFI\" width=\"100%\" height=\"400\" frameborder=\"0\" allowfullscreen=\"allowfullscreen\" data-mce-fragment=\"1\"><\/iframe><\/p>\n<p style=\"text-align: justify;\">Esta pel\u00edcula ayudar\u00e1 a los maestros, profesores y docentes a detectar las principales caracter\u00edsticas externas de una persona con s\u00edndrome de Asperger que son la falta de habilidades sociales, falta de comunicaci\u00f3n no verbal y la torpeza.<\/p>\n<h5 style=\"text-align: justify;\">14. LA EDUCACI\u00d3N PROHIBIDA<\/h5>\n<p style=\"text-align: justify;\"><strong>La Educaci\u00f3n Prohibida\u00a0<\/strong>es un documental que recorre la realidad de la educaci\u00f3n de Am\u00e9rica Latina y Espa\u00f1a.\u00a0Aqu\u00ed se exploran ideas y modelos de ense\u00f1anza. Asimismo, se plantea una propuesta de cambio en la forma de entender y vivir la educaci\u00f3n.<\/p>\n<p><iframe loading=\"lazy\" src=\"https:\/\/www.youtube.com\/embed\/3vj6wL7MYMo\" width=\"100%\" height=\"400\" frameborder=\"0\" allowfullscreen=\"allowfullscreen\"><span data-mce-type=\"bookmark\" style=\"display: inline-block; width: 0px; overflow: hidden; line-height: 0;\" class=\"mce_SELRES_start\">\ufeff<\/span><\/iframe><\/p>\n<h5 style=\"text-align: justify;\">15. EL CLUB DE LOS CINCO<\/h5>\n<p style=\"text-align: justify;\">El\u00a0<strong>Club de los Cinco<\/strong>\u00a0es un cl\u00e1sico de la historia del cine. La pel\u00edcula relata la historia de cinco alumnos muy diferentes entre s\u00ed, que son castigados y obligados \u201cocho horas con cincuenta y cuatro minutos\u201d en la Biblioteca del Colegio, con la tarea de escribir un ensayo sobre s\u00ed mismos. Esta comedia ayudar\u00e1 a identificar los diferentes estereotipos que coexisten dentro de las aulas. Una vez que los identifiques, conozcas y entiendas, aprender\u00e1s algunas lecciones aplicadas a su estilo de vida.<\/p>\n<p><iframe loading=\"lazy\" src=\"https:\/\/www.youtube.com\/embed\/4Zve-GP0jxA\" width=\"100%\" height=\"400\" frameborder=\"0\" allowfullscreen=\"allowfullscreen\"><span data-mce-type=\"bookmark\" style=\"display: inline-block; width: 0px; overflow: hidden; line-height: 0;\" class=\"mce_SELRES_start\">\ufeff<\/span><\/iframe><\/p>\n<h5 class=\"entry-title\">16. ESTRELLAS EN LA TIERRA<\/h5>\n<p id=\"taare-zameen-par-es-una-pelicula-de-la-india-que-narra-la-historia-de-un-nino-llamado-ishaan-awasthi-quien-tiene-necesidades-especiales-debido-a-dislexia-dificultad-especifica-en-el-aprendizaje-de-la\" style=\"text-align: justify;\"><strong>Taare Zameen Par<\/strong>\u00a0es una pel\u00edcula de la India que narra la historia de un ni\u00f1o llamado Ishaan Awasthi quien tiene necesidades especiales debido a dislexia (dificultad especifica en el aprendizaje de la lectura y escritura de un ni\u00f1o que no presenta ning\u00fan otro d\u00e9ficit intelectual o sensorial, y que esta sometido a un r\u00e9gimen de escolarizaci\u00f3n normal), lo cual le impide progresar en el colegio; y de Ram Nikumbh, su maestro inspirador.<\/p>\n<p><iframe loading=\"lazy\" src=\"https:\/\/www.youtube.com\/embed\/HU6o_BRnpyM\" width=\"100%\" height=\"400\" frameborder=\"0\" allowfullscreen=\"allowfullscreen\"><\/iframe><\/p>\n<p style=\"text-align: right;\"><strong>REDACCI\u00d3N WEB DEL MAESTRO CMF\u00a0<\/strong><\/p>\n\t\t<div class=\"pk-inline-posts\">\n\t\t\t\n\t\t\t<div class=\"pk-inline-posts-container pk-inline-posts-template-list\"\n\t\t\t\tdata-columns=\"1\">\n\t\t\t\t\t\t<article id=\"post-16013\" class=\"post-16013 post type-post status-publish format-standard has-post-thumbnail category-visitadas category-picologia category-pedagogia category-violencia tag-clase tag-conductas tag-desafiantes tag-estudiante tag-normas cs-entry cs-video-wrap\">\n\t\t\t<div class=\"pk-post-outer\">\n\n\t\t\t\t\t\t\t\t<div class=\"pk-post-inner\">\n\t\t\t\t\t<div class=\"entry-thumbnail\">\n\t\t\t\t\t\t<div class=\"pk-overlay pk-overlay-ratio pk-ratio-landscape\">\n\t\t\t\t\t\t\t<div class=\"pk-overlay-background\">\n\t\t\t\t\t\t\t\t<a href=\"https:\/\/webdelmaestrocmf.com\/portal\/sistemas-ayudan-ante-conductas-desafiantes-aula\/\" class=\"pk-overlay-link\">\n\t\t\t\t\t\t\t\t\t<img loading=\"lazy\" decoding=\"async\" width=\"300\" height=\"225\" src=\"https:\/\/webdelmaestrocmf.com\/portal\/wp-content\/uploads\/2022\/07\/Banner-1-portada-imagen-10-1-21-300x225.jpg\" class=\"attachment-pk-thumbnail size-pk-thumbnail wp-post-image\" alt=\"\" \/>\t\t\t\t\t\t\t\t<\/a>\n\t\t\t\t\t\t\t<\/div>\n\t\t\t\t\t\t<\/div>\n\t\t\t\t\t<\/div>\n\t\t\t\t<\/div>\n\t\t\t\t\n\t\t\t\t<div class=\"pk-post-inner\">\n\t\t\t\t\t<header>\n\t\t\t\t\t\t<h3 class=\"pk-title\"><a href=\"https:\/\/webdelmaestrocmf.com\/portal\/sistemas-ayudan-ante-conductas-desafiantes-aula\/\" rel=\"bookmark\">Sistemas que ayudan ante conductas desafiantes en el aula: descarga el libro \u201cAn\u00e1lisis funcional de la conducta\u201d<\/a><\/h3>\t\t\t\t\t<\/header><!-- .entry-header -->\n\t\t\t\t<\/div><!-- .post-inner -->\n\n\t\t\t<\/div><!-- .post-outer -->\n\t\t<\/article>\n\t\t\t<article id=\"post-66850\" class=\"post-66850 post type-post status-publish format-standard has-post-thumbnail category-peliculas category-pedagogia tag-aqui-estamos tag-escuchar tag-hermosa tag-invita tag-pelicula tag-planeta tag-tierra cs-entry cs-video-wrap\">\n\t\t\t<div class=\"pk-post-outer\">\n\n\t\t\t\t\t\t\t\t<div class=\"pk-post-inner\">\n\t\t\t\t\t<div class=\"entry-thumbnail\">\n\t\t\t\t\t\t<div class=\"pk-overlay pk-overlay-ratio pk-ratio-landscape\">\n\t\t\t\t\t\t\t<div class=\"pk-overlay-background\">\n\t\t\t\t\t\t\t\t<a href=\"https:\/\/webdelmaestrocmf.com\/portal\/aqui-estamos-una-hermosa-pelicula-que-nos-invita-a-escuchar-al-planeta-tierra\/\" class=\"pk-overlay-link\">\n\t\t\t\t\t\t\t\t\t<img loading=\"lazy\" decoding=\"async\" width=\"300\" height=\"225\" src=\"https:\/\/webdelmaestrocmf.com\/portal\/wp-content\/uploads\/2021\/08\/1a-15-300x225.jpg\" class=\"attachment-pk-thumbnail size-pk-thumbnail wp-post-image\" alt=\"\" srcset=\"https:\/\/webdelmaestrocmf.com\/portal\/wp-content\/uploads\/2021\/08\/1a-15-300x225.jpg 300w, https:\/\/webdelmaestrocmf.com\/portal\/wp-content\/uploads\/2021\/08\/1a-15-600x450.jpg 600w\" sizes=\"auto, (max-width: 300px) 100vw, 300px\" \/>\t\t\t\t\t\t\t\t<\/a>\n\t\t\t\t\t\t\t<\/div>\n\t\t\t\t\t\t<\/div>\n\t\t\t\t\t<\/div>\n\t\t\t\t<\/div>\n\t\t\t\t\n\t\t\t\t<div class=\"pk-post-inner\">\n\t\t\t\t\t<header>\n\t\t\t\t\t\t<h3 class=\"pk-title\"><a href=\"https:\/\/webdelmaestrocmf.com\/portal\/aqui-estamos-una-hermosa-pelicula-que-nos-invita-a-escuchar-al-planeta-tierra\/\" rel=\"bookmark\">\u00abAqu\u00ed estamos\u00bb, una hermosa pel\u00edcula que nos invita a escuchar al planeta Tierra | Descarga las 50 fichas para colorear en el d\u00eda de la tierra<\/a><\/h3>\t\t\t\t\t<\/header><!-- .entry-header -->\n\t\t\t\t<\/div><!-- .post-inner -->\n\n\t\t\t<\/div><!-- .post-outer -->\n\t\t<\/article>\n\t\t\t<article id=\"post-95717\" class=\"post-95717 post type-post status-publish format-video has-post-thumbnail category-charlas tag-aprendamos-juntos tag-aprendemos-juntos-2030 tag-aprender tag-aprendizaje tag-bbva tag-calificacion-por-notas tag-cerebro tag-compresion tag-descanso tag-dislexia tag-dormir tag-entrevista tag-error tag-escritura tag-fonologia tag-lectura tag-lenguaje-oral tag-matematica tag-memoria tag-neurociencia tag-neurona tag-para-sumar-por-la-educacion tag-pensamiento tag-sinapsis tag-stanislas-dehaene tag-sueno tag-tecnologia tag-videos post_format-post-format-video cs-entry cs-video-wrap\">\n\t\t\t<div class=\"pk-post-outer\">\n\n\t\t\t\t\t\t\t\t<div class=\"pk-post-inner\">\n\t\t\t\t\t<div class=\"entry-thumbnail\">\n\t\t\t\t\t\t<div class=\"pk-overlay pk-overlay-ratio pk-ratio-landscape\">\n\t\t\t\t\t\t\t<div class=\"pk-overlay-background\">\n\t\t\t\t\t\t\t\t<a href=\"https:\/\/webdelmaestrocmf.com\/portal\/stanislas-dehaene-el-mayor-talento-de-un-profesor-es-ser-capaz-de-dirigir-la-atencion-del-alumno-hacia-el-nivel-correcto\/\" class=\"pk-overlay-link\">\n\t\t\t\t\t\t\t\t\t<img loading=\"lazy\" decoding=\"async\" width=\"300\" height=\"225\" src=\"https:\/\/webdelmaestrocmf.com\/portal\/wp-content\/uploads\/2024\/02\/1AA-Banner-1-portada-imagen-10-1-copia-300x225.webp\" class=\"attachment-pk-thumbnail size-pk-thumbnail wp-post-image\" alt=\"\" \/>\t\t\t\t\t\t\t\t<\/a>\n\t\t\t\t\t\t\t<\/div>\n\t\t\t\t\t\t<\/div>\n\t\t\t\t\t<\/div>\n\t\t\t\t<\/div>\n\t\t\t\t\n\t\t\t\t<div class=\"pk-post-inner\">\n\t\t\t\t\t<header>\n\t\t\t\t\t\t<h3 class=\"pk-title\"><a href=\"https:\/\/webdelmaestrocmf.com\/portal\/stanislas-dehaene-el-mayor-talento-de-un-profesor-es-ser-capaz-de-dirigir-la-atencion-del-alumno-hacia-el-nivel-correcto\/\" rel=\"bookmark\">Stanislas Dehaene: El mayor talento de un profesor es ser capaz de dirigir la atenci\u00f3n del alumno, hacia el nivel correcto<\/a><\/h3>\t\t\t\t\t<\/header><!-- .entry-header -->\n\t\t\t\t<\/div><!-- .post-inner -->\n\n\t\t\t<\/div><!-- .post-outer -->\n\t\t<\/article>\n\t\t\t\t<\/div>\n\t\t<\/div>\n\t\t\n","protected":false},"excerpt":{"rendered":"Se dice que en materia de educaci\u00f3n, al igual que en otra cantidad de aspectos de la vida,\u00a0la&hellip;","protected":false},"author":1,"featured_media":35607,"comment_status":"open","ping_status":"open","sticky":false,"template":"","format":"video","meta":{"csco_display_header_overlay":false,"csco_singular_sidebar":"default","csco_page_header_type":"default","csco_page_load_nextpost":"default","csco_post_video_location":[],"csco_post_video_location_hash":"","csco_post_video_url":"","csco_post_video_bg_start_time":0,"csco_post_video_bg_end_time":0,"csco_post_video_bg_volume":false,"_jetpack_memberships_contains_paid_content":false,"footnotes":""},"categories":[139,644,735],"tags":[58,3650,55,96,4715,1589,1756,4814,578],"class_list":{"0":"post-14071","1":"post","2":"type-post","3":"status-publish","4":"format-video","5":"has-post-thumbnail","7":"category-visitadas","8":"category-peliculas","9":"category-pedagogia","10":"tag-docentes","11":"tag-documentales","12":"tag-educacion","13":"tag-estudiantes","14":"tag-netflix","15":"tag-pedagogia","16":"tag-pelicula","17":"tag-series","18":"tag-youtube","19":"post_format-post-format-video","20":"cs-entry","21":"cs-video-wrap"},"yoast_head":"<!-- This site is optimized with the Yoast SEO plugin v27.5 - https:\/\/yoast.com\/product\/yoast-seo-wordpress\/ -->\n<title>Pel\u00edculas, series y documentales sobre educaci\u00f3n para docentes<\/title>\n<meta name=\"description\" content=\"Se dice que en materia de educaci\u00f3n, al igual que en otra cantidad de aspectos de la vida,\u00a0la realidad supera a la ficci\u00f3n.\" \/>\n<meta name=\"robots\" content=\"index, follow, max-snippet:-1, max-image-preview:large, max-video-preview:-1\" \/>\n<link rel=\"canonical\" href=\"https:\/\/webdelmaestrocmf.com\/portal\/60-peliculas-07-recomendaciones-basadas-en-la-figura-del-docente\/\" \/>\n<meta property=\"og:locale\" content=\"es_ES\" \/>\n<meta property=\"og:type\" content=\"article\" \/>\n<meta property=\"og:title\" content=\"Pel\u00edculas, series y documentales sobre educaci\u00f3n para docentes\" \/>\n<meta property=\"og:description\" content=\"Se dice que en materia de educaci\u00f3n, al igual que en otra cantidad de aspectos de la vida,\u00a0la realidad supera a la ficci\u00f3n.\" \/>\n<meta property=\"og:url\" content=\"https:\/\/webdelmaestrocmf.com\/portal\/60-peliculas-07-recomendaciones-basadas-en-la-figura-del-docente\/\" \/>\n<meta property=\"og:site_name\" content=\"Web del Maestro CMF\" \/>\n<meta property=\"article:publisher\" content=\"https:\/\/www.facebook.com\/WebdelMaestroCMF\/\" \/>\n<meta property=\"article:author\" content=\"https:\/\/www.facebook.com\/WebdelMaestroCMF\/\" \/>\n<meta property=\"article:published_time\" content=\"2019-12-31T22:44:23+00:00\" \/>\n<meta property=\"article:modified_time\" content=\"2023-10-18T02:56:07+00:00\" \/>\n<meta property=\"og:image\" content=\"https:\/\/webdelmaestrocmf.com\/portal\/wp-content\/uploads\/2018\/07\/1-123.jpg\" \/>\n\t<meta property=\"og:image:width\" content=\"960\" \/>\n\t<meta property=\"og:image:height\" content=\"640\" \/>\n\t<meta property=\"og:image:type\" content=\"image\/jpeg\" \/>\n<meta name=\"author\" content=\"Web del Maestro CMF\" \/>\n<meta name=\"twitter:card\" content=\"summary_large_image\" \/>\n<meta name=\"twitter:creator\" content=\"@cmf_w\" \/>\n<meta name=\"twitter:site\" content=\"@cmf_w\" \/>\n<script type=\"application\/ld+json\" class=\"yoast-schema-graph\">{\"@context\":\"https:\\\/\\\/schema.org\",\"@graph\":[{\"@type\":\"ScholarlyArticle\",\"@id\":\"https:\\\/\\\/webdelmaestrocmf.com\\\/portal\\\/60-peliculas-07-recomendaciones-basadas-en-la-figura-del-docente\\\/#article\",\"isPartOf\":{\"@id\":\"https:\\\/\\\/webdelmaestrocmf.com\\\/portal\\\/60-peliculas-07-recomendaciones-basadas-en-la-figura-del-docente\\\/\"},\"author\":{\"name\":\"Web del Maestro CMF\",\"@id\":\"https:\\\/\\\/webdelmaestrocmf.com\\\/portal\\\/#\\\/schema\\\/person\\\/1072a2ed7bd960df8ef99a551fa35dc5\"},\"headline\":\"Pel\u00edculas, series y documentales sobre educaci\u00f3n para docentes y estudiantes de pedagog\u00eda disponibles en Netflix y YouTube\",\"datePublished\":\"2019-12-31T22:44:23+00:00\",\"dateModified\":\"2023-10-18T02:56:07+00:00\",\"mainEntityOfPage\":{\"@id\":\"https:\\\/\\\/webdelmaestrocmf.com\\\/portal\\\/60-peliculas-07-recomendaciones-basadas-en-la-figura-del-docente\\\/\"},\"wordCount\":1780,\"commentCount\":2,\"publisher\":{\"@id\":\"https:\\\/\\\/webdelmaestrocmf.com\\\/portal\\\/#organization\"},\"image\":{\"@id\":\"https:\\\/\\\/webdelmaestrocmf.com\\\/portal\\\/60-peliculas-07-recomendaciones-basadas-en-la-figura-del-docente\\\/#primaryimage\"},\"thumbnailUrl\":\"https:\\\/\\\/webdelmaestrocmf.com\\\/portal\\\/wp-content\\\/uploads\\\/2018\\\/07\\\/1-123.jpg\",\"keywords\":[\"DOCENTES\",\"DOCUMENTALES\",\"EDUCACI\u00d3N\",\"estudiantes\",\"NETFLIX\",\"PEDAGOG\u00cdA\",\"Pelicula\",\"series\",\"YOUTUBE\"],\"articleSection\":[\"Las m\u00e1s vistas\",\"Pel\u00edculas\",\"Recursos\"],\"inLanguage\":\"es\",\"potentialAction\":[{\"@type\":\"CommentAction\",\"name\":\"Comment\",\"target\":[\"https:\\\/\\\/webdelmaestrocmf.com\\\/portal\\\/60-peliculas-07-recomendaciones-basadas-en-la-figura-del-docente\\\/#respond\"]}]},{\"@type\":\"WebPage\",\"@id\":\"https:\\\/\\\/webdelmaestrocmf.com\\\/portal\\\/60-peliculas-07-recomendaciones-basadas-en-la-figura-del-docente\\\/\",\"url\":\"https:\\\/\\\/webdelmaestrocmf.com\\\/portal\\\/60-peliculas-07-recomendaciones-basadas-en-la-figura-del-docente\\\/\",\"name\":\"Pel\u00edculas, series y documentales sobre educaci\u00f3n para docentes\",\"isPartOf\":{\"@id\":\"https:\\\/\\\/webdelmaestrocmf.com\\\/portal\\\/#website\"},\"primaryImageOfPage\":{\"@id\":\"https:\\\/\\\/webdelmaestrocmf.com\\\/portal\\\/60-peliculas-07-recomendaciones-basadas-en-la-figura-del-docente\\\/#primaryimage\"},\"image\":{\"@id\":\"https:\\\/\\\/webdelmaestrocmf.com\\\/portal\\\/60-peliculas-07-recomendaciones-basadas-en-la-figura-del-docente\\\/#primaryimage\"},\"thumbnailUrl\":\"https:\\\/\\\/webdelmaestrocmf.com\\\/portal\\\/wp-content\\\/uploads\\\/2018\\\/07\\\/1-123.jpg\",\"datePublished\":\"2019-12-31T22:44:23+00:00\",\"dateModified\":\"2023-10-18T02:56:07+00:00\",\"description\":\"Se dice que en materia de educaci\u00f3n, al igual que en otra cantidad de aspectos de la vida,\u00a0la realidad supera a la ficci\u00f3n.\",\"breadcrumb\":{\"@id\":\"https:\\\/\\\/webdelmaestrocmf.com\\\/portal\\\/60-peliculas-07-recomendaciones-basadas-en-la-figura-del-docente\\\/#breadcrumb\"},\"inLanguage\":\"es\",\"potentialAction\":[{\"@type\":\"ReadAction\",\"target\":[\"https:\\\/\\\/webdelmaestrocmf.com\\\/portal\\\/60-peliculas-07-recomendaciones-basadas-en-la-figura-del-docente\\\/\"]}]},{\"@type\":\"ImageObject\",\"inLanguage\":\"es\",\"@id\":\"https:\\\/\\\/webdelmaestrocmf.com\\\/portal\\\/60-peliculas-07-recomendaciones-basadas-en-la-figura-del-docente\\\/#primaryimage\",\"url\":\"https:\\\/\\\/webdelmaestrocmf.com\\\/portal\\\/wp-content\\\/uploads\\\/2018\\\/07\\\/1-123.jpg\",\"contentUrl\":\"https:\\\/\\\/webdelmaestrocmf.com\\\/portal\\\/wp-content\\\/uploads\\\/2018\\\/07\\\/1-123.jpg\",\"width\":960,\"height\":640},{\"@type\":\"BreadcrumbList\",\"@id\":\"https:\\\/\\\/webdelmaestrocmf.com\\\/portal\\\/60-peliculas-07-recomendaciones-basadas-en-la-figura-del-docente\\\/#breadcrumb\",\"itemListElement\":[{\"@type\":\"ListItem\",\"position\":1,\"name\":\"Portada\",\"item\":\"https:\\\/\\\/webdelmaestrocmf.com\\\/portal\\\/\"},{\"@type\":\"ListItem\",\"position\":2,\"name\":\"Recursos\",\"item\":\"https:\\\/\\\/webdelmaestrocmf.com\\\/portal\\\/category\\\/pedagogia\\\/\"},{\"@type\":\"ListItem\",\"position\":3,\"name\":\"Pel\u00edculas, series y documentales sobre educaci\u00f3n para docentes y estudiantes de pedagog\u00eda disponibles en Netflix y YouTube\"}]},{\"@type\":\"WebSite\",\"@id\":\"https:\\\/\\\/webdelmaestrocmf.com\\\/portal\\\/#website\",\"url\":\"https:\\\/\\\/webdelmaestrocmf.com\\\/portal\\\/\",\"name\":\"Web del Maestro CMF\",\"description\":\"Maestros al servicio de la educaci\u00f3n\",\"publisher\":{\"@id\":\"https:\\\/\\\/webdelmaestrocmf.com\\\/portal\\\/#organization\"},\"alternateName\":\"WMCMF\",\"potentialAction\":[{\"@type\":\"SearchAction\",\"target\":{\"@type\":\"EntryPoint\",\"urlTemplate\":\"https:\\\/\\\/webdelmaestrocmf.com\\\/portal\\\/?s={search_term_string}\"},\"query-input\":{\"@type\":\"PropertyValueSpecification\",\"valueRequired\":true,\"valueName\":\"search_term_string\"}}],\"inLanguage\":\"es\"},{\"@type\":\"Organization\",\"@id\":\"https:\\\/\\\/webdelmaestrocmf.com\\\/portal\\\/#organization\",\"name\":\"Web del Maestro CMF\",\"alternateName\":\"WMCMF\",\"url\":\"https:\\\/\\\/webdelmaestrocmf.com\\\/portal\\\/\",\"logo\":{\"@type\":\"ImageObject\",\"inLanguage\":\"es\",\"@id\":\"https:\\\/\\\/webdelmaestrocmf.com\\\/portal\\\/#\\\/schema\\\/logo\\\/image\\\/\",\"url\":\"https:\\\/\\\/webdelmaestrocmf.com\\\/portal\\\/wp-content\\\/uploads\\\/2023\\\/01\\\/logo-wmcmf-2.png\",\"contentUrl\":\"https:\\\/\\\/webdelmaestrocmf.com\\\/portal\\\/wp-content\\\/uploads\\\/2023\\\/01\\\/logo-wmcmf-2.png\",\"width\":200,\"height\":60,\"caption\":\"Web del Maestro CMF\"},\"image\":{\"@id\":\"https:\\\/\\\/webdelmaestrocmf.com\\\/portal\\\/#\\\/schema\\\/logo\\\/image\\\/\"},\"sameAs\":[\"https:\\\/\\\/www.facebook.com\\\/WebdelMaestroCMF\\\/\",\"https:\\\/\\\/x.com\\\/cmf_w\",\"https:\\\/\\\/www.pinterest.com\\\/WMCMF\\\/\",\"https:\\\/\\\/www.linkedin.com\\\/company\\\/web-del-maestro-cmf\\\/\",\"https:\\\/\\\/www.instagram.com\\\/wmcmf\\\/\",\"https:\\\/\\\/www.youtube.com\\\/channel\\\/UCDPSvjbdodE5sHnC3OxutHw\",\"https:\\\/\\\/mastodon.social\\\/@wmcmf\",\"https:\\\/\\\/www.tiktok.com\\\/@webdelmaestrocmf\"]},{\"@type\":\"Person\",\"@id\":\"https:\\\/\\\/webdelmaestrocmf.com\\\/portal\\\/#\\\/schema\\\/person\\\/1072a2ed7bd960df8ef99a551fa35dc5\",\"name\":\"Web del Maestro CMF\",\"image\":{\"@type\":\"ImageObject\",\"inLanguage\":\"es\",\"@id\":\"https:\\\/\\\/secure.gravatar.com\\\/avatar\\\/23291dd5b5ae1077dcff3dbb04c3e02bd28403fa75af6d8787d5e97c5bbbe30b?s=96&d=mm&r=g\",\"url\":\"https:\\\/\\\/secure.gravatar.com\\\/avatar\\\/23291dd5b5ae1077dcff3dbb04c3e02bd28403fa75af6d8787d5e97c5bbbe30b?s=96&d=mm&r=g\",\"contentUrl\":\"https:\\\/\\\/secure.gravatar.com\\\/avatar\\\/23291dd5b5ae1077dcff3dbb04c3e02bd28403fa75af6d8787d5e97c5bbbe30b?s=96&d=mm&r=g\",\"caption\":\"Web del Maestro CMF\"},\"description\":\"Esta Web se cre\u00f3 sin fines de lucro, con fines educativos, cient\u00edficos y acad\u00e9micos, para personas que tengan dificultades y\\\/o inconvenientes en visualizar el material original. El objetivo es entregar recursos, compartir experiencias y materiales que ayuden a los padres de familia, maestros y estudiantes en su actualizaci\u00f3n y formaci\u00f3n permanente, en bien de la Educaci\u00f3n.\",\"sameAs\":[\"http:\\\/\\\/webdelmaestrocmf.com\\\/portal\",\"https:\\\/\\\/www.facebook.com\\\/WebdelMaestroCMF\\\/\",\"https:\\\/\\\/www.instagram.com\\\/wmcmf\\\/\",\"https:\\\/\\\/cl.linkedin.com\\\/company\\\/web-del-maestro-cmf\",\"https:\\\/\\\/www.pinterest.com\\\/WMCMF\\\/publicaciones\\\/\",\"https:\\\/\\\/x.com\\\/cmf_w\",\"https:\\\/\\\/www.youtube.com\\\/@WMCMF\"]}]}<\/script>\n<!-- \/ Yoast SEO plugin. -->","yoast_head_json":{"title":"Pel\u00edculas, series y documentales sobre educaci\u00f3n para docentes","description":"Se dice que en materia de educaci\u00f3n, al igual que en otra cantidad de aspectos de la vida,\u00a0la realidad supera a la ficci\u00f3n.","robots":{"index":"index","follow":"follow","max-snippet":"max-snippet:-1","max-image-preview":"max-image-preview:large","max-video-preview":"max-video-preview:-1"},"canonical":"https:\/\/webdelmaestrocmf.com\/portal\/60-peliculas-07-recomendaciones-basadas-en-la-figura-del-docente\/","og_locale":"es_ES","og_type":"article","og_title":"Pel\u00edculas, series y documentales sobre educaci\u00f3n para docentes","og_description":"Se dice que en materia de educaci\u00f3n, al igual que en otra cantidad de aspectos de la vida,\u00a0la realidad supera a la ficci\u00f3n.","og_url":"https:\/\/webdelmaestrocmf.com\/portal\/60-peliculas-07-recomendaciones-basadas-en-la-figura-del-docente\/","og_site_name":"Web del Maestro CMF","article_publisher":"https:\/\/www.facebook.com\/WebdelMaestroCMF\/","article_author":"https:\/\/www.facebook.com\/WebdelMaestroCMF\/","article_published_time":"2019-12-31T22:44:23+00:00","article_modified_time":"2023-10-18T02:56:07+00:00","og_image":[{"width":960,"height":640,"url":"https:\/\/webdelmaestrocmf.com\/portal\/wp-content\/uploads\/2018\/07\/1-123.jpg","type":"image\/jpeg"}],"author":"Web del Maestro CMF","twitter_card":"summary_large_image","twitter_creator":"@cmf_w","twitter_site":"@cmf_w","schema":{"@context":"https:\/\/schema.org","@graph":[{"@type":"ScholarlyArticle","@id":"https:\/\/webdelmaestrocmf.com\/portal\/60-peliculas-07-recomendaciones-basadas-en-la-figura-del-docente\/#article","isPartOf":{"@id":"https:\/\/webdelmaestrocmf.com\/portal\/60-peliculas-07-recomendaciones-basadas-en-la-figura-del-docente\/"},"author":{"name":"Web del Maestro CMF","@id":"https:\/\/webdelmaestrocmf.com\/portal\/#\/schema\/person\/1072a2ed7bd960df8ef99a551fa35dc5"},"headline":"Pel\u00edculas, series y documentales sobre educaci\u00f3n para docentes y estudiantes de pedagog\u00eda disponibles en Netflix y YouTube","datePublished":"2019-12-31T22:44:23+00:00","dateModified":"2023-10-18T02:56:07+00:00","mainEntityOfPage":{"@id":"https:\/\/webdelmaestrocmf.com\/portal\/60-peliculas-07-recomendaciones-basadas-en-la-figura-del-docente\/"},"wordCount":1780,"commentCount":2,"publisher":{"@id":"https:\/\/webdelmaestrocmf.com\/portal\/#organization"},"image":{"@id":"https:\/\/webdelmaestrocmf.com\/portal\/60-peliculas-07-recomendaciones-basadas-en-la-figura-del-docente\/#primaryimage"},"thumbnailUrl":"https:\/\/webdelmaestrocmf.com\/portal\/wp-content\/uploads\/2018\/07\/1-123.jpg","keywords":["DOCENTES","DOCUMENTALES","EDUCACI\u00d3N","estudiantes","NETFLIX","PEDAGOG\u00cdA","Pelicula","series","YOUTUBE"],"articleSection":["Las m\u00e1s vistas","Pel\u00edculas","Recursos"],"inLanguage":"es","potentialAction":[{"@type":"CommentAction","name":"Comment","target":["https:\/\/webdelmaestrocmf.com\/portal\/60-peliculas-07-recomendaciones-basadas-en-la-figura-del-docente\/#respond"]}]},{"@type":"WebPage","@id":"https:\/\/webdelmaestrocmf.com\/portal\/60-peliculas-07-recomendaciones-basadas-en-la-figura-del-docente\/","url":"https:\/\/webdelmaestrocmf.com\/portal\/60-peliculas-07-recomendaciones-basadas-en-la-figura-del-docente\/","name":"Pel\u00edculas, series y documentales sobre educaci\u00f3n para docentes","isPartOf":{"@id":"https:\/\/webdelmaestrocmf.com\/portal\/#website"},"primaryImageOfPage":{"@id":"https:\/\/webdelmaestrocmf.com\/portal\/60-peliculas-07-recomendaciones-basadas-en-la-figura-del-docente\/#primaryimage"},"image":{"@id":"https:\/\/webdelmaestrocmf.com\/portal\/60-peliculas-07-recomendaciones-basadas-en-la-figura-del-docente\/#primaryimage"},"thumbnailUrl":"https:\/\/webdelmaestrocmf.com\/portal\/wp-content\/uploads\/2018\/07\/1-123.jpg","datePublished":"2019-12-31T22:44:23+00:00","dateModified":"2023-10-18T02:56:07+00:00","description":"Se dice que en materia de educaci\u00f3n, al igual que en otra cantidad de aspectos de la vida,\u00a0la realidad supera a la ficci\u00f3n.","breadcrumb":{"@id":"https:\/\/webdelmaestrocmf.com\/portal\/60-peliculas-07-recomendaciones-basadas-en-la-figura-del-docente\/#breadcrumb"},"inLanguage":"es","potentialAction":[{"@type":"ReadAction","target":["https:\/\/webdelmaestrocmf.com\/portal\/60-peliculas-07-recomendaciones-basadas-en-la-figura-del-docente\/"]}]},{"@type":"ImageObject","inLanguage":"es","@id":"https:\/\/webdelmaestrocmf.com\/portal\/60-peliculas-07-recomendaciones-basadas-en-la-figura-del-docente\/#primaryimage","url":"https:\/\/webdelmaestrocmf.com\/portal\/wp-content\/uploads\/2018\/07\/1-123.jpg","contentUrl":"https:\/\/webdelmaestrocmf.com\/portal\/wp-content\/uploads\/2018\/07\/1-123.jpg","width":960,"height":640},{"@type":"BreadcrumbList","@id":"https:\/\/webdelmaestrocmf.com\/portal\/60-peliculas-07-recomendaciones-basadas-en-la-figura-del-docente\/#breadcrumb","itemListElement":[{"@type":"ListItem","position":1,"name":"Portada","item":"https:\/\/webdelmaestrocmf.com\/portal\/"},{"@type":"ListItem","position":2,"name":"Recursos","item":"https:\/\/webdelmaestrocmf.com\/portal\/category\/pedagogia\/"},{"@type":"ListItem","position":3,"name":"Pel\u00edculas, series y documentales sobre educaci\u00f3n para docentes y estudiantes de pedagog\u00eda disponibles en Netflix y YouTube"}]},{"@type":"WebSite","@id":"https:\/\/webdelmaestrocmf.com\/portal\/#website","url":"https:\/\/webdelmaestrocmf.com\/portal\/","name":"Web del Maestro CMF","description":"Maestros al servicio de la educaci\u00f3n","publisher":{"@id":"https:\/\/webdelmaestrocmf.com\/portal\/#organization"},"alternateName":"WMCMF","potentialAction":[{"@type":"SearchAction","target":{"@type":"EntryPoint","urlTemplate":"https:\/\/webdelmaestrocmf.com\/portal\/?s={search_term_string}"},"query-input":{"@type":"PropertyValueSpecification","valueRequired":true,"valueName":"search_term_string"}}],"inLanguage":"es"},{"@type":"Organization","@id":"https:\/\/webdelmaestrocmf.com\/portal\/#organization","name":"Web del Maestro CMF","alternateName":"WMCMF","url":"https:\/\/webdelmaestrocmf.com\/portal\/","logo":{"@type":"ImageObject","inLanguage":"es","@id":"https:\/\/webdelmaestrocmf.com\/portal\/#\/schema\/logo\/image\/","url":"https:\/\/webdelmaestrocmf.com\/portal\/wp-content\/uploads\/2023\/01\/logo-wmcmf-2.png","contentUrl":"https:\/\/webdelmaestrocmf.com\/portal\/wp-content\/uploads\/2023\/01\/logo-wmcmf-2.png","width":200,"height":60,"caption":"Web del Maestro CMF"},"image":{"@id":"https:\/\/webdelmaestrocmf.com\/portal\/#\/schema\/logo\/image\/"},"sameAs":["https:\/\/www.facebook.com\/WebdelMaestroCMF\/","https:\/\/x.com\/cmf_w","https:\/\/www.pinterest.com\/WMCMF\/","https:\/\/www.linkedin.com\/company\/web-del-maestro-cmf\/","https:\/\/www.instagram.com\/wmcmf\/","https:\/\/www.youtube.com\/channel\/UCDPSvjbdodE5sHnC3OxutHw","https:\/\/mastodon.social\/@wmcmf","https:\/\/www.tiktok.com\/@webdelmaestrocmf"]},{"@type":"Person","@id":"https:\/\/webdelmaestrocmf.com\/portal\/#\/schema\/person\/1072a2ed7bd960df8ef99a551fa35dc5","name":"Web del Maestro CMF","image":{"@type":"ImageObject","inLanguage":"es","@id":"https:\/\/secure.gravatar.com\/avatar\/23291dd5b5ae1077dcff3dbb04c3e02bd28403fa75af6d8787d5e97c5bbbe30b?s=96&d=mm&r=g","url":"https:\/\/secure.gravatar.com\/avatar\/23291dd5b5ae1077dcff3dbb04c3e02bd28403fa75af6d8787d5e97c5bbbe30b?s=96&d=mm&r=g","contentUrl":"https:\/\/secure.gravatar.com\/avatar\/23291dd5b5ae1077dcff3dbb04c3e02bd28403fa75af6d8787d5e97c5bbbe30b?s=96&d=mm&r=g","caption":"Web del Maestro CMF"},"description":"Esta Web se cre\u00f3 sin fines de lucro, con fines educativos, cient\u00edficos y acad\u00e9micos, para personas que tengan dificultades y\/o inconvenientes en visualizar el material original. El objetivo es entregar recursos, compartir experiencias y materiales que ayuden a los padres de familia, maestros y estudiantes en su actualizaci\u00f3n y formaci\u00f3n permanente, en bien de la Educaci\u00f3n.","sameAs":["http:\/\/webdelmaestrocmf.com\/portal","https:\/\/www.facebook.com\/WebdelMaestroCMF\/","https:\/\/www.instagram.com\/wmcmf\/","https:\/\/cl.linkedin.com\/company\/web-del-maestro-cmf","https:\/\/www.pinterest.com\/WMCMF\/publicaciones\/","https:\/\/x.com\/cmf_w","https:\/\/www.youtube.com\/@WMCMF"]}]}},"jetpack_featured_media_url":"https:\/\/webdelmaestrocmf.com\/portal\/wp-content\/uploads\/2018\/07\/1-123.jpg","jetpack_sharing_enabled":true,"jetpack-related-posts":[{"id":101714,"url":"https:\/\/webdelmaestrocmf.com\/portal\/peliculas-para-docentes-en-estas-vacaciones\/","url_meta":{"origin":14071,"position":0},"title":"Pel\u00edculas recomendadas para docentes en vacaciones","author":"Web del Maestro CMF","date":"15 diciembre, 2023","format":false,"excerpt":"En estas vacaciones, los docentes pueden encontrar inspiraci\u00f3n y reflexi\u00f3n en pel\u00edculas que exploran temas fundamentales como el amor familiar, el sacrificio, el talento, la vocaci\u00f3n docente, la importancia de la educaci\u00f3n, la pobreza, la discriminaci\u00f3n, la corrupci\u00f3n y el abuso de poder. A continuaci\u00f3n, presentamos una selecci\u00f3n de pel\u00edculas\u2026","rel":"","context":"En \u00abPel\u00edculas\u00bb","block_context":{"text":"Pel\u00edculas","link":"https:\/\/webdelmaestrocmf.com\/portal\/category\/pedagogia\/peliculas\/"},"img":{"alt_text":"","src":"https:\/\/i0.wp.com\/webdelmaestrocmf.com\/portal\/wp-content\/uploads\/2023\/12\/Banner-1-portada-imagen-10-1-17.jpg?resize=350%2C200&ssl=1","width":350,"height":200,"srcset":"https:\/\/i0.wp.com\/webdelmaestrocmf.com\/portal\/wp-content\/uploads\/2023\/12\/Banner-1-portada-imagen-10-1-17.jpg?resize=350%2C200&ssl=1 1x, https:\/\/i0.wp.com\/webdelmaestrocmf.com\/portal\/wp-content\/uploads\/2023\/12\/Banner-1-portada-imagen-10-1-17.jpg?resize=525%2C300&ssl=1 1.5x, https:\/\/i0.wp.com\/webdelmaestrocmf.com\/portal\/wp-content\/uploads\/2023\/12\/Banner-1-portada-imagen-10-1-17.jpg?resize=700%2C400&ssl=1 2x"},"classes":[]},{"id":48625,"url":"https:\/\/webdelmaestrocmf.com\/portal\/series-que-le-ayudaran-abordar-temas-importantes-como-el-feminismo-creatividad-sexualidad-salud-mental-e-identidad\/","url_meta":{"origin":14071,"position":1},"title":"Series que le ayudar\u00e1n abordar temas importantes como el feminismo, creatividad, sexualidad, salud mental e identidad","author":"Web del Maestro CMF","date":"3 julio, 2020","format":"video","excerpt":"Los diversos modelos educativos alrededor del mundo, la importancia de motivar a los alumnos en temas sobre la creatividad, o los avances de la neurociencia relacionados con la educaci\u00f3n, el feminismo, la salud mental y la identidad son algunos de los protagonistas de esta variedad de pel\u00edculas, documentales y series\u2026","rel":"","context":"En \u00abPel\u00edculas\u00bb","block_context":{"text":"Pel\u00edculas","link":"https:\/\/webdelmaestrocmf.com\/portal\/category\/pedagogia\/peliculas\/"},"img":{"alt_text":"","src":"https:\/\/i0.wp.com\/webdelmaestrocmf.com\/portal\/wp-content\/uploads\/2020\/07\/1-copia-2.jpg?resize=350%2C200&ssl=1","width":350,"height":200,"srcset":"https:\/\/i0.wp.com\/webdelmaestrocmf.com\/portal\/wp-content\/uploads\/2020\/07\/1-copia-2.jpg?resize=350%2C200&ssl=1 1x, https:\/\/i0.wp.com\/webdelmaestrocmf.com\/portal\/wp-content\/uploads\/2020\/07\/1-copia-2.jpg?resize=525%2C300&ssl=1 1.5x, https:\/\/i0.wp.com\/webdelmaestrocmf.com\/portal\/wp-content\/uploads\/2020\/07\/1-copia-2.jpg?resize=700%2C400&ssl=1 2x, https:\/\/i0.wp.com\/webdelmaestrocmf.com\/portal\/wp-content\/uploads\/2020\/07\/1-copia-2.jpg?resize=1050%2C600&ssl=1 3x"},"classes":[]},{"id":12231,"url":"https:\/\/webdelmaestrocmf.com\/portal\/10-peliculas-que-todo-educador-y-estudiante-de-educacion-tiene-que-ver\/","url_meta":{"origin":14071,"position":2},"title":"36 pel\u00edculas que todo educador y estudiante tienen que ver","author":"Web del Maestro CMF","date":"7 julio, 2025","format":"video","excerpt":"Te dejamos una lista de 36 pel\u00edculas que te pueden ofrecer entretenimiento y al mismo tiempo te dejan mensajes que pueden ser \u00fatiles en tu vida como educador o estudiante de educaci\u00f3n.","rel":"","context":"En \u00abPel\u00edculas\u00bb","block_context":{"text":"Pel\u00edculas","link":"https:\/\/webdelmaestrocmf.com\/portal\/category\/pedagogia\/peliculas\/"},"img":{"alt_text":"pel\u00edculas","src":"https:\/\/i0.wp.com\/webdelmaestrocmf.com\/portal\/wp-content\/uploads\/2021\/07\/Banner-1-portada-imagen-10-14.jpg?resize=350%2C200&ssl=1","width":350,"height":200,"srcset":"https:\/\/i0.wp.com\/webdelmaestrocmf.com\/portal\/wp-content\/uploads\/2021\/07\/Banner-1-portada-imagen-10-14.jpg?resize=350%2C200&ssl=1 1x, https:\/\/i0.wp.com\/webdelmaestrocmf.com\/portal\/wp-content\/uploads\/2021\/07\/Banner-1-portada-imagen-10-14.jpg?resize=525%2C300&ssl=1 1.5x, https:\/\/i0.wp.com\/webdelmaestrocmf.com\/portal\/wp-content\/uploads\/2021\/07\/Banner-1-portada-imagen-10-14.jpg?resize=700%2C400&ssl=1 2x"},"classes":[]},{"id":78886,"url":"https:\/\/webdelmaestrocmf.com\/portal\/que-tiene-la-pelicula-garra-de-adam-sandler-que-puede-ser-de-mucha-ayuda-para-los-docentes\/","url_meta":{"origin":14071,"position":3},"title":"\u00bfQu\u00e9 tiene la pel\u00edcula \u00abGarra\u00bb de Adam Sandler que puede ser de mucha ayuda para los docentes?","author":"Web del Maestro CMF","date":"26 julio, 2022","format":false,"excerpt":"\u00a0Adam Sandler\u00a0vuelve a intentar con el drama, despu\u00e9s de haber realizado varias propuestas para\u00a0Netflix que no fueron de las m\u00e1s elegidas. Pero \"Garra\" o \"Hustle\" ven\u00eda con mucha promoci\u00f3n desde Netflix y acerc\u00e1ndose a la gente del ambiente del b\u00e1squetbol con jugadores de la NBA participando del film. Aqu\u00ed no\u2026","rel":"","context":"En \u00abPel\u00edculas\u00bb","block_context":{"text":"Pel\u00edculas","link":"https:\/\/webdelmaestrocmf.com\/portal\/category\/pedagogia\/peliculas\/"},"img":{"alt_text":"","src":"https:\/\/i0.wp.com\/webdelmaestrocmf.com\/portal\/wp-content\/uploads\/2022\/07\/Sans-titre-5.jpg?resize=350%2C200&ssl=1","width":350,"height":200,"srcset":"https:\/\/i0.wp.com\/webdelmaestrocmf.com\/portal\/wp-content\/uploads\/2022\/07\/Sans-titre-5.jpg?resize=350%2C200&ssl=1 1x, https:\/\/i0.wp.com\/webdelmaestrocmf.com\/portal\/wp-content\/uploads\/2022\/07\/Sans-titre-5.jpg?resize=525%2C300&ssl=1 1.5x, https:\/\/i0.wp.com\/webdelmaestrocmf.com\/portal\/wp-content\/uploads\/2022\/07\/Sans-titre-5.jpg?resize=700%2C400&ssl=1 2x"},"classes":[]},{"id":46992,"url":"https:\/\/webdelmaestrocmf.com\/portal\/canales-de-youtube-para-que-los-ninos-aprendan-historia-y-geografia\/","url_meta":{"origin":14071,"position":4},"title":"Canales de YouTube para que los ni\u00f1os aprendan Historia y Geograf\u00eda","author":"Web del Maestro CMF","date":"6 mayo, 2020","format":false,"excerpt":"En una entrada anterior publicamos sobre las \"Series en Netflix para reforzar las clases de Historia y Geograf\u00eda\" dedicado para estudiantes de secundaria, universitarios o p\u00fablico en general. En esta oportunidad traemos casi el mismo concepto pero ya no con series de TV, sino con canales educativos de la plataforma\u2026","rel":"","context":"En \u00abHistoria\u00bb","block_context":{"text":"Historia","link":"https:\/\/webdelmaestrocmf.com\/portal\/category\/pedagogia\/historia\/"},"img":{"alt_text":"","src":"https:\/\/i0.wp.com\/webdelmaestrocmf.com\/portal\/wp-content\/uploads\/2020\/05\/1-2.jpeg?resize=350%2C200&ssl=1","width":350,"height":200,"srcset":"https:\/\/i0.wp.com\/webdelmaestrocmf.com\/portal\/wp-content\/uploads\/2020\/05\/1-2.jpeg?resize=350%2C200&ssl=1 1x, https:\/\/i0.wp.com\/webdelmaestrocmf.com\/portal\/wp-content\/uploads\/2020\/05\/1-2.jpeg?resize=525%2C300&ssl=1 1.5x, https:\/\/i0.wp.com\/webdelmaestrocmf.com\/portal\/wp-content\/uploads\/2020\/05\/1-2.jpeg?resize=700%2C400&ssl=1 2x, https:\/\/i0.wp.com\/webdelmaestrocmf.com\/portal\/wp-content\/uploads\/2020\/05\/1-2.jpeg?resize=1050%2C600&ssl=1 3x"},"classes":[]},{"id":101778,"url":"https:\/\/webdelmaestrocmf.com\/portal\/el-teachflix-es-el-netflix-gratuito-para-docentes\/","url_meta":{"origin":14071,"position":5},"title":"El \u00abTeachflix\u00bb es el Netflix gratuito para docentes","author":"Web del Maestro CMF","date":"19 diciembre, 2023","format":false,"excerpt":"En el vasto mundo digital, donde la informaci\u00f3n y el entretenimiento convergen, surge una herramienta valiosa para educadores: Teachflix. En un lapso de apenas 50 segundos, descubriremos la existencia de este servicio, dise\u00f1ado espec\u00edficamente para maestros y educadores, ofreciendo contenido educativo de calidad en varios idiomas, incluido el espa\u00f1ol. A\u2026","rel":"","context":"En \u00abPel\u00edculas\u00bb","block_context":{"text":"Pel\u00edculas","link":"https:\/\/webdelmaestrocmf.com\/portal\/category\/pedagogia\/peliculas\/"},"img":{"alt_text":"Teachflix","src":"https:\/\/i0.wp.com\/webdelmaestrocmf.com\/portal\/wp-content\/uploads\/2023\/12\/A12B3C4D-1-7.jpg?resize=350%2C200&ssl=1","width":350,"height":200,"srcset":"https:\/\/i0.wp.com\/webdelmaestrocmf.com\/portal\/wp-content\/uploads\/2023\/12\/A12B3C4D-1-7.jpg?resize=350%2C200&ssl=1 1x, https:\/\/i0.wp.com\/webdelmaestrocmf.com\/portal\/wp-content\/uploads\/2023\/12\/A12B3C4D-1-7.jpg?resize=525%2C300&ssl=1 1.5x, https:\/\/i0.wp.com\/webdelmaestrocmf.com\/portal\/wp-content\/uploads\/2023\/12\/A12B3C4D-1-7.jpg?resize=700%2C400&ssl=1 2x"},"classes":[]}],"_links":{"self":[{"href":"https:\/\/webdelmaestrocmf.com\/portal\/wp-json\/wp\/v2\/posts\/14071","targetHints":{"allow":["GET"]}}],"collection":[{"href":"https:\/\/webdelmaestrocmf.com\/portal\/wp-json\/wp\/v2\/posts"}],"about":[{"href":"https:\/\/webdelmaestrocmf.com\/portal\/wp-json\/wp\/v2\/types\/post"}],"author":[{"embeddable":true,"href":"https:\/\/webdelmaestrocmf.com\/portal\/wp-json\/wp\/v2\/users\/1"}],"replies":[{"embeddable":true,"href":"https:\/\/webdelmaestrocmf.com\/portal\/wp-json\/wp\/v2\/comments?post=14071"}],"version-history":[{"count":0,"href":"https:\/\/webdelmaestrocmf.com\/portal\/wp-json\/wp\/v2\/posts\/14071\/revisions"}],"wp:featuredmedia":[{"embeddable":true,"href":"https:\/\/webdelmaestrocmf.com\/portal\/wp-json\/wp\/v2\/media\/35607"}],"wp:attachment":[{"href":"https:\/\/webdelmaestrocmf.com\/portal\/wp-json\/wp\/v2\/media?parent=14071"}],"wp:term":[{"taxonomy":"category","embeddable":true,"href":"https:\/\/webdelmaestrocmf.com\/portal\/wp-json\/wp\/v2\/categories?post=14071"},{"taxonomy":"post_tag","embeddable":true,"href":"https:\/\/webdelmaestrocmf.com\/portal\/wp-json\/wp\/v2\/tags?post=14071"}],"curies":[{"name":"wp","href":"https:\/\/api.w.org\/{rel}","templated":true}]}}