{"id":13999,"date":"2017-01-28T14:09:17","date_gmt":"2017-01-28T17:09:17","guid":{"rendered":"http:\/\/webdelmaestrocmf.com\/portal\/?p=13999"},"modified":"2021-07-13T16:33:20","modified_gmt":"2021-07-13T20:33:20","slug":"padres-drones-controlar-los-hijos-desde-la-distancia","status":"publish","type":"post","link":"https:\/\/webdelmaestrocmf.com\/portal\/padres-drones-controlar-los-hijos-desde-la-distancia\/","title":{"rendered":"Padres drones \/ helic\u00f3ptero: controlar los hijos desde la distancia"},"content":{"rendered":"<h5 style=\"text-align: justify;\">La comprobaci\u00f3n de los padres que vigilan en forma insistente, obsesiva, asfixiante,.. a sus hijos, ha llevado denominarlos \u201cpadres helic\u00f3pteros\u201d y ahora (para estar m\u00e1s a la modernidad) \u201cpadres drones\u201d para \u201crondarlos\u201d a distancia (en ingl\u00e9s se les llama \u201coverparenting o hiperparenting\u201d).<\/h5>\n<p style=\"text-align: justify;\">La redacci\u00f3n de Temas&amp;Noticias (ACEPRENSA), nos ofrece un comentario sobre las caracter\u00edsticas de esos padres que est\u00e1n obsesionados en controlar a sus hijos cuando no los ven f\u00edsicamente; desde la opini\u00f3n de Cristina Guti\u00e9rrez Lest\u00f3n, codirectora de La Granja Escuela de Santa Mar\u00eda de Palautordera, pionera en la implantaci\u00f3n de la educaci\u00f3n emocional en los programas de actividades con los ni\u00f1os, ante las numerosas carencias emocionales que percib\u00edan en ellos, desarrollando una metodolog\u00eda propia, y que compartimos con fines \u00fanicamente educativos \u2013 pastorales.<\/p>\n<p><!--more--><\/p>\n<h2 class=\"article-title\">De \u201cpadres helic\u00f3pteros\u201d a \u201cpadres drones\u201d<\/h2>\n<p style=\"text-align: justify;\"><span lang=\"es-MX\">Cristina Guti\u00e9rrez Lest\u00f3n, autora de Entr\u00e9nalo para la vida (Plataforma), habla de las caracter\u00edsticas de esos \u201cpadres drones\u201d que se las arreglan para controlar a sus hijos desde la distancia cuando ellos no pueden estar f\u00edsicamente.<\/span><\/p>\n<p style=\"text-align: justify;\"><span lang=\"es-MX\">Los llamados<strong> \u201cpadres helic\u00f3pteros\u201d<\/strong> son aquellos padres controladores \u2013en ingl\u00e9s se conocen como overparenting o hiperparenting\u2013 que est\u00e1n al servicio permanente de sus reto\u00f1os, revoloteando sobre ellos, llevando a cabo una vigilancia constante. <\/span><\/p>\n<p style=\"text-align: justify;\"><span lang=\"es-MX\">Est\u00e1n en alerta continua, preparados para entrar en acci\u00f3n de forma inmediata cuando perciban que alguna de las necesidades o caprichos de sus hijos quedan desatendidos. El resultado suele ser, como es de esperar, ni\u00f1os sobreprotegidos, que nunca han probado andar solos, que nunca se han ca\u00eddo y que se han acostumbrado a tener un \u201chelic\u00f3ptero\u201d sobre sus cabezas, ni\u00f1os dependientes, inseguros, caprichosos\u2026<\/span><\/p>\n<p><img loading=\"lazy\" decoding=\"async\" class=\"alignnone \" src=\"https:\/\/pbs.twimg.com\/media\/CkyBn4wVEAAuxTx.jpg\" width=\"733\" height=\"733\" \/><\/p>\n<p style=\"text-align: justify;\"><span lang=\"es-MX\">Pero los <strong>\u201chelic\u00f3pteros\u201d<\/strong> no pueden llegar a todas partes, hay lugares y momentos en los que los padres no pueden estar pilotando y se ven obligados a<strong> \u201cabandonar\u201d<\/strong> a sus hijos; por ejemplo, en el colegio. En tales situaciones de falta de cobertura, los <strong>\u201cpadres helic\u00f3pteros\u201d<\/strong> han desarrollado un nuevo modelo para seguir vigilando a distancia, se trata de los <strong>\u201cpadres drones\u201d.<\/strong><\/span><\/p>\n<p style=\"text-align: justify;\"><span lang=\"es-MX\">Cristina Guti\u00e9rrez Lest\u00f3n, codirectora de la escuela La Granja y autora de Entr\u00e9nalo para la vida (Plataforma), un libro que nos ense\u00f1a c\u00f3mo ayudar a nuestros hijos a poner en pr\u00e1ctica las emociones, habla, en una carta publicada en La Vanguardia, de las caracter\u00edsticas de esos <strong>\u201cpadres drones\u201d<\/strong> que se las arreglan para controlar a sus hijos desde la distancia cuando ellos no pueden estar f\u00edsicamente. Seg\u00fan Cristina Guti\u00e9rrez Lest\u00f3n unos <strong>\u201cpadres drones\u201d<\/strong> ser\u00edan aquellos que:<\/span><\/p>\n<ul>\n<li style=\"text-align: justify;\"><span lang=\"es-MX\">Quieren decidir con qui\u00e9n se sienta su hijo en clase.<\/span><\/li>\n<li style=\"text-align: justify;\"><span lang=\"es-MX\">Piden al profesor que no permita que un compa\u00f1ero se acerque a menos de diez metros de su hija.<\/span><\/li>\n<li style=\"text-align: justify;\"><span lang=\"es-MX\">Solicitan que el maestro justifique por qu\u00e9 se cay\u00f3 su peque\u00f1o en el patio.<\/span><\/li>\n<li style=\"text-align: justify;\"><span lang=\"es-MX\">Deciden qu\u00e9 d\u00edas se deber\u00edan poner los deberes para combinarlos con las actividades extraescolares de la familia.<\/span><\/li>\n<li style=\"text-align: justify;\"><span lang=\"es-MX\">Creen a sus hijos antes que al profesor.<\/span><\/li>\n<li style=\"text-align: justify;\"><span lang=\"es-MX\">Exigen que en los campamentos de dos d\u00edas se les lave el pelo con champ\u00fa y suavizante.<\/span><\/li>\n<\/ul>\n<p style=\"text-align: justify;\"><span lang=\"es-MX\">Cristina Guti\u00e9rrez Lest\u00f3n se pregunta c\u00f3mo debe sentirse un ni\u00f1o o una ni\u00f1a con unos<strong> \u201cpadres drones\u201d,<\/strong> sabi\u00e9ndose observado continuamente, sin posibilidad de equivocarse ni de probar qu\u00e9 es eso de la libertad. Pero tambi\u00e9n se pregunta c\u00f3mo debe sentirse el profesor o la profesora, siempre en el punto de mira, siempre con alguien dispuesto a apuntar el m\u00e1s peque\u00f1o desliz para, si fuera el caso, llevarlo al grupo de WhatsApp de la clase, a los peri\u00f3dicos o a los tribunales.<\/span><\/p>\n<p><img loading=\"lazy\" decoding=\"async\" class=\"alignnone size-large wp-image-65163\" src=\"https:\/\/webdelmaestrocmf.com\/portal\/wp-content\/uploads\/2017\/01\/1-1024x679.jpeg\" alt=\"\" width=\"1024\" height=\"679\" srcset=\"https:\/\/webdelmaestrocmf.com\/portal\/wp-content\/uploads\/2017\/01\/1-1024x679.jpeg 1024w, https:\/\/webdelmaestrocmf.com\/portal\/wp-content\/uploads\/2017\/01\/1-300x199.jpeg 300w, https:\/\/webdelmaestrocmf.com\/portal\/wp-content\/uploads\/2017\/01\/1-768x509.jpeg 768w, https:\/\/webdelmaestrocmf.com\/portal\/wp-content\/uploads\/2017\/01\/1-110x73.jpeg 110w, https:\/\/webdelmaestrocmf.com\/portal\/wp-content\/uploads\/2017\/01\/1-200x133.jpeg 200w, https:\/\/webdelmaestrocmf.com\/portal\/wp-content\/uploads\/2017\/01\/1-380x252.jpeg 380w, https:\/\/webdelmaestrocmf.com\/portal\/wp-content\/uploads\/2017\/01\/1-255x169.jpeg 255w, https:\/\/webdelmaestrocmf.com\/portal\/wp-content\/uploads\/2017\/01\/1-550x364.jpeg 550w, https:\/\/webdelmaestrocmf.com\/portal\/wp-content\/uploads\/2017\/01\/1-800x530.jpeg 800w, https:\/\/webdelmaestrocmf.com\/portal\/wp-content\/uploads\/2017\/01\/1-1160x769.jpeg 1160w, https:\/\/webdelmaestrocmf.com\/portal\/wp-content\/uploads\/2017\/01\/1-220x146.jpeg 220w, https:\/\/webdelmaestrocmf.com\/portal\/wp-content\/uploads\/2017\/01\/1-400x265.jpeg 400w, https:\/\/webdelmaestrocmf.com\/portal\/wp-content\/uploads\/2017\/01\/1-760x504.jpeg 760w, https:\/\/webdelmaestrocmf.com\/portal\/wp-content\/uploads\/2017\/01\/1-510x338.jpeg 510w, https:\/\/webdelmaestrocmf.com\/portal\/wp-content\/uploads\/2017\/01\/1-600x398.jpeg 600w, https:\/\/webdelmaestrocmf.com\/portal\/wp-content\/uploads\/2017\/01\/1-1100x729.jpeg 1100w, https:\/\/webdelmaestrocmf.com\/portal\/wp-content\/uploads\/2017\/01\/1.jpeg 1500w\" sizes=\"auto, (max-width: 1024px) 100vw, 1024px\" \/><\/p>\n<p style=\"text-align: justify;\"><span lang=\"es-MX\">La hipervigilancia es amor mal comprendido, genera agobio en los hijos e incomodidad en los profesionales, dos situaciones emocionales que no favorecen la interacci\u00f3n educativa.<\/span><\/p>\n<p style=\"text-align: justify;\"><strong>Este contenido ha sido publicado originalmente por Temas &amp; Noticias en la\u00a0siguiente direcci\u00f3n: <a href=\"http:\/\/www.temas.cl\/\" target=\"_blank\" rel=\"noopener\">temas.cl<\/a><\/strong><\/p>\n\t\t<div class=\"pk-inline-posts\">\n\t\t\t\n\t\t\t<div class=\"pk-inline-posts-container pk-inline-posts-template-list\"\n\t\t\t\tdata-columns=\"1\">\n\t\t\t\t\t\t<article id=\"post-118381\" class=\"post-118381 post type-post status-publish format-standard has-post-thumbnail category-bienestar-familiar category-pedagogia tag-aprendizaje tag-autonomia-3 tag-crianza-consciente tag-desarrollo-infantil tag-docentes tag-educacion-infantil tag-empatia-2 tag-funciones-ejecutivas tag-padres tag-responsabilidad cs-entry cs-video-wrap\">\n\t\t\t<div class=\"pk-post-outer\">\n\n\t\t\t\t\t\t\t\t<div class=\"pk-post-inner\">\n\t\t\t\t\t<div class=\"entry-thumbnail\">\n\t\t\t\t\t\t<div class=\"pk-overlay pk-overlay-ratio pk-ratio-landscape\">\n\t\t\t\t\t\t\t<div class=\"pk-overlay-background\">\n\t\t\t\t\t\t\t\t<a href=\"https:\/\/webdelmaestrocmf.com\/portal\/si-tu-hijo-hace-estas-3-cosas-felicidades-tienes-un-hijo-listo-para-toda-la-vida\/\" class=\"pk-overlay-link\">\n\t\t\t\t\t\t\t\t\t<img loading=\"lazy\" decoding=\"async\" width=\"300\" height=\"225\" src=\"https:\/\/webdelmaestrocmf.com\/portal\/wp-content\/uploads\/2026\/04\/1AA-Banner-1-portada-imagen-10-1-copia-3-7-300x225.webp\" class=\"attachment-pk-thumbnail size-pk-thumbnail wp-post-image\" alt=\"\" \/>\t\t\t\t\t\t\t\t<\/a>\n\t\t\t\t\t\t\t<\/div>\n\t\t\t\t\t\t<\/div>\n\t\t\t\t\t<\/div>\n\t\t\t\t<\/div>\n\t\t\t\t\n\t\t\t\t<div class=\"pk-post-inner\">\n\t\t\t\t\t<header>\n\t\t\t\t\t\t<h3 class=\"pk-title\"><a href=\"https:\/\/webdelmaestrocmf.com\/portal\/si-tu-hijo-hace-estas-3-cosas-felicidades-tienes-un-hijo-listo-para-toda-la-vida\/\" rel=\"bookmark\">Si tu hijo hace estas 3 cosas, felicidades: tienes un hijo listo para toda la vida<\/a><\/h3>\t\t\t\t\t<\/header><!-- .entry-header -->\n\t\t\t\t<\/div><!-- .post-inner -->\n\n\t\t\t<\/div><!-- .post-outer -->\n\t\t<\/article>\n\t\t\t\t<\/div>\n\t\t<\/div>\n\t\t\n","protected":false},"excerpt":{"rendered":"La comprobaci\u00f3n de los padres que vigilan en forma insistente, obsesiva, asfixiante,.. a sus hijos, ha llevado denominarlos&hellip;","protected":false},"author":1,"featured_media":59559,"comment_status":"open","ping_status":"open","sticky":false,"template":"","format":"standard","meta":{"csco_display_header_overlay":false,"csco_singular_sidebar":"default","csco_page_header_type":"default","csco_page_load_nextpost":"default","csco_post_video_location":[],"csco_post_video_location_hash":"","csco_post_video_url":"","csco_post_video_bg_start_time":0,"csco_post_video_bg_end_time":0,"csco_post_video_bg_volume":false,"_jetpack_memberships_contains_paid_content":false,"footnotes":""},"categories":[464,735],"tags":[1749,1748],"class_list":{"0":"post-13999","1":"post","2":"type-post","3":"status-publish","4":"format-standard","5":"has-post-thumbnail","7":"category-bienestar-familiar","8":"category-pedagogia","9":"tag-padres-drones","10":"tag-padres-helicopteros","11":"cs-entry","12":"cs-video-wrap"},"yoast_head":"<!-- This site is optimized with the Yoast SEO plugin v27.5 - https:\/\/yoast.com\/product\/yoast-seo-wordpress\/ -->\n<title>Padres drones \/ helic\u00f3ptero: controlar los hijos desde la distancia - 2026<\/title>\n<meta name=\"description\" content=\"La comprobaci\u00f3n de los padres que vigilan en forma insistente, obsesiva, asfixiante,.. a sus hijos, ha llevado denominarlos...\" \/>\n<meta name=\"robots\" content=\"index, follow, max-snippet:-1, max-image-preview:large, max-video-preview:-1\" \/>\n<link rel=\"canonical\" href=\"https:\/\/webdelmaestrocmf.com\/portal\/padres-drones-controlar-los-hijos-desde-la-distancia\/\" \/>\n<meta property=\"og:locale\" content=\"es_ES\" \/>\n<meta property=\"og:type\" content=\"article\" \/>\n<meta property=\"og:title\" content=\"Padres drones \/ helic\u00f3ptero: controlar los hijos desde la distancia - 2026\" \/>\n<meta property=\"og:description\" content=\"La comprobaci\u00f3n de los padres que vigilan en forma insistente, obsesiva, asfixiante,.. a sus hijos, ha llevado denominarlos...\" \/>\n<meta property=\"og:url\" content=\"https:\/\/webdelmaestrocmf.com\/portal\/padres-drones-controlar-los-hijos-desde-la-distancia\/\" \/>\n<meta property=\"og:site_name\" content=\"Web del Maestro CMF\" \/>\n<meta property=\"article:publisher\" content=\"https:\/\/www.facebook.com\/WebdelMaestroCMF\/\" \/>\n<meta property=\"article:author\" content=\"https:\/\/www.facebook.com\/WebdelMaestroCMF\/\" \/>\n<meta property=\"article:published_time\" content=\"2017-01-28T17:09:17+00:00\" \/>\n<meta property=\"article:modified_time\" content=\"2021-07-13T20:33:20+00:00\" \/>\n<meta property=\"og:image\" content=\"https:\/\/i0.wp.com\/webdelmaestrocmf.com\/portal\/wp-content\/uploads\/2017\/01\/1-copia.jpg?fit=1100%2C680&ssl=1\" \/>\n\t<meta property=\"og:image:width\" content=\"1100\" \/>\n\t<meta property=\"og:image:height\" content=\"680\" \/>\n\t<meta property=\"og:image:type\" content=\"image\/jpeg\" \/>\n<meta name=\"author\" content=\"Web del Maestro CMF\" \/>\n<meta name=\"twitter:card\" content=\"summary_large_image\" \/>\n<meta name=\"twitter:creator\" content=\"@cmf_w\" \/>\n<meta name=\"twitter:site\" content=\"@cmf_w\" \/>\n<script type=\"application\/ld+json\" class=\"yoast-schema-graph\">{\"@context\":\"https:\\\/\\\/schema.org\",\"@graph\":[{\"@type\":\"ScholarlyArticle\",\"@id\":\"https:\\\/\\\/webdelmaestrocmf.com\\\/portal\\\/padres-drones-controlar-los-hijos-desde-la-distancia\\\/#article\",\"isPartOf\":{\"@id\":\"https:\\\/\\\/webdelmaestrocmf.com\\\/portal\\\/padres-drones-controlar-los-hijos-desde-la-distancia\\\/\"},\"author\":{\"name\":\"Web del Maestro CMF\",\"@id\":\"https:\\\/\\\/webdelmaestrocmf.com\\\/portal\\\/#\\\/schema\\\/person\\\/1072a2ed7bd960df8ef99a551fa35dc5\"},\"headline\":\"Padres drones \\\/ helic\u00f3ptero: controlar los hijos desde la distancia\",\"datePublished\":\"2017-01-28T17:09:17+00:00\",\"dateModified\":\"2021-07-13T20:33:20+00:00\",\"mainEntityOfPage\":{\"@id\":\"https:\\\/\\\/webdelmaestrocmf.com\\\/portal\\\/padres-drones-controlar-los-hijos-desde-la-distancia\\\/\"},\"wordCount\":687,\"commentCount\":0,\"publisher\":{\"@id\":\"https:\\\/\\\/webdelmaestrocmf.com\\\/portal\\\/#organization\"},\"image\":{\"@id\":\"https:\\\/\\\/webdelmaestrocmf.com\\\/portal\\\/padres-drones-controlar-los-hijos-desde-la-distancia\\\/#primaryimage\"},\"thumbnailUrl\":\"https:\\\/\\\/webdelmaestrocmf.com\\\/portal\\\/wp-content\\\/uploads\\\/2017\\\/01\\\/1-copia.jpg\",\"keywords\":[\"padres drones\",\"padres helic\u00f3pteros\"],\"articleSection\":[\"Bienestar Familiar\",\"Recursos\"],\"inLanguage\":\"es\",\"potentialAction\":[{\"@type\":\"CommentAction\",\"name\":\"Comment\",\"target\":[\"https:\\\/\\\/webdelmaestrocmf.com\\\/portal\\\/padres-drones-controlar-los-hijos-desde-la-distancia\\\/#respond\"]}]},{\"@type\":\"WebPage\",\"@id\":\"https:\\\/\\\/webdelmaestrocmf.com\\\/portal\\\/padres-drones-controlar-los-hijos-desde-la-distancia\\\/\",\"url\":\"https:\\\/\\\/webdelmaestrocmf.com\\\/portal\\\/padres-drones-controlar-los-hijos-desde-la-distancia\\\/\",\"name\":\"Padres drones \\\/ helic\u00f3ptero: controlar los hijos desde la distancia - 2026\",\"isPartOf\":{\"@id\":\"https:\\\/\\\/webdelmaestrocmf.com\\\/portal\\\/#website\"},\"primaryImageOfPage\":{\"@id\":\"https:\\\/\\\/webdelmaestrocmf.com\\\/portal\\\/padres-drones-controlar-los-hijos-desde-la-distancia\\\/#primaryimage\"},\"image\":{\"@id\":\"https:\\\/\\\/webdelmaestrocmf.com\\\/portal\\\/padres-drones-controlar-los-hijos-desde-la-distancia\\\/#primaryimage\"},\"thumbnailUrl\":\"https:\\\/\\\/webdelmaestrocmf.com\\\/portal\\\/wp-content\\\/uploads\\\/2017\\\/01\\\/1-copia.jpg\",\"datePublished\":\"2017-01-28T17:09:17+00:00\",\"dateModified\":\"2021-07-13T20:33:20+00:00\",\"description\":\"La comprobaci\u00f3n de los padres que vigilan en forma insistente, obsesiva, asfixiante,.. a sus hijos, ha llevado denominarlos...\",\"breadcrumb\":{\"@id\":\"https:\\\/\\\/webdelmaestrocmf.com\\\/portal\\\/padres-drones-controlar-los-hijos-desde-la-distancia\\\/#breadcrumb\"},\"inLanguage\":\"es\",\"potentialAction\":[{\"@type\":\"ReadAction\",\"target\":[\"https:\\\/\\\/webdelmaestrocmf.com\\\/portal\\\/padres-drones-controlar-los-hijos-desde-la-distancia\\\/\"]}]},{\"@type\":\"ImageObject\",\"inLanguage\":\"es\",\"@id\":\"https:\\\/\\\/webdelmaestrocmf.com\\\/portal\\\/padres-drones-controlar-los-hijos-desde-la-distancia\\\/#primaryimage\",\"url\":\"https:\\\/\\\/webdelmaestrocmf.com\\\/portal\\\/wp-content\\\/uploads\\\/2017\\\/01\\\/1-copia.jpg\",\"contentUrl\":\"https:\\\/\\\/webdelmaestrocmf.com\\\/portal\\\/wp-content\\\/uploads\\\/2017\\\/01\\\/1-copia.jpg\",\"width\":1100,\"height\":680},{\"@type\":\"BreadcrumbList\",\"@id\":\"https:\\\/\\\/webdelmaestrocmf.com\\\/portal\\\/padres-drones-controlar-los-hijos-desde-la-distancia\\\/#breadcrumb\",\"itemListElement\":[{\"@type\":\"ListItem\",\"position\":1,\"name\":\"Portada\",\"item\":\"https:\\\/\\\/webdelmaestrocmf.com\\\/portal\\\/\"},{\"@type\":\"ListItem\",\"position\":2,\"name\":\"Recursos\",\"item\":\"https:\\\/\\\/webdelmaestrocmf.com\\\/portal\\\/category\\\/pedagogia\\\/\"},{\"@type\":\"ListItem\",\"position\":3,\"name\":\"Padres drones \\\/ helic\u00f3ptero: controlar los hijos desde la distancia\"}]},{\"@type\":\"WebSite\",\"@id\":\"https:\\\/\\\/webdelmaestrocmf.com\\\/portal\\\/#website\",\"url\":\"https:\\\/\\\/webdelmaestrocmf.com\\\/portal\\\/\",\"name\":\"Web del Maestro CMF\",\"description\":\"Maestros al servicio de la educaci\u00f3n\",\"publisher\":{\"@id\":\"https:\\\/\\\/webdelmaestrocmf.com\\\/portal\\\/#organization\"},\"alternateName\":\"WMCMF\",\"potentialAction\":[{\"@type\":\"SearchAction\",\"target\":{\"@type\":\"EntryPoint\",\"urlTemplate\":\"https:\\\/\\\/webdelmaestrocmf.com\\\/portal\\\/?s={search_term_string}\"},\"query-input\":{\"@type\":\"PropertyValueSpecification\",\"valueRequired\":true,\"valueName\":\"search_term_string\"}}],\"inLanguage\":\"es\"},{\"@type\":\"Organization\",\"@id\":\"https:\\\/\\\/webdelmaestrocmf.com\\\/portal\\\/#organization\",\"name\":\"Web del Maestro CMF\",\"alternateName\":\"WMCMF\",\"url\":\"https:\\\/\\\/webdelmaestrocmf.com\\\/portal\\\/\",\"logo\":{\"@type\":\"ImageObject\",\"inLanguage\":\"es\",\"@id\":\"https:\\\/\\\/webdelmaestrocmf.com\\\/portal\\\/#\\\/schema\\\/logo\\\/image\\\/\",\"url\":\"https:\\\/\\\/webdelmaestrocmf.com\\\/portal\\\/wp-content\\\/uploads\\\/2023\\\/01\\\/logo-wmcmf-2.png\",\"contentUrl\":\"https:\\\/\\\/webdelmaestrocmf.com\\\/portal\\\/wp-content\\\/uploads\\\/2023\\\/01\\\/logo-wmcmf-2.png\",\"width\":200,\"height\":60,\"caption\":\"Web del Maestro CMF\"},\"image\":{\"@id\":\"https:\\\/\\\/webdelmaestrocmf.com\\\/portal\\\/#\\\/schema\\\/logo\\\/image\\\/\"},\"sameAs\":[\"https:\\\/\\\/www.facebook.com\\\/WebdelMaestroCMF\\\/\",\"https:\\\/\\\/x.com\\\/cmf_w\",\"https:\\\/\\\/www.pinterest.com\\\/WMCMF\\\/\",\"https:\\\/\\\/www.linkedin.com\\\/company\\\/web-del-maestro-cmf\\\/\",\"https:\\\/\\\/www.instagram.com\\\/wmcmf\\\/\",\"https:\\\/\\\/www.youtube.com\\\/channel\\\/UCDPSvjbdodE5sHnC3OxutHw\",\"https:\\\/\\\/mastodon.social\\\/@wmcmf\",\"https:\\\/\\\/www.tiktok.com\\\/@webdelmaestrocmf\"]},{\"@type\":\"Person\",\"@id\":\"https:\\\/\\\/webdelmaestrocmf.com\\\/portal\\\/#\\\/schema\\\/person\\\/1072a2ed7bd960df8ef99a551fa35dc5\",\"name\":\"Web del Maestro CMF\",\"image\":{\"@type\":\"ImageObject\",\"inLanguage\":\"es\",\"@id\":\"https:\\\/\\\/secure.gravatar.com\\\/avatar\\\/23291dd5b5ae1077dcff3dbb04c3e02bd28403fa75af6d8787d5e97c5bbbe30b?s=96&d=mm&r=g\",\"url\":\"https:\\\/\\\/secure.gravatar.com\\\/avatar\\\/23291dd5b5ae1077dcff3dbb04c3e02bd28403fa75af6d8787d5e97c5bbbe30b?s=96&d=mm&r=g\",\"contentUrl\":\"https:\\\/\\\/secure.gravatar.com\\\/avatar\\\/23291dd5b5ae1077dcff3dbb04c3e02bd28403fa75af6d8787d5e97c5bbbe30b?s=96&d=mm&r=g\",\"caption\":\"Web del Maestro CMF\"},\"description\":\"Esta Web se cre\u00f3 sin fines de lucro, con fines educativos, cient\u00edficos y acad\u00e9micos, para personas que tengan dificultades y\\\/o inconvenientes en visualizar el material original. El objetivo es entregar recursos, compartir experiencias y materiales que ayuden a los padres de familia, maestros y estudiantes en su actualizaci\u00f3n y formaci\u00f3n permanente, en bien de la Educaci\u00f3n.\",\"sameAs\":[\"http:\\\/\\\/webdelmaestrocmf.com\\\/portal\",\"https:\\\/\\\/www.facebook.com\\\/WebdelMaestroCMF\\\/\",\"https:\\\/\\\/www.instagram.com\\\/wmcmf\\\/\",\"https:\\\/\\\/cl.linkedin.com\\\/company\\\/web-del-maestro-cmf\",\"https:\\\/\\\/www.pinterest.com\\\/WMCMF\\\/publicaciones\\\/\",\"https:\\\/\\\/x.com\\\/cmf_w\",\"https:\\\/\\\/www.youtube.com\\\/@WMCMF\"]}]}<\/script>\n<!-- \/ Yoast SEO plugin. -->","yoast_head_json":{"title":"Padres drones \/ helic\u00f3ptero: controlar los hijos desde la distancia - 2026","description":"La comprobaci\u00f3n de los padres que vigilan en forma insistente, obsesiva, asfixiante,.. a sus hijos, ha llevado denominarlos...","robots":{"index":"index","follow":"follow","max-snippet":"max-snippet:-1","max-image-preview":"max-image-preview:large","max-video-preview":"max-video-preview:-1"},"canonical":"https:\/\/webdelmaestrocmf.com\/portal\/padres-drones-controlar-los-hijos-desde-la-distancia\/","og_locale":"es_ES","og_type":"article","og_title":"Padres drones \/ helic\u00f3ptero: controlar los hijos desde la distancia - 2026","og_description":"La comprobaci\u00f3n de los padres que vigilan en forma insistente, obsesiva, asfixiante,.. a sus hijos, ha llevado denominarlos...","og_url":"https:\/\/webdelmaestrocmf.com\/portal\/padres-drones-controlar-los-hijos-desde-la-distancia\/","og_site_name":"Web del Maestro CMF","article_publisher":"https:\/\/www.facebook.com\/WebdelMaestroCMF\/","article_author":"https:\/\/www.facebook.com\/WebdelMaestroCMF\/","article_published_time":"2017-01-28T17:09:17+00:00","article_modified_time":"2021-07-13T20:33:20+00:00","og_image":[{"width":1100,"height":680,"url":"https:\/\/i0.wp.com\/webdelmaestrocmf.com\/portal\/wp-content\/uploads\/2017\/01\/1-copia.jpg?fit=1100%2C680&ssl=1","type":"image\/jpeg"}],"author":"Web del Maestro CMF","twitter_card":"summary_large_image","twitter_creator":"@cmf_w","twitter_site":"@cmf_w","schema":{"@context":"https:\/\/schema.org","@graph":[{"@type":"ScholarlyArticle","@id":"https:\/\/webdelmaestrocmf.com\/portal\/padres-drones-controlar-los-hijos-desde-la-distancia\/#article","isPartOf":{"@id":"https:\/\/webdelmaestrocmf.com\/portal\/padres-drones-controlar-los-hijos-desde-la-distancia\/"},"author":{"name":"Web del Maestro CMF","@id":"https:\/\/webdelmaestrocmf.com\/portal\/#\/schema\/person\/1072a2ed7bd960df8ef99a551fa35dc5"},"headline":"Padres drones \/ helic\u00f3ptero: controlar los hijos desde la distancia","datePublished":"2017-01-28T17:09:17+00:00","dateModified":"2021-07-13T20:33:20+00:00","mainEntityOfPage":{"@id":"https:\/\/webdelmaestrocmf.com\/portal\/padres-drones-controlar-los-hijos-desde-la-distancia\/"},"wordCount":687,"commentCount":0,"publisher":{"@id":"https:\/\/webdelmaestrocmf.com\/portal\/#organization"},"image":{"@id":"https:\/\/webdelmaestrocmf.com\/portal\/padres-drones-controlar-los-hijos-desde-la-distancia\/#primaryimage"},"thumbnailUrl":"https:\/\/webdelmaestrocmf.com\/portal\/wp-content\/uploads\/2017\/01\/1-copia.jpg","keywords":["padres drones","padres helic\u00f3pteros"],"articleSection":["Bienestar Familiar","Recursos"],"inLanguage":"es","potentialAction":[{"@type":"CommentAction","name":"Comment","target":["https:\/\/webdelmaestrocmf.com\/portal\/padres-drones-controlar-los-hijos-desde-la-distancia\/#respond"]}]},{"@type":"WebPage","@id":"https:\/\/webdelmaestrocmf.com\/portal\/padres-drones-controlar-los-hijos-desde-la-distancia\/","url":"https:\/\/webdelmaestrocmf.com\/portal\/padres-drones-controlar-los-hijos-desde-la-distancia\/","name":"Padres drones \/ helic\u00f3ptero: controlar los hijos desde la distancia - 2026","isPartOf":{"@id":"https:\/\/webdelmaestrocmf.com\/portal\/#website"},"primaryImageOfPage":{"@id":"https:\/\/webdelmaestrocmf.com\/portal\/padres-drones-controlar-los-hijos-desde-la-distancia\/#primaryimage"},"image":{"@id":"https:\/\/webdelmaestrocmf.com\/portal\/padres-drones-controlar-los-hijos-desde-la-distancia\/#primaryimage"},"thumbnailUrl":"https:\/\/webdelmaestrocmf.com\/portal\/wp-content\/uploads\/2017\/01\/1-copia.jpg","datePublished":"2017-01-28T17:09:17+00:00","dateModified":"2021-07-13T20:33:20+00:00","description":"La comprobaci\u00f3n de los padres que vigilan en forma insistente, obsesiva, asfixiante,.. a sus hijos, ha llevado denominarlos...","breadcrumb":{"@id":"https:\/\/webdelmaestrocmf.com\/portal\/padres-drones-controlar-los-hijos-desde-la-distancia\/#breadcrumb"},"inLanguage":"es","potentialAction":[{"@type":"ReadAction","target":["https:\/\/webdelmaestrocmf.com\/portal\/padres-drones-controlar-los-hijos-desde-la-distancia\/"]}]},{"@type":"ImageObject","inLanguage":"es","@id":"https:\/\/webdelmaestrocmf.com\/portal\/padres-drones-controlar-los-hijos-desde-la-distancia\/#primaryimage","url":"https:\/\/webdelmaestrocmf.com\/portal\/wp-content\/uploads\/2017\/01\/1-copia.jpg","contentUrl":"https:\/\/webdelmaestrocmf.com\/portal\/wp-content\/uploads\/2017\/01\/1-copia.jpg","width":1100,"height":680},{"@type":"BreadcrumbList","@id":"https:\/\/webdelmaestrocmf.com\/portal\/padres-drones-controlar-los-hijos-desde-la-distancia\/#breadcrumb","itemListElement":[{"@type":"ListItem","position":1,"name":"Portada","item":"https:\/\/webdelmaestrocmf.com\/portal\/"},{"@type":"ListItem","position":2,"name":"Recursos","item":"https:\/\/webdelmaestrocmf.com\/portal\/category\/pedagogia\/"},{"@type":"ListItem","position":3,"name":"Padres drones \/ helic\u00f3ptero: controlar los hijos desde la distancia"}]},{"@type":"WebSite","@id":"https:\/\/webdelmaestrocmf.com\/portal\/#website","url":"https:\/\/webdelmaestrocmf.com\/portal\/","name":"Web del Maestro CMF","description":"Maestros al servicio de la educaci\u00f3n","publisher":{"@id":"https:\/\/webdelmaestrocmf.com\/portal\/#organization"},"alternateName":"WMCMF","potentialAction":[{"@type":"SearchAction","target":{"@type":"EntryPoint","urlTemplate":"https:\/\/webdelmaestrocmf.com\/portal\/?s={search_term_string}"},"query-input":{"@type":"PropertyValueSpecification","valueRequired":true,"valueName":"search_term_string"}}],"inLanguage":"es"},{"@type":"Organization","@id":"https:\/\/webdelmaestrocmf.com\/portal\/#organization","name":"Web del Maestro CMF","alternateName":"WMCMF","url":"https:\/\/webdelmaestrocmf.com\/portal\/","logo":{"@type":"ImageObject","inLanguage":"es","@id":"https:\/\/webdelmaestrocmf.com\/portal\/#\/schema\/logo\/image\/","url":"https:\/\/webdelmaestrocmf.com\/portal\/wp-content\/uploads\/2023\/01\/logo-wmcmf-2.png","contentUrl":"https:\/\/webdelmaestrocmf.com\/portal\/wp-content\/uploads\/2023\/01\/logo-wmcmf-2.png","width":200,"height":60,"caption":"Web del Maestro CMF"},"image":{"@id":"https:\/\/webdelmaestrocmf.com\/portal\/#\/schema\/logo\/image\/"},"sameAs":["https:\/\/www.facebook.com\/WebdelMaestroCMF\/","https:\/\/x.com\/cmf_w","https:\/\/www.pinterest.com\/WMCMF\/","https:\/\/www.linkedin.com\/company\/web-del-maestro-cmf\/","https:\/\/www.instagram.com\/wmcmf\/","https:\/\/www.youtube.com\/channel\/UCDPSvjbdodE5sHnC3OxutHw","https:\/\/mastodon.social\/@wmcmf","https:\/\/www.tiktok.com\/@webdelmaestrocmf"]},{"@type":"Person","@id":"https:\/\/webdelmaestrocmf.com\/portal\/#\/schema\/person\/1072a2ed7bd960df8ef99a551fa35dc5","name":"Web del Maestro CMF","image":{"@type":"ImageObject","inLanguage":"es","@id":"https:\/\/secure.gravatar.com\/avatar\/23291dd5b5ae1077dcff3dbb04c3e02bd28403fa75af6d8787d5e97c5bbbe30b?s=96&d=mm&r=g","url":"https:\/\/secure.gravatar.com\/avatar\/23291dd5b5ae1077dcff3dbb04c3e02bd28403fa75af6d8787d5e97c5bbbe30b?s=96&d=mm&r=g","contentUrl":"https:\/\/secure.gravatar.com\/avatar\/23291dd5b5ae1077dcff3dbb04c3e02bd28403fa75af6d8787d5e97c5bbbe30b?s=96&d=mm&r=g","caption":"Web del Maestro CMF"},"description":"Esta Web se cre\u00f3 sin fines de lucro, con fines educativos, cient\u00edficos y acad\u00e9micos, para personas que tengan dificultades y\/o inconvenientes en visualizar el material original. El objetivo es entregar recursos, compartir experiencias y materiales que ayuden a los padres de familia, maestros y estudiantes en su actualizaci\u00f3n y formaci\u00f3n permanente, en bien de la Educaci\u00f3n.","sameAs":["http:\/\/webdelmaestrocmf.com\/portal","https:\/\/www.facebook.com\/WebdelMaestroCMF\/","https:\/\/www.instagram.com\/wmcmf\/","https:\/\/cl.linkedin.com\/company\/web-del-maestro-cmf","https:\/\/www.pinterest.com\/WMCMF\/publicaciones\/","https:\/\/x.com\/cmf_w","https:\/\/www.youtube.com\/@WMCMF"]}]}},"jetpack_featured_media_url":"https:\/\/webdelmaestrocmf.com\/portal\/wp-content\/uploads\/2017\/01\/1-copia.jpg","jetpack_sharing_enabled":true,"jetpack-related-posts":[{"id":59518,"url":"https:\/\/webdelmaestrocmf.com\/portal\/los-padres-helicopteros-dicen-a-una-profesora-donde-se-ha-de-sentar-su-hijo-en-clase-y-los-padres-drones-van-con-el-mando-a-distancia\/","url_meta":{"origin":13999,"position":0},"title":"Cristina Guti\u00e9rrez: Los padres helic\u00f3pteros dicen a una profesora d\u00f3nde se ha de sentar su hijo en clase y los padres drones van con el mando a distancia","author":"Web del Maestro CMF","date":"8 octubre, 2025","format":"video","excerpt":"Detr\u00e1s de ambos estilos hay un mismo problema: el miedo.","rel":"","context":"En \u00abCharlas\u00bb","block_context":{"text":"Charlas","link":"https:\/\/webdelmaestrocmf.com\/portal\/category\/charlas\/"},"img":{"alt_text":"","src":"https:\/\/i0.wp.com\/webdelmaestrocmf.com\/portal\/wp-content\/uploads\/2021\/02\/1A-Banner-1-portada-imagen-10-1-copia.jpg?resize=350%2C200&ssl=1","width":350,"height":200,"srcset":"https:\/\/i0.wp.com\/webdelmaestrocmf.com\/portal\/wp-content\/uploads\/2021\/02\/1A-Banner-1-portada-imagen-10-1-copia.jpg?resize=350%2C200&ssl=1 1x, https:\/\/i0.wp.com\/webdelmaestrocmf.com\/portal\/wp-content\/uploads\/2021\/02\/1A-Banner-1-portada-imagen-10-1-copia.jpg?resize=525%2C300&ssl=1 1.5x, https:\/\/i0.wp.com\/webdelmaestrocmf.com\/portal\/wp-content\/uploads\/2021\/02\/1A-Banner-1-portada-imagen-10-1-copia.jpg?resize=700%2C400&ssl=1 2x"},"classes":[]},{"id":41915,"url":"https:\/\/webdelmaestrocmf.com\/portal\/los-jovenes-necesitan-aprender-la-habilidad-de-debatir-y-argumentar\/","url_meta":{"origin":13999,"position":1},"title":"Michael Sandel: Los j\u00f3venes necesitan aprender la habilidad de debatir y argumentar","author":"Web del Maestro CMF","date":"21 diciembre, 2024","format":"video","excerpt":"El fil\u00f3sofo pol\u00edtico y profesor estadounidense Michael Sandel (1953), ense\u00f1a en la Universidad de Harvard desde1980 a Harvard tras graduarse en Oxford (Reino Unido). \u201cSu \u00e9xito podr\u00eda encuadrarse en cierta corriente actual de pensadores virales de distinto signo y parecido verbo directo que acumulan clics cuando los medios de comunicaci\u00f3n\u2026","rel":"","context":"En \u00abCharlas\u00bb","block_context":{"text":"Charlas","link":"https:\/\/webdelmaestrocmf.com\/portal\/category\/charlas\/"},"img":{"alt_text":"","src":"https:\/\/i0.wp.com\/webdelmaestrocmf.com\/portal\/wp-content\/uploads\/2020\/06\/Banner-1-portada-imagen-10-1-30-1.jpg?resize=350%2C200&ssl=1","width":350,"height":200,"srcset":"https:\/\/i0.wp.com\/webdelmaestrocmf.com\/portal\/wp-content\/uploads\/2020\/06\/Banner-1-portada-imagen-10-1-30-1.jpg?resize=350%2C200&ssl=1 1x, https:\/\/i0.wp.com\/webdelmaestrocmf.com\/portal\/wp-content\/uploads\/2020\/06\/Banner-1-portada-imagen-10-1-30-1.jpg?resize=525%2C300&ssl=1 1.5x, https:\/\/i0.wp.com\/webdelmaestrocmf.com\/portal\/wp-content\/uploads\/2020\/06\/Banner-1-portada-imagen-10-1-30-1.jpg?resize=700%2C400&ssl=1 2x"},"classes":[]},{"id":94928,"url":"https:\/\/webdelmaestrocmf.com\/portal\/eva-millet-los-padres-asistentes-personales-tienen-como-lema-resolver-sistematicamente-los-problemas-de-sus-hijos\/","url_meta":{"origin":13999,"position":2},"title":"Eva Millet: Los padres \u201casistentes personales\u201d tienen como lema resolver sistem\u00e1ticamente los problemas de sus hijos","author":"Web del Maestro CMF","date":"12 julio, 2025","format":false,"excerpt":"Eva Millet advierte que estos padres \u201casistentes personales\u201d \u2014siempre disponibles, resolviendo cada problema, anticipando cada necesidad\u2014 lo hacen con la mejor intenci\u00f3n, pero sin darse cuenta anulan el desarrollo de la autonom\u00eda, la tolerancia a la frustraci\u00f3n y la autoestima de sus hijos","rel":"","context":"En \u00abEntrevistas\u00bb","block_context":{"text":"Entrevistas","link":"https:\/\/webdelmaestrocmf.com\/portal\/category\/noticias\/entrevistas\/"},"img":{"alt_text":"hijos","src":"https:\/\/i0.wp.com\/webdelmaestrocmf.com\/portal\/wp-content\/uploads\/2023\/09\/A12B3C4D-8-1.jpg?resize=350%2C200&ssl=1","width":350,"height":200,"srcset":"https:\/\/i0.wp.com\/webdelmaestrocmf.com\/portal\/wp-content\/uploads\/2023\/09\/A12B3C4D-8-1.jpg?resize=350%2C200&ssl=1 1x, https:\/\/i0.wp.com\/webdelmaestrocmf.com\/portal\/wp-content\/uploads\/2023\/09\/A12B3C4D-8-1.jpg?resize=525%2C300&ssl=1 1.5x, https:\/\/i0.wp.com\/webdelmaestrocmf.com\/portal\/wp-content\/uploads\/2023\/09\/A12B3C4D-8-1.jpg?resize=700%2C400&ssl=1 2x"},"classes":[]},{"id":23062,"url":"https:\/\/webdelmaestrocmf.com\/portal\/10-problemas-psicologicos-surgen-debido-la-conducta-equivocada-los-padres\/","url_meta":{"origin":13999,"position":3},"title":"Problemas psicol\u00f3gicos que surgen debido a la conducta equivocada de los padres","author":"Web del Maestro CMF","date":"14 marzo, 2021","format":false,"excerpt":"La influencia de los padres en el desarrollo psicol\u00f3gico de sus hijos es innegable, y la conducta equivocada de los padres puede tener un impacto profundo en la salud mental de sus hijos. Los problemas psicol\u00f3gicos que surgen como resultado de patrones parentales inapropiados abarcan una amplia gama de trastornos\u2026","rel":"","context":"En \u00abEducaci\u00f3n y Familia\u00bb","block_context":{"text":"Educaci\u00f3n y Familia","link":"https:\/\/webdelmaestrocmf.com\/portal\/category\/pedagogia\/educacion-y-familia\/"},"img":{"alt_text":"","src":"https:\/\/i0.wp.com\/webdelmaestrocmf.com\/portal\/wp-content\/uploads\/2021\/03\/A12B3C4D-3.jpg?resize=350%2C200&ssl=1","width":350,"height":200,"srcset":"https:\/\/i0.wp.com\/webdelmaestrocmf.com\/portal\/wp-content\/uploads\/2021\/03\/A12B3C4D-3.jpg?resize=350%2C200&ssl=1 1x, https:\/\/i0.wp.com\/webdelmaestrocmf.com\/portal\/wp-content\/uploads\/2021\/03\/A12B3C4D-3.jpg?resize=525%2C300&ssl=1 1.5x, https:\/\/i0.wp.com\/webdelmaestrocmf.com\/portal\/wp-content\/uploads\/2021\/03\/A12B3C4D-3.jpg?resize=700%2C400&ssl=1 2x"},"classes":[]},{"id":112869,"url":"https:\/\/webdelmaestrocmf.com\/portal\/padres-de-cristal-o-ninos-de-cristal-quien-de-los-dos-lo-es\/","url_meta":{"origin":13999,"position":4},"title":"\u00bfPadres de cristal o ni\u00f1os de cristal? No, el problema es m\u00e1s inc\u00f3modo: adultos que evitan educar y luego culpan a la escuela por no hacerlo","author":"Web del Maestro CMF","date":"27 octubre, 2025","format":false,"excerpt":"En una \u00e9poca donde cualquier llamado de atenci\u00f3n parece una ofensa, algunos padres reaccionan m\u00e1s que sus propios hijos.","rel":"","context":"En \u00abYo opino - WMCMF\u00bb","block_context":{"text":"Yo opino - WMCMF","link":"https:\/\/webdelmaestrocmf.com\/portal\/category\/jamb\/"},"img":{"alt_text":"","src":"https:\/\/i0.wp.com\/webdelmaestrocmf.com\/portal\/wp-content\/uploads\/2025\/10\/1A-Banner-1-portada-imagen-10-1-copia-3-2.webp?resize=350%2C200&ssl=1","width":350,"height":200,"srcset":"https:\/\/i0.wp.com\/webdelmaestrocmf.com\/portal\/wp-content\/uploads\/2025\/10\/1A-Banner-1-portada-imagen-10-1-copia-3-2.webp?resize=350%2C200&ssl=1 1x, https:\/\/i0.wp.com\/webdelmaestrocmf.com\/portal\/wp-content\/uploads\/2025\/10\/1A-Banner-1-portada-imagen-10-1-copia-3-2.webp?resize=525%2C300&ssl=1 1.5x, https:\/\/i0.wp.com\/webdelmaestrocmf.com\/portal\/wp-content\/uploads\/2025\/10\/1A-Banner-1-portada-imagen-10-1-copia-3-2.webp?resize=700%2C400&ssl=1 2x"},"classes":[]},{"id":91125,"url":"https:\/\/webdelmaestrocmf.com\/portal\/como-la-hipervigilancia-crea-ninos-miedosos-y-sin-autonomia\/","url_meta":{"origin":13999,"position":5},"title":"C\u00f3mo la hipervigilancia crea ni\u00f1os miedosos y sin autonom\u00eda","author":"Web del Maestro CMF","date":"29 julio, 2023","format":false,"excerpt":"La crianza de los ni\u00f1os ha evolucionado a lo largo de los a\u00f1os, desde un enfoque de ignorarlos y dejar que resuelvan sus propios problemas hasta una sobreprotecci\u00f3n extrema. La periodista Eva Millet en su libro \"Hiperpaternidad\" describe c\u00f3mo ha cambiado la forma en que los padres cuidan a sus\u2026","rel":"","context":"En \u00abPadres\u00bb","block_context":{"text":"Padres","link":"https:\/\/webdelmaestrocmf.com\/portal\/category\/pedagogia\/padres\/"},"img":{"alt_text":"","src":"https:\/\/i0.wp.com\/webdelmaestrocmf.com\/portal\/wp-content\/uploads\/2023\/07\/A12B3C4D-13-2.jpg?resize=350%2C200&ssl=1","width":350,"height":200,"srcset":"https:\/\/i0.wp.com\/webdelmaestrocmf.com\/portal\/wp-content\/uploads\/2023\/07\/A12B3C4D-13-2.jpg?resize=350%2C200&ssl=1 1x, https:\/\/i0.wp.com\/webdelmaestrocmf.com\/portal\/wp-content\/uploads\/2023\/07\/A12B3C4D-13-2.jpg?resize=525%2C300&ssl=1 1.5x, https:\/\/i0.wp.com\/webdelmaestrocmf.com\/portal\/wp-content\/uploads\/2023\/07\/A12B3C4D-13-2.jpg?resize=700%2C400&ssl=1 2x"},"classes":[]}],"_links":{"self":[{"href":"https:\/\/webdelmaestrocmf.com\/portal\/wp-json\/wp\/v2\/posts\/13999","targetHints":{"allow":["GET"]}}],"collection":[{"href":"https:\/\/webdelmaestrocmf.com\/portal\/wp-json\/wp\/v2\/posts"}],"about":[{"href":"https:\/\/webdelmaestrocmf.com\/portal\/wp-json\/wp\/v2\/types\/post"}],"author":[{"embeddable":true,"href":"https:\/\/webdelmaestrocmf.com\/portal\/wp-json\/wp\/v2\/users\/1"}],"replies":[{"embeddable":true,"href":"https:\/\/webdelmaestrocmf.com\/portal\/wp-json\/wp\/v2\/comments?post=13999"}],"version-history":[{"count":0,"href":"https:\/\/webdelmaestrocmf.com\/portal\/wp-json\/wp\/v2\/posts\/13999\/revisions"}],"wp:featuredmedia":[{"embeddable":true,"href":"https:\/\/webdelmaestrocmf.com\/portal\/wp-json\/wp\/v2\/media\/59559"}],"wp:attachment":[{"href":"https:\/\/webdelmaestrocmf.com\/portal\/wp-json\/wp\/v2\/media?parent=13999"}],"wp:term":[{"taxonomy":"category","embeddable":true,"href":"https:\/\/webdelmaestrocmf.com\/portal\/wp-json\/wp\/v2\/categories?post=13999"},{"taxonomy":"post_tag","embeddable":true,"href":"https:\/\/webdelmaestrocmf.com\/portal\/wp-json\/wp\/v2\/tags?post=13999"}],"curies":[{"name":"wp","href":"https:\/\/api.w.org\/{rel}","templated":true}]}}