{"id":13816,"date":"2023-11-05T00:20:07","date_gmt":"2023-11-05T03:20:07","guid":{"rendered":"http:\/\/webdelmaestrocmf.com\/portal\/?p=13816"},"modified":"2023-11-05T11:42:41","modified_gmt":"2023-11-05T14:42:41","slug":"la-teoria-de-lev-vygotsky-y-como-la-aplicamos-en-clase","status":"publish","type":"post","link":"https:\/\/webdelmaestrocmf.com\/portal\/la-teoria-de-lev-vygotsky-y-como-la-aplicamos-en-clase\/","title":{"rendered":"Lev Vygotsky: teor\u00eda y pr\u00e1ctica"},"content":{"rendered":"<p style=\"text-align: justify;\"><strong>La obra de Lev Vygotsky resplandece como un faro en el vasto oc\u00e9ano del conocimiento humano, iluminando las sendas del aprendizaje, el desarrollo y la educaci\u00f3n. Este influyente psic\u00f3logo ruso nos leg\u00f3 una teor\u00eda s\u00f3lida y pr\u00e1ctica que ha trascendido las d\u00e9cadas, dejando una huella indeleble en campos como la psicolog\u00eda, la educaci\u00f3n y la pedagog\u00eda. Sus conceptos clave, desde la Zona de Desarrollo Pr\u00f3ximo hasta su perspectiva sociocultural, han cambiado la forma en que entendemos el proceso de aprendizaje y la importancia de la interacci\u00f3n social en la adquisici\u00f3n de conocimientos.: Lev Vygotsky, Lev Vygotsky teor\u00eda, Lev Vygotsky biograf\u00eda, Lev Vygotsky teor\u00eda del aprendizaje, teor\u00eda sociocultural, Lev Vygotsky zona de desarrollo pr\u00f3ximo, Lev Vygotsky etapas del desarrollo<\/strong><!--more--><\/p>\n<p style=\"text-align: justify;\">En este art\u00edculo, exploraremos la vida y obra de Lev Vygotsky, su principal contribuci\u00f3n a la psicolog\u00eda y la educaci\u00f3n, sus teor\u00edas fundamentales y el papel crucial que juegan los docentes en la implementaci\u00f3n de sus ideas.<\/p>\n<p>Art\u00edculo relacionado: <a title=\"Ir a WMCMF\" href=\"https:\/\/webdelmaestrocmf.com\/portal\/las-26-mejores-frases-vygotsky\/\" target=\"_top\" rel=\"noopener\">Las mejores frases de Lev Vygotsky sobre aprendizaje y psicolog\u00eda<\/a><\/p>\n<h2 style=\"text-align: justify;\"><strong>\u00bfQui\u00e9n fue Lev Vygotsky?<\/strong><\/h2>\n<p style=\"text-align: justify;\">A continuaci\u00f3n, proporcionamos una breve biograf\u00eda de Lev Vygotsky. \u00c9l fue un psic\u00f3logo y pedagogo nacido en 1896 en Bielorrusia. Su corta vida, que termin\u00f3 en 1934, fue notablemente productiva. Vygotsky dedic\u00f3 su carrera a investigar el desarrollo cognitivo y la relaci\u00f3n entre el aprendizaje y el entorno sociocultural en el que ocurre.<\/p>\n<p style=\"text-align: justify;\">La teor\u00eda del aprendizaje de Lev Vygotsky, se centra en la idea de que el aprendizaje es un proceso fundamentalmente social y que el entorno sociocultural desempe\u00f1a un papel crucial en el desarrollo cognitivo de los individuos. La obra de Vygotsky ha influido en gran medida en la psicolog\u00eda y la educaci\u00f3n, proporcionando una perspectiva \u00fanica sobre c\u00f3mo las personas adquieren conocimientos y habilidades.<\/p>\n<h3 style=\"padding-left: 40px;\"><strong>Principales Conceptos de la Teor\u00eda de Vygotsky:<\/strong><\/h3>\n<ol>\n<li style=\"list-style-type: none;\">\n<ol>\n<li style=\"text-align: justify;\"><strong>Zona de Desarrollo Pr\u00f3ximo (ZDP):<\/strong> El concepto central en la teor\u00eda de Vygotsky es la Zona de Desarrollo Pr\u00f3ximo, que se refiere a la brecha entre lo que un estudiante puede lograr de manera independiente y lo que puede alcanzar con la gu\u00eda o el apoyo de un adulto o compa\u00f1ero m\u00e1s competente. Vygotsky argument\u00f3 que el aprendizaje efectivo ocurre dentro de esta zona, donde los desaf\u00edos son accesibles con el apoyo adecuado.<\/li>\n<li style=\"text-align: justify;\"><strong>Mediaci\u00f3n Semi\u00f3tica:<\/strong> Vygotsky enfatiz\u00f3 la importancia de las herramientas simb\u00f3licas, como el lenguaje, los s\u00edmbolos y las representaciones, en la mediaci\u00f3n entre la mente y el mundo. Estas herramientas permiten a los individuos resolver problemas, comprender conceptos y comunicarse de manera efectiva.<\/li>\n<li style=\"text-align: justify;\"><strong>Desarrollo Cognitivo y Cultural:<\/strong> Vygotsky sosten\u00eda que el desarrollo cognitivo de una persona est\u00e1 inextricablemente ligado a su contexto sociocultural. Argument\u00f3 que las interacciones sociales, las normas culturales y las pr\u00e1cticas compartidas influyen en c\u00f3mo las personas piensan y aprenden.<\/li>\n<\/ol>\n<\/li>\n<\/ol>\n<h3 style=\"padding-left: 40px;\"><strong>C\u00f3mo se Aplica la Teor\u00eda de Vygotsky en la Educaci\u00f3n:<\/strong><\/h3>\n<p style=\"padding-left: 40px; text-align: justify;\">La teor\u00eda de Vygotsky tiene implicaciones significativas para la educaci\u00f3n y la ense\u00f1anza. Aqu\u00ed hay algunas formas en que se aplica en el aula:<\/p>\n<ol>\n<li style=\"list-style-type: none;\">\n<ol>\n<li style=\"text-align: justify;\"><strong>Colaboraci\u00f3n y Aprendizaje Social:<\/strong> Fomentar la interacci\u00f3n entre los estudiantes y promover la colaboraci\u00f3n en el aula son estrategias esenciales. Los docentes pueden dise\u00f1ar actividades que requieran la resoluci\u00f3n conjunta de problemas y el aprendizaje mutuo, permitiendo que los estudiantes trabajen dentro de sus respectivas Zonas de Desarrollo Pr\u00f3ximo.<\/li>\n<li style=\"text-align: justify;\"><strong>Andamiaje (Scaffolding):<\/strong> Los docentes pueden ofrecer andamiaje o apoyo gradual a medida que los estudiantes adquieren nuevas habilidades. Esto implica brindar orientaci\u00f3n, preguntas reflexivas y ejemplos concretos para ayudar a los estudiantes a avanzar en su aprendizaje. Con el tiempo, este apoyo se reduce gradualmente a medida que los estudiantes ganan independencia.<\/li>\n<li style=\"text-align: justify;\"><strong>Lenguaje y Comunicaci\u00f3n:<\/strong> El lenguaje desempe\u00f1a un papel crucial en la mediaci\u00f3n semi\u00f3tica. Los docentes pueden utilizar el lenguaje de manera efectiva para explicar conceptos, estimular la reflexi\u00f3n y promover la comprensi\u00f3n. Tambi\u00e9n es importante fomentar un entorno de comunicaci\u00f3n abierta y rica en el aula.<\/li>\n<li style=\"text-align: justify;\"><strong>Evaluaci\u00f3n y Retroalimentaci\u00f3n:<\/strong> La evaluaci\u00f3n personalizada es fundamental para identificar la Zona de Desarrollo Pr\u00f3ximo de cada estudiante. Los docentes pueden utilizar evaluaciones formativas y retroalimentaci\u00f3n constante para adaptar la instrucci\u00f3n y las actividades seg\u00fan las necesidades individuales de los estudiantes.<\/li>\n<\/ol>\n<\/li>\n<\/ol>\n<h2 style=\"text-align: justify;\"><strong>Su Principal Aportaci\u00f3n a la Psicolog\u00eda y a la Educaci\u00f3n<\/strong><\/h2>\n<p style=\"text-align: justify;\">La contribuci\u00f3n m\u00e1s destacada de Vygotsky se encuentra en su concepto de la \u00abZona de Desarrollo Pr\u00f3ximo\u00bb. Este t\u00e9rmino se refiere a la distancia entre lo que un estudiante puede hacer de manera independiente y lo que puede lograr con la gu\u00eda de un adulto o compa\u00f1ero m\u00e1s competente. Vygotsky argument\u00f3 que el aprendizaje efectivo ocurre cuando un estudiante se encuentra en su Zona de Desarrollo Pr\u00f3ximo, ya que es el punto donde se enfrenta a desaf\u00edos accesibles con el apoyo adecuado.<\/p>\n<h2 style=\"text-align: justify;\"><strong>Principales Teor\u00edas de Vygotsky<\/strong><\/h2>\n<p style=\"text-align: justify;\">Vygotsky desarroll\u00f3 varias teor\u00edas clave que revolucionaron la educaci\u00f3n:<\/p>\n<ol style=\"text-align: justify;\">\n<li><strong>Zona de Desarrollo Pr\u00f3ximo (ZDP):<\/strong> Su concepto m\u00e1s influyente, la Zona de Desarrollo Pr\u00f3ximo, se refiere a la brecha entre lo que un estudiante puede lograr de manera independiente y lo que puede alcanzar con la gu\u00eda o el apoyo de un adulto o compa\u00f1ero m\u00e1s competente. Vygotsky argument\u00f3 que el aprendizaje efectivo ocurre en esta zona.<\/li>\n<li><strong>Mediaci\u00f3n Semi\u00f3tica:<\/strong> Vygotsky enfatiz\u00f3 la importancia de las herramientas simb\u00f3licas, como el lenguaje, en la mediaci\u00f3n entre la mente y el mundo. Estas herramientas son esenciales para la resoluci\u00f3n de problemas y el desarrollo de habilidades cognitivas.<\/li>\n<li><strong>Teor\u00eda Sociocultural:<\/strong> Vygotsky argument\u00f3 que el aprendizaje es un proceso social, y el entorno cultural y social en el que una persona se desarrolla es fundamental para su desarrollo cognitivo.<\/li>\n<\/ol>\n<p>Art\u00edculo relacionado: <a href=\" title=\" target=\"_top\" rel=\"noopener\">Lev Vygotsky y la Teor\u00eda Sociocultural del Desarrollo Cognitivo<\/a><\/p>\n<h2 style=\"text-align: left;\"><strong>La Zona de Desarrollo Pr\u00f3ximo en el Aula<\/strong><\/h2>\n<p style=\"text-align: justify;\">El concepto de la Zona de Desarrollo Pr\u00f3ximo (ZDP), propuesto por Lev Vygotsky, brinda a los docentes una herramienta invaluable para maximizar el potencial de sus estudiantes. Al comprender y aplicar la ZDP de manera efectiva, los educadores pueden adaptar sus m\u00e9todos de ense\u00f1anza y promover un aprendizaje m\u00e1s significativo. Aqu\u00ed exploraremos algunas estrategias concretas para utilizar la ZDP en el aula.<\/p>\n<h3 style=\"padding-left: 40px; text-align: justify;\"><strong>1. Evaluaci\u00f3n Personalizada:<\/strong><\/h3>\n<p style=\"padding-left: 40px; text-align: justify;\">Cada estudiante es \u00fanico, con sus propias fortalezas y \u00e1reas de desarrollo. La evaluaci\u00f3n personalizada implica identificar el nivel de desarrollo de cada estudiante en relaci\u00f3n con los objetivos de aprendizaje. Los docentes pueden lograr esto a trav\u00e9s de la observaci\u00f3n, pruebas y conversaciones individuales. Una vez que se comprenden las habilidades y limitaciones de un estudiante, es posible adaptar el contenido y la instrucci\u00f3n de manera que se ajusten a su ZDP. Esto implica presentar desaf\u00edos que est\u00e9n ligeramente m\u00e1s all\u00e1 de su zona de confort, lo que fomenta el crecimiento y la adquisici\u00f3n de nuevas habilidades de manera efectiva.<\/p>\n<h3 style=\"padding-left: 40px; text-align: justify;\"><strong>2. Colaboraci\u00f3n entre Compa\u00f1eros:<\/strong><\/h3>\n<p style=\"padding-left: 40px; text-align: justify;\">Fomentar la colaboraci\u00f3n entre compa\u00f1eros es esencial para aprovechar al m\u00e1ximo la ZDP en el aula. Los estudiantes pueden aprender de manera significativa al interactuar con otros que tienen diferentes experiencias y habilidades. Al emparejar a estudiantes con diferentes niveles de competencia, se crea un entorno en el que aquellos que est\u00e1n m\u00e1s avanzados pueden actuar como gu\u00edas y mentores para sus compa\u00f1eros. Esta interacci\u00f3n social no solo enriquece el aprendizaje, sino que tambi\u00e9n fomenta la empat\u00eda y la comunicaci\u00f3n efectiva.<\/p>\n<h3 style=\"padding-left: 40px; text-align: justify;\"><strong>3. Scaffolding:<\/strong><\/h3>\n<p style=\"padding-left: 40px; text-align: justify;\">El \u00abscaffolding\u00bb (andamiaje) es un enfoque que implica ofrecer apoyo gradual y estructurado a medida que los estudiantes adquieren nuevas habilidades y conocimientos. Los docentes pueden utilizar estrategias como proporcionar pistas, preguntas reflexivas o ejemplos concretos para ayudar a los estudiantes a avanzar dentro de su ZDP. A medida que los estudiantes ganan confianza y habilidad, este andamiaje se puede ir retirando gradualmente, permitiendo que desarrollen una mayor independencia en su aprendizaje.<\/p>\n<h3 style=\"padding-left: 40px; text-align: justify;\"><strong>4. Promoci\u00f3n del Pensamiento Cr\u00edtico:<\/strong><\/h3>\n<p style=\"padding-left: 40px; text-align: justify;\">Dentro de la ZDP, los docentes pueden estimular la resoluci\u00f3n de problemas y el pensamiento independiente. En lugar de proporcionar respuestas directas, se pueden plantear desaf\u00edos que requieran que los estudiantes utilicen sus habilidades y conocimientos reci\u00e9n adquiridos para encontrar soluciones. Esto fomenta el pensamiento cr\u00edtico, la creatividad y la capacidad de aplicar lo aprendido en situaciones del mundo real.<\/p>\n<h3 style=\"padding-left: 40px; text-align: justify;\" data-sourcepos=\"25:1-25:49\"><strong>C\u00f3mo usar la ZDP para promover el aprendizaje<\/strong><\/h3>\n<p style=\"padding-left: 40px; text-align: justify;\" data-sourcepos=\"27:1-27:99\">Los docentes pueden usar la ZDP para promover el aprendizaje de sus alumnos de la siguiente manera:<\/p>\n<ul style=\"text-align: justify;\">\n<li style=\"list-style-type: none;\">\n<ul data-sourcepos=\"29:1-32:0\">\n<li style=\"text-align: justify;\" data-sourcepos=\"29:1-29:179\"><strong>Ofrecer oportunidades de aprendizaje desafiantes:<\/strong>\u00a0Los docentes deben ofrecer a sus alumnos oportunidades de aprendizaje que sean desafiantes pero que est\u00e9n dentro de su ZDP.<\/li>\n<li style=\"text-align: justify;\" data-sourcepos=\"30:1-30:152\"><strong>Proporcionar apoyo:<\/strong>\u00a0Los docentes deben proporcionar a sus alumnos apoyo cuando sea necesario para que puedan alcanzar su potencial de aprendizaje.<\/li>\n<li style=\"text-align: justify;\" data-sourcepos=\"31:1-32:0\"><strong>Colaborar con los compa\u00f1eros:<\/strong>\u00a0Los docentes deben fomentar la colaboraci\u00f3n entre los alumnos, ya que esto puede ayudar a los alumnos a aprender de los dem\u00e1s.<\/li>\n<\/ul>\n<\/li>\n<\/ul>\n<h2 style=\"text-align: left;\"><strong>El Papel del Docente seg\u00fan Vygotsky<\/strong><\/h2>\n<p style=\"text-align: justify;\">En la teor\u00eda de Vygotsky, el docente desempe\u00f1a un papel crucial como gu\u00eda y facilitador del aprendizaje. Deben ser sensibles a las necesidades y capacidades de cada estudiante, fomentar la interacci\u00f3n social y proporcionar un ambiente de aprendizaje enriquecido. Los docentes act\u00faan como mediadores, conectando a los estudiantes con el conocimiento y las habilidades que est\u00e1n a punto de alcanzar.<\/p>\n<p><img loading=\"lazy\" decoding=\"async\" class=\"alignnone wp-image-75774\" src=\"https:\/\/webdelmaestrocmf.com\/portal\/wp-content\/uploads\/2019\/01\/1-8.jpeg\" alt=\"Lev Vygotsky\" width=\"912\" height=\"684\" srcset=\"https:\/\/webdelmaestrocmf.com\/portal\/wp-content\/uploads\/2019\/01\/1-8.jpeg 728w, https:\/\/webdelmaestrocmf.com\/portal\/wp-content\/uploads\/2019\/01\/1-8-300x225.jpeg 300w, https:\/\/webdelmaestrocmf.com\/portal\/wp-content\/uploads\/2019\/01\/1-8-110x83.jpeg 110w, https:\/\/webdelmaestrocmf.com\/portal\/wp-content\/uploads\/2019\/01\/1-8-200x150.jpeg 200w, https:\/\/webdelmaestrocmf.com\/portal\/wp-content\/uploads\/2019\/01\/1-8-380x285.jpeg 380w, https:\/\/webdelmaestrocmf.com\/portal\/wp-content\/uploads\/2019\/01\/1-8-255x191.jpeg 255w, https:\/\/webdelmaestrocmf.com\/portal\/wp-content\/uploads\/2019\/01\/1-8-550x413.jpeg 550w\" sizes=\"auto, (max-width: 912px) 100vw, 912px\" \/><\/p>\n<h2 style=\"text-align: justify;\"><strong>Conclusi\u00f3n<\/strong><\/h2>\n<p style=\"text-align: justify;\">Lev Vygotsky ha dejado un legado perdurable en la educaci\u00f3n al enfocarse en la importancia de la Zona de Desarrollo Pr\u00f3ximo y la influencia del entorno sociocultural en el aprendizaje. Los docentes tienen la oportunidad de potenciar el desarrollo de sus estudiantes utilizando sus ideas y teor\u00edas. Al reconocer la Zona de Desarrollo Pr\u00f3ximo de cada estudiante y brindar el apoyo necesario, los docentes pueden desempe\u00f1ar un papel fundamental en el crecimiento y desarrollo de sus alumnos. La obra de Vygotsky sigue siendo una fuente invaluable de inspiraci\u00f3n y orientaci\u00f3n para los educadores de todo el mundo.<\/p>\n<p><strong class=\"last-child first-child\"><span class=\"last-child first-child\">Puede complementara ifracif\u00f3n en el siguiente enlace: <a title=\"Ir a inclusioncalidadeducativa\" href=\"https:\/\/inclusioncalidadeducativa.wordpress.com\/\" target=\"_blank\" rel=\"noopener noreferrer\">inclusioncalidadeducativa.wordpress.com<\/a><\/span><\/strong><\/p>\n\t\t<div class=\"pk-inline-posts\">\n\t\t\t\n\t\t\t<div class=\"pk-inline-posts-container pk-inline-posts-template-list\"\n\t\t\t\tdata-columns=\"1\">\n\t\t\t\t\t\t<article id=\"post-16013\" class=\"post-16013 post type-post status-publish format-standard has-post-thumbnail category-visitadas category-picologia category-pedagogia category-violencia tag-clase tag-conductas tag-desafiantes tag-estudiante tag-normas cs-entry cs-video-wrap\">\n\t\t\t<div class=\"pk-post-outer\">\n\n\t\t\t\t\t\t\t\t<div class=\"pk-post-inner\">\n\t\t\t\t\t<div class=\"entry-thumbnail\">\n\t\t\t\t\t\t<div class=\"pk-overlay pk-overlay-ratio pk-ratio-landscape\">\n\t\t\t\t\t\t\t<div class=\"pk-overlay-background\">\n\t\t\t\t\t\t\t\t<a href=\"https:\/\/webdelmaestrocmf.com\/portal\/sistemas-ayudan-ante-conductas-desafiantes-aula\/\" class=\"pk-overlay-link\">\n\t\t\t\t\t\t\t\t\t<img loading=\"lazy\" decoding=\"async\" width=\"300\" height=\"225\" src=\"https:\/\/webdelmaestrocmf.com\/portal\/wp-content\/uploads\/2022\/07\/Banner-1-portada-imagen-10-1-21-300x225.jpg\" class=\"attachment-pk-thumbnail size-pk-thumbnail wp-post-image\" alt=\"\" \/>\t\t\t\t\t\t\t\t<\/a>\n\t\t\t\t\t\t\t<\/div>\n\t\t\t\t\t\t<\/div>\n\t\t\t\t\t<\/div>\n\t\t\t\t<\/div>\n\t\t\t\t\n\t\t\t\t<div class=\"pk-post-inner\">\n\t\t\t\t\t<header>\n\t\t\t\t\t\t<h3 class=\"pk-title\"><a href=\"https:\/\/webdelmaestrocmf.com\/portal\/sistemas-ayudan-ante-conductas-desafiantes-aula\/\" rel=\"bookmark\">Sistemas que ayudan ante conductas desafiantes en el aula: descarga el libro \u201cAn\u00e1lisis funcional de la conducta\u201d<\/a><\/h3>\t\t\t\t\t<\/header><!-- .entry-header -->\n\t\t\t\t<\/div><!-- .post-inner -->\n\n\t\t\t<\/div><!-- .post-outer -->\n\t\t<\/article>\n\t\t\t<article id=\"post-28153\" class=\"post-28153 post type-post status-publish format-standard has-post-thumbnail category-consejos category-docentes category-pedagogia tag-adaptacion-a-diversidad tag-adaptacion-curricular tag-aprendizaje-activo tag-clases tag-diseno-curricular tag-diseno-de-actividades tag-diseno-de-lecciones tag-diseno-de-unidades-didacticas tag-eficiente tag-enfoque-centrado-en-el-estudiante tag-estrategias-de-ensenanza tag-estrategias-de-ensenanza-efectiva tag-estrategias-de-instruccion tag-estrategias-de-participacion tag-evaluacion-autentica tag-evaluacion-del-aprendizaje tag-evaluacion-formativa tag-evaluacion-sumativa tag-instruccion-diferenciada tag-manera tag-medicion-del-progreso tag-metodologia-educativa tag-motivacion-del-estudiante tag-objetivos-de-aprendizaje tag-planificacion-a-corto-plazo tag-planificacion-a-largo-plazo tag-planificacion-de-clases tag-planificar tag-recursos-didacticos tag-retroalimentacion-formativa tag-secuencia-didactica tag-taxonomia-de-bloom tag-tecnicas-de-organizacion tag-uso-de-tecnologia-educativa cs-entry cs-video-wrap\">\n\t\t\t<div class=\"pk-post-outer\">\n\n\t\t\t\t\t\t\t\t<div class=\"pk-post-inner\">\n\t\t\t\t\t<div class=\"entry-thumbnail\">\n\t\t\t\t\t\t<div class=\"pk-overlay pk-overlay-ratio pk-ratio-landscape\">\n\t\t\t\t\t\t\t<div class=\"pk-overlay-background\">\n\t\t\t\t\t\t\t\t<a href=\"https:\/\/webdelmaestrocmf.com\/portal\/como-planificar-las-clases-de-manera-eficiente\/\" class=\"pk-overlay-link\">\n\t\t\t\t\t\t\t\t\t<img loading=\"lazy\" decoding=\"async\" width=\"300\" height=\"225\" src=\"https:\/\/webdelmaestrocmf.com\/portal\/wp-content\/uploads\/2026\/02\/1AA-Banner-1-portada-imagen-10-1-copia-16-300x225.webp\" class=\"attachment-pk-thumbnail size-pk-thumbnail wp-post-image\" alt=\"\" \/>\t\t\t\t\t\t\t\t<\/a>\n\t\t\t\t\t\t\t<\/div>\n\t\t\t\t\t\t<\/div>\n\t\t\t\t\t<\/div>\n\t\t\t\t<\/div>\n\t\t\t\t\n\t\t\t\t<div class=\"pk-post-inner\">\n\t\t\t\t\t<header>\n\t\t\t\t\t\t<h3 class=\"pk-title\"><a href=\"https:\/\/webdelmaestrocmf.com\/portal\/como-planificar-las-clases-de-manera-eficiente\/\" rel=\"bookmark\">C\u00f3mo planificar las clases de manera eficiente: descarga las mejores plantillas de planificaci\u00f3n de clases<\/a><\/h3>\t\t\t\t\t<\/header><!-- .entry-header -->\n\t\t\t\t<\/div><!-- .post-inner -->\n\n\t\t\t<\/div><!-- .post-outer -->\n\t\t<\/article>\n\t\t\t<article id=\"post-117746\" class=\"post-117746 post type-post status-publish format-standard has-post-thumbnail category-docentes category-pedagogia tag-bienestar-docente tag-clima-escolar tag-docentes tag-educacion-3 tag-gestion-educativa-3 tag-salud-mental-docente tag-sistema-educativo tag-sobrecarga-laboral tag-trabajo-docente tag-vocacion-docente-2 cs-entry cs-video-wrap\">\n\t\t\t<div class=\"pk-post-outer\">\n\n\t\t\t\t\t\t\t\t<div class=\"pk-post-inner\">\n\t\t\t\t\t<div class=\"entry-thumbnail\">\n\t\t\t\t\t\t<div class=\"pk-overlay pk-overlay-ratio pk-ratio-landscape\">\n\t\t\t\t\t\t\t<div class=\"pk-overlay-background\">\n\t\t\t\t\t\t\t\t<a href=\"https:\/\/webdelmaestrocmf.com\/portal\/la-mochila-invisible-del-docente-una-carga-que-el-sistema-aun-no-logra-ver\/\" class=\"pk-overlay-link\">\n\t\t\t\t\t\t\t\t\t<img loading=\"lazy\" decoding=\"async\" width=\"300\" height=\"225\" src=\"https:\/\/webdelmaestrocmf.com\/portal\/wp-content\/uploads\/2026\/04\/1AA-Banner-1-portada-imagen-10-1-copia-14-1-300x225.webp\" class=\"attachment-pk-thumbnail size-pk-thumbnail wp-post-image\" alt=\"\" \/>\t\t\t\t\t\t\t\t<\/a>\n\t\t\t\t\t\t\t<\/div>\n\t\t\t\t\t\t<\/div>\n\t\t\t\t\t<\/div>\n\t\t\t\t<\/div>\n\t\t\t\t\n\t\t\t\t<div class=\"pk-post-inner\">\n\t\t\t\t\t<header>\n\t\t\t\t\t\t<h3 class=\"pk-title\"><a href=\"https:\/\/webdelmaestrocmf.com\/portal\/la-mochila-invisible-del-docente-una-carga-que-el-sistema-aun-no-logra-ver\/\" rel=\"bookmark\">La mochila invisible del docente: una carga que el sistema a\u00fan no logra ver<\/a><\/h3>\t\t\t\t\t<\/header><!-- .entry-header -->\n\t\t\t\t<\/div><!-- .post-inner -->\n\n\t\t\t<\/div><!-- .post-outer -->\n\t\t<\/article>\n\t\t\t\t<\/div>\n\t\t<\/div>\n\t\t\n","protected":false},"excerpt":{"rendered":"La obra de Lev Vygotsky resplandece como un faro en el vasto oc\u00e9ano del conocimiento humano, iluminando las&hellip;","protected":false},"author":1,"featured_media":55192,"comment_status":"open","ping_status":"open","sticky":false,"template":"","format":"standard","meta":{"csco_display_header_overlay":false,"csco_singular_sidebar":"default","csco_page_header_type":"default","csco_page_load_nextpost":"default","csco_post_video_location":[],"csco_post_video_location_hash":"","csco_post_video_url":"","csco_post_video_bg_start_time":0,"csco_post_video_bg_end_time":0,"csco_post_video_bg_volume":false,"_jetpack_memberships_contains_paid_content":false,"footnotes":""},"categories":[570,139,735],"tags":[664,692,1725,22771,22774,22770,22772,22773,665,15703,22775,1724],"class_list":{"0":"post-13816","1":"post","2":"type-post","3":"status-publish","4":"format-standard","5":"has-post-thumbnail","7":"category-docentes","8":"category-visitadas","9":"category-pedagogia","10":"tag-aplicar","11":"tag-clase","12":"tag-lev-vygotsky","13":"tag-lev-vygotsky-biografia","14":"tag-lev-vygotsky-etapas-del-desarrollo","15":"tag-lev-vygotsky-teoria","16":"tag-lev-vygotsky-teoria-del-aprendizaje","17":"tag-lev-vygotsky-zona-de-desarrollo-proximo","18":"tag-teoria","19":"tag-teoria-sociocultural","20":"tag-teoria-y-practica","21":"tag-vygotsky","22":"cs-entry","23":"cs-video-wrap"},"yoast_head":"<!-- This site is optimized with the Yoast SEO plugin v27.5 - https:\/\/yoast.com\/product\/yoast-seo-wordpress\/ -->\n<title>Lev Vygotsky: teor\u00eda y pr\u00e1ctica - 2026<\/title>\n<meta name=\"description\" content=\"Lev Vygotsky: descubre los conceptos clave y la teor\u00eda de este psic\u00f3logo ruso. Zona de Desarrollo Pr\u00f3ximo, teor\u00eda sociocultural y m\u00e1s\" \/>\n<meta name=\"robots\" content=\"index, follow, max-snippet:-1, max-image-preview:large, max-video-preview:-1\" \/>\n<link rel=\"canonical\" href=\"https:\/\/webdelmaestrocmf.com\/portal\/la-teoria-de-lev-vygotsky-y-como-la-aplicamos-en-clase\/\" \/>\n<meta property=\"og:locale\" content=\"es_ES\" \/>\n<meta property=\"og:type\" content=\"article\" \/>\n<meta property=\"og:title\" content=\"Lev Vygotsky: teor\u00eda y pr\u00e1ctica - 2026\" \/>\n<meta property=\"og:description\" content=\"Lev Vygotsky: descubre los conceptos clave y la teor\u00eda de este psic\u00f3logo ruso. Zona de Desarrollo Pr\u00f3ximo, teor\u00eda sociocultural y m\u00e1s\" \/>\n<meta property=\"og:url\" content=\"https:\/\/webdelmaestrocmf.com\/portal\/la-teoria-de-lev-vygotsky-y-como-la-aplicamos-en-clase\/\" \/>\n<meta property=\"og:site_name\" content=\"Web del Maestro CMF\" \/>\n<meta property=\"article:publisher\" content=\"https:\/\/www.facebook.com\/WebdelMaestroCMF\/\" \/>\n<meta property=\"article:author\" content=\"https:\/\/www.facebook.com\/WebdelMaestroCMF\/\" \/>\n<meta property=\"article:published_time\" content=\"2023-11-05T03:20:07+00:00\" \/>\n<meta property=\"article:modified_time\" content=\"2023-11-05T14:42:41+00:00\" \/>\n<meta property=\"og:image\" content=\"https:\/\/webdelmaestrocmf.com\/portal\/wp-content\/uploads\/2019\/01\/0-1.jpg\" \/>\n\t<meta property=\"og:image:width\" content=\"1100\" \/>\n\t<meta property=\"og:image:height\" content=\"680\" \/>\n\t<meta property=\"og:image:type\" content=\"image\/jpeg\" \/>\n<meta name=\"author\" content=\"Web del Maestro CMF\" \/>\n<meta name=\"twitter:card\" content=\"summary_large_image\" \/>\n<meta name=\"twitter:creator\" content=\"@cmf_w\" \/>\n<meta name=\"twitter:site\" content=\"@cmf_w\" \/>\n<script type=\"application\/ld+json\" class=\"yoast-schema-graph\">{\"@context\":\"https:\\\/\\\/schema.org\",\"@graph\":[{\"@type\":\"ScholarlyArticle\",\"@id\":\"https:\\\/\\\/webdelmaestrocmf.com\\\/portal\\\/la-teoria-de-lev-vygotsky-y-como-la-aplicamos-en-clase\\\/#article\",\"isPartOf\":{\"@id\":\"https:\\\/\\\/webdelmaestrocmf.com\\\/portal\\\/la-teoria-de-lev-vygotsky-y-como-la-aplicamos-en-clase\\\/\"},\"author\":{\"name\":\"Web del Maestro CMF\",\"@id\":\"https:\\\/\\\/webdelmaestrocmf.com\\\/portal\\\/#\\\/schema\\\/person\\\/1072a2ed7bd960df8ef99a551fa35dc5\"},\"headline\":\"Lev Vygotsky: teor\u00eda y pr\u00e1ctica\",\"datePublished\":\"2023-11-05T03:20:07+00:00\",\"dateModified\":\"2023-11-05T14:42:41+00:00\",\"mainEntityOfPage\":{\"@id\":\"https:\\\/\\\/webdelmaestrocmf.com\\\/portal\\\/la-teoria-de-lev-vygotsky-y-como-la-aplicamos-en-clase\\\/\"},\"wordCount\":1749,\"commentCount\":4,\"publisher\":{\"@id\":\"https:\\\/\\\/webdelmaestrocmf.com\\\/portal\\\/#organization\"},\"image\":{\"@id\":\"https:\\\/\\\/webdelmaestrocmf.com\\\/portal\\\/la-teoria-de-lev-vygotsky-y-como-la-aplicamos-en-clase\\\/#primaryimage\"},\"thumbnailUrl\":\"https:\\\/\\\/webdelmaestrocmf.com\\\/portal\\\/wp-content\\\/uploads\\\/2019\\\/01\\\/0-1.jpg\",\"keywords\":[\"APLICAR\",\"CLASE\",\"LEV VYGOTSKY\",\"Lev Vygotsky biograf\u00eda\",\"Lev Vygotsky etapas del desarrollo\",\"Lev Vygotsky teor\u00eda\",\"Lev Vygotsky teor\u00eda del aprendizaje\",\"Lev Vygotsky zona de desarrollo pr\u00f3ximo\",\"TEOR\u00cdA\",\"Teor\u00eda Sociocultural\",\"teor\u00eda y pr\u00e1ctica\",\"VYGOTSKY\"],\"articleSection\":[\"Docentes\",\"Las m\u00e1s vistas\",\"Recursos\"],\"inLanguage\":\"es\",\"potentialAction\":[{\"@type\":\"CommentAction\",\"name\":\"Comment\",\"target\":[\"https:\\\/\\\/webdelmaestrocmf.com\\\/portal\\\/la-teoria-de-lev-vygotsky-y-como-la-aplicamos-en-clase\\\/#respond\"]}]},{\"@type\":\"WebPage\",\"@id\":\"https:\\\/\\\/webdelmaestrocmf.com\\\/portal\\\/la-teoria-de-lev-vygotsky-y-como-la-aplicamos-en-clase\\\/\",\"url\":\"https:\\\/\\\/webdelmaestrocmf.com\\\/portal\\\/la-teoria-de-lev-vygotsky-y-como-la-aplicamos-en-clase\\\/\",\"name\":\"Lev Vygotsky: teor\u00eda y pr\u00e1ctica - 2026\",\"isPartOf\":{\"@id\":\"https:\\\/\\\/webdelmaestrocmf.com\\\/portal\\\/#website\"},\"primaryImageOfPage\":{\"@id\":\"https:\\\/\\\/webdelmaestrocmf.com\\\/portal\\\/la-teoria-de-lev-vygotsky-y-como-la-aplicamos-en-clase\\\/#primaryimage\"},\"image\":{\"@id\":\"https:\\\/\\\/webdelmaestrocmf.com\\\/portal\\\/la-teoria-de-lev-vygotsky-y-como-la-aplicamos-en-clase\\\/#primaryimage\"},\"thumbnailUrl\":\"https:\\\/\\\/webdelmaestrocmf.com\\\/portal\\\/wp-content\\\/uploads\\\/2019\\\/01\\\/0-1.jpg\",\"datePublished\":\"2023-11-05T03:20:07+00:00\",\"dateModified\":\"2023-11-05T14:42:41+00:00\",\"description\":\"Lev Vygotsky: descubre los conceptos clave y la teor\u00eda de este psic\u00f3logo ruso. Zona de Desarrollo Pr\u00f3ximo, teor\u00eda sociocultural y m\u00e1s\",\"breadcrumb\":{\"@id\":\"https:\\\/\\\/webdelmaestrocmf.com\\\/portal\\\/la-teoria-de-lev-vygotsky-y-como-la-aplicamos-en-clase\\\/#breadcrumb\"},\"inLanguage\":\"es\",\"potentialAction\":[{\"@type\":\"ReadAction\",\"target\":[\"https:\\\/\\\/webdelmaestrocmf.com\\\/portal\\\/la-teoria-de-lev-vygotsky-y-como-la-aplicamos-en-clase\\\/\"]}]},{\"@type\":\"ImageObject\",\"inLanguage\":\"es\",\"@id\":\"https:\\\/\\\/webdelmaestrocmf.com\\\/portal\\\/la-teoria-de-lev-vygotsky-y-como-la-aplicamos-en-clase\\\/#primaryimage\",\"url\":\"https:\\\/\\\/webdelmaestrocmf.com\\\/portal\\\/wp-content\\\/uploads\\\/2019\\\/01\\\/0-1.jpg\",\"contentUrl\":\"https:\\\/\\\/webdelmaestrocmf.com\\\/portal\\\/wp-content\\\/uploads\\\/2019\\\/01\\\/0-1.jpg\",\"width\":1100,\"height\":680,\"caption\":\"Lev Vygotsky\"},{\"@type\":\"BreadcrumbList\",\"@id\":\"https:\\\/\\\/webdelmaestrocmf.com\\\/portal\\\/la-teoria-de-lev-vygotsky-y-como-la-aplicamos-en-clase\\\/#breadcrumb\",\"itemListElement\":[{\"@type\":\"ListItem\",\"position\":1,\"name\":\"Portada\",\"item\":\"https:\\\/\\\/webdelmaestrocmf.com\\\/portal\\\/\"},{\"@type\":\"ListItem\",\"position\":2,\"name\":\"Recursos\",\"item\":\"https:\\\/\\\/webdelmaestrocmf.com\\\/portal\\\/category\\\/pedagogia\\\/\"},{\"@type\":\"ListItem\",\"position\":3,\"name\":\"Lev Vygotsky: teor\u00eda y pr\u00e1ctica\"}]},{\"@type\":\"WebSite\",\"@id\":\"https:\\\/\\\/webdelmaestrocmf.com\\\/portal\\\/#website\",\"url\":\"https:\\\/\\\/webdelmaestrocmf.com\\\/portal\\\/\",\"name\":\"Web del Maestro CMF\",\"description\":\"Maestros al servicio de la educaci\u00f3n\",\"publisher\":{\"@id\":\"https:\\\/\\\/webdelmaestrocmf.com\\\/portal\\\/#organization\"},\"alternateName\":\"WMCMF\",\"potentialAction\":[{\"@type\":\"SearchAction\",\"target\":{\"@type\":\"EntryPoint\",\"urlTemplate\":\"https:\\\/\\\/webdelmaestrocmf.com\\\/portal\\\/?s={search_term_string}\"},\"query-input\":{\"@type\":\"PropertyValueSpecification\",\"valueRequired\":true,\"valueName\":\"search_term_string\"}}],\"inLanguage\":\"es\"},{\"@type\":\"Organization\",\"@id\":\"https:\\\/\\\/webdelmaestrocmf.com\\\/portal\\\/#organization\",\"name\":\"Web del Maestro CMF\",\"alternateName\":\"WMCMF\",\"url\":\"https:\\\/\\\/webdelmaestrocmf.com\\\/portal\\\/\",\"logo\":{\"@type\":\"ImageObject\",\"inLanguage\":\"es\",\"@id\":\"https:\\\/\\\/webdelmaestrocmf.com\\\/portal\\\/#\\\/schema\\\/logo\\\/image\\\/\",\"url\":\"https:\\\/\\\/webdelmaestrocmf.com\\\/portal\\\/wp-content\\\/uploads\\\/2023\\\/01\\\/logo-wmcmf-2.png\",\"contentUrl\":\"https:\\\/\\\/webdelmaestrocmf.com\\\/portal\\\/wp-content\\\/uploads\\\/2023\\\/01\\\/logo-wmcmf-2.png\",\"width\":200,\"height\":60,\"caption\":\"Web del Maestro CMF\"},\"image\":{\"@id\":\"https:\\\/\\\/webdelmaestrocmf.com\\\/portal\\\/#\\\/schema\\\/logo\\\/image\\\/\"},\"sameAs\":[\"https:\\\/\\\/www.facebook.com\\\/WebdelMaestroCMF\\\/\",\"https:\\\/\\\/x.com\\\/cmf_w\",\"https:\\\/\\\/www.pinterest.com\\\/WMCMF\\\/\",\"https:\\\/\\\/www.linkedin.com\\\/company\\\/web-del-maestro-cmf\\\/\",\"https:\\\/\\\/www.instagram.com\\\/wmcmf\\\/\",\"https:\\\/\\\/www.youtube.com\\\/channel\\\/UCDPSvjbdodE5sHnC3OxutHw\",\"https:\\\/\\\/mastodon.social\\\/@wmcmf\",\"https:\\\/\\\/www.tiktok.com\\\/@webdelmaestrocmf\"]},{\"@type\":\"Person\",\"@id\":\"https:\\\/\\\/webdelmaestrocmf.com\\\/portal\\\/#\\\/schema\\\/person\\\/1072a2ed7bd960df8ef99a551fa35dc5\",\"name\":\"Web del Maestro CMF\",\"image\":{\"@type\":\"ImageObject\",\"inLanguage\":\"es\",\"@id\":\"https:\\\/\\\/secure.gravatar.com\\\/avatar\\\/23291dd5b5ae1077dcff3dbb04c3e02bd28403fa75af6d8787d5e97c5bbbe30b?s=96&d=mm&r=g\",\"url\":\"https:\\\/\\\/secure.gravatar.com\\\/avatar\\\/23291dd5b5ae1077dcff3dbb04c3e02bd28403fa75af6d8787d5e97c5bbbe30b?s=96&d=mm&r=g\",\"contentUrl\":\"https:\\\/\\\/secure.gravatar.com\\\/avatar\\\/23291dd5b5ae1077dcff3dbb04c3e02bd28403fa75af6d8787d5e97c5bbbe30b?s=96&d=mm&r=g\",\"caption\":\"Web del Maestro CMF\"},\"description\":\"Esta Web se cre\u00f3 sin fines de lucro, con fines educativos, cient\u00edficos y acad\u00e9micos, para personas que tengan dificultades y\\\/o inconvenientes en visualizar el material original. El objetivo es entregar recursos, compartir experiencias y materiales que ayuden a los padres de familia, maestros y estudiantes en su actualizaci\u00f3n y formaci\u00f3n permanente, en bien de la Educaci\u00f3n.\",\"sameAs\":[\"http:\\\/\\\/webdelmaestrocmf.com\\\/portal\",\"https:\\\/\\\/www.facebook.com\\\/WebdelMaestroCMF\\\/\",\"https:\\\/\\\/www.instagram.com\\\/wmcmf\\\/\",\"https:\\\/\\\/cl.linkedin.com\\\/company\\\/web-del-maestro-cmf\",\"https:\\\/\\\/www.pinterest.com\\\/WMCMF\\\/publicaciones\\\/\",\"https:\\\/\\\/x.com\\\/cmf_w\",\"https:\\\/\\\/www.youtube.com\\\/@WMCMF\"]}]}<\/script>\n<!-- \/ Yoast SEO plugin. -->","yoast_head_json":{"title":"Lev Vygotsky: teor\u00eda y pr\u00e1ctica - 2026","description":"Lev Vygotsky: descubre los conceptos clave y la teor\u00eda de este psic\u00f3logo ruso. Zona de Desarrollo Pr\u00f3ximo, teor\u00eda sociocultural y m\u00e1s","robots":{"index":"index","follow":"follow","max-snippet":"max-snippet:-1","max-image-preview":"max-image-preview:large","max-video-preview":"max-video-preview:-1"},"canonical":"https:\/\/webdelmaestrocmf.com\/portal\/la-teoria-de-lev-vygotsky-y-como-la-aplicamos-en-clase\/","og_locale":"es_ES","og_type":"article","og_title":"Lev Vygotsky: teor\u00eda y pr\u00e1ctica - 2026","og_description":"Lev Vygotsky: descubre los conceptos clave y la teor\u00eda de este psic\u00f3logo ruso. Zona de Desarrollo Pr\u00f3ximo, teor\u00eda sociocultural y m\u00e1s","og_url":"https:\/\/webdelmaestrocmf.com\/portal\/la-teoria-de-lev-vygotsky-y-como-la-aplicamos-en-clase\/","og_site_name":"Web del Maestro CMF","article_publisher":"https:\/\/www.facebook.com\/WebdelMaestroCMF\/","article_author":"https:\/\/www.facebook.com\/WebdelMaestroCMF\/","article_published_time":"2023-11-05T03:20:07+00:00","article_modified_time":"2023-11-05T14:42:41+00:00","og_image":[{"width":1100,"height":680,"url":"https:\/\/webdelmaestrocmf.com\/portal\/wp-content\/uploads\/2019\/01\/0-1.jpg","type":"image\/jpeg"}],"author":"Web del Maestro CMF","twitter_card":"summary_large_image","twitter_creator":"@cmf_w","twitter_site":"@cmf_w","schema":{"@context":"https:\/\/schema.org","@graph":[{"@type":"ScholarlyArticle","@id":"https:\/\/webdelmaestrocmf.com\/portal\/la-teoria-de-lev-vygotsky-y-como-la-aplicamos-en-clase\/#article","isPartOf":{"@id":"https:\/\/webdelmaestrocmf.com\/portal\/la-teoria-de-lev-vygotsky-y-como-la-aplicamos-en-clase\/"},"author":{"name":"Web del Maestro CMF","@id":"https:\/\/webdelmaestrocmf.com\/portal\/#\/schema\/person\/1072a2ed7bd960df8ef99a551fa35dc5"},"headline":"Lev Vygotsky: teor\u00eda y pr\u00e1ctica","datePublished":"2023-11-05T03:20:07+00:00","dateModified":"2023-11-05T14:42:41+00:00","mainEntityOfPage":{"@id":"https:\/\/webdelmaestrocmf.com\/portal\/la-teoria-de-lev-vygotsky-y-como-la-aplicamos-en-clase\/"},"wordCount":1749,"commentCount":4,"publisher":{"@id":"https:\/\/webdelmaestrocmf.com\/portal\/#organization"},"image":{"@id":"https:\/\/webdelmaestrocmf.com\/portal\/la-teoria-de-lev-vygotsky-y-como-la-aplicamos-en-clase\/#primaryimage"},"thumbnailUrl":"https:\/\/webdelmaestrocmf.com\/portal\/wp-content\/uploads\/2019\/01\/0-1.jpg","keywords":["APLICAR","CLASE","LEV VYGOTSKY","Lev Vygotsky biograf\u00eda","Lev Vygotsky etapas del desarrollo","Lev Vygotsky teor\u00eda","Lev Vygotsky teor\u00eda del aprendizaje","Lev Vygotsky zona de desarrollo pr\u00f3ximo","TEOR\u00cdA","Teor\u00eda Sociocultural","teor\u00eda y pr\u00e1ctica","VYGOTSKY"],"articleSection":["Docentes","Las m\u00e1s vistas","Recursos"],"inLanguage":"es","potentialAction":[{"@type":"CommentAction","name":"Comment","target":["https:\/\/webdelmaestrocmf.com\/portal\/la-teoria-de-lev-vygotsky-y-como-la-aplicamos-en-clase\/#respond"]}]},{"@type":"WebPage","@id":"https:\/\/webdelmaestrocmf.com\/portal\/la-teoria-de-lev-vygotsky-y-como-la-aplicamos-en-clase\/","url":"https:\/\/webdelmaestrocmf.com\/portal\/la-teoria-de-lev-vygotsky-y-como-la-aplicamos-en-clase\/","name":"Lev Vygotsky: teor\u00eda y pr\u00e1ctica - 2026","isPartOf":{"@id":"https:\/\/webdelmaestrocmf.com\/portal\/#website"},"primaryImageOfPage":{"@id":"https:\/\/webdelmaestrocmf.com\/portal\/la-teoria-de-lev-vygotsky-y-como-la-aplicamos-en-clase\/#primaryimage"},"image":{"@id":"https:\/\/webdelmaestrocmf.com\/portal\/la-teoria-de-lev-vygotsky-y-como-la-aplicamos-en-clase\/#primaryimage"},"thumbnailUrl":"https:\/\/webdelmaestrocmf.com\/portal\/wp-content\/uploads\/2019\/01\/0-1.jpg","datePublished":"2023-11-05T03:20:07+00:00","dateModified":"2023-11-05T14:42:41+00:00","description":"Lev Vygotsky: descubre los conceptos clave y la teor\u00eda de este psic\u00f3logo ruso. Zona de Desarrollo Pr\u00f3ximo, teor\u00eda sociocultural y m\u00e1s","breadcrumb":{"@id":"https:\/\/webdelmaestrocmf.com\/portal\/la-teoria-de-lev-vygotsky-y-como-la-aplicamos-en-clase\/#breadcrumb"},"inLanguage":"es","potentialAction":[{"@type":"ReadAction","target":["https:\/\/webdelmaestrocmf.com\/portal\/la-teoria-de-lev-vygotsky-y-como-la-aplicamos-en-clase\/"]}]},{"@type":"ImageObject","inLanguage":"es","@id":"https:\/\/webdelmaestrocmf.com\/portal\/la-teoria-de-lev-vygotsky-y-como-la-aplicamos-en-clase\/#primaryimage","url":"https:\/\/webdelmaestrocmf.com\/portal\/wp-content\/uploads\/2019\/01\/0-1.jpg","contentUrl":"https:\/\/webdelmaestrocmf.com\/portal\/wp-content\/uploads\/2019\/01\/0-1.jpg","width":1100,"height":680,"caption":"Lev Vygotsky"},{"@type":"BreadcrumbList","@id":"https:\/\/webdelmaestrocmf.com\/portal\/la-teoria-de-lev-vygotsky-y-como-la-aplicamos-en-clase\/#breadcrumb","itemListElement":[{"@type":"ListItem","position":1,"name":"Portada","item":"https:\/\/webdelmaestrocmf.com\/portal\/"},{"@type":"ListItem","position":2,"name":"Recursos","item":"https:\/\/webdelmaestrocmf.com\/portal\/category\/pedagogia\/"},{"@type":"ListItem","position":3,"name":"Lev Vygotsky: teor\u00eda y pr\u00e1ctica"}]},{"@type":"WebSite","@id":"https:\/\/webdelmaestrocmf.com\/portal\/#website","url":"https:\/\/webdelmaestrocmf.com\/portal\/","name":"Web del Maestro CMF","description":"Maestros al servicio de la educaci\u00f3n","publisher":{"@id":"https:\/\/webdelmaestrocmf.com\/portal\/#organization"},"alternateName":"WMCMF","potentialAction":[{"@type":"SearchAction","target":{"@type":"EntryPoint","urlTemplate":"https:\/\/webdelmaestrocmf.com\/portal\/?s={search_term_string}"},"query-input":{"@type":"PropertyValueSpecification","valueRequired":true,"valueName":"search_term_string"}}],"inLanguage":"es"},{"@type":"Organization","@id":"https:\/\/webdelmaestrocmf.com\/portal\/#organization","name":"Web del Maestro CMF","alternateName":"WMCMF","url":"https:\/\/webdelmaestrocmf.com\/portal\/","logo":{"@type":"ImageObject","inLanguage":"es","@id":"https:\/\/webdelmaestrocmf.com\/portal\/#\/schema\/logo\/image\/","url":"https:\/\/webdelmaestrocmf.com\/portal\/wp-content\/uploads\/2023\/01\/logo-wmcmf-2.png","contentUrl":"https:\/\/webdelmaestrocmf.com\/portal\/wp-content\/uploads\/2023\/01\/logo-wmcmf-2.png","width":200,"height":60,"caption":"Web del Maestro CMF"},"image":{"@id":"https:\/\/webdelmaestrocmf.com\/portal\/#\/schema\/logo\/image\/"},"sameAs":["https:\/\/www.facebook.com\/WebdelMaestroCMF\/","https:\/\/x.com\/cmf_w","https:\/\/www.pinterest.com\/WMCMF\/","https:\/\/www.linkedin.com\/company\/web-del-maestro-cmf\/","https:\/\/www.instagram.com\/wmcmf\/","https:\/\/www.youtube.com\/channel\/UCDPSvjbdodE5sHnC3OxutHw","https:\/\/mastodon.social\/@wmcmf","https:\/\/www.tiktok.com\/@webdelmaestrocmf"]},{"@type":"Person","@id":"https:\/\/webdelmaestrocmf.com\/portal\/#\/schema\/person\/1072a2ed7bd960df8ef99a551fa35dc5","name":"Web del Maestro CMF","image":{"@type":"ImageObject","inLanguage":"es","@id":"https:\/\/secure.gravatar.com\/avatar\/23291dd5b5ae1077dcff3dbb04c3e02bd28403fa75af6d8787d5e97c5bbbe30b?s=96&d=mm&r=g","url":"https:\/\/secure.gravatar.com\/avatar\/23291dd5b5ae1077dcff3dbb04c3e02bd28403fa75af6d8787d5e97c5bbbe30b?s=96&d=mm&r=g","contentUrl":"https:\/\/secure.gravatar.com\/avatar\/23291dd5b5ae1077dcff3dbb04c3e02bd28403fa75af6d8787d5e97c5bbbe30b?s=96&d=mm&r=g","caption":"Web del Maestro CMF"},"description":"Esta Web se cre\u00f3 sin fines de lucro, con fines educativos, cient\u00edficos y acad\u00e9micos, para personas que tengan dificultades y\/o inconvenientes en visualizar el material original. El objetivo es entregar recursos, compartir experiencias y materiales que ayuden a los padres de familia, maestros y estudiantes en su actualizaci\u00f3n y formaci\u00f3n permanente, en bien de la Educaci\u00f3n.","sameAs":["http:\/\/webdelmaestrocmf.com\/portal","https:\/\/www.facebook.com\/WebdelMaestroCMF\/","https:\/\/www.instagram.com\/wmcmf\/","https:\/\/cl.linkedin.com\/company\/web-del-maestro-cmf","https:\/\/www.pinterest.com\/WMCMF\/publicaciones\/","https:\/\/x.com\/cmf_w","https:\/\/www.youtube.com\/@WMCMF"]}]}},"jetpack_featured_media_url":"https:\/\/webdelmaestrocmf.com\/portal\/wp-content\/uploads\/2019\/01\/0-1.jpg","jetpack_sharing_enabled":true,"jetpack-related-posts":[{"id":90808,"url":"https:\/\/webdelmaestrocmf.com\/portal\/los-superpoderes-intelectuales-de-lev-vygotsky\/","url_meta":{"origin":13816,"position":0},"title":"Los S\u00faperpoderes Intelectuales de Lev Vygotsky","author":"Web del Maestro CMF","date":"20 julio, 2023","format":false,"excerpt":"En el campo de la psicolog\u00eda y la teor\u00eda del aprendizaje, pocos nombres resuenan tan fuertemente como el de Lev Vygotsky. Este destacado psic\u00f3logo y te\u00f3rico ruso, nacido a fines del siglo XIX, no pose\u00eda habilidades sobrenaturales, pero sus conceptos y teor\u00edas han sido tan influyentes que podr\u00edan considerarse aut\u00e9nticos\u2026","rel":"","context":"En \u00abPedagog\u00eda\u00bb","block_context":{"text":"Pedagog\u00eda","link":"https:\/\/webdelmaestrocmf.com\/portal\/category\/pedagogia\/pedagogia-pedagogia\/"},"img":{"alt_text":"Lev Vygotsky","src":"https:\/\/i0.wp.com\/webdelmaestrocmf.com\/portal\/wp-content\/uploads\/2023\/07\/A12B3C4D-16-1.jpg?resize=350%2C200&ssl=1","width":350,"height":200,"srcset":"https:\/\/i0.wp.com\/webdelmaestrocmf.com\/portal\/wp-content\/uploads\/2023\/07\/A12B3C4D-16-1.jpg?resize=350%2C200&ssl=1 1x, https:\/\/i0.wp.com\/webdelmaestrocmf.com\/portal\/wp-content\/uploads\/2023\/07\/A12B3C4D-16-1.jpg?resize=525%2C300&ssl=1 1.5x, https:\/\/i0.wp.com\/webdelmaestrocmf.com\/portal\/wp-content\/uploads\/2023\/07\/A12B3C4D-16-1.jpg?resize=700%2C400&ssl=1 2x"},"classes":[]},{"id":22440,"url":"https:\/\/webdelmaestrocmf.com\/portal\/libro-vygotsky-aprendizaje-escolar-recomendado-maestros\/","url_meta":{"origin":13816,"position":1},"title":"Lev Vigotsky y el aprendizaje escolar: Libro para docentes","author":"Web del Maestro CMF","date":"5 agosto, 2019","format":false,"excerpt":"Ricardo Baquero,\u00a0investigador y docente universitario,\u00a0es uno de los principales especialistas argentinos en la obra de\u00a0Lev Vygotski, a quien ha dedicado buena parte de su labor. Convers\u00f3 con\u00a0educ.ar\u00a0acerca de los principales lineamientos del legado del psic\u00f3logo ruso. Habla de su ambicioso proyecto te\u00f3rico que sigue vigente para analizar las pr\u00e1cticas de\u2026","rel":"","context":"En \u00abLas m\u00e1s vistas\u00bb","block_context":{"text":"Las m\u00e1s vistas","link":"https:\/\/webdelmaestrocmf.com\/portal\/category\/pedagogia\/visitadas\/"},"img":{"alt_text":"Lev Vigotsky","src":"https:\/\/i0.wp.com\/webdelmaestrocmf.com\/portal\/wp-content\/uploads\/2019\/08\/1-105.jpg?resize=350%2C200&ssl=1","width":350,"height":200,"srcset":"https:\/\/i0.wp.com\/webdelmaestrocmf.com\/portal\/wp-content\/uploads\/2019\/08\/1-105.jpg?resize=350%2C200&ssl=1 1x, https:\/\/i0.wp.com\/webdelmaestrocmf.com\/portal\/wp-content\/uploads\/2019\/08\/1-105.jpg?resize=525%2C300&ssl=1 1.5x, https:\/\/i0.wp.com\/webdelmaestrocmf.com\/portal\/wp-content\/uploads\/2019\/08\/1-105.jpg?resize=700%2C400&ssl=1 2x, https:\/\/i0.wp.com\/webdelmaestrocmf.com\/portal\/wp-content\/uploads\/2019\/08\/1-105.jpg?resize=1050%2C600&ssl=1 3x"},"classes":[]},{"id":68928,"url":"https:\/\/webdelmaestrocmf.com\/portal\/que-es-la-zona-de-desarrollo-proximo-segun-lev-vygotsky-y-como-seria-su-aplicacion-en-el-aula\/","url_meta":{"origin":13816,"position":2},"title":"\u00bfQu\u00e9 es la Zona de Desarrollo Pr\u00f3ximo seg\u00fan Lev Vygotsky? y \u00bfC\u00f3mo ser\u00eda su aplicaci\u00f3n en el aula?","author":"Web del Maestro CMF","date":"23 noviembre, 2024","format":false,"excerpt":"La zona de desarrollo pr\u00f3ximo es el espacio entre lo que un alumno puede hacer solo y lo que logra con ayuda.","rel":"","context":"En \u00abPedagog\u00eda\u00bb","block_context":{"text":"Pedagog\u00eda","link":"https:\/\/webdelmaestrocmf.com\/portal\/category\/pedagogia\/educacion-pedagogia\/"},"img":{"alt_text":"","src":"https:\/\/i0.wp.com\/webdelmaestrocmf.com\/portal\/wp-content\/uploads\/2021\/10\/1A-Banner-1-portada-imagen-10-1.jpg?resize=350%2C200&ssl=1","width":350,"height":200,"srcset":"https:\/\/i0.wp.com\/webdelmaestrocmf.com\/portal\/wp-content\/uploads\/2021\/10\/1A-Banner-1-portada-imagen-10-1.jpg?resize=350%2C200&ssl=1 1x, https:\/\/i0.wp.com\/webdelmaestrocmf.com\/portal\/wp-content\/uploads\/2021\/10\/1A-Banner-1-portada-imagen-10-1.jpg?resize=525%2C300&ssl=1 1.5x, https:\/\/i0.wp.com\/webdelmaestrocmf.com\/portal\/wp-content\/uploads\/2021\/10\/1A-Banner-1-portada-imagen-10-1.jpg?resize=700%2C400&ssl=1 2x"},"classes":[]},{"id":27612,"url":"https:\/\/webdelmaestrocmf.com\/portal\/vygotsky-y-la-teoria-sociocultural-del-desarrollo-cognitivo\/","url_meta":{"origin":13816,"position":3},"title":"Lev Vygotsky y la Teor\u00eda Sociocultural del Desarrollo Cognitivo","author":"Web del Maestro CMF","date":"15 noviembre, 2019","format":false,"excerpt":"Lev Semi\u00f3novich Vygotsky\u00a0es el autor de la\u00a0Teor\u00eda Sociocultural o Hist\u00f3rico-cultural del desarrollo humano. \u00c9l diferencia entre una\u00a0l\u00ednea natural\u00a0del desarrollo y una\u00a0l\u00ednea cultural\u00a0del desarrollo. El desarrollo en la l\u00ednea natural, determinado por factores de naturaleza biol\u00f3gica, da lugar a las funciones psicol\u00f3gicas elementales, mientras que el desarrollo en la l\u00ednea cultural,\u2026","rel":"","context":"En \u00abDescargas Manuales PDF\u00bb","block_context":{"text":"Descargas Manuales PDF","link":"https:\/\/webdelmaestrocmf.com\/portal\/category\/pedagogia\/descargas-manuales-pdf\/"},"img":{"alt_text":"","src":"https:\/\/i0.wp.com\/webdelmaestrocmf.com\/portal\/wp-content\/uploads\/2018\/05\/1-125.jpg?resize=350%2C200&ssl=1","width":350,"height":200,"srcset":"https:\/\/i0.wp.com\/webdelmaestrocmf.com\/portal\/wp-content\/uploads\/2018\/05\/1-125.jpg?resize=350%2C200&ssl=1 1x, https:\/\/i0.wp.com\/webdelmaestrocmf.com\/portal\/wp-content\/uploads\/2018\/05\/1-125.jpg?resize=525%2C300&ssl=1 1.5x, https:\/\/i0.wp.com\/webdelmaestrocmf.com\/portal\/wp-content\/uploads\/2018\/05\/1-125.jpg?resize=700%2C400&ssl=1 2x, https:\/\/i0.wp.com\/webdelmaestrocmf.com\/portal\/wp-content\/uploads\/2018\/05\/1-125.jpg?resize=1050%2C600&ssl=1 3x"},"classes":[]},{"id":25580,"url":"https:\/\/webdelmaestrocmf.com\/portal\/diferencias-similitudes-la-teoria-evolutiva-piaget-vygotsky\/","url_meta":{"origin":13816,"position":4},"title":"Diferencias y similitudes entre la teor\u00eda evolutiva de Piaget y Vygotsky","author":"Web del Maestro CMF","date":"4 marzo, 2026","format":false,"excerpt":"Piaget y Vygotsky explican c\u00f3mo aprenden los ni\u00f1os: uno enfatiza el desarrollo cognitivo individual y el otro la interacci\u00f3n social.","rel":"","context":"En \u00abDocentes\u00bb","block_context":{"text":"Docentes","link":"https:\/\/webdelmaestrocmf.com\/portal\/category\/pedagogia\/docentes\/"},"img":{"alt_text":"","src":"https:\/\/i0.wp.com\/webdelmaestrocmf.com\/portal\/wp-content\/uploads\/2018\/06\/1A-Banner-1-portada-imagen-10-1-copia.webp?resize=350%2C200&ssl=1","width":350,"height":200,"srcset":"https:\/\/i0.wp.com\/webdelmaestrocmf.com\/portal\/wp-content\/uploads\/2018\/06\/1A-Banner-1-portada-imagen-10-1-copia.webp?resize=350%2C200&ssl=1 1x, https:\/\/i0.wp.com\/webdelmaestrocmf.com\/portal\/wp-content\/uploads\/2018\/06\/1A-Banner-1-portada-imagen-10-1-copia.webp?resize=525%2C300&ssl=1 1.5x, https:\/\/i0.wp.com\/webdelmaestrocmf.com\/portal\/wp-content\/uploads\/2018\/06\/1A-Banner-1-portada-imagen-10-1-copia.webp?resize=700%2C400&ssl=1 2x"},"classes":[]},{"id":86939,"url":"https:\/\/webdelmaestrocmf.com\/portal\/sintesis-de-la-zona-de-desarrollo-proximo-de-lev-vygostky-y-como-debemos-aplicacion-en-el-aula\/","url_meta":{"origin":13816,"position":5},"title":"S\u00edntesis de la Zona de Desarrollo Pr\u00f3ximo de Lev Vygostky y c\u00f3mo debemos aplicaci\u00f3n en el aula","author":"Web del Maestro CMF","date":"9 abril, 2023","format":false,"excerpt":"La\u00a0zona de desarrollo pr\u00f3ximo\u00a0(ZDP) es uno de los aportes m\u00e1s importantes del psic\u00f3logo Lev Semionovich Vigotsky, quien es el fundador del enfoque hist\u00f3rico-cultural. Este enfoque surgi\u00f3 en Rusia a comienzos del siglo\u00a0XX\u00a0en el momento en que el pa\u00eds estaba inmerso en la construcci\u00f3n de un proyecto social sin antecedentes en\u2026","rel":"","context":"En \u00abRecursos\u00bb","block_context":{"text":"Recursos","link":"https:\/\/webdelmaestrocmf.com\/portal\/category\/pedagogia\/"},"img":{"alt_text":"","src":"https:\/\/i0.wp.com\/webdelmaestrocmf.com\/portal\/wp-content\/uploads\/2023\/04\/A12B3C4D-3-2.jpg?resize=350%2C200&ssl=1","width":350,"height":200,"srcset":"https:\/\/i0.wp.com\/webdelmaestrocmf.com\/portal\/wp-content\/uploads\/2023\/04\/A12B3C4D-3-2.jpg?resize=350%2C200&ssl=1 1x, https:\/\/i0.wp.com\/webdelmaestrocmf.com\/portal\/wp-content\/uploads\/2023\/04\/A12B3C4D-3-2.jpg?resize=525%2C300&ssl=1 1.5x, https:\/\/i0.wp.com\/webdelmaestrocmf.com\/portal\/wp-content\/uploads\/2023\/04\/A12B3C4D-3-2.jpg?resize=700%2C400&ssl=1 2x"},"classes":[]}],"_links":{"self":[{"href":"https:\/\/webdelmaestrocmf.com\/portal\/wp-json\/wp\/v2\/posts\/13816","targetHints":{"allow":["GET"]}}],"collection":[{"href":"https:\/\/webdelmaestrocmf.com\/portal\/wp-json\/wp\/v2\/posts"}],"about":[{"href":"https:\/\/webdelmaestrocmf.com\/portal\/wp-json\/wp\/v2\/types\/post"}],"author":[{"embeddable":true,"href":"https:\/\/webdelmaestrocmf.com\/portal\/wp-json\/wp\/v2\/users\/1"}],"replies":[{"embeddable":true,"href":"https:\/\/webdelmaestrocmf.com\/portal\/wp-json\/wp\/v2\/comments?post=13816"}],"version-history":[{"count":0,"href":"https:\/\/webdelmaestrocmf.com\/portal\/wp-json\/wp\/v2\/posts\/13816\/revisions"}],"wp:featuredmedia":[{"embeddable":true,"href":"https:\/\/webdelmaestrocmf.com\/portal\/wp-json\/wp\/v2\/media\/55192"}],"wp:attachment":[{"href":"https:\/\/webdelmaestrocmf.com\/portal\/wp-json\/wp\/v2\/media?parent=13816"}],"wp:term":[{"taxonomy":"category","embeddable":true,"href":"https:\/\/webdelmaestrocmf.com\/portal\/wp-json\/wp\/v2\/categories?post=13816"},{"taxonomy":"post_tag","embeddable":true,"href":"https:\/\/webdelmaestrocmf.com\/portal\/wp-json\/wp\/v2\/tags?post=13816"}],"curies":[{"name":"wp","href":"https:\/\/api.w.org\/{rel}","templated":true}]}}