{"id":13700,"date":"2024-12-04T10:00:40","date_gmt":"2024-12-04T13:00:40","guid":{"rendered":"http:\/\/webdelmaestrocmf.com\/portal\/?p=13700"},"modified":"2024-12-04T11:12:35","modified_gmt":"2024-12-04T14:12:35","slug":"michael-apple-los-ninos-prefieren-jugar-angry-birds-leer","status":"publish","type":"post","link":"https:\/\/webdelmaestrocmf.com\/portal\/michael-apple-los-ninos-prefieren-jugar-angry-birds-leer\/","title":{"rendered":"Michael Apple: Hemos conseguido que los ni\u00f1os odien leer"},"content":{"rendered":"<p style=\"text-align: justify;\">El fil\u00f3sofo Michael W. Apple (1942) es un especialista en educaci\u00f3n, y un experto en la teor\u00eda curricular y la investigaci\u00f3n, la ense\u00f1anza fundamental, y el desarrollo de las escuelas democr\u00e1ticas. Es particularmente un estudioso cr\u00edtico de la teor\u00eda de Paulo Freire. Actualmente es profesor en la Universidad de Wisconsin-Madison (USA).<\/p>\n<p><!--more--><\/p>\n<p style=\"text-align: justify;\">Compartimos, con fines \u00fanicamente educativos la entrevista que sostuvo con Paula Molina del Portal \u201cQu\u00e9 Pasa\u201d de Chile; y aunque se refiere en particular a la educaci\u00f3n chilena (en buena parte del di\u00e1logo), consideramos muy interesante conocer su opini\u00f3n tambi\u00e9n sobre los salarios y la evaluaci\u00f3n docente, Singapur, Inglaterra y la excesiva preparaci\u00f3n para las pruebas, que han hecho a los ni\u00f1os restar importancia a la lectura.<\/p>\n<h2 style=\"text-align: left;\"><strong>\u201cHemos conseguido que los ni\u00f1os odien leer\u201d<\/strong><\/h2>\n<p style=\"text-align: justify;\">El estadounidense Michael Apple, uno de los fil\u00f3sofos de la educaci\u00f3n m\u00e1s importantes del mundo, advierte sobre los modelos educativos que est\u00e1 mirando Chile en su reforma, y sobre el peligro de los test. \u201cUno no es un n\u00famero\u201d, sentencia.<\/p>\n<p style=\"text-align: justify;\">\u201cMe preocupa Chile\u201d, dice Michael Apple.<\/p>\n<p style=\"text-align: justify;\">Se trata de uno de los principales fil\u00f3sofos de la educaci\u00f3n en el mundo. Acad\u00e9mico estadounidense, profesor de la Universidad de Wisconsin-Madison, Apple es uno de los principales te\u00f3ricos de la pedagog\u00eda cr\u00edtica de Paulo Freire, y la suya es una mirada inquisitiva sobre la educaci\u00f3n en su pa\u00eds y en el mundo, similar a la que plantea Noam Chomsky en pol\u00edtica.<\/p>\n<p style=\"text-align: justify;\">El profesor recibe a <em>Qu\u00e9 Pasa<\/em> en la capital chilena, hasta donde viaj\u00f3 para ser investido como Doctor Honoris Causa de la Universidad de Santiago.<\/p>\n<p><img loading=\"lazy\" decoding=\"async\" class=\"alignnone size-full wp-image-107059\" src=\"https:\/\/webdelmaestrocmf.com\/portal\/wp-content\/uploads\/2019\/06\/Banner-1-portada-imagen-10-1.jpg\" alt=\"\" width=\"1024\" height=\"1024\" srcset=\"https:\/\/webdelmaestrocmf.com\/portal\/wp-content\/uploads\/2019\/06\/Banner-1-portada-imagen-10-1.jpg 1024w, https:\/\/webdelmaestrocmf.com\/portal\/wp-content\/uploads\/2019\/06\/Banner-1-portada-imagen-10-1-300x300.jpg 300w, https:\/\/webdelmaestrocmf.com\/portal\/wp-content\/uploads\/2019\/06\/Banner-1-portada-imagen-10-1-150x150.jpg 150w, https:\/\/webdelmaestrocmf.com\/portal\/wp-content\/uploads\/2019\/06\/Banner-1-portada-imagen-10-1-768x768.jpg 768w, https:\/\/webdelmaestrocmf.com\/portal\/wp-content\/uploads\/2019\/06\/Banner-1-portada-imagen-10-1-80x80.jpg 80w, https:\/\/webdelmaestrocmf.com\/portal\/wp-content\/uploads\/2019\/06\/Banner-1-portada-imagen-10-1-110x110.jpg 110w, https:\/\/webdelmaestrocmf.com\/portal\/wp-content\/uploads\/2019\/06\/Banner-1-portada-imagen-10-1-380x380.jpg 380w, https:\/\/webdelmaestrocmf.com\/portal\/wp-content\/uploads\/2019\/06\/Banner-1-portada-imagen-10-1-550x550.jpg 550w, https:\/\/webdelmaestrocmf.com\/portal\/wp-content\/uploads\/2019\/06\/Banner-1-portada-imagen-10-1-800x800.jpg 800w\" sizes=\"auto, (max-width: 1024px) 100vw, 1024px\" \/><\/p>\n<h2 style=\"text-align: left;\"><strong>\u2014\u00bfQu\u00e9 le preocupa de Chile?<\/strong><\/h2>\n<p style=\"text-align: justify;\">\u2014Chile ha liderado un tipo particular de reforma durante las \u00faltimas d\u00e9cadas, basada en los vouchers, la privatizaci\u00f3n, la profesionalizaci\u00f3n de los profesores, la selecci\u00f3n de los alumnos. Bachelet est\u00e1 tratando de moderar y cambiar esas reformas. Es un paquete, pero algunos de sus elementos me preocupan. Uno de ellos es el de los <em>vouchers<\/em>. Est\u00e1 ampliamente probado que los <em>vouchers<\/em> no reducen la desigualdad y que, en el mejor de los casos, la mantienen. En Estados Unidos han tenido efectos muy perversos.<\/p>\n<h2 style=\"text-align: left;\"><strong>\u2014\u00bfQu\u00e9 otro aspecto le inquieta?<\/strong><\/h2>\n<p style=\"text-align: justify;\">\u2014Lo que se llama la profesionalizaci\u00f3n de los profesores. Dar\u00e9 un ejemplo estadounidense, ya que Chile ha tomado mucho de all\u00e1, desde los Chicago Boys hasta su armamento. All\u00ed Obama, a quien respeto, propuso que el salario de los profesores dependiera en parte de los resultados de las pruebas a los estudiantes.<\/p>\n<p style=\"text-align: justify;\">Pero ya sabemos, ampliamente, que si miro d\u00f3nde vives y en qu\u00e9 trabajan tus padres, voy a ser capaz de predecir, con una peque\u00f1a variaci\u00f3n estad\u00edstica, c\u00f3mo te va a ir en cualquier prueba que te tome. A\u00fan as\u00ed, el sistema hace que a los profesores s\u00f3lo les preocupen las pruebas, y a los ni\u00f1os s\u00f3lo se los prepare para contestarlas. Los profesores son menos profesionales, menos aut\u00f3nomos y la mayor\u00eda de los ni\u00f1os recibe una educaci\u00f3n poco robusta, donde no se les ense\u00f1a ciencia, ni arte, no leen nada importante, porque s\u00f3lo los evaluamos seg\u00fan sus habilidades b\u00e1sicas en lectura y matem\u00e1ticas. Miro a Chile con los ojos de muchos pa\u00edses, respeto las luchas por la democracia que aqu\u00ed se han dado, pero me preocupa que en la reforma se incorporen ideas que vienen de EE.UU. o Inglaterra, cuando all\u00e1 est\u00e1n en el debate.<\/p>\n<h2 style=\"text-align: left;\"><strong>\u2014\u00bfHacia d\u00f3nde mirar\u00eda usted, en cambio?<\/strong><\/h2>\n<p style=\"text-align: justify;\">\u2014Si Chile va a mirar a otros pa\u00edses, tiene que saber qu\u00e9 est\u00e1 pasando en ellos. En Inglaterra se est\u00e1 planteando convertir los colegios en \u201cacademias\u201d, que dependan a nivel local, que compitan entre ellas en un sistema muy similar al que se impuso en Chile. Eso reduce el presupuesto p\u00fablico para educaci\u00f3n, y favorece a los colegios privados y a las familias que pueden pagarlos. Sabemos que los barrios determinar\u00e1n los resultados de los colegios. Sabemos que los colegios seleccionan a los alumnos, aunque el Estado lo proh\u00edba. La idea del sistema es que los padres eligen, pero eso no pasa en ning\u00fan lugar del mundo. Los colegios eligen a los ni\u00f1os y a los padres.<\/p>\n<p><img loading=\"lazy\" decoding=\"async\" class=\"alignnone size-full wp-image-37837\" src=\"http:\/\/webdelmaestrocmf.com\/portal\/wp-content\/uploads\/2018\/03\/3.jpg\" alt=\"\" width=\"900\" height=\"600\" srcset=\"https:\/\/webdelmaestrocmf.com\/portal\/wp-content\/uploads\/2018\/03\/3.jpg 900w, https:\/\/webdelmaestrocmf.com\/portal\/wp-content\/uploads\/2018\/03\/3-300x200.jpg 300w, https:\/\/webdelmaestrocmf.com\/portal\/wp-content\/uploads\/2018\/03\/3-768x512.jpg 768w, https:\/\/webdelmaestrocmf.com\/portal\/wp-content\/uploads\/2018\/03\/3-700x466.jpg 700w\" sizes=\"auto, (max-width: 900px) 100vw, 900px\" \/><\/p>\n<h2 style=\"text-align: left;\"><strong>\u2014Descartamos Inglaterra entonces&#8230;<\/strong><\/h2>\n<p style=\"text-align: justify;\">\u2014Y claro, hay una naci\u00f3n que, se supone, valdr\u00eda la pena mirar: Finlandia. He pasado mucho tiempo en Finlandia, y me parecer\u00eda perfecto seguir su ejemplo, si Chile o Estados Unidos, que tambi\u00e9n ama a Finlandia, como casi todos los pa\u00edses, hicieran lo que ellos hacen: doblar o triplicar el sueldo de los profesores, pagar sus estudios de posgrado, permitir sindicatos poderosos. Y necesitar\u00edamos adem\u00e1s un sistema de seguridad social muy fuerte, para que la diferencia entre ricos y pobres sea peque\u00f1a. En Chile es enorme, igual que en Estados Unidos, donde adem\u00e1s va en aumento. En Finlandia, si un padre queda sin trabajo, su hijo recibir\u00e1 ropa de calidad, para que nadie sea marginado porque no tiene qu\u00e9 ponerse. Si quiero seguir el camino de un pa\u00eds, no s\u00f3lo mirar\u00eda su educaci\u00f3n, sino todo lo dem\u00e1s.<\/p>\n<h2 style=\"text-align: left;\"><strong>\u2014\u00bfMirar\u00eda a otros pa\u00edses con buenos resultados?<\/strong><\/h2>\n<p style=\"text-align: justify;\">\u2014Primero, insistir\u00eda: los buenos alumnos y los buenos profesores no se miden en las pruebas. Yo nac\u00ed muy pobre. Fui la primera generaci\u00f3n de mi familia que termin\u00f3 la educaci\u00f3n secundaria. Y aqu\u00ed estoy, soy un profesor. As\u00ed que yo s\u00e9 que, a veces, las escuelas pueden compensar la pobreza. Pero tambi\u00e9n s\u00e9 que la mayor parte del tiempo no pueden, a menos que la educaci\u00f3n se vincule a otras reformas sociales.<\/p>\n<h2 style=\"text-align: left;\"><strong>\u2014\u00bfQu\u00e9 piensa del caso de Singapur?<\/strong>\u2014<\/h2>\n<p style=\"text-align: justify;\">En el caso de Singapur hay escuelas de \u00e9lite, donde los alumnos reciben una educaci\u00f3n creativa, interesante, orientada a formar doctores, pol\u00edticos, abogados. El resto de la poblaci\u00f3n es educado para responder las pruebas. Y luego tienes un enorme grupo de inmigrantes provenientes de China, India, Filipinas a cuyos hijos, simplemente, no se les toma la prueba. Shangh\u00e1i es aun m\u00e1s interesante. Yo hice clases en Shangh\u00e1i, que es una ciudad impresionante. Imagina una ciudad donde todos los edificios son como el que ustedes tienen en Santiago (la torre del Costanera Center). Se ve muy rico. Pero en China unos 300 millones de personas han migrado del campo a la ciudad. Y China desarroll\u00f3 un sistema de pases de residencia para moverse de un lado hacia otro. Con los trabajadores hace vista ciega, porque necesita mano de obra, pero que no les permite traer a sus hijos a la ciudad. Los ni\u00f1os entran igual, pero quedan sin acceso a la educaci\u00f3n. Los educan de forma ilegal, en f\u00e1bricas viejas, en garajes sin calefacci\u00f3n. O los incorporan a programas de \u201ceducaci\u00f3n especial\u201d, pero en ning\u00fan caso rinden las pruebas. S\u00f3lo los ni\u00f1os que tienen permiso de residencia van a las escuelas p\u00fablicas y dan las pruebas. Mi punto es que las mediciones pueden ser muy enga\u00f1osas. Chile debe entender que si toma una idea de Singapur, o de c\u00f3mo se ense\u00f1a matem\u00e1ticas en Shangh\u00e1i, tiene que preguntarse cu\u00e1nto sabe de esa sociedad.<\/p>\n<h2 style=\"text-align: left;\"><strong>\u2014\u00bfCu\u00e1l es la alternativa a las pruebas estandarizadas para medir la educaci\u00f3n?<\/strong><\/h2>\n<p style=\"text-align: justify;\">\u2014Tenemos que encontrar formas distintas de evaluaci\u00f3n. En Maine, Estados Unidos, s\u00f3lo el 25% de la evaluaci\u00f3n de ni\u00f1os y profesores se basa en sus resultados en las pruebas. El resto es observaci\u00f3n, participaci\u00f3n, se contempla el portafolio de los estudiantes, su desempe\u00f1o en arte, poes\u00eda, su capacidad para escribir ensayos. Son evaluaciones que toman tiempo y trabajo. Pero los profesores sienten que se les trata como a profesionales, y no sienten que tienen una prueba sobre su cabeza cada d\u00eda.<\/p>\n<h2 style=\"text-align: left;\"><strong>\u2014\u00bfNo hay nada que podamos aprender de los resultados de las pruebas?<\/strong><\/h2>\n<p style=\"text-align: justify;\">\u2014Parte de la realidad se puede evaluar a trav\u00e9s de n\u00fameros. En educaci\u00f3n, los n\u00fameros son los test. Pero si usted le pide a alguien que eval\u00fae su d\u00eda, esa persona no le dar\u00e1 un n\u00famero, le va a contar una historia. Uno no es un n\u00famero, uno tiene un relato mucho m\u00e1s rico. No me opongo a la evidencia, pero los profesores y la comunidad deben debatir qu\u00e9 evidencia necesitan. Por qu\u00e9 resultados van a juzgar a los profesores. La educaci\u00f3n no deber\u00eda tratarse s\u00f3lo de pruebas, deber\u00eda dar a los ni\u00f1os las habilidades para reflexionar sobre su vida, para pensar en su futuro y el de su naci\u00f3n. Si no, la educaci\u00f3n ser\u00eda una f\u00e1brica. Es en el colegio donde aprendemos a cooperar, a compartir, a ser solidarios.<\/p>\n<h2 style=\"text-align: left;\"><strong>\u2014\u00bfQu\u00e9 pasa con los alumnos frente a las pruebas?<\/strong><\/h2>\n<p style=\"text-align: justify;\">\u2014Incluso en los colegios donde les va bien, cuando les preguntan a los ni\u00f1os si les gusta leer, responden cosas como \u201cno, lo odio\u201d. El foco en los test genera una disposici\u00f3n negativa hacia el aprendizaje. Eso es lo que llamamos el \u201ccurr\u00edculo oculto\u201d. Los colegios har\u00e1n cualquier cosa para mejorar su resultado en las pruebas, porque ellos y los profesores dependen de esos resultados y se ha convencido a los padres de que eso es lo \u00fanico que importa. Pasa en Chile, Estados Unidos, Francia, Alemania. Lo que hemos conseguido es que los ni\u00f1os odian leer. Y luego nos preguntamos por qu\u00e9, cuando tratamos de conversar con ellos, prefieren jugar <em>Angry Birds<\/em>. Porque les han dicho que leer no es algo valioso para ellos, que s\u00f3lo vale para tomar una prueba.<\/p>\n<h2 style=\"text-align: left;\"><strong>\u2014\u00bfCu\u00e1nto hay de pol\u00edtica en la educaci\u00f3n?<\/strong><\/h2>\n<p style=\"text-align: justify;\">\u2014La educaci\u00f3n siempre es pol\u00edtica. Yo uso el concepto de \u201cconocimiento leg\u00edtimo u oficial\u201d. De cientos y miles de cosas posibles, s\u00f3lo elegimos algunas para ense\u00f1ar a los ni\u00f1os. Esa elecci\u00f3n es un acto pol\u00edtico.<\/p>\n<p style=\"text-align: justify;\">\u00a0<strong><span class=\"_4yxo\">Este contenido ha sido publicado originalmente por Qu\u00e9 Pasa\u00a0en la siguiente direcci\u00f3n: <a href=\"http:\/\/www.quepasa.cl\/\" target=\"_blank\" rel=\"noopener noreferrer\">quepasa.cl<\/a>\u00a0<\/span><\/strong><\/p>\n\t\t<div class=\"pk-inline-posts\">\n\t\t\t\n\t\t\t<div class=\"pk-inline-posts-container pk-inline-posts-template-list\"\n\t\t\t\tdata-columns=\"1\">\n\t\t\t\t\t\t<article id=\"post-118510\" class=\"post-118510 post type-post status-publish format-standard has-post-thumbnail category-entrevistas category-noticias tag-aprendizaje tag-aula tag-docentes tag-educacion-2 tag-estudiantes tag-filosofia-2 tag-formacion-2 tag-inteligencia tag-jose-antonio-marina tag-pedagogia-2 tag-pensamiento-critico-2 cs-entry cs-video-wrap\">\n\t\t\t<div class=\"pk-post-outer\">\n\n\t\t\t\t\t\t\t\t<div class=\"pk-post-inner\">\n\t\t\t\t\t<div class=\"entry-thumbnail\">\n\t\t\t\t\t\t<div class=\"pk-overlay pk-overlay-ratio pk-ratio-landscape\">\n\t\t\t\t\t\t\t<div class=\"pk-overlay-background\">\n\t\t\t\t\t\t\t\t<a href=\"https:\/\/webdelmaestrocmf.com\/portal\/jose-antonio-marina-si-no-teneis-pensamiento-critico-o-si-no-hay-pensamiento-critico-la-manipulacion-va-a-ser-muy-sencilla\/\" class=\"pk-overlay-link\">\n\t\t\t\t\t\t\t\t\t<img loading=\"lazy\" decoding=\"async\" width=\"300\" height=\"225\" src=\"https:\/\/webdelmaestrocmf.com\/portal\/wp-content\/uploads\/2026\/04\/1AA-Banner-1-portada-imagen-10-1-copia-5-6-300x225.webp\" class=\"attachment-pk-thumbnail size-pk-thumbnail wp-post-image\" alt=\"\" \/>\t\t\t\t\t\t\t\t<\/a>\n\t\t\t\t\t\t\t<\/div>\n\t\t\t\t\t\t<\/div>\n\t\t\t\t\t<\/div>\n\t\t\t\t<\/div>\n\t\t\t\t\n\t\t\t\t<div class=\"pk-post-inner\">\n\t\t\t\t\t<header>\n\t\t\t\t\t\t<h3 class=\"pk-title\"><a href=\"https:\/\/webdelmaestrocmf.com\/portal\/jose-antonio-marina-si-no-teneis-pensamiento-critico-o-si-no-hay-pensamiento-critico-la-manipulacion-va-a-ser-muy-sencilla\/\" rel=\"bookmark\">Jos\u00e9 Antonio Marina: Si no ten\u00e9is pensamiento cr\u00edtico, o si no hay pensamiento cr\u00edtico, la manipulaci\u00f3n va a ser muy sencilla<\/a><\/h3>\t\t\t\t\t<\/header><!-- .entry-header -->\n\t\t\t\t<\/div><!-- .post-inner -->\n\n\t\t\t<\/div><!-- .post-outer -->\n\t\t<\/article>\n\t\t\t<article id=\"post-113504\" class=\"post-113504 post type-post status-publish format-standard has-post-thumbnail category-entrevistas category-noticias tag-alumno tag-begona-ibarrola-2 tag-desmotivado tag-vago cs-entry cs-video-wrap\">\n\t\t\t<div class=\"pk-post-outer\">\n\n\t\t\t\t\t\t\t\t<div class=\"pk-post-inner\">\n\t\t\t\t\t<div class=\"entry-thumbnail\">\n\t\t\t\t\t\t<div class=\"pk-overlay pk-overlay-ratio pk-ratio-landscape\">\n\t\t\t\t\t\t\t<div class=\"pk-overlay-background\">\n\t\t\t\t\t\t\t\t<a href=\"https:\/\/webdelmaestrocmf.com\/portal\/begona-ibarrola-debemos-distinguir-entre-un-alumno-verdaderamente-vago-y-uno-que-esta-desmotivado-porque-anticipa-el-fracaso\/\" class=\"pk-overlay-link\">\n\t\t\t\t\t\t\t\t\t<img loading=\"lazy\" decoding=\"async\" width=\"300\" height=\"225\" src=\"https:\/\/webdelmaestrocmf.com\/portal\/wp-content\/uploads\/2025\/11\/1AA-Banner-1-portada-imagen-10-1-copia-3-300x225.webp\" class=\"attachment-pk-thumbnail size-pk-thumbnail wp-post-image\" alt=\"\" \/>\t\t\t\t\t\t\t\t<\/a>\n\t\t\t\t\t\t\t<\/div>\n\t\t\t\t\t\t<\/div>\n\t\t\t\t\t<\/div>\n\t\t\t\t<\/div>\n\t\t\t\t\n\t\t\t\t<div class=\"pk-post-inner\">\n\t\t\t\t\t<header>\n\t\t\t\t\t\t<h3 class=\"pk-title\"><a href=\"https:\/\/webdelmaestrocmf.com\/portal\/begona-ibarrola-debemos-distinguir-entre-un-alumno-verdaderamente-vago-y-uno-que-esta-desmotivado-porque-anticipa-el-fracaso\/\" rel=\"bookmark\">Bego\u00f1a Ibarrola: Debemos distinguir entre un alumno verdaderamente vago y uno que est\u00e1 desmotivado porque anticipa el fracaso<\/a><\/h3>\t\t\t\t\t<\/header><!-- .entry-header -->\n\t\t\t\t<\/div><!-- .post-inner -->\n\n\t\t\t<\/div><!-- .post-outer -->\n\t\t<\/article>\n\t\t\t<article id=\"post-118480\" class=\"post-118480 post type-post status-publish format-standard has-post-thumbnail category-entrevistas category-noticias tag-aprendizaje tag-autonomia-3 tag-desarrollo tag-docentes tag-educacion-2 tag-ensenanza-2 tag-escuela tag-infancia tag-juego tag-pedagogia-2 cs-entry cs-video-wrap\">\n\t\t\t<div class=\"pk-post-outer\">\n\n\t\t\t\t\t\t\t\t<div class=\"pk-post-inner\">\n\t\t\t\t\t<div class=\"entry-thumbnail\">\n\t\t\t\t\t\t<div class=\"pk-overlay pk-overlay-ratio pk-ratio-landscape\">\n\t\t\t\t\t\t\t<div class=\"pk-overlay-background\">\n\t\t\t\t\t\t\t\t<a href=\"https:\/\/webdelmaestrocmf.com\/portal\/francesco-tonucci-hoy-la-escuela-esta-asumiendo-un-error-fatal-que-es-hacer-mas-un-papel-de-ninera-que-de-estructura-educativa\/\" class=\"pk-overlay-link\">\n\t\t\t\t\t\t\t\t\t<img loading=\"lazy\" decoding=\"async\" width=\"300\" height=\"225\" src=\"https:\/\/webdelmaestrocmf.com\/portal\/wp-content\/uploads\/2026\/04\/1AA-Banner-1-portada-imagen-10-1-copia-2-9-300x225.webp\" class=\"attachment-pk-thumbnail size-pk-thumbnail wp-post-image\" alt=\"\" \/>\t\t\t\t\t\t\t\t<\/a>\n\t\t\t\t\t\t\t<\/div>\n\t\t\t\t\t\t<\/div>\n\t\t\t\t\t<\/div>\n\t\t\t\t<\/div>\n\t\t\t\t\n\t\t\t\t<div class=\"pk-post-inner\">\n\t\t\t\t\t<header>\n\t\t\t\t\t\t<h3 class=\"pk-title\"><a href=\"https:\/\/webdelmaestrocmf.com\/portal\/francesco-tonucci-hoy-la-escuela-esta-asumiendo-un-error-fatal-que-es-hacer-mas-un-papel-de-ninera-que-de-estructura-educativa\/\" rel=\"bookmark\">Francesco Tonucci: Hoy la escuela est\u00e1 asumiendo un error fatal que es hacer m\u00e1s un papel de ni\u00f1era que de estructura educativa<\/a><\/h3>\t\t\t\t\t<\/header><!-- .entry-header -->\n\t\t\t\t<\/div><!-- .post-inner -->\n\n\t\t\t<\/div><!-- .post-outer -->\n\t\t<\/article>\n\t\t\t\t<\/div>\n\t\t<\/div>\n\t\t\n","protected":false},"excerpt":{"rendered":"El fil\u00f3sofo Michael W. Apple (1942) es un especialista en educaci\u00f3n, y un experto en la teor\u00eda curricular&hellip;","protected":false},"author":1,"featured_media":107059,"comment_status":"open","ping_status":"open","sticky":false,"template":"","format":"standard","meta":{"csco_display_header_overlay":false,"csco_singular_sidebar":"disabled","csco_page_header_type":"large","csco_page_load_nextpost":"default","csco_post_video_location":[],"csco_post_video_location_hash":"","csco_post_video_url":"","csco_post_video_bg_start_time":0,"csco_post_video_bg_end_time":0,"csco_post_video_bg_volume":false,"_jetpack_memberships_contains_paid_content":false,"footnotes":""},"categories":[48,47],"tags":[1712,1713,628,1711,297],"class_list":{"0":"post-13700","1":"post","2":"type-post","3":"status-publish","4":"format-standard","5":"has-post-thumbnail","7":"category-entrevistas","8":"category-noticias","9":"tag-angry-birds","10":"tag-jugar","11":"tag-leer","12":"tag-michael-apple","13":"tag-ninos","14":"cs-entry","15":"cs-video-wrap"},"yoast_head":"<!-- This site is optimized with the Yoast SEO plugin v27.5 - https:\/\/yoast.com\/product\/yoast-seo-wordpress\/ -->\n<title>Michael Apple: Hemos conseguido que los ni\u00f1os odien leer<\/title>\n<meta name=\"description\" content=\"El estadounidense Michael Apple, uno de los fil\u00f3sofos de la educaci\u00f3n m\u00e1s importantes del mundo, advierte sobre los modelos educativos que...\" \/>\n<meta name=\"robots\" content=\"index, follow, max-snippet:-1, max-image-preview:large, max-video-preview:-1\" \/>\n<link rel=\"canonical\" href=\"https:\/\/webdelmaestrocmf.com\/portal\/michael-apple-los-ninos-prefieren-jugar-angry-birds-leer\/\" \/>\n<meta property=\"og:locale\" content=\"es_ES\" \/>\n<meta property=\"og:type\" content=\"article\" \/>\n<meta property=\"og:title\" content=\"Michael Apple: Hemos conseguido que los ni\u00f1os odien leer\" \/>\n<meta property=\"og:description\" content=\"El estadounidense Michael Apple, uno de los fil\u00f3sofos de la educaci\u00f3n m\u00e1s importantes del mundo, advierte sobre los modelos educativos que...\" \/>\n<meta property=\"og:url\" content=\"https:\/\/webdelmaestrocmf.com\/portal\/michael-apple-los-ninos-prefieren-jugar-angry-birds-leer\/\" \/>\n<meta property=\"og:site_name\" content=\"Web del Maestro CMF\" \/>\n<meta property=\"article:publisher\" content=\"https:\/\/www.facebook.com\/WebdelMaestroCMF\/\" \/>\n<meta property=\"article:author\" content=\"https:\/\/www.facebook.com\/WebdelMaestroCMF\/\" \/>\n<meta property=\"article:published_time\" content=\"2024-12-04T13:00:40+00:00\" \/>\n<meta property=\"article:modified_time\" content=\"2024-12-04T14:12:35+00:00\" \/>\n<meta property=\"og:image\" content=\"https:\/\/webdelmaestrocmf.com\/portal\/wp-content\/uploads\/2019\/06\/Banner-1-portada-imagen-10-1.jpg\" \/>\n\t<meta property=\"og:image:width\" content=\"1024\" \/>\n\t<meta property=\"og:image:height\" content=\"1024\" \/>\n\t<meta property=\"og:image:type\" content=\"image\/jpeg\" \/>\n<meta name=\"author\" content=\"Web del Maestro CMF\" \/>\n<meta name=\"twitter:card\" content=\"summary_large_image\" \/>\n<meta name=\"twitter:creator\" content=\"@cmf_w\" \/>\n<meta name=\"twitter:site\" content=\"@cmf_w\" \/>\n<script type=\"application\/ld+json\" class=\"yoast-schema-graph\">{\"@context\":\"https:\\\/\\\/schema.org\",\"@graph\":[{\"@type\":\"ScholarlyArticle\",\"@id\":\"https:\\\/\\\/webdelmaestrocmf.com\\\/portal\\\/michael-apple-los-ninos-prefieren-jugar-angry-birds-leer\\\/#article\",\"isPartOf\":{\"@id\":\"https:\\\/\\\/webdelmaestrocmf.com\\\/portal\\\/michael-apple-los-ninos-prefieren-jugar-angry-birds-leer\\\/\"},\"author\":{\"name\":\"Web del Maestro CMF\",\"@id\":\"https:\\\/\\\/webdelmaestrocmf.com\\\/portal\\\/#\\\/schema\\\/person\\\/1072a2ed7bd960df8ef99a551fa35dc5\"},\"headline\":\"Michael Apple: Hemos conseguido que los ni\u00f1os odien leer\",\"datePublished\":\"2024-12-04T13:00:40+00:00\",\"dateModified\":\"2024-12-04T14:12:35+00:00\",\"mainEntityOfPage\":{\"@id\":\"https:\\\/\\\/webdelmaestrocmf.com\\\/portal\\\/michael-apple-los-ninos-prefieren-jugar-angry-birds-leer\\\/\"},\"wordCount\":1733,\"commentCount\":2,\"publisher\":{\"@id\":\"https:\\\/\\\/webdelmaestrocmf.com\\\/portal\\\/#organization\"},\"image\":{\"@id\":\"https:\\\/\\\/webdelmaestrocmf.com\\\/portal\\\/michael-apple-los-ninos-prefieren-jugar-angry-birds-leer\\\/#primaryimage\"},\"thumbnailUrl\":\"https:\\\/\\\/webdelmaestrocmf.com\\\/portal\\\/wp-content\\\/uploads\\\/2019\\\/06\\\/Banner-1-portada-imagen-10-1.jpg\",\"keywords\":[\"ANGRY BIRDS\",\"JUGAR\",\"LEER\",\"MICHAEL APPLE\",\"Ni\u00f1os\"],\"articleSection\":[\"Entrevistas\",\"Noticias\"],\"inLanguage\":\"es\",\"potentialAction\":[{\"@type\":\"CommentAction\",\"name\":\"Comment\",\"target\":[\"https:\\\/\\\/webdelmaestrocmf.com\\\/portal\\\/michael-apple-los-ninos-prefieren-jugar-angry-birds-leer\\\/#respond\"]}]},{\"@type\":\"WebPage\",\"@id\":\"https:\\\/\\\/webdelmaestrocmf.com\\\/portal\\\/michael-apple-los-ninos-prefieren-jugar-angry-birds-leer\\\/\",\"url\":\"https:\\\/\\\/webdelmaestrocmf.com\\\/portal\\\/michael-apple-los-ninos-prefieren-jugar-angry-birds-leer\\\/\",\"name\":\"Michael Apple: Hemos conseguido que los ni\u00f1os odien leer\",\"isPartOf\":{\"@id\":\"https:\\\/\\\/webdelmaestrocmf.com\\\/portal\\\/#website\"},\"primaryImageOfPage\":{\"@id\":\"https:\\\/\\\/webdelmaestrocmf.com\\\/portal\\\/michael-apple-los-ninos-prefieren-jugar-angry-birds-leer\\\/#primaryimage\"},\"image\":{\"@id\":\"https:\\\/\\\/webdelmaestrocmf.com\\\/portal\\\/michael-apple-los-ninos-prefieren-jugar-angry-birds-leer\\\/#primaryimage\"},\"thumbnailUrl\":\"https:\\\/\\\/webdelmaestrocmf.com\\\/portal\\\/wp-content\\\/uploads\\\/2019\\\/06\\\/Banner-1-portada-imagen-10-1.jpg\",\"datePublished\":\"2024-12-04T13:00:40+00:00\",\"dateModified\":\"2024-12-04T14:12:35+00:00\",\"description\":\"El estadounidense Michael Apple, uno de los fil\u00f3sofos de la educaci\u00f3n m\u00e1s importantes del mundo, advierte sobre los modelos educativos que...\",\"breadcrumb\":{\"@id\":\"https:\\\/\\\/webdelmaestrocmf.com\\\/portal\\\/michael-apple-los-ninos-prefieren-jugar-angry-birds-leer\\\/#breadcrumb\"},\"inLanguage\":\"es\",\"potentialAction\":[{\"@type\":\"ReadAction\",\"target\":[\"https:\\\/\\\/webdelmaestrocmf.com\\\/portal\\\/michael-apple-los-ninos-prefieren-jugar-angry-birds-leer\\\/\"]}]},{\"@type\":\"ImageObject\",\"inLanguage\":\"es\",\"@id\":\"https:\\\/\\\/webdelmaestrocmf.com\\\/portal\\\/michael-apple-los-ninos-prefieren-jugar-angry-birds-leer\\\/#primaryimage\",\"url\":\"https:\\\/\\\/webdelmaestrocmf.com\\\/portal\\\/wp-content\\\/uploads\\\/2019\\\/06\\\/Banner-1-portada-imagen-10-1.jpg\",\"contentUrl\":\"https:\\\/\\\/webdelmaestrocmf.com\\\/portal\\\/wp-content\\\/uploads\\\/2019\\\/06\\\/Banner-1-portada-imagen-10-1.jpg\",\"width\":1024,\"height\":1024},{\"@type\":\"BreadcrumbList\",\"@id\":\"https:\\\/\\\/webdelmaestrocmf.com\\\/portal\\\/michael-apple-los-ninos-prefieren-jugar-angry-birds-leer\\\/#breadcrumb\",\"itemListElement\":[{\"@type\":\"ListItem\",\"position\":1,\"name\":\"Portada\",\"item\":\"https:\\\/\\\/webdelmaestrocmf.com\\\/portal\\\/\"},{\"@type\":\"ListItem\",\"position\":2,\"name\":\"Noticias\",\"item\":\"https:\\\/\\\/webdelmaestrocmf.com\\\/portal\\\/category\\\/noticias\\\/\"},{\"@type\":\"ListItem\",\"position\":3,\"name\":\"Michael Apple: Hemos conseguido que los ni\u00f1os odien leer\"}]},{\"@type\":\"WebSite\",\"@id\":\"https:\\\/\\\/webdelmaestrocmf.com\\\/portal\\\/#website\",\"url\":\"https:\\\/\\\/webdelmaestrocmf.com\\\/portal\\\/\",\"name\":\"Web del Maestro CMF\",\"description\":\"Maestros al servicio de la educaci\u00f3n\",\"publisher\":{\"@id\":\"https:\\\/\\\/webdelmaestrocmf.com\\\/portal\\\/#organization\"},\"alternateName\":\"WMCMF\",\"potentialAction\":[{\"@type\":\"SearchAction\",\"target\":{\"@type\":\"EntryPoint\",\"urlTemplate\":\"https:\\\/\\\/webdelmaestrocmf.com\\\/portal\\\/?s={search_term_string}\"},\"query-input\":{\"@type\":\"PropertyValueSpecification\",\"valueRequired\":true,\"valueName\":\"search_term_string\"}}],\"inLanguage\":\"es\"},{\"@type\":\"Organization\",\"@id\":\"https:\\\/\\\/webdelmaestrocmf.com\\\/portal\\\/#organization\",\"name\":\"Web del Maestro CMF\",\"alternateName\":\"WMCMF\",\"url\":\"https:\\\/\\\/webdelmaestrocmf.com\\\/portal\\\/\",\"logo\":{\"@type\":\"ImageObject\",\"inLanguage\":\"es\",\"@id\":\"https:\\\/\\\/webdelmaestrocmf.com\\\/portal\\\/#\\\/schema\\\/logo\\\/image\\\/\",\"url\":\"https:\\\/\\\/webdelmaestrocmf.com\\\/portal\\\/wp-content\\\/uploads\\\/2023\\\/01\\\/logo-wmcmf-2.png\",\"contentUrl\":\"https:\\\/\\\/webdelmaestrocmf.com\\\/portal\\\/wp-content\\\/uploads\\\/2023\\\/01\\\/logo-wmcmf-2.png\",\"width\":200,\"height\":60,\"caption\":\"Web del Maestro CMF\"},\"image\":{\"@id\":\"https:\\\/\\\/webdelmaestrocmf.com\\\/portal\\\/#\\\/schema\\\/logo\\\/image\\\/\"},\"sameAs\":[\"https:\\\/\\\/www.facebook.com\\\/WebdelMaestroCMF\\\/\",\"https:\\\/\\\/x.com\\\/cmf_w\",\"https:\\\/\\\/www.pinterest.com\\\/WMCMF\\\/\",\"https:\\\/\\\/www.linkedin.com\\\/company\\\/web-del-maestro-cmf\\\/\",\"https:\\\/\\\/www.instagram.com\\\/wmcmf\\\/\",\"https:\\\/\\\/www.youtube.com\\\/channel\\\/UCDPSvjbdodE5sHnC3OxutHw\",\"https:\\\/\\\/mastodon.social\\\/@wmcmf\",\"https:\\\/\\\/www.tiktok.com\\\/@webdelmaestrocmf\"]},{\"@type\":\"Person\",\"@id\":\"https:\\\/\\\/webdelmaestrocmf.com\\\/portal\\\/#\\\/schema\\\/person\\\/1072a2ed7bd960df8ef99a551fa35dc5\",\"name\":\"Web del Maestro CMF\",\"image\":{\"@type\":\"ImageObject\",\"inLanguage\":\"es\",\"@id\":\"https:\\\/\\\/secure.gravatar.com\\\/avatar\\\/23291dd5b5ae1077dcff3dbb04c3e02bd28403fa75af6d8787d5e97c5bbbe30b?s=96&d=mm&r=g\",\"url\":\"https:\\\/\\\/secure.gravatar.com\\\/avatar\\\/23291dd5b5ae1077dcff3dbb04c3e02bd28403fa75af6d8787d5e97c5bbbe30b?s=96&d=mm&r=g\",\"contentUrl\":\"https:\\\/\\\/secure.gravatar.com\\\/avatar\\\/23291dd5b5ae1077dcff3dbb04c3e02bd28403fa75af6d8787d5e97c5bbbe30b?s=96&d=mm&r=g\",\"caption\":\"Web del Maestro CMF\"},\"description\":\"Esta Web se cre\u00f3 sin fines de lucro, con fines educativos, cient\u00edficos y acad\u00e9micos, para personas que tengan dificultades y\\\/o inconvenientes en visualizar el material original. El objetivo es entregar recursos, compartir experiencias y materiales que ayuden a los padres de familia, maestros y estudiantes en su actualizaci\u00f3n y formaci\u00f3n permanente, en bien de la Educaci\u00f3n.\",\"sameAs\":[\"http:\\\/\\\/webdelmaestrocmf.com\\\/portal\",\"https:\\\/\\\/www.facebook.com\\\/WebdelMaestroCMF\\\/\",\"https:\\\/\\\/www.instagram.com\\\/wmcmf\\\/\",\"https:\\\/\\\/cl.linkedin.com\\\/company\\\/web-del-maestro-cmf\",\"https:\\\/\\\/www.pinterest.com\\\/WMCMF\\\/publicaciones\\\/\",\"https:\\\/\\\/x.com\\\/cmf_w\",\"https:\\\/\\\/www.youtube.com\\\/@WMCMF\"]}]}<\/script>\n<!-- \/ Yoast SEO plugin. -->","yoast_head_json":{"title":"Michael Apple: Hemos conseguido que los ni\u00f1os odien leer","description":"El estadounidense Michael Apple, uno de los fil\u00f3sofos de la educaci\u00f3n m\u00e1s importantes del mundo, advierte sobre los modelos educativos que...","robots":{"index":"index","follow":"follow","max-snippet":"max-snippet:-1","max-image-preview":"max-image-preview:large","max-video-preview":"max-video-preview:-1"},"canonical":"https:\/\/webdelmaestrocmf.com\/portal\/michael-apple-los-ninos-prefieren-jugar-angry-birds-leer\/","og_locale":"es_ES","og_type":"article","og_title":"Michael Apple: Hemos conseguido que los ni\u00f1os odien leer","og_description":"El estadounidense Michael Apple, uno de los fil\u00f3sofos de la educaci\u00f3n m\u00e1s importantes del mundo, advierte sobre los modelos educativos que...","og_url":"https:\/\/webdelmaestrocmf.com\/portal\/michael-apple-los-ninos-prefieren-jugar-angry-birds-leer\/","og_site_name":"Web del Maestro CMF","article_publisher":"https:\/\/www.facebook.com\/WebdelMaestroCMF\/","article_author":"https:\/\/www.facebook.com\/WebdelMaestroCMF\/","article_published_time":"2024-12-04T13:00:40+00:00","article_modified_time":"2024-12-04T14:12:35+00:00","og_image":[{"width":1024,"height":1024,"url":"https:\/\/webdelmaestrocmf.com\/portal\/wp-content\/uploads\/2019\/06\/Banner-1-portada-imagen-10-1.jpg","type":"image\/jpeg"}],"author":"Web del Maestro CMF","twitter_card":"summary_large_image","twitter_creator":"@cmf_w","twitter_site":"@cmf_w","schema":{"@context":"https:\/\/schema.org","@graph":[{"@type":"ScholarlyArticle","@id":"https:\/\/webdelmaestrocmf.com\/portal\/michael-apple-los-ninos-prefieren-jugar-angry-birds-leer\/#article","isPartOf":{"@id":"https:\/\/webdelmaestrocmf.com\/portal\/michael-apple-los-ninos-prefieren-jugar-angry-birds-leer\/"},"author":{"name":"Web del Maestro CMF","@id":"https:\/\/webdelmaestrocmf.com\/portal\/#\/schema\/person\/1072a2ed7bd960df8ef99a551fa35dc5"},"headline":"Michael Apple: Hemos conseguido que los ni\u00f1os odien leer","datePublished":"2024-12-04T13:00:40+00:00","dateModified":"2024-12-04T14:12:35+00:00","mainEntityOfPage":{"@id":"https:\/\/webdelmaestrocmf.com\/portal\/michael-apple-los-ninos-prefieren-jugar-angry-birds-leer\/"},"wordCount":1733,"commentCount":2,"publisher":{"@id":"https:\/\/webdelmaestrocmf.com\/portal\/#organization"},"image":{"@id":"https:\/\/webdelmaestrocmf.com\/portal\/michael-apple-los-ninos-prefieren-jugar-angry-birds-leer\/#primaryimage"},"thumbnailUrl":"https:\/\/webdelmaestrocmf.com\/portal\/wp-content\/uploads\/2019\/06\/Banner-1-portada-imagen-10-1.jpg","keywords":["ANGRY BIRDS","JUGAR","LEER","MICHAEL APPLE","Ni\u00f1os"],"articleSection":["Entrevistas","Noticias"],"inLanguage":"es","potentialAction":[{"@type":"CommentAction","name":"Comment","target":["https:\/\/webdelmaestrocmf.com\/portal\/michael-apple-los-ninos-prefieren-jugar-angry-birds-leer\/#respond"]}]},{"@type":"WebPage","@id":"https:\/\/webdelmaestrocmf.com\/portal\/michael-apple-los-ninos-prefieren-jugar-angry-birds-leer\/","url":"https:\/\/webdelmaestrocmf.com\/portal\/michael-apple-los-ninos-prefieren-jugar-angry-birds-leer\/","name":"Michael Apple: Hemos conseguido que los ni\u00f1os odien leer","isPartOf":{"@id":"https:\/\/webdelmaestrocmf.com\/portal\/#website"},"primaryImageOfPage":{"@id":"https:\/\/webdelmaestrocmf.com\/portal\/michael-apple-los-ninos-prefieren-jugar-angry-birds-leer\/#primaryimage"},"image":{"@id":"https:\/\/webdelmaestrocmf.com\/portal\/michael-apple-los-ninos-prefieren-jugar-angry-birds-leer\/#primaryimage"},"thumbnailUrl":"https:\/\/webdelmaestrocmf.com\/portal\/wp-content\/uploads\/2019\/06\/Banner-1-portada-imagen-10-1.jpg","datePublished":"2024-12-04T13:00:40+00:00","dateModified":"2024-12-04T14:12:35+00:00","description":"El estadounidense Michael Apple, uno de los fil\u00f3sofos de la educaci\u00f3n m\u00e1s importantes del mundo, advierte sobre los modelos educativos que...","breadcrumb":{"@id":"https:\/\/webdelmaestrocmf.com\/portal\/michael-apple-los-ninos-prefieren-jugar-angry-birds-leer\/#breadcrumb"},"inLanguage":"es","potentialAction":[{"@type":"ReadAction","target":["https:\/\/webdelmaestrocmf.com\/portal\/michael-apple-los-ninos-prefieren-jugar-angry-birds-leer\/"]}]},{"@type":"ImageObject","inLanguage":"es","@id":"https:\/\/webdelmaestrocmf.com\/portal\/michael-apple-los-ninos-prefieren-jugar-angry-birds-leer\/#primaryimage","url":"https:\/\/webdelmaestrocmf.com\/portal\/wp-content\/uploads\/2019\/06\/Banner-1-portada-imagen-10-1.jpg","contentUrl":"https:\/\/webdelmaestrocmf.com\/portal\/wp-content\/uploads\/2019\/06\/Banner-1-portada-imagen-10-1.jpg","width":1024,"height":1024},{"@type":"BreadcrumbList","@id":"https:\/\/webdelmaestrocmf.com\/portal\/michael-apple-los-ninos-prefieren-jugar-angry-birds-leer\/#breadcrumb","itemListElement":[{"@type":"ListItem","position":1,"name":"Portada","item":"https:\/\/webdelmaestrocmf.com\/portal\/"},{"@type":"ListItem","position":2,"name":"Noticias","item":"https:\/\/webdelmaestrocmf.com\/portal\/category\/noticias\/"},{"@type":"ListItem","position":3,"name":"Michael Apple: Hemos conseguido que los ni\u00f1os odien leer"}]},{"@type":"WebSite","@id":"https:\/\/webdelmaestrocmf.com\/portal\/#website","url":"https:\/\/webdelmaestrocmf.com\/portal\/","name":"Web del Maestro CMF","description":"Maestros al servicio de la educaci\u00f3n","publisher":{"@id":"https:\/\/webdelmaestrocmf.com\/portal\/#organization"},"alternateName":"WMCMF","potentialAction":[{"@type":"SearchAction","target":{"@type":"EntryPoint","urlTemplate":"https:\/\/webdelmaestrocmf.com\/portal\/?s={search_term_string}"},"query-input":{"@type":"PropertyValueSpecification","valueRequired":true,"valueName":"search_term_string"}}],"inLanguage":"es"},{"@type":"Organization","@id":"https:\/\/webdelmaestrocmf.com\/portal\/#organization","name":"Web del Maestro CMF","alternateName":"WMCMF","url":"https:\/\/webdelmaestrocmf.com\/portal\/","logo":{"@type":"ImageObject","inLanguage":"es","@id":"https:\/\/webdelmaestrocmf.com\/portal\/#\/schema\/logo\/image\/","url":"https:\/\/webdelmaestrocmf.com\/portal\/wp-content\/uploads\/2023\/01\/logo-wmcmf-2.png","contentUrl":"https:\/\/webdelmaestrocmf.com\/portal\/wp-content\/uploads\/2023\/01\/logo-wmcmf-2.png","width":200,"height":60,"caption":"Web del Maestro CMF"},"image":{"@id":"https:\/\/webdelmaestrocmf.com\/portal\/#\/schema\/logo\/image\/"},"sameAs":["https:\/\/www.facebook.com\/WebdelMaestroCMF\/","https:\/\/x.com\/cmf_w","https:\/\/www.pinterest.com\/WMCMF\/","https:\/\/www.linkedin.com\/company\/web-del-maestro-cmf\/","https:\/\/www.instagram.com\/wmcmf\/","https:\/\/www.youtube.com\/channel\/UCDPSvjbdodE5sHnC3OxutHw","https:\/\/mastodon.social\/@wmcmf","https:\/\/www.tiktok.com\/@webdelmaestrocmf"]},{"@type":"Person","@id":"https:\/\/webdelmaestrocmf.com\/portal\/#\/schema\/person\/1072a2ed7bd960df8ef99a551fa35dc5","name":"Web del Maestro CMF","image":{"@type":"ImageObject","inLanguage":"es","@id":"https:\/\/secure.gravatar.com\/avatar\/23291dd5b5ae1077dcff3dbb04c3e02bd28403fa75af6d8787d5e97c5bbbe30b?s=96&d=mm&r=g","url":"https:\/\/secure.gravatar.com\/avatar\/23291dd5b5ae1077dcff3dbb04c3e02bd28403fa75af6d8787d5e97c5bbbe30b?s=96&d=mm&r=g","contentUrl":"https:\/\/secure.gravatar.com\/avatar\/23291dd5b5ae1077dcff3dbb04c3e02bd28403fa75af6d8787d5e97c5bbbe30b?s=96&d=mm&r=g","caption":"Web del Maestro CMF"},"description":"Esta Web se cre\u00f3 sin fines de lucro, con fines educativos, cient\u00edficos y acad\u00e9micos, para personas que tengan dificultades y\/o inconvenientes en visualizar el material original. El objetivo es entregar recursos, compartir experiencias y materiales que ayuden a los padres de familia, maestros y estudiantes en su actualizaci\u00f3n y formaci\u00f3n permanente, en bien de la Educaci\u00f3n.","sameAs":["http:\/\/webdelmaestrocmf.com\/portal","https:\/\/www.facebook.com\/WebdelMaestroCMF\/","https:\/\/www.instagram.com\/wmcmf\/","https:\/\/cl.linkedin.com\/company\/web-del-maestro-cmf","https:\/\/www.pinterest.com\/WMCMF\/publicaciones\/","https:\/\/x.com\/cmf_w","https:\/\/www.youtube.com\/@WMCMF"]}]}},"jetpack_featured_media_url":"https:\/\/webdelmaestrocmf.com\/portal\/wp-content\/uploads\/2019\/06\/Banner-1-portada-imagen-10-1.jpg","jetpack_sharing_enabled":true,"jetpack-related-posts":[{"id":24028,"url":"https:\/\/webdelmaestrocmf.com\/portal\/la-sociedad-cambia-rapido-la-educacion-despacio\/","url_meta":{"origin":13700,"position":0},"title":"Michael Francis Atiyah: La sociedad cambia muy r\u00e1pido y la educaci\u00f3n muy despacio","author":"Web del Maestro CMF","date":"16 agosto, 2018","format":false,"excerpt":"El matem\u00e1tico brit\u00e1nico Michael Francis Atiyah (Londres 1929), es uno de los m\u00e1s importantes del siglo XX y de lo que llevamos del XXI. Sus contribuciones se centran principalmente en Geometr\u00eda y Topolog\u00eda, siendo las m\u00e1s importantes la creaci\u00f3n, junto a Friedrich Hirzebruch, de la denominada en Topolog\u00eda teor\u00eda K\u2026","rel":"","context":"En \u00abEntrevistas\u00bb","block_context":{"text":"Entrevistas","link":"https:\/\/webdelmaestrocmf.com\/portal\/category\/noticias\/entrevistas\/"},"img":{"alt_text":"MICHAEL FRANCIS ATIYAH","src":"https:\/\/i0.wp.com\/webdelmaestrocmf.com\/portal\/wp-content\/uploads\/2018\/08\/A12B3C4D-70.jpg?resize=350%2C200&ssl=1","width":350,"height":200,"srcset":"https:\/\/i0.wp.com\/webdelmaestrocmf.com\/portal\/wp-content\/uploads\/2018\/08\/A12B3C4D-70.jpg?resize=350%2C200&ssl=1 1x, https:\/\/i0.wp.com\/webdelmaestrocmf.com\/portal\/wp-content\/uploads\/2018\/08\/A12B3C4D-70.jpg?resize=525%2C300&ssl=1 1.5x, https:\/\/i0.wp.com\/webdelmaestrocmf.com\/portal\/wp-content\/uploads\/2018\/08\/A12B3C4D-70.jpg?resize=700%2C400&ssl=1 2x"},"classes":[]},{"id":58919,"url":"https:\/\/webdelmaestrocmf.com\/portal\/michael-sandel-debemos-criar-ninos-que-tengan-un-sentido-de-gratitud-y-humildad-cuando-tengan-exito\/","url_meta":{"origin":13700,"position":1},"title":"Michael Sandel: Debemos criar ni\u00f1os que tengan un sentido de gratitud y humildad cuando tengan \u00e9xito","author":"Web del Maestro CMF","date":"5 febrero, 2021","format":false,"excerpt":"El profesor norteamericano Michael Sandel (1953), es profesor en la Facultad de Derecho de la Universidad de Harvard (USA), donde su curso Justice fue el primer curso de la universidad que estuvo disponible gratuitamente en l\u00ednea y en televisi\u00f3n. Ha sido visto por decenas de millones de personas en todo\u2026","rel":"","context":"En \u00abEntrevistas\u00bb","block_context":{"text":"Entrevistas","link":"https:\/\/webdelmaestrocmf.com\/portal\/category\/noticias\/entrevistas\/"},"img":{"alt_text":"","src":"https:\/\/i0.wp.com\/webdelmaestrocmf.com\/portal\/wp-content\/uploads\/2021\/02\/2-copia.jpg?resize=350%2C200&ssl=1","width":350,"height":200,"srcset":"https:\/\/i0.wp.com\/webdelmaestrocmf.com\/portal\/wp-content\/uploads\/2021\/02\/2-copia.jpg?resize=350%2C200&ssl=1 1x, https:\/\/i0.wp.com\/webdelmaestrocmf.com\/portal\/wp-content\/uploads\/2021\/02\/2-copia.jpg?resize=525%2C300&ssl=1 1.5x, https:\/\/i0.wp.com\/webdelmaestrocmf.com\/portal\/wp-content\/uploads\/2021\/02\/2-copia.jpg?resize=700%2C400&ssl=1 2x, https:\/\/i0.wp.com\/webdelmaestrocmf.com\/portal\/wp-content\/uploads\/2021\/02\/2-copia.jpg?resize=1050%2C600&ssl=1 3x"},"classes":[]},{"id":24689,"url":"https:\/\/webdelmaestrocmf.com\/portal\/los-estudiantes-fracasan-matematicas-tenerles-paciencia-estimularlos-otros-aspectos\/","url_meta":{"origin":13700,"position":2},"title":"Michael Atiyah: A los estudiantes que fracasan en matem\u00e1ticas hay que tenerles paciencia y estimularlos en otros aspectos","author":"Web del Maestro CMF","date":"31 octubre, 2023","format":false,"excerpt":"El matem\u00e1tico ingl\u00e9s Michael Francis Atiyah fue un especialista en la geometr\u00eda (Fallecimiento:\u00a011 de enero de 2019), con experiencia acad\u00e9mica en Oxford, Cambridge, Instituto de Estudios Avanzados (USA), Trinity College, Universidad de Leicester y profesor honorario en la Universidad de Edimburgo, opina que las matem\u00e1ticas deben su riqueza y diversidad,\u2026","rel":"","context":"En \u00abEntrevistas\u00bb","block_context":{"text":"Entrevistas","link":"https:\/\/webdelmaestrocmf.com\/portal\/category\/noticias\/entrevistas\/"},"img":{"alt_text":"Michael Francis Atiyah","src":"https:\/\/i0.wp.com\/webdelmaestrocmf.com\/portal\/wp-content\/uploads\/2018\/01\/A12B3C4D-58.jpg?resize=350%2C200&ssl=1","width":350,"height":200,"srcset":"https:\/\/i0.wp.com\/webdelmaestrocmf.com\/portal\/wp-content\/uploads\/2018\/01\/A12B3C4D-58.jpg?resize=350%2C200&ssl=1 1x, https:\/\/i0.wp.com\/webdelmaestrocmf.com\/portal\/wp-content\/uploads\/2018\/01\/A12B3C4D-58.jpg?resize=525%2C300&ssl=1 1.5x, https:\/\/i0.wp.com\/webdelmaestrocmf.com\/portal\/wp-content\/uploads\/2018\/01\/A12B3C4D-58.jpg?resize=700%2C400&ssl=1 2x"},"classes":[]},{"id":61352,"url":"https:\/\/webdelmaestrocmf.com\/portal\/michael-sandel-los-jovenes-necesitan-aprender-la-habilidad-de-debatir-y-argumentar\/","url_meta":{"origin":13700,"position":3},"title":"Michael Sandel: Los profesores evitan debatir mucho en el aula porque se preocupan de que los estudiantes puedan chocar y no respetarse unos a otros","author":"Web del Maestro CMF","date":"19 noviembre, 2023","format":"video","excerpt":"Sandel advierte que este temor empobrece la formaci\u00f3n c\u00edvica: sin confrontar ideas, los estudiantes no aprenden a escuchar, argumentar con respeto ni gestionar desacuerdos, habilidades esenciales para la vida democr\u00e1tica.","rel":"","context":"En \u00abCharlas\u00bb","block_context":{"text":"Charlas","link":"https:\/\/webdelmaestrocmf.com\/portal\/category\/charlas\/"},"img":{"alt_text":"","src":"https:\/\/i0.wp.com\/webdelmaestrocmf.com\/portal\/wp-content\/uploads\/2023\/11\/1AA-Banner-1-portada-imagen-10-1-copia-3.webp?resize=350%2C200&ssl=1","width":350,"height":200,"srcset":"https:\/\/i0.wp.com\/webdelmaestrocmf.com\/portal\/wp-content\/uploads\/2023\/11\/1AA-Banner-1-portada-imagen-10-1-copia-3.webp?resize=350%2C200&ssl=1 1x, https:\/\/i0.wp.com\/webdelmaestrocmf.com\/portal\/wp-content\/uploads\/2023\/11\/1AA-Banner-1-portada-imagen-10-1-copia-3.webp?resize=525%2C300&ssl=1 1.5x, https:\/\/i0.wp.com\/webdelmaestrocmf.com\/portal\/wp-content\/uploads\/2023\/11\/1AA-Banner-1-portada-imagen-10-1-copia-3.webp?resize=700%2C400&ssl=1 2x, https:\/\/i0.wp.com\/webdelmaestrocmf.com\/portal\/wp-content\/uploads\/2023\/11\/1AA-Banner-1-portada-imagen-10-1-copia-3.webp?resize=1050%2C600&ssl=1 3x"},"classes":[]},{"id":86244,"url":"https:\/\/webdelmaestrocmf.com\/portal\/pedagogia-critica-caracteristicas-ideas-principales-autores\/","url_meta":{"origin":13700,"position":4},"title":"Pedagog\u00eda cr\u00edtica: caracter\u00edsticas, autores y el papel del profesor","author":"Web del Maestro CMF","date":"31 julio, 2023","format":false,"excerpt":"La pedagog\u00eda cr\u00edtica es\u00a0una orientaci\u00f3n de la pedagog\u00eda que sostiene que la ense\u00f1anza no es un proceso neutral ni descontextualizado\u00a0y, de hecho, tampoco deber\u00eda pretender serlo. Esta rama sostiene que la ense\u00f1anza debe invitar al pensamiento cr\u00edtico, a cuestionarse la realidad vivida y lo aprendido en clase, pues los conocimientos\u2026","rel":"","context":"En \u00abPedagog\u00eda\u00bb","block_context":{"text":"Pedagog\u00eda","link":"https:\/\/webdelmaestrocmf.com\/portal\/category\/pedagogia\/pedagogia-pedagogia\/"},"img":{"alt_text":"cr\u00edtica","src":"https:\/\/i0.wp.com\/webdelmaestrocmf.com\/portal\/wp-content\/uploads\/2023\/03\/A12B3C4D-43.jpg?resize=350%2C200&ssl=1","width":350,"height":200,"srcset":"https:\/\/i0.wp.com\/webdelmaestrocmf.com\/portal\/wp-content\/uploads\/2023\/03\/A12B3C4D-43.jpg?resize=350%2C200&ssl=1 1x, https:\/\/i0.wp.com\/webdelmaestrocmf.com\/portal\/wp-content\/uploads\/2023\/03\/A12B3C4D-43.jpg?resize=525%2C300&ssl=1 1.5x, https:\/\/i0.wp.com\/webdelmaestrocmf.com\/portal\/wp-content\/uploads\/2023\/03\/A12B3C4D-43.jpg?resize=700%2C400&ssl=1 2x"},"classes":[]},{"id":42372,"url":"https:\/\/webdelmaestrocmf.com\/portal\/michael-fullan-los-buenos-resultados-llegan-cuando-los-directores-promueven-la-colaboracion-el-modelo-vertical-no-funciona\/","url_meta":{"origin":13700,"position":5},"title":"Michael Fullan: Los buenos resultados llegan cuando los directores promueven la colaboraci\u00f3n. El modelo vertical no funciona","author":"Web del Maestro CMF","date":"25 julio, 2025","format":false,"excerpt":"Los buenos resultados surgen cuando los directores impulsan la colaboraci\u00f3n docente; el modelo vertical impuesto ha demostrado ser ineficaz.","rel":"","context":"En \u00abEntrevistas\u00bb","block_context":{"text":"Entrevistas","link":"https:\/\/webdelmaestrocmf.com\/portal\/category\/noticias\/entrevistas\/"},"img":{"alt_text":"","src":"https:\/\/i0.wp.com\/webdelmaestrocmf.com\/portal\/wp-content\/uploads\/2022\/08\/1A-Banner-1-portada-imagen-10-1-copia-5.webp?resize=350%2C200&ssl=1","width":350,"height":200,"srcset":"https:\/\/i0.wp.com\/webdelmaestrocmf.com\/portal\/wp-content\/uploads\/2022\/08\/1A-Banner-1-portada-imagen-10-1-copia-5.webp?resize=350%2C200&ssl=1 1x, https:\/\/i0.wp.com\/webdelmaestrocmf.com\/portal\/wp-content\/uploads\/2022\/08\/1A-Banner-1-portada-imagen-10-1-copia-5.webp?resize=525%2C300&ssl=1 1.5x, https:\/\/i0.wp.com\/webdelmaestrocmf.com\/portal\/wp-content\/uploads\/2022\/08\/1A-Banner-1-portada-imagen-10-1-copia-5.webp?resize=700%2C400&ssl=1 2x"},"classes":[]}],"_links":{"self":[{"href":"https:\/\/webdelmaestrocmf.com\/portal\/wp-json\/wp\/v2\/posts\/13700","targetHints":{"allow":["GET"]}}],"collection":[{"href":"https:\/\/webdelmaestrocmf.com\/portal\/wp-json\/wp\/v2\/posts"}],"about":[{"href":"https:\/\/webdelmaestrocmf.com\/portal\/wp-json\/wp\/v2\/types\/post"}],"author":[{"embeddable":true,"href":"https:\/\/webdelmaestrocmf.com\/portal\/wp-json\/wp\/v2\/users\/1"}],"replies":[{"embeddable":true,"href":"https:\/\/webdelmaestrocmf.com\/portal\/wp-json\/wp\/v2\/comments?post=13700"}],"version-history":[{"count":0,"href":"https:\/\/webdelmaestrocmf.com\/portal\/wp-json\/wp\/v2\/posts\/13700\/revisions"}],"wp:featuredmedia":[{"embeddable":true,"href":"https:\/\/webdelmaestrocmf.com\/portal\/wp-json\/wp\/v2\/media\/107059"}],"wp:attachment":[{"href":"https:\/\/webdelmaestrocmf.com\/portal\/wp-json\/wp\/v2\/media?parent=13700"}],"wp:term":[{"taxonomy":"category","embeddable":true,"href":"https:\/\/webdelmaestrocmf.com\/portal\/wp-json\/wp\/v2\/categories?post=13700"},{"taxonomy":"post_tag","embeddable":true,"href":"https:\/\/webdelmaestrocmf.com\/portal\/wp-json\/wp\/v2\/tags?post=13700"}],"curies":[{"name":"wp","href":"https:\/\/api.w.org\/{rel}","templated":true}]}}