{"id":13313,"date":"2020-03-10T18:30:03","date_gmt":"2020-03-10T21:30:03","guid":{"rendered":"http:\/\/webdelmaestrocmf.com\/portal\/?p=13313"},"modified":"2022-07-23T10:55:38","modified_gmt":"2022-07-23T14:55:38","slug":"convierte-tus-alumnos-protagonistas-propio-aprendizaje","status":"publish","type":"post","link":"https:\/\/webdelmaestrocmf.com\/portal\/convierte-tus-alumnos-protagonistas-propio-aprendizaje\/","title":{"rendered":"Convierte a tus alumnos en protagonistas de su propio aprendizaje"},"content":{"rendered":"<h5 style=\"text-align: justify;\">El implicar a los estudiantes en el proceso de su aprendizaje genera en ellos actitudes de autonom\u00eda responsable, y fortalece la motivaci\u00f3n por descubrir solos o en grupos los porqu\u00e9s, ya que lo incluye activamente \u201cen una situaci\u00f3n problem\u00e1tica real, significativa y relacionada con su entorno, lo que implica definir un reto e implementar para \u00e9ste una soluci\u00f3n\u201d (eduteka).<\/h5>\n<p style=\"text-align: justify;\">El portal de \u201caulaPlaneta\u201d es un sistema integrado de contenidos curriculares al servicio de profesores, padres de familia y estudiantes, que nos ofrece cinco consejos que pueden iluminar y\/o enriquecer nuestra experiencia educativa y nos ayudar\u00e1n \u201cpara innovar en el aula e implicar a los estudiantes en la construcci\u00f3n de su conocimiento\u201d. Nosotros lo compartimos con fines \u00fanicamente educativos \u2013 pastorales.<\/p>\n<p style=\"text-align: justify;\"><!--more--><\/p>\n<h5>Cinco iniciativas para convertir a tus alumnos en protagonistas de su propio aprendizaje<\/h5>\n<p style=\"text-align: justify;\">Los \u00faltimos estudios sobre el mundo de la educaci\u00f3n avanzan que en los pr\u00f3ximos a\u00f1os las aulas ser\u00e1n m\u00e1s abiertas, creativas y diversas. El informe Perspectivas 2014: Tecnolog\u00eda y pedagog\u00eda en las aulas, por ejemplo, documenta que gracias a los dispositivos y servicios digitales, se ir\u00e1n introduciendo en las clases metodolog\u00edas que permitan un aprendizaje m\u00e1s pr\u00e1ctico y menos te\u00f3rico, m\u00e1s basado en desarrollar las capacidades de los alumnos, y menos centrado en el contenido.<\/p>\n<p><iframe loading=\"lazy\" src=\"https:\/\/www.youtube.com\/embed\/z1oUDndQALg\" width=\"100%\" height=\"400\" frameborder=\"0\" allowfullscreen=\"allowfullscreen\"><span data-mce-type=\"bookmark\" style=\"display: inline-block; width: 0px; overflow: hidden; line-height: 0;\" class=\"mce_SELRES_start\">\ufeff<\/span><\/iframe><\/p>\n<p style=\"text-align: justify;\">En definitiva, los alumnos se convertir\u00e1n en protagonistas de su propio aprendizaje. <b>Te damos cinco ideas para innovar en el aula e implicar a los estudiantes en la construcci\u00f3n de su conocimiento.<\/b><\/p>\n<h5><strong>Cinco ideas para que tus alumnos construyan su conocimiento<\/strong><\/h5>\n<p style=\"text-align: justify;\">Convertir a los alumnos en protagonistas de su propio aprendizaje significa darles la oportunidad de construir su propio conocimiento; hacer de su aprendizaje un aprendizaje significativo, donde los conocimientos y capacidades adquiridos les sirvan para entender y desenvolverse en el mundo real. Te damos cinco ideas para empujar a tus alumnos a esta emocionante aventura, la aventura de aprender:<\/p>\n<p><img loading=\"lazy\" decoding=\"async\" class=\"alignnone size-large wp-image-78777\" src=\"https:\/\/webdelmaestrocmf.com\/portal\/wp-content\/uploads\/2020\/03\/CORRECTO1-40-1024x633.jpg\" alt=\"\" width=\"1024\" height=\"633\" srcset=\"https:\/\/webdelmaestrocmf.com\/portal\/wp-content\/uploads\/2020\/03\/CORRECTO1-40-1024x633.jpg 1024w, https:\/\/webdelmaestrocmf.com\/portal\/wp-content\/uploads\/2020\/03\/CORRECTO1-40-300x185.jpg 300w, https:\/\/webdelmaestrocmf.com\/portal\/wp-content\/uploads\/2020\/03\/CORRECTO1-40-768x475.jpg 768w, https:\/\/webdelmaestrocmf.com\/portal\/wp-content\/uploads\/2020\/03\/CORRECTO1-40-110x68.jpg 110w, https:\/\/webdelmaestrocmf.com\/portal\/wp-content\/uploads\/2020\/03\/CORRECTO1-40-200x124.jpg 200w, https:\/\/webdelmaestrocmf.com\/portal\/wp-content\/uploads\/2020\/03\/CORRECTO1-40-380x235.jpg 380w, https:\/\/webdelmaestrocmf.com\/portal\/wp-content\/uploads\/2020\/03\/CORRECTO1-40-255x158.jpg 255w, https:\/\/webdelmaestrocmf.com\/portal\/wp-content\/uploads\/2020\/03\/CORRECTO1-40-550x340.jpg 550w, https:\/\/webdelmaestrocmf.com\/portal\/wp-content\/uploads\/2020\/03\/CORRECTO1-40-800x495.jpg 800w, https:\/\/webdelmaestrocmf.com\/portal\/wp-content\/uploads\/2020\/03\/CORRECTO1-40.jpg 1100w\" sizes=\"auto, (max-width: 1024px) 100vw, 1024px\" \/><\/p>\n<h5><b>1. Trabaja por proyectos. <\/b><\/h5>\n<p style=\"text-align: justify;\">Puedes plantear el proyecto t\u00fa, o dejar que ellos propongan uno propio. Lo ideal es que sirva para dar respuesta a una cuesti\u00f3n o necesidad determinada, y permita alcanzar los objetivos de aprendizaje que te interesan. D\u00e9jales que se organicen ellos mismos, planifiquen sus tareas, investiguen, analicen la informaci\u00f3n, la resuman en un producto final y la expongan a sus compa\u00f1eros. De este modo estar\u00e1n construyendo su propio aprendizaje. En aulaPlaneta hay un buen n\u00famero de proyectos, clasificados por asignatura y materia, \u00a0que pueden servirte de inspiraci\u00f3n. Consulta estos dos ejemplos:<\/p>\n<ul>\n<li style=\"text-align: justify;\"><a href=\"https:\/\/www.youtube.com\/watch?v=PlHO1oYUO9w&amp;list=PLQigX-k8viuqx02NBIt6EssdYOeVGw7xz\" target=\"_blank\" rel=\"noopener noreferrer\">Proyecto: investigaci\u00f3n sobre la historia de la democracia<\/a>.<\/li>\n<li style=\"text-align: justify;\"><a href=\"https:\/\/www.youtube.com\/watch?v=6kI0pn_XwFI&amp;index=1&amp;list=PLQigX-k8viuqx02NBIt6EssdYOeVGw7xz\" target=\"_blank\" rel=\"noopener noreferrer\">T<\/a><a href=\"https:\/\/www.youtube.com\/watch?v=6kI0pn_XwFI&amp;index=1&amp;list=PLQigX-k8viuqx02NBIt6EssdYOeVGw7xz\" target=\"_blank\" rel=\"noopener noreferrer\">rabaja por proyectos en 10 pasos con aulaPlaneta: un ejemplo sobre ruedas<\/a>.<\/li>\n<\/ul>\n<p><a href=\"https:\/\/webdelmaestrocmf.com\/portal\/wp-content\/uploads\/2020\/03\/2c-5.jpg\"><img loading=\"lazy\" decoding=\"async\" class=\"alignnone size-full wp-image-45256\" src=\"https:\/\/webdelmaestrocmf.com\/portal\/wp-content\/uploads\/2020\/03\/2c-5.jpg\" alt=\"\" width=\"842\" height=\"578\" srcset=\"https:\/\/webdelmaestrocmf.com\/portal\/wp-content\/uploads\/2020\/03\/2c-5.jpg 842w, https:\/\/webdelmaestrocmf.com\/portal\/wp-content\/uploads\/2020\/03\/2c-5-300x206.jpg 300w, https:\/\/webdelmaestrocmf.com\/portal\/wp-content\/uploads\/2020\/03\/2c-5-768x527.jpg 768w, https:\/\/webdelmaestrocmf.com\/portal\/wp-content\/uploads\/2020\/03\/2c-5-110x76.jpg 110w, https:\/\/webdelmaestrocmf.com\/portal\/wp-content\/uploads\/2020\/03\/2c-5-200x137.jpg 200w, https:\/\/webdelmaestrocmf.com\/portal\/wp-content\/uploads\/2020\/03\/2c-5-380x261.jpg 380w, https:\/\/webdelmaestrocmf.com\/portal\/wp-content\/uploads\/2020\/03\/2c-5-255x175.jpg 255w, https:\/\/webdelmaestrocmf.com\/portal\/wp-content\/uploads\/2020\/03\/2c-5-550x378.jpg 550w, https:\/\/webdelmaestrocmf.com\/portal\/wp-content\/uploads\/2020\/03\/2c-5-800x549.jpg 800w\" sizes=\"auto, (max-width: 842px) 100vw, 842px\" \/><\/a><\/p>\n<h5><b>2. Aplica en clase el aprendizaje colaborativo.<\/b><\/h5>\n<p style=\"text-align: justify;\">Plantea actividades en las que los alumnos deban trabajar en equipo e interactuar para conseguir un objetivo com\u00fan. Cada uno pondr\u00e1 sus conocimientos y capacidades al servicio del grupo, de modo que ellos mismos atender\u00e1n la diversidad, al apoyarse los unos a los otros y compartir informaci\u00f3n y conocimientos. Este enfoque did\u00e1ctico les ayudar\u00e1 a desarrollar sus competencias y capacidades, y a adquirir un aprendizaje significativo. En aulaPlaneta hay multitud de actividades enfocadas al aprendizaje colaborativo. Un ejemplo es esta webquest:<\/p>\n<ul>\n<li style=\"text-align: justify;\"><a href=\"https:\/\/www.youtube.com\/watch?v=zxYiTjA5XyE&amp;list=PLQigX-k8viuqx02NBIt6EssdYOeVGw7xz&amp;index=5\" target=\"_blank\" rel=\"noopener noreferrer\">Aprende geograf\u00eda con aulaPlaneta: webquest \u201cEl relieve de nuestro territorio\u201d<\/a><\/li>\n<\/ul>\n<p><a href=\"https:\/\/webdelmaestrocmf.com\/portal\/wp-content\/uploads\/2020\/03\/2c-4.jpg\"><img loading=\"lazy\" decoding=\"async\" class=\"alignnone size-full wp-image-45255\" src=\"https:\/\/webdelmaestrocmf.com\/portal\/wp-content\/uploads\/2020\/03\/2c-4.jpg\" alt=\"\" width=\"842\" height=\"578\" srcset=\"https:\/\/webdelmaestrocmf.com\/portal\/wp-content\/uploads\/2020\/03\/2c-4.jpg 842w, https:\/\/webdelmaestrocmf.com\/portal\/wp-content\/uploads\/2020\/03\/2c-4-300x206.jpg 300w, https:\/\/webdelmaestrocmf.com\/portal\/wp-content\/uploads\/2020\/03\/2c-4-768x527.jpg 768w, https:\/\/webdelmaestrocmf.com\/portal\/wp-content\/uploads\/2020\/03\/2c-4-110x76.jpg 110w, https:\/\/webdelmaestrocmf.com\/portal\/wp-content\/uploads\/2020\/03\/2c-4-200x137.jpg 200w, https:\/\/webdelmaestrocmf.com\/portal\/wp-content\/uploads\/2020\/03\/2c-4-380x261.jpg 380w, https:\/\/webdelmaestrocmf.com\/portal\/wp-content\/uploads\/2020\/03\/2c-4-255x175.jpg 255w, https:\/\/webdelmaestrocmf.com\/portal\/wp-content\/uploads\/2020\/03\/2c-4-550x378.jpg 550w, https:\/\/webdelmaestrocmf.com\/portal\/wp-content\/uploads\/2020\/03\/2c-4-800x549.jpg 800w\" sizes=\"auto, (max-width: 842px) 100vw, 842px\" \/><\/a><\/p>\n<h5><b>3. Plantea actividades de debate. <\/b><\/h5>\n<p style=\"text-align: justify;\">Crea grupos y as\u00edgnales la defensa de distintas posturas ante un problema o noticia. Deber\u00e1n organizarse para investigar y encontrar datos que apoyen la visi\u00f3n que deben defender; analizar la informaci\u00f3n y sintetizarla para construir un discurso coherente. El Banco de contenidos de aulaPlaneta puede ayudarles a encontrar los recursos y la informaci\u00f3n que necesitan para documentarse.<\/p>\n<h5><b>4. Organiza una feria de ciencias. <\/b><\/h5>\n<p style=\"text-align: justify;\">An\u00edmales a buscar soluciones a problemas de la vida real y dise\u00f1ar sus propios artilugios para solucionarlos. Durante el proceso, explorar\u00e1n, investigar\u00e1n, sacar\u00e1n sus propias conclusiones y las aplicar\u00e1n a la elaboraci\u00f3n del producto. En aulaPlaneta hay numerosos experimentos y actividades de laboratorio que pueden consultar para inspirarse.<\/p>\n<h5><b>5. An\u00edmales a escribir un blog sobre alg\u00fan tema curricular, o sobre alg\u00fan otro tema que les apasione.<\/b><\/h5>\n<p style=\"text-align: justify;\">Es una manera de incitarles a investigar y a escribir, a la vez que desarrollan su competencia digital y trabajan la alfabetizaci\u00f3n medi\u00e1tica y el pensamiento cr\u00edtico.<\/p>\n<h5><strong>EXPERIENCIAS QUE SIRVEN DE EJEMPLO<\/strong><\/h5>\n<p style=\"text-align: justify;\">Algunas escuelas ya desarrollan proyectos o actividades que convierten al alumno en protagonista de su propio aprendizaje. Constituyen una fuente de inspiraci\u00f3n para otros docentes. Te presentamos cinco experiencias que lo ejemplifican:<\/p>\n<ul>\n<li style=\"text-align: justify;\"><a href=\"http:\/\/www.aulaplaneta.com\/2014\/10\/30\/educacion-y-tic\/20-time-aprendizaje-autonomo-mediante-el-desarrollo-de-proyectos-personales\/index.html\" target=\"_blank\" rel=\"noopener noreferrer\"><b>20 Time<\/b><\/a>, en la Grosse Pointe South High School (Detroit, Estados Unidos).<\/li>\n<li style=\"text-align: justify;\"><a href=\"http:\/\/www.aulaplaneta.com\/2014\/05\/19\/educacion-y-tic\/proyecto-lova-la-opera-como-medio-de-aprendizaje\/index.html\" target=\"_blank\" rel=\"noopener noreferrer\"><b>Proyecto L\u00d3VA <\/b><\/a>en aulas de diversos pa\u00edses.<b><br \/>\n<\/b><\/li>\n<li style=\"text-align: justify;\"><a href=\"http:\/\/www.aulaplaneta.com\/2014\/01\/15\/educacion-y-tic\/como-autenticos-periodistas-en-el-aula-y-con-tabletas\/index.html\" target=\"_blank\" rel=\"noopener noreferrer\"><b>La voz de \u00cdllora<\/b><\/a>, del Colegio Gran Capit\u00e1n (\u00cdllora, Granada).<\/li>\n<li style=\"text-align: justify;\"><a href=\"http:\/\/www.aulaplaneta.com\/2013\/09\/19\/educacion-y-tic\/physics-on-the-go-aprender-fisica-en-el-parque-de-atracciones\/index.html\" target=\"_blank\" rel=\"noopener noreferrer\"><b>Physics on the go<\/b><\/a>, del colegio San Diego y San Vicente (Madrid).<\/li>\n<li style=\"text-align: justify;\">\u00a0<b><a href=\"http:\/\/www.aulaplaneta.com\/2014\/11\/05\/educacion-y-tic\/ines-pradana-las-nuevas-tecnologias-cambian-por-si-solas-nuestra-forma-de-ensenanza-depende-siempre-de-la-metodologia-que-apliquemos-en-el-aula\/index.html\" target=\"_blank\" rel=\"noopener noreferrer\">La oraci\u00f3n subordinada mediante aprendizaje cooperativo<\/a>, <\/b>en el Colegio Nova Hispalis (Madrid).<\/li>\n<\/ul>\n<p><b><strong class=\"last-child first-child\"><span class=\"last-child first-child\">Este contenido ha sido publicado originalmente por Aula Planeta\u00a0en la siguiente direcci\u00f3n:\u00a0<a href=\"http:\/\/www.aulaplaneta.com\/2014\/12\/10\/recursos-tic\/cinco-iniciativas-para-convertir-tus-alumnos-en-protagonistas-de-su-propio-aprendizaje\/\" target=\"_blank\" rel=\"noopener noreferrer\">aulaplaneta.com<\/a><\/span><\/strong>\u00a0<a href=\"http:\/\/webdelmaestrocmf.com\/portal\/wp-content\/uploads\/2017\/01\/INFOGRAF\u00cdA_5-iniciativas-para-convertir-a-tus-alumnos-en-protagonistas-de-su-propio-aprendizaje.png\"><br \/>\n<\/a><\/b><\/p>\n<p><strong>\u00a1Comparte y as\u00ed m\u00e1s docentes utilizar\u00e1n estos recursos\u00a0gratis! Muchas gracias.<\/strong><\/p>\n\t\t<div class=\"pk-inline-posts\">\n\t\t\t\n\t\t\t<div class=\"pk-inline-posts-container pk-inline-posts-template-list\"\n\t\t\t\tdata-columns=\"1\">\n\t\t\t\t\t\t<article id=\"post-16013\" class=\"post-16013 post type-post status-publish format-standard has-post-thumbnail category-visitadas category-picologia category-pedagogia category-violencia tag-clase tag-conductas tag-desafiantes tag-estudiante tag-normas cs-entry cs-video-wrap\">\n\t\t\t<div class=\"pk-post-outer\">\n\n\t\t\t\t\t\t\t\t<div class=\"pk-post-inner\">\n\t\t\t\t\t<div class=\"entry-thumbnail\">\n\t\t\t\t\t\t<div class=\"pk-overlay pk-overlay-ratio pk-ratio-landscape\">\n\t\t\t\t\t\t\t<div class=\"pk-overlay-background\">\n\t\t\t\t\t\t\t\t<a href=\"https:\/\/webdelmaestrocmf.com\/portal\/sistemas-ayudan-ante-conductas-desafiantes-aula\/\" class=\"pk-overlay-link\">\n\t\t\t\t\t\t\t\t\t<img loading=\"lazy\" decoding=\"async\" width=\"300\" height=\"225\" src=\"https:\/\/webdelmaestrocmf.com\/portal\/wp-content\/uploads\/2022\/07\/Banner-1-portada-imagen-10-1-21-300x225.jpg\" class=\"attachment-pk-thumbnail size-pk-thumbnail wp-post-image\" alt=\"\" \/>\t\t\t\t\t\t\t\t<\/a>\n\t\t\t\t\t\t\t<\/div>\n\t\t\t\t\t\t<\/div>\n\t\t\t\t\t<\/div>\n\t\t\t\t<\/div>\n\t\t\t\t\n\t\t\t\t<div class=\"pk-post-inner\">\n\t\t\t\t\t<header>\n\t\t\t\t\t\t<h3 class=\"pk-title\"><a href=\"https:\/\/webdelmaestrocmf.com\/portal\/sistemas-ayudan-ante-conductas-desafiantes-aula\/\" rel=\"bookmark\">Sistemas que ayudan ante conductas desafiantes en el aula: descarga el libro \u201cAn\u00e1lisis funcional de la conducta\u201d<\/a><\/h3>\t\t\t\t\t<\/header><!-- .entry-header -->\n\t\t\t\t<\/div><!-- .post-inner -->\n\n\t\t\t<\/div><!-- .post-outer -->\n\t\t<\/article>\n\t\t\t\t<\/div>\n\t\t<\/div>\n\t\t\n","protected":false},"excerpt":{"rendered":"El implicar a los estudiantes en el proceso de su aprendizaje genera en ellos actitudes de autonom\u00eda responsable,&hellip;","protected":false},"author":1,"featured_media":45253,"comment_status":"open","ping_status":"open","sticky":false,"template":"","format":"standard","meta":{"csco_display_header_overlay":false,"csco_singular_sidebar":"default","csco_page_header_type":"default","csco_page_load_nextpost":"default","csco_post_video_location":[],"csco_post_video_location_hash":"","csco_post_video_url":"","csco_post_video_bg_start_time":0,"csco_post_video_bg_end_time":0,"csco_post_video_bg_volume":false,"_jetpack_memberships_contains_paid_content":false,"footnotes":""},"categories":[1658,570,139,735],"tags":[299,77,1677,1660],"class_list":{"0":"post-13313","1":"post","2":"type-post","3":"status-publish","4":"format-standard","5":"has-post-thumbnail","7":"category-aprendizaje-basado-proyectos","8":"category-docentes","9":"category-visitadas","10":"category-pedagogia","11":"tag-alumnos","12":"tag-aprendizaje","13":"tag-propio","14":"tag-proyectos","15":"cs-entry","16":"cs-video-wrap"},"yoast_head":"<!-- This site is optimized with the Yoast SEO plugin v27.5 - https:\/\/yoast.com\/product\/yoast-seo-wordpress\/ -->\n<title>Convierte a tus alumnos en protagonistas de su propio aprendizaje - 2026<\/title>\n<meta name=\"description\" content=\"Comunidad de Maestros, Docentes y Profesores, en donde encontrar\u00e1s material, informaci\u00f3n y noticias del \u00e1mbito nacional y mundial.\" \/>\n<meta name=\"robots\" content=\"index, follow, max-snippet:-1, max-image-preview:large, max-video-preview:-1\" \/>\n<link rel=\"canonical\" href=\"https:\/\/webdelmaestrocmf.com\/portal\/convierte-tus-alumnos-protagonistas-propio-aprendizaje\/\" \/>\n<meta property=\"og:locale\" content=\"es_ES\" \/>\n<meta property=\"og:type\" content=\"article\" \/>\n<meta property=\"og:title\" content=\"Convierte a tus alumnos en protagonistas de su propio aprendizaje - 2026\" \/>\n<meta property=\"og:description\" content=\"Comunidad de Maestros, Docentes y Profesores, en donde encontrar\u00e1s material, informaci\u00f3n y noticias del \u00e1mbito nacional y mundial.\" \/>\n<meta property=\"og:url\" content=\"https:\/\/webdelmaestrocmf.com\/portal\/convierte-tus-alumnos-protagonistas-propio-aprendizaje\/\" \/>\n<meta property=\"og:site_name\" content=\"Web del Maestro CMF\" \/>\n<meta property=\"article:publisher\" content=\"https:\/\/www.facebook.com\/WebdelMaestroCMF\/\" \/>\n<meta property=\"article:author\" content=\"https:\/\/www.facebook.com\/WebdelMaestroCMF\/\" \/>\n<meta property=\"article:published_time\" content=\"2020-03-10T21:30:03+00:00\" \/>\n<meta property=\"article:modified_time\" content=\"2022-07-23T14:55:38+00:00\" \/>\n<meta property=\"og:image\" content=\"https:\/\/i0.wp.com\/webdelmaestrocmf.com\/portal\/wp-content\/uploads\/2018\/09\/1c.jpg?fit=1100%2C680&ssl=1\" \/>\n\t<meta property=\"og:image:width\" content=\"1100\" \/>\n\t<meta property=\"og:image:height\" content=\"680\" \/>\n\t<meta property=\"og:image:type\" content=\"image\/jpeg\" \/>\n<meta name=\"author\" content=\"Web del Maestro CMF\" \/>\n<meta name=\"twitter:card\" content=\"summary_large_image\" \/>\n<meta name=\"twitter:creator\" content=\"@cmf_w\" \/>\n<meta name=\"twitter:site\" content=\"@cmf_w\" \/>\n<script type=\"application\/ld+json\" class=\"yoast-schema-graph\">{\"@context\":\"https:\\\/\\\/schema.org\",\"@graph\":[{\"@type\":\"ScholarlyArticle\",\"@id\":\"https:\\\/\\\/webdelmaestrocmf.com\\\/portal\\\/convierte-tus-alumnos-protagonistas-propio-aprendizaje\\\/#article\",\"isPartOf\":{\"@id\":\"https:\\\/\\\/webdelmaestrocmf.com\\\/portal\\\/convierte-tus-alumnos-protagonistas-propio-aprendizaje\\\/\"},\"author\":{\"name\":\"Web del Maestro CMF\",\"@id\":\"https:\\\/\\\/webdelmaestrocmf.com\\\/portal\\\/#\\\/schema\\\/person\\\/1072a2ed7bd960df8ef99a551fa35dc5\"},\"headline\":\"Convierte a tus alumnos en protagonistas de su propio aprendizaje\",\"datePublished\":\"2020-03-10T21:30:03+00:00\",\"dateModified\":\"2022-07-23T14:55:38+00:00\",\"mainEntityOfPage\":{\"@id\":\"https:\\\/\\\/webdelmaestrocmf.com\\\/portal\\\/convierte-tus-alumnos-protagonistas-propio-aprendizaje\\\/\"},\"wordCount\":865,\"commentCount\":0,\"publisher\":{\"@id\":\"https:\\\/\\\/webdelmaestrocmf.com\\\/portal\\\/#organization\"},\"image\":{\"@id\":\"https:\\\/\\\/webdelmaestrocmf.com\\\/portal\\\/convierte-tus-alumnos-protagonistas-propio-aprendizaje\\\/#primaryimage\"},\"thumbnailUrl\":\"https:\\\/\\\/webdelmaestrocmf.com\\\/portal\\\/wp-content\\\/uploads\\\/2018\\\/09\\\/1c.jpg\",\"keywords\":[\"alumnos\",\"aprendizaje\",\"PROPIO\",\"proyectos\"],\"articleSection\":[\"Aprendizaje basado proyectos\",\"Docentes\",\"Las m\u00e1s vistas\",\"Recursos\"],\"inLanguage\":\"es\",\"potentialAction\":[{\"@type\":\"CommentAction\",\"name\":\"Comment\",\"target\":[\"https:\\\/\\\/webdelmaestrocmf.com\\\/portal\\\/convierte-tus-alumnos-protagonistas-propio-aprendizaje\\\/#respond\"]}]},{\"@type\":\"WebPage\",\"@id\":\"https:\\\/\\\/webdelmaestrocmf.com\\\/portal\\\/convierte-tus-alumnos-protagonistas-propio-aprendizaje\\\/\",\"url\":\"https:\\\/\\\/webdelmaestrocmf.com\\\/portal\\\/convierte-tus-alumnos-protagonistas-propio-aprendizaje\\\/\",\"name\":\"Convierte a tus alumnos en protagonistas de su propio aprendizaje - 2026\",\"isPartOf\":{\"@id\":\"https:\\\/\\\/webdelmaestrocmf.com\\\/portal\\\/#website\"},\"primaryImageOfPage\":{\"@id\":\"https:\\\/\\\/webdelmaestrocmf.com\\\/portal\\\/convierte-tus-alumnos-protagonistas-propio-aprendizaje\\\/#primaryimage\"},\"image\":{\"@id\":\"https:\\\/\\\/webdelmaestrocmf.com\\\/portal\\\/convierte-tus-alumnos-protagonistas-propio-aprendizaje\\\/#primaryimage\"},\"thumbnailUrl\":\"https:\\\/\\\/webdelmaestrocmf.com\\\/portal\\\/wp-content\\\/uploads\\\/2018\\\/09\\\/1c.jpg\",\"datePublished\":\"2020-03-10T21:30:03+00:00\",\"dateModified\":\"2022-07-23T14:55:38+00:00\",\"description\":\"Comunidad de Maestros, Docentes y Profesores, en donde encontrar\u00e1s material, informaci\u00f3n y noticias del \u00e1mbito nacional y mundial.\",\"breadcrumb\":{\"@id\":\"https:\\\/\\\/webdelmaestrocmf.com\\\/portal\\\/convierte-tus-alumnos-protagonistas-propio-aprendizaje\\\/#breadcrumb\"},\"inLanguage\":\"es\",\"potentialAction\":[{\"@type\":\"ReadAction\",\"target\":[\"https:\\\/\\\/webdelmaestrocmf.com\\\/portal\\\/convierte-tus-alumnos-protagonistas-propio-aprendizaje\\\/\"]}]},{\"@type\":\"ImageObject\",\"inLanguage\":\"es\",\"@id\":\"https:\\\/\\\/webdelmaestrocmf.com\\\/portal\\\/convierte-tus-alumnos-protagonistas-propio-aprendizaje\\\/#primaryimage\",\"url\":\"https:\\\/\\\/webdelmaestrocmf.com\\\/portal\\\/wp-content\\\/uploads\\\/2018\\\/09\\\/1c.jpg\",\"contentUrl\":\"https:\\\/\\\/webdelmaestrocmf.com\\\/portal\\\/wp-content\\\/uploads\\\/2018\\\/09\\\/1c.jpg\",\"width\":1100,\"height\":680},{\"@type\":\"BreadcrumbList\",\"@id\":\"https:\\\/\\\/webdelmaestrocmf.com\\\/portal\\\/convierte-tus-alumnos-protagonistas-propio-aprendizaje\\\/#breadcrumb\",\"itemListElement\":[{\"@type\":\"ListItem\",\"position\":1,\"name\":\"Portada\",\"item\":\"https:\\\/\\\/webdelmaestrocmf.com\\\/portal\\\/\"},{\"@type\":\"ListItem\",\"position\":2,\"name\":\"Recursos\",\"item\":\"https:\\\/\\\/webdelmaestrocmf.com\\\/portal\\\/category\\\/pedagogia\\\/\"},{\"@type\":\"ListItem\",\"position\":3,\"name\":\"Convierte a tus alumnos en protagonistas de su propio aprendizaje\"}]},{\"@type\":\"WebSite\",\"@id\":\"https:\\\/\\\/webdelmaestrocmf.com\\\/portal\\\/#website\",\"url\":\"https:\\\/\\\/webdelmaestrocmf.com\\\/portal\\\/\",\"name\":\"Web del Maestro CMF\",\"description\":\"Maestros al servicio de la educaci\u00f3n\",\"publisher\":{\"@id\":\"https:\\\/\\\/webdelmaestrocmf.com\\\/portal\\\/#organization\"},\"alternateName\":\"WMCMF\",\"potentialAction\":[{\"@type\":\"SearchAction\",\"target\":{\"@type\":\"EntryPoint\",\"urlTemplate\":\"https:\\\/\\\/webdelmaestrocmf.com\\\/portal\\\/?s={search_term_string}\"},\"query-input\":{\"@type\":\"PropertyValueSpecification\",\"valueRequired\":true,\"valueName\":\"search_term_string\"}}],\"inLanguage\":\"es\"},{\"@type\":\"Organization\",\"@id\":\"https:\\\/\\\/webdelmaestrocmf.com\\\/portal\\\/#organization\",\"name\":\"Web del Maestro CMF\",\"alternateName\":\"WMCMF\",\"url\":\"https:\\\/\\\/webdelmaestrocmf.com\\\/portal\\\/\",\"logo\":{\"@type\":\"ImageObject\",\"inLanguage\":\"es\",\"@id\":\"https:\\\/\\\/webdelmaestrocmf.com\\\/portal\\\/#\\\/schema\\\/logo\\\/image\\\/\",\"url\":\"https:\\\/\\\/webdelmaestrocmf.com\\\/portal\\\/wp-content\\\/uploads\\\/2023\\\/01\\\/logo-wmcmf-2.png\",\"contentUrl\":\"https:\\\/\\\/webdelmaestrocmf.com\\\/portal\\\/wp-content\\\/uploads\\\/2023\\\/01\\\/logo-wmcmf-2.png\",\"width\":200,\"height\":60,\"caption\":\"Web del Maestro CMF\"},\"image\":{\"@id\":\"https:\\\/\\\/webdelmaestrocmf.com\\\/portal\\\/#\\\/schema\\\/logo\\\/image\\\/\"},\"sameAs\":[\"https:\\\/\\\/www.facebook.com\\\/WebdelMaestroCMF\\\/\",\"https:\\\/\\\/x.com\\\/cmf_w\",\"https:\\\/\\\/www.pinterest.com\\\/WMCMF\\\/\",\"https:\\\/\\\/www.linkedin.com\\\/company\\\/web-del-maestro-cmf\\\/\",\"https:\\\/\\\/www.instagram.com\\\/wmcmf\\\/\",\"https:\\\/\\\/www.youtube.com\\\/channel\\\/UCDPSvjbdodE5sHnC3OxutHw\",\"https:\\\/\\\/mastodon.social\\\/@wmcmf\",\"https:\\\/\\\/www.tiktok.com\\\/@webdelmaestrocmf\"]},{\"@type\":\"Person\",\"@id\":\"https:\\\/\\\/webdelmaestrocmf.com\\\/portal\\\/#\\\/schema\\\/person\\\/1072a2ed7bd960df8ef99a551fa35dc5\",\"name\":\"Web del Maestro CMF\",\"image\":{\"@type\":\"ImageObject\",\"inLanguage\":\"es\",\"@id\":\"https:\\\/\\\/secure.gravatar.com\\\/avatar\\\/23291dd5b5ae1077dcff3dbb04c3e02bd28403fa75af6d8787d5e97c5bbbe30b?s=96&d=mm&r=g\",\"url\":\"https:\\\/\\\/secure.gravatar.com\\\/avatar\\\/23291dd5b5ae1077dcff3dbb04c3e02bd28403fa75af6d8787d5e97c5bbbe30b?s=96&d=mm&r=g\",\"contentUrl\":\"https:\\\/\\\/secure.gravatar.com\\\/avatar\\\/23291dd5b5ae1077dcff3dbb04c3e02bd28403fa75af6d8787d5e97c5bbbe30b?s=96&d=mm&r=g\",\"caption\":\"Web del Maestro CMF\"},\"description\":\"Esta Web se cre\u00f3 sin fines de lucro, con fines educativos, cient\u00edficos y acad\u00e9micos, para personas que tengan dificultades y\\\/o inconvenientes en visualizar el material original. El objetivo es entregar recursos, compartir experiencias y materiales que ayuden a los padres de familia, maestros y estudiantes en su actualizaci\u00f3n y formaci\u00f3n permanente, en bien de la Educaci\u00f3n.\",\"sameAs\":[\"http:\\\/\\\/webdelmaestrocmf.com\\\/portal\",\"https:\\\/\\\/www.facebook.com\\\/WebdelMaestroCMF\\\/\",\"https:\\\/\\\/www.instagram.com\\\/wmcmf\\\/\",\"https:\\\/\\\/cl.linkedin.com\\\/company\\\/web-del-maestro-cmf\",\"https:\\\/\\\/www.pinterest.com\\\/WMCMF\\\/publicaciones\\\/\",\"https:\\\/\\\/x.com\\\/cmf_w\",\"https:\\\/\\\/www.youtube.com\\\/@WMCMF\"]}]}<\/script>\n<!-- \/ Yoast SEO plugin. -->","yoast_head_json":{"title":"Convierte a tus alumnos en protagonistas de su propio aprendizaje - 2026","description":"Comunidad de Maestros, Docentes y Profesores, en donde encontrar\u00e1s material, informaci\u00f3n y noticias del \u00e1mbito nacional y mundial.","robots":{"index":"index","follow":"follow","max-snippet":"max-snippet:-1","max-image-preview":"max-image-preview:large","max-video-preview":"max-video-preview:-1"},"canonical":"https:\/\/webdelmaestrocmf.com\/portal\/convierte-tus-alumnos-protagonistas-propio-aprendizaje\/","og_locale":"es_ES","og_type":"article","og_title":"Convierte a tus alumnos en protagonistas de su propio aprendizaje - 2026","og_description":"Comunidad de Maestros, Docentes y Profesores, en donde encontrar\u00e1s material, informaci\u00f3n y noticias del \u00e1mbito nacional y mundial.","og_url":"https:\/\/webdelmaestrocmf.com\/portal\/convierte-tus-alumnos-protagonistas-propio-aprendizaje\/","og_site_name":"Web del Maestro CMF","article_publisher":"https:\/\/www.facebook.com\/WebdelMaestroCMF\/","article_author":"https:\/\/www.facebook.com\/WebdelMaestroCMF\/","article_published_time":"2020-03-10T21:30:03+00:00","article_modified_time":"2022-07-23T14:55:38+00:00","og_image":[{"width":1100,"height":680,"url":"https:\/\/i0.wp.com\/webdelmaestrocmf.com\/portal\/wp-content\/uploads\/2018\/09\/1c.jpg?fit=1100%2C680&ssl=1","type":"image\/jpeg"}],"author":"Web del Maestro CMF","twitter_card":"summary_large_image","twitter_creator":"@cmf_w","twitter_site":"@cmf_w","schema":{"@context":"https:\/\/schema.org","@graph":[{"@type":"ScholarlyArticle","@id":"https:\/\/webdelmaestrocmf.com\/portal\/convierte-tus-alumnos-protagonistas-propio-aprendizaje\/#article","isPartOf":{"@id":"https:\/\/webdelmaestrocmf.com\/portal\/convierte-tus-alumnos-protagonistas-propio-aprendizaje\/"},"author":{"name":"Web del Maestro CMF","@id":"https:\/\/webdelmaestrocmf.com\/portal\/#\/schema\/person\/1072a2ed7bd960df8ef99a551fa35dc5"},"headline":"Convierte a tus alumnos en protagonistas de su propio aprendizaje","datePublished":"2020-03-10T21:30:03+00:00","dateModified":"2022-07-23T14:55:38+00:00","mainEntityOfPage":{"@id":"https:\/\/webdelmaestrocmf.com\/portal\/convierte-tus-alumnos-protagonistas-propio-aprendizaje\/"},"wordCount":865,"commentCount":0,"publisher":{"@id":"https:\/\/webdelmaestrocmf.com\/portal\/#organization"},"image":{"@id":"https:\/\/webdelmaestrocmf.com\/portal\/convierte-tus-alumnos-protagonistas-propio-aprendizaje\/#primaryimage"},"thumbnailUrl":"https:\/\/webdelmaestrocmf.com\/portal\/wp-content\/uploads\/2018\/09\/1c.jpg","keywords":["alumnos","aprendizaje","PROPIO","proyectos"],"articleSection":["Aprendizaje basado proyectos","Docentes","Las m\u00e1s vistas","Recursos"],"inLanguage":"es","potentialAction":[{"@type":"CommentAction","name":"Comment","target":["https:\/\/webdelmaestrocmf.com\/portal\/convierte-tus-alumnos-protagonistas-propio-aprendizaje\/#respond"]}]},{"@type":"WebPage","@id":"https:\/\/webdelmaestrocmf.com\/portal\/convierte-tus-alumnos-protagonistas-propio-aprendizaje\/","url":"https:\/\/webdelmaestrocmf.com\/portal\/convierte-tus-alumnos-protagonistas-propio-aprendizaje\/","name":"Convierte a tus alumnos en protagonistas de su propio aprendizaje - 2026","isPartOf":{"@id":"https:\/\/webdelmaestrocmf.com\/portal\/#website"},"primaryImageOfPage":{"@id":"https:\/\/webdelmaestrocmf.com\/portal\/convierte-tus-alumnos-protagonistas-propio-aprendizaje\/#primaryimage"},"image":{"@id":"https:\/\/webdelmaestrocmf.com\/portal\/convierte-tus-alumnos-protagonistas-propio-aprendizaje\/#primaryimage"},"thumbnailUrl":"https:\/\/webdelmaestrocmf.com\/portal\/wp-content\/uploads\/2018\/09\/1c.jpg","datePublished":"2020-03-10T21:30:03+00:00","dateModified":"2022-07-23T14:55:38+00:00","description":"Comunidad de Maestros, Docentes y Profesores, en donde encontrar\u00e1s material, informaci\u00f3n y noticias del \u00e1mbito nacional y mundial.","breadcrumb":{"@id":"https:\/\/webdelmaestrocmf.com\/portal\/convierte-tus-alumnos-protagonistas-propio-aprendizaje\/#breadcrumb"},"inLanguage":"es","potentialAction":[{"@type":"ReadAction","target":["https:\/\/webdelmaestrocmf.com\/portal\/convierte-tus-alumnos-protagonistas-propio-aprendizaje\/"]}]},{"@type":"ImageObject","inLanguage":"es","@id":"https:\/\/webdelmaestrocmf.com\/portal\/convierte-tus-alumnos-protagonistas-propio-aprendizaje\/#primaryimage","url":"https:\/\/webdelmaestrocmf.com\/portal\/wp-content\/uploads\/2018\/09\/1c.jpg","contentUrl":"https:\/\/webdelmaestrocmf.com\/portal\/wp-content\/uploads\/2018\/09\/1c.jpg","width":1100,"height":680},{"@type":"BreadcrumbList","@id":"https:\/\/webdelmaestrocmf.com\/portal\/convierte-tus-alumnos-protagonistas-propio-aprendizaje\/#breadcrumb","itemListElement":[{"@type":"ListItem","position":1,"name":"Portada","item":"https:\/\/webdelmaestrocmf.com\/portal\/"},{"@type":"ListItem","position":2,"name":"Recursos","item":"https:\/\/webdelmaestrocmf.com\/portal\/category\/pedagogia\/"},{"@type":"ListItem","position":3,"name":"Convierte a tus alumnos en protagonistas de su propio aprendizaje"}]},{"@type":"WebSite","@id":"https:\/\/webdelmaestrocmf.com\/portal\/#website","url":"https:\/\/webdelmaestrocmf.com\/portal\/","name":"Web del Maestro CMF","description":"Maestros al servicio de la educaci\u00f3n","publisher":{"@id":"https:\/\/webdelmaestrocmf.com\/portal\/#organization"},"alternateName":"WMCMF","potentialAction":[{"@type":"SearchAction","target":{"@type":"EntryPoint","urlTemplate":"https:\/\/webdelmaestrocmf.com\/portal\/?s={search_term_string}"},"query-input":{"@type":"PropertyValueSpecification","valueRequired":true,"valueName":"search_term_string"}}],"inLanguage":"es"},{"@type":"Organization","@id":"https:\/\/webdelmaestrocmf.com\/portal\/#organization","name":"Web del Maestro CMF","alternateName":"WMCMF","url":"https:\/\/webdelmaestrocmf.com\/portal\/","logo":{"@type":"ImageObject","inLanguage":"es","@id":"https:\/\/webdelmaestrocmf.com\/portal\/#\/schema\/logo\/image\/","url":"https:\/\/webdelmaestrocmf.com\/portal\/wp-content\/uploads\/2023\/01\/logo-wmcmf-2.png","contentUrl":"https:\/\/webdelmaestrocmf.com\/portal\/wp-content\/uploads\/2023\/01\/logo-wmcmf-2.png","width":200,"height":60,"caption":"Web del Maestro CMF"},"image":{"@id":"https:\/\/webdelmaestrocmf.com\/portal\/#\/schema\/logo\/image\/"},"sameAs":["https:\/\/www.facebook.com\/WebdelMaestroCMF\/","https:\/\/x.com\/cmf_w","https:\/\/www.pinterest.com\/WMCMF\/","https:\/\/www.linkedin.com\/company\/web-del-maestro-cmf\/","https:\/\/www.instagram.com\/wmcmf\/","https:\/\/www.youtube.com\/channel\/UCDPSvjbdodE5sHnC3OxutHw","https:\/\/mastodon.social\/@wmcmf","https:\/\/www.tiktok.com\/@webdelmaestrocmf"]},{"@type":"Person","@id":"https:\/\/webdelmaestrocmf.com\/portal\/#\/schema\/person\/1072a2ed7bd960df8ef99a551fa35dc5","name":"Web del Maestro CMF","image":{"@type":"ImageObject","inLanguage":"es","@id":"https:\/\/secure.gravatar.com\/avatar\/23291dd5b5ae1077dcff3dbb04c3e02bd28403fa75af6d8787d5e97c5bbbe30b?s=96&d=mm&r=g","url":"https:\/\/secure.gravatar.com\/avatar\/23291dd5b5ae1077dcff3dbb04c3e02bd28403fa75af6d8787d5e97c5bbbe30b?s=96&d=mm&r=g","contentUrl":"https:\/\/secure.gravatar.com\/avatar\/23291dd5b5ae1077dcff3dbb04c3e02bd28403fa75af6d8787d5e97c5bbbe30b?s=96&d=mm&r=g","caption":"Web del Maestro CMF"},"description":"Esta Web se cre\u00f3 sin fines de lucro, con fines educativos, cient\u00edficos y acad\u00e9micos, para personas que tengan dificultades y\/o inconvenientes en visualizar el material original. El objetivo es entregar recursos, compartir experiencias y materiales que ayuden a los padres de familia, maestros y estudiantes en su actualizaci\u00f3n y formaci\u00f3n permanente, en bien de la Educaci\u00f3n.","sameAs":["http:\/\/webdelmaestrocmf.com\/portal","https:\/\/www.facebook.com\/WebdelMaestroCMF\/","https:\/\/www.instagram.com\/wmcmf\/","https:\/\/cl.linkedin.com\/company\/web-del-maestro-cmf","https:\/\/www.pinterest.com\/WMCMF\/publicaciones\/","https:\/\/x.com\/cmf_w","https:\/\/www.youtube.com\/@WMCMF"]}]}},"jetpack_featured_media_url":"https:\/\/webdelmaestrocmf.com\/portal\/wp-content\/uploads\/2018\/09\/1c.jpg","jetpack_sharing_enabled":true,"jetpack-related-posts":[{"id":104716,"url":"https:\/\/webdelmaestrocmf.com\/portal\/cual-es-el-rol-de-docente-mirando-al-2030\/","url_meta":{"origin":13313,"position":0},"title":"Cu\u00e1l es el rol de docente mirando al 2030","author":"Web del Maestro CMF","date":"8 marzo, 2024","format":false,"excerpt":"El rol del docente est\u00e1 en constante evoluci\u00f3n, y la d\u00e9cada de 2030 no ser\u00e1 una excepci\u00f3n. De cara a un futuro cada vez m\u00e1s digitalizado, interconectado y cambiante, la labor del profesor se vuelve a\u00fan m\u00e1s crucial. Sin embargo, su enfoque deber\u00e1 adaptarse a las nuevas necesidades y caracter\u00edsticas\u2026","rel":"","context":"En \u00abDocentes\u00bb","block_context":{"text":"Docentes","link":"https:\/\/webdelmaestrocmf.com\/portal\/category\/pedagogia\/docentes\/"},"img":{"alt_text":"","src":"https:\/\/i0.wp.com\/webdelmaestrocmf.com\/portal\/wp-content\/uploads\/2024\/03\/Banner-1-portada-imagen-10-1-1.jpg?resize=350%2C200&ssl=1","width":350,"height":200,"srcset":"https:\/\/i0.wp.com\/webdelmaestrocmf.com\/portal\/wp-content\/uploads\/2024\/03\/Banner-1-portada-imagen-10-1-1.jpg?resize=350%2C200&ssl=1 1x, https:\/\/i0.wp.com\/webdelmaestrocmf.com\/portal\/wp-content\/uploads\/2024\/03\/Banner-1-portada-imagen-10-1-1.jpg?resize=525%2C300&ssl=1 1.5x, https:\/\/i0.wp.com\/webdelmaestrocmf.com\/portal\/wp-content\/uploads\/2024\/03\/Banner-1-portada-imagen-10-1-1.jpg?resize=700%2C400&ssl=1 2x"},"classes":[]},{"id":43369,"url":"https:\/\/webdelmaestrocmf.com\/portal\/nuevas-competencias-para-ensenar\/","url_meta":{"origin":13313,"position":1},"title":"Nuevas competencias para ense\u00f1ar","author":"Web del Maestro CMF","date":"30 noviembre, 2021","format":false,"excerpt":"Han existido distintos estudios destinados a identificar y validar un perfil de competencias del docente universitario, desarrollando modelos que permiten evaluarlo. Galvis (2007) distingui\u00f3 cuatro competencias del docente universitario, las que llam\u00f3: intelectuales, inter e intrapersonales, sociales y profesionales. Las Competencias Intelectuales se vincular\u00edan al \u2018\u2019conocer\u2019\u2019, como son dominar conceptos\u2026","rel":"","context":"En \u00abDocentes\u00bb","block_context":{"text":"Docentes","link":"https:\/\/webdelmaestrocmf.com\/portal\/category\/pedagogia\/docentes\/"},"img":{"alt_text":"competencias","src":"https:\/\/i0.wp.com\/webdelmaestrocmf.com\/portal\/wp-content\/uploads\/2020\/01\/1-121.jpg?resize=350%2C200&ssl=1","width":350,"height":200,"srcset":"https:\/\/i0.wp.com\/webdelmaestrocmf.com\/portal\/wp-content\/uploads\/2020\/01\/1-121.jpg?resize=350%2C200&ssl=1 1x, https:\/\/i0.wp.com\/webdelmaestrocmf.com\/portal\/wp-content\/uploads\/2020\/01\/1-121.jpg?resize=525%2C300&ssl=1 1.5x, https:\/\/i0.wp.com\/webdelmaestrocmf.com\/portal\/wp-content\/uploads\/2020\/01\/1-121.jpg?resize=700%2C400&ssl=1 2x, https:\/\/i0.wp.com\/webdelmaestrocmf.com\/portal\/wp-content\/uploads\/2020\/01\/1-121.jpg?resize=1050%2C600&ssl=1 3x"},"classes":[]},{"id":102696,"url":"https:\/\/webdelmaestrocmf.com\/portal\/como-dar-una-clase-efectiva-consejos-para-docentes\/","url_meta":{"origin":13313,"position":2},"title":"C\u00f3mo dar una clase efectiva: consejos para docentes","author":"Web del Maestro CMF","date":"19 junio, 2025","format":false,"excerpt":"Planear y dar una clase efectiva no es una tarea sencilla; implica considerar numerosos aspectos que van desde las caracter\u00edsticas de los alumnos hasta el contexto y los recursos disponibles. Ya seas un experimentado docente o te est\u00e9s iniciando en esta noble profesi\u00f3n, siempre surgir\u00e1n dudas acerca de c\u00f3mo abordar\u2026","rel":"","context":"En \u00abClases\u00bb","block_context":{"text":"Clases","link":"https:\/\/webdelmaestrocmf.com\/portal\/category\/pedagogia\/clases\/"},"img":{"alt_text":"clase efectiva","src":"https:\/\/i0.wp.com\/webdelmaestrocmf.com\/portal\/wp-content\/uploads\/2024\/01\/Banner-1-portada-imagen-10-8.jpg?resize=350%2C200&ssl=1","width":350,"height":200,"srcset":"https:\/\/i0.wp.com\/webdelmaestrocmf.com\/portal\/wp-content\/uploads\/2024\/01\/Banner-1-portada-imagen-10-8.jpg?resize=350%2C200&ssl=1 1x, https:\/\/i0.wp.com\/webdelmaestrocmf.com\/portal\/wp-content\/uploads\/2024\/01\/Banner-1-portada-imagen-10-8.jpg?resize=525%2C300&ssl=1 1.5x, https:\/\/i0.wp.com\/webdelmaestrocmf.com\/portal\/wp-content\/uploads\/2024\/01\/Banner-1-portada-imagen-10-8.jpg?resize=700%2C400&ssl=1 2x"},"classes":[]},{"id":69980,"url":"https:\/\/webdelmaestrocmf.com\/portal\/comparativa-entre-aprendizaje-basado-en-proyectos-aprendizaje-basado-en-problemas-y-aprendizaje-basado-en-reto\/","url_meta":{"origin":13313,"position":3},"title":"Diferencias entre Aprendizaje Basado en Proyectos, Problemas y Retos","author":"Web del Maestro CMF","date":"15 enero, 2024","format":false,"excerpt":"\u00bfProyecto, Problema o Reto? As\u00ed se diferencian estas metodolog\u00edas activas","rel":"","context":"En \u00abAprendizaje basado en problemas\u00bb","block_context":{"text":"Aprendizaje basado en problemas","link":"https:\/\/webdelmaestrocmf.com\/portal\/category\/pedagogia\/aprendizaje-basado-en-problemas\/"},"img":{"alt_text":"Diferencias","src":"https:\/\/i0.wp.com\/webdelmaestrocmf.com\/portal\/wp-content\/uploads\/2023\/12\/Banner-1-portada-imagen-10-10.jpg?resize=350%2C200&ssl=1","width":350,"height":200,"srcset":"https:\/\/i0.wp.com\/webdelmaestrocmf.com\/portal\/wp-content\/uploads\/2023\/12\/Banner-1-portada-imagen-10-10.jpg?resize=350%2C200&ssl=1 1x, https:\/\/i0.wp.com\/webdelmaestrocmf.com\/portal\/wp-content\/uploads\/2023\/12\/Banner-1-portada-imagen-10-10.jpg?resize=525%2C300&ssl=1 1.5x, https:\/\/i0.wp.com\/webdelmaestrocmf.com\/portal\/wp-content\/uploads\/2023\/12\/Banner-1-portada-imagen-10-10.jpg?resize=700%2C400&ssl=1 2x"},"classes":[]},{"id":102995,"url":"https:\/\/webdelmaestrocmf.com\/portal\/libro-un-aula-un-proyecto-el-abp-y-la-nueva-educacion\/","url_meta":{"origin":13313,"position":4},"title":"Libro: Un aula, un proyecto | El ABP y la nueva educaci\u00f3n","author":"Web del Maestro CMF","date":"28 febrero, 2026","format":false,"excerpt":"El libro Un aula, un proyecto: El ABP y la nueva educaci\u00f3n, de Juan Jos\u00e9 Vergara, presenta el aprendizaje basado en proyectos como una metodolog\u00eda centrada en el estudiante que promueve el aprendizaje activo, colaborativo y orientado a la resoluci\u00f3n de problemas reales.","rel":"","context":"En \u00abLibros\u00bb","block_context":{"text":"Libros","link":"https:\/\/webdelmaestrocmf.com\/portal\/category\/pedagogia\/libros\/"},"img":{"alt_text":"Los alumnos hablan del ABP: esto es lo que m\u00e1s les gusta","src":"https:\/\/i0.wp.com\/webdelmaestrocmf.com\/portal\/wp-content\/uploads\/2024\/01\/Banner-1-portada-imagen-10-24.jpg?resize=350%2C200&ssl=1","width":350,"height":200,"srcset":"https:\/\/i0.wp.com\/webdelmaestrocmf.com\/portal\/wp-content\/uploads\/2024\/01\/Banner-1-portada-imagen-10-24.jpg?resize=350%2C200&ssl=1 1x, https:\/\/i0.wp.com\/webdelmaestrocmf.com\/portal\/wp-content\/uploads\/2024\/01\/Banner-1-portada-imagen-10-24.jpg?resize=525%2C300&ssl=1 1.5x, https:\/\/i0.wp.com\/webdelmaestrocmf.com\/portal\/wp-content\/uploads\/2024\/01\/Banner-1-portada-imagen-10-24.jpg?resize=700%2C400&ssl=1 2x"},"classes":[]},{"id":107732,"url":"https:\/\/webdelmaestrocmf.com\/portal\/los-10-mandamientos-para-usar-la-ia-en-la-escuela\/","url_meta":{"origin":13313,"position":5},"title":"Los 10 mandamientos para usar la IA en la escuela","author":"Web del Maestro CMF","date":"27 enero, 2025","format":false,"excerpt":"En tiempos de inteligencia artificial, el profesor Gustavo Coronel, educador y consultor en Inteligencia Artificial, ha propuesto una gu\u00eda fundamental para integrar esta tecnolog\u00eda en la educaci\u00f3n sin perder de vista nuestra misi\u00f3n como docentes. Estos \"10 mandamientos\" no solo orientan el uso responsable de la IA, sino que tambi\u00e9n\u2026","rel":"","context":"En \u00abIA\u00bb","block_context":{"text":"IA","link":"https:\/\/webdelmaestrocmf.com\/portal\/category\/tecnologia\/ia\/"},"img":{"alt_text":"","src":"https:\/\/i0.wp.com\/webdelmaestrocmf.com\/portal\/wp-content\/uploads\/2025\/01\/1A-Banner-1-portada-imagen-10-1-43.jpg?resize=350%2C200&ssl=1","width":350,"height":200,"srcset":"https:\/\/i0.wp.com\/webdelmaestrocmf.com\/portal\/wp-content\/uploads\/2025\/01\/1A-Banner-1-portada-imagen-10-1-43.jpg?resize=350%2C200&ssl=1 1x, https:\/\/i0.wp.com\/webdelmaestrocmf.com\/portal\/wp-content\/uploads\/2025\/01\/1A-Banner-1-portada-imagen-10-1-43.jpg?resize=525%2C300&ssl=1 1.5x, https:\/\/i0.wp.com\/webdelmaestrocmf.com\/portal\/wp-content\/uploads\/2025\/01\/1A-Banner-1-portada-imagen-10-1-43.jpg?resize=700%2C400&ssl=1 2x"},"classes":[]}],"_links":{"self":[{"href":"https:\/\/webdelmaestrocmf.com\/portal\/wp-json\/wp\/v2\/posts\/13313","targetHints":{"allow":["GET"]}}],"collection":[{"href":"https:\/\/webdelmaestrocmf.com\/portal\/wp-json\/wp\/v2\/posts"}],"about":[{"href":"https:\/\/webdelmaestrocmf.com\/portal\/wp-json\/wp\/v2\/types\/post"}],"author":[{"embeddable":true,"href":"https:\/\/webdelmaestrocmf.com\/portal\/wp-json\/wp\/v2\/users\/1"}],"replies":[{"embeddable":true,"href":"https:\/\/webdelmaestrocmf.com\/portal\/wp-json\/wp\/v2\/comments?post=13313"}],"version-history":[{"count":0,"href":"https:\/\/webdelmaestrocmf.com\/portal\/wp-json\/wp\/v2\/posts\/13313\/revisions"}],"wp:featuredmedia":[{"embeddable":true,"href":"https:\/\/webdelmaestrocmf.com\/portal\/wp-json\/wp\/v2\/media\/45253"}],"wp:attachment":[{"href":"https:\/\/webdelmaestrocmf.com\/portal\/wp-json\/wp\/v2\/media?parent=13313"}],"wp:term":[{"taxonomy":"category","embeddable":true,"href":"https:\/\/webdelmaestrocmf.com\/portal\/wp-json\/wp\/v2\/categories?post=13313"},{"taxonomy":"post_tag","embeddable":true,"href":"https:\/\/webdelmaestrocmf.com\/portal\/wp-json\/wp\/v2\/tags?post=13313"}],"curies":[{"name":"wp","href":"https:\/\/api.w.org\/{rel}","templated":true}]}}